{"id":13109,"date":"2021-04-27T09:30:00","date_gmt":"2021-04-27T08:30:00","guid":{"rendered":"http:\/\/15.188.81.248\/2020\/04\/17\/10-fotos-para-enamorarse-de-potes\/"},"modified":"2025-08-12T10:00:50","modified_gmt":"2025-08-12T08:00:50","slug":"fotos-para-enamorarse-de-potes","status":"publish","type":"post","link":"https:\/\/www.escapadarural.com\/blog\/fotos-para-enamorarse-de-potes\/","title":{"rendered":"10 fotos para enamorarse de Potes"},"content":{"rendered":"\n<figure class=\"wp-block-image size-large\"><a href=\"https:\/\/www.escapadarural.com\/blog\/wp-content\/uploads\/2020\/05\/potes5.jpg\"><img decoding=\"async\" src=\"https:\/\/www.escapadarural.com\/blog\/wp-content\/uploads\/2020\/05\/potes5.jpg\" alt=\"Potes\" class=\"wp-image-17418\"\/><\/a><figcaption class=\"wp-element-caption\">Por lunamarina<\/figcaption><\/figure>\n\n\n\n<p><a rel=\"noreferrer noopener\" href=\"https:\/\/www.escapadarural.com\/casas-rurales\/potes\" target=\"_blank\" class=\"rank-math-link\">Potes<\/a>&nbsp;es un peque\u00f1o pueblo situado&nbsp;<strong>a los pies de los Picos de Europa<\/strong>, en Cantabria. Gracias a su excepcional emplazamiento: en la confluencia de cuatro valles de&nbsp;<a href=\"https:\/\/www.escapadarural.com\/casas-rurales\/liebana\" target=\"_blank\" aria-label=\" (opens in a new tab)\" rel=\"noreferrer noopener\" class=\"rank-math-link\">Li\u00e9bana<\/a>&nbsp;y entre dos r\u00edos, el Deva y Quiviesa, el pueblo parece estar abrazado entre monta\u00f1as.<\/p>\n\n\n\n<p>El pueblo sufri\u00f3 numerosas&nbsp;<strong>luchas medievales<\/strong>&nbsp;entre las familias Mendoza y los Manrique. No obstante, ha podido conservar su arquitectura de la \u00e9poca, compuesta de casas de piedra y un laberinto de callejuelas. Edificaciones que se entremezclan con las casonas de aquellos habitantes que hicieron grandes fortunas en las Am\u00e9ricas.<\/p>\n\n\n\n<p>Potes es conocida como la&nbsp;<strong>villa de los puentes y de las torres<\/strong>. Entre los puentes est\u00e1n el de San Cayetano, el de la C\u00e1rcel y el Puente nuevo. En cuanto a las torres, destacan la de Orej\u00f3n de la Lama y la del Infantado, del siglo XV. Esta \u00faltima fue levantada por los Mendoza, que convirtieron Potes en la capital del Li\u00e9bana.<\/p>\n\n\n\n<p>Durante la guerra civil, el pueblo sufri\u00f3 graves da\u00f1os, por lo que tuvo que ser reconstruido. Desde 1983, el casco hist\u00f3rico de Potes est\u00e1 declarado&nbsp;<strong>Bien de Inter\u00e9s Cultural<\/strong>.<\/p>\n\n\n\n<p>Adem\u00e1s de pasear por el pueblo, en un viaje a Potes no hay que perderse una excursi\u00f3n al desfiladero de la Hermida. Una pared de roca vertical de m\u00e1s de 20 kil\u00f3metros. Desde all\u00ed podemos acercarnos hasta la iglesia de <a href=\"https:\/\/es.wikipedia.org\/wiki\/Iglesia_de_Santa_Mar%C3%ADa_(Lebe%C3%B1a)\" class=\"rank-math-link\" target=\"_blank\">Santa Mar\u00eda de Lebe\u00f1a<\/a> y al balneario de la Hermida. Justo debajo del puente hay varias pozas donde el agua est\u00e1 a unos 60 grados. Los alrededores, adem\u00e1s cuentan con un mont\u00f3n de rutas de senderismo.<\/p>\n\n\n\n<p>La visita estrella de la zona es&nbsp;<strong>Fuente D\u00e9<\/strong>, donde est\u00e1 el popular telef\u00e9rico que nos elevar\u00e1 a m\u00e1s de 1.800 metros de altura en los&nbsp;<a href=\"https:\/\/www.escapadarural.com\/casas-rurales\/picos-de-europa\" rel=\"noreferrer noopener\" target=\"_blank\">Picos de Europa<\/a>. Las vistas son espectaculares.<\/p>\n\n\n\n<p>Aqu\u00ed os dejamos&nbsp;<strong>10 fotos de Potes<\/strong>&nbsp;con las que enamorarse de este pueblo c\u00e1ntabro.<\/p>\n\n\n\n<figure class=\"wp-block-image size-large\"><a href=\"https:\/\/www.escapadarural.com\/blog\/wp-content\/uploads\/2020\/05\/potes8.jpg\"><img loading=\"lazy\" decoding=\"async\" width=\"1024\" height=\"576\" src=\"https:\/\/www.escapadarural.com\/blog\/wp-content\/uploads\/2020\/05\/potes8.jpg\" alt=\"Potes\" class=\"wp-image-17417\" srcset=\"https:\/\/www.escapadarural.com\/blog\/wp-content\/uploads\/2020\/05\/potes8-200x113.jpg 200w, https:\/\/www.escapadarural.com\/blog\/wp-content\/uploads\/2020\/05\/potes8-300x169.jpg 300w, https:\/\/www.escapadarural.com\/blog\/wp-content\/uploads\/2020\/05\/potes8-400x225.jpg 400w, https:\/\/www.escapadarural.com\/blog\/wp-content\/uploads\/2020\/05\/potes8-600x338.jpg 600w, https:\/\/www.escapadarural.com\/blog\/wp-content\/uploads\/2020\/05\/potes8-768x432.jpg 768w, https:\/\/www.escapadarural.com\/blog\/wp-content\/uploads\/2020\/05\/potes8-800x450.jpg 800w, https:\/\/www.escapadarural.com\/blog\/wp-content\/uploads\/2020\/05\/potes8.jpg 1024w\" sizes=\"auto, (max-width: 1024px) 100vw, 1024px\" \/><\/a><figcaption class=\"wp-element-caption\">Por Anibal Trejo<\/figcaption><\/figure>\n\n\n\n<figure class=\"wp-block-image size-large\"><a href=\"https:\/\/www.escapadarural.com\/blog\/wp-content\/uploads\/2020\/05\/potes3.jpg\"><img decoding=\"async\" src=\"https:\/\/www.escapadarural.com\/blog\/wp-content\/uploads\/2020\/05\/potes3.jpg\" alt=\"Potes\" class=\"wp-image-17416\"\/><\/a><figcaption class=\"wp-element-caption\">Por adamzoltan<\/figcaption><\/figure>\n\n\n<div class=\"wp-block-image\">\n<figure class=\"aligncenter size-large\"><a href=\"https:\/\/www.escapadarural.com\/blog\/wp-content\/uploads\/2020\/05\/Potes-21-768x554-1.jpg\"><img decoding=\"async\" src=\"https:\/\/www.escapadarural.com\/blog\/wp-content\/uploads\/2020\/05\/Potes-21-768x554-1.jpg\" alt=\"Potes\" class=\"wp-image-17415\"\/><\/a><figcaption class=\"wp-element-caption\">Potes Por Nella<\/figcaption><\/figure>\n<\/div>\n\n\n<figure class=\"wp-block-image size-large\"><a href=\"https:\/\/www.escapadarural.com\/blog\/wp-content\/uploads\/2020\/05\/potes4.jpg\"><img decoding=\"async\" src=\"https:\/\/www.escapadarural.com\/blog\/wp-content\/uploads\/2020\/05\/potes4.jpg\" alt=\"Potes\" class=\"wp-image-17414\"\/><\/a><figcaption class=\"wp-element-caption\">Por Maria Vazquez<\/figcaption><\/figure>\n\n\n\n<figure class=\"wp-block-image size-large\"><a href=\"https:\/\/www.escapadarural.com\/blog\/wp-content\/uploads\/2020\/09\/san-miguel-hermitage-near-potes-cantabria-spain-stockpack-adobe-stock-scaled.jpg\"><img decoding=\"async\" src=\"https:\/\/www.escapadarural.com\/blog\/wp-content\/uploads\/2020\/09\/san-miguel-hermitage-near-potes-cantabria-spain-stockpack-adobe-stock-1024x576.jpg\" alt=\"Iglesia San Miguel en Potes, Cantabria\" class=\"wp-image-28375\"\/><\/a><figcaption class=\"wp-element-caption\">San Miguel. Por Anibal Trejo<\/figcaption><\/figure>\n\n\n\n<figure class=\"wp-block-image size-large\"><a href=\"https:\/\/www.escapadarural.com\/blog\/wp-content\/uploads\/2020\/05\/potes2.jpg\"><img decoding=\"async\" src=\"https:\/\/www.escapadarural.com\/blog\/wp-content\/uploads\/2020\/05\/potes2.jpg\" alt=\"Potes\" class=\"wp-image-17412\"\/><\/a><figcaption class=\"wp-element-caption\">Por jon_chica<\/figcaption><\/figure>\n\n\n\n<figure class=\"wp-block-image size-large\"><a href=\"https:\/\/www.escapadarural.com\/blog\/wp-content\/uploads\/2020\/05\/potes7.jpg\"><img decoding=\"async\" src=\"https:\/\/www.escapadarural.com\/blog\/wp-content\/uploads\/2020\/05\/potes7.jpg\" alt=\"Potes\" class=\"wp-image-17411\"\/><\/a><figcaption class=\"wp-element-caption\">Por lunamarina<\/figcaption><\/figure>\n\n\n\n<figure class=\"wp-block-image size-large\"><a href=\"https:\/\/www.escapadarural.com\/blog\/wp-content\/uploads\/2020\/05\/potes9.jpg\"><img decoding=\"async\" src=\"https:\/\/www.escapadarural.com\/blog\/wp-content\/uploads\/2020\/05\/potes9.jpg\" alt=\"Potes\" class=\"wp-image-17410\"\/><\/a><figcaption class=\"wp-element-caption\">Por Anibal Trejo<\/figcaption><\/figure>\n\n\n<div class=\"wp-block-image\">\n<figure class=\"aligncenter size-large\"><a href=\"https:\/\/www.escapadarural.com\/blog\/wp-content\/uploads\/2020\/09\/fuente-de-clable-railway-picos-de-europa-cantabria-spain-stockpack-adobe-stock-scaled.jpg\"><img decoding=\"async\" src=\"https:\/\/www.escapadarural.com\/blog\/wp-content\/uploads\/2020\/09\/fuente-de-clable-railway-picos-de-europa-cantabria-spain-stockpack-adobe-stock-683x1024.jpg\" alt=\"Fuente D\u00e9 clable railway. Picos de Europa, Cantabria, Spain\" class=\"wp-image-28377\"\/><\/a><figcaption class=\"wp-element-caption\">Telef\u00e9rico de Fuente D\u00e9. Por Jose Ignacio Soto<\/figcaption><\/figure>\n<\/div>\n\n\n<div class=\"wp-block-buttons is-layout-flex wp-block-buttons-is-layout-flex\">\n<div class=\"wp-block-button\"><a class=\"wp-block-button__link wp-element-button\" href=\"https:\/\/www.escapadarural.com\/casas-rurales\/potes\">Casas rurales en Potes<\/a><\/div>\n<\/div>\n\n\n\n<div class=\"wp-block-buttons is-layout-flex wp-block-buttons-is-layout-flex\">\n<div class=\"wp-block-button\"><a class=\"wp-block-button__link wp-element-button\" href=\"https:\/\/www.escapadarural.com\/blog\/tag\/picos-de-europa\/\">Qu\u00e9 ver en los Picos de Europa<\/a><\/div>\n<\/div>\n","protected":false},"excerpt":{"rendered":"<p>Potes es un peque\u00f1o pueblo situado a los pies de los Picos de Europa. Gracias a su excepcional emplazamiento: en la confluencia de cuatro valles de Li\u00e9bana y entre dos r\u00edos, el Deva y Quiviesa, el pueblo parece estar abrazado entre monta\u00f1as. Rodeado de verde.<\/p>\n","protected":false},"author":89,"featured_media":101886,"comment_status":"open","ping_status":"closed","sticky":false,"template":"","format":"standard","meta":{"_acf_changed":false,"om_disable_all_campaigns":false,"footnotes":""},"categories":[191],"tags":[224,1484,1598,215,672,212,1001],"class_list":["post-13109","post","type-post","status-publish","format-standard","has-post-thumbnail","hentry","category-destinos","tag-que-ver-en-cantabria","tag-fotos","tag-liebana","tag-listado","tag-potes","tag-pueblos","tag-picos-de-europa"],"acf":[],"featured_image_src":"https:\/\/www.escapadarural.com\/blog\/wp-content\/uploads\/2024\/10\/potes5-2.jpg","author_info":{"display_name":"Laura Fern\u00e1ndez","author_link":"https:\/\/www.escapadarural.com\/blog\/autor\/laura\/"},"yoast_head":"<!-- This site is optimized with the Yoast SEO plugin v27.5 - https:\/\/yoast.com\/product\/yoast-seo-wordpress\/ -->\n<title>10 fotos para enamorarse de Potes - EscapadaRural<\/title>\n<meta name=\"robots\" content=\"index, follow, max-snippet:-1, max-image-preview:large, max-video-preview:-1\" \/>\n<link rel=\"canonical\" href=\"https:\/\/www.escapadarural.com\/blog\/fotos-para-enamorarse-de-potes\/\" \/>\n<meta property=\"og:locale\" content=\"es_ES\" \/>\n<meta property=\"og:type\" content=\"article\" \/>\n<meta property=\"og:title\" content=\"10 fotos para enamorarse de Potes - EscapadaRural\" \/>\n<meta property=\"og:description\" content=\"Potes es un peque\u00f1o pueblo situado a los pies de los Picos de Europa. Gracias a su excepcional emplazamiento: en la confluencia de cuatro valles de Li\u00e9bana y entre dos r\u00edos, el Deva y Quiviesa, el pueblo parece estar abrazado entre monta\u00f1as. Rodeado de verde.\" \/>\n<meta property=\"og:url\" content=\"https:\/\/www.escapadarural.com\/blog\/fotos-para-enamorarse-de-potes\/\" \/>\n<meta property=\"og:site_name\" content=\"Magazine de viajes de EscapadaRural\" \/>\n<meta property=\"article:publisher\" content=\"https:\/\/www.facebook.com\/escapadarural\" \/>\n<meta property=\"article:published_time\" content=\"2021-04-27T08:30:00+00:00\" \/>\n<meta property=\"article:modified_time\" content=\"2025-08-12T08:00:50+00:00\" \/>\n<meta property=\"og:image\" content=\"https:\/\/www.escapadarural.com\/blog\/wp-content\/uploads\/2024\/10\/potes5-2.jpg?v=1754985652\" \/>\n\t<meta property=\"og:image:width\" content=\"1024\" \/>\n\t<meta property=\"og:image:height\" content=\"683\" \/>\n\t<meta property=\"og:image:type\" content=\"image\/jpeg\" \/>\n<meta name=\"author\" content=\"Laura Fern\u00e1ndez\" \/>\n<meta name=\"twitter:card\" content=\"summary_large_image\" \/>\n<meta name=\"twitter:label1\" content=\"Escrito por\" \/>\n\t<meta name=\"twitter:data1\" content=\"Laura Fern\u00e1ndez\" \/>\n\t<meta name=\"twitter:label2\" content=\"Tiempo de lectura\" \/>\n\t<meta name=\"twitter:data2\" content=\"2 minutos\" \/>\n<script type=\"application\/ld+json\" class=\"yoast-schema-graph\">{\"@context\":\"https:\\\/\\\/schema.org\",\"@graph\":[{\"@type\":\"Article\",\"@id\":\"https:\\\/\\\/www.escapadarural.com\\\/blog\\\/fotos-para-enamorarse-de-potes\\\/#article\",\"isPartOf\":{\"@id\":\"https:\\\/\\\/www.escapadarural.com\\\/blog\\\/fotos-para-enamorarse-de-potes\\\/\"},\"author\":{\"name\":\"Laura Fern\u00e1ndez\",\"@id\":\"https:\\\/\\\/www.escapadarural.com\\\/blog\\\/#\\\/schema\\\/person\\\/a9b46ae4d047d8a2c719f31e75206cff\"},\"headline\":\"10 fotos para enamorarse de Potes\",\"datePublished\":\"2021-04-27T08:30:00+00:00\",\"dateModified\":\"2025-08-12T08:00:50+00:00\",\"mainEntityOfPage\":{\"@id\":\"https:\\\/\\\/www.escapadarural.com\\\/blog\\\/fotos-para-enamorarse-de-potes\\\/\"},\"wordCount\":391,\"commentCount\":1,\"publisher\":{\"@id\":\"https:\\\/\\\/www.escapadarural.com\\\/blog\\\/#organization\"},\"image\":{\"@id\":\"https:\\\/\\\/www.escapadarural.com\\\/blog\\\/fotos-para-enamorarse-de-potes\\\/#primaryimage\"},\"thumbnailUrl\":\"https:\\\/\\\/www.escapadarural.com\\\/blog\\\/wp-content\\\/uploads\\\/2024\\\/10\\\/potes5-2.jpg\",\"keywords\":[\"Cantabria\",\"Fotos\",\"Li\u00e9bana\",\"Listado\",\"Potes\",\"pueblos\",\"Qu\u00e9 ver en los Picos de Europa\"],\"articleSection\":[\"Destinos\"],\"inLanguage\":\"es\",\"potentialAction\":[{\"@type\":\"CommentAction\",\"name\":\"Comment\",\"target\":[\"https:\\\/\\\/www.escapadarural.com\\\/blog\\\/fotos-para-enamorarse-de-potes\\\/#respond\"]}]},{\"@type\":\"WebPage\",\"@id\":\"https:\\\/\\\/www.escapadarural.com\\\/blog\\\/fotos-para-enamorarse-de-potes\\\/\",\"url\":\"https:\\\/\\\/www.escapadarural.com\\\/blog\\\/fotos-para-enamorarse-de-potes\\\/\",\"name\":\"10 fotos para enamorarse de Potes - EscapadaRural\",\"isPartOf\":{\"@id\":\"https:\\\/\\\/www.escapadarural.com\\\/blog\\\/#website\"},\"primaryImageOfPage\":{\"@id\":\"https:\\\/\\\/www.escapadarural.com\\\/blog\\\/fotos-para-enamorarse-de-potes\\\/#primaryimage\"},\"image\":{\"@id\":\"https:\\\/\\\/www.escapadarural.com\\\/blog\\\/fotos-para-enamorarse-de-potes\\\/#primaryimage\"},\"thumbnailUrl\":\"https:\\\/\\\/www.escapadarural.com\\\/blog\\\/wp-content\\\/uploads\\\/2024\\\/10\\\/potes5-2.jpg\",\"datePublished\":\"2021-04-27T08:30:00+00:00\",\"dateModified\":\"2025-08-12T08:00:50+00:00\",\"breadcrumb\":{\"@id\":\"https:\\\/\\\/www.escapadarural.com\\\/blog\\\/fotos-para-enamorarse-de-potes\\\/#breadcrumb\"},\"inLanguage\":\"es\",\"potentialAction\":[{\"@type\":\"ReadAction\",\"target\":[\"https:\\\/\\\/www.escapadarural.com\\\/blog\\\/fotos-para-enamorarse-de-potes\\\/\"]}]},{\"@type\":\"ImageObject\",\"inLanguage\":\"es\",\"@id\":\"https:\\\/\\\/www.escapadarural.com\\\/blog\\\/fotos-para-enamorarse-de-potes\\\/#primaryimage\",\"url\":\"https:\\\/\\\/www.escapadarural.com\\\/blog\\\/wp-content\\\/uploads\\\/2024\\\/10\\\/potes5-2.jpg\",\"contentUrl\":\"https:\\\/\\\/www.escapadarural.com\\\/blog\\\/wp-content\\\/uploads\\\/2024\\\/10\\\/potes5-2.jpg\",\"width\":1024,\"height\":683,\"caption\":\"Potes, en Cantabria. Por lunamarina\"},{\"@type\":\"BreadcrumbList\",\"@id\":\"https:\\\/\\\/www.escapadarural.com\\\/blog\\\/fotos-para-enamorarse-de-potes\\\/#breadcrumb\",\"itemListElement\":[{\"@type\":\"ListItem\",\"position\":1,\"name\":\"Inicio\",\"item\":\"https:\\\/\\\/www.escapadarural.com\\\/blog\\\/\"},{\"@type\":\"ListItem\",\"position\":2,\"name\":\"Destinos\",\"item\":\"https:\\\/\\\/www.escapadarural.com\\\/blog\\\/categoria\\\/destinos\\\/\"},{\"@type\":\"ListItem\",\"position\":3,\"name\":\"10 fotos para enamorarse de Potes\"}]},{\"@type\":\"WebSite\",\"@id\":\"https:\\\/\\\/www.escapadarural.com\\\/blog\\\/#website\",\"url\":\"https:\\\/\\\/www.escapadarural.com\\\/blog\\\/\",\"name\":\"Blog de viajes | turismo rural, alojamientos e inspiraci\u00f3n\",\"description\":\"Alojamientos rurales e inspiraci\u00f3n para tus escapadas\",\"publisher\":{\"@id\":\"https:\\\/\\\/www.escapadarural.com\\\/blog\\\/#organization\"},\"alternateName\":\"Magazine de viajes de EscapadaRural\",\"potentialAction\":[{\"@type\":\"SearchAction\",\"target\":{\"@type\":\"EntryPoint\",\"urlTemplate\":\"https:\\\/\\\/www.escapadarural.com\\\/blog\\\/?s={search_term_string}\"},\"query-input\":{\"@type\":\"PropertyValueSpecification\",\"valueRequired\":true,\"valueName\":\"search_term_string\"}}],\"inLanguage\":\"es\"},{\"@type\":\"Organization\",\"@id\":\"https:\\\/\\\/www.escapadarural.com\\\/blog\\\/#organization\",\"name\":\"EscapadaRural\",\"url\":\"https:\\\/\\\/www.escapadarural.com\\\/blog\\\/\",\"logo\":{\"@type\":\"ImageObject\",\"inLanguage\":\"es\",\"@id\":\"https:\\\/\\\/www.escapadarural.com\\\/blog\\\/#\\\/schema\\\/logo\\\/image\\\/\",\"url\":\"https:\\\/\\\/www.escapadarural.com\\\/blog\\\/wp-content\\\/uploads\\\/2024\\\/10\\\/cropped-cropped-escapada-rural-icon-mag-3.png\",\"contentUrl\":\"https:\\\/\\\/www.escapadarural.com\\\/blog\\\/wp-content\\\/uploads\\\/2024\\\/10\\\/cropped-cropped-escapada-rural-icon-mag-3.png\",\"width\":512,\"height\":512,\"caption\":\"EscapadaRural\"},\"image\":{\"@id\":\"https:\\\/\\\/www.escapadarural.com\\\/blog\\\/#\\\/schema\\\/logo\\\/image\\\/\"},\"sameAs\":[\"https:\\\/\\\/www.facebook.com\\\/escapadarural\",\"https:\\\/\\\/www.instagram.com\\\/escapadarural\\\/\",\"https:\\\/\\\/www.youtube.com\\\/@escapadaruralcom\"]},{\"@type\":\"Person\",\"@id\":\"https:\\\/\\\/www.escapadarural.com\\\/blog\\\/#\\\/schema\\\/person\\\/a9b46ae4d047d8a2c719f31e75206cff\",\"name\":\"Laura Fern\u00e1ndez\",\"image\":{\"@type\":\"ImageObject\",\"inLanguage\":\"es\",\"@id\":\"https:\\\/\\\/www.escapadarural.com\\\/blog\\\/wp-content\\\/uploads\\\/2025\\\/01\\\/cropped-laura_raponchii-96x96.jpg\",\"url\":\"https:\\\/\\\/www.escapadarural.com\\\/blog\\\/wp-content\\\/uploads\\\/2025\\\/01\\\/cropped-laura_raponchii-96x96.jpg\",\"contentUrl\":\"https:\\\/\\\/www.escapadarural.com\\\/blog\\\/wp-content\\\/uploads\\\/2025\\\/01\\\/cropped-laura_raponchii-96x96.jpg\",\"caption\":\"Laura Fern\u00e1ndez\"},\"description\":\"Periodista, blogger y viajera. No necesariamente en ese orden. En ocasiones me despierto sin saber d\u00f3nde estoy. Adicta a los c\u00f3mics y a los noodles con salsa de cacahuete. Redactora en @escapadarural, colaboradora en la Conde Nast Traveler y en la Divinity. Mi casa: Meridiano180.\",\"sameAs\":[\"http:\\\/\\\/www.meridiano180.com\\\/\"],\"url\":\"https:\\\/\\\/www.escapadarural.com\\\/blog\\\/autor\\\/laura\\\/\"}]}<\/script>\n<!-- \/ Yoast SEO plugin. -->","yoast_head_json":{"title":"10 fotos para enamorarse de Potes - EscapadaRural","robots":{"index":"index","follow":"follow","max-snippet":"max-snippet:-1","max-image-preview":"max-image-preview:large","max-video-preview":"max-video-preview:-1"},"canonical":"https:\/\/www.escapadarural.com\/blog\/fotos-para-enamorarse-de-potes\/","og_locale":"es_ES","og_type":"article","og_title":"10 fotos para enamorarse de Potes - EscapadaRural","og_description":"Potes es un peque\u00f1o pueblo situado a los pies de los Picos de Europa. Gracias a su excepcional emplazamiento: en la confluencia de cuatro valles de Li\u00e9bana y entre dos r\u00edos, el Deva y Quiviesa, el pueblo parece estar abrazado entre monta\u00f1as. Rodeado de verde.","og_url":"https:\/\/www.escapadarural.com\/blog\/fotos-para-enamorarse-de-potes\/","og_site_name":"Magazine de viajes de EscapadaRural","article_publisher":"https:\/\/www.facebook.com\/escapadarural","article_published_time":"2021-04-27T08:30:00+00:00","article_modified_time":"2025-08-12T08:00:50+00:00","og_image":[{"width":1024,"height":683,"url":"https:\/\/www.escapadarural.com\/blog\/wp-content\/uploads\/2024\/10\/potes5-2.jpg?v=1754985652","type":"image\/jpeg"}],"author":"Laura Fern\u00e1ndez","twitter_card":"summary_large_image","twitter_misc":{"Escrito por":"Laura Fern\u00e1ndez","Tiempo de lectura":"2 minutos"},"schema":{"@context":"https:\/\/schema.org","@graph":[{"@type":"Article","@id":"https:\/\/www.escapadarural.com\/blog\/fotos-para-enamorarse-de-potes\/#article","isPartOf":{"@id":"https:\/\/www.escapadarural.com\/blog\/fotos-para-enamorarse-de-potes\/"},"author":{"name":"Laura Fern\u00e1ndez","@id":"https:\/\/www.escapadarural.com\/blog\/#\/schema\/person\/a9b46ae4d047d8a2c719f31e75206cff"},"headline":"10 fotos para enamorarse de Potes","datePublished":"2021-04-27T08:30:00+00:00","dateModified":"2025-08-12T08:00:50+00:00","mainEntityOfPage":{"@id":"https:\/\/www.escapadarural.com\/blog\/fotos-para-enamorarse-de-potes\/"},"wordCount":391,"commentCount":1,"publisher":{"@id":"https:\/\/www.escapadarural.com\/blog\/#organization"},"image":{"@id":"https:\/\/www.escapadarural.com\/blog\/fotos-para-enamorarse-de-potes\/#primaryimage"},"thumbnailUrl":"https:\/\/www.escapadarural.com\/blog\/wp-content\/uploads\/2024\/10\/potes5-2.jpg","keywords":["Cantabria","Fotos","Li\u00e9bana","Listado","Potes","pueblos","Qu\u00e9 ver en los Picos de Europa"],"articleSection":["Destinos"],"inLanguage":"es","potentialAction":[{"@type":"CommentAction","name":"Comment","target":["https:\/\/www.escapadarural.com\/blog\/fotos-para-enamorarse-de-potes\/#respond"]}]},{"@type":"WebPage","@id":"https:\/\/www.escapadarural.com\/blog\/fotos-para-enamorarse-de-potes\/","url":"https:\/\/www.escapadarural.com\/blog\/fotos-para-enamorarse-de-potes\/","name":"10 fotos para enamorarse de Potes - EscapadaRural","isPartOf":{"@id":"https:\/\/www.escapadarural.com\/blog\/#website"},"primaryImageOfPage":{"@id":"https:\/\/www.escapadarural.com\/blog\/fotos-para-enamorarse-de-potes\/#primaryimage"},"image":{"@id":"https:\/\/www.escapadarural.com\/blog\/fotos-para-enamorarse-de-potes\/#primaryimage"},"thumbnailUrl":"https:\/\/www.escapadarural.com\/blog\/wp-content\/uploads\/2024\/10\/potes5-2.jpg","datePublished":"2021-04-27T08:30:00+00:00","dateModified":"2025-08-12T08:00:50+00:00","breadcrumb":{"@id":"https:\/\/www.escapadarural.com\/blog\/fotos-para-enamorarse-de-potes\/#breadcrumb"},"inLanguage":"es","potentialAction":[{"@type":"ReadAction","target":["https:\/\/www.escapadarural.com\/blog\/fotos-para-enamorarse-de-potes\/"]}]},{"@type":"ImageObject","inLanguage":"es","@id":"https:\/\/www.escapadarural.com\/blog\/fotos-para-enamorarse-de-potes\/#primaryimage","url":"https:\/\/www.escapadarural.com\/blog\/wp-content\/uploads\/2024\/10\/potes5-2.jpg","contentUrl":"https:\/\/www.escapadarural.com\/blog\/wp-content\/uploads\/2024\/10\/potes5-2.jpg","width":1024,"height":683,"caption":"Potes, en Cantabria. Por lunamarina"},{"@type":"BreadcrumbList","@id":"https:\/\/www.escapadarural.com\/blog\/fotos-para-enamorarse-de-potes\/#breadcrumb","itemListElement":[{"@type":"ListItem","position":1,"name":"Inicio","item":"https:\/\/www.escapadarural.com\/blog\/"},{"@type":"ListItem","position":2,"name":"Destinos","item":"https:\/\/www.escapadarural.com\/blog\/categoria\/destinos\/"},{"@type":"ListItem","position":3,"name":"10 fotos para enamorarse de Potes"}]},{"@type":"WebSite","@id":"https:\/\/www.escapadarural.com\/blog\/#website","url":"https:\/\/www.escapadarural.com\/blog\/","name":"Blog de viajes | turismo rural, alojamientos e inspiraci\u00f3n","description":"Alojamientos rurales e inspiraci\u00f3n para tus escapadas","publisher":{"@id":"https:\/\/www.escapadarural.com\/blog\/#organization"},"alternateName":"Magazine de viajes de EscapadaRural","potentialAction":[{"@type":"SearchAction","target":{"@type":"EntryPoint","urlTemplate":"https:\/\/www.escapadarural.com\/blog\/?s={search_term_string}"},"query-input":{"@type":"PropertyValueSpecification","valueRequired":true,"valueName":"search_term_string"}}],"inLanguage":"es"},{"@type":"Organization","@id":"https:\/\/www.escapadarural.com\/blog\/#organization","name":"EscapadaRural","url":"https:\/\/www.escapadarural.com\/blog\/","logo":{"@type":"ImageObject","inLanguage":"es","@id":"https:\/\/www.escapadarural.com\/blog\/#\/schema\/logo\/image\/","url":"https:\/\/www.escapadarural.com\/blog\/wp-content\/uploads\/2024\/10\/cropped-cropped-escapada-rural-icon-mag-3.png","contentUrl":"https:\/\/www.escapadarural.com\/blog\/wp-content\/uploads\/2024\/10\/cropped-cropped-escapada-rural-icon-mag-3.png","width":512,"height":512,"caption":"EscapadaRural"},"image":{"@id":"https:\/\/www.escapadarural.com\/blog\/#\/schema\/logo\/image\/"},"sameAs":["https:\/\/www.facebook.com\/escapadarural","https:\/\/www.instagram.com\/escapadarural\/","https:\/\/www.youtube.com\/@escapadaruralcom"]},{"@type":"Person","@id":"https:\/\/www.escapadarural.com\/blog\/#\/schema\/person\/a9b46ae4d047d8a2c719f31e75206cff","name":"Laura Fern\u00e1ndez","image":{"@type":"ImageObject","inLanguage":"es","@id":"https:\/\/www.escapadarural.com\/blog\/wp-content\/uploads\/2025\/01\/cropped-laura_raponchii-96x96.jpg","url":"https:\/\/www.escapadarural.com\/blog\/wp-content\/uploads\/2025\/01\/cropped-laura_raponchii-96x96.jpg","contentUrl":"https:\/\/www.escapadarural.com\/blog\/wp-content\/uploads\/2025\/01\/cropped-laura_raponchii-96x96.jpg","caption":"Laura Fern\u00e1ndez"},"description":"Periodista, blogger y viajera. No necesariamente en ese orden. En ocasiones me despierto sin saber d\u00f3nde estoy. Adicta a los c\u00f3mics y a los noodles con salsa de cacahuete. Redactora en @escapadarural, colaboradora en la Conde Nast Traveler y en la Divinity. Mi casa: Meridiano180.","sameAs":["http:\/\/www.meridiano180.com\/"],"url":"https:\/\/www.escapadarural.com\/blog\/autor\/laura\/"}]}},"_links":{"self":[{"href":"https:\/\/www.escapadarural.com\/blog\/wp-json\/wp\/v2\/posts\/13109","targetHints":{"allow":["GET"]}}],"collection":[{"href":"https:\/\/www.escapadarural.com\/blog\/wp-json\/wp\/v2\/posts"}],"about":[{"href":"https:\/\/www.escapadarural.com\/blog\/wp-json\/wp\/v2\/types\/post"}],"author":[{"embeddable":true,"href":"https:\/\/www.escapadarural.com\/blog\/wp-json\/wp\/v2\/users\/89"}],"replies":[{"embeddable":true,"href":"https:\/\/www.escapadarural.com\/blog\/wp-json\/wp\/v2\/comments?post=13109"}],"version-history":[{"count":0,"href":"https:\/\/www.escapadarural.com\/blog\/wp-json\/wp\/v2\/posts\/13109\/revisions"}],"wp:featuredmedia":[{"embeddable":true,"href":"https:\/\/www.escapadarural.com\/blog\/wp-json\/wp\/v2\/media\/101886"}],"wp:attachment":[{"href":"https:\/\/www.escapadarural.com\/blog\/wp-json\/wp\/v2\/media?parent=13109"}],"wp:term":[{"taxonomy":"category","embeddable":true,"href":"https:\/\/www.escapadarural.com\/blog\/wp-json\/wp\/v2\/categories?post=13109"},{"taxonomy":"post_tag","embeddable":true,"href":"https:\/\/www.escapadarural.com\/blog\/wp-json\/wp\/v2\/tags?post=13109"}],"curies":[{"name":"wp","href":"https:\/\/api.w.org\/{rel}","templated":true}]}}