{"id":13151,"date":"2020-05-26T12:10:00","date_gmt":"2020-05-26T11:10:00","guid":{"rendered":"http:\/\/15.188.81.248\/?p=13151"},"modified":"2025-08-04T11:18:43","modified_gmt":"2025-08-04T09:18:43","slug":"los-10-pueblos-finalistas-a-la-candidatura-de-capital-de-turismo-rural","status":"publish","type":"post","link":"https:\/\/www.escapadarural.com\/blog\/los-10-pueblos-finalistas-a-la-candidatura-de-capital-de-turismo-rural\/","title":{"rendered":"Los 10 pueblos finalistas a la candidatura de Capital de Turismo Rural"},"content":{"rendered":"\n<figure class=\"wp-block-image size-large\"><img decoding=\"async\" src=\"https:\/\/www.escapadarural.com\/blog\/wp-content\/uploads\/2020\/09\/potes-river-quiviesa-deva-a-cantabria-village-spain-stockpack-adobe-stock-1024x683.jpg\" alt=\"Potes river Quiviesa Deva a Cantabria village Spain\" class=\"wp-image-28376\"\/><figcaption class=\"wp-element-caption\">Potes. Por lunamarina<\/figcaption><\/figure>\n\n\n\n<p>Comienza la 4\u00ba edici\u00f3n de los premios <a href=\"https:\/\/www.escapadarural.com\/capital-turismo-rural\/2020\" target=\"_blank\" rel=\"noreferrer noopener\">Capital de Turismo Rural<\/a>. Un certamen en el que, a trav\u00e9s de las votaciones de los viajeros, un pueblo de Espa\u00f1a puede convertirse en el referente del turismo rural de nuestro pa\u00eds.<\/p>\n\n\n\n<p>Las votaciones estar\u00e1n disponibles <strong>a partir del 26 de mayo<\/strong> y se cerrar\u00e1n el pr\u00f3ximo 28 de junio. El pueblo que obtenga m\u00e1s votos ser\u00e1 el que se alce con el t\u00edtulo de Capital de Turismo Rural.<\/p>\n\n\n\n<p>En 2017, el ganador fue <a href=\"https:\/\/www.escapadarural.com\/casas-rurales\/sigueenza\" target=\"_blank\" rel=\"noreferrer noopener\">Sig\u00fcenza<\/a>, con m\u00e1s de 5.000 votos. Le siguieron los pasos <a href=\"https:\/\/www.escapadarural.com\/casas-rurales\/ainsa-sobrarbe\" target=\"_blank\" rel=\"noreferrer noopener\">A\u00ednsa-Sobrarbe<\/a>, en 2018; y <a href=\"https:\/\/www.escapadarural.com\/casas-rurales\/santillana-del-mar\" target=\"_blank\" rel=\"noreferrer noopener\">Santillana del Mar<\/a>, en 2019.<\/p>\n\n\n\n<p>Estos son los 10 finalistas a la candidatura de Capital de Turismo Rural 2020.<\/p>\n\n\n\n<h2 class=\"wp-block-heading\" id=\"h-rascafria-madrid\">Rascafr\u00eda (Madrid)<\/h2>\n\n\n\n<figure class=\"wp-block-image size-large\"><img decoding=\"async\" src=\"https:\/\/www.escapadarural.com\/blog\/wp-content\/uploads\/2020\/05\/2-Paular.-Pedro-Villegasjpg-1-1024x730.jpg\" alt=\"Monasterio de Santa Mar\u00eda del Paular\" class=\"wp-image-32624\"\/><figcaption class=\"wp-element-caption\">Monasterio de Santa Mar\u00eda del Paular. Por Pedro Villegas<\/figcaption><\/figure>\n\n\n\n<p>En el valle de Lozoya, en plena Sierra Norte de Madrid, est\u00e1 <a href=\"https:\/\/www.escapadarural.com\/casas-rurales\/rascafria\" target=\"_blank\" rel=\"noreferrer noopener\">Rascafr\u00eda<\/a>. Una villa serrana atravesada por un arroyo de monta\u00f1a,<br>El Arti\u00f1uelo, y situada a los pies del macizo de Pe\u00f1alara.<\/p>\n\n\n\n<p>Rascafr\u00eda est\u00e1 en el coraz\u00f3n del el coraz\u00f3n del Parque Nacional de la Sierra de Guadarrama, por lo que es ideal para hacer rutas por la naturaleza, contemplar sus cumbres nevadas y, si es verano, darse un chapuz\u00f3n en las <strong>piscinas naturales Las Presillas<\/strong>.<\/p>\n\n\n\n<p>La villa fue fundada en la Edad Media por pobladores segovianos. De hecho, estuvo vinculada a Segovia hasta principios del siglo XIX. Entre su patrimonio destaca el monasterio de Santa Mar\u00eda del Paular, que fue la primera cartuja de Castilla. Fue fundada en 1390 por la casa real de los Trast\u00e1mara. Su fachada es de g\u00f3tico flam\u00edgero. Para llegar a \u00e9l habr\u00e1 que cruzar el puente del Perd\u00f3n.<\/p>\n\n\n\n<p>Antes de iniciar una de las muchas rutas por la naturaleza \u2013las hay para todos los gustos y condiciones f\u00edsicas\u2013, recomendamos dar un paseo por el pueblo. Ver el puente del Pericot\u00f3n, el ayuntamiento de estilo neomud\u00e9jar y disfrutar de la plaza de la Villa.<\/p>\n\n\n\n<h2 class=\"wp-block-heading\" id=\"h-santo-domingo-de-silos-castilla-y-leon\">Santo Domingo de Silos (Castilla y Le\u00f3n)<\/h2>\n\n\n\n<figure class=\"wp-block-image size-large\"><img decoding=\"async\" src=\"https:\/\/www.escapadarural.com\/blog\/wp-content\/uploads\/2020\/05\/Santo-Domingo-de-Silos-5-1.jpg\" alt=\"Santo Domingo de Silos\" class=\"wp-image-32623\"\/><figcaption class=\"wp-element-caption\">Santo Domingo de Silos. Por Richard Semik\n\n<\/figcaption><\/figure>\n\n\n\n<p>A 57 kil\u00f3metros de Burgos est\u00e1 <a href=\"https:\/\/www.escapadarural.com\/casas-rurales\/santo-domingo-de-silos\" target=\"_blank\" rel=\"noreferrer noopener\">Santo Domingo de Silos<\/a>. Un peque\u00f1o pueblo conocido por su monumental monasterio que se erige en el valle de Tabladillo. Est\u00e1 en una encrucijada de caminos como la Ruta de la Lana, el <strong>Camino del Cid<\/strong>, la ruta del destierro de El Cid y el Camino Castellano-Aragon\u00e9s.<\/p>\n\n\n\n<p>El <strong>monasterio de Santo Domingo de Silos<\/strong> acapara toda la atenci\u00f3n. Fue fundado a finales del siglo IX con la advocaci\u00f3n de San Sebasti\u00e1n, aunque m\u00e1s tarde fue reformado bajo la iniciativa de un monje llamado Domingo Manso, que m\u00e1s tarde fue canonizado. La mayor parte del monasterio es posterior, de los siglos XVIII y XIX.<\/p>\n\n\n\n<p>La villa de Silos, ubicada en la ribera del r\u00edo Mataviejas, estuvo bajo el dominio del abad hasta 1440, a\u00f1o en el que los monjes la vendieron a los Velasco, Condestables de Castilla. Actualmente, de su pasado medieval a\u00fan se conserva las puertas de San Juan y de la Calderera; as\u00ed como algunos restos de las murallas.<\/p>\n\n\n\n<p>Santo Domingo de Silos cuenta con un curioso museo de los Sonidos de la Tierra, con instrumentos musicales de los distintos continentes.<\/p>\n\n\n\n<h2 class=\"wp-block-heading\" id=\"h-colombres-asturias\">Colombres (Asturias)<\/h2>\n\n\n\n<figure class=\"wp-block-image size-large\"><img decoding=\"async\" src=\"https:\/\/www.escapadarural.com\/blog\/wp-content\/uploads\/2020\/05\/Casa-Roja-To\u00f1o-Escand\u00f3n-1-1024x577.jpg\" alt=\"Colombres\" class=\"wp-image-32622\"\/><figcaption class=\"wp-element-caption\">Colombres. Por To\u00f1o Escand\u00f3n\n\n<\/figcaption><\/figure>\n\n\n\n<p><a href=\"https:\/\/www.escapadarural.com\/casas-rurales\/colombres\" target=\"_blank\" rel=\"noreferrer noopener\">Colombres<\/a> es uno de los pueblos m\u00e1s desconocidos del Oriente de Asturias, aunque no menos sorprendente. Ubicado en el municipio de Rivadedeva, a caballo entre el mar y monta\u00f1a, es la villa de los indianos. De aquellos que durante los siglos XIX y XX tuvieron que emigrar a Am\u00e9rica y que, con las fortunas generadas, volvieron a su tierrina.<\/p>\n\n\n\n<p>Y lo hicieron construyendo coloridos palacios que hoy son una maravilla de la arquitectura de la \u00e9poca. Para m\u00e1s prueba de ello el Archivo de Indianos y el Museo de la Emigraci\u00f3n, un caser\u00f3n azul pastel espectacular. Est\u00e1 dentro de la Ruta Indiana, que recorre decenas de edificaciones que han dado personalidad al pueblo. Algunas son la quinta Buenavista, la mansi\u00f3n del Abuelo, la Casa roja, finca Las Raucas o el Cantu.<\/p>\n\n\n\n<p>Otro de los lugares con m\u00e1s encanto de Colombres es la plaza del Ayuntamiento, un espacio ajardinado donde est\u00e1 la casa Consistorial y la escultura del conde de Rivadedeva, Manuel Iba\u00f1ez.<\/p>\n\n\n\n<p>Colombres fuera declarado Bien de Inter\u00e9s Cultural en el a\u00f1o 2013 y fue Pueblo Ejemplar de Asturias en 2015. En sus alrededores podemos visitar Pimiango, donde est\u00e1 la cueva del Pindal. Cuenta con varias pinturas rupestre con dibujos de bisontes y caballos que fuero declarados Patrimonio de la Humanidad en 2008.<\/p>\n\n\n\n<h2 class=\"wp-block-heading\" id=\"h-guadalupe-extremadura\">Guadalupe (Extremadura)<\/h2>\n\n\n\n<figure class=\"wp-block-image size-full\"><img loading=\"lazy\" decoding=\"async\" width=\"1024\" height=\"678\" src=\"https:\/\/www.escapadarural.com\/blog\/wp-content\/uploads\/2024\/11\/07OtrosCaminos.webp\" alt=\"Real Monasterio de la Virgen de Guadalupe, en C\u00e1ceres. Por Enrique Del Barrio.\" class=\"wp-image-194245\" srcset=\"https:\/\/www.escapadarural.com\/blog\/wp-content\/uploads\/2024\/11\/07OtrosCaminos-200x132.webp 200w, https:\/\/www.escapadarural.com\/blog\/wp-content\/uploads\/2024\/11\/07OtrosCaminos-300x199.webp 300w, https:\/\/www.escapadarural.com\/blog\/wp-content\/uploads\/2024\/11\/07OtrosCaminos-400x265.webp 400w, https:\/\/www.escapadarural.com\/blog\/wp-content\/uploads\/2024\/11\/07OtrosCaminos-600x397.webp 600w, https:\/\/www.escapadarural.com\/blog\/wp-content\/uploads\/2024\/11\/07OtrosCaminos-768x509.webp 768w, https:\/\/www.escapadarural.com\/blog\/wp-content\/uploads\/2024\/11\/07OtrosCaminos-800x530.webp 800w, https:\/\/www.escapadarural.com\/blog\/wp-content\/uploads\/2024\/11\/07OtrosCaminos.webp 1024w\" sizes=\"auto, (max-width: 1024px) 100vw, 1024px\" \/><figcaption class=\"wp-element-caption\">Real Monasterio de la Virgen de Guadalupe, en C\u00e1ceres. Por Enrique Del Barrio.<\/figcaption><\/figure>\n\n\n\n<p>Su nombre se lo debe a la Virgen de Guadalupe. Su aparici\u00f3n a un pastor de C\u00e1ceres hizo que se levantase en el lugar una ermita y, en sus alrededores, varios poblados. Hoy, ese humilde santuario es un <strong>colosal monasterio<\/strong> que destaca por encima del pueblo de <a href=\"https:\/\/www.escapadarural.com\/casas-rurales\/guadalupe\" target=\"_blank\" rel=\"noreferrer noopener\">Guadalupe<\/a>.<\/p>\n\n\n\n<p>Fue construido en el siglo XIV por Alfonso XI de Castilla. En su interior est\u00e1 la iglesia de Nuestra Se\u00f1ora y, en la capilla de San Jer\u00f3nimo, hay pinturas de Zurbar\u00e1n. Adem\u00e1s de dos museos con obras de EL Greco, Goya, Pedro de Mena y Juan de Flandes.<\/p>\n\n\n\n<p>El casco hist\u00f3rico de Guadalupe conserva la t\u00edpica arquitectura serrana, que se caracteriza por sus balcones y los soportales. En \u00e9l destaca la antigua juder\u00eda, la plaza de Santa Mar\u00eda de Guadalupe y la fuente de los Tres chorros.<\/p>\n\n\n\n<p>En sus alrededores podemos visitar el Geoparque, donde se puede admirar su relieve apalachense y el pozo de las nieves, entre otros tesoros naturales.<\/p>\n\n\n\n<h2 class=\"wp-block-heading\" id=\"h-cazalla-de-la-sierra-andalucia\">Cazalla de la Sierra (Andaluc\u00eda)<\/h2>\n\n\n\n<figure class=\"wp-block-image size-large\"><img loading=\"lazy\" decoding=\"async\" width=\"1024\" height=\"721\" src=\"https:\/\/www.escapadarural.com\/blog\/wp-content\/uploads\/2020\/05\/Plaza_de_Cazalla_de_la_Sierra-1-1024x721.jpg\" alt=\"Cazalla de la Sierra\" class=\"wp-image-32620\" srcset=\"https:\/\/www.escapadarural.com\/blog\/wp-content\/uploads\/2020\/05\/Plaza_de_Cazalla_de_la_Sierra-1-200x141.jpg 200w, https:\/\/www.escapadarural.com\/blog\/wp-content\/uploads\/2020\/05\/Plaza_de_Cazalla_de_la_Sierra-1-300x211.jpg 300w, https:\/\/www.escapadarural.com\/blog\/wp-content\/uploads\/2020\/05\/Plaza_de_Cazalla_de_la_Sierra-1-400x281.jpg 400w, https:\/\/www.escapadarural.com\/blog\/wp-content\/uploads\/2020\/05\/Plaza_de_Cazalla_de_la_Sierra-1-600x422.jpg 600w, https:\/\/www.escapadarural.com\/blog\/wp-content\/uploads\/2020\/05\/Plaza_de_Cazalla_de_la_Sierra-1-768x540.jpg 768w, https:\/\/www.escapadarural.com\/blog\/wp-content\/uploads\/2020\/05\/Plaza_de_Cazalla_de_la_Sierra-1-800x563.jpg 800w, https:\/\/www.escapadarural.com\/blog\/wp-content\/uploads\/2020\/05\/Plaza_de_Cazalla_de_la_Sierra-1-1024x721.jpg 1024w, https:\/\/www.escapadarural.com\/blog\/wp-content\/uploads\/2020\/05\/Plaza_de_Cazalla_de_la_Sierra-1-1200x844.jpg 1200w, https:\/\/www.escapadarural.com\/blog\/wp-content\/uploads\/2020\/05\/Plaza_de_Cazalla_de_la_Sierra-1.jpg 1262w\" sizes=\"auto, (max-width: 1024px) 100vw, 1024px\" \/><figcaption class=\"wp-element-caption\">Cazalla de la Sierra. Por Andr\u00e9s Bor\u00f3n S\u00e1nchez\n\n<\/figcaption><\/figure>\n\n\n\n<p>Cazalla <strong>fue capital del Reino de Espa\u00f1a<\/strong> en el siglo XVIII, cuando Felipe V instal\u00f3 all\u00ed su residencia de verano y de las cortes. En esa misma \u00e9poca lleg\u00f3 a albergar tambi\u00e9n a otros reyes, como a Fernando VI y Carlos III.<\/p>\n\n\n\n<p>Aprovechando que la realeza estaba en sus tierras, los vecinos de Cazalla pidieron la abolici\u00f3n de la esclavitud, que en las colonias espa\u00f1olas no se logr\u00f3 hasta el siglo XIX; de la pena capital (se aboli\u00f3 en 1995) y de las quintas (2001).<\/p>\n\n\n\n<p><a href=\"https:\/\/www.escapadarural.com\/casas-rurales\/cazalla-de-la-sierra\" target=\"_blank\" rel=\"noreferrer noopener\">Cazalla de la Sierra<\/a> est\u00e1 en la provincia de Sevilla y es la segunda localidad m\u00e1s grande del Parque Natural de la Sierra Norte, que combina las dehesas con los frondosos bosques.<\/p>\n\n\n\n<p>En su casco urbano destacan las casas blancas y algunos monumentos como el monasterio de la Cartuja de la Inmaculada Concepci\u00f3n, construido sobre un antiguo pabell\u00f3n de caza del rey Pedro I el Cruel; la iglesia de Nuestra Se\u00f1ora de la Consolaci\u00f3n,donde est\u00e1n las <strong>antiguas murallas almohades<\/strong>; o la iglesia mud\u00e9jar de San Benito.<\/p>\n\n\n\n<p>Los amantes de la naturaleza disfrutar\u00e1n de rutas de senderismo por la V\u00eda Verde de la Sierra Norte de Sevilla. Para acercarnos a sus tradiciones, nada mejor que visitar las destiler\u00edas de aguardiente de Cazalla de la Sierra; o hacer enoturismo en las bodegas del pueblo, con visita a los vi\u00f1edos incluida.<\/p>\n\n\n\n<h2 class=\"wp-block-heading\" id=\"h-ayna-castilla-la-mancha\">A\u00fdna (Castilla-La Mancha)<\/h2>\n\n\n\n<figure class=\"wp-block-image size-large\"><img decoding=\"async\" src=\"https:\/\/www.escapadarural.com\/blog\/wp-content\/uploads\/2018\/06\/Ayna-3-1024x685.jpg\" alt=\"Ayna\" class=\"wp-image-26389\"\/><figcaption class=\"wp-element-caption\">Ayna. Por Pedro Oliva<\/figcaption><\/figure>\n\n\n\n<p>En la provincia de Albacete est\u00e1 <a href=\"https:\/\/www.escapadarural.com\/casas-rurales\/ayna\" target=\"_blank\" rel=\"noreferrer noopener\">A\u00fdna<\/a>. Un peque\u00f1o pueblo enclavado en la monta\u00f1a de la sierra del Segura, en el ca\u00f1\u00f3n del r\u00edo Mundo. Por su apariencia, la localidad tambi\u00e9n recibe el nombre de la \u201cSuiza manchega\u201d. Y no tiene nada que envidiarle.<\/p>\n\n\n\n<p>A\u00fdna es parada imprescindible para los \u201camanecistas\u201d. Los seguidores de la pel\u00edcula de <strong><em>Amanece que no es poco<\/em><\/strong>, de Jose Luis Cuerda. El director espa\u00f1ol rod\u00f3 en el pueblo, utilizando a muchos de sus habitantes de extras. De hecho, los lugare\u00f1os est\u00e1n tan orgullosos que han creado una ruta por el pueblo donde se puede ver la moto con el sidecar, el campo de calabazas y el semillero de hombres, entre otras cosas. EN el Centro de Interpretaci\u00f3n de Amanece que no es poco podr\u00e1s conocer todos los detalles de la pel\u00edcula, as\u00ed como visitar la ermita de Nuestra Se\u00f1ora de los Remedios.<\/p>\n\n\n\n<p>Para disfrutar de sus vistas podemos subir hasta la cueva del Moro y el mirador del Diablo. Este \u00faltimo situado a 1,5 kil\u00f3metros de A\u00fdna en el estrecho del Gargant\u00f3n. En la cueva del Ni\u00f1o, adem\u00e1s, podr\u00e1s contemplar pinturas rupestres Patrimonio de la Humanidad desde 1998.<\/p>\n\n\n\n<p>No hay que dejar A\u00fdna sin probar su deliciosa gastronom\u00eda, compuesta por productos de la huerta de primera calidad. Tambi\u00e9n sus carnes son una delicia.<\/p>\n\n\n\n<h2 class=\"wp-block-heading\" id=\"h-potes-cantabria\">Potes (Cantabria)<\/h2>\n\n\n\n<figure class=\"wp-block-image size-large\"><img decoding=\"async\" src=\"https:\/\/www.escapadarural.com\/blog\/wp-content\/uploads\/2020\/05\/potes3.jpg\" alt=\"Potes\" class=\"wp-image-17416\"\/><figcaption class=\"wp-element-caption\">Por adamzoltan<\/figcaption><\/figure>\n\n\n\n<p>La villa de los puentes y de las torres. <a href=\"https:\/\/www.escapadarural.com\/casas-rurales\/potes\" target=\"_blank\" rel=\"noreferrer noopener\">Potes<\/a> es un peque\u00f1o pueblo de monta\u00f1a situado en la confluencia de cuatro valles, en la comarca del Li\u00e9bana (Cantabria). <strong>A los pies de los Picos de Europa<\/strong>.<\/p>\n\n\n\n<p>Est\u00e1 compuesto de un entramado de callejuelas empedradas con grandes caserones de piedra que fue escenario de las luchas medievales entre las familias Mendoza y Manrique. Su edificio m\u00e1s simb\u00f3lico es la Torre del Infantado (siglo XV), aunque hay muchas m\u00e1s: las torres de Orej\u00f3n de la Lama, Calseco, Linares y Osorio.<\/p>\n\n\n\n<p>Entre sus barrios destaca el de la Solana, repleto de casas solariegas. Otros puntos de inter\u00e9s que no hay que perderse son los puentes de San Cayetano y de la C\u00e1rcel, levantados sobre el r\u00edo Quiviesa. El barrio viejo fue declarado Conjunto Hist\u00f3rico Art\u00edstico en 1983.<\/p>\n\n\n\n<p>En sus alrededores, no hay que dejar de hacer una excursi\u00f3n a Fuente D\u00e9. Aqu\u00ed es donde est\u00e1 el popular telef\u00e9rico que sube hasta los 1.823 metros desde donde se ven las cimas de Pe\u00f1a Vieja, Tesorero, Pe\u00f1a Remo\u00f1a, Torre Balnca, etc.<\/p>\n\n\n\n<h2 class=\"wp-block-heading\" id=\"h-el-rasillo-de-cameros-la-rioja\">El Rasillo de Cameros (La Rioja)<\/h2>\n\n\n\n<figure class=\"wp-block-image size-large\"><img decoding=\"async\" src=\"https:\/\/www.escapadarural.com\/blog\/wp-content\/uploads\/2020\/05\/el-rasillo-1.jpg\" alt=\"El Rasillo de Cameros\" class=\"wp-image-32619\"\/><figcaption class=\"wp-element-caption\">El Rasillo de Cameros. Por Rober RC\n\n<\/figcaption><\/figure>\n\n\n\n<p>El <a href=\"https:\/\/www.escapadarural.com\/casas-rurales\/el-rasillo-de-cameros\" target=\"_blank\" rel=\"noreferrer noopener\">Rasillo de Cameros<\/a> es la \u00fanica localidad de Espa\u00f1a donde, desde los a\u00f1os 90, se realiza una <strong>competici\u00f3n de traineras<\/strong> en agua dulce. Se llama Bandera de la Rioja y es muy similar a las que se organizan en el Cant\u00e1brico.<\/p>\n\n\n\n<p>Este peque\u00f1o pueblo de La Rioja est\u00e1 situado a unos 1.000 metros de altura, entre la monta\u00f1a y el pantano de Ortigosa. Fue parte de Ortigosa de Cameros hasta el siglo XIX cuando, bajo el reinado de Fernando VII consigui\u00f3 la independencia.<\/p>\n\n\n\n<p>Una visita a la ermita de San Mam\u00e9s nos permitir\u00e1 acercarnos a sus or\u00edgenes. De estilo rom\u00e1nico, el edificio aunque fue reconstruido, data del siglo XII, cuando el rey Sancho III la don\u00f3 al obispo de Calahorra.<\/p>\n\n\n\n<p>EN sus alrededores est\u00e1 Ortigosa, donde se pueden visitar las cuevas de la Vi\u00f1a y la Paz. En ambas se pueden ver muestras de estalactitas, estalagmitas, entre otras formaciones. Tambi\u00e9n se puede hacer senderismo en la sierra Cebollera y, como no, estamos en La Rioja. Es la mejor tierra para hacer enoturismo y visitar las bodegas de la zona.<\/p>\n\n\n\n<h2 class=\"wp-block-heading\" id=\"h-artenara-gran-canaria\">Artenara (Gran Canaria)<\/h2>\n\n\n\n<figure class=\"wp-block-image size-large\"><img decoding=\"async\" src=\"https:\/\/www.escapadarural.com\/blog\/wp-content\/uploads\/2020\/05\/Recurso-del-Ayuntamiento-8-1-1024x498.jpg\" alt=\"Artenara\" class=\"wp-image-32618\"\/><figcaption class=\"wp-element-caption\">Artenara. Por Ayuntamiento de Artenara<\/figcaption><\/figure>\n\n\n\n<p>Con casas blancas y rodeado de monta\u00f1as, Artenara es el pueblo situado a m\u00e1s altitud de Gran Canaria. Gracias a sus 1.270 metros de altitud, la localidad es conocida como el <strong>balc\u00f3n de la Reserva Mundial de la Biosfera de Gran Canaria<\/strong>. Desde el pueblo se pueden obtener unas incre\u00edbles vistas de algunos lugares emblem\u00e1ticos de la isla como el <strong>Roque Nublo y el Bentayga<\/strong>, centro espiritual de los abor\u00edgenes.<\/p>\n\n\n\n<p>Debido a la orograf\u00eda del paisaje, la arquitectura tradicional de <a href=\"https:\/\/www.escapadarural.com\/casas-rurales\/artenara\" target=\"_blank\" rel=\"noreferrer noopener\">Artenara<\/a> son las casas cuevas, muchas de ellas reconvertidas en alojamientos rurales. En el Complejo Arqueol\u00f3gico de Acusa se pueden ver algunas de ellas para conocer c\u00f3mo era la vida de los antiguos pobladores de Artenara. Otro ejemplo de ello es la ermita de la Virgen de La Cuevita, excavada en un risco junto al casco antiguo.<\/p>\n\n\n\n<p>Unamuno estuvo en Artenara en 1910. Entonces describi\u00f3 el entorno como \u201ctempestad petrificada\u201d. Hoy, uno de los miradores del pueblo lleva su nombre y en \u00e9l han levantado una escultura del escritor como recuerdo.<\/p>\n\n\n\n<p>Desde Artenara parten numerosas rutas de senderismo como, por ejemplo, las que llegan hasta Altavista o Azaenegue. Por el camino hay varias queser\u00edas que se pueden visitar para degustar el queso semicurado de leche de cabra majorera.<\/p>\n\n\n\n<h2 class=\"wp-block-heading\" id=\"h-leitza-navarra\">Leitza (Navarra)<\/h2>\n\n\n\n<figure class=\"wp-block-image size-large\"><img decoding=\"async\" src=\"https:\/\/www.escapadarural.com\/blog\/wp-content\/uploads\/2020\/05\/Leitza_Javier-Campos-1.jpg\" alt=\"Leitza\" class=\"wp-image-32617\"\/><figcaption class=\"wp-element-caption\">Leitza. Javier Campos\n\n<\/figcaption><\/figure>\n\n\n\n<p>En el valle de Leitzaran, al noroeste de Navarra, est\u00e1 <a href=\"https:\/\/www.escapadarural.com\/casas-rurales\/leitza\" target=\"_blank\" rel=\"noreferrer noopener\">Leitza<\/a>. Un pueblo conocido por ensalzar los <strong>deportes rurales<\/strong> para homenajear a los trabajos de la tierra. Uno de ellos es el popular levantamiento de piedras y para ello cuenta con dos deportistas de \u00e9lites destacados: Mikel Saralegui e I\u00f1aki Perurena. Ambos ostentan el r\u00e9cord de los 300kg. A 2 kil\u00f3metros de Leitza, en pleno monte, Perurena mont\u00f3 el museo Peru-Harri para conocer m\u00e1s acerca de este deporte.<\/p>\n\n\n\n<p>Aqu\u00ed la pelota vasca es otro de los deportes populares. En la plaza Euskal Herria, centro del pueblo, hay un enorme frontis donde se han jugado grandes partidos.<\/p>\n\n\n\n<p>Llevado a la gran pantalla con la pel\u00edcula <strong><em>Ocho apellidos vascos<\/em><\/strong>, el casco hist\u00f3rico de Leitza est\u00e1 compuesto de grandes caser\u00edos de porte se\u00f1orial, algunos de ellos con entramados de madera. Por encima de las viviendas, en la ladera del valle, sobresale la monumental iglesia de San Miguel del siglo XVII. Desde all\u00ed hay buenas vistas del pueblo.<\/p>\n\n\n\n<p>Los alrededores de Leitza est\u00e1n compuestos de bosques, montes y de una v\u00eda verde. Un antiguo trazado ferroviario que un\u00eda Pamplona con San Sebasti\u00e1n.<\/p>\n","protected":false},"excerpt":{"rendered":"<p>Comienza la 4\u00ba edici\u00f3n de los premios Capital de Turismo Rural. Un concurso en el que, a trav\u00e9s de las votaciones de los viajeros, un pueblo de Espa\u00f1a puede convertirse en el referente del turismo rural de nuestro pa\u00eds.<\/p>\n","protected":false},"author":89,"featured_media":103152,"comment_status":"open","ping_status":"closed","sticky":false,"template":"","format":"standard","meta":{"_acf_changed":false,"om_disable_all_campaigns":false,"footnotes":""},"categories":[191,1635],"tags":[2698,2311,3720,272,399,2699,2700,461,2701,672,1320,1203],"class_list":["post-13151","post","type-post","status-publish","format-standard","has-post-thumbnail","hentry","category-destinos","category-especiales","tag-artenara","tag-ayna","tag-branding","tag-capital-del-turismo-rural","tag-cazalla-de-la-sierra","tag-colombres","tag-el-rasillo-de-cameros","tag-guadalupe","tag-leitza","tag-potes","tag-rascafria","tag-santo-domingo-de-silos"],"acf":[],"featured_image_src":"https:\/\/www.escapadarural.com\/blog\/wp-content\/uploads\/2024\/10\/potes-river-quiviesa-deva-a-cantabria-village-spain-stockpack-adobe-stock-1024x683-3.jpg","author_info":{"display_name":"Laura Fern\u00e1ndez","author_link":"https:\/\/www.escapadarural.com\/blog\/autor\/laura\/"},"yoast_head":"<!-- This site is optimized with the Yoast SEO plugin v27.5 - https:\/\/yoast.com\/product\/yoast-seo-wordpress\/ -->\n<title>Los 10 pueblos finalistas a la candidatura de Capital de Turismo Rural - EscapadaRural<\/title>\n<meta name=\"robots\" content=\"index, follow, max-snippet:-1, max-image-preview:large, max-video-preview:-1\" \/>\n<link rel=\"canonical\" href=\"https:\/\/www.escapadarural.com\/blog\/los-10-pueblos-finalistas-a-la-candidatura-de-capital-de-turismo-rural\/\" \/>\n<meta property=\"og:locale\" content=\"es_ES\" \/>\n<meta property=\"og:type\" content=\"article\" \/>\n<meta property=\"og:title\" content=\"Los 10 pueblos finalistas a la candidatura de Capital de Turismo Rural - EscapadaRural\" \/>\n<meta property=\"og:description\" content=\"Comienza la 4\u00ba edici\u00f3n de los premios Capital de Turismo Rural. Un concurso en el que, a trav\u00e9s de las votaciones de los viajeros, un pueblo de Espa\u00f1a puede convertirse en el referente del turismo rural de nuestro pa\u00eds.\" \/>\n<meta property=\"og:url\" content=\"https:\/\/www.escapadarural.com\/blog\/los-10-pueblos-finalistas-a-la-candidatura-de-capital-de-turismo-rural\/\" \/>\n<meta property=\"og:site_name\" content=\"Magazine de viajes de EscapadaRural\" \/>\n<meta property=\"article:publisher\" content=\"https:\/\/www.facebook.com\/escapadarural\" \/>\n<meta property=\"article:published_time\" content=\"2020-05-26T11:10:00+00:00\" \/>\n<meta property=\"article:modified_time\" content=\"2025-08-04T09:18:43+00:00\" \/>\n<meta property=\"og:image\" content=\"https:\/\/www.escapadarural.com\/blog\/wp-content\/uploads\/2024\/10\/potes-river-quiviesa-deva-a-cantabria-village-spain-stockpack-adobe-stock-1024x683-3.jpg?v=1754299124\" \/>\n\t<meta property=\"og:image:width\" content=\"1024\" \/>\n\t<meta property=\"og:image:height\" content=\"683\" \/>\n\t<meta property=\"og:image:type\" content=\"image\/jpeg\" \/>\n<meta name=\"author\" content=\"Laura Fern\u00e1ndez\" \/>\n<meta name=\"twitter:card\" content=\"summary_large_image\" \/>\n<meta name=\"twitter:label1\" content=\"Escrito por\" \/>\n\t<meta name=\"twitter:data1\" content=\"Laura Fern\u00e1ndez\" \/>\n\t<meta name=\"twitter:label2\" content=\"Tiempo de lectura\" \/>\n\t<meta name=\"twitter:data2\" content=\"11 minutos\" \/>\n<script type=\"application\/ld+json\" class=\"yoast-schema-graph\">{\"@context\":\"https:\\\/\\\/schema.org\",\"@graph\":[{\"@type\":\"Article\",\"@id\":\"https:\\\/\\\/www.escapadarural.com\\\/blog\\\/los-10-pueblos-finalistas-a-la-candidatura-de-capital-de-turismo-rural\\\/#article\",\"isPartOf\":{\"@id\":\"https:\\\/\\\/www.escapadarural.com\\\/blog\\\/los-10-pueblos-finalistas-a-la-candidatura-de-capital-de-turismo-rural\\\/\"},\"author\":{\"name\":\"Laura Fern\u00e1ndez\",\"@id\":\"https:\\\/\\\/www.escapadarural.com\\\/blog\\\/#\\\/schema\\\/person\\\/a9b46ae4d047d8a2c719f31e75206cff\"},\"headline\":\"Los 10 pueblos finalistas a la candidatura de Capital de Turismo Rural\",\"datePublished\":\"2020-05-26T11:10:00+00:00\",\"dateModified\":\"2025-08-04T09:18:43+00:00\",\"mainEntityOfPage\":{\"@id\":\"https:\\\/\\\/www.escapadarural.com\\\/blog\\\/los-10-pueblos-finalistas-a-la-candidatura-de-capital-de-turismo-rural\\\/\"},\"wordCount\":2303,\"commentCount\":1,\"publisher\":{\"@id\":\"https:\\\/\\\/www.escapadarural.com\\\/blog\\\/#organization\"},\"image\":{\"@id\":\"https:\\\/\\\/www.escapadarural.com\\\/blog\\\/los-10-pueblos-finalistas-a-la-candidatura-de-capital-de-turismo-rural\\\/#primaryimage\"},\"thumbnailUrl\":\"https:\\\/\\\/www.escapadarural.com\\\/blog\\\/wp-content\\\/uploads\\\/2024\\\/10\\\/potes-river-quiviesa-deva-a-cantabria-village-spain-stockpack-adobe-stock-1024x683-3.jpg\",\"keywords\":[\"Artenara\",\"Ayna\",\"branding\",\"Capital del Turismo Rural\",\"Cazalla de la Sierra\",\"Colombres\",\"El Rasillo de Cameros\",\"Guadalupe\",\"Leitza\",\"Potes\",\"Rascafr\u00eda\",\"Santo Domingo de Silos\"],\"articleSection\":[\"Destinos\",\"Especiales\"],\"inLanguage\":\"es\",\"potentialAction\":[{\"@type\":\"CommentAction\",\"name\":\"Comment\",\"target\":[\"https:\\\/\\\/www.escapadarural.com\\\/blog\\\/los-10-pueblos-finalistas-a-la-candidatura-de-capital-de-turismo-rural\\\/#respond\"]}]},{\"@type\":\"WebPage\",\"@id\":\"https:\\\/\\\/www.escapadarural.com\\\/blog\\\/los-10-pueblos-finalistas-a-la-candidatura-de-capital-de-turismo-rural\\\/\",\"url\":\"https:\\\/\\\/www.escapadarural.com\\\/blog\\\/los-10-pueblos-finalistas-a-la-candidatura-de-capital-de-turismo-rural\\\/\",\"name\":\"Los 10 pueblos finalistas a la candidatura de Capital de Turismo Rural - EscapadaRural\",\"isPartOf\":{\"@id\":\"https:\\\/\\\/www.escapadarural.com\\\/blog\\\/#website\"},\"primaryImageOfPage\":{\"@id\":\"https:\\\/\\\/www.escapadarural.com\\\/blog\\\/los-10-pueblos-finalistas-a-la-candidatura-de-capital-de-turismo-rural\\\/#primaryimage\"},\"image\":{\"@id\":\"https:\\\/\\\/www.escapadarural.com\\\/blog\\\/los-10-pueblos-finalistas-a-la-candidatura-de-capital-de-turismo-rural\\\/#primaryimage\"},\"thumbnailUrl\":\"https:\\\/\\\/www.escapadarural.com\\\/blog\\\/wp-content\\\/uploads\\\/2024\\\/10\\\/potes-river-quiviesa-deva-a-cantabria-village-spain-stockpack-adobe-stock-1024x683-3.jpg\",\"datePublished\":\"2020-05-26T11:10:00+00:00\",\"dateModified\":\"2025-08-04T09:18:43+00:00\",\"breadcrumb\":{\"@id\":\"https:\\\/\\\/www.escapadarural.com\\\/blog\\\/los-10-pueblos-finalistas-a-la-candidatura-de-capital-de-turismo-rural\\\/#breadcrumb\"},\"inLanguage\":\"es\",\"potentialAction\":[{\"@type\":\"ReadAction\",\"target\":[\"https:\\\/\\\/www.escapadarural.com\\\/blog\\\/los-10-pueblos-finalistas-a-la-candidatura-de-capital-de-turismo-rural\\\/\"]}]},{\"@type\":\"ImageObject\",\"inLanguage\":\"es\",\"@id\":\"https:\\\/\\\/www.escapadarural.com\\\/blog\\\/los-10-pueblos-finalistas-a-la-candidatura-de-capital-de-turismo-rural\\\/#primaryimage\",\"url\":\"https:\\\/\\\/www.escapadarural.com\\\/blog\\\/wp-content\\\/uploads\\\/2024\\\/10\\\/potes-river-quiviesa-deva-a-cantabria-village-spain-stockpack-adobe-stock-1024x683-3.jpg\",\"contentUrl\":\"https:\\\/\\\/www.escapadarural.com\\\/blog\\\/wp-content\\\/uploads\\\/2024\\\/10\\\/potes-river-quiviesa-deva-a-cantabria-village-spain-stockpack-adobe-stock-1024x683-3.jpg\",\"width\":1024,\"height\":683,\"caption\":\"Potes, en Cantabria. Por lunamarina\"},{\"@type\":\"BreadcrumbList\",\"@id\":\"https:\\\/\\\/www.escapadarural.com\\\/blog\\\/los-10-pueblos-finalistas-a-la-candidatura-de-capital-de-turismo-rural\\\/#breadcrumb\",\"itemListElement\":[{\"@type\":\"ListItem\",\"position\":1,\"name\":\"Inicio\",\"item\":\"https:\\\/\\\/www.escapadarural.com\\\/blog\\\/\"},{\"@type\":\"ListItem\",\"position\":2,\"name\":\"Destinos\",\"item\":\"https:\\\/\\\/www.escapadarural.com\\\/blog\\\/categoria\\\/destinos\\\/\"},{\"@type\":\"ListItem\",\"position\":3,\"name\":\"Los 10 pueblos finalistas a la candidatura de Capital de Turismo Rural\"}]},{\"@type\":\"WebSite\",\"@id\":\"https:\\\/\\\/www.escapadarural.com\\\/blog\\\/#website\",\"url\":\"https:\\\/\\\/www.escapadarural.com\\\/blog\\\/\",\"name\":\"Blog de viajes | turismo rural, alojamientos e inspiraci\u00f3n\",\"description\":\"Alojamientos rurales e inspiraci\u00f3n para tus escapadas\",\"publisher\":{\"@id\":\"https:\\\/\\\/www.escapadarural.com\\\/blog\\\/#organization\"},\"alternateName\":\"Magazine de viajes de EscapadaRural\",\"potentialAction\":[{\"@type\":\"SearchAction\",\"target\":{\"@type\":\"EntryPoint\",\"urlTemplate\":\"https:\\\/\\\/www.escapadarural.com\\\/blog\\\/?s={search_term_string}\"},\"query-input\":{\"@type\":\"PropertyValueSpecification\",\"valueRequired\":true,\"valueName\":\"search_term_string\"}}],\"inLanguage\":\"es\"},{\"@type\":\"Organization\",\"@id\":\"https:\\\/\\\/www.escapadarural.com\\\/blog\\\/#organization\",\"name\":\"EscapadaRural\",\"url\":\"https:\\\/\\\/www.escapadarural.com\\\/blog\\\/\",\"logo\":{\"@type\":\"ImageObject\",\"inLanguage\":\"es\",\"@id\":\"https:\\\/\\\/www.escapadarural.com\\\/blog\\\/#\\\/schema\\\/logo\\\/image\\\/\",\"url\":\"https:\\\/\\\/www.escapadarural.com\\\/blog\\\/wp-content\\\/uploads\\\/2024\\\/10\\\/cropped-cropped-escapada-rural-icon-mag-3.png\",\"contentUrl\":\"https:\\\/\\\/www.escapadarural.com\\\/blog\\\/wp-content\\\/uploads\\\/2024\\\/10\\\/cropped-cropped-escapada-rural-icon-mag-3.png\",\"width\":512,\"height\":512,\"caption\":\"EscapadaRural\"},\"image\":{\"@id\":\"https:\\\/\\\/www.escapadarural.com\\\/blog\\\/#\\\/schema\\\/logo\\\/image\\\/\"},\"sameAs\":[\"https:\\\/\\\/www.facebook.com\\\/escapadarural\",\"https:\\\/\\\/www.instagram.com\\\/escapadarural\\\/\",\"https:\\\/\\\/www.youtube.com\\\/@escapadaruralcom\"]},{\"@type\":\"Person\",\"@id\":\"https:\\\/\\\/www.escapadarural.com\\\/blog\\\/#\\\/schema\\\/person\\\/a9b46ae4d047d8a2c719f31e75206cff\",\"name\":\"Laura Fern\u00e1ndez\",\"image\":{\"@type\":\"ImageObject\",\"inLanguage\":\"es\",\"@id\":\"https:\\\/\\\/www.escapadarural.com\\\/blog\\\/wp-content\\\/uploads\\\/2025\\\/01\\\/cropped-laura_raponchii-96x96.jpg\",\"url\":\"https:\\\/\\\/www.escapadarural.com\\\/blog\\\/wp-content\\\/uploads\\\/2025\\\/01\\\/cropped-laura_raponchii-96x96.jpg\",\"contentUrl\":\"https:\\\/\\\/www.escapadarural.com\\\/blog\\\/wp-content\\\/uploads\\\/2025\\\/01\\\/cropped-laura_raponchii-96x96.jpg\",\"caption\":\"Laura Fern\u00e1ndez\"},\"description\":\"Periodista, blogger y viajera. No necesariamente en ese orden. En ocasiones me despierto sin saber d\u00f3nde estoy. Adicta a los c\u00f3mics y a los noodles con salsa de cacahuete. Redactora en @escapadarural, colaboradora en la Conde Nast Traveler y en la Divinity. Mi casa: Meridiano180.\",\"sameAs\":[\"http:\\\/\\\/www.meridiano180.com\\\/\"],\"url\":\"https:\\\/\\\/www.escapadarural.com\\\/blog\\\/autor\\\/laura\\\/\"}]}<\/script>\n<!-- \/ Yoast SEO plugin. -->","yoast_head_json":{"title":"Los 10 pueblos finalistas a la candidatura de Capital de Turismo Rural - EscapadaRural","robots":{"index":"index","follow":"follow","max-snippet":"max-snippet:-1","max-image-preview":"max-image-preview:large","max-video-preview":"max-video-preview:-1"},"canonical":"https:\/\/www.escapadarural.com\/blog\/los-10-pueblos-finalistas-a-la-candidatura-de-capital-de-turismo-rural\/","og_locale":"es_ES","og_type":"article","og_title":"Los 10 pueblos finalistas a la candidatura de Capital de Turismo Rural - EscapadaRural","og_description":"Comienza la 4\u00ba edici\u00f3n de los premios Capital de Turismo Rural. Un concurso en el que, a trav\u00e9s de las votaciones de los viajeros, un pueblo de Espa\u00f1a puede convertirse en el referente del turismo rural de nuestro pa\u00eds.","og_url":"https:\/\/www.escapadarural.com\/blog\/los-10-pueblos-finalistas-a-la-candidatura-de-capital-de-turismo-rural\/","og_site_name":"Magazine de viajes de EscapadaRural","article_publisher":"https:\/\/www.facebook.com\/escapadarural","article_published_time":"2020-05-26T11:10:00+00:00","article_modified_time":"2025-08-04T09:18:43+00:00","og_image":[{"width":1024,"height":683,"url":"https:\/\/www.escapadarural.com\/blog\/wp-content\/uploads\/2024\/10\/potes-river-quiviesa-deva-a-cantabria-village-spain-stockpack-adobe-stock-1024x683-3.jpg?v=1754299124","type":"image\/jpeg"}],"author":"Laura Fern\u00e1ndez","twitter_card":"summary_large_image","twitter_misc":{"Escrito por":"Laura Fern\u00e1ndez","Tiempo de lectura":"11 minutos"},"schema":{"@context":"https:\/\/schema.org","@graph":[{"@type":"Article","@id":"https:\/\/www.escapadarural.com\/blog\/los-10-pueblos-finalistas-a-la-candidatura-de-capital-de-turismo-rural\/#article","isPartOf":{"@id":"https:\/\/www.escapadarural.com\/blog\/los-10-pueblos-finalistas-a-la-candidatura-de-capital-de-turismo-rural\/"},"author":{"name":"Laura Fern\u00e1ndez","@id":"https:\/\/www.escapadarural.com\/blog\/#\/schema\/person\/a9b46ae4d047d8a2c719f31e75206cff"},"headline":"Los 10 pueblos finalistas a la candidatura de Capital de Turismo Rural","datePublished":"2020-05-26T11:10:00+00:00","dateModified":"2025-08-04T09:18:43+00:00","mainEntityOfPage":{"@id":"https:\/\/www.escapadarural.com\/blog\/los-10-pueblos-finalistas-a-la-candidatura-de-capital-de-turismo-rural\/"},"wordCount":2303,"commentCount":1,"publisher":{"@id":"https:\/\/www.escapadarural.com\/blog\/#organization"},"image":{"@id":"https:\/\/www.escapadarural.com\/blog\/los-10-pueblos-finalistas-a-la-candidatura-de-capital-de-turismo-rural\/#primaryimage"},"thumbnailUrl":"https:\/\/www.escapadarural.com\/blog\/wp-content\/uploads\/2024\/10\/potes-river-quiviesa-deva-a-cantabria-village-spain-stockpack-adobe-stock-1024x683-3.jpg","keywords":["Artenara","Ayna","branding","Capital del Turismo Rural","Cazalla de la Sierra","Colombres","El Rasillo de Cameros","Guadalupe","Leitza","Potes","Rascafr\u00eda","Santo Domingo de Silos"],"articleSection":["Destinos","Especiales"],"inLanguage":"es","potentialAction":[{"@type":"CommentAction","name":"Comment","target":["https:\/\/www.escapadarural.com\/blog\/los-10-pueblos-finalistas-a-la-candidatura-de-capital-de-turismo-rural\/#respond"]}]},{"@type":"WebPage","@id":"https:\/\/www.escapadarural.com\/blog\/los-10-pueblos-finalistas-a-la-candidatura-de-capital-de-turismo-rural\/","url":"https:\/\/www.escapadarural.com\/blog\/los-10-pueblos-finalistas-a-la-candidatura-de-capital-de-turismo-rural\/","name":"Los 10 pueblos finalistas a la candidatura de Capital de Turismo Rural - EscapadaRural","isPartOf":{"@id":"https:\/\/www.escapadarural.com\/blog\/#website"},"primaryImageOfPage":{"@id":"https:\/\/www.escapadarural.com\/blog\/los-10-pueblos-finalistas-a-la-candidatura-de-capital-de-turismo-rural\/#primaryimage"},"image":{"@id":"https:\/\/www.escapadarural.com\/blog\/los-10-pueblos-finalistas-a-la-candidatura-de-capital-de-turismo-rural\/#primaryimage"},"thumbnailUrl":"https:\/\/www.escapadarural.com\/blog\/wp-content\/uploads\/2024\/10\/potes-river-quiviesa-deva-a-cantabria-village-spain-stockpack-adobe-stock-1024x683-3.jpg","datePublished":"2020-05-26T11:10:00+00:00","dateModified":"2025-08-04T09:18:43+00:00","breadcrumb":{"@id":"https:\/\/www.escapadarural.com\/blog\/los-10-pueblos-finalistas-a-la-candidatura-de-capital-de-turismo-rural\/#breadcrumb"},"inLanguage":"es","potentialAction":[{"@type":"ReadAction","target":["https:\/\/www.escapadarural.com\/blog\/los-10-pueblos-finalistas-a-la-candidatura-de-capital-de-turismo-rural\/"]}]},{"@type":"ImageObject","inLanguage":"es","@id":"https:\/\/www.escapadarural.com\/blog\/los-10-pueblos-finalistas-a-la-candidatura-de-capital-de-turismo-rural\/#primaryimage","url":"https:\/\/www.escapadarural.com\/blog\/wp-content\/uploads\/2024\/10\/potes-river-quiviesa-deva-a-cantabria-village-spain-stockpack-adobe-stock-1024x683-3.jpg","contentUrl":"https:\/\/www.escapadarural.com\/blog\/wp-content\/uploads\/2024\/10\/potes-river-quiviesa-deva-a-cantabria-village-spain-stockpack-adobe-stock-1024x683-3.jpg","width":1024,"height":683,"caption":"Potes, en Cantabria. Por lunamarina"},{"@type":"BreadcrumbList","@id":"https:\/\/www.escapadarural.com\/blog\/los-10-pueblos-finalistas-a-la-candidatura-de-capital-de-turismo-rural\/#breadcrumb","itemListElement":[{"@type":"ListItem","position":1,"name":"Inicio","item":"https:\/\/www.escapadarural.com\/blog\/"},{"@type":"ListItem","position":2,"name":"Destinos","item":"https:\/\/www.escapadarural.com\/blog\/categoria\/destinos\/"},{"@type":"ListItem","position":3,"name":"Los 10 pueblos finalistas a la candidatura de Capital de Turismo Rural"}]},{"@type":"WebSite","@id":"https:\/\/www.escapadarural.com\/blog\/#website","url":"https:\/\/www.escapadarural.com\/blog\/","name":"Blog de viajes | turismo rural, alojamientos e inspiraci\u00f3n","description":"Alojamientos rurales e inspiraci\u00f3n para tus escapadas","publisher":{"@id":"https:\/\/www.escapadarural.com\/blog\/#organization"},"alternateName":"Magazine de viajes de EscapadaRural","potentialAction":[{"@type":"SearchAction","target":{"@type":"EntryPoint","urlTemplate":"https:\/\/www.escapadarural.com\/blog\/?s={search_term_string}"},"query-input":{"@type":"PropertyValueSpecification","valueRequired":true,"valueName":"search_term_string"}}],"inLanguage":"es"},{"@type":"Organization","@id":"https:\/\/www.escapadarural.com\/blog\/#organization","name":"EscapadaRural","url":"https:\/\/www.escapadarural.com\/blog\/","logo":{"@type":"ImageObject","inLanguage":"es","@id":"https:\/\/www.escapadarural.com\/blog\/#\/schema\/logo\/image\/","url":"https:\/\/www.escapadarural.com\/blog\/wp-content\/uploads\/2024\/10\/cropped-cropped-escapada-rural-icon-mag-3.png","contentUrl":"https:\/\/www.escapadarural.com\/blog\/wp-content\/uploads\/2024\/10\/cropped-cropped-escapada-rural-icon-mag-3.png","width":512,"height":512,"caption":"EscapadaRural"},"image":{"@id":"https:\/\/www.escapadarural.com\/blog\/#\/schema\/logo\/image\/"},"sameAs":["https:\/\/www.facebook.com\/escapadarural","https:\/\/www.instagram.com\/escapadarural\/","https:\/\/www.youtube.com\/@escapadaruralcom"]},{"@type":"Person","@id":"https:\/\/www.escapadarural.com\/blog\/#\/schema\/person\/a9b46ae4d047d8a2c719f31e75206cff","name":"Laura Fern\u00e1ndez","image":{"@type":"ImageObject","inLanguage":"es","@id":"https:\/\/www.escapadarural.com\/blog\/wp-content\/uploads\/2025\/01\/cropped-laura_raponchii-96x96.jpg","url":"https:\/\/www.escapadarural.com\/blog\/wp-content\/uploads\/2025\/01\/cropped-laura_raponchii-96x96.jpg","contentUrl":"https:\/\/www.escapadarural.com\/blog\/wp-content\/uploads\/2025\/01\/cropped-laura_raponchii-96x96.jpg","caption":"Laura Fern\u00e1ndez"},"description":"Periodista, blogger y viajera. No necesariamente en ese orden. En ocasiones me despierto sin saber d\u00f3nde estoy. Adicta a los c\u00f3mics y a los noodles con salsa de cacahuete. Redactora en @escapadarural, colaboradora en la Conde Nast Traveler y en la Divinity. Mi casa: Meridiano180.","sameAs":["http:\/\/www.meridiano180.com\/"],"url":"https:\/\/www.escapadarural.com\/blog\/autor\/laura\/"}]}},"_links":{"self":[{"href":"https:\/\/www.escapadarural.com\/blog\/wp-json\/wp\/v2\/posts\/13151","targetHints":{"allow":["GET"]}}],"collection":[{"href":"https:\/\/www.escapadarural.com\/blog\/wp-json\/wp\/v2\/posts"}],"about":[{"href":"https:\/\/www.escapadarural.com\/blog\/wp-json\/wp\/v2\/types\/post"}],"author":[{"embeddable":true,"href":"https:\/\/www.escapadarural.com\/blog\/wp-json\/wp\/v2\/users\/89"}],"replies":[{"embeddable":true,"href":"https:\/\/www.escapadarural.com\/blog\/wp-json\/wp\/v2\/comments?post=13151"}],"version-history":[{"count":0,"href":"https:\/\/www.escapadarural.com\/blog\/wp-json\/wp\/v2\/posts\/13151\/revisions"}],"wp:featuredmedia":[{"embeddable":true,"href":"https:\/\/www.escapadarural.com\/blog\/wp-json\/wp\/v2\/media\/103152"}],"wp:attachment":[{"href":"https:\/\/www.escapadarural.com\/blog\/wp-json\/wp\/v2\/media?parent=13151"}],"wp:term":[{"taxonomy":"category","embeddable":true,"href":"https:\/\/www.escapadarural.com\/blog\/wp-json\/wp\/v2\/categories?post=13151"},{"taxonomy":"post_tag","embeddable":true,"href":"https:\/\/www.escapadarural.com\/blog\/wp-json\/wp\/v2\/tags?post=13151"}],"curies":[{"name":"wp","href":"https:\/\/api.w.org\/{rel}","templated":true}]}}