{"id":13199,"date":"2021-11-08T08:00:00","date_gmt":"2021-11-08T07:00:00","guid":{"rendered":"http:\/\/15.188.81.248\/?p=13199"},"modified":"2025-08-12T16:51:29","modified_gmt":"2025-08-12T14:51:29","slug":"valdelavilla-serie-el-pueblo","status":"publish","type":"post","link":"https:\/\/www.escapadarural.com\/blog\/valdelavilla-serie-el-pueblo\/","title":{"rendered":"Valdelavilla, el escenario real de la serie El Pueblo"},"content":{"rendered":"\n<figure class=\"wp-block-image size-large\"><img decoding=\"async\" src=\"\/blog\/wp-content\/uploads\/2020\/05\/El-pueblo20.jpg\" alt=\"Valdelavilla\" class=\"wp-image-17304\"\/><figcaption>El pueblo. Por Mediaset Espa\u00f1a<\/figcaption><\/figure>\n\n\n\n<p>Durante los \u00faltimos a\u00f1os, el ideal de la vuelta al pueblo se ha ido popularizando cada vez m\u00e1s. El ritmo de vida alienante de las ciudades ha dotado al campo de un aura de para\u00edso en el que la rutina no es una losa sino una ventaja. Adem\u00e1s, la realidad de la Espa\u00f1a vaciada, que parece un tema constante a tratar en los medios, deja la mudanza a la aldea como una posibilidad de vivienda a la que recurrir en caso de saturaci\u00f3n total (o bancarrota).<\/p>\n\n\n\n<p>Repoblar una localidad en la que no queda nadie (o casi), montar negocios de agricultura ecol\u00f3gica y energ\u00edas renovables, ocupar una casita abandonada y reformarla poco a poco. Esa es la fantas\u00eda de quienes sue\u00f1an con librarse de las grandes urbes pero que generalmente no tienen ni idea de lo que es vivir en un pueblo. Las cosas como son.<\/p>\n\n\n\n<p>Esa es la idea que da pie a\u00a0<strong>la serie\u00a0<em>El Pueblo<\/em><\/strong>, producida por Contubernio Films y que se estren\u00f3 en Telecinco en enero de 2020 (lleg\u00f3 primero a la plataforma de <em>streaming<\/em> Amazon Prime). Un grupo de personas, cada uno con sus problemas y sus objetivos, se unen a la iniciativa de una pareja de hippies de crear<strong>\u00a0una comunidad en una aldea abandonada<\/strong>.<\/p>\n\n\n\n<p>Pero cuando llegan se encuentran con que&nbsp;<strong>no estaba tan vac\u00eda<\/strong>&nbsp;como se pensaban sino que a\u00fan hay vecinos (muy pocos, pero hay) viviendo en el lugar. Estos les acogen con la idea de renovar el ambiente del pueblo, aunque los nuevos inquilinos no son precisamente resilientes.<\/p>\n\n\n\n<figure class=\"wp-block-image size-large\"><img decoding=\"async\" src=\"\/blog\/wp-content\/uploads\/2020\/05\/El-pueblo1.jpg\" alt=\"Valdelavilla\" class=\"wp-image-17305\"\/><figcaption>El pueblo. Por Mediaset Espa\u00f1a<\/figcaption><\/figure>\n\n\n\n<p>No entienden&nbsp;<strong>la vida en el campo<\/strong>&nbsp;y sus quejas sobre las incomodidades son constantes. Por su parte, los lugare\u00f1os no consiguen comprender por qu\u00e9 los reci\u00e9n llegados tienen tantos problemas para ellos absurdos. De ah\u00ed, surgen situaciones absurdas, conflictos y tramas sentimentales.<\/p>\n\n\n\n<p>Hay que tener en cuenta que los creadores de la serie son los mismos responsables de&nbsp;<strong>la famosa&nbsp;<em>La que se avecina<\/em><\/strong>&nbsp;y no han cambiado de tono: ambas series tienen el mismo esp\u00edritu.<\/p>\n\n\n\n<p>El escenario escogido para desarrollar la ficci\u00f3n es, precisamente, uno de los pueblos despoblados m\u00e1s famosos de Espa\u00f1a:\u00a0<a class=\"rank-math-link\" href=\"https:\/\/www.escapadarural.com\/casas-rurales\/valdelavilla\">Valdelavilla<\/a>\u00a0(su nombre en la ficci\u00f3n es Pe\u00f1afr\u00eda). Situada en la comarca de las\u00a0<a href=\"https:\/\/www.escapadarural.com\/casas-rurales\/tierras-altas-de-soria\" class=\"rank-math-link\">Tierras Altas de Soria<\/a>,\u00a0aunque su origen data de los siglos XI-XII, la aldea se qued\u00f3 deshabitada en los a\u00f1os 60 y durante a\u00f1os se mantuvo as\u00ed.<\/p>\n\n\n\n<h2 class=\"wp-block-heading\">Un espacio polivalente<\/h2>\n\n\n\n<figure class=\"wp-block-image size-large\"><img decoding=\"async\" src=\"\/blog\/wp-content\/uploads\/2020\/05\/Valdelavilla-1024x768.jpg\" alt=\"Valdelavilla\" class=\"wp-image-17306\"\/><figcaption>Valdelavilla. Por Morethanenglish<\/figcaption><\/figure>\n\n\n\n<p>Sin embargo, a finales de los a\u00f1os 90 el destino aparentemente marcado del pueblo dio un giro sorprendente. La entidad Caja Rural de Soria lo rehabilit\u00f3 en 1998 con la idea de convertirlo en\u00a0<strong>un complejo hotelero<\/strong>\u00a0y poder sacarle rentabilidad.<\/p>\n\n\n\n<p><strong>Richard Vaughan<\/strong>&nbsp;fue el primero en tener una idea de negocio. El fundador y due\u00f1o de la famosa empresa de ense\u00f1anza de ingl\u00e9s Vaughan Systems decidi\u00f3 aprovechar el espacio para montar una especie de retiro en el campo orientado a quienes quer\u00edan aprender el idioma.<\/p>\n\n\n\n<p>Los alumnos y alumnas pagaban por el alojamiento y las clases, como si acudiesen a&nbsp;<strong>un campamento ling\u00fc\u00edstico<\/strong>. El ingl\u00e9s se convert\u00eda en el idioma oficial de pueblo durante la estancia de personas. El negocio de Vaughan funcion\u00f3 durante una d\u00e9cada (fue una iniciativa muy novedosa en su momento) y por all\u00ed llegaron a pasar m\u00e1s de 5.000 personas.<\/p>\n\n\n\n<figure class=\"wp-block-image size-large\"><img decoding=\"async\" src=\"\/blog\/wp-content\/uploads\/2020\/05\/El-pueblo9.jpg\" alt=\"Valdelavilla\" class=\"wp-image-17308\"\/><figcaption>El pueblo. Por Mediaset Espa\u00f1a<\/figcaption><\/figure>\n\n\n\n<p>Cuando el empresario norteamericano se retir\u00f3, Valdelavilla pas\u00f3 a ser un complejo hotelero m\u00e1s, que se ofertaba sobre todo para celebrar eventos como bodas, congresos, actividades de empresas o retiros espirituales. El aforo es de 70 inquilinos, que se pueden alojar en 26 habitaciones. Y, un d\u00eda, pas\u00f3 a convertirse en&nbsp;<strong>un plat\u00f3 de televisi\u00f3n<\/strong>.<\/p>\n\n\n\n<p>Durante el rodaje, Carlos Areces, Santi Mill\u00e1n, Ingrid Rubio, Ruth D\u00edaz y el resto de actores&nbsp; vivieron junto al resto del equipo en las casas que se ven en la ficci\u00f3n. Por el momento se han emitido dos temporadas, aunque la tercera parece estar asegurada. Al p\u00fablico le gusta re\u00edrse y es posible que muchos habitantes de peque\u00f1as aldeas hayan visto reflejados en la televisi\u00f3n a algunos de sus nuevos vecinos llegados de la ciudad. Es una buena \u2013aunque exagerada\u2013 gu\u00eda de todo&nbsp;<strong>lo que no hay que hacer en un pueblo<\/strong>&nbsp;(cuando se va de visita o cuando se va a vivir all\u00ed, da igual).<\/p>\n\n\n\n<h2 class=\"wp-block-heading\">M\u00e1s all\u00e1 del decorado<\/h2>\n\n\n\n<figure class=\"wp-block-image size-large\"><img loading=\"lazy\" decoding=\"async\" width=\"1024\" height=\"768\" src=\"\/blog\/wp-content\/uploads\/2020\/05\/1440px-SAN_PEDRO_MANRIQUE-03-1024x768.jpg\" alt=\"Valdelavilla\" class=\"wp-image-17307\" srcset=\"https:\/\/www.escapadarural.com\/blog\/wp-content\/uploads\/2020\/05\/1440px-SAN_PEDRO_MANRIQUE-03-200x150.jpg 200w, https:\/\/www.escapadarural.com\/blog\/wp-content\/uploads\/2020\/05\/1440px-SAN_PEDRO_MANRIQUE-03-300x225.jpg 300w, https:\/\/www.escapadarural.com\/blog\/wp-content\/uploads\/2020\/05\/1440px-SAN_PEDRO_MANRIQUE-03-400x300.jpg 400w, https:\/\/www.escapadarural.com\/blog\/wp-content\/uploads\/2020\/05\/1440px-SAN_PEDRO_MANRIQUE-03-600x450.jpg 600w, https:\/\/www.escapadarural.com\/blog\/wp-content\/uploads\/2020\/05\/1440px-SAN_PEDRO_MANRIQUE-03-768x576.jpg 768w, https:\/\/www.escapadarural.com\/blog\/wp-content\/uploads\/2020\/05\/1440px-SAN_PEDRO_MANRIQUE-03-800x600.jpg 800w, https:\/\/www.escapadarural.com\/blog\/wp-content\/uploads\/2020\/05\/1440px-SAN_PEDRO_MANRIQUE-03-1024x768.jpg 1024w, https:\/\/www.escapadarural.com\/blog\/wp-content\/uploads\/2020\/05\/1440px-SAN_PEDRO_MANRIQUE-03-1200x900.jpg 1200w, https:\/\/www.escapadarural.com\/blog\/wp-content\/uploads\/2020\/05\/1440px-SAN_PEDRO_MANRIQUE-03.jpg 1440w\" sizes=\"auto, (max-width: 1024px) 100vw, 1024px\" \/><figcaption>San Pedro Manrique. Por Pigmentoazul<\/figcaption><\/figure>\n\n\n\n<p>Aunque Valdelavilla sea un pueblo rehabilitado y sin lugare\u00f1os, no deja de ser un mal destino en el que pasar unos \u2018d\u00edas rurales\u2019. Est\u00e1 cerca de otros pueblos como&nbsp;<a href=\"https:\/\/www.escapadarural.com\/casas-rurales\/fuentes-de-magana\" class=\"rank-math-link\">Fuentes de Maga\u00f1a<\/a>, en el que se pueden encontrar opciones para practicar senderismo en Las Rutas Naturales de Fuentes de Maga\u00f1a.<\/p>\n\n\n\n<p><a href=\"https:\/\/www.escapadarural.com\/casas-rurales\/san-pedro-manrique\">San Pedro Manrique<\/a>&nbsp;es otra aldea cercana, muy famosa por su forma de celebrar el d\u00eda y&nbsp;<strong>la noche de San Juan<\/strong>. Algunas mujeres, a las que llaman m\u00f3ndigas, se viste con el traje t\u00edpico que incluye unos cestos que cargan en la cabeza llenos de piedras y decorados con flores y otros adornos. Cuando cae la noche, encienden una hoguera junto a la ermita de la Virgen de la Pe\u00f1a y hacen una alfombra de brasas sobre la que caminan con los pies descalzos. A veces, la persona que pisa lleva a otra a cuestas. Se llama \u2018El paso del fuego\u2019.<\/p>\n\n\n\n<p>A unos 40 minutos en coche, se encuentra el\u00a0<strong>yacimiento arqueol\u00f3gico de Numancia<\/strong>. En \u00e9l se ha encontrado mucha informaci\u00f3n sobre los celt\u00edberos: desde c\u00f3mo era su cer\u00e1mica pintada hasta su necr\u00f3polis, uno de los \u00faltimos descubrimientos. En su p\u00e1gina web oficial se puede hacer una\u00a0<a class=\"rank-math-link\" href=\"https:\/\/numanciasoria.es\/es\/visitar-el-yacimiento\/visitar-el-yacimiento\" target=\"_blank\">visita virtual<\/a>\u00a0para hacerse una idea de todo lo que se puede aprender.<\/p>\n\n\n\n<p>Sin necesidad de desplazarse, Valdelavilla tambi\u00e9n ofrece un<strong>\u00a0entorno natural perfecto<\/strong>\u00a0para pasear y disfrutar del campo. El estr\u00e9s en ese lugar solo puede darse en la ficci\u00f3n.<\/p>\n\n\n\n<div class=\"wp-block-buttons is-layout-flex wp-block-buttons-is-layout-flex\">\n<div class=\"wp-block-button\"><a class=\"wp-block-button__link\" href=\"https:\/\/www.escapadarural.com\/casas-rurales\/valdelavilla\">Casas rurales en Valdelavilla<\/a><\/div>\n<\/div>\n","protected":false},"excerpt":{"rendered":"<p>El escenario escogido para desarrollar la ficci\u00f3n es uno de los pueblos despoblados m\u00e1s famosos de Espa\u00f1a: Valdelavilla (su nombre en la ficci\u00f3n es Pe\u00f1afr\u00eda). Situada en la comarca de las Tierras Altas de Soria, aunque su origen data de los siglos XI-XII, la aldea se qued\u00f3 deshabitada en los a\u00f1os 60 y durante a\u00f1os se mantuvo as\u00ed.<\/p>\n","protected":false},"author":114,"featured_media":193875,"comment_status":"open","ping_status":"closed","sticky":false,"template":"","format":"standard","meta":{"_acf_changed":false,"om_disable_all_campaigns":false,"footnotes":""},"categories":[231],"tags":[5995,3591,3592,3593,3594,2591,321,3595,3596,3597],"class_list":["post-13199","post","type-post","status-publish","format-standard","has-post-thumbnail","hentry","category-arte-y-cultura","tag-que-ver-en-castilla-y-leon","tag-edu-soto","tag-el-pueblo","tag-escenario","tag-santi-millan","tag-serie","tag-que-ver-en-soria","tag-telecinco","tag-tierras-altas","tag-valdelavilla"],"acf":[],"featured_image_src":"https:\/\/www.escapadarural.com\/blog\/wp-content\/uploads\/2024\/10\/07CuestasMagicas_Moncayo_herraez_AdobeStock_289351298_WP07.webp","author_info":{"display_name":"Carmen L\u00f3pez","author_link":"https:\/\/www.escapadarural.com\/blog\/autor\/carmenlopez\/"},"yoast_head":"<!-- This site is optimized with the Yoast SEO plugin v27.5 - https:\/\/yoast.com\/product\/yoast-seo-wordpress\/ -->\n<title>Valdelavilla, el escenario real de la serie El Pueblo - EscapadaRural<\/title>\n<meta name=\"robots\" content=\"index, follow, max-snippet:-1, max-image-preview:large, max-video-preview:-1\" \/>\n<link rel=\"canonical\" href=\"https:\/\/www.escapadarural.com\/blog\/valdelavilla-serie-el-pueblo\/\" \/>\n<meta property=\"og:locale\" content=\"es_ES\" \/>\n<meta property=\"og:type\" content=\"article\" \/>\n<meta property=\"og:title\" content=\"Valdelavilla, el escenario real de la serie El Pueblo - EscapadaRural\" \/>\n<meta property=\"og:description\" content=\"El escenario escogido para desarrollar la ficci\u00f3n es uno de los pueblos despoblados m\u00e1s famosos de Espa\u00f1a: Valdelavilla (su nombre en la ficci\u00f3n es Pe\u00f1afr\u00eda). Situada en la comarca de las Tierras Altas de Soria, aunque su origen data de los siglos XI-XII, la aldea se qued\u00f3 deshabitada en los a\u00f1os 60 y durante a\u00f1os se mantuvo as\u00ed.\" \/>\n<meta property=\"og:url\" content=\"https:\/\/www.escapadarural.com\/blog\/valdelavilla-serie-el-pueblo\/\" \/>\n<meta property=\"og:site_name\" content=\"Magazine de viajes de EscapadaRural\" \/>\n<meta property=\"article:publisher\" content=\"https:\/\/www.facebook.com\/escapadarural\" \/>\n<meta property=\"article:published_time\" content=\"2021-11-08T07:00:00+00:00\" \/>\n<meta property=\"article:modified_time\" content=\"2025-08-12T14:51:29+00:00\" \/>\n<meta property=\"og:image\" content=\"https:\/\/www.escapadarural.com\/blog\/wp-content\/uploads\/2024\/10\/07CuestasMagicas_Moncayo_herraez_AdobeStock_289351298_WP07.webp?v=1755010290\" \/>\n\t<meta property=\"og:image:width\" content=\"1024\" \/>\n\t<meta property=\"og:image:height\" content=\"478\" \/>\n\t<meta property=\"og:image:type\" content=\"image\/webp\" \/>\n<meta name=\"author\" content=\"Carmen L\u00f3pez\" \/>\n<meta name=\"twitter:card\" content=\"summary_large_image\" \/>\n<meta name=\"twitter:label1\" content=\"Escrito por\" \/>\n\t<meta name=\"twitter:data1\" content=\"Carmen L\u00f3pez\" \/>\n\t<meta name=\"twitter:label2\" content=\"Tiempo de lectura\" \/>\n\t<meta name=\"twitter:data2\" content=\"5 minutos\" \/>\n<script type=\"application\/ld+json\" class=\"yoast-schema-graph\">{\"@context\":\"https:\\\/\\\/schema.org\",\"@graph\":[{\"@type\":\"Article\",\"@id\":\"https:\\\/\\\/www.escapadarural.com\\\/blog\\\/valdelavilla-serie-el-pueblo\\\/#article\",\"isPartOf\":{\"@id\":\"https:\\\/\\\/www.escapadarural.com\\\/blog\\\/valdelavilla-serie-el-pueblo\\\/\"},\"author\":{\"name\":\"Carmen L\u00f3pez\",\"@id\":\"https:\\\/\\\/www.escapadarural.com\\\/blog\\\/#\\\/schema\\\/person\\\/42dfdff6118172efc6a04c8ae599a2ce\"},\"headline\":\"Valdelavilla, el escenario real de la serie El Pueblo\",\"datePublished\":\"2021-11-08T07:00:00+00:00\",\"dateModified\":\"2025-08-12T14:51:29+00:00\",\"mainEntityOfPage\":{\"@id\":\"https:\\\/\\\/www.escapadarural.com\\\/blog\\\/valdelavilla-serie-el-pueblo\\\/\"},\"wordCount\":1056,\"commentCount\":1,\"publisher\":{\"@id\":\"https:\\\/\\\/www.escapadarural.com\\\/blog\\\/#organization\"},\"image\":{\"@id\":\"https:\\\/\\\/www.escapadarural.com\\\/blog\\\/valdelavilla-serie-el-pueblo\\\/#primaryimage\"},\"thumbnailUrl\":\"https:\\\/\\\/www.escapadarural.com\\\/blog\\\/wp-content\\\/uploads\\\/2024\\\/10\\\/07CuestasMagicas_Moncayo_herraez_AdobeStock_289351298_WP07.webp\",\"keywords\":[\"Castilla y Le\u00f3n\",\"Edu Soto\",\"el pueblo\",\"escenario\",\"Santi Mill\u00e1n\",\"serie\",\"Soria\",\"Telecinco\",\"tierras altas\",\"valdelavilla\"],\"articleSection\":[\"Arte y Cultura\"],\"inLanguage\":\"es\",\"potentialAction\":[{\"@type\":\"CommentAction\",\"name\":\"Comment\",\"target\":[\"https:\\\/\\\/www.escapadarural.com\\\/blog\\\/valdelavilla-serie-el-pueblo\\\/#respond\"]}]},{\"@type\":\"WebPage\",\"@id\":\"https:\\\/\\\/www.escapadarural.com\\\/blog\\\/valdelavilla-serie-el-pueblo\\\/\",\"url\":\"https:\\\/\\\/www.escapadarural.com\\\/blog\\\/valdelavilla-serie-el-pueblo\\\/\",\"name\":\"Valdelavilla, el escenario real de la serie El Pueblo - EscapadaRural\",\"isPartOf\":{\"@id\":\"https:\\\/\\\/www.escapadarural.com\\\/blog\\\/#website\"},\"primaryImageOfPage\":{\"@id\":\"https:\\\/\\\/www.escapadarural.com\\\/blog\\\/valdelavilla-serie-el-pueblo\\\/#primaryimage\"},\"image\":{\"@id\":\"https:\\\/\\\/www.escapadarural.com\\\/blog\\\/valdelavilla-serie-el-pueblo\\\/#primaryimage\"},\"thumbnailUrl\":\"https:\\\/\\\/www.escapadarural.com\\\/blog\\\/wp-content\\\/uploads\\\/2024\\\/10\\\/07CuestasMagicas_Moncayo_herraez_AdobeStock_289351298_WP07.webp\",\"datePublished\":\"2021-11-08T07:00:00+00:00\",\"dateModified\":\"2025-08-12T14:51:29+00:00\",\"breadcrumb\":{\"@id\":\"https:\\\/\\\/www.escapadarural.com\\\/blog\\\/valdelavilla-serie-el-pueblo\\\/#breadcrumb\"},\"inLanguage\":\"es\",\"potentialAction\":[{\"@type\":\"ReadAction\",\"target\":[\"https:\\\/\\\/www.escapadarural.com\\\/blog\\\/valdelavilla-serie-el-pueblo\\\/\"]}]},{\"@type\":\"ImageObject\",\"inLanguage\":\"es\",\"@id\":\"https:\\\/\\\/www.escapadarural.com\\\/blog\\\/valdelavilla-serie-el-pueblo\\\/#primaryimage\",\"url\":\"https:\\\/\\\/www.escapadarural.com\\\/blog\\\/wp-content\\\/uploads\\\/2024\\\/10\\\/07CuestasMagicas_Moncayo_herraez_AdobeStock_289351298_WP07.webp\",\"contentUrl\":\"https:\\\/\\\/www.escapadarural.com\\\/blog\\\/wp-content\\\/uploads\\\/2024\\\/10\\\/07CuestasMagicas_Moncayo_herraez_AdobeStock_289351298_WP07.webp\",\"width\":1024,\"height\":478,\"caption\":\"Las faldas del Moncayo y el pueblo de Vozmediano, donde se ubica una de las cuestas m\u00e1gicas m\u00e1s populares de Espa\u00f1a. Por herraez.\"},{\"@type\":\"BreadcrumbList\",\"@id\":\"https:\\\/\\\/www.escapadarural.com\\\/blog\\\/valdelavilla-serie-el-pueblo\\\/#breadcrumb\",\"itemListElement\":[{\"@type\":\"ListItem\",\"position\":1,\"name\":\"Inicio\",\"item\":\"https:\\\/\\\/www.escapadarural.com\\\/blog\\\/\"},{\"@type\":\"ListItem\",\"position\":2,\"name\":\"Arte y Cultura\",\"item\":\"https:\\\/\\\/www.escapadarural.com\\\/blog\\\/categoria\\\/arte-y-cultura\\\/\"},{\"@type\":\"ListItem\",\"position\":3,\"name\":\"Valdelavilla, el escenario real de la serie El Pueblo\"}]},{\"@type\":\"WebSite\",\"@id\":\"https:\\\/\\\/www.escapadarural.com\\\/blog\\\/#website\",\"url\":\"https:\\\/\\\/www.escapadarural.com\\\/blog\\\/\",\"name\":\"Blog de viajes | turismo rural, alojamientos e inspiraci\u00f3n\",\"description\":\"Alojamientos rurales e inspiraci\u00f3n para tus escapadas\",\"publisher\":{\"@id\":\"https:\\\/\\\/www.escapadarural.com\\\/blog\\\/#organization\"},\"alternateName\":\"Magazine de viajes de EscapadaRural\",\"potentialAction\":[{\"@type\":\"SearchAction\",\"target\":{\"@type\":\"EntryPoint\",\"urlTemplate\":\"https:\\\/\\\/www.escapadarural.com\\\/blog\\\/?s={search_term_string}\"},\"query-input\":{\"@type\":\"PropertyValueSpecification\",\"valueRequired\":true,\"valueName\":\"search_term_string\"}}],\"inLanguage\":\"es\"},{\"@type\":\"Organization\",\"@id\":\"https:\\\/\\\/www.escapadarural.com\\\/blog\\\/#organization\",\"name\":\"EscapadaRural\",\"url\":\"https:\\\/\\\/www.escapadarural.com\\\/blog\\\/\",\"logo\":{\"@type\":\"ImageObject\",\"inLanguage\":\"es\",\"@id\":\"https:\\\/\\\/www.escapadarural.com\\\/blog\\\/#\\\/schema\\\/logo\\\/image\\\/\",\"url\":\"https:\\\/\\\/www.escapadarural.com\\\/blog\\\/wp-content\\\/uploads\\\/2024\\\/10\\\/cropped-cropped-escapada-rural-icon-mag-3.png\",\"contentUrl\":\"https:\\\/\\\/www.escapadarural.com\\\/blog\\\/wp-content\\\/uploads\\\/2024\\\/10\\\/cropped-cropped-escapada-rural-icon-mag-3.png\",\"width\":512,\"height\":512,\"caption\":\"EscapadaRural\"},\"image\":{\"@id\":\"https:\\\/\\\/www.escapadarural.com\\\/blog\\\/#\\\/schema\\\/logo\\\/image\\\/\"},\"sameAs\":[\"https:\\\/\\\/www.facebook.com\\\/escapadarural\",\"https:\\\/\\\/www.instagram.com\\\/escapadarural\\\/\",\"https:\\\/\\\/www.youtube.com\\\/@escapadaruralcom\"]},{\"@type\":\"Person\",\"@id\":\"https:\\\/\\\/www.escapadarural.com\\\/blog\\\/#\\\/schema\\\/person\\\/42dfdff6118172efc6a04c8ae599a2ce\",\"name\":\"Carmen L\u00f3pez\",\"image\":{\"@type\":\"ImageObject\",\"inLanguage\":\"es\",\"@id\":\"https:\\\/\\\/www.escapadarural.com\\\/blog\\\/wp-content\\\/uploads\\\/2024\\\/11\\\/cropped-perfil_eldiario-96x96-1-96x96.jpeg\",\"url\":\"https:\\\/\\\/www.escapadarural.com\\\/blog\\\/wp-content\\\/uploads\\\/2024\\\/11\\\/cropped-perfil_eldiario-96x96-1-96x96.jpeg\",\"contentUrl\":\"https:\\\/\\\/www.escapadarural.com\\\/blog\\\/wp-content\\\/uploads\\\/2024\\\/11\\\/cropped-perfil_eldiario-96x96-1-96x96.jpeg\",\"caption\":\"Carmen L\u00f3pez\"},\"description\":\"Soy periodista y escribo sobre cosas que importan en sitios que interesan desde hace m\u00e1s de una d\u00e9cada.\",\"url\":\"https:\\\/\\\/www.escapadarural.com\\\/blog\\\/autor\\\/carmenlopez\\\/\"}]}<\/script>\n<!-- \/ Yoast SEO plugin. -->","yoast_head_json":{"title":"Valdelavilla, el escenario real de la serie El Pueblo - EscapadaRural","robots":{"index":"index","follow":"follow","max-snippet":"max-snippet:-1","max-image-preview":"max-image-preview:large","max-video-preview":"max-video-preview:-1"},"canonical":"https:\/\/www.escapadarural.com\/blog\/valdelavilla-serie-el-pueblo\/","og_locale":"es_ES","og_type":"article","og_title":"Valdelavilla, el escenario real de la serie El Pueblo - EscapadaRural","og_description":"El escenario escogido para desarrollar la ficci\u00f3n es uno de los pueblos despoblados m\u00e1s famosos de Espa\u00f1a: Valdelavilla (su nombre en la ficci\u00f3n es Pe\u00f1afr\u00eda). Situada en la comarca de las Tierras Altas de Soria, aunque su origen data de los siglos XI-XII, la aldea se qued\u00f3 deshabitada en los a\u00f1os 60 y durante a\u00f1os se mantuvo as\u00ed.","og_url":"https:\/\/www.escapadarural.com\/blog\/valdelavilla-serie-el-pueblo\/","og_site_name":"Magazine de viajes de EscapadaRural","article_publisher":"https:\/\/www.facebook.com\/escapadarural","article_published_time":"2021-11-08T07:00:00+00:00","article_modified_time":"2025-08-12T14:51:29+00:00","og_image":[{"width":1024,"height":478,"url":"https:\/\/www.escapadarural.com\/blog\/wp-content\/uploads\/2024\/10\/07CuestasMagicas_Moncayo_herraez_AdobeStock_289351298_WP07.webp?v=1755010290","type":"image\/webp"}],"author":"Carmen L\u00f3pez","twitter_card":"summary_large_image","twitter_misc":{"Escrito por":"Carmen L\u00f3pez","Tiempo de lectura":"5 minutos"},"schema":{"@context":"https:\/\/schema.org","@graph":[{"@type":"Article","@id":"https:\/\/www.escapadarural.com\/blog\/valdelavilla-serie-el-pueblo\/#article","isPartOf":{"@id":"https:\/\/www.escapadarural.com\/blog\/valdelavilla-serie-el-pueblo\/"},"author":{"name":"Carmen L\u00f3pez","@id":"https:\/\/www.escapadarural.com\/blog\/#\/schema\/person\/42dfdff6118172efc6a04c8ae599a2ce"},"headline":"Valdelavilla, el escenario real de la serie El Pueblo","datePublished":"2021-11-08T07:00:00+00:00","dateModified":"2025-08-12T14:51:29+00:00","mainEntityOfPage":{"@id":"https:\/\/www.escapadarural.com\/blog\/valdelavilla-serie-el-pueblo\/"},"wordCount":1056,"commentCount":1,"publisher":{"@id":"https:\/\/www.escapadarural.com\/blog\/#organization"},"image":{"@id":"https:\/\/www.escapadarural.com\/blog\/valdelavilla-serie-el-pueblo\/#primaryimage"},"thumbnailUrl":"https:\/\/www.escapadarural.com\/blog\/wp-content\/uploads\/2024\/10\/07CuestasMagicas_Moncayo_herraez_AdobeStock_289351298_WP07.webp","keywords":["Castilla y Le\u00f3n","Edu Soto","el pueblo","escenario","Santi Mill\u00e1n","serie","Soria","Telecinco","tierras altas","valdelavilla"],"articleSection":["Arte y Cultura"],"inLanguage":"es","potentialAction":[{"@type":"CommentAction","name":"Comment","target":["https:\/\/www.escapadarural.com\/blog\/valdelavilla-serie-el-pueblo\/#respond"]}]},{"@type":"WebPage","@id":"https:\/\/www.escapadarural.com\/blog\/valdelavilla-serie-el-pueblo\/","url":"https:\/\/www.escapadarural.com\/blog\/valdelavilla-serie-el-pueblo\/","name":"Valdelavilla, el escenario real de la serie El Pueblo - EscapadaRural","isPartOf":{"@id":"https:\/\/www.escapadarural.com\/blog\/#website"},"primaryImageOfPage":{"@id":"https:\/\/www.escapadarural.com\/blog\/valdelavilla-serie-el-pueblo\/#primaryimage"},"image":{"@id":"https:\/\/www.escapadarural.com\/blog\/valdelavilla-serie-el-pueblo\/#primaryimage"},"thumbnailUrl":"https:\/\/www.escapadarural.com\/blog\/wp-content\/uploads\/2024\/10\/07CuestasMagicas_Moncayo_herraez_AdobeStock_289351298_WP07.webp","datePublished":"2021-11-08T07:00:00+00:00","dateModified":"2025-08-12T14:51:29+00:00","breadcrumb":{"@id":"https:\/\/www.escapadarural.com\/blog\/valdelavilla-serie-el-pueblo\/#breadcrumb"},"inLanguage":"es","potentialAction":[{"@type":"ReadAction","target":["https:\/\/www.escapadarural.com\/blog\/valdelavilla-serie-el-pueblo\/"]}]},{"@type":"ImageObject","inLanguage":"es","@id":"https:\/\/www.escapadarural.com\/blog\/valdelavilla-serie-el-pueblo\/#primaryimage","url":"https:\/\/www.escapadarural.com\/blog\/wp-content\/uploads\/2024\/10\/07CuestasMagicas_Moncayo_herraez_AdobeStock_289351298_WP07.webp","contentUrl":"https:\/\/www.escapadarural.com\/blog\/wp-content\/uploads\/2024\/10\/07CuestasMagicas_Moncayo_herraez_AdobeStock_289351298_WP07.webp","width":1024,"height":478,"caption":"Las faldas del Moncayo y el pueblo de Vozmediano, donde se ubica una de las cuestas m\u00e1gicas m\u00e1s populares de Espa\u00f1a. Por herraez."},{"@type":"BreadcrumbList","@id":"https:\/\/www.escapadarural.com\/blog\/valdelavilla-serie-el-pueblo\/#breadcrumb","itemListElement":[{"@type":"ListItem","position":1,"name":"Inicio","item":"https:\/\/www.escapadarural.com\/blog\/"},{"@type":"ListItem","position":2,"name":"Arte y Cultura","item":"https:\/\/www.escapadarural.com\/blog\/categoria\/arte-y-cultura\/"},{"@type":"ListItem","position":3,"name":"Valdelavilla, el escenario real de la serie El Pueblo"}]},{"@type":"WebSite","@id":"https:\/\/www.escapadarural.com\/blog\/#website","url":"https:\/\/www.escapadarural.com\/blog\/","name":"Blog de viajes | turismo rural, alojamientos e inspiraci\u00f3n","description":"Alojamientos rurales e inspiraci\u00f3n para tus escapadas","publisher":{"@id":"https:\/\/www.escapadarural.com\/blog\/#organization"},"alternateName":"Magazine de viajes de EscapadaRural","potentialAction":[{"@type":"SearchAction","target":{"@type":"EntryPoint","urlTemplate":"https:\/\/www.escapadarural.com\/blog\/?s={search_term_string}"},"query-input":{"@type":"PropertyValueSpecification","valueRequired":true,"valueName":"search_term_string"}}],"inLanguage":"es"},{"@type":"Organization","@id":"https:\/\/www.escapadarural.com\/blog\/#organization","name":"EscapadaRural","url":"https:\/\/www.escapadarural.com\/blog\/","logo":{"@type":"ImageObject","inLanguage":"es","@id":"https:\/\/www.escapadarural.com\/blog\/#\/schema\/logo\/image\/","url":"https:\/\/www.escapadarural.com\/blog\/wp-content\/uploads\/2024\/10\/cropped-cropped-escapada-rural-icon-mag-3.png","contentUrl":"https:\/\/www.escapadarural.com\/blog\/wp-content\/uploads\/2024\/10\/cropped-cropped-escapada-rural-icon-mag-3.png","width":512,"height":512,"caption":"EscapadaRural"},"image":{"@id":"https:\/\/www.escapadarural.com\/blog\/#\/schema\/logo\/image\/"},"sameAs":["https:\/\/www.facebook.com\/escapadarural","https:\/\/www.instagram.com\/escapadarural\/","https:\/\/www.youtube.com\/@escapadaruralcom"]},{"@type":"Person","@id":"https:\/\/www.escapadarural.com\/blog\/#\/schema\/person\/42dfdff6118172efc6a04c8ae599a2ce","name":"Carmen L\u00f3pez","image":{"@type":"ImageObject","inLanguage":"es","@id":"https:\/\/www.escapadarural.com\/blog\/wp-content\/uploads\/2024\/11\/cropped-perfil_eldiario-96x96-1-96x96.jpeg","url":"https:\/\/www.escapadarural.com\/blog\/wp-content\/uploads\/2024\/11\/cropped-perfil_eldiario-96x96-1-96x96.jpeg","contentUrl":"https:\/\/www.escapadarural.com\/blog\/wp-content\/uploads\/2024\/11\/cropped-perfil_eldiario-96x96-1-96x96.jpeg","caption":"Carmen L\u00f3pez"},"description":"Soy periodista y escribo sobre cosas que importan en sitios que interesan desde hace m\u00e1s de una d\u00e9cada.","url":"https:\/\/www.escapadarural.com\/blog\/autor\/carmenlopez\/"}]}},"_links":{"self":[{"href":"https:\/\/www.escapadarural.com\/blog\/wp-json\/wp\/v2\/posts\/13199","targetHints":{"allow":["GET"]}}],"collection":[{"href":"https:\/\/www.escapadarural.com\/blog\/wp-json\/wp\/v2\/posts"}],"about":[{"href":"https:\/\/www.escapadarural.com\/blog\/wp-json\/wp\/v2\/types\/post"}],"author":[{"embeddable":true,"href":"https:\/\/www.escapadarural.com\/blog\/wp-json\/wp\/v2\/users\/114"}],"replies":[{"embeddable":true,"href":"https:\/\/www.escapadarural.com\/blog\/wp-json\/wp\/v2\/comments?post=13199"}],"version-history":[{"count":0,"href":"https:\/\/www.escapadarural.com\/blog\/wp-json\/wp\/v2\/posts\/13199\/revisions"}],"wp:featuredmedia":[{"embeddable":true,"href":"https:\/\/www.escapadarural.com\/blog\/wp-json\/wp\/v2\/media\/193875"}],"wp:attachment":[{"href":"https:\/\/www.escapadarural.com\/blog\/wp-json\/wp\/v2\/media?parent=13199"}],"wp:term":[{"taxonomy":"category","embeddable":true,"href":"https:\/\/www.escapadarural.com\/blog\/wp-json\/wp\/v2\/categories?post=13199"},{"taxonomy":"post_tag","embeddable":true,"href":"https:\/\/www.escapadarural.com\/blog\/wp-json\/wp\/v2\/tags?post=13199"}],"curies":[{"name":"wp","href":"https:\/\/api.w.org\/{rel}","templated":true}]}}