{"id":1405,"date":"2011-10-04T09:30:37","date_gmt":"2011-10-04T09:30:37","guid":{"rendered":"http:\/\/15.188.81.248\/2011\/10\/04\/verde-y-blanco-pinsapo-y-nieve\/"},"modified":"2025-07-25T14:16:49","modified_gmt":"2025-07-25T12:16:49","slug":"verde-y-blanco-pinsapo-y-nieve","status":"publish","type":"post","link":"https:\/\/www.escapadarural.com\/blog\/verde-y-blanco-pinsapo-y-nieve\/","title":{"rendered":"Verde y blanco, pinsapo y nieve"},"content":{"rendered":"\n<p>El pinsapo es un \u00e1rbol que s\u00f3lo crece espont\u00e1neamente en la serran\u00eda de Ronda. El resto de ejemplares presentes en Europa tienen son fruto de la persistencia del hombre por decorar sus ciudades y contornos. En el <strong>Parque Natural Sierra de las Nieves<\/strong> sobreviven los pinsapos, una de las reliquias bot\u00e1nicas de la pen\u00ednsula.<\/p>\n\n\n\n<p>La Sierra de las Nieves tiene un nombre tan po\u00e9tico como descriptivo. Se reajustan los <strong>colores<\/strong> en el invierno en esta parte de M\u00e1laga, entre el blanco y el verde. Pero hay quien prefiere el azul (los monta\u00f1eros que alcanzan el Pico Torrecilla, de 1.919 m) o la oscuridad silenciosa (los espele\u00f3logos que llegan atra\u00eddos por los <a href=\"https:\/\/www.escapadarural.com\/blog\/4-pozas-naturales-que-valen-mas-que-una-piscina-infinita\/\" title=\"4 pozas naturales que valen m\u00e1s que una piscina infinita\"  data-wpil-monitor-id=\"1244\">pozos naturales<\/a> como el GESM, de m\u00e1s de 1.000 m de profundidad).<\/p>\n\n\n\n<h3 class=\"wp-block-heading\" id=\"h-los-pinsapos-y-la-tierra\">Los pinsapos y la tierra<\/h3>\n\n\n\n<p>El pinsapo crece de forma natural en las zonas umbr\u00edas y h\u00famedas de la Sierra de las Nieves. Algunos de ellos se han mantenido en este rinc\u00f3n andaluz desde hace 500 a\u00f1os. El pinsapo de la Escalereta es uno de ellos, y por este motivo est\u00e1 declarado como <a href=\"https:\/\/www.escapadarural.com\/blog\/la-montana-que-pintabas-de-pequeno-esta-en-extremadura\/\" title=\"La monta\u00f1a que pintabas de peque\u00f1o est\u00e1 en Extremadura\"  data-wpil-monitor-id=\"1245\">Monumento Natural<\/a>. En torno al dominio \u00abpinsapesco\u00bb se arremolinan los casta\u00f1os, las encinas o los alcornoques. Como los reyes, el poder se manifiesta en las mayores alturas.<\/p>\n\n\n\n<p>Claro que abunda una fauna aut\u00f3ctona entre tanta vegetaci\u00f3n. Llegan por tierra las cabras de monte, los corzos; por aire las \u00e1guilas y b\u00fahos reales y los gavilanes y azores; por mar, por r\u00edo mejor, las nutrias para poner de relieve la calidad de las guas.<\/p>\n\n\n\n<h3 class=\"wp-block-heading\" id=\"h-las-cumbres-y-el-cielo\">Las cumbres y el cielo<\/h3>\n\n\n\n<p>En las cimas del parque natural (20.163 ha de extensi\u00f3n) se contemplan los <a href=\"https:\/\/www.escapadarural.com\/blog\/que-ver-en-la-sierra-de-la-demanda-burgos\/\" title=\"Sierra de la Demanda, rutas y paisajes en la \u00abLaponia burgalesa\u00bb\"  data-wpil-monitor-id=\"1247\">paisajes de los municipios de El Burgo<\/a>, Istan, Monta, Parauta, Ronda, Tolox y Yunquera. Son los territorios que se incluyen dentro del <a href=\"https:\/\/www.escapadarural.com\/blog\/espacios-marinos-protegidos-en-espana\/\" title=\"Los nuevos espacios marinos protegidos en Espa\u00f1a\"  data-wpil-monitor-id=\"1246\">espacio protegido<\/a>. Para convertirse en los m\u00e1s altos de la provincia malague\u00f1a llegan hasta aqu\u00ed alpinista y excursionistas de todos los rincones.<\/p>\n\n\n\n<p>El m\u00e1s alto es el pico Torrecilla, con 1.919 metros de altitud. Hay <a href=\"https:\/\/www.juntadeandalucia.es\/medioambiente\/servtc5\/ventana\/resultadoEquipamientos.do?tipoBusqueda=sendero&amp;idEspacio=7426\" target=\"_blank\" rel=\"noreferrer noopener\" class=\"rank-math-link\">rutas de senderismo<\/a> que proponen una ascensi\u00f3n sencilla, aunque conviene tomar las debidas precauciones y no lanzarse a la aventura sin un gu\u00eda con experiencia. Una propuesta sale desde Los Quejigales (16 km, unas 6 h de duraci\u00f3n). En invierno, la empresa es una locura para el ciudadano medio.<\/p>\n\n\n<div class=\"wp-block-image\">\n<figure class=\"aligncenter size-large\"><a href=\"https:\/\/www.escapadarural.com\/blog\/wp-content\/uploads\/2011\/10\/sima-3-1.jpg\"><img loading=\"lazy\" decoding=\"async\" width=\"500\" height=\"375\" src=\"https:\/\/www.escapadarural.com\/blog\/wp-content\/uploads\/2011\/10\/sima-3-1.jpg\" alt=\"sima\" class=\"wp-image-112913\" srcset=\"https:\/\/www.escapadarural.com\/blog\/wp-content\/uploads\/2011\/10\/sima-3-1-200x150.jpg 200w, https:\/\/www.escapadarural.com\/blog\/wp-content\/uploads\/2011\/10\/sima-3-1-300x225.jpg 300w, https:\/\/www.escapadarural.com\/blog\/wp-content\/uploads\/2011\/10\/sima-3-1-400x300.jpg 400w, https:\/\/www.escapadarural.com\/blog\/wp-content\/uploads\/2011\/10\/sima-3-1.jpg 500w\" sizes=\"auto, (max-width: 500px) 100vw, 500px\" \/><\/a><figcaption class=\"wp-element-caption\">Fuente: Manu Guerrero\n\n<\/figcaption><\/figure>\n<\/div>\n\n\n<h3 class=\"wp-block-heading\" id=\"h-las-simas-y-las-profundidades\">Las simas y las profundidades<\/h3>\n\n\n\n<p>La Sima GESM es el sistema cavernoso del coraz\u00f3n de la Sierra de las Nieves con 1.022 metros de profundidad. A m\u00e1s de 7 km de distancia de este lugar comprendido en en el t\u00e9rmino de Tolox se encuentra el <a href=\"https:\/\/www.escapadarural.com\/blog\/como-ver-el-nacimiento-del-rio-mundo\/\" title=\"C\u00f3mo ver el nacimiento del r\u00edo Mundo en Albacete\"  data-wpil-monitor-id=\"1248\">nacimiento del r\u00edo<\/a> que ha construido esta carretera subterr\u00e1nea: el nacimiento de Zarzalones, en Yunquera.<\/p>\n\n\n\n<p>Los que se lanzan a la espeleolog\u00eda en este enclave consiguen ver el Gran Pozo (110 m) y el Pozo Paco de la Torre (145 m), espectaculares panor\u00e1micas verticales, o la galer\u00eda del sif\u00f3n del Barro. M\u00e1s informaci\u00f3n sobre el Sistema Sima Gesm &#8211; Sima de la Luz<\/p>\n","protected":false},"excerpt":{"rendered":"<p>El Parque Natural Sierra de las Nieves se encuentra en la provincia de M\u00e1laga. Aqu\u00ed crecen especies \u00fanicas, se abren abismos bajo tierra y tocan las cumbres el cielo&#8230;<\/p>\n","protected":false},"author":136,"featured_media":109761,"comment_status":"open","ping_status":"closed","sticky":false,"template":"","format":"standard","meta":{"_acf_changed":false,"om_disable_all_campaigns":false,"footnotes":""},"categories":[191],"tags":[448,260,792,790,579,866,791],"class_list":["post-1405","post","type-post","status-publish","format-standard","has-post-thumbnail","hentry","category-destinos","tag-que-ver-en-andalucia","tag-articulo","tag-que-ver-en-malaga","tag-nieve","tag-parque-natural","tag-parques-naturales","tag-pinsapo"],"acf":[],"featured_image_src":"https:\/\/www.escapadarural.com\/blog\/wp-content\/uploads\/2011\/10\/nieves-1.jpg","author_info":{"display_name":"Escapada Rural","author_link":"https:\/\/www.escapadarural.com\/blog\/autor\/user\/"},"yoast_head":"<!-- This site is optimized with the Yoast SEO plugin v27.5 - https:\/\/yoast.com\/product\/yoast-seo-wordpress\/ -->\n<title>Verde y blanco, pinsapo y nieve - EscapadaRural<\/title>\n<meta name=\"robots\" content=\"index, follow, max-snippet:-1, max-image-preview:large, max-video-preview:-1\" \/>\n<link rel=\"canonical\" href=\"https:\/\/www.escapadarural.com\/blog\/verde-y-blanco-pinsapo-y-nieve\/\" \/>\n<meta property=\"og:locale\" content=\"es_ES\" \/>\n<meta property=\"og:type\" content=\"article\" \/>\n<meta property=\"og:title\" content=\"Verde y blanco, pinsapo y nieve - EscapadaRural\" \/>\n<meta property=\"og:description\" content=\"El Parque Natural Sierra de las Nieves se encuentra en la provincia de M\u00e1laga. Aqu\u00ed crecen especies \u00fanicas, se abren abismos bajo tierra y tocan las cumbres el cielo...\" \/>\n<meta property=\"og:url\" content=\"https:\/\/www.escapadarural.com\/blog\/verde-y-blanco-pinsapo-y-nieve\/\" \/>\n<meta property=\"og:site_name\" content=\"Magazine de viajes de EscapadaRural\" \/>\n<meta property=\"article:publisher\" content=\"https:\/\/www.facebook.com\/escapadarural\" \/>\n<meta property=\"article:author\" content=\"https:\/\/www.facebook.com\/escapadarural\" \/>\n<meta property=\"article:published_time\" content=\"2011-10-04T09:30:37+00:00\" \/>\n<meta property=\"article:modified_time\" content=\"2025-07-25T12:16:49+00:00\" \/>\n<meta property=\"og:image\" content=\"https:\/\/www.escapadarural.com\/blog\/wp-content\/uploads\/2011\/10\/nieves-1.jpg?v=1753445837\" \/>\n\t<meta property=\"og:image:width\" content=\"500\" \/>\n\t<meta property=\"og:image:height\" content=\"375\" \/>\n\t<meta property=\"og:image:type\" content=\"image\/jpeg\" \/>\n<meta name=\"author\" content=\"Escapada Rural\" \/>\n<meta name=\"twitter:card\" content=\"summary_large_image\" \/>\n<meta name=\"twitter:creator\" content=\"@https:\/\/x.com\/i\/flow\/login?redirect_after_login=escapadarural\" \/>\n<meta name=\"twitter:label1\" content=\"Escrito por\" \/>\n\t<meta name=\"twitter:data1\" content=\"Escapada Rural\" \/>\n\t<meta name=\"twitter:label2\" content=\"Tiempo de lectura\" \/>\n\t<meta name=\"twitter:data2\" content=\"3 minutos\" \/>\n<script type=\"application\/ld+json\" class=\"yoast-schema-graph\">{\"@context\":\"https:\\\/\\\/schema.org\",\"@graph\":[{\"@type\":\"Article\",\"@id\":\"https:\\\/\\\/www.escapadarural.com\\\/blog\\\/verde-y-blanco-pinsapo-y-nieve\\\/#article\",\"isPartOf\":{\"@id\":\"https:\\\/\\\/www.escapadarural.com\\\/blog\\\/verde-y-blanco-pinsapo-y-nieve\\\/\"},\"author\":{\"name\":\"Escapada Rural\",\"@id\":\"https:\\\/\\\/www.escapadarural.com\\\/blog\\\/#\\\/schema\\\/person\\\/d9ee55ff3e0cef41d6eac8922b4f972c\"},\"headline\":\"Verde y blanco, pinsapo y nieve\",\"datePublished\":\"2011-10-04T09:30:37+00:00\",\"dateModified\":\"2025-07-25T12:16:49+00:00\",\"mainEntityOfPage\":{\"@id\":\"https:\\\/\\\/www.escapadarural.com\\\/blog\\\/verde-y-blanco-pinsapo-y-nieve\\\/\"},\"wordCount\":517,\"commentCount\":0,\"publisher\":{\"@id\":\"https:\\\/\\\/www.escapadarural.com\\\/blog\\\/#organization\"},\"image\":{\"@id\":\"https:\\\/\\\/www.escapadarural.com\\\/blog\\\/verde-y-blanco-pinsapo-y-nieve\\\/#primaryimage\"},\"thumbnailUrl\":\"https:\\\/\\\/www.escapadarural.com\\\/blog\\\/wp-content\\\/uploads\\\/2011\\\/10\\\/nieves-1.jpg\",\"keywords\":[\"Andaluc\u00eda\",\"art\u00edculo\",\"M\u00e1laga\",\"Nieve\",\"Parque Natural\",\"Parques Naturales\",\"pinsapo\"],\"articleSection\":[\"Destinos\"],\"inLanguage\":\"es\",\"potentialAction\":[{\"@type\":\"CommentAction\",\"name\":\"Comment\",\"target\":[\"https:\\\/\\\/www.escapadarural.com\\\/blog\\\/verde-y-blanco-pinsapo-y-nieve\\\/#respond\"]}]},{\"@type\":\"WebPage\",\"@id\":\"https:\\\/\\\/www.escapadarural.com\\\/blog\\\/verde-y-blanco-pinsapo-y-nieve\\\/\",\"url\":\"https:\\\/\\\/www.escapadarural.com\\\/blog\\\/verde-y-blanco-pinsapo-y-nieve\\\/\",\"name\":\"Verde y blanco, pinsapo y nieve - EscapadaRural\",\"isPartOf\":{\"@id\":\"https:\\\/\\\/www.escapadarural.com\\\/blog\\\/#website\"},\"primaryImageOfPage\":{\"@id\":\"https:\\\/\\\/www.escapadarural.com\\\/blog\\\/verde-y-blanco-pinsapo-y-nieve\\\/#primaryimage\"},\"image\":{\"@id\":\"https:\\\/\\\/www.escapadarural.com\\\/blog\\\/verde-y-blanco-pinsapo-y-nieve\\\/#primaryimage\"},\"thumbnailUrl\":\"https:\\\/\\\/www.escapadarural.com\\\/blog\\\/wp-content\\\/uploads\\\/2011\\\/10\\\/nieves-1.jpg\",\"datePublished\":\"2011-10-04T09:30:37+00:00\",\"dateModified\":\"2025-07-25T12:16:49+00:00\",\"breadcrumb\":{\"@id\":\"https:\\\/\\\/www.escapadarural.com\\\/blog\\\/verde-y-blanco-pinsapo-y-nieve\\\/#breadcrumb\"},\"inLanguage\":\"es\",\"potentialAction\":[{\"@type\":\"ReadAction\",\"target\":[\"https:\\\/\\\/www.escapadarural.com\\\/blog\\\/verde-y-blanco-pinsapo-y-nieve\\\/\"]}]},{\"@type\":\"ImageObject\",\"inLanguage\":\"es\",\"@id\":\"https:\\\/\\\/www.escapadarural.com\\\/blog\\\/verde-y-blanco-pinsapo-y-nieve\\\/#primaryimage\",\"url\":\"https:\\\/\\\/www.escapadarural.com\\\/blog\\\/wp-content\\\/uploads\\\/2011\\\/10\\\/nieves-1.jpg\",\"contentUrl\":\"https:\\\/\\\/www.escapadarural.com\\\/blog\\\/wp-content\\\/uploads\\\/2011\\\/10\\\/nieves-1.jpg\",\"width\":500,\"height\":375,\"caption\":\"Dos picos monta\u00f1osos se elevan sobre una capa de nubes bajas, con \u00e1rboles y vegetaci\u00f3n cubriendo el primer plano bajo un cielo azul despejado.\"},{\"@type\":\"BreadcrumbList\",\"@id\":\"https:\\\/\\\/www.escapadarural.com\\\/blog\\\/verde-y-blanco-pinsapo-y-nieve\\\/#breadcrumb\",\"itemListElement\":[{\"@type\":\"ListItem\",\"position\":1,\"name\":\"Inicio\",\"item\":\"https:\\\/\\\/www.escapadarural.com\\\/blog\\\/\"},{\"@type\":\"ListItem\",\"position\":2,\"name\":\"Destinos\",\"item\":\"https:\\\/\\\/www.escapadarural.com\\\/blog\\\/categoria\\\/destinos\\\/\"},{\"@type\":\"ListItem\",\"position\":3,\"name\":\"Verde y blanco, pinsapo y nieve\"}]},{\"@type\":\"WebSite\",\"@id\":\"https:\\\/\\\/www.escapadarural.com\\\/blog\\\/#website\",\"url\":\"https:\\\/\\\/www.escapadarural.com\\\/blog\\\/\",\"name\":\"Blog de viajes | turismo rural, alojamientos e inspiraci\u00f3n\",\"description\":\"Alojamientos rurales e inspiraci\u00f3n para tus escapadas\",\"publisher\":{\"@id\":\"https:\\\/\\\/www.escapadarural.com\\\/blog\\\/#organization\"},\"alternateName\":\"Magazine de viajes de EscapadaRural\",\"potentialAction\":[{\"@type\":\"SearchAction\",\"target\":{\"@type\":\"EntryPoint\",\"urlTemplate\":\"https:\\\/\\\/www.escapadarural.com\\\/blog\\\/?s={search_term_string}\"},\"query-input\":{\"@type\":\"PropertyValueSpecification\",\"valueRequired\":true,\"valueName\":\"search_term_string\"}}],\"inLanguage\":\"es\"},{\"@type\":\"Organization\",\"@id\":\"https:\\\/\\\/www.escapadarural.com\\\/blog\\\/#organization\",\"name\":\"EscapadaRural\",\"url\":\"https:\\\/\\\/www.escapadarural.com\\\/blog\\\/\",\"logo\":{\"@type\":\"ImageObject\",\"inLanguage\":\"es\",\"@id\":\"https:\\\/\\\/www.escapadarural.com\\\/blog\\\/#\\\/schema\\\/logo\\\/image\\\/\",\"url\":\"https:\\\/\\\/www.escapadarural.com\\\/blog\\\/wp-content\\\/uploads\\\/2024\\\/10\\\/cropped-cropped-escapada-rural-icon-mag-3.png\",\"contentUrl\":\"https:\\\/\\\/www.escapadarural.com\\\/blog\\\/wp-content\\\/uploads\\\/2024\\\/10\\\/cropped-cropped-escapada-rural-icon-mag-3.png\",\"width\":512,\"height\":512,\"caption\":\"EscapadaRural\"},\"image\":{\"@id\":\"https:\\\/\\\/www.escapadarural.com\\\/blog\\\/#\\\/schema\\\/logo\\\/image\\\/\"},\"sameAs\":[\"https:\\\/\\\/www.facebook.com\\\/escapadarural\",\"https:\\\/\\\/www.instagram.com\\\/escapadarural\\\/\",\"https:\\\/\\\/www.youtube.com\\\/@escapadaruralcom\"]},{\"@type\":\"Person\",\"@id\":\"https:\\\/\\\/www.escapadarural.com\\\/blog\\\/#\\\/schema\\\/person\\\/d9ee55ff3e0cef41d6eac8922b4f972c\",\"name\":\"Escapada Rural\",\"image\":{\"@type\":\"ImageObject\",\"inLanguage\":\"es\",\"@id\":\"https:\\\/\\\/www.escapadarural.com\\\/blog\\\/wp-content\\\/uploads\\\/2024\\\/10\\\/cropped-cropped-escapada-rural-icon-mag-3-96x96.png\",\"url\":\"https:\\\/\\\/www.escapadarural.com\\\/blog\\\/wp-content\\\/uploads\\\/2024\\\/10\\\/cropped-cropped-escapada-rural-icon-mag-3-96x96.png\",\"contentUrl\":\"https:\\\/\\\/www.escapadarural.com\\\/blog\\\/wp-content\\\/uploads\\\/2024\\\/10\\\/cropped-cropped-escapada-rural-icon-mag-3-96x96.png\",\"caption\":\"Escapada Rural\"},\"sameAs\":[\"https:\\\/\\\/www.facebook.com\\\/escapadarural\",\"https:\\\/\\\/www.linkedin.com\\\/company\\\/escapada-rural\\\/?originalSubdomain=es\",\"https:\\\/\\\/x.com\\\/https:\\\/\\\/x.com\\\/i\\\/flow\\\/login?redirect_after_login=escapadarural\"],\"url\":\"https:\\\/\\\/www.escapadarural.com\\\/blog\\\/autor\\\/user\\\/\"}]}<\/script>\n<!-- \/ Yoast SEO plugin. -->","yoast_head_json":{"title":"Verde y blanco, pinsapo y nieve - EscapadaRural","robots":{"index":"index","follow":"follow","max-snippet":"max-snippet:-1","max-image-preview":"max-image-preview:large","max-video-preview":"max-video-preview:-1"},"canonical":"https:\/\/www.escapadarural.com\/blog\/verde-y-blanco-pinsapo-y-nieve\/","og_locale":"es_ES","og_type":"article","og_title":"Verde y blanco, pinsapo y nieve - EscapadaRural","og_description":"El Parque Natural Sierra de las Nieves se encuentra en la provincia de M\u00e1laga. Aqu\u00ed crecen especies \u00fanicas, se abren abismos bajo tierra y tocan las cumbres el cielo...","og_url":"https:\/\/www.escapadarural.com\/blog\/verde-y-blanco-pinsapo-y-nieve\/","og_site_name":"Magazine de viajes de EscapadaRural","article_publisher":"https:\/\/www.facebook.com\/escapadarural","article_author":"https:\/\/www.facebook.com\/escapadarural","article_published_time":"2011-10-04T09:30:37+00:00","article_modified_time":"2025-07-25T12:16:49+00:00","og_image":[{"width":500,"height":375,"url":"https:\/\/www.escapadarural.com\/blog\/wp-content\/uploads\/2011\/10\/nieves-1.jpg?v=1753445837","type":"image\/jpeg"}],"author":"Escapada Rural","twitter_card":"summary_large_image","twitter_creator":"@https:\/\/x.com\/i\/flow\/login?redirect_after_login=escapadarural","twitter_misc":{"Escrito por":"Escapada Rural","Tiempo de lectura":"3 minutos"},"schema":{"@context":"https:\/\/schema.org","@graph":[{"@type":"Article","@id":"https:\/\/www.escapadarural.com\/blog\/verde-y-blanco-pinsapo-y-nieve\/#article","isPartOf":{"@id":"https:\/\/www.escapadarural.com\/blog\/verde-y-blanco-pinsapo-y-nieve\/"},"author":{"name":"Escapada Rural","@id":"https:\/\/www.escapadarural.com\/blog\/#\/schema\/person\/d9ee55ff3e0cef41d6eac8922b4f972c"},"headline":"Verde y blanco, pinsapo y nieve","datePublished":"2011-10-04T09:30:37+00:00","dateModified":"2025-07-25T12:16:49+00:00","mainEntityOfPage":{"@id":"https:\/\/www.escapadarural.com\/blog\/verde-y-blanco-pinsapo-y-nieve\/"},"wordCount":517,"commentCount":0,"publisher":{"@id":"https:\/\/www.escapadarural.com\/blog\/#organization"},"image":{"@id":"https:\/\/www.escapadarural.com\/blog\/verde-y-blanco-pinsapo-y-nieve\/#primaryimage"},"thumbnailUrl":"https:\/\/www.escapadarural.com\/blog\/wp-content\/uploads\/2011\/10\/nieves-1.jpg","keywords":["Andaluc\u00eda","art\u00edculo","M\u00e1laga","Nieve","Parque Natural","Parques Naturales","pinsapo"],"articleSection":["Destinos"],"inLanguage":"es","potentialAction":[{"@type":"CommentAction","name":"Comment","target":["https:\/\/www.escapadarural.com\/blog\/verde-y-blanco-pinsapo-y-nieve\/#respond"]}]},{"@type":"WebPage","@id":"https:\/\/www.escapadarural.com\/blog\/verde-y-blanco-pinsapo-y-nieve\/","url":"https:\/\/www.escapadarural.com\/blog\/verde-y-blanco-pinsapo-y-nieve\/","name":"Verde y blanco, pinsapo y nieve - EscapadaRural","isPartOf":{"@id":"https:\/\/www.escapadarural.com\/blog\/#website"},"primaryImageOfPage":{"@id":"https:\/\/www.escapadarural.com\/blog\/verde-y-blanco-pinsapo-y-nieve\/#primaryimage"},"image":{"@id":"https:\/\/www.escapadarural.com\/blog\/verde-y-blanco-pinsapo-y-nieve\/#primaryimage"},"thumbnailUrl":"https:\/\/www.escapadarural.com\/blog\/wp-content\/uploads\/2011\/10\/nieves-1.jpg","datePublished":"2011-10-04T09:30:37+00:00","dateModified":"2025-07-25T12:16:49+00:00","breadcrumb":{"@id":"https:\/\/www.escapadarural.com\/blog\/verde-y-blanco-pinsapo-y-nieve\/#breadcrumb"},"inLanguage":"es","potentialAction":[{"@type":"ReadAction","target":["https:\/\/www.escapadarural.com\/blog\/verde-y-blanco-pinsapo-y-nieve\/"]}]},{"@type":"ImageObject","inLanguage":"es","@id":"https:\/\/www.escapadarural.com\/blog\/verde-y-blanco-pinsapo-y-nieve\/#primaryimage","url":"https:\/\/www.escapadarural.com\/blog\/wp-content\/uploads\/2011\/10\/nieves-1.jpg","contentUrl":"https:\/\/www.escapadarural.com\/blog\/wp-content\/uploads\/2011\/10\/nieves-1.jpg","width":500,"height":375,"caption":"Dos picos monta\u00f1osos se elevan sobre una capa de nubes bajas, con \u00e1rboles y vegetaci\u00f3n cubriendo el primer plano bajo un cielo azul despejado."},{"@type":"BreadcrumbList","@id":"https:\/\/www.escapadarural.com\/blog\/verde-y-blanco-pinsapo-y-nieve\/#breadcrumb","itemListElement":[{"@type":"ListItem","position":1,"name":"Inicio","item":"https:\/\/www.escapadarural.com\/blog\/"},{"@type":"ListItem","position":2,"name":"Destinos","item":"https:\/\/www.escapadarural.com\/blog\/categoria\/destinos\/"},{"@type":"ListItem","position":3,"name":"Verde y blanco, pinsapo y nieve"}]},{"@type":"WebSite","@id":"https:\/\/www.escapadarural.com\/blog\/#website","url":"https:\/\/www.escapadarural.com\/blog\/","name":"Blog de viajes | turismo rural, alojamientos e inspiraci\u00f3n","description":"Alojamientos rurales e inspiraci\u00f3n para tus escapadas","publisher":{"@id":"https:\/\/www.escapadarural.com\/blog\/#organization"},"alternateName":"Magazine de viajes de EscapadaRural","potentialAction":[{"@type":"SearchAction","target":{"@type":"EntryPoint","urlTemplate":"https:\/\/www.escapadarural.com\/blog\/?s={search_term_string}"},"query-input":{"@type":"PropertyValueSpecification","valueRequired":true,"valueName":"search_term_string"}}],"inLanguage":"es"},{"@type":"Organization","@id":"https:\/\/www.escapadarural.com\/blog\/#organization","name":"EscapadaRural","url":"https:\/\/www.escapadarural.com\/blog\/","logo":{"@type":"ImageObject","inLanguage":"es","@id":"https:\/\/www.escapadarural.com\/blog\/#\/schema\/logo\/image\/","url":"https:\/\/www.escapadarural.com\/blog\/wp-content\/uploads\/2024\/10\/cropped-cropped-escapada-rural-icon-mag-3.png","contentUrl":"https:\/\/www.escapadarural.com\/blog\/wp-content\/uploads\/2024\/10\/cropped-cropped-escapada-rural-icon-mag-3.png","width":512,"height":512,"caption":"EscapadaRural"},"image":{"@id":"https:\/\/www.escapadarural.com\/blog\/#\/schema\/logo\/image\/"},"sameAs":["https:\/\/www.facebook.com\/escapadarural","https:\/\/www.instagram.com\/escapadarural\/","https:\/\/www.youtube.com\/@escapadaruralcom"]},{"@type":"Person","@id":"https:\/\/www.escapadarural.com\/blog\/#\/schema\/person\/d9ee55ff3e0cef41d6eac8922b4f972c","name":"Escapada Rural","image":{"@type":"ImageObject","inLanguage":"es","@id":"https:\/\/www.escapadarural.com\/blog\/wp-content\/uploads\/2024\/10\/cropped-cropped-escapada-rural-icon-mag-3-96x96.png","url":"https:\/\/www.escapadarural.com\/blog\/wp-content\/uploads\/2024\/10\/cropped-cropped-escapada-rural-icon-mag-3-96x96.png","contentUrl":"https:\/\/www.escapadarural.com\/blog\/wp-content\/uploads\/2024\/10\/cropped-cropped-escapada-rural-icon-mag-3-96x96.png","caption":"Escapada Rural"},"sameAs":["https:\/\/www.facebook.com\/escapadarural","https:\/\/www.linkedin.com\/company\/escapada-rural\/?originalSubdomain=es","https:\/\/x.com\/https:\/\/x.com\/i\/flow\/login?redirect_after_login=escapadarural"],"url":"https:\/\/www.escapadarural.com\/blog\/autor\/user\/"}]}},"_links":{"self":[{"href":"https:\/\/www.escapadarural.com\/blog\/wp-json\/wp\/v2\/posts\/1405","targetHints":{"allow":["GET"]}}],"collection":[{"href":"https:\/\/www.escapadarural.com\/blog\/wp-json\/wp\/v2\/posts"}],"about":[{"href":"https:\/\/www.escapadarural.com\/blog\/wp-json\/wp\/v2\/types\/post"}],"author":[{"embeddable":true,"href":"https:\/\/www.escapadarural.com\/blog\/wp-json\/wp\/v2\/users\/136"}],"replies":[{"embeddable":true,"href":"https:\/\/www.escapadarural.com\/blog\/wp-json\/wp\/v2\/comments?post=1405"}],"version-history":[{"count":0,"href":"https:\/\/www.escapadarural.com\/blog\/wp-json\/wp\/v2\/posts\/1405\/revisions"}],"wp:featuredmedia":[{"embeddable":true,"href":"https:\/\/www.escapadarural.com\/blog\/wp-json\/wp\/v2\/media\/109761"}],"wp:attachment":[{"href":"https:\/\/www.escapadarural.com\/blog\/wp-json\/wp\/v2\/media?parent=1405"}],"wp:term":[{"taxonomy":"category","embeddable":true,"href":"https:\/\/www.escapadarural.com\/blog\/wp-json\/wp\/v2\/categories?post=1405"},{"taxonomy":"post_tag","embeddable":true,"href":"https:\/\/www.escapadarural.com\/blog\/wp-json\/wp\/v2\/tags?post=1405"}],"curies":[{"name":"wp","href":"https:\/\/api.w.org\/{rel}","templated":true}]}}