{"id":14178,"date":"2015-10-29T09:58:17","date_gmt":"2015-10-29T08:58:17","guid":{"rendered":"http:\/\/15.188.81.248\/2015\/10\/29\/resumen-de-coetur-2015-un-congreso-por-y-para-los-profesionales-del-turismo-rural-2\/"},"modified":"2025-08-12T15:02:51","modified_gmt":"2025-08-12T13:02:51","slug":"resumen-de-coetur-2015-un-congreso-por-y-para-los-profesionales-del-turismo-rural-2","status":"publish","type":"post","link":"https:\/\/www.escapadarural.com\/blog\/resumen-de-coetur-2015-un-congreso-por-y-para-los-profesionales-del-turismo-rural-2\/","title":{"rendered":"Resumen de #COETUR 2015, un Congreso por y para los profesionales del turismo rural"},"content":{"rendered":"\n<figure class=\"wp-block-embed is-type-video is-provider-youtube wp-block-embed-youtube wp-embed-aspect-16-9 wp-has-aspect-ratio\"><div class=\"wp-block-embed__wrapper\">\n<span class=\"HcpW3gCeSINO8GEFQ27aoG64TMDvhXkq9YerfsRpJfst1mWZBzoiymLwha6cCxDZ8uTSMRx3Qzui1V0BHv92lLYj7y5PgnnEtOdd\"><div class=\"video-shortcode\"><iframe title=\"II Congreso Europeo de Turismo Rural (COETUR 2015)\" width=\"1200\" height=\"675\" src=\"https:\/\/www.youtube.com\/embed\/_Py8rAxZwa0?start=1&#038;feature=oembed\" frameborder=\"0\" allow=\"accelerometer; autoplay; clipboard-write; encrypted-media; gyroscope; picture-in-picture; web-share\" referrerpolicy=\"strict-origin-when-cross-origin\" allowfullscreen><\/iframe><\/div><\/span>\n<\/div><\/figure>\n\n\n\n<p>El pasado d\u00eda 30 de septiembre y 1 de octubre se celebr\u00f3 el&nbsp;<strong>II Congreso Europeo del Turismo Rural (COETUR), una iniciativa de EscapadaRural.com<\/strong>&nbsp;en colaboraci\u00f3n con entidades p\u00fablicas y privadas. M\u00e1s de 210 profesionales del sector se dieron cita en la Sierra Norte de Madrid, concretamente en la finca Aldea Santillana (Manjir\u00f3n), con el fin de analizar las cuestiones que m\u00e1s afectan al turismo rural. En esta edici\u00f3n la creaci\u00f3n y la promoci\u00f3n de destino han sido los elementos sobresalientes del Congreso.<\/p>\n\n\n\n<p>Si no pudiste asistir o quieres recordar los conceptos que all\u00ed se expusieron, a continuaci\u00f3n encontrar\u00e1s un amplio resumen:<\/p>\n\n\n<div data-is_sticky=\"false\" data-sticky_toc_position=\"left\" data-hide_sticky_on_mobile=\"false\" data-sticky_button_icon='&lt;svg style=\"color:#000000;\" class=\"ub_sticky-toc-open-button-icon\" xmlns=\"http:\/\/www.w3.org\/2000\/svg\" height=\"34px\" width=\"34px\" viewBox=\"0, 0, 448, 512\"&gt;&lt;path fill=\"currentColor\" d=\"M0 96C0 78.33 14.33 64 32 64H416C433.7 64 448 78.33 448 96C448 113.7 433.7 128 416 128H32C14.33 128 0 113.7 0 96zM0 256C0 238.3 14.33 224 32 224H416C433.7 224 448 238.3 448 256C448 273.7 433.7 288 416 288H32C14.33 288 0 273.7 0 256zM416 448H32C14.33 448 0 433.7 0 416C0 398.3 14.33 384 32 384H416C433.7 384 448 398.3 448 416C448 433.7 433.7 448 416 448z\"&gt;&lt;\/svg&gt;' data-sticky_button_color=\"#000000\" data-sticky_toc_width=\"320px\" class=\"wp-block-ub-table-of-contents-block ub_table-of-contents\" id=\"ub_table-of-contents-88f0e359-11a2-4916-b062-4f138b05cb8e\" data-linktodivider=\"false\" data-showtext=\"show\" data-hidetext=\"hide\" data-scrolltype=\"auto\" data-enablesmoothscroll=\"false\" data-initiallyhideonmobile=\"false\" data-initiallyshow=\"true\"><div class=\"ub_table-of-contents-header-container\" style=\"\">\n\t\t\t<div class=\"ub_table-of-contents-header\" style=\"text-align: left; \">\n\t\t\t\t<div class=\"ub_table-of-contents-title\"><\/div>\n\t\t\t\t\n\t\t\t<\/div>\n\t\t<\/div><div class=\"ub_table-of-contents-extra-container\" style=\"\">\n\t\t\t<div class=\"ub_table-of-contents-container ub_table-of-contents-1-column \">\n\t\t\t\t<ul style=\"\"><li style=\"\"><a href=\"https:\/\/www.escapadarural.com\/blog\/resumen-de-coetur-2015-un-congreso-por-y-para-los-profesionales-del-turismo-rural-2\/#0-1-conclusiones-de-coetur\" style=\"\">1.- Conclusiones de COETUR<\/a><\/li><li style=\"\"><a href=\"https:\/\/www.escapadarural.com\/blog\/resumen-de-coetur-2015-un-congreso-por-y-para-los-profesionales-del-turismo-rural-2\/#1-2-el-congreso-en-cifras\" style=\"\">2.- El Congreso en cifras<\/a><\/li><li style=\"\"><a href=\"https:\/\/www.escapadarural.com\/blog\/resumen-de-coetur-2015-un-congreso-por-y-para-los-profesionales-del-turismo-rural-2\/#2-3-ponencias\" style=\"\">3.- Ponencias<\/a><\/li><li style=\"\"><a href=\"https:\/\/www.escapadarural.com\/blog\/resumen-de-coetur-2015-un-congreso-por-y-para-los-profesionales-del-turismo-rural-2\/#3-4-expositores\" style=\"\">4.- Expositores<\/a><\/li><\/ul>\n\t\t\t<\/div>\n\t\t<\/div><\/div>\n\n\n<p>El II Congreso Europeo del Turismo Rural cont\u00f3 con el apoyo y colaboraci\u00f3n de la&nbsp;<strong>Direcci\u00f3n General de Turismo de la Comunidad de Madrid, RuralMeeting, IdeaPublicidad y Aldea Santillana<\/strong>, quienes patrocinaron el evento. Tambi\u00e9n participaron entidades locales como El Centro de innovaci\u00f3n del sector tur\u00edstico de la Sierra Norte de Madrid \u201cVilla San Roque\u201d; ADESGAM (Asociaci\u00f3n de Desarrollo Sierra de Guadarrama); ATUSIMA (Asociaci\u00f3n de Turismo Sierra de Madrid); ANETA (Asociaci\u00f3n Nacional de Empresas de Turismo Activo) y MIREVEN (Asociaci\u00f3n de Empresarios de la Sierra del Rinc\u00f3n).<\/p>\n\n\n\n<p>Durante el evento se habilit\u00f3 una zona de showroom y networking, donde diferentes empresas tuvieron la oportunidad de ofrecer sus productos y servicios a los profesionales que acudieron al evento: desde una consultor\u00eda de turismo y formaci\u00f3n para empresarios rurales hasta empresas de energ\u00eda de origen 100% renovables y de turismo rural y activo. No obstante, para conocer de cerca qui\u00e9nes son y c\u00f3mo pueden ayudarte en diversas \u00e1reas de tu negocio, lo mejor es que te lo cuenten ellos mismo en los v\u00eddeos que encontrar\u00e1s en el apartado de&nbsp;<strong>EXPOSITORES<\/strong>.<\/p>\n\n\n\n<h2 class=\"wp-block-heading\" id=\"0-1-conclusiones-de-coetur\">1.- Conclusiones de COETUR<\/h2>\n\n\n\n<p>Desde&nbsp;<strong>EscapadaRural.com<\/strong>&nbsp;queremos agradecer, otro a\u00f1o m\u00e1s, la profesionalidad de los ponentes, la asistencia a los propietarios y personas del sector y el seguimiento en las redes sociales y en streaming. Gracias a vosotros, hemos hecho posible que COETUR 2015 vuelva a superar las expectativas y los objetivos marcados.<\/p>\n\n\n\n<p><strong><em>Reinventarse para crear destino<\/em><\/strong>, fue el lema escogido para la II Edici\u00f3n del Congreso Europeo de Turismo Rural. Una cuesti\u00f3n que abordamos con \u00e9xito. Cedimos la palabra a propietarios, expertos en el sector, asociaciones, responsables de destinos e instituciones. Cada uno aport\u00f3 su granito de arena para que entre todos asumamos la demanda del turismo rural como un todo y consolidemos como propuesta global el destino. De esa manera, podremos olvidarnos de un conjunto de peque\u00f1os negocios o agentes aislados y cooperar unidos.<\/p>\n\n\n\n<p><strong>Abrieron el congreso las autoridades<\/strong>, invitadas a Aldea Santillana (espacio de la Sierra Norte de Madrid donde se llev\u00f3 a cabo COETUR) remarcando la importancia espec\u00edfica de nuestro subsector dentro del turismo nacional y local. Y aclarando que no somos actores secundarios dentro del \u00e1mbito tur\u00edstico, sino protagonistas del tejido empresarial rural.<\/p>\n\n\n\n<p>Seguido se presentaron, en primicia, los&nbsp;<strong>datos de la \u00faltima oleada de las encuestas realizadas del Observatorio del Turismo Rural<\/strong>. De esta manera, los propietarios y viajeros pueden estar informados de la actualidad con referentes reales de la oferta y la demanda. Ahora, es el sector del turismo rural quien tiene que analizarlos y sacar sus propias conclusiones.<\/p>\n\n\n\n<p>En cuanto a la&nbsp;<strong>presentaci\u00f3n sobre el turismo rural en la regi\u00f3n de Madrid<\/strong>, Bel\u00e9n Mart\u00ednez, Subdirectora General de Desarrollo y Sostenibilidad Tur\u00edstica, expuso las nuevas estrategias territoriales que se llevar\u00e1n a cabo en la Comunidad de Madrid.<\/p>\n\n\n\n<p>El&nbsp;<strong>toque internacional<\/strong>&nbsp;fue gracias a la entrevista de Pedro Madera a Klaus Ehrlich y a la intervenci\u00f3n de Anahilia Stredel- Laurent. Los tres fueron los encargados de hacernos saber c\u00f3mo se realizan las cosas m\u00e1s all\u00e1 de nuestras fronteras. Tambi\u00e9n Gabriela Rodr\u00edguez nos permiti\u00f3 conocer mejor las opciones de colaboraci\u00f3n transfronterizas.<\/p>\n\n\n\n<p>En las&nbsp;<strong>mesas redondas de los partners y las asociaciones<\/strong>, \u00e9stos reivindicaron su espacio como aliados del sector y reclamaron ser merecedores de la confianza del sector. Para ello, es b\u00e1sico escuchar y ser escuchados, participar, proponer, reclamar, aportar etc<\/p>\n\n\n\n<p>La voz y la experiencia de los propietarios quisimos que estuviera presente en COETUR 2015. As\u00ed que, varios&nbsp;<strong>propietarios participaron<\/strong>&nbsp;en una mesa redonda, donde explicaron c\u00f3mo gestionan sus negocios, por qu\u00e9 nichos de mercado apuestan, qu\u00e9 demandan sus clientes etc<\/p>\n\n\n\n<p>Entre&nbsp;<strong>Tirso Maldonado y las microponencias<\/strong>&nbsp;nos pusimos al d\u00eda sobre muchas cuestiones clave en los tiempos que corren: reputaci\u00f3n online, plataformas de mensajer\u00eda instant\u00e1nea, la alianza entre turismo activo y alojamientos rurales o el valor de las im\u00e1genes. Hay que estar al d\u00eda, porque la tecnolog\u00eda avanza y el \u00e1mbito del turismo cambia d\u00eda a d\u00eda.<br>Por \u00faltimo, la mesa redonda de embajadores de destinos nos permiti\u00f3 descubrir diferentes maneras de hacer visible un territorio y generar inter\u00e9s por el mismo. Los clientes reciben informaci\u00f3n por muchos canales, por eso es imprescindible conocerlos y ser capaces de participar de las sinergias que se crean entre ellos. Hablar bien de vuestros negocios, e incluir a vuestro entorno tambi\u00e9n. Y sobre todo, ser capaces de generar conversaci\u00f3n, ya que que todas las voces son valiosas.<\/p>\n\n\n\n<h2 class=\"wp-block-heading\" id=\"1-2-el-congreso-en-cifras\">2.- El Congreso en cifras<\/h2>\n\n\n\n<p>A continuaci\u00f3n, os presentamos un balance en cifras de la que ha sido la II edici\u00f3n de COETUR.<\/p>\n\n\n\n\n\n<p><strong>Asistentes y streaming<\/strong><\/p>\n\n\n\n\n\n<p><strong>www.coetur.com<\/strong><\/p>\n\n\n\n\n\n<p><strong>Twitter<\/strong><\/p>\n\n\n\n\n\n<p><strong>Valoraci\u00f3n de los asistentes<\/strong><\/p>\n\n\n\n<h2 class=\"wp-block-heading\" id=\"2-3-ponencias\">3.- Ponencias<\/h2>\n\n\n\n<p>Para los que no tuvisteis la oportunidad de asistir al congreso o quer\u00e9is recordar algunos matices, en el siguiente listado encontrar\u00e1s toda la informaci\u00f3n sobre cada uno de los puntos del programa del Segundo Congreso Europeo de Turismo Rural (Ordenado por horario)<\/p>\n\n\n\n\n\n<p><strong>Bienvenida Institucional<\/strong><br>Autoridades: Bel\u00e9n Mart\u00ednez, Subdirectora General de Desarrollo y Sostenibilidad Tur\u00edstica de la Direcci\u00f3n General de Turismo de la Comunidad de Madrid, Rafael Chamorro, Subdirector General de Marketing Exterior del Turismo en Turespa\u00f1a y \u00c1ngel Mart\u00ednez Herrero, Presidente del Grupo de Acci\u00f3n Local Sierra Norte (GALSINMA) y Presidente de la Mancomunidad del Valle del Lozoya (MVNL)<br>Presentadoras: Ana Alonso, Directora de Comunicaci\u00f3n de EscapadaRural.com y Cristina Perseguer, Miembro del Departamento de Comunicaci\u00f3n de EscapadaRural.com<br><a href=\"https:\/\/youtu.be\/uBuMAgF_nGk?list=PLrljV2K47wFHTWPTbXXYlkdoWoIETkk79\" target=\"_blank\">V\u00eddeo<\/a><\/p>\n\n\n\n\n\n<p><strong>Presentaci\u00f3n Observatorio del Turismo Rural<\/strong><br>Ponentes: Ana Alonso de EscapadaRural.com y Enric L\u00f3pez, de EUHT CETT-UB<br><a href=\"https:\/\/youtu.be\/TmCHwMYP74w\" target=\"_blank\">V\u00eddeo<\/a><\/p>\n\n\n\n\n\n<p><strong>El turismo en la regi\u00f3n de Madrid. Nuevas tecnolog\u00edas<\/strong><br>Ponente: Bel\u00e9n Mart\u00ednez D\u00edaz, Subdirectora General de Desarrollo y Sostenibilidad Tur\u00edstica<br><a href=\"https:\/\/youtu.be\/A3vruloSE5A\" target=\"_blank\">V\u00eddeo<\/a><\/p>\n\n\n\n\n\n<p><strong>El turismo rural, una perspectiva internacional<\/strong><br>Ponentes: Pedro Madera, periodista y colaborador de Gente Viajera en Onda Cero y Klaus Ehrlich, Secretario General de Eurogites<br><a href=\"https:\/\/youtu.be\/V83JX0JQYk4\" target=\"_blank\">V\u00eddeo<\/a><\/p>\n\n\n\n\n\n<p><strong>Los partners estrat\u00e9gicos del sector<\/strong><br>Ponentes: Ar\u00e1nzazu Urbina, T\u00e9cnico de la Direcci\u00f3n General de Turismo de la Comunidad de Madrid, Gustavo Nash, Representante de la Asociaci\u00f3n de Turismo Sierra de Madrid (ATUSIMA), Miguel \u00c1ngel Jara, Gerente de la Asociaci\u00f3n de Desarrollo Sierra de Guadarrama (ADESGAM), Ana Patricia Zapardiel, Directora de Proyectos de la Sociedad Estatal para la Gesti\u00f3n de la Innovaci\u00f3n y las Tecnolog\u00edas Tur\u00edsticas (SEGITTUR)<br>Modera: Antonio Gonzalo, propietario de Ecoturismo Monte Holiday<br><a href=\"https:\/\/youtu.be\/u96czA8Chvw\" target=\"_blank\">V\u00eddeo<\/a><\/p>\n\n\n\n\n\n<p><strong>Reinvenci\u00f3n del marketing tur\u00edstico<\/strong><br>Ponente: Ana Cristina Gozalo Aus\u00edn, Jefa de \u00e1rea de turismo deportivo y de naturaleza. Turespa\u00f1a.<br><a href=\"https:\/\/youtu.be\/PzTVgpbAfJY\" target=\"_blank\">V\u00eddeo<\/a><\/p>\n\n\n\n\n\n<p><strong>Plataformas de mensajer\u00eda instant\u00e1nea para generar negocio en turismo rural<\/strong><br>Ponente: Tirso Maldonado, Evangelist Manager en Witcamp<br><a href=\"https:\/\/youtu.be\/TMrkTm9BWW8\" target=\"_blank\">V\u00eddeo<\/a><\/p>\n\n\n\n\n\n<p><strong>Las Asociaciones, \u00bfqu\u00e9 se puede esperar de ellas y qu\u00e9 esperan ellas de sus asociados?<\/strong><br>Ponentes: Ventura Garc\u00eda, Vicepresidente de la Asociaci\u00f3n Espa\u00f1ola de Turismo Rural, Francisco Parra (ASETUR), Presidente de la Asociaci\u00f3n de Profesionales del Turismo Rural (AUTURAL), Luis Chico Luque, Presidente de la Asociaci\u00f3n de Empresarios de Turismo Rural de Valladolid y la Federaci\u00f3n de Asociaciones Castellano y Leonesa de Turismo Rural (ACALTUR), Adriano Berdasco, Presidente de la Federaci\u00f3n Asturiana de Turismo Rural (FASTUR)<br>Moderador: Jes\u00fas del T\u00edo, propietario de las casas rurales Aguas Fr\u00edas y Entre Valles<br><a href=\"https:\/\/youtu.be\/IEyLQzhoCg0\" target=\"_blank\">V\u00eddeo<\/a><\/p>\n\n\n\n\n\n<p><strong><br>Empresarios reinventados<\/strong><br>Ponentes: Morelia Bueno, propietaria de la casa rural La Calma, Chema Ram\u00f3n, propietario del Hotel Rural La Casa del R\u00edo, Carmen Su\u00e1rez Rull, propietaria de la casa rural Luces del Poniente, Miguel \u00c1ngel Pa\u00f1os Mart\u00edn, gerente explotaci\u00f3n del Agroturismo Calixto<br>Modera: Rodrigo Mart\u00edn Jim\u00e9nez, gerente y propietario de casas rurales Navaluenga.net y Airsofttotal<br><a href=\"https:\/\/youtu.be\/-Uxdl6v0fDg\" target=\"_blank\">V\u00eddeo<\/a><\/p>\n\n\n\n\n\n<p><strong>Entrega de premios y brindis<\/strong><br>Premiados: Alojamiento Muskildia Etxea, Destinos Catalu\u00f1a y Machbel.com<br><a href=\"https:\/\/youtu.be\/pXnAGxwaCNg\" target=\"_blank\">V\u00eddeo<\/a><\/p>\n\n\n\n\n\n<p><strong>Reputaci\u00f3n online<\/strong><br>Ponente: Rafa Gonz\u00e1lez, Socio Director de Vivential Value<br><a href=\"https:\/\/youtu.be\/mS4OFxTkXf8\" target=\"_blank\">V\u00eddeo<\/a><\/p>\n\n\n\n\n\n<p><strong>Turismo Activo y alojamientos rurales: un t\u00e1ndem de \u00e9xito<\/strong><br>Ponente: Jos\u00e9 Carlos de Santiago, Presidente de la Asociaci\u00f3n Nacional de Empresas de Turismo Activo (ANETA)<br><a href=\"https:\/\/youtu.be\/I4PbQJaGWYA\" target=\"_blank\">V\u00eddeo<\/a><\/p>\n\n\n\n\n\n<p><strong>Fotograf\u00eda rural para no fot\u00f3grafos<\/strong><br>Ponente: An\u00edbal Trejo, fot\u00f3grafo (anibaltrejo.com)<br><a href=\"https:\/\/youtu.be\/nV2xJBxRhvk\" target=\"_blank\">V\u00eddeo<\/a><\/p>\n\n\n\n\n\n<p><strong>\u00bfQu\u00e9 podemos aprender del mercado franc\u00e9s?<\/strong><br>Ponentes: Anahilia Stredel- Laurent, Directora de Gites de France Pyren\u00e9es Orientales. Y Gabriela Rodr\u00edguez, Responsable de las iniciativas de desarrollo de la cooperaci\u00f3n transfronteriza de Gites de France<br><a href=\"https:\/\/youtu.be\/51fccJ6oe0c\" target=\"_blank\">V\u00eddeo<\/a><\/p>\n\n\n\n\n\n<p><strong>Embajadores de Destinos<\/strong><br>Ponentes: Francisco Jerez, Responsable del producto rural y de naturaleza en el \u00e1rea de producto del Instituto de Turismo de la Regi\u00f3n de Murcia, Juan \u00c1ngel Mart\u00ednez, Gestor alojamiento Hostal Rural Miralmundo, Jos\u00e9 Miguel \u201cSele\u201d Redondo, blog (elrincondesele.com), Rafael Nasarre, Jefe de Servicios de Promoci\u00f3n Tur\u00edstica de Turismo de Arag\u00f3n, Antonio de la Rosa, Embajador de Turismo Activo de la Comunidad de Madrid, empresario y deportista extremo<br>Modera: Jos\u00e9 Mar\u00eda de Juan, Socio Director de Koan Consulting<br><a href=\"https:\/\/youtu.be\/zZ_6dPgw4eE\" target=\"_blank\">V\u00eddeo<\/a><\/p>\n\n\n\n\n\n<p><strong>Clausura<\/strong><br>Ponentes: Ana Alonso, Directora de Comunicaci\u00f3n de EscapadaRural.com, \u00c1ngel Mart\u00ednez, Presidente del Grupo de Acci\u00f3n Local Sierra Norte (GALSINMA) y Presidente de la Mancomunidad del Valle del Lozoya (MVNL)<br><a href=\"https:\/\/youtu.be\/YcE_7OptwwU\" target=\"_blank\">V\u00eddeo<\/a><\/p>\n\n\n\n<h2 class=\"wp-block-heading\" id=\"3-4-expositores\">4.- Expositores<\/h2>\n\n\n\n<p><strong>Comunidad de Madrid<\/strong><br><img decoding=\"async\" src=\"blob:\/blog\/690c5a27-8ae9-40b5-8a93-6544754bf173\" alt=\"\"><br><strong>Idea Publicidad<\/strong><br><img decoding=\"async\" src=\"blob:\/blog\/1396030d-8a6e-444d-9f1f-d40b71a16b53\" alt=\"\"><br><strong>Ruralmeeting<\/strong><br><img decoding=\"async\" src=\"blob:\/blog\/94437da8-2e3c-45bf-91ed-c3c6f9e9200e\" alt=\"\"><br><strong>EscapadaRural.com<\/strong><br><img decoding=\"async\" src=\"blob:\/blog\/86086173-0c1d-429b-aa9f-9a9e40782b24\" alt=\"\"><br><strong>Adesgam<\/strong><br><img decoding=\"async\" src=\"blob:\/blog\/721ba8a2-f62b-46fc-8e88-cb30c1847057\" alt=\"\"><br><strong>Gesternova<\/strong><br><img decoding=\"async\" src=\"blob:\/blog\/e2945561-b704-4caa-94f3-b9e80bac49b5\" alt=\"\"><br><strong>Grupo Asdon<\/strong><br><img decoding=\"async\" src=\"blob:\/blog\/8b3c807d-c40c-4983-9cec-4ed7b36edeac\" alt=\"\"><br><strong>HERE<\/strong><br><img decoding=\"async\" src=\"blob:\/blog\/8d3ae04d-dbea-4ef8-bea6-b940fb67e1c9\" alt=\"\"><br><strong>Lushna<\/strong><br><img decoding=\"async\" src=\"blob:\/blog\/82518a28-4608-40a1-a27d-01d68856d409\" alt=\"\"><br><strong>TandemRural<\/strong><\/p>\n","protected":false},"excerpt":{"rendered":"<p>El pasado d\u00eda 30 de septiembre y 1 de octubre se celebr\u00f3 el II Congreso Europeo del Turismo Rural (COETUR), una iniciativa de EscapadaRural.com en colaboraci\u00f3n con entidades p\u00fablicas y privadas. M\u00e1s de 210 profesionales del sector se dieron cita en la Sierra Norte de Madrid, concretamente en la finca Aldea Santillana (Manjir\u00f3n), con el fin de analizar las cuestiones que m\u00e1s afectan al turismo rural. En esta edici\u00f3n la creaci\u00f3n y la promoci\u00f3n de destino han sido los elementos sobresalientes del Congreso.<\/p>\n","protected":false},"author":98,"featured_media":184347,"comment_status":"open","ping_status":"closed","sticky":false,"template":"","format":"standard","meta":{"_acf_changed":false,"om_disable_all_campaigns":false,"footnotes":""},"categories":[385,390],"tags":[260,386,1736],"class_list":["post-14178","post","type-post","status-publish","format-standard","has-post-thumbnail","hentry","category-coetur","category-noticias","tag-articulo","tag-coetur","tag-resumen"],"acf":[],"featured_image_src":"https:\/\/www.escapadarural.com\/blog\/wp-content\/uploads\/2024\/12\/logo-coetur-black.png","author_info":{"display_name":"Miryam Tejada","author_link":"https:\/\/www.escapadarural.com\/blog\/autor\/miryam\/"},"yoast_head":"<!-- This site is optimized with the Yoast SEO plugin v27.2 - https:\/\/yoast.com\/product\/yoast-seo-wordpress\/ -->\n<title>Resumen de #COETUR 2015, un Congreso por y para los profesionales del turismo rural - EscapadaRural<\/title>\n<meta name=\"robots\" content=\"index, follow, max-snippet:-1, max-image-preview:large, max-video-preview:-1\" \/>\n<link rel=\"canonical\" href=\"https:\/\/www.escapadarural.com\/blog\/resumen-de-coetur-2015-un-congreso-por-y-para-los-profesionales-del-turismo-rural-2\/\" \/>\n<meta property=\"og:locale\" content=\"es_ES\" \/>\n<meta property=\"og:type\" content=\"article\" \/>\n<meta property=\"og:title\" content=\"Resumen de #COETUR 2015, un Congreso por y para los profesionales del turismo rural - EscapadaRural\" \/>\n<meta property=\"og:description\" content=\"El pasado d\u00eda 30 de septiembre y 1 de octubre se celebr\u00f3 el II Congreso Europeo del Turismo Rural (COETUR), una iniciativa de EscapadaRural.com en colaboraci\u00f3n con entidades p\u00fablicas y privadas. M\u00e1s de 210 profesionales del sector se dieron cita en la Sierra Norte de Madrid, concretamente en la finca Aldea Santillana (Manjir\u00f3n), con el fin de analizar las cuestiones que m\u00e1s afectan al turismo rural. En esta edici\u00f3n la creaci\u00f3n y la promoci\u00f3n de destino han sido los elementos sobresalientes del Congreso.\" \/>\n<meta property=\"og:url\" content=\"https:\/\/www.escapadarural.com\/blog\/resumen-de-coetur-2015-un-congreso-por-y-para-los-profesionales-del-turismo-rural-2\/\" \/>\n<meta property=\"og:site_name\" content=\"Magazine de viajes de EscapadaRural\" \/>\n<meta property=\"article:publisher\" content=\"https:\/\/www.facebook.com\/escapadarural\" \/>\n<meta property=\"article:published_time\" content=\"2015-10-29T08:58:17+00:00\" \/>\n<meta property=\"article:modified_time\" content=\"2025-08-12T13:02:51+00:00\" \/>\n<meta property=\"og:image\" content=\"https:\/\/www.escapadarural.com\/blog\/wp-content\/uploads\/2024\/12\/logo-coetur-black.png?v=1755003772\" \/>\n\t<meta property=\"og:image:width\" content=\"799\" \/>\n\t<meta property=\"og:image:height\" content=\"288\" \/>\n\t<meta property=\"og:image:type\" content=\"image\/png\" \/>\n<meta name=\"author\" content=\"Miryam Tejada\" \/>\n<meta name=\"twitter:card\" content=\"summary_large_image\" \/>\n<meta name=\"twitter:label1\" content=\"Escrito por\" \/>\n\t<meta name=\"twitter:data1\" content=\"Miryam Tejada\" \/>\n\t<meta name=\"twitter:label2\" content=\"Tiempo de lectura\" \/>\n\t<meta name=\"twitter:data2\" content=\"8 minutos\" \/>\n<script type=\"application\/ld+json\" class=\"yoast-schema-graph\">{\"@context\":\"https:\/\/schema.org\",\"@graph\":[{\"@type\":\"Article\",\"@id\":\"https:\/\/www.escapadarural.com\/blog\/resumen-de-coetur-2015-un-congreso-por-y-para-los-profesionales-del-turismo-rural-2\/#article\",\"isPartOf\":{\"@id\":\"https:\/\/www.escapadarural.com\/blog\/resumen-de-coetur-2015-un-congreso-por-y-para-los-profesionales-del-turismo-rural-2\/\"},\"author\":{\"name\":\"Miryam Tejada\",\"@id\":\"https:\/\/www.escapadarural.com\/blog\/#\/schema\/person\/3a79b504f208fd6cf3bb52c608e311f0\"},\"headline\":\"Resumen de #COETUR 2015, un Congreso por y para los profesionales del turismo rural\",\"datePublished\":\"2015-10-29T08:58:17+00:00\",\"dateModified\":\"2025-08-12T13:02:51+00:00\",\"mainEntityOfPage\":{\"@id\":\"https:\/\/www.escapadarural.com\/blog\/resumen-de-coetur-2015-un-congreso-por-y-para-los-profesionales-del-turismo-rural-2\/\"},\"wordCount\":1736,\"commentCount\":0,\"publisher\":{\"@id\":\"https:\/\/www.escapadarural.com\/blog\/#organization\"},\"image\":{\"@id\":\"https:\/\/www.escapadarural.com\/blog\/resumen-de-coetur-2015-un-congreso-por-y-para-los-profesionales-del-turismo-rural-2\/#primaryimage\"},\"thumbnailUrl\":\"https:\/\/www.escapadarural.com\/blog\/wp-content\/uploads\/2024\/12\/logo-coetur-black.png\",\"keywords\":[\"art\u00edculo\",\"COETUR\",\"Resumen\"],\"articleSection\":[\"Coetur\",\"Noticias\"],\"inLanguage\":\"es\",\"potentialAction\":[{\"@type\":\"CommentAction\",\"name\":\"Comment\",\"target\":[\"https:\/\/www.escapadarural.com\/blog\/resumen-de-coetur-2015-un-congreso-por-y-para-los-profesionales-del-turismo-rural-2\/#respond\"]}]},{\"@type\":\"WebPage\",\"@id\":\"https:\/\/www.escapadarural.com\/blog\/resumen-de-coetur-2015-un-congreso-por-y-para-los-profesionales-del-turismo-rural-2\/\",\"url\":\"https:\/\/www.escapadarural.com\/blog\/resumen-de-coetur-2015-un-congreso-por-y-para-los-profesionales-del-turismo-rural-2\/\",\"name\":\"Resumen de #COETUR 2015, un Congreso por y para los profesionales del turismo rural - EscapadaRural\",\"isPartOf\":{\"@id\":\"https:\/\/www.escapadarural.com\/blog\/#website\"},\"primaryImageOfPage\":{\"@id\":\"https:\/\/www.escapadarural.com\/blog\/resumen-de-coetur-2015-un-congreso-por-y-para-los-profesionales-del-turismo-rural-2\/#primaryimage\"},\"image\":{\"@id\":\"https:\/\/www.escapadarural.com\/blog\/resumen-de-coetur-2015-un-congreso-por-y-para-los-profesionales-del-turismo-rural-2\/#primaryimage\"},\"thumbnailUrl\":\"https:\/\/www.escapadarural.com\/blog\/wp-content\/uploads\/2024\/12\/logo-coetur-black.png\",\"datePublished\":\"2015-10-29T08:58:17+00:00\",\"dateModified\":\"2025-08-12T13:02:51+00:00\",\"breadcrumb\":{\"@id\":\"https:\/\/www.escapadarural.com\/blog\/resumen-de-coetur-2015-un-congreso-por-y-para-los-profesionales-del-turismo-rural-2\/#breadcrumb\"},\"inLanguage\":\"es\",\"potentialAction\":[{\"@type\":\"ReadAction\",\"target\":[\"https:\/\/www.escapadarural.com\/blog\/resumen-de-coetur-2015-un-congreso-por-y-para-los-profesionales-del-turismo-rural-2\/\"]}]},{\"@type\":\"ImageObject\",\"inLanguage\":\"es\",\"@id\":\"https:\/\/www.escapadarural.com\/blog\/resumen-de-coetur-2015-un-congreso-por-y-para-los-profesionales-del-turismo-rural-2\/#primaryimage\",\"url\":\"https:\/\/www.escapadarural.com\/blog\/wp-content\/uploads\/2024\/12\/logo-coetur-black.png\",\"contentUrl\":\"https:\/\/www.escapadarural.com\/blog\/wp-content\/uploads\/2024\/12\/logo-coetur-black.png\",\"width\":799,\"height\":288,\"caption\":\"Coetur logo\"},{\"@type\":\"BreadcrumbList\",\"@id\":\"https:\/\/www.escapadarural.com\/blog\/resumen-de-coetur-2015-un-congreso-por-y-para-los-profesionales-del-turismo-rural-2\/#breadcrumb\",\"itemListElement\":[{\"@type\":\"ListItem\",\"position\":1,\"name\":\"Inicio\",\"item\":\"https:\/\/www.escapadarural.com\/blog\/\"},{\"@type\":\"ListItem\",\"position\":2,\"name\":\"Noticias\",\"item\":\"https:\/\/www.escapadarural.com\/blog\/categoria\/noticias\/\"},{\"@type\":\"ListItem\",\"position\":3,\"name\":\"Resumen de #COETUR 2015, un Congreso por y para los profesionales del turismo rural\"}]},{\"@type\":\"WebSite\",\"@id\":\"https:\/\/www.escapadarural.com\/blog\/#website\",\"url\":\"https:\/\/www.escapadarural.com\/blog\/\",\"name\":\"Blog de viajes | turismo rural, alojamientos e inspiraci\u00f3n\",\"description\":\"Alojamientos rurales e inspiraci\u00f3n para tus escapadas\",\"publisher\":{\"@id\":\"https:\/\/www.escapadarural.com\/blog\/#organization\"},\"alternateName\":\"Magazine de viajes de EscapadaRural\",\"potentialAction\":[{\"@type\":\"SearchAction\",\"target\":{\"@type\":\"EntryPoint\",\"urlTemplate\":\"https:\/\/www.escapadarural.com\/blog\/?s={search_term_string}\"},\"query-input\":{\"@type\":\"PropertyValueSpecification\",\"valueRequired\":true,\"valueName\":\"search_term_string\"}}],\"inLanguage\":\"es\"},{\"@type\":\"Organization\",\"@id\":\"https:\/\/www.escapadarural.com\/blog\/#organization\",\"name\":\"EscapadaRural\",\"url\":\"https:\/\/www.escapadarural.com\/blog\/\",\"logo\":{\"@type\":\"ImageObject\",\"inLanguage\":\"es\",\"@id\":\"https:\/\/www.escapadarural.com\/blog\/#\/schema\/logo\/image\/\",\"url\":\"https:\/\/www.escapadarural.com\/blog\/wp-content\/uploads\/2024\/10\/cropped-cropped-escapada-rural-icon-mag-3.png\",\"contentUrl\":\"https:\/\/www.escapadarural.com\/blog\/wp-content\/uploads\/2024\/10\/cropped-cropped-escapada-rural-icon-mag-3.png\",\"width\":512,\"height\":512,\"caption\":\"EscapadaRural\"},\"image\":{\"@id\":\"https:\/\/www.escapadarural.com\/blog\/#\/schema\/logo\/image\/\"},\"sameAs\":[\"https:\/\/www.facebook.com\/escapadarural\",\"https:\/\/www.instagram.com\/escapadarural\/\",\"https:\/\/www.youtube.com\/@escapadaruralcom\"]},{\"@type\":\"Person\",\"@id\":\"https:\/\/www.escapadarural.com\/blog\/#\/schema\/person\/3a79b504f208fd6cf3bb52c608e311f0\",\"name\":\"Miryam Tejada\",\"image\":{\"@type\":\"ImageObject\",\"inLanguage\":\"es\",\"@id\":\"https:\/\/www.escapadarural.com\/blog\/wp-content\/uploads\/2024\/12\/cropped-PXL_20240524_141044774.PORTRAIT.ORIGINAL-1-scaled-2-96x96.jpg\",\"url\":\"https:\/\/www.escapadarural.com\/blog\/wp-content\/uploads\/2024\/12\/cropped-PXL_20240524_141044774.PORTRAIT.ORIGINAL-1-scaled-2-96x96.jpg\",\"contentUrl\":\"https:\/\/www.escapadarural.com\/blog\/wp-content\/uploads\/2024\/12\/cropped-PXL_20240524_141044774.PORTRAIT.ORIGINAL-1-scaled-2-96x96.jpg\",\"caption\":\"Miryam Tejada\"},\"description\":\"Mi t\u00edtulo universitario dice que soy licenciada en periodismo, pero realmente soy una todoterreno a la que le pill\u00f3 la transici\u00f3n del mundo anal\u00f3gico al digital de pleno. Es decir, soy millennial, y eso lo que conlleva, seg\u00fan las habladur\u00edas, es que me dejo llevar y priorizo mi bienestar. O lo que es lo mismo, soy una apasionada de los viajes y las experiencias, del simple hecho de tomar unas cervezas entre amigas, organizar una buena comilona en la sociedad con sobremesa larga incluida o pasar las tardes en el parque con mis gemelos.\",\"url\":\"https:\/\/www.escapadarural.com\/blog\/autor\/miryam\/\"}]}<\/script>\n<!-- \/ Yoast SEO plugin. -->","yoast_head_json":{"title":"Resumen de #COETUR 2015, un Congreso por y para los profesionales del turismo rural - EscapadaRural","robots":{"index":"index","follow":"follow","max-snippet":"max-snippet:-1","max-image-preview":"max-image-preview:large","max-video-preview":"max-video-preview:-1"},"canonical":"https:\/\/www.escapadarural.com\/blog\/resumen-de-coetur-2015-un-congreso-por-y-para-los-profesionales-del-turismo-rural-2\/","og_locale":"es_ES","og_type":"article","og_title":"Resumen de #COETUR 2015, un Congreso por y para los profesionales del turismo rural - EscapadaRural","og_description":"El pasado d\u00eda 30 de septiembre y 1 de octubre se celebr\u00f3 el II Congreso Europeo del Turismo Rural (COETUR), una iniciativa de EscapadaRural.com en colaboraci\u00f3n con entidades p\u00fablicas y privadas. M\u00e1s de 210 profesionales del sector se dieron cita en la Sierra Norte de Madrid, concretamente en la finca Aldea Santillana (Manjir\u00f3n), con el fin de analizar las cuestiones que m\u00e1s afectan al turismo rural. En esta edici\u00f3n la creaci\u00f3n y la promoci\u00f3n de destino han sido los elementos sobresalientes del Congreso.","og_url":"https:\/\/www.escapadarural.com\/blog\/resumen-de-coetur-2015-un-congreso-por-y-para-los-profesionales-del-turismo-rural-2\/","og_site_name":"Magazine de viajes de EscapadaRural","article_publisher":"https:\/\/www.facebook.com\/escapadarural","article_published_time":"2015-10-29T08:58:17+00:00","article_modified_time":"2025-08-12T13:02:51+00:00","og_image":[{"width":799,"height":288,"url":"https:\/\/www.escapadarural.com\/blog\/wp-content\/uploads\/2024\/12\/logo-coetur-black.png?v=1755003772","type":"image\/png"}],"author":"Miryam Tejada","twitter_card":"summary_large_image","twitter_misc":{"Escrito por":"Miryam Tejada","Tiempo de lectura":"8 minutos"},"schema":{"@context":"https:\/\/schema.org","@graph":[{"@type":"Article","@id":"https:\/\/www.escapadarural.com\/blog\/resumen-de-coetur-2015-un-congreso-por-y-para-los-profesionales-del-turismo-rural-2\/#article","isPartOf":{"@id":"https:\/\/www.escapadarural.com\/blog\/resumen-de-coetur-2015-un-congreso-por-y-para-los-profesionales-del-turismo-rural-2\/"},"author":{"name":"Miryam Tejada","@id":"https:\/\/www.escapadarural.com\/blog\/#\/schema\/person\/3a79b504f208fd6cf3bb52c608e311f0"},"headline":"Resumen de #COETUR 2015, un Congreso por y para los profesionales del turismo rural","datePublished":"2015-10-29T08:58:17+00:00","dateModified":"2025-08-12T13:02:51+00:00","mainEntityOfPage":{"@id":"https:\/\/www.escapadarural.com\/blog\/resumen-de-coetur-2015-un-congreso-por-y-para-los-profesionales-del-turismo-rural-2\/"},"wordCount":1736,"commentCount":0,"publisher":{"@id":"https:\/\/www.escapadarural.com\/blog\/#organization"},"image":{"@id":"https:\/\/www.escapadarural.com\/blog\/resumen-de-coetur-2015-un-congreso-por-y-para-los-profesionales-del-turismo-rural-2\/#primaryimage"},"thumbnailUrl":"https:\/\/www.escapadarural.com\/blog\/wp-content\/uploads\/2024\/12\/logo-coetur-black.png","keywords":["art\u00edculo","COETUR","Resumen"],"articleSection":["Coetur","Noticias"],"inLanguage":"es","potentialAction":[{"@type":"CommentAction","name":"Comment","target":["https:\/\/www.escapadarural.com\/blog\/resumen-de-coetur-2015-un-congreso-por-y-para-los-profesionales-del-turismo-rural-2\/#respond"]}]},{"@type":"WebPage","@id":"https:\/\/www.escapadarural.com\/blog\/resumen-de-coetur-2015-un-congreso-por-y-para-los-profesionales-del-turismo-rural-2\/","url":"https:\/\/www.escapadarural.com\/blog\/resumen-de-coetur-2015-un-congreso-por-y-para-los-profesionales-del-turismo-rural-2\/","name":"Resumen de #COETUR 2015, un Congreso por y para los profesionales del turismo rural - EscapadaRural","isPartOf":{"@id":"https:\/\/www.escapadarural.com\/blog\/#website"},"primaryImageOfPage":{"@id":"https:\/\/www.escapadarural.com\/blog\/resumen-de-coetur-2015-un-congreso-por-y-para-los-profesionales-del-turismo-rural-2\/#primaryimage"},"image":{"@id":"https:\/\/www.escapadarural.com\/blog\/resumen-de-coetur-2015-un-congreso-por-y-para-los-profesionales-del-turismo-rural-2\/#primaryimage"},"thumbnailUrl":"https:\/\/www.escapadarural.com\/blog\/wp-content\/uploads\/2024\/12\/logo-coetur-black.png","datePublished":"2015-10-29T08:58:17+00:00","dateModified":"2025-08-12T13:02:51+00:00","breadcrumb":{"@id":"https:\/\/www.escapadarural.com\/blog\/resumen-de-coetur-2015-un-congreso-por-y-para-los-profesionales-del-turismo-rural-2\/#breadcrumb"},"inLanguage":"es","potentialAction":[{"@type":"ReadAction","target":["https:\/\/www.escapadarural.com\/blog\/resumen-de-coetur-2015-un-congreso-por-y-para-los-profesionales-del-turismo-rural-2\/"]}]},{"@type":"ImageObject","inLanguage":"es","@id":"https:\/\/www.escapadarural.com\/blog\/resumen-de-coetur-2015-un-congreso-por-y-para-los-profesionales-del-turismo-rural-2\/#primaryimage","url":"https:\/\/www.escapadarural.com\/blog\/wp-content\/uploads\/2024\/12\/logo-coetur-black.png","contentUrl":"https:\/\/www.escapadarural.com\/blog\/wp-content\/uploads\/2024\/12\/logo-coetur-black.png","width":799,"height":288,"caption":"Coetur logo"},{"@type":"BreadcrumbList","@id":"https:\/\/www.escapadarural.com\/blog\/resumen-de-coetur-2015-un-congreso-por-y-para-los-profesionales-del-turismo-rural-2\/#breadcrumb","itemListElement":[{"@type":"ListItem","position":1,"name":"Inicio","item":"https:\/\/www.escapadarural.com\/blog\/"},{"@type":"ListItem","position":2,"name":"Noticias","item":"https:\/\/www.escapadarural.com\/blog\/categoria\/noticias\/"},{"@type":"ListItem","position":3,"name":"Resumen de #COETUR 2015, un Congreso por y para los profesionales del turismo rural"}]},{"@type":"WebSite","@id":"https:\/\/www.escapadarural.com\/blog\/#website","url":"https:\/\/www.escapadarural.com\/blog\/","name":"Blog de viajes | turismo rural, alojamientos e inspiraci\u00f3n","description":"Alojamientos rurales e inspiraci\u00f3n para tus escapadas","publisher":{"@id":"https:\/\/www.escapadarural.com\/blog\/#organization"},"alternateName":"Magazine de viajes de EscapadaRural","potentialAction":[{"@type":"SearchAction","target":{"@type":"EntryPoint","urlTemplate":"https:\/\/www.escapadarural.com\/blog\/?s={search_term_string}"},"query-input":{"@type":"PropertyValueSpecification","valueRequired":true,"valueName":"search_term_string"}}],"inLanguage":"es"},{"@type":"Organization","@id":"https:\/\/www.escapadarural.com\/blog\/#organization","name":"EscapadaRural","url":"https:\/\/www.escapadarural.com\/blog\/","logo":{"@type":"ImageObject","inLanguage":"es","@id":"https:\/\/www.escapadarural.com\/blog\/#\/schema\/logo\/image\/","url":"https:\/\/www.escapadarural.com\/blog\/wp-content\/uploads\/2024\/10\/cropped-cropped-escapada-rural-icon-mag-3.png","contentUrl":"https:\/\/www.escapadarural.com\/blog\/wp-content\/uploads\/2024\/10\/cropped-cropped-escapada-rural-icon-mag-3.png","width":512,"height":512,"caption":"EscapadaRural"},"image":{"@id":"https:\/\/www.escapadarural.com\/blog\/#\/schema\/logo\/image\/"},"sameAs":["https:\/\/www.facebook.com\/escapadarural","https:\/\/www.instagram.com\/escapadarural\/","https:\/\/www.youtube.com\/@escapadaruralcom"]},{"@type":"Person","@id":"https:\/\/www.escapadarural.com\/blog\/#\/schema\/person\/3a79b504f208fd6cf3bb52c608e311f0","name":"Miryam Tejada","image":{"@type":"ImageObject","inLanguage":"es","@id":"https:\/\/www.escapadarural.com\/blog\/wp-content\/uploads\/2024\/12\/cropped-PXL_20240524_141044774.PORTRAIT.ORIGINAL-1-scaled-2-96x96.jpg","url":"https:\/\/www.escapadarural.com\/blog\/wp-content\/uploads\/2024\/12\/cropped-PXL_20240524_141044774.PORTRAIT.ORIGINAL-1-scaled-2-96x96.jpg","contentUrl":"https:\/\/www.escapadarural.com\/blog\/wp-content\/uploads\/2024\/12\/cropped-PXL_20240524_141044774.PORTRAIT.ORIGINAL-1-scaled-2-96x96.jpg","caption":"Miryam Tejada"},"description":"Mi t\u00edtulo universitario dice que soy licenciada en periodismo, pero realmente soy una todoterreno a la que le pill\u00f3 la transici\u00f3n del mundo anal\u00f3gico al digital de pleno. Es decir, soy millennial, y eso lo que conlleva, seg\u00fan las habladur\u00edas, es que me dejo llevar y priorizo mi bienestar. O lo que es lo mismo, soy una apasionada de los viajes y las experiencias, del simple hecho de tomar unas cervezas entre amigas, organizar una buena comilona en la sociedad con sobremesa larga incluida o pasar las tardes en el parque con mis gemelos.","url":"https:\/\/www.escapadarural.com\/blog\/autor\/miryam\/"}]}},"_links":{"self":[{"href":"https:\/\/www.escapadarural.com\/blog\/wp-json\/wp\/v2\/posts\/14178","targetHints":{"allow":["GET"]}}],"collection":[{"href":"https:\/\/www.escapadarural.com\/blog\/wp-json\/wp\/v2\/posts"}],"about":[{"href":"https:\/\/www.escapadarural.com\/blog\/wp-json\/wp\/v2\/types\/post"}],"author":[{"embeddable":true,"href":"https:\/\/www.escapadarural.com\/blog\/wp-json\/wp\/v2\/users\/98"}],"replies":[{"embeddable":true,"href":"https:\/\/www.escapadarural.com\/blog\/wp-json\/wp\/v2\/comments?post=14178"}],"version-history":[{"count":0,"href":"https:\/\/www.escapadarural.com\/blog\/wp-json\/wp\/v2\/posts\/14178\/revisions"}],"wp:featuredmedia":[{"embeddable":true,"href":"https:\/\/www.escapadarural.com\/blog\/wp-json\/wp\/v2\/media\/184347"}],"wp:attachment":[{"href":"https:\/\/www.escapadarural.com\/blog\/wp-json\/wp\/v2\/media?parent=14178"}],"wp:term":[{"taxonomy":"category","embeddable":true,"href":"https:\/\/www.escapadarural.com\/blog\/wp-json\/wp\/v2\/categories?post=14178"},{"taxonomy":"post_tag","embeddable":true,"href":"https:\/\/www.escapadarural.com\/blog\/wp-json\/wp\/v2\/tags?post=14178"}],"curies":[{"name":"wp","href":"https:\/\/api.w.org\/{rel}","templated":true}]}}