{"id":1434,"date":"2017-03-10T09:30:35","date_gmt":"2017-03-10T09:30:35","guid":{"rendered":"http:\/\/15.188.81.248\/2017\/03\/10\/4-imprescindibles-de-los-picos-de-europa\/"},"modified":"2026-02-06T10:45:53","modified_gmt":"2026-02-06T09:45:53","slug":"4-imprescindibles-de-los-picos-de-europa","status":"publish","type":"post","link":"https:\/\/www.escapadarural.com\/blog\/4-imprescindibles-de-los-picos-de-europa\/","title":{"rendered":"4 imprescindibles de los Picos de Europa"},"content":{"rendered":"<div class=\"wp-block-image\">\n<figure class=\"aligncenter size-large\"><a href=\"https:\/\/www.escapadarural.com\/blog\/wp-content\/uploads\/2017\/03\/Picos-de-Europa-1-1.jpg\"><img decoding=\"async\" src=\"https:\/\/www.escapadarural.com\/blog\/wp-content\/uploads\/2017\/03\/Picos-de-Europa-1-1.jpg\" alt=\"Lagos de Covadonga\" class=\"wp-image-29416\"\/><\/a><figcaption class=\"wp-element-caption\">Lagos de Covadonga. Por Marques<\/figcaption><\/figure>\n<\/div>\n\n\n<p>El Parque Nacional de los <a href=\"https:\/\/www.escapadarural.com\/blog\/tag\/picos-de-europa\/\">Picos de Europa<\/a> es uno de los espacios naturales m\u00e1s visitados en Espa\u00f1a. Seg\u00fan el MARM, recibe m\u00e1s de 1,5 millones de visitantes al a\u00f1o. Est\u00e1 en la cordillera cant\u00e1brica, entre Asturias, Cantabria y Le\u00f3n.<\/p>\n\n\n\n<p>Para ver los picos as\u00ed han tenido que pasar 300 millones de a\u00f1os. La acci\u00f3n del hombre, de los animales, y originalmente las fuerzas de la Tierra han creado y modificado un espacio que el 30 de mayo de 1995 qued\u00f3 protegido oficialmente (el 22 de julio de 1918 se declar\u00f3 el primer Parque Nacional el espacio de la Monta\u00f1a de Covadonga, en Asturias).<\/p>\n\n\n\n<h2 class=\"wp-block-heading title-rute\" id=\"0-lagos-de-covadonga\">Lagos de Covadonga<\/h2>\n\n\n\n<figure class=\"wp-block-image size-large\"><a href=\"https:\/\/www.escapadarural.com\/blog\/wp-content\/uploads\/2017\/03\/Picos-de-Europa-4-1.jpg\"><img decoding=\"async\" src=\"https:\/\/www.escapadarural.com\/blog\/wp-content\/uploads\/2017\/03\/Picos-de-Europa-4-1.jpg\" alt=\"Covadonga\" class=\"wp-image-29415\"\/><\/a><figcaption class=\"wp-element-caption\">Fuente: Fran Marin<\/figcaption><\/figure>\n\n\n\n<p>Los <a href=\"https:\/\/www.escapadarural.com\/blog\/lagos-de-covadonga-los-diamantes-de-los-picos-de-europa\/\">lagos de Covadonga<\/a> son el resultado natural de aquel proceso que se inici\u00f3 hace 300 millones de a\u00f1os. Las lagunas glaciares Enol, La Ercina y El Bricial conforman los lagos de Covadonga. Es uno de los cuatro principales accesos al Parque Nacional de <a href=\"\/casas-rurales\/picos-de-europa\">Picos de Europa<\/a>.<\/p>\n\n\n\n<p>El Enol es el primero y m\u00e1s grande de los lagos. Se dice que <a aria-label=\" (opens in a new tab)\" class=\"rank-math-link\" href=\"https:\/\/www.escapadarural.com\/blog\/la-virgen-que-emerge-del-lago-cada-ano-en-los-picos-de-europa\/\" target=\"_blank\" rel=\"noreferrer noopener\">la virgen de Covadonga reposa bajo sus aguas<\/a> y vela por todos sus vecinos.<\/p>\n\n\n\n<p>Subiendo 100 m se encuentra el lago la Ercina. El Bricial solo tiene agua durante el deshielo de los montes circundantes.<\/p>\n\n\n\n<h2 class=\"wp-block-heading title-rute\" id=\"1-la-ruta-del-cares\">La Ruta del Cares<\/h2>\n\n\n\n<figure class=\"wp-block-image size-full\"><img loading=\"lazy\" decoding=\"async\" width=\"1024\" height=\"680\" src=\"https:\/\/www.escapadarural.com\/blog\/wp-content\/uploads\/2024\/12\/05b_LoMasRutas_Cares_dgmsgallery_AdobeStock_100232272_WP08.webp\" alt=\"La ruta del Cares, una de las m\u00e1s populares entre los senderistas espa\u00f1oles.\" class=\"wp-image-184886\" srcset=\"https:\/\/www.escapadarural.com\/blog\/wp-content\/uploads\/2024\/12\/05b_LoMasRutas_Cares_dgmsgallery_AdobeStock_100232272_WP08-200x133.webp 200w, https:\/\/www.escapadarural.com\/blog\/wp-content\/uploads\/2024\/12\/05b_LoMasRutas_Cares_dgmsgallery_AdobeStock_100232272_WP08-300x199.webp 300w, https:\/\/www.escapadarural.com\/blog\/wp-content\/uploads\/2024\/12\/05b_LoMasRutas_Cares_dgmsgallery_AdobeStock_100232272_WP08-400x266.webp 400w, https:\/\/www.escapadarural.com\/blog\/wp-content\/uploads\/2024\/12\/05b_LoMasRutas_Cares_dgmsgallery_AdobeStock_100232272_WP08-600x398.webp 600w, https:\/\/www.escapadarural.com\/blog\/wp-content\/uploads\/2024\/12\/05b_LoMasRutas_Cares_dgmsgallery_AdobeStock_100232272_WP08-768x510.webp 768w, https:\/\/www.escapadarural.com\/blog\/wp-content\/uploads\/2024\/12\/05b_LoMasRutas_Cares_dgmsgallery_AdobeStock_100232272_WP08-800x531.webp 800w, https:\/\/www.escapadarural.com\/blog\/wp-content\/uploads\/2024\/12\/05b_LoMasRutas_Cares_dgmsgallery_AdobeStock_100232272_WP08.webp 1024w\" sizes=\"auto, (max-width: 1024px) 100vw, 1024px\" \/><figcaption class=\"wp-element-caption\">La ruta del Cares, una de las m\u00e1s populares entre los senderistas espa\u00f1oles. Por dgmsgallery.<\/figcaption><\/figure>\n\n\n\n<p>T\u00e9cnicamente es la ruta PR-PNPE 3. La ruta del Cares comienza en en <a href=\"https:\/\/www.escapadarural.com\/casas-rurales\/posada-de-valdeon\" target=\"_blank\" label=\" (opens in a new tab)\" rel=\"noreferrer noopener\" class=\"rank-math-link\">Posada de Valde\u00f3n<\/a> y concluye en Poncebos, en un trayecto de 21 km.<\/p>\n\n\n\n<p>La ruta del Cares discurre entre monta\u00f1as, siguiendo el curso del r\u00edo que le da nombre, y tiene paso por parajes como los de Ca\u00edn, la necr\u00f3polis de Barrejo, el Chorco de los Lobos o la ermita de Corona. Dada la espectacularidad de la senda ya se la conoce como \u00abLa Garganta Divina del Cares\u00bb.<\/p>\n\n\n<section class=\"wp-block-ub-post-grid ub-block-post-grid align  is-equal-height preserve-post-image-aspect-ratio\" style=\"\" id=\"ub-post-grid-\"><div class=\"ub-post-grid-items is-list\" style=\"row-gap: 32px; column-gap: 32px; \"><article id=\"post-214679\" class=\"ub-post-grid-item post-214679 post type-post status-publish format-standard has-post-thumbnail hentry category-destinos category-rutas-y-excursiones tag-amigos tag-que-ver-en-asturias tag-que-ver-en-barcelona tag-caminito-del-rey tag-camino-de-santiago tag-cola-de-caballo tag-familia tag-que-ver-en-galicia tag-que-ver-en-girona tag-gr11-senda-pirenaica tag-que-ver-en-huesca tag-lagos-de-saliencia tag-que-ver-en-leon tag-listado tag-montserrat tag-que-ver-en-navarra tag-que-ver-en-pais-vasco tag-pareja tag-parque-nacional-de-ordesa-y-monte-perdido tag-pirineo tag-ruta-del-cares tag-senderismo\" style=\"\"><div class=\"ub-block-post-grid-image\" style=\"\"><a href=\"https:\/\/www.escapadarural.com\/blog\/rutas-mas-populares-espana\/\" rel=\"bookmark\" aria-hidden=\"true\" tabindex=\"-1\"><img loading=\"lazy\" decoding=\"async\" width=\"1200\" height=\"800\" src=\"https:\/\/www.escapadarural.com\/blog\/wp-content\/uploads\/2025\/09\/01_Malaga_caminito_atardecer_WP01.webp\" class=\"attachment-full size-full\" alt=\"Atardecer en el Caminito del Rey (M\u00e1laga).\" style=\"max-width: 600px; \" srcset=\"https:\/\/www.escapadarural.com\/blog\/wp-content\/uploads\/2025\/09\/01_Malaga_caminito_atardecer_WP01-200x133.webp 200w, https:\/\/www.escapadarural.com\/blog\/wp-content\/uploads\/2025\/09\/01_Malaga_caminito_atardecer_WP01-300x200.webp 300w, https:\/\/www.escapadarural.com\/blog\/wp-content\/uploads\/2025\/09\/01_Malaga_caminito_atardecer_WP01-400x267.webp 400w, https:\/\/www.escapadarural.com\/blog\/wp-content\/uploads\/2025\/09\/01_Malaga_caminito_atardecer_WP01-600x400.webp 600w, https:\/\/www.escapadarural.com\/blog\/wp-content\/uploads\/2025\/09\/01_Malaga_caminito_atardecer_WP01-768x512.webp 768w, https:\/\/www.escapadarural.com\/blog\/wp-content\/uploads\/2025\/09\/01_Malaga_caminito_atardecer_WP01-800x533.webp 800w, https:\/\/www.escapadarural.com\/blog\/wp-content\/uploads\/2025\/09\/01_Malaga_caminito_atardecer_WP01-1024x683.webp 1024w, https:\/\/www.escapadarural.com\/blog\/wp-content\/uploads\/2025\/09\/01_Malaga_caminito_atardecer_WP01.webp 1200w\" sizes=\"auto, (max-width: 1200px) 100vw, 1200px\"><\/a><\/div><div class=\"ub-block-post-grid-text\" style=\"\"><div class=\"ub-block-post-grid-header-content\"><header class=\"ub-block-post-grid-header\"><h3 class=\"ub-block-post-grid-title\"><a style=\"\" href=\"https:\/\/www.escapadarural.com\/blog\/rutas-mas-populares-espana\/\" rel=\"bookmark\">Las rutas m\u00e1s deseadas de 2026 (y cu\u00e1ndo hacerlas sin masificaciones)\u00a0<\/a><\/h3><\/header><\/div><div class=\"ub-block-post-grid-excerpt\"><div class=\"ub-block-post-grid-excerpt-text\" style=\"\"><p>Estas son las rutas m\u00e1s buscadas por los viajeros, seg\u00fan datos de Google Trends. Aunque no siempre est\u00e1n masificadas, mira cu\u00e1ndo realizarlas<\/p>\n<\/div><\/div><\/div><\/article>\n<\/div><\/section>\n\n\n<h2 class=\"wp-block-heading title-rute\" id=\"2-el-naranjo-de-bulnes\">El Naranjo de Bulnes<\/h2>\n\n\n\n<figure class=\"wp-block-image size-large\"><a href=\"https:\/\/www.escapadarural.com\/blog\/wp-content\/uploads\/naranjo-de-bulnes-limestone-peak-mountain-stockpack-pixabay-scaled.jpg\"><img decoding=\"async\" src=\"https:\/\/www.escapadarural.com\/blog\/wp-content\/uploads\/2017\/03\/naranjo-de-bulnes-limestone-peak-mountain-stockpack-pixabay-1024x683-1.jpg\" alt=\"Pico Urriellu\" class=\"wp-image-46781\"\/><\/a><figcaption class=\"wp-element-caption\">Pico Urriellu\/Naranjo de Bulnes. Por Pixabay<\/figcaption><\/figure>\n\n\n\n<p>El Pico Urriellu (2.519 m), dentro del t\u00e9rmino de <a href=\"https:\/\/www.escapadarural.com\/casas-rurales\/cabrales\" target=\"_blank\" label=\" (opens in a new tab)\" rel=\"noreferrer noopener\" class=\"rank-math-link\">Cabrales<\/a>, se conoce tambi\u00e9n como <a href=\"https:\/\/www.escapadarural.com\/blog\/caida-libre-en-el-naranjo-de-bulnes-500-m-de-pared-vertical\/\" target=\"_blank\" aria-label=\" (opens in a new tab)\" rel=\"noreferrer noopener\" class=\"rank-math-link\">el Naranjo de Bulnes<\/a>. No es el m\u00e1s alto, pero s\u00ed el m\u00e1s conocido por su forma y las escaladas hist\u00f3ricas que se han conseguido en su pared vertical de 500 m. En 2009, los hermanos Pou alcanzaron la cumbre tras 8 horas de esfuerzos.<\/p>\n\n\n\n<figure class=\"wp-block-embed is-type-video is-provider-youtube wp-block-embed-youtube wp-embed-aspect-16-9 wp-has-aspect-ratio\"><div class=\"wp-block-embed__wrapper\">\n<span class=\"snCf2r4GzuAJlQ5hq\"><div class=\"video-shortcode\"><iframe title=\"Los hermanos Pou, liberando Marejada Fuerza 6 en Urriellu\" width=\"1200\" height=\"675\" src=\"https:\/\/www.youtube.com\/embed\/oXZwiDo5cpE?feature=oembed\" frameborder=\"0\" allow=\"accelerometer; autoplay; clipboard-write; encrypted-media; gyroscope; picture-in-picture; web-share\" referrerpolicy=\"strict-origin-when-cross-origin\" allowfullscreen><\/iframe><\/div><\/span>\n<\/div><\/figure>\n\n\n\n<p>Para llegar al lugar basta plantarse en la poblaci\u00f3n de Sotres y lanzarse hacia el refugio de la Terenosa y despu\u00e9s al de Vega de Urriello.<\/p>\n\n\n\n<h2 class=\"wp-block-heading title-rute\" id=\"3-el-telef%C3%A9rico-de-fuente-d%C3%A9\">El Telef\u00e9rico de Fuente D\u00e9<\/h2>\n\n\n\n<figure class=\"wp-block-image size-full\"><a href=\"https:\/\/www.escapadarural.com\/blog\/wp-content\/uploads\/fuente-de-scaled.jpg\"><img decoding=\"async\" src=\"https:\/\/www.escapadarural.com\/blog\/wp-content\/uploads\/2017\/03\/fuente-de.jpg\" alt=\"Fuente D\u00e9, Picos de Europa\" class=\"wp-image-66305\"\/><\/a><figcaption class=\"wp-element-caption\">. Fuente D\u00e9, Picos de EuropaPor Luis GA<\/figcaption><\/figure>\n\n\n\n<p>En la localidad de <a href=\"https:\/\/www.escapadarural.com\/casas-rurales\/camaleno\" target=\"_blank\" label=\" (opens in a new tab)\" rel=\"noreferrer noopener\" class=\"rank-math-link\">Camale\u00f1o<\/a>, comarca de Li\u00e9bana (Cantabria), nace el r\u00edo Deva y se asienta un hermoso circo glaciar: aqu\u00ed se encuentra Fuente D\u00e9.<\/p>\n\n\n\n<p>Un telef\u00e9rico <strong>asciende 753 m en 4 minutos<\/strong> hasta situar a los viajeros a 1.823 m de altitud. Desde aqu\u00ed se gozan de una de las mejores vistas del Parque Nacional de Picos de Europa. Una vez arriba, pod\u00e9is continuar de ruta por los senderos. Por ejemplo, el PR-S 7 hasta <a href=\"https:\/\/www.escapadarural.com\/casas-rurales\/liebana\" target=\"_blank\" aria-label=\" (opens in a new tab)\" rel=\"noreferrer noopener\" class=\"rank-math-link\">Santo Toribio de Li\u00e9bana<\/a>.<\/p>\n\n\n\n<p>M\u00e1s informaci\u00f3n | Parque Nacional Picos de Europa<\/p>\n\n\n\n<div class=\"wp-block-buttons is-layout-flex wp-block-buttons-is-layout-flex\">\n<div class=\"wp-block-button\"><a class=\"wp-block-button__link wp-element-button\" href=\"\/casas-rurales\/picos-de-europa\">Casas rurales en Picos de Europa<\/a><\/div>\n<\/div>\n","protected":false},"excerpt":{"rendered":"<p>El Parque Nacional de los Picos de Europa es un reclamo en su conjunto. Pero rescatamos los cuatro puntos imprescindibles que todo visitante deber\u00eda ver en su escapada&#8230;<\/p>\n","protected":false},"author":136,"featured_media":185284,"comment_status":"open","ping_status":"closed","sticky":false,"template":"","format":"standard","meta":{"_acf_changed":false,"om_disable_all_campaigns":false,"footnotes":""},"categories":[1379],"tags":[246,224,6764,591,215,617,1001],"class_list":["post-1434","post","type-post","status-publish","format-standard","has-post-thumbnail","hentry","category-rutas-y-excursiones","tag-que-ver-en-asturias","tag-que-ver-en-cantabria","tag-imprescindibles","tag-que-ver-en-leon","tag-listado","tag-parque-nacional","tag-picos-de-europa"],"acf":[],"featured_image_src":"https:\/\/www.escapadarural.com\/blog\/wp-content\/uploads\/2023\/10\/lagos_de_convadonga_AdobeStock_475507827-scaled.jpeg","author_info":{"display_name":"Escapada Rural","author_link":"https:\/\/www.escapadarural.com\/blog\/autor\/user\/"},"yoast_head":"<!-- This site is optimized with the Yoast SEO plugin v27.5 - https:\/\/yoast.com\/product\/yoast-seo-wordpress\/ -->\n<title>4 imprescindibles de los Picos de Europa - EscapadaRural<\/title>\n<meta name=\"robots\" content=\"index, follow, max-snippet:-1, max-image-preview:large, max-video-preview:-1\" \/>\n<link rel=\"canonical\" href=\"https:\/\/www.escapadarural.com\/blog\/4-imprescindibles-de-los-picos-de-europa\/\" \/>\n<meta property=\"og:locale\" content=\"es_ES\" \/>\n<meta property=\"og:type\" content=\"article\" \/>\n<meta property=\"og:title\" content=\"4 imprescindibles de los Picos de Europa - EscapadaRural\" \/>\n<meta property=\"og:description\" content=\"El Parque Nacional de los Picos de Europa es un reclamo en su conjunto. Pero rescatamos los cuatro puntos imprescindibles que todo visitante deber\u00eda ver en su escapada...\" \/>\n<meta property=\"og:url\" content=\"https:\/\/www.escapadarural.com\/blog\/4-imprescindibles-de-los-picos-de-europa\/\" \/>\n<meta property=\"og:site_name\" content=\"Magazine de viajes de EscapadaRural\" \/>\n<meta property=\"article:publisher\" content=\"https:\/\/www.facebook.com\/escapadarural\" \/>\n<meta property=\"article:author\" content=\"https:\/\/www.facebook.com\/escapadarural\" \/>\n<meta property=\"article:published_time\" content=\"2017-03-10T09:30:35+00:00\" \/>\n<meta property=\"article:modified_time\" content=\"2026-02-06T09:45:53+00:00\" \/>\n<meta property=\"og:image\" content=\"https:\/\/www.escapadarural.com\/blog\/wp-content\/uploads\/2023\/10\/lagos_de_convadonga_AdobeStock_475507827-scaled.jpeg\" \/>\n\t<meta property=\"og:image:width\" content=\"2048\" \/>\n\t<meta property=\"og:image:height\" content=\"1367\" \/>\n\t<meta property=\"og:image:type\" content=\"image\/jpeg\" \/>\n<meta name=\"author\" content=\"Escapada Rural\" \/>\n<meta name=\"twitter:card\" content=\"summary_large_image\" \/>\n<meta name=\"twitter:creator\" content=\"@https:\/\/x.com\/i\/flow\/login?redirect_after_login=escapadarural\" \/>\n<meta name=\"twitter:label1\" content=\"Escrito por\" \/>\n\t<meta name=\"twitter:data1\" content=\"Escapada Rural\" \/>\n\t<meta name=\"twitter:label2\" content=\"Tiempo de lectura\" \/>\n\t<meta name=\"twitter:data2\" content=\"4 minutos\" \/>\n<script type=\"application\/ld+json\" class=\"yoast-schema-graph\">{\"@context\":\"https:\\\/\\\/schema.org\",\"@graph\":[{\"@type\":\"Article\",\"@id\":\"https:\\\/\\\/www.escapadarural.com\\\/blog\\\/4-imprescindibles-de-los-picos-de-europa\\\/#article\",\"isPartOf\":{\"@id\":\"https:\\\/\\\/www.escapadarural.com\\\/blog\\\/4-imprescindibles-de-los-picos-de-europa\\\/\"},\"author\":{\"name\":\"Escapada Rural\",\"@id\":\"https:\\\/\\\/www.escapadarural.com\\\/blog\\\/#\\\/schema\\\/person\\\/d9ee55ff3e0cef41d6eac8922b4f972c\"},\"headline\":\"4 imprescindibles de los Picos de Europa\",\"datePublished\":\"2017-03-10T09:30:35+00:00\",\"dateModified\":\"2026-02-06T09:45:53+00:00\",\"mainEntityOfPage\":{\"@id\":\"https:\\\/\\\/www.escapadarural.com\\\/blog\\\/4-imprescindibles-de-los-picos-de-europa\\\/\"},\"wordCount\":548,\"commentCount\":2,\"publisher\":{\"@id\":\"https:\\\/\\\/www.escapadarural.com\\\/blog\\\/#organization\"},\"image\":{\"@id\":\"https:\\\/\\\/www.escapadarural.com\\\/blog\\\/4-imprescindibles-de-los-picos-de-europa\\\/#primaryimage\"},\"thumbnailUrl\":\"https:\\\/\\\/www.escapadarural.com\\\/blog\\\/wp-content\\\/uploads\\\/2023\\\/10\\\/lagos_de_convadonga_AdobeStock_475507827-scaled.jpeg\",\"keywords\":[\"Asturias\",\"Cantabria\",\"Imprescindibles\",\"Le\u00f3n\",\"Listado\",\"Parque Nacional\",\"Qu\u00e9 ver en los Picos de Europa\"],\"articleSection\":[\"Rutas y excursiones\"],\"inLanguage\":\"es\",\"potentialAction\":[{\"@type\":\"CommentAction\",\"name\":\"Comment\",\"target\":[\"https:\\\/\\\/www.escapadarural.com\\\/blog\\\/4-imprescindibles-de-los-picos-de-europa\\\/#respond\"]}]},{\"@type\":\"WebPage\",\"@id\":\"https:\\\/\\\/www.escapadarural.com\\\/blog\\\/4-imprescindibles-de-los-picos-de-europa\\\/\",\"url\":\"https:\\\/\\\/www.escapadarural.com\\\/blog\\\/4-imprescindibles-de-los-picos-de-europa\\\/\",\"name\":\"4 imprescindibles de los Picos de Europa - EscapadaRural\",\"isPartOf\":{\"@id\":\"https:\\\/\\\/www.escapadarural.com\\\/blog\\\/#website\"},\"primaryImageOfPage\":{\"@id\":\"https:\\\/\\\/www.escapadarural.com\\\/blog\\\/4-imprescindibles-de-los-picos-de-europa\\\/#primaryimage\"},\"image\":{\"@id\":\"https:\\\/\\\/www.escapadarural.com\\\/blog\\\/4-imprescindibles-de-los-picos-de-europa\\\/#primaryimage\"},\"thumbnailUrl\":\"https:\\\/\\\/www.escapadarural.com\\\/blog\\\/wp-content\\\/uploads\\\/2023\\\/10\\\/lagos_de_convadonga_AdobeStock_475507827-scaled.jpeg\",\"datePublished\":\"2017-03-10T09:30:35+00:00\",\"dateModified\":\"2026-02-06T09:45:53+00:00\",\"breadcrumb\":{\"@id\":\"https:\\\/\\\/www.escapadarural.com\\\/blog\\\/4-imprescindibles-de-los-picos-de-europa\\\/#breadcrumb\"},\"inLanguage\":\"es\",\"potentialAction\":[{\"@type\":\"ReadAction\",\"target\":[\"https:\\\/\\\/www.escapadarural.com\\\/blog\\\/4-imprescindibles-de-los-picos-de-europa\\\/\"]}]},{\"@type\":\"ImageObject\",\"inLanguage\":\"es\",\"@id\":\"https:\\\/\\\/www.escapadarural.com\\\/blog\\\/4-imprescindibles-de-los-picos-de-europa\\\/#primaryimage\",\"url\":\"https:\\\/\\\/www.escapadarural.com\\\/blog\\\/wp-content\\\/uploads\\\/2023\\\/10\\\/lagos_de_convadonga_AdobeStock_475507827-scaled.jpeg\",\"contentUrl\":\"https:\\\/\\\/www.escapadarural.com\\\/blog\\\/wp-content\\\/uploads\\\/2023\\\/10\\\/lagos_de_convadonga_AdobeStock_475507827-scaled.jpeg\",\"width\":2048,\"height\":1367,\"caption\":\"Lagos de Covadonga, Asturias. Por pacoparra\"},{\"@type\":\"BreadcrumbList\",\"@id\":\"https:\\\/\\\/www.escapadarural.com\\\/blog\\\/4-imprescindibles-de-los-picos-de-europa\\\/#breadcrumb\",\"itemListElement\":[{\"@type\":\"ListItem\",\"position\":1,\"name\":\"Inicio\",\"item\":\"https:\\\/\\\/www.escapadarural.com\\\/blog\\\/\"},{\"@type\":\"ListItem\",\"position\":2,\"name\":\"Rutas y excursiones\",\"item\":\"https:\\\/\\\/www.escapadarural.com\\\/blog\\\/categoria\\\/rutas-y-excursiones\\\/\"},{\"@type\":\"ListItem\",\"position\":3,\"name\":\"4 imprescindibles de los Picos de Europa\"}]},{\"@type\":\"WebSite\",\"@id\":\"https:\\\/\\\/www.escapadarural.com\\\/blog\\\/#website\",\"url\":\"https:\\\/\\\/www.escapadarural.com\\\/blog\\\/\",\"name\":\"Blog de viajes | turismo rural, alojamientos e inspiraci\u00f3n\",\"description\":\"Alojamientos rurales e inspiraci\u00f3n para tus escapadas\",\"publisher\":{\"@id\":\"https:\\\/\\\/www.escapadarural.com\\\/blog\\\/#organization\"},\"alternateName\":\"Magazine de viajes de EscapadaRural\",\"potentialAction\":[{\"@type\":\"SearchAction\",\"target\":{\"@type\":\"EntryPoint\",\"urlTemplate\":\"https:\\\/\\\/www.escapadarural.com\\\/blog\\\/?s={search_term_string}\"},\"query-input\":{\"@type\":\"PropertyValueSpecification\",\"valueRequired\":true,\"valueName\":\"search_term_string\"}}],\"inLanguage\":\"es\"},{\"@type\":\"Organization\",\"@id\":\"https:\\\/\\\/www.escapadarural.com\\\/blog\\\/#organization\",\"name\":\"EscapadaRural\",\"url\":\"https:\\\/\\\/www.escapadarural.com\\\/blog\\\/\",\"logo\":{\"@type\":\"ImageObject\",\"inLanguage\":\"es\",\"@id\":\"https:\\\/\\\/www.escapadarural.com\\\/blog\\\/#\\\/schema\\\/logo\\\/image\\\/\",\"url\":\"https:\\\/\\\/www.escapadarural.com\\\/blog\\\/wp-content\\\/uploads\\\/2024\\\/10\\\/cropped-cropped-escapada-rural-icon-mag-3.png\",\"contentUrl\":\"https:\\\/\\\/www.escapadarural.com\\\/blog\\\/wp-content\\\/uploads\\\/2024\\\/10\\\/cropped-cropped-escapada-rural-icon-mag-3.png\",\"width\":512,\"height\":512,\"caption\":\"EscapadaRural\"},\"image\":{\"@id\":\"https:\\\/\\\/www.escapadarural.com\\\/blog\\\/#\\\/schema\\\/logo\\\/image\\\/\"},\"sameAs\":[\"https:\\\/\\\/www.facebook.com\\\/escapadarural\",\"https:\\\/\\\/www.instagram.com\\\/escapadarural\\\/\",\"https:\\\/\\\/www.youtube.com\\\/@escapadaruralcom\"]},{\"@type\":\"Person\",\"@id\":\"https:\\\/\\\/www.escapadarural.com\\\/blog\\\/#\\\/schema\\\/person\\\/d9ee55ff3e0cef41d6eac8922b4f972c\",\"name\":\"Escapada Rural\",\"image\":{\"@type\":\"ImageObject\",\"inLanguage\":\"es\",\"@id\":\"https:\\\/\\\/www.escapadarural.com\\\/blog\\\/wp-content\\\/uploads\\\/2024\\\/10\\\/cropped-cropped-escapada-rural-icon-mag-3-96x96.png\",\"url\":\"https:\\\/\\\/www.escapadarural.com\\\/blog\\\/wp-content\\\/uploads\\\/2024\\\/10\\\/cropped-cropped-escapada-rural-icon-mag-3-96x96.png\",\"contentUrl\":\"https:\\\/\\\/www.escapadarural.com\\\/blog\\\/wp-content\\\/uploads\\\/2024\\\/10\\\/cropped-cropped-escapada-rural-icon-mag-3-96x96.png\",\"caption\":\"Escapada Rural\"},\"sameAs\":[\"https:\\\/\\\/www.facebook.com\\\/escapadarural\",\"https:\\\/\\\/www.linkedin.com\\\/company\\\/escapada-rural\\\/?originalSubdomain=es\",\"https:\\\/\\\/x.com\\\/https:\\\/\\\/x.com\\\/i\\\/flow\\\/login?redirect_after_login=escapadarural\"],\"url\":\"https:\\\/\\\/www.escapadarural.com\\\/blog\\\/autor\\\/user\\\/\"}]}<\/script>\n<!-- \/ Yoast SEO plugin. -->","yoast_head_json":{"title":"4 imprescindibles de los Picos de Europa - EscapadaRural","robots":{"index":"index","follow":"follow","max-snippet":"max-snippet:-1","max-image-preview":"max-image-preview:large","max-video-preview":"max-video-preview:-1"},"canonical":"https:\/\/www.escapadarural.com\/blog\/4-imprescindibles-de-los-picos-de-europa\/","og_locale":"es_ES","og_type":"article","og_title":"4 imprescindibles de los Picos de Europa - EscapadaRural","og_description":"El Parque Nacional de los Picos de Europa es un reclamo en su conjunto. Pero rescatamos los cuatro puntos imprescindibles que todo visitante deber\u00eda ver en su escapada...","og_url":"https:\/\/www.escapadarural.com\/blog\/4-imprescindibles-de-los-picos-de-europa\/","og_site_name":"Magazine de viajes de EscapadaRural","article_publisher":"https:\/\/www.facebook.com\/escapadarural","article_author":"https:\/\/www.facebook.com\/escapadarural","article_published_time":"2017-03-10T09:30:35+00:00","article_modified_time":"2026-02-06T09:45:53+00:00","og_image":[{"width":2048,"height":1367,"url":"https:\/\/www.escapadarural.com\/blog\/wp-content\/uploads\/2023\/10\/lagos_de_convadonga_AdobeStock_475507827-scaled.jpeg","type":"image\/jpeg"}],"author":"Escapada Rural","twitter_card":"summary_large_image","twitter_creator":"@https:\/\/x.com\/i\/flow\/login?redirect_after_login=escapadarural","twitter_misc":{"Escrito por":"Escapada Rural","Tiempo de lectura":"4 minutos"},"schema":{"@context":"https:\/\/schema.org","@graph":[{"@type":"Article","@id":"https:\/\/www.escapadarural.com\/blog\/4-imprescindibles-de-los-picos-de-europa\/#article","isPartOf":{"@id":"https:\/\/www.escapadarural.com\/blog\/4-imprescindibles-de-los-picos-de-europa\/"},"author":{"name":"Escapada Rural","@id":"https:\/\/www.escapadarural.com\/blog\/#\/schema\/person\/d9ee55ff3e0cef41d6eac8922b4f972c"},"headline":"4 imprescindibles de los Picos de Europa","datePublished":"2017-03-10T09:30:35+00:00","dateModified":"2026-02-06T09:45:53+00:00","mainEntityOfPage":{"@id":"https:\/\/www.escapadarural.com\/blog\/4-imprescindibles-de-los-picos-de-europa\/"},"wordCount":548,"commentCount":2,"publisher":{"@id":"https:\/\/www.escapadarural.com\/blog\/#organization"},"image":{"@id":"https:\/\/www.escapadarural.com\/blog\/4-imprescindibles-de-los-picos-de-europa\/#primaryimage"},"thumbnailUrl":"https:\/\/www.escapadarural.com\/blog\/wp-content\/uploads\/2023\/10\/lagos_de_convadonga_AdobeStock_475507827-scaled.jpeg","keywords":["Asturias","Cantabria","Imprescindibles","Le\u00f3n","Listado","Parque Nacional","Qu\u00e9 ver en los Picos de Europa"],"articleSection":["Rutas y excursiones"],"inLanguage":"es","potentialAction":[{"@type":"CommentAction","name":"Comment","target":["https:\/\/www.escapadarural.com\/blog\/4-imprescindibles-de-los-picos-de-europa\/#respond"]}]},{"@type":"WebPage","@id":"https:\/\/www.escapadarural.com\/blog\/4-imprescindibles-de-los-picos-de-europa\/","url":"https:\/\/www.escapadarural.com\/blog\/4-imprescindibles-de-los-picos-de-europa\/","name":"4 imprescindibles de los Picos de Europa - EscapadaRural","isPartOf":{"@id":"https:\/\/www.escapadarural.com\/blog\/#website"},"primaryImageOfPage":{"@id":"https:\/\/www.escapadarural.com\/blog\/4-imprescindibles-de-los-picos-de-europa\/#primaryimage"},"image":{"@id":"https:\/\/www.escapadarural.com\/blog\/4-imprescindibles-de-los-picos-de-europa\/#primaryimage"},"thumbnailUrl":"https:\/\/www.escapadarural.com\/blog\/wp-content\/uploads\/2023\/10\/lagos_de_convadonga_AdobeStock_475507827-scaled.jpeg","datePublished":"2017-03-10T09:30:35+00:00","dateModified":"2026-02-06T09:45:53+00:00","breadcrumb":{"@id":"https:\/\/www.escapadarural.com\/blog\/4-imprescindibles-de-los-picos-de-europa\/#breadcrumb"},"inLanguage":"es","potentialAction":[{"@type":"ReadAction","target":["https:\/\/www.escapadarural.com\/blog\/4-imprescindibles-de-los-picos-de-europa\/"]}]},{"@type":"ImageObject","inLanguage":"es","@id":"https:\/\/www.escapadarural.com\/blog\/4-imprescindibles-de-los-picos-de-europa\/#primaryimage","url":"https:\/\/www.escapadarural.com\/blog\/wp-content\/uploads\/2023\/10\/lagos_de_convadonga_AdobeStock_475507827-scaled.jpeg","contentUrl":"https:\/\/www.escapadarural.com\/blog\/wp-content\/uploads\/2023\/10\/lagos_de_convadonga_AdobeStock_475507827-scaled.jpeg","width":2048,"height":1367,"caption":"Lagos de Covadonga, Asturias. Por pacoparra"},{"@type":"BreadcrumbList","@id":"https:\/\/www.escapadarural.com\/blog\/4-imprescindibles-de-los-picos-de-europa\/#breadcrumb","itemListElement":[{"@type":"ListItem","position":1,"name":"Inicio","item":"https:\/\/www.escapadarural.com\/blog\/"},{"@type":"ListItem","position":2,"name":"Rutas y excursiones","item":"https:\/\/www.escapadarural.com\/blog\/categoria\/rutas-y-excursiones\/"},{"@type":"ListItem","position":3,"name":"4 imprescindibles de los Picos de Europa"}]},{"@type":"WebSite","@id":"https:\/\/www.escapadarural.com\/blog\/#website","url":"https:\/\/www.escapadarural.com\/blog\/","name":"Blog de viajes | turismo rural, alojamientos e inspiraci\u00f3n","description":"Alojamientos rurales e inspiraci\u00f3n para tus escapadas","publisher":{"@id":"https:\/\/www.escapadarural.com\/blog\/#organization"},"alternateName":"Magazine de viajes de EscapadaRural","potentialAction":[{"@type":"SearchAction","target":{"@type":"EntryPoint","urlTemplate":"https:\/\/www.escapadarural.com\/blog\/?s={search_term_string}"},"query-input":{"@type":"PropertyValueSpecification","valueRequired":true,"valueName":"search_term_string"}}],"inLanguage":"es"},{"@type":"Organization","@id":"https:\/\/www.escapadarural.com\/blog\/#organization","name":"EscapadaRural","url":"https:\/\/www.escapadarural.com\/blog\/","logo":{"@type":"ImageObject","inLanguage":"es","@id":"https:\/\/www.escapadarural.com\/blog\/#\/schema\/logo\/image\/","url":"https:\/\/www.escapadarural.com\/blog\/wp-content\/uploads\/2024\/10\/cropped-cropped-escapada-rural-icon-mag-3.png","contentUrl":"https:\/\/www.escapadarural.com\/blog\/wp-content\/uploads\/2024\/10\/cropped-cropped-escapada-rural-icon-mag-3.png","width":512,"height":512,"caption":"EscapadaRural"},"image":{"@id":"https:\/\/www.escapadarural.com\/blog\/#\/schema\/logo\/image\/"},"sameAs":["https:\/\/www.facebook.com\/escapadarural","https:\/\/www.instagram.com\/escapadarural\/","https:\/\/www.youtube.com\/@escapadaruralcom"]},{"@type":"Person","@id":"https:\/\/www.escapadarural.com\/blog\/#\/schema\/person\/d9ee55ff3e0cef41d6eac8922b4f972c","name":"Escapada Rural","image":{"@type":"ImageObject","inLanguage":"es","@id":"https:\/\/www.escapadarural.com\/blog\/wp-content\/uploads\/2024\/10\/cropped-cropped-escapada-rural-icon-mag-3-96x96.png","url":"https:\/\/www.escapadarural.com\/blog\/wp-content\/uploads\/2024\/10\/cropped-cropped-escapada-rural-icon-mag-3-96x96.png","contentUrl":"https:\/\/www.escapadarural.com\/blog\/wp-content\/uploads\/2024\/10\/cropped-cropped-escapada-rural-icon-mag-3-96x96.png","caption":"Escapada Rural"},"sameAs":["https:\/\/www.facebook.com\/escapadarural","https:\/\/www.linkedin.com\/company\/escapada-rural\/?originalSubdomain=es","https:\/\/x.com\/https:\/\/x.com\/i\/flow\/login?redirect_after_login=escapadarural"],"url":"https:\/\/www.escapadarural.com\/blog\/autor\/user\/"}]}},"_links":{"self":[{"href":"https:\/\/www.escapadarural.com\/blog\/wp-json\/wp\/v2\/posts\/1434","targetHints":{"allow":["GET"]}}],"collection":[{"href":"https:\/\/www.escapadarural.com\/blog\/wp-json\/wp\/v2\/posts"}],"about":[{"href":"https:\/\/www.escapadarural.com\/blog\/wp-json\/wp\/v2\/types\/post"}],"author":[{"embeddable":true,"href":"https:\/\/www.escapadarural.com\/blog\/wp-json\/wp\/v2\/users\/136"}],"replies":[{"embeddable":true,"href":"https:\/\/www.escapadarural.com\/blog\/wp-json\/wp\/v2\/comments?post=1434"}],"version-history":[{"count":0,"href":"https:\/\/www.escapadarural.com\/blog\/wp-json\/wp\/v2\/posts\/1434\/revisions"}],"wp:featuredmedia":[{"embeddable":true,"href":"https:\/\/www.escapadarural.com\/blog\/wp-json\/wp\/v2\/media\/185284"}],"wp:attachment":[{"href":"https:\/\/www.escapadarural.com\/blog\/wp-json\/wp\/v2\/media?parent=1434"}],"wp:term":[{"taxonomy":"category","embeddable":true,"href":"https:\/\/www.escapadarural.com\/blog\/wp-json\/wp\/v2\/categories?post=1434"},{"taxonomy":"post_tag","embeddable":true,"href":"https:\/\/www.escapadarural.com\/blog\/wp-json\/wp\/v2\/tags?post=1434"}],"curies":[{"name":"wp","href":"https:\/\/api.w.org\/{rel}","templated":true}]}}