{"id":14394,"date":"2017-05-22T10:20:40","date_gmt":"2017-05-22T09:20:40","guid":{"rendered":"http:\/\/15.188.81.248\/2017\/05\/22\/inauguracion-oficial-coetur-2017\/"},"modified":"2025-01-15T10:34:25","modified_gmt":"2025-01-15T08:34:25","slug":"inauguracion-oficial-coetur-2017","status":"publish","type":"post","link":"https:\/\/www.escapadarural.com\/blog\/inauguracion-oficial-coetur-2017\/","title":{"rendered":"Inauguraci\u00f3n oficial #COETUR 2017"},"content":{"rendered":"\n<figure class=\"wp-block-image size-large\"><img decoding=\"async\" src=\"https:\/\/www.escapadarural.com\/blog\/wp-content\/uploads\/image-46-1024x656.png\" alt=\"\" class=\"wp-image-38295\"\/><\/figure>\n\n\n\n<p>Del 23 al 24 de mayo se celebr\u00f3 en la <a href=\"https:\/\/www.hosteriadetorazo.com\/\" target=\"_blank\">Hoster\u00eda de Torazo<\/a> (Asturias) el IV Congreso Europeo de Turismo Rural (COETUR).<\/p>\n\n\n\n<p>COETUR se ha convertido en el evento anual de referencia donde se re\u00fanen los principales actores del sector para discutir, proponer y acordar sobre los retos a los que se enfrenta el turismo rural en Espa\u00f1a.<\/p>\n\n\n\n<p>Durante la inauguraci\u00f3n de la IV edici\u00f3n de COETUR, dieron la bienvenida a los asistentes Gerardo Fabi\u00e1n, alcalde de Cabranes; Francisco Blanco, consejero de Empleo, Industria y Turismo de Asturias; y Ana Alonso, Directora de Comunicaci\u00f3n y Relaciones Institucionales de EscapadaRural.com<\/p>\n\n\n\n<!--more-->\n\n\n\n<p>Ana Alonso comenz\u00f3 con una breve reflexi\u00f3n sobre los efectos de la crisis. El evento se desarroll\u00f3 bajo el t\u00edtulo <em>El sector ante el espejo, \u00bfcrisis superada?<\/em> con el que se quiere preparar a todos los agentes del sector para el presente y el futuro. Alonso invit\u00f3 a la reflexi\u00f3n a todos los asistentes para conseguir, en las conclusiones del d\u00eda despu\u00e9s, una nueva mirada sobre qu\u00e9 necesita el sector para serguir creciendo.<\/p>\n\n\n\n<p>Le sigui\u00f3 en la bienvenida Alejandro Calvo, de Turismo de Asturias, que se disculp\u00f3 por la ausencia momentanea de Francisco Blanco. Calvo destac\u00f3 que m\u00e1s del 70% del territorio se sit\u00faa en entornos rurales, por lo que el turismo rural en Asturias es una gran herramienta de diversificaci\u00f3n, y de fijaci\u00f3n de poblaci\u00f3n, ya que complementa al sector primario. Alejandro Calvo concluy\u00f3 con el agradecimiento a la organizaci\u00f3n, asistentes y autoridades e invit\u00f3 a todo el mundo a sentirse responsable de la buena marcha del turismo rural.<\/p>\n\n\n\n<p>Gerardo Fabi\u00e1n cerr\u00f3 la inauguraci\u00f3n de COETUR. Destac\u00f3 las iniciativas p\u00fablicas, como la de Pueblos Ejemplares, que atrajeron inversiones privadas, como la de Grupo Nature, que gestiona la Hoster\u00eda de Torazo y que ha permitido modificar la econom\u00eda de un peque\u00f1o rinc\u00f3n con encanto de Asturias.<\/p>\n\n\n\n<p>Por otro lado, Enric L\u00f3pez, Director del M\u00e1ster Universitario de Direcci\u00f3n de Empresas Tur\u00edsticas EU CETT-UB (Barcelona), present\u00f3 los datos m\u00e1s recientes del <a href=\"https:\/\/www.escapadarural.com\/observatorio\/\">Observatorio del Turismo Rural<\/a> (OTR) extra\u00eddos del \u00faltimo trabajo: m\u00e1s de 16.000 respuestas de viajeros y casi 3.000 de propietarios sobre los temas de inter\u00e9s del sector. De este modo, los asistentes dispusieron del contexto estad\u00edstico en cada una de las intervenciones de COETUR.<\/p>\n\n\n\n<p>El Observatorio del Turismo Rural (OTR) es una iniciativa de investigaci\u00f3n conjunta desarrollada por EscapadaRural.com, la EUHT CETT-UB y Netquest que genera conocimiento y aporta informaci\u00f3n sobre el sector del turismo rural en Espa\u00f1a, tanto desde el punto de vista de los propietarios (oferta) como de los viajeros (demanda).<\/p>\n\n\n\n<p>En cuatro a\u00f1o, el OTR ha conseguido m\u00e1s 50.000 respuestas de viajeros y 10.000 de propietarios. Adem\u00e1s, Enric subray\u00f3 la importancia del volumen y agradeci\u00f3 a todos sus aportaciones.<\/p>\n\n\n\n<h2 class=\"title-rute wp-block-heading\">Datos del Observatorio del Turismo Rural<\/h2>\n\n\n\n<p>La exposici\u00f3n de los datos comenz\u00f3 con una entrevista en v\u00eddeo sobre c\u00f3mo entiende el turismo rural la poblaci\u00f3n general para conocer necesidades nuevas para poner en com\u00fan con todo el sector a trav\u00e9s del OTR.<\/p>\n\n\n\n<p>En primer lugar, Enric L\u00f3pez mostr\u00f3 c\u00f3mo la mayor\u00eda (53%) de los propietarios de alojamientos rurales dedica menos 3 horas al d\u00eda a la gesti\u00f3n de su negocio.<\/p>\n\n\n\n<p>Tambi\u00e9n identic\u00f3 los retos y las soluciones aportadas por los propietarios:<\/p>\n\n\n\n<ul class=\"wp-block-list\"><li>La estacionalidad: trabajar para conseguir clientes m\u00e1s fieles, <em>engagement<\/em>.<\/li><li>La falta de profesionalidad: m\u00e1s formaci\u00f3n<\/li><li>la promoci\u00f3n para atraer clientes espa\u00f1oles y extranjeros: m\u00e1s campa\u00f1as de la administraci\u00f3n p\u00fablica y m\u00e1s inversi\u00f3n.<\/li><li>Bajos conocimientos de internet: m\u00e1s formaci\u00f3n en redes sociales, anal\u00edtica, blogs, etc.<\/li><\/ul>\n\n\n\n<p>Por \u00faltimo, Enric L\u00f3pez analiz\u00f3 los precios del sector y c\u00f3mo afrontarlo tras la crisis para que el debate de la siguiente mesa redonda pueda abordarlo. Se pregunt\u00f3 qu\u00e9 pol\u00edticas implementaban los propietarios y destac\u00f3 los siguientes datos: el 70,9% precios fijos seg\u00fan temporada, lo que para L\u00f3pez es algo anticuado; un 13% utiliza precios variables, que es lo m\u00e1s eficiente porque se toma como base la ocupaci\u00f3n de cada momento; finalmente, el 15,8% precios negociables seg\u00fan conversaciones directas con los clientes.<\/p>\n\n\n\n<p>Con estos datos, dio comienzo la primera mesa redonda de COETUR 2017.<\/p>\n\n\n\n<figure class=\"wp-block-embed is-type-video is-provider-youtube wp-block-embed-youtube wp-embed-aspect-16-9 wp-has-aspect-ratio\"><div class=\"wp-block-embed__wrapper\">\n<span class=\"tgKdjyf8aYm6F9HAcvBk3LPEGi1QzVlxwhpoqS7esUWurJCnODZ0M2N5XbIR4\"><div class=\"video-shortcode\"><iframe title=\"I Inauguraci\u00f3n\" width=\"1200\" height=\"675\" src=\"https:\/\/www.youtube.com\/embed\/HLUGmBiadwQ?feature=oembed\" frameborder=\"0\" allow=\"accelerometer; autoplay; clipboard-write; encrypted-media; gyroscope; picture-in-picture; web-share\" referrerpolicy=\"strict-origin-when-cross-origin\" allowfullscreen><\/iframe><\/div><\/span>\n<\/div><\/figure>\n","protected":false},"excerpt":{"rendered":"<p>Del 23 al 24 de mayo se celebr\u00f3 en la Hoster\u00eda de Torazo (Asturias) el IV Congreso Europeo de Turismo Rural (COETUR).<\/p>\n","protected":false},"author":136,"featured_media":105280,"comment_status":"open","ping_status":"closed","sticky":false,"template":"","format":"standard","meta":{"_acf_changed":false,"om_disable_all_campaigns":false,"footnotes":""},"categories":[385,390],"tags":[386],"class_list":["post-14394","post","type-post","status-publish","format-standard","has-post-thumbnail","hentry","category-coetur","category-noticias","tag-coetur"],"acf":[],"featured_image_src":"https:\/\/www.escapadarural.com\/blog\/wp-content\/uploads\/2024\/10\/image-46-1024x656-2.png","author_info":{"display_name":"Escapada Rural","author_link":"https:\/\/www.escapadarural.com\/blog\/autor\/user\/"},"yoast_head":"<!-- This site is optimized with the Yoast SEO plugin v27.5 - https:\/\/yoast.com\/product\/yoast-seo-wordpress\/ -->\n<title>Inauguraci\u00f3n oficial #COETUR 2017 - EscapadaRural<\/title>\n<meta name=\"robots\" content=\"index, follow, max-snippet:-1, max-image-preview:large, max-video-preview:-1\" \/>\n<link rel=\"canonical\" href=\"https:\/\/www.escapadarural.com\/blog\/inauguracion-oficial-coetur-2017\/\" \/>\n<meta property=\"og:locale\" content=\"es_ES\" \/>\n<meta property=\"og:type\" content=\"article\" \/>\n<meta property=\"og:title\" content=\"Inauguraci\u00f3n oficial #COETUR 2017 - EscapadaRural\" \/>\n<meta property=\"og:description\" content=\"Del 23 al 24 de mayo se celebr\u00f3 en la Hoster\u00eda de Torazo (Asturias) el IV Congreso Europeo de Turismo Rural (COETUR).\" \/>\n<meta property=\"og:url\" content=\"https:\/\/www.escapadarural.com\/blog\/inauguracion-oficial-coetur-2017\/\" \/>\n<meta property=\"og:site_name\" content=\"Magazine de viajes de EscapadaRural\" \/>\n<meta property=\"article:publisher\" content=\"https:\/\/www.facebook.com\/escapadarural\" \/>\n<meta property=\"article:author\" content=\"https:\/\/www.facebook.com\/escapadarural\" \/>\n<meta property=\"article:published_time\" content=\"2017-05-22T09:20:40+00:00\" \/>\n<meta property=\"article:modified_time\" content=\"2025-01-15T08:34:25+00:00\" \/>\n<meta property=\"og:image\" content=\"https:\/\/www.escapadarural.com\/blog\/wp-content\/uploads\/2024\/10\/image-46-1024x656-2.png\" \/>\n\t<meta property=\"og:image:width\" content=\"1024\" \/>\n\t<meta property=\"og:image:height\" content=\"656\" \/>\n\t<meta property=\"og:image:type\" content=\"image\/png\" \/>\n<meta name=\"author\" content=\"Escapada Rural\" \/>\n<meta name=\"twitter:card\" content=\"summary_large_image\" \/>\n<meta name=\"twitter:creator\" content=\"@https:\/\/x.com\/i\/flow\/login?redirect_after_login=escapadarural\" \/>\n<meta name=\"twitter:label1\" content=\"Escrito por\" \/>\n\t<meta name=\"twitter:data1\" content=\"Escapada Rural\" \/>\n\t<meta name=\"twitter:label2\" content=\"Tiempo de lectura\" \/>\n\t<meta name=\"twitter:data2\" content=\"4 minutos\" \/>\n<script type=\"application\/ld+json\" class=\"yoast-schema-graph\">{\"@context\":\"https:\\\/\\\/schema.org\",\"@graph\":[{\"@type\":\"Article\",\"@id\":\"https:\\\/\\\/www.escapadarural.com\\\/blog\\\/inauguracion-oficial-coetur-2017\\\/#article\",\"isPartOf\":{\"@id\":\"https:\\\/\\\/www.escapadarural.com\\\/blog\\\/inauguracion-oficial-coetur-2017\\\/\"},\"author\":{\"name\":\"Escapada Rural\",\"@id\":\"https:\\\/\\\/www.escapadarural.com\\\/blog\\\/#\\\/schema\\\/person\\\/d9ee55ff3e0cef41d6eac8922b4f972c\"},\"headline\":\"Inauguraci\u00f3n oficial #COETUR 2017\",\"datePublished\":\"2017-05-22T09:20:40+00:00\",\"dateModified\":\"2025-01-15T08:34:25+00:00\",\"mainEntityOfPage\":{\"@id\":\"https:\\\/\\\/www.escapadarural.com\\\/blog\\\/inauguracion-oficial-coetur-2017\\\/\"},\"wordCount\":740,\"commentCount\":0,\"publisher\":{\"@id\":\"https:\\\/\\\/www.escapadarural.com\\\/blog\\\/#organization\"},\"image\":{\"@id\":\"https:\\\/\\\/www.escapadarural.com\\\/blog\\\/inauguracion-oficial-coetur-2017\\\/#primaryimage\"},\"thumbnailUrl\":\"https:\\\/\\\/www.escapadarural.com\\\/blog\\\/wp-content\\\/uploads\\\/2024\\\/10\\\/image-46-1024x656-2.png\",\"keywords\":[\"COETUR\"],\"articleSection\":[\"Coetur\",\"Noticias\"],\"inLanguage\":\"es\",\"potentialAction\":[{\"@type\":\"CommentAction\",\"name\":\"Comment\",\"target\":[\"https:\\\/\\\/www.escapadarural.com\\\/blog\\\/inauguracion-oficial-coetur-2017\\\/#respond\"]}]},{\"@type\":\"WebPage\",\"@id\":\"https:\\\/\\\/www.escapadarural.com\\\/blog\\\/inauguracion-oficial-coetur-2017\\\/\",\"url\":\"https:\\\/\\\/www.escapadarural.com\\\/blog\\\/inauguracion-oficial-coetur-2017\\\/\",\"name\":\"Inauguraci\u00f3n oficial #COETUR 2017 - EscapadaRural\",\"isPartOf\":{\"@id\":\"https:\\\/\\\/www.escapadarural.com\\\/blog\\\/#website\"},\"primaryImageOfPage\":{\"@id\":\"https:\\\/\\\/www.escapadarural.com\\\/blog\\\/inauguracion-oficial-coetur-2017\\\/#primaryimage\"},\"image\":{\"@id\":\"https:\\\/\\\/www.escapadarural.com\\\/blog\\\/inauguracion-oficial-coetur-2017\\\/#primaryimage\"},\"thumbnailUrl\":\"https:\\\/\\\/www.escapadarural.com\\\/blog\\\/wp-content\\\/uploads\\\/2024\\\/10\\\/image-46-1024x656-2.png\",\"datePublished\":\"2017-05-22T09:20:40+00:00\",\"dateModified\":\"2025-01-15T08:34:25+00:00\",\"breadcrumb\":{\"@id\":\"https:\\\/\\\/www.escapadarural.com\\\/blog\\\/inauguracion-oficial-coetur-2017\\\/#breadcrumb\"},\"inLanguage\":\"es\",\"potentialAction\":[{\"@type\":\"ReadAction\",\"target\":[\"https:\\\/\\\/www.escapadarural.com\\\/blog\\\/inauguracion-oficial-coetur-2017\\\/\"]}]},{\"@type\":\"ImageObject\",\"inLanguage\":\"es\",\"@id\":\"https:\\\/\\\/www.escapadarural.com\\\/blog\\\/inauguracion-oficial-coetur-2017\\\/#primaryimage\",\"url\":\"https:\\\/\\\/www.escapadarural.com\\\/blog\\\/wp-content\\\/uploads\\\/2024\\\/10\\\/image-46-1024x656-2.png\",\"contentUrl\":\"https:\\\/\\\/www.escapadarural.com\\\/blog\\\/wp-content\\\/uploads\\\/2024\\\/10\\\/image-46-1024x656-2.png\",\"width\":1024,\"height\":656,\"caption\":\"Una mujer de pelo corto y oscuro est\u00e1 de pie en un podio, leyendo en un ordenador port\u00e1til y sujetando papeles. Detr\u00e1s de ella hay carteles, en uno de los cuales se lee PARA\u00cdSO, y una ventana que muestra \u00e1rboles en el exterior. Parece estar dando una presentaci\u00f3n o un discurso.\"},{\"@type\":\"BreadcrumbList\",\"@id\":\"https:\\\/\\\/www.escapadarural.com\\\/blog\\\/inauguracion-oficial-coetur-2017\\\/#breadcrumb\",\"itemListElement\":[{\"@type\":\"ListItem\",\"position\":1,\"name\":\"Inicio\",\"item\":\"https:\\\/\\\/www.escapadarural.com\\\/blog\\\/\"},{\"@type\":\"ListItem\",\"position\":2,\"name\":\"Coetur\",\"item\":\"https:\\\/\\\/www.escapadarural.com\\\/blog\\\/categoria\\\/coetur\\\/\"},{\"@type\":\"ListItem\",\"position\":3,\"name\":\"Inauguraci\u00f3n oficial #COETUR 2017\"}]},{\"@type\":\"WebSite\",\"@id\":\"https:\\\/\\\/www.escapadarural.com\\\/blog\\\/#website\",\"url\":\"https:\\\/\\\/www.escapadarural.com\\\/blog\\\/\",\"name\":\"Blog de viajes | turismo rural, alojamientos e inspiraci\u00f3n\",\"description\":\"Alojamientos rurales e inspiraci\u00f3n para tus escapadas\",\"publisher\":{\"@id\":\"https:\\\/\\\/www.escapadarural.com\\\/blog\\\/#organization\"},\"alternateName\":\"Magazine de viajes de EscapadaRural\",\"potentialAction\":[{\"@type\":\"SearchAction\",\"target\":{\"@type\":\"EntryPoint\",\"urlTemplate\":\"https:\\\/\\\/www.escapadarural.com\\\/blog\\\/?s={search_term_string}\"},\"query-input\":{\"@type\":\"PropertyValueSpecification\",\"valueRequired\":true,\"valueName\":\"search_term_string\"}}],\"inLanguage\":\"es\"},{\"@type\":\"Organization\",\"@id\":\"https:\\\/\\\/www.escapadarural.com\\\/blog\\\/#organization\",\"name\":\"EscapadaRural\",\"url\":\"https:\\\/\\\/www.escapadarural.com\\\/blog\\\/\",\"logo\":{\"@type\":\"ImageObject\",\"inLanguage\":\"es\",\"@id\":\"https:\\\/\\\/www.escapadarural.com\\\/blog\\\/#\\\/schema\\\/logo\\\/image\\\/\",\"url\":\"https:\\\/\\\/www.escapadarural.com\\\/blog\\\/wp-content\\\/uploads\\\/2024\\\/10\\\/cropped-cropped-escapada-rural-icon-mag-3.png\",\"contentUrl\":\"https:\\\/\\\/www.escapadarural.com\\\/blog\\\/wp-content\\\/uploads\\\/2024\\\/10\\\/cropped-cropped-escapada-rural-icon-mag-3.png\",\"width\":512,\"height\":512,\"caption\":\"EscapadaRural\"},\"image\":{\"@id\":\"https:\\\/\\\/www.escapadarural.com\\\/blog\\\/#\\\/schema\\\/logo\\\/image\\\/\"},\"sameAs\":[\"https:\\\/\\\/www.facebook.com\\\/escapadarural\",\"https:\\\/\\\/www.instagram.com\\\/escapadarural\\\/\",\"https:\\\/\\\/www.youtube.com\\\/@escapadaruralcom\"]},{\"@type\":\"Person\",\"@id\":\"https:\\\/\\\/www.escapadarural.com\\\/blog\\\/#\\\/schema\\\/person\\\/d9ee55ff3e0cef41d6eac8922b4f972c\",\"name\":\"Escapada Rural\",\"image\":{\"@type\":\"ImageObject\",\"inLanguage\":\"es\",\"@id\":\"https:\\\/\\\/www.escapadarural.com\\\/blog\\\/wp-content\\\/uploads\\\/2024\\\/10\\\/cropped-cropped-escapada-rural-icon-mag-3-96x96.png\",\"url\":\"https:\\\/\\\/www.escapadarural.com\\\/blog\\\/wp-content\\\/uploads\\\/2024\\\/10\\\/cropped-cropped-escapada-rural-icon-mag-3-96x96.png\",\"contentUrl\":\"https:\\\/\\\/www.escapadarural.com\\\/blog\\\/wp-content\\\/uploads\\\/2024\\\/10\\\/cropped-cropped-escapada-rural-icon-mag-3-96x96.png\",\"caption\":\"Escapada Rural\"},\"sameAs\":[\"https:\\\/\\\/www.facebook.com\\\/escapadarural\",\"https:\\\/\\\/www.linkedin.com\\\/company\\\/escapada-rural\\\/?originalSubdomain=es\",\"https:\\\/\\\/x.com\\\/https:\\\/\\\/x.com\\\/i\\\/flow\\\/login?redirect_after_login=escapadarural\"],\"url\":\"https:\\\/\\\/www.escapadarural.com\\\/blog\\\/autor\\\/user\\\/\"}]}<\/script>\n<!-- \/ Yoast SEO plugin. -->","yoast_head_json":{"title":"Inauguraci\u00f3n oficial #COETUR 2017 - EscapadaRural","robots":{"index":"index","follow":"follow","max-snippet":"max-snippet:-1","max-image-preview":"max-image-preview:large","max-video-preview":"max-video-preview:-1"},"canonical":"https:\/\/www.escapadarural.com\/blog\/inauguracion-oficial-coetur-2017\/","og_locale":"es_ES","og_type":"article","og_title":"Inauguraci\u00f3n oficial #COETUR 2017 - EscapadaRural","og_description":"Del 23 al 24 de mayo se celebr\u00f3 en la Hoster\u00eda de Torazo (Asturias) el IV Congreso Europeo de Turismo Rural (COETUR).","og_url":"https:\/\/www.escapadarural.com\/blog\/inauguracion-oficial-coetur-2017\/","og_site_name":"Magazine de viajes de EscapadaRural","article_publisher":"https:\/\/www.facebook.com\/escapadarural","article_author":"https:\/\/www.facebook.com\/escapadarural","article_published_time":"2017-05-22T09:20:40+00:00","article_modified_time":"2025-01-15T08:34:25+00:00","og_image":[{"width":1024,"height":656,"url":"https:\/\/www.escapadarural.com\/blog\/wp-content\/uploads\/2024\/10\/image-46-1024x656-2.png","type":"image\/png"}],"author":"Escapada Rural","twitter_card":"summary_large_image","twitter_creator":"@https:\/\/x.com\/i\/flow\/login?redirect_after_login=escapadarural","twitter_misc":{"Escrito por":"Escapada Rural","Tiempo de lectura":"4 minutos"},"schema":{"@context":"https:\/\/schema.org","@graph":[{"@type":"Article","@id":"https:\/\/www.escapadarural.com\/blog\/inauguracion-oficial-coetur-2017\/#article","isPartOf":{"@id":"https:\/\/www.escapadarural.com\/blog\/inauguracion-oficial-coetur-2017\/"},"author":{"name":"Escapada Rural","@id":"https:\/\/www.escapadarural.com\/blog\/#\/schema\/person\/d9ee55ff3e0cef41d6eac8922b4f972c"},"headline":"Inauguraci\u00f3n oficial #COETUR 2017","datePublished":"2017-05-22T09:20:40+00:00","dateModified":"2025-01-15T08:34:25+00:00","mainEntityOfPage":{"@id":"https:\/\/www.escapadarural.com\/blog\/inauguracion-oficial-coetur-2017\/"},"wordCount":740,"commentCount":0,"publisher":{"@id":"https:\/\/www.escapadarural.com\/blog\/#organization"},"image":{"@id":"https:\/\/www.escapadarural.com\/blog\/inauguracion-oficial-coetur-2017\/#primaryimage"},"thumbnailUrl":"https:\/\/www.escapadarural.com\/blog\/wp-content\/uploads\/2024\/10\/image-46-1024x656-2.png","keywords":["COETUR"],"articleSection":["Coetur","Noticias"],"inLanguage":"es","potentialAction":[{"@type":"CommentAction","name":"Comment","target":["https:\/\/www.escapadarural.com\/blog\/inauguracion-oficial-coetur-2017\/#respond"]}]},{"@type":"WebPage","@id":"https:\/\/www.escapadarural.com\/blog\/inauguracion-oficial-coetur-2017\/","url":"https:\/\/www.escapadarural.com\/blog\/inauguracion-oficial-coetur-2017\/","name":"Inauguraci\u00f3n oficial #COETUR 2017 - EscapadaRural","isPartOf":{"@id":"https:\/\/www.escapadarural.com\/blog\/#website"},"primaryImageOfPage":{"@id":"https:\/\/www.escapadarural.com\/blog\/inauguracion-oficial-coetur-2017\/#primaryimage"},"image":{"@id":"https:\/\/www.escapadarural.com\/blog\/inauguracion-oficial-coetur-2017\/#primaryimage"},"thumbnailUrl":"https:\/\/www.escapadarural.com\/blog\/wp-content\/uploads\/2024\/10\/image-46-1024x656-2.png","datePublished":"2017-05-22T09:20:40+00:00","dateModified":"2025-01-15T08:34:25+00:00","breadcrumb":{"@id":"https:\/\/www.escapadarural.com\/blog\/inauguracion-oficial-coetur-2017\/#breadcrumb"},"inLanguage":"es","potentialAction":[{"@type":"ReadAction","target":["https:\/\/www.escapadarural.com\/blog\/inauguracion-oficial-coetur-2017\/"]}]},{"@type":"ImageObject","inLanguage":"es","@id":"https:\/\/www.escapadarural.com\/blog\/inauguracion-oficial-coetur-2017\/#primaryimage","url":"https:\/\/www.escapadarural.com\/blog\/wp-content\/uploads\/2024\/10\/image-46-1024x656-2.png","contentUrl":"https:\/\/www.escapadarural.com\/blog\/wp-content\/uploads\/2024\/10\/image-46-1024x656-2.png","width":1024,"height":656,"caption":"Una mujer de pelo corto y oscuro est\u00e1 de pie en un podio, leyendo en un ordenador port\u00e1til y sujetando papeles. Detr\u00e1s de ella hay carteles, en uno de los cuales se lee PARA\u00cdSO, y una ventana que muestra \u00e1rboles en el exterior. Parece estar dando una presentaci\u00f3n o un discurso."},{"@type":"BreadcrumbList","@id":"https:\/\/www.escapadarural.com\/blog\/inauguracion-oficial-coetur-2017\/#breadcrumb","itemListElement":[{"@type":"ListItem","position":1,"name":"Inicio","item":"https:\/\/www.escapadarural.com\/blog\/"},{"@type":"ListItem","position":2,"name":"Coetur","item":"https:\/\/www.escapadarural.com\/blog\/categoria\/coetur\/"},{"@type":"ListItem","position":3,"name":"Inauguraci\u00f3n oficial #COETUR 2017"}]},{"@type":"WebSite","@id":"https:\/\/www.escapadarural.com\/blog\/#website","url":"https:\/\/www.escapadarural.com\/blog\/","name":"Blog de viajes | turismo rural, alojamientos e inspiraci\u00f3n","description":"Alojamientos rurales e inspiraci\u00f3n para tus escapadas","publisher":{"@id":"https:\/\/www.escapadarural.com\/blog\/#organization"},"alternateName":"Magazine de viajes de EscapadaRural","potentialAction":[{"@type":"SearchAction","target":{"@type":"EntryPoint","urlTemplate":"https:\/\/www.escapadarural.com\/blog\/?s={search_term_string}"},"query-input":{"@type":"PropertyValueSpecification","valueRequired":true,"valueName":"search_term_string"}}],"inLanguage":"es"},{"@type":"Organization","@id":"https:\/\/www.escapadarural.com\/blog\/#organization","name":"EscapadaRural","url":"https:\/\/www.escapadarural.com\/blog\/","logo":{"@type":"ImageObject","inLanguage":"es","@id":"https:\/\/www.escapadarural.com\/blog\/#\/schema\/logo\/image\/","url":"https:\/\/www.escapadarural.com\/blog\/wp-content\/uploads\/2024\/10\/cropped-cropped-escapada-rural-icon-mag-3.png","contentUrl":"https:\/\/www.escapadarural.com\/blog\/wp-content\/uploads\/2024\/10\/cropped-cropped-escapada-rural-icon-mag-3.png","width":512,"height":512,"caption":"EscapadaRural"},"image":{"@id":"https:\/\/www.escapadarural.com\/blog\/#\/schema\/logo\/image\/"},"sameAs":["https:\/\/www.facebook.com\/escapadarural","https:\/\/www.instagram.com\/escapadarural\/","https:\/\/www.youtube.com\/@escapadaruralcom"]},{"@type":"Person","@id":"https:\/\/www.escapadarural.com\/blog\/#\/schema\/person\/d9ee55ff3e0cef41d6eac8922b4f972c","name":"Escapada Rural","image":{"@type":"ImageObject","inLanguage":"es","@id":"https:\/\/www.escapadarural.com\/blog\/wp-content\/uploads\/2024\/10\/cropped-cropped-escapada-rural-icon-mag-3-96x96.png","url":"https:\/\/www.escapadarural.com\/blog\/wp-content\/uploads\/2024\/10\/cropped-cropped-escapada-rural-icon-mag-3-96x96.png","contentUrl":"https:\/\/www.escapadarural.com\/blog\/wp-content\/uploads\/2024\/10\/cropped-cropped-escapada-rural-icon-mag-3-96x96.png","caption":"Escapada Rural"},"sameAs":["https:\/\/www.facebook.com\/escapadarural","https:\/\/www.linkedin.com\/company\/escapada-rural\/?originalSubdomain=es","https:\/\/x.com\/https:\/\/x.com\/i\/flow\/login?redirect_after_login=escapadarural"],"url":"https:\/\/www.escapadarural.com\/blog\/autor\/user\/"}]}},"_links":{"self":[{"href":"https:\/\/www.escapadarural.com\/blog\/wp-json\/wp\/v2\/posts\/14394","targetHints":{"allow":["GET"]}}],"collection":[{"href":"https:\/\/www.escapadarural.com\/blog\/wp-json\/wp\/v2\/posts"}],"about":[{"href":"https:\/\/www.escapadarural.com\/blog\/wp-json\/wp\/v2\/types\/post"}],"author":[{"embeddable":true,"href":"https:\/\/www.escapadarural.com\/blog\/wp-json\/wp\/v2\/users\/136"}],"replies":[{"embeddable":true,"href":"https:\/\/www.escapadarural.com\/blog\/wp-json\/wp\/v2\/comments?post=14394"}],"version-history":[{"count":0,"href":"https:\/\/www.escapadarural.com\/blog\/wp-json\/wp\/v2\/posts\/14394\/revisions"}],"wp:featuredmedia":[{"embeddable":true,"href":"https:\/\/www.escapadarural.com\/blog\/wp-json\/wp\/v2\/media\/105280"}],"wp:attachment":[{"href":"https:\/\/www.escapadarural.com\/blog\/wp-json\/wp\/v2\/media?parent=14394"}],"wp:term":[{"taxonomy":"category","embeddable":true,"href":"https:\/\/www.escapadarural.com\/blog\/wp-json\/wp\/v2\/categories?post=14394"},{"taxonomy":"post_tag","embeddable":true,"href":"https:\/\/www.escapadarural.com\/blog\/wp-json\/wp\/v2\/tags?post=14394"}],"curies":[{"name":"wp","href":"https:\/\/api.w.org\/{rel}","templated":true}]}}