{"id":14449,"date":"2017-05-24T12:19:10","date_gmt":"2017-05-24T11:19:10","guid":{"rendered":"http:\/\/15.188.81.248\/2017\/05\/24\/ilegalidad-alegalidad-y-economia-colaborativa-coetur\/"},"modified":"2025-08-12T14:42:09","modified_gmt":"2025-08-12T12:42:09","slug":"ilegalidad-alegalidad-y-economia-colaborativa-coetur","status":"publish","type":"post","link":"https:\/\/www.escapadarural.com\/blog\/ilegalidad-alegalidad-y-economia-colaborativa-coetur\/","title":{"rendered":"Ilegalidad, alegalidad y econom\u00eda colaborativa #COETUR"},"content":{"rendered":"\n<figure class=\"wp-block-embed is-type-video is-provider-youtube wp-block-embed-youtube wp-embed-aspect-16-9 wp-has-aspect-ratio\"><div class=\"wp-block-embed__wrapper\">\n<span class=\"PTXZG9sY2OzaNorIdFlJv\"><div class=\"video-shortcode\"><iframe title=\"XII   Ilegalidad alegalidad y economia colaborativa\" width=\"1200\" height=\"675\" src=\"https:\/\/www.youtube.com\/embed\/sEMPrpWP3cs?feature=oembed\" frameborder=\"0\" allow=\"accelerometer; autoplay; clipboard-write; encrypted-media; gyroscope; picture-in-picture; web-share\" referrerpolicy=\"strict-origin-when-cross-origin\" allowfullscreen><\/iframe><\/div><\/span>\n<\/div><\/figure>\n\n\n\n<p>El t\u00edtulo de la mesa redonda daba paso a uno de los temas m\u00e1s esperados por los asistentes a la cuarta edici\u00f3n del Congreso Europeo de Turismo Rural (COETU). Los contertulios expertos en la materia ten\u00edan como reto debatir sobre la imparable realidad que se avecina y las posibles soluciones para crear un escenario apropiado de competencia y competitividad. <\/p>\n\n\n\n<!--more-->\n\n\n\n<p>El debate moderado por Ana Llera, consultora de Flasem Quality Consulting, estaba compuesta por:<\/p>\n\n\n\n<ul class=\"wp-block-list\">\n<li>Carlos P\u00e9rez, Presidente de la Asociaci\u00f3n de Viviendas Tur\u00edsticas Andaluzas (AVVA)<\/li>\n\n\n\n<li>Joaqu\u00edn Sanz, Presidente de la Asociaci\u00f3n de Casas Rurales de La Rioja (Ascarioja)<\/li>\n\n\n\n<li>Isabel Ardura Montes, Jefa de Servicio de Gesti\u00f3n y Calidad en Asturias Turismo<\/li>\n\n\n\n<li>Pablo Fern\u00e1ndez, CEO de B4U<\/li>\n<\/ul>\n\n\n\n<p>Ana Llera tomaba la palabra para animar al p\u00fablico, lanzarles la primera pregunta \u201c\u00bfcu\u00e1ntos de vosotros ten\u00e9is un alojamiento rural?\u201d y hacerles part\u00edcipes de un tema preocupante y pol\u00e9mico para los empresarios del turismo rural y la administraci\u00f3n p\u00fablica que es la Ilegalidad, la alegalidad y la econom\u00eda colaborativa.<\/p>\n\n\n\n<p>Llera, antes de dar paso a los componentes de la mesa, quiso definir los siguientes t\u00e9rminos: ilegal-alegal (\u201cejercicio de actividades profesionales por personas no autorizadas para ellos\u201d), econom\u00eda colaborativa (\u201cModelos de negocio en los que se falicita actividades mediante plataformas colaborativas que crean un mercado abierto para el uso temporal de mercanc\u00edas o servicios ofrecidos a menudo por particulares, con o sin \u00e1nimo de lucro\u201d) y turismo rural.<\/p>\n\n\n\n<p>La mesa redonda debati\u00f3 la primera pregunta, \u00bfhay que normalizar la regularizaci\u00f3n de las normativas de las viviendas vacacionales?, pues hay varias CC.AA, como La Rioja o Cantabria, que todav\u00eda no tienen una regulaci\u00f3n respecto a este tema. Seg\u00fan Isabel Ardura la normativa para las viviendas vacacionales en Asturias es m\u00e1s flexible que en otras Comunidades Aut\u00f3nomas y eso ha facilitado la convivencia entre todos.<\/p>\n\n\n\n<figure class=\"wp-block-embed is-type-rich is-provider-slideshare wp-block-embed-slideshare wp-embed-aspect-1-1 wp-has-aspect-ratio\"><div class=\"wp-block-embed__wrapper\">\nhttps:\/\/www.slideshare.net\/escapadarural\/mesa-redonda-ilegaldiad-alegalidad-y-economa-colaborativa-77362130?ref=https:\/\/www.escapadarural.com\/blog\/ilegalidad-alegalidad-y-economia-colaborativa-coetur\n<\/div><\/figure>\n\n\n\n<p>Por otro lado, P\u00e9rez apunt\u00f3 que no son una moda las plataformas que anuncian viviendas vacacionales, son tendencia. Cada vez la regulaci\u00f3n de esta tem\u00e1tica tiene un papel m\u00e1s importante para contar con este tipo de alojamientos. Queda un largo camino para plantear y planificar esta tendencia. \u201cEn realidad todos tenemos un inter\u00e9s com\u00fan\u201d, se\u00f1ala P\u00e9rez. De hecho, en el caso de Andaluc\u00eda varios propietarios han pasado de ser alegales a ser ilegales.<\/p>\n\n\n\n<p>Otra de las preguntas que plante\u00f3 Llera, en este caso al presidente de la asociaci\u00f3n Ascarioja, fue por las m\u00e1s de 300 viviendas vacacionales que hay en La Rioja. Joaqu\u00edn contest\u00f3 lo siguiente: \u201cno parece ser un tema grave para los socios de Ascarioja. De hecho, en el tiempo que llevo yo como presidente, que es mucho, no se ha hecho ninguna denuncia a este tipo de establecimientos\u201d.<\/p>\n\n\n\n<p>Con el micro en mano, Joaqu\u00edn aprovech\u00f3 para aborda el tema de la econom\u00eda colaborativa y mencionar a Airbnb. Una empresa que catalog\u00f3 como multinacional y cuestion\u00f3 su sobrenombre \u201ceconom\u00eda colaborativa\u201d.<\/p>\n\n\n\n<p>Por su parte, Pablo Fern\u00e1ndez, retom\u00f3 el tema de la econom\u00eda colaborativa y las plataformas espec\u00edficas de turismo y plante\u00f3 la siguiente cuesti\u00f3n:\u201d \u00bfpor qu\u00e9 s\u00f3lo se le criminaliza a Airbnb y no se le mete en el mismo saco a Booking?\u201d Al fin y al cabo, no hay que recurrir a las administraciones para regular estas normativas sino a los clientes. Son ellos quienes buscan y reservan en Airbnb porque venden experiencias, coment\u00f3 Pablo. \u201cNi recomiendo, ni dejo de recomendar Airbnb, s\u00f3lo digo que es un nicho de mercado y son los millenials el target\u201d.<\/p>\n\n\n\n<p>Concluye el debate con las preguntas del p\u00fablico. Concretamente, con la que lanz\u00f3 Gustavo Nash, otro de los contertulios de esta cuarta edici\u00f3n de COETUR, al p\u00fablico: \u00bfcu\u00e1ntos de vosotros hab\u00e9is denunciado a un establecimiento que sab\u00e9is que es ilegal? Las manos entre los asistentes fue las m\u00ednimas.<\/p>\n\n\n\n<p>Se demostr\u00f3 que lo que previamente anunci\u00e1bamos: \u201cla ilegalidad, alegalidad y econom\u00eda colaborativa es un tema preocupante y pol\u00e9mico\u201d.<\/p>\n\n\n\n<h2 class=\"wp-block-heading\" id=\"h-ilegalidad-alegalidad-y-economia-colaborativa-coetur\">Ilegalidad, alegalidad y econom\u00eda colaborativa #COETUR<\/h2>\n\n\n\n<p>El t\u00edtulo de la mesa redonda daba paso a uno de los temas m\u00e1s esperados por los asistentes a la cuarta edici\u00f3n del Congreso Europeo de Turismo Rural (COETU). Los contertulios expertos en la materia ten\u00edan como reto debatir sobre la imparable realidad que se avecina y las posibles soluciones para crear un escenario apropiado de competencia y competitividad.<\/p>\n\n\n\n<p>El debate moderado por Ana Llera, consultora de Flasem Quality Consulting, estaba compuesta por:<\/p>\n\n\n\n<ul class=\"wp-block-list\">\n<li>Carlos P\u00e9rez, Presidente de la Asociaci\u00f3n de Viviendas Tur\u00edsticas Andaluzas (AVVA)<\/li>\n\n\n\n<li>Joaqu\u00edn Sanz, Presidente de la Asociaci\u00f3n de Casas Rurales de La Rioja (Ascarioja)<\/li>\n\n\n\n<li>Isabel Ardura Montes, Jefa de Servicio de Gesti\u00f3n y Calidad en Asturias Turismo<\/li>\n\n\n\n<li>Pablo Fern\u00e1ndez, CEO de B4U<\/li>\n<\/ul>\n\n\n\n<p>Ana Llera tomaba la palabra para animar al p\u00fablico, lanzarles la primera pregunta \u201c\u00bfcu\u00e1ntos de vosotros ten\u00e9is un alojamiento rural?\u201d y hacerles part\u00edcipes de un tema preocupante y pol\u00e9mico para los empresarios del turismo rural y la administraci\u00f3n p\u00fablica que es la Ilegalidad, la alegalidad y la econom\u00eda colaborativa.<\/p>\n\n\n\n<p>Llera, antes de dar paso a los componentes de la mesa, quiso definir los siguientes t\u00e9rminos: ilegal-alegal (\u201cejercicio de actividades profesionales por personas no autorizadas para ellos\u201d), econom\u00eda colaborativa (\u201cModelos de negocio en los que se falicita actividades mediante plataformas colaborativas que crean un mercado abierto para el uso temporal de mercanc\u00edas o servicios ofrecidos a menudo por particulares, con o sin \u00e1nimo de lucro\u201d) y turismo rural.<\/p>\n\n\n\n<p>La mesa redonda debati\u00f3 la primera pregunta, \u00bfhay que normalizar la regularizaci\u00f3n de las normativas de las viviendas vacacionales?, pues hay varias CC.AA, como La Rioja o Cantabria, que todav\u00eda no tienen una regulaci\u00f3n respecto a este tema. Seg\u00fan Isabel Ardura la normativa para las viviendas vacacionales en Asturias es m\u00e1s flexible que en otras Comunidades Aut\u00f3nomas y eso ha facilitado la convivencia entre todos.<\/p>\n\n\n\n<p>Por otro lado, P\u00e9rez apunt\u00f3 que no son una moda las plataformas que anuncian viviendas vacacionales, son tendencia. Cada vez la regulaci\u00f3n de esta tem\u00e1tica tiene un papel m\u00e1s importante para contar con este tipo de alojamientos. Queda un largo camino para plantear y planificar esta tendencia. \u201cEn realidad todos tenemos un inter\u00e9s com\u00fan\u201d, se\u00f1ala P\u00e9rez. De hecho, en el caso de Andaluc\u00eda varios propietarios han pasado de ser alegales a ser ilegales.<\/p>\n\n\n\n<p>Otra de las preguntas que plante\u00f3 Llera, en este caso al presidente de la asociaci\u00f3n Ascarioja, fue por las m\u00e1s de 300 viviendas vacacionales que hay en La Rioja. Joaqu\u00edn contest\u00f3 lo siguiente: \u201cno parece ser un tema grave para los socios de Ascarioja. De hecho, en el tiempo que llevo yo como presidente, que es mucho, no se ha hecho ninguna denuncia a este tipo de establecimientos\u201d.<\/p>\n\n\n\n<p>Con el micro en mano, Joaqu\u00edn aprovech\u00f3 para aborda el tema de la econom\u00eda colaborativa y mencionar a Airbnb. Una empresa que catalog\u00f3 como multinacional y cuestion\u00f3 su sobrenombre \u201ceconom\u00eda colaborativa\u201d.<\/p>\n\n\n\n<p>Por su parte, Pablo Fern\u00e1ndez, retom\u00f3 el tema de la econom\u00eda colaborativa y las plataformas espec\u00edficas de turismo y plante\u00f3 la siguiente cuesti\u00f3n:\u201d \u00bfpor qu\u00e9 s\u00f3lo se le criminaliza a Airbnb y no se le mete en el mismo saco a Booking?\u201d Al fin y al cabo, no hay que recurrir a las administraciones para regular estas normativas sino a los clientes. Son ellos quienes buscan y reservan en Airbnb porque venden experiencias, coment\u00f3 Pablo. \u201cNi recomiendo, ni dejo de recomendar Airbnb, s\u00f3lo digo que es un nicho de mercado y son los millenials el target\u201d.<\/p>\n\n\n\n<p>Concluye el debate con las preguntas del p\u00fablico. Concretamente, con la que lanz\u00f3 Gustavo Nash, otro de los contertulios de esta cuarta edici\u00f3n de COETUR, al p\u00fablico: \u00bfcu\u00e1ntos de vosotros hab\u00e9is denunciado a un establecimiento que sab\u00e9is que es ilegal? Las manos entre los asistentes fue las m\u00ednimas.<\/p>\n\n\n\n<p>Se demostr\u00f3 que lo que previamente anunci\u00e1bamos: \u201cla ilegalidad, alegalidad y econom\u00eda colaborativa es un tema preocupante y pol\u00e9mico\u201d.<\/p>\n","protected":false},"excerpt":{"rendered":"<p>El t\u00edtulo de la mesa redonda daba paso a uno de los temas m\u00e1s esperados por los asistentes a la cuarta edici\u00f3n del Congreso Europeo de Turismo Rural (COETU). Los contertulios expertos en la materia ten\u00edan como reto debatir sobre la imparable realidad que se avecina y las posibles soluciones para crear un escenario apropiado de competencia y competitividad. <\/p>\n","protected":false},"author":98,"featured_media":184347,"comment_status":"open","ping_status":"closed","sticky":false,"template":"","format":"standard","meta":{"_acf_changed":false,"om_disable_all_campaigns":false,"footnotes":""},"categories":[385,524,390],"tags":[386],"class_list":["post-14449","post","type-post","status-publish","format-standard","has-post-thumbnail","hentry","category-coetur","category-er-academy","category-noticias","tag-coetur"],"acf":[],"featured_image_src":"https:\/\/www.escapadarural.com\/blog\/wp-content\/uploads\/2024\/12\/logo-coetur-black.png","author_info":{"display_name":"Miryam Tejada","author_link":"https:\/\/www.escapadarural.com\/blog\/autor\/miryam\/"},"yoast_head":"<!-- This site is optimized with the Yoast SEO plugin v27.2 - https:\/\/yoast.com\/product\/yoast-seo-wordpress\/ -->\n<title>Ilegalidad, alegalidad y econom\u00eda colaborativa #COETUR - EscapadaRural<\/title>\n<meta name=\"robots\" content=\"index, follow, max-snippet:-1, max-image-preview:large, max-video-preview:-1\" \/>\n<link rel=\"canonical\" href=\"https:\/\/www.escapadarural.com\/blog\/ilegalidad-alegalidad-y-economia-colaborativa-coetur\/\" \/>\n<meta property=\"og:locale\" content=\"es_ES\" \/>\n<meta property=\"og:type\" content=\"article\" \/>\n<meta property=\"og:title\" content=\"Ilegalidad, alegalidad y econom\u00eda colaborativa #COETUR - EscapadaRural\" \/>\n<meta property=\"og:description\" content=\"El t\u00edtulo de la mesa redonda daba paso a uno de los temas m\u00e1s esperados por los asistentes a la cuarta edici\u00f3n del Congreso Europeo de Turismo Rural (COETU). Los contertulios expertos en la materia ten\u00edan como reto debatir sobre la imparable realidad que se avecina y las posibles soluciones para crear un escenario apropiado de competencia y competitividad.\" \/>\n<meta property=\"og:url\" content=\"https:\/\/www.escapadarural.com\/blog\/ilegalidad-alegalidad-y-economia-colaborativa-coetur\/\" \/>\n<meta property=\"og:site_name\" content=\"Magazine de viajes de EscapadaRural\" \/>\n<meta property=\"article:publisher\" content=\"https:\/\/www.facebook.com\/escapadarural\" \/>\n<meta property=\"article:published_time\" content=\"2017-05-24T11:19:10+00:00\" \/>\n<meta property=\"article:modified_time\" content=\"2025-08-12T12:42:09+00:00\" \/>\n<meta property=\"og:image\" content=\"https:\/\/www.escapadarural.com\/blog\/wp-content\/uploads\/2024\/12\/logo-coetur-black.png?v=1755002531\" \/>\n\t<meta property=\"og:image:width\" content=\"799\" \/>\n\t<meta property=\"og:image:height\" content=\"288\" \/>\n\t<meta property=\"og:image:type\" content=\"image\/png\" \/>\n<meta name=\"author\" content=\"Miryam Tejada\" \/>\n<meta name=\"twitter:card\" content=\"summary_large_image\" \/>\n<meta name=\"twitter:label1\" content=\"Escrito por\" \/>\n\t<meta name=\"twitter:data1\" content=\"Miryam Tejada\" \/>\n\t<meta name=\"twitter:label2\" content=\"Tiempo de lectura\" \/>\n\t<meta name=\"twitter:data2\" content=\"7 minutos\" \/>\n<script type=\"application\/ld+json\" class=\"yoast-schema-graph\">{\"@context\":\"https:\/\/schema.org\",\"@graph\":[{\"@type\":\"Article\",\"@id\":\"https:\/\/www.escapadarural.com\/blog\/ilegalidad-alegalidad-y-economia-colaborativa-coetur\/#article\",\"isPartOf\":{\"@id\":\"https:\/\/www.escapadarural.com\/blog\/ilegalidad-alegalidad-y-economia-colaborativa-coetur\/\"},\"author\":{\"name\":\"Miryam Tejada\",\"@id\":\"https:\/\/www.escapadarural.com\/blog\/#\/schema\/person\/3a79b504f208fd6cf3bb52c608e311f0\"},\"headline\":\"Ilegalidad, alegalidad y econom\u00eda colaborativa #COETUR\",\"datePublished\":\"2017-05-24T11:19:10+00:00\",\"dateModified\":\"2025-08-12T12:42:09+00:00\",\"mainEntityOfPage\":{\"@id\":\"https:\/\/www.escapadarural.com\/blog\/ilegalidad-alegalidad-y-economia-colaborativa-coetur\/\"},\"wordCount\":1416,\"commentCount\":0,\"publisher\":{\"@id\":\"https:\/\/www.escapadarural.com\/blog\/#organization\"},\"image\":{\"@id\":\"https:\/\/www.escapadarural.com\/blog\/ilegalidad-alegalidad-y-economia-colaborativa-coetur\/#primaryimage\"},\"thumbnailUrl\":\"https:\/\/www.escapadarural.com\/blog\/wp-content\/uploads\/2024\/12\/logo-coetur-black.png\",\"keywords\":[\"COETUR\"],\"articleSection\":[\"Coetur\",\"ER Academy\",\"Noticias\"],\"inLanguage\":\"es\",\"potentialAction\":[{\"@type\":\"CommentAction\",\"name\":\"Comment\",\"target\":[\"https:\/\/www.escapadarural.com\/blog\/ilegalidad-alegalidad-y-economia-colaborativa-coetur\/#respond\"]}]},{\"@type\":\"WebPage\",\"@id\":\"https:\/\/www.escapadarural.com\/blog\/ilegalidad-alegalidad-y-economia-colaborativa-coetur\/\",\"url\":\"https:\/\/www.escapadarural.com\/blog\/ilegalidad-alegalidad-y-economia-colaborativa-coetur\/\",\"name\":\"Ilegalidad, alegalidad y econom\u00eda colaborativa #COETUR - EscapadaRural\",\"isPartOf\":{\"@id\":\"https:\/\/www.escapadarural.com\/blog\/#website\"},\"primaryImageOfPage\":{\"@id\":\"https:\/\/www.escapadarural.com\/blog\/ilegalidad-alegalidad-y-economia-colaborativa-coetur\/#primaryimage\"},\"image\":{\"@id\":\"https:\/\/www.escapadarural.com\/blog\/ilegalidad-alegalidad-y-economia-colaborativa-coetur\/#primaryimage\"},\"thumbnailUrl\":\"https:\/\/www.escapadarural.com\/blog\/wp-content\/uploads\/2024\/12\/logo-coetur-black.png\",\"datePublished\":\"2017-05-24T11:19:10+00:00\",\"dateModified\":\"2025-08-12T12:42:09+00:00\",\"breadcrumb\":{\"@id\":\"https:\/\/www.escapadarural.com\/blog\/ilegalidad-alegalidad-y-economia-colaborativa-coetur\/#breadcrumb\"},\"inLanguage\":\"es\",\"potentialAction\":[{\"@type\":\"ReadAction\",\"target\":[\"https:\/\/www.escapadarural.com\/blog\/ilegalidad-alegalidad-y-economia-colaborativa-coetur\/\"]}]},{\"@type\":\"ImageObject\",\"inLanguage\":\"es\",\"@id\":\"https:\/\/www.escapadarural.com\/blog\/ilegalidad-alegalidad-y-economia-colaborativa-coetur\/#primaryimage\",\"url\":\"https:\/\/www.escapadarural.com\/blog\/wp-content\/uploads\/2024\/12\/logo-coetur-black.png\",\"contentUrl\":\"https:\/\/www.escapadarural.com\/blog\/wp-content\/uploads\/2024\/12\/logo-coetur-black.png\",\"width\":799,\"height\":288,\"caption\":\"Coetur logo\"},{\"@type\":\"BreadcrumbList\",\"@id\":\"https:\/\/www.escapadarural.com\/blog\/ilegalidad-alegalidad-y-economia-colaborativa-coetur\/#breadcrumb\",\"itemListElement\":[{\"@type\":\"ListItem\",\"position\":1,\"name\":\"Inicio\",\"item\":\"https:\/\/www.escapadarural.com\/blog\/\"},{\"@type\":\"ListItem\",\"position\":2,\"name\":\"Noticias\",\"item\":\"https:\/\/www.escapadarural.com\/blog\/categoria\/noticias\/\"},{\"@type\":\"ListItem\",\"position\":3,\"name\":\"Ilegalidad, alegalidad y econom\u00eda colaborativa #COETUR\"}]},{\"@type\":\"WebSite\",\"@id\":\"https:\/\/www.escapadarural.com\/blog\/#website\",\"url\":\"https:\/\/www.escapadarural.com\/blog\/\",\"name\":\"Blog de viajes | turismo rural, alojamientos e inspiraci\u00f3n\",\"description\":\"Alojamientos rurales e inspiraci\u00f3n para tus escapadas\",\"publisher\":{\"@id\":\"https:\/\/www.escapadarural.com\/blog\/#organization\"},\"alternateName\":\"Magazine de viajes de EscapadaRural\",\"potentialAction\":[{\"@type\":\"SearchAction\",\"target\":{\"@type\":\"EntryPoint\",\"urlTemplate\":\"https:\/\/www.escapadarural.com\/blog\/?s={search_term_string}\"},\"query-input\":{\"@type\":\"PropertyValueSpecification\",\"valueRequired\":true,\"valueName\":\"search_term_string\"}}],\"inLanguage\":\"es\"},{\"@type\":\"Organization\",\"@id\":\"https:\/\/www.escapadarural.com\/blog\/#organization\",\"name\":\"EscapadaRural\",\"url\":\"https:\/\/www.escapadarural.com\/blog\/\",\"logo\":{\"@type\":\"ImageObject\",\"inLanguage\":\"es\",\"@id\":\"https:\/\/www.escapadarural.com\/blog\/#\/schema\/logo\/image\/\",\"url\":\"https:\/\/www.escapadarural.com\/blog\/wp-content\/uploads\/2024\/10\/cropped-cropped-escapada-rural-icon-mag-3.png\",\"contentUrl\":\"https:\/\/www.escapadarural.com\/blog\/wp-content\/uploads\/2024\/10\/cropped-cropped-escapada-rural-icon-mag-3.png\",\"width\":512,\"height\":512,\"caption\":\"EscapadaRural\"},\"image\":{\"@id\":\"https:\/\/www.escapadarural.com\/blog\/#\/schema\/logo\/image\/\"},\"sameAs\":[\"https:\/\/www.facebook.com\/escapadarural\",\"https:\/\/www.instagram.com\/escapadarural\/\",\"https:\/\/www.youtube.com\/@escapadaruralcom\"]},{\"@type\":\"Person\",\"@id\":\"https:\/\/www.escapadarural.com\/blog\/#\/schema\/person\/3a79b504f208fd6cf3bb52c608e311f0\",\"name\":\"Miryam Tejada\",\"image\":{\"@type\":\"ImageObject\",\"inLanguage\":\"es\",\"@id\":\"https:\/\/www.escapadarural.com\/blog\/wp-content\/uploads\/2024\/12\/cropped-PXL_20240524_141044774.PORTRAIT.ORIGINAL-1-scaled-2-96x96.jpg\",\"url\":\"https:\/\/www.escapadarural.com\/blog\/wp-content\/uploads\/2024\/12\/cropped-PXL_20240524_141044774.PORTRAIT.ORIGINAL-1-scaled-2-96x96.jpg\",\"contentUrl\":\"https:\/\/www.escapadarural.com\/blog\/wp-content\/uploads\/2024\/12\/cropped-PXL_20240524_141044774.PORTRAIT.ORIGINAL-1-scaled-2-96x96.jpg\",\"caption\":\"Miryam Tejada\"},\"description\":\"Mi t\u00edtulo universitario dice que soy licenciada en periodismo, pero realmente soy una todoterreno a la que le pill\u00f3 la transici\u00f3n del mundo anal\u00f3gico al digital de pleno. Es decir, soy millennial, y eso lo que conlleva, seg\u00fan las habladur\u00edas, es que me dejo llevar y priorizo mi bienestar. O lo que es lo mismo, soy una apasionada de los viajes y las experiencias, del simple hecho de tomar unas cervezas entre amigas, organizar una buena comilona en la sociedad con sobremesa larga incluida o pasar las tardes en el parque con mis gemelos.\",\"url\":\"https:\/\/www.escapadarural.com\/blog\/autor\/miryam\/\"}]}<\/script>\n<!-- \/ Yoast SEO plugin. -->","yoast_head_json":{"title":"Ilegalidad, alegalidad y econom\u00eda colaborativa #COETUR - EscapadaRural","robots":{"index":"index","follow":"follow","max-snippet":"max-snippet:-1","max-image-preview":"max-image-preview:large","max-video-preview":"max-video-preview:-1"},"canonical":"https:\/\/www.escapadarural.com\/blog\/ilegalidad-alegalidad-y-economia-colaborativa-coetur\/","og_locale":"es_ES","og_type":"article","og_title":"Ilegalidad, alegalidad y econom\u00eda colaborativa #COETUR - EscapadaRural","og_description":"El t\u00edtulo de la mesa redonda daba paso a uno de los temas m\u00e1s esperados por los asistentes a la cuarta edici\u00f3n del Congreso Europeo de Turismo Rural (COETU). Los contertulios expertos en la materia ten\u00edan como reto debatir sobre la imparable realidad que se avecina y las posibles soluciones para crear un escenario apropiado de competencia y competitividad.","og_url":"https:\/\/www.escapadarural.com\/blog\/ilegalidad-alegalidad-y-economia-colaborativa-coetur\/","og_site_name":"Magazine de viajes de EscapadaRural","article_publisher":"https:\/\/www.facebook.com\/escapadarural","article_published_time":"2017-05-24T11:19:10+00:00","article_modified_time":"2025-08-12T12:42:09+00:00","og_image":[{"width":799,"height":288,"url":"https:\/\/www.escapadarural.com\/blog\/wp-content\/uploads\/2024\/12\/logo-coetur-black.png?v=1755002531","type":"image\/png"}],"author":"Miryam Tejada","twitter_card":"summary_large_image","twitter_misc":{"Escrito por":"Miryam Tejada","Tiempo de lectura":"7 minutos"},"schema":{"@context":"https:\/\/schema.org","@graph":[{"@type":"Article","@id":"https:\/\/www.escapadarural.com\/blog\/ilegalidad-alegalidad-y-economia-colaborativa-coetur\/#article","isPartOf":{"@id":"https:\/\/www.escapadarural.com\/blog\/ilegalidad-alegalidad-y-economia-colaborativa-coetur\/"},"author":{"name":"Miryam Tejada","@id":"https:\/\/www.escapadarural.com\/blog\/#\/schema\/person\/3a79b504f208fd6cf3bb52c608e311f0"},"headline":"Ilegalidad, alegalidad y econom\u00eda colaborativa #COETUR","datePublished":"2017-05-24T11:19:10+00:00","dateModified":"2025-08-12T12:42:09+00:00","mainEntityOfPage":{"@id":"https:\/\/www.escapadarural.com\/blog\/ilegalidad-alegalidad-y-economia-colaborativa-coetur\/"},"wordCount":1416,"commentCount":0,"publisher":{"@id":"https:\/\/www.escapadarural.com\/blog\/#organization"},"image":{"@id":"https:\/\/www.escapadarural.com\/blog\/ilegalidad-alegalidad-y-economia-colaborativa-coetur\/#primaryimage"},"thumbnailUrl":"https:\/\/www.escapadarural.com\/blog\/wp-content\/uploads\/2024\/12\/logo-coetur-black.png","keywords":["COETUR"],"articleSection":["Coetur","ER Academy","Noticias"],"inLanguage":"es","potentialAction":[{"@type":"CommentAction","name":"Comment","target":["https:\/\/www.escapadarural.com\/blog\/ilegalidad-alegalidad-y-economia-colaborativa-coetur\/#respond"]}]},{"@type":"WebPage","@id":"https:\/\/www.escapadarural.com\/blog\/ilegalidad-alegalidad-y-economia-colaborativa-coetur\/","url":"https:\/\/www.escapadarural.com\/blog\/ilegalidad-alegalidad-y-economia-colaborativa-coetur\/","name":"Ilegalidad, alegalidad y econom\u00eda colaborativa #COETUR - EscapadaRural","isPartOf":{"@id":"https:\/\/www.escapadarural.com\/blog\/#website"},"primaryImageOfPage":{"@id":"https:\/\/www.escapadarural.com\/blog\/ilegalidad-alegalidad-y-economia-colaborativa-coetur\/#primaryimage"},"image":{"@id":"https:\/\/www.escapadarural.com\/blog\/ilegalidad-alegalidad-y-economia-colaborativa-coetur\/#primaryimage"},"thumbnailUrl":"https:\/\/www.escapadarural.com\/blog\/wp-content\/uploads\/2024\/12\/logo-coetur-black.png","datePublished":"2017-05-24T11:19:10+00:00","dateModified":"2025-08-12T12:42:09+00:00","breadcrumb":{"@id":"https:\/\/www.escapadarural.com\/blog\/ilegalidad-alegalidad-y-economia-colaborativa-coetur\/#breadcrumb"},"inLanguage":"es","potentialAction":[{"@type":"ReadAction","target":["https:\/\/www.escapadarural.com\/blog\/ilegalidad-alegalidad-y-economia-colaborativa-coetur\/"]}]},{"@type":"ImageObject","inLanguage":"es","@id":"https:\/\/www.escapadarural.com\/blog\/ilegalidad-alegalidad-y-economia-colaborativa-coetur\/#primaryimage","url":"https:\/\/www.escapadarural.com\/blog\/wp-content\/uploads\/2024\/12\/logo-coetur-black.png","contentUrl":"https:\/\/www.escapadarural.com\/blog\/wp-content\/uploads\/2024\/12\/logo-coetur-black.png","width":799,"height":288,"caption":"Coetur logo"},{"@type":"BreadcrumbList","@id":"https:\/\/www.escapadarural.com\/blog\/ilegalidad-alegalidad-y-economia-colaborativa-coetur\/#breadcrumb","itemListElement":[{"@type":"ListItem","position":1,"name":"Inicio","item":"https:\/\/www.escapadarural.com\/blog\/"},{"@type":"ListItem","position":2,"name":"Noticias","item":"https:\/\/www.escapadarural.com\/blog\/categoria\/noticias\/"},{"@type":"ListItem","position":3,"name":"Ilegalidad, alegalidad y econom\u00eda colaborativa #COETUR"}]},{"@type":"WebSite","@id":"https:\/\/www.escapadarural.com\/blog\/#website","url":"https:\/\/www.escapadarural.com\/blog\/","name":"Blog de viajes | turismo rural, alojamientos e inspiraci\u00f3n","description":"Alojamientos rurales e inspiraci\u00f3n para tus escapadas","publisher":{"@id":"https:\/\/www.escapadarural.com\/blog\/#organization"},"alternateName":"Magazine de viajes de EscapadaRural","potentialAction":[{"@type":"SearchAction","target":{"@type":"EntryPoint","urlTemplate":"https:\/\/www.escapadarural.com\/blog\/?s={search_term_string}"},"query-input":{"@type":"PropertyValueSpecification","valueRequired":true,"valueName":"search_term_string"}}],"inLanguage":"es"},{"@type":"Organization","@id":"https:\/\/www.escapadarural.com\/blog\/#organization","name":"EscapadaRural","url":"https:\/\/www.escapadarural.com\/blog\/","logo":{"@type":"ImageObject","inLanguage":"es","@id":"https:\/\/www.escapadarural.com\/blog\/#\/schema\/logo\/image\/","url":"https:\/\/www.escapadarural.com\/blog\/wp-content\/uploads\/2024\/10\/cropped-cropped-escapada-rural-icon-mag-3.png","contentUrl":"https:\/\/www.escapadarural.com\/blog\/wp-content\/uploads\/2024\/10\/cropped-cropped-escapada-rural-icon-mag-3.png","width":512,"height":512,"caption":"EscapadaRural"},"image":{"@id":"https:\/\/www.escapadarural.com\/blog\/#\/schema\/logo\/image\/"},"sameAs":["https:\/\/www.facebook.com\/escapadarural","https:\/\/www.instagram.com\/escapadarural\/","https:\/\/www.youtube.com\/@escapadaruralcom"]},{"@type":"Person","@id":"https:\/\/www.escapadarural.com\/blog\/#\/schema\/person\/3a79b504f208fd6cf3bb52c608e311f0","name":"Miryam Tejada","image":{"@type":"ImageObject","inLanguage":"es","@id":"https:\/\/www.escapadarural.com\/blog\/wp-content\/uploads\/2024\/12\/cropped-PXL_20240524_141044774.PORTRAIT.ORIGINAL-1-scaled-2-96x96.jpg","url":"https:\/\/www.escapadarural.com\/blog\/wp-content\/uploads\/2024\/12\/cropped-PXL_20240524_141044774.PORTRAIT.ORIGINAL-1-scaled-2-96x96.jpg","contentUrl":"https:\/\/www.escapadarural.com\/blog\/wp-content\/uploads\/2024\/12\/cropped-PXL_20240524_141044774.PORTRAIT.ORIGINAL-1-scaled-2-96x96.jpg","caption":"Miryam Tejada"},"description":"Mi t\u00edtulo universitario dice que soy licenciada en periodismo, pero realmente soy una todoterreno a la que le pill\u00f3 la transici\u00f3n del mundo anal\u00f3gico al digital de pleno. Es decir, soy millennial, y eso lo que conlleva, seg\u00fan las habladur\u00edas, es que me dejo llevar y priorizo mi bienestar. O lo que es lo mismo, soy una apasionada de los viajes y las experiencias, del simple hecho de tomar unas cervezas entre amigas, organizar una buena comilona en la sociedad con sobremesa larga incluida o pasar las tardes en el parque con mis gemelos.","url":"https:\/\/www.escapadarural.com\/blog\/autor\/miryam\/"}]}},"_links":{"self":[{"href":"https:\/\/www.escapadarural.com\/blog\/wp-json\/wp\/v2\/posts\/14449","targetHints":{"allow":["GET"]}}],"collection":[{"href":"https:\/\/www.escapadarural.com\/blog\/wp-json\/wp\/v2\/posts"}],"about":[{"href":"https:\/\/www.escapadarural.com\/blog\/wp-json\/wp\/v2\/types\/post"}],"author":[{"embeddable":true,"href":"https:\/\/www.escapadarural.com\/blog\/wp-json\/wp\/v2\/users\/98"}],"replies":[{"embeddable":true,"href":"https:\/\/www.escapadarural.com\/blog\/wp-json\/wp\/v2\/comments?post=14449"}],"version-history":[{"count":0,"href":"https:\/\/www.escapadarural.com\/blog\/wp-json\/wp\/v2\/posts\/14449\/revisions"}],"wp:featuredmedia":[{"embeddable":true,"href":"https:\/\/www.escapadarural.com\/blog\/wp-json\/wp\/v2\/media\/184347"}],"wp:attachment":[{"href":"https:\/\/www.escapadarural.com\/blog\/wp-json\/wp\/v2\/media?parent=14449"}],"wp:term":[{"taxonomy":"category","embeddable":true,"href":"https:\/\/www.escapadarural.com\/blog\/wp-json\/wp\/v2\/categories?post=14449"},{"taxonomy":"post_tag","embeddable":true,"href":"https:\/\/www.escapadarural.com\/blog\/wp-json\/wp\/v2\/tags?post=14449"}],"curies":[{"name":"wp","href":"https:\/\/api.w.org\/{rel}","templated":true}]}}