{"id":14466,"date":"2017-06-29T08:09:14","date_gmt":"2017-06-29T07:09:14","guid":{"rendered":"http:\/\/15.188.81.248\/2017\/06\/29\/resumen-de-coetur-2017\/"},"modified":"2025-01-15T10:34:24","modified_gmt":"2025-01-15T08:34:24","slug":"resumen-de-coetur-2017","status":"publish","type":"post","link":"https:\/\/www.escapadarural.com\/blog\/resumen-de-coetur-2017\/","title":{"rendered":"Resumen de #COETUR 2017"},"content":{"rendered":"\n<figure class=\"wp-block-embed is-type-video is-provider-youtube wp-block-embed-youtube wp-embed-aspect-16-9 wp-has-aspect-ratio\"><div class=\"wp-block-embed__wrapper\">\n<span class=\"fF7wjPyDX3hmRWvZAMe\"><div class=\"video-shortcode\"><iframe title=\"V\u00cdDEO RESUMEN COETUR 2017\" width=\"1200\" height=\"675\" src=\"https:\/\/www.youtube.com\/embed\/9ZbeT_3umtM?feature=oembed\" frameborder=\"0\" allow=\"accelerometer; autoplay; clipboard-write; encrypted-media; gyroscope; picture-in-picture; web-share\" referrerpolicy=\"strict-origin-when-cross-origin\" allowfullscreen><\/iframe><\/div><\/span>\n<\/div><\/figure>\n\n\n\n<p>Durante los d\u00edas 23 y 24 de mayo tuvo lugar la <strong>IV edici\u00f3n del Congreso Europeo del Turismo Rural <\/strong>(COETUR), organizado por <a href=\"https:\/\/www.escapadarural.com\/\" target=\"_blank\" aria-label=\" (opens in a new tab)\" rel=\"noreferrer noopener\" class=\"rank-math-link\">Escapadarural.com<\/a>, junto con el apoyo del Principado de Asturias. Asimismo, esta edici\u00f3n cont\u00f3 con el patrocinio de <a rel=\"noopener noreferrer\" href=\"https:\/\/www.ideapublicidad.com\/\" target=\"_blank\" class=\"rank-math-link\">Idea Publicidad<\/a> y la <a rel=\"noopener noreferrer\" href=\"https:\/\/www.hosteriadetorazo.com\/\" target=\"_blank\" class=\"rank-math-link\">Hoster\u00eda de Torazo<\/a>. Tambi\u00e9n pudimos contar con la colaboraci\u00f3n&nbsp;de Casonas Asturianas, Aldeas Asturianas, Federaci\u00f3n Asturiana de Turismo Rural, Asociaci\u00f3n de Turismo Rural Fuentes del Narcea, Turismo Sostenible de Asturias, Pilo\u00f1a Tierra de Asturcones, Aguas de Borines, los Caserinos y El Gaitero.<\/p>\n\n\n\n<p>M\u00e1s de 170 profesionales del sector se reunieron en la Hoster\u00eda de Torazo (Concejo de Cabranes, Asturias), en un encuentro que brind\u00f3 la oportunidad de analizar un mercado&nbsp;cambiante, en el que la homogeneidad ha pasado factura, donde se ha evidenciado la brecha digital entre demanda y oferta, y que a\u00fan tiene muchos retos pendientes en clave de competitividad.<\/p>\n\n\n\n<p>En la sala de Expositores fue donde diversas empresas tuvieron la ocasi\u00f3n de presentar la oferta de productos y servicios a los profesionales del sector.<\/p>\n\n\n\n<p>Asociaciones profesionales, &nbsp;una red de establecimientos para eventos de empresas en entorno rural, empresas que proporcionan servicios de imprenta y promocionales, y consultoras de marketing online son algunas de las propuestas que se expusieron en la zona destinada al netwotknig. Si crees que sus actividades te resultan interesantes, en el apartado de EXPOSITORES encontrar\u00e1s informaci\u00f3n m\u00e1s detallada de cada uno de ellos.<\/p>\n\n\n\n<p>En caso de no haber podido asistir o si quieres revivir las ponencias que se desarrollaron durante el congreso, te facilitamos el siguiente resumen:<\/p>\n\n\n<div data-is_sticky=\"false\" data-sticky_toc_position=\"left\" data-hide_sticky_on_mobile=\"false\" data-sticky_button_icon='&lt;svg style=\"color:#000000;\" class=\"ub_sticky-toc-open-button-icon\" xmlns=\"http:\/\/www.w3.org\/2000\/svg\" height=\"34px\" width=\"34px\" viewBox=\"0, 0, 448, 512\"&gt;&lt;path fill=\"currentColor\" d=\"M0 96C0 78.33 14.33 64 32 64H416C433.7 64 448 78.33 448 96C448 113.7 433.7 128 416 128H32C14.33 128 0 113.7 0 96zM0 256C0 238.3 14.33 224 32 224H416C433.7 224 448 238.3 448 256C448 273.7 433.7 288 416 288H32C14.33 288 0 273.7 0 256zM416 448H32C14.33 448 0 433.7 0 416C0 398.3 14.33 384 32 384H416C433.7 384 448 398.3 448 416C448 433.7 433.7 448 416 448z\"&gt;&lt;\/svg&gt;' data-sticky_button_color=\"#000000\" data-sticky_toc_width=\"320px\" class=\"wp-block-ub-table-of-contents-block ub_table-of-contents\" id=\"ub_table-of-contents-abf2317a-4a27-46ce-a624-499bd97e5e8c\" data-linktodivider=\"false\" data-showtext=\"show\" data-hidetext=\"hide\" data-scrolltype=\"auto\" data-enablesmoothscroll=\"false\" data-initiallyhideonmobile=\"false\" data-initiallyshow=\"true\"><div class=\"ub_table-of-contents-header-container\" style=\"\">\n\t\t\t<div class=\"ub_table-of-contents-header\" style=\"text-align: left; \">\n\t\t\t\t<div class=\"ub_table-of-contents-title\"><\/div>\n\t\t\t\t\n\t\t\t<\/div>\n\t\t<\/div><div class=\"ub_table-of-contents-extra-container\" style=\"\">\n\t\t\t<div class=\"ub_table-of-contents-container ub_table-of-contents-1-column \">\n\t\t\t\t<ul style=\"\"><li style=\"\"><a href=\"https:\/\/www.escapadarural.com\/blog\/resumen-de-coetur-2017\/#0-1-conclusiones-de-coetur-el-sector-ante-el-espejo-%C2%BFcrisis-superada-\" style=\"\">1. Conclusiones de COETUREl sector ante el espejo, \u00bfcrisis superada?<\/a><\/li><li style=\"\"><a href=\"https:\/\/www.escapadarural.com\/blog\/resumen-de-coetur-2017\/#1-2-el-congreso-en-cifras-\" style=\"\">2. El Congreso en cifras<\/a><\/li><li style=\"\"><a href=\"https:\/\/www.escapadarural.com\/blog\/resumen-de-coetur-2017\/#2-3-ponencias-\" style=\"\">3. Ponencias<\/a><\/li><li style=\"\"><a href=\"https:\/\/www.escapadarural.com\/blog\/resumen-de-coetur-2017\/#3-4-entrega-de-premios-\" style=\"\">4. Entrega de premios<\/a><\/li><\/ul>\n\t\t\t<\/div>\n\t\t<\/div><\/div>\n\n\n<h2 class=\"wp-block-heading\" id=\"0-1-conclusiones-de-coetur-el-sector-ante-el-espejo-%C2%BFcrisis-superada-\"><a name=\"conclusiones\"><\/a><strong>1. Conclusiones de COETUR<\/strong><strong>El sector ante el espejo, \u00bfcrisis superada? <\/strong><\/h2>\n\n\n\n<p>Con ganas de reinventarse, de innovar y de preparar a los agentes del sector para el presente y el futuro se present\u00f3 el lema de la IV edici\u00f3n del Congreso Europeo de Turismo Rural. Asociaciones, empresarios, propietarios, expertos del sector e instituciones se re\u00fanen para discutir, compartir, proponer y acordar sobre los retos a los que se enfrenta el turismo rural en Espa\u00f1a para dar pie a la creaci\u00f3n de nuevas estrategias y contenidos de valor para lograr adaptarse a los cambios del mercado&nbsp;as\u00ed como a los nuevas necesidades del cliente. COETUR dio&nbsp;lugar a un debate en el que prevalecieron las tendencias y las nuevas herramientas para atraer a nuestro cliente, el cual cada vez se le otorga un protagonismo mayor.<\/p>\n\n\n\n<p><strong>Iniciaron el congreso dando la bienvenida las autoridades<\/strong> con la presencia de Gerardo Fabi\u00e1n, Alcalde de Cabranes; Alejandro Calvo, Gerente de RECREA; &nbsp;y Ana Alonso, Directora de Comunicaci\u00f3n y Relaciones Institucionales de Escapadarural.com. Arranc\u00f3 con una breve reflexi\u00f3n sobre los efectos de la crisis para conseguir una nueva mirada sobre qu\u00e9 necesita el sector para seguir creciendo, remarcando la importancia de apostar por el turismo rural.<\/p>\n\n\n\n<p>Seguidamente, Enric L\u00f3pez, Director del M\u00e1ster Universitario de Direcci\u00f3n de Empresas Tur\u00edsticas CETT-UB, present\u00f3 los datos m\u00e1s reciente del <strong>Observatorio del Turismo Rural<\/strong> (OTR).<\/p>\n\n\n\n<p><strong>\u201c\u00bfEstamos preparados para la pr\u00f3xima crisis?\u201d<\/strong> el estreno de las mesas redondas, en la que se destaco que la crisis tambi\u00e9n puede ser una oportunidad. Se hizo \u00e9nfasis en que la soluci\u00f3n recae dentro de nosotros; \u201cDebemos estar en el momento presente\u201d, se se\u00f1al\u00f3.&nbsp; Finalmente la importancia de la formaci\u00f3n y el conocimiento, la actitud para enfrentarnos al cambio.<\/p>\n\n\n\n<p>El turismo rural en Espa\u00f1a carece de un factor clave para el \u00e9xito: la cooperaci\u00f3n y el trabajo en equipo. Durante la mesa redonda <strong>\u201cBeneficios reales del trabajo en equipo en turismo rural\u201d<\/strong>, se reflexion\u00f3 acerca de los modelos de colaboraci\u00f3n entre empresarios para que el turismo rural en Espa\u00f1a aproveche todo tipo de sinergias.<\/p>\n\n\n\n<p>\u00bfQu\u00e9 significa turismo sostenible? La respuesta nos la mostraron los participantes a la mesa redonda <strong>\u201cY despu\u00e9s del turismo sostenible\u2026 \u00bfqu\u00e9?\u201d<\/strong>, en la que desde una perspectiva pr\u00e1ctica se expusieron las tendencias de consumo en materia ecotur\u00edstica para ayudar a los destinos en su apuesta por la sostenibilidad, un factor diferenciador al alza.<\/p>\n\n\n\n<p>Entorno a una <strong>visi\u00f3n internacional<\/strong>, se reunieron tres expertos para conocer qu\u00e9 opina el potencial cliente extranjero sobre la oferta de turismo rural en Espa\u00f1a, con el objetivo de conocer sus preferencias para nuestra oferta. En ella, se presentaron unos datos optimistas y positivos para el turismo rural espa\u00f1ol.<\/p>\n\n\n\n<p><strong>\u201cC\u00f3mo integrar la gastronom\u00eda en el turismo rural\u201d<\/strong>, un nuevo reto para los profesionales del sector, combinar <strong>alojamiento + restaurante, <\/strong>en donde&nbsp;el Retorno de Inversi\u00f3n es atractivo. Se destac\u00f3 la importancia de la diferenciaci\u00f3n para ser competitivos.<\/p>\n\n\n\n<p>La especializaci\u00f3n es una de las claves del \u00e9xito, seg\u00fan datos del OTR. Bajo el t\u00edtulo <strong>\u201cC\u00f3mo especializarse en nichos de mercado\u201d<\/strong> pudimos contar con la opini\u00f3n de 4 especialistas en la que cada uno abord\u00f3 una de las opciones con m\u00e1s potencial de crecimiento: empresas, extranjeros, sibaritas y s\u00e9niors.<\/p>\n\n\n\n<p>Seguidamente dimos paso a la mesa que abri\u00f3 m\u00e1s debate con un tema pol\u00e9mico, <strong>\u201cilegalidad, alegalidad y econom\u00eda colaborativa\u201d<\/strong>, un debate con el objetivo de la b\u00fasqueda de soluciones para crear un escenario apropiado de competencia y competitividad.&nbsp; Pudimos contar con una alta participaci\u00f3n activa del p\u00fablico que tambi\u00e9n aport\u00f3 su visi\u00f3n desde su experiencia como propietarios.<\/p>\n\n\n\n<p>Bajo el t\u00edtulo <strong>\u201cDestinos invisibles: hacerlos atractivos\u201d <\/strong>arranc\u00f3 la \u00faltima mesa redonda del congreso en la que entramos en debate con el objetivo de conseguir estrat\u00e9gicamente hacer atractivos los destinos invisibles. Gracias a la experiencia personal de los tertulianos pudimos reflejar la realidad de los destinos menos populares &nbsp;y dar soluciones para que dejen de serlo.<\/p>\n\n\n\n<p><span style=\"color: #000000;\">Este a\u00f1o hubo dos intervenciones; Pedro Madera bajo el titulo \u00ab<strong>\u00bfC\u00f3mo crear historias que conecten con la audiencia?\u00bb<\/strong> y Guille Rodr\u00edguez con la ponencia \u00ab<strong>C\u00f3mo usar adecuadamente las redes sociales en las fases que atraviesa el viajero<\/strong>\u00ab. Centradas<\/span>&nbsp;en torno a c\u00f3mo captar la atenci\u00f3n de nuestro cliente, utilizar la estrategia de las nuevas plataformas de comunicaci\u00f3n. Debemos ser capaces de crear buenas historias, personalizar la informaci\u00f3n y despertar el inter\u00e9s por un destino y su oferta tur\u00edstica.<\/p>\n\n\n\n<p>La <strong>entrevista<\/strong> de la periodista Raquel Menda\u00f1a a Julio Gonz\u00e1lez Zapico, Director General de turismo de Asturias bajo el t\u00edtulo&nbsp; \u201cAsturias, c\u00f3mo se reinventa un destino consolidado\u201d en la que se e hizo un balance entre el camino recorrido y los retos futuros.<\/p>\n\n\n\n<p>Como novedad podemos destacar las <strong>sesiones de trabajo; <\/strong>\u00abDescubre la propuesta de valor de tu casa rural\u00bb dirigida por Anna Cano y \u00abComo paquetizar en turismo rural\u00bb a cargo de N\u00faria Mart\u00ed. En ambas&nbsp;su objetivo principal era conseguir una metodolog\u00eda m\u00e1s din\u00e1mica y pr\u00e1ctica para poder interactuar con el oyente<span style=\"color: #000000;\">.<\/span><\/p>\n\n\n\n<p>Finalmente cerramos el congreso con la ponencia <strong>\u201cResumen y coloquio\u201d <\/strong>en la que destac\u00f3 la participaci\u00f3n activa del p\u00fablico asistente y se remarcaron los temas m\u00e1s debatidos durante el congreso.<\/p>\n\n\n\n<h2 class=\"wp-block-heading\" id=\"1-2-el-congreso-en-cifras-\"><a name=\"congreso%20en%20cifras\"><\/a><br><strong>2. El Congreso en cifras<\/strong><\/h2>\n\n\n\n<p>Las siguientes graficas muestran el balance en cifras de la IV edici\u00f3n de COETUR.<\/p>\n\n\n\n<div class=\"wp-block-image\"><figure class=\"aligncenter size-large\"><a href=\"https:\/\/www.escapadarural.com\/blog\/wp-content\/uploads\/pppp2-e1498640166245-680x480-1.jpg\"><img decoding=\"async\" src=\"https:\/\/www.escapadarural.com\/blog\/wp-content\/uploads\/pppp2-e1498640166245-680x480-1.jpg\" alt=\"\" class=\"wp-image-37511\"\/><\/a><\/figure><\/div>\n\n\n\n<div class=\"wp-block-image\"><figure class=\"aligncenter size-large\"><a href=\"https:\/\/www.escapadarural.com\/blog\/wp-content\/uploads\/post-2.jpg\"><img decoding=\"async\" src=\"https:\/\/www.escapadarural.com\/blog\/wp-content\/uploads\/post-2.jpg\" alt=\"COETUR\" class=\"wp-image-37510\"\/><\/a><\/figure><\/div>\n\n\n\n<div class=\"wp-block-image\"><figure class=\"aligncenter size-large\"><a href=\"https:\/\/www.escapadarural.com\/blog\/wp-content\/uploads\/post-3.jpg\"><img decoding=\"async\" src=\"https:\/\/www.escapadarural.com\/blog\/wp-content\/uploads\/post-3.jpg\" alt=\"COETUR\" class=\"wp-image-37509\"\/><\/a><\/figure><\/div>\n\n\n\n<div class=\"wp-block-image\"><figure class=\"aligncenter size-large\"><a href=\"https:\/\/www.escapadarural.com\/blog\/wp-content\/uploads\/post-4-e1498721678996.jpg\"><img decoding=\"async\" src=\"https:\/\/www.escapadarural.com\/blog\/wp-content\/uploads\/post-4-e1498721678996.jpg\" alt=\"COETUR\" class=\"wp-image-37508\"\/><\/a><\/figure><\/div>\n\n\n\n<h2 class=\"wp-block-heading\" id=\"2-3-ponencias-\"><strong>3. Ponencias<\/strong><\/h2>\n\n\n\n<p>\u00bfTe perdiste COETUR 2017 o te gustar\u00eda recordar alguna intervenci\u00f3n interesante? A continuaci\u00f3n encontrar\u00e1s punto por punto el programa del IV Congreso Europeo de Turismo Rural.<\/p>\n\n\n\n<p><strong>Inauguraci\u00f3n oficial<\/strong><br>No te pierdas la cr\u00f3nica y el v\u00eddeo: <a href=\"https:\/\/www.escapadarural.com\/blog\/inauguracion-oficial-coetur-2017\/#more-6309\" target=\"_blank\" rel=\"noopener noreferrer\">aqu\u00ed<\/a><\/p>\n\n\n\n<p><strong>\u00bfEstamos preparados para la pr\u00f3xima crisis?<br><\/strong>No te pierdas la cr\u00f3nica y el v\u00eddeo de la mesa redonda: <a href=\"https:\/\/www.escapadarural.com\/blog\/estamos-preparados-para-la-proxima-crisis-coetur\/#more-6311\" target=\"_blank\" rel=\"noopener noreferrer\">aqu\u00ed<\/a><\/p>\n\n\n\n<p><strong>\u201cBeneficios reales del trabajo en equipo en turismo rural\u201d<br><\/strong>No te pierdas la cr\u00f3nica y el v\u00eddeo de la mesa redonda: <a href=\"https:\/\/www.escapadarural.com\/blog\/beneficios-reales-del-trabajo-en-equipo-en-turismo-rural-coetur\/#more-6313\" target=\"_blank\" rel=\"noopener noreferrer\">aqu\u00ed<\/a><\/p>\n\n\n\n<p><strong>Ponencia \u00bfC\u00f3mo crear historias que conecten con la audiencia?<br><\/strong>No te pierdas la cr\u00f3nica y el v\u00eddeo de la ponencia:&nbsp;<a href=\"https:\/\/www.escapadarural.com\/blog\/como-crear-historias-que-conecten-con-la-audiencia-coetur\/#more-6316\" target=\"_blank\" rel=\"noopener noreferrer\">aqu\u00ed<\/a><\/p>\n\n\n\n<p><strong>\u201cY despu\u00e9s del a\u00f1o del turismo sostenible\u2026 \u00bfqu\u00e9?<br><\/strong>No te pierdas la cr\u00f3nica y el v\u00eddeo de la mesa redonda: <a href=\"https:\/\/www.escapadarural.com\/blog\/despues-del-ano-del-turismo-sostenible-que-coetur\/#more-6319\" target=\"_blank\" rel=\"noopener noreferrer\">aqu\u00ed<\/a><\/p>\n\n\n\n<p><strong>\u201c\u00bfRealmente le interesa nuestro turismo rural al viajero extranjero?\u201d<br><\/strong>No te pierdas la cr\u00f3nica y el v\u00eddeo de la mesa redonda:&nbsp;<a href=\"https:\/\/www.escapadarural.com\/blog\/le-interesa-nuestro-turismo-rural-al-viajero-extranjero\/#more-6322\" target=\"_blank\" rel=\"noopener noreferrer\">aqu\u00ed<\/a><\/p>\n\n\n\n<p><strong>\u201cC\u00f3mo integrar la gastronom\u00eda en turismo rural\u201d<br><\/strong>No te pierdas la cr\u00f3nica y el v\u00eddeo de la&nbsp;ponencia: <a href=\"https:\/\/www.escapadarural.com\/blog\/como-integrar-la-gastronomia-en-el-turismo-rural\/#more-6324\" target=\"_blank\" rel=\"noopener noreferrer\">aqu\u00ed<\/a><\/p>\n\n\n\n<p><strong>Mesa redonda sobre turismo rural y gastronom\u00eda<br><\/strong>No te pierdas la cr\u00f3nica y el v\u00eddeo de la mesa redonda: <a href=\"https:\/\/www.escapadarural.com\/blog\/como-integrar-la-gastronomia-en-el-turismo-rural\/#more-6324\" target=\"_blank\" rel=\"noopener noreferrer\">aqu\u00ed<\/a><\/p>\n\n\n\n<p><strong>Ponencia \u201cC\u00f3mo integrar adecuadamente las redes sociales en las fases que atraviesa el viajero\u201d<br><\/strong>No te pierdas la cr\u00f3nica y el v\u00eddeo de la ponencia: <a rel=\"noopener noreferrer\" class=\"rank-math-link\" href=\"https:\/\/www.escapadarural.com\/blog\/como-usar-las-redes-sociales-en-las-fases-que-atraviesa-el-viajero-coetur\/#more-6329\" target=\"_blank\">aqu\u00ed<\/a><\/p>\n\n\n\n<p><strong>C\u00f3mo especializarse en nichos de mercado \u2013 4 Microponencias<br><\/strong>No te pierdas la cr\u00f3nica y el v\u00eddeo de la ponencia: <a href=\"https:\/\/www.escapadarural.com\/blog\/como-especializarse-en-nichos-de-mercado-coetur\/#more-6331\" target=\"_blank\" rel=\"noopener noreferrer\">aqu\u00ed<\/a><\/p>\n\n\n\n<p><strong>Asturias, \u201c\u00bfC\u00f3mo se reinventa un destino consolidado?<br><\/strong>No te pierdas la cr\u00f3nica y el v\u00eddeo de la entrevista: <a href=\"https:\/\/www.escapadarural.com\/blog\/asturias-como-se-reinventa-un-destino-consolidado-coetur\/#more-6333\" target=\"_blank\" rel=\"noopener noreferrer\">aqu\u00ed<\/a><\/p>\n\n\n\n<p><strong>\u201cIlegalidad, alegalidad y econom\u00eda colaborativa\u201d<br><\/strong>No te pierdas la cr\u00f3nica y el v\u00eddeo de la mesa redonda: <a href=\"https:\/\/www.escapadarural.com\/blog\/ilegalidad-alegalidad-y-economia-colaborativa-coetur\/#more-6408\" target=\"_blank\" rel=\"noopener noreferrer\">aqu\u00ed<\/a><\/p>\n\n\n\n<p><strong>\u201cDestinos invisibles y c\u00f3mo hacerlos atractivos\u201d<br><\/strong>No te pierdas la cr\u00f3nica y el v\u00eddeo de la mesa redonda: <a href=\"https:\/\/www.escapadarural.com\/blog\/destinos-invisibles-hacerlos-atractivos-coetur\/#more-6428\" target=\"_blank\" rel=\"noopener noreferrer\">aqu\u00ed<\/a><\/p>\n\n\n\n<p><strong>\u201cResumen y coloquio\u201d<br><\/strong>No te pierdas la cr\u00f3nica y el v\u00eddeo de la ponencia: <a href=\"https:\/\/www.escapadarural.com\/blog\/resumen-y-coloquio-coetur\/#more-6432\" target=\"_blank\" rel=\"noopener noreferrer\">aqu\u00ed<\/a><\/p>\n\n\n\n<p><strong>Clausura del Congreso<\/strong><br>No te pierdas el v\u00eddeo: <a href=\"https:\/\/www.youtube.com\/watch?v=LgccPOHLuJ8\" target=\"_blank\" rel=\"noopener noreferrer\">aqu\u00ed<\/a><\/p>\n\n\n\n<h2 class=\"wp-block-heading\" id=\"3-4-entrega-de-premios-\"><a name=\"entrega\"><\/a><br><strong>4. Entrega de premios<\/strong><\/h2>\n\n\n\n<p>Como cada a\u00f1o se realiz\u00f3 la entrega de los<strong> IV Premios Escapadarural.com,&nbsp;<\/strong>los galardonados fueron:<\/p>\n\n\n\n<ul class=\"wp-block-list\"><li><strong>Apartamentos Aldea do Mazo<\/strong>, en la categor\u00eda alojamiento<\/li><li>La <strong>Agencia Catalana de Turismo<\/strong> con la campa\u00f1a \u00abBenvinguts a Pag\u00e8s\u00bb, en la categor\u00eda Destino<\/li><li>La<strong> Cosmopolilla<\/strong>, en la categor\u00eda Blogger de viajes<\/li><\/ul>\n\n\n\n<p><strong>No te pierdas el v\u00eddeo de la entrega de los IV premios de Escapadarural.com&nbsp;<\/strong><a href=\"https:\/\/www.youtube.com\/watch?v=8OWgHaz0Wy8\" target=\"_blank\" rel=\"noopener noreferrer\">aqu\u00ed<\/a><\/p>\n\n\n\n<p><a name=\"entrevistas\"><\/a><br><b>5. Entrevistas<\/b><\/p>\n\n\n\n<p><strong>Director de marketing de CANTUR<\/strong><\/p>\n\n\n\n<figure class=\"wp-block-embed is-type-video is-provider-youtube wp-block-embed-youtube wp-embed-aspect-16-9 wp-has-aspect-ratio\"><div class=\"wp-block-embed__wrapper\">\n<span class=\"9HtUaJLWsPKVXjRr1ykNw\"><div class=\"video-shortcode\"><iframe title=\"Jos\u00e9 Ram\u00f3n \u00c1lvarez\" width=\"1200\" height=\"675\" src=\"https:\/\/www.youtube.com\/embed\/74yxs145deo?list=PLrljV2K47wFFJOmlFY9V9rNREXPPoGoGc\" frameborder=\"0\" allow=\"accelerometer; autoplay; clipboard-write; encrypted-media; gyroscope; picture-in-picture; web-share\" referrerpolicy=\"strict-origin-when-cross-origin\" allowfullscreen><\/iframe><\/div><\/span>\n<\/div><\/figure>\n\n\n\n<p><strong>Cofundador de Cerberu<\/strong><\/p>\n\n\n\n<figure class=\"wp-block-embed is-type-video is-provider-youtube wp-block-embed-youtube wp-embed-aspect-16-9 wp-has-aspect-ratio\"><div class=\"wp-block-embed__wrapper\">\n<span class=\"a9lueoj5Asg7S0RQqUI3wF1kDfM\"><div class=\"video-shortcode\"><iframe title=\"David Diez\" width=\"1200\" height=\"675\" src=\"https:\/\/www.youtube.com\/embed\/u-Q8WesnKmU?list=PLrljV2K47wFFJOmlFY9V9rNREXPPoGoGc\" frameborder=\"0\" allow=\"accelerometer; autoplay; clipboard-write; encrypted-media; gyroscope; picture-in-picture; web-share\" referrerpolicy=\"strict-origin-when-cross-origin\" allowfullscreen><\/iframe><\/div><\/span>\n<\/div><\/figure>\n\n\n\n<p><strong>Representante del Cl\u00faster de turismo Sostenible de Asturias<\/strong><\/p>\n\n\n\n<figure class=\"wp-block-embed is-type-video is-provider-youtube wp-block-embed-youtube wp-embed-aspect-16-9 wp-has-aspect-ratio\"><div class=\"wp-block-embed__wrapper\">\n<span class=\"GcW6bpsugOCRuoB4CU5H3EEohDSyN0xPabfvjjz5frXZ4sArmtiww9nScv2RM2iahIQ97Tk\"><div class=\"video-shortcode\"><iframe title=\"Severino Garc\u00eda\" width=\"1200\" height=\"675\" src=\"https:\/\/www.youtube.com\/embed\/GN87xMFchEI?list=PLrljV2K47wFFJOmlFY9V9rNREXPPoGoGc\" frameborder=\"0\" allow=\"accelerometer; autoplay; clipboard-write; encrypted-media; gyroscope; picture-in-picture; web-share\" referrerpolicy=\"strict-origin-when-cross-origin\" allowfullscreen><\/iframe><\/div><\/span>\n<\/div><\/figure>\n\n\n\n<p><strong>CEO de B4U<\/strong><\/p>\n\n\n\n<figure class=\"wp-block-embed is-type-video is-provider-youtube wp-block-embed-youtube wp-embed-aspect-16-9 wp-has-aspect-ratio\"><div class=\"wp-block-embed__wrapper\">\n<span class=\"G6lgeOHnWdAB0h\"><div class=\"video-shortcode\"><iframe title=\"Pablo Fern\u00e1nadez\" width=\"1200\" height=\"675\" src=\"https:\/\/www.youtube.com\/embed\/8-gn1bBXT_s?list=PLrljV2K47wFFJOmlFY9V9rNREXPPoGoGc\" frameborder=\"0\" allow=\"accelerometer; autoplay; clipboard-write; encrypted-media; gyroscope; picture-in-picture; web-share\" referrerpolicy=\"strict-origin-when-cross-origin\" allowfullscreen><\/iframe><\/div><\/span>\n<\/div><\/figure>\n\n\n\n<p><strong>Presidente de FASTUR (Federaci\u00f3n Asturiana de Turismo Rural)<\/strong><\/p>\n\n\n\n<figure class=\"wp-block-embed is-type-video is-provider-youtube wp-block-embed-youtube wp-embed-aspect-16-9 wp-has-aspect-ratio\"><div class=\"wp-block-embed__wrapper\">\n<span class=\"K\"><div class=\"video-shortcode\"><iframe title=\"Adriano Verdasco\" width=\"1200\" height=\"675\" src=\"https:\/\/www.youtube.com\/embed\/WsTVfuFOmnk?list=PLrljV2K47wFFJOmlFY9V9rNREXPPoGoGc\" frameborder=\"0\" allow=\"accelerometer; autoplay; clipboard-write; encrypted-media; gyroscope; picture-in-picture; web-share\" referrerpolicy=\"strict-origin-when-cross-origin\" allowfullscreen><\/iframe><\/div><\/span>\n<\/div><\/figure>\n\n\n\n<p class=\"has-text-align-left\"><strong>Presidenta de la Asociaci\u00f3n Fuentes del Narcea<\/strong><\/p>\n\n\n\n<figure class=\"wp-block-embed is-type-video is-provider-youtube wp-block-embed-youtube wp-embed-aspect-16-9 wp-has-aspect-ratio\"><div class=\"wp-block-embed__wrapper\">\n<span class=\"B5MUYdQxnbz7C6uND4lQ1UY8tsShG3gPvmmXuol4AraZcjTFsHkKARiP6LOzyeIGVrw\"><div class=\"video-shortcode\"><iframe title=\"Ana Llano\" width=\"1200\" height=\"675\" src=\"https:\/\/www.youtube.com\/embed\/EqGJ4y0um8w?list=PLrljV2K47wFFJOmlFY9V9rNREXPPoGoGc\" frameborder=\"0\" allow=\"accelerometer; autoplay; clipboard-write; encrypted-media; gyroscope; picture-in-picture; web-share\" referrerpolicy=\"strict-origin-when-cross-origin\" allowfullscreen><\/iframe><\/div><\/span>\n<\/div><\/figure>\n\n\n\n<p class=\"has-text-align-left\"><strong>Director de la Fundaci\u00f3n Santa Mar\u00eda de Albarrac\u00edn, Teruel<\/strong><\/p>\n\n\n\n<figure class=\"wp-block-embed is-type-video is-provider-youtube wp-block-embed-youtube wp-embed-aspect-16-9 wp-has-aspect-ratio\"><div class=\"wp-block-embed__wrapper\">\n<span class=\"x1zIjoVibE3cRZM7BqAOYYSCQAzhNmHulNfKEJXFmd47bt0FWT6iCg2a5oKh8UOwkts\"><div class=\"video-shortcode\"><iframe title=\"Antonio Jim\u00e9nez\" width=\"1200\" height=\"675\" src=\"https:\/\/www.youtube.com\/embed\/XaEZwduvaqI?list=PLrljV2K47wFFJOmlFY9V9rNREXPPoGoGc\" frameborder=\"0\" allow=\"accelerometer; autoplay; clipboard-write; encrypted-media; gyroscope; picture-in-picture; web-share\" referrerpolicy=\"strict-origin-when-cross-origin\" allowfullscreen><\/iframe><\/div><\/span>\n<\/div><\/figure>\n\n\n\n<p class=\"has-text-align-left\"><strong>Gestor de Promoci\u00f3n y Producto e la Fundaci\u00f3n Impulsa CLM<\/strong><\/p>\n\n\n\n<figure class=\"wp-block-embed is-type-video is-provider-youtube wp-block-embed-youtube wp-embed-aspect-16-9 wp-has-aspect-ratio\"><div class=\"wp-block-embed__wrapper\">\n<span class=\"UjzvSu\"><div class=\"video-shortcode\"><iframe title=\"Fernando Honrado\" width=\"1200\" height=\"675\" src=\"https:\/\/www.youtube.com\/embed\/1UkSliezBoE?list=PLrljV2K47wFFJOmlFY9V9rNREXPPoGoGc\" frameborder=\"0\" allow=\"accelerometer; autoplay; clipboard-write; encrypted-media; gyroscope; picture-in-picture; web-share\" referrerpolicy=\"strict-origin-when-cross-origin\" allowfullscreen><\/iframe><\/div><\/span>\n<\/div><\/figure>\n\n\n\n<p class=\"has-text-align-left\"><strong>CEO de Idea Publicidad<\/strong><\/p>\n\n\n\n<figure class=\"wp-block-embed is-type-video is-provider-youtube wp-block-embed-youtube wp-embed-aspect-16-9 wp-has-aspect-ratio\"><div class=\"wp-block-embed__wrapper\">\n<span class=\"k1elb7DK2cJnhQ8pCs50qGLBzjXVtAudrYWRg4IxSMEPyNmwFTOUHi9oaf6Z3\"><div class=\"video-shortcode\"><iframe title=\"Rodrigo mart\u00edn\" width=\"1200\" height=\"675\" src=\"https:\/\/www.youtube.com\/embed\/sJgmEmy0uVQ?list=PLrljV2K47wFFJOmlFY9V9rNREXPPoGoGc\" frameborder=\"0\" allow=\"accelerometer; autoplay; clipboard-write; encrypted-media; gyroscope; picture-in-picture; web-share\" referrerpolicy=\"strict-origin-when-cross-origin\" allowfullscreen><\/iframe><\/div><\/span>\n<\/div><\/figure>\n\n\n\n<p><strong>Jefe de producto de Espa\u00f1a, Portugal y Caribe en Inntravel<\/strong><\/p>\n\n\n\n<figure class=\"wp-block-embed is-type-video is-provider-youtube wp-block-embed-youtube wp-embed-aspect-16-9 wp-has-aspect-ratio\"><div class=\"wp-block-embed__wrapper\">\n<span class=\"nr85ldhYpxtkco1es4P2ICNclFLJvuBWLX1z7aj6KfWpiAZVgKuQGJiwzyEwTSmC48qxNUMenO3\"><div class=\"video-shortcode\"><iframe title=\"James Keane\" width=\"1200\" height=\"675\" src=\"https:\/\/www.youtube.com\/embed\/eykLAL9C3zg?list=PLrljV2K47wFFJOmlFY9V9rNREXPPoGoGc\" frameborder=\"0\" allow=\"accelerometer; autoplay; clipboard-write; encrypted-media; gyroscope; picture-in-picture; web-share\" referrerpolicy=\"strict-origin-when-cross-origin\" allowfullscreen><\/iframe><\/div><\/span>\n<\/div><\/figure>\n\n\n\n<p><strong>Propietaria del alojamiento La Casa del Campo (Cudillero, Asturias)<\/strong><\/p>\n\n\n\n<figure class=\"wp-block-embed is-type-video is-provider-youtube wp-block-embed-youtube wp-embed-aspect-16-9 wp-has-aspect-ratio\"><div class=\"wp-block-embed__wrapper\">\n<span class=\"4C2VG8RXbEtsIkdhDa6\"><div class=\"video-shortcode\"><iframe title=\"Elena Rico\" width=\"1200\" height=\"675\" src=\"https:\/\/www.youtube.com\/embed\/SPcOmmkes18?list=PLrljV2K47wFFJOmlFY9V9rNREXPPoGoGc\" frameborder=\"0\" allow=\"accelerometer; autoplay; clipboard-write; encrypted-media; gyroscope; picture-in-picture; web-share\" referrerpolicy=\"strict-origin-when-cross-origin\" allowfullscreen><\/iframe><\/div><\/span>\n<\/div><\/figure>\n\n\n\n<p><strong>Coordinador de La Rioja Turismo<\/strong><\/p>\n\n\n\n<figure class=\"wp-block-embed is-type-video is-provider-youtube wp-block-embed-youtube wp-embed-aspect-16-9 wp-has-aspect-ratio\"><div class=\"wp-block-embed__wrapper\">\n<span class=\"JJ6DrG3e4LkUCDMSiBc8swM2XWsg8SGUPqR2r9hZ9LFYplvIvngnF1EbO6auaQEBK5VoKmkTj5RAYo7jAf\"><div class=\"video-shortcode\"><iframe title=\"Jorge Portu\" width=\"1200\" height=\"675\" src=\"https:\/\/www.youtube.com\/embed\/i7vqQLNh3lU?list=PLrljV2K47wFFJOmlFY9V9rNREXPPoGoGc\" frameborder=\"0\" allow=\"accelerometer; autoplay; clipboard-write; encrypted-media; gyroscope; picture-in-picture; web-share\" referrerpolicy=\"strict-origin-when-cross-origin\" allowfullscreen><\/iframe><\/div><\/span>\n<\/div><\/figure>\n\n\n\n<p class=\"has-text-align-left\"><strong>Gestor para Espa\u00f1a de la Agencia MITourA<\/strong><\/p>\n\n\n\n<figure class=\"wp-block-embed is-type-video is-provider-youtube wp-block-embed-youtube wp-embed-aspect-16-9 wp-has-aspect-ratio\"><div class=\"wp-block-embed__wrapper\">\n<span class=\"v5SOh\"><div class=\"video-shortcode\"><iframe title=\"Thomas Petermann\" width=\"1200\" height=\"675\" src=\"https:\/\/www.youtube.com\/embed\/YqeRU4oBlG0?list=PLrljV2K47wFFJOmlFY9V9rNREXPPoGoGc\" frameborder=\"0\" allow=\"accelerometer; autoplay; clipboard-write; encrypted-media; gyroscope; picture-in-picture; web-share\" referrerpolicy=\"strict-origin-when-cross-origin\" allowfullscreen><\/iframe><\/div><\/span>\n<\/div><\/figure>\n\n\n\n<p class=\"has-text-align-left\"><strong>Periodista y Ambient\u00f3logo<\/strong><\/p>\n\n\n\n<figure class=\"wp-block-embed is-type-video is-provider-youtube wp-block-embed-youtube wp-embed-aspect-16-9 wp-has-aspect-ratio\"><div class=\"wp-block-embed__wrapper\">\n<span class=\"W2b0OafEsNJkvu8CSnuAMfTjUdtG9CVII3FzLH1iNrKRMmgcrSYs6xyHBD2BlFQ8Ywzl\"><div class=\"video-shortcode\"><iframe title=\"Xavi Basora\" width=\"1200\" height=\"675\" src=\"https:\/\/www.youtube.com\/embed\/gha0_uohMgs?list=PLrljV2K47wFFJOmlFY9V9rNREXPPoGoGc\" frameborder=\"0\" allow=\"accelerometer; autoplay; clipboard-write; encrypted-media; gyroscope; picture-in-picture; web-share\" referrerpolicy=\"strict-origin-when-cross-origin\" allowfullscreen><\/iframe><\/div><\/span>\n<\/div><\/figure>\n\n\n\n<p><strong>Presidente Plan Estrat\u00e9gico de Comercio y Turismo de Pilo\u00f1a Tierra de Asturcones<\/strong><\/p>\n\n\n\n<figure class=\"wp-block-embed is-type-video is-provider-youtube wp-block-embed-youtube wp-embed-aspect-16-9 wp-has-aspect-ratio\"><div class=\"wp-block-embed__wrapper\">\n<span class=\"X4tRuhbp17Vwsl9USOig3KMQ6xH8aE0GNPDTv5AdCZnJFfI2WrYyomL\"><div class=\"video-shortcode\"><iframe title=\"Nacho Montes\" width=\"1200\" height=\"675\" src=\"https:\/\/www.youtube.com\/embed\/tNM4lSZKbcY?list=PLrljV2K47wFFJOmlFY9V9rNREXPPoGoGc\" frameborder=\"0\" allow=\"accelerometer; autoplay; clipboard-write; encrypted-media; gyroscope; picture-in-picture; web-share\" referrerpolicy=\"strict-origin-when-cross-origin\" allowfullscreen><\/iframe><\/div><\/span>\n<\/div><\/figure>\n\n\n\n<p><strong>Gerente de RECREA<\/strong><\/p>\n\n\n\n<figure class=\"wp-block-embed is-type-video is-provider-youtube wp-block-embed-youtube wp-embed-aspect-16-9 wp-has-aspect-ratio\"><div class=\"wp-block-embed__wrapper\">\n<span class=\"KkyYSEKU4el4LMeD0ALuoC832HNzInsW1AWVbj05Uv7XahZ5pNpFggGtVGnzdDjlTHQEkCJJM2Pi9FPR73Bbuafcmmi\"><div class=\"video-shortcode\"><iframe title=\"Alejandro Calvo\" width=\"1200\" height=\"675\" src=\"https:\/\/www.youtube.com\/embed\/95aneXV7DqM?list=PLrljV2K47wFFJOmlFY9V9rNREXPPoGoGc\" frameborder=\"0\" allow=\"accelerometer; autoplay; clipboard-write; encrypted-media; gyroscope; picture-in-picture; web-share\" referrerpolicy=\"strict-origin-when-cross-origin\" allowfullscreen><\/iframe><\/div><\/span>\n<\/div><\/figure>\n\n\n\n<p><strong>Fundadora de Rural y Social<\/strong><\/p>\n\n\n\n<figure class=\"wp-block-embed is-type-video is-provider-youtube wp-block-embed-youtube wp-embed-aspect-16-9 wp-has-aspect-ratio\"><div class=\"wp-block-embed__wrapper\">\n<span class=\"OHUjEvcISeLtFNb3wsYCP4AkqprlT7hi62Gx\"><div class=\"video-shortcode\"><iframe title=\"Anna Cano\" width=\"1200\" height=\"675\" src=\"https:\/\/www.youtube.com\/embed\/x0_eg9vMVfQ?list=PLrljV2K47wFFJOmlFY9V9rNREXPPoGoGc\" frameborder=\"0\" allow=\"accelerometer; autoplay; clipboard-write; encrypted-media; gyroscope; picture-in-picture; web-share\" referrerpolicy=\"strict-origin-when-cross-origin\" allowfullscreen><\/iframe><\/div><\/span>\n<\/div><\/figure>\n\n\n\n<p><strong>Consultora de comunicaci\u00f3n y marketing &nbsp;de Rural y Social<\/strong><\/p>\n\n\n\n<figure class=\"wp-block-embed is-type-video is-provider-youtube wp-block-embed-youtube wp-embed-aspect-16-9 wp-has-aspect-ratio\"><div class=\"wp-block-embed__wrapper\">\n<span class=\"4u5qIQ1MnRToCXB0tsyFwS6OJ9YhWK2ApUjNxEgDc7blVvGkam\"><div class=\"video-shortcode\"><iframe title=\"Cristina Perseguer\" width=\"1200\" height=\"675\" src=\"https:\/\/www.youtube.com\/embed\/8BV5mCkGpDE?list=PLrljV2K47wFFJOmlFY9V9rNREXPPoGoGc\" frameborder=\"0\" allow=\"accelerometer; autoplay; clipboard-write; encrypted-media; gyroscope; picture-in-picture; web-share\" referrerpolicy=\"strict-origin-when-cross-origin\" allowfullscreen><\/iframe><\/div><\/span>\n<\/div><\/figure>\n","protected":false},"excerpt":{"rendered":"<p>Durante los d\u00edas 23 y 24 de mayo tuvo lugar la IV edici\u00f3n del Congreso Europeo del Turismo Rural (COETUR), organizado por Escapadarural.com, junto con el apoyo del Principado de Asturias. Asimismo, esta edici\u00f3n cont\u00f3 con el patrocinio de Idea Publicidad y la Hoster\u00eda de Torazo. Tambi\u00e9n pudimos contar con la colaboraci\u00f3n de Casonas Asturianas, Aldeas Asturianas, Federaci\u00f3n Asturiana de Turismo Rural, Asociaci\u00f3n de Turismo Rural Fuentes del Narcea, Turismo Sostenible de Asturias, Pilo\u00f1a Tierra de Asturcones, Aguas de Borines, los Caserinos y El Gaitero.<\/p>\n","protected":false},"author":136,"featured_media":105211,"comment_status":"open","ping_status":"closed","sticky":false,"template":"","format":"standard","meta":{"_acf_changed":false,"om_disable_all_campaigns":false,"footnotes":""},"categories":[385,390],"tags":[260,386,1297,274],"class_list":["post-14466","post","type-post","status-publish","format-standard","has-post-thumbnail","hentry","category-coetur","category-noticias","tag-articulo","tag-coetur","tag-congreso-europeo-de-turismo-rural","tag-turismo-rural"],"acf":[],"featured_image_src":"https:\/\/www.escapadarural.com\/blog\/wp-content\/uploads\/2024\/10\/pppp2-e1498640166245-680x480-1-1.jpg","author_info":{"display_name":"Escapada Rural","author_link":"https:\/\/www.escapadarural.com\/blog\/autor\/user\/"},"yoast_head":"<!-- This site is optimized with the Yoast SEO plugin v27.5 - https:\/\/yoast.com\/product\/yoast-seo-wordpress\/ -->\n<title>Resumen de #COETUR 2017 - EscapadaRural<\/title>\n<meta name=\"robots\" content=\"index, follow, max-snippet:-1, max-image-preview:large, max-video-preview:-1\" \/>\n<link rel=\"canonical\" href=\"https:\/\/www.escapadarural.com\/blog\/resumen-de-coetur-2017\/\" \/>\n<meta property=\"og:locale\" content=\"es_ES\" \/>\n<meta property=\"og:type\" content=\"article\" \/>\n<meta property=\"og:title\" content=\"Resumen de #COETUR 2017 - EscapadaRural\" \/>\n<meta property=\"og:description\" content=\"Durante los d\u00edas 23 y 24 de mayo tuvo lugar la IV edici\u00f3n del Congreso Europeo del Turismo Rural (COETUR), organizado por Escapadarural.com, junto con el apoyo del Principado de Asturias. Asimismo, esta edici\u00f3n cont\u00f3 con el patrocinio de Idea Publicidad y la Hoster\u00eda de Torazo. Tambi\u00e9n pudimos contar con la colaboraci\u00f3n de Casonas Asturianas, Aldeas Asturianas, Federaci\u00f3n Asturiana de Turismo Rural, Asociaci\u00f3n de Turismo Rural Fuentes del Narcea, Turismo Sostenible de Asturias, Pilo\u00f1a Tierra de Asturcones, Aguas de Borines, los Caserinos y El Gaitero.\" \/>\n<meta property=\"og:url\" content=\"https:\/\/www.escapadarural.com\/blog\/resumen-de-coetur-2017\/\" \/>\n<meta property=\"og:site_name\" content=\"Magazine de viajes de EscapadaRural\" \/>\n<meta property=\"article:publisher\" content=\"https:\/\/www.facebook.com\/escapadarural\" \/>\n<meta property=\"article:author\" content=\"https:\/\/www.facebook.com\/escapadarural\" \/>\n<meta property=\"article:published_time\" content=\"2017-06-29T07:09:14+00:00\" \/>\n<meta property=\"article:modified_time\" content=\"2025-01-15T08:34:24+00:00\" \/>\n<meta property=\"og:image\" content=\"https:\/\/app.escapadarural.com\/blog\/wp-content\/uploads\/2024\/10\/pppp2-e1498640166245-680x480-1-1.jpg\" \/>\n\t<meta property=\"og:image:width\" content=\"680\" \/>\n\t<meta property=\"og:image:height\" content=\"480\" \/>\n\t<meta property=\"og:image:type\" content=\"image\/jpeg\" \/>\n<meta name=\"author\" content=\"Escapada Rural\" \/>\n<meta name=\"twitter:card\" content=\"summary_large_image\" \/>\n<meta name=\"twitter:creator\" content=\"@https:\/\/x.com\/i\/flow\/login?redirect_after_login=escapadarural\" \/>\n<meta name=\"twitter:label1\" content=\"Escrito por\" \/>\n\t<meta name=\"twitter:data1\" content=\"Escapada Rural\" \/>\n\t<meta name=\"twitter:label2\" content=\"Tiempo de lectura\" \/>\n\t<meta name=\"twitter:data2\" content=\"11 minutos\" \/>\n<script type=\"application\/ld+json\" class=\"yoast-schema-graph\">{\"@context\":\"https:\\\/\\\/schema.org\",\"@graph\":[{\"@type\":\"Article\",\"@id\":\"https:\\\/\\\/www.escapadarural.com\\\/blog\\\/resumen-de-coetur-2017\\\/#article\",\"isPartOf\":{\"@id\":\"https:\\\/\\\/www.escapadarural.com\\\/blog\\\/resumen-de-coetur-2017\\\/\"},\"author\":{\"name\":\"Escapada Rural\",\"@id\":\"https:\\\/\\\/www.escapadarural.com\\\/blog\\\/#\\\/schema\\\/person\\\/d9ee55ff3e0cef41d6eac8922b4f972c\"},\"headline\":\"Resumen de #COETUR 2017\",\"datePublished\":\"2017-06-29T07:09:14+00:00\",\"dateModified\":\"2025-01-15T08:34:24+00:00\",\"mainEntityOfPage\":{\"@id\":\"https:\\\/\\\/www.escapadarural.com\\\/blog\\\/resumen-de-coetur-2017\\\/\"},\"wordCount\":2141,\"commentCount\":0,\"publisher\":{\"@id\":\"https:\\\/\\\/www.escapadarural.com\\\/blog\\\/#organization\"},\"image\":{\"@id\":\"https:\\\/\\\/www.escapadarural.com\\\/blog\\\/resumen-de-coetur-2017\\\/#primaryimage\"},\"thumbnailUrl\":\"https:\\\/\\\/www.escapadarural.com\\\/blog\\\/wp-content\\\/uploads\\\/2024\\\/10\\\/pppp2-e1498640166245-680x480-1-1.jpg\",\"keywords\":[\"art\u00edculo\",\"COETUR\",\"Congreso Europeo de Turismo Rural\",\"turismo rural\"],\"articleSection\":[\"Coetur\",\"Noticias\"],\"inLanguage\":\"es\",\"potentialAction\":[{\"@type\":\"CommentAction\",\"name\":\"Comment\",\"target\":[\"https:\\\/\\\/www.escapadarural.com\\\/blog\\\/resumen-de-coetur-2017\\\/#respond\"]}]},{\"@type\":\"WebPage\",\"@id\":\"https:\\\/\\\/www.escapadarural.com\\\/blog\\\/resumen-de-coetur-2017\\\/\",\"url\":\"https:\\\/\\\/www.escapadarural.com\\\/blog\\\/resumen-de-coetur-2017\\\/\",\"name\":\"Resumen de #COETUR 2017 - EscapadaRural\",\"isPartOf\":{\"@id\":\"https:\\\/\\\/www.escapadarural.com\\\/blog\\\/#website\"},\"primaryImageOfPage\":{\"@id\":\"https:\\\/\\\/www.escapadarural.com\\\/blog\\\/resumen-de-coetur-2017\\\/#primaryimage\"},\"image\":{\"@id\":\"https:\\\/\\\/www.escapadarural.com\\\/blog\\\/resumen-de-coetur-2017\\\/#primaryimage\"},\"thumbnailUrl\":\"https:\\\/\\\/www.escapadarural.com\\\/blog\\\/wp-content\\\/uploads\\\/2024\\\/10\\\/pppp2-e1498640166245-680x480-1-1.jpg\",\"datePublished\":\"2017-06-29T07:09:14+00:00\",\"dateModified\":\"2025-01-15T08:34:24+00:00\",\"breadcrumb\":{\"@id\":\"https:\\\/\\\/www.escapadarural.com\\\/blog\\\/resumen-de-coetur-2017\\\/#breadcrumb\"},\"inLanguage\":\"es\",\"potentialAction\":[{\"@type\":\"ReadAction\",\"target\":[\"https:\\\/\\\/www.escapadarural.com\\\/blog\\\/resumen-de-coetur-2017\\\/\"]}]},{\"@type\":\"ImageObject\",\"inLanguage\":\"es\",\"@id\":\"https:\\\/\\\/www.escapadarural.com\\\/blog\\\/resumen-de-coetur-2017\\\/#primaryimage\",\"url\":\"https:\\\/\\\/www.escapadarural.com\\\/blog\\\/wp-content\\\/uploads\\\/2024\\\/10\\\/pppp2-e1498640166245-680x480-1-1.jpg\",\"contentUrl\":\"https:\\\/\\\/www.escapadarural.com\\\/blog\\\/wp-content\\\/uploads\\\/2024\\\/10\\\/pppp2-e1498640166245-680x480-1-1.jpg\",\"width\":680,\"height\":480,\"caption\":\"Fondo blanco con monta\u00f1as en la parte inferior. El texto dice: P\u00fablico, Asistentes 171, Streaming, Visualizaciones 1732, con \\\"P\u00fablico\\\" y \\\"Streaming\\\" en verde y el resto en negro.\"},{\"@type\":\"BreadcrumbList\",\"@id\":\"https:\\\/\\\/www.escapadarural.com\\\/blog\\\/resumen-de-coetur-2017\\\/#breadcrumb\",\"itemListElement\":[{\"@type\":\"ListItem\",\"position\":1,\"name\":\"Inicio\",\"item\":\"https:\\\/\\\/www.escapadarural.com\\\/blog\\\/\"},{\"@type\":\"ListItem\",\"position\":2,\"name\":\"Coetur\",\"item\":\"https:\\\/\\\/www.escapadarural.com\\\/blog\\\/categoria\\\/coetur\\\/\"},{\"@type\":\"ListItem\",\"position\":3,\"name\":\"Resumen de #COETUR 2017\"}]},{\"@type\":\"WebSite\",\"@id\":\"https:\\\/\\\/www.escapadarural.com\\\/blog\\\/#website\",\"url\":\"https:\\\/\\\/www.escapadarural.com\\\/blog\\\/\",\"name\":\"Blog de viajes | turismo rural, alojamientos e inspiraci\u00f3n\",\"description\":\"Alojamientos rurales e inspiraci\u00f3n para tus escapadas\",\"publisher\":{\"@id\":\"https:\\\/\\\/www.escapadarural.com\\\/blog\\\/#organization\"},\"alternateName\":\"Magazine de viajes de EscapadaRural\",\"potentialAction\":[{\"@type\":\"SearchAction\",\"target\":{\"@type\":\"EntryPoint\",\"urlTemplate\":\"https:\\\/\\\/www.escapadarural.com\\\/blog\\\/?s={search_term_string}\"},\"query-input\":{\"@type\":\"PropertyValueSpecification\",\"valueRequired\":true,\"valueName\":\"search_term_string\"}}],\"inLanguage\":\"es\"},{\"@type\":\"Organization\",\"@id\":\"https:\\\/\\\/www.escapadarural.com\\\/blog\\\/#organization\",\"name\":\"EscapadaRural\",\"url\":\"https:\\\/\\\/www.escapadarural.com\\\/blog\\\/\",\"logo\":{\"@type\":\"ImageObject\",\"inLanguage\":\"es\",\"@id\":\"https:\\\/\\\/www.escapadarural.com\\\/blog\\\/#\\\/schema\\\/logo\\\/image\\\/\",\"url\":\"https:\\\/\\\/www.escapadarural.com\\\/blog\\\/wp-content\\\/uploads\\\/2024\\\/10\\\/cropped-cropped-escapada-rural-icon-mag-3.png\",\"contentUrl\":\"https:\\\/\\\/www.escapadarural.com\\\/blog\\\/wp-content\\\/uploads\\\/2024\\\/10\\\/cropped-cropped-escapada-rural-icon-mag-3.png\",\"width\":512,\"height\":512,\"caption\":\"EscapadaRural\"},\"image\":{\"@id\":\"https:\\\/\\\/www.escapadarural.com\\\/blog\\\/#\\\/schema\\\/logo\\\/image\\\/\"},\"sameAs\":[\"https:\\\/\\\/www.facebook.com\\\/escapadarural\",\"https:\\\/\\\/www.instagram.com\\\/escapadarural\\\/\",\"https:\\\/\\\/www.youtube.com\\\/@escapadaruralcom\"]},{\"@type\":\"Person\",\"@id\":\"https:\\\/\\\/www.escapadarural.com\\\/blog\\\/#\\\/schema\\\/person\\\/d9ee55ff3e0cef41d6eac8922b4f972c\",\"name\":\"Escapada Rural\",\"image\":{\"@type\":\"ImageObject\",\"inLanguage\":\"es\",\"@id\":\"https:\\\/\\\/www.escapadarural.com\\\/blog\\\/wp-content\\\/uploads\\\/2024\\\/10\\\/cropped-cropped-escapada-rural-icon-mag-3-96x96.png\",\"url\":\"https:\\\/\\\/www.escapadarural.com\\\/blog\\\/wp-content\\\/uploads\\\/2024\\\/10\\\/cropped-cropped-escapada-rural-icon-mag-3-96x96.png\",\"contentUrl\":\"https:\\\/\\\/www.escapadarural.com\\\/blog\\\/wp-content\\\/uploads\\\/2024\\\/10\\\/cropped-cropped-escapada-rural-icon-mag-3-96x96.png\",\"caption\":\"Escapada Rural\"},\"sameAs\":[\"https:\\\/\\\/www.facebook.com\\\/escapadarural\",\"https:\\\/\\\/www.linkedin.com\\\/company\\\/escapada-rural\\\/?originalSubdomain=es\",\"https:\\\/\\\/x.com\\\/https:\\\/\\\/x.com\\\/i\\\/flow\\\/login?redirect_after_login=escapadarural\"],\"url\":\"https:\\\/\\\/www.escapadarural.com\\\/blog\\\/autor\\\/user\\\/\"}]}<\/script>\n<!-- \/ Yoast SEO plugin. -->","yoast_head_json":{"title":"Resumen de #COETUR 2017 - EscapadaRural","robots":{"index":"index","follow":"follow","max-snippet":"max-snippet:-1","max-image-preview":"max-image-preview:large","max-video-preview":"max-video-preview:-1"},"canonical":"https:\/\/www.escapadarural.com\/blog\/resumen-de-coetur-2017\/","og_locale":"es_ES","og_type":"article","og_title":"Resumen de #COETUR 2017 - EscapadaRural","og_description":"Durante los d\u00edas 23 y 24 de mayo tuvo lugar la IV edici\u00f3n del Congreso Europeo del Turismo Rural (COETUR), organizado por Escapadarural.com, junto con el apoyo del Principado de Asturias. Asimismo, esta edici\u00f3n cont\u00f3 con el patrocinio de Idea Publicidad y la Hoster\u00eda de Torazo. Tambi\u00e9n pudimos contar con la colaboraci\u00f3n de Casonas Asturianas, Aldeas Asturianas, Federaci\u00f3n Asturiana de Turismo Rural, Asociaci\u00f3n de Turismo Rural Fuentes del Narcea, Turismo Sostenible de Asturias, Pilo\u00f1a Tierra de Asturcones, Aguas de Borines, los Caserinos y El Gaitero.","og_url":"https:\/\/www.escapadarural.com\/blog\/resumen-de-coetur-2017\/","og_site_name":"Magazine de viajes de EscapadaRural","article_publisher":"https:\/\/www.facebook.com\/escapadarural","article_author":"https:\/\/www.facebook.com\/escapadarural","article_published_time":"2017-06-29T07:09:14+00:00","article_modified_time":"2025-01-15T08:34:24+00:00","og_image":[{"width":680,"height":480,"url":"https:\/\/app.escapadarural.com\/blog\/wp-content\/uploads\/2024\/10\/pppp2-e1498640166245-680x480-1-1.jpg","type":"image\/jpeg"}],"author":"Escapada Rural","twitter_card":"summary_large_image","twitter_creator":"@https:\/\/x.com\/i\/flow\/login?redirect_after_login=escapadarural","twitter_misc":{"Escrito por":"Escapada Rural","Tiempo de lectura":"11 minutos"},"schema":{"@context":"https:\/\/schema.org","@graph":[{"@type":"Article","@id":"https:\/\/www.escapadarural.com\/blog\/resumen-de-coetur-2017\/#article","isPartOf":{"@id":"https:\/\/www.escapadarural.com\/blog\/resumen-de-coetur-2017\/"},"author":{"name":"Escapada Rural","@id":"https:\/\/www.escapadarural.com\/blog\/#\/schema\/person\/d9ee55ff3e0cef41d6eac8922b4f972c"},"headline":"Resumen de #COETUR 2017","datePublished":"2017-06-29T07:09:14+00:00","dateModified":"2025-01-15T08:34:24+00:00","mainEntityOfPage":{"@id":"https:\/\/www.escapadarural.com\/blog\/resumen-de-coetur-2017\/"},"wordCount":2141,"commentCount":0,"publisher":{"@id":"https:\/\/www.escapadarural.com\/blog\/#organization"},"image":{"@id":"https:\/\/www.escapadarural.com\/blog\/resumen-de-coetur-2017\/#primaryimage"},"thumbnailUrl":"https:\/\/www.escapadarural.com\/blog\/wp-content\/uploads\/2024\/10\/pppp2-e1498640166245-680x480-1-1.jpg","keywords":["art\u00edculo","COETUR","Congreso Europeo de Turismo Rural","turismo rural"],"articleSection":["Coetur","Noticias"],"inLanguage":"es","potentialAction":[{"@type":"CommentAction","name":"Comment","target":["https:\/\/www.escapadarural.com\/blog\/resumen-de-coetur-2017\/#respond"]}]},{"@type":"WebPage","@id":"https:\/\/www.escapadarural.com\/blog\/resumen-de-coetur-2017\/","url":"https:\/\/www.escapadarural.com\/blog\/resumen-de-coetur-2017\/","name":"Resumen de #COETUR 2017 - EscapadaRural","isPartOf":{"@id":"https:\/\/www.escapadarural.com\/blog\/#website"},"primaryImageOfPage":{"@id":"https:\/\/www.escapadarural.com\/blog\/resumen-de-coetur-2017\/#primaryimage"},"image":{"@id":"https:\/\/www.escapadarural.com\/blog\/resumen-de-coetur-2017\/#primaryimage"},"thumbnailUrl":"https:\/\/www.escapadarural.com\/blog\/wp-content\/uploads\/2024\/10\/pppp2-e1498640166245-680x480-1-1.jpg","datePublished":"2017-06-29T07:09:14+00:00","dateModified":"2025-01-15T08:34:24+00:00","breadcrumb":{"@id":"https:\/\/www.escapadarural.com\/blog\/resumen-de-coetur-2017\/#breadcrumb"},"inLanguage":"es","potentialAction":[{"@type":"ReadAction","target":["https:\/\/www.escapadarural.com\/blog\/resumen-de-coetur-2017\/"]}]},{"@type":"ImageObject","inLanguage":"es","@id":"https:\/\/www.escapadarural.com\/blog\/resumen-de-coetur-2017\/#primaryimage","url":"https:\/\/www.escapadarural.com\/blog\/wp-content\/uploads\/2024\/10\/pppp2-e1498640166245-680x480-1-1.jpg","contentUrl":"https:\/\/www.escapadarural.com\/blog\/wp-content\/uploads\/2024\/10\/pppp2-e1498640166245-680x480-1-1.jpg","width":680,"height":480,"caption":"Fondo blanco con monta\u00f1as en la parte inferior. El texto dice: P\u00fablico, Asistentes 171, Streaming, Visualizaciones 1732, con \"P\u00fablico\" y \"Streaming\" en verde y el resto en negro."},{"@type":"BreadcrumbList","@id":"https:\/\/www.escapadarural.com\/blog\/resumen-de-coetur-2017\/#breadcrumb","itemListElement":[{"@type":"ListItem","position":1,"name":"Inicio","item":"https:\/\/www.escapadarural.com\/blog\/"},{"@type":"ListItem","position":2,"name":"Coetur","item":"https:\/\/www.escapadarural.com\/blog\/categoria\/coetur\/"},{"@type":"ListItem","position":3,"name":"Resumen de #COETUR 2017"}]},{"@type":"WebSite","@id":"https:\/\/www.escapadarural.com\/blog\/#website","url":"https:\/\/www.escapadarural.com\/blog\/","name":"Blog de viajes | turismo rural, alojamientos e inspiraci\u00f3n","description":"Alojamientos rurales e inspiraci\u00f3n para tus escapadas","publisher":{"@id":"https:\/\/www.escapadarural.com\/blog\/#organization"},"alternateName":"Magazine de viajes de EscapadaRural","potentialAction":[{"@type":"SearchAction","target":{"@type":"EntryPoint","urlTemplate":"https:\/\/www.escapadarural.com\/blog\/?s={search_term_string}"},"query-input":{"@type":"PropertyValueSpecification","valueRequired":true,"valueName":"search_term_string"}}],"inLanguage":"es"},{"@type":"Organization","@id":"https:\/\/www.escapadarural.com\/blog\/#organization","name":"EscapadaRural","url":"https:\/\/www.escapadarural.com\/blog\/","logo":{"@type":"ImageObject","inLanguage":"es","@id":"https:\/\/www.escapadarural.com\/blog\/#\/schema\/logo\/image\/","url":"https:\/\/www.escapadarural.com\/blog\/wp-content\/uploads\/2024\/10\/cropped-cropped-escapada-rural-icon-mag-3.png","contentUrl":"https:\/\/www.escapadarural.com\/blog\/wp-content\/uploads\/2024\/10\/cropped-cropped-escapada-rural-icon-mag-3.png","width":512,"height":512,"caption":"EscapadaRural"},"image":{"@id":"https:\/\/www.escapadarural.com\/blog\/#\/schema\/logo\/image\/"},"sameAs":["https:\/\/www.facebook.com\/escapadarural","https:\/\/www.instagram.com\/escapadarural\/","https:\/\/www.youtube.com\/@escapadaruralcom"]},{"@type":"Person","@id":"https:\/\/www.escapadarural.com\/blog\/#\/schema\/person\/d9ee55ff3e0cef41d6eac8922b4f972c","name":"Escapada Rural","image":{"@type":"ImageObject","inLanguage":"es","@id":"https:\/\/www.escapadarural.com\/blog\/wp-content\/uploads\/2024\/10\/cropped-cropped-escapada-rural-icon-mag-3-96x96.png","url":"https:\/\/www.escapadarural.com\/blog\/wp-content\/uploads\/2024\/10\/cropped-cropped-escapada-rural-icon-mag-3-96x96.png","contentUrl":"https:\/\/www.escapadarural.com\/blog\/wp-content\/uploads\/2024\/10\/cropped-cropped-escapada-rural-icon-mag-3-96x96.png","caption":"Escapada Rural"},"sameAs":["https:\/\/www.facebook.com\/escapadarural","https:\/\/www.linkedin.com\/company\/escapada-rural\/?originalSubdomain=es","https:\/\/x.com\/https:\/\/x.com\/i\/flow\/login?redirect_after_login=escapadarural"],"url":"https:\/\/www.escapadarural.com\/blog\/autor\/user\/"}]}},"_links":{"self":[{"href":"https:\/\/www.escapadarural.com\/blog\/wp-json\/wp\/v2\/posts\/14466","targetHints":{"allow":["GET"]}}],"collection":[{"href":"https:\/\/www.escapadarural.com\/blog\/wp-json\/wp\/v2\/posts"}],"about":[{"href":"https:\/\/www.escapadarural.com\/blog\/wp-json\/wp\/v2\/types\/post"}],"author":[{"embeddable":true,"href":"https:\/\/www.escapadarural.com\/blog\/wp-json\/wp\/v2\/users\/136"}],"replies":[{"embeddable":true,"href":"https:\/\/www.escapadarural.com\/blog\/wp-json\/wp\/v2\/comments?post=14466"}],"version-history":[{"count":0,"href":"https:\/\/www.escapadarural.com\/blog\/wp-json\/wp\/v2\/posts\/14466\/revisions"}],"wp:featuredmedia":[{"embeddable":true,"href":"https:\/\/www.escapadarural.com\/blog\/wp-json\/wp\/v2\/media\/105211"}],"wp:attachment":[{"href":"https:\/\/www.escapadarural.com\/blog\/wp-json\/wp\/v2\/media?parent=14466"}],"wp:term":[{"taxonomy":"category","embeddable":true,"href":"https:\/\/www.escapadarural.com\/blog\/wp-json\/wp\/v2\/categories?post=14466"},{"taxonomy":"post_tag","embeddable":true,"href":"https:\/\/www.escapadarural.com\/blog\/wp-json\/wp\/v2\/tags?post=14466"}],"curies":[{"name":"wp","href":"https:\/\/api.w.org\/{rel}","templated":true}]}}