{"id":14469,"date":"2018-02-04T09:30:30","date_gmt":"2018-02-04T08:30:30","guid":{"rendered":"http:\/\/15.188.81.248\/2018\/02\/04\/coetur-la-rioja\/"},"modified":"2025-08-04T11:39:04","modified_gmt":"2025-08-04T09:39:04","slug":"coetur-la-rioja","status":"publish","type":"post","link":"https:\/\/www.escapadarural.com\/blog\/coetur-la-rioja\/","title":{"rendered":"El V Congreso Europeo de Turismo Rural se celebrar\u00e1 en La Rioja"},"content":{"rendered":"\n<p>Tal y como anunci\u00f3 el presidente del Gobierno de la Rioja, Jos\u00e9 Ignacio Cenicero, <strong>el V Congreso Europeo de Turismo Rural (COETUR) se celebrar\u00e1 los pr\u00f3ximos d\u00edas 23 y 24 de mayo en Arnedillo (La Rioja).<\/strong><\/p>\n\n\n\n<p>La noticia fue dada bajo el marco de Fitur, el pasado 19 de enero, en el stand de La Rioja Turismo con presencia de medios riojanos y representantes del \u00e1mbito tur\u00edstico e institucional.<\/p>\n\n\n\n<p>Para la ocasi\u00f3n tambi\u00e9n acudi\u00f3 Fabio N\u00fa\u00f1ez, co-fundador de Escapadarural.com y oriundo de Logro\u00f1o. Fabio adelant\u00f3 que el congreso acoger\u00e1, en su quinta edici\u00f3n, a ponentes de primera l\u00ednea entorno al concepto: \u201cDel individualismo al ecosistema de oportunidades\u201d. Un claim con el que se plantea un contenido que invita a reflexionar sobre los efectos de trabajar de manera individual a la creaci\u00f3n de sinergias entre diferentes actores que intervienen en el sector del turismo rural.<\/p>\n\n\n\n<p>El enclave elegido para celebrar COETUR es el afamado Balneario de Arnedillo. Conocido por sus aguas termales y por su buena situaci\u00f3n geogr\u00e1fica, a 63 kil\u00f3metros de Logro\u00f1o y a 28 de Calahorra, dos n\u00facleos de referencia de La Rioja.<\/p>\n\n\n\n<p>Durante estos d\u00edas, desde Escapadarural.com y La Rioja Turismo, estamos trabajando en el programa, los ponentes y los detalles pertinentes de esta quinta edici\u00f3n. <strong>Pr\u00f3ximamente se har\u00e1 visible la web https:\/\/www.escapadarural.com\/coetur\/larioja2018<\/strong> donde encontrar\u00e9is toda la informaci\u00f3n.<\/p>\n","protected":false},"excerpt":{"rendered":"<p>Tal y como anunci\u00f3 el presidente del Gobierno de la Rioja, Jos\u00e9 Ignacio Cenicero, el V Congreso Europeo de Turismo Rural (COETUR) se celebrar\u00e1 los pr\u00f3ximos d\u00edas 23 y 24 de mayo en Arnedillo (La Rioja).<\/p>\n","protected":false},"author":98,"featured_media":184347,"comment_status":"open","ping_status":"closed","sticky":false,"template":"","format":"standard","meta":{"_acf_changed":false,"om_disable_all_campaigns":false,"footnotes":""},"categories":[385,390],"tags":[386,877,1297],"class_list":["post-14469","post","type-post","status-publish","format-standard","has-post-thumbnail","hentry","category-coetur","category-noticias","tag-coetur","tag-congreso","tag-congreso-europeo-de-turismo-rural"],"acf":[],"featured_image_src":"https:\/\/www.escapadarural.com\/blog\/wp-content\/uploads\/2024\/12\/logo-coetur-black.png","author_info":{"display_name":"Miryam Tejada","author_link":"https:\/\/www.escapadarural.com\/blog\/autor\/miryam\/"},"yoast_head":"<!-- This site is optimized with the Yoast SEO plugin v27.5 - https:\/\/yoast.com\/product\/yoast-seo-wordpress\/ -->\n<title>El V Congreso Europeo de Turismo Rural se celebrar\u00e1 en La Rioja - EscapadaRural<\/title>\n<meta name=\"robots\" content=\"index, follow, max-snippet:-1, max-image-preview:large, max-video-preview:-1\" \/>\n<link rel=\"canonical\" href=\"https:\/\/www.escapadarural.com\/blog\/coetur-la-rioja\/\" \/>\n<meta property=\"og:locale\" content=\"es_ES\" \/>\n<meta property=\"og:type\" content=\"article\" \/>\n<meta property=\"og:title\" content=\"El V Congreso Europeo de Turismo Rural se celebrar\u00e1 en La Rioja - EscapadaRural\" \/>\n<meta property=\"og:description\" content=\"Tal y como anunci\u00f3 el presidente del Gobierno de la Rioja, Jos\u00e9 Ignacio Cenicero, el V Congreso Europeo de Turismo Rural (COETUR) se celebrar\u00e1 los pr\u00f3ximos d\u00edas 23 y 24 de mayo en Arnedillo (La Rioja).\" \/>\n<meta property=\"og:url\" content=\"https:\/\/www.escapadarural.com\/blog\/coetur-la-rioja\/\" \/>\n<meta property=\"og:site_name\" content=\"Magazine de viajes de EscapadaRural\" \/>\n<meta property=\"article:publisher\" content=\"https:\/\/www.facebook.com\/escapadarural\" \/>\n<meta property=\"article:published_time\" content=\"2018-02-04T08:30:30+00:00\" \/>\n<meta property=\"article:modified_time\" content=\"2025-08-04T09:39:04+00:00\" \/>\n<meta property=\"og:image\" content=\"https:\/\/www.escapadarural.com\/blog\/wp-content\/uploads\/2024\/12\/logo-coetur-black.png?v=1754300345\" \/>\n\t<meta property=\"og:image:width\" content=\"799\" \/>\n\t<meta property=\"og:image:height\" content=\"288\" \/>\n\t<meta property=\"og:image:type\" content=\"image\/png\" \/>\n<meta name=\"author\" content=\"Miryam Tejada\" \/>\n<meta name=\"twitter:card\" content=\"summary_large_image\" \/>\n<meta name=\"twitter:label1\" content=\"Escrito por\" \/>\n\t<meta name=\"twitter:data1\" content=\"Miryam Tejada\" \/>\n\t<meta name=\"twitter:label2\" content=\"Tiempo de lectura\" \/>\n\t<meta name=\"twitter:data2\" content=\"1 minuto\" \/>\n<script type=\"application\/ld+json\" class=\"yoast-schema-graph\">{\"@context\":\"https:\\\/\\\/schema.org\",\"@graph\":[{\"@type\":\"Article\",\"@id\":\"https:\\\/\\\/www.escapadarural.com\\\/blog\\\/coetur-la-rioja\\\/#article\",\"isPartOf\":{\"@id\":\"https:\\\/\\\/www.escapadarural.com\\\/blog\\\/coetur-la-rioja\\\/\"},\"author\":{\"name\":\"Miryam Tejada\",\"@id\":\"https:\\\/\\\/www.escapadarural.com\\\/blog\\\/#\\\/schema\\\/person\\\/3a79b504f208fd6cf3bb52c608e311f0\"},\"headline\":\"El V Congreso Europeo de Turismo Rural se celebrar\u00e1 en La Rioja\",\"datePublished\":\"2018-02-04T08:30:30+00:00\",\"dateModified\":\"2025-08-04T09:39:04+00:00\",\"mainEntityOfPage\":{\"@id\":\"https:\\\/\\\/www.escapadarural.com\\\/blog\\\/coetur-la-rioja\\\/\"},\"wordCount\":254,\"commentCount\":4,\"publisher\":{\"@id\":\"https:\\\/\\\/www.escapadarural.com\\\/blog\\\/#organization\"},\"image\":{\"@id\":\"https:\\\/\\\/www.escapadarural.com\\\/blog\\\/coetur-la-rioja\\\/#primaryimage\"},\"thumbnailUrl\":\"https:\\\/\\\/www.escapadarural.com\\\/blog\\\/wp-content\\\/uploads\\\/2024\\\/12\\\/logo-coetur-black.png\",\"keywords\":[\"COETUR\",\"Congreso\",\"Congreso Europeo de Turismo Rural\"],\"articleSection\":[\"Coetur\",\"Noticias\"],\"inLanguage\":\"es\",\"potentialAction\":[{\"@type\":\"CommentAction\",\"name\":\"Comment\",\"target\":[\"https:\\\/\\\/www.escapadarural.com\\\/blog\\\/coetur-la-rioja\\\/#respond\"]}]},{\"@type\":\"WebPage\",\"@id\":\"https:\\\/\\\/www.escapadarural.com\\\/blog\\\/coetur-la-rioja\\\/\",\"url\":\"https:\\\/\\\/www.escapadarural.com\\\/blog\\\/coetur-la-rioja\\\/\",\"name\":\"El V Congreso Europeo de Turismo Rural se celebrar\u00e1 en La Rioja - EscapadaRural\",\"isPartOf\":{\"@id\":\"https:\\\/\\\/www.escapadarural.com\\\/blog\\\/#website\"},\"primaryImageOfPage\":{\"@id\":\"https:\\\/\\\/www.escapadarural.com\\\/blog\\\/coetur-la-rioja\\\/#primaryimage\"},\"image\":{\"@id\":\"https:\\\/\\\/www.escapadarural.com\\\/blog\\\/coetur-la-rioja\\\/#primaryimage\"},\"thumbnailUrl\":\"https:\\\/\\\/www.escapadarural.com\\\/blog\\\/wp-content\\\/uploads\\\/2024\\\/12\\\/logo-coetur-black.png\",\"datePublished\":\"2018-02-04T08:30:30+00:00\",\"dateModified\":\"2025-08-04T09:39:04+00:00\",\"breadcrumb\":{\"@id\":\"https:\\\/\\\/www.escapadarural.com\\\/blog\\\/coetur-la-rioja\\\/#breadcrumb\"},\"inLanguage\":\"es\",\"potentialAction\":[{\"@type\":\"ReadAction\",\"target\":[\"https:\\\/\\\/www.escapadarural.com\\\/blog\\\/coetur-la-rioja\\\/\"]}]},{\"@type\":\"ImageObject\",\"inLanguage\":\"es\",\"@id\":\"https:\\\/\\\/www.escapadarural.com\\\/blog\\\/coetur-la-rioja\\\/#primaryimage\",\"url\":\"https:\\\/\\\/www.escapadarural.com\\\/blog\\\/wp-content\\\/uploads\\\/2024\\\/12\\\/logo-coetur-black.png\",\"contentUrl\":\"https:\\\/\\\/www.escapadarural.com\\\/blog\\\/wp-content\\\/uploads\\\/2024\\\/12\\\/logo-coetur-black.png\",\"width\":799,\"height\":288,\"caption\":\"Coetur logo\"},{\"@type\":\"BreadcrumbList\",\"@id\":\"https:\\\/\\\/www.escapadarural.com\\\/blog\\\/coetur-la-rioja\\\/#breadcrumb\",\"itemListElement\":[{\"@type\":\"ListItem\",\"position\":1,\"name\":\"Inicio\",\"item\":\"https:\\\/\\\/www.escapadarural.com\\\/blog\\\/\"},{\"@type\":\"ListItem\",\"position\":2,\"name\":\"Noticias\",\"item\":\"https:\\\/\\\/www.escapadarural.com\\\/blog\\\/categoria\\\/noticias\\\/\"},{\"@type\":\"ListItem\",\"position\":3,\"name\":\"El V Congreso Europeo de Turismo Rural se celebrar\u00e1 en La Rioja\"}]},{\"@type\":\"WebSite\",\"@id\":\"https:\\\/\\\/www.escapadarural.com\\\/blog\\\/#website\",\"url\":\"https:\\\/\\\/www.escapadarural.com\\\/blog\\\/\",\"name\":\"Blog de viajes | turismo rural, alojamientos e inspiraci\u00f3n\",\"description\":\"Alojamientos rurales e inspiraci\u00f3n para tus escapadas\",\"publisher\":{\"@id\":\"https:\\\/\\\/www.escapadarural.com\\\/blog\\\/#organization\"},\"alternateName\":\"Magazine de viajes de EscapadaRural\",\"potentialAction\":[{\"@type\":\"SearchAction\",\"target\":{\"@type\":\"EntryPoint\",\"urlTemplate\":\"https:\\\/\\\/www.escapadarural.com\\\/blog\\\/?s={search_term_string}\"},\"query-input\":{\"@type\":\"PropertyValueSpecification\",\"valueRequired\":true,\"valueName\":\"search_term_string\"}}],\"inLanguage\":\"es\"},{\"@type\":\"Organization\",\"@id\":\"https:\\\/\\\/www.escapadarural.com\\\/blog\\\/#organization\",\"name\":\"EscapadaRural\",\"url\":\"https:\\\/\\\/www.escapadarural.com\\\/blog\\\/\",\"logo\":{\"@type\":\"ImageObject\",\"inLanguage\":\"es\",\"@id\":\"https:\\\/\\\/www.escapadarural.com\\\/blog\\\/#\\\/schema\\\/logo\\\/image\\\/\",\"url\":\"https:\\\/\\\/www.escapadarural.com\\\/blog\\\/wp-content\\\/uploads\\\/2024\\\/10\\\/cropped-cropped-escapada-rural-icon-mag-3.png\",\"contentUrl\":\"https:\\\/\\\/www.escapadarural.com\\\/blog\\\/wp-content\\\/uploads\\\/2024\\\/10\\\/cropped-cropped-escapada-rural-icon-mag-3.png\",\"width\":512,\"height\":512,\"caption\":\"EscapadaRural\"},\"image\":{\"@id\":\"https:\\\/\\\/www.escapadarural.com\\\/blog\\\/#\\\/schema\\\/logo\\\/image\\\/\"},\"sameAs\":[\"https:\\\/\\\/www.facebook.com\\\/escapadarural\",\"https:\\\/\\\/www.instagram.com\\\/escapadarural\\\/\",\"https:\\\/\\\/www.youtube.com\\\/@escapadaruralcom\"]},{\"@type\":\"Person\",\"@id\":\"https:\\\/\\\/www.escapadarural.com\\\/blog\\\/#\\\/schema\\\/person\\\/3a79b504f208fd6cf3bb52c608e311f0\",\"name\":\"Miryam Tejada\",\"image\":{\"@type\":\"ImageObject\",\"inLanguage\":\"es\",\"@id\":\"https:\\\/\\\/www.escapadarural.com\\\/blog\\\/wp-content\\\/uploads\\\/2024\\\/12\\\/cropped-PXL_20240524_141044774.PORTRAIT.ORIGINAL-1-scaled-2-96x96.jpg\",\"url\":\"https:\\\/\\\/www.escapadarural.com\\\/blog\\\/wp-content\\\/uploads\\\/2024\\\/12\\\/cropped-PXL_20240524_141044774.PORTRAIT.ORIGINAL-1-scaled-2-96x96.jpg\",\"contentUrl\":\"https:\\\/\\\/www.escapadarural.com\\\/blog\\\/wp-content\\\/uploads\\\/2024\\\/12\\\/cropped-PXL_20240524_141044774.PORTRAIT.ORIGINAL-1-scaled-2-96x96.jpg\",\"caption\":\"Miryam Tejada\"},\"description\":\"Mi t\u00edtulo universitario dice que soy licenciada en periodismo, pero realmente soy una todoterreno a la que le pill\u00f3 la transici\u00f3n del mundo anal\u00f3gico al digital de pleno. Es decir, soy millennial, y eso lo que conlleva, seg\u00fan las habladur\u00edas, es que me dejo llevar y priorizo mi bienestar. O lo que es lo mismo, soy una apasionada de los viajes y las experiencias, del simple hecho de tomar unas cervezas entre amigas, organizar una buena comilona en la sociedad con sobremesa larga incluida o pasar las tardes en el parque con mis gemelos.\",\"url\":\"https:\\\/\\\/www.escapadarural.com\\\/blog\\\/autor\\\/miryam\\\/\"}]}<\/script>\n<!-- \/ Yoast SEO plugin. -->","yoast_head_json":{"title":"El V Congreso Europeo de Turismo Rural se celebrar\u00e1 en La Rioja - EscapadaRural","robots":{"index":"index","follow":"follow","max-snippet":"max-snippet:-1","max-image-preview":"max-image-preview:large","max-video-preview":"max-video-preview:-1"},"canonical":"https:\/\/www.escapadarural.com\/blog\/coetur-la-rioja\/","og_locale":"es_ES","og_type":"article","og_title":"El V Congreso Europeo de Turismo Rural se celebrar\u00e1 en La Rioja - EscapadaRural","og_description":"Tal y como anunci\u00f3 el presidente del Gobierno de la Rioja, Jos\u00e9 Ignacio Cenicero, el V Congreso Europeo de Turismo Rural (COETUR) se celebrar\u00e1 los pr\u00f3ximos d\u00edas 23 y 24 de mayo en Arnedillo (La Rioja).","og_url":"https:\/\/www.escapadarural.com\/blog\/coetur-la-rioja\/","og_site_name":"Magazine de viajes de EscapadaRural","article_publisher":"https:\/\/www.facebook.com\/escapadarural","article_published_time":"2018-02-04T08:30:30+00:00","article_modified_time":"2025-08-04T09:39:04+00:00","og_image":[{"width":799,"height":288,"url":"https:\/\/www.escapadarural.com\/blog\/wp-content\/uploads\/2024\/12\/logo-coetur-black.png?v=1754300345","type":"image\/png"}],"author":"Miryam Tejada","twitter_card":"summary_large_image","twitter_misc":{"Escrito por":"Miryam Tejada","Tiempo de lectura":"1 minuto"},"schema":{"@context":"https:\/\/schema.org","@graph":[{"@type":"Article","@id":"https:\/\/www.escapadarural.com\/blog\/coetur-la-rioja\/#article","isPartOf":{"@id":"https:\/\/www.escapadarural.com\/blog\/coetur-la-rioja\/"},"author":{"name":"Miryam Tejada","@id":"https:\/\/www.escapadarural.com\/blog\/#\/schema\/person\/3a79b504f208fd6cf3bb52c608e311f0"},"headline":"El V Congreso Europeo de Turismo Rural se celebrar\u00e1 en La Rioja","datePublished":"2018-02-04T08:30:30+00:00","dateModified":"2025-08-04T09:39:04+00:00","mainEntityOfPage":{"@id":"https:\/\/www.escapadarural.com\/blog\/coetur-la-rioja\/"},"wordCount":254,"commentCount":4,"publisher":{"@id":"https:\/\/www.escapadarural.com\/blog\/#organization"},"image":{"@id":"https:\/\/www.escapadarural.com\/blog\/coetur-la-rioja\/#primaryimage"},"thumbnailUrl":"https:\/\/www.escapadarural.com\/blog\/wp-content\/uploads\/2024\/12\/logo-coetur-black.png","keywords":["COETUR","Congreso","Congreso Europeo de Turismo Rural"],"articleSection":["Coetur","Noticias"],"inLanguage":"es","potentialAction":[{"@type":"CommentAction","name":"Comment","target":["https:\/\/www.escapadarural.com\/blog\/coetur-la-rioja\/#respond"]}]},{"@type":"WebPage","@id":"https:\/\/www.escapadarural.com\/blog\/coetur-la-rioja\/","url":"https:\/\/www.escapadarural.com\/blog\/coetur-la-rioja\/","name":"El V Congreso Europeo de Turismo Rural se celebrar\u00e1 en La Rioja - EscapadaRural","isPartOf":{"@id":"https:\/\/www.escapadarural.com\/blog\/#website"},"primaryImageOfPage":{"@id":"https:\/\/www.escapadarural.com\/blog\/coetur-la-rioja\/#primaryimage"},"image":{"@id":"https:\/\/www.escapadarural.com\/blog\/coetur-la-rioja\/#primaryimage"},"thumbnailUrl":"https:\/\/www.escapadarural.com\/blog\/wp-content\/uploads\/2024\/12\/logo-coetur-black.png","datePublished":"2018-02-04T08:30:30+00:00","dateModified":"2025-08-04T09:39:04+00:00","breadcrumb":{"@id":"https:\/\/www.escapadarural.com\/blog\/coetur-la-rioja\/#breadcrumb"},"inLanguage":"es","potentialAction":[{"@type":"ReadAction","target":["https:\/\/www.escapadarural.com\/blog\/coetur-la-rioja\/"]}]},{"@type":"ImageObject","inLanguage":"es","@id":"https:\/\/www.escapadarural.com\/blog\/coetur-la-rioja\/#primaryimage","url":"https:\/\/www.escapadarural.com\/blog\/wp-content\/uploads\/2024\/12\/logo-coetur-black.png","contentUrl":"https:\/\/www.escapadarural.com\/blog\/wp-content\/uploads\/2024\/12\/logo-coetur-black.png","width":799,"height":288,"caption":"Coetur logo"},{"@type":"BreadcrumbList","@id":"https:\/\/www.escapadarural.com\/blog\/coetur-la-rioja\/#breadcrumb","itemListElement":[{"@type":"ListItem","position":1,"name":"Inicio","item":"https:\/\/www.escapadarural.com\/blog\/"},{"@type":"ListItem","position":2,"name":"Noticias","item":"https:\/\/www.escapadarural.com\/blog\/categoria\/noticias\/"},{"@type":"ListItem","position":3,"name":"El V Congreso Europeo de Turismo Rural se celebrar\u00e1 en La Rioja"}]},{"@type":"WebSite","@id":"https:\/\/www.escapadarural.com\/blog\/#website","url":"https:\/\/www.escapadarural.com\/blog\/","name":"Blog de viajes | turismo rural, alojamientos e inspiraci\u00f3n","description":"Alojamientos rurales e inspiraci\u00f3n para tus escapadas","publisher":{"@id":"https:\/\/www.escapadarural.com\/blog\/#organization"},"alternateName":"Magazine de viajes de EscapadaRural","potentialAction":[{"@type":"SearchAction","target":{"@type":"EntryPoint","urlTemplate":"https:\/\/www.escapadarural.com\/blog\/?s={search_term_string}"},"query-input":{"@type":"PropertyValueSpecification","valueRequired":true,"valueName":"search_term_string"}}],"inLanguage":"es"},{"@type":"Organization","@id":"https:\/\/www.escapadarural.com\/blog\/#organization","name":"EscapadaRural","url":"https:\/\/www.escapadarural.com\/blog\/","logo":{"@type":"ImageObject","inLanguage":"es","@id":"https:\/\/www.escapadarural.com\/blog\/#\/schema\/logo\/image\/","url":"https:\/\/www.escapadarural.com\/blog\/wp-content\/uploads\/2024\/10\/cropped-cropped-escapada-rural-icon-mag-3.png","contentUrl":"https:\/\/www.escapadarural.com\/blog\/wp-content\/uploads\/2024\/10\/cropped-cropped-escapada-rural-icon-mag-3.png","width":512,"height":512,"caption":"EscapadaRural"},"image":{"@id":"https:\/\/www.escapadarural.com\/blog\/#\/schema\/logo\/image\/"},"sameAs":["https:\/\/www.facebook.com\/escapadarural","https:\/\/www.instagram.com\/escapadarural\/","https:\/\/www.youtube.com\/@escapadaruralcom"]},{"@type":"Person","@id":"https:\/\/www.escapadarural.com\/blog\/#\/schema\/person\/3a79b504f208fd6cf3bb52c608e311f0","name":"Miryam Tejada","image":{"@type":"ImageObject","inLanguage":"es","@id":"https:\/\/www.escapadarural.com\/blog\/wp-content\/uploads\/2024\/12\/cropped-PXL_20240524_141044774.PORTRAIT.ORIGINAL-1-scaled-2-96x96.jpg","url":"https:\/\/www.escapadarural.com\/blog\/wp-content\/uploads\/2024\/12\/cropped-PXL_20240524_141044774.PORTRAIT.ORIGINAL-1-scaled-2-96x96.jpg","contentUrl":"https:\/\/www.escapadarural.com\/blog\/wp-content\/uploads\/2024\/12\/cropped-PXL_20240524_141044774.PORTRAIT.ORIGINAL-1-scaled-2-96x96.jpg","caption":"Miryam Tejada"},"description":"Mi t\u00edtulo universitario dice que soy licenciada en periodismo, pero realmente soy una todoterreno a la que le pill\u00f3 la transici\u00f3n del mundo anal\u00f3gico al digital de pleno. Es decir, soy millennial, y eso lo que conlleva, seg\u00fan las habladur\u00edas, es que me dejo llevar y priorizo mi bienestar. O lo que es lo mismo, soy una apasionada de los viajes y las experiencias, del simple hecho de tomar unas cervezas entre amigas, organizar una buena comilona en la sociedad con sobremesa larga incluida o pasar las tardes en el parque con mis gemelos.","url":"https:\/\/www.escapadarural.com\/blog\/autor\/miryam\/"}]}},"_links":{"self":[{"href":"https:\/\/www.escapadarural.com\/blog\/wp-json\/wp\/v2\/posts\/14469","targetHints":{"allow":["GET"]}}],"collection":[{"href":"https:\/\/www.escapadarural.com\/blog\/wp-json\/wp\/v2\/posts"}],"about":[{"href":"https:\/\/www.escapadarural.com\/blog\/wp-json\/wp\/v2\/types\/post"}],"author":[{"embeddable":true,"href":"https:\/\/www.escapadarural.com\/blog\/wp-json\/wp\/v2\/users\/98"}],"replies":[{"embeddable":true,"href":"https:\/\/www.escapadarural.com\/blog\/wp-json\/wp\/v2\/comments?post=14469"}],"version-history":[{"count":0,"href":"https:\/\/www.escapadarural.com\/blog\/wp-json\/wp\/v2\/posts\/14469\/revisions"}],"wp:featuredmedia":[{"embeddable":true,"href":"https:\/\/www.escapadarural.com\/blog\/wp-json\/wp\/v2\/media\/184347"}],"wp:attachment":[{"href":"https:\/\/www.escapadarural.com\/blog\/wp-json\/wp\/v2\/media?parent=14469"}],"wp:term":[{"taxonomy":"category","embeddable":true,"href":"https:\/\/www.escapadarural.com\/blog\/wp-json\/wp\/v2\/categories?post=14469"},{"taxonomy":"post_tag","embeddable":true,"href":"https:\/\/www.escapadarural.com\/blog\/wp-json\/wp\/v2\/tags?post=14469"}],"curies":[{"name":"wp","href":"https:\/\/api.w.org\/{rel}","templated":true}]}}