{"id":14571,"date":"2018-05-23T16:02:18","date_gmt":"2018-05-23T15:02:18","guid":{"rendered":"http:\/\/15.188.81.248\/2018\/05\/23\/las-4-sesiones-de-trabajo-de-coetur\/"},"modified":"2026-02-05T13:46:13","modified_gmt":"2026-02-05T12:46:13","slug":"las-4-sesiones-de-trabajo-de-coetur","status":"publish","type":"post","link":"https:\/\/www.escapadarural.com\/blog\/las-4-sesiones-de-trabajo-de-coetur\/","title":{"rendered":"Las 4 sesiones de trabajo de #COETUR"},"content":{"rendered":"\n<figure class=\"wp-block-image size-large\"><img decoding=\"async\" src=\"https:\/\/www.escapadarural.com\/blog\/wp-content\/uploads\/TALLERES.jpg\" alt=\"\" class=\"wp-image-38159\"\/><\/figure>\n\n\n\n<p>La tarde del 23 de mayo estuvo destinada a las sesiones de trabajo. En total se impartieron 4 talleres relacionados con el ecoturismo, el marketing, c\u00f3mo optimizar la inversi\u00f3n en <a rel=\"noopener noreferrer\" href=\"https:\/\/www.escapadarural.com\" target=\"_blank\" class=\"rank-math-link\">EscapadaRural.com<\/a> y c\u00f3mo atraer a los clientes internacionales.<\/p>\n\n\n\n<!--more-->\n\n\n\n<p>Xavier Cazorla, Gerente de la empresa consultora Elements, fue el encargado de impartir el taller \u201cC\u00f3mo trabajar para orientarse al cliente ecoturista\u201d. En \u00e9l explic\u00f3 el potencial de este nicho que est\u00e1 en auge y lo importante que es para un negocio ofrecer un turismo responsable.<\/p>\n\n\n\n<p>El trato a los animales, a la naturaleza, al entorno, los productos y a la poblaci\u00f3n local son esenciales para poder ofrecer una experiencia respetuosa y ecol\u00f3gica acorde a las expectativas de los clientes.<\/p>\n\n\n\n<p>Durante el taller, Cazorla ofreci\u00f3 algunas claves para orientarse al cliente ecoturista y c\u00f3mo encontrar potenciales colaboradores interesados en el ecoturismo. Casi la mitad de los viajeros est\u00e1n dispuestos a pagar m\u00e1s por marcas sostenibles y que muestran un compromiso con los valores sociales, seg\u00fan datos del Observatorio de Turismo Rural.<\/p>\n\n\n\n<p>Cazorla tambi\u00e9n aport\u00f3 datos del n\u00famero de destinos verdes y afirm\u00f3 que \u00abEl 33% de los viajeros consideran que la naturaleza es indispensable a la hora de elegir un destino\u00bb. Seg\u00fan el perfil del viajero rural, se trata de turistas de 43 a\u00f1os de media, que viajan casi siempre en primavera, un tercio lo hace en pareja y dos tercios realizan al menos una vez al a\u00f1o una escapada rural.<\/p>\n\n\n\n<figure class=\"wp-block-image size-large\"><img decoding=\"async\" src=\"https:\/\/www.escapadarural.com\/blog\/wp-content\/uploads\/TALLER.jpg\" alt=\"\" class=\"wp-image-38161\"\/><\/figure>\n\n\n\n<p>La sesi\u00f3n dedicada al marketing estuvo a cargo de Daniel Guti\u00e9rrez, fundador de la agencia <a rel=\"noopener noreferrer\" href=\"https:\/\/www.kiribatis.com\/es\/agencia-comunicacion\/\" target=\"_blank\" class=\"rank-math-link\">Kiribatis<\/a>. Bajo el nombre \u201cC\u00f3mo combinar adecuadamente el marketing y la atenci\u00f3n al cliente on\/offline\u201d, Guti\u00e9rrez insisti\u00f3 en la importancia de la imagen que un negocio proyecta en Internet.<\/p>\n\n\n\n<p>Durante la clase, Guti\u00e9rrez ofreci\u00f3 varios divertidos ejemplos a los asistentes y ofreci\u00f3 algunos consejos para lograr mejorar la reputaci\u00f3n en Internet y que sea acorde a la real.<\/p>\n\n\n\n<p>Para ello explic\u00f3 la importancia de una buena comunicaci\u00f3n antes, durante y despu\u00e9s del viaje. Seg\u00fan Guti\u00e9rrez, hay que mirar qu\u00e9 puede ser interesante para los dem\u00e1s y afirm\u00f3 que \u00abSi no estamos en las redes sociales nos estamos cerrando puertas\u00bb.<\/p>\n\n\n\n<p>A continuaci\u00f3n, les formul\u00f3 una pregunta a los asistentes: \u00bfQu\u00e9 hac\u00e9is durante la estancia del viajero? Y dio ideas como que \u00abUna recepci\u00f3n al llegar o alg\u00fan regalo de bienvenida, alg\u00fan mensaje o un detalle puede sorprender al hu\u00e9sped y hacer que quiera compartirlo en sus redes sociales\u00bb. Eso s\u00ed, para ello ser\u00e1 imprescindible que contemos con una buena se\u00f1al de Wifi.<\/p>\n\n\n\n<p>Elisabet Amengual, Responsable de Atenci\u00f3n al Cliente en Escapadarural.com, fue la encargada de la sesi\u00f3n de trabajo \u201cComercializaci\u00f3n: C\u00f3mo optimizar tu inversi\u00f3n en <a rel=\"noopener noreferrer\" href=\"https:\/\/www.escapadarural.com\/\" target=\"_blank\" class=\"rank-math-link\">Escapadarural.com<\/a>\u201d.<\/p>\n\n\n\n<p>En ella dio las herramientas para que el cliente aproveche al m\u00e1ximo los recursos que le ofrece la empresa especializada en turismo rural.<\/p>\n\n\n\n<p>Para mejorar los resultados no es suficiente con tener una ficha en el portal, sino que Elisabet Amengual aconsej\u00f3 revisar y mejorar la informaci\u00f3n que tienen publicada, cuidar las fotos, ser r\u00e1pidos atendiendo las consultas de los viajeros e intentar mejorar las valoraciones menos positivas de los comentarios.<\/p>\n\n\n\n<p>Asimismo, Amengual ofreci\u00f3 algunos consejos para gestionar la publicidad de forma m\u00e1s eficiente. Para ello propuso un ejercicio en el que los participantes ten\u00edan que buscar un alojamiento en Google y decir el porqu\u00e9 lo hab\u00edan elegido.<\/p>\n\n\n\n<p>Por \u00faltimo, tambi\u00e9n insisti\u00f3 en la importancia de adquirir el distintivo de excelencia y les dio algunas pautas para conseguirlo y conservarlo: mantener la ocupaci\u00f3n y los precios actualizados.<\/p>\n\n\n\n<figure class=\"wp-block-image size-large\"><img decoding=\"async\" src=\"https:\/\/www.escapadarural.com\/blog\/wp-content\/uploads\/TALLERES-06.jpg\" alt=\"\" class=\"wp-image-38162\"\/><\/figure>\n\n\n\n<p>Por su parte, Alejandro Rivera, Gestor y propietario del <a rel=\"noopener noreferrer\" href=\"https:\/\/www.escapadarural.com\/casa-rural\/lleida\/cal-soldat\" target=\"_blank\" class=\"rank-math-link\">Conjunto Rural Cal Soldat<\/a>, ofreci\u00f3 una clase de \u201cC\u00f3mo atraer clientes internacionales\u201d. Una oportunidad de abrir el mercado a otros pa\u00edses.<\/p>\n\n\n\n<p>Durante el taller plante\u00f3 el tema de las agencias de comunicaci\u00f3n y se debati\u00f3 sobre si era o no necesario para nuestro negocio. Rivera afirm\u00f3 que \u00abHay que traer clientes y me tengo que encargar yo personalmente de hacerlo\u00bb. Para ello es vital dise\u00f1ar un buen producto que vaya acorde al entorno y que genere emociones.<\/p>\n\n\n\n<p>Tambi\u00e9n habl\u00f3 de los productos que se ofrecen al cliente internacional y la importancia de traducir los servicios. Seg\u00fan Rivera, \u00ablos medios nos dan las bases para crear\u00bb, aunque antes hay que definir los valores y la esencia de nuestro negocio.<\/p>\n\n\n\n<p>Para Rivera, \u00abSi no eres capaz de emocionar a tu familia con el relato de tu negocio tendr\u00e1s que volver a empezar. No puedes vender si t\u00fa no est\u00e1s enamorado de tu producto\u00bb.<\/p>\n","protected":false},"excerpt":{"rendered":"<p>La tarde del 23 de mayo estuvo destinada a las sesiones de trabajo. En total se impartieron 4 talleres relacionados con el ecoturismo, el marketing, c\u00f3mo optimizar la inversi\u00f3n en EscapadaRural.com y c\u00f3mo atraer a los clientes internacionales.<\/p>\n","protected":false},"author":89,"featured_media":104564,"comment_status":"open","ping_status":"closed","sticky":false,"template":"","format":"standard","meta":{"_acf_changed":false,"om_disable_all_campaigns":false,"footnotes":""},"categories":[385,390],"tags":[260,386,1297,2104,257],"class_list":["post-14571","post","type-post","status-publish","format-standard","has-post-thumbnail","hentry","category-coetur","category-noticias","tag-articulo","tag-coetur","tag-congreso-europeo-de-turismo-rural","tag-evento","tag-primavera"],"acf":[],"featured_image_src":"https:\/\/www.escapadarural.com\/blog\/wp-content\/uploads\/2024\/10\/TALLERES-2.jpg","author_info":{"display_name":"Laura Fern\u00e1ndez","author_link":"https:\/\/www.escapadarural.com\/blog\/autor\/laura\/"},"yoast_head":"<!-- This site is optimized with the Yoast SEO plugin v27.5 - https:\/\/yoast.com\/product\/yoast-seo-wordpress\/ -->\n<title>Las 4 sesiones de trabajo de #COETUR - EscapadaRural<\/title>\n<meta name=\"robots\" content=\"index, follow, max-snippet:-1, max-image-preview:large, max-video-preview:-1\" \/>\n<link rel=\"canonical\" href=\"https:\/\/www.escapadarural.com\/blog\/las-4-sesiones-de-trabajo-de-coetur\/\" \/>\n<meta property=\"og:locale\" content=\"es_ES\" \/>\n<meta property=\"og:type\" content=\"article\" \/>\n<meta property=\"og:title\" content=\"Las 4 sesiones de trabajo de #COETUR - EscapadaRural\" \/>\n<meta property=\"og:description\" content=\"La tarde del 23 de mayo estuvo destinada a las sesiones de trabajo. En total se impartieron 4 talleres relacionados con el ecoturismo, el marketing, c\u00f3mo optimizar la inversi\u00f3n en EscapadaRural.com y c\u00f3mo atraer a los clientes internacionales.\" \/>\n<meta property=\"og:url\" content=\"https:\/\/www.escapadarural.com\/blog\/las-4-sesiones-de-trabajo-de-coetur\/\" \/>\n<meta property=\"og:site_name\" content=\"Magazine de viajes de EscapadaRural\" \/>\n<meta property=\"article:publisher\" content=\"https:\/\/www.facebook.com\/escapadarural\" \/>\n<meta property=\"article:published_time\" content=\"2018-05-23T15:02:18+00:00\" \/>\n<meta property=\"article:modified_time\" content=\"2026-02-05T12:46:13+00:00\" \/>\n<meta property=\"og:image\" content=\"https:\/\/www.escapadarural.com\/blog\/wp-content\/uploads\/2024\/10\/TALLERES-2.jpg\" \/>\n\t<meta property=\"og:image:width\" content=\"680\" \/>\n\t<meta property=\"og:image:height\" content=\"453\" \/>\n\t<meta property=\"og:image:type\" content=\"image\/jpeg\" \/>\n<meta name=\"author\" content=\"Laura Fern\u00e1ndez\" \/>\n<meta name=\"twitter:card\" content=\"summary_large_image\" \/>\n<meta name=\"twitter:label1\" content=\"Escrito por\" \/>\n\t<meta name=\"twitter:data1\" content=\"Laura Fern\u00e1ndez\" \/>\n\t<meta name=\"twitter:label2\" content=\"Tiempo de lectura\" \/>\n\t<meta name=\"twitter:data2\" content=\"4 minutos\" \/>\n<script type=\"application\/ld+json\" class=\"yoast-schema-graph\">{\"@context\":\"https:\\\/\\\/schema.org\",\"@graph\":[{\"@type\":\"Article\",\"@id\":\"https:\\\/\\\/www.escapadarural.com\\\/blog\\\/las-4-sesiones-de-trabajo-de-coetur\\\/#article\",\"isPartOf\":{\"@id\":\"https:\\\/\\\/www.escapadarural.com\\\/blog\\\/las-4-sesiones-de-trabajo-de-coetur\\\/\"},\"author\":{\"name\":\"Laura Fern\u00e1ndez\",\"@id\":\"https:\\\/\\\/www.escapadarural.com\\\/blog\\\/#\\\/schema\\\/person\\\/a9b46ae4d047d8a2c719f31e75206cff\"},\"headline\":\"Las 4 sesiones de trabajo de #COETUR\",\"datePublished\":\"2018-05-23T15:02:18+00:00\",\"dateModified\":\"2026-02-05T12:46:13+00:00\",\"mainEntityOfPage\":{\"@id\":\"https:\\\/\\\/www.escapadarural.com\\\/blog\\\/las-4-sesiones-de-trabajo-de-coetur\\\/\"},\"wordCount\":797,\"commentCount\":0,\"publisher\":{\"@id\":\"https:\\\/\\\/www.escapadarural.com\\\/blog\\\/#organization\"},\"image\":{\"@id\":\"https:\\\/\\\/www.escapadarural.com\\\/blog\\\/las-4-sesiones-de-trabajo-de-coetur\\\/#primaryimage\"},\"thumbnailUrl\":\"https:\\\/\\\/www.escapadarural.com\\\/blog\\\/wp-content\\\/uploads\\\/2024\\\/10\\\/TALLERES-2.jpg\",\"keywords\":[\"art\u00edculo\",\"COETUR\",\"Congreso Europeo de Turismo Rural\",\"evento\",\"Primavera\"],\"articleSection\":[\"Coetur\",\"Noticias\"],\"inLanguage\":\"es\",\"potentialAction\":[{\"@type\":\"CommentAction\",\"name\":\"Comment\",\"target\":[\"https:\\\/\\\/www.escapadarural.com\\\/blog\\\/las-4-sesiones-de-trabajo-de-coetur\\\/#respond\"]}]},{\"@type\":\"WebPage\",\"@id\":\"https:\\\/\\\/www.escapadarural.com\\\/blog\\\/las-4-sesiones-de-trabajo-de-coetur\\\/\",\"url\":\"https:\\\/\\\/www.escapadarural.com\\\/blog\\\/las-4-sesiones-de-trabajo-de-coetur\\\/\",\"name\":\"Las 4 sesiones de trabajo de #COETUR - EscapadaRural\",\"isPartOf\":{\"@id\":\"https:\\\/\\\/www.escapadarural.com\\\/blog\\\/#website\"},\"primaryImageOfPage\":{\"@id\":\"https:\\\/\\\/www.escapadarural.com\\\/blog\\\/las-4-sesiones-de-trabajo-de-coetur\\\/#primaryimage\"},\"image\":{\"@id\":\"https:\\\/\\\/www.escapadarural.com\\\/blog\\\/las-4-sesiones-de-trabajo-de-coetur\\\/#primaryimage\"},\"thumbnailUrl\":\"https:\\\/\\\/www.escapadarural.com\\\/blog\\\/wp-content\\\/uploads\\\/2024\\\/10\\\/TALLERES-2.jpg\",\"datePublished\":\"2018-05-23T15:02:18+00:00\",\"dateModified\":\"2026-02-05T12:46:13+00:00\",\"breadcrumb\":{\"@id\":\"https:\\\/\\\/www.escapadarural.com\\\/blog\\\/las-4-sesiones-de-trabajo-de-coetur\\\/#breadcrumb\"},\"inLanguage\":\"es\",\"potentialAction\":[{\"@type\":\"ReadAction\",\"target\":[\"https:\\\/\\\/www.escapadarural.com\\\/blog\\\/las-4-sesiones-de-trabajo-de-coetur\\\/\"]}]},{\"@type\":\"ImageObject\",\"inLanguage\":\"es\",\"@id\":\"https:\\\/\\\/www.escapadarural.com\\\/blog\\\/las-4-sesiones-de-trabajo-de-coetur\\\/#primaryimage\",\"url\":\"https:\\\/\\\/www.escapadarural.com\\\/blog\\\/wp-content\\\/uploads\\\/2024\\\/10\\\/TALLERES-2.jpg\",\"contentUrl\":\"https:\\\/\\\/www.escapadarural.com\\\/blog\\\/wp-content\\\/uploads\\\/2024\\\/10\\\/TALLERES-2.jpg\",\"width\":680,\"height\":453,\"caption\":\"Un hombre se levanta y gesticula mientras habla a un grupo de personas sentadas alrededor de una mesa en una conferencia o taller. Sobre la mesa hay papeles y cuadernos, y al fondo se ven otras personas sentadas en mesas similares.\"},{\"@type\":\"BreadcrumbList\",\"@id\":\"https:\\\/\\\/www.escapadarural.com\\\/blog\\\/las-4-sesiones-de-trabajo-de-coetur\\\/#breadcrumb\",\"itemListElement\":[{\"@type\":\"ListItem\",\"position\":1,\"name\":\"Inicio\",\"item\":\"https:\\\/\\\/www.escapadarural.com\\\/blog\\\/\"},{\"@type\":\"ListItem\",\"position\":2,\"name\":\"Coetur\",\"item\":\"https:\\\/\\\/www.escapadarural.com\\\/blog\\\/categoria\\\/coetur\\\/\"},{\"@type\":\"ListItem\",\"position\":3,\"name\":\"Las 4 sesiones de trabajo de #COETUR\"}]},{\"@type\":\"WebSite\",\"@id\":\"https:\\\/\\\/www.escapadarural.com\\\/blog\\\/#website\",\"url\":\"https:\\\/\\\/www.escapadarural.com\\\/blog\\\/\",\"name\":\"Blog de viajes | turismo rural, alojamientos e inspiraci\u00f3n\",\"description\":\"Alojamientos rurales e inspiraci\u00f3n para tus escapadas\",\"publisher\":{\"@id\":\"https:\\\/\\\/www.escapadarural.com\\\/blog\\\/#organization\"},\"alternateName\":\"Magazine de viajes de EscapadaRural\",\"potentialAction\":[{\"@type\":\"SearchAction\",\"target\":{\"@type\":\"EntryPoint\",\"urlTemplate\":\"https:\\\/\\\/www.escapadarural.com\\\/blog\\\/?s={search_term_string}\"},\"query-input\":{\"@type\":\"PropertyValueSpecification\",\"valueRequired\":true,\"valueName\":\"search_term_string\"}}],\"inLanguage\":\"es\"},{\"@type\":\"Organization\",\"@id\":\"https:\\\/\\\/www.escapadarural.com\\\/blog\\\/#organization\",\"name\":\"EscapadaRural\",\"url\":\"https:\\\/\\\/www.escapadarural.com\\\/blog\\\/\",\"logo\":{\"@type\":\"ImageObject\",\"inLanguage\":\"es\",\"@id\":\"https:\\\/\\\/www.escapadarural.com\\\/blog\\\/#\\\/schema\\\/logo\\\/image\\\/\",\"url\":\"https:\\\/\\\/www.escapadarural.com\\\/blog\\\/wp-content\\\/uploads\\\/2024\\\/10\\\/cropped-cropped-escapada-rural-icon-mag-3.png\",\"contentUrl\":\"https:\\\/\\\/www.escapadarural.com\\\/blog\\\/wp-content\\\/uploads\\\/2024\\\/10\\\/cropped-cropped-escapada-rural-icon-mag-3.png\",\"width\":512,\"height\":512,\"caption\":\"EscapadaRural\"},\"image\":{\"@id\":\"https:\\\/\\\/www.escapadarural.com\\\/blog\\\/#\\\/schema\\\/logo\\\/image\\\/\"},\"sameAs\":[\"https:\\\/\\\/www.facebook.com\\\/escapadarural\",\"https:\\\/\\\/www.instagram.com\\\/escapadarural\\\/\",\"https:\\\/\\\/www.youtube.com\\\/@escapadaruralcom\"]},{\"@type\":\"Person\",\"@id\":\"https:\\\/\\\/www.escapadarural.com\\\/blog\\\/#\\\/schema\\\/person\\\/a9b46ae4d047d8a2c719f31e75206cff\",\"name\":\"Laura Fern\u00e1ndez\",\"image\":{\"@type\":\"ImageObject\",\"inLanguage\":\"es\",\"@id\":\"https:\\\/\\\/www.escapadarural.com\\\/blog\\\/wp-content\\\/uploads\\\/2025\\\/01\\\/cropped-laura_raponchii-96x96.jpg\",\"url\":\"https:\\\/\\\/www.escapadarural.com\\\/blog\\\/wp-content\\\/uploads\\\/2025\\\/01\\\/cropped-laura_raponchii-96x96.jpg\",\"contentUrl\":\"https:\\\/\\\/www.escapadarural.com\\\/blog\\\/wp-content\\\/uploads\\\/2025\\\/01\\\/cropped-laura_raponchii-96x96.jpg\",\"caption\":\"Laura Fern\u00e1ndez\"},\"description\":\"Periodista, blogger y viajera. No necesariamente en ese orden. En ocasiones me despierto sin saber d\u00f3nde estoy. Adicta a los c\u00f3mics y a los noodles con salsa de cacahuete. Redactora en @escapadarural, colaboradora en la Conde Nast Traveler y en la Divinity. Mi casa: Meridiano180.\",\"sameAs\":[\"http:\\\/\\\/www.meridiano180.com\\\/\"],\"url\":\"https:\\\/\\\/www.escapadarural.com\\\/blog\\\/autor\\\/laura\\\/\"}]}<\/script>\n<!-- \/ Yoast SEO plugin. -->","yoast_head_json":{"title":"Las 4 sesiones de trabajo de #COETUR - EscapadaRural","robots":{"index":"index","follow":"follow","max-snippet":"max-snippet:-1","max-image-preview":"max-image-preview:large","max-video-preview":"max-video-preview:-1"},"canonical":"https:\/\/www.escapadarural.com\/blog\/las-4-sesiones-de-trabajo-de-coetur\/","og_locale":"es_ES","og_type":"article","og_title":"Las 4 sesiones de trabajo de #COETUR - EscapadaRural","og_description":"La tarde del 23 de mayo estuvo destinada a las sesiones de trabajo. En total se impartieron 4 talleres relacionados con el ecoturismo, el marketing, c\u00f3mo optimizar la inversi\u00f3n en EscapadaRural.com y c\u00f3mo atraer a los clientes internacionales.","og_url":"https:\/\/www.escapadarural.com\/blog\/las-4-sesiones-de-trabajo-de-coetur\/","og_site_name":"Magazine de viajes de EscapadaRural","article_publisher":"https:\/\/www.facebook.com\/escapadarural","article_published_time":"2018-05-23T15:02:18+00:00","article_modified_time":"2026-02-05T12:46:13+00:00","og_image":[{"width":680,"height":453,"url":"https:\/\/www.escapadarural.com\/blog\/wp-content\/uploads\/2024\/10\/TALLERES-2.jpg","type":"image\/jpeg"}],"author":"Laura Fern\u00e1ndez","twitter_card":"summary_large_image","twitter_misc":{"Escrito por":"Laura Fern\u00e1ndez","Tiempo de lectura":"4 minutos"},"schema":{"@context":"https:\/\/schema.org","@graph":[{"@type":"Article","@id":"https:\/\/www.escapadarural.com\/blog\/las-4-sesiones-de-trabajo-de-coetur\/#article","isPartOf":{"@id":"https:\/\/www.escapadarural.com\/blog\/las-4-sesiones-de-trabajo-de-coetur\/"},"author":{"name":"Laura Fern\u00e1ndez","@id":"https:\/\/www.escapadarural.com\/blog\/#\/schema\/person\/a9b46ae4d047d8a2c719f31e75206cff"},"headline":"Las 4 sesiones de trabajo de #COETUR","datePublished":"2018-05-23T15:02:18+00:00","dateModified":"2026-02-05T12:46:13+00:00","mainEntityOfPage":{"@id":"https:\/\/www.escapadarural.com\/blog\/las-4-sesiones-de-trabajo-de-coetur\/"},"wordCount":797,"commentCount":0,"publisher":{"@id":"https:\/\/www.escapadarural.com\/blog\/#organization"},"image":{"@id":"https:\/\/www.escapadarural.com\/blog\/las-4-sesiones-de-trabajo-de-coetur\/#primaryimage"},"thumbnailUrl":"https:\/\/www.escapadarural.com\/blog\/wp-content\/uploads\/2024\/10\/TALLERES-2.jpg","keywords":["art\u00edculo","COETUR","Congreso Europeo de Turismo Rural","evento","Primavera"],"articleSection":["Coetur","Noticias"],"inLanguage":"es","potentialAction":[{"@type":"CommentAction","name":"Comment","target":["https:\/\/www.escapadarural.com\/blog\/las-4-sesiones-de-trabajo-de-coetur\/#respond"]}]},{"@type":"WebPage","@id":"https:\/\/www.escapadarural.com\/blog\/las-4-sesiones-de-trabajo-de-coetur\/","url":"https:\/\/www.escapadarural.com\/blog\/las-4-sesiones-de-trabajo-de-coetur\/","name":"Las 4 sesiones de trabajo de #COETUR - EscapadaRural","isPartOf":{"@id":"https:\/\/www.escapadarural.com\/blog\/#website"},"primaryImageOfPage":{"@id":"https:\/\/www.escapadarural.com\/blog\/las-4-sesiones-de-trabajo-de-coetur\/#primaryimage"},"image":{"@id":"https:\/\/www.escapadarural.com\/blog\/las-4-sesiones-de-trabajo-de-coetur\/#primaryimage"},"thumbnailUrl":"https:\/\/www.escapadarural.com\/blog\/wp-content\/uploads\/2024\/10\/TALLERES-2.jpg","datePublished":"2018-05-23T15:02:18+00:00","dateModified":"2026-02-05T12:46:13+00:00","breadcrumb":{"@id":"https:\/\/www.escapadarural.com\/blog\/las-4-sesiones-de-trabajo-de-coetur\/#breadcrumb"},"inLanguage":"es","potentialAction":[{"@type":"ReadAction","target":["https:\/\/www.escapadarural.com\/blog\/las-4-sesiones-de-trabajo-de-coetur\/"]}]},{"@type":"ImageObject","inLanguage":"es","@id":"https:\/\/www.escapadarural.com\/blog\/las-4-sesiones-de-trabajo-de-coetur\/#primaryimage","url":"https:\/\/www.escapadarural.com\/blog\/wp-content\/uploads\/2024\/10\/TALLERES-2.jpg","contentUrl":"https:\/\/www.escapadarural.com\/blog\/wp-content\/uploads\/2024\/10\/TALLERES-2.jpg","width":680,"height":453,"caption":"Un hombre se levanta y gesticula mientras habla a un grupo de personas sentadas alrededor de una mesa en una conferencia o taller. Sobre la mesa hay papeles y cuadernos, y al fondo se ven otras personas sentadas en mesas similares."},{"@type":"BreadcrumbList","@id":"https:\/\/www.escapadarural.com\/blog\/las-4-sesiones-de-trabajo-de-coetur\/#breadcrumb","itemListElement":[{"@type":"ListItem","position":1,"name":"Inicio","item":"https:\/\/www.escapadarural.com\/blog\/"},{"@type":"ListItem","position":2,"name":"Coetur","item":"https:\/\/www.escapadarural.com\/blog\/categoria\/coetur\/"},{"@type":"ListItem","position":3,"name":"Las 4 sesiones de trabajo de #COETUR"}]},{"@type":"WebSite","@id":"https:\/\/www.escapadarural.com\/blog\/#website","url":"https:\/\/www.escapadarural.com\/blog\/","name":"Blog de viajes | turismo rural, alojamientos e inspiraci\u00f3n","description":"Alojamientos rurales e inspiraci\u00f3n para tus escapadas","publisher":{"@id":"https:\/\/www.escapadarural.com\/blog\/#organization"},"alternateName":"Magazine de viajes de EscapadaRural","potentialAction":[{"@type":"SearchAction","target":{"@type":"EntryPoint","urlTemplate":"https:\/\/www.escapadarural.com\/blog\/?s={search_term_string}"},"query-input":{"@type":"PropertyValueSpecification","valueRequired":true,"valueName":"search_term_string"}}],"inLanguage":"es"},{"@type":"Organization","@id":"https:\/\/www.escapadarural.com\/blog\/#organization","name":"EscapadaRural","url":"https:\/\/www.escapadarural.com\/blog\/","logo":{"@type":"ImageObject","inLanguage":"es","@id":"https:\/\/www.escapadarural.com\/blog\/#\/schema\/logo\/image\/","url":"https:\/\/www.escapadarural.com\/blog\/wp-content\/uploads\/2024\/10\/cropped-cropped-escapada-rural-icon-mag-3.png","contentUrl":"https:\/\/www.escapadarural.com\/blog\/wp-content\/uploads\/2024\/10\/cropped-cropped-escapada-rural-icon-mag-3.png","width":512,"height":512,"caption":"EscapadaRural"},"image":{"@id":"https:\/\/www.escapadarural.com\/blog\/#\/schema\/logo\/image\/"},"sameAs":["https:\/\/www.facebook.com\/escapadarural","https:\/\/www.instagram.com\/escapadarural\/","https:\/\/www.youtube.com\/@escapadaruralcom"]},{"@type":"Person","@id":"https:\/\/www.escapadarural.com\/blog\/#\/schema\/person\/a9b46ae4d047d8a2c719f31e75206cff","name":"Laura Fern\u00e1ndez","image":{"@type":"ImageObject","inLanguage":"es","@id":"https:\/\/www.escapadarural.com\/blog\/wp-content\/uploads\/2025\/01\/cropped-laura_raponchii-96x96.jpg","url":"https:\/\/www.escapadarural.com\/blog\/wp-content\/uploads\/2025\/01\/cropped-laura_raponchii-96x96.jpg","contentUrl":"https:\/\/www.escapadarural.com\/blog\/wp-content\/uploads\/2025\/01\/cropped-laura_raponchii-96x96.jpg","caption":"Laura Fern\u00e1ndez"},"description":"Periodista, blogger y viajera. No necesariamente en ese orden. En ocasiones me despierto sin saber d\u00f3nde estoy. Adicta a los c\u00f3mics y a los noodles con salsa de cacahuete. Redactora en @escapadarural, colaboradora en la Conde Nast Traveler y en la Divinity. Mi casa: Meridiano180.","sameAs":["http:\/\/www.meridiano180.com\/"],"url":"https:\/\/www.escapadarural.com\/blog\/autor\/laura\/"}]}},"_links":{"self":[{"href":"https:\/\/www.escapadarural.com\/blog\/wp-json\/wp\/v2\/posts\/14571","targetHints":{"allow":["GET"]}}],"collection":[{"href":"https:\/\/www.escapadarural.com\/blog\/wp-json\/wp\/v2\/posts"}],"about":[{"href":"https:\/\/www.escapadarural.com\/blog\/wp-json\/wp\/v2\/types\/post"}],"author":[{"embeddable":true,"href":"https:\/\/www.escapadarural.com\/blog\/wp-json\/wp\/v2\/users\/89"}],"replies":[{"embeddable":true,"href":"https:\/\/www.escapadarural.com\/blog\/wp-json\/wp\/v2\/comments?post=14571"}],"version-history":[{"count":0,"href":"https:\/\/www.escapadarural.com\/blog\/wp-json\/wp\/v2\/posts\/14571\/revisions"}],"wp:featuredmedia":[{"embeddable":true,"href":"https:\/\/www.escapadarural.com\/blog\/wp-json\/wp\/v2\/media\/104564"}],"wp:attachment":[{"href":"https:\/\/www.escapadarural.com\/blog\/wp-json\/wp\/v2\/media?parent=14571"}],"wp:term":[{"taxonomy":"category","embeddable":true,"href":"https:\/\/www.escapadarural.com\/blog\/wp-json\/wp\/v2\/categories?post=14571"},{"taxonomy":"post_tag","embeddable":true,"href":"https:\/\/www.escapadarural.com\/blog\/wp-json\/wp\/v2\/tags?post=14571"}],"curies":[{"name":"wp","href":"https:\/\/api.w.org\/{rel}","templated":true}]}}