{"id":14577,"date":"2018-05-23T17:11:41","date_gmt":"2018-05-23T17:11:41","guid":{"rendered":"http:\/\/15.188.81.248\/2018\/05\/23\/el-video-un-aliado-para-contar-buenas-historias-coetur\/"},"modified":"2025-08-04T11:36:46","modified_gmt":"2025-08-04T09:36:46","slug":"el-video-un-aliado-para-contar-buenas-historias-coetur","status":"publish","type":"post","link":"https:\/\/www.escapadarural.com\/blog\/el-video-un-aliado-para-contar-buenas-historias-coetur\/","title":{"rendered":"El v\u00eddeo: un aliado para contar buenas historias #COETUR"},"content":{"rendered":"\n<figure class=\"wp-block-embed is-type-video is-provider-youtube wp-block-embed-youtube wp-embed-aspect-16-9 wp-has-aspect-ratio\"><div class=\"wp-block-embed__wrapper\">\n<span class=\"bw3sQZkoiRNgh0ITu9nqt4xjJDOULPMEl5KCS2cW1G\"><div class=\"video-shortcode\"><iframe title=\"7. El v\u00eddeo, un aliado para contar buenas historias\" width=\"1200\" height=\"675\" src=\"https:\/\/www.youtube.com\/embed\/Ahtln8iQISM?feature=oembed\" frameborder=\"0\" allow=\"accelerometer; autoplay; clipboard-write; encrypted-media; gyroscope; picture-in-picture; web-share\" referrerpolicy=\"strict-origin-when-cross-origin\" allowfullscreen><\/iframe><\/div><\/span>\n<\/div><\/figure>\n\n\n\n<p>El contenido es el rey y, dentro de la lucha por mantener la atenci\u00f3n del viajero, el v\u00eddeo no ha parado de ganar terreno. El tiempo promedio de visualizaci\u00f3n de v\u00eddeos en internet ya es de 5,75 horas por semana.<\/p>\n\n\n\n<p>El encargado de explicar las ventajas sobre los contenidos audiovisuales fue el Youtuber Diego Pons, de <a rel=\"noopener noreferrer\" href=\"http:\/\/www.viajandocondiego.com\" target=\"_blank\" class=\"rank-math-link\">Viajando con Diego<\/a>.<\/p>\n\n\n\n<!--more-->\n\n\n\n<p>Diego Pons comenz\u00f3 hablando de sus inicios \u00abYo era un guitarrista importante, toqu\u00e9 con Marta S\u00e1nchez, Emilio Arag\u00f3n y Miguel Bos\u00e9. Luego me busqu\u00e9 nuevos horizontes\u00bb. Su canal de Youtube lleva abierto desde el 2008 y, aunque \u00e9l no se considera un visionarios, es uno de los Youtubers de viajes m\u00e1s vistos.<\/p>\n\n\n\n<p>Su primera experiencia con el v\u00eddeo fue cuando decidi\u00f3 ir a grabar a los tiburones ballena en M\u00e9xico. \u00abYo estaba tan alucinado que realmente no atend\u00ed mucho al v\u00eddeo. Yo ya ten\u00eda mi canal de actuaciones y conciertos, por lo que me parec\u00eda un poco raro subir el v\u00eddeo de un tibur\u00f3n ballena\u00bb, explic\u00f3. \u00abSin embargo, a medida que fui montando el v\u00eddeo me di cuenta de que estaba genial y me empez\u00f3 a gustar\u00bb.<\/p>\n\n\n\n<p>Cuando lo termin\u00f3, Pons cont\u00f3 que lo subi\u00f3 a YouTube a un canal llamado Viajando con Diego \u00abNunca imagin\u00e9 que acabar\u00eda siendo mi trabajo, sino me hubiera currado el nombre un poco m\u00e1s\u00bb. Cuatro d\u00edas despu\u00e9s volvi\u00f3 a verlo y ya ten\u00eda 12.000 visitas. \u00abLa mayor parte de ellas ven\u00edan del portal de Turismo de M\u00e9xico porque lo hab\u00edan puesto en su portada. La raz\u00f3n es que estaba empezando la temporada y todav\u00eda no hab\u00eda v\u00eddeos sobre ello\u00bb, continu\u00f3.<\/p>\n\n\n\n<p>\u00abYo en realidad so\u00f1aba con ser guitarrista y, despu\u00e9s de 24 a\u00f1os y haberlo conseguido, estaba casado de ello. \u00bfY si me dedicaba a los viajes? No ten\u00eda nada que perder\u00bb, cont\u00f3. Su primera toma de contacto con el sector fue present\u00e1ndose en la oficina de turismo para comentarles que estaban usando el v\u00eddeo sin su permiso y para ense\u00f1arles un v\u00eddeo de \u00e9l tocando con Luis Miguel.<\/p>\n\n\n\n<p>Desde entonces, Diego Pons no ha dejado de hacer campa\u00f1as para M\u00e9xico y para otras empresas donde ha aprendido muchas cosas.<\/p>\n\n\n\n<p>A continuaci\u00f3n, se centr\u00f3 en hablar de la plataforma YouTube. \u00abUna cosa que esta clara es que la plataforma de v\u00eddeos de la humanidad ser\u00e1 YouTube. En el caso del turismo rural me sorprendi\u00f3 que el porcentaje de visitas fuera s\u00f3lo un 8% de las visitas\u00bb.<\/p>\n\n\n\n<p>Para Pons no hace falta ser un profesional del v\u00eddeo para lograr captar las visitas, sino que basta con estar el d\u00eda adecuado con el material adecuado. \u00abLa gente me pregunta qu\u00e9 puede hacer. Yo creo que lo primero es estudiar qu\u00e9 es lo que quiere, cu\u00e1l es su nicho y qui\u00e9n puede ser su usuario\u00bb, afirm\u00f3.<\/p>\n\n\n\n<p>Seg\u00fan Diego Pons, en Youtube no hay unas reglas. Hay que intentar que sea natural. Para eso explic\u00f3 que antes de que la oficina de Turismo de M\u00e9xico quisiera sus v\u00eddeos se los contrataban a una empresa de Miami que presentaba unos v\u00eddeos que parec\u00edan irreales, estaban muy maquillados. \u00abLo m\u00edo era muy natural porque era en plan \u00a1mira este t\u00edo qu\u00e9 bien se lo est\u00e1 pasando!\u00bb, continu\u00f3.<\/p>\n\n\n\n<p>Pons considera que \u00e9l llev\u00f3 la gracia a los v\u00eddeos aunque \u00abNo puedo deciros qu\u00e9 ten\u00e9is que hacer. Si que puedo daros algunos consejos como, por ejemplo, el posicionamiento del v\u00eddeo: tener cuidado con el t\u00edtulo y las palabras claves. Sobre el contenido no se puede saber qu\u00e9 va a funcionar\u00bb, dijo recalcando la importancia del posicionamiento SEO.<\/p>\n\n\n\n<p>Antes de concluir cont\u00f3 un \u00faltimo caso de cuando le contrataron para hacer una campa\u00f1a para Turismo de Sud\u00e1frica: \u00abEl pa\u00eds seleccion\u00f3 5 videobloggers del mundo para grabar un trozo de Sud\u00e1frica y de ese v\u00eddeo que grab\u00e1semos coger\u00edamos un trocito para hacer su propio resumen del viaje. Se quedaron flipando cuando me vieron sin equipo de v\u00eddeo\u00bb, cont\u00f3.<\/p>\n\n\n\n<p>A pesar de que en el viaje iban periodistas y c\u00e1maras profesionales, Diego Pons destac\u00f3 por encima de los dem\u00e1s por su originalidad de hacer bungee jumping en unos acantilados. \u00abTuve la suerte que me salieron unos planos de GoPro muy buenos\u00bb, explic\u00f3. \u00abCuando lo mont\u00e9 decidieron que ser\u00eda mi video el que iban a usar en la campa\u00f1a.<\/p>\n\n\n\n<p>La ponencia termin\u00f3 con el v\u00eddeo de la campa\u00f1a.<\/p>\n","protected":false},"excerpt":{"rendered":"<p>El contenido es el rey y, dentro de la lucha por mantener la atenci\u00f3n del viajero, el v\u00eddeo no ha parado de ganar terreno. El tiempo promedio de visualizaci\u00f3n de v\u00eddeos en internet ya es de 5,75 horas por semana.<\/p>\n","protected":false},"author":89,"featured_media":184347,"comment_status":"open","ping_status":"closed","sticky":false,"template":"","format":"standard","meta":{"_acf_changed":false,"om_disable_all_campaigns":false,"footnotes":""},"categories":[385,524,390],"tags":[260,386,1297,1130],"class_list":["post-14577","post","type-post","status-publish","format-standard","has-post-thumbnail","hentry","category-coetur","category-er-academy","category-noticias","tag-articulo","tag-coetur","tag-congreso-europeo-de-turismo-rural","tag-video"],"acf":[],"featured_image_src":"https:\/\/www.escapadarural.com\/blog\/wp-content\/uploads\/2024\/12\/logo-coetur-black.png","author_info":{"display_name":"Laura Fern\u00e1ndez","author_link":"https:\/\/www.escapadarural.com\/blog\/autor\/laura\/"},"yoast_head":"<!-- This site is optimized with the Yoast SEO plugin v27.5 - https:\/\/yoast.com\/product\/yoast-seo-wordpress\/ -->\n<title>El v\u00eddeo: un aliado para contar buenas historias #COETUR - EscapadaRural<\/title>\n<meta name=\"robots\" content=\"index, follow, max-snippet:-1, max-image-preview:large, max-video-preview:-1\" \/>\n<link rel=\"canonical\" href=\"https:\/\/www.escapadarural.com\/blog\/el-video-un-aliado-para-contar-buenas-historias-coetur\/\" \/>\n<meta property=\"og:locale\" content=\"es_ES\" \/>\n<meta property=\"og:type\" content=\"article\" \/>\n<meta property=\"og:title\" content=\"El v\u00eddeo: un aliado para contar buenas historias #COETUR - EscapadaRural\" \/>\n<meta property=\"og:description\" content=\"El contenido es el rey y, dentro de la lucha por mantener la atenci\u00f3n del viajero, el v\u00eddeo no ha parado de ganar terreno. El tiempo promedio de visualizaci\u00f3n de v\u00eddeos en internet ya es de 5,75 horas por semana.\" \/>\n<meta property=\"og:url\" content=\"https:\/\/www.escapadarural.com\/blog\/el-video-un-aliado-para-contar-buenas-historias-coetur\/\" \/>\n<meta property=\"og:site_name\" content=\"Magazine de viajes de EscapadaRural\" \/>\n<meta property=\"article:publisher\" content=\"https:\/\/www.facebook.com\/escapadarural\" \/>\n<meta property=\"article:published_time\" content=\"2018-05-23T17:11:41+00:00\" \/>\n<meta property=\"article:modified_time\" content=\"2025-08-04T09:36:46+00:00\" \/>\n<meta property=\"og:image\" content=\"https:\/\/www.escapadarural.com\/blog\/wp-content\/uploads\/2024\/12\/logo-coetur-black.png?v=1754300207\" \/>\n\t<meta property=\"og:image:width\" content=\"799\" \/>\n\t<meta property=\"og:image:height\" content=\"288\" \/>\n\t<meta property=\"og:image:type\" content=\"image\/png\" \/>\n<meta name=\"author\" content=\"Laura Fern\u00e1ndez\" \/>\n<meta name=\"twitter:card\" content=\"summary_large_image\" \/>\n<meta name=\"twitter:label1\" content=\"Escrito por\" \/>\n\t<meta name=\"twitter:data1\" content=\"Laura Fern\u00e1ndez\" \/>\n\t<meta name=\"twitter:label2\" content=\"Tiempo de lectura\" \/>\n\t<meta name=\"twitter:data2\" content=\"4 minutos\" \/>\n<script type=\"application\/ld+json\" class=\"yoast-schema-graph\">{\"@context\":\"https:\\\/\\\/schema.org\",\"@graph\":[{\"@type\":\"Article\",\"@id\":\"https:\\\/\\\/www.escapadarural.com\\\/blog\\\/el-video-un-aliado-para-contar-buenas-historias-coetur\\\/#article\",\"isPartOf\":{\"@id\":\"https:\\\/\\\/www.escapadarural.com\\\/blog\\\/el-video-un-aliado-para-contar-buenas-historias-coetur\\\/\"},\"author\":{\"name\":\"Laura Fern\u00e1ndez\",\"@id\":\"https:\\\/\\\/www.escapadarural.com\\\/blog\\\/#\\\/schema\\\/person\\\/a9b46ae4d047d8a2c719f31e75206cff\"},\"headline\":\"El v\u00eddeo: un aliado para contar buenas historias #COETUR\",\"datePublished\":\"2018-05-23T17:11:41+00:00\",\"dateModified\":\"2025-08-04T09:36:46+00:00\",\"mainEntityOfPage\":{\"@id\":\"https:\\\/\\\/www.escapadarural.com\\\/blog\\\/el-video-un-aliado-para-contar-buenas-historias-coetur\\\/\"},\"wordCount\":795,\"commentCount\":0,\"publisher\":{\"@id\":\"https:\\\/\\\/www.escapadarural.com\\\/blog\\\/#organization\"},\"image\":{\"@id\":\"https:\\\/\\\/www.escapadarural.com\\\/blog\\\/el-video-un-aliado-para-contar-buenas-historias-coetur\\\/#primaryimage\"},\"thumbnailUrl\":\"https:\\\/\\\/www.escapadarural.com\\\/blog\\\/wp-content\\\/uploads\\\/2024\\\/12\\\/logo-coetur-black.png\",\"keywords\":[\"art\u00edculo\",\"COETUR\",\"Congreso Europeo de Turismo Rural\",\"v\u00eddeo\"],\"articleSection\":[\"Coetur\",\"ER Academy\",\"Noticias\"],\"inLanguage\":\"es\",\"potentialAction\":[{\"@type\":\"CommentAction\",\"name\":\"Comment\",\"target\":[\"https:\\\/\\\/www.escapadarural.com\\\/blog\\\/el-video-un-aliado-para-contar-buenas-historias-coetur\\\/#respond\"]}]},{\"@type\":\"WebPage\",\"@id\":\"https:\\\/\\\/www.escapadarural.com\\\/blog\\\/el-video-un-aliado-para-contar-buenas-historias-coetur\\\/\",\"url\":\"https:\\\/\\\/www.escapadarural.com\\\/blog\\\/el-video-un-aliado-para-contar-buenas-historias-coetur\\\/\",\"name\":\"El v\u00eddeo: un aliado para contar buenas historias #COETUR - EscapadaRural\",\"isPartOf\":{\"@id\":\"https:\\\/\\\/www.escapadarural.com\\\/blog\\\/#website\"},\"primaryImageOfPage\":{\"@id\":\"https:\\\/\\\/www.escapadarural.com\\\/blog\\\/el-video-un-aliado-para-contar-buenas-historias-coetur\\\/#primaryimage\"},\"image\":{\"@id\":\"https:\\\/\\\/www.escapadarural.com\\\/blog\\\/el-video-un-aliado-para-contar-buenas-historias-coetur\\\/#primaryimage\"},\"thumbnailUrl\":\"https:\\\/\\\/www.escapadarural.com\\\/blog\\\/wp-content\\\/uploads\\\/2024\\\/12\\\/logo-coetur-black.png\",\"datePublished\":\"2018-05-23T17:11:41+00:00\",\"dateModified\":\"2025-08-04T09:36:46+00:00\",\"breadcrumb\":{\"@id\":\"https:\\\/\\\/www.escapadarural.com\\\/blog\\\/el-video-un-aliado-para-contar-buenas-historias-coetur\\\/#breadcrumb\"},\"inLanguage\":\"es\",\"potentialAction\":[{\"@type\":\"ReadAction\",\"target\":[\"https:\\\/\\\/www.escapadarural.com\\\/blog\\\/el-video-un-aliado-para-contar-buenas-historias-coetur\\\/\"]}]},{\"@type\":\"ImageObject\",\"inLanguage\":\"es\",\"@id\":\"https:\\\/\\\/www.escapadarural.com\\\/blog\\\/el-video-un-aliado-para-contar-buenas-historias-coetur\\\/#primaryimage\",\"url\":\"https:\\\/\\\/www.escapadarural.com\\\/blog\\\/wp-content\\\/uploads\\\/2024\\\/12\\\/logo-coetur-black.png\",\"contentUrl\":\"https:\\\/\\\/www.escapadarural.com\\\/blog\\\/wp-content\\\/uploads\\\/2024\\\/12\\\/logo-coetur-black.png\",\"width\":799,\"height\":288,\"caption\":\"Coetur logo\"},{\"@type\":\"BreadcrumbList\",\"@id\":\"https:\\\/\\\/www.escapadarural.com\\\/blog\\\/el-video-un-aliado-para-contar-buenas-historias-coetur\\\/#breadcrumb\",\"itemListElement\":[{\"@type\":\"ListItem\",\"position\":1,\"name\":\"Inicio\",\"item\":\"https:\\\/\\\/www.escapadarural.com\\\/blog\\\/\"},{\"@type\":\"ListItem\",\"position\":2,\"name\":\"Noticias\",\"item\":\"https:\\\/\\\/www.escapadarural.com\\\/blog\\\/categoria\\\/noticias\\\/\"},{\"@type\":\"ListItem\",\"position\":3,\"name\":\"El v\u00eddeo: un aliado para contar buenas historias #COETUR\"}]},{\"@type\":\"WebSite\",\"@id\":\"https:\\\/\\\/www.escapadarural.com\\\/blog\\\/#website\",\"url\":\"https:\\\/\\\/www.escapadarural.com\\\/blog\\\/\",\"name\":\"Blog de viajes | turismo rural, alojamientos e inspiraci\u00f3n\",\"description\":\"Alojamientos rurales e inspiraci\u00f3n para tus escapadas\",\"publisher\":{\"@id\":\"https:\\\/\\\/www.escapadarural.com\\\/blog\\\/#organization\"},\"alternateName\":\"Magazine de viajes de EscapadaRural\",\"potentialAction\":[{\"@type\":\"SearchAction\",\"target\":{\"@type\":\"EntryPoint\",\"urlTemplate\":\"https:\\\/\\\/www.escapadarural.com\\\/blog\\\/?s={search_term_string}\"},\"query-input\":{\"@type\":\"PropertyValueSpecification\",\"valueRequired\":true,\"valueName\":\"search_term_string\"}}],\"inLanguage\":\"es\"},{\"@type\":\"Organization\",\"@id\":\"https:\\\/\\\/www.escapadarural.com\\\/blog\\\/#organization\",\"name\":\"EscapadaRural\",\"url\":\"https:\\\/\\\/www.escapadarural.com\\\/blog\\\/\",\"logo\":{\"@type\":\"ImageObject\",\"inLanguage\":\"es\",\"@id\":\"https:\\\/\\\/www.escapadarural.com\\\/blog\\\/#\\\/schema\\\/logo\\\/image\\\/\",\"url\":\"https:\\\/\\\/www.escapadarural.com\\\/blog\\\/wp-content\\\/uploads\\\/2024\\\/10\\\/cropped-cropped-escapada-rural-icon-mag-3.png\",\"contentUrl\":\"https:\\\/\\\/www.escapadarural.com\\\/blog\\\/wp-content\\\/uploads\\\/2024\\\/10\\\/cropped-cropped-escapada-rural-icon-mag-3.png\",\"width\":512,\"height\":512,\"caption\":\"EscapadaRural\"},\"image\":{\"@id\":\"https:\\\/\\\/www.escapadarural.com\\\/blog\\\/#\\\/schema\\\/logo\\\/image\\\/\"},\"sameAs\":[\"https:\\\/\\\/www.facebook.com\\\/escapadarural\",\"https:\\\/\\\/www.instagram.com\\\/escapadarural\\\/\",\"https:\\\/\\\/www.youtube.com\\\/@escapadaruralcom\"]},{\"@type\":\"Person\",\"@id\":\"https:\\\/\\\/www.escapadarural.com\\\/blog\\\/#\\\/schema\\\/person\\\/a9b46ae4d047d8a2c719f31e75206cff\",\"name\":\"Laura Fern\u00e1ndez\",\"image\":{\"@type\":\"ImageObject\",\"inLanguage\":\"es\",\"@id\":\"https:\\\/\\\/www.escapadarural.com\\\/blog\\\/wp-content\\\/uploads\\\/2025\\\/01\\\/cropped-laura_raponchii-96x96.jpg\",\"url\":\"https:\\\/\\\/www.escapadarural.com\\\/blog\\\/wp-content\\\/uploads\\\/2025\\\/01\\\/cropped-laura_raponchii-96x96.jpg\",\"contentUrl\":\"https:\\\/\\\/www.escapadarural.com\\\/blog\\\/wp-content\\\/uploads\\\/2025\\\/01\\\/cropped-laura_raponchii-96x96.jpg\",\"caption\":\"Laura Fern\u00e1ndez\"},\"description\":\"Periodista, blogger y viajera. No necesariamente en ese orden. En ocasiones me despierto sin saber d\u00f3nde estoy. Adicta a los c\u00f3mics y a los noodles con salsa de cacahuete. Redactora en @escapadarural, colaboradora en la Conde Nast Traveler y en la Divinity. Mi casa: Meridiano180.\",\"sameAs\":[\"http:\\\/\\\/www.meridiano180.com\\\/\"],\"url\":\"https:\\\/\\\/www.escapadarural.com\\\/blog\\\/autor\\\/laura\\\/\"}]}<\/script>\n<!-- \/ Yoast SEO plugin. -->","yoast_head_json":{"title":"El v\u00eddeo: un aliado para contar buenas historias #COETUR - EscapadaRural","robots":{"index":"index","follow":"follow","max-snippet":"max-snippet:-1","max-image-preview":"max-image-preview:large","max-video-preview":"max-video-preview:-1"},"canonical":"https:\/\/www.escapadarural.com\/blog\/el-video-un-aliado-para-contar-buenas-historias-coetur\/","og_locale":"es_ES","og_type":"article","og_title":"El v\u00eddeo: un aliado para contar buenas historias #COETUR - EscapadaRural","og_description":"El contenido es el rey y, dentro de la lucha por mantener la atenci\u00f3n del viajero, el v\u00eddeo no ha parado de ganar terreno. El tiempo promedio de visualizaci\u00f3n de v\u00eddeos en internet ya es de 5,75 horas por semana.","og_url":"https:\/\/www.escapadarural.com\/blog\/el-video-un-aliado-para-contar-buenas-historias-coetur\/","og_site_name":"Magazine de viajes de EscapadaRural","article_publisher":"https:\/\/www.facebook.com\/escapadarural","article_published_time":"2018-05-23T17:11:41+00:00","article_modified_time":"2025-08-04T09:36:46+00:00","og_image":[{"width":799,"height":288,"url":"https:\/\/www.escapadarural.com\/blog\/wp-content\/uploads\/2024\/12\/logo-coetur-black.png?v=1754300207","type":"image\/png"}],"author":"Laura Fern\u00e1ndez","twitter_card":"summary_large_image","twitter_misc":{"Escrito por":"Laura Fern\u00e1ndez","Tiempo de lectura":"4 minutos"},"schema":{"@context":"https:\/\/schema.org","@graph":[{"@type":"Article","@id":"https:\/\/www.escapadarural.com\/blog\/el-video-un-aliado-para-contar-buenas-historias-coetur\/#article","isPartOf":{"@id":"https:\/\/www.escapadarural.com\/blog\/el-video-un-aliado-para-contar-buenas-historias-coetur\/"},"author":{"name":"Laura Fern\u00e1ndez","@id":"https:\/\/www.escapadarural.com\/blog\/#\/schema\/person\/a9b46ae4d047d8a2c719f31e75206cff"},"headline":"El v\u00eddeo: un aliado para contar buenas historias #COETUR","datePublished":"2018-05-23T17:11:41+00:00","dateModified":"2025-08-04T09:36:46+00:00","mainEntityOfPage":{"@id":"https:\/\/www.escapadarural.com\/blog\/el-video-un-aliado-para-contar-buenas-historias-coetur\/"},"wordCount":795,"commentCount":0,"publisher":{"@id":"https:\/\/www.escapadarural.com\/blog\/#organization"},"image":{"@id":"https:\/\/www.escapadarural.com\/blog\/el-video-un-aliado-para-contar-buenas-historias-coetur\/#primaryimage"},"thumbnailUrl":"https:\/\/www.escapadarural.com\/blog\/wp-content\/uploads\/2024\/12\/logo-coetur-black.png","keywords":["art\u00edculo","COETUR","Congreso Europeo de Turismo Rural","v\u00eddeo"],"articleSection":["Coetur","ER Academy","Noticias"],"inLanguage":"es","potentialAction":[{"@type":"CommentAction","name":"Comment","target":["https:\/\/www.escapadarural.com\/blog\/el-video-un-aliado-para-contar-buenas-historias-coetur\/#respond"]}]},{"@type":"WebPage","@id":"https:\/\/www.escapadarural.com\/blog\/el-video-un-aliado-para-contar-buenas-historias-coetur\/","url":"https:\/\/www.escapadarural.com\/blog\/el-video-un-aliado-para-contar-buenas-historias-coetur\/","name":"El v\u00eddeo: un aliado para contar buenas historias #COETUR - EscapadaRural","isPartOf":{"@id":"https:\/\/www.escapadarural.com\/blog\/#website"},"primaryImageOfPage":{"@id":"https:\/\/www.escapadarural.com\/blog\/el-video-un-aliado-para-contar-buenas-historias-coetur\/#primaryimage"},"image":{"@id":"https:\/\/www.escapadarural.com\/blog\/el-video-un-aliado-para-contar-buenas-historias-coetur\/#primaryimage"},"thumbnailUrl":"https:\/\/www.escapadarural.com\/blog\/wp-content\/uploads\/2024\/12\/logo-coetur-black.png","datePublished":"2018-05-23T17:11:41+00:00","dateModified":"2025-08-04T09:36:46+00:00","breadcrumb":{"@id":"https:\/\/www.escapadarural.com\/blog\/el-video-un-aliado-para-contar-buenas-historias-coetur\/#breadcrumb"},"inLanguage":"es","potentialAction":[{"@type":"ReadAction","target":["https:\/\/www.escapadarural.com\/blog\/el-video-un-aliado-para-contar-buenas-historias-coetur\/"]}]},{"@type":"ImageObject","inLanguage":"es","@id":"https:\/\/www.escapadarural.com\/blog\/el-video-un-aliado-para-contar-buenas-historias-coetur\/#primaryimage","url":"https:\/\/www.escapadarural.com\/blog\/wp-content\/uploads\/2024\/12\/logo-coetur-black.png","contentUrl":"https:\/\/www.escapadarural.com\/blog\/wp-content\/uploads\/2024\/12\/logo-coetur-black.png","width":799,"height":288,"caption":"Coetur logo"},{"@type":"BreadcrumbList","@id":"https:\/\/www.escapadarural.com\/blog\/el-video-un-aliado-para-contar-buenas-historias-coetur\/#breadcrumb","itemListElement":[{"@type":"ListItem","position":1,"name":"Inicio","item":"https:\/\/www.escapadarural.com\/blog\/"},{"@type":"ListItem","position":2,"name":"Noticias","item":"https:\/\/www.escapadarural.com\/blog\/categoria\/noticias\/"},{"@type":"ListItem","position":3,"name":"El v\u00eddeo: un aliado para contar buenas historias #COETUR"}]},{"@type":"WebSite","@id":"https:\/\/www.escapadarural.com\/blog\/#website","url":"https:\/\/www.escapadarural.com\/blog\/","name":"Blog de viajes | turismo rural, alojamientos e inspiraci\u00f3n","description":"Alojamientos rurales e inspiraci\u00f3n para tus escapadas","publisher":{"@id":"https:\/\/www.escapadarural.com\/blog\/#organization"},"alternateName":"Magazine de viajes de EscapadaRural","potentialAction":[{"@type":"SearchAction","target":{"@type":"EntryPoint","urlTemplate":"https:\/\/www.escapadarural.com\/blog\/?s={search_term_string}"},"query-input":{"@type":"PropertyValueSpecification","valueRequired":true,"valueName":"search_term_string"}}],"inLanguage":"es"},{"@type":"Organization","@id":"https:\/\/www.escapadarural.com\/blog\/#organization","name":"EscapadaRural","url":"https:\/\/www.escapadarural.com\/blog\/","logo":{"@type":"ImageObject","inLanguage":"es","@id":"https:\/\/www.escapadarural.com\/blog\/#\/schema\/logo\/image\/","url":"https:\/\/www.escapadarural.com\/blog\/wp-content\/uploads\/2024\/10\/cropped-cropped-escapada-rural-icon-mag-3.png","contentUrl":"https:\/\/www.escapadarural.com\/blog\/wp-content\/uploads\/2024\/10\/cropped-cropped-escapada-rural-icon-mag-3.png","width":512,"height":512,"caption":"EscapadaRural"},"image":{"@id":"https:\/\/www.escapadarural.com\/blog\/#\/schema\/logo\/image\/"},"sameAs":["https:\/\/www.facebook.com\/escapadarural","https:\/\/www.instagram.com\/escapadarural\/","https:\/\/www.youtube.com\/@escapadaruralcom"]},{"@type":"Person","@id":"https:\/\/www.escapadarural.com\/blog\/#\/schema\/person\/a9b46ae4d047d8a2c719f31e75206cff","name":"Laura Fern\u00e1ndez","image":{"@type":"ImageObject","inLanguage":"es","@id":"https:\/\/www.escapadarural.com\/blog\/wp-content\/uploads\/2025\/01\/cropped-laura_raponchii-96x96.jpg","url":"https:\/\/www.escapadarural.com\/blog\/wp-content\/uploads\/2025\/01\/cropped-laura_raponchii-96x96.jpg","contentUrl":"https:\/\/www.escapadarural.com\/blog\/wp-content\/uploads\/2025\/01\/cropped-laura_raponchii-96x96.jpg","caption":"Laura Fern\u00e1ndez"},"description":"Periodista, blogger y viajera. No necesariamente en ese orden. En ocasiones me despierto sin saber d\u00f3nde estoy. Adicta a los c\u00f3mics y a los noodles con salsa de cacahuete. Redactora en @escapadarural, colaboradora en la Conde Nast Traveler y en la Divinity. Mi casa: Meridiano180.","sameAs":["http:\/\/www.meridiano180.com\/"],"url":"https:\/\/www.escapadarural.com\/blog\/autor\/laura\/"}]}},"_links":{"self":[{"href":"https:\/\/www.escapadarural.com\/blog\/wp-json\/wp\/v2\/posts\/14577","targetHints":{"allow":["GET"]}}],"collection":[{"href":"https:\/\/www.escapadarural.com\/blog\/wp-json\/wp\/v2\/posts"}],"about":[{"href":"https:\/\/www.escapadarural.com\/blog\/wp-json\/wp\/v2\/types\/post"}],"author":[{"embeddable":true,"href":"https:\/\/www.escapadarural.com\/blog\/wp-json\/wp\/v2\/users\/89"}],"replies":[{"embeddable":true,"href":"https:\/\/www.escapadarural.com\/blog\/wp-json\/wp\/v2\/comments?post=14577"}],"version-history":[{"count":0,"href":"https:\/\/www.escapadarural.com\/blog\/wp-json\/wp\/v2\/posts\/14577\/revisions"}],"wp:featuredmedia":[{"embeddable":true,"href":"https:\/\/www.escapadarural.com\/blog\/wp-json\/wp\/v2\/media\/184347"}],"wp:attachment":[{"href":"https:\/\/www.escapadarural.com\/blog\/wp-json\/wp\/v2\/media?parent=14577"}],"wp:term":[{"taxonomy":"category","embeddable":true,"href":"https:\/\/www.escapadarural.com\/blog\/wp-json\/wp\/v2\/categories?post=14577"},{"taxonomy":"post_tag","embeddable":true,"href":"https:\/\/www.escapadarural.com\/blog\/wp-json\/wp\/v2\/tags?post=14577"}],"curies":[{"name":"wp","href":"https:\/\/api.w.org\/{rel}","templated":true}]}}