{"id":14603,"date":"2018-05-24T09:52:51","date_gmt":"2018-05-24T08:52:51","guid":{"rendered":"http:\/\/15.188.81.248\/2018\/05\/24\/la-rioja-mas-alla-del-enoturismo-coetur\/"},"modified":"2025-08-04T11:37:10","modified_gmt":"2025-08-04T09:37:10","slug":"la-rioja-mas-alla-del-enoturismo-coetur","status":"publish","type":"post","link":"https:\/\/www.escapadarural.com\/blog\/la-rioja-mas-alla-del-enoturismo-coetur\/","title":{"rendered":"La Rioja, m\u00e1s all\u00e1 del enoturismo #COETUR"},"content":{"rendered":"\n<figure class=\"wp-block-image size-large\"><img decoding=\"async\" src=\"https:\/\/www.escapadarural.com\/blog\/wp-content\/uploads\/foto-coetur.jpg\" alt=\"\" class=\"wp-image-38193\"\/><\/figure>\n\n\n\n<p><a rel=\"noopener noreferrer\" href=\"https:\/\/lariojaturismo.com\/\" target=\"_blank\" class=\"rank-math-link\">La Rioja es un referente en turismo rural y tiene un posicionamiento consolidado en relaci\u00f3n al enoturismo, pero \u00bfqu\u00e9 percepci\u00f3n tiene el turista extranjero de este destino? \u00bfCu\u00e1l es la estrategia para destacar otros de sus muchos atractivos?<\/a><\/p>\n\n\n\n<p>El periodista Miguel \u00c1ngel Id\u00edgoras, de TVE, entrevist\u00f3 a Eduardo Rodr\u00edguez Os\u00e9s, Director General de <a rel=\"noopener noreferrer\" href=\"https:\/\/lariojaturismo.com\/\" target=\"_blank\" class=\"rank-math-link\">Turismo de La Rioja<\/a>, para dar respuesta a estas preguntas y conocer qu\u00e9 pasos sigue la comunidad aut\u00f3noma para posicionarse como destino rural.<\/p>\n\n\n\n<figure class=\"wp-block-embed is-type-video is-provider-youtube wp-block-embed-youtube wp-embed-aspect-16-9 wp-has-aspect-ratio\"><div class=\"wp-block-embed__wrapper\">\n<span class=\"OklFBKD1e0gqQ65LMTZNYf4putjxyaCHXW3SEnRhsr9VvJi7b2cz8GAI\"><div class=\"video-shortcode\"><iframe title=\"15. La Rioja, ma\u0301s alla\u0301 del enoturismo\" width=\"1200\" height=\"675\" src=\"https:\/\/www.youtube.com\/embed\/1KrX5mv0oTA?feature=oembed\" frameborder=\"0\" allow=\"accelerometer; autoplay; clipboard-write; encrypted-media; gyroscope; picture-in-picture; web-share\" referrerpolicy=\"strict-origin-when-cross-origin\" allowfullscreen><\/iframe><\/div><\/span>\n<\/div><\/figure>\n\n\n\n<p>La entrevista gir\u00f3 en torno a qu\u00e9 medidas hab\u00eda tomado La Rioja para darse a conocer. Seg\u00fan Rodr\u00edguez, la provincia est\u00e1 presente en numerosas ferias internacionales y gracias a su popular vino, todos saben que se trata de una tierra productora del mismo.<\/p>\n\n\n\n<p>A pesar de ello, Rodr\u00edguez ha querido dejar claro que La Rioja es mucho m\u00e1s que vino. Para ello destac\u00f3 el entorno natural y rural, ya que un 70% de la regi\u00f3n es sierra; Tambi\u00e9n quiso mencionar los recursos, monasterios, olivos y, por supuesto, los vi\u00f1edos.<\/p>\n\n\n\n<p>Id\u00edgoras quiso ahondar un poco m\u00e1s y pregunt\u00f3 acerca de las acciones en el extranjero. Rodr\u00edguez habl\u00f3 de una cata que se est\u00e1 organizando en Roma con blogueros, influencers y agencias de viajes, Tambi\u00e9n coment\u00f3 que est\u00e1n saliendo al exterior con campa\u00f1as novedosas que se pueden ver en la web y que colaboran con el Instituto de Cervantes para realizar diferentes eventos en ciudades donde est\u00e1n presentes y en el que se sirve vino Rioja.<\/p>\n\n\n\n<p>Por su parte, Id\u00edgoras dio su visi\u00f3n de los que piensan los brit\u00e1nicos y le explic\u00f3 que all\u00ed todos piensan que La Rioja es una marca de vino, pero que no saben que es una regi\u00f3n de Espa\u00f1a. \u00ab\u00bfHasta que punto La Rioja como vino es un lastre para promocionar otras cosas?\u00bb, pregunt\u00f3 Id\u00edgoras.<\/p>\n\n\n\n<p>Rodr\u00edguez admiti\u00f3 que el vino eclipsa al resto de las acciones en la mayor parte de los casos, no obstante, tal y como explic\u00f3 \u00abQueremos ir de la mano\u00bb. Sobre todo porque en las diferentes rutas tambi\u00e9n se disfruta de la gastronom\u00eda y en ella, inevitablemente, est\u00e1 muy presente el vino.<\/p>\n\n\n\n<p>La siguiente pregunta de Id\u00edgoras tuvo que ver con las diferencias entre el turismo nacional y el internacional. Para Rodr\u00edguez con el internacional hay que crear paquetes. \u00abNuestro aeropuerto s\u00f3lo opera a Madrid, por lo que los que quieran llegar desde el extranjero a La Rioja tienen que hacerlo en coche\u00bb, explic\u00f3. \u00abPara ellos hay que ofrecer tours que ya incluyan el transoporte\u00bb, a\u00f1adi\u00f3.<\/p>\n\n\n\n<p>Respecto a c\u00f3mo vender\u00eda La Rioja a un turista ingl\u00e9s o alem\u00e1n, Rodr\u00edguez dijo que el viajero se iba a encontrar \u00abcon cascadas, puentes, bosques, colonias de cig\u00fce\u00f1as blancas, un destino de estrellas, cielos limpios, la sierra Cebollera, vi\u00f1edos, olivos y, pr\u00f3ximamente, se podr\u00e1 sobrevolar la provincia en globo\u00bb, coment\u00f3.<\/p>\n\n\n\n<p>Acto seguido, Rodr\u00edguez respondi\u00f3 acerca del trabajo de la Diputaci\u00f3n y de Turismo. \u00abLa administraci\u00f3n me pide que traiga muchos turistas\u00bb, explic\u00f3. \u00abEstamos trabajando muy duro en ello, los recibimos con hospitalidad, como en todo el pa\u00eds, para que se sientan como en casa. Queremos que disfruten y compartan sus experiencias en las redes\u00bb.<\/p>\n\n\n\n<p>Para finalizar, Rodr\u00edguez explic\u00f3 el proyecto que lanzaron de Embajadores de La Rioja en el que cualquier riojano y viajero puede participar.<\/p>\n","protected":false},"excerpt":{"rendered":"<p>La Rioja es un referente en turismo rural y tiene un posicionamiento consolidado en relaci\u00f3n al enoturismo, pero \u00bfqu\u00e9 percepci\u00f3n tiene el turista extranjero de este destino? \u00bfCu\u00e1l es la estrategia para destacar otros de sus muchos atractivos?<\/p>\n","protected":false},"author":89,"featured_media":184347,"comment_status":"open","ping_status":"closed","sticky":false,"template":"","format":"standard","meta":{"_acf_changed":false,"om_disable_all_campaigns":false,"footnotes":""},"categories":[385,390],"tags":[260,386,286,518],"class_list":["post-14603","post","type-post","status-publish","format-standard","has-post-thumbnail","hentry","category-coetur","category-noticias","tag-articulo","tag-coetur","tag-enoturismo","tag-que-ver-en-la-rioja"],"acf":[],"featured_image_src":"https:\/\/www.escapadarural.com\/blog\/wp-content\/uploads\/2024\/12\/logo-coetur-black.png","author_info":{"display_name":"Laura Fern\u00e1ndez","author_link":"https:\/\/www.escapadarural.com\/blog\/autor\/laura\/"},"yoast_head":"<!-- This site is optimized with the Yoast SEO plugin v27.5 - https:\/\/yoast.com\/product\/yoast-seo-wordpress\/ -->\n<title>La Rioja, m\u00e1s all\u00e1 del enoturismo #COETUR - EscapadaRural<\/title>\n<meta name=\"robots\" content=\"index, follow, max-snippet:-1, max-image-preview:large, max-video-preview:-1\" \/>\n<link rel=\"canonical\" href=\"https:\/\/www.escapadarural.com\/blog\/la-rioja-mas-alla-del-enoturismo-coetur\/\" \/>\n<meta property=\"og:locale\" content=\"es_ES\" \/>\n<meta property=\"og:type\" content=\"article\" \/>\n<meta property=\"og:title\" content=\"La Rioja, m\u00e1s all\u00e1 del enoturismo #COETUR - EscapadaRural\" \/>\n<meta property=\"og:description\" content=\"La Rioja es un referente en turismo rural y tiene un posicionamiento consolidado en relaci\u00f3n al enoturismo, pero \u00bfqu\u00e9 percepci\u00f3n tiene el turista extranjero de este destino? \u00bfCu\u00e1l es la estrategia para destacar otros de sus muchos atractivos?\" \/>\n<meta property=\"og:url\" content=\"https:\/\/www.escapadarural.com\/blog\/la-rioja-mas-alla-del-enoturismo-coetur\/\" \/>\n<meta property=\"og:site_name\" content=\"Magazine de viajes de EscapadaRural\" \/>\n<meta property=\"article:publisher\" content=\"https:\/\/www.facebook.com\/escapadarural\" \/>\n<meta property=\"article:published_time\" content=\"2018-05-24T08:52:51+00:00\" \/>\n<meta property=\"article:modified_time\" content=\"2025-08-04T09:37:10+00:00\" \/>\n<meta property=\"og:image\" content=\"https:\/\/www.escapadarural.com\/blog\/wp-content\/uploads\/2024\/12\/logo-coetur-black.png?v=1754300231\" \/>\n\t<meta property=\"og:image:width\" content=\"799\" \/>\n\t<meta property=\"og:image:height\" content=\"288\" \/>\n\t<meta property=\"og:image:type\" content=\"image\/png\" \/>\n<meta name=\"author\" content=\"Laura Fern\u00e1ndez\" \/>\n<meta name=\"twitter:card\" content=\"summary_large_image\" \/>\n<meta name=\"twitter:label1\" content=\"Escrito por\" \/>\n\t<meta name=\"twitter:data1\" content=\"Laura Fern\u00e1ndez\" \/>\n\t<meta name=\"twitter:label2\" content=\"Tiempo de lectura\" \/>\n\t<meta name=\"twitter:data2\" content=\"3 minutos\" \/>\n<script type=\"application\/ld+json\" class=\"yoast-schema-graph\">{\"@context\":\"https:\\\/\\\/schema.org\",\"@graph\":[{\"@type\":\"Article\",\"@id\":\"https:\\\/\\\/www.escapadarural.com\\\/blog\\\/la-rioja-mas-alla-del-enoturismo-coetur\\\/#article\",\"isPartOf\":{\"@id\":\"https:\\\/\\\/www.escapadarural.com\\\/blog\\\/la-rioja-mas-alla-del-enoturismo-coetur\\\/\"},\"author\":{\"name\":\"Laura Fern\u00e1ndez\",\"@id\":\"https:\\\/\\\/www.escapadarural.com\\\/blog\\\/#\\\/schema\\\/person\\\/a9b46ae4d047d8a2c719f31e75206cff\"},\"headline\":\"La Rioja, m\u00e1s all\u00e1 del enoturismo #COETUR\",\"datePublished\":\"2018-05-24T08:52:51+00:00\",\"dateModified\":\"2025-08-04T09:37:10+00:00\",\"mainEntityOfPage\":{\"@id\":\"https:\\\/\\\/www.escapadarural.com\\\/blog\\\/la-rioja-mas-alla-del-enoturismo-coetur\\\/\"},\"wordCount\":604,\"commentCount\":0,\"publisher\":{\"@id\":\"https:\\\/\\\/www.escapadarural.com\\\/blog\\\/#organization\"},\"image\":{\"@id\":\"https:\\\/\\\/www.escapadarural.com\\\/blog\\\/la-rioja-mas-alla-del-enoturismo-coetur\\\/#primaryimage\"},\"thumbnailUrl\":\"https:\\\/\\\/www.escapadarural.com\\\/blog\\\/wp-content\\\/uploads\\\/2024\\\/12\\\/logo-coetur-black.png\",\"keywords\":[\"art\u00edculo\",\"COETUR\",\"Enoturismo\",\"La Rioja\"],\"articleSection\":[\"Coetur\",\"Noticias\"],\"inLanguage\":\"es\",\"potentialAction\":[{\"@type\":\"CommentAction\",\"name\":\"Comment\",\"target\":[\"https:\\\/\\\/www.escapadarural.com\\\/blog\\\/la-rioja-mas-alla-del-enoturismo-coetur\\\/#respond\"]}]},{\"@type\":\"WebPage\",\"@id\":\"https:\\\/\\\/www.escapadarural.com\\\/blog\\\/la-rioja-mas-alla-del-enoturismo-coetur\\\/\",\"url\":\"https:\\\/\\\/www.escapadarural.com\\\/blog\\\/la-rioja-mas-alla-del-enoturismo-coetur\\\/\",\"name\":\"La Rioja, m\u00e1s all\u00e1 del enoturismo #COETUR - EscapadaRural\",\"isPartOf\":{\"@id\":\"https:\\\/\\\/www.escapadarural.com\\\/blog\\\/#website\"},\"primaryImageOfPage\":{\"@id\":\"https:\\\/\\\/www.escapadarural.com\\\/blog\\\/la-rioja-mas-alla-del-enoturismo-coetur\\\/#primaryimage\"},\"image\":{\"@id\":\"https:\\\/\\\/www.escapadarural.com\\\/blog\\\/la-rioja-mas-alla-del-enoturismo-coetur\\\/#primaryimage\"},\"thumbnailUrl\":\"https:\\\/\\\/www.escapadarural.com\\\/blog\\\/wp-content\\\/uploads\\\/2024\\\/12\\\/logo-coetur-black.png\",\"datePublished\":\"2018-05-24T08:52:51+00:00\",\"dateModified\":\"2025-08-04T09:37:10+00:00\",\"breadcrumb\":{\"@id\":\"https:\\\/\\\/www.escapadarural.com\\\/blog\\\/la-rioja-mas-alla-del-enoturismo-coetur\\\/#breadcrumb\"},\"inLanguage\":\"es\",\"potentialAction\":[{\"@type\":\"ReadAction\",\"target\":[\"https:\\\/\\\/www.escapadarural.com\\\/blog\\\/la-rioja-mas-alla-del-enoturismo-coetur\\\/\"]}]},{\"@type\":\"ImageObject\",\"inLanguage\":\"es\",\"@id\":\"https:\\\/\\\/www.escapadarural.com\\\/blog\\\/la-rioja-mas-alla-del-enoturismo-coetur\\\/#primaryimage\",\"url\":\"https:\\\/\\\/www.escapadarural.com\\\/blog\\\/wp-content\\\/uploads\\\/2024\\\/12\\\/logo-coetur-black.png\",\"contentUrl\":\"https:\\\/\\\/www.escapadarural.com\\\/blog\\\/wp-content\\\/uploads\\\/2024\\\/12\\\/logo-coetur-black.png\",\"width\":799,\"height\":288,\"caption\":\"Coetur logo\"},{\"@type\":\"BreadcrumbList\",\"@id\":\"https:\\\/\\\/www.escapadarural.com\\\/blog\\\/la-rioja-mas-alla-del-enoturismo-coetur\\\/#breadcrumb\",\"itemListElement\":[{\"@type\":\"ListItem\",\"position\":1,\"name\":\"Inicio\",\"item\":\"https:\\\/\\\/www.escapadarural.com\\\/blog\\\/\"},{\"@type\":\"ListItem\",\"position\":2,\"name\":\"Noticias\",\"item\":\"https:\\\/\\\/www.escapadarural.com\\\/blog\\\/categoria\\\/noticias\\\/\"},{\"@type\":\"ListItem\",\"position\":3,\"name\":\"La Rioja, m\u00e1s all\u00e1 del enoturismo #COETUR\"}]},{\"@type\":\"WebSite\",\"@id\":\"https:\\\/\\\/www.escapadarural.com\\\/blog\\\/#website\",\"url\":\"https:\\\/\\\/www.escapadarural.com\\\/blog\\\/\",\"name\":\"Blog de viajes | turismo rural, alojamientos e inspiraci\u00f3n\",\"description\":\"Alojamientos rurales e inspiraci\u00f3n para tus escapadas\",\"publisher\":{\"@id\":\"https:\\\/\\\/www.escapadarural.com\\\/blog\\\/#organization\"},\"alternateName\":\"Magazine de viajes de EscapadaRural\",\"potentialAction\":[{\"@type\":\"SearchAction\",\"target\":{\"@type\":\"EntryPoint\",\"urlTemplate\":\"https:\\\/\\\/www.escapadarural.com\\\/blog\\\/?s={search_term_string}\"},\"query-input\":{\"@type\":\"PropertyValueSpecification\",\"valueRequired\":true,\"valueName\":\"search_term_string\"}}],\"inLanguage\":\"es\"},{\"@type\":\"Organization\",\"@id\":\"https:\\\/\\\/www.escapadarural.com\\\/blog\\\/#organization\",\"name\":\"EscapadaRural\",\"url\":\"https:\\\/\\\/www.escapadarural.com\\\/blog\\\/\",\"logo\":{\"@type\":\"ImageObject\",\"inLanguage\":\"es\",\"@id\":\"https:\\\/\\\/www.escapadarural.com\\\/blog\\\/#\\\/schema\\\/logo\\\/image\\\/\",\"url\":\"https:\\\/\\\/www.escapadarural.com\\\/blog\\\/wp-content\\\/uploads\\\/2024\\\/10\\\/cropped-cropped-escapada-rural-icon-mag-3.png\",\"contentUrl\":\"https:\\\/\\\/www.escapadarural.com\\\/blog\\\/wp-content\\\/uploads\\\/2024\\\/10\\\/cropped-cropped-escapada-rural-icon-mag-3.png\",\"width\":512,\"height\":512,\"caption\":\"EscapadaRural\"},\"image\":{\"@id\":\"https:\\\/\\\/www.escapadarural.com\\\/blog\\\/#\\\/schema\\\/logo\\\/image\\\/\"},\"sameAs\":[\"https:\\\/\\\/www.facebook.com\\\/escapadarural\",\"https:\\\/\\\/www.instagram.com\\\/escapadarural\\\/\",\"https:\\\/\\\/www.youtube.com\\\/@escapadaruralcom\"]},{\"@type\":\"Person\",\"@id\":\"https:\\\/\\\/www.escapadarural.com\\\/blog\\\/#\\\/schema\\\/person\\\/a9b46ae4d047d8a2c719f31e75206cff\",\"name\":\"Laura Fern\u00e1ndez\",\"image\":{\"@type\":\"ImageObject\",\"inLanguage\":\"es\",\"@id\":\"https:\\\/\\\/www.escapadarural.com\\\/blog\\\/wp-content\\\/uploads\\\/2025\\\/01\\\/cropped-laura_raponchii-96x96.jpg\",\"url\":\"https:\\\/\\\/www.escapadarural.com\\\/blog\\\/wp-content\\\/uploads\\\/2025\\\/01\\\/cropped-laura_raponchii-96x96.jpg\",\"contentUrl\":\"https:\\\/\\\/www.escapadarural.com\\\/blog\\\/wp-content\\\/uploads\\\/2025\\\/01\\\/cropped-laura_raponchii-96x96.jpg\",\"caption\":\"Laura Fern\u00e1ndez\"},\"description\":\"Periodista, blogger y viajera. No necesariamente en ese orden. En ocasiones me despierto sin saber d\u00f3nde estoy. Adicta a los c\u00f3mics y a los noodles con salsa de cacahuete. Redactora en @escapadarural, colaboradora en la Conde Nast Traveler y en la Divinity. Mi casa: Meridiano180.\",\"sameAs\":[\"http:\\\/\\\/www.meridiano180.com\\\/\"],\"url\":\"https:\\\/\\\/www.escapadarural.com\\\/blog\\\/autor\\\/laura\\\/\"}]}<\/script>\n<!-- \/ Yoast SEO plugin. -->","yoast_head_json":{"title":"La Rioja, m\u00e1s all\u00e1 del enoturismo #COETUR - EscapadaRural","robots":{"index":"index","follow":"follow","max-snippet":"max-snippet:-1","max-image-preview":"max-image-preview:large","max-video-preview":"max-video-preview:-1"},"canonical":"https:\/\/www.escapadarural.com\/blog\/la-rioja-mas-alla-del-enoturismo-coetur\/","og_locale":"es_ES","og_type":"article","og_title":"La Rioja, m\u00e1s all\u00e1 del enoturismo #COETUR - EscapadaRural","og_description":"La Rioja es un referente en turismo rural y tiene un posicionamiento consolidado en relaci\u00f3n al enoturismo, pero \u00bfqu\u00e9 percepci\u00f3n tiene el turista extranjero de este destino? \u00bfCu\u00e1l es la estrategia para destacar otros de sus muchos atractivos?","og_url":"https:\/\/www.escapadarural.com\/blog\/la-rioja-mas-alla-del-enoturismo-coetur\/","og_site_name":"Magazine de viajes de EscapadaRural","article_publisher":"https:\/\/www.facebook.com\/escapadarural","article_published_time":"2018-05-24T08:52:51+00:00","article_modified_time":"2025-08-04T09:37:10+00:00","og_image":[{"width":799,"height":288,"url":"https:\/\/www.escapadarural.com\/blog\/wp-content\/uploads\/2024\/12\/logo-coetur-black.png?v=1754300231","type":"image\/png"}],"author":"Laura Fern\u00e1ndez","twitter_card":"summary_large_image","twitter_misc":{"Escrito por":"Laura Fern\u00e1ndez","Tiempo de lectura":"3 minutos"},"schema":{"@context":"https:\/\/schema.org","@graph":[{"@type":"Article","@id":"https:\/\/www.escapadarural.com\/blog\/la-rioja-mas-alla-del-enoturismo-coetur\/#article","isPartOf":{"@id":"https:\/\/www.escapadarural.com\/blog\/la-rioja-mas-alla-del-enoturismo-coetur\/"},"author":{"name":"Laura Fern\u00e1ndez","@id":"https:\/\/www.escapadarural.com\/blog\/#\/schema\/person\/a9b46ae4d047d8a2c719f31e75206cff"},"headline":"La Rioja, m\u00e1s all\u00e1 del enoturismo #COETUR","datePublished":"2018-05-24T08:52:51+00:00","dateModified":"2025-08-04T09:37:10+00:00","mainEntityOfPage":{"@id":"https:\/\/www.escapadarural.com\/blog\/la-rioja-mas-alla-del-enoturismo-coetur\/"},"wordCount":604,"commentCount":0,"publisher":{"@id":"https:\/\/www.escapadarural.com\/blog\/#organization"},"image":{"@id":"https:\/\/www.escapadarural.com\/blog\/la-rioja-mas-alla-del-enoturismo-coetur\/#primaryimage"},"thumbnailUrl":"https:\/\/www.escapadarural.com\/blog\/wp-content\/uploads\/2024\/12\/logo-coetur-black.png","keywords":["art\u00edculo","COETUR","Enoturismo","La Rioja"],"articleSection":["Coetur","Noticias"],"inLanguage":"es","potentialAction":[{"@type":"CommentAction","name":"Comment","target":["https:\/\/www.escapadarural.com\/blog\/la-rioja-mas-alla-del-enoturismo-coetur\/#respond"]}]},{"@type":"WebPage","@id":"https:\/\/www.escapadarural.com\/blog\/la-rioja-mas-alla-del-enoturismo-coetur\/","url":"https:\/\/www.escapadarural.com\/blog\/la-rioja-mas-alla-del-enoturismo-coetur\/","name":"La Rioja, m\u00e1s all\u00e1 del enoturismo #COETUR - EscapadaRural","isPartOf":{"@id":"https:\/\/www.escapadarural.com\/blog\/#website"},"primaryImageOfPage":{"@id":"https:\/\/www.escapadarural.com\/blog\/la-rioja-mas-alla-del-enoturismo-coetur\/#primaryimage"},"image":{"@id":"https:\/\/www.escapadarural.com\/blog\/la-rioja-mas-alla-del-enoturismo-coetur\/#primaryimage"},"thumbnailUrl":"https:\/\/www.escapadarural.com\/blog\/wp-content\/uploads\/2024\/12\/logo-coetur-black.png","datePublished":"2018-05-24T08:52:51+00:00","dateModified":"2025-08-04T09:37:10+00:00","breadcrumb":{"@id":"https:\/\/www.escapadarural.com\/blog\/la-rioja-mas-alla-del-enoturismo-coetur\/#breadcrumb"},"inLanguage":"es","potentialAction":[{"@type":"ReadAction","target":["https:\/\/www.escapadarural.com\/blog\/la-rioja-mas-alla-del-enoturismo-coetur\/"]}]},{"@type":"ImageObject","inLanguage":"es","@id":"https:\/\/www.escapadarural.com\/blog\/la-rioja-mas-alla-del-enoturismo-coetur\/#primaryimage","url":"https:\/\/www.escapadarural.com\/blog\/wp-content\/uploads\/2024\/12\/logo-coetur-black.png","contentUrl":"https:\/\/www.escapadarural.com\/blog\/wp-content\/uploads\/2024\/12\/logo-coetur-black.png","width":799,"height":288,"caption":"Coetur logo"},{"@type":"BreadcrumbList","@id":"https:\/\/www.escapadarural.com\/blog\/la-rioja-mas-alla-del-enoturismo-coetur\/#breadcrumb","itemListElement":[{"@type":"ListItem","position":1,"name":"Inicio","item":"https:\/\/www.escapadarural.com\/blog\/"},{"@type":"ListItem","position":2,"name":"Noticias","item":"https:\/\/www.escapadarural.com\/blog\/categoria\/noticias\/"},{"@type":"ListItem","position":3,"name":"La Rioja, m\u00e1s all\u00e1 del enoturismo #COETUR"}]},{"@type":"WebSite","@id":"https:\/\/www.escapadarural.com\/blog\/#website","url":"https:\/\/www.escapadarural.com\/blog\/","name":"Blog de viajes | turismo rural, alojamientos e inspiraci\u00f3n","description":"Alojamientos rurales e inspiraci\u00f3n para tus escapadas","publisher":{"@id":"https:\/\/www.escapadarural.com\/blog\/#organization"},"alternateName":"Magazine de viajes de EscapadaRural","potentialAction":[{"@type":"SearchAction","target":{"@type":"EntryPoint","urlTemplate":"https:\/\/www.escapadarural.com\/blog\/?s={search_term_string}"},"query-input":{"@type":"PropertyValueSpecification","valueRequired":true,"valueName":"search_term_string"}}],"inLanguage":"es"},{"@type":"Organization","@id":"https:\/\/www.escapadarural.com\/blog\/#organization","name":"EscapadaRural","url":"https:\/\/www.escapadarural.com\/blog\/","logo":{"@type":"ImageObject","inLanguage":"es","@id":"https:\/\/www.escapadarural.com\/blog\/#\/schema\/logo\/image\/","url":"https:\/\/www.escapadarural.com\/blog\/wp-content\/uploads\/2024\/10\/cropped-cropped-escapada-rural-icon-mag-3.png","contentUrl":"https:\/\/www.escapadarural.com\/blog\/wp-content\/uploads\/2024\/10\/cropped-cropped-escapada-rural-icon-mag-3.png","width":512,"height":512,"caption":"EscapadaRural"},"image":{"@id":"https:\/\/www.escapadarural.com\/blog\/#\/schema\/logo\/image\/"},"sameAs":["https:\/\/www.facebook.com\/escapadarural","https:\/\/www.instagram.com\/escapadarural\/","https:\/\/www.youtube.com\/@escapadaruralcom"]},{"@type":"Person","@id":"https:\/\/www.escapadarural.com\/blog\/#\/schema\/person\/a9b46ae4d047d8a2c719f31e75206cff","name":"Laura Fern\u00e1ndez","image":{"@type":"ImageObject","inLanguage":"es","@id":"https:\/\/www.escapadarural.com\/blog\/wp-content\/uploads\/2025\/01\/cropped-laura_raponchii-96x96.jpg","url":"https:\/\/www.escapadarural.com\/blog\/wp-content\/uploads\/2025\/01\/cropped-laura_raponchii-96x96.jpg","contentUrl":"https:\/\/www.escapadarural.com\/blog\/wp-content\/uploads\/2025\/01\/cropped-laura_raponchii-96x96.jpg","caption":"Laura Fern\u00e1ndez"},"description":"Periodista, blogger y viajera. No necesariamente en ese orden. En ocasiones me despierto sin saber d\u00f3nde estoy. Adicta a los c\u00f3mics y a los noodles con salsa de cacahuete. Redactora en @escapadarural, colaboradora en la Conde Nast Traveler y en la Divinity. Mi casa: Meridiano180.","sameAs":["http:\/\/www.meridiano180.com\/"],"url":"https:\/\/www.escapadarural.com\/blog\/autor\/laura\/"}]}},"_links":{"self":[{"href":"https:\/\/www.escapadarural.com\/blog\/wp-json\/wp\/v2\/posts\/14603","targetHints":{"allow":["GET"]}}],"collection":[{"href":"https:\/\/www.escapadarural.com\/blog\/wp-json\/wp\/v2\/posts"}],"about":[{"href":"https:\/\/www.escapadarural.com\/blog\/wp-json\/wp\/v2\/types\/post"}],"author":[{"embeddable":true,"href":"https:\/\/www.escapadarural.com\/blog\/wp-json\/wp\/v2\/users\/89"}],"replies":[{"embeddable":true,"href":"https:\/\/www.escapadarural.com\/blog\/wp-json\/wp\/v2\/comments?post=14603"}],"version-history":[{"count":0,"href":"https:\/\/www.escapadarural.com\/blog\/wp-json\/wp\/v2\/posts\/14603\/revisions"}],"wp:featuredmedia":[{"embeddable":true,"href":"https:\/\/www.escapadarural.com\/blog\/wp-json\/wp\/v2\/media\/184347"}],"wp:attachment":[{"href":"https:\/\/www.escapadarural.com\/blog\/wp-json\/wp\/v2\/media?parent=14603"}],"wp:term":[{"taxonomy":"category","embeddable":true,"href":"https:\/\/www.escapadarural.com\/blog\/wp-json\/wp\/v2\/categories?post=14603"},{"taxonomy":"post_tag","embeddable":true,"href":"https:\/\/www.escapadarural.com\/blog\/wp-json\/wp\/v2\/tags?post=14603"}],"curies":[{"name":"wp","href":"https:\/\/api.w.org\/{rel}","templated":true}]}}