{"id":14756,"date":"2019-04-30T14:13:42","date_gmt":"2019-04-30T13:13:42","guid":{"rendered":"http:\/\/15.188.81.248\/2019\/04\/30\/aliados-del-sector-patrocinadores-y-expositores-de-2019\/"},"modified":"2025-08-12T17:34:37","modified_gmt":"2025-08-12T15:34:37","slug":"aliados-del-sector-patrocinadores-y-expositores-de-2019","status":"publish","type":"post","link":"https:\/\/www.escapadarural.com\/blog\/aliados-del-sector-patrocinadores-y-expositores-de-2019\/","title":{"rendered":"Aliados del sector: patrocinadores y expositores de 2019"},"content":{"rendered":"\n<p><span style=\"font-weight: 400;\">La <\/span><b>VI edici\u00f3n del Congreso Europeo de Turismo Rural (COETUR)<\/b><span style=\"font-weight: 400;\">, que se celebrar\u00e1 los d\u00edas 29 y 30 de mayo en Sabugal (Portugal), no ser\u00eda posible sin el apoyo de entidades p\u00fablicas y privadas. Por ese motivo, a trav\u00e9s de este post, queremos agradecer a todos los que forman parte de la organizaci\u00f3n de esta edici\u00f3n, que por primera vez se celebra fuera de nuestras fronteras, su inestimable colaboraci\u00f3n.<\/span><\/p>\n\n\n\n<!--more-->\n\n\n\n<p><span style=\"font-weight: 400;\">Asimismo, las actividades y servicios que dichas entidades llevan a cabo constituyen un marco de posibilidades incomparable para ayudar a los <\/span><span style=\"font-weight: 400;\">empresarios de turismo rural<\/span><span style=\"font-weight: 400;\"> en la optimizaci\u00f3n de su negocio.<\/span><\/p>\n\n\n\n<p><b>Este a\u00f1o tenemos diversos partners, sin cuyo apoyo hubiera sido imposible realizar COETUR en tierras portuguesas. <\/b><span style=\"font-weight: 400;\">En primer lugar, <\/span><span style=\"font-weight: 400;\">&nbsp;la <\/span><a href=\"https:\/\/www.aldeiashistoricasdeportugalblog.pt\/es\/\" target=\"_blank\" rel=\"noopener noreferrer\"><span style=\"font-weight: 400;\">Red de Aldeas Hist\u00f3ricas<\/span><\/a><span style=\"font-weight: 400;\">, un proyecto que se cre\u00f3 con el objetivo de recuperar, revitalizar y regenerar espacios ricos en patrimonio, cultura y tradici\u00f3n, encontrando f\u00f3rmulas para contrarrestar los problemas de envejecimiento y despoblaci\u00f3n que afectan a los n\u00facleos rurales. De este modo, se fortalece el ecosistema econ\u00f3mico del territorio, donde el turismo y la puesta en valor de los productos locales toman protagonismo. <\/span><\/p>\n\n\n\n<p><span style=\"font-weight: 400;\">El <\/span><a href=\"https:\/\/www.cm-sabugal.pt\/\" target=\"_blank\" rel=\"noopener noreferrer\"><span style=\"font-weight: 400;\">municipio de Sabugal<\/span><\/a><span style=\"font-weight: 400;\"> tambi\u00e9n es otro de los partners principales de COETUR. Es en este municipio fronterizo donde celebraremos esta nueva edici\u00f3n. Sabugal est\u00e1 ubicado en la regi\u00f3n Centro de Portugal, junto a la frontera con Espa\u00f1a y en el centro del tri\u00e1ngulo Lisboa, Oporto, Madrid. Es la cuna del r\u00edo Coa, que discurre por el municipio, y en sus tierras se encuentra parte de la Reserva Natural de la Sierra de Malcata. <\/span><\/p>\n\n\n\n<p><b>Visit Portugal tambi\u00e9n ha sido un aliado fundamental en la organizaci\u00f3n de esta nueva edici\u00f3n de COETUR.<\/b> <a href=\"https:\/\/www.visitportugal.com\/es\" target=\"_blank\" rel=\"noopener noreferrer\"><span style=\"font-weight: 400;\">Visit Portugal <\/span><\/a><span style=\"font-weight: 400;\">es el site oficial de promoci\u00f3n tur\u00edstica del destino Portugal desarrollado por Turismo de Portugal, la autoridad tur\u00edstica nacional. Tambi\u00e9n contamos con el apoyo de la <a href=\"https:\/\/www.centerofportugal.com\/es\/\" target=\"_blank\" rel=\"noopener noreferrer\">Regi\u00f3n Centro de Portugal<\/a>, que es la zona tur\u00edstica donde se ubica Sabugal.<\/span><\/p>\n\n\n\n<p><span style=\"font-weight: 400;\">Este a\u00f1o tambi\u00e9n introducimos la categor\u00eda de <\/span><b>Territorio Invitado<\/b><span style=\"font-weight: 400;\">, con la que queremos reconocer la labor en turismo rural de otras zonas del territorio. En esta edici\u00f3n hemos querido contar con <\/span><a href=\"https:\/\/www.turismoextremadura.com\/\" target=\"_blank\" rel=\"noopener noreferrer\"><span style=\"font-weight: 400;\">Extremadura<\/span><\/a><span style=\"font-weight: 400;\">, una comunidad a la que unen muchos lazos con Portugal. Extremadura mostrar\u00e1 a los visitantes varias de sus riquezas naturales y su potencial en turismo rural con su propio stand en la feria de expositores. &nbsp;<\/span><\/p>\n\n\n\n<p><b>El marco del evento ser\u00e1 el <\/b><b>Hotel Cro<\/b><b>, <\/b><span style=\"font-weight: 400;\">situado en un entorno de paisajes naturales, el Cr\u00f3 Hotel Rural &amp; Termal Spa, entre ruinas antiguas, riachuelos y sierras, nos presenta un concepto innovador de hosteler\u00eda en el espacio rural, integrando simult\u00e1neamente un complejo termal de referencia nacion<\/span><span style=\"font-weight: 400;\">al.Construido desde cero, dispone de 30 habitaciones, de las cuales 26 dobles y 4 suites con balc\u00f3n y ba\u00f1era panor\u00e1mica.<\/span><\/p>\n\n\n\n<p><strong>Zona de exposici\u00f3n<\/strong><\/p>\n\n\n\n<p><b>El congreso tambi\u00e9n dispondr\u00e1 de un Zona de Exposici\u00f3n para<\/b><span style=\"font-weight: 400;\"> aquellas empresas que pueden establecer relaciones comerciales con los asistentes del evento. Este espacio permite presentar la oferta de productos y servicios complementarios al p\u00fablico de COETUR. \u00c9stas son:<\/span><\/p>\n\n\n\n<p><span style=\"font-weight: 400;\">Entre los patrocinadores que cada a\u00f1o nos prestan su apoyo destaca<\/span><a href=\"https:\/\/ideapublicidad.com\/\" target=\"_blank\" rel=\"noopener noreferrer\"><b> Idea publicidad<\/b><\/a><span style=\"font-weight: 400;\">. <\/span><span style=\"font-weight: 400;\">Se trata de la empresa de referencia en servicios publicitarios integrales como imprenta, ropa laboral y regalo promocional, cuenta con productos muy interesantes como los amenities con certificado ECOLABEL o toallas personalizadas. <\/span><\/p>\n\n\n\n<p><span style=\"font-weight: 400;\">Este a\u00f1o tambi\u00e9n contamos con la <strong><a href=\"https:\/\/www.facebook.com\/TRP.FPTR\/\" target=\"_blank\" rel=\"noopener noreferrer\">Federaci\u00f3n Portuguesa de Turismo Rural<\/a>,<\/strong> que presentar\u00e1 su oferta a todos los visitantes del congreso. Por \u00faltimo, <strong>PAC Comunicaci\u00f3n<\/strong>, una empresa de la Sierra de Madrid, tambi\u00e9n mostrar\u00e1 su oferta de servicios.<\/span><\/p>\n\n\n\n<p><span style=\"font-weight: 400;\">Para conocer m\u00e1s detalles sobre el programa y los ponentes, no dejes de visitar la web <\/span><span style=\"font-weight: 400;\">www.coetur.com<\/span><span style=\"font-weight: 400;\">.<\/span><\/p>\n\n\n\n<p><span style=\"font-weight: 400;\">Contamos contigo para #COETUR. \u00a1Nos vemos en Sabugal!<\/span><\/p>\n","protected":false},"excerpt":{"rendered":"<p>La VI edici\u00f3n del Congreso Europeo de Turismo Rural (COETUR), que se celebrar\u00e1 los d\u00edas 29 y 30 de mayo en Sabugal (Portugal), no ser\u00eda posible sin el apoyo de entidades p\u00fablicas y privadas. Por ese motivo, a trav\u00e9s de este post, queremos agradecer a todos los que forman parte de la organizaci\u00f3n de esta edici\u00f3n, que por primera vez se celebra fuera de nuestras fronteras, su inestimable colaboraci\u00f3n.<\/p>\n","protected":false},"author":110,"featured_media":184347,"comment_status":"open","ping_status":"closed","sticky":false,"template":"","format":"standard","meta":{"_acf_changed":false,"om_disable_all_campaigns":false,"footnotes":""},"categories":[385],"tags":[386,538,2293],"class_list":["post-14756","post","type-post","status-publish","format-standard","has-post-thumbnail","hentry","category-coetur","tag-coetur","tag-portugal","tag-sabugal"],"acf":[],"featured_image_src":"https:\/\/www.escapadarural.com\/blog\/wp-content\/uploads\/2024\/12\/logo-coetur-black.png","author_info":{"display_name":"Germ\u00e1n Sierra","author_link":"https:\/\/www.escapadarural.com\/blog\/autor\/german\/"},"yoast_head":"<!-- This site is optimized with the Yoast SEO plugin v27.5 - https:\/\/yoast.com\/product\/yoast-seo-wordpress\/ -->\n<title>Aliados del sector: patrocinadores y expositores de 2019 - EscapadaRural<\/title>\n<meta name=\"robots\" content=\"index, follow, max-snippet:-1, max-image-preview:large, max-video-preview:-1\" \/>\n<link rel=\"canonical\" href=\"https:\/\/www.escapadarural.com\/blog\/aliados-del-sector-patrocinadores-y-expositores-de-2019\/\" \/>\n<meta property=\"og:locale\" content=\"es_ES\" \/>\n<meta property=\"og:type\" content=\"article\" \/>\n<meta property=\"og:title\" content=\"Aliados del sector: patrocinadores y expositores de 2019 - EscapadaRural\" \/>\n<meta property=\"og:description\" content=\"La VI edici\u00f3n del Congreso Europeo de Turismo Rural (COETUR), que se celebrar\u00e1 los d\u00edas 29 y 30 de mayo en Sabugal (Portugal), no ser\u00eda posible sin el apoyo de entidades p\u00fablicas y privadas. Por ese motivo, a trav\u00e9s de este post, queremos agradecer a todos los que forman parte de la organizaci\u00f3n de esta edici\u00f3n, que por primera vez se celebra fuera de nuestras fronteras, su inestimable colaboraci\u00f3n.\" \/>\n<meta property=\"og:url\" content=\"https:\/\/www.escapadarural.com\/blog\/aliados-del-sector-patrocinadores-y-expositores-de-2019\/\" \/>\n<meta property=\"og:site_name\" content=\"Magazine de viajes de EscapadaRural\" \/>\n<meta property=\"article:publisher\" content=\"https:\/\/www.facebook.com\/escapadarural\" \/>\n<meta property=\"article:published_time\" content=\"2019-04-30T13:13:42+00:00\" \/>\n<meta property=\"article:modified_time\" content=\"2025-08-12T15:34:37+00:00\" \/>\n<meta property=\"og:image\" content=\"https:\/\/www.escapadarural.com\/blog\/wp-content\/uploads\/2024\/12\/logo-coetur-black.png?v=1755012878\" \/>\n\t<meta property=\"og:image:width\" content=\"799\" \/>\n\t<meta property=\"og:image:height\" content=\"288\" \/>\n\t<meta property=\"og:image:type\" content=\"image\/png\" \/>\n<meta name=\"author\" content=\"Germ\u00e1n Sierra\" \/>\n<meta name=\"twitter:card\" content=\"summary_large_image\" \/>\n<meta name=\"twitter:label1\" content=\"Escrito por\" \/>\n\t<meta name=\"twitter:data1\" content=\"Germ\u00e1n Sierra\" \/>\n\t<meta name=\"twitter:label2\" content=\"Tiempo de lectura\" \/>\n\t<meta name=\"twitter:data2\" content=\"3 minutos\" \/>\n<script type=\"application\/ld+json\" class=\"yoast-schema-graph\">{\"@context\":\"https:\\\/\\\/schema.org\",\"@graph\":[{\"@type\":\"Article\",\"@id\":\"https:\\\/\\\/www.escapadarural.com\\\/blog\\\/aliados-del-sector-patrocinadores-y-expositores-de-2019\\\/#article\",\"isPartOf\":{\"@id\":\"https:\\\/\\\/www.escapadarural.com\\\/blog\\\/aliados-del-sector-patrocinadores-y-expositores-de-2019\\\/\"},\"author\":{\"name\":\"Germ\u00e1n Sierra\",\"@id\":\"https:\\\/\\\/www.escapadarural.com\\\/blog\\\/#\\\/schema\\\/person\\\/4c4129da33fde002ef7ee9e909276f35\"},\"headline\":\"Aliados del sector: patrocinadores y expositores de 2019\",\"datePublished\":\"2019-04-30T13:13:42+00:00\",\"dateModified\":\"2025-08-12T15:34:37+00:00\",\"mainEntityOfPage\":{\"@id\":\"https:\\\/\\\/www.escapadarural.com\\\/blog\\\/aliados-del-sector-patrocinadores-y-expositores-de-2019\\\/\"},\"wordCount\":658,\"commentCount\":0,\"publisher\":{\"@id\":\"https:\\\/\\\/www.escapadarural.com\\\/blog\\\/#organization\"},\"image\":{\"@id\":\"https:\\\/\\\/www.escapadarural.com\\\/blog\\\/aliados-del-sector-patrocinadores-y-expositores-de-2019\\\/#primaryimage\"},\"thumbnailUrl\":\"https:\\\/\\\/www.escapadarural.com\\\/blog\\\/wp-content\\\/uploads\\\/2024\\\/12\\\/logo-coetur-black.png\",\"keywords\":[\"COETUR\",\"portugal\",\"sabugal\"],\"articleSection\":[\"Coetur\"],\"inLanguage\":\"es\",\"potentialAction\":[{\"@type\":\"CommentAction\",\"name\":\"Comment\",\"target\":[\"https:\\\/\\\/www.escapadarural.com\\\/blog\\\/aliados-del-sector-patrocinadores-y-expositores-de-2019\\\/#respond\"]}]},{\"@type\":\"WebPage\",\"@id\":\"https:\\\/\\\/www.escapadarural.com\\\/blog\\\/aliados-del-sector-patrocinadores-y-expositores-de-2019\\\/\",\"url\":\"https:\\\/\\\/www.escapadarural.com\\\/blog\\\/aliados-del-sector-patrocinadores-y-expositores-de-2019\\\/\",\"name\":\"Aliados del sector: patrocinadores y expositores de 2019 - EscapadaRural\",\"isPartOf\":{\"@id\":\"https:\\\/\\\/www.escapadarural.com\\\/blog\\\/#website\"},\"primaryImageOfPage\":{\"@id\":\"https:\\\/\\\/www.escapadarural.com\\\/blog\\\/aliados-del-sector-patrocinadores-y-expositores-de-2019\\\/#primaryimage\"},\"image\":{\"@id\":\"https:\\\/\\\/www.escapadarural.com\\\/blog\\\/aliados-del-sector-patrocinadores-y-expositores-de-2019\\\/#primaryimage\"},\"thumbnailUrl\":\"https:\\\/\\\/www.escapadarural.com\\\/blog\\\/wp-content\\\/uploads\\\/2024\\\/12\\\/logo-coetur-black.png\",\"datePublished\":\"2019-04-30T13:13:42+00:00\",\"dateModified\":\"2025-08-12T15:34:37+00:00\",\"breadcrumb\":{\"@id\":\"https:\\\/\\\/www.escapadarural.com\\\/blog\\\/aliados-del-sector-patrocinadores-y-expositores-de-2019\\\/#breadcrumb\"},\"inLanguage\":\"es\",\"potentialAction\":[{\"@type\":\"ReadAction\",\"target\":[\"https:\\\/\\\/www.escapadarural.com\\\/blog\\\/aliados-del-sector-patrocinadores-y-expositores-de-2019\\\/\"]}]},{\"@type\":\"ImageObject\",\"inLanguage\":\"es\",\"@id\":\"https:\\\/\\\/www.escapadarural.com\\\/blog\\\/aliados-del-sector-patrocinadores-y-expositores-de-2019\\\/#primaryimage\",\"url\":\"https:\\\/\\\/www.escapadarural.com\\\/blog\\\/wp-content\\\/uploads\\\/2024\\\/12\\\/logo-coetur-black.png\",\"contentUrl\":\"https:\\\/\\\/www.escapadarural.com\\\/blog\\\/wp-content\\\/uploads\\\/2024\\\/12\\\/logo-coetur-black.png\",\"width\":799,\"height\":288,\"caption\":\"Coetur logo\"},{\"@type\":\"BreadcrumbList\",\"@id\":\"https:\\\/\\\/www.escapadarural.com\\\/blog\\\/aliados-del-sector-patrocinadores-y-expositores-de-2019\\\/#breadcrumb\",\"itemListElement\":[{\"@type\":\"ListItem\",\"position\":1,\"name\":\"Inicio\",\"item\":\"https:\\\/\\\/www.escapadarural.com\\\/blog\\\/\"},{\"@type\":\"ListItem\",\"position\":2,\"name\":\"Coetur\",\"item\":\"https:\\\/\\\/www.escapadarural.com\\\/blog\\\/categoria\\\/coetur\\\/\"},{\"@type\":\"ListItem\",\"position\":3,\"name\":\"Aliados del sector: patrocinadores y expositores de 2019\"}]},{\"@type\":\"WebSite\",\"@id\":\"https:\\\/\\\/www.escapadarural.com\\\/blog\\\/#website\",\"url\":\"https:\\\/\\\/www.escapadarural.com\\\/blog\\\/\",\"name\":\"Blog de viajes | turismo rural, alojamientos e inspiraci\u00f3n\",\"description\":\"Alojamientos rurales e inspiraci\u00f3n para tus escapadas\",\"publisher\":{\"@id\":\"https:\\\/\\\/www.escapadarural.com\\\/blog\\\/#organization\"},\"alternateName\":\"Magazine de viajes de EscapadaRural\",\"potentialAction\":[{\"@type\":\"SearchAction\",\"target\":{\"@type\":\"EntryPoint\",\"urlTemplate\":\"https:\\\/\\\/www.escapadarural.com\\\/blog\\\/?s={search_term_string}\"},\"query-input\":{\"@type\":\"PropertyValueSpecification\",\"valueRequired\":true,\"valueName\":\"search_term_string\"}}],\"inLanguage\":\"es\"},{\"@type\":\"Organization\",\"@id\":\"https:\\\/\\\/www.escapadarural.com\\\/blog\\\/#organization\",\"name\":\"EscapadaRural\",\"url\":\"https:\\\/\\\/www.escapadarural.com\\\/blog\\\/\",\"logo\":{\"@type\":\"ImageObject\",\"inLanguage\":\"es\",\"@id\":\"https:\\\/\\\/www.escapadarural.com\\\/blog\\\/#\\\/schema\\\/logo\\\/image\\\/\",\"url\":\"https:\\\/\\\/www.escapadarural.com\\\/blog\\\/wp-content\\\/uploads\\\/2024\\\/10\\\/cropped-cropped-escapada-rural-icon-mag-3.png\",\"contentUrl\":\"https:\\\/\\\/www.escapadarural.com\\\/blog\\\/wp-content\\\/uploads\\\/2024\\\/10\\\/cropped-cropped-escapada-rural-icon-mag-3.png\",\"width\":512,\"height\":512,\"caption\":\"EscapadaRural\"},\"image\":{\"@id\":\"https:\\\/\\\/www.escapadarural.com\\\/blog\\\/#\\\/schema\\\/logo\\\/image\\\/\"},\"sameAs\":[\"https:\\\/\\\/www.facebook.com\\\/escapadarural\",\"https:\\\/\\\/www.instagram.com\\\/escapadarural\\\/\",\"https:\\\/\\\/www.youtube.com\\\/@escapadaruralcom\"]},{\"@type\":\"Person\",\"@id\":\"https:\\\/\\\/www.escapadarural.com\\\/blog\\\/#\\\/schema\\\/person\\\/4c4129da33fde002ef7ee9e909276f35\",\"name\":\"Germ\u00e1n Sierra\",\"image\":{\"@type\":\"ImageObject\",\"inLanguage\":\"es\",\"@id\":\"https:\\\/\\\/secure.gravatar.com\\\/avatar\\\/0691a93e994472c529b4fdba17226395f8b628d0ed9528e66d3c7afeee500f06?s=96&d=mm&r=g\",\"url\":\"https:\\\/\\\/secure.gravatar.com\\\/avatar\\\/0691a93e994472c529b4fdba17226395f8b628d0ed9528e66d3c7afeee500f06?s=96&d=mm&r=g\",\"contentUrl\":\"https:\\\/\\\/secure.gravatar.com\\\/avatar\\\/0691a93e994472c529b4fdba17226395f8b628d0ed9528e66d3c7afeee500f06?s=96&d=mm&r=g\",\"caption\":\"Germ\u00e1n Sierra\"},\"url\":\"https:\\\/\\\/www.escapadarural.com\\\/blog\\\/autor\\\/german\\\/\"}]}<\/script>\n<!-- \/ Yoast SEO plugin. -->","yoast_head_json":{"title":"Aliados del sector: patrocinadores y expositores de 2019 - EscapadaRural","robots":{"index":"index","follow":"follow","max-snippet":"max-snippet:-1","max-image-preview":"max-image-preview:large","max-video-preview":"max-video-preview:-1"},"canonical":"https:\/\/www.escapadarural.com\/blog\/aliados-del-sector-patrocinadores-y-expositores-de-2019\/","og_locale":"es_ES","og_type":"article","og_title":"Aliados del sector: patrocinadores y expositores de 2019 - EscapadaRural","og_description":"La VI edici\u00f3n del Congreso Europeo de Turismo Rural (COETUR), que se celebrar\u00e1 los d\u00edas 29 y 30 de mayo en Sabugal (Portugal), no ser\u00eda posible sin el apoyo de entidades p\u00fablicas y privadas. Por ese motivo, a trav\u00e9s de este post, queremos agradecer a todos los que forman parte de la organizaci\u00f3n de esta edici\u00f3n, que por primera vez se celebra fuera de nuestras fronteras, su inestimable colaboraci\u00f3n.","og_url":"https:\/\/www.escapadarural.com\/blog\/aliados-del-sector-patrocinadores-y-expositores-de-2019\/","og_site_name":"Magazine de viajes de EscapadaRural","article_publisher":"https:\/\/www.facebook.com\/escapadarural","article_published_time":"2019-04-30T13:13:42+00:00","article_modified_time":"2025-08-12T15:34:37+00:00","og_image":[{"width":799,"height":288,"url":"https:\/\/www.escapadarural.com\/blog\/wp-content\/uploads\/2024\/12\/logo-coetur-black.png?v=1755012878","type":"image\/png"}],"author":"Germ\u00e1n Sierra","twitter_card":"summary_large_image","twitter_misc":{"Escrito por":"Germ\u00e1n Sierra","Tiempo de lectura":"3 minutos"},"schema":{"@context":"https:\/\/schema.org","@graph":[{"@type":"Article","@id":"https:\/\/www.escapadarural.com\/blog\/aliados-del-sector-patrocinadores-y-expositores-de-2019\/#article","isPartOf":{"@id":"https:\/\/www.escapadarural.com\/blog\/aliados-del-sector-patrocinadores-y-expositores-de-2019\/"},"author":{"name":"Germ\u00e1n Sierra","@id":"https:\/\/www.escapadarural.com\/blog\/#\/schema\/person\/4c4129da33fde002ef7ee9e909276f35"},"headline":"Aliados del sector: patrocinadores y expositores de 2019","datePublished":"2019-04-30T13:13:42+00:00","dateModified":"2025-08-12T15:34:37+00:00","mainEntityOfPage":{"@id":"https:\/\/www.escapadarural.com\/blog\/aliados-del-sector-patrocinadores-y-expositores-de-2019\/"},"wordCount":658,"commentCount":0,"publisher":{"@id":"https:\/\/www.escapadarural.com\/blog\/#organization"},"image":{"@id":"https:\/\/www.escapadarural.com\/blog\/aliados-del-sector-patrocinadores-y-expositores-de-2019\/#primaryimage"},"thumbnailUrl":"https:\/\/www.escapadarural.com\/blog\/wp-content\/uploads\/2024\/12\/logo-coetur-black.png","keywords":["COETUR","portugal","sabugal"],"articleSection":["Coetur"],"inLanguage":"es","potentialAction":[{"@type":"CommentAction","name":"Comment","target":["https:\/\/www.escapadarural.com\/blog\/aliados-del-sector-patrocinadores-y-expositores-de-2019\/#respond"]}]},{"@type":"WebPage","@id":"https:\/\/www.escapadarural.com\/blog\/aliados-del-sector-patrocinadores-y-expositores-de-2019\/","url":"https:\/\/www.escapadarural.com\/blog\/aliados-del-sector-patrocinadores-y-expositores-de-2019\/","name":"Aliados del sector: patrocinadores y expositores de 2019 - EscapadaRural","isPartOf":{"@id":"https:\/\/www.escapadarural.com\/blog\/#website"},"primaryImageOfPage":{"@id":"https:\/\/www.escapadarural.com\/blog\/aliados-del-sector-patrocinadores-y-expositores-de-2019\/#primaryimage"},"image":{"@id":"https:\/\/www.escapadarural.com\/blog\/aliados-del-sector-patrocinadores-y-expositores-de-2019\/#primaryimage"},"thumbnailUrl":"https:\/\/www.escapadarural.com\/blog\/wp-content\/uploads\/2024\/12\/logo-coetur-black.png","datePublished":"2019-04-30T13:13:42+00:00","dateModified":"2025-08-12T15:34:37+00:00","breadcrumb":{"@id":"https:\/\/www.escapadarural.com\/blog\/aliados-del-sector-patrocinadores-y-expositores-de-2019\/#breadcrumb"},"inLanguage":"es","potentialAction":[{"@type":"ReadAction","target":["https:\/\/www.escapadarural.com\/blog\/aliados-del-sector-patrocinadores-y-expositores-de-2019\/"]}]},{"@type":"ImageObject","inLanguage":"es","@id":"https:\/\/www.escapadarural.com\/blog\/aliados-del-sector-patrocinadores-y-expositores-de-2019\/#primaryimage","url":"https:\/\/www.escapadarural.com\/blog\/wp-content\/uploads\/2024\/12\/logo-coetur-black.png","contentUrl":"https:\/\/www.escapadarural.com\/blog\/wp-content\/uploads\/2024\/12\/logo-coetur-black.png","width":799,"height":288,"caption":"Coetur logo"},{"@type":"BreadcrumbList","@id":"https:\/\/www.escapadarural.com\/blog\/aliados-del-sector-patrocinadores-y-expositores-de-2019\/#breadcrumb","itemListElement":[{"@type":"ListItem","position":1,"name":"Inicio","item":"https:\/\/www.escapadarural.com\/blog\/"},{"@type":"ListItem","position":2,"name":"Coetur","item":"https:\/\/www.escapadarural.com\/blog\/categoria\/coetur\/"},{"@type":"ListItem","position":3,"name":"Aliados del sector: patrocinadores y expositores de 2019"}]},{"@type":"WebSite","@id":"https:\/\/www.escapadarural.com\/blog\/#website","url":"https:\/\/www.escapadarural.com\/blog\/","name":"Blog de viajes | turismo rural, alojamientos e inspiraci\u00f3n","description":"Alojamientos rurales e inspiraci\u00f3n para tus escapadas","publisher":{"@id":"https:\/\/www.escapadarural.com\/blog\/#organization"},"alternateName":"Magazine de viajes de EscapadaRural","potentialAction":[{"@type":"SearchAction","target":{"@type":"EntryPoint","urlTemplate":"https:\/\/www.escapadarural.com\/blog\/?s={search_term_string}"},"query-input":{"@type":"PropertyValueSpecification","valueRequired":true,"valueName":"search_term_string"}}],"inLanguage":"es"},{"@type":"Organization","@id":"https:\/\/www.escapadarural.com\/blog\/#organization","name":"EscapadaRural","url":"https:\/\/www.escapadarural.com\/blog\/","logo":{"@type":"ImageObject","inLanguage":"es","@id":"https:\/\/www.escapadarural.com\/blog\/#\/schema\/logo\/image\/","url":"https:\/\/www.escapadarural.com\/blog\/wp-content\/uploads\/2024\/10\/cropped-cropped-escapada-rural-icon-mag-3.png","contentUrl":"https:\/\/www.escapadarural.com\/blog\/wp-content\/uploads\/2024\/10\/cropped-cropped-escapada-rural-icon-mag-3.png","width":512,"height":512,"caption":"EscapadaRural"},"image":{"@id":"https:\/\/www.escapadarural.com\/blog\/#\/schema\/logo\/image\/"},"sameAs":["https:\/\/www.facebook.com\/escapadarural","https:\/\/www.instagram.com\/escapadarural\/","https:\/\/www.youtube.com\/@escapadaruralcom"]},{"@type":"Person","@id":"https:\/\/www.escapadarural.com\/blog\/#\/schema\/person\/4c4129da33fde002ef7ee9e909276f35","name":"Germ\u00e1n Sierra","image":{"@type":"ImageObject","inLanguage":"es","@id":"https:\/\/secure.gravatar.com\/avatar\/0691a93e994472c529b4fdba17226395f8b628d0ed9528e66d3c7afeee500f06?s=96&d=mm&r=g","url":"https:\/\/secure.gravatar.com\/avatar\/0691a93e994472c529b4fdba17226395f8b628d0ed9528e66d3c7afeee500f06?s=96&d=mm&r=g","contentUrl":"https:\/\/secure.gravatar.com\/avatar\/0691a93e994472c529b4fdba17226395f8b628d0ed9528e66d3c7afeee500f06?s=96&d=mm&r=g","caption":"Germ\u00e1n Sierra"},"url":"https:\/\/www.escapadarural.com\/blog\/autor\/german\/"}]}},"_links":{"self":[{"href":"https:\/\/www.escapadarural.com\/blog\/wp-json\/wp\/v2\/posts\/14756","targetHints":{"allow":["GET"]}}],"collection":[{"href":"https:\/\/www.escapadarural.com\/blog\/wp-json\/wp\/v2\/posts"}],"about":[{"href":"https:\/\/www.escapadarural.com\/blog\/wp-json\/wp\/v2\/types\/post"}],"author":[{"embeddable":true,"href":"https:\/\/www.escapadarural.com\/blog\/wp-json\/wp\/v2\/users\/110"}],"replies":[{"embeddable":true,"href":"https:\/\/www.escapadarural.com\/blog\/wp-json\/wp\/v2\/comments?post=14756"}],"version-history":[{"count":0,"href":"https:\/\/www.escapadarural.com\/blog\/wp-json\/wp\/v2\/posts\/14756\/revisions"}],"wp:featuredmedia":[{"embeddable":true,"href":"https:\/\/www.escapadarural.com\/blog\/wp-json\/wp\/v2\/media\/184347"}],"wp:attachment":[{"href":"https:\/\/www.escapadarural.com\/blog\/wp-json\/wp\/v2\/media?parent=14756"}],"wp:term":[{"taxonomy":"category","embeddable":true,"href":"https:\/\/www.escapadarural.com\/blog\/wp-json\/wp\/v2\/categories?post=14756"},{"taxonomy":"post_tag","embeddable":true,"href":"https:\/\/www.escapadarural.com\/blog\/wp-json\/wp\/v2\/tags?post=14756"}],"curies":[{"name":"wp","href":"https:\/\/api.w.org\/{rel}","templated":true}]}}