{"id":14783,"date":"2019-05-29T10:37:34","date_gmt":"2019-05-29T09:37:34","guid":{"rendered":"http:\/\/15.188.81.248\/2019\/05\/29\/negocios-en-la-raya-negocios-sin-fronteras\/"},"modified":"2025-08-01T13:55:05","modified_gmt":"2025-08-01T11:55:05","slug":"negocios-en-la-raya-negocios-sin-fronteras","status":"publish","type":"post","link":"https:\/\/www.escapadarural.com\/blog\/negocios-en-la-raya-negocios-sin-fronteras\/","title":{"rendered":"Negocios en La Raya, negocios sin fronteras"},"content":{"rendered":"\n<p>La primera de las mesas redondas del 29 de mayo abord\u00f3 las ventajas y desventajas reales que tienen los negocios en la zona fronteriza. Por un lado, se consider\u00f3 que su situaci\u00f3n es atractiva, ya que puede abarcar ambos pa\u00edses. Sin embargo, trabajar en cada uno de ellos es diferente y acarrea una serie de dificultades.<\/p>\n\n\n\n<p>En la mesa estuvieron presentes Ana Berliner, de <a rel=\"noopener noreferrer\" href=\"https:\/\/www.casadacisterna.com\/\" target=\"_blank\" class=\"rank-math-link\">Casa Cisterna<\/a>; Eugenio Rodr\u00edguez, creador de la red de apartamentos rurales Turnat; Jorge Gonz\u00e1lez, de <a rel=\"noopener noreferrer\" href=\"https:\/\/turismoactiva.com\/\" target=\"_blank\" class=\"rank-math-link\">Turismo Activa<\/a>; y Antonio Campesino, de Zamora Natural. El moderador de la mesa fue Miguel Martins, del Grupo Gala.<\/p>\n\n\n\n<p>Martins pregunt\u00f3 a los ponentes las ventajas y desventajas de estar en La Raya. La primera en dar su opini\u00f3n fue Berliner, que cree que una de las desventajas es que se trata de territorios despoblados, pero que a su favor tienen que son zonas poco afectadas, muy v\u00edrgenes, con multitud de senderos y castillos muy bonitos. \u00abEs un paisaje limpio. Puedes sacar una foto y no hay nada que lo estrope\u00e9, como me dijo un viajero\u00bb. Sin embargo, son zonas de dif\u00edcil acceso, alejadas del centro, considera. \u00abHay que sacar provecho a lo que tenemos\u00bb, dice.<\/p>\n\n\n\n<p>Jorge Gonz\u00e1lez est\u00e1 justo al otro lado de la frontera, en Ciudad Rodrigo. Para \u00e9l, una de las desventajas de Portugal es que falla la oferta de turismo activo en el \u00e1rea portuguesa, y eso les beneficia a la localidad salmantina. \u00abMuchos turistas pasan por Ciudad Rodrigo, donde realizan actividades, aunque algunos luego crucen a dormir a Portugal\u00bb, dice.<\/p>\n\n\n\n<p>Para Gonz\u00e1lez la incertidumbre de si las carreteras portuguesas son de pago o no es un impedimento para el desarrollo del turismo en Portugal. \u00abHace falta un poco m\u00e1s de colaboraci\u00f3n entre ambos pa\u00edses\u00bb.<\/p>\n\n\n\n<p>El siguiente en responder fue Eugenio Rodr\u00edguez, donde tambi\u00e9n tiene sus negocios de Turnat en La Raya. Hay proyectos muy interesantes como que benefician a dos regiones como un \u00fanico destino. Rodr\u00edguez tambi\u00e9n est\u00e1 de acuerdo que uno de los problemas es la incertidumbre y que los beneficios es esa naturaleza virgen. \u00abTenemos un patrimonio muy valioso\u00bb, explica.<\/p>\n\n\n\n<p>Para Rodr\u00edguez hay mucho camino para andar para conseguir una buena sinergia y colaboraci\u00f3n. \u00abEl resultado ser\u00eda la visibilidad. La Raya es una gran oportunidad que tiene que aprovechar el sector\u00bb, concluye.<\/p>\n\n\n\n<p>Antonio Campesino fue el \u00faltimo en intervenir con su experiencia en Zamora Natural. Ellos se centran en el Parque Natural de Arribes del Duero. Trabajan en espacios naturales donde se puede hacer senderismo, ciclismo o kayak. Lugares donde no hay ruidos y te puedes encontrar a ti mismo. Para Campesino, todo eso tambi\u00e9n lo ha encontrado en esta zona. \u00abNosotros tenemos sinergias en ambos lados\u00bb. \u00abPortugal fue el \u00fanico lugar donde me agradecido traer gente a su pa\u00eds\u00bb, dice.<\/p>\n\n\n\n<p>Campesino apuesta por dar facilidades a las entidades tur\u00edsticas y a las empresas que ofrecen actividades, pues sabe que existen trabas. En el tema carreteras, \u00e9l no tiene ese problema. Los espa\u00f1oles llegan a trav\u00e9s del Ave y los portugueses por carretera, cruzando la frontera. \u00abCogemos turismo que llega desde el aeropuerto de Oporto\u00bb, explica.<\/p>\n\n\n\n<p>Jorge Gonz\u00e1lez ha explicado que la mayor parte de los viajeros que le llegan conocen la zona, por lo que pasan de un lado a otro de la frontera. Ellos les intentan llevar hasta el interior de Espa\u00f1a, a la sierra de Francia, a la de B\u00e9jar y a la de Gredos. \u00abCuando trabajamos con franceses nos interesa, sobre todo, conocer qu\u00e9 ofrecen, para poder colaborar conjuntamente\u00bb.<\/p>\n\n\n\n<p>Martins pregunt\u00f3 cu\u00e1l es el porcentaje del turismo ib\u00e9rico en sus negocios. Para Jorge Gonz\u00e1lez, es un 10% en general, aunque en verano se puede llegar a un 20%. \u00abSuelen ser familias y grandes grupos\u00bb, explica Gonz\u00e1lez.<\/p>\n\n\n\n<p>Para su porcentaje depende de si se mira de la parte portuguesa o espa\u00f1ola. Un 40-60. Y ha especificado que el 90% de los extranjeros que les llega es portugu\u00e9s. En mi Extremadura<\/p>\n\n\n\n<p>Para Antonio Campesino, a Zamora Natural llegan pocos turistas portugueses. \u00abS\u00ed trabajamos con turismo extranjero, pero no portugu\u00e9s\u00bb, dice. \u00abYo cuando era peque\u00f1o y cruzaba la frontera me emocionaba cuando hab\u00eda que cambiar la moneda y el idioma. Ahora intento transmitir esa emoci\u00f3n de anta\u00f1o a los viajeros. Yo vendo que aunque est\u00e9s en otro pa\u00eds, est\u00e1s en mi familia\u00bb.<\/p>\n\n\n\n<p>Para Berliner, sin embargo, el 60% de sus hu\u00e9spedes es portugu\u00e9s. Un dato que les sorprende dado lo cerca que est\u00e1n de la frontera. Pensaban que les llegar\u00eda mucho m\u00e1s viajero de Espa\u00f1a, ya que muchos madrile\u00f1os recorren 3 horas para hacer una escapada rural. \u00abLa frontera s\u00ed es una barrera\u00bb, dice. \u00abCuando los madrile\u00f1os salen de escapada se van a Espa\u00f1a. Cuando vienen van hacia Aveiro u Oporto, es como si nosotros no existi\u00e9semos\u00bb, explica. No obstante, agradece la labor de las Aldeas Hist\u00f3ricas de Portugal, que est\u00e1n ayudando a visibilidad estos territorios abandonados.<\/p>\n\n\n\n<p>Eugenio Rodr\u00edguez destac\u00f3 que \u00e9l vende destinos. \u00abVender destinos en La Raya es emoci\u00f3n, en ambos lados. Qui\u00e9n puede presumir sacar una foto desde la cama donde salga Espa\u00f1a y Portugal\u00bb. Tambi\u00e9n ha destacado la incre\u00edble labor de las Aldeas Hist\u00f3ricas, ya que esos monumentos y castillos crean expectaci\u00f3n entre sus viajeros. El cliente lo que quiere es vivir experiencias emocionales. Y recuerda que hay que pensar en las personas, pues son las m\u00e1s importantes.<\/p>\n\n\n\n<p>Respecto al tipo de turista que buscan sus servicios, seg\u00fan Jorge Gonz\u00e1lez en sus inicios -hace 10 a\u00f1os- ven\u00edan sobre todo familias que hac\u00edan alguna ruta actividad en concreto. Ahora, sin embargo, la gente busca una experiencia. No s\u00f3lo buscan ir a una casa rural, sino hacer una ruta con varias experiencias y alojamientos.<\/p>\n","protected":false},"excerpt":{"rendered":"<p>La primera de las mesas redondas del 29 de mayo abord\u00f3 las ventajas y desventajas reales que tienen los negocios en la zona fronteriza. Por un lado, se consider\u00f3 que su situaci\u00f3n es atractiva, ya que puede abarcar ambos pa\u00edses. Sin embargo, trabajar en cada uno de ellos es diferente y acarrea una serie de dificultades.<\/p>\n","protected":false},"author":89,"featured_media":197437,"comment_status":"open","ping_status":"closed","sticky":false,"template":"","format":"standard","meta":{"_acf_changed":false,"om_disable_all_campaigns":false,"footnotes":""},"categories":[524],"tags":[260,386,2292,2337],"class_list":["post-14783","post","type-post","status-publish","format-standard","has-post-thumbnail","hentry","category-er-academy","tag-articulo","tag-coetur","tag-coetur-2019","tag-la-raya"],"acf":[],"featured_image_src":"https:\/\/www.escapadarural.com\/blog\/wp-content\/uploads\/2025\/03\/605a3e5168b55.webp","author_info":{"display_name":"Laura Fern\u00e1ndez","author_link":"https:\/\/www.escapadarural.com\/blog\/autor\/laura\/"},"yoast_head":"<!-- This site is optimized with the Yoast SEO plugin v27.5 - https:\/\/yoast.com\/product\/yoast-seo-wordpress\/ -->\n<title>Negocios en La Raya, negocios sin fronteras - EscapadaRural<\/title>\n<meta name=\"robots\" content=\"index, follow, max-snippet:-1, max-image-preview:large, max-video-preview:-1\" \/>\n<link rel=\"canonical\" href=\"https:\/\/www.escapadarural.com\/blog\/negocios-en-la-raya-negocios-sin-fronteras\/\" \/>\n<meta property=\"og:locale\" content=\"es_ES\" \/>\n<meta property=\"og:type\" content=\"article\" \/>\n<meta property=\"og:title\" content=\"Negocios en La Raya, negocios sin fronteras - EscapadaRural\" \/>\n<meta property=\"og:description\" content=\"La primera de las mesas redondas del 29 de mayo abord\u00f3 las ventajas y desventajas reales que tienen los negocios en la zona fronteriza. Por un lado, se consider\u00f3 que su situaci\u00f3n es atractiva, ya que puede abarcar ambos pa\u00edses. Sin embargo, trabajar en cada uno de ellos es diferente y acarrea una serie de dificultades.\" \/>\n<meta property=\"og:url\" content=\"https:\/\/www.escapadarural.com\/blog\/negocios-en-la-raya-negocios-sin-fronteras\/\" \/>\n<meta property=\"og:site_name\" content=\"Magazine de viajes de EscapadaRural\" \/>\n<meta property=\"article:publisher\" content=\"https:\/\/www.facebook.com\/escapadarural\" \/>\n<meta property=\"article:published_time\" content=\"2019-05-29T09:37:34+00:00\" \/>\n<meta property=\"article:modified_time\" content=\"2025-08-01T11:55:05+00:00\" \/>\n<meta property=\"og:image\" content=\"https:\/\/www.escapadarural.com\/blog\/wp-content\/uploads\/2025\/03\/605a3e5168b55.webp?v=1754049306\" \/>\n\t<meta property=\"og:image:width\" content=\"1024\" \/>\n\t<meta property=\"og:image:height\" content=\"768\" \/>\n\t<meta property=\"og:image:type\" content=\"image\/webp\" \/>\n<meta name=\"author\" content=\"Laura Fern\u00e1ndez\" \/>\n<meta name=\"twitter:card\" content=\"summary_large_image\" \/>\n<meta name=\"twitter:label1\" content=\"Escrito por\" \/>\n\t<meta name=\"twitter:data1\" content=\"Laura Fern\u00e1ndez\" \/>\n\t<meta name=\"twitter:label2\" content=\"Tiempo de lectura\" \/>\n\t<meta name=\"twitter:data2\" content=\"5 minutos\" \/>\n<script type=\"application\/ld+json\" class=\"yoast-schema-graph\">{\"@context\":\"https:\\\/\\\/schema.org\",\"@graph\":[{\"@type\":\"Article\",\"@id\":\"https:\\\/\\\/www.escapadarural.com\\\/blog\\\/negocios-en-la-raya-negocios-sin-fronteras\\\/#article\",\"isPartOf\":{\"@id\":\"https:\\\/\\\/www.escapadarural.com\\\/blog\\\/negocios-en-la-raya-negocios-sin-fronteras\\\/\"},\"author\":{\"name\":\"Laura Fern\u00e1ndez\",\"@id\":\"https:\\\/\\\/www.escapadarural.com\\\/blog\\\/#\\\/schema\\\/person\\\/a9b46ae4d047d8a2c719f31e75206cff\"},\"headline\":\"Negocios en La Raya, negocios sin fronteras\",\"datePublished\":\"2019-05-29T09:37:34+00:00\",\"dateModified\":\"2025-08-01T11:55:05+00:00\",\"mainEntityOfPage\":{\"@id\":\"https:\\\/\\\/www.escapadarural.com\\\/blog\\\/negocios-en-la-raya-negocios-sin-fronteras\\\/\"},\"wordCount\":1001,\"commentCount\":1,\"publisher\":{\"@id\":\"https:\\\/\\\/www.escapadarural.com\\\/blog\\\/#organization\"},\"image\":{\"@id\":\"https:\\\/\\\/www.escapadarural.com\\\/blog\\\/negocios-en-la-raya-negocios-sin-fronteras\\\/#primaryimage\"},\"thumbnailUrl\":\"https:\\\/\\\/www.escapadarural.com\\\/blog\\\/wp-content\\\/uploads\\\/2025\\\/03\\\/605a3e5168b55.webp\",\"keywords\":[\"art\u00edculo\",\"COETUR\",\"coetur 2019\",\"La Raya\"],\"articleSection\":[\"ER Academy\"],\"inLanguage\":\"es\",\"potentialAction\":[{\"@type\":\"CommentAction\",\"name\":\"Comment\",\"target\":[\"https:\\\/\\\/www.escapadarural.com\\\/blog\\\/negocios-en-la-raya-negocios-sin-fronteras\\\/#respond\"]}]},{\"@type\":\"WebPage\",\"@id\":\"https:\\\/\\\/www.escapadarural.com\\\/blog\\\/negocios-en-la-raya-negocios-sin-fronteras\\\/\",\"url\":\"https:\\\/\\\/www.escapadarural.com\\\/blog\\\/negocios-en-la-raya-negocios-sin-fronteras\\\/\",\"name\":\"Negocios en La Raya, negocios sin fronteras - EscapadaRural\",\"isPartOf\":{\"@id\":\"https:\\\/\\\/www.escapadarural.com\\\/blog\\\/#website\"},\"primaryImageOfPage\":{\"@id\":\"https:\\\/\\\/www.escapadarural.com\\\/blog\\\/negocios-en-la-raya-negocios-sin-fronteras\\\/#primaryimage\"},\"image\":{\"@id\":\"https:\\\/\\\/www.escapadarural.com\\\/blog\\\/negocios-en-la-raya-negocios-sin-fronteras\\\/#primaryimage\"},\"thumbnailUrl\":\"https:\\\/\\\/www.escapadarural.com\\\/blog\\\/wp-content\\\/uploads\\\/2025\\\/03\\\/605a3e5168b55.webp\",\"datePublished\":\"2019-05-29T09:37:34+00:00\",\"dateModified\":\"2025-08-01T11:55:05+00:00\",\"breadcrumb\":{\"@id\":\"https:\\\/\\\/www.escapadarural.com\\\/blog\\\/negocios-en-la-raya-negocios-sin-fronteras\\\/#breadcrumb\"},\"inLanguage\":\"es\",\"potentialAction\":[{\"@type\":\"ReadAction\",\"target\":[\"https:\\\/\\\/www.escapadarural.com\\\/blog\\\/negocios-en-la-raya-negocios-sin-fronteras\\\/\"]}]},{\"@type\":\"ImageObject\",\"inLanguage\":\"es\",\"@id\":\"https:\\\/\\\/www.escapadarural.com\\\/blog\\\/negocios-en-la-raya-negocios-sin-fronteras\\\/#primaryimage\",\"url\":\"https:\\\/\\\/www.escapadarural.com\\\/blog\\\/wp-content\\\/uploads\\\/2025\\\/03\\\/605a3e5168b55.webp\",\"contentUrl\":\"https:\\\/\\\/www.escapadarural.com\\\/blog\\\/wp-content\\\/uploads\\\/2025\\\/03\\\/605a3e5168b55.webp\",\"width\":1024,\"height\":768,\"caption\":\"Casas rurales para ver la floraci\u00f3n: Casa Bernues, Huesca\"},{\"@type\":\"BreadcrumbList\",\"@id\":\"https:\\\/\\\/www.escapadarural.com\\\/blog\\\/negocios-en-la-raya-negocios-sin-fronteras\\\/#breadcrumb\",\"itemListElement\":[{\"@type\":\"ListItem\",\"position\":1,\"name\":\"Inicio\",\"item\":\"https:\\\/\\\/www.escapadarural.com\\\/blog\\\/\"},{\"@type\":\"ListItem\",\"position\":2,\"name\":\"ER Academy\",\"item\":\"https:\\\/\\\/www.escapadarural.com\\\/blog\\\/categoria\\\/er-academy\\\/\"},{\"@type\":\"ListItem\",\"position\":3,\"name\":\"Negocios en La Raya, negocios sin fronteras\"}]},{\"@type\":\"WebSite\",\"@id\":\"https:\\\/\\\/www.escapadarural.com\\\/blog\\\/#website\",\"url\":\"https:\\\/\\\/www.escapadarural.com\\\/blog\\\/\",\"name\":\"Blog de viajes | turismo rural, alojamientos e inspiraci\u00f3n\",\"description\":\"Alojamientos rurales e inspiraci\u00f3n para tus escapadas\",\"publisher\":{\"@id\":\"https:\\\/\\\/www.escapadarural.com\\\/blog\\\/#organization\"},\"alternateName\":\"Magazine de viajes de EscapadaRural\",\"potentialAction\":[{\"@type\":\"SearchAction\",\"target\":{\"@type\":\"EntryPoint\",\"urlTemplate\":\"https:\\\/\\\/www.escapadarural.com\\\/blog\\\/?s={search_term_string}\"},\"query-input\":{\"@type\":\"PropertyValueSpecification\",\"valueRequired\":true,\"valueName\":\"search_term_string\"}}],\"inLanguage\":\"es\"},{\"@type\":\"Organization\",\"@id\":\"https:\\\/\\\/www.escapadarural.com\\\/blog\\\/#organization\",\"name\":\"EscapadaRural\",\"url\":\"https:\\\/\\\/www.escapadarural.com\\\/blog\\\/\",\"logo\":{\"@type\":\"ImageObject\",\"inLanguage\":\"es\",\"@id\":\"https:\\\/\\\/www.escapadarural.com\\\/blog\\\/#\\\/schema\\\/logo\\\/image\\\/\",\"url\":\"https:\\\/\\\/www.escapadarural.com\\\/blog\\\/wp-content\\\/uploads\\\/2024\\\/10\\\/cropped-cropped-escapada-rural-icon-mag-3.png\",\"contentUrl\":\"https:\\\/\\\/www.escapadarural.com\\\/blog\\\/wp-content\\\/uploads\\\/2024\\\/10\\\/cropped-cropped-escapada-rural-icon-mag-3.png\",\"width\":512,\"height\":512,\"caption\":\"EscapadaRural\"},\"image\":{\"@id\":\"https:\\\/\\\/www.escapadarural.com\\\/blog\\\/#\\\/schema\\\/logo\\\/image\\\/\"},\"sameAs\":[\"https:\\\/\\\/www.facebook.com\\\/escapadarural\",\"https:\\\/\\\/www.instagram.com\\\/escapadarural\\\/\",\"https:\\\/\\\/www.youtube.com\\\/@escapadaruralcom\"]},{\"@type\":\"Person\",\"@id\":\"https:\\\/\\\/www.escapadarural.com\\\/blog\\\/#\\\/schema\\\/person\\\/a9b46ae4d047d8a2c719f31e75206cff\",\"name\":\"Laura Fern\u00e1ndez\",\"image\":{\"@type\":\"ImageObject\",\"inLanguage\":\"es\",\"@id\":\"https:\\\/\\\/www.escapadarural.com\\\/blog\\\/wp-content\\\/uploads\\\/2025\\\/01\\\/cropped-laura_raponchii-96x96.jpg\",\"url\":\"https:\\\/\\\/www.escapadarural.com\\\/blog\\\/wp-content\\\/uploads\\\/2025\\\/01\\\/cropped-laura_raponchii-96x96.jpg\",\"contentUrl\":\"https:\\\/\\\/www.escapadarural.com\\\/blog\\\/wp-content\\\/uploads\\\/2025\\\/01\\\/cropped-laura_raponchii-96x96.jpg\",\"caption\":\"Laura Fern\u00e1ndez\"},\"description\":\"Periodista, blogger y viajera. No necesariamente en ese orden. En ocasiones me despierto sin saber d\u00f3nde estoy. Adicta a los c\u00f3mics y a los noodles con salsa de cacahuete. Redactora en @escapadarural, colaboradora en la Conde Nast Traveler y en la Divinity. Mi casa: Meridiano180.\",\"sameAs\":[\"http:\\\/\\\/www.meridiano180.com\\\/\"],\"url\":\"https:\\\/\\\/www.escapadarural.com\\\/blog\\\/autor\\\/laura\\\/\"}]}<\/script>\n<!-- \/ Yoast SEO plugin. -->","yoast_head_json":{"title":"Negocios en La Raya, negocios sin fronteras - EscapadaRural","robots":{"index":"index","follow":"follow","max-snippet":"max-snippet:-1","max-image-preview":"max-image-preview:large","max-video-preview":"max-video-preview:-1"},"canonical":"https:\/\/www.escapadarural.com\/blog\/negocios-en-la-raya-negocios-sin-fronteras\/","og_locale":"es_ES","og_type":"article","og_title":"Negocios en La Raya, negocios sin fronteras - EscapadaRural","og_description":"La primera de las mesas redondas del 29 de mayo abord\u00f3 las ventajas y desventajas reales que tienen los negocios en la zona fronteriza. Por un lado, se consider\u00f3 que su situaci\u00f3n es atractiva, ya que puede abarcar ambos pa\u00edses. Sin embargo, trabajar en cada uno de ellos es diferente y acarrea una serie de dificultades.","og_url":"https:\/\/www.escapadarural.com\/blog\/negocios-en-la-raya-negocios-sin-fronteras\/","og_site_name":"Magazine de viajes de EscapadaRural","article_publisher":"https:\/\/www.facebook.com\/escapadarural","article_published_time":"2019-05-29T09:37:34+00:00","article_modified_time":"2025-08-01T11:55:05+00:00","og_image":[{"width":1024,"height":768,"url":"https:\/\/www.escapadarural.com\/blog\/wp-content\/uploads\/2025\/03\/605a3e5168b55.webp?v=1754049306","type":"image\/webp"}],"author":"Laura Fern\u00e1ndez","twitter_card":"summary_large_image","twitter_misc":{"Escrito por":"Laura Fern\u00e1ndez","Tiempo de lectura":"5 minutos"},"schema":{"@context":"https:\/\/schema.org","@graph":[{"@type":"Article","@id":"https:\/\/www.escapadarural.com\/blog\/negocios-en-la-raya-negocios-sin-fronteras\/#article","isPartOf":{"@id":"https:\/\/www.escapadarural.com\/blog\/negocios-en-la-raya-negocios-sin-fronteras\/"},"author":{"name":"Laura Fern\u00e1ndez","@id":"https:\/\/www.escapadarural.com\/blog\/#\/schema\/person\/a9b46ae4d047d8a2c719f31e75206cff"},"headline":"Negocios en La Raya, negocios sin fronteras","datePublished":"2019-05-29T09:37:34+00:00","dateModified":"2025-08-01T11:55:05+00:00","mainEntityOfPage":{"@id":"https:\/\/www.escapadarural.com\/blog\/negocios-en-la-raya-negocios-sin-fronteras\/"},"wordCount":1001,"commentCount":1,"publisher":{"@id":"https:\/\/www.escapadarural.com\/blog\/#organization"},"image":{"@id":"https:\/\/www.escapadarural.com\/blog\/negocios-en-la-raya-negocios-sin-fronteras\/#primaryimage"},"thumbnailUrl":"https:\/\/www.escapadarural.com\/blog\/wp-content\/uploads\/2025\/03\/605a3e5168b55.webp","keywords":["art\u00edculo","COETUR","coetur 2019","La Raya"],"articleSection":["ER Academy"],"inLanguage":"es","potentialAction":[{"@type":"CommentAction","name":"Comment","target":["https:\/\/www.escapadarural.com\/blog\/negocios-en-la-raya-negocios-sin-fronteras\/#respond"]}]},{"@type":"WebPage","@id":"https:\/\/www.escapadarural.com\/blog\/negocios-en-la-raya-negocios-sin-fronteras\/","url":"https:\/\/www.escapadarural.com\/blog\/negocios-en-la-raya-negocios-sin-fronteras\/","name":"Negocios en La Raya, negocios sin fronteras - EscapadaRural","isPartOf":{"@id":"https:\/\/www.escapadarural.com\/blog\/#website"},"primaryImageOfPage":{"@id":"https:\/\/www.escapadarural.com\/blog\/negocios-en-la-raya-negocios-sin-fronteras\/#primaryimage"},"image":{"@id":"https:\/\/www.escapadarural.com\/blog\/negocios-en-la-raya-negocios-sin-fronteras\/#primaryimage"},"thumbnailUrl":"https:\/\/www.escapadarural.com\/blog\/wp-content\/uploads\/2025\/03\/605a3e5168b55.webp","datePublished":"2019-05-29T09:37:34+00:00","dateModified":"2025-08-01T11:55:05+00:00","breadcrumb":{"@id":"https:\/\/www.escapadarural.com\/blog\/negocios-en-la-raya-negocios-sin-fronteras\/#breadcrumb"},"inLanguage":"es","potentialAction":[{"@type":"ReadAction","target":["https:\/\/www.escapadarural.com\/blog\/negocios-en-la-raya-negocios-sin-fronteras\/"]}]},{"@type":"ImageObject","inLanguage":"es","@id":"https:\/\/www.escapadarural.com\/blog\/negocios-en-la-raya-negocios-sin-fronteras\/#primaryimage","url":"https:\/\/www.escapadarural.com\/blog\/wp-content\/uploads\/2025\/03\/605a3e5168b55.webp","contentUrl":"https:\/\/www.escapadarural.com\/blog\/wp-content\/uploads\/2025\/03\/605a3e5168b55.webp","width":1024,"height":768,"caption":"Casas rurales para ver la floraci\u00f3n: Casa Bernues, Huesca"},{"@type":"BreadcrumbList","@id":"https:\/\/www.escapadarural.com\/blog\/negocios-en-la-raya-negocios-sin-fronteras\/#breadcrumb","itemListElement":[{"@type":"ListItem","position":1,"name":"Inicio","item":"https:\/\/www.escapadarural.com\/blog\/"},{"@type":"ListItem","position":2,"name":"ER Academy","item":"https:\/\/www.escapadarural.com\/blog\/categoria\/er-academy\/"},{"@type":"ListItem","position":3,"name":"Negocios en La Raya, negocios sin fronteras"}]},{"@type":"WebSite","@id":"https:\/\/www.escapadarural.com\/blog\/#website","url":"https:\/\/www.escapadarural.com\/blog\/","name":"Blog de viajes | turismo rural, alojamientos e inspiraci\u00f3n","description":"Alojamientos rurales e inspiraci\u00f3n para tus escapadas","publisher":{"@id":"https:\/\/www.escapadarural.com\/blog\/#organization"},"alternateName":"Magazine de viajes de EscapadaRural","potentialAction":[{"@type":"SearchAction","target":{"@type":"EntryPoint","urlTemplate":"https:\/\/www.escapadarural.com\/blog\/?s={search_term_string}"},"query-input":{"@type":"PropertyValueSpecification","valueRequired":true,"valueName":"search_term_string"}}],"inLanguage":"es"},{"@type":"Organization","@id":"https:\/\/www.escapadarural.com\/blog\/#organization","name":"EscapadaRural","url":"https:\/\/www.escapadarural.com\/blog\/","logo":{"@type":"ImageObject","inLanguage":"es","@id":"https:\/\/www.escapadarural.com\/blog\/#\/schema\/logo\/image\/","url":"https:\/\/www.escapadarural.com\/blog\/wp-content\/uploads\/2024\/10\/cropped-cropped-escapada-rural-icon-mag-3.png","contentUrl":"https:\/\/www.escapadarural.com\/blog\/wp-content\/uploads\/2024\/10\/cropped-cropped-escapada-rural-icon-mag-3.png","width":512,"height":512,"caption":"EscapadaRural"},"image":{"@id":"https:\/\/www.escapadarural.com\/blog\/#\/schema\/logo\/image\/"},"sameAs":["https:\/\/www.facebook.com\/escapadarural","https:\/\/www.instagram.com\/escapadarural\/","https:\/\/www.youtube.com\/@escapadaruralcom"]},{"@type":"Person","@id":"https:\/\/www.escapadarural.com\/blog\/#\/schema\/person\/a9b46ae4d047d8a2c719f31e75206cff","name":"Laura Fern\u00e1ndez","image":{"@type":"ImageObject","inLanguage":"es","@id":"https:\/\/www.escapadarural.com\/blog\/wp-content\/uploads\/2025\/01\/cropped-laura_raponchii-96x96.jpg","url":"https:\/\/www.escapadarural.com\/blog\/wp-content\/uploads\/2025\/01\/cropped-laura_raponchii-96x96.jpg","contentUrl":"https:\/\/www.escapadarural.com\/blog\/wp-content\/uploads\/2025\/01\/cropped-laura_raponchii-96x96.jpg","caption":"Laura Fern\u00e1ndez"},"description":"Periodista, blogger y viajera. No necesariamente en ese orden. En ocasiones me despierto sin saber d\u00f3nde estoy. Adicta a los c\u00f3mics y a los noodles con salsa de cacahuete. Redactora en @escapadarural, colaboradora en la Conde Nast Traveler y en la Divinity. Mi casa: Meridiano180.","sameAs":["http:\/\/www.meridiano180.com\/"],"url":"https:\/\/www.escapadarural.com\/blog\/autor\/laura\/"}]}},"_links":{"self":[{"href":"https:\/\/www.escapadarural.com\/blog\/wp-json\/wp\/v2\/posts\/14783","targetHints":{"allow":["GET"]}}],"collection":[{"href":"https:\/\/www.escapadarural.com\/blog\/wp-json\/wp\/v2\/posts"}],"about":[{"href":"https:\/\/www.escapadarural.com\/blog\/wp-json\/wp\/v2\/types\/post"}],"author":[{"embeddable":true,"href":"https:\/\/www.escapadarural.com\/blog\/wp-json\/wp\/v2\/users\/89"}],"replies":[{"embeddable":true,"href":"https:\/\/www.escapadarural.com\/blog\/wp-json\/wp\/v2\/comments?post=14783"}],"version-history":[{"count":0,"href":"https:\/\/www.escapadarural.com\/blog\/wp-json\/wp\/v2\/posts\/14783\/revisions"}],"wp:featuredmedia":[{"embeddable":true,"href":"https:\/\/www.escapadarural.com\/blog\/wp-json\/wp\/v2\/media\/197437"}],"wp:attachment":[{"href":"https:\/\/www.escapadarural.com\/blog\/wp-json\/wp\/v2\/media?parent=14783"}],"wp:term":[{"taxonomy":"category","embeddable":true,"href":"https:\/\/www.escapadarural.com\/blog\/wp-json\/wp\/v2\/categories?post=14783"},{"taxonomy":"post_tag","embeddable":true,"href":"https:\/\/www.escapadarural.com\/blog\/wp-json\/wp\/v2\/tags?post=14783"}],"curies":[{"name":"wp","href":"https:\/\/api.w.org\/{rel}","templated":true}]}}