{"id":14792,"date":"2019-05-29T13:12:28","date_gmt":"2019-05-29T12:12:28","guid":{"rendered":"http:\/\/15.188.81.248\/2019\/05\/29\/alianzas-territoriales-casos-de-exito\/"},"modified":"2025-08-12T14:52:04","modified_gmt":"2025-08-12T12:52:04","slug":"alianzas-territoriales-casos-de-exito","status":"publish","type":"post","link":"https:\/\/www.escapadarural.com\/blog\/alianzas-territoriales-casos-de-exito\/","title":{"rendered":"Alianzas territoriales: Casos de \u00e9xito"},"content":{"rendered":"\n<p>Abordar un proyecto transfronterizo conlleva muchas responsabilidades y un esfuerzo adicional en su coordinaci\u00f3n. En esta mesa redonda, Dalila Dias, Directora Ejecutiva de <a href=\"https:\/\/aldeiashistoricasdeportugal.com\/\" target=\"_blank\" rel=\"noopener noreferrer\">Aldeas Hist\u00f3ricas de Portugal<\/a>; Francisco Mart\u00edn, Director General de la Junta de <a href=\"https:\/\/www.turismoextremadura.com\/\" target=\"_blank\" rel=\"noopener noreferrer\">Turismo de Extremadura<\/a>; Paulo Castro, Vicepresidente de <a href=\"https:\/\/www.redeuroparc.org\/\" target=\"_blank\" rel=\"noopener noreferrer\">Europarc<\/a>; y Juan Manuel de la Fuente,T\u00e9cnico de promoci\u00f3n tur\u00edstica de Castilla y Le\u00f3n, a trav\u00e9s de la <a href=\"https:\/\/www.fundacionsiglo.es\/\" target=\"_blank\" rel=\"noopener noreferrer\">Fundaci\u00f3n Siglo<\/a>; nos presentaron sus proyectos y sus casos de \u00e9xito. El debate fue moderado por Alberto Alonso, Director General de la <a href=\"https:\/\/feriavalladolid.com\/intur\/\" target=\"_blank\" rel=\"noopener noreferrer\">Feria de Valladolid<\/a> (INTUR).<\/p>\n\n\n\n<!--more-->\n\n\n\n<p>Alberto Alonso, moderador de la mesa cuestion\u00f3 las diferentes visiones en ambos lados de la frontera. El moderador anim\u00f3 a todos a reflexionar acerca de la manera con que cada pa\u00eds, cada cultura, entiende y sabe acerca de un determinado asunto, para as\u00ed poder comprender mejor las iniciativas de cada ponente.<\/p>\n\n\n\n<p>Dalila Dias habl\u00f3 acerca de las Aldeas de Hist\u00f3ricas de Portugal, proyecto formado a trav\u00e9s de la formaci\u00f3n de alianzas territoriales. Son 12 las aldeas forman parte de la iniciativa. A partir del patrimonio de cada uno de estos pueblos se ha formado una red estrat\u00e9gica. Esta iniciativa ha tenido gran peso para el turismo nacional ya que conquist\u00f3 a m\u00e1s viajeros que una \u00fanica aldea aislada. \u00abUna red vale m\u00e1s que una individualmente\u00bb, destac\u00f3 la directora ejecutiva.<\/p>\n\n\n\n<p>Esta composici\u00f3n de la red de Aldeas Hist\u00f3ricas est\u00e1 ubicada en la Regi\u00f3n Centro de Portugal, llegando a la frontera con Espa\u00f1a. Las alianzas territoriales quieren generar nuevos productos y servicios. A partir de esta idea, se empezaron a hacer rutas a nivel nacional, empezando por estos pueblos hist\u00f3ricos. Dias coment\u00f3 que Aldeas Hist\u00f3ricas de Portugal quiere formar alianzas con Espa\u00f1a para expandir a\u00fan m\u00e1s esta ruta, para atraer m\u00e1s viajeros en los dos pa\u00edses. \u00abQueremos ir m\u00e1s lejos. Sabemos que con Espa\u00f1a lo vamos a lograr. Tenemos mucho en com\u00fan, tanto en nuestra historia como en nuestra cultura\u00bb, concluy\u00f3.<\/p>\n\n\n\n<p>El siguiente ponente fue Francisco Mart\u00edn, quien explic\u00f3 los resultados e iniciativas para atraer viajeros a Extremadura. La hospitalidad y la sostenibilidad son algunos de los valores que se deben tener en cuenta para conquistar y mantener el turismo en los destinos. \u00abTenemos que tener nuestra casa organizada para despu\u00e9s ir a colaborar con otra\u00bb, destac\u00f3 Mart\u00edn. La promoci\u00f3n tiene que tener una organizaci\u00f3n tur\u00edstica.<\/p>\n\n\n\n<p>\u00abHay que ordenar el territorio\u00bb, seg\u00fan Mart\u00edn, es necesario organizar las atracciones tur\u00edsticas para despu\u00e9s poder desarrollar proyectos transfronterizos. El Director General de la Junta de Extremadura coment\u00f3 que lo que se busca hoy no son m\u00e1s destinos y s\u00ed los momentos inolvidables. La estrategia de promoci\u00f3n utilizada a trav\u00e9s de la junta es, en conjunto, con EUROACE en los mercados de China, EEUU y la UE para atraer m\u00e1s viajeros y generar m\u00e1s trabajo. \u00abEs preciso tener un producto top de turismo rural para as\u00ed poder crear nuevos empleos\u00bb, dijo.<\/p>\n\n\n\n<p>Por su parte, Paulo Castro explic\u00f3 los objetivos y la organizaci\u00f3n de la ONG EUROPARC. Castro coment\u00f3 que la preocupaci\u00f3n de hoy es conseguir un turismo sostenible y ofrecer una experiencia de calidad. Esta ONG trabaja con los parques que tienen una \u00e1rea protegida, para ofrecer una carta de destinos sostenibles. Esta iniciativa ya cuenta con 106 destinos en 16 pa\u00edses.<\/p>\n\n\n\n<p>Castro coment\u00f3 que Espa\u00f1a es un pa\u00eds que tiene un trabajo muy grande de ecoturismo. Juntamente con Francia, son m\u00e1s de 20 agencias formadas para vender el turismo sostenible. A nivel europeo, EUROPARC cuenta con un proyecto de formaci\u00f3n de turismo sostenible para empresas de viajes. Por otro lado, Portugal inicia una prueba piloto en la aplicaci\u00f3n de la metodolog\u00eda para vender las cartas a trav\u00e9s de las CETS. \u00abLa carta es un caso exitoso\u00bb, destaca Castro, \u00abporque las empresas tienen la oportunidad de conocerse\u00bb. Esta carta permite a las empresas y administraciones municipales y centrales que puedan cambiar experiencias, hacer alianzas dentro de los propios territorios.<\/p>\n\n\n\n<p>Para concluir, en la mesa tuvo espacio el t\u00e9cnico de promoci\u00f3n tur\u00edstica de Castilla y Le\u00f3n, Juan Manuel, que present\u00f3 los proyectos que esta comunidad aut\u00f3noma lleva a cabo. En la organizaci\u00f3n para la promoci\u00f3n de este destino existen cuatro productos tur\u00edsticos que se est\u00e1n vendiendo a nivel nacional y internacional. Adem\u00e1s, forman parte del proyecto RESOE, el cual incluye toda la regi\u00f3n norte de Espa\u00f1a junto con Portugal.<\/p>\n\n\n\n<p>Castilla y Le\u00f3n es presentado como un ejemplo de destino que trabaja en colaboraci\u00f3n con otros territorios. Juan Manuel coment\u00f3 que forman parte de las Rutas Europeas del Emperador Carlos V, un itinerario internacional europeo, y a nivel nacional se incorporaron a las rutas del vino, importante para vender un producto. Para finalizar, el t\u00e9cnico concluy\u00f3 comentando sobre la iniciativa de las Reservas de la Biosfera.<\/p>\n","protected":false},"excerpt":{"rendered":"<p>Abordar un proyecto transfronterizo conlleva muchas responsabilidades y un esfuerzo adicional en su coordinaci\u00f3n. En esta mesa redonda, Dalila Dias, Directora Ejecutiva de Aldeas Hist\u00f3ricas de Portugal; Francisco Mart\u00edn, Director General de la Junta de Turismo de Extremadura; Paulo Castro, Vicepresidente de Europarc; y Juan Manuel de la Fuente,T\u00e9cnico de promoci\u00f3n tur\u00edstica de Castilla y Le\u00f3n, a trav\u00e9s de la Fundaci\u00f3n Siglo; nos presentaron sus proyectos y sus casos de \u00e9xito. El debate fue moderado por Alberto Alonso, Director General de la Feria de Valladolid (INTUR).<\/p>\n","protected":false},"author":119,"featured_media":184347,"comment_status":"open","ping_status":"closed","sticky":false,"template":"","format":"standard","meta":{"_acf_changed":false,"om_disable_all_campaigns":false,"footnotes":""},"categories":[385],"tags":[260,386,2292],"class_list":["post-14792","post","type-post","status-publish","format-standard","has-post-thumbnail","hentry","category-coetur","tag-articulo","tag-coetur","tag-coetur-2019"],"acf":[],"featured_image_src":"https:\/\/www.escapadarural.com\/blog\/wp-content\/uploads\/2024\/12\/logo-coetur-black.png","author_info":{"display_name":"Caroline Dalpr\u00e1","author_link":"https:\/\/www.escapadarural.com\/blog\/autor\/caroline\/"},"yoast_head":"<!-- This site is optimized with the Yoast SEO plugin v27.5 - https:\/\/yoast.com\/product\/yoast-seo-wordpress\/ -->\n<title>Alianzas territoriales: Casos de \u00e9xito - EscapadaRural<\/title>\n<meta name=\"robots\" content=\"index, follow, max-snippet:-1, max-image-preview:large, max-video-preview:-1\" \/>\n<link rel=\"canonical\" href=\"https:\/\/www.escapadarural.com\/blog\/alianzas-territoriales-casos-de-exito\/\" \/>\n<meta property=\"og:locale\" content=\"es_ES\" \/>\n<meta property=\"og:type\" content=\"article\" \/>\n<meta property=\"og:title\" content=\"Alianzas territoriales: Casos de \u00e9xito - EscapadaRural\" \/>\n<meta property=\"og:description\" content=\"Abordar un proyecto transfronterizo conlleva muchas responsabilidades y un esfuerzo adicional en su coordinaci\u00f3n. En esta mesa redonda, Dalila Dias, Directora Ejecutiva de Aldeas Hist\u00f3ricas de Portugal; Francisco Mart\u00edn, Director General de la Junta de Turismo de Extremadura; Paulo Castro, Vicepresidente de Europarc; y Juan Manuel de la Fuente,T\u00e9cnico de promoci\u00f3n tur\u00edstica de Castilla y Le\u00f3n, a trav\u00e9s de la Fundaci\u00f3n Siglo; nos presentaron sus proyectos y sus casos de \u00e9xito. El debate fue moderado por Alberto Alonso, Director General de la Feria de Valladolid (INTUR).\" \/>\n<meta property=\"og:url\" content=\"https:\/\/www.escapadarural.com\/blog\/alianzas-territoriales-casos-de-exito\/\" \/>\n<meta property=\"og:site_name\" content=\"Magazine de viajes de EscapadaRural\" \/>\n<meta property=\"article:publisher\" content=\"https:\/\/www.facebook.com\/escapadarural\" \/>\n<meta property=\"article:published_time\" content=\"2019-05-29T12:12:28+00:00\" \/>\n<meta property=\"article:modified_time\" content=\"2025-08-12T12:52:04+00:00\" \/>\n<meta property=\"og:image\" content=\"https:\/\/www.escapadarural.com\/blog\/wp-content\/uploads\/2024\/12\/logo-coetur-black.png?v=1755003125\" \/>\n\t<meta property=\"og:image:width\" content=\"799\" \/>\n\t<meta property=\"og:image:height\" content=\"288\" \/>\n\t<meta property=\"og:image:type\" content=\"image\/png\" \/>\n<meta name=\"author\" content=\"Caroline Dalpr\u00e1\" \/>\n<meta name=\"twitter:card\" content=\"summary_large_image\" \/>\n<meta name=\"twitter:label1\" content=\"Escrito por\" \/>\n\t<meta name=\"twitter:data1\" content=\"Caroline Dalpr\u00e1\" \/>\n\t<meta name=\"twitter:label2\" content=\"Tiempo de lectura\" \/>\n\t<meta name=\"twitter:data2\" content=\"4 minutos\" \/>\n<script type=\"application\/ld+json\" class=\"yoast-schema-graph\">{\"@context\":\"https:\\\/\\\/schema.org\",\"@graph\":[{\"@type\":\"Article\",\"@id\":\"https:\\\/\\\/www.escapadarural.com\\\/blog\\\/alianzas-territoriales-casos-de-exito\\\/#article\",\"isPartOf\":{\"@id\":\"https:\\\/\\\/www.escapadarural.com\\\/blog\\\/alianzas-territoriales-casos-de-exito\\\/\"},\"author\":{\"name\":\"Caroline Dalpr\u00e1\",\"@id\":\"https:\\\/\\\/www.escapadarural.com\\\/blog\\\/#\\\/schema\\\/person\\\/71a3509afe98d853c3837b4889cdab61\"},\"headline\":\"Alianzas territoriales: Casos de \u00e9xito\",\"datePublished\":\"2019-05-29T12:12:28+00:00\",\"dateModified\":\"2025-08-12T12:52:04+00:00\",\"mainEntityOfPage\":{\"@id\":\"https:\\\/\\\/www.escapadarural.com\\\/blog\\\/alianzas-territoriales-casos-de-exito\\\/\"},\"wordCount\":846,\"commentCount\":0,\"publisher\":{\"@id\":\"https:\\\/\\\/www.escapadarural.com\\\/blog\\\/#organization\"},\"image\":{\"@id\":\"https:\\\/\\\/www.escapadarural.com\\\/blog\\\/alianzas-territoriales-casos-de-exito\\\/#primaryimage\"},\"thumbnailUrl\":\"https:\\\/\\\/www.escapadarural.com\\\/blog\\\/wp-content\\\/uploads\\\/2024\\\/12\\\/logo-coetur-black.png\",\"keywords\":[\"art\u00edculo\",\"COETUR\",\"coetur 2019\"],\"articleSection\":[\"Coetur\"],\"inLanguage\":\"es\",\"potentialAction\":[{\"@type\":\"CommentAction\",\"name\":\"Comment\",\"target\":[\"https:\\\/\\\/www.escapadarural.com\\\/blog\\\/alianzas-territoriales-casos-de-exito\\\/#respond\"]}]},{\"@type\":\"WebPage\",\"@id\":\"https:\\\/\\\/www.escapadarural.com\\\/blog\\\/alianzas-territoriales-casos-de-exito\\\/\",\"url\":\"https:\\\/\\\/www.escapadarural.com\\\/blog\\\/alianzas-territoriales-casos-de-exito\\\/\",\"name\":\"Alianzas territoriales: Casos de \u00e9xito - EscapadaRural\",\"isPartOf\":{\"@id\":\"https:\\\/\\\/www.escapadarural.com\\\/blog\\\/#website\"},\"primaryImageOfPage\":{\"@id\":\"https:\\\/\\\/www.escapadarural.com\\\/blog\\\/alianzas-territoriales-casos-de-exito\\\/#primaryimage\"},\"image\":{\"@id\":\"https:\\\/\\\/www.escapadarural.com\\\/blog\\\/alianzas-territoriales-casos-de-exito\\\/#primaryimage\"},\"thumbnailUrl\":\"https:\\\/\\\/www.escapadarural.com\\\/blog\\\/wp-content\\\/uploads\\\/2024\\\/12\\\/logo-coetur-black.png\",\"datePublished\":\"2019-05-29T12:12:28+00:00\",\"dateModified\":\"2025-08-12T12:52:04+00:00\",\"breadcrumb\":{\"@id\":\"https:\\\/\\\/www.escapadarural.com\\\/blog\\\/alianzas-territoriales-casos-de-exito\\\/#breadcrumb\"},\"inLanguage\":\"es\",\"potentialAction\":[{\"@type\":\"ReadAction\",\"target\":[\"https:\\\/\\\/www.escapadarural.com\\\/blog\\\/alianzas-territoriales-casos-de-exito\\\/\"]}]},{\"@type\":\"ImageObject\",\"inLanguage\":\"es\",\"@id\":\"https:\\\/\\\/www.escapadarural.com\\\/blog\\\/alianzas-territoriales-casos-de-exito\\\/#primaryimage\",\"url\":\"https:\\\/\\\/www.escapadarural.com\\\/blog\\\/wp-content\\\/uploads\\\/2024\\\/12\\\/logo-coetur-black.png\",\"contentUrl\":\"https:\\\/\\\/www.escapadarural.com\\\/blog\\\/wp-content\\\/uploads\\\/2024\\\/12\\\/logo-coetur-black.png\",\"width\":799,\"height\":288,\"caption\":\"Coetur logo\"},{\"@type\":\"BreadcrumbList\",\"@id\":\"https:\\\/\\\/www.escapadarural.com\\\/blog\\\/alianzas-territoriales-casos-de-exito\\\/#breadcrumb\",\"itemListElement\":[{\"@type\":\"ListItem\",\"position\":1,\"name\":\"Inicio\",\"item\":\"https:\\\/\\\/www.escapadarural.com\\\/blog\\\/\"},{\"@type\":\"ListItem\",\"position\":2,\"name\":\"Coetur\",\"item\":\"https:\\\/\\\/www.escapadarural.com\\\/blog\\\/categoria\\\/coetur\\\/\"},{\"@type\":\"ListItem\",\"position\":3,\"name\":\"Alianzas territoriales: Casos de \u00e9xito\"}]},{\"@type\":\"WebSite\",\"@id\":\"https:\\\/\\\/www.escapadarural.com\\\/blog\\\/#website\",\"url\":\"https:\\\/\\\/www.escapadarural.com\\\/blog\\\/\",\"name\":\"Blog de viajes | turismo rural, alojamientos e inspiraci\u00f3n\",\"description\":\"Alojamientos rurales e inspiraci\u00f3n para tus escapadas\",\"publisher\":{\"@id\":\"https:\\\/\\\/www.escapadarural.com\\\/blog\\\/#organization\"},\"alternateName\":\"Magazine de viajes de EscapadaRural\",\"potentialAction\":[{\"@type\":\"SearchAction\",\"target\":{\"@type\":\"EntryPoint\",\"urlTemplate\":\"https:\\\/\\\/www.escapadarural.com\\\/blog\\\/?s={search_term_string}\"},\"query-input\":{\"@type\":\"PropertyValueSpecification\",\"valueRequired\":true,\"valueName\":\"search_term_string\"}}],\"inLanguage\":\"es\"},{\"@type\":\"Organization\",\"@id\":\"https:\\\/\\\/www.escapadarural.com\\\/blog\\\/#organization\",\"name\":\"EscapadaRural\",\"url\":\"https:\\\/\\\/www.escapadarural.com\\\/blog\\\/\",\"logo\":{\"@type\":\"ImageObject\",\"inLanguage\":\"es\",\"@id\":\"https:\\\/\\\/www.escapadarural.com\\\/blog\\\/#\\\/schema\\\/logo\\\/image\\\/\",\"url\":\"https:\\\/\\\/www.escapadarural.com\\\/blog\\\/wp-content\\\/uploads\\\/2024\\\/10\\\/cropped-cropped-escapada-rural-icon-mag-3.png\",\"contentUrl\":\"https:\\\/\\\/www.escapadarural.com\\\/blog\\\/wp-content\\\/uploads\\\/2024\\\/10\\\/cropped-cropped-escapada-rural-icon-mag-3.png\",\"width\":512,\"height\":512,\"caption\":\"EscapadaRural\"},\"image\":{\"@id\":\"https:\\\/\\\/www.escapadarural.com\\\/blog\\\/#\\\/schema\\\/logo\\\/image\\\/\"},\"sameAs\":[\"https:\\\/\\\/www.facebook.com\\\/escapadarural\",\"https:\\\/\\\/www.instagram.com\\\/escapadarural\\\/\",\"https:\\\/\\\/www.youtube.com\\\/@escapadaruralcom\"]},{\"@type\":\"Person\",\"@id\":\"https:\\\/\\\/www.escapadarural.com\\\/blog\\\/#\\\/schema\\\/person\\\/71a3509afe98d853c3837b4889cdab61\",\"name\":\"Caroline Dalpr\u00e1\",\"image\":{\"@type\":\"ImageObject\",\"inLanguage\":\"es\",\"@id\":\"https:\\\/\\\/secure.gravatar.com\\\/avatar\\\/7c69701bfb6edce5bb470d94ec03340a2dd7130049dcaa9f93a67689fbb9bce5?s=96&d=mm&r=g\",\"url\":\"https:\\\/\\\/secure.gravatar.com\\\/avatar\\\/7c69701bfb6edce5bb470d94ec03340a2dd7130049dcaa9f93a67689fbb9bce5?s=96&d=mm&r=g\",\"contentUrl\":\"https:\\\/\\\/secure.gravatar.com\\\/avatar\\\/7c69701bfb6edce5bb470d94ec03340a2dd7130049dcaa9f93a67689fbb9bce5?s=96&d=mm&r=g\",\"caption\":\"Caroline Dalpr\u00e1\"},\"description\":\"Periodista de viajes con debilidad por los pueblos con encanto. Brasile\u00f1a curiosa descubriendo la Espa\u00f1a rural, una escapada a la vez. En EscapadaRural llevo el tim\u00f3n del Marketing Digital y busco formas de contar lugares con alma.\",\"url\":\"https:\\\/\\\/www.escapadarural.com\\\/blog\\\/autor\\\/caroline\\\/\"}]}<\/script>\n<!-- \/ Yoast SEO plugin. -->","yoast_head_json":{"title":"Alianzas territoriales: Casos de \u00e9xito - EscapadaRural","robots":{"index":"index","follow":"follow","max-snippet":"max-snippet:-1","max-image-preview":"max-image-preview:large","max-video-preview":"max-video-preview:-1"},"canonical":"https:\/\/www.escapadarural.com\/blog\/alianzas-territoriales-casos-de-exito\/","og_locale":"es_ES","og_type":"article","og_title":"Alianzas territoriales: Casos de \u00e9xito - EscapadaRural","og_description":"Abordar un proyecto transfronterizo conlleva muchas responsabilidades y un esfuerzo adicional en su coordinaci\u00f3n. En esta mesa redonda, Dalila Dias, Directora Ejecutiva de Aldeas Hist\u00f3ricas de Portugal; Francisco Mart\u00edn, Director General de la Junta de Turismo de Extremadura; Paulo Castro, Vicepresidente de Europarc; y Juan Manuel de la Fuente,T\u00e9cnico de promoci\u00f3n tur\u00edstica de Castilla y Le\u00f3n, a trav\u00e9s de la Fundaci\u00f3n Siglo; nos presentaron sus proyectos y sus casos de \u00e9xito. El debate fue moderado por Alberto Alonso, Director General de la Feria de Valladolid (INTUR).","og_url":"https:\/\/www.escapadarural.com\/blog\/alianzas-territoriales-casos-de-exito\/","og_site_name":"Magazine de viajes de EscapadaRural","article_publisher":"https:\/\/www.facebook.com\/escapadarural","article_published_time":"2019-05-29T12:12:28+00:00","article_modified_time":"2025-08-12T12:52:04+00:00","og_image":[{"width":799,"height":288,"url":"https:\/\/www.escapadarural.com\/blog\/wp-content\/uploads\/2024\/12\/logo-coetur-black.png?v=1755003125","type":"image\/png"}],"author":"Caroline Dalpr\u00e1","twitter_card":"summary_large_image","twitter_misc":{"Escrito por":"Caroline Dalpr\u00e1","Tiempo de lectura":"4 minutos"},"schema":{"@context":"https:\/\/schema.org","@graph":[{"@type":"Article","@id":"https:\/\/www.escapadarural.com\/blog\/alianzas-territoriales-casos-de-exito\/#article","isPartOf":{"@id":"https:\/\/www.escapadarural.com\/blog\/alianzas-territoriales-casos-de-exito\/"},"author":{"name":"Caroline Dalpr\u00e1","@id":"https:\/\/www.escapadarural.com\/blog\/#\/schema\/person\/71a3509afe98d853c3837b4889cdab61"},"headline":"Alianzas territoriales: Casos de \u00e9xito","datePublished":"2019-05-29T12:12:28+00:00","dateModified":"2025-08-12T12:52:04+00:00","mainEntityOfPage":{"@id":"https:\/\/www.escapadarural.com\/blog\/alianzas-territoriales-casos-de-exito\/"},"wordCount":846,"commentCount":0,"publisher":{"@id":"https:\/\/www.escapadarural.com\/blog\/#organization"},"image":{"@id":"https:\/\/www.escapadarural.com\/blog\/alianzas-territoriales-casos-de-exito\/#primaryimage"},"thumbnailUrl":"https:\/\/www.escapadarural.com\/blog\/wp-content\/uploads\/2024\/12\/logo-coetur-black.png","keywords":["art\u00edculo","COETUR","coetur 2019"],"articleSection":["Coetur"],"inLanguage":"es","potentialAction":[{"@type":"CommentAction","name":"Comment","target":["https:\/\/www.escapadarural.com\/blog\/alianzas-territoriales-casos-de-exito\/#respond"]}]},{"@type":"WebPage","@id":"https:\/\/www.escapadarural.com\/blog\/alianzas-territoriales-casos-de-exito\/","url":"https:\/\/www.escapadarural.com\/blog\/alianzas-territoriales-casos-de-exito\/","name":"Alianzas territoriales: Casos de \u00e9xito - EscapadaRural","isPartOf":{"@id":"https:\/\/www.escapadarural.com\/blog\/#website"},"primaryImageOfPage":{"@id":"https:\/\/www.escapadarural.com\/blog\/alianzas-territoriales-casos-de-exito\/#primaryimage"},"image":{"@id":"https:\/\/www.escapadarural.com\/blog\/alianzas-territoriales-casos-de-exito\/#primaryimage"},"thumbnailUrl":"https:\/\/www.escapadarural.com\/blog\/wp-content\/uploads\/2024\/12\/logo-coetur-black.png","datePublished":"2019-05-29T12:12:28+00:00","dateModified":"2025-08-12T12:52:04+00:00","breadcrumb":{"@id":"https:\/\/www.escapadarural.com\/blog\/alianzas-territoriales-casos-de-exito\/#breadcrumb"},"inLanguage":"es","potentialAction":[{"@type":"ReadAction","target":["https:\/\/www.escapadarural.com\/blog\/alianzas-territoriales-casos-de-exito\/"]}]},{"@type":"ImageObject","inLanguage":"es","@id":"https:\/\/www.escapadarural.com\/blog\/alianzas-territoriales-casos-de-exito\/#primaryimage","url":"https:\/\/www.escapadarural.com\/blog\/wp-content\/uploads\/2024\/12\/logo-coetur-black.png","contentUrl":"https:\/\/www.escapadarural.com\/blog\/wp-content\/uploads\/2024\/12\/logo-coetur-black.png","width":799,"height":288,"caption":"Coetur logo"},{"@type":"BreadcrumbList","@id":"https:\/\/www.escapadarural.com\/blog\/alianzas-territoriales-casos-de-exito\/#breadcrumb","itemListElement":[{"@type":"ListItem","position":1,"name":"Inicio","item":"https:\/\/www.escapadarural.com\/blog\/"},{"@type":"ListItem","position":2,"name":"Coetur","item":"https:\/\/www.escapadarural.com\/blog\/categoria\/coetur\/"},{"@type":"ListItem","position":3,"name":"Alianzas territoriales: Casos de \u00e9xito"}]},{"@type":"WebSite","@id":"https:\/\/www.escapadarural.com\/blog\/#website","url":"https:\/\/www.escapadarural.com\/blog\/","name":"Blog de viajes | turismo rural, alojamientos e inspiraci\u00f3n","description":"Alojamientos rurales e inspiraci\u00f3n para tus escapadas","publisher":{"@id":"https:\/\/www.escapadarural.com\/blog\/#organization"},"alternateName":"Magazine de viajes de EscapadaRural","potentialAction":[{"@type":"SearchAction","target":{"@type":"EntryPoint","urlTemplate":"https:\/\/www.escapadarural.com\/blog\/?s={search_term_string}"},"query-input":{"@type":"PropertyValueSpecification","valueRequired":true,"valueName":"search_term_string"}}],"inLanguage":"es"},{"@type":"Organization","@id":"https:\/\/www.escapadarural.com\/blog\/#organization","name":"EscapadaRural","url":"https:\/\/www.escapadarural.com\/blog\/","logo":{"@type":"ImageObject","inLanguage":"es","@id":"https:\/\/www.escapadarural.com\/blog\/#\/schema\/logo\/image\/","url":"https:\/\/www.escapadarural.com\/blog\/wp-content\/uploads\/2024\/10\/cropped-cropped-escapada-rural-icon-mag-3.png","contentUrl":"https:\/\/www.escapadarural.com\/blog\/wp-content\/uploads\/2024\/10\/cropped-cropped-escapada-rural-icon-mag-3.png","width":512,"height":512,"caption":"EscapadaRural"},"image":{"@id":"https:\/\/www.escapadarural.com\/blog\/#\/schema\/logo\/image\/"},"sameAs":["https:\/\/www.facebook.com\/escapadarural","https:\/\/www.instagram.com\/escapadarural\/","https:\/\/www.youtube.com\/@escapadaruralcom"]},{"@type":"Person","@id":"https:\/\/www.escapadarural.com\/blog\/#\/schema\/person\/71a3509afe98d853c3837b4889cdab61","name":"Caroline Dalpr\u00e1","image":{"@type":"ImageObject","inLanguage":"es","@id":"https:\/\/secure.gravatar.com\/avatar\/7c69701bfb6edce5bb470d94ec03340a2dd7130049dcaa9f93a67689fbb9bce5?s=96&d=mm&r=g","url":"https:\/\/secure.gravatar.com\/avatar\/7c69701bfb6edce5bb470d94ec03340a2dd7130049dcaa9f93a67689fbb9bce5?s=96&d=mm&r=g","contentUrl":"https:\/\/secure.gravatar.com\/avatar\/7c69701bfb6edce5bb470d94ec03340a2dd7130049dcaa9f93a67689fbb9bce5?s=96&d=mm&r=g","caption":"Caroline Dalpr\u00e1"},"description":"Periodista de viajes con debilidad por los pueblos con encanto. Brasile\u00f1a curiosa descubriendo la Espa\u00f1a rural, una escapada a la vez. En EscapadaRural llevo el tim\u00f3n del Marketing Digital y busco formas de contar lugares con alma.","url":"https:\/\/www.escapadarural.com\/blog\/autor\/caroline\/"}]}},"_links":{"self":[{"href":"https:\/\/www.escapadarural.com\/blog\/wp-json\/wp\/v2\/posts\/14792","targetHints":{"allow":["GET"]}}],"collection":[{"href":"https:\/\/www.escapadarural.com\/blog\/wp-json\/wp\/v2\/posts"}],"about":[{"href":"https:\/\/www.escapadarural.com\/blog\/wp-json\/wp\/v2\/types\/post"}],"author":[{"embeddable":true,"href":"https:\/\/www.escapadarural.com\/blog\/wp-json\/wp\/v2\/users\/119"}],"replies":[{"embeddable":true,"href":"https:\/\/www.escapadarural.com\/blog\/wp-json\/wp\/v2\/comments?post=14792"}],"version-history":[{"count":0,"href":"https:\/\/www.escapadarural.com\/blog\/wp-json\/wp\/v2\/posts\/14792\/revisions"}],"wp:featuredmedia":[{"embeddable":true,"href":"https:\/\/www.escapadarural.com\/blog\/wp-json\/wp\/v2\/media\/184347"}],"wp:attachment":[{"href":"https:\/\/www.escapadarural.com\/blog\/wp-json\/wp\/v2\/media?parent=14792"}],"wp:term":[{"taxonomy":"category","embeddable":true,"href":"https:\/\/www.escapadarural.com\/blog\/wp-json\/wp\/v2\/categories?post=14792"},{"taxonomy":"post_tag","embeddable":true,"href":"https:\/\/www.escapadarural.com\/blog\/wp-json\/wp\/v2\/tags?post=14792"}],"curies":[{"name":"wp","href":"https:\/\/api.w.org\/{rel}","templated":true}]}}