{"id":1509,"date":"2012-01-24T15:54:14","date_gmt":"2012-01-24T15:54:14","guid":{"rendered":"http:\/\/15.188.81.248\/2012\/01\/24\/7-maravillas-naturales-del-norte-del-norte\/"},"modified":"2025-02-18T11:03:20","modified_gmt":"2025-02-18T09:03:20","slug":"7-maravillas-naturales-del-norte-del-norte","status":"publish","type":"post","link":"https:\/\/www.escapadarural.com\/blog\/7-maravillas-naturales-del-norte-del-norte\/","title":{"rendered":"7 maravillas naturales del norte del Norte"},"content":{"rendered":"\n<figure class=\"wp-block-image size-large\"><a href=\"https:\/\/www.escapadarural.com\/blog\/wp-content\/uploads\/2012\/01\/Faro-de-Ortegal.-Galicia-1-4-2.jpg\"><img loading=\"lazy\" decoding=\"async\" width=\"1000\" height=\"710\" src=\"https:\/\/www.escapadarural.com\/blog\/wp-content\/uploads\/2012\/01\/Faro-de-Ortegal.-Galicia-1-4-2.jpg\" alt=\"Faro de Ortegal Galicia\" class=\"wp-image-112943\" srcset=\"https:\/\/www.escapadarural.com\/blog\/wp-content\/uploads\/2012\/01\/Faro-de-Ortegal.-Galicia-1-4-2-200x142.jpg 200w, https:\/\/www.escapadarural.com\/blog\/wp-content\/uploads\/2012\/01\/Faro-de-Ortegal.-Galicia-1-4-2-300x213.jpg 300w, https:\/\/www.escapadarural.com\/blog\/wp-content\/uploads\/2012\/01\/Faro-de-Ortegal.-Galicia-1-4-2-400x284.jpg 400w, https:\/\/www.escapadarural.com\/blog\/wp-content\/uploads\/2012\/01\/Faro-de-Ortegal.-Galicia-1-4-2-600x426.jpg 600w, https:\/\/www.escapadarural.com\/blog\/wp-content\/uploads\/2012\/01\/Faro-de-Ortegal.-Galicia-1-4-2-768x545.jpg 768w, https:\/\/www.escapadarural.com\/blog\/wp-content\/uploads\/2012\/01\/Faro-de-Ortegal.-Galicia-1-4-2-800x568.jpg 800w, https:\/\/www.escapadarural.com\/blog\/wp-content\/uploads\/2012\/01\/Faro-de-Ortegal.-Galicia-1-4-2.jpg 1000w\" sizes=\"auto, (max-width: 1000px) 100vw, 1000px\" \/><\/a><figcaption class=\"wp-element-caption\">Por Ramon Espelt Photographyk<\/figcaption><\/figure>\n\n\n\n<p>La posici\u00f3n de los mapas al uso puede que te impida verlo, porque est\u00e1n centrados y no suelen respetar la inclinaci\u00f3n de la Tierra, para simplificar nuestra mirada: no ser\u00e1s el viajero m\u00e1s septentrional hasta que no pises la tierra de la <strong>comarca de Ortegal<\/strong>.<\/p>\n\n\n\n<p>El t\u00edtulo pertenece a una de nuestras casas rurales: A V\u00eda L\u00e1ctea inspira desde su propio blog a visitar las \u00ab7 maravillas\u00bb de su tierra y ofrece a sus clientes gu\u00edas, planos y la informaci\u00f3n necesaria para descubrir todas ellas. En el camino hasta puedes se\u00f1alar una octava o una novena. Ya ver\u00e1s:<\/p>\n\n\n\n<!--more-->\n\n\n\n<h3 class=\"wp-block-heading\">1. Playa de las Catedrales<\/h3>\n\n\n\n<figure class=\"wp-block-image size-large\"><a href=\"https:\/\/www.escapadarural.com\/blog\/wp-content\/uploads\/2023\/03\/Playa-de-las-Catedrales-1.jpg\"><img decoding=\"async\" src=\"https:\/\/www.escapadarural.com\/blog\/wp-content\/uploads\/2023\/03\/Playa-de-las-Catedrales-1.jpg\" alt=\"Playa de las Catedrales\" class=\"wp-image-117315\" \/><\/a><figcaption class=\"wp-element-caption\">Por Migel<\/figcaption><\/figure>\n\n\n\n<p>Quiz\u00e1s la playa m\u00e1s famosa de Espa\u00f1a por su singular orograf\u00eda y monumentales formas. M\u00e1s que para remojarse, hasta la <em>Praia de Augas Santas<\/em> muchos curiosos se acercan a contemplar. Para llegar desde Ortegal basta con coger la N-642 en direcci\u00f3n Ribadeo. Lo que por la ma\u00f1ana con la bajamar son cuevas art\u00edsticas que recuerdan a templos, durante la pleamar son cavidades marinas. Ha sido catalogada como Monumento Natural.<\/p>\n\n\n\n<h3 class=\"wp-block-heading\">2. El Bosque Petrificado<\/h3>\n\n\n\n<figure class=\"wp-block-image size-large\"><a href=\"https:\/\/www.escapadarural.com\/blog\/wp-content\/uploads\/2010\/10\/San_Andr\u00e9s_de_Teixido_vista-1.jpg\"><img decoding=\"async\" src=\"https:\/\/www.escapadarural.com\/blog\/wp-content\/uploads\/2012\/01\/San_Andres_de_Teixido_vista-1-1024x682-3-1.jpg\" alt=\"San Andr\u00e9s de Teixido\" class=\"wp-image-33843\" \/><\/a><figcaption class=\"wp-element-caption\">Fuente: Reketett\n\n<\/figcaption><\/figure>\n\n\n\n<p>En el concello de Cedeira, se encuentra uno de los lugares de peregrinaci\u00f3n m\u00e1s relevantes de Galicia: <a href=\"\/blog\/san-andres-de-teixido-la-puerta-del-mundo\/\" target=\"_blank\" aria-label=\" (opens in a new tab)\" rel=\"noreferrer noopener\" class=\"rank-math-link\">San Andr\u00e9s de Teixido<\/a>. Adem\u00e1s de la leyenda del lugar, antes de topar con los brutales acantilados, el viajero mira el <a href=\"https:\/\/bosquedepiedrateixido.blogspot.com\/\" target=\"_blank\" rel=\"noreferrer noopener\" class=\"rank-math-link\">\u00abbosque petrificado\u00bb<\/a>. Es una reuni\u00f3n rocosa poco com\u00fan, donde se viene a contemplar como un juego lo que se intuye tambi\u00e9n en las nubes: formas de animales, caras, algo de esa magia imaginativa.<\/p>\n\n\n\n<h3 class=\"wp-block-heading\">3. Cabo Ortegal<\/h3>\n\n\n\n<figure class=\"wp-block-image size-large\"><a href=\"https:\/\/www.escapadarural.com\/blog\/wp-content\/uploads\/2012\/01\/Faro-de-Ortegal.-Galicia-1-4-2.jpg\"><img loading=\"lazy\" decoding=\"async\" width=\"1000\" height=\"710\" src=\"https:\/\/www.escapadarural.com\/blog\/wp-content\/uploads\/2012\/01\/Faro-de-Ortegal.-Galicia-1-4-2.jpg\" alt=\"Faro de Ortegal Galicia\" class=\"wp-image-112943\" srcset=\"https:\/\/www.escapadarural.com\/blog\/wp-content\/uploads\/2012\/01\/Faro-de-Ortegal.-Galicia-1-4-2-200x142.jpg 200w, https:\/\/www.escapadarural.com\/blog\/wp-content\/uploads\/2012\/01\/Faro-de-Ortegal.-Galicia-1-4-2-300x213.jpg 300w, https:\/\/www.escapadarural.com\/blog\/wp-content\/uploads\/2012\/01\/Faro-de-Ortegal.-Galicia-1-4-2-400x284.jpg 400w, https:\/\/www.escapadarural.com\/blog\/wp-content\/uploads\/2012\/01\/Faro-de-Ortegal.-Galicia-1-4-2-600x426.jpg 600w, https:\/\/www.escapadarural.com\/blog\/wp-content\/uploads\/2012\/01\/Faro-de-Ortegal.-Galicia-1-4-2-768x545.jpg 768w, https:\/\/www.escapadarural.com\/blog\/wp-content\/uploads\/2012\/01\/Faro-de-Ortegal.-Galicia-1-4-2-800x568.jpg 800w, https:\/\/www.escapadarural.com\/blog\/wp-content\/uploads\/2012\/01\/Faro-de-Ortegal.-Galicia-1-4-2.jpg 1000w\" sizes=\"auto, (max-width: 1000px) 100vw, 1000px\" \/><\/a><figcaption class=\"wp-element-caption\">Por Ramon Espelt Photographyk<\/figcaption><\/figure>\n\n\n\n<p>La imagen de portada tambi\u00e9n pertenece a este lugar. Dicen algunos estudiosos que el Cabo Ortegal fue el centro del Mundo, cuando los continentes se encontraban unidos en aqu\u00e9l fen\u00f3meno conocido como Pangea. No tenemos datos para asegurarlo, pero s\u00ed es tan antiguo como para que el propietario de A V\u00eda L\u00e1ctea pueda regalar las \u00abrocas m\u00e1s antiguas de Espa\u00f1a\u00bb, con 1.160 millones de a\u00f1os. Curioso, \u00bfverdad?<\/p>\n\n\n\n<h3 class=\"wp-block-heading\">4. Garita de Herbeira<\/h3>\n\n\n\n<p>Entre las localidades de Cedeira y Cari\u00f1o, muy cerca del Bosque Petrificado, se hayan los acantilados m\u00e1s altos de Europa Central: el lugar se llama Garita Herbeira. El muro situado al lado de esta garita antigua es el punto m\u00e1s alto: 625 metros de ca\u00edda hasta el mar. Parece el fin del mundo.<\/p>\n\n\n\n<h3 class=\"wp-block-heading\">5. Estaca de Bares<\/h3>\n\n\n\n<p>Un nombre algo violento para un escenario tan bonito. Este s\u00ed es el punto m\u00e1s septentrional del pa\u00eds, el norte del Norte. La curiosidad no pasar\u00eda de ah\u00ed de no tener una playa excepcional, la de Bares, que recoge el nombre del pueblo.<\/p>\n\n\n\n<h3 class=\"wp-block-heading\">6. \u00abEl Abuelo\u00bb<\/h3>\n\n\n\n<p>Se dice que es el \u00e1rbol m\u00e1s alto de Espa\u00f1a y el de mayor volumen de Europa. Pese a no poder constatarlo a la luz de datos comparativos, baste su contemplaci\u00f3n. Si un humano quisiera abrazar la base de su tronco, parecer\u00eda que intenta sostener la pata gigante de un elefante mitol\u00f3gico. Es tan grande, tan grande, que no caben su im\u00e1genes suyas \ud83d\ude42 Para llegar hasta \u00e9l se debe alcanzar la localidad de Viveiro.<\/p>\n\n\n\n<h3 class=\"wp-block-heading\">7. Los acantilados de papel<\/h3>\n\n\n\n<p>El nombre que se le ha dado al lugar deriva de la apariencia de las rocas que lo conforman. El viento y el mar han terminado por modelar los acantilados, reuniendo pliegues y suavizando la superficie. As\u00ed es c\u00f3mo la potencia de los elementos modifica el contorno de la tierra: como si fueran de papel.<\/p>\n","protected":false},"excerpt":{"rendered":"<p>Hasta que no llegues a la comarca de Ortegal no ser\u00e1s el viajero m\u00e1s septentrional de la Pen\u00ednsula. Son 7 los monumentos naturales que&#8230;<\/p>\n","protected":false},"author":136,"featured_media":112943,"comment_status":"open","ping_status":"closed","sticky":false,"template":"","format":"standard","meta":{"_acf_changed":false,"om_disable_all_campaigns":false,"footnotes":""},"categories":[191],"tags":[241,266,813,814,815,816,468,817,440,215,818,819,820],"class_list":["post-1509","post","type-post","status-publish","format-standard","has-post-thumbnail","hentry","category-destinos","tag-que-ver-en-a-coruna","tag-acantilados","tag-bosque-petrificado","tag-cabo-ortegal","tag-el-abuelo","tag-estaca-de-bares","tag-que-ver-en-galicia","tag-garita-de-herbeira","tag-historias-y-curiosidades","tag-listado","tag-norte","tag-ortegal","tag-playa-de-las-catedrales"],"acf":[],"featured_image_src":"https:\/\/www.escapadarural.com\/blog\/wp-content\/uploads\/2012\/01\/Faro-de-Ortegal.-Galicia-1-4-2.jpg","author_info":{"display_name":"Escapada Rural","author_link":"https:\/\/www.escapadarural.com\/blog\/autor\/user\/"},"yoast_head":"<!-- This site is optimized with the Yoast SEO plugin v27.5 - https:\/\/yoast.com\/product\/yoast-seo-wordpress\/ -->\n<title>7 maravillas naturales del norte del Norte - EscapadaRural<\/title>\n<meta name=\"robots\" content=\"index, follow, max-snippet:-1, max-image-preview:large, max-video-preview:-1\" \/>\n<link rel=\"canonical\" href=\"https:\/\/www.escapadarural.com\/blog\/7-maravillas-naturales-del-norte-del-norte\/\" \/>\n<meta property=\"og:locale\" content=\"es_ES\" \/>\n<meta property=\"og:type\" content=\"article\" \/>\n<meta property=\"og:title\" content=\"7 maravillas naturales del norte del Norte - EscapadaRural\" \/>\n<meta property=\"og:description\" content=\"Hasta que no llegues a la comarca de Ortegal no ser\u00e1s el viajero m\u00e1s septentrional de la Pen\u00ednsula. Son 7 los monumentos naturales que...\" \/>\n<meta property=\"og:url\" content=\"https:\/\/www.escapadarural.com\/blog\/7-maravillas-naturales-del-norte-del-norte\/\" \/>\n<meta property=\"og:site_name\" content=\"Magazine de viajes de EscapadaRural\" \/>\n<meta property=\"article:publisher\" content=\"https:\/\/www.facebook.com\/escapadarural\" \/>\n<meta property=\"article:author\" content=\"https:\/\/www.facebook.com\/escapadarural\" \/>\n<meta property=\"article:published_time\" content=\"2012-01-24T15:54:14+00:00\" \/>\n<meta property=\"article:modified_time\" content=\"2025-02-18T09:03:20+00:00\" \/>\n<meta property=\"og:image\" content=\"https:\/\/app.escapadarural.com\/blog\/wp-content\/uploads\/2012\/01\/Faro-de-Ortegal.-Galicia-1-4-2.jpg\" \/>\n\t<meta property=\"og:image:width\" content=\"1000\" \/>\n\t<meta property=\"og:image:height\" content=\"710\" \/>\n\t<meta property=\"og:image:type\" content=\"image\/jpeg\" \/>\n<meta name=\"author\" content=\"Escapada Rural\" \/>\n<meta name=\"twitter:card\" content=\"summary_large_image\" \/>\n<meta name=\"twitter:creator\" content=\"@https:\/\/x.com\/i\/flow\/login?redirect_after_login=escapadarural\" \/>\n<meta name=\"twitter:label1\" content=\"Escrito por\" \/>\n\t<meta name=\"twitter:data1\" content=\"Escapada Rural\" \/>\n\t<meta name=\"twitter:label2\" content=\"Tiempo de lectura\" \/>\n\t<meta name=\"twitter:data2\" content=\"3 minutos\" \/>\n<script type=\"application\/ld+json\" class=\"yoast-schema-graph\">{\"@context\":\"https:\\\/\\\/schema.org\",\"@graph\":[{\"@type\":\"Article\",\"@id\":\"https:\\\/\\\/www.escapadarural.com\\\/blog\\\/7-maravillas-naturales-del-norte-del-norte\\\/#article\",\"isPartOf\":{\"@id\":\"https:\\\/\\\/www.escapadarural.com\\\/blog\\\/7-maravillas-naturales-del-norte-del-norte\\\/\"},\"author\":{\"name\":\"Escapada Rural\",\"@id\":\"https:\\\/\\\/www.escapadarural.com\\\/blog\\\/#\\\/schema\\\/person\\\/d9ee55ff3e0cef41d6eac8922b4f972c\"},\"headline\":\"7 maravillas naturales del norte del Norte\",\"datePublished\":\"2012-01-24T15:54:14+00:00\",\"dateModified\":\"2025-02-18T09:03:20+00:00\",\"mainEntityOfPage\":{\"@id\":\"https:\\\/\\\/www.escapadarural.com\\\/blog\\\/7-maravillas-naturales-del-norte-del-norte\\\/\"},\"wordCount\":615,\"commentCount\":6,\"publisher\":{\"@id\":\"https:\\\/\\\/www.escapadarural.com\\\/blog\\\/#organization\"},\"image\":{\"@id\":\"https:\\\/\\\/www.escapadarural.com\\\/blog\\\/7-maravillas-naturales-del-norte-del-norte\\\/#primaryimage\"},\"thumbnailUrl\":\"https:\\\/\\\/www.escapadarural.com\\\/blog\\\/wp-content\\\/uploads\\\/2012\\\/01\\\/Faro-de-Ortegal.-Galicia-1-4-2.jpg\",\"keywords\":[\"A Coru\u00f1a\",\"Acantilados\",\"Bosque Petrificado\",\"Cabo Ortegal\",\"El Abuelo\",\"Estaca de Bares\",\"Galicia\",\"Garita de Herbeira\",\"Historias y Curiosidades\",\"Listado\",\"Norte\",\"Ortegal\",\"Playa de las Catedrales\"],\"articleSection\":[\"Destinos\"],\"inLanguage\":\"es\",\"potentialAction\":[{\"@type\":\"CommentAction\",\"name\":\"Comment\",\"target\":[\"https:\\\/\\\/www.escapadarural.com\\\/blog\\\/7-maravillas-naturales-del-norte-del-norte\\\/#respond\"]}]},{\"@type\":\"WebPage\",\"@id\":\"https:\\\/\\\/www.escapadarural.com\\\/blog\\\/7-maravillas-naturales-del-norte-del-norte\\\/\",\"url\":\"https:\\\/\\\/www.escapadarural.com\\\/blog\\\/7-maravillas-naturales-del-norte-del-norte\\\/\",\"name\":\"7 maravillas naturales del norte del Norte - EscapadaRural\",\"isPartOf\":{\"@id\":\"https:\\\/\\\/www.escapadarural.com\\\/blog\\\/#website\"},\"primaryImageOfPage\":{\"@id\":\"https:\\\/\\\/www.escapadarural.com\\\/blog\\\/7-maravillas-naturales-del-norte-del-norte\\\/#primaryimage\"},\"image\":{\"@id\":\"https:\\\/\\\/www.escapadarural.com\\\/blog\\\/7-maravillas-naturales-del-norte-del-norte\\\/#primaryimage\"},\"thumbnailUrl\":\"https:\\\/\\\/www.escapadarural.com\\\/blog\\\/wp-content\\\/uploads\\\/2012\\\/01\\\/Faro-de-Ortegal.-Galicia-1-4-2.jpg\",\"datePublished\":\"2012-01-24T15:54:14+00:00\",\"dateModified\":\"2025-02-18T09:03:20+00:00\",\"breadcrumb\":{\"@id\":\"https:\\\/\\\/www.escapadarural.com\\\/blog\\\/7-maravillas-naturales-del-norte-del-norte\\\/#breadcrumb\"},\"inLanguage\":\"es\",\"potentialAction\":[{\"@type\":\"ReadAction\",\"target\":[\"https:\\\/\\\/www.escapadarural.com\\\/blog\\\/7-maravillas-naturales-del-norte-del-norte\\\/\"]}]},{\"@type\":\"ImageObject\",\"inLanguage\":\"es\",\"@id\":\"https:\\\/\\\/www.escapadarural.com\\\/blog\\\/7-maravillas-naturales-del-norte-del-norte\\\/#primaryimage\",\"url\":\"https:\\\/\\\/www.escapadarural.com\\\/blog\\\/wp-content\\\/uploads\\\/2012\\\/01\\\/Faro-de-Ortegal.-Galicia-1-4-2.jpg\",\"contentUrl\":\"https:\\\/\\\/www.escapadarural.com\\\/blog\\\/wp-content\\\/uploads\\\/2012\\\/01\\\/Faro-de-Ortegal.-Galicia-1-4-2.jpg\",\"width\":1000,\"height\":710,\"caption\":\"Faro de Ortegal, San Andr\u00e9s de Teixido. La Coru\u00f1a.\"},{\"@type\":\"BreadcrumbList\",\"@id\":\"https:\\\/\\\/www.escapadarural.com\\\/blog\\\/7-maravillas-naturales-del-norte-del-norte\\\/#breadcrumb\",\"itemListElement\":[{\"@type\":\"ListItem\",\"position\":1,\"name\":\"Inicio\",\"item\":\"https:\\\/\\\/www.escapadarural.com\\\/blog\\\/\"},{\"@type\":\"ListItem\",\"position\":2,\"name\":\"Destinos\",\"item\":\"https:\\\/\\\/www.escapadarural.com\\\/blog\\\/categoria\\\/destinos\\\/\"},{\"@type\":\"ListItem\",\"position\":3,\"name\":\"7 maravillas naturales del norte del Norte\"}]},{\"@type\":\"WebSite\",\"@id\":\"https:\\\/\\\/www.escapadarural.com\\\/blog\\\/#website\",\"url\":\"https:\\\/\\\/www.escapadarural.com\\\/blog\\\/\",\"name\":\"Blog de viajes | turismo rural, alojamientos e inspiraci\u00f3n\",\"description\":\"Alojamientos rurales e inspiraci\u00f3n para tus escapadas\",\"publisher\":{\"@id\":\"https:\\\/\\\/www.escapadarural.com\\\/blog\\\/#organization\"},\"alternateName\":\"Magazine de viajes de EscapadaRural\",\"potentialAction\":[{\"@type\":\"SearchAction\",\"target\":{\"@type\":\"EntryPoint\",\"urlTemplate\":\"https:\\\/\\\/www.escapadarural.com\\\/blog\\\/?s={search_term_string}\"},\"query-input\":{\"@type\":\"PropertyValueSpecification\",\"valueRequired\":true,\"valueName\":\"search_term_string\"}}],\"inLanguage\":\"es\"},{\"@type\":\"Organization\",\"@id\":\"https:\\\/\\\/www.escapadarural.com\\\/blog\\\/#organization\",\"name\":\"EscapadaRural\",\"url\":\"https:\\\/\\\/www.escapadarural.com\\\/blog\\\/\",\"logo\":{\"@type\":\"ImageObject\",\"inLanguage\":\"es\",\"@id\":\"https:\\\/\\\/www.escapadarural.com\\\/blog\\\/#\\\/schema\\\/logo\\\/image\\\/\",\"url\":\"https:\\\/\\\/www.escapadarural.com\\\/blog\\\/wp-content\\\/uploads\\\/2024\\\/10\\\/cropped-cropped-escapada-rural-icon-mag-3.png\",\"contentUrl\":\"https:\\\/\\\/www.escapadarural.com\\\/blog\\\/wp-content\\\/uploads\\\/2024\\\/10\\\/cropped-cropped-escapada-rural-icon-mag-3.png\",\"width\":512,\"height\":512,\"caption\":\"EscapadaRural\"},\"image\":{\"@id\":\"https:\\\/\\\/www.escapadarural.com\\\/blog\\\/#\\\/schema\\\/logo\\\/image\\\/\"},\"sameAs\":[\"https:\\\/\\\/www.facebook.com\\\/escapadarural\",\"https:\\\/\\\/www.instagram.com\\\/escapadarural\\\/\",\"https:\\\/\\\/www.youtube.com\\\/@escapadaruralcom\"]},{\"@type\":\"Person\",\"@id\":\"https:\\\/\\\/www.escapadarural.com\\\/blog\\\/#\\\/schema\\\/person\\\/d9ee55ff3e0cef41d6eac8922b4f972c\",\"name\":\"Escapada Rural\",\"image\":{\"@type\":\"ImageObject\",\"inLanguage\":\"es\",\"@id\":\"https:\\\/\\\/www.escapadarural.com\\\/blog\\\/wp-content\\\/uploads\\\/2024\\\/10\\\/cropped-cropped-escapada-rural-icon-mag-3-96x96.png\",\"url\":\"https:\\\/\\\/www.escapadarural.com\\\/blog\\\/wp-content\\\/uploads\\\/2024\\\/10\\\/cropped-cropped-escapada-rural-icon-mag-3-96x96.png\",\"contentUrl\":\"https:\\\/\\\/www.escapadarural.com\\\/blog\\\/wp-content\\\/uploads\\\/2024\\\/10\\\/cropped-cropped-escapada-rural-icon-mag-3-96x96.png\",\"caption\":\"Escapada Rural\"},\"sameAs\":[\"https:\\\/\\\/www.facebook.com\\\/escapadarural\",\"https:\\\/\\\/www.linkedin.com\\\/company\\\/escapada-rural\\\/?originalSubdomain=es\",\"https:\\\/\\\/x.com\\\/https:\\\/\\\/x.com\\\/i\\\/flow\\\/login?redirect_after_login=escapadarural\"],\"url\":\"https:\\\/\\\/www.escapadarural.com\\\/blog\\\/autor\\\/user\\\/\"}]}<\/script>\n<!-- \/ Yoast SEO plugin. -->","yoast_head_json":{"title":"7 maravillas naturales del norte del Norte - EscapadaRural","robots":{"index":"index","follow":"follow","max-snippet":"max-snippet:-1","max-image-preview":"max-image-preview:large","max-video-preview":"max-video-preview:-1"},"canonical":"https:\/\/www.escapadarural.com\/blog\/7-maravillas-naturales-del-norte-del-norte\/","og_locale":"es_ES","og_type":"article","og_title":"7 maravillas naturales del norte del Norte - EscapadaRural","og_description":"Hasta que no llegues a la comarca de Ortegal no ser\u00e1s el viajero m\u00e1s septentrional de la Pen\u00ednsula. Son 7 los monumentos naturales que...","og_url":"https:\/\/www.escapadarural.com\/blog\/7-maravillas-naturales-del-norte-del-norte\/","og_site_name":"Magazine de viajes de EscapadaRural","article_publisher":"https:\/\/www.facebook.com\/escapadarural","article_author":"https:\/\/www.facebook.com\/escapadarural","article_published_time":"2012-01-24T15:54:14+00:00","article_modified_time":"2025-02-18T09:03:20+00:00","og_image":[{"width":1000,"height":710,"url":"https:\/\/app.escapadarural.com\/blog\/wp-content\/uploads\/2012\/01\/Faro-de-Ortegal.-Galicia-1-4-2.jpg","type":"image\/jpeg"}],"author":"Escapada Rural","twitter_card":"summary_large_image","twitter_creator":"@https:\/\/x.com\/i\/flow\/login?redirect_after_login=escapadarural","twitter_misc":{"Escrito por":"Escapada Rural","Tiempo de lectura":"3 minutos"},"schema":{"@context":"https:\/\/schema.org","@graph":[{"@type":"Article","@id":"https:\/\/www.escapadarural.com\/blog\/7-maravillas-naturales-del-norte-del-norte\/#article","isPartOf":{"@id":"https:\/\/www.escapadarural.com\/blog\/7-maravillas-naturales-del-norte-del-norte\/"},"author":{"name":"Escapada Rural","@id":"https:\/\/www.escapadarural.com\/blog\/#\/schema\/person\/d9ee55ff3e0cef41d6eac8922b4f972c"},"headline":"7 maravillas naturales del norte del Norte","datePublished":"2012-01-24T15:54:14+00:00","dateModified":"2025-02-18T09:03:20+00:00","mainEntityOfPage":{"@id":"https:\/\/www.escapadarural.com\/blog\/7-maravillas-naturales-del-norte-del-norte\/"},"wordCount":615,"commentCount":6,"publisher":{"@id":"https:\/\/www.escapadarural.com\/blog\/#organization"},"image":{"@id":"https:\/\/www.escapadarural.com\/blog\/7-maravillas-naturales-del-norte-del-norte\/#primaryimage"},"thumbnailUrl":"https:\/\/www.escapadarural.com\/blog\/wp-content\/uploads\/2012\/01\/Faro-de-Ortegal.-Galicia-1-4-2.jpg","keywords":["A Coru\u00f1a","Acantilados","Bosque Petrificado","Cabo Ortegal","El Abuelo","Estaca de Bares","Galicia","Garita de Herbeira","Historias y Curiosidades","Listado","Norte","Ortegal","Playa de las Catedrales"],"articleSection":["Destinos"],"inLanguage":"es","potentialAction":[{"@type":"CommentAction","name":"Comment","target":["https:\/\/www.escapadarural.com\/blog\/7-maravillas-naturales-del-norte-del-norte\/#respond"]}]},{"@type":"WebPage","@id":"https:\/\/www.escapadarural.com\/blog\/7-maravillas-naturales-del-norte-del-norte\/","url":"https:\/\/www.escapadarural.com\/blog\/7-maravillas-naturales-del-norte-del-norte\/","name":"7 maravillas naturales del norte del Norte - EscapadaRural","isPartOf":{"@id":"https:\/\/www.escapadarural.com\/blog\/#website"},"primaryImageOfPage":{"@id":"https:\/\/www.escapadarural.com\/blog\/7-maravillas-naturales-del-norte-del-norte\/#primaryimage"},"image":{"@id":"https:\/\/www.escapadarural.com\/blog\/7-maravillas-naturales-del-norte-del-norte\/#primaryimage"},"thumbnailUrl":"https:\/\/www.escapadarural.com\/blog\/wp-content\/uploads\/2012\/01\/Faro-de-Ortegal.-Galicia-1-4-2.jpg","datePublished":"2012-01-24T15:54:14+00:00","dateModified":"2025-02-18T09:03:20+00:00","breadcrumb":{"@id":"https:\/\/www.escapadarural.com\/blog\/7-maravillas-naturales-del-norte-del-norte\/#breadcrumb"},"inLanguage":"es","potentialAction":[{"@type":"ReadAction","target":["https:\/\/www.escapadarural.com\/blog\/7-maravillas-naturales-del-norte-del-norte\/"]}]},{"@type":"ImageObject","inLanguage":"es","@id":"https:\/\/www.escapadarural.com\/blog\/7-maravillas-naturales-del-norte-del-norte\/#primaryimage","url":"https:\/\/www.escapadarural.com\/blog\/wp-content\/uploads\/2012\/01\/Faro-de-Ortegal.-Galicia-1-4-2.jpg","contentUrl":"https:\/\/www.escapadarural.com\/blog\/wp-content\/uploads\/2012\/01\/Faro-de-Ortegal.-Galicia-1-4-2.jpg","width":1000,"height":710,"caption":"Faro de Ortegal, San Andr\u00e9s de Teixido. La Coru\u00f1a."},{"@type":"BreadcrumbList","@id":"https:\/\/www.escapadarural.com\/blog\/7-maravillas-naturales-del-norte-del-norte\/#breadcrumb","itemListElement":[{"@type":"ListItem","position":1,"name":"Inicio","item":"https:\/\/www.escapadarural.com\/blog\/"},{"@type":"ListItem","position":2,"name":"Destinos","item":"https:\/\/www.escapadarural.com\/blog\/categoria\/destinos\/"},{"@type":"ListItem","position":3,"name":"7 maravillas naturales del norte del Norte"}]},{"@type":"WebSite","@id":"https:\/\/www.escapadarural.com\/blog\/#website","url":"https:\/\/www.escapadarural.com\/blog\/","name":"Blog de viajes | turismo rural, alojamientos e inspiraci\u00f3n","description":"Alojamientos rurales e inspiraci\u00f3n para tus escapadas","publisher":{"@id":"https:\/\/www.escapadarural.com\/blog\/#organization"},"alternateName":"Magazine de viajes de EscapadaRural","potentialAction":[{"@type":"SearchAction","target":{"@type":"EntryPoint","urlTemplate":"https:\/\/www.escapadarural.com\/blog\/?s={search_term_string}"},"query-input":{"@type":"PropertyValueSpecification","valueRequired":true,"valueName":"search_term_string"}}],"inLanguage":"es"},{"@type":"Organization","@id":"https:\/\/www.escapadarural.com\/blog\/#organization","name":"EscapadaRural","url":"https:\/\/www.escapadarural.com\/blog\/","logo":{"@type":"ImageObject","inLanguage":"es","@id":"https:\/\/www.escapadarural.com\/blog\/#\/schema\/logo\/image\/","url":"https:\/\/www.escapadarural.com\/blog\/wp-content\/uploads\/2024\/10\/cropped-cropped-escapada-rural-icon-mag-3.png","contentUrl":"https:\/\/www.escapadarural.com\/blog\/wp-content\/uploads\/2024\/10\/cropped-cropped-escapada-rural-icon-mag-3.png","width":512,"height":512,"caption":"EscapadaRural"},"image":{"@id":"https:\/\/www.escapadarural.com\/blog\/#\/schema\/logo\/image\/"},"sameAs":["https:\/\/www.facebook.com\/escapadarural","https:\/\/www.instagram.com\/escapadarural\/","https:\/\/www.youtube.com\/@escapadaruralcom"]},{"@type":"Person","@id":"https:\/\/www.escapadarural.com\/blog\/#\/schema\/person\/d9ee55ff3e0cef41d6eac8922b4f972c","name":"Escapada Rural","image":{"@type":"ImageObject","inLanguage":"es","@id":"https:\/\/www.escapadarural.com\/blog\/wp-content\/uploads\/2024\/10\/cropped-cropped-escapada-rural-icon-mag-3-96x96.png","url":"https:\/\/www.escapadarural.com\/blog\/wp-content\/uploads\/2024\/10\/cropped-cropped-escapada-rural-icon-mag-3-96x96.png","contentUrl":"https:\/\/www.escapadarural.com\/blog\/wp-content\/uploads\/2024\/10\/cropped-cropped-escapada-rural-icon-mag-3-96x96.png","caption":"Escapada Rural"},"sameAs":["https:\/\/www.facebook.com\/escapadarural","https:\/\/www.linkedin.com\/company\/escapada-rural\/?originalSubdomain=es","https:\/\/x.com\/https:\/\/x.com\/i\/flow\/login?redirect_after_login=escapadarural"],"url":"https:\/\/www.escapadarural.com\/blog\/autor\/user\/"}]}},"_links":{"self":[{"href":"https:\/\/www.escapadarural.com\/blog\/wp-json\/wp\/v2\/posts\/1509","targetHints":{"allow":["GET"]}}],"collection":[{"href":"https:\/\/www.escapadarural.com\/blog\/wp-json\/wp\/v2\/posts"}],"about":[{"href":"https:\/\/www.escapadarural.com\/blog\/wp-json\/wp\/v2\/types\/post"}],"author":[{"embeddable":true,"href":"https:\/\/www.escapadarural.com\/blog\/wp-json\/wp\/v2\/users\/136"}],"replies":[{"embeddable":true,"href":"https:\/\/www.escapadarural.com\/blog\/wp-json\/wp\/v2\/comments?post=1509"}],"version-history":[{"count":0,"href":"https:\/\/www.escapadarural.com\/blog\/wp-json\/wp\/v2\/posts\/1509\/revisions"}],"wp:featuredmedia":[{"embeddable":true,"href":"https:\/\/www.escapadarural.com\/blog\/wp-json\/wp\/v2\/media\/112943"}],"wp:attachment":[{"href":"https:\/\/www.escapadarural.com\/blog\/wp-json\/wp\/v2\/media?parent=1509"}],"wp:term":[{"taxonomy":"category","embeddable":true,"href":"https:\/\/www.escapadarural.com\/blog\/wp-json\/wp\/v2\/categories?post=1509"},{"taxonomy":"post_tag","embeddable":true,"href":"https:\/\/www.escapadarural.com\/blog\/wp-json\/wp\/v2\/tags?post=1509"}],"curies":[{"name":"wp","href":"https:\/\/api.w.org\/{rel}","templated":true}]}}