{"id":1591,"date":"2012-02-23T09:53:54","date_gmt":"2012-02-23T09:53:54","guid":{"rendered":"http:\/\/15.188.81.248\/2012\/02\/23\/ines-fernandez-tuesta-de-mis-viajes-por-ahi\/"},"modified":"2026-02-18T09:02:29","modified_gmt":"2026-02-18T08:02:29","slug":"ines-fernandez-tuesta-de-mis-viajes-por-ahi","status":"publish","type":"post","link":"https:\/\/www.escapadarural.com\/blog\/ines-fernandez-tuesta-de-mis-viajes-por-ahi\/","title":{"rendered":"In\u00e9s Fern\u00e1ndez-Tuesta, de Mis Viajes por Ah\u00ed"},"content":{"rendered":"\n<div class=\"wp-block-image\"><figure class=\"aligncenter size-large\"><a href=\"https:\/\/www.escapadarural.com\/blog\/wp-content\/uploads\/2012\/02\/Inesporahi-1-3-1.jpg\"><img decoding=\"async\" src=\"https:\/\/www.escapadarural.com\/blog\/wp-content\/uploads\/2012\/02\/Inesporahi-1-3-1.jpg\" alt=\"In\u00e9s Fern\u00e1ndez-Tuesta\" class=\"wp-image-36530\" \/><\/a><figcaption>Fuente: In\u00e9s Fern\u00e1ndez-Tuesta<\/figcaption><\/figure><\/div>\n\n\n\n<p>In\u00e9s es la autora del blog <a href=\"https:\/\/misviajesporahi.es\/\" target=\"_blank\">Mis Viajes por Ah\u00ed<\/a>, donde relata sus propias experiencias, ofrece consejos a los viajeros y sorprende con sus ilustraciones. Tiene claro qu\u00e9 se puede conseguir con un blog y a pesar de haber visitado ya 43 pa\u00edses (y pisado los aeropuertos de unos cuantos m\u00e1s) siente que a\u00fan le \u00abqueda mucho por recorrer\u00bb.<\/p>\n\n\n\n<p>El subt\u00edtulo con el que presenta su blog: \u00abVivir en la Tierra es caro, pero ello no incluye un viaje gratis alrededor del Sol cada a\u00f1o\u00bb. Fue Quique Cardona de Viajablog, <a href=\"\/blog\/quique-cardona-especialista-en-contagiar-el-virus-viajero\/\">en la entrevista que le hicimos<\/a>, quien la eligi\u00f3 para responder a nuestras preguntas y no se equivoc\u00f3: su sentido del humor y su experiencia nos ha cautivado. Ya ver\u00e9is:<\/p>\n\n\n\n<!--more-->\n\n\n\n<div class=\"wp-block-image\"><figure class=\"aligncenter size-large\"><a href=\"https:\/\/www.escapadarural.com\/blog\/wp-content\/uploads\/2012\/02\/1-1-3-1.jpg\"><img decoding=\"async\" src=\"https:\/\/www.escapadarural.com\/blog\/wp-content\/uploads\/2012\/02\/1-1-3-1.jpg\" alt=\"In\u00e9s Fern\u00e1ndez-Tuesta\" class=\"wp-image-36529\" \/><\/a><figcaption>Fuente: In\u00e9s Fern\u00e1ndez-Tuesta\n\n<\/figcaption><\/figure><\/div>\n\n\n\n<h3 class=\"wp-block-heading\">1. Hola, In\u00e9s. \u00bfDe verdad ya planeabas de bien peque\u00f1a tus futuros viajes frente a un globo terr\u00e1queo?<\/h3>\n\n\n\n<p>Tanto como planear es un poco exagerado, me pod\u00eda quedar horas embobada frente a una bola del mundo que se iluminaba con una bombilla por dentro y pon\u00eda el dedo en los lugares a los que quer\u00eda ir, aunque lo hac\u00eda no tanto por lo que hubiera en ese pa\u00eds \u2013mi cultura general a los cinco a\u00f1os te puedes imaginar que no era suficiente en ning\u00fan \u00e1mbito-, sino por su situaci\u00f3n geogr\u00e1fica ins\u00f3lita: Gab\u00f3n por estar atravesada por la l\u00ednea del Ecuador, Groenlandia por estar tan aislado, etc. Habl\u00e1ndolo con otras personas a las que les gusta mucho viajar me he dado cuenta de que esto es muy habitual cuando se es peque\u00f1o, ya sea con un globo terr\u00e1queo o con un mapa de esos que mostraban la Uni\u00f3n Sovi\u00e9tica, Yugoslavia y dem\u00e1s. Y la verdad es que no he cambiado mucho, el programa Google Earth me ha hecho perder muchas horas de mi vida\u2026 bueno, perder no es la palabra correcta porque as\u00ed tambi\u00e9n he aprendido mucho.<\/p>\n\n\n\n<div class=\"wp-block-image\"><figure class=\"aligncenter size-large\"><a href=\"https:\/\/www.escapadarural.com\/blog\/wp-content\/uploads\/2012\/02\/11-1-3-1.jpg\"><img loading=\"lazy\" decoding=\"async\" width=\"500\" height=\"362\" src=\"https:\/\/www.escapadarural.com\/blog\/wp-content\/uploads\/2012\/02\/11-1-3-1.jpg\" alt=\"In\u00e9s Fern\u00e1ndez-Tuesta\" class=\"wp-image-112970\" srcset=\"https:\/\/www.escapadarural.com\/blog\/wp-content\/uploads\/2012\/02\/11-1-3-1-200x145.jpg 200w, https:\/\/www.escapadarural.com\/blog\/wp-content\/uploads\/2012\/02\/11-1-3-1-300x217.jpg 300w, https:\/\/www.escapadarural.com\/blog\/wp-content\/uploads\/2012\/02\/11-1-3-1-400x290.jpg 400w, https:\/\/www.escapadarural.com\/blog\/wp-content\/uploads\/2012\/02\/11-1-3-1.jpg 500w\" sizes=\"auto, (max-width: 500px) 100vw, 500px\" \/><\/a><figcaption>Fuente: In\u00e9s Fern\u00e1ndez-Tuesta\n\n<\/figcaption><\/figure><\/div>\n\n\n\n<h3 class=\"wp-block-heading\">2. Fue Quique Cardona, de Viajablog, quien te sugiri\u00f3. \u00bfA qu\u00e9 crees que se refiere cuando asegura que dar\u00e1s mucho que hablar en el futuro?<\/h3>\n\n\n\n<p>No tengo ni idea, s\u00f3lo espero que no sea por meterme en problemas. Yo creo que lo dijo como una frase hecha\u2026 espera, que le pregunto que lo veo conectado en el Facebook. Dice que no sabe por qu\u00e9 dijo semejante cosa, \u00bfves?<\/p>\n\n\n\n<p>Nunca se sabe lo que puede deparar el futuro, cuando abr\u00ed el blog no pens\u00e9 que alguien pudiera estar interesado en realizarme una entrevista y mira lo que estoy haciendo en estos momentos. Espera, que parece que Quique ha contestado. Dice que se refer\u00eda a que tengo un gran curr\u00edculum viajero y a que avanzo a pasos agigantados. Luego ha escrito \u201cJa, Ja!\u201d como si no lo hubiera dicho en serio. Qu\u00e9 majo es este chico.<\/p>\n\n\n\n<div class=\"wp-block-image\"><figure class=\"aligncenter size-large\"><a href=\"https:\/\/www.escapadarural.com\/blog\/wp-content\/uploads\/2012\/02\/8-1-3-1.jpg\"><img decoding=\"async\" src=\"https:\/\/www.escapadarural.com\/blog\/wp-content\/uploads\/2012\/02\/8-1-3-1.jpg\" alt=\"In\u00e9s Fern\u00e1ndez-Tuesta\" class=\"wp-image-36527\" \/><\/a><figcaption>Fuente: In\u00e9s Fern\u00e1ndez-Tuesta\n\n<\/figcaption><\/figure><\/div>\n\n\n\n<h3 class=\"wp-block-heading\">3. \u00bfCu\u00e1ndo surgi\u00f3 la idea de crear <a href=\"https:\/\/misviajesporahi.es\/\" target=\"_blank\">Mis viajes por ah\u00ed<\/a>? \u00bfPensaste que alcanzar\u00eda el \u00e9xito que ha conseguido?<\/h3>\n\n\n\n<p>\u00bfQu\u00e9 \u00e9xito? La gente no me para por la calle para pedirme aut\u00f3grafos ni me llueven los contratos millonarios, ni los contratos de cinco euros. Bueno, tampoco me llueven contratos a secas. Poni\u00e9ndonos serios, estoy muy contenta de que la gente me lea y decida quedarse y si ya me dejan un comentario en alg\u00fan post, mejor que mejor. Una cosa bonita que tienen los blogs es que es posible interactuar con el autor y no s\u00f3lo mediante los comentarios de los art\u00edculos sino que a trav\u00e9s de <a href=\"https:\/\/twitter.com\/Misviajesporahi\" target=\"_blank\">Twitter<\/a> se pueden entablar conversaciones con mayor inmediatez. Qu\u00e9 siglo XXI&#8230;<\/p>\n\n\n\n<h3 class=\"wp-block-heading\">4. En tu presentaci\u00f3n subrayas la importancia de defender y proteger los blogs. \u00bfDefenderlo de qui\u00e9n? \u00bfC\u00f3mo protegerlo?<\/h3>\n\n\n\n<p>Hace mucho que escrib\u00ed la bio de mi blog, al menos el inicio y desde entonces ha cambiado bastante la situaci\u00f3n. Por ejemplo, hace a\u00f1os ni siquiera dec\u00eda que ten\u00eda un blog, se ve\u00eda m\u00e1s como un ejercicio narcisista que como una ventana de informaci\u00f3n bidireccional. Pero si de verdad quer\u00edamos que se tomara en serio este medio de comunicaci\u00f3n ten\u00eda que empezar en nosotros mismos, esforz\u00e1ndonos por crear mejores contenidos, labor que mucha gente no entend\u00eda que pudi\u00e9ramos realizar por amor al arte dedicando para ello buena parte de nuestro tiempo libre y no libre. Y creo que actualmente los blogs han ganado respeto, pero no todo el que merecen, a\u00fan tenemos que protegerlo creando buenos contenidos, evitando plagios, asegur\u00e1ndonos de la veracidad del mensaje, dando informaci\u00f3n nueva y original y sobre todo tratando con cari\u00f1o al lector.<\/p>\n\n\n\n<h3 class=\"wp-block-heading\">5. \u00bfCrees que las oficinas de turismo cuentan cada vez m\u00e1s con los bloggers de viajes relevantes para promocionar sus destinos? \u00bfQu\u00e9 crees que deber\u00edan hacer y no hacen?<\/h3>\n\n\n\n<p>Es cierto que ha habido oficinas de turismo que si ya se publicitaban en vallas de metro, revistas, televisi\u00f3n o en peri\u00f3dicos con un p\u00fablico muy heterog\u00e9neo; vieron como algo natural que los bloggers de viajes tambi\u00e9n hablaran sobre sus destinos en cuanto a la promoci\u00f3n online.<\/p>\n\n\n\n<p>Sobre este tema podr\u00eda pasarme horas hablando, pero resumiendo creo que la formula del blogtrip (el viaje de prensa para bloggers) deber\u00eda cambiar dado el car\u00e1cter de viajero independiente del blogger de viajes, por ejemplo, d\u00e1ndonos facilidades para conocer el destino pero sin tener que ce\u00f1irnos a un tour organizado en el que haya que ver mil cosas durante el d\u00eda sin profundizar en nada en concreto; que al final una ya no sabe ni d\u00f3nde se encuentra.<\/p>\n\n\n\n<p>Pero a\u00fan no me parece que se perciba el poder que pueden tener los bloggers de viajes a la hora de inspirar a los lectores, o al menos no en mi caso particular, ya que mis propuestas siempre son rechazadas. Por ejemplo, voy a realizar un viaje de muy bajo presupuesto por Per\u00fa y Bolivia retransmiti\u00e9ndolo a trav\u00e9s de las redes sociales en el que realizaremos un documental y a ninguna de las oficinas de turismo le ha parecido interesante como promoci\u00f3n del turismo de sus pa\u00edses. Y lo mismo me ocurri\u00f3 con Venezuela y Colombia.<\/p>\n\n\n\n<p>As\u00ed que ya ves, a\u00fan son una minor\u00eda los que conf\u00edan en nosotros a pesar de que Internet sea hoy en d\u00eda la primera opci\u00f3n a la hora de informarse sobre destinos. A\u00fan queda mucho por hacer.<\/p>\n\n\n\n<div class=\"wp-block-image\"><figure class=\"alignright size-large\"><a href=\"https:\/\/www.escapadarural.com\/blog\/wp-content\/uploads\/2012\/02\/5-1-3-1.jpg\"><img loading=\"lazy\" decoding=\"async\" width=\"400\" height=\"600\" src=\"https:\/\/www.escapadarural.com\/blog\/wp-content\/uploads\/2012\/02\/5-1-3-1.jpg\" alt=\"In\u00e9s Fern\u00e1ndez-Tuesta\" class=\"wp-image-112972\" srcset=\"https:\/\/www.escapadarural.com\/blog\/wp-content\/uploads\/2012\/02\/5-1-3-1-200x300.jpg 200w, https:\/\/www.escapadarural.com\/blog\/wp-content\/uploads\/2012\/02\/5-1-3-1.jpg 400w\" sizes=\"auto, (max-width: 400px) 100vw, 400px\" \/><\/a><figcaption>Fuente: In\u00e9s Fern\u00e1ndez-Tuesta\n\n<\/figcaption><\/figure><\/div>\n\n\n\n<h3 class=\"wp-block-heading\">6. En todos tus viajes fotograf\u00edas a la figura del dios hind\u00fa Ganesh, \u00bfqu\u00e9 significado tiene para ti?<\/h3>\n\n\n\n<p>A Ganesh le hago fotos en todas partes cuando viajo y no s\u00f3lo a \u00e9l sino tambi\u00e9n a otros Ganeshes que me encuentro por la calle. Es el dios de los caminos, las letras y la suerte. Y yo de eso necesito mucha. Bueno, eso es falso porque no creo en estas cosas, en realidad no soy nada supersticiosa; simplemente se ha vuelto una costumbre y me hace gracia ir a\u00f1adiendo fotos de Ganesh al \u00e1lbum the <em><a href=\"https:\/\/misviajesporahi.es\/ganesh\" target=\"_blank\">Ganesh around the world<\/a><\/em>. Hace poco lo mostraron en La Patilla, una importante publicaci\u00f3n de Venezuela, as\u00ed que hoy en d\u00eda es mucho m\u00e1s famoso que yo.<\/p>\n\n\n\n<h3 class=\"wp-block-heading\">7. Adem\u00e1s de ayudar a otros viajeros, \u00bfqu\u00e9 te aporta recordar en tu blog los viajes que has hecho?<\/h3>\n\n\n\n<p>Como bien has dicho, parte de la funci\u00f3n de mi blog es mi mala memoria. Pero quiz\u00e1 lo m\u00e1s importante de haberme metido en este mundillo ha sido conocer a grandes viajeros que de otro modo hubiera sido imposible encontr\u00e1rmelos, hay gente muy interesante por ah\u00ed, y por all\u00e1, y por m\u00e1s lejos; pero en la red todos estamos cerca compartiendo nuestros viajes y aventuras.<\/p>\n\n\n\n<h3 class=\"wp-block-heading\">8. Impresiona la cantidad de pa\u00edses que has visitado. Cuando vuelves la vista atr\u00e1s, \u00bfqu\u00e9 sientes?<\/h3>\n\n\n\n<p>Siento que a\u00fan me queda mucho que recorrer y que todo eso lo he hecho poco a poco, no ha sido una carrera contrarreloj.<\/p>\n\n\n\n<h3 class=\"wp-block-heading\">9. Preguntas de respuesta r\u00e1pida<\/h3>\n\n\n\n<ul class=\"wp-block-list\"><li><strong>Tu primer destino<\/strong>: Mallorca.<\/li><li><strong>\u00bfY el \u00faltimo?<\/strong> Venezuela.<\/li><li><strong>Tu rinc\u00f3n del mundo favorito<\/strong>: Angkor.<\/li><li><strong>\u00bfY de Espa\u00f1a?<\/strong>: Sopelana o las playas del Cant\u00e1brico.<\/li><li><strong>Un personaje que te haya marcado<\/strong>: un misionero en la India.<\/li><li><strong>Un libro de viajes<\/strong>: <em>El antrop\u00f3logo inocente<\/em>, de <a href=\"https:\/\/es.wikipedia.org\/wiki\/Nigel_Barley\" target=\"_blank\">Barley Nigel<\/a>.<\/li><li><strong>Tu plato favorito<\/strong>: <a href=\"https:\/\/es.wikipedia.org\/wiki\/Cebiche\" target=\"_blank\">Ceviche<\/a>.<\/li><\/ul>\n\n\n\n<div class=\"wp-block-image\"><figure class=\"alignleft size-large\"><a href=\"https:\/\/www.escapadarural.com\/blog\/wp-content\/uploads\/2012\/02\/7-1-3-1.jpg\"><img decoding=\"async\" src=\"https:\/\/www.escapadarural.com\/blog\/wp-content\/uploads\/2012\/02\/7-1-3-1.jpg\" alt=\"In\u00e9s Fern\u00e1ndez-Tuesta\" class=\"wp-image-36525\" \/><\/a><figcaption>Fuente: In\u00e9s Fern\u00e1ndez-Tuesta\n\n<\/figcaption><\/figure><\/div>\n\n\n\n<h3 class=\"wp-block-heading\">10. En los viajes, \u00bfsola o acompa\u00f1ada?<\/h3>\n\n\n\n<p>Prefiero ir acompa\u00f1ada por una persona o dos como mucho. Pero he decir que tambi\u00e9n he vivido experiencias \u00fanicas viajando sola que si hubiera estado con m\u00e1s gente en aquellos momentos, hubiera sido imposible. Creo que hay que probar diferentes maneras de viajar y no quedarse en casa por no haber encontrado en esos momentos un compa\u00f1ero de viaje. Coge la mochila y vete s\u00f3lo, te sorprender\u00e1 la cantidad de gente que vas a conocer, la sensaci\u00f3n de libertad total y lo escasos que van a ser los momentos de soledad; en el mundo hay mucha gente viajando sola.<\/p>\n\n\n\n<h3 class=\"wp-block-heading\">11. \u00bfQu\u00e9 lugar recomiendas para irte de turismo rural en Arag\u00f3n?<\/h3>\n\n\n\n<p>A los Pirineos, sin duda. Yo he ido mucho por la zona de Jaca, Panticosa, Sabi\u00f1\u00e1nigo\u2026 sin importar la \u00e9poca del a\u00f1o; en invierno para esquiar, en oto\u00f1o para encontrar setas haciendo senderismo, en primavera para seguir disfrutando de la naturaleza y en verano para escapar del calor que azota Zaragoza y acudir a alguno de sus festivales.<\/p>\n\n\n\n<div class=\"wp-block-image\"><figure class=\"aligncenter size-large\"><a href=\"https:\/\/www.escapadarural.com\/blog\/wp-content\/uploads\/2012\/02\/3-1-3-1.jpg\"><img loading=\"lazy\" decoding=\"async\" width=\"500\" height=\"380\" src=\"https:\/\/www.escapadarural.com\/blog\/wp-content\/uploads\/2012\/02\/3-1-3-1.jpg\" alt=\"In\u00e9s Fern\u00e1ndez-Tuesta\" class=\"wp-image-112974\" srcset=\"https:\/\/www.escapadarural.com\/blog\/wp-content\/uploads\/2012\/02\/3-1-3-1-200x152.jpg 200w, https:\/\/www.escapadarural.com\/blog\/wp-content\/uploads\/2012\/02\/3-1-3-1-300x228.jpg 300w, https:\/\/www.escapadarural.com\/blog\/wp-content\/uploads\/2012\/02\/3-1-3-1-400x304.jpg 400w, https:\/\/www.escapadarural.com\/blog\/wp-content\/uploads\/2012\/02\/3-1-3-1.jpg 500w\" sizes=\"auto, (max-width: 500px) 100vw, 500px\" \/><\/a><figcaption>Fuente: In\u00e9s Fern\u00e1ndez-Tuesta\n\n<\/figcaption><\/figure><\/div>\n\n\n\n<h3 class=\"wp-block-heading\">12. La \u00faltima, \u00bfa qu\u00e9 viajero eliges para la siguiente entrevista?<\/h3>\n\n\n\n<p><a href=\"\/blog\/entrevista-a-isabel-de-diario-de-a-bordo\/\">Isabel<\/a> de <a href=\"https:\/\/www.diariodeabordoblog.com\/\" target=\"_blank\">Diario de a bordo<\/a>, me encanta c\u00f3mo relata sus m\u00faltiples viajes.<\/p>\n","protected":false},"excerpt":{"rendered":"<p>Le toca a una viajera que visitado m\u00e1s de 43 pa\u00edses y \u00aba\u00fan le queda mucho por recorrer\u00bb. Se llama In\u00e9s Fern\u00e1ndez y es autora de Mis Viajes por Ah\u00ed&#8230;<\/p>\n","protected":false},"author":136,"featured_media":112968,"comment_status":"open","ping_status":"closed","sticky":false,"template":"","format":"standard","meta":{"_acf_changed":false,"om_disable_all_campaigns":false,"footnotes":""},"categories":[231],"tags":[6401,838,720,831,839,840,477],"class_list":["post-1591","post","type-post","status-publish","format-standard","has-post-thumbnail","hentry","category-arte-y-cultura","tag-aragon","tag-bloggers-de-viajes","tag-entrevista","tag-entrevistas","tag-mundo","tag-viajes","tag-que-ver-en-zaragoza"],"acf":[],"featured_image_src":"https:\/\/www.escapadarural.com\/blog\/wp-content\/uploads\/2012\/02\/Inesporahi-1-3-1.jpg","author_info":{"display_name":"Escapada Rural","author_link":"https:\/\/www.escapadarural.com\/blog\/autor\/user\/"},"yoast_head":"<!-- This site is optimized with the Yoast SEO plugin v27.5 - https:\/\/yoast.com\/product\/yoast-seo-wordpress\/ -->\n<title>In\u00e9s Fern\u00e1ndez-Tuesta, de Mis Viajes por Ah\u00ed - EscapadaRural<\/title>\n<meta name=\"robots\" content=\"index, follow, max-snippet:-1, max-image-preview:large, max-video-preview:-1\" \/>\n<link rel=\"canonical\" href=\"https:\/\/www.escapadarural.com\/blog\/ines-fernandez-tuesta-de-mis-viajes-por-ahi\/\" \/>\n<meta property=\"og:locale\" content=\"es_ES\" \/>\n<meta property=\"og:type\" content=\"article\" \/>\n<meta property=\"og:title\" content=\"In\u00e9s Fern\u00e1ndez-Tuesta, de Mis Viajes por Ah\u00ed - EscapadaRural\" \/>\n<meta property=\"og:description\" content=\"Le toca a una viajera que visitado m\u00e1s de 43 pa\u00edses y &quot;a\u00fan le queda mucho por recorrer&quot;. Se llama In\u00e9s Fern\u00e1ndez y es autora de Mis Viajes por Ah\u00ed...\" \/>\n<meta property=\"og:url\" content=\"https:\/\/www.escapadarural.com\/blog\/ines-fernandez-tuesta-de-mis-viajes-por-ahi\/\" \/>\n<meta property=\"og:site_name\" content=\"Magazine de viajes de EscapadaRural\" \/>\n<meta property=\"article:publisher\" content=\"https:\/\/www.facebook.com\/escapadarural\" \/>\n<meta property=\"article:author\" content=\"https:\/\/www.facebook.com\/escapadarural\" \/>\n<meta property=\"article:published_time\" content=\"2012-02-23T09:53:54+00:00\" \/>\n<meta property=\"article:modified_time\" content=\"2026-02-18T08:02:29+00:00\" \/>\n<meta property=\"og:image\" content=\"https:\/\/www.escapadarural.com\/blog\/wp-content\/uploads\/2012\/02\/Inesporahi-1-3-1.jpg?v=1771401749\" \/>\n\t<meta property=\"og:image:width\" content=\"500\" \/>\n\t<meta property=\"og:image:height\" content=\"335\" \/>\n\t<meta property=\"og:image:type\" content=\"image\/jpeg\" \/>\n<meta name=\"author\" content=\"Escapada Rural\" \/>\n<meta name=\"twitter:card\" content=\"summary_large_image\" \/>\n<meta name=\"twitter:creator\" content=\"@https:\/\/x.com\/i\/flow\/login?redirect_after_login=escapadarural\" \/>\n<meta name=\"twitter:label1\" content=\"Escrito por\" \/>\n\t<meta name=\"twitter:data1\" content=\"Escapada Rural\" \/>\n\t<meta name=\"twitter:label2\" content=\"Tiempo de lectura\" \/>\n\t<meta name=\"twitter:data2\" content=\"9 minutos\" \/>\n<script type=\"application\/ld+json\" class=\"yoast-schema-graph\">{\"@context\":\"https:\\\/\\\/schema.org\",\"@graph\":[{\"@type\":\"Article\",\"@id\":\"https:\\\/\\\/www.escapadarural.com\\\/blog\\\/ines-fernandez-tuesta-de-mis-viajes-por-ahi\\\/#article\",\"isPartOf\":{\"@id\":\"https:\\\/\\\/www.escapadarural.com\\\/blog\\\/ines-fernandez-tuesta-de-mis-viajes-por-ahi\\\/\"},\"author\":{\"name\":\"Escapada Rural\",\"@id\":\"https:\\\/\\\/www.escapadarural.com\\\/blog\\\/#\\\/schema\\\/person\\\/d9ee55ff3e0cef41d6eac8922b4f972c\"},\"headline\":\"In\u00e9s Fern\u00e1ndez-Tuesta, de Mis Viajes por Ah\u00ed\",\"datePublished\":\"2012-02-23T09:53:54+00:00\",\"dateModified\":\"2026-02-18T08:02:29+00:00\",\"mainEntityOfPage\":{\"@id\":\"https:\\\/\\\/www.escapadarural.com\\\/blog\\\/ines-fernandez-tuesta-de-mis-viajes-por-ahi\\\/\"},\"wordCount\":1661,\"commentCount\":5,\"publisher\":{\"@id\":\"https:\\\/\\\/www.escapadarural.com\\\/blog\\\/#organization\"},\"image\":{\"@id\":\"https:\\\/\\\/www.escapadarural.com\\\/blog\\\/ines-fernandez-tuesta-de-mis-viajes-por-ahi\\\/#primaryimage\"},\"thumbnailUrl\":\"https:\\\/\\\/www.escapadarural.com\\\/blog\\\/wp-content\\\/uploads\\\/2012\\\/02\\\/Inesporahi-1-3-1.jpg\",\"keywords\":[\"aragon\",\"Bloggers de Viajes\",\"Entrevista\",\"Entrevistas\",\"Mundo\",\"viajes\",\"Zaragoza\"],\"articleSection\":[\"Arte y Cultura\"],\"inLanguage\":\"es\",\"potentialAction\":[{\"@type\":\"CommentAction\",\"name\":\"Comment\",\"target\":[\"https:\\\/\\\/www.escapadarural.com\\\/blog\\\/ines-fernandez-tuesta-de-mis-viajes-por-ahi\\\/#respond\"]}]},{\"@type\":\"WebPage\",\"@id\":\"https:\\\/\\\/www.escapadarural.com\\\/blog\\\/ines-fernandez-tuesta-de-mis-viajes-por-ahi\\\/\",\"url\":\"https:\\\/\\\/www.escapadarural.com\\\/blog\\\/ines-fernandez-tuesta-de-mis-viajes-por-ahi\\\/\",\"name\":\"In\u00e9s Fern\u00e1ndez-Tuesta, de Mis Viajes por Ah\u00ed - EscapadaRural\",\"isPartOf\":{\"@id\":\"https:\\\/\\\/www.escapadarural.com\\\/blog\\\/#website\"},\"primaryImageOfPage\":{\"@id\":\"https:\\\/\\\/www.escapadarural.com\\\/blog\\\/ines-fernandez-tuesta-de-mis-viajes-por-ahi\\\/#primaryimage\"},\"image\":{\"@id\":\"https:\\\/\\\/www.escapadarural.com\\\/blog\\\/ines-fernandez-tuesta-de-mis-viajes-por-ahi\\\/#primaryimage\"},\"thumbnailUrl\":\"https:\\\/\\\/www.escapadarural.com\\\/blog\\\/wp-content\\\/uploads\\\/2012\\\/02\\\/Inesporahi-1-3-1.jpg\",\"datePublished\":\"2012-02-23T09:53:54+00:00\",\"dateModified\":\"2026-02-18T08:02:29+00:00\",\"breadcrumb\":{\"@id\":\"https:\\\/\\\/www.escapadarural.com\\\/blog\\\/ines-fernandez-tuesta-de-mis-viajes-por-ahi\\\/#breadcrumb\"},\"inLanguage\":\"es\",\"potentialAction\":[{\"@type\":\"ReadAction\",\"target\":[\"https:\\\/\\\/www.escapadarural.com\\\/blog\\\/ines-fernandez-tuesta-de-mis-viajes-por-ahi\\\/\"]}]},{\"@type\":\"ImageObject\",\"inLanguage\":\"es\",\"@id\":\"https:\\\/\\\/www.escapadarural.com\\\/blog\\\/ines-fernandez-tuesta-de-mis-viajes-por-ahi\\\/#primaryimage\",\"url\":\"https:\\\/\\\/www.escapadarural.com\\\/blog\\\/wp-content\\\/uploads\\\/2012\\\/02\\\/Inesporahi-1-3-1.jpg\",\"contentUrl\":\"https:\\\/\\\/www.escapadarural.com\\\/blog\\\/wp-content\\\/uploads\\\/2012\\\/02\\\/Inesporahi-1-3-1.jpg\",\"width\":500,\"height\":335,\"caption\":\"In\u00e9s Fern\u00e1ndez-Tuesta, de Mis Viajes por Ah\u00ed\"},{\"@type\":\"BreadcrumbList\",\"@id\":\"https:\\\/\\\/www.escapadarural.com\\\/blog\\\/ines-fernandez-tuesta-de-mis-viajes-por-ahi\\\/#breadcrumb\",\"itemListElement\":[{\"@type\":\"ListItem\",\"position\":1,\"name\":\"Inicio\",\"item\":\"https:\\\/\\\/www.escapadarural.com\\\/blog\\\/\"},{\"@type\":\"ListItem\",\"position\":2,\"name\":\"Arte y Cultura\",\"item\":\"https:\\\/\\\/www.escapadarural.com\\\/blog\\\/categoria\\\/arte-y-cultura\\\/\"},{\"@type\":\"ListItem\",\"position\":3,\"name\":\"In\u00e9s Fern\u00e1ndez-Tuesta, de Mis Viajes por Ah\u00ed\"}]},{\"@type\":\"WebSite\",\"@id\":\"https:\\\/\\\/www.escapadarural.com\\\/blog\\\/#website\",\"url\":\"https:\\\/\\\/www.escapadarural.com\\\/blog\\\/\",\"name\":\"Blog de viajes | turismo rural, alojamientos e inspiraci\u00f3n\",\"description\":\"Alojamientos rurales e inspiraci\u00f3n para tus escapadas\",\"publisher\":{\"@id\":\"https:\\\/\\\/www.escapadarural.com\\\/blog\\\/#organization\"},\"alternateName\":\"Magazine de viajes de EscapadaRural\",\"potentialAction\":[{\"@type\":\"SearchAction\",\"target\":{\"@type\":\"EntryPoint\",\"urlTemplate\":\"https:\\\/\\\/www.escapadarural.com\\\/blog\\\/?s={search_term_string}\"},\"query-input\":{\"@type\":\"PropertyValueSpecification\",\"valueRequired\":true,\"valueName\":\"search_term_string\"}}],\"inLanguage\":\"es\"},{\"@type\":\"Organization\",\"@id\":\"https:\\\/\\\/www.escapadarural.com\\\/blog\\\/#organization\",\"name\":\"EscapadaRural\",\"url\":\"https:\\\/\\\/www.escapadarural.com\\\/blog\\\/\",\"logo\":{\"@type\":\"ImageObject\",\"inLanguage\":\"es\",\"@id\":\"https:\\\/\\\/www.escapadarural.com\\\/blog\\\/#\\\/schema\\\/logo\\\/image\\\/\",\"url\":\"https:\\\/\\\/www.escapadarural.com\\\/blog\\\/wp-content\\\/uploads\\\/2024\\\/10\\\/cropped-cropped-escapada-rural-icon-mag-3.png\",\"contentUrl\":\"https:\\\/\\\/www.escapadarural.com\\\/blog\\\/wp-content\\\/uploads\\\/2024\\\/10\\\/cropped-cropped-escapada-rural-icon-mag-3.png\",\"width\":512,\"height\":512,\"caption\":\"EscapadaRural\"},\"image\":{\"@id\":\"https:\\\/\\\/www.escapadarural.com\\\/blog\\\/#\\\/schema\\\/logo\\\/image\\\/\"},\"sameAs\":[\"https:\\\/\\\/www.facebook.com\\\/escapadarural\",\"https:\\\/\\\/www.instagram.com\\\/escapadarural\\\/\",\"https:\\\/\\\/www.youtube.com\\\/@escapadaruralcom\"]},{\"@type\":\"Person\",\"@id\":\"https:\\\/\\\/www.escapadarural.com\\\/blog\\\/#\\\/schema\\\/person\\\/d9ee55ff3e0cef41d6eac8922b4f972c\",\"name\":\"Escapada Rural\",\"image\":{\"@type\":\"ImageObject\",\"inLanguage\":\"es\",\"@id\":\"https:\\\/\\\/www.escapadarural.com\\\/blog\\\/wp-content\\\/uploads\\\/2024\\\/10\\\/cropped-cropped-escapada-rural-icon-mag-3-96x96.png\",\"url\":\"https:\\\/\\\/www.escapadarural.com\\\/blog\\\/wp-content\\\/uploads\\\/2024\\\/10\\\/cropped-cropped-escapada-rural-icon-mag-3-96x96.png\",\"contentUrl\":\"https:\\\/\\\/www.escapadarural.com\\\/blog\\\/wp-content\\\/uploads\\\/2024\\\/10\\\/cropped-cropped-escapada-rural-icon-mag-3-96x96.png\",\"caption\":\"Escapada Rural\"},\"sameAs\":[\"https:\\\/\\\/www.facebook.com\\\/escapadarural\",\"https:\\\/\\\/www.linkedin.com\\\/company\\\/escapada-rural\\\/?originalSubdomain=es\",\"https:\\\/\\\/x.com\\\/https:\\\/\\\/x.com\\\/i\\\/flow\\\/login?redirect_after_login=escapadarural\"],\"url\":\"https:\\\/\\\/www.escapadarural.com\\\/blog\\\/autor\\\/user\\\/\"}]}<\/script>\n<!-- \/ Yoast SEO plugin. -->","yoast_head_json":{"title":"In\u00e9s Fern\u00e1ndez-Tuesta, de Mis Viajes por Ah\u00ed - EscapadaRural","robots":{"index":"index","follow":"follow","max-snippet":"max-snippet:-1","max-image-preview":"max-image-preview:large","max-video-preview":"max-video-preview:-1"},"canonical":"https:\/\/www.escapadarural.com\/blog\/ines-fernandez-tuesta-de-mis-viajes-por-ahi\/","og_locale":"es_ES","og_type":"article","og_title":"In\u00e9s Fern\u00e1ndez-Tuesta, de Mis Viajes por Ah\u00ed - EscapadaRural","og_description":"Le toca a una viajera que visitado m\u00e1s de 43 pa\u00edses y \"a\u00fan le queda mucho por recorrer\". Se llama In\u00e9s Fern\u00e1ndez y es autora de Mis Viajes por Ah\u00ed...","og_url":"https:\/\/www.escapadarural.com\/blog\/ines-fernandez-tuesta-de-mis-viajes-por-ahi\/","og_site_name":"Magazine de viajes de EscapadaRural","article_publisher":"https:\/\/www.facebook.com\/escapadarural","article_author":"https:\/\/www.facebook.com\/escapadarural","article_published_time":"2012-02-23T09:53:54+00:00","article_modified_time":"2026-02-18T08:02:29+00:00","og_image":[{"width":500,"height":335,"url":"https:\/\/www.escapadarural.com\/blog\/wp-content\/uploads\/2012\/02\/Inesporahi-1-3-1.jpg?v=1771401749","type":"image\/jpeg"}],"author":"Escapada Rural","twitter_card":"summary_large_image","twitter_creator":"@https:\/\/x.com\/i\/flow\/login?redirect_after_login=escapadarural","twitter_misc":{"Escrito por":"Escapada Rural","Tiempo de lectura":"9 minutos"},"schema":{"@context":"https:\/\/schema.org","@graph":[{"@type":"Article","@id":"https:\/\/www.escapadarural.com\/blog\/ines-fernandez-tuesta-de-mis-viajes-por-ahi\/#article","isPartOf":{"@id":"https:\/\/www.escapadarural.com\/blog\/ines-fernandez-tuesta-de-mis-viajes-por-ahi\/"},"author":{"name":"Escapada Rural","@id":"https:\/\/www.escapadarural.com\/blog\/#\/schema\/person\/d9ee55ff3e0cef41d6eac8922b4f972c"},"headline":"In\u00e9s Fern\u00e1ndez-Tuesta, de Mis Viajes por Ah\u00ed","datePublished":"2012-02-23T09:53:54+00:00","dateModified":"2026-02-18T08:02:29+00:00","mainEntityOfPage":{"@id":"https:\/\/www.escapadarural.com\/blog\/ines-fernandez-tuesta-de-mis-viajes-por-ahi\/"},"wordCount":1661,"commentCount":5,"publisher":{"@id":"https:\/\/www.escapadarural.com\/blog\/#organization"},"image":{"@id":"https:\/\/www.escapadarural.com\/blog\/ines-fernandez-tuesta-de-mis-viajes-por-ahi\/#primaryimage"},"thumbnailUrl":"https:\/\/www.escapadarural.com\/blog\/wp-content\/uploads\/2012\/02\/Inesporahi-1-3-1.jpg","keywords":["aragon","Bloggers de Viajes","Entrevista","Entrevistas","Mundo","viajes","Zaragoza"],"articleSection":["Arte y Cultura"],"inLanguage":"es","potentialAction":[{"@type":"CommentAction","name":"Comment","target":["https:\/\/www.escapadarural.com\/blog\/ines-fernandez-tuesta-de-mis-viajes-por-ahi\/#respond"]}]},{"@type":"WebPage","@id":"https:\/\/www.escapadarural.com\/blog\/ines-fernandez-tuesta-de-mis-viajes-por-ahi\/","url":"https:\/\/www.escapadarural.com\/blog\/ines-fernandez-tuesta-de-mis-viajes-por-ahi\/","name":"In\u00e9s Fern\u00e1ndez-Tuesta, de Mis Viajes por Ah\u00ed - EscapadaRural","isPartOf":{"@id":"https:\/\/www.escapadarural.com\/blog\/#website"},"primaryImageOfPage":{"@id":"https:\/\/www.escapadarural.com\/blog\/ines-fernandez-tuesta-de-mis-viajes-por-ahi\/#primaryimage"},"image":{"@id":"https:\/\/www.escapadarural.com\/blog\/ines-fernandez-tuesta-de-mis-viajes-por-ahi\/#primaryimage"},"thumbnailUrl":"https:\/\/www.escapadarural.com\/blog\/wp-content\/uploads\/2012\/02\/Inesporahi-1-3-1.jpg","datePublished":"2012-02-23T09:53:54+00:00","dateModified":"2026-02-18T08:02:29+00:00","breadcrumb":{"@id":"https:\/\/www.escapadarural.com\/blog\/ines-fernandez-tuesta-de-mis-viajes-por-ahi\/#breadcrumb"},"inLanguage":"es","potentialAction":[{"@type":"ReadAction","target":["https:\/\/www.escapadarural.com\/blog\/ines-fernandez-tuesta-de-mis-viajes-por-ahi\/"]}]},{"@type":"ImageObject","inLanguage":"es","@id":"https:\/\/www.escapadarural.com\/blog\/ines-fernandez-tuesta-de-mis-viajes-por-ahi\/#primaryimage","url":"https:\/\/www.escapadarural.com\/blog\/wp-content\/uploads\/2012\/02\/Inesporahi-1-3-1.jpg","contentUrl":"https:\/\/www.escapadarural.com\/blog\/wp-content\/uploads\/2012\/02\/Inesporahi-1-3-1.jpg","width":500,"height":335,"caption":"In\u00e9s Fern\u00e1ndez-Tuesta, de Mis Viajes por Ah\u00ed"},{"@type":"BreadcrumbList","@id":"https:\/\/www.escapadarural.com\/blog\/ines-fernandez-tuesta-de-mis-viajes-por-ahi\/#breadcrumb","itemListElement":[{"@type":"ListItem","position":1,"name":"Inicio","item":"https:\/\/www.escapadarural.com\/blog\/"},{"@type":"ListItem","position":2,"name":"Arte y Cultura","item":"https:\/\/www.escapadarural.com\/blog\/categoria\/arte-y-cultura\/"},{"@type":"ListItem","position":3,"name":"In\u00e9s Fern\u00e1ndez-Tuesta, de Mis Viajes por Ah\u00ed"}]},{"@type":"WebSite","@id":"https:\/\/www.escapadarural.com\/blog\/#website","url":"https:\/\/www.escapadarural.com\/blog\/","name":"Blog de viajes | turismo rural, alojamientos e inspiraci\u00f3n","description":"Alojamientos rurales e inspiraci\u00f3n para tus escapadas","publisher":{"@id":"https:\/\/www.escapadarural.com\/blog\/#organization"},"alternateName":"Magazine de viajes de EscapadaRural","potentialAction":[{"@type":"SearchAction","target":{"@type":"EntryPoint","urlTemplate":"https:\/\/www.escapadarural.com\/blog\/?s={search_term_string}"},"query-input":{"@type":"PropertyValueSpecification","valueRequired":true,"valueName":"search_term_string"}}],"inLanguage":"es"},{"@type":"Organization","@id":"https:\/\/www.escapadarural.com\/blog\/#organization","name":"EscapadaRural","url":"https:\/\/www.escapadarural.com\/blog\/","logo":{"@type":"ImageObject","inLanguage":"es","@id":"https:\/\/www.escapadarural.com\/blog\/#\/schema\/logo\/image\/","url":"https:\/\/www.escapadarural.com\/blog\/wp-content\/uploads\/2024\/10\/cropped-cropped-escapada-rural-icon-mag-3.png","contentUrl":"https:\/\/www.escapadarural.com\/blog\/wp-content\/uploads\/2024\/10\/cropped-cropped-escapada-rural-icon-mag-3.png","width":512,"height":512,"caption":"EscapadaRural"},"image":{"@id":"https:\/\/www.escapadarural.com\/blog\/#\/schema\/logo\/image\/"},"sameAs":["https:\/\/www.facebook.com\/escapadarural","https:\/\/www.instagram.com\/escapadarural\/","https:\/\/www.youtube.com\/@escapadaruralcom"]},{"@type":"Person","@id":"https:\/\/www.escapadarural.com\/blog\/#\/schema\/person\/d9ee55ff3e0cef41d6eac8922b4f972c","name":"Escapada Rural","image":{"@type":"ImageObject","inLanguage":"es","@id":"https:\/\/www.escapadarural.com\/blog\/wp-content\/uploads\/2024\/10\/cropped-cropped-escapada-rural-icon-mag-3-96x96.png","url":"https:\/\/www.escapadarural.com\/blog\/wp-content\/uploads\/2024\/10\/cropped-cropped-escapada-rural-icon-mag-3-96x96.png","contentUrl":"https:\/\/www.escapadarural.com\/blog\/wp-content\/uploads\/2024\/10\/cropped-cropped-escapada-rural-icon-mag-3-96x96.png","caption":"Escapada Rural"},"sameAs":["https:\/\/www.facebook.com\/escapadarural","https:\/\/www.linkedin.com\/company\/escapada-rural\/?originalSubdomain=es","https:\/\/x.com\/https:\/\/x.com\/i\/flow\/login?redirect_after_login=escapadarural"],"url":"https:\/\/www.escapadarural.com\/blog\/autor\/user\/"}]}},"_links":{"self":[{"href":"https:\/\/www.escapadarural.com\/blog\/wp-json\/wp\/v2\/posts\/1591","targetHints":{"allow":["GET"]}}],"collection":[{"href":"https:\/\/www.escapadarural.com\/blog\/wp-json\/wp\/v2\/posts"}],"about":[{"href":"https:\/\/www.escapadarural.com\/blog\/wp-json\/wp\/v2\/types\/post"}],"author":[{"embeddable":true,"href":"https:\/\/www.escapadarural.com\/blog\/wp-json\/wp\/v2\/users\/136"}],"replies":[{"embeddable":true,"href":"https:\/\/www.escapadarural.com\/blog\/wp-json\/wp\/v2\/comments?post=1591"}],"version-history":[{"count":0,"href":"https:\/\/www.escapadarural.com\/blog\/wp-json\/wp\/v2\/posts\/1591\/revisions"}],"wp:featuredmedia":[{"embeddable":true,"href":"https:\/\/www.escapadarural.com\/blog\/wp-json\/wp\/v2\/media\/112968"}],"wp:attachment":[{"href":"https:\/\/www.escapadarural.com\/blog\/wp-json\/wp\/v2\/media?parent=1591"}],"wp:term":[{"taxonomy":"category","embeddable":true,"href":"https:\/\/www.escapadarural.com\/blog\/wp-json\/wp\/v2\/categories?post=1591"},{"taxonomy":"post_tag","embeddable":true,"href":"https:\/\/www.escapadarural.com\/blog\/wp-json\/wp\/v2\/tags?post=1591"}],"curies":[{"name":"wp","href":"https:\/\/api.w.org\/{rel}","templated":true}]}}