{"id":1597,"date":"2012-03-01T09:36:11","date_gmt":"2012-03-01T08:36:11","guid":{"rendered":"http:\/\/15.188.81.248\/2012\/03\/01\/rafa-perez-el-fotografo-viajero\/"},"modified":"2025-08-12T14:23:15","modified_gmt":"2025-08-12T12:23:15","slug":"rafa-perez-el-fotografo-viajero","status":"publish","type":"post","link":"https:\/\/www.escapadarural.com\/blog\/rafa-perez-el-fotografo-viajero\/","title":{"rendered":"Rafa P\u00e9rez, el fot\u00f3grafo viajero"},"content":{"rendered":"<div class=\"wp-block-image\">\n<figure class=\"aligncenter size-large\"><a href=\"https:\/\/www.escapadarural.com\/blog\/wp-content\/uploads\/2012\/03\/Rafaperez-1-3-1.jpg\"><img decoding=\"async\" src=\"https:\/\/www.escapadarural.com\/blog\/wp-content\/uploads\/2012\/03\/Rafaperez-1-3-1.jpg\" alt=\"Rafa P\u00e9rez\" class=\"wp-image-36010\"\/><\/a><figcaption class=\"wp-element-caption\">Fuente: Rafa P\u00e9rez\n\n<\/figcaption><\/figure>\n<\/div>\n\n\n<p>Rafa P\u00e9rez es un apasionado de su trabajo, <strong>el periodismo de viajes y la fotograf\u00eda<\/strong>. Busca \u00ablo extraordinario en lo cotidiano\u00bb y antes de preparar un viaje se documenta sobre todo a trav\u00e9s de la literatura y el cine. Entiende el viaje como \u00ablos viajeros de la Ilustraci\u00f3n: viajar para aprender pensando en el beneficio que pueda reportar\u00bb.<\/p>\n\n\n\n<p>Y el beneficio que se extrae de sus textos y sus im\u00e1genes es mucho, tanto en las revistas en las que colabora como en su blog, El Fot\u00f3grafo Viajero. Claro que nos confiesa que conseguir emocionar con lo que hace \u00abes lo m\u00e1s dif\u00edcil\u00bb de su trabajo. Y dispuestos a aprender de su experiencia y emocionarnos con su forma de ver el mundo os dejamos con sus palabras. Que lo disfrut\u00e9is tanto como nosotros:<\/p>\n\n\n<div class=\"wp-block-image\">\n<figure class=\"aligncenter size-large\"><a href=\"https:\/\/www.escapadarural.com\/blog\/wp-content\/uploads\/2012\/03\/Rafaavion-1-3-1.jpg\"><img decoding=\"async\" src=\"https:\/\/www.escapadarural.com\/blog\/wp-content\/uploads\/2012\/03\/Rafaavion-1-3-1.jpg\" alt=\"Rafa P\u00e9rez\" class=\"wp-image-36009\"\/><\/a><figcaption class=\"wp-element-caption\">Fuente: Rafa P\u00e9rez\n\n<\/figcaption><\/figure>\n<\/div>\n\n\n<h3 class=\"wp-block-heading\" id=\"h-1-leemos-la-bio-de-tu-blog-y-nos-asalta-una-duda-desde-que-comenzaste-a-viajar-has-conseguido-aprender-algo-mas-del-mundo-a-traves-de-los-viajes-y-la-fotografia-o-nunca-es-suficiente\">1. Leemos la bio de tu blog y nos asalta una duda: desde que comenzaste a viajar, \u00bfhas conseguido aprender algo m\u00e1s del mundo a trav\u00e9s de los viajes y la fotograf\u00eda o nunca es suficiente?<\/h3>\n\n\n\n<p><a href=\"https:\/\/es.wikipedia.org\/wiki\/Ralph_Waldo_Emerson\" target=\"_blank\">Emerson<\/a> dec\u00eda que los buenos libros sustituyen a las mejores universidades. Yo a\u00f1adir\u00eda que tambi\u00e9n viajar es un buen sustituto. El hecho de aprender es una de las grandes razones por las que sigo teniendo ganas de hacer la maleta, mi gran motivaci\u00f3n para viajar. El d\u00eda que la pierda, no podr\u00e9 seguir haciendo este trabajo. \u00bfLa conclusi\u00f3n extra\u00edda de todos estos a\u00f1os viajando? Que no s\u00e9 absolutamente nada, que jam\u00e1s puedes iniciar un viaje en base a unos prejuicios y que hay mucha gente en el mundo capaz de ense\u00f1ar sin dar lecciones.<\/p>\n\n\n\n<h3 class=\"wp-block-heading\" id=\"h-2-alvaro-gonzalez-ha-escrito-sobre-ti-se-que-ha-estado-alli-porque-sus-cronicas-transpiran-estan-vivas-sollozan-y-sonrien-como-lo-haria-un-nino-despertar-este-interes-en-tus-lectores-que-sensacion-te-produce\">2. <a href=\"https:\/\/twitter.com\/jalvarogonzalez\" target=\"_blank\">\u00c1lvaro Gonz\u00e1lez<\/a> ha escrito sobre ti: \u201cs\u00e9 que ha estado all\u00ed porque sus cr\u00f3nicas transpiran, est\u00e1n vivas, sollozan y sonr\u00eden como lo har\u00eda un ni\u00f1o\u201d. Despertar este inter\u00e9s en tus lectores, \u00bfqu\u00e9 sensaci\u00f3n te produce?<\/h3>\n\n\n\n<p>Esa ha sido una de las grandes ventajas que las nuevas tecnolog\u00edas han aportado al periodismo de viajes. Hasta ahora publicaba mis art\u00edculos en prensa, muchas veces en medios de gran prestigio, pero nunca recib\u00edas el <em>feedback<\/em> de los lectores m\u00e1s all\u00e1 de alguna carta o queja (que tambi\u00e9n las hab\u00eda) al director. Ahora el lector cierra el c\u00edrculo. Estableces un hilo directo con \u00e9l, te cuenta, te pregunta. La comunicaci\u00f3n pasa a ser bidireccional. Las sensaciones son, por tanto, muy positivas.<\/p>\n\n\n<div class=\"wp-block-image\">\n<figure class=\"aligncenter size-large\"><a href=\"https:\/\/www.escapadarural.com\/blog\/wp-content\/uploads\/2012\/03\/Rafanieve-1-3-1.jpg\"><img decoding=\"async\" src=\"https:\/\/www.escapadarural.com\/blog\/wp-content\/uploads\/2012\/03\/Rafanieve-1-3-1.jpg\" alt=\"Rafa P\u00e9rez\" class=\"wp-image-36008\"\/><\/a><figcaption class=\"wp-element-caption\">Fuente: Rafa P\u00e9rez<\/figcaption><\/figure>\n<\/div>\n\n\n<h3 class=\"wp-block-heading\" id=\"h-3-a-proposito-de-las-sensaciones-es-tu-principal-objetivo-plasmar-aquellas-que-recibes-en-tus-viajes\">3. A prop\u00f3sito de las sensaciones, \u00bfes tu principal objetivo plasmar aquellas que recibes en tus viajes?<\/h3>\n\n\n\n<p>Eso es lo m\u00e1s complicado de mi trabajo, conseguir emocionar con lo que hago, trasladar a la persona al lugar que has visitado y que sienta lo que t\u00fa sentiste al vivir ese momento. Sensaciones como el fr\u00edo, la soledad, la emoci\u00f3n o la felicidad se pueden transmitir a trav\u00e9s de la fotograf\u00eda y la palabra. Es muy dif\u00edcil, pero cuando lo consigues es pura magia. Cuando un lector es capaz de interpretar un texto o leer una fotograf\u00eda en el sentido en que t\u00fa lo has hecho, consigues la perfecci\u00f3n m\u00e1s absoluta en el acto de contar historias.<\/p>\n\n\n\n<h3 class=\"wp-block-heading\" id=\"h-4-de-delibes-se-dijo-que-retrataba-lo-vulgar-y-lo-hacia-universal-en-tus-fotografias-de-viajes-sucede-lo-mismo-como-la-teja-de-pueblo-para-contar-el-mundo\">4. De Delibes se dijo que retrataba lo vulgar y lo hac\u00eda universal. En tus fotograf\u00edas de viajes, \u00bfsucede lo mismo, como \u201cla teja de pueblo para contar el mundo\u201d?<\/h3>\n\n\n\n<p>No me atrever\u00e9 a contradecir a mi admirado Delibes, una buena parte de sus libros ha pasado en un momento u otro por mi vida. Pero s\u00ed voy a matizarlo.<\/p>\n\n\n\n<p>La vulgaridad es cuesti\u00f3n de percepci\u00f3n, muchas veces de los prejuicios de los que hablaba en la primera respuesta. Soy m\u00e1s partidario de decir que busco lo extraordinario en lo cotidiano, en el d\u00eda a d\u00eda de las personas que visito. C\u00f3mo hablar de vulgaridad sin hacer un profundo examen de conciencia de nuestro modo de vida actual.<\/p>\n\n\n\n<p>Viajando por el mundo encuentras valores que nosotros hemos perdido por completo. Progreso creo que llamamos a lo nuestro. Con lo de la teja de pueblo para contar el mundo, s\u00ed te puedo decir que es necesario tener claras tus ra\u00edces y que si no eres capaz de maravillarte en tu entorno, en tu rutina, mejor que no empieces el viaje. Para la fotograf\u00eda es un ejercicio estupendo, lo m\u00e1s dif\u00edcil es hacer buenas fotos de los lugares que tenemos m\u00e1s vistos.<\/p>\n\n\n<div class=\"wp-block-image\">\n<figure class=\"aligncenter size-large\"><a href=\"https:\/\/www.escapadarural.com\/blog\/wp-content\/uploads\/2012\/03\/Cocodrilo-1-3-1.jpg\"><img decoding=\"async\" src=\"https:\/\/www.escapadarural.com\/blog\/wp-content\/uploads\/2012\/03\/Cocodrilo-1-3-1.jpg\" alt=\"Rafa P\u00e9rez\" class=\"wp-image-36007\"\/><\/a><figcaption class=\"wp-element-caption\">Fuente: Rafa P\u00e9rez\n\n<\/figcaption><\/figure>\n<\/div>\n\n\n<h3 class=\"wp-block-heading\" id=\"h-5-de-todas-las-culturas-que-has-conocido-cual-te-ha-calado-mas\">5. De todas las culturas que has conocido \u00bfcu\u00e1l te ha calado m\u00e1s?<\/h3>\n\n\n\n<p>Me gusta mucho viajar por los pa\u00edses isl\u00e1micos, aunque muchas veces me produzca sentimientos encontrados. Ninguna cultura es perfecta y de los pa\u00edses isl\u00e1micos hay mucho que criticar. Pero me quedo con el concepto de familia que tienen, el ritmo de las medinas, los olores de los mercados, la llamada a oraci\u00f3n del almu\u00e9dano. Tengo un proyecto a largo plazo que me va a llevar a visitar (volver a visitar en algunos casos) la mayor\u00eda de pa\u00edses \u00e1rabes del Mediterr\u00e1neo. Me produce mucha tristeza lo que est\u00e1 pasando en muchos de ellos, la p\u00e9rdida de vidas que se est\u00e1 produciendo en las diferentes revoluciones. Espero poder viajar pronto a todos ellos, el turismo bien entendido es uno de los motores para la tan cacareada Alianza de Civilizaciones. Y, sin duda, motor econ\u00f3mico para el progreso de muchos de estos pa\u00edses.<\/p>\n\n\n\n<h3 class=\"wp-block-heading\" id=\"h-6-hablas-del-cine-y-la-literatura-para-comprender-un-pais-y-documentarte-la-fotografia-y-la-redaccion-es-un-camino-intermedio-tu-aportacion-personal\">6. Hablas del cine y la literatura para comprender un pa\u00eds y documentarte. \u00bfLa fotograf\u00eda y la redacci\u00f3n es un camino intermedio, tu aportaci\u00f3n personal?<\/h3>\n\n\n\n<p>Mi filosof\u00eda del viaje es la de los viajeros de la Ilustraci\u00f3n: viajar para aprender pensando en el beneficio que pueda reportar. De ah\u00ed la necesidad de compartir. La fotograf\u00eda y la redacci\u00f3n son las herramientas. El cine y la literatura son mis fuentes m\u00e1s importantes, necesito saber qu\u00e9 han hecho otros, mucho mejor, antes que yo. C\u00f3mo han visto los escritores un lugar a lo largo de las diferentes \u00e9pocas, qu\u00e9 visi\u00f3n tienen los cineastas de un lugar determinado. Todo eso me da una informaci\u00f3n muy valiosa. Cuando caminas por un lugar est\u00e1s, de alguna manera, reconociendo todo lo asimilado para formarte tu propia opini\u00f3n del destino. Imagina viajar a la Rep\u00fablica Checa utilizando como gu\u00edas a Kafka, Kundera, Bohumil Hrabal o Jan Neruda. O aprender a mirar como lo hace Kar-Wai con las grandes ciudades asi\u00e1ticas o Finlandia como Kaurism\u00e4ki.<\/p>\n\n\n\n<h3 class=\"wp-block-heading\" id=\"h-7-publicas-en-muchas-revistas-de-viajes-eres-autor-del-libro-la-costa-blanca-por-que-decidiste-crear-tu-blog-el-fotografo-viajero\">7. Publicas en muchas revistas de viajes, eres autor del libro la Costa Blanca&#8230; \u00bfPor qu\u00e9 decidiste crear tu blog El fot\u00f3grafo Viajero?<\/h3>\n\n\n\n<p>En primer lugar porque era un soporte nuevo para comunicar, un soporte que mejoraba a todos los conocidos hasta entonces. Por lo que comentaba de dar la palabra al lector, por los m\u00faltiples formatos que tienen cabida, por la interacci\u00f3n en las redes sociales. El blog permite mostrar cosas que hasta ahora no ten\u00edan sitio en los medios tradicionales. El mundo 2.0 es la herramienta de marketing m\u00e1s potente que he conocido hasta ahora.<\/p>\n\n\n\n<h3 class=\"wp-block-heading\" id=\"h-8-que-le-falta-a-la-blogosfera-de-viajes-en-espanol-hacia-donde-deberian-ir-los-esfuerzos\">8. \u00bfQu\u00e9 le falta a la blogosfera de viajes en espa\u00f1ol? \u00bfHacia d\u00f3nde deber\u00edan ir los esfuerzos?<\/h3>\n\n\n\n<p>Profesionalizaci\u00f3n. Hay muchos blogs de viajes en espa\u00f1ol, de mucha tipolog\u00eda, pero todo pasa por hacer un planteamiento serio. Para mucha gente es un divertimento, una forma de estar en contacto con sus familiares cuando est\u00e1n de viaje. Otros vemos en el blog una herramienta muy potente para contar el mundo. Hay que trabajar juntos, no venimos a sustituir a los medios tradicionales sino a completarlos. Es necesario tener la capacidad de diversificar, ofrecer un valor a\u00f1adido a lo que hemos venido haciendo hasta ahora en el periodismo de viajes. Es tan simple como coger lo mejor de esa experiencia y mejorar los errores cometidos.<\/p>\n\n\n\n<h3 class=\"wp-block-heading\" id=\"h-9-viajar-trabajando-es-viajar-se-puede-cansar-uno-de-seguir-en-ruta\">9. \u00bfViajar trabajando es viajar? \u00bfSe puede cansar uno de seguir en ruta?<\/h3>\n\n\n\n<p>No. Bien es cierto que, como es un trabajo con sus respectivas obligaciones, a veces hay encargos que te apetecen menos. Pero tenemos un trabajo incre\u00edble, con una responsabilidad enorme. No obstante, conviene no olvidar que exige muchos sacrificios, incluso a nivel personal. No hay jornadas de ocho horas, ni fines de semana, ni vacaciones en la playa. Pero cuando haces del viaje tu modo de vida, es complicado cansarse. Ser\u00eda equivalente a firmar tu sentencia.<\/p>\n\n\n<div class=\"wp-block-image\">\n<figure class=\"aligncenter size-large\"><a href=\"https:\/\/www.escapadarural.com\/blog\/wp-content\/uploads\/2012\/03\/Rafahelicoptero-1-3-1.jpg\"><img decoding=\"async\" src=\"https:\/\/www.escapadarural.com\/blog\/wp-content\/uploads\/2012\/03\/Rafahelicoptero-1-3-1.jpg\" alt=\"Rafa P\u00e9rez\" class=\"wp-image-36005\"\/><\/a><figcaption class=\"wp-element-caption\">Fuente: Rafa P\u00e9rez\n\n<\/figcaption><\/figure>\n<\/div>\n\n\n<h3 class=\"wp-block-heading\" id=\"h-10-preguntas-de-respuesta-rapida\">10. Preguntas de respuesta r\u00e1pida<\/h3>\n\n\n\n<ul class=\"wp-block-list\">\n<li><strong>Tu primer destino<\/strong>: Pues voy a ser poco original. Galicia en Espa\u00f1a y Par\u00eds en el extranjero. Hace ya demasiados a\u00f1os&#8230;<\/li>\n\n\n\n<li><strong>\u00bfY el \u00faltimo?<\/strong> Finlandia.<\/li>\n\n\n\n<li><strong>Tu rinc\u00f3n del mundo favorito<\/strong>: Es un secreto. Creo que tenemos la responsabilidad de salvaguardar algunos lugares para que no se masifiquen. De los confesables, Marruecos.<\/li>\n\n\n\n<li><strong>\u00bfY de Espa\u00f1a?<\/strong>: Mi tierra, Asturias.<\/li>\n\n\n\n<li><strong>Un personaje que te haya marcado<\/strong>: <a href=\"https:\/\/es.wikipedia.org\/wiki\/Domingo_Bad%C3%ADa\" target=\"_blank\">Ali Bey<\/a>.<\/li>\n\n\n\n<li><strong>Un libro de viajes<\/strong>: <em>En el gallo de hierro<\/em>, de <a class=\"rank-math-link\" href=\"https:\/\/es.wikipedia.org\/wiki\/Nigel_Barley\" target=\"_blank\">Paul Theroux<\/a>.<\/li>\n\n\n\n<li><strong>Tu plato favorito<\/strong>: El arroz, mejor con bogavante.<\/li>\n\n\n\n<li><strong>Una fotograf\u00eda<\/strong>: En la sede de National Geographic en Washington, dicen que vales lo que tu \u00faltimo trabajo. \u00bfUna fotograf\u00eda concreta? La pr\u00f3xima que haga. De las hist\u00f3ricas, la de Nick Ut, en la que se ve a una ni\u00f1a corriendo quemada por el <a href=\"https:\/\/es.wikipedia.org\/wiki\/Napalm\" target=\"_blank\">Napalm<\/a>. Una fotograf\u00eda que hoy nadie publicar\u00eda&#8230;<\/li>\n<\/ul>\n\n\n\n<h3 class=\"wp-block-heading\" id=\"h-11-para-practicar-turismo-rural-en-espana-que-lugar-escoges\">11. Para practicar turismo rural en Espa\u00f1a, \u00bfqu\u00e9 lugar escoges?<\/h3>\n\n\n\n<p>Asturias. El occidente, tambi\u00e9n los lugares cercanos a preciosos parques como Muniellos, Redes o <a href=\"https:\/\/www.escapadarural.com\/pueblos\/asturias_somiedo\">Somiedo<\/a>.<\/p>\n\n\n\n<h3 class=\"wp-block-heading\" id=\"h-12-la-ultima-a-que-viajero-eliges-para-la-siguiente-entrevista\">12. La \u00faltima, \u00bfa qu\u00e9 viajero eliges para la siguiente entrevista?<\/h3>\n\n\n\n<p>A <a href=\"\/blog\/pasion-y-oficio-la-experiencia-viajera-de-paco-nadal\/\">Paco Nadal<\/a>. Desde el inicio de mi carrera ha sido una referencia para m\u00ed y el mejor ejemplo de la capacidad de adaptaci\u00f3n de un periodista. Paco necesitar\u00e1 contar buenas historias toda su vida. Cambia el soporte, no la manera de contar las cosas. Eso lo he aprendido de Paco.<\/p>\n","protected":false},"excerpt":{"rendered":"<p>Rafa P\u00e9rez, periodista de viajes y fot\u00f3grafo, es un apasionado de su trabajo. Su \u00faltima destino fue Finlandia y a trav\u00e9s de su blog nos cuenta sus experiencias y transmite sus sensaciones&#8230;<\/p>\n","protected":false},"author":136,"featured_media":112979,"comment_status":"open","ping_status":"closed","sticky":false,"template":"","format":"standard","meta":{"_acf_changed":false,"om_disable_all_campaigns":false,"footnotes":""},"categories":[231],"tags":[838,720,831,843,844,845],"class_list":["post-1597","post","type-post","status-publish","format-standard","has-post-thumbnail","hentry","category-arte-y-cultura","tag-bloggers-de-viajes","tag-entrevista","tag-entrevistas","tag-fotografo","tag-rafa-perez","tag-viajero"],"acf":[],"featured_image_src":"https:\/\/www.escapadarural.com\/blog\/wp-content\/uploads\/2012\/03\/Rafaavion-1-3-1.jpg","author_info":{"display_name":"Escapada Rural","author_link":"https:\/\/www.escapadarural.com\/blog\/autor\/user\/"},"yoast_head":"<!-- This site is optimized with the Yoast SEO plugin v27.5 - https:\/\/yoast.com\/product\/yoast-seo-wordpress\/ -->\n<title>Rafa P\u00e9rez, el fot\u00f3grafo viajero - EscapadaRural<\/title>\n<meta name=\"robots\" content=\"index, follow, max-snippet:-1, max-image-preview:large, max-video-preview:-1\" \/>\n<link rel=\"canonical\" href=\"https:\/\/www.escapadarural.com\/blog\/rafa-perez-el-fotografo-viajero\/\" \/>\n<meta property=\"og:locale\" content=\"es_ES\" \/>\n<meta property=\"og:type\" content=\"article\" \/>\n<meta property=\"og:title\" content=\"Rafa P\u00e9rez, el fot\u00f3grafo viajero - EscapadaRural\" \/>\n<meta property=\"og:description\" content=\"Rafa P\u00e9rez, periodista de viajes y fot\u00f3grafo, es un apasionado de su trabajo. Su \u00faltima destino fue Finlandia y a trav\u00e9s de su blog nos cuenta sus experiencias y transmite sus sensaciones...\" \/>\n<meta property=\"og:url\" content=\"https:\/\/www.escapadarural.com\/blog\/rafa-perez-el-fotografo-viajero\/\" \/>\n<meta property=\"og:site_name\" content=\"Magazine de viajes de EscapadaRural\" \/>\n<meta property=\"article:publisher\" content=\"https:\/\/www.facebook.com\/escapadarural\" \/>\n<meta property=\"article:author\" content=\"https:\/\/www.facebook.com\/escapadarural\" \/>\n<meta property=\"article:published_time\" content=\"2012-03-01T08:36:11+00:00\" \/>\n<meta property=\"article:modified_time\" content=\"2025-08-12T12:23:15+00:00\" \/>\n<meta property=\"og:image\" content=\"https:\/\/www.escapadarural.com\/blog\/wp-content\/uploads\/2012\/03\/Rafaavion-1-3-1.jpg?v=1755001397\" \/>\n\t<meta property=\"og:image:width\" content=\"500\" \/>\n\t<meta property=\"og:image:height\" content=\"418\" \/>\n\t<meta property=\"og:image:type\" content=\"image\/jpeg\" \/>\n<meta name=\"author\" content=\"Escapada Rural\" \/>\n<meta name=\"twitter:card\" content=\"summary_large_image\" \/>\n<meta name=\"twitter:creator\" content=\"@https:\/\/x.com\/i\/flow\/login?redirect_after_login=escapadarural\" \/>\n<meta name=\"twitter:label1\" content=\"Escrito por\" \/>\n\t<meta name=\"twitter:data1\" content=\"Escapada Rural\" \/>\n\t<meta name=\"twitter:label2\" content=\"Tiempo de lectura\" \/>\n\t<meta name=\"twitter:data2\" content=\"8 minutos\" \/>\n<script type=\"application\/ld+json\" class=\"yoast-schema-graph\">{\"@context\":\"https:\\\/\\\/schema.org\",\"@graph\":[{\"@type\":\"Article\",\"@id\":\"https:\\\/\\\/www.escapadarural.com\\\/blog\\\/rafa-perez-el-fotografo-viajero\\\/#article\",\"isPartOf\":{\"@id\":\"https:\\\/\\\/www.escapadarural.com\\\/blog\\\/rafa-perez-el-fotografo-viajero\\\/\"},\"author\":{\"name\":\"Escapada Rural\",\"@id\":\"https:\\\/\\\/www.escapadarural.com\\\/blog\\\/#\\\/schema\\\/person\\\/d9ee55ff3e0cef41d6eac8922b4f972c\"},\"headline\":\"Rafa P\u00e9rez, el fot\u00f3grafo viajero\",\"datePublished\":\"2012-03-01T08:36:11+00:00\",\"dateModified\":\"2025-08-12T12:23:15+00:00\",\"mainEntityOfPage\":{\"@id\":\"https:\\\/\\\/www.escapadarural.com\\\/blog\\\/rafa-perez-el-fotografo-viajero\\\/\"},\"wordCount\":1691,\"commentCount\":0,\"publisher\":{\"@id\":\"https:\\\/\\\/www.escapadarural.com\\\/blog\\\/#organization\"},\"image\":{\"@id\":\"https:\\\/\\\/www.escapadarural.com\\\/blog\\\/rafa-perez-el-fotografo-viajero\\\/#primaryimage\"},\"thumbnailUrl\":\"https:\\\/\\\/www.escapadarural.com\\\/blog\\\/wp-content\\\/uploads\\\/2012\\\/03\\\/Rafaavion-1-3-1.jpg\",\"keywords\":[\"Bloggers de Viajes\",\"Entrevista\",\"Entrevistas\",\"Fot\u00f3grafo\",\"Rafa P\u00e9rez\",\"Viajero\"],\"articleSection\":[\"Arte y Cultura\"],\"inLanguage\":\"es\",\"potentialAction\":[{\"@type\":\"CommentAction\",\"name\":\"Comment\",\"target\":[\"https:\\\/\\\/www.escapadarural.com\\\/blog\\\/rafa-perez-el-fotografo-viajero\\\/#respond\"]}]},{\"@type\":\"WebPage\",\"@id\":\"https:\\\/\\\/www.escapadarural.com\\\/blog\\\/rafa-perez-el-fotografo-viajero\\\/\",\"url\":\"https:\\\/\\\/www.escapadarural.com\\\/blog\\\/rafa-perez-el-fotografo-viajero\\\/\",\"name\":\"Rafa P\u00e9rez, el fot\u00f3grafo viajero - EscapadaRural\",\"isPartOf\":{\"@id\":\"https:\\\/\\\/www.escapadarural.com\\\/blog\\\/#website\"},\"primaryImageOfPage\":{\"@id\":\"https:\\\/\\\/www.escapadarural.com\\\/blog\\\/rafa-perez-el-fotografo-viajero\\\/#primaryimage\"},\"image\":{\"@id\":\"https:\\\/\\\/www.escapadarural.com\\\/blog\\\/rafa-perez-el-fotografo-viajero\\\/#primaryimage\"},\"thumbnailUrl\":\"https:\\\/\\\/www.escapadarural.com\\\/blog\\\/wp-content\\\/uploads\\\/2012\\\/03\\\/Rafaavion-1-3-1.jpg\",\"datePublished\":\"2012-03-01T08:36:11+00:00\",\"dateModified\":\"2025-08-12T12:23:15+00:00\",\"breadcrumb\":{\"@id\":\"https:\\\/\\\/www.escapadarural.com\\\/blog\\\/rafa-perez-el-fotografo-viajero\\\/#breadcrumb\"},\"inLanguage\":\"es\",\"potentialAction\":[{\"@type\":\"ReadAction\",\"target\":[\"https:\\\/\\\/www.escapadarural.com\\\/blog\\\/rafa-perez-el-fotografo-viajero\\\/\"]}]},{\"@type\":\"ImageObject\",\"inLanguage\":\"es\",\"@id\":\"https:\\\/\\\/www.escapadarural.com\\\/blog\\\/rafa-perez-el-fotografo-viajero\\\/#primaryimage\",\"url\":\"https:\\\/\\\/www.escapadarural.com\\\/blog\\\/wp-content\\\/uploads\\\/2012\\\/03\\\/Rafaavion-1-3-1.jpg\",\"contentUrl\":\"https:\\\/\\\/www.escapadarural.com\\\/blog\\\/wp-content\\\/uploads\\\/2012\\\/03\\\/Rafaavion-1-3-1.jpg\",\"width\":500,\"height\":418,\"caption\":\"Rafa P\u00e9rez, el fot\u00f3grafo viajero\"},{\"@type\":\"BreadcrumbList\",\"@id\":\"https:\\\/\\\/www.escapadarural.com\\\/blog\\\/rafa-perez-el-fotografo-viajero\\\/#breadcrumb\",\"itemListElement\":[{\"@type\":\"ListItem\",\"position\":1,\"name\":\"Inicio\",\"item\":\"https:\\\/\\\/www.escapadarural.com\\\/blog\\\/\"},{\"@type\":\"ListItem\",\"position\":2,\"name\":\"Arte y Cultura\",\"item\":\"https:\\\/\\\/www.escapadarural.com\\\/blog\\\/categoria\\\/arte-y-cultura\\\/\"},{\"@type\":\"ListItem\",\"position\":3,\"name\":\"Rafa P\u00e9rez, el fot\u00f3grafo viajero\"}]},{\"@type\":\"WebSite\",\"@id\":\"https:\\\/\\\/www.escapadarural.com\\\/blog\\\/#website\",\"url\":\"https:\\\/\\\/www.escapadarural.com\\\/blog\\\/\",\"name\":\"Blog de viajes | turismo rural, alojamientos e inspiraci\u00f3n\",\"description\":\"Alojamientos rurales e inspiraci\u00f3n para tus escapadas\",\"publisher\":{\"@id\":\"https:\\\/\\\/www.escapadarural.com\\\/blog\\\/#organization\"},\"alternateName\":\"Magazine de viajes de EscapadaRural\",\"potentialAction\":[{\"@type\":\"SearchAction\",\"target\":{\"@type\":\"EntryPoint\",\"urlTemplate\":\"https:\\\/\\\/www.escapadarural.com\\\/blog\\\/?s={search_term_string}\"},\"query-input\":{\"@type\":\"PropertyValueSpecification\",\"valueRequired\":true,\"valueName\":\"search_term_string\"}}],\"inLanguage\":\"es\"},{\"@type\":\"Organization\",\"@id\":\"https:\\\/\\\/www.escapadarural.com\\\/blog\\\/#organization\",\"name\":\"EscapadaRural\",\"url\":\"https:\\\/\\\/www.escapadarural.com\\\/blog\\\/\",\"logo\":{\"@type\":\"ImageObject\",\"inLanguage\":\"es\",\"@id\":\"https:\\\/\\\/www.escapadarural.com\\\/blog\\\/#\\\/schema\\\/logo\\\/image\\\/\",\"url\":\"https:\\\/\\\/www.escapadarural.com\\\/blog\\\/wp-content\\\/uploads\\\/2024\\\/10\\\/cropped-cropped-escapada-rural-icon-mag-3.png\",\"contentUrl\":\"https:\\\/\\\/www.escapadarural.com\\\/blog\\\/wp-content\\\/uploads\\\/2024\\\/10\\\/cropped-cropped-escapada-rural-icon-mag-3.png\",\"width\":512,\"height\":512,\"caption\":\"EscapadaRural\"},\"image\":{\"@id\":\"https:\\\/\\\/www.escapadarural.com\\\/blog\\\/#\\\/schema\\\/logo\\\/image\\\/\"},\"sameAs\":[\"https:\\\/\\\/www.facebook.com\\\/escapadarural\",\"https:\\\/\\\/www.instagram.com\\\/escapadarural\\\/\",\"https:\\\/\\\/www.youtube.com\\\/@escapadaruralcom\"]},{\"@type\":\"Person\",\"@id\":\"https:\\\/\\\/www.escapadarural.com\\\/blog\\\/#\\\/schema\\\/person\\\/d9ee55ff3e0cef41d6eac8922b4f972c\",\"name\":\"Escapada Rural\",\"image\":{\"@type\":\"ImageObject\",\"inLanguage\":\"es\",\"@id\":\"https:\\\/\\\/www.escapadarural.com\\\/blog\\\/wp-content\\\/uploads\\\/2024\\\/10\\\/cropped-cropped-escapada-rural-icon-mag-3-96x96.png\",\"url\":\"https:\\\/\\\/www.escapadarural.com\\\/blog\\\/wp-content\\\/uploads\\\/2024\\\/10\\\/cropped-cropped-escapada-rural-icon-mag-3-96x96.png\",\"contentUrl\":\"https:\\\/\\\/www.escapadarural.com\\\/blog\\\/wp-content\\\/uploads\\\/2024\\\/10\\\/cropped-cropped-escapada-rural-icon-mag-3-96x96.png\",\"caption\":\"Escapada Rural\"},\"sameAs\":[\"https:\\\/\\\/www.facebook.com\\\/escapadarural\",\"https:\\\/\\\/www.linkedin.com\\\/company\\\/escapada-rural\\\/?originalSubdomain=es\",\"https:\\\/\\\/x.com\\\/https:\\\/\\\/x.com\\\/i\\\/flow\\\/login?redirect_after_login=escapadarural\"],\"url\":\"https:\\\/\\\/www.escapadarural.com\\\/blog\\\/autor\\\/user\\\/\"}]}<\/script>\n<!-- \/ Yoast SEO plugin. -->","yoast_head_json":{"title":"Rafa P\u00e9rez, el fot\u00f3grafo viajero - EscapadaRural","robots":{"index":"index","follow":"follow","max-snippet":"max-snippet:-1","max-image-preview":"max-image-preview:large","max-video-preview":"max-video-preview:-1"},"canonical":"https:\/\/www.escapadarural.com\/blog\/rafa-perez-el-fotografo-viajero\/","og_locale":"es_ES","og_type":"article","og_title":"Rafa P\u00e9rez, el fot\u00f3grafo viajero - EscapadaRural","og_description":"Rafa P\u00e9rez, periodista de viajes y fot\u00f3grafo, es un apasionado de su trabajo. Su \u00faltima destino fue Finlandia y a trav\u00e9s de su blog nos cuenta sus experiencias y transmite sus sensaciones...","og_url":"https:\/\/www.escapadarural.com\/blog\/rafa-perez-el-fotografo-viajero\/","og_site_name":"Magazine de viajes de EscapadaRural","article_publisher":"https:\/\/www.facebook.com\/escapadarural","article_author":"https:\/\/www.facebook.com\/escapadarural","article_published_time":"2012-03-01T08:36:11+00:00","article_modified_time":"2025-08-12T12:23:15+00:00","og_image":[{"width":500,"height":418,"url":"https:\/\/www.escapadarural.com\/blog\/wp-content\/uploads\/2012\/03\/Rafaavion-1-3-1.jpg?v=1755001397","type":"image\/jpeg"}],"author":"Escapada Rural","twitter_card":"summary_large_image","twitter_creator":"@https:\/\/x.com\/i\/flow\/login?redirect_after_login=escapadarural","twitter_misc":{"Escrito por":"Escapada Rural","Tiempo de lectura":"8 minutos"},"schema":{"@context":"https:\/\/schema.org","@graph":[{"@type":"Article","@id":"https:\/\/www.escapadarural.com\/blog\/rafa-perez-el-fotografo-viajero\/#article","isPartOf":{"@id":"https:\/\/www.escapadarural.com\/blog\/rafa-perez-el-fotografo-viajero\/"},"author":{"name":"Escapada Rural","@id":"https:\/\/www.escapadarural.com\/blog\/#\/schema\/person\/d9ee55ff3e0cef41d6eac8922b4f972c"},"headline":"Rafa P\u00e9rez, el fot\u00f3grafo viajero","datePublished":"2012-03-01T08:36:11+00:00","dateModified":"2025-08-12T12:23:15+00:00","mainEntityOfPage":{"@id":"https:\/\/www.escapadarural.com\/blog\/rafa-perez-el-fotografo-viajero\/"},"wordCount":1691,"commentCount":0,"publisher":{"@id":"https:\/\/www.escapadarural.com\/blog\/#organization"},"image":{"@id":"https:\/\/www.escapadarural.com\/blog\/rafa-perez-el-fotografo-viajero\/#primaryimage"},"thumbnailUrl":"https:\/\/www.escapadarural.com\/blog\/wp-content\/uploads\/2012\/03\/Rafaavion-1-3-1.jpg","keywords":["Bloggers de Viajes","Entrevista","Entrevistas","Fot\u00f3grafo","Rafa P\u00e9rez","Viajero"],"articleSection":["Arte y Cultura"],"inLanguage":"es","potentialAction":[{"@type":"CommentAction","name":"Comment","target":["https:\/\/www.escapadarural.com\/blog\/rafa-perez-el-fotografo-viajero\/#respond"]}]},{"@type":"WebPage","@id":"https:\/\/www.escapadarural.com\/blog\/rafa-perez-el-fotografo-viajero\/","url":"https:\/\/www.escapadarural.com\/blog\/rafa-perez-el-fotografo-viajero\/","name":"Rafa P\u00e9rez, el fot\u00f3grafo viajero - EscapadaRural","isPartOf":{"@id":"https:\/\/www.escapadarural.com\/blog\/#website"},"primaryImageOfPage":{"@id":"https:\/\/www.escapadarural.com\/blog\/rafa-perez-el-fotografo-viajero\/#primaryimage"},"image":{"@id":"https:\/\/www.escapadarural.com\/blog\/rafa-perez-el-fotografo-viajero\/#primaryimage"},"thumbnailUrl":"https:\/\/www.escapadarural.com\/blog\/wp-content\/uploads\/2012\/03\/Rafaavion-1-3-1.jpg","datePublished":"2012-03-01T08:36:11+00:00","dateModified":"2025-08-12T12:23:15+00:00","breadcrumb":{"@id":"https:\/\/www.escapadarural.com\/blog\/rafa-perez-el-fotografo-viajero\/#breadcrumb"},"inLanguage":"es","potentialAction":[{"@type":"ReadAction","target":["https:\/\/www.escapadarural.com\/blog\/rafa-perez-el-fotografo-viajero\/"]}]},{"@type":"ImageObject","inLanguage":"es","@id":"https:\/\/www.escapadarural.com\/blog\/rafa-perez-el-fotografo-viajero\/#primaryimage","url":"https:\/\/www.escapadarural.com\/blog\/wp-content\/uploads\/2012\/03\/Rafaavion-1-3-1.jpg","contentUrl":"https:\/\/www.escapadarural.com\/blog\/wp-content\/uploads\/2012\/03\/Rafaavion-1-3-1.jpg","width":500,"height":418,"caption":"Rafa P\u00e9rez, el fot\u00f3grafo viajero"},{"@type":"BreadcrumbList","@id":"https:\/\/www.escapadarural.com\/blog\/rafa-perez-el-fotografo-viajero\/#breadcrumb","itemListElement":[{"@type":"ListItem","position":1,"name":"Inicio","item":"https:\/\/www.escapadarural.com\/blog\/"},{"@type":"ListItem","position":2,"name":"Arte y Cultura","item":"https:\/\/www.escapadarural.com\/blog\/categoria\/arte-y-cultura\/"},{"@type":"ListItem","position":3,"name":"Rafa P\u00e9rez, el fot\u00f3grafo viajero"}]},{"@type":"WebSite","@id":"https:\/\/www.escapadarural.com\/blog\/#website","url":"https:\/\/www.escapadarural.com\/blog\/","name":"Blog de viajes | turismo rural, alojamientos e inspiraci\u00f3n","description":"Alojamientos rurales e inspiraci\u00f3n para tus escapadas","publisher":{"@id":"https:\/\/www.escapadarural.com\/blog\/#organization"},"alternateName":"Magazine de viajes de EscapadaRural","potentialAction":[{"@type":"SearchAction","target":{"@type":"EntryPoint","urlTemplate":"https:\/\/www.escapadarural.com\/blog\/?s={search_term_string}"},"query-input":{"@type":"PropertyValueSpecification","valueRequired":true,"valueName":"search_term_string"}}],"inLanguage":"es"},{"@type":"Organization","@id":"https:\/\/www.escapadarural.com\/blog\/#organization","name":"EscapadaRural","url":"https:\/\/www.escapadarural.com\/blog\/","logo":{"@type":"ImageObject","inLanguage":"es","@id":"https:\/\/www.escapadarural.com\/blog\/#\/schema\/logo\/image\/","url":"https:\/\/www.escapadarural.com\/blog\/wp-content\/uploads\/2024\/10\/cropped-cropped-escapada-rural-icon-mag-3.png","contentUrl":"https:\/\/www.escapadarural.com\/blog\/wp-content\/uploads\/2024\/10\/cropped-cropped-escapada-rural-icon-mag-3.png","width":512,"height":512,"caption":"EscapadaRural"},"image":{"@id":"https:\/\/www.escapadarural.com\/blog\/#\/schema\/logo\/image\/"},"sameAs":["https:\/\/www.facebook.com\/escapadarural","https:\/\/www.instagram.com\/escapadarural\/","https:\/\/www.youtube.com\/@escapadaruralcom"]},{"@type":"Person","@id":"https:\/\/www.escapadarural.com\/blog\/#\/schema\/person\/d9ee55ff3e0cef41d6eac8922b4f972c","name":"Escapada Rural","image":{"@type":"ImageObject","inLanguage":"es","@id":"https:\/\/www.escapadarural.com\/blog\/wp-content\/uploads\/2024\/10\/cropped-cropped-escapada-rural-icon-mag-3-96x96.png","url":"https:\/\/www.escapadarural.com\/blog\/wp-content\/uploads\/2024\/10\/cropped-cropped-escapada-rural-icon-mag-3-96x96.png","contentUrl":"https:\/\/www.escapadarural.com\/blog\/wp-content\/uploads\/2024\/10\/cropped-cropped-escapada-rural-icon-mag-3-96x96.png","caption":"Escapada Rural"},"sameAs":["https:\/\/www.facebook.com\/escapadarural","https:\/\/www.linkedin.com\/company\/escapada-rural\/?originalSubdomain=es","https:\/\/x.com\/https:\/\/x.com\/i\/flow\/login?redirect_after_login=escapadarural"],"url":"https:\/\/www.escapadarural.com\/blog\/autor\/user\/"}]}},"_links":{"self":[{"href":"https:\/\/www.escapadarural.com\/blog\/wp-json\/wp\/v2\/posts\/1597","targetHints":{"allow":["GET"]}}],"collection":[{"href":"https:\/\/www.escapadarural.com\/blog\/wp-json\/wp\/v2\/posts"}],"about":[{"href":"https:\/\/www.escapadarural.com\/blog\/wp-json\/wp\/v2\/types\/post"}],"author":[{"embeddable":true,"href":"https:\/\/www.escapadarural.com\/blog\/wp-json\/wp\/v2\/users\/136"}],"replies":[{"embeddable":true,"href":"https:\/\/www.escapadarural.com\/blog\/wp-json\/wp\/v2\/comments?post=1597"}],"version-history":[{"count":0,"href":"https:\/\/www.escapadarural.com\/blog\/wp-json\/wp\/v2\/posts\/1597\/revisions"}],"wp:featuredmedia":[{"embeddable":true,"href":"https:\/\/www.escapadarural.com\/blog\/wp-json\/wp\/v2\/media\/112979"}],"wp:attachment":[{"href":"https:\/\/www.escapadarural.com\/blog\/wp-json\/wp\/v2\/media?parent=1597"}],"wp:term":[{"taxonomy":"category","embeddable":true,"href":"https:\/\/www.escapadarural.com\/blog\/wp-json\/wp\/v2\/categories?post=1597"},{"taxonomy":"post_tag","embeddable":true,"href":"https:\/\/www.escapadarural.com\/blog\/wp-json\/wp\/v2\/tags?post=1597"}],"curies":[{"name":"wp","href":"https:\/\/api.w.org\/{rel}","templated":true}]}}