{"id":16711,"date":"2018-04-18T13:41:33","date_gmt":"2018-04-18T12:41:33","guid":{"rendered":"http:\/\/15.188.81.248\/2018\/04\/18\/el-proyecto-aragones-jovenes-dinamizadores-rurales-premio-escapadarural-com\/"},"modified":"2025-08-04T11:38:18","modified_gmt":"2025-08-04T09:38:18","slug":"el-proyecto-aragones-jovenes-dinamizadores-rurales-premio-escapadarural-com","status":"publish","type":"post","link":"https:\/\/www.escapadarural.com\/blog\/el-proyecto-aragones-jovenes-dinamizadores-rurales-premio-escapadarural-com\/","title":{"rendered":"El proyecto aragon\u00e9s \u2018J\u00f3venes Dinamizadores Rurales\u2019, premio EscapadaRural.com"},"content":{"rendered":"\n<ul class=\"wp-block-list\"><li><em>La iniciativa se ha alzado con el galard\u00f3n en la categor\u00eda de \u2018Mejor proyecto para la promoci\u00f3n de destino\u2019 en los V premios EscapadaRural.com.<\/em><\/li><li><em>Rebeca Serna ha resultado vencedora en la categor\u00eda \u2018Mejor blogger\u2019 con un post sobre los pueblos de la Sierra de la Demanda riojana publicado en Viajeros3.0.<\/em><\/li><li><em>En el apartado de alojamientos, el premio ha correspondido este a\u00f1o a Cal Pianista, en Barcelona.<\/em><\/li><li><em>El acto de entrega tendr\u00e1 lugar en el Congreso Europeo de Turismo Rural (Coetur), que se celebrar\u00e1 los d\u00edas 23 y 24 de mayo en La Rioja<\/em>.<\/li><\/ul>\n\n\n\n<p><strong>Madrid, 18 de abril de 2018<\/strong><\/p>\n\n\n\n<p><a rel=\"noopener noreferrer\" href=\"https:\/\/www.escapadarural.com\" target=\"_blank\">EscapadaRural.com<\/a>, portal l\u00edder de turismo rural, entregar\u00e1 por quinto a\u00f1o consecutivo sus premios al sector en las categor\u00edas de mejor proyecto para la promoci\u00f3n de destino, mejor blogger de viajes y mejor alojamiento. El objetivo de los galardones es reconocer el trabajo de las entidades y profesionales que han apoyado el desarrollo del turismo rural en el \u00faltimo a\u00f1o.<\/p>\n\n\n\n<p>El acto de entrega tendr\u00e1 lugar en la pr\u00f3xima edici\u00f3n de Coetur, el Congreso Europeo de Turismo Rural, que reunir\u00e1 los d\u00edas 23 y 24 de mayo a los profesionales del turismo rural en el Hotel-Balneario de Arnedillo, en La Rioja. La cita m\u00e1s importante del turismo rural est\u00e1 organizada por EscapadaRural.com con el apoyo del Gobierno de La Rioja. Precisamente, los ponentes del Congreso de este a\u00f1o son los que asumen el papel de jurado y emiten sus votos en las diferentes categor\u00edas.<\/p>\n\n\n\n<p>El premio al mejor proyecto para la promoci\u00f3n de destino recae en una iniciativa aragonesa, que lleva por nombre <a href=\"https:\/\/dinamizomipueblo.es\/\" target=\"_blank\" rel=\"noopener noreferrer\">\u2018J\u00f3venes Dinamizadores Rurales\u2019<\/a>. Este proyecto est\u00e1 gestionado por CEDEMAR (Centro para el desarrollo de las Comarcas del Mar de Arag\u00f3n) y en \u00e9l colaboran 14 Grupos de Acci\u00f3n Local, el Instituto Aragon\u00e9s de la Juventud y otras entidades p\u00fablicas y privadas. Su objetivo es fomentar la permanencia del medio rural de los j\u00f3venes con acciones tan innovadoras como el coworking rural, las ecoferias y el plan de retorno de talentos, entre otros.<\/p>\n\n\n\n<p>El proyecto ofrece herramientas y estructuras sostenibles para que los j\u00f3venes del entorno rural puedan desarrollar iniciativas personales, sociales y profesionales.<\/p>\n\n\n\n<p>\u201cEste proyecto tiene como principales protagonistas a los j\u00f3venes que se implican en el d\u00eda a d\u00eda de sus pueblos con diferentes acciones, y que tienen la intenci\u00f3n de poder seguir viviendo en ellos en el futuro\u201d, explica Isidoro Ricart, Gerente de CEDEMAR. Ricart destaca tambi\u00e9n el trabajo de los t\u00e9cnicos de juventud de las 17 comarcas que participan y de los t\u00e9cnicos de desarrollo rural implicados \u201cal tratarse de un proyecto de Cooperaci\u00f3n LEADER\u201d, matiza.<\/p>\n\n\n\n<p>La campa\u00f1a aragonesa ha sido elegida entre nueve candidatas de diferentes comunidades aut\u00f3nomas, presentadas en su mayor\u00eda por las principales asociaciones locales de turismo rural a nivel nacional. La candidatura ganadora ha sido propuesta por Turismo Verde de Huesca.<\/p>\n\n\n\n<h2 class=\"wp-block-heading\"><strong>Una de las fundadoras de la Asociaci\u00f3n de Bloggers de Viajes de Castilla y Le\u00f3n, tambi\u00e9n premiada por EscapadaRural.com <\/strong><\/h2>\n\n\n\n<p>Como mejor blogger de viajes el premio se le otorgar\u00e1 a Rebeca Serna y su blog <a href=\"https:\/\/viajeros30.com\/\" target=\"_blank\" rel=\"noopener noreferrer\">Viajeros3.0<\/a>. Esta burgalesa treinta\u00f1era enamorada de su tierra se ha alzado con el galard\u00f3n por el post <a href=\"https:\/\/viajeros30.com\/2017\/06\/04\/ruta-por-las-7-villas-la-rioja\/\" target=\"_blank\" rel=\"noopener noreferrer\">Las 7 villas, la cara m\u00e1s desconocida de la Sierra de la Demanda riojana<\/a>, en el que nos propone una ruta en coche por estos pueblos con encanto y otros rincones de cuento junto al curso del r\u00edo Najerilla. Rebeca Serna es, como a ella misma le gusta definirse, una \u2018obsesionada con los viajes, juntaletras y fotera de profesi\u00f3n\u2019. Adem\u00e1s, dentro de su trayectoria profesional destaca haber sido una de las fundadoras de la Asociaci\u00f3n Castilla y Le\u00f3n Travel Bloggers.<\/p>\n\n\n\n<p>Rebeca ha sido elegida ganadora por un jurado que ten\u00eda que escoger entre los 5 blogs que han optado en esta categor\u00eda. El requisito principal para competir en la final era haberse volcado, a lo largo del \u00faltimo a\u00f1o, en la producci\u00f3n de contenido sobre turismo rural. Han sido los propios aspirantes al premio los que han seleccionado el post para presentar al concurso y competir por el galard\u00f3n.<\/p>\n\n\n\n<p>En la categor\u00eda de mejor alojamiento, el premio ha correspondido este a\u00f1o a <a href=\"https:\/\/www.escapadarural.com\/casa-rural\/barcelona\/cal-pianista\" target=\"_blank\" rel=\"noopener noreferrer\">Cal Pianista<\/a>, en La Llacuna, Barcelona. Este premio no se somete a ninguna votaci\u00f3n, puesto que se corresponde con aquel alojamiento que haya obtenido m\u00e1s valoraciones positivas los \u00faltimos doce meses en la web de EscapadaRural.com.<\/p>\n\n\n\n<p><strong>Sobre EscapadaRural.com<\/strong><br>Es una plataforma web dedicada a la promoci\u00f3n de alojamientos rurales en toda Espa\u00f1a. En 11 a\u00f1os se ha convertido en un referente en el sector del turismo rural, apoyando al propietario e inspirando al viajero. En la actualidad re\u00fane la mayor oferta de alojamientos rurales del pa\u00eds (m\u00e1s de 15.500), con una representatividad de m\u00e1s del 95%. Tambi\u00e9n cuenta con una gran comunidad de viajeros, con m\u00e1s de un mill\u00f3n de miembros registrados.<\/p>\n","protected":false},"excerpt":{"rendered":"<p>La iniciativa se ha alzado con el galard\u00f3n en la  [&#8230;]<\/p>\n","protected":false},"author":117,"featured_media":184347,"comment_status":"open","ping_status":"closed","sticky":false,"template":"","format":"standard","meta":{"_acf_changed":false,"om_disable_all_campaigns":false,"footnotes":""},"categories":[385,390],"tags":[386,1297,274],"class_list":["post-16711","post","type-post","status-publish","format-standard","has-post-thumbnail","hentry","category-coetur","category-noticias","tag-coetur","tag-congreso-europeo-de-turismo-rural","tag-turismo-rural"],"acf":[],"featured_image_src":"https:\/\/www.escapadarural.com\/blog\/wp-content\/uploads\/2024\/12\/logo-coetur-black.png","author_info":{"display_name":"Empar Ba\u00f1os","author_link":"https:\/\/www.escapadarural.com\/blog\/autor\/empar\/"},"yoast_head":"<!-- This site is optimized with the Yoast SEO plugin v27.5 - https:\/\/yoast.com\/product\/yoast-seo-wordpress\/ -->\n<title>El proyecto aragon\u00e9s \u2018J\u00f3venes Dinamizadores Rurales\u2019, premio EscapadaRural.com - EscapadaRural<\/title>\n<meta name=\"robots\" content=\"index, follow, max-snippet:-1, max-image-preview:large, max-video-preview:-1\" \/>\n<link rel=\"canonical\" href=\"https:\/\/www.escapadarural.com\/blog\/el-proyecto-aragones-jovenes-dinamizadores-rurales-premio-escapadarural-com\/\" \/>\n<meta property=\"og:locale\" content=\"es_ES\" \/>\n<meta property=\"og:type\" content=\"article\" \/>\n<meta property=\"og:title\" content=\"El proyecto aragon\u00e9s \u2018J\u00f3venes Dinamizadores Rurales\u2019, premio EscapadaRural.com - EscapadaRural\" \/>\n<meta property=\"og:description\" content=\"La iniciativa se ha alzado con el galard\u00f3n en la [...]\" \/>\n<meta property=\"og:url\" content=\"https:\/\/www.escapadarural.com\/blog\/el-proyecto-aragones-jovenes-dinamizadores-rurales-premio-escapadarural-com\/\" \/>\n<meta property=\"og:site_name\" content=\"Magazine de viajes de EscapadaRural\" \/>\n<meta property=\"article:publisher\" content=\"https:\/\/www.facebook.com\/escapadarural\" \/>\n<meta property=\"article:published_time\" content=\"2018-04-18T12:41:33+00:00\" \/>\n<meta property=\"article:modified_time\" content=\"2025-08-04T09:38:18+00:00\" \/>\n<meta property=\"og:image\" content=\"https:\/\/www.escapadarural.com\/blog\/wp-content\/uploads\/2024\/12\/logo-coetur-black.png?v=1754300300\" \/>\n\t<meta property=\"og:image:width\" content=\"799\" \/>\n\t<meta property=\"og:image:height\" content=\"288\" \/>\n\t<meta property=\"og:image:type\" content=\"image\/png\" \/>\n<meta name=\"author\" content=\"Empar Ba\u00f1os\" \/>\n<meta name=\"twitter:card\" content=\"summary_large_image\" \/>\n<meta name=\"twitter:label1\" content=\"Escrito por\" \/>\n\t<meta name=\"twitter:data1\" content=\"Empar Ba\u00f1os\" \/>\n\t<meta name=\"twitter:label2\" content=\"Tiempo de lectura\" \/>\n\t<meta name=\"twitter:data2\" content=\"4 minutos\" \/>\n<script type=\"application\/ld+json\" class=\"yoast-schema-graph\">{\"@context\":\"https:\\\/\\\/schema.org\",\"@graph\":[{\"@type\":\"Article\",\"@id\":\"https:\\\/\\\/www.escapadarural.com\\\/blog\\\/el-proyecto-aragones-jovenes-dinamizadores-rurales-premio-escapadarural-com\\\/#article\",\"isPartOf\":{\"@id\":\"https:\\\/\\\/www.escapadarural.com\\\/blog\\\/el-proyecto-aragones-jovenes-dinamizadores-rurales-premio-escapadarural-com\\\/\"},\"author\":{\"name\":\"Empar Ba\u00f1os\",\"@id\":\"https:\\\/\\\/www.escapadarural.com\\\/blog\\\/#\\\/schema\\\/person\\\/78ac8aa9c7e1170e47554618015c86d8\"},\"headline\":\"El proyecto aragon\u00e9s \u2018J\u00f3venes Dinamizadores Rurales\u2019, premio EscapadaRural.com\",\"datePublished\":\"2018-04-18T12:41:33+00:00\",\"dateModified\":\"2025-08-04T09:38:18+00:00\",\"mainEntityOfPage\":{\"@id\":\"https:\\\/\\\/www.escapadarural.com\\\/blog\\\/el-proyecto-aragones-jovenes-dinamizadores-rurales-premio-escapadarural-com\\\/\"},\"wordCount\":865,\"commentCount\":0,\"publisher\":{\"@id\":\"https:\\\/\\\/www.escapadarural.com\\\/blog\\\/#organization\"},\"image\":{\"@id\":\"https:\\\/\\\/www.escapadarural.com\\\/blog\\\/el-proyecto-aragones-jovenes-dinamizadores-rurales-premio-escapadarural-com\\\/#primaryimage\"},\"thumbnailUrl\":\"https:\\\/\\\/www.escapadarural.com\\\/blog\\\/wp-content\\\/uploads\\\/2024\\\/12\\\/logo-coetur-black.png\",\"keywords\":[\"COETUR\",\"Congreso Europeo de Turismo Rural\",\"turismo rural\"],\"articleSection\":[\"Coetur\",\"Noticias\"],\"inLanguage\":\"es\",\"potentialAction\":[{\"@type\":\"CommentAction\",\"name\":\"Comment\",\"target\":[\"https:\\\/\\\/www.escapadarural.com\\\/blog\\\/el-proyecto-aragones-jovenes-dinamizadores-rurales-premio-escapadarural-com\\\/#respond\"]}]},{\"@type\":\"WebPage\",\"@id\":\"https:\\\/\\\/www.escapadarural.com\\\/blog\\\/el-proyecto-aragones-jovenes-dinamizadores-rurales-premio-escapadarural-com\\\/\",\"url\":\"https:\\\/\\\/www.escapadarural.com\\\/blog\\\/el-proyecto-aragones-jovenes-dinamizadores-rurales-premio-escapadarural-com\\\/\",\"name\":\"El proyecto aragon\u00e9s \u2018J\u00f3venes Dinamizadores Rurales\u2019, premio EscapadaRural.com - EscapadaRural\",\"isPartOf\":{\"@id\":\"https:\\\/\\\/www.escapadarural.com\\\/blog\\\/#website\"},\"primaryImageOfPage\":{\"@id\":\"https:\\\/\\\/www.escapadarural.com\\\/blog\\\/el-proyecto-aragones-jovenes-dinamizadores-rurales-premio-escapadarural-com\\\/#primaryimage\"},\"image\":{\"@id\":\"https:\\\/\\\/www.escapadarural.com\\\/blog\\\/el-proyecto-aragones-jovenes-dinamizadores-rurales-premio-escapadarural-com\\\/#primaryimage\"},\"thumbnailUrl\":\"https:\\\/\\\/www.escapadarural.com\\\/blog\\\/wp-content\\\/uploads\\\/2024\\\/12\\\/logo-coetur-black.png\",\"datePublished\":\"2018-04-18T12:41:33+00:00\",\"dateModified\":\"2025-08-04T09:38:18+00:00\",\"breadcrumb\":{\"@id\":\"https:\\\/\\\/www.escapadarural.com\\\/blog\\\/el-proyecto-aragones-jovenes-dinamizadores-rurales-premio-escapadarural-com\\\/#breadcrumb\"},\"inLanguage\":\"es\",\"potentialAction\":[{\"@type\":\"ReadAction\",\"target\":[\"https:\\\/\\\/www.escapadarural.com\\\/blog\\\/el-proyecto-aragones-jovenes-dinamizadores-rurales-premio-escapadarural-com\\\/\"]}]},{\"@type\":\"ImageObject\",\"inLanguage\":\"es\",\"@id\":\"https:\\\/\\\/www.escapadarural.com\\\/blog\\\/el-proyecto-aragones-jovenes-dinamizadores-rurales-premio-escapadarural-com\\\/#primaryimage\",\"url\":\"https:\\\/\\\/www.escapadarural.com\\\/blog\\\/wp-content\\\/uploads\\\/2024\\\/12\\\/logo-coetur-black.png\",\"contentUrl\":\"https:\\\/\\\/www.escapadarural.com\\\/blog\\\/wp-content\\\/uploads\\\/2024\\\/12\\\/logo-coetur-black.png\",\"width\":799,\"height\":288,\"caption\":\"Coetur logo\"},{\"@type\":\"BreadcrumbList\",\"@id\":\"https:\\\/\\\/www.escapadarural.com\\\/blog\\\/el-proyecto-aragones-jovenes-dinamizadores-rurales-premio-escapadarural-com\\\/#breadcrumb\",\"itemListElement\":[{\"@type\":\"ListItem\",\"position\":1,\"name\":\"Inicio\",\"item\":\"https:\\\/\\\/www.escapadarural.com\\\/blog\\\/\"},{\"@type\":\"ListItem\",\"position\":2,\"name\":\"Noticias\",\"item\":\"https:\\\/\\\/www.escapadarural.com\\\/blog\\\/categoria\\\/noticias\\\/\"},{\"@type\":\"ListItem\",\"position\":3,\"name\":\"El proyecto aragon\u00e9s \u2018J\u00f3venes Dinamizadores Rurales\u2019, premio EscapadaRural.com\"}]},{\"@type\":\"WebSite\",\"@id\":\"https:\\\/\\\/www.escapadarural.com\\\/blog\\\/#website\",\"url\":\"https:\\\/\\\/www.escapadarural.com\\\/blog\\\/\",\"name\":\"Blog de viajes | turismo rural, alojamientos e inspiraci\u00f3n\",\"description\":\"Alojamientos rurales e inspiraci\u00f3n para tus escapadas\",\"publisher\":{\"@id\":\"https:\\\/\\\/www.escapadarural.com\\\/blog\\\/#organization\"},\"alternateName\":\"Magazine de viajes de EscapadaRural\",\"potentialAction\":[{\"@type\":\"SearchAction\",\"target\":{\"@type\":\"EntryPoint\",\"urlTemplate\":\"https:\\\/\\\/www.escapadarural.com\\\/blog\\\/?s={search_term_string}\"},\"query-input\":{\"@type\":\"PropertyValueSpecification\",\"valueRequired\":true,\"valueName\":\"search_term_string\"}}],\"inLanguage\":\"es\"},{\"@type\":\"Organization\",\"@id\":\"https:\\\/\\\/www.escapadarural.com\\\/blog\\\/#organization\",\"name\":\"EscapadaRural\",\"url\":\"https:\\\/\\\/www.escapadarural.com\\\/blog\\\/\",\"logo\":{\"@type\":\"ImageObject\",\"inLanguage\":\"es\",\"@id\":\"https:\\\/\\\/www.escapadarural.com\\\/blog\\\/#\\\/schema\\\/logo\\\/image\\\/\",\"url\":\"https:\\\/\\\/www.escapadarural.com\\\/blog\\\/wp-content\\\/uploads\\\/2024\\\/10\\\/cropped-cropped-escapada-rural-icon-mag-3.png\",\"contentUrl\":\"https:\\\/\\\/www.escapadarural.com\\\/blog\\\/wp-content\\\/uploads\\\/2024\\\/10\\\/cropped-cropped-escapada-rural-icon-mag-3.png\",\"width\":512,\"height\":512,\"caption\":\"EscapadaRural\"},\"image\":{\"@id\":\"https:\\\/\\\/www.escapadarural.com\\\/blog\\\/#\\\/schema\\\/logo\\\/image\\\/\"},\"sameAs\":[\"https:\\\/\\\/www.facebook.com\\\/escapadarural\",\"https:\\\/\\\/www.instagram.com\\\/escapadarural\\\/\",\"https:\\\/\\\/www.youtube.com\\\/@escapadaruralcom\"]},{\"@type\":\"Person\",\"@id\":\"https:\\\/\\\/www.escapadarural.com\\\/blog\\\/#\\\/schema\\\/person\\\/78ac8aa9c7e1170e47554618015c86d8\",\"name\":\"Empar Ba\u00f1os\",\"image\":{\"@type\":\"ImageObject\",\"inLanguage\":\"es\",\"@id\":\"https:\\\/\\\/secure.gravatar.com\\\/avatar\\\/bca25b8b2839ae0e50c199a89b66d55b4b439c64042a30889da72f06522e6c99?s=96&d=mm&r=g\",\"url\":\"https:\\\/\\\/secure.gravatar.com\\\/avatar\\\/bca25b8b2839ae0e50c199a89b66d55b4b439c64042a30889da72f06522e6c99?s=96&d=mm&r=g\",\"contentUrl\":\"https:\\\/\\\/secure.gravatar.com\\\/avatar\\\/bca25b8b2839ae0e50c199a89b66d55b4b439c64042a30889da72f06522e6c99?s=96&d=mm&r=g\",\"caption\":\"Empar Ba\u00f1os\"},\"url\":\"https:\\\/\\\/www.escapadarural.com\\\/blog\\\/autor\\\/empar\\\/\"}]}<\/script>\n<!-- \/ Yoast SEO plugin. -->","yoast_head_json":{"title":"El proyecto aragon\u00e9s \u2018J\u00f3venes Dinamizadores Rurales\u2019, premio EscapadaRural.com - EscapadaRural","robots":{"index":"index","follow":"follow","max-snippet":"max-snippet:-1","max-image-preview":"max-image-preview:large","max-video-preview":"max-video-preview:-1"},"canonical":"https:\/\/www.escapadarural.com\/blog\/el-proyecto-aragones-jovenes-dinamizadores-rurales-premio-escapadarural-com\/","og_locale":"es_ES","og_type":"article","og_title":"El proyecto aragon\u00e9s \u2018J\u00f3venes Dinamizadores Rurales\u2019, premio EscapadaRural.com - EscapadaRural","og_description":"La iniciativa se ha alzado con el galard\u00f3n en la [...]","og_url":"https:\/\/www.escapadarural.com\/blog\/el-proyecto-aragones-jovenes-dinamizadores-rurales-premio-escapadarural-com\/","og_site_name":"Magazine de viajes de EscapadaRural","article_publisher":"https:\/\/www.facebook.com\/escapadarural","article_published_time":"2018-04-18T12:41:33+00:00","article_modified_time":"2025-08-04T09:38:18+00:00","og_image":[{"width":799,"height":288,"url":"https:\/\/www.escapadarural.com\/blog\/wp-content\/uploads\/2024\/12\/logo-coetur-black.png?v=1754300300","type":"image\/png"}],"author":"Empar Ba\u00f1os","twitter_card":"summary_large_image","twitter_misc":{"Escrito por":"Empar Ba\u00f1os","Tiempo de lectura":"4 minutos"},"schema":{"@context":"https:\/\/schema.org","@graph":[{"@type":"Article","@id":"https:\/\/www.escapadarural.com\/blog\/el-proyecto-aragones-jovenes-dinamizadores-rurales-premio-escapadarural-com\/#article","isPartOf":{"@id":"https:\/\/www.escapadarural.com\/blog\/el-proyecto-aragones-jovenes-dinamizadores-rurales-premio-escapadarural-com\/"},"author":{"name":"Empar Ba\u00f1os","@id":"https:\/\/www.escapadarural.com\/blog\/#\/schema\/person\/78ac8aa9c7e1170e47554618015c86d8"},"headline":"El proyecto aragon\u00e9s \u2018J\u00f3venes Dinamizadores Rurales\u2019, premio EscapadaRural.com","datePublished":"2018-04-18T12:41:33+00:00","dateModified":"2025-08-04T09:38:18+00:00","mainEntityOfPage":{"@id":"https:\/\/www.escapadarural.com\/blog\/el-proyecto-aragones-jovenes-dinamizadores-rurales-premio-escapadarural-com\/"},"wordCount":865,"commentCount":0,"publisher":{"@id":"https:\/\/www.escapadarural.com\/blog\/#organization"},"image":{"@id":"https:\/\/www.escapadarural.com\/blog\/el-proyecto-aragones-jovenes-dinamizadores-rurales-premio-escapadarural-com\/#primaryimage"},"thumbnailUrl":"https:\/\/www.escapadarural.com\/blog\/wp-content\/uploads\/2024\/12\/logo-coetur-black.png","keywords":["COETUR","Congreso Europeo de Turismo Rural","turismo rural"],"articleSection":["Coetur","Noticias"],"inLanguage":"es","potentialAction":[{"@type":"CommentAction","name":"Comment","target":["https:\/\/www.escapadarural.com\/blog\/el-proyecto-aragones-jovenes-dinamizadores-rurales-premio-escapadarural-com\/#respond"]}]},{"@type":"WebPage","@id":"https:\/\/www.escapadarural.com\/blog\/el-proyecto-aragones-jovenes-dinamizadores-rurales-premio-escapadarural-com\/","url":"https:\/\/www.escapadarural.com\/blog\/el-proyecto-aragones-jovenes-dinamizadores-rurales-premio-escapadarural-com\/","name":"El proyecto aragon\u00e9s \u2018J\u00f3venes Dinamizadores Rurales\u2019, premio EscapadaRural.com - EscapadaRural","isPartOf":{"@id":"https:\/\/www.escapadarural.com\/blog\/#website"},"primaryImageOfPage":{"@id":"https:\/\/www.escapadarural.com\/blog\/el-proyecto-aragones-jovenes-dinamizadores-rurales-premio-escapadarural-com\/#primaryimage"},"image":{"@id":"https:\/\/www.escapadarural.com\/blog\/el-proyecto-aragones-jovenes-dinamizadores-rurales-premio-escapadarural-com\/#primaryimage"},"thumbnailUrl":"https:\/\/www.escapadarural.com\/blog\/wp-content\/uploads\/2024\/12\/logo-coetur-black.png","datePublished":"2018-04-18T12:41:33+00:00","dateModified":"2025-08-04T09:38:18+00:00","breadcrumb":{"@id":"https:\/\/www.escapadarural.com\/blog\/el-proyecto-aragones-jovenes-dinamizadores-rurales-premio-escapadarural-com\/#breadcrumb"},"inLanguage":"es","potentialAction":[{"@type":"ReadAction","target":["https:\/\/www.escapadarural.com\/blog\/el-proyecto-aragones-jovenes-dinamizadores-rurales-premio-escapadarural-com\/"]}]},{"@type":"ImageObject","inLanguage":"es","@id":"https:\/\/www.escapadarural.com\/blog\/el-proyecto-aragones-jovenes-dinamizadores-rurales-premio-escapadarural-com\/#primaryimage","url":"https:\/\/www.escapadarural.com\/blog\/wp-content\/uploads\/2024\/12\/logo-coetur-black.png","contentUrl":"https:\/\/www.escapadarural.com\/blog\/wp-content\/uploads\/2024\/12\/logo-coetur-black.png","width":799,"height":288,"caption":"Coetur logo"},{"@type":"BreadcrumbList","@id":"https:\/\/www.escapadarural.com\/blog\/el-proyecto-aragones-jovenes-dinamizadores-rurales-premio-escapadarural-com\/#breadcrumb","itemListElement":[{"@type":"ListItem","position":1,"name":"Inicio","item":"https:\/\/www.escapadarural.com\/blog\/"},{"@type":"ListItem","position":2,"name":"Noticias","item":"https:\/\/www.escapadarural.com\/blog\/categoria\/noticias\/"},{"@type":"ListItem","position":3,"name":"El proyecto aragon\u00e9s \u2018J\u00f3venes Dinamizadores Rurales\u2019, premio EscapadaRural.com"}]},{"@type":"WebSite","@id":"https:\/\/www.escapadarural.com\/blog\/#website","url":"https:\/\/www.escapadarural.com\/blog\/","name":"Blog de viajes | turismo rural, alojamientos e inspiraci\u00f3n","description":"Alojamientos rurales e inspiraci\u00f3n para tus escapadas","publisher":{"@id":"https:\/\/www.escapadarural.com\/blog\/#organization"},"alternateName":"Magazine de viajes de EscapadaRural","potentialAction":[{"@type":"SearchAction","target":{"@type":"EntryPoint","urlTemplate":"https:\/\/www.escapadarural.com\/blog\/?s={search_term_string}"},"query-input":{"@type":"PropertyValueSpecification","valueRequired":true,"valueName":"search_term_string"}}],"inLanguage":"es"},{"@type":"Organization","@id":"https:\/\/www.escapadarural.com\/blog\/#organization","name":"EscapadaRural","url":"https:\/\/www.escapadarural.com\/blog\/","logo":{"@type":"ImageObject","inLanguage":"es","@id":"https:\/\/www.escapadarural.com\/blog\/#\/schema\/logo\/image\/","url":"https:\/\/www.escapadarural.com\/blog\/wp-content\/uploads\/2024\/10\/cropped-cropped-escapada-rural-icon-mag-3.png","contentUrl":"https:\/\/www.escapadarural.com\/blog\/wp-content\/uploads\/2024\/10\/cropped-cropped-escapada-rural-icon-mag-3.png","width":512,"height":512,"caption":"EscapadaRural"},"image":{"@id":"https:\/\/www.escapadarural.com\/blog\/#\/schema\/logo\/image\/"},"sameAs":["https:\/\/www.facebook.com\/escapadarural","https:\/\/www.instagram.com\/escapadarural\/","https:\/\/www.youtube.com\/@escapadaruralcom"]},{"@type":"Person","@id":"https:\/\/www.escapadarural.com\/blog\/#\/schema\/person\/78ac8aa9c7e1170e47554618015c86d8","name":"Empar Ba\u00f1os","image":{"@type":"ImageObject","inLanguage":"es","@id":"https:\/\/secure.gravatar.com\/avatar\/bca25b8b2839ae0e50c199a89b66d55b4b439c64042a30889da72f06522e6c99?s=96&d=mm&r=g","url":"https:\/\/secure.gravatar.com\/avatar\/bca25b8b2839ae0e50c199a89b66d55b4b439c64042a30889da72f06522e6c99?s=96&d=mm&r=g","contentUrl":"https:\/\/secure.gravatar.com\/avatar\/bca25b8b2839ae0e50c199a89b66d55b4b439c64042a30889da72f06522e6c99?s=96&d=mm&r=g","caption":"Empar Ba\u00f1os"},"url":"https:\/\/www.escapadarural.com\/blog\/autor\/empar\/"}]}},"_links":{"self":[{"href":"https:\/\/www.escapadarural.com\/blog\/wp-json\/wp\/v2\/posts\/16711","targetHints":{"allow":["GET"]}}],"collection":[{"href":"https:\/\/www.escapadarural.com\/blog\/wp-json\/wp\/v2\/posts"}],"about":[{"href":"https:\/\/www.escapadarural.com\/blog\/wp-json\/wp\/v2\/types\/post"}],"author":[{"embeddable":true,"href":"https:\/\/www.escapadarural.com\/blog\/wp-json\/wp\/v2\/users\/117"}],"replies":[{"embeddable":true,"href":"https:\/\/www.escapadarural.com\/blog\/wp-json\/wp\/v2\/comments?post=16711"}],"version-history":[{"count":0,"href":"https:\/\/www.escapadarural.com\/blog\/wp-json\/wp\/v2\/posts\/16711\/revisions"}],"wp:featuredmedia":[{"embeddable":true,"href":"https:\/\/www.escapadarural.com\/blog\/wp-json\/wp\/v2\/media\/184347"}],"wp:attachment":[{"href":"https:\/\/www.escapadarural.com\/blog\/wp-json\/wp\/v2\/media?parent=16711"}],"wp:term":[{"taxonomy":"category","embeddable":true,"href":"https:\/\/www.escapadarural.com\/blog\/wp-json\/wp\/v2\/categories?post=16711"},{"taxonomy":"post_tag","embeddable":true,"href":"https:\/\/www.escapadarural.com\/blog\/wp-json\/wp\/v2\/tags?post=16711"}],"curies":[{"name":"wp","href":"https:\/\/api.w.org\/{rel}","templated":true}]}}