{"id":16761,"date":"2020-02-10T13:32:15","date_gmt":"2020-02-10T12:32:15","guid":{"rendered":"http:\/\/15.188.81.248\/2020\/02\/10\/el-turismo-rural-en-cifras-en-2019\/"},"modified":"2025-01-15T10:57:51","modified_gmt":"2025-01-15T08:57:51","slug":"el-turismo-rural-en-cifras-en-2019","status":"publish","type":"post","link":"https:\/\/www.escapadarural.com\/blog\/el-turismo-rural-en-cifras-en-2019\/","title":{"rendered":"El turismo rural en cifras en 2019"},"content":{"rendered":"\n<figure class=\"wp-block-image size-large\"><a href=\"https:\/\/www.escapadarural.com\/blog\/wp-content\/uploads\/2017\/04\/Sant-Joan-de-les-Abadeses-8-1-scaled.jpg\"><img decoding=\"async\" src=\"https:\/\/www.escapadarural.com\/blog\/wp-content\/uploads\/2017\/04\/Sant-Joan-de-les-Abadeses-8-1-1024x680.jpg\" alt=\"Sant Joan de les Abadesses\" class=\"wp-image-28531\"\/><\/a><figcaption>Sant Joan de les Abadesses. Por Pabkov<\/figcaption><\/figure>\n\n\n<div data-is_sticky=\"false\" data-sticky_toc_position=\"left\" data-hide_sticky_on_mobile=\"false\" data-sticky_button_icon='&lt;svg style=\"color:#000000;\" class=\"ub_sticky-toc-open-button-icon\" xmlns=\"http:\/\/www.w3.org\/2000\/svg\" height=\"34px\" width=\"34px\" viewBox=\"0, 0, 448, 512\"&gt;&lt;path fill=\"currentColor\" d=\"M0 96C0 78.33 14.33 64 32 64H416C433.7 64 448 78.33 448 96C448 113.7 433.7 128 416 128H32C14.33 128 0 113.7 0 96zM0 256C0 238.3 14.33 224 32 224H416C433.7 224 448 238.3 448 256C448 273.7 433.7 288 416 288H32C14.33 288 0 273.7 0 256zM416 448H32C14.33 448 0 433.7 0 416C0 398.3 14.33 384 32 384H416C433.7 384 448 398.3 448 416C448 433.7 433.7 448 416 448z\"&gt;&lt;\/svg&gt;' data-sticky_button_color=\"#000000\" data-sticky_toc_width=\"320px\" class=\"wp-block-ub-table-of-contents-block ub_table-of-contents\" id=\"ub_table-of-contents-c7a6e44a-ee83-4cdf-9a8c-70cee82e811b\" data-linktodivider=\"false\" data-showtext=\"show\" data-hidetext=\"hide\" data-scrolltype=\"auto\" data-enablesmoothscroll=\"false\" data-initiallyhideonmobile=\"false\" data-initiallyshow=\"true\"><div class=\"ub_table-of-contents-header-container\" style=\"\">\n\t\t\t<div class=\"ub_table-of-contents-header\" style=\"text-align: left; \">\n\t\t\t\t<div class=\"ub_table-of-contents-title\"><\/div>\n\t\t\t\t\n\t\t\t<\/div>\n\t\t<\/div><div class=\"ub_table-of-contents-extra-container\" style=\"\">\n\t\t\t<div class=\"ub_table-of-contents-container ub_table-of-contents-1-column \">\n\t\t\t\t<ol style=\"\"><li style=\"\"><a href=\"https:\/\/www.escapadarural.com\/blog\/el-turismo-rural-en-cifras-en-2019\/#0-2019-m%C3%A1s-reservas-pero-menos-d%C3%ADas-\" style=\"\">2019, m\u00e1s reservas pero menos d\u00edas<\/a><\/li><li style=\"\"><a href=\"https:\/\/www.escapadarural.com\/blog\/el-turismo-rural-en-cifras-en-2019\/#1-%C2%BFcu%C3%A1ndo-nos-gusta-viajar-\" style=\"\">\u00bfCu\u00e1ndo nos gusta viajar?<\/a><\/li><li style=\"\"><a href=\"https:\/\/www.escapadarural.com\/blog\/el-turismo-rural-en-cifras-en-2019\/#2-%C2%BFcon-cu%C3%A1nta-antelaci%C3%B3n-reservamos-nuestras-escapadas-\" style=\"\">\u00bfCon cu\u00e1nta antelaci\u00f3n reservamos nuestras escapadas?<\/a><\/li><li style=\"\"><a href=\"https:\/\/www.escapadarural.com\/blog\/el-turismo-rural-en-cifras-en-2019\/#3-%C2%BFd%C3%B3nde-preferimos-escaparnos-\" style=\"\">\u00bfD\u00f3nde preferimos escaparnos?<\/a><\/li><li style=\"\"><a href=\"https:\/\/www.escapadarural.com\/blog\/el-turismo-rural-en-cifras-en-2019\/#4-%C2%BFqu%C3%A9-tendencias-tur%C3%ADsticas-han-destacado-en-2019-\" style=\"\">\u00bfQu\u00e9 tendencias tur\u00edsticas han destacado en 2019?<\/a><\/li><\/ol>\n\t\t\t<\/div>\n\t\t<\/div><\/div>\n\n\n<h2 class=\"wp-block-heading\" id=\"0-2019-m%C3%A1s-reservas-pero-menos-d%C3%ADas-\"><strong>2019, m\u00e1s reservas pero menos d\u00edas<\/strong><\/h2>\n\n\n\n<p>2019 ha sido un periodo positivo para el <a href=\"https:\/\/www.escapadarural.com\" target=\"_blank\" rel=\"noopener noreferrer\"><strong>turismo rural<\/strong><\/a>. Tras varios a\u00f1os de estabilidad, las reservas en <strong>alojamientos rurales<\/strong> se han incrementado ligeramente. El consumo, en cambio, ha bajado por persona y noche debido a un cambio en la manera de disfrutar de las escapadas de los <strong>turistas rurales<\/strong>. La tendencia actualmente es realizar m\u00e1s cantidad de salidas, pero en menos d\u00edas. El viajero prioriza ahora los fines de semana de tres d\u00edas, un hecho que ahorra el coste de los viajes y, a la vez, evita depender de d\u00edas extra de vacaciones.<br><\/p>\n\n\n\n<!--more-->\n\n\n\n<h2 class=\"wp-block-heading\" id=\"1-%C2%BFcu%C3%A1ndo-nos-gusta-viajar-\"><strong>\u00bfCu\u00e1ndo nos gusta viajar?<\/strong><\/h2>\n\n\n\n<p>Los meses de verano, los puentes y los fines de semana largos son las fechas preferidas por los viajeros rurales que buscan escaparse de la ciudad para desconectar rodeados de naturaleza. El <strong>puente de Todos lo Santos<\/strong> y el de la <strong>Constituci\u00f3n<\/strong> son dos de los m\u00e1s demandados, ambos con cifras que rondan el 70% de ocupaci\u00f3n. <strong>Navidad<\/strong> y, sobre todo, <strong>Nochevieja <\/strong>tambi\u00e9n son dos fechas que encajan con un <strong>plan rural<\/strong>, especialmente en familia o rodeados de amigos.<\/p>\n\n\n\n<p>En verano, cada vez m\u00e1s viajeros consideran el entorno rural como una buena alternativa al tradicional turismo de sol y playa. Sin embargo, los <strong>destinos rurales<\/strong> cerca de la costa contin\u00faan siendo los preferidos, especialmente aquellos pueblos que cuentan con <a href=\"https:\/\/www.escapadarural.com\/casas-rurales\/espana&amp;f=500\" target=\"_blank\" rel=\"noopener noreferrer\"><strong>casas rurales con piscina<\/strong><\/a> o alojamientos a poca distancia de la playa. Navarra, Andaluc\u00eda y Asturias son tres de las comunidades aut\u00f3nomas m\u00e1s demandas en la \u00e9poca estival.<\/p>\n\n\n\n<h2 class=\"wp-block-heading\" id=\"2-%C2%BFcon-cu%C3%A1nta-antelaci%C3%B3n-reservamos-nuestras-escapadas-\"><strong>\u00bfCon cu\u00e1nta antelaci\u00f3n reservamos nuestras escapadas?<\/strong><\/h2>\n\n\n\n<p>La pregunta sobre con qu\u00e9 antelaci\u00f3n reservan los espa\u00f1oles una casa rural tiene clara respuesta. Por lo general, los turistas nacionales reservamos con 15 d\u00edas de antelaci\u00f3n, excepto las fechas claves del a\u00f1o (vacaciones, puentes y fines de semana largos), que somos m\u00e1s previsores y efectuamos la reserva antes por el miedo a no encontrar sitio en el alojamiento elegido.<\/p>\n\n\n\n<h2 class=\"wp-block-heading\" id=\"3-%C2%BFd%C3%B3nde-preferimos-escaparnos-\"><strong>\u00bfD\u00f3nde preferimos escaparnos?<\/strong><\/h2>\n\n\n\n<p>Por comunidades aut\u00f3nomas, <strong>Navarra<\/strong> revalida de nuevo el t\u00edtulo conseguido el a\u00f1o pasado al situarse como la preferida por los viajeros rurales. Los datos de ocupaci\u00f3n muestran una clara predilecci\u00f3n por la comunidad Foral, acompa\u00f1ada del <strong>Pa\u00eds Vasco<\/strong> y <strong>Madrid.<\/strong> Entre las regiones que m\u00e1s tenemos en mente los viajeros rurales cuando planeamos una escapada destacan Catalu\u00f1a, la Comunidad Valenciana y Andaluc\u00eda, que han liderado las b\u00fasquedas a lo largo del a\u00f1o 2019.<\/p>\n\n\n\n<h2 class=\"wp-block-heading\" id=\"4-%C2%BFqu%C3%A9-tendencias-tur%C3%ADsticas-han-destacado-en-2019-\"><strong>\u00bfQu\u00e9 tendencias tur\u00edsticas han destacado en 2019?<\/strong><\/h2>\n\n\n\n<p>Si hay una tendencia que se ha posicionado l\u00edder indiscutible en turismo rural el pasado ejercicio es, sin duda, el <strong>turismo petfriendly<\/strong> o los <a rel=\"noopener noreferrer\" href=\"https:\/\/www.escapadarural.com\/casas-rurales\/espana&amp;f=9\" target=\"_blank\"><strong>alojamientos aptos para mascotas<\/strong><\/a>. Tras la eclosi\u00f3n vivida en 2018, en 2019 su consolidaci\u00f3n ha sido definitiva a ra\u00edz del creciente n\u00famero de viajeros rurales que cuando viaja pide establecimientos petfriendly. El auge registrado estos a\u00f1os ha sido paralelo al progresivo incremento de alojamientos que admiten animales. Actualmente, de las m\u00e1s de 17.000 casas rurales registradas en EscapadaRural.com, en torno al 40% (6.884 establecimientos) tienen el sello de petfriendly. Hace seis meses el n\u00famero apenas alcanzaba las 6.000.<\/p>\n\n\n\n<p>Lejos del excelente momento que viven los alojamientos aptos para mascotas, las casas que apuestan por el turismo wellness y han adoptado la <strong>filosof\u00eda slowtravel<\/strong>, que aboga por viajar despacio, sin prisas, viven tambi\u00e9n un momento dulce al ser tendencia en 2019 y las preferidas por los viajeros rurales que eligen alojamiento pensando en su bienestar.<\/p>\n","protected":false},"excerpt":{"rendered":"<p>2019, m\u00e1s reservas pero menos d\u00edas 2019 ha sido un  [&#8230;]<\/p>\n","protected":false},"author":117,"featured_media":102304,"comment_status":"open","ping_status":"closed","sticky":false,"template":"","format":"standard","meta":{"_acf_changed":false,"om_disable_all_campaigns":false,"footnotes":""},"categories":[390],"tags":[2504,1854,2505,2506,1410,274,2094],"class_list":["post-16761","post","type-post","status-publish","format-standard","has-post-thumbnail","hentry","category-noticias","tag-balance-de-ano","tag-petfriendly","tag-sector-turismo-rural","tag-slowtravel","tag-tendencias","tag-turismo-rural","tag-viajeros-rurales"],"acf":[],"featured_image_src":"https:\/\/www.escapadarural.com\/blog\/wp-content\/uploads\/2024\/10\/Sant-Joan-de-les-Abadeses-8-1-1024x680-2.jpg","author_info":{"display_name":"Empar Ba\u00f1os","author_link":"https:\/\/www.escapadarural.com\/blog\/autor\/empar\/"},"yoast_head":"<!-- This site is optimized with the Yoast SEO plugin v27.5 - https:\/\/yoast.com\/product\/yoast-seo-wordpress\/ -->\n<title>El turismo rural en cifras en 2019 - EscapadaRural<\/title>\n<meta name=\"robots\" content=\"index, follow, max-snippet:-1, max-image-preview:large, max-video-preview:-1\" \/>\n<link rel=\"canonical\" href=\"https:\/\/www.escapadarural.com\/blog\/el-turismo-rural-en-cifras-en-2019\/\" \/>\n<meta property=\"og:locale\" content=\"es_ES\" \/>\n<meta property=\"og:type\" content=\"article\" \/>\n<meta property=\"og:title\" content=\"El turismo rural en cifras en 2019 - EscapadaRural\" \/>\n<meta property=\"og:description\" content=\"2019, m\u00e1s reservas pero menos d\u00edas 2019 ha sido un [...]\" \/>\n<meta property=\"og:url\" content=\"https:\/\/www.escapadarural.com\/blog\/el-turismo-rural-en-cifras-en-2019\/\" \/>\n<meta property=\"og:site_name\" content=\"Magazine de viajes de EscapadaRural\" \/>\n<meta property=\"article:publisher\" content=\"https:\/\/www.facebook.com\/escapadarural\" \/>\n<meta property=\"article:published_time\" content=\"2020-02-10T12:32:15+00:00\" \/>\n<meta property=\"article:modified_time\" content=\"2025-01-15T08:57:51+00:00\" \/>\n<meta property=\"og:image\" content=\"https:\/\/www.escapadarural.com\/blog\/wp-content\/uploads\/2024\/10\/Sant-Joan-de-les-Abadeses-8-1-1024x680-2.jpg\" \/>\n\t<meta property=\"og:image:width\" content=\"1024\" \/>\n\t<meta property=\"og:image:height\" content=\"680\" \/>\n\t<meta property=\"og:image:type\" content=\"image\/jpeg\" \/>\n<meta name=\"author\" content=\"Empar Ba\u00f1os\" \/>\n<meta name=\"twitter:card\" content=\"summary_large_image\" \/>\n<meta name=\"twitter:label1\" content=\"Escrito por\" \/>\n\t<meta name=\"twitter:data1\" content=\"Empar Ba\u00f1os\" \/>\n\t<meta name=\"twitter:label2\" content=\"Tiempo de lectura\" \/>\n\t<meta name=\"twitter:data2\" content=\"3 minutos\" \/>\n<script type=\"application\/ld+json\" class=\"yoast-schema-graph\">{\"@context\":\"https:\\\/\\\/schema.org\",\"@graph\":[{\"@type\":\"Article\",\"@id\":\"https:\\\/\\\/www.escapadarural.com\\\/blog\\\/el-turismo-rural-en-cifras-en-2019\\\/#article\",\"isPartOf\":{\"@id\":\"https:\\\/\\\/www.escapadarural.com\\\/blog\\\/el-turismo-rural-en-cifras-en-2019\\\/\"},\"author\":{\"name\":\"Empar Ba\u00f1os\",\"@id\":\"https:\\\/\\\/www.escapadarural.com\\\/blog\\\/#\\\/schema\\\/person\\\/78ac8aa9c7e1170e47554618015c86d8\"},\"headline\":\"El turismo rural en cifras en 2019\",\"datePublished\":\"2020-02-10T12:32:15+00:00\",\"dateModified\":\"2025-01-15T08:57:51+00:00\",\"mainEntityOfPage\":{\"@id\":\"https:\\\/\\\/www.escapadarural.com\\\/blog\\\/el-turismo-rural-en-cifras-en-2019\\\/\"},\"wordCount\":608,\"commentCount\":0,\"publisher\":{\"@id\":\"https:\\\/\\\/www.escapadarural.com\\\/blog\\\/#organization\"},\"image\":{\"@id\":\"https:\\\/\\\/www.escapadarural.com\\\/blog\\\/el-turismo-rural-en-cifras-en-2019\\\/#primaryimage\"},\"thumbnailUrl\":\"https:\\\/\\\/www.escapadarural.com\\\/blog\\\/wp-content\\\/uploads\\\/2024\\\/10\\\/Sant-Joan-de-les-Abadeses-8-1-1024x680-2.jpg\",\"keywords\":[\"balance de a\u00f1o\",\"petfriendly\",\"sector turismo rural\",\"slowtravel\",\"Tendencias\",\"turismo rural\",\"viajeros rurales\"],\"articleSection\":[\"Noticias\"],\"inLanguage\":\"es\",\"potentialAction\":[{\"@type\":\"CommentAction\",\"name\":\"Comment\",\"target\":[\"https:\\\/\\\/www.escapadarural.com\\\/blog\\\/el-turismo-rural-en-cifras-en-2019\\\/#respond\"]}]},{\"@type\":\"WebPage\",\"@id\":\"https:\\\/\\\/www.escapadarural.com\\\/blog\\\/el-turismo-rural-en-cifras-en-2019\\\/\",\"url\":\"https:\\\/\\\/www.escapadarural.com\\\/blog\\\/el-turismo-rural-en-cifras-en-2019\\\/\",\"name\":\"El turismo rural en cifras en 2019 - EscapadaRural\",\"isPartOf\":{\"@id\":\"https:\\\/\\\/www.escapadarural.com\\\/blog\\\/#website\"},\"primaryImageOfPage\":{\"@id\":\"https:\\\/\\\/www.escapadarural.com\\\/blog\\\/el-turismo-rural-en-cifras-en-2019\\\/#primaryimage\"},\"image\":{\"@id\":\"https:\\\/\\\/www.escapadarural.com\\\/blog\\\/el-turismo-rural-en-cifras-en-2019\\\/#primaryimage\"},\"thumbnailUrl\":\"https:\\\/\\\/www.escapadarural.com\\\/blog\\\/wp-content\\\/uploads\\\/2024\\\/10\\\/Sant-Joan-de-les-Abadeses-8-1-1024x680-2.jpg\",\"datePublished\":\"2020-02-10T12:32:15+00:00\",\"dateModified\":\"2025-01-15T08:57:51+00:00\",\"breadcrumb\":{\"@id\":\"https:\\\/\\\/www.escapadarural.com\\\/blog\\\/el-turismo-rural-en-cifras-en-2019\\\/#breadcrumb\"},\"inLanguage\":\"es\",\"potentialAction\":[{\"@type\":\"ReadAction\",\"target\":[\"https:\\\/\\\/www.escapadarural.com\\\/blog\\\/el-turismo-rural-en-cifras-en-2019\\\/\"]}]},{\"@type\":\"ImageObject\",\"inLanguage\":\"es\",\"@id\":\"https:\\\/\\\/www.escapadarural.com\\\/blog\\\/el-turismo-rural-en-cifras-en-2019\\\/#primaryimage\",\"url\":\"https:\\\/\\\/www.escapadarural.com\\\/blog\\\/wp-content\\\/uploads\\\/2024\\\/10\\\/Sant-Joan-de-les-Abadeses-8-1-1024x680-2.jpg\",\"contentUrl\":\"https:\\\/\\\/www.escapadarural.com\\\/blog\\\/wp-content\\\/uploads\\\/2024\\\/10\\\/Sant-Joan-de-les-Abadeses-8-1-1024x680-2.jpg\",\"width\":1024,\"height\":680,\"caption\":\"Un puente arqueado de piedra cruza un valle verde con un jard\u00edn debajo, que conduce a edificios de colores y a una colina boscosa bajo un cielo azul con nubes esponjosas.\"},{\"@type\":\"BreadcrumbList\",\"@id\":\"https:\\\/\\\/www.escapadarural.com\\\/blog\\\/el-turismo-rural-en-cifras-en-2019\\\/#breadcrumb\",\"itemListElement\":[{\"@type\":\"ListItem\",\"position\":1,\"name\":\"Inicio\",\"item\":\"https:\\\/\\\/www.escapadarural.com\\\/blog\\\/\"},{\"@type\":\"ListItem\",\"position\":2,\"name\":\"Noticias\",\"item\":\"https:\\\/\\\/www.escapadarural.com\\\/blog\\\/categoria\\\/noticias\\\/\"},{\"@type\":\"ListItem\",\"position\":3,\"name\":\"El turismo rural en cifras en 2019\"}]},{\"@type\":\"WebSite\",\"@id\":\"https:\\\/\\\/www.escapadarural.com\\\/blog\\\/#website\",\"url\":\"https:\\\/\\\/www.escapadarural.com\\\/blog\\\/\",\"name\":\"Blog de viajes | turismo rural, alojamientos e inspiraci\u00f3n\",\"description\":\"Alojamientos rurales e inspiraci\u00f3n para tus escapadas\",\"publisher\":{\"@id\":\"https:\\\/\\\/www.escapadarural.com\\\/blog\\\/#organization\"},\"alternateName\":\"Magazine de viajes de EscapadaRural\",\"potentialAction\":[{\"@type\":\"SearchAction\",\"target\":{\"@type\":\"EntryPoint\",\"urlTemplate\":\"https:\\\/\\\/www.escapadarural.com\\\/blog\\\/?s={search_term_string}\"},\"query-input\":{\"@type\":\"PropertyValueSpecification\",\"valueRequired\":true,\"valueName\":\"search_term_string\"}}],\"inLanguage\":\"es\"},{\"@type\":\"Organization\",\"@id\":\"https:\\\/\\\/www.escapadarural.com\\\/blog\\\/#organization\",\"name\":\"EscapadaRural\",\"url\":\"https:\\\/\\\/www.escapadarural.com\\\/blog\\\/\",\"logo\":{\"@type\":\"ImageObject\",\"inLanguage\":\"es\",\"@id\":\"https:\\\/\\\/www.escapadarural.com\\\/blog\\\/#\\\/schema\\\/logo\\\/image\\\/\",\"url\":\"https:\\\/\\\/www.escapadarural.com\\\/blog\\\/wp-content\\\/uploads\\\/2024\\\/10\\\/cropped-cropped-escapada-rural-icon-mag-3.png\",\"contentUrl\":\"https:\\\/\\\/www.escapadarural.com\\\/blog\\\/wp-content\\\/uploads\\\/2024\\\/10\\\/cropped-cropped-escapada-rural-icon-mag-3.png\",\"width\":512,\"height\":512,\"caption\":\"EscapadaRural\"},\"image\":{\"@id\":\"https:\\\/\\\/www.escapadarural.com\\\/blog\\\/#\\\/schema\\\/logo\\\/image\\\/\"},\"sameAs\":[\"https:\\\/\\\/www.facebook.com\\\/escapadarural\",\"https:\\\/\\\/www.instagram.com\\\/escapadarural\\\/\",\"https:\\\/\\\/www.youtube.com\\\/@escapadaruralcom\"]},{\"@type\":\"Person\",\"@id\":\"https:\\\/\\\/www.escapadarural.com\\\/blog\\\/#\\\/schema\\\/person\\\/78ac8aa9c7e1170e47554618015c86d8\",\"name\":\"Empar Ba\u00f1os\",\"image\":{\"@type\":\"ImageObject\",\"inLanguage\":\"es\",\"@id\":\"https:\\\/\\\/secure.gravatar.com\\\/avatar\\\/bca25b8b2839ae0e50c199a89b66d55b4b439c64042a30889da72f06522e6c99?s=96&d=mm&r=g\",\"url\":\"https:\\\/\\\/secure.gravatar.com\\\/avatar\\\/bca25b8b2839ae0e50c199a89b66d55b4b439c64042a30889da72f06522e6c99?s=96&d=mm&r=g\",\"contentUrl\":\"https:\\\/\\\/secure.gravatar.com\\\/avatar\\\/bca25b8b2839ae0e50c199a89b66d55b4b439c64042a30889da72f06522e6c99?s=96&d=mm&r=g\",\"caption\":\"Empar Ba\u00f1os\"},\"url\":\"https:\\\/\\\/www.escapadarural.com\\\/blog\\\/autor\\\/empar\\\/\"}]}<\/script>\n<!-- \/ Yoast SEO plugin. -->","yoast_head_json":{"title":"El turismo rural en cifras en 2019 - EscapadaRural","robots":{"index":"index","follow":"follow","max-snippet":"max-snippet:-1","max-image-preview":"max-image-preview:large","max-video-preview":"max-video-preview:-1"},"canonical":"https:\/\/www.escapadarural.com\/blog\/el-turismo-rural-en-cifras-en-2019\/","og_locale":"es_ES","og_type":"article","og_title":"El turismo rural en cifras en 2019 - EscapadaRural","og_description":"2019, m\u00e1s reservas pero menos d\u00edas 2019 ha sido un [...]","og_url":"https:\/\/www.escapadarural.com\/blog\/el-turismo-rural-en-cifras-en-2019\/","og_site_name":"Magazine de viajes de EscapadaRural","article_publisher":"https:\/\/www.facebook.com\/escapadarural","article_published_time":"2020-02-10T12:32:15+00:00","article_modified_time":"2025-01-15T08:57:51+00:00","og_image":[{"width":1024,"height":680,"url":"https:\/\/www.escapadarural.com\/blog\/wp-content\/uploads\/2024\/10\/Sant-Joan-de-les-Abadeses-8-1-1024x680-2.jpg","type":"image\/jpeg"}],"author":"Empar Ba\u00f1os","twitter_card":"summary_large_image","twitter_misc":{"Escrito por":"Empar Ba\u00f1os","Tiempo de lectura":"3 minutos"},"schema":{"@context":"https:\/\/schema.org","@graph":[{"@type":"Article","@id":"https:\/\/www.escapadarural.com\/blog\/el-turismo-rural-en-cifras-en-2019\/#article","isPartOf":{"@id":"https:\/\/www.escapadarural.com\/blog\/el-turismo-rural-en-cifras-en-2019\/"},"author":{"name":"Empar Ba\u00f1os","@id":"https:\/\/www.escapadarural.com\/blog\/#\/schema\/person\/78ac8aa9c7e1170e47554618015c86d8"},"headline":"El turismo rural en cifras en 2019","datePublished":"2020-02-10T12:32:15+00:00","dateModified":"2025-01-15T08:57:51+00:00","mainEntityOfPage":{"@id":"https:\/\/www.escapadarural.com\/blog\/el-turismo-rural-en-cifras-en-2019\/"},"wordCount":608,"commentCount":0,"publisher":{"@id":"https:\/\/www.escapadarural.com\/blog\/#organization"},"image":{"@id":"https:\/\/www.escapadarural.com\/blog\/el-turismo-rural-en-cifras-en-2019\/#primaryimage"},"thumbnailUrl":"https:\/\/www.escapadarural.com\/blog\/wp-content\/uploads\/2024\/10\/Sant-Joan-de-les-Abadeses-8-1-1024x680-2.jpg","keywords":["balance de a\u00f1o","petfriendly","sector turismo rural","slowtravel","Tendencias","turismo rural","viajeros rurales"],"articleSection":["Noticias"],"inLanguage":"es","potentialAction":[{"@type":"CommentAction","name":"Comment","target":["https:\/\/www.escapadarural.com\/blog\/el-turismo-rural-en-cifras-en-2019\/#respond"]}]},{"@type":"WebPage","@id":"https:\/\/www.escapadarural.com\/blog\/el-turismo-rural-en-cifras-en-2019\/","url":"https:\/\/www.escapadarural.com\/blog\/el-turismo-rural-en-cifras-en-2019\/","name":"El turismo rural en cifras en 2019 - EscapadaRural","isPartOf":{"@id":"https:\/\/www.escapadarural.com\/blog\/#website"},"primaryImageOfPage":{"@id":"https:\/\/www.escapadarural.com\/blog\/el-turismo-rural-en-cifras-en-2019\/#primaryimage"},"image":{"@id":"https:\/\/www.escapadarural.com\/blog\/el-turismo-rural-en-cifras-en-2019\/#primaryimage"},"thumbnailUrl":"https:\/\/www.escapadarural.com\/blog\/wp-content\/uploads\/2024\/10\/Sant-Joan-de-les-Abadeses-8-1-1024x680-2.jpg","datePublished":"2020-02-10T12:32:15+00:00","dateModified":"2025-01-15T08:57:51+00:00","breadcrumb":{"@id":"https:\/\/www.escapadarural.com\/blog\/el-turismo-rural-en-cifras-en-2019\/#breadcrumb"},"inLanguage":"es","potentialAction":[{"@type":"ReadAction","target":["https:\/\/www.escapadarural.com\/blog\/el-turismo-rural-en-cifras-en-2019\/"]}]},{"@type":"ImageObject","inLanguage":"es","@id":"https:\/\/www.escapadarural.com\/blog\/el-turismo-rural-en-cifras-en-2019\/#primaryimage","url":"https:\/\/www.escapadarural.com\/blog\/wp-content\/uploads\/2024\/10\/Sant-Joan-de-les-Abadeses-8-1-1024x680-2.jpg","contentUrl":"https:\/\/www.escapadarural.com\/blog\/wp-content\/uploads\/2024\/10\/Sant-Joan-de-les-Abadeses-8-1-1024x680-2.jpg","width":1024,"height":680,"caption":"Un puente arqueado de piedra cruza un valle verde con un jard\u00edn debajo, que conduce a edificios de colores y a una colina boscosa bajo un cielo azul con nubes esponjosas."},{"@type":"BreadcrumbList","@id":"https:\/\/www.escapadarural.com\/blog\/el-turismo-rural-en-cifras-en-2019\/#breadcrumb","itemListElement":[{"@type":"ListItem","position":1,"name":"Inicio","item":"https:\/\/www.escapadarural.com\/blog\/"},{"@type":"ListItem","position":2,"name":"Noticias","item":"https:\/\/www.escapadarural.com\/blog\/categoria\/noticias\/"},{"@type":"ListItem","position":3,"name":"El turismo rural en cifras en 2019"}]},{"@type":"WebSite","@id":"https:\/\/www.escapadarural.com\/blog\/#website","url":"https:\/\/www.escapadarural.com\/blog\/","name":"Blog de viajes | turismo rural, alojamientos e inspiraci\u00f3n","description":"Alojamientos rurales e inspiraci\u00f3n para tus escapadas","publisher":{"@id":"https:\/\/www.escapadarural.com\/blog\/#organization"},"alternateName":"Magazine de viajes de EscapadaRural","potentialAction":[{"@type":"SearchAction","target":{"@type":"EntryPoint","urlTemplate":"https:\/\/www.escapadarural.com\/blog\/?s={search_term_string}"},"query-input":{"@type":"PropertyValueSpecification","valueRequired":true,"valueName":"search_term_string"}}],"inLanguage":"es"},{"@type":"Organization","@id":"https:\/\/www.escapadarural.com\/blog\/#organization","name":"EscapadaRural","url":"https:\/\/www.escapadarural.com\/blog\/","logo":{"@type":"ImageObject","inLanguage":"es","@id":"https:\/\/www.escapadarural.com\/blog\/#\/schema\/logo\/image\/","url":"https:\/\/www.escapadarural.com\/blog\/wp-content\/uploads\/2024\/10\/cropped-cropped-escapada-rural-icon-mag-3.png","contentUrl":"https:\/\/www.escapadarural.com\/blog\/wp-content\/uploads\/2024\/10\/cropped-cropped-escapada-rural-icon-mag-3.png","width":512,"height":512,"caption":"EscapadaRural"},"image":{"@id":"https:\/\/www.escapadarural.com\/blog\/#\/schema\/logo\/image\/"},"sameAs":["https:\/\/www.facebook.com\/escapadarural","https:\/\/www.instagram.com\/escapadarural\/","https:\/\/www.youtube.com\/@escapadaruralcom"]},{"@type":"Person","@id":"https:\/\/www.escapadarural.com\/blog\/#\/schema\/person\/78ac8aa9c7e1170e47554618015c86d8","name":"Empar Ba\u00f1os","image":{"@type":"ImageObject","inLanguage":"es","@id":"https:\/\/secure.gravatar.com\/avatar\/bca25b8b2839ae0e50c199a89b66d55b4b439c64042a30889da72f06522e6c99?s=96&d=mm&r=g","url":"https:\/\/secure.gravatar.com\/avatar\/bca25b8b2839ae0e50c199a89b66d55b4b439c64042a30889da72f06522e6c99?s=96&d=mm&r=g","contentUrl":"https:\/\/secure.gravatar.com\/avatar\/bca25b8b2839ae0e50c199a89b66d55b4b439c64042a30889da72f06522e6c99?s=96&d=mm&r=g","caption":"Empar Ba\u00f1os"},"url":"https:\/\/www.escapadarural.com\/blog\/autor\/empar\/"}]}},"_links":{"self":[{"href":"https:\/\/www.escapadarural.com\/blog\/wp-json\/wp\/v2\/posts\/16761","targetHints":{"allow":["GET"]}}],"collection":[{"href":"https:\/\/www.escapadarural.com\/blog\/wp-json\/wp\/v2\/posts"}],"about":[{"href":"https:\/\/www.escapadarural.com\/blog\/wp-json\/wp\/v2\/types\/post"}],"author":[{"embeddable":true,"href":"https:\/\/www.escapadarural.com\/blog\/wp-json\/wp\/v2\/users\/117"}],"replies":[{"embeddable":true,"href":"https:\/\/www.escapadarural.com\/blog\/wp-json\/wp\/v2\/comments?post=16761"}],"version-history":[{"count":0,"href":"https:\/\/www.escapadarural.com\/blog\/wp-json\/wp\/v2\/posts\/16761\/revisions"}],"wp:featuredmedia":[{"embeddable":true,"href":"https:\/\/www.escapadarural.com\/blog\/wp-json\/wp\/v2\/media\/102304"}],"wp:attachment":[{"href":"https:\/\/www.escapadarural.com\/blog\/wp-json\/wp\/v2\/media?parent=16761"}],"wp:term":[{"taxonomy":"category","embeddable":true,"href":"https:\/\/www.escapadarural.com\/blog\/wp-json\/wp\/v2\/categories?post=16761"},{"taxonomy":"post_tag","embeddable":true,"href":"https:\/\/www.escapadarural.com\/blog\/wp-json\/wp\/v2\/tags?post=16761"}],"curies":[{"name":"wp","href":"https:\/\/api.w.org\/{rel}","templated":true}]}}