{"id":1746,"date":"2012-05-02T09:07:28","date_gmt":"2012-05-02T09:07:28","guid":{"rendered":"http:\/\/15.188.81.248\/2012\/05\/02\/blai-una-vida-en-mil-viajes\/"},"modified":"2026-02-05T13:46:27","modified_gmt":"2026-02-05T12:46:27","slug":"blai-una-vida-en-mil-viajes","status":"publish","type":"post","link":"https:\/\/www.escapadarural.com\/blog\/blai-una-vida-en-mil-viajes\/","title":{"rendered":"Blai: Una vida en mil viajes"},"content":{"rendered":"\n<p>Blai es un jovenc\u00edsismo viajero que se apasiona con lo que descubre y con las personas que conoce en cada uno de los destinos visitados. Es de Granollers (<a href=\"https:\/\/www.escapadarural.com\/casas-rurales\/barcelona\">Barcelona<\/a>), tierra a la que adora, y desde all\u00ed la noche del 18 de enero de 2010 abri\u00f3 su blog: Una Vida en Mil Viajes. All\u00ed descubrimos su mundo emocional, sus impresiones sobre los pa\u00edses que visita y las ganas que desprenden sus textos e im\u00e1genes. Es tan inquieto que no lo ver\u00e9is parado ni en las fotograf\u00edas. Le apasiona todo lo que sobrepasa la frontera de su puerta. A veces pienso que son los pasos de los viajeros los que en realidad hacen girar la Tierra.<\/p>\n\n\n\n<h3 class=\"wp-block-heading\" id=\"h-1-hola-blai-actualmente-te-encuentras-en-una-aventura-de-6-meses-por-asia-desde-donde-nos-respondes-cual-es-tu-siguiente-paso\">1. Hola, Blai. Actualmente te encuentras en una aventura de 6 meses por Asia. \u00bfDesde d\u00f3nde nos respondes? \u00bfCu\u00e1l es tu siguiente paso?<\/h3>\n\n\n\n<p>Hola amigos de EscapadaRural. En efecto, me encuentro totalmente sumergido en un viaje de 6 meses alrededor de varios pa\u00edses asi\u00e1ticos. Ahora mismo os escribo desde Manila, la capital de Filipinas. Pronto pondr\u00e9 rumbo al sur del pa\u00eds, para conocer en profundidad la zona de las Visayas, repleta de islas.<\/p>\n\n\n\n<h3 class=\"wp-block-heading\" id=\"h-2-cuando-preparabas-este-viaje-te-preguntabas-que-pasaria-despues-de-dos-meses-si-te-quedarian-fuerzas-dinero-ganas-que-puedes-responder-a-fecha-de-hoy\">2. Cuando preparabas este viaje, te preguntabas qu\u00e9 pasar\u00eda despu\u00e9s de dos meses: si te quedar\u00edan fuerzas, dinero, ganas&#8230; \u00bfQu\u00e9 puedes responder a fecha de hoy?<\/h3>\n\n\n\n<p>Como bien dices, cuando preparaba el viaje todo yo era un mar de dudas. Visto con mucha lejan\u00eda, cuando a\u00fan quedaban un par de meses para partir, todo parec\u00eda muy f\u00e1cil, la verdad, pero una vez la fecha de partida ya se acercaba, los nervios y las dudas no me dejaban dormir (en muchas ocasiones literalmente).<\/p>\n\n\n\n<p>A fecha de hoy, y tras casi 4 meses a mis espaldas, puedo decir que es mucho m\u00e1s f\u00e1cil de lo que puede parecer. Lo m\u00e1s importante, al menos en mi caso, es moverme con libertad m\u00e1xima, sin ataduras, sin fechas, sin planes. S\u00f3lo de esta manera me libero de preocupaciones innecesarias en un viaje as\u00ed.<\/p>\n\n\n\n<p>Con referencia a las fuerzas, si que he de decir que en m\u00e1s de una ocasi\u00f3n me he llegado a preguntar qu\u00e9 diablos estaba haciendo yo pasando penurias en vete tu a saber d\u00f3nde, sabiendo que ten\u00eda mi casa y mi gente all\u00ed, esperando. No obstante estos son los momentos m\u00e1s duros de un viaje tan largo, los que a\u00f1oras a tu gente, tus cosas, tus rutinas&#8230; Pero no es nada que no se supere en uno o dos d\u00edas.<\/p>\n\n\n\n<p>Con la libertad con la que viajo, siempre me digo lo mismo: Blai, si quieres, en menos de 30 horas puedes estar en tu casa tan ricamente, as\u00ed de f\u00e1cil. Me compro el primer vuelo y en menos que canta un gallo estoy de vuelta. La prueba de que todos los percances siempre son superados es que aqu\u00ed sigo, d\u00e1ndole ca\u00f1a al mundo.<\/p>\n\n\n\n<h3 class=\"wp-block-heading\" id=\"h-3-preparar-un-viaje-asi-ha-sido-una-aventura-en-si-misma-ademas-de-la-organizacion-con-que-otras-dificultades-has-topado-durante-tus-viajes\">3. Preparar un viaje as\u00ed ha sido una aventura en s\u00ed misma. Adem\u00e1s de la organizaci\u00f3n, \u00bfcon qu\u00e9 otras dificultades has topado durante tus viajes?<\/h3>\n\n\n\n<p>Como te dec\u00eda anteriormente, las dificultades m\u00e1s grandes que me he topado han sido la incomunicaci\u00f3n, la desconexi\u00f3n indeseada y sentirme a\u00f1orado.<\/p>\n\n\n\n<p>En primer lugar, la incomunicaci\u00f3n est\u00e1 muy presente en pa\u00edses como China, en el que dif\u00edcilmente te puedes entender a no ser que hables algo de chino. Esto muchas veces me ha llevado a situaciones que no pod\u00eda controlar en absoluto y que m\u00e1s de una vez me han hecho perder los nervios hasta llegar momentos en los que he estado a punto de tirar la toalla. No obstante, de esto he aprendido que no vale para nada ponerse nervioso, hay que dejar que las cosas vayan por s\u00ed solas y probablemente todo volver\u00e1 a su cauce natural.<\/p>\n\n\n\n<p>La desconexi\u00f3n con mi gente y mi tierra es algo que a veces disfruto \u2013cuando lo deseo- pero es algo que me atormenta cuando me apetece conversar con alguien. Soy una persona que est\u00e1 muy vinculada a su familia, amigos y tierra, por lo que me gusta estar muy en contacto con todos ellos. Es por esto que cuando no existe la posibilidad, me pongo bastante nervioso. Gajes del oficio, est\u00e1 claro&#8230;<\/p>\n\n\n\n<p>Y finalmente el sentirme a\u00f1orado, que es algo muy relacionado con lo anterior. Mentir\u00eda si dijera que no ha habido momentos en los que me hubiera gustado compartir mis vivencias con personas a las que quiero y l\u00f3gicamente no he podido. Y muy a menudo me ocurre, pero s\u00e9 que mi vida ahora es as\u00ed, lejos de ellos, y que si es as\u00ed es \u00fanica y exclusivamente una decisi\u00f3n m\u00eda. Como te dec\u00eda, si quisiera, podr\u00eda estar en pocas horas tomando unas cervezas con mis amigos en Granollers.<\/p>\n\n\n\n<p>Y aprovechando esta pregunta, me gustar\u00eda hablarte sobre la soledad, un sentimiento que no he tenido en todo mi viaje pese a viajar solo. Realmente, y aunque suene a t\u00f3pico, se conoce a much\u00edsima gente viajando por el mundo, gente que como t\u00fa tiene las mismas inquietudes. Es por ello que f\u00e1cilmente se crean v\u00ednculos y puedes pasar d\u00edas, horas, semanas o incluso meses con alguien reci\u00e9n conocido. Es una sensaci\u00f3n maravillosa saber que si te apetece estar solo lo vas a estar, pero que si te apetece estar acompa\u00f1ado, tambi\u00e9n lo estar\u00e1s.<\/p>\n\n\n\n<h3 class=\"wp-block-heading\" id=\"h-4-que-te-llevo-a-abrir-una-vida-en-mil-viajes-aquel-18-de-enero-de-2010\">4. \u00bfQu\u00e9 te llev\u00f3 a abrir Una Vida en Mil viajes aquel 18 de enero de 2010?<\/h3>\n\n\n\n<p>Una <em>Vida en Mil Viajes<\/em> surgi\u00f3 principalmente por la necesidad y las ganas de contar mis experiencias viajeras a otra gente que, como a m\u00ed, le gustara conocer mundo. Adem\u00e1s, fue una plataforma m\u00e1s para elaborar un trabajo de investigaci\u00f3n relacionado con los viajes que estaba elaborando durante los dos a\u00f1os del Bachillerato.<\/p>\n\n\n\n<p>As\u00ed que sin pensarlo mucho, y casi por casualidad, la noche del 18 de enero, al llegar a casa, abr\u00ed el blog con muy pocas expectativas.<\/p>\n\n\n\n<h3 class=\"wp-block-heading\" id=\"h-5-todas-tus-entradas-tienen-muchos-comentarios-y-has-podido-interactuar-con-grandes-viajeros-como-tu-esperabas-algo-parecido-cuando-iniciaste-el-blog\">5. Todas tus entradas tienen muchos comentarios y has podido interactuar con grandes viajeros como t\u00fa. \u00bfEsperabas algo parecido cuando iniciaste el blog?<\/h3>\n\n\n\n<p>Como te puedes imaginar con la respuesta anterior, nunca hubiera imaginado que mi blog llegara a lo que ha llegado. Jam\u00e1s.<\/p>\n\n\n\n<p>El blog fue creciendo poco a poco, y en lo primero que me sorprendi\u00f3, fue precisamente en lo que destacas, en la oportunidad que me dio de interactuar con otros viajeros, muchos de los cuales ahora se han convertido en muy buenos amigos.<\/p>\n\n\n\n<p>Posteriormente, el blog fue creciendo en visitas y popularidad y en pocos meses pas\u00f3 de tener unas escasas 40 visitas al d\u00eda a tener m\u00e1s de 400. Fue impresionante. Y lo sigue siendo ya que el ritmo de crecimiento no para, con lo cual no puedo estar m\u00e1s que agradecido a todo mis lectores.<\/p>\n\n\n\n<h3 class=\"wp-block-heading\" id=\"h-6-en-estos-anos-que-cambios-percibes-desde-aquella-primera-entradas-hasta-la-ultima-que-has-publicado\">6. En estos a\u00f1os, \u00bfqu\u00e9 cambios percibes desde aquella primera entradas hasta la \u00faltima que has publicado?<\/h3>\n\n\n\n<p>Madre m\u00eda&#8230; Miro hacia atr\u00e1s y yo mismo me veo extremadamente cambiado, as\u00ed que ya te puedes imaginar mis entradas.<br>En un principio, si te soy sincero, no sab\u00eda muy bien con qu\u00e9 diablos llenar mi blog. Ten\u00eda muchas experiencias, pero necesitaba algo m\u00e1s.<\/p>\n\n\n\n<p>Creo que fue un proceso de descubrimiento de mis verdaderos intereses. Con el tiempo me fui dando cuenta que relatar un viaje como si de un diario objetivo se tratara no me motivaba en absoluto. Lo que m\u00e1s me gustaba de los viajes era la habilidad que ten\u00edan para hacerme aprender, sentir, ilusionarme, emocionarme&#8230; Y poco a poco fui convirtiendo mis textos en esto mismo, en los sentimientos que los lugares me hab\u00edan dejado. Es por ello que actualmente mi blog de viajes es una bit\u00e1cora personal muy pero que muy subjetiva.<\/p>\n\n\n\n<h3 class=\"wp-block-heading\" id=\"h-7-pese-a-tu-juventud-has-viajado-muchisimo-si-echas-la-vista-sobre-tus-antiguas-fotografias-y-textos-que-sientes\">7. Pese a tu juventud, has viajado much\u00edsimo. Si echas la vista sobre tus antiguas fotograf\u00edas y textos, \u00bfqu\u00e9 sientes?<\/h3>\n\n\n\n<p>Pues la verdad que cuando miro para atr\u00e1s y leo mis diarios de otros viajes, o las fotograf\u00edas que tom\u00e9, siento una extra\u00f1a sensaci\u00f3n de melancol\u00eda.<\/p>\n\n\n\n<p>Por aquel entonces, cualquier movimiento era para m\u00ed un mundo, una aventura. Actualmente, como ya puedo viajar m\u00e1s, me cuesta sentir emociones del pasado. Siento muchas de nuevas que considero mejores, pero me gustar\u00eda volver a sentir miedo al montarme a un avi\u00f3n, o volver a tener ese choque tan impresionante que tuve cuando visit\u00e9 por primera vez Asia&#8230;<\/p>\n\n\n\n<p>Pero tambi\u00e9n, cuando recuerdo todo lo que he vivido, me siento muy feliz, veo que mi vida ha sido (y sigue siendo) como yo la quiero, como yo la imagino. Es por ello que mirar atr\u00e1s irremediablemente me hace sentir mucha felicidad y mucha satisfacci\u00f3n.<\/p>\n\n\n<div class=\"wp-block-image\">\n<figure class=\"aligncenter size-large\"><a href=\"https:\/\/www.escapadarural.com\/blog\/wp-content\/uploads\/2012\/05\/TadKuangSii-2-2.jpg\"><img decoding=\"async\" src=\"https:\/\/www.escapadarural.com\/blog\/wp-content\/uploads\/2012\/05\/TadKuangSii-2-2.jpg\" alt=\"Blai\" class=\"wp-image-37309\"\/><\/a><figcaption class=\"wp-element-caption\">Fuente: Blai en Tad Kuang Sii, Laos\n\n<\/figcaption><\/figure>\n<\/div>\n\n\n<h3 class=\"wp-block-heading\" id=\"h-8-que-haces-cuando-no-estas-de-viaje-en-tu-granollers-natal\">8. \u00bfQu\u00e9 haces cuando no est\u00e1s de viaje, en tu Granollers natal?<\/h3>\n\n\n\n<p>Antes de partir en esta aventura, estaba, l\u00f3gicamente, estudiando el Bachillerato. Termin\u00e9, hice la selectividad, estuve trabajando duro varios meses y part\u00ed.<\/p>\n\n\n\n<p>As\u00ed que en mi Granollers natal poco m\u00e1s que estudiar y salir a divertirme con mis amigos es lo que hac\u00eda. Y recalco el verbo en pasado ya que a la vuelta, se que mi vida va a ser totalmente diferente. Este viaje ha cerrado una etapa y ha abierto otra.<\/p>\n\n\n\n<p>Te contar\u00e9 mejor qu\u00e9 es lo que quiero hacer justo al volver a mi amada Granollers: ir al mercado a desayunar, salir a pasear por las calles en un d\u00eda de entre semana a las 17 de la tarde, cuando todo el mundo est\u00e1 por all\u00ed, ir al bar de siempre con los amigos, comer churros con chocolate los fines de semana y por supuesto disfrutar de la Mejor Fiesta Mayor del Planeta Tierra, la <strong>Festa de Blancs i Blaus<\/strong>, que tiene lugar la \u00faltima semana de agosto.<\/p>\n\n\n\n<p>Ains, Granollers&#8230;<\/p>\n\n\n\n<h3 class=\"wp-block-heading\" id=\"h-9-la-esencia-del-viaje-es-el-cambio-el-movimiento-lo-nuevo-lo-desconocido-viajar-es-desvirgar-sentimientos-y-emociones-despues-de-ver-medio-mundo-como-percibes-la-realidad-de-tu-casa-su-entorno-tus-vecinos\">9. \u00abLa esencia del viaje es el cambio, el movimiento, lo nuevo, lo desconocido. Viajar es desvirgar sentimientos y emociones\u00bb. Despu\u00e9s de ver medio mundo, \u00bfc\u00f3mo percibes la realidad de tu casa, su entorno, tus vecinos?<\/h3>\n\n\n\n<p>Se me hace muy complicada esta pregunta ya que hace mucho que no siento esto. Ni lo recuerdo para serte sincero. Con este nuevo viaje, mi vida ha cambiado mucho.<\/p>\n\n\n\n<p>Lo que s\u00ed que te puedo decir es que cada vez que he vuelto de alg\u00fan viaje me he sentido muy extra\u00f1o. No s\u00e9 si va a sonar mal, pero cada vez que vuelvo siento que tengo mucha suerte de ser de donde soy y de tener la vida que tengo. Me encanta mi vida, me encanta mi tierra y cuanto m\u00e1s viajo, m\u00e1s me doy cuenta de ello.<\/p>\n\n\n\n<p>Soy un viajero amante de su pa\u00eds, con muchos v\u00ednculos en \u00e9l y con mucho que hacer all\u00ed. En cambio, he conocido a viajeros que no se sienten a gusto con su origen y que si dependiera de ellos, nunca volver\u00edan a su tierra. Igual de respetable, pero totalmente antag\u00f3nico a mi manera de vivir mi vida.<\/p>\n\n\n\n<p>Pero la t\u00f3nica general de todas las vueltas a casa es siempre la misma: uno se da cuenta de que poco o nada ha cambiado, que en realidad todo lo que ves diferente no es m\u00e1s que el reflejo que tu cambio produce en tu vida cotidiana. Los problemas son los mismos, pero parecen menos importantes, las peleas dejan de tener sentido, las preocupaciones te las tomas poco en serio y en general, le das una nueva actitud a todo lo que te rodea. El cambio m\u00e1s importante est\u00e1 en ti.<\/p>\n\n\n\n<h3 class=\"wp-block-heading\" id=\"h-10-lo-dices-tu-mismo-los-suenos-estan-para-ser-cumplidos-y-lo-mejor-de-todo-es-que-los-suenos-se-cumplen-es-una-idea-que-nos-transmitio-tambien-carolina-de-moonflower-la-vitalidad-romper-barreras-infranqueables-crees-que-es-algo-inherente-a-los-viajeros-y-a-los-que-le-falta-valor-para-lanzarse-a-por-sus-viajes-que-les-dirias\">10. Lo dices t\u00fa mismo: \u00ablos sue\u00f1os est\u00e1n para ser cumplidos, y lo mejor de todo, es que los sue\u00f1os se cumplen\u00bb, es una idea que nos transmiti\u00f3 tambi\u00e9n <a href=\"\/blog\/en-la-entrevista-con-moonflower\/\">Carolina, de Moonflower<\/a>. La vitalidad, romper barreras infranqueables, \u00bfcrees que es algo inherente a los viajeros? Y a los que le falta valor para lanzarse a por sus viajes, \u00bfqu\u00e9 les dir\u00edas?<\/h3>\n\n\n\n<p>Yo creo que s\u00ed, la verdad. Ser viajero, para m\u00ed, m\u00e1s que haber visitado muchos pa\u00edses o haber estado m\u00e1s tiempo en ellos, es simplemente una cuesti\u00f3n de actitud.<\/p>\n\n\n\n<p>Para m\u00ed ser viajero consiste en querer siempre m\u00e1s, en cruzar la calle, en doblar la esquina, en subir a la monta\u00f1a, en abrir puertas cerradas, en sentirte amparado en el desamparo, en dejarte fluir, en ir m\u00e1s all\u00e1 de lo que te han contado&#8230; Para m\u00ed, pues, ser viajero es querer descubrir. En todas las facetas que este verbo pueda tener.<\/p>\n\n\n\n<p>Si alguien sue\u00f1a con esto, que no lo dude, su vida es la del viajero. Que d\u00e9 el paso, no puedo decir m\u00e1s que lo que mil veces ya se ha dicho. No se arrepentir\u00e1 en absoluto.<\/p>\n\n\n\n<h3 class=\"wp-block-heading\" id=\"h-11-con-tu-experiencia-crees-que-el-mundo-globalizado-acabara-poco-a-poco-con-las-tradiciones-locales-o-se-podria-seguir-el-modelo-de-butan-la-felicidad-interior-bruta\">11. Con tu experiencia, \u00bfcrees que el mundo globalizado acabar\u00e1 poco a poco con las tradiciones locales o se podr\u00eda seguir <a href=\"\/blog\/el-turismo-cultural-un-modelo-ganador\/\">el modelo de But\u00e1n, la Felicidad Interior Bruta<\/a>?<\/h3>\n\n\n\n<p>Yo creo que s\u00ed. Y ser\u00eda muy injusto decir que es una pena. Nuestro pa\u00eds ya ha cambiado, as\u00ed que por qu\u00e9 no lo pueden hacer los dem\u00e1s.<\/p>\n\n\n\n<p>Me encanta poder viajar a lugares cuyas tradiciones permanecen a la orden del d\u00eda en cualquier actividad, como But\u00e1n o Myanmar, no obstante, s\u00e9 que al ritmo que vamos, todo va a cambiar y probablemente el mundo cada vez se parecer\u00e1 m\u00e1s. \u00bfdejar\u00e1 de tener sentido viajar? Para m\u00ed no. Y es que para m\u00ed la cultura de los lugares a los que voy reside \u00fanica y exclusivamente en la gente. Y la gente, por mucho que cambie, siempre ser\u00e1 de ese lugar, ese lugar tan diferente al tuyo.<\/p>\n\n\n\n<h3 class=\"wp-block-heading\" id=\"h-12-si-te-fueras-de-turismo-rural-por-espana-que-lugar-elegirias-y-por-que\">12. Si te fueras de turismo rural por Espa\u00f1a, \u00bfqu\u00e9 lugar elegir\u00edas y por qu\u00e9?<\/h3>\n\n\n\n<p>Pues si te soy sincero, no he hecho mucho <a href=\"https:\/\/www.escapadarural.com\">turismo rural en Espa\u00f1a<\/a>, aunque seguramente optar\u00eda por <a href=\"https:\/\/www.escapadarural.com\/casas-rurales\/extremadura\">Extremadura<\/a>, ya que es la tierra de la que proviene mi familia materna y no la conozco m\u00e1s all\u00e1 de sus ciudades y pueblos. Bueno, por esto, y por que s\u00e9 que tiene maravillas escondidas.<\/p>\n\n\n\n<h3 class=\"wp-block-heading\" id=\"h-13-tintin-que-incluso-has-leido-en-el-tibet-y-un-instinto-muy-poderoso-te-han-llevado-irremediablemente-a-vivir-con-las-aventuras-de-los-viajes-imaginas-otro-tipo-de-vida-y-que-esperas-del-futuro-profesional\">13. Tint\u00edn (que incluso has le\u00eddo en el T\u00edbet), y un instinto muy poderoso, te han llevado irremediablemente a vivir con las aventuras de los viajes. \u00bfImaginas otro tipo de vida? Y \u00bfqu\u00e9 esperas del futuro profesional?<\/h3>\n\n\n\n<p>No imagino otro tipo de vida en absoluto. Yo estoy plenamente convencido de que uno vive la vida que quiere vivir, o que al menos, siempre tiene herramientas para hacer de su vida algo m\u00e1s parecido a lo que quiere. Es por ello que mi vida va a seguir siendo la del viaje, por el simple motivo de que yo lo quiero as\u00ed.<\/p>\n\n\n\n<p>En cuanto al futuro profesional&#8230; \u00a1Uf! Si algo me ha ense\u00f1ado el viajar es que hay que dejarse fluir. Hacer lo que a uno lo apetece, creer en ello, moverse, esforzarse y punto. No s\u00e9 si alg\u00fan d\u00eda podr\u00e9 ganarme la vida con lo que me gusta, pero s\u00e9 que si no es as\u00ed, es algo que nunca voy a dejar de hacer.<\/p>\n\n\n\n<h2 class=\"wp-block-heading\" id=\"h-14-ya-has-empezado-la-universidad-o-sigues-teniendo-buenos-motivos-para-no-hacerlo\">14. \u00bfYa has empezado la Universidad o sigues teniendo buenos motivos para no hacerlo? \ud83d\ude42<\/h2>\n\n\n\n<p>Como sab\u00e9is, no he empezado la Universidad. No obstante, me muero de ganas de empezar y es que mi culo inquieto no puede dejar de aprender. Adoro aprender y es por ello que cuando regrese, voy a empezar a estudiar Antropolog\u00eda Cultural y Social. \u00bfY qu\u00e9 espero con ello? Pues de momento, s\u00f3lo esto: aprender.<\/p>\n\n\n\n<h2 class=\"wp-block-heading\" id=\"h-15-preguntas-de-respuesta-rapida\">15. Preguntas de respuesta r\u00e1pida:<\/h2>\n\n\n\n<ul class=\"wp-block-list\">\n<li><strong>Tu primer destino<\/strong>: Francia.<\/li>\n\n\n\n<li><strong>\u00bfY el \u00faltimo?<\/strong> Filipinas.<\/li>\n\n\n\n<li><strong>Tu rinc\u00f3n del mundo favorito<\/strong>: Luang Prabang.<\/li>\n\n\n\n<li><strong>\u00bfY de Espa\u00f1a?<\/strong> <a href=\"https:\/\/www.escapadarural.com\/casas-rurales\/sevilla\">Sevilla<\/a>.<\/li>\n\n\n\n<li><strong>Un personaje que te haya marcado<\/strong>: Tint\u00edn.<\/li>\n\n\n\n<li><strong>Un libro de viajes<\/strong>: <em>La vuelta al mundo en 1001 d\u00edas<\/em>, de Jorge S\u00e1nchez.<\/li>\n\n\n\n<li><strong>Tu plato favorito<\/strong>: Tang Baozi.<\/li>\n<\/ul>\n\n\n\n<h2 class=\"wp-block-heading\" id=\"h-16-nos-encantaria-conocer-alguna-anecdota-que-recuerdes-especialmente\">16. Nos encantar\u00eda conocer alguna an\u00e9cdota que recuerdes especialmente&#8230;<\/h2>\n\n\n\n<p>Una de las conversaciones m\u00e1s maravillosas que he podido tener a lo largo de mis viajes, fue una con un monje residente en Luang Prabang.<\/p>\n\n\n\n<p>Hablando sobre la vida, de repente me dijo que su sue\u00f1o era conocer la primavera. Su frase me descoloc\u00f3 por completo, pero cuando me argument\u00f3 que \u00e9l no la hab\u00eda vivido nunca por el clima tropical de su pa\u00eds, le empec\u00e9 a entender. Quer\u00eda ver las flores, el verde, la temperatura fresca&#8230; Me cont\u00f3 que no sab\u00eda ni c\u00f3mo era verdaderamente, pero que su mente la hab\u00eda dibujado como algo verdaderamente maravilloso.<\/p>\n\n\n\n<p>Desde aquel entonces, le recuerdo como el monje que so\u00f1aba con la primavera y a\u00fan me emociono al recordar con que sentimiento me lo cont\u00f3.<\/p>\n\n\n\n<h3 class=\"wp-block-heading\" id=\"h-17-por-ultimo-a-que-viajero-a-eliges-para-la-proxima-entrevista\">17. Por \u00faltimo, \u00bfa qu\u00e9 viajero\/a eliges para la pr\u00f3xima entrevista?<\/h3>\n\n\n\n<p>Hay muchos viajeros que admiro y que me encantar\u00eda que entrevistarais, pero sin duda, y dada mi situaci\u00f3n actual no puedo m\u00e1s que recomendaros a <a href=\"\/blog\/trajinando-por-el-mundo-de-carmen-perez\/\">Carmen Teira<\/a>, de Trajinando por el Mundo. Ella y su aventura fueron muy decisivas en mi para tomar la decisi\u00f3n de salir a viajar durante unos meses. El descubrimiento de su blog lleg\u00f3 en un momento muy importante para mi, y ahora, que estoy viviendo lo que hace un par de a\u00f1os leyendo sus escritos so\u00f1aba, no puedo m\u00e1s que agradec\u00e9rselo de este modo tan simb\u00f3lico.<\/p>\n","protected":false},"excerpt":{"rendered":"<p>Su blog es toda una declaraci\u00f3n de intenciones: en \u00abUna Vida en Mil Viajes\u00bb, Blai Taberner, viajero jovenc\u00edsimo y apasionado, desvela todas sus impresiones sobre los destinos a los que viaja&#8230;<\/p>\n","protected":false},"author":136,"featured_media":110296,"comment_status":"open","ping_status":"closed","sticky":false,"template":"","format":"standard","meta":{"_acf_changed":false,"om_disable_all_campaigns":false,"footnotes":""},"categories":[231],"tags":[838,831,257],"class_list":["post-1746","post","type-post","status-publish","format-standard","has-post-thumbnail","hentry","category-arte-y-cultura","tag-bloggers-de-viajes","tag-entrevistas","tag-primavera"],"acf":[],"featured_image_src":"https:\/\/www.escapadarural.com\/blog\/wp-content\/uploads\/2012\/05\/Rashdoo-1.jpg","author_info":{"display_name":"Escapada Rural","author_link":"https:\/\/www.escapadarural.com\/blog\/autor\/user\/"},"yoast_head":"<!-- This site is optimized with the Yoast SEO plugin v27.5 - https:\/\/yoast.com\/product\/yoast-seo-wordpress\/ -->\n<title>Blai: Una vida en mil viajes - EscapadaRural<\/title>\n<meta name=\"robots\" content=\"index, follow, max-snippet:-1, max-image-preview:large, max-video-preview:-1\" \/>\n<link rel=\"canonical\" href=\"https:\/\/www.escapadarural.com\/blog\/blai-una-vida-en-mil-viajes\/\" \/>\n<meta property=\"og:locale\" content=\"es_ES\" \/>\n<meta property=\"og:type\" content=\"article\" \/>\n<meta property=\"og:title\" content=\"Blai: Una vida en mil viajes - EscapadaRural\" \/>\n<meta property=\"og:description\" content=\"Su blog es toda una declaraci\u00f3n de intenciones: en &quot;Una Vida en Mil Viajes&quot;, Blai Taberner, viajero jovenc\u00edsimo y apasionado, desvela todas sus impresiones sobre los destinos a los que viaja...\" \/>\n<meta property=\"og:url\" content=\"https:\/\/www.escapadarural.com\/blog\/blai-una-vida-en-mil-viajes\/\" \/>\n<meta property=\"og:site_name\" content=\"Magazine de viajes de EscapadaRural\" \/>\n<meta property=\"article:publisher\" content=\"https:\/\/www.facebook.com\/escapadarural\" \/>\n<meta property=\"article:author\" content=\"https:\/\/www.facebook.com\/escapadarural\" \/>\n<meta property=\"article:published_time\" content=\"2012-05-02T09:07:28+00:00\" \/>\n<meta property=\"article:modified_time\" content=\"2026-02-05T12:46:27+00:00\" \/>\n<meta property=\"og:image\" content=\"https:\/\/www.escapadarural.com\/blog\/wp-content\/uploads\/2012\/05\/Rashdoo-1.jpg\" \/>\n\t<meta property=\"og:image:width\" content=\"500\" \/>\n\t<meta property=\"og:image:height\" content=\"334\" \/>\n\t<meta property=\"og:image:type\" content=\"image\/jpeg\" \/>\n<meta name=\"author\" content=\"Escapada Rural\" \/>\n<meta name=\"twitter:card\" content=\"summary_large_image\" \/>\n<meta name=\"twitter:creator\" content=\"@https:\/\/x.com\/i\/flow\/login?redirect_after_login=escapadarural\" \/>\n<meta name=\"twitter:label1\" content=\"Escrito por\" \/>\n\t<meta name=\"twitter:data1\" content=\"Escapada Rural\" \/>\n\t<meta name=\"twitter:label2\" content=\"Tiempo de lectura\" \/>\n\t<meta name=\"twitter:data2\" content=\"15 minutos\" \/>\n<script type=\"application\/ld+json\" class=\"yoast-schema-graph\">{\"@context\":\"https:\\\/\\\/schema.org\",\"@graph\":[{\"@type\":\"Article\",\"@id\":\"https:\\\/\\\/www.escapadarural.com\\\/blog\\\/blai-una-vida-en-mil-viajes\\\/#article\",\"isPartOf\":{\"@id\":\"https:\\\/\\\/www.escapadarural.com\\\/blog\\\/blai-una-vida-en-mil-viajes\\\/\"},\"author\":{\"name\":\"Escapada Rural\",\"@id\":\"https:\\\/\\\/www.escapadarural.com\\\/blog\\\/#\\\/schema\\\/person\\\/d9ee55ff3e0cef41d6eac8922b4f972c\"},\"headline\":\"Blai: Una vida en mil viajes\",\"datePublished\":\"2012-05-02T09:07:28+00:00\",\"dateModified\":\"2026-02-05T12:46:27+00:00\",\"mainEntityOfPage\":{\"@id\":\"https:\\\/\\\/www.escapadarural.com\\\/blog\\\/blai-una-vida-en-mil-viajes\\\/\"},\"wordCount\":2943,\"commentCount\":0,\"publisher\":{\"@id\":\"https:\\\/\\\/www.escapadarural.com\\\/blog\\\/#organization\"},\"image\":{\"@id\":\"https:\\\/\\\/www.escapadarural.com\\\/blog\\\/blai-una-vida-en-mil-viajes\\\/#primaryimage\"},\"thumbnailUrl\":\"https:\\\/\\\/www.escapadarural.com\\\/blog\\\/wp-content\\\/uploads\\\/2012\\\/05\\\/Rashdoo-1.jpg\",\"keywords\":[\"Bloggers de Viajes\",\"Entrevistas\",\"Primavera\"],\"articleSection\":[\"Arte y Cultura\"],\"inLanguage\":\"es\",\"potentialAction\":[{\"@type\":\"CommentAction\",\"name\":\"Comment\",\"target\":[\"https:\\\/\\\/www.escapadarural.com\\\/blog\\\/blai-una-vida-en-mil-viajes\\\/#respond\"]}]},{\"@type\":\"WebPage\",\"@id\":\"https:\\\/\\\/www.escapadarural.com\\\/blog\\\/blai-una-vida-en-mil-viajes\\\/\",\"url\":\"https:\\\/\\\/www.escapadarural.com\\\/blog\\\/blai-una-vida-en-mil-viajes\\\/\",\"name\":\"Blai: Una vida en mil viajes - EscapadaRural\",\"isPartOf\":{\"@id\":\"https:\\\/\\\/www.escapadarural.com\\\/blog\\\/#website\"},\"primaryImageOfPage\":{\"@id\":\"https:\\\/\\\/www.escapadarural.com\\\/blog\\\/blai-una-vida-en-mil-viajes\\\/#primaryimage\"},\"image\":{\"@id\":\"https:\\\/\\\/www.escapadarural.com\\\/blog\\\/blai-una-vida-en-mil-viajes\\\/#primaryimage\"},\"thumbnailUrl\":\"https:\\\/\\\/www.escapadarural.com\\\/blog\\\/wp-content\\\/uploads\\\/2012\\\/05\\\/Rashdoo-1.jpg\",\"datePublished\":\"2012-05-02T09:07:28+00:00\",\"dateModified\":\"2026-02-05T12:46:27+00:00\",\"breadcrumb\":{\"@id\":\"https:\\\/\\\/www.escapadarural.com\\\/blog\\\/blai-una-vida-en-mil-viajes\\\/#breadcrumb\"},\"inLanguage\":\"es\",\"potentialAction\":[{\"@type\":\"ReadAction\",\"target\":[\"https:\\\/\\\/www.escapadarural.com\\\/blog\\\/blai-una-vida-en-mil-viajes\\\/\"]}]},{\"@type\":\"ImageObject\",\"inLanguage\":\"es\",\"@id\":\"https:\\\/\\\/www.escapadarural.com\\\/blog\\\/blai-una-vida-en-mil-viajes\\\/#primaryimage\",\"url\":\"https:\\\/\\\/www.escapadarural.com\\\/blog\\\/wp-content\\\/uploads\\\/2012\\\/05\\\/Rashdoo-1.jpg\",\"contentUrl\":\"https:\\\/\\\/www.escapadarural.com\\\/blog\\\/wp-content\\\/uploads\\\/2012\\\/05\\\/Rashdoo-1.jpg\",\"width\":500,\"height\":334,\"caption\":\"Una persona salta alegremente con los brazos y las piernas extendidos en una playa de arena, rodeada de agua turquesa y bajo un cielo nublado.\"},{\"@type\":\"BreadcrumbList\",\"@id\":\"https:\\\/\\\/www.escapadarural.com\\\/blog\\\/blai-una-vida-en-mil-viajes\\\/#breadcrumb\",\"itemListElement\":[{\"@type\":\"ListItem\",\"position\":1,\"name\":\"Inicio\",\"item\":\"https:\\\/\\\/www.escapadarural.com\\\/blog\\\/\"},{\"@type\":\"ListItem\",\"position\":2,\"name\":\"Arte y Cultura\",\"item\":\"https:\\\/\\\/www.escapadarural.com\\\/blog\\\/categoria\\\/arte-y-cultura\\\/\"},{\"@type\":\"ListItem\",\"position\":3,\"name\":\"Blai: Una vida en mil viajes\"}]},{\"@type\":\"WebSite\",\"@id\":\"https:\\\/\\\/www.escapadarural.com\\\/blog\\\/#website\",\"url\":\"https:\\\/\\\/www.escapadarural.com\\\/blog\\\/\",\"name\":\"Blog de viajes | turismo rural, alojamientos e inspiraci\u00f3n\",\"description\":\"Alojamientos rurales e inspiraci\u00f3n para tus escapadas\",\"publisher\":{\"@id\":\"https:\\\/\\\/www.escapadarural.com\\\/blog\\\/#organization\"},\"alternateName\":\"Magazine de viajes de EscapadaRural\",\"potentialAction\":[{\"@type\":\"SearchAction\",\"target\":{\"@type\":\"EntryPoint\",\"urlTemplate\":\"https:\\\/\\\/www.escapadarural.com\\\/blog\\\/?s={search_term_string}\"},\"query-input\":{\"@type\":\"PropertyValueSpecification\",\"valueRequired\":true,\"valueName\":\"search_term_string\"}}],\"inLanguage\":\"es\"},{\"@type\":\"Organization\",\"@id\":\"https:\\\/\\\/www.escapadarural.com\\\/blog\\\/#organization\",\"name\":\"EscapadaRural\",\"url\":\"https:\\\/\\\/www.escapadarural.com\\\/blog\\\/\",\"logo\":{\"@type\":\"ImageObject\",\"inLanguage\":\"es\",\"@id\":\"https:\\\/\\\/www.escapadarural.com\\\/blog\\\/#\\\/schema\\\/logo\\\/image\\\/\",\"url\":\"https:\\\/\\\/www.escapadarural.com\\\/blog\\\/wp-content\\\/uploads\\\/2024\\\/10\\\/cropped-cropped-escapada-rural-icon-mag-3.png\",\"contentUrl\":\"https:\\\/\\\/www.escapadarural.com\\\/blog\\\/wp-content\\\/uploads\\\/2024\\\/10\\\/cropped-cropped-escapada-rural-icon-mag-3.png\",\"width\":512,\"height\":512,\"caption\":\"EscapadaRural\"},\"image\":{\"@id\":\"https:\\\/\\\/www.escapadarural.com\\\/blog\\\/#\\\/schema\\\/logo\\\/image\\\/\"},\"sameAs\":[\"https:\\\/\\\/www.facebook.com\\\/escapadarural\",\"https:\\\/\\\/www.instagram.com\\\/escapadarural\\\/\",\"https:\\\/\\\/www.youtube.com\\\/@escapadaruralcom\"]},{\"@type\":\"Person\",\"@id\":\"https:\\\/\\\/www.escapadarural.com\\\/blog\\\/#\\\/schema\\\/person\\\/d9ee55ff3e0cef41d6eac8922b4f972c\",\"name\":\"Escapada Rural\",\"image\":{\"@type\":\"ImageObject\",\"inLanguage\":\"es\",\"@id\":\"https:\\\/\\\/www.escapadarural.com\\\/blog\\\/wp-content\\\/uploads\\\/2024\\\/10\\\/cropped-cropped-escapada-rural-icon-mag-3-96x96.png\",\"url\":\"https:\\\/\\\/www.escapadarural.com\\\/blog\\\/wp-content\\\/uploads\\\/2024\\\/10\\\/cropped-cropped-escapada-rural-icon-mag-3-96x96.png\",\"contentUrl\":\"https:\\\/\\\/www.escapadarural.com\\\/blog\\\/wp-content\\\/uploads\\\/2024\\\/10\\\/cropped-cropped-escapada-rural-icon-mag-3-96x96.png\",\"caption\":\"Escapada Rural\"},\"sameAs\":[\"https:\\\/\\\/www.facebook.com\\\/escapadarural\",\"https:\\\/\\\/www.linkedin.com\\\/company\\\/escapada-rural\\\/?originalSubdomain=es\",\"https:\\\/\\\/x.com\\\/https:\\\/\\\/x.com\\\/i\\\/flow\\\/login?redirect_after_login=escapadarural\"],\"url\":\"https:\\\/\\\/www.escapadarural.com\\\/blog\\\/autor\\\/user\\\/\"}]}<\/script>\n<!-- \/ Yoast SEO plugin. -->","yoast_head_json":{"title":"Blai: Una vida en mil viajes - EscapadaRural","robots":{"index":"index","follow":"follow","max-snippet":"max-snippet:-1","max-image-preview":"max-image-preview:large","max-video-preview":"max-video-preview:-1"},"canonical":"https:\/\/www.escapadarural.com\/blog\/blai-una-vida-en-mil-viajes\/","og_locale":"es_ES","og_type":"article","og_title":"Blai: Una vida en mil viajes - EscapadaRural","og_description":"Su blog es toda una declaraci\u00f3n de intenciones: en \"Una Vida en Mil Viajes\", Blai Taberner, viajero jovenc\u00edsimo y apasionado, desvela todas sus impresiones sobre los destinos a los que viaja...","og_url":"https:\/\/www.escapadarural.com\/blog\/blai-una-vida-en-mil-viajes\/","og_site_name":"Magazine de viajes de EscapadaRural","article_publisher":"https:\/\/www.facebook.com\/escapadarural","article_author":"https:\/\/www.facebook.com\/escapadarural","article_published_time":"2012-05-02T09:07:28+00:00","article_modified_time":"2026-02-05T12:46:27+00:00","og_image":[{"width":500,"height":334,"url":"https:\/\/www.escapadarural.com\/blog\/wp-content\/uploads\/2012\/05\/Rashdoo-1.jpg","type":"image\/jpeg"}],"author":"Escapada Rural","twitter_card":"summary_large_image","twitter_creator":"@https:\/\/x.com\/i\/flow\/login?redirect_after_login=escapadarural","twitter_misc":{"Escrito por":"Escapada Rural","Tiempo de lectura":"15 minutos"},"schema":{"@context":"https:\/\/schema.org","@graph":[{"@type":"Article","@id":"https:\/\/www.escapadarural.com\/blog\/blai-una-vida-en-mil-viajes\/#article","isPartOf":{"@id":"https:\/\/www.escapadarural.com\/blog\/blai-una-vida-en-mil-viajes\/"},"author":{"name":"Escapada Rural","@id":"https:\/\/www.escapadarural.com\/blog\/#\/schema\/person\/d9ee55ff3e0cef41d6eac8922b4f972c"},"headline":"Blai: Una vida en mil viajes","datePublished":"2012-05-02T09:07:28+00:00","dateModified":"2026-02-05T12:46:27+00:00","mainEntityOfPage":{"@id":"https:\/\/www.escapadarural.com\/blog\/blai-una-vida-en-mil-viajes\/"},"wordCount":2943,"commentCount":0,"publisher":{"@id":"https:\/\/www.escapadarural.com\/blog\/#organization"},"image":{"@id":"https:\/\/www.escapadarural.com\/blog\/blai-una-vida-en-mil-viajes\/#primaryimage"},"thumbnailUrl":"https:\/\/www.escapadarural.com\/blog\/wp-content\/uploads\/2012\/05\/Rashdoo-1.jpg","keywords":["Bloggers de Viajes","Entrevistas","Primavera"],"articleSection":["Arte y Cultura"],"inLanguage":"es","potentialAction":[{"@type":"CommentAction","name":"Comment","target":["https:\/\/www.escapadarural.com\/blog\/blai-una-vida-en-mil-viajes\/#respond"]}]},{"@type":"WebPage","@id":"https:\/\/www.escapadarural.com\/blog\/blai-una-vida-en-mil-viajes\/","url":"https:\/\/www.escapadarural.com\/blog\/blai-una-vida-en-mil-viajes\/","name":"Blai: Una vida en mil viajes - EscapadaRural","isPartOf":{"@id":"https:\/\/www.escapadarural.com\/blog\/#website"},"primaryImageOfPage":{"@id":"https:\/\/www.escapadarural.com\/blog\/blai-una-vida-en-mil-viajes\/#primaryimage"},"image":{"@id":"https:\/\/www.escapadarural.com\/blog\/blai-una-vida-en-mil-viajes\/#primaryimage"},"thumbnailUrl":"https:\/\/www.escapadarural.com\/blog\/wp-content\/uploads\/2012\/05\/Rashdoo-1.jpg","datePublished":"2012-05-02T09:07:28+00:00","dateModified":"2026-02-05T12:46:27+00:00","breadcrumb":{"@id":"https:\/\/www.escapadarural.com\/blog\/blai-una-vida-en-mil-viajes\/#breadcrumb"},"inLanguage":"es","potentialAction":[{"@type":"ReadAction","target":["https:\/\/www.escapadarural.com\/blog\/blai-una-vida-en-mil-viajes\/"]}]},{"@type":"ImageObject","inLanguage":"es","@id":"https:\/\/www.escapadarural.com\/blog\/blai-una-vida-en-mil-viajes\/#primaryimage","url":"https:\/\/www.escapadarural.com\/blog\/wp-content\/uploads\/2012\/05\/Rashdoo-1.jpg","contentUrl":"https:\/\/www.escapadarural.com\/blog\/wp-content\/uploads\/2012\/05\/Rashdoo-1.jpg","width":500,"height":334,"caption":"Una persona salta alegremente con los brazos y las piernas extendidos en una playa de arena, rodeada de agua turquesa y bajo un cielo nublado."},{"@type":"BreadcrumbList","@id":"https:\/\/www.escapadarural.com\/blog\/blai-una-vida-en-mil-viajes\/#breadcrumb","itemListElement":[{"@type":"ListItem","position":1,"name":"Inicio","item":"https:\/\/www.escapadarural.com\/blog\/"},{"@type":"ListItem","position":2,"name":"Arte y Cultura","item":"https:\/\/www.escapadarural.com\/blog\/categoria\/arte-y-cultura\/"},{"@type":"ListItem","position":3,"name":"Blai: Una vida en mil viajes"}]},{"@type":"WebSite","@id":"https:\/\/www.escapadarural.com\/blog\/#website","url":"https:\/\/www.escapadarural.com\/blog\/","name":"Blog de viajes | turismo rural, alojamientos e inspiraci\u00f3n","description":"Alojamientos rurales e inspiraci\u00f3n para tus escapadas","publisher":{"@id":"https:\/\/www.escapadarural.com\/blog\/#organization"},"alternateName":"Magazine de viajes de EscapadaRural","potentialAction":[{"@type":"SearchAction","target":{"@type":"EntryPoint","urlTemplate":"https:\/\/www.escapadarural.com\/blog\/?s={search_term_string}"},"query-input":{"@type":"PropertyValueSpecification","valueRequired":true,"valueName":"search_term_string"}}],"inLanguage":"es"},{"@type":"Organization","@id":"https:\/\/www.escapadarural.com\/blog\/#organization","name":"EscapadaRural","url":"https:\/\/www.escapadarural.com\/blog\/","logo":{"@type":"ImageObject","inLanguage":"es","@id":"https:\/\/www.escapadarural.com\/blog\/#\/schema\/logo\/image\/","url":"https:\/\/www.escapadarural.com\/blog\/wp-content\/uploads\/2024\/10\/cropped-cropped-escapada-rural-icon-mag-3.png","contentUrl":"https:\/\/www.escapadarural.com\/blog\/wp-content\/uploads\/2024\/10\/cropped-cropped-escapada-rural-icon-mag-3.png","width":512,"height":512,"caption":"EscapadaRural"},"image":{"@id":"https:\/\/www.escapadarural.com\/blog\/#\/schema\/logo\/image\/"},"sameAs":["https:\/\/www.facebook.com\/escapadarural","https:\/\/www.instagram.com\/escapadarural\/","https:\/\/www.youtube.com\/@escapadaruralcom"]},{"@type":"Person","@id":"https:\/\/www.escapadarural.com\/blog\/#\/schema\/person\/d9ee55ff3e0cef41d6eac8922b4f972c","name":"Escapada Rural","image":{"@type":"ImageObject","inLanguage":"es","@id":"https:\/\/www.escapadarural.com\/blog\/wp-content\/uploads\/2024\/10\/cropped-cropped-escapada-rural-icon-mag-3-96x96.png","url":"https:\/\/www.escapadarural.com\/blog\/wp-content\/uploads\/2024\/10\/cropped-cropped-escapada-rural-icon-mag-3-96x96.png","contentUrl":"https:\/\/www.escapadarural.com\/blog\/wp-content\/uploads\/2024\/10\/cropped-cropped-escapada-rural-icon-mag-3-96x96.png","caption":"Escapada Rural"},"sameAs":["https:\/\/www.facebook.com\/escapadarural","https:\/\/www.linkedin.com\/company\/escapada-rural\/?originalSubdomain=es","https:\/\/x.com\/https:\/\/x.com\/i\/flow\/login?redirect_after_login=escapadarural"],"url":"https:\/\/www.escapadarural.com\/blog\/autor\/user\/"}]}},"_links":{"self":[{"href":"https:\/\/www.escapadarural.com\/blog\/wp-json\/wp\/v2\/posts\/1746","targetHints":{"allow":["GET"]}}],"collection":[{"href":"https:\/\/www.escapadarural.com\/blog\/wp-json\/wp\/v2\/posts"}],"about":[{"href":"https:\/\/www.escapadarural.com\/blog\/wp-json\/wp\/v2\/types\/post"}],"author":[{"embeddable":true,"href":"https:\/\/www.escapadarural.com\/blog\/wp-json\/wp\/v2\/users\/136"}],"replies":[{"embeddable":true,"href":"https:\/\/www.escapadarural.com\/blog\/wp-json\/wp\/v2\/comments?post=1746"}],"version-history":[{"count":0,"href":"https:\/\/www.escapadarural.com\/blog\/wp-json\/wp\/v2\/posts\/1746\/revisions"}],"wp:featuredmedia":[{"embeddable":true,"href":"https:\/\/www.escapadarural.com\/blog\/wp-json\/wp\/v2\/media\/110296"}],"wp:attachment":[{"href":"https:\/\/www.escapadarural.com\/blog\/wp-json\/wp\/v2\/media?parent=1746"}],"wp:term":[{"taxonomy":"category","embeddable":true,"href":"https:\/\/www.escapadarural.com\/blog\/wp-json\/wp\/v2\/categories?post=1746"},{"taxonomy":"post_tag","embeddable":true,"href":"https:\/\/www.escapadarural.com\/blog\/wp-json\/wp\/v2\/tags?post=1746"}],"curies":[{"name":"wp","href":"https:\/\/api.w.org\/{rel}","templated":true}]}}