{"id":183561,"date":"2024-11-22T14:15:41","date_gmt":"2024-11-22T12:15:41","guid":{"rendered":"https:\/\/www.escapadarural.com\/blog\/?p=183561"},"modified":"2025-01-28T06:30:13","modified_gmt":"2025-01-28T04:30:13","slug":"turruncun-el-pueblo-bautizado-por-una-piedra","status":"publish","type":"post","link":"https:\/\/www.escapadarural.com\/blog\/turruncun-el-pueblo-bautizado-por-una-piedra\/","title":{"rendered":"Turrunc\u00fan, el pueblo bautizado por una piedra"},"content":{"rendered":"<div id=\"attachment_183646\" style=\"width: 1034px\" class=\"wp-caption alignnone\"><img loading=\"lazy\" decoding=\"async\" aria-describedby=\"caption-attachment-183646\" class=\"size-full wp-image-183646\" src=\"https:\/\/www.escapadarural.com\/blog\/wp-content\/uploads\/2024\/11\/1280px-01-turruncun-2009_WP_01-1.webp\" alt=\"TURRUNC\u00daN. La aldea despoblada con la pe\u00f1a Isasa al fondo. Por Pigmentoazul\" width=\"1024\" height=\"769\" srcset=\"https:\/\/www.escapadarural.com\/blog\/wp-content\/uploads\/2024\/11\/1280px-01-turruncun-2009_WP_01-1-200x150.webp 200w, https:\/\/www.escapadarural.com\/blog\/wp-content\/uploads\/2024\/11\/1280px-01-turruncun-2009_WP_01-1-300x225.webp 300w, https:\/\/www.escapadarural.com\/blog\/wp-content\/uploads\/2024\/11\/1280px-01-turruncun-2009_WP_01-1-400x300.webp 400w, https:\/\/www.escapadarural.com\/blog\/wp-content\/uploads\/2024\/11\/1280px-01-turruncun-2009_WP_01-1-600x451.webp 600w, https:\/\/www.escapadarural.com\/blog\/wp-content\/uploads\/2024\/11\/1280px-01-turruncun-2009_WP_01-1-768x577.webp 768w, https:\/\/www.escapadarural.com\/blog\/wp-content\/uploads\/2024\/11\/1280px-01-turruncun-2009_WP_01-1-800x601.webp 800w, https:\/\/www.escapadarural.com\/blog\/wp-content\/uploads\/2024\/11\/1280px-01-turruncun-2009_WP_01-1.webp 1024w\" sizes=\"auto, (max-width: 1024px) 100vw, 1024px\" \/><p id=\"caption-attachment-183646\" class=\"wp-caption-text\">TURRUNC\u00daN. La aldea despoblada con la pe\u00f1a Isasa al fondo. Por Pigmentoazul<\/p><\/div>\n\n\n<p>No puedo evitar que me venga a la cabeza uno de los m\u00e1s populares villancicos navide\u00f1os, cada vez que escucho la palabra Turrunc\u00fan. Aunque, pens\u00e1ndolo bien, tambi\u00e9n podr\u00eda ser el nombre de alg\u00fan dulce t\u00edpico o, quiz\u00e1s, del protagonista de un c\u00f3mic o leyenda. Pero no, <strong>el curioso t\u00e9rmino da nombre a uno de los <a href=\"https:\/\/www.escapadarural.com\/blog\/pueblos-abandonados-en-espana\/\">pueblos abandonados<\/a> m\u00e1s bellos de Espa\u00f1a<\/strong> o, por lo menos, al que fue bautizado de la forma m\u00e1s extra\u00f1a. No te lo vas a creer, pero<strong> Turrunc\u00fan (La Rioja), un pueblo de origen medieval que debe su nombre a una piedra<\/strong>. \u00bfNos acompa\u00f1as?<\/p>\n\n\n\n<div class=\"wp-block-buttons is-layout-flex wp-block-buttons-is-layout-flex\">\n<div class=\"wp-block-button\"><a class=\"wp-block-button__link wp-element-button\" href=\"\/casas-rurales\/la-rioja\">Alojamientos rurales en La Rioja<\/a><\/div>\n<\/div>\n\n\n\n<h2 class=\"wp-block-heading\">Todo empez\u00f3 en la pe\u00f1a de Isasa<\/h2>\r\n<div id=\"attachment_183645\" style=\"width: 1034px\" class=\"wp-caption alignnone\"><img loading=\"lazy\" decoding=\"async\" aria-describedby=\"caption-attachment-183645\" class=\"size-full wp-image-183645\" src=\"https:\/\/www.escapadarural.com\/blog\/wp-content\/uploads\/2024\/11\/pena_isasa_desde_turruncun_WP_05.webp\" alt=\"Pe\u00f1a Isasa, desde Turrunc\u00fan (La Rioja). Por Miguel \u00c1ngel Garc\u00eda\" width=\"1024\" height=\"513\" srcset=\"https:\/\/www.escapadarural.com\/blog\/wp-content\/uploads\/2024\/11\/pena_isasa_desde_turruncun_WP_05-200x100.webp 200w, https:\/\/www.escapadarural.com\/blog\/wp-content\/uploads\/2024\/11\/pena_isasa_desde_turruncun_WP_05-300x150.webp 300w, https:\/\/www.escapadarural.com\/blog\/wp-content\/uploads\/2024\/11\/pena_isasa_desde_turruncun_WP_05-400x200.webp 400w, https:\/\/www.escapadarural.com\/blog\/wp-content\/uploads\/2024\/11\/pena_isasa_desde_turruncun_WP_05-600x301.webp 600w, https:\/\/www.escapadarural.com\/blog\/wp-content\/uploads\/2024\/11\/pena_isasa_desde_turruncun_WP_05-768x385.webp 768w, https:\/\/www.escapadarural.com\/blog\/wp-content\/uploads\/2024\/11\/pena_isasa_desde_turruncun_WP_05-800x401.webp 800w, https:\/\/www.escapadarural.com\/blog\/wp-content\/uploads\/2024\/11\/pena_isasa_desde_turruncun_WP_05.webp 1024w\" sizes=\"auto, (max-width: 1024px) 100vw, 1024px\" \/><p id=\"caption-attachment-183645\" class=\"wp-caption-text\">Pe\u00f1a Isasa, desde Turrunc\u00fan (La Rioja). Por Miguel \u00c1ngel Garc\u00eda<\/p><\/div>\n\n\n\n<p>Cuenta la leyenda que los primeros pobladores de Turrunc\u00fan, <strong>asentado a los pies de la pe\u00f1a Isasa, en la sierra de Alcarama<\/strong>, no sab\u00edan c\u00f3mo llamar al lugar. Tras la falta de consenso, a alguien se le ocurri\u00f3 una brillante idea:<strong>&nbsp;lanzar una piedra ladera abajo y que el sonido de esta al caer decidiese el top\u00f3nimo<\/strong>.<\/p>\n\n\n\n<p>\u00abTurr\u00fan-turr\u00fan\u00bb, \u00abc\u00fan-c\u00fan\u00bb. As\u00ed lo explica la autora Marta Santos en <em>La piel<\/em>, una novela hist\u00f3rica que cuenta las haza\u00f1as de cinco personas que quedan incomunicadas en la aldea deshabitada.<\/p>\n\n\n\n<h2 class=\"wp-block-heading\">Epicentro de un terremoto<\/h2>\r\n<div id=\"attachment_183644\" style=\"width: 1034px\" class=\"wp-caption alignnone\"><img loading=\"lazy\" decoding=\"async\" aria-describedby=\"caption-attachment-183644\" class=\"size-full wp-image-183644\" src=\"https:\/\/www.escapadarural.com\/blog\/wp-content\/uploads\/2024\/11\/1280px-06-turruncun-2005_WP_04.webp\" alt=\"Ruinas de la iglesia parroquial de Turrunc\u00fan (La Rioja). Por Pigmentoazul\" width=\"1024\" height=\"768\" srcset=\"https:\/\/www.escapadarural.com\/blog\/wp-content\/uploads\/2024\/11\/1280px-06-turruncun-2005_WP_04-200x150.webp 200w, https:\/\/www.escapadarural.com\/blog\/wp-content\/uploads\/2024\/11\/1280px-06-turruncun-2005_WP_04-300x225.webp 300w, https:\/\/www.escapadarural.com\/blog\/wp-content\/uploads\/2024\/11\/1280px-06-turruncun-2005_WP_04-400x300.webp 400w, https:\/\/www.escapadarural.com\/blog\/wp-content\/uploads\/2024\/11\/1280px-06-turruncun-2005_WP_04-600x450.webp 600w, https:\/\/www.escapadarural.com\/blog\/wp-content\/uploads\/2024\/11\/1280px-06-turruncun-2005_WP_04-768x576.webp 768w, https:\/\/www.escapadarural.com\/blog\/wp-content\/uploads\/2024\/11\/1280px-06-turruncun-2005_WP_04-800x600.webp 800w, https:\/\/www.escapadarural.com\/blog\/wp-content\/uploads\/2024\/11\/1280px-06-turruncun-2005_WP_04.webp 1024w\" sizes=\"auto, (max-width: 1024px) 100vw, 1024px\" \/><p id=\"caption-attachment-183644\" class=\"wp-caption-text\">Ruinas de la iglesia parroquial de Turrunc\u00fan (La Rioja). Por Pigmentoazul<\/p><\/div>\n\n\n\n<p>Hace 95 a\u00f1os que Turrunc\u00fan se convert\u00eda en el epicentro de uno de los terremotos m\u00e1s fuertes que han asolado La Rioja y que se dej\u00f3 sentir hasta Burgos, Pamplona, Zaragoza y Bilbao.<\/p>\n\n\n\n<p>De acuerdo a los datos que ofreci\u00f3 la prensa local de Arnedo, \u00abel terremoto afect\u00f3 sobre todo al \u00e1rea comprendida entre Turrunc\u00fan, Muro de Aguas, Pr\u00e9jano, <a href=\"\/casas-rurales\/arnedillo\">Arnedillo <\/a>y Arnedo, zona en la que se produjo la ca\u00edda de muchos edificios y da\u00f1os estructurales que todav\u00eda son visibles, como en la Iglesia de Turrunc\u00fan\u00bb.<\/p>\n\n\n\n<p>Alfonso Rey Pastor, del Servicio Sismol\u00f3gico del Instituto Geogr\u00e1fico Catastral, elabor\u00f3 un&nbsp;<a href=\"https:\/\/www.ign.es\/web\/resources\/sismologia\/publicaciones\/RiojaBaja-1929IGN.pdf\" target=\"_blank\" rel=\"noreferrer noopener nofollow\">estudio <\/a>de localizaci\u00f3n del epicentro y de isosistas&nbsp;(forma de representar gr\u00e1ficamente los niveles de intensidad de un sismo).<\/p>\n\n\n\n<h2 class=\"wp-block-heading\">Turrunc\u00fan, despoblado pero no olvidado<\/h2>\r\n<div id=\"attachment_183675\" style=\"width: 1034px\" class=\"wp-caption alignnone\"><img loading=\"lazy\" decoding=\"async\" aria-describedby=\"caption-attachment-183675\" class=\"size-full wp-image-183675\" src=\"https:\/\/www.escapadarural.com\/blog\/wp-content\/uploads\/2024\/11\/adobestock_392921130_WP_01.webp\" alt=\"Turrunc\u00fan (La Rioja). Por Tolo\" width=\"1024\" height=\"683\" \/><p id=\"caption-attachment-183675\" class=\"wp-caption-text\">Turrunc\u00fan (La Rioja). Por Tolo<\/p><\/div>\n\n\n\n<p>Turrunc\u00fan, que qued\u00f3 incorporado al municipio riojano de Arnedo, es una de las v\u00edctimas de la despoblaci\u00f3n. Su \u00faltimo habitante hizo la maleta en diciembre de 1974 y, desde entonces, el lugar es una estampa de ruinas inertes y carentes de vida humana y uno de los paisajes m\u00e1s emblem\u00e1ticos y singulares de La Rioja.<\/p>\n\n\n\n<p>Si hay algo que no se puede poner en duda es que un pueblo vive mientras alguien guarde su memoria y, en este caso, Turrunc\u00fan no tiene de qu\u00e9 preocuparse. EscapadaRural ha hablado con un portavoz de la <strong>parroquia de Arnedo, organizadora<\/strong>, <strong>desde 2022, de una romer\u00eda anual hasta la aldea de Turrunc\u00fan. La \u00faltima, el pasado mes de julio, conmemor\u00f3 el 50 aniversario del despoblamiento de la zona. <\/strong><\/p>\n\n\n\n<p>El principal objetivo de la organizaci\u00f3n de esta experiencia anual es el de preservar el patrimonio de Turrunc\u00fan, pasto del vandalismo desde hace a\u00f1os. \u00abOjal\u00e1 lo consigamos\u00bb, exclaman desde la parroquia de Arnedo. \u00abEstamos deseando de que se divulgue la historia de este pueblo y su nombre\u00bb.<\/p>\n\n\n\n<h2 class=\"wp-block-heading\">Protagonista de diversas obras culturales<\/h2>\r\n<div id=\"attachment_183642\" style=\"width: 1034px\" class=\"wp-caption alignnone\"><img loading=\"lazy\" decoding=\"async\" aria-describedby=\"caption-attachment-183642\" class=\"size-full wp-image-183642\" src=\"https:\/\/www.escapadarural.com\/blog\/wp-content\/uploads\/2024\/11\/464029848_565102285892038_3449208419103163008_n_WP_01.webp\" alt=\"\u00abMemorias al \u00f3leo\u00bb, pintura de Turrunc\u00fan durante la jornada del D\u00eda Internacional del Paisaje el pasado 20 de octubre. Foto parroquia de Arnedo\" width=\"1024\" height=\"461\" \/><p id=\"caption-attachment-183642\" class=\"wp-caption-text\">\u00abMemorias al \u00f3leo\u00bb, pintura de Turrunc\u00fan durante la jornada del D\u00eda Internacional del Paisaje el pasado 20 de octubre. Foto parroquia de Arnedo<\/p><\/div>\n\n\n\n<p>Y por iniciativas no ser\u00e1. Antes hemos hablado de la obra <em>La piel<\/em>, de Marta Santos, pero esta bella aldea deshabitada puede presumir de ser tambi\u00e9n la protagonista de<strong> <em>Turrunc\u00fan, el rescoldo entre las cenizas<\/em><\/strong>. <strong>Esta obra, del escritor y estudioso del devenir de este pueblo, Jos\u00e9 \u00c1ngel Lalinde<\/strong>, fue encargada por la parroquia de Arnedo y <strong>ofrece al lector todo tipo de informaci\u00f3n y documentos oficiales<\/strong>.<\/p>\n\n\n\n<p><p>Lalinde habla sobre las minas que un d\u00eda fueron el motor econ\u00f3mico del lugar, el terremoto que lo destruy\u00f3 en 1817 y la compra del pueblo por parte de Icona, hasta su <strong>despoblamiento total a finales de 1974<\/strong>. Adem\u00e1s, esta obra no solo contribuye a dar a conocer este pueblo abandonado, sino que sus beneficios ayudan mejorar la vida de muchos ni\u00f1os en barrios perif\u00e9ricos de Montevideo. &nbsp;<\/p>\n<div id=\"attachment_183672\" style=\"width: 1034px\" class=\"wp-caption alignnone\"><img loading=\"lazy\" decoding=\"async\" aria-describedby=\"caption-attachment-183672\" class=\"size-full wp-image-183672\" src=\"https:\/\/www.escapadarural.com\/blog\/wp-content\/uploads\/2022\/10\/453035500_510172568051677_6132893139720568644_n_WP_01.webp\" alt=\"Escuela en un barrio de la periferia de Montevideo (Uruguay). Foto de la parroquia de Arnedo (La Rioja).\" width=\"1024\" height=\"577\" srcset=\"https:\/\/www.escapadarural.com\/blog\/wp-content\/uploads\/2022\/10\/453035500_510172568051677_6132893139720568644_n_WP_01-200x113.webp 200w, https:\/\/www.escapadarural.com\/blog\/wp-content\/uploads\/2022\/10\/453035500_510172568051677_6132893139720568644_n_WP_01-300x169.webp 300w, https:\/\/www.escapadarural.com\/blog\/wp-content\/uploads\/2022\/10\/453035500_510172568051677_6132893139720568644_n_WP_01-400x225.webp 400w, https:\/\/www.escapadarural.com\/blog\/wp-content\/uploads\/2022\/10\/453035500_510172568051677_6132893139720568644_n_WP_01-600x338.webp 600w, https:\/\/www.escapadarural.com\/blog\/wp-content\/uploads\/2022\/10\/453035500_510172568051677_6132893139720568644_n_WP_01-768x433.webp 768w, https:\/\/www.escapadarural.com\/blog\/wp-content\/uploads\/2022\/10\/453035500_510172568051677_6132893139720568644_n_WP_01-800x451.webp 800w, https:\/\/www.escapadarural.com\/blog\/wp-content\/uploads\/2022\/10\/453035500_510172568051677_6132893139720568644_n_WP_01.webp 1024w\" sizes=\"auto, (max-width: 1024px) 100vw, 1024px\" \/><p id=\"caption-attachment-183672\" class=\"wp-caption-text\">Escuela en un barrio de la periferia de Montevideo (Uruguay). Foto de la parroquia de Arnedo (La Rioja).<\/p><\/div><\/p>\n\n\n\n<p>Desde la parroquia de Arnedo nos cuentan que el misionero Santiago Fern\u00e1ndez, de la parroquia de la Sant\u00edsima Trinidad de Montevideo y descendiente de este pueblo abandonado, trabaja sobre el terreno en estos barrios uruguayos. \u00ab\u00c9l naci\u00f3 en Alfaro, pero su abuela paterna era de Turrunc\u00fan\u00bb, explican orgullosos a EscapadaRural.<\/p>\n\n\n\n<p>Pero, adem\u00e1s de esta obra, <strong>este pueblo abandonado (que no olvidado) ha cautivado la atenci\u00f3n del pincel de los artistas Zaza Papidze y Eugenia Sergeeva<\/strong>.<\/p>\n\n\n\n<p><p>Ambos realizaron una interpretaci\u00f3n pict\u00f3rica del entorno e inmortalizaron la estampa de Turrunc\u00fan el pasado 20 de octubre. Lo hicieron en el marco de <strong>&#8216;Memorias al \u00f3leo&#8217;, un evento art\u00edstico y cultural organizado por la Direcci\u00f3n General de Medio Natural y Paisaje del Gobierno de La Rioja<\/strong>, con motivo del D\u00eda Internacional del Paisaje.<\/p>\n<div id=\"attachment_183671\" style=\"width: 1034px\" class=\"wp-caption alignnone\"><img loading=\"lazy\" decoding=\"async\" aria-describedby=\"caption-attachment-183671\" class=\"size-full wp-image-183671\" src=\"https:\/\/www.escapadarural.com\/blog\/wp-content\/uploads\/2022\/10\/464205697_565102269225373_5804028751890859025_n_WP_02.webp\" alt=\"Pintura de Turrunc\u00fan. Foto de la parroquia de Arnedo (La Rioja).\" width=\"1024\" height=\"461\" srcset=\"https:\/\/www.escapadarural.com\/blog\/wp-content\/uploads\/2022\/10\/464205697_565102269225373_5804028751890859025_n_WP_02-200x90.webp 200w, https:\/\/www.escapadarural.com\/blog\/wp-content\/uploads\/2022\/10\/464205697_565102269225373_5804028751890859025_n_WP_02-300x135.webp 300w, https:\/\/www.escapadarural.com\/blog\/wp-content\/uploads\/2022\/10\/464205697_565102269225373_5804028751890859025_n_WP_02-400x180.webp 400w, https:\/\/www.escapadarural.com\/blog\/wp-content\/uploads\/2022\/10\/464205697_565102269225373_5804028751890859025_n_WP_02-600x270.webp 600w, https:\/\/www.escapadarural.com\/blog\/wp-content\/uploads\/2022\/10\/464205697_565102269225373_5804028751890859025_n_WP_02-768x346.webp 768w, https:\/\/www.escapadarural.com\/blog\/wp-content\/uploads\/2022\/10\/464205697_565102269225373_5804028751890859025_n_WP_02-800x360.webp 800w, https:\/\/www.escapadarural.com\/blog\/wp-content\/uploads\/2022\/10\/464205697_565102269225373_5804028751890859025_n_WP_02.webp 1024w\" sizes=\"auto, (max-width: 1024px) 100vw, 1024px\" \/><p id=\"caption-attachment-183671\" class=\"wp-caption-text\">Pintura de Turrunc\u00fan. Foto de la parroquia de Arnedo (La Rioja).<\/p><\/div><\/p>\n\n\n\n<p>Esta jornada forma parte del programa de actividades gratuitas \u00ab<a href=\"https:\/\/pasea.larioja.org\/que-es\/quienes-somos\" target=\"_blank\" rel=\"noreferrer noopener nofollow\">Pasea La Rioja<\/a>\u00ab, cuyo objetivo es poner en valor el patrimonio de la regi\u00f3n y fomentar su conocimiento a trav\u00e9s de <strong>experiencias guiadas pensadas para todos los p\u00fablicos<\/strong>. En la actualidad, Turrunc\u00fan es un enclave marcado por la despoblaci\u00f3n, donde las zarzas y matorrales se confunden con las piedras que un d\u00eda albergaron vida. Pero quien sabe si con actividades como esta el <strong>futuro de Turrunc\u00fan<\/strong> puede cambiar.<\/p>\n\n\n\n<p>Desde la parroquia de Arnedo te animan a descubrir este bello pueblo abandonado, cuya visita es totalmente segura, ya que \u00absolo queda con techo una parte de la iglesia\u00bb y se ofrecen a organizar la misma si contactas con ellos. \u00bfQu\u00e9 te parece la propuesta?<\/p>\n","protected":false},"excerpt":{"rendered":"<p>No te lo vas a creer, pero Turrunc\u00fan (La Rioja), un pueblo de origen medieval que debe su nombre a una piedra. \u00bfNos acompa\u00f1as?<\/p>\n","protected":false},"author":156,"featured_media":183646,"comment_status":"open","ping_status":"open","sticky":false,"template":"","format":"standard","meta":{"_acf_changed":false,"om_disable_all_campaigns":false,"footnotes":""},"categories":[191],"tags":[3100,518,2510,212,6007],"class_list":["post-183561","post","type-post","status-publish","format-standard","has-post-thumbnail","hentry","category-destinos","tag-aldeas","tag-que-ver-en-la-rioja","tag-pueblo-abandonado","tag-pueblos","tag-turruncun"],"acf":[],"featured_image_src":"https:\/\/www.escapadarural.com\/blog\/wp-content\/uploads\/2024\/11\/1280px-01-turruncun-2009_WP_01-1.webp","author_info":{"display_name":"Ver\u00f3nica G\u00f3mez","author_link":"https:\/\/www.escapadarural.com\/blog\/autor\/veronica-gomez\/"},"yoast_head":"<!-- This site is optimized with the Yoast SEO plugin v27.5 - https:\/\/yoast.com\/product\/yoast-seo-wordpress\/ -->\n<title>Turrunc\u00fan, el pueblo bautizado por una piedra<\/title>\n<meta name=\"robots\" content=\"index, follow, max-snippet:-1, max-image-preview:large, max-video-preview:-1\" \/>\n<link rel=\"canonical\" href=\"https:\/\/www.escapadarural.com\/blog\/turruncun-el-pueblo-bautizado-por-una-piedra\/\" \/>\n<meta property=\"og:locale\" content=\"es_ES\" \/>\n<meta property=\"og:type\" content=\"article\" \/>\n<meta property=\"og:title\" content=\"Turrunc\u00fan, el pueblo bautizado por una piedra\" \/>\n<meta property=\"og:description\" content=\"No te lo vas a creer, pero Turrunc\u00fan (La Rioja), un pueblo de origen medieval que debe su nombre a una piedra. \u00bfNos acompa\u00f1as?\" \/>\n<meta property=\"og:url\" content=\"https:\/\/www.escapadarural.com\/blog\/turruncun-el-pueblo-bautizado-por-una-piedra\/\" \/>\n<meta property=\"og:site_name\" content=\"Magazine de viajes de EscapadaRural\" \/>\n<meta property=\"article:publisher\" content=\"https:\/\/www.facebook.com\/escapadarural\" \/>\n<meta property=\"article:published_time\" content=\"2024-11-22T12:15:41+00:00\" \/>\n<meta property=\"article:modified_time\" content=\"2025-01-28T04:30:13+00:00\" \/>\n<meta property=\"og:image\" content=\"https:\/\/app.escapadarural.com\/blog\/wp-content\/uploads\/2024\/11\/1280px-01-turruncun-2009_WP_01-1.webp\" \/>\n\t<meta property=\"og:image:width\" content=\"1024\" \/>\n\t<meta property=\"og:image:height\" content=\"769\" \/>\n\t<meta property=\"og:image:type\" content=\"image\/webp\" \/>\n<meta name=\"author\" content=\"Ver\u00f3nica G\u00f3mez\" \/>\n<meta name=\"twitter:card\" content=\"summary_large_image\" \/>\n<meta name=\"twitter:label1\" content=\"Escrito por\" \/>\n\t<meta name=\"twitter:data1\" content=\"Ver\u00f3nica G\u00f3mez\" \/>\n\t<meta name=\"twitter:label2\" content=\"Tiempo de lectura\" \/>\n\t<meta name=\"twitter:data2\" content=\"7 minutos\" \/>\n<script type=\"application\/ld+json\" class=\"yoast-schema-graph\">{\"@context\":\"https:\\\/\\\/schema.org\",\"@graph\":[{\"@type\":\"Article\",\"@id\":\"https:\\\/\\\/www.escapadarural.com\\\/blog\\\/turruncun-el-pueblo-bautizado-por-una-piedra\\\/#article\",\"isPartOf\":{\"@id\":\"https:\\\/\\\/www.escapadarural.com\\\/blog\\\/turruncun-el-pueblo-bautizado-por-una-piedra\\\/\"},\"author\":{\"name\":\"Ver\u00f3nica G\u00f3mez\",\"@id\":\"https:\\\/\\\/www.escapadarural.com\\\/blog\\\/#\\\/schema\\\/person\\\/4140cb320c90a6ca94d284d6884f5b4e\"},\"headline\":\"Turrunc\u00fan, el pueblo bautizado por una piedra\",\"datePublished\":\"2024-11-22T12:15:41+00:00\",\"dateModified\":\"2025-01-28T04:30:13+00:00\",\"mainEntityOfPage\":{\"@id\":\"https:\\\/\\\/www.escapadarural.com\\\/blog\\\/turruncun-el-pueblo-bautizado-por-una-piedra\\\/\"},\"wordCount\":1117,\"commentCount\":0,\"publisher\":{\"@id\":\"https:\\\/\\\/www.escapadarural.com\\\/blog\\\/#organization\"},\"image\":{\"@id\":\"https:\\\/\\\/www.escapadarural.com\\\/blog\\\/turruncun-el-pueblo-bautizado-por-una-piedra\\\/#primaryimage\"},\"thumbnailUrl\":\"https:\\\/\\\/www.escapadarural.com\\\/blog\\\/wp-content\\\/uploads\\\/2024\\\/11\\\/1280px-01-turruncun-2009_WP_01-1.webp\",\"keywords\":[\"Aldeas\",\"La Rioja\",\"Pueblo abandonado\",\"pueblos\",\"Turrunc\u00fan\"],\"articleSection\":[\"Destinos\"],\"inLanguage\":\"es\",\"potentialAction\":[{\"@type\":\"CommentAction\",\"name\":\"Comment\",\"target\":[\"https:\\\/\\\/www.escapadarural.com\\\/blog\\\/turruncun-el-pueblo-bautizado-por-una-piedra\\\/#respond\"]}]},{\"@type\":\"WebPage\",\"@id\":\"https:\\\/\\\/www.escapadarural.com\\\/blog\\\/turruncun-el-pueblo-bautizado-por-una-piedra\\\/\",\"url\":\"https:\\\/\\\/www.escapadarural.com\\\/blog\\\/turruncun-el-pueblo-bautizado-por-una-piedra\\\/\",\"name\":\"Turrunc\u00fan, el pueblo bautizado por una piedra\",\"isPartOf\":{\"@id\":\"https:\\\/\\\/www.escapadarural.com\\\/blog\\\/#website\"},\"primaryImageOfPage\":{\"@id\":\"https:\\\/\\\/www.escapadarural.com\\\/blog\\\/turruncun-el-pueblo-bautizado-por-una-piedra\\\/#primaryimage\"},\"image\":{\"@id\":\"https:\\\/\\\/www.escapadarural.com\\\/blog\\\/turruncun-el-pueblo-bautizado-por-una-piedra\\\/#primaryimage\"},\"thumbnailUrl\":\"https:\\\/\\\/www.escapadarural.com\\\/blog\\\/wp-content\\\/uploads\\\/2024\\\/11\\\/1280px-01-turruncun-2009_WP_01-1.webp\",\"datePublished\":\"2024-11-22T12:15:41+00:00\",\"dateModified\":\"2025-01-28T04:30:13+00:00\",\"breadcrumb\":{\"@id\":\"https:\\\/\\\/www.escapadarural.com\\\/blog\\\/turruncun-el-pueblo-bautizado-por-una-piedra\\\/#breadcrumb\"},\"inLanguage\":\"es\",\"potentialAction\":[{\"@type\":\"ReadAction\",\"target\":[\"https:\\\/\\\/www.escapadarural.com\\\/blog\\\/turruncun-el-pueblo-bautizado-por-una-piedra\\\/\"]}]},{\"@type\":\"ImageObject\",\"inLanguage\":\"es\",\"@id\":\"https:\\\/\\\/www.escapadarural.com\\\/blog\\\/turruncun-el-pueblo-bautizado-por-una-piedra\\\/#primaryimage\",\"url\":\"https:\\\/\\\/www.escapadarural.com\\\/blog\\\/wp-content\\\/uploads\\\/2024\\\/11\\\/1280px-01-turruncun-2009_WP_01-1.webp\",\"contentUrl\":\"https:\\\/\\\/www.escapadarural.com\\\/blog\\\/wp-content\\\/uploads\\\/2024\\\/11\\\/1280px-01-turruncun-2009_WP_01-1.webp\",\"width\":1024,\"height\":769,\"caption\":\"TURRUNC\u00daN. La aldea despoblada con la pe\u00f1a Isasa al fondo. Por Pigmentoazul\"},{\"@type\":\"BreadcrumbList\",\"@id\":\"https:\\\/\\\/www.escapadarural.com\\\/blog\\\/turruncun-el-pueblo-bautizado-por-una-piedra\\\/#breadcrumb\",\"itemListElement\":[{\"@type\":\"ListItem\",\"position\":1,\"name\":\"Inicio\",\"item\":\"https:\\\/\\\/www.escapadarural.com\\\/blog\\\/\"},{\"@type\":\"ListItem\",\"position\":2,\"name\":\"Destinos\",\"item\":\"https:\\\/\\\/www.escapadarural.com\\\/blog\\\/categoria\\\/destinos\\\/\"},{\"@type\":\"ListItem\",\"position\":3,\"name\":\"Turrunc\u00fan, el pueblo bautizado por una piedra\"}]},{\"@type\":\"WebSite\",\"@id\":\"https:\\\/\\\/www.escapadarural.com\\\/blog\\\/#website\",\"url\":\"https:\\\/\\\/www.escapadarural.com\\\/blog\\\/\",\"name\":\"Blog de viajes | turismo rural, alojamientos e inspiraci\u00f3n\",\"description\":\"Alojamientos rurales e inspiraci\u00f3n para tus escapadas\",\"publisher\":{\"@id\":\"https:\\\/\\\/www.escapadarural.com\\\/blog\\\/#organization\"},\"alternateName\":\"Magazine de viajes de EscapadaRural\",\"potentialAction\":[{\"@type\":\"SearchAction\",\"target\":{\"@type\":\"EntryPoint\",\"urlTemplate\":\"https:\\\/\\\/www.escapadarural.com\\\/blog\\\/?s={search_term_string}\"},\"query-input\":{\"@type\":\"PropertyValueSpecification\",\"valueRequired\":true,\"valueName\":\"search_term_string\"}}],\"inLanguage\":\"es\"},{\"@type\":\"Organization\",\"@id\":\"https:\\\/\\\/www.escapadarural.com\\\/blog\\\/#organization\",\"name\":\"EscapadaRural\",\"url\":\"https:\\\/\\\/www.escapadarural.com\\\/blog\\\/\",\"logo\":{\"@type\":\"ImageObject\",\"inLanguage\":\"es\",\"@id\":\"https:\\\/\\\/www.escapadarural.com\\\/blog\\\/#\\\/schema\\\/logo\\\/image\\\/\",\"url\":\"https:\\\/\\\/www.escapadarural.com\\\/blog\\\/wp-content\\\/uploads\\\/2024\\\/10\\\/cropped-cropped-escapada-rural-icon-mag-3.png\",\"contentUrl\":\"https:\\\/\\\/www.escapadarural.com\\\/blog\\\/wp-content\\\/uploads\\\/2024\\\/10\\\/cropped-cropped-escapada-rural-icon-mag-3.png\",\"width\":512,\"height\":512,\"caption\":\"EscapadaRural\"},\"image\":{\"@id\":\"https:\\\/\\\/www.escapadarural.com\\\/blog\\\/#\\\/schema\\\/logo\\\/image\\\/\"},\"sameAs\":[\"https:\\\/\\\/www.facebook.com\\\/escapadarural\",\"https:\\\/\\\/www.instagram.com\\\/escapadarural\\\/\",\"https:\\\/\\\/www.youtube.com\\\/@escapadaruralcom\"]},{\"@type\":\"Person\",\"@id\":\"https:\\\/\\\/www.escapadarural.com\\\/blog\\\/#\\\/schema\\\/person\\\/4140cb320c90a6ca94d284d6884f5b4e\",\"name\":\"Ver\u00f3nica G\u00f3mez\",\"image\":{\"@type\":\"ImageObject\",\"inLanguage\":\"es\",\"@id\":\"https:\\\/\\\/secure.gravatar.com\\\/avatar\\\/a14c3f7acd3c2787ced9245c8239291aa98d78e70607ab29f4388e265c55669f?s=96&d=mm&r=g\",\"url\":\"https:\\\/\\\/secure.gravatar.com\\\/avatar\\\/a14c3f7acd3c2787ced9245c8239291aa98d78e70607ab29f4388e265c55669f?s=96&d=mm&r=g\",\"contentUrl\":\"https:\\\/\\\/secure.gravatar.com\\\/avatar\\\/a14c3f7acd3c2787ced9245c8239291aa98d78e70607ab29f4388e265c55669f?s=96&d=mm&r=g\",\"caption\":\"Ver\u00f3nica G\u00f3mez\"},\"description\":\"Periodista, madre de Hugo y Enzo a tiempo completo e investigadora incansable, dir\u00eda que hasta cuando duermo. Antes en Cr\u00f3nica Global, El Liberal y El Mundo Catalunya\",\"url\":\"https:\\\/\\\/www.escapadarural.com\\\/blog\\\/autor\\\/veronica-gomez\\\/\"}]}<\/script>\n<!-- \/ Yoast SEO plugin. -->","yoast_head_json":{"title":"Turrunc\u00fan, el pueblo bautizado por una piedra","robots":{"index":"index","follow":"follow","max-snippet":"max-snippet:-1","max-image-preview":"max-image-preview:large","max-video-preview":"max-video-preview:-1"},"canonical":"https:\/\/www.escapadarural.com\/blog\/turruncun-el-pueblo-bautizado-por-una-piedra\/","og_locale":"es_ES","og_type":"article","og_title":"Turrunc\u00fan, el pueblo bautizado por una piedra","og_description":"No te lo vas a creer, pero Turrunc\u00fan (La Rioja), un pueblo de origen medieval que debe su nombre a una piedra. \u00bfNos acompa\u00f1as?","og_url":"https:\/\/www.escapadarural.com\/blog\/turruncun-el-pueblo-bautizado-por-una-piedra\/","og_site_name":"Magazine de viajes de EscapadaRural","article_publisher":"https:\/\/www.facebook.com\/escapadarural","article_published_time":"2024-11-22T12:15:41+00:00","article_modified_time":"2025-01-28T04:30:13+00:00","og_image":[{"width":1024,"height":769,"url":"https:\/\/app.escapadarural.com\/blog\/wp-content\/uploads\/2024\/11\/1280px-01-turruncun-2009_WP_01-1.webp","type":"image\/webp"}],"author":"Ver\u00f3nica G\u00f3mez","twitter_card":"summary_large_image","twitter_misc":{"Escrito por":"Ver\u00f3nica G\u00f3mez","Tiempo de lectura":"7 minutos"},"schema":{"@context":"https:\/\/schema.org","@graph":[{"@type":"Article","@id":"https:\/\/www.escapadarural.com\/blog\/turruncun-el-pueblo-bautizado-por-una-piedra\/#article","isPartOf":{"@id":"https:\/\/www.escapadarural.com\/blog\/turruncun-el-pueblo-bautizado-por-una-piedra\/"},"author":{"name":"Ver\u00f3nica G\u00f3mez","@id":"https:\/\/www.escapadarural.com\/blog\/#\/schema\/person\/4140cb320c90a6ca94d284d6884f5b4e"},"headline":"Turrunc\u00fan, el pueblo bautizado por una piedra","datePublished":"2024-11-22T12:15:41+00:00","dateModified":"2025-01-28T04:30:13+00:00","mainEntityOfPage":{"@id":"https:\/\/www.escapadarural.com\/blog\/turruncun-el-pueblo-bautizado-por-una-piedra\/"},"wordCount":1117,"commentCount":0,"publisher":{"@id":"https:\/\/www.escapadarural.com\/blog\/#organization"},"image":{"@id":"https:\/\/www.escapadarural.com\/blog\/turruncun-el-pueblo-bautizado-por-una-piedra\/#primaryimage"},"thumbnailUrl":"https:\/\/www.escapadarural.com\/blog\/wp-content\/uploads\/2024\/11\/1280px-01-turruncun-2009_WP_01-1.webp","keywords":["Aldeas","La Rioja","Pueblo abandonado","pueblos","Turrunc\u00fan"],"articleSection":["Destinos"],"inLanguage":"es","potentialAction":[{"@type":"CommentAction","name":"Comment","target":["https:\/\/www.escapadarural.com\/blog\/turruncun-el-pueblo-bautizado-por-una-piedra\/#respond"]}]},{"@type":"WebPage","@id":"https:\/\/www.escapadarural.com\/blog\/turruncun-el-pueblo-bautizado-por-una-piedra\/","url":"https:\/\/www.escapadarural.com\/blog\/turruncun-el-pueblo-bautizado-por-una-piedra\/","name":"Turrunc\u00fan, el pueblo bautizado por una piedra","isPartOf":{"@id":"https:\/\/www.escapadarural.com\/blog\/#website"},"primaryImageOfPage":{"@id":"https:\/\/www.escapadarural.com\/blog\/turruncun-el-pueblo-bautizado-por-una-piedra\/#primaryimage"},"image":{"@id":"https:\/\/www.escapadarural.com\/blog\/turruncun-el-pueblo-bautizado-por-una-piedra\/#primaryimage"},"thumbnailUrl":"https:\/\/www.escapadarural.com\/blog\/wp-content\/uploads\/2024\/11\/1280px-01-turruncun-2009_WP_01-1.webp","datePublished":"2024-11-22T12:15:41+00:00","dateModified":"2025-01-28T04:30:13+00:00","breadcrumb":{"@id":"https:\/\/www.escapadarural.com\/blog\/turruncun-el-pueblo-bautizado-por-una-piedra\/#breadcrumb"},"inLanguage":"es","potentialAction":[{"@type":"ReadAction","target":["https:\/\/www.escapadarural.com\/blog\/turruncun-el-pueblo-bautizado-por-una-piedra\/"]}]},{"@type":"ImageObject","inLanguage":"es","@id":"https:\/\/www.escapadarural.com\/blog\/turruncun-el-pueblo-bautizado-por-una-piedra\/#primaryimage","url":"https:\/\/www.escapadarural.com\/blog\/wp-content\/uploads\/2024\/11\/1280px-01-turruncun-2009_WP_01-1.webp","contentUrl":"https:\/\/www.escapadarural.com\/blog\/wp-content\/uploads\/2024\/11\/1280px-01-turruncun-2009_WP_01-1.webp","width":1024,"height":769,"caption":"TURRUNC\u00daN. La aldea despoblada con la pe\u00f1a Isasa al fondo. Por Pigmentoazul"},{"@type":"BreadcrumbList","@id":"https:\/\/www.escapadarural.com\/blog\/turruncun-el-pueblo-bautizado-por-una-piedra\/#breadcrumb","itemListElement":[{"@type":"ListItem","position":1,"name":"Inicio","item":"https:\/\/www.escapadarural.com\/blog\/"},{"@type":"ListItem","position":2,"name":"Destinos","item":"https:\/\/www.escapadarural.com\/blog\/categoria\/destinos\/"},{"@type":"ListItem","position":3,"name":"Turrunc\u00fan, el pueblo bautizado por una piedra"}]},{"@type":"WebSite","@id":"https:\/\/www.escapadarural.com\/blog\/#website","url":"https:\/\/www.escapadarural.com\/blog\/","name":"Blog de viajes | turismo rural, alojamientos e inspiraci\u00f3n","description":"Alojamientos rurales e inspiraci\u00f3n para tus escapadas","publisher":{"@id":"https:\/\/www.escapadarural.com\/blog\/#organization"},"alternateName":"Magazine de viajes de EscapadaRural","potentialAction":[{"@type":"SearchAction","target":{"@type":"EntryPoint","urlTemplate":"https:\/\/www.escapadarural.com\/blog\/?s={search_term_string}"},"query-input":{"@type":"PropertyValueSpecification","valueRequired":true,"valueName":"search_term_string"}}],"inLanguage":"es"},{"@type":"Organization","@id":"https:\/\/www.escapadarural.com\/blog\/#organization","name":"EscapadaRural","url":"https:\/\/www.escapadarural.com\/blog\/","logo":{"@type":"ImageObject","inLanguage":"es","@id":"https:\/\/www.escapadarural.com\/blog\/#\/schema\/logo\/image\/","url":"https:\/\/www.escapadarural.com\/blog\/wp-content\/uploads\/2024\/10\/cropped-cropped-escapada-rural-icon-mag-3.png","contentUrl":"https:\/\/www.escapadarural.com\/blog\/wp-content\/uploads\/2024\/10\/cropped-cropped-escapada-rural-icon-mag-3.png","width":512,"height":512,"caption":"EscapadaRural"},"image":{"@id":"https:\/\/www.escapadarural.com\/blog\/#\/schema\/logo\/image\/"},"sameAs":["https:\/\/www.facebook.com\/escapadarural","https:\/\/www.instagram.com\/escapadarural\/","https:\/\/www.youtube.com\/@escapadaruralcom"]},{"@type":"Person","@id":"https:\/\/www.escapadarural.com\/blog\/#\/schema\/person\/4140cb320c90a6ca94d284d6884f5b4e","name":"Ver\u00f3nica G\u00f3mez","image":{"@type":"ImageObject","inLanguage":"es","@id":"https:\/\/secure.gravatar.com\/avatar\/a14c3f7acd3c2787ced9245c8239291aa98d78e70607ab29f4388e265c55669f?s=96&d=mm&r=g","url":"https:\/\/secure.gravatar.com\/avatar\/a14c3f7acd3c2787ced9245c8239291aa98d78e70607ab29f4388e265c55669f?s=96&d=mm&r=g","contentUrl":"https:\/\/secure.gravatar.com\/avatar\/a14c3f7acd3c2787ced9245c8239291aa98d78e70607ab29f4388e265c55669f?s=96&d=mm&r=g","caption":"Ver\u00f3nica G\u00f3mez"},"description":"Periodista, madre de Hugo y Enzo a tiempo completo e investigadora incansable, dir\u00eda que hasta cuando duermo. Antes en Cr\u00f3nica Global, El Liberal y El Mundo Catalunya","url":"https:\/\/www.escapadarural.com\/blog\/autor\/veronica-gomez\/"}]}},"_links":{"self":[{"href":"https:\/\/www.escapadarural.com\/blog\/wp-json\/wp\/v2\/posts\/183561","targetHints":{"allow":["GET"]}}],"collection":[{"href":"https:\/\/www.escapadarural.com\/blog\/wp-json\/wp\/v2\/posts"}],"about":[{"href":"https:\/\/www.escapadarural.com\/blog\/wp-json\/wp\/v2\/types\/post"}],"author":[{"embeddable":true,"href":"https:\/\/www.escapadarural.com\/blog\/wp-json\/wp\/v2\/users\/156"}],"replies":[{"embeddable":true,"href":"https:\/\/www.escapadarural.com\/blog\/wp-json\/wp\/v2\/comments?post=183561"}],"version-history":[{"count":0,"href":"https:\/\/www.escapadarural.com\/blog\/wp-json\/wp\/v2\/posts\/183561\/revisions"}],"wp:featuredmedia":[{"embeddable":true,"href":"https:\/\/www.escapadarural.com\/blog\/wp-json\/wp\/v2\/media\/183646"}],"wp:attachment":[{"href":"https:\/\/www.escapadarural.com\/blog\/wp-json\/wp\/v2\/media?parent=183561"}],"wp:term":[{"taxonomy":"category","embeddable":true,"href":"https:\/\/www.escapadarural.com\/blog\/wp-json\/wp\/v2\/categories?post=183561"},{"taxonomy":"post_tag","embeddable":true,"href":"https:\/\/www.escapadarural.com\/blog\/wp-json\/wp\/v2\/tags?post=183561"}],"curies":[{"name":"wp","href":"https:\/\/api.w.org\/{rel}","templated":true}]}}