{"id":184225,"date":"2024-12-07T08:00:00","date_gmt":"2024-12-07T06:00:00","guid":{"rendered":"https:\/\/www.escapadarural.com\/blog\/?p=184225"},"modified":"2024-12-09T14:21:53","modified_gmt":"2024-12-09T12:21:53","slug":"donde-se-rodo-la-ultima-noche-en-tremor","status":"publish","type":"post","link":"https:\/\/www.escapadarural.com\/blog\/donde-se-rodo-la-ultima-noche-en-tremor\/","title":{"rendered":"Puerto de Vega, el pueblo de \u00a0&#8216;La \u00faltima noche en\u00a0Tremor&#8217;"},"content":{"rendered":"\n<figure class=\"wp-block-image size-full\"><img loading=\"lazy\" decoding=\"async\" width=\"1024\" height=\"768\" src=\"https:\/\/www.escapadarural.com\/blog\/wp-content\/uploads\/2024\/12\/AdobeStock_222322565_WP_01.webp\" alt=\"Puerto de Vega, donde se rod\u00f3 La \u00faltima noche en Tremor\" class=\"wp-image-184565\" srcset=\"https:\/\/www.escapadarural.com\/blog\/wp-content\/uploads\/2024\/12\/AdobeStock_222322565_WP_01-200x150.webp 200w, https:\/\/www.escapadarural.com\/blog\/wp-content\/uploads\/2024\/12\/AdobeStock_222322565_WP_01-300x225.webp 300w, https:\/\/www.escapadarural.com\/blog\/wp-content\/uploads\/2024\/12\/AdobeStock_222322565_WP_01-400x300.webp 400w, https:\/\/www.escapadarural.com\/blog\/wp-content\/uploads\/2024\/12\/AdobeStock_222322565_WP_01-600x450.webp 600w, https:\/\/www.escapadarural.com\/blog\/wp-content\/uploads\/2024\/12\/AdobeStock_222322565_WP_01-768x576.webp 768w, https:\/\/www.escapadarural.com\/blog\/wp-content\/uploads\/2024\/12\/AdobeStock_222322565_WP_01-800x600.webp 800w, https:\/\/www.escapadarural.com\/blog\/wp-content\/uploads\/2024\/12\/AdobeStock_222322565_WP_01.webp 1024w\" sizes=\"auto, (max-width: 1024px) 100vw, 1024px\" \/><figcaption class=\"wp-element-caption\">Puerto de Vega, donde se rod\u00f3 <em>La \u00faltima noche en Tremor<\/em>. Por miff32<\/figcaption><\/figure>\n\n\n\n<p>\u00bf. Es el caso de <em>La \u00faltima noche en Tremore Beach<\/em>, la novela superventas escrita por Mikel Santiago cuya <strong>adaptaci\u00f3n a la peque\u00f1a pantalla<\/strong> se <a href=\"https:\/\/www.escapadarural.com\/blog\/rutas-de-cine-que-puedes-disfrutar\/\" title=\"5 incre\u00edbles rutas de cine que puedes disfrutar cerca de casa\"  data-wpil-monitor-id=\"26\">puede ver ahora en Netflix<\/a> bajo el t\u00edtulo <em>La \u00faltima noche en Tremor<\/em>. Pero si la trama del libro se desarrolla en Irlanda, la televisiva se rod\u00f3 en <a href=\"\/casas-rurales\/puerto-de-vega\">Puerto de Vega<\/a>, un peque\u00f1o <strong>pueblo de la costa de Asturias<\/strong>.<\/p>\n\n\n\n<p>La serie, dividida en ocho episodios, ha corrido la misma suerte que la novela y se ha conseguido colar en la<strong> lista de las m\u00e1s vistas de la plataforma<\/strong> de<em> streaming<\/em>. Algo que no es nada f\u00e1cil si se tiene en cuenta la extensi\u00f3n de su cat\u00e1logo. Pero es que la historia, que trata sobre un <strong>m\u00fasico que se retira a un pueblo<\/strong> en busca de inspiraci\u00f3n despu\u00e9s de que una tormenta destrozase su vida, es adictiva en cualquier formato. <\/p>\n\n\n\n<figure class=\"wp-block-embed is-type-video is-provider-youtube wp-block-embed-youtube wp-embed-aspect-16-9 wp-has-aspect-ratio\"><div class=\"wp-block-embed__wrapper\">\n<span class=\"2ia5AP9EVwQZ64vCSWb1lxfrjcTXHFDnutOR3ILoJeMkghdU8mqyz0NG\"><div class=\"video-shortcode\"><iframe title=\"La \u00faltima noche en Tremor | Tr\u00e1iler oficial | Netflix\" width=\"1200\" height=\"675\" src=\"https:\/\/www.youtube.com\/embed\/7eXuY24cmPU?feature=oembed\" frameborder=\"0\" allow=\"accelerometer; autoplay; clipboard-write; encrypted-media; gyroscope; picture-in-picture; web-share\" referrerpolicy=\"strict-origin-when-cross-origin\" allowfullscreen><\/iframe><\/div><\/span>\n<\/div><\/figure>\n\n\n\n<p>Este <em>thriller<\/em> est\u00e1 dirigido por Oriol Paulo y el elenco est\u00e1 integrado por Javier Rey, Ana Polvorosa, Pilar Castro y Willy Toledo, entre otros. El rodaje dur\u00f3 ocho meses, por lo que el equipo pas\u00f3 <strong>mucho tiempo en Puerto de Vega<\/strong> y en sus alrededores, ubicados en el concejo de <a href=\"\/casas-rurales\/navia\">Navia<\/a>. Gracias a esta ficci\u00f3n muchos espectadores han apuntado este destino como \u2018pr\u00f3xima escapada\u2019 y, de hecho, los propios int\u00e9rpretes han vuelto all\u00ed en alguna ocasi\u00f3n.<\/p>\n\n\n\n<div class=\"wp-block-buttons is-layout-flex wp-block-buttons-is-layout-flex\">\n<div class=\"wp-block-button\"><a class=\"wp-block-button__link wp-element-button\" href=\"\/casas-rurales\/asturias\">Alojamientos rurales en Asturias<\/a><\/div>\n<\/div>\n\n\n\n<h2 class=\"wp-block-heading\" id=\"h-que-tiene-puerto-de-vega\"><strong>Qu\u00e9 tiene Puerto de Vega<\/strong><\/h2>\n\n\n\n<figure class=\"wp-block-image size-full\"><img loading=\"lazy\" decoding=\"async\" width=\"1024\" height=\"683\" src=\"https:\/\/www.escapadarural.com\/blog\/wp-content\/uploads\/2024\/12\/AdobeStock_484162025_WP_03.webp\" alt=\"Puerto de Vega\" class=\"wp-image-184567\" srcset=\"https:\/\/www.escapadarural.com\/blog\/wp-content\/uploads\/2024\/12\/AdobeStock_484162025_WP_03-200x133.webp 200w, https:\/\/www.escapadarural.com\/blog\/wp-content\/uploads\/2024\/12\/AdobeStock_484162025_WP_03-300x200.webp 300w, https:\/\/www.escapadarural.com\/blog\/wp-content\/uploads\/2024\/12\/AdobeStock_484162025_WP_03-400x267.webp 400w, https:\/\/www.escapadarural.com\/blog\/wp-content\/uploads\/2024\/12\/AdobeStock_484162025_WP_03-600x400.webp 600w, https:\/\/www.escapadarural.com\/blog\/wp-content\/uploads\/2024\/12\/AdobeStock_484162025_WP_03-768x512.webp 768w, https:\/\/www.escapadarural.com\/blog\/wp-content\/uploads\/2024\/12\/AdobeStock_484162025_WP_03-800x534.webp 800w, https:\/\/www.escapadarural.com\/blog\/wp-content\/uploads\/2024\/12\/AdobeStock_484162025_WP_03.webp 1024w\" sizes=\"auto, (max-width: 1024px) 100vw, 1024px\" \/><figcaption class=\"wp-element-caption\">Puerto de Vega. Por jon_chica<\/figcaption><\/figure>\n\n\n\n<p>El pueblo obtuvo en 1995 el t\u00edtulo de <strong><a href=\"https:\/\/www.escapadarural.com\/blog\/ruta-por-la-costa-de-asturias-en-coche\/\" title=\"Ruta por la costa de Asturias: pueblos, playas y dinosaurios\"  data-wpil-monitor-id=\"25\">Pueblo Ejemplar de Asturias<\/a><\/strong>, un galard\u00f3n que concede la Fundaci\u00f3n Princesa de Asturias desde 1990. El premio se otorga a aquellos <strong>pueblos que sobresalgan<\/strong> en \u201cla defensa de sus m\u00e1s nobles valores, su entorno natural o ecol\u00f3gico, su <a href=\"https:\/\/www.escapadarural.com\/blog\/patrimonios-rurales-de-espana\/\" title=\"3 patrimonios que visitar al menos una vez en la vida\"  data-wpil-monitor-id=\"28\">patrimonio<\/a> hist\u00f3rico, cultural o art\u00edstico, o en la realizaci\u00f3n de obras comunales u otras manifestaciones de solidaridad extraordinaria\u201d. En 2024, fue para Sotres, en el concejo de Cabrales.<\/p>\n\n\n\n<p>El escritor y jurista <strong>Gaspar Melchor de Jovellanos falleci\u00f3 en la localidad<\/strong> naviega en el a\u00f1o 1811 y su figura tiene mucho peso en ella. Por ejemplo, la casa en la que vivi\u00f3 a\u00fan conserva el escudo de armas en su fachada, y el escultor Zenobio Barr\u00f3n elabor\u00f3 en 1932 un monumento en su honor. Adem\u00e1s, la biblioteca p\u00fablica municipal, ubicada en la Casa de la Cultura Pr\u00edncipe Felipe, lleva el nombre del intelectual. En el mismo edificio se puede visitar tambi\u00e9n el <strong><a href=\"https:\/\/www.escapadarural.com\/blog\/museos-mas-curiosos-de-espana\/\" title=\"10 de los museos m\u00e1s curiosos y divertidos en territorio espa\u00f1ol\"  data-wpil-monitor-id=\"24\">museo<\/a> etnogr\u00e1fico Juan P\u00e9rez Villamil<\/strong>, donde se explica c\u00f3mo eran los modos de vida de los marineros y los campesinos con ocho oficios t\u00edpicos representados.<\/p>\n\n\n\n<figure class=\"wp-block-image size-full\"><img loading=\"lazy\" decoding=\"async\" width=\"1024\" height=\"575\" src=\"https:\/\/www.escapadarural.com\/blog\/wp-content\/uploads\/2024\/12\/AdobeStock_457971858_WP_02.webp\" alt=\"Puerto de Vega\" class=\"wp-image-184566\" srcset=\"https:\/\/www.escapadarural.com\/blog\/wp-content\/uploads\/2024\/12\/AdobeStock_457971858_WP_02-200x112.webp 200w, https:\/\/www.escapadarural.com\/blog\/wp-content\/uploads\/2024\/12\/AdobeStock_457971858_WP_02-300x168.webp 300w, https:\/\/www.escapadarural.com\/blog\/wp-content\/uploads\/2024\/12\/AdobeStock_457971858_WP_02-400x225.webp 400w, https:\/\/www.escapadarural.com\/blog\/wp-content\/uploads\/2024\/12\/AdobeStock_457971858_WP_02-600x337.webp 600w, https:\/\/www.escapadarural.com\/blog\/wp-content\/uploads\/2024\/12\/AdobeStock_457971858_WP_02-768x431.webp 768w, https:\/\/www.escapadarural.com\/blog\/wp-content\/uploads\/2024\/12\/AdobeStock_457971858_WP_02-800x449.webp 800w, https:\/\/www.escapadarural.com\/blog\/wp-content\/uploads\/2024\/12\/AdobeStock_457971858_WP_02.webp 1024w\" sizes=\"auto, (max-width: 1024px) 100vw, 1024px\" \/><figcaption class=\"wp-element-caption\">Puerto de Vega. Por jon_chica<\/figcaption><\/figure>\n\n\n\n<p>La <strong>actividad pesquera<\/strong> ha tenido \u2013y a\u00fan la conserva, aunque en menor medida\u2013 gran importancia en la realidad de Puerto de Vega. De hecho, esta localidad fue la primera aduana de la regi\u00f3n, ya que fue un lugar clave del transporte de mercanc\u00edas en los siglos XVII y XIX. Como muchos de los situados en la costa <a href=\"https:\/\/www.escapadarural.com\/blog\/lugares-de-cantabria-que-dejaran-sin-palabras\/\">cant\u00e1brica<\/a>, fue un <strong>pueblo ballenero<\/strong>, una tradici\u00f3n homenajeada en el mirador de La Riva. All\u00ed se puede ver un <a href=\"https:\/\/www.escapadarural.com\/blog\/mejor-mural-del-mundo-2023\/\" title=\"Los murales espa\u00f1oles candidatos a ser el Mejor Mural del Mundo\"  data-wpil-monitor-id=\"27\">mural<\/a> que representa dicha labor (ya extinta, afortunadamente), dos quijadas de ballenas de 30 toneladas, el contrato ballenero m\u00e1s antiguo que se conoce y un arponero de 1854.<\/p>\n\n\n\n<p>Una actividad industrial que tambi\u00e9n dio trabajo a los vecinos del pueblo fue la conservera. El <strong>Museo de las Historias del Mar<\/strong> se ubica ahora en el local de la f\u00e1brica de La Arenesca, fundada en 1925 por Rosalindo Gonz\u00e1lez. All\u00ed se pueden conocer los <strong>quehaceres de los pescadores<\/strong> y, sobre todo, los que desempe\u00f1aban las mujeres, tanto en la conserva como tejiendo redes y restaurando nasas para la pesca. Estas labores femeninas se empezaron a reconocer en su justa medida hace relativamente poco pese a su importancia en el sector.&nbsp;<\/p>\n\n\n\n<figure class=\"wp-block-image size-full\"><img loading=\"lazy\" decoding=\"async\" width=\"1024\" height=\"683\" src=\"https:\/\/www.escapadarural.com\/blog\/wp-content\/uploads\/2024\/12\/AdobeStock_484161993_WP_03.webp\" alt=\"Puerto de Vega\" class=\"wp-image-184570\" srcset=\"https:\/\/www.escapadarural.com\/blog\/wp-content\/uploads\/2024\/12\/AdobeStock_484161993_WP_03-200x133.webp 200w, https:\/\/www.escapadarural.com\/blog\/wp-content\/uploads\/2024\/12\/AdobeStock_484161993_WP_03-300x200.webp 300w, https:\/\/www.escapadarural.com\/blog\/wp-content\/uploads\/2024\/12\/AdobeStock_484161993_WP_03-400x267.webp 400w, https:\/\/www.escapadarural.com\/blog\/wp-content\/uploads\/2024\/12\/AdobeStock_484161993_WP_03-600x400.webp 600w, https:\/\/www.escapadarural.com\/blog\/wp-content\/uploads\/2024\/12\/AdobeStock_484161993_WP_03-768x512.webp 768w, https:\/\/www.escapadarural.com\/blog\/wp-content\/uploads\/2024\/12\/AdobeStock_484161993_WP_03-800x534.webp 800w, https:\/\/www.escapadarural.com\/blog\/wp-content\/uploads\/2024\/12\/AdobeStock_484161993_WP_03.webp 1024w\" sizes=\"auto, (max-width: 1024px) 100vw, 1024px\" \/><figcaption class=\"wp-element-caption\">Puerto de Vega. Por jon_chica<\/figcaption><\/figure>\n\n\n\n<p>Pero no todo lo relacionado con la pesca se conjuga en pasado, ya que sigue siendo el motor econ\u00f3mico del pueblo. Esto se puede comprobar en la presencia de las <strong>barcas que dan color al puerto<\/strong> y en el edificio de la Cofrad\u00eda de Pescadores de Nuestra Se\u00f1ora de La Atalaya. Si alguien tuviese alguna duda, puede acercarse a las subastas de pescado que tienen lugar en la lonja, que lleva en pie desde 1928. De hecho, hay visitas organizadas para descubrir sus pormenores.<\/p>\n\n\n\n<p>Adem\u00e1s, Puerto de Vega tiene tambi\u00e9n un <strong>pasado pirata<\/strong> del que dan fe los dos ca\u00f1ones del siglo XVIII que a\u00fan se mantienen en paseo del Baluarte. Seg\u00fan parece, tambi\u00e9n sirvieron de defensa <a href=\"https:\/\/www.escapadarural.com\/blog\/batalla-de-bailen-primera-victoria-contra-napoleon\/\" title=\"La batalla de Bail\u00e9n, la primera victoria espa\u00f1ola contra Napole\u00f3n\"  data-wpil-monitor-id=\"31\">contra las tropas de Napole\u00f3n<\/a> en la guerra de la independencia.<\/p>\n\n\n\n<h2 class=\"wp-block-heading\" id=\"h-patrimonio-de-puerto-de-vega\"><strong>Patrimonio de Puerto de Vega<\/strong><\/h2>\n\n\n\n<figure class=\"wp-block-image size-full\"><img loading=\"lazy\" decoding=\"async\" width=\"1024\" height=\"419\" src=\"https:\/\/www.escapadarural.com\/blog\/wp-content\/uploads\/2024\/12\/AdobeStock_220470659_WP_01.webp\" alt=\"Puerto de Vega\" class=\"wp-image-184571\" srcset=\"https:\/\/www.escapadarural.com\/blog\/wp-content\/uploads\/2024\/12\/AdobeStock_220470659_WP_01-200x82.webp 200w, https:\/\/www.escapadarural.com\/blog\/wp-content\/uploads\/2024\/12\/AdobeStock_220470659_WP_01-300x123.webp 300w, https:\/\/www.escapadarural.com\/blog\/wp-content\/uploads\/2024\/12\/AdobeStock_220470659_WP_01-400x164.webp 400w, https:\/\/www.escapadarural.com\/blog\/wp-content\/uploads\/2024\/12\/AdobeStock_220470659_WP_01-600x246.webp 600w, https:\/\/www.escapadarural.com\/blog\/wp-content\/uploads\/2024\/12\/AdobeStock_220470659_WP_01-768x314.webp 768w, https:\/\/www.escapadarural.com\/blog\/wp-content\/uploads\/2024\/12\/AdobeStock_220470659_WP_01-800x327.webp 800w, https:\/\/www.escapadarural.com\/blog\/wp-content\/uploads\/2024\/12\/AdobeStock_220470659_WP_01.webp 1024w\" sizes=\"auto, (max-width: 1024px) 100vw, 1024px\" \/><figcaption class=\"wp-element-caption\">Puerto de Vega. Por miff32<\/figcaption><\/figure>\n\n\n\n<p>Entre los templos religiosos del pueblo se encuentra la capilla consagrada a Nuestra Se\u00f1ora de la Atalaya, erigida por orden del Gremio de Mariner\u00eda y Comercio, a principios del siglo XVII. El incidente que dio pie a su construcci\u00f3n fue el <strong>encuentro de una talla de la virgen en el mar<\/strong> (un suceso muy habitual en la historia de las ermitas o capillas marineras).<\/p>\n\n\n\n<p>Asimismo, cabe destacar la iglesia de Santa Marina, conocida tambi\u00e9n como la \u2018<strong>catedral del barroco rural del occidente asturiano<\/strong>\u2019. En ella repos\u00f3 el sepulcro de Gaspar Melchor de Jovellanos hasta que lo llevaron a Gij\u00f3n, la ciudad donde naci\u00f3. En 1982 se la declar\u00f3 Monumento Hist\u00f3rico-Art\u00edstico.<\/p>\n\n\n\n<figure class=\"wp-block-image size-large\"><img loading=\"lazy\" decoding=\"async\" width=\"768\" height=\"1024\" src=\"https:\/\/www.escapadarural.com\/blog\/wp-content\/uploads\/2024\/12\/Puerto_de_Vega_Asturias_iglesia_Santa_Marina_ni_WP_04-768x1024.webp\" alt=\"Iglesia de Santa Marina en Puerto de Vega\" class=\"wp-image-184568\" srcset=\"https:\/\/www.escapadarural.com\/blog\/wp-content\/uploads\/2024\/12\/Puerto_de_Vega_Asturias_iglesia_Santa_Marina_ni_WP_04-200x267.webp 200w, https:\/\/www.escapadarural.com\/blog\/wp-content\/uploads\/2024\/12\/Puerto_de_Vega_Asturias_iglesia_Santa_Marina_ni_WP_04-225x300.webp 225w, https:\/\/www.escapadarural.com\/blog\/wp-content\/uploads\/2024\/12\/Puerto_de_Vega_Asturias_iglesia_Santa_Marina_ni_WP_04-400x533.webp 400w, https:\/\/www.escapadarural.com\/blog\/wp-content\/uploads\/2024\/12\/Puerto_de_Vega_Asturias_iglesia_Santa_Marina_ni_WP_04-600x800.webp 600w, https:\/\/www.escapadarural.com\/blog\/wp-content\/uploads\/2024\/12\/Puerto_de_Vega_Asturias_iglesia_Santa_Marina_ni_WP_04-768x1024.webp 768w, https:\/\/www.escapadarural.com\/blog\/wp-content\/uploads\/2024\/12\/Puerto_de_Vega_Asturias_iglesia_Santa_Marina_ni_WP_04-800x1066.webp 800w, https:\/\/www.escapadarural.com\/blog\/wp-content\/uploads\/2024\/12\/Puerto_de_Vega_Asturias_iglesia_Santa_Marina_ni_WP_04.webp 1024w\" sizes=\"auto, (max-width: 768px) 100vw, 768px\" \/><figcaption class=\"wp-element-caption\">Iglesia de Santa Marina en Puerto de Vega. Por <a href=\"https:\/\/commons.wikimedia.org\/wiki\/Category:Church_of_Santa_Marina,_Puerto_de_Vega#\/media\/File:Puerto_de_Vega_Asturias_iglesia_Santa_Marina_ni.JPG\/2\" target=\"_blank\" rel=\"noreferrer noopener nofollow\">Nicol\u00e1s P\u00e9rez<\/a> <\/figcaption><\/figure>\n\n\n\n<p>La vuelta de los emigrados a Am\u00e9rica con dinero en el bolsillo \u2013los \u2018indianos\u2019\u2013 tambi\u00e9n tiene su reflejo en Puerto de Vega, lugar natal de Benigno Blanco. Su familia don\u00f3 las tierras donde ahora est\u00e1 el parque que lleva su nombre, cuya obra se realiz\u00f3 con dinero aportado por los vecinos. Llama la atenci\u00f3n por su <a href=\"https:\/\/www.escapadarural.com\/blog\/destinos-mas-instagrameables-de-espana\/\" title=\"Los 8 destinos m\u00e1s instagrameables para el selfie perfecto\"  data-wpil-monitor-id=\"29\">paisajismo<\/a> y el \u00e1rea infantil.&nbsp;<\/p>\n\n\n\n<p>Para disfrutar de los encantos del pueblo, lo mejor es visitar todos esos puntos de inter\u00e9s con tranquilidad, callejeando entre sus casas de colores y degustar los <strong>sabores mar\u00edtimos<\/strong> m\u00e1s frescos en los muchos restaurantes disponibles.&nbsp;<\/p>\n","protected":false},"excerpt":{"rendered":"<p>Un recorrido por Puerto de Vega, el pueblo asturiano donde se rod\u00f3 la serie La \u00faltima noche en Tremor, basada en la novela hom\u00f3nima. <\/p>\n","protected":false},"author":114,"featured_media":184565,"comment_status":"open","ping_status":"open","sticky":false,"template":"","format":"standard","meta":{"_acf_changed":false,"om_disable_all_campaigns":false,"footnotes":""},"categories":[231],"tags":[246],"class_list":["post-184225","post","type-post","status-publish","format-standard","has-post-thumbnail","hentry","category-arte-y-cultura","tag-que-ver-en-asturias"],"acf":[],"featured_image_src":"https:\/\/www.escapadarural.com\/blog\/wp-content\/uploads\/2024\/12\/AdobeStock_222322565_WP_01.webp","author_info":{"display_name":"Carmen L\u00f3pez","author_link":"https:\/\/www.escapadarural.com\/blog\/autor\/carmenlopez\/"},"yoast_head":"<!-- This site is optimized with the Yoast SEO plugin v27.5 - https:\/\/yoast.com\/product\/yoast-seo-wordpress\/ -->\n<title>Puerto de Vega, el pueblo de \u00a0&#039;La \u00faltima noche en\u00a0Tremor&#039;<\/title>\n<meta name=\"description\" content=\"Un recorrido por Puerto de Vega, el pueblo asturiano donde se rod\u00f3 la serie La \u00faltima noche en Tremor, basada en la novela hom\u00f3nima.\" \/>\n<meta name=\"robots\" content=\"index, follow, max-snippet:-1, max-image-preview:large, max-video-preview:-1\" \/>\n<link rel=\"canonical\" href=\"https:\/\/www.escapadarural.com\/blog\/donde-se-rodo-la-ultima-noche-en-tremor\/\" \/>\n<meta property=\"og:locale\" content=\"es_ES\" \/>\n<meta property=\"og:type\" content=\"article\" \/>\n<meta property=\"og:title\" content=\"Puerto de Vega, el pueblo de \u00a0&#039;La \u00faltima noche en\u00a0Tremor&#039;\" \/>\n<meta property=\"og:description\" content=\"Un recorrido por Puerto de Vega, el pueblo asturiano donde se rod\u00f3 la serie La \u00faltima noche en Tremor, basada en la novela hom\u00f3nima.\" \/>\n<meta property=\"og:url\" content=\"https:\/\/www.escapadarural.com\/blog\/donde-se-rodo-la-ultima-noche-en-tremor\/\" \/>\n<meta property=\"og:site_name\" content=\"Magazine de viajes de EscapadaRural\" \/>\n<meta property=\"article:publisher\" content=\"https:\/\/www.facebook.com\/escapadarural\" \/>\n<meta property=\"article:published_time\" content=\"2024-12-07T06:00:00+00:00\" \/>\n<meta property=\"article:modified_time\" content=\"2024-12-09T12:21:53+00:00\" \/>\n<meta property=\"og:image\" content=\"https:\/\/www.escapadarural.com\/blog\/wp-content\/uploads\/2024\/12\/AdobeStock_222322565_WP_01.webp\" \/>\n\t<meta property=\"og:image:width\" content=\"1024\" \/>\n\t<meta property=\"og:image:height\" content=\"768\" \/>\n\t<meta property=\"og:image:type\" content=\"image\/webp\" \/>\n<meta name=\"author\" content=\"Carmen L\u00f3pez\" \/>\n<meta name=\"twitter:card\" content=\"summary_large_image\" \/>\n<meta name=\"twitter:label1\" content=\"Escrito por\" \/>\n\t<meta name=\"twitter:data1\" content=\"Carmen L\u00f3pez\" \/>\n\t<meta name=\"twitter:label2\" content=\"Tiempo de lectura\" \/>\n\t<meta name=\"twitter:data2\" content=\"7 minutos\" \/>\n<script type=\"application\/ld+json\" class=\"yoast-schema-graph\">{\"@context\":\"https:\\\/\\\/schema.org\",\"@graph\":[{\"@type\":\"Article\",\"@id\":\"https:\\\/\\\/www.escapadarural.com\\\/blog\\\/donde-se-rodo-la-ultima-noche-en-tremor\\\/#article\",\"isPartOf\":{\"@id\":\"https:\\\/\\\/www.escapadarural.com\\\/blog\\\/donde-se-rodo-la-ultima-noche-en-tremor\\\/\"},\"author\":{\"name\":\"Carmen L\u00f3pez\",\"@id\":\"https:\\\/\\\/www.escapadarural.com\\\/blog\\\/#\\\/schema\\\/person\\\/42dfdff6118172efc6a04c8ae599a2ce\"},\"headline\":\"Puerto de Vega, el pueblo de \u00a0&#8216;La \u00faltima noche en\u00a0Tremor&#8217;\",\"datePublished\":\"2024-12-07T06:00:00+00:00\",\"dateModified\":\"2024-12-09T12:21:53+00:00\",\"mainEntityOfPage\":{\"@id\":\"https:\\\/\\\/www.escapadarural.com\\\/blog\\\/donde-se-rodo-la-ultima-noche-en-tremor\\\/\"},\"wordCount\":1073,\"commentCount\":0,\"publisher\":{\"@id\":\"https:\\\/\\\/www.escapadarural.com\\\/blog\\\/#organization\"},\"image\":{\"@id\":\"https:\\\/\\\/www.escapadarural.com\\\/blog\\\/donde-se-rodo-la-ultima-noche-en-tremor\\\/#primaryimage\"},\"thumbnailUrl\":\"https:\\\/\\\/www.escapadarural.com\\\/blog\\\/wp-content\\\/uploads\\\/2024\\\/12\\\/AdobeStock_222322565_WP_01.webp\",\"keywords\":[\"Asturias\"],\"articleSection\":[\"Arte y Cultura\"],\"inLanguage\":\"es\",\"potentialAction\":[{\"@type\":\"CommentAction\",\"name\":\"Comment\",\"target\":[\"https:\\\/\\\/www.escapadarural.com\\\/blog\\\/donde-se-rodo-la-ultima-noche-en-tremor\\\/#respond\"]}]},{\"@type\":\"WebPage\",\"@id\":\"https:\\\/\\\/www.escapadarural.com\\\/blog\\\/donde-se-rodo-la-ultima-noche-en-tremor\\\/\",\"url\":\"https:\\\/\\\/www.escapadarural.com\\\/blog\\\/donde-se-rodo-la-ultima-noche-en-tremor\\\/\",\"name\":\"Puerto de Vega, el pueblo de \u00a0'La \u00faltima noche en\u00a0Tremor'\",\"isPartOf\":{\"@id\":\"https:\\\/\\\/www.escapadarural.com\\\/blog\\\/#website\"},\"primaryImageOfPage\":{\"@id\":\"https:\\\/\\\/www.escapadarural.com\\\/blog\\\/donde-se-rodo-la-ultima-noche-en-tremor\\\/#primaryimage\"},\"image\":{\"@id\":\"https:\\\/\\\/www.escapadarural.com\\\/blog\\\/donde-se-rodo-la-ultima-noche-en-tremor\\\/#primaryimage\"},\"thumbnailUrl\":\"https:\\\/\\\/www.escapadarural.com\\\/blog\\\/wp-content\\\/uploads\\\/2024\\\/12\\\/AdobeStock_222322565_WP_01.webp\",\"datePublished\":\"2024-12-07T06:00:00+00:00\",\"dateModified\":\"2024-12-09T12:21:53+00:00\",\"description\":\"Un recorrido por Puerto de Vega, el pueblo asturiano donde se rod\u00f3 la serie La \u00faltima noche en Tremor, basada en la novela hom\u00f3nima.\",\"breadcrumb\":{\"@id\":\"https:\\\/\\\/www.escapadarural.com\\\/blog\\\/donde-se-rodo-la-ultima-noche-en-tremor\\\/#breadcrumb\"},\"inLanguage\":\"es\",\"potentialAction\":[{\"@type\":\"ReadAction\",\"target\":[\"https:\\\/\\\/www.escapadarural.com\\\/blog\\\/donde-se-rodo-la-ultima-noche-en-tremor\\\/\"]}]},{\"@type\":\"ImageObject\",\"inLanguage\":\"es\",\"@id\":\"https:\\\/\\\/www.escapadarural.com\\\/blog\\\/donde-se-rodo-la-ultima-noche-en-tremor\\\/#primaryimage\",\"url\":\"https:\\\/\\\/www.escapadarural.com\\\/blog\\\/wp-content\\\/uploads\\\/2024\\\/12\\\/AdobeStock_222322565_WP_01.webp\",\"contentUrl\":\"https:\\\/\\\/www.escapadarural.com\\\/blog\\\/wp-content\\\/uploads\\\/2024\\\/12\\\/AdobeStock_222322565_WP_01.webp\",\"width\":1024,\"height\":768,\"caption\":\"Puerto de Vega, uno de los pueblos que han triunfado en la tele en 2024 por La \u00faltima noche en Tremor. Por miff32\"},{\"@type\":\"BreadcrumbList\",\"@id\":\"https:\\\/\\\/www.escapadarural.com\\\/blog\\\/donde-se-rodo-la-ultima-noche-en-tremor\\\/#breadcrumb\",\"itemListElement\":[{\"@type\":\"ListItem\",\"position\":1,\"name\":\"Inicio\",\"item\":\"https:\\\/\\\/www.escapadarural.com\\\/blog\\\/\"},{\"@type\":\"ListItem\",\"position\":2,\"name\":\"Arte y Cultura\",\"item\":\"https:\\\/\\\/www.escapadarural.com\\\/blog\\\/categoria\\\/arte-y-cultura\\\/\"},{\"@type\":\"ListItem\",\"position\":3,\"name\":\"Puerto de Vega, el pueblo de \u00a0&#8216;La \u00faltima noche en\u00a0Tremor&#8217;\"}]},{\"@type\":\"WebSite\",\"@id\":\"https:\\\/\\\/www.escapadarural.com\\\/blog\\\/#website\",\"url\":\"https:\\\/\\\/www.escapadarural.com\\\/blog\\\/\",\"name\":\"Blog de viajes | turismo rural, alojamientos e inspiraci\u00f3n\",\"description\":\"Alojamientos rurales e inspiraci\u00f3n para tus escapadas\",\"publisher\":{\"@id\":\"https:\\\/\\\/www.escapadarural.com\\\/blog\\\/#organization\"},\"alternateName\":\"Magazine de viajes de EscapadaRural\",\"potentialAction\":[{\"@type\":\"SearchAction\",\"target\":{\"@type\":\"EntryPoint\",\"urlTemplate\":\"https:\\\/\\\/www.escapadarural.com\\\/blog\\\/?s={search_term_string}\"},\"query-input\":{\"@type\":\"PropertyValueSpecification\",\"valueRequired\":true,\"valueName\":\"search_term_string\"}}],\"inLanguage\":\"es\"},{\"@type\":\"Organization\",\"@id\":\"https:\\\/\\\/www.escapadarural.com\\\/blog\\\/#organization\",\"name\":\"EscapadaRural\",\"url\":\"https:\\\/\\\/www.escapadarural.com\\\/blog\\\/\",\"logo\":{\"@type\":\"ImageObject\",\"inLanguage\":\"es\",\"@id\":\"https:\\\/\\\/www.escapadarural.com\\\/blog\\\/#\\\/schema\\\/logo\\\/image\\\/\",\"url\":\"https:\\\/\\\/www.escapadarural.com\\\/blog\\\/wp-content\\\/uploads\\\/2024\\\/10\\\/cropped-cropped-escapada-rural-icon-mag-3.png\",\"contentUrl\":\"https:\\\/\\\/www.escapadarural.com\\\/blog\\\/wp-content\\\/uploads\\\/2024\\\/10\\\/cropped-cropped-escapada-rural-icon-mag-3.png\",\"width\":512,\"height\":512,\"caption\":\"EscapadaRural\"},\"image\":{\"@id\":\"https:\\\/\\\/www.escapadarural.com\\\/blog\\\/#\\\/schema\\\/logo\\\/image\\\/\"},\"sameAs\":[\"https:\\\/\\\/www.facebook.com\\\/escapadarural\",\"https:\\\/\\\/www.instagram.com\\\/escapadarural\\\/\",\"https:\\\/\\\/www.youtube.com\\\/@escapadaruralcom\"]},{\"@type\":\"Person\",\"@id\":\"https:\\\/\\\/www.escapadarural.com\\\/blog\\\/#\\\/schema\\\/person\\\/42dfdff6118172efc6a04c8ae599a2ce\",\"name\":\"Carmen L\u00f3pez\",\"image\":{\"@type\":\"ImageObject\",\"inLanguage\":\"es\",\"@id\":\"https:\\\/\\\/www.escapadarural.com\\\/blog\\\/wp-content\\\/uploads\\\/2024\\\/11\\\/cropped-perfil_eldiario-96x96-1-96x96.jpeg\",\"url\":\"https:\\\/\\\/www.escapadarural.com\\\/blog\\\/wp-content\\\/uploads\\\/2024\\\/11\\\/cropped-perfil_eldiario-96x96-1-96x96.jpeg\",\"contentUrl\":\"https:\\\/\\\/www.escapadarural.com\\\/blog\\\/wp-content\\\/uploads\\\/2024\\\/11\\\/cropped-perfil_eldiario-96x96-1-96x96.jpeg\",\"caption\":\"Carmen L\u00f3pez\"},\"description\":\"Soy periodista y escribo sobre cosas que importan en sitios que interesan desde hace m\u00e1s de una d\u00e9cada.\",\"url\":\"https:\\\/\\\/www.escapadarural.com\\\/blog\\\/autor\\\/carmenlopez\\\/\"}]}<\/script>\n<!-- \/ Yoast SEO plugin. -->","yoast_head_json":{"title":"Puerto de Vega, el pueblo de \u00a0'La \u00faltima noche en\u00a0Tremor'","description":"Un recorrido por Puerto de Vega, el pueblo asturiano donde se rod\u00f3 la serie La \u00faltima noche en Tremor, basada en la novela hom\u00f3nima.","robots":{"index":"index","follow":"follow","max-snippet":"max-snippet:-1","max-image-preview":"max-image-preview:large","max-video-preview":"max-video-preview:-1"},"canonical":"https:\/\/www.escapadarural.com\/blog\/donde-se-rodo-la-ultima-noche-en-tremor\/","og_locale":"es_ES","og_type":"article","og_title":"Puerto de Vega, el pueblo de \u00a0'La \u00faltima noche en\u00a0Tremor'","og_description":"Un recorrido por Puerto de Vega, el pueblo asturiano donde se rod\u00f3 la serie La \u00faltima noche en Tremor, basada en la novela hom\u00f3nima.","og_url":"https:\/\/www.escapadarural.com\/blog\/donde-se-rodo-la-ultima-noche-en-tremor\/","og_site_name":"Magazine de viajes de EscapadaRural","article_publisher":"https:\/\/www.facebook.com\/escapadarural","article_published_time":"2024-12-07T06:00:00+00:00","article_modified_time":"2024-12-09T12:21:53+00:00","og_image":[{"width":1024,"height":768,"url":"https:\/\/www.escapadarural.com\/blog\/wp-content\/uploads\/2024\/12\/AdobeStock_222322565_WP_01.webp","type":"image\/webp"}],"author":"Carmen L\u00f3pez","twitter_card":"summary_large_image","twitter_misc":{"Escrito por":"Carmen L\u00f3pez","Tiempo de lectura":"7 minutos"},"schema":{"@context":"https:\/\/schema.org","@graph":[{"@type":"Article","@id":"https:\/\/www.escapadarural.com\/blog\/donde-se-rodo-la-ultima-noche-en-tremor\/#article","isPartOf":{"@id":"https:\/\/www.escapadarural.com\/blog\/donde-se-rodo-la-ultima-noche-en-tremor\/"},"author":{"name":"Carmen L\u00f3pez","@id":"https:\/\/www.escapadarural.com\/blog\/#\/schema\/person\/42dfdff6118172efc6a04c8ae599a2ce"},"headline":"Puerto de Vega, el pueblo de \u00a0&#8216;La \u00faltima noche en\u00a0Tremor&#8217;","datePublished":"2024-12-07T06:00:00+00:00","dateModified":"2024-12-09T12:21:53+00:00","mainEntityOfPage":{"@id":"https:\/\/www.escapadarural.com\/blog\/donde-se-rodo-la-ultima-noche-en-tremor\/"},"wordCount":1073,"commentCount":0,"publisher":{"@id":"https:\/\/www.escapadarural.com\/blog\/#organization"},"image":{"@id":"https:\/\/www.escapadarural.com\/blog\/donde-se-rodo-la-ultima-noche-en-tremor\/#primaryimage"},"thumbnailUrl":"https:\/\/www.escapadarural.com\/blog\/wp-content\/uploads\/2024\/12\/AdobeStock_222322565_WP_01.webp","keywords":["Asturias"],"articleSection":["Arte y Cultura"],"inLanguage":"es","potentialAction":[{"@type":"CommentAction","name":"Comment","target":["https:\/\/www.escapadarural.com\/blog\/donde-se-rodo-la-ultima-noche-en-tremor\/#respond"]}]},{"@type":"WebPage","@id":"https:\/\/www.escapadarural.com\/blog\/donde-se-rodo-la-ultima-noche-en-tremor\/","url":"https:\/\/www.escapadarural.com\/blog\/donde-se-rodo-la-ultima-noche-en-tremor\/","name":"Puerto de Vega, el pueblo de \u00a0'La \u00faltima noche en\u00a0Tremor'","isPartOf":{"@id":"https:\/\/www.escapadarural.com\/blog\/#website"},"primaryImageOfPage":{"@id":"https:\/\/www.escapadarural.com\/blog\/donde-se-rodo-la-ultima-noche-en-tremor\/#primaryimage"},"image":{"@id":"https:\/\/www.escapadarural.com\/blog\/donde-se-rodo-la-ultima-noche-en-tremor\/#primaryimage"},"thumbnailUrl":"https:\/\/www.escapadarural.com\/blog\/wp-content\/uploads\/2024\/12\/AdobeStock_222322565_WP_01.webp","datePublished":"2024-12-07T06:00:00+00:00","dateModified":"2024-12-09T12:21:53+00:00","description":"Un recorrido por Puerto de Vega, el pueblo asturiano donde se rod\u00f3 la serie La \u00faltima noche en Tremor, basada en la novela hom\u00f3nima.","breadcrumb":{"@id":"https:\/\/www.escapadarural.com\/blog\/donde-se-rodo-la-ultima-noche-en-tremor\/#breadcrumb"},"inLanguage":"es","potentialAction":[{"@type":"ReadAction","target":["https:\/\/www.escapadarural.com\/blog\/donde-se-rodo-la-ultima-noche-en-tremor\/"]}]},{"@type":"ImageObject","inLanguage":"es","@id":"https:\/\/www.escapadarural.com\/blog\/donde-se-rodo-la-ultima-noche-en-tremor\/#primaryimage","url":"https:\/\/www.escapadarural.com\/blog\/wp-content\/uploads\/2024\/12\/AdobeStock_222322565_WP_01.webp","contentUrl":"https:\/\/www.escapadarural.com\/blog\/wp-content\/uploads\/2024\/12\/AdobeStock_222322565_WP_01.webp","width":1024,"height":768,"caption":"Puerto de Vega, uno de los pueblos que han triunfado en la tele en 2024 por La \u00faltima noche en Tremor. Por miff32"},{"@type":"BreadcrumbList","@id":"https:\/\/www.escapadarural.com\/blog\/donde-se-rodo-la-ultima-noche-en-tremor\/#breadcrumb","itemListElement":[{"@type":"ListItem","position":1,"name":"Inicio","item":"https:\/\/www.escapadarural.com\/blog\/"},{"@type":"ListItem","position":2,"name":"Arte y Cultura","item":"https:\/\/www.escapadarural.com\/blog\/categoria\/arte-y-cultura\/"},{"@type":"ListItem","position":3,"name":"Puerto de Vega, el pueblo de \u00a0&#8216;La \u00faltima noche en\u00a0Tremor&#8217;"}]},{"@type":"WebSite","@id":"https:\/\/www.escapadarural.com\/blog\/#website","url":"https:\/\/www.escapadarural.com\/blog\/","name":"Blog de viajes | turismo rural, alojamientos e inspiraci\u00f3n","description":"Alojamientos rurales e inspiraci\u00f3n para tus escapadas","publisher":{"@id":"https:\/\/www.escapadarural.com\/blog\/#organization"},"alternateName":"Magazine de viajes de EscapadaRural","potentialAction":[{"@type":"SearchAction","target":{"@type":"EntryPoint","urlTemplate":"https:\/\/www.escapadarural.com\/blog\/?s={search_term_string}"},"query-input":{"@type":"PropertyValueSpecification","valueRequired":true,"valueName":"search_term_string"}}],"inLanguage":"es"},{"@type":"Organization","@id":"https:\/\/www.escapadarural.com\/blog\/#organization","name":"EscapadaRural","url":"https:\/\/www.escapadarural.com\/blog\/","logo":{"@type":"ImageObject","inLanguage":"es","@id":"https:\/\/www.escapadarural.com\/blog\/#\/schema\/logo\/image\/","url":"https:\/\/www.escapadarural.com\/blog\/wp-content\/uploads\/2024\/10\/cropped-cropped-escapada-rural-icon-mag-3.png","contentUrl":"https:\/\/www.escapadarural.com\/blog\/wp-content\/uploads\/2024\/10\/cropped-cropped-escapada-rural-icon-mag-3.png","width":512,"height":512,"caption":"EscapadaRural"},"image":{"@id":"https:\/\/www.escapadarural.com\/blog\/#\/schema\/logo\/image\/"},"sameAs":["https:\/\/www.facebook.com\/escapadarural","https:\/\/www.instagram.com\/escapadarural\/","https:\/\/www.youtube.com\/@escapadaruralcom"]},{"@type":"Person","@id":"https:\/\/www.escapadarural.com\/blog\/#\/schema\/person\/42dfdff6118172efc6a04c8ae599a2ce","name":"Carmen L\u00f3pez","image":{"@type":"ImageObject","inLanguage":"es","@id":"https:\/\/www.escapadarural.com\/blog\/wp-content\/uploads\/2024\/11\/cropped-perfil_eldiario-96x96-1-96x96.jpeg","url":"https:\/\/www.escapadarural.com\/blog\/wp-content\/uploads\/2024\/11\/cropped-perfil_eldiario-96x96-1-96x96.jpeg","contentUrl":"https:\/\/www.escapadarural.com\/blog\/wp-content\/uploads\/2024\/11\/cropped-perfil_eldiario-96x96-1-96x96.jpeg","caption":"Carmen L\u00f3pez"},"description":"Soy periodista y escribo sobre cosas que importan en sitios que interesan desde hace m\u00e1s de una d\u00e9cada.","url":"https:\/\/www.escapadarural.com\/blog\/autor\/carmenlopez\/"}]}},"_links":{"self":[{"href":"https:\/\/www.escapadarural.com\/blog\/wp-json\/wp\/v2\/posts\/184225","targetHints":{"allow":["GET"]}}],"collection":[{"href":"https:\/\/www.escapadarural.com\/blog\/wp-json\/wp\/v2\/posts"}],"about":[{"href":"https:\/\/www.escapadarural.com\/blog\/wp-json\/wp\/v2\/types\/post"}],"author":[{"embeddable":true,"href":"https:\/\/www.escapadarural.com\/blog\/wp-json\/wp\/v2\/users\/114"}],"replies":[{"embeddable":true,"href":"https:\/\/www.escapadarural.com\/blog\/wp-json\/wp\/v2\/comments?post=184225"}],"version-history":[{"count":0,"href":"https:\/\/www.escapadarural.com\/blog\/wp-json\/wp\/v2\/posts\/184225\/revisions"}],"wp:featuredmedia":[{"embeddable":true,"href":"https:\/\/www.escapadarural.com\/blog\/wp-json\/wp\/v2\/media\/184565"}],"wp:attachment":[{"href":"https:\/\/www.escapadarural.com\/blog\/wp-json\/wp\/v2\/media?parent=184225"}],"wp:term":[{"taxonomy":"category","embeddable":true,"href":"https:\/\/www.escapadarural.com\/blog\/wp-json\/wp\/v2\/categories?post=184225"},{"taxonomy":"post_tag","embeddable":true,"href":"https:\/\/www.escapadarural.com\/blog\/wp-json\/wp\/v2\/tags?post=184225"}],"curies":[{"name":"wp","href":"https:\/\/api.w.org\/{rel}","templated":true}]}}