{"id":184730,"date":"2024-12-27T12:00:00","date_gmt":"2024-12-27T10:00:00","guid":{"rendered":"https:\/\/www.escapadarural.com\/blog\/?p=184730"},"modified":"2024-12-27T11:33:29","modified_gmt":"2024-12-27T09:33:29","slug":"planes-para-un-fin-de-ano-diferente","status":"publish","type":"post","link":"https:\/\/www.escapadarural.com\/blog\/planes-para-un-fin-de-ano-diferente\/","title":{"rendered":"\u00bfTe atreves con un Fin de A\u00f1o diferente?"},"content":{"rendered":"\n<figure class=\"wp-block-image size-full\"><img loading=\"lazy\" decoding=\"async\" width=\"1024\" height=\"583\" src=\"https:\/\/www.escapadarural.com\/blog\/wp-content\/uploads\/2024\/12\/adobestock_1000590095_WP_01.webp\" alt=\"Se acerca Fin de A\u00f1o. Por Thoung\" class=\"wp-image-184777\" srcset=\"https:\/\/www.escapadarural.com\/blog\/wp-content\/uploads\/2024\/12\/adobestock_1000590095_WP_01-200x114.webp 200w, https:\/\/www.escapadarural.com\/blog\/wp-content\/uploads\/2024\/12\/adobestock_1000590095_WP_01-300x171.webp 300w, https:\/\/www.escapadarural.com\/blog\/wp-content\/uploads\/2024\/12\/adobestock_1000590095_WP_01-400x228.webp 400w, https:\/\/www.escapadarural.com\/blog\/wp-content\/uploads\/2024\/12\/adobestock_1000590095_WP_01-600x342.webp 600w, https:\/\/www.escapadarural.com\/blog\/wp-content\/uploads\/2024\/12\/adobestock_1000590095_WP_01-768x437.webp 768w, https:\/\/www.escapadarural.com\/blog\/wp-content\/uploads\/2024\/12\/adobestock_1000590095_WP_01-800x455.webp 800w, https:\/\/www.escapadarural.com\/blog\/wp-content\/uploads\/2024\/12\/adobestock_1000590095_WP_01.webp 1024w\" sizes=\"auto, (max-width: 1024px) 100vw, 1024px\" \/><figcaption class=\"wp-element-caption\">Se acerca Fin de A\u00f1o. Por Thoung<\/figcaption><\/figure>\n\n\n\n<p>Empieza la <strong>cuenta atr\u00e1s para dar carpetazo a 2023 <\/strong>y todos queremos despedirlo por todo lo alto. Da igual si ha sido un buen a\u00f1o o si han sido los 365 d\u00edas m\u00e1s nefastos de tu vida. El caso es que, como buenos espa\u00f1oles,<strong> montaremos un buen sarao en Fin de A\u00f1o<\/strong>. Y con ese objetivo EscapadaRural ha preparado para ti este art\u00edculo recopilatorio con los <em>posts<\/em> m\u00e1s curiosos sobre<strong> la noche de las doce uvas<\/strong>. En \u00e9l te hablaremos de tradiciones at\u00edpicas para esta Nochevieja, c\u00f3mo celebrarla en plena naturaleza o, incluso, festejar esta noche m\u00e1gica en agosto y en tirantes. Sin salir de nuestras fronteras, claro. \u00bfNos acompa\u00f1as?<\/p>\n\n\n\n<div class=\"wp-block-buttons is-layout-flex wp-block-buttons-is-layout-flex\">\n<div class=\"wp-block-button\"><a class=\"wp-block-button__link wp-element-button\" href=\"\/casas-rurales-en-nochevieja\">Reserva tu alojamiento rural para Fin de A\u00f1o<\/a><\/div>\n<\/div>\n\n\n\n<h2 class=\"wp-block-heading\" id=\"h-berchules-o-como-celebrar-fin-de-ano-en-agosto\">B\u00e9rchules, o c\u00f3mo celebrar Fin de A\u00f1o en agosto<\/h2>\n\n\n\n<figure class=\"wp-block-image size-full\"><img loading=\"lazy\" decoding=\"async\" width=\"1024\" height=\"685\" src=\"https:\/\/www.escapadarural.com\/blog\/wp-content\/uploads\/2024\/12\/berchules4-1_WP_03.webp\" alt=\"Por ABNEA \u2013 Asociaci\u00f3n Berchulera de Nochevieja en agosto\" class=\"wp-image-184780\" srcset=\"https:\/\/www.escapadarural.com\/blog\/wp-content\/uploads\/2024\/12\/berchules4-1_WP_03-200x134.webp 200w, https:\/\/www.escapadarural.com\/blog\/wp-content\/uploads\/2024\/12\/berchules4-1_WP_03-300x201.webp 300w, https:\/\/www.escapadarural.com\/blog\/wp-content\/uploads\/2024\/12\/berchules4-1_WP_03-400x268.webp 400w, https:\/\/www.escapadarural.com\/blog\/wp-content\/uploads\/2024\/12\/berchules4-1_WP_03-600x401.webp 600w, https:\/\/www.escapadarural.com\/blog\/wp-content\/uploads\/2024\/12\/berchules4-1_WP_03-768x514.webp 768w, https:\/\/www.escapadarural.com\/blog\/wp-content\/uploads\/2024\/12\/berchules4-1_WP_03-800x535.webp 800w, https:\/\/www.escapadarural.com\/blog\/wp-content\/uploads\/2024\/12\/berchules4-1_WP_03.webp 1024w\" sizes=\"auto, (max-width: 1024px) 100vw, 1024px\" \/><figcaption class=\"wp-element-caption\">Por ABNEA \u2013 Asociaci\u00f3n Berchulera de Nochevieja en agosto<\/figcaption><\/figure>\n\n\n\n<p>Una de las cosas que puede llegar a empa\u00f1ar <strong>un Fin de A\u00f1o m\u00e1gico<\/strong>, es el fr\u00edo. Ese modelito que est\u00e1s deseando estrenar y para el que llevas meses entrenando en el <em>gym<\/em> puede ser todo un calvario si al term\u00f3metro le da por desplomarse m\u00e1s de la cuenta. As\u00ed que nos parece que la opci\u00f3n de despedir el a\u00f1o en <a href=\"\/casas-rurales\/berchules\">B\u00e9rchules<\/a> (Granada) resulta bastante atractiva. \u00bfSab\u00edas que <a href=\"https:\/\/www.escapadarural.com\/blog\/berchules-celebra-nochevieja-en-agosto\/\">en este pueblo de Sierra Nevada se celebra la Nochevieja en agosto<\/a>?<\/p>\n\n\n\n<p>Pues s\u00ed, un apag\u00f3n el 31 de diciembre de 1994 hizo que los vecinos de este pueblo granadino se quedasen a oscuras durante las campanadas. Eso conllev\u00f3, no solo a que no pudiesen dar la bienvenida al A\u00f1o Nuevo, sino que tambi\u00e9n supuso el cierre de todos los locales de ocio que aguardaban la llegada de la gente despu\u00e9s de las uvas. Desde entonces, los berchuleros y berchuleras celebran<strong> la noche m\u00e1s m\u00e1gica del a\u00f1o en manga corta<\/strong> o tirantes, en pleno agosto.<\/p>\n\n\n\n<h2 class=\"wp-block-heading\" id=\"h-disfruta-de-las-campanadas-en-plena-naturaleza\">Disfruta de las campanadas en plena naturaleza<\/h2>\n\n\n\n<figure class=\"wp-block-image size-full\"><img loading=\"lazy\" decoding=\"async\" width=\"1024\" height=\"590\" src=\"https:\/\/www.escapadarural.com\/blog\/wp-content\/uploads\/2024\/12\/adobestock_179247951-1024x590-1_WP_05.webp\" alt=\"Parque Natural de Somiedo. Por: Sergio Mart\u00ednez\" class=\"wp-image-184792\" srcset=\"https:\/\/www.escapadarural.com\/blog\/wp-content\/uploads\/2024\/12\/adobestock_179247951-1024x590-1_WP_05-200x115.webp 200w, https:\/\/www.escapadarural.com\/blog\/wp-content\/uploads\/2024\/12\/adobestock_179247951-1024x590-1_WP_05-300x173.webp 300w, https:\/\/www.escapadarural.com\/blog\/wp-content\/uploads\/2024\/12\/adobestock_179247951-1024x590-1_WP_05-400x230.webp 400w, https:\/\/www.escapadarural.com\/blog\/wp-content\/uploads\/2024\/12\/adobestock_179247951-1024x590-1_WP_05-600x346.webp 600w, https:\/\/www.escapadarural.com\/blog\/wp-content\/uploads\/2024\/12\/adobestock_179247951-1024x590-1_WP_05-768x443.webp 768w, https:\/\/www.escapadarural.com\/blog\/wp-content\/uploads\/2024\/12\/adobestock_179247951-1024x590-1_WP_05-800x461.webp 800w, https:\/\/www.escapadarural.com\/blog\/wp-content\/uploads\/2024\/12\/adobestock_179247951-1024x590-1_WP_05.webp 1024w\" sizes=\"auto, (max-width: 1024px) 100vw, 1024px\" \/><figcaption class=\"wp-element-caption\">Parque Natural de Somiedo. Por: Sergio Mart\u00ednez<\/figcaption><\/figure>\n\n\n\n<p>Cada vez son m\u00e1s las personas que huyen del <strong>bullicio en \u00e9poca navide\u00f1a<\/strong>. Si eres de los que sue\u00f1a con huir del repertorio de<strong> villancicos que suena en cada tienda<\/strong> de ropa a la que entras, de las largas colas en caja y de las calles sin un solo aparcamiento libre, tenemos algo importante que contarte. Como sabes, en ER encontrar\u00e1s un gran repertorio de alojamientos rurales para que tus escapadas sean una experiencia inolvidable. Y, por supuesto, tambi\u00e9n en Navidad. \u00bfImaginas comerte las uvas <a href=\"https:\/\/www.escapadarural.com\/blog\/celebra-nochevieja-en-la-naturaleza\/\">en plena naturaleza<\/a>? Aqu\u00ed van dos propuestas diferentes que te dejar\u00e1n sin aliento.<\/p>\n\n\n\n<h3 class=\"wp-block-heading\" id=\"h-nochevieja-en-el-corazon-de-sierra-nevada\">Nochevieja en el coraz\u00f3n de Sierra Nevada<\/h3>\n\n\n\n<figure class=\"wp-block-image size-full\"><img loading=\"lazy\" decoding=\"async\" width=\"1024\" height=\"683\" src=\"https:\/\/www.escapadarural.com\/blog\/wp-content\/uploads\/2024\/12\/adobestock_122864828-scaled_WP_02.webp\" alt=\"Celebra Fin de A\u00f1o en Sierra Nevada. Por: Irina Sen\" class=\"wp-image-184794\" srcset=\"https:\/\/www.escapadarural.com\/blog\/wp-content\/uploads\/2024\/12\/adobestock_122864828-scaled_WP_02-200x133.webp 200w, https:\/\/www.escapadarural.com\/blog\/wp-content\/uploads\/2024\/12\/adobestock_122864828-scaled_WP_02-300x200.webp 300w, https:\/\/www.escapadarural.com\/blog\/wp-content\/uploads\/2024\/12\/adobestock_122864828-scaled_WP_02-400x267.webp 400w, https:\/\/www.escapadarural.com\/blog\/wp-content\/uploads\/2024\/12\/adobestock_122864828-scaled_WP_02-600x400.webp 600w, https:\/\/www.escapadarural.com\/blog\/wp-content\/uploads\/2024\/12\/adobestock_122864828-scaled_WP_02-768x512.webp 768w, https:\/\/www.escapadarural.com\/blog\/wp-content\/uploads\/2024\/12\/adobestock_122864828-scaled_WP_02-800x534.webp 800w, https:\/\/www.escapadarural.com\/blog\/wp-content\/uploads\/2024\/12\/adobestock_122864828-scaled_WP_02.webp 1024w\" sizes=\"auto, (max-width: 1024px) 100vw, 1024px\" \/><figcaption class=\"wp-element-caption\">Celebra el Fin de A\u00f1o en Sierra Nevada. Por: Irina Sen<\/figcaption><\/figure>\n\n\n\n<p>Antes te hablamos de B\u00e9rchules y su particular &#8216;Navidad estival&#8217;. Sin embargo, no podemos olvidarnos de otros planes capaces de convertir tu Fin de A\u00f1o en una experiencia insuperable en plena <a href=\"\/casas-rurales-sierra-nevada-baratas\">Sierra Nevada<\/a> (Granada). Y es que tambi\u00e9n es posible disfrutar de lo lindo abrigado hasta las pesta\u00f1as. As\u00ed, ER te recomienda buscar un alojamiento en Sierra Nevada, un paraje natural en el que encontrar\u00e1s los picos m\u00e1s altos de la Pen\u00ednsula Ib\u00e9rica, <strong>la Veleta y el Mulhac\u00e9n <\/strong>con<strong> 3.394 y 3.478 metros de altura<\/strong> respectivamente. <\/p>\n\n\n\n<h3 class=\"wp-block-heading\" id=\"h-fin-de-ano-en-la-isla-de-el-hierro\">Fin de A\u00f1o en la isla de El Hierro<\/h3>\n\n\n\n<figure class=\"wp-block-image size-full\"><img loading=\"lazy\" decoding=\"async\" width=\"1024\" height=\"682\" src=\"https:\/\/www.escapadarural.com\/blog\/wp-content\/uploads\/2024\/12\/faro-orchilla-el-hierro-2_WP_06.webp\" alt=\"Por: Turismo Islas Canarias\" class=\"wp-image-184783\" srcset=\"https:\/\/www.escapadarural.com\/blog\/wp-content\/uploads\/2024\/12\/faro-orchilla-el-hierro-2_WP_06-200x133.webp 200w, https:\/\/www.escapadarural.com\/blog\/wp-content\/uploads\/2024\/12\/faro-orchilla-el-hierro-2_WP_06-300x200.webp 300w, https:\/\/www.escapadarural.com\/blog\/wp-content\/uploads\/2024\/12\/faro-orchilla-el-hierro-2_WP_06-400x266.webp 400w, https:\/\/www.escapadarural.com\/blog\/wp-content\/uploads\/2024\/12\/faro-orchilla-el-hierro-2_WP_06-600x400.webp 600w, https:\/\/www.escapadarural.com\/blog\/wp-content\/uploads\/2024\/12\/faro-orchilla-el-hierro-2_WP_06-768x512.webp 768w, https:\/\/www.escapadarural.com\/blog\/wp-content\/uploads\/2024\/12\/faro-orchilla-el-hierro-2_WP_06-800x533.webp 800w, https:\/\/www.escapadarural.com\/blog\/wp-content\/uploads\/2024\/12\/faro-orchilla-el-hierro-2_WP_06.webp 1024w\" sizes=\"auto, (max-width: 1024px) 100vw, 1024px\" \/><figcaption class=\"wp-element-caption\">Por: Turismo Islas Canarias<\/figcaption><\/figure>\n\n\n\n<p>Y de Sierra Nevada nos vamos a la isla canaria de <a href=\"\/casas-rurales-grupos-el-hierro\">El Hierro<\/a>, donde podr\u00e1s disfrutar de <strong>un Fin de A\u00f1o \u00e9pico<\/strong> en compa\u00f1\u00eda de familiares o amigos y rodeado de mar. Seg\u00fan el Gobierno de Canarias, a pesar de ser la isla menor del archipi\u00e9lago, es la que cuenta con m\u00e1s superficie de espacios naturales, por lo que naturaleza vas a tener para rato.<\/p>\n\n\n\n<p>Si te atrae esta idea, te recomendamos echar un vistazo a los <a href=\"\/casas-rurales\/frontera\">alojamientos en Frontera<\/a>, en el valle del Golfo, uno de los lugares m\u00e1s bellos de la isla tinerfe\u00f1a. All\u00ed encontrar\u00e1s parajes singulares que ser\u00e1s incapaz de olvidar. Entre ellos, el <strong>Charco Azul<\/strong>, accesible por una escalera sobre el mar y sin duda uno de los lugares m\u00e1s espectaculares de la isla m\u00e1s peque\u00f1a de Canarias. Tambi\u00e9n<strong>&nbsp;Los Sargos<\/strong>, una bonita cala de aguas cristalinas rodeada de ca\u00f1ones volc\u00e1nicos.<\/p>\n\n\n\n<h2 class=\"wp-block-heading\" id=\"h-celebra-la-noche-de-las-12-uvas-de-forma-original\">Celebra la noche de las 12 uvas de forma original <\/h2>\n\n\n\n<figure class=\"wp-block-image size-full\"><img loading=\"lazy\" decoding=\"async\" width=\"1024\" height=\"683\" src=\"https:\/\/www.escapadarural.com\/blog\/wp-content\/uploads\/2024\/12\/nochevieja-1-1_WP_01.webp\" alt=\"Por shutterstock\" class=\"wp-image-184798\" srcset=\"https:\/\/www.escapadarural.com\/blog\/wp-content\/uploads\/2024\/12\/nochevieja-1-1_WP_01-200x133.webp 200w, https:\/\/www.escapadarural.com\/blog\/wp-content\/uploads\/2024\/12\/nochevieja-1-1_WP_01-300x200.webp 300w, https:\/\/www.escapadarural.com\/blog\/wp-content\/uploads\/2024\/12\/nochevieja-1-1_WP_01-400x267.webp 400w, https:\/\/www.escapadarural.com\/blog\/wp-content\/uploads\/2024\/12\/nochevieja-1-1_WP_01-600x400.webp 600w, https:\/\/www.escapadarural.com\/blog\/wp-content\/uploads\/2024\/12\/nochevieja-1-1_WP_01-768x512.webp 768w, https:\/\/www.escapadarural.com\/blog\/wp-content\/uploads\/2024\/12\/nochevieja-1-1_WP_01-800x534.webp 800w, https:\/\/www.escapadarural.com\/blog\/wp-content\/uploads\/2024\/12\/nochevieja-1-1_WP_01.webp 1024w\" sizes=\"auto, (max-width: 1024px) 100vw, 1024px\" \/><figcaption class=\"wp-element-caption\">Por shutterstock<\/figcaption><\/figure>\n\n\n\n<p>Si hay algo que nos apasiona realmente es proponerte planes diferentes para que tu escapada sea todo un \u00e9xito. As\u00ed, en esta ocasi\u00f3n te hablamos de algunas formas &#8216;curiosas&#8217; de festejar la noche de las campanadas. En este <em><a href=\"https:\/\/www.escapadarural.com\/blog\/casas-rurales-para-pasar-fin-de-ano\/?gad_source=1&amp;gclid=Cj0KCQiAx9q6BhCDARIsACwUxu6Y9Dx_zzGLJ-jWwgTzfjSnz6TAquG66D9FgOrcEjsMMvcJbNpA3I8aAmBzEALw_wcB\">post<\/a><\/em> te hablamos de 8 formas algo at\u00edpicas de celebrar la Nochevieja. Recuperamos algunas de ellas que seguro que te van a encantar.<\/p>\n\n\n\n<h3 class=\"wp-block-heading\" id=\"h-comete-las-uvas-en-una-cabana-en-un-arbol\">C\u00f3mete las uvas en una caba\u00f1a en un \u00e1rbol<\/h3>\n\n\n\n<figure class=\"wp-block-image size-full\"><img loading=\"lazy\" decoding=\"async\" width=\"1024\" height=\"685\" src=\"https:\/\/www.escapadarural.com\/blog\/wp-content\/uploads\/2024\/12\/mirador_mancha-1_WP_01.webp\" alt=\"Caba\u00f1as en los \u00e1rboles: El Mirador de la Mancha\" class=\"wp-image-184851\" srcset=\"https:\/\/www.escapadarural.com\/blog\/wp-content\/uploads\/2024\/12\/mirador_mancha-1_WP_01-200x134.webp 200w, https:\/\/www.escapadarural.com\/blog\/wp-content\/uploads\/2024\/12\/mirador_mancha-1_WP_01-300x201.webp 300w, https:\/\/www.escapadarural.com\/blog\/wp-content\/uploads\/2024\/12\/mirador_mancha-1_WP_01-400x268.webp 400w, https:\/\/www.escapadarural.com\/blog\/wp-content\/uploads\/2024\/12\/mirador_mancha-1_WP_01-600x401.webp 600w, https:\/\/www.escapadarural.com\/blog\/wp-content\/uploads\/2024\/12\/mirador_mancha-1_WP_01-768x514.webp 768w, https:\/\/www.escapadarural.com\/blog\/wp-content\/uploads\/2024\/12\/mirador_mancha-1_WP_01-800x535.webp 800w, https:\/\/www.escapadarural.com\/blog\/wp-content\/uploads\/2024\/12\/mirador_mancha-1_WP_01.webp 1024w\" sizes=\"auto, (max-width: 1024px) 100vw, 1024px\" \/><figcaption class=\"wp-element-caption\">Caba\u00f1as en los \u00e1rboles: El Mirador de la Mancha<\/figcaption><\/figure>\n\n\n\n<p>Ya sabes que en ER nos encanta proponerte planes divertidos y curiosos, as\u00ed que no pod\u00edamos dejar de recomendarte comer las uvas de Fin de A\u00f1o en una <a href=\"\/casas-rurales-para-dormir-en-los-arboles\/\">caba\u00f1a en un \u00e1rbol<\/a>. No sabemos si atraer\u00e1s o no a la fortuna, pero de lo que estamos seguros es de que vivir\u00e1s una Nochevieja \u00fanica.<\/p>\n\n\n\n<h3 class=\"wp-block-heading\" id=\"h-campanadas-en-el-bosque\">Campanadas en el bosque<\/h3>\n\n\n\n<figure class=\"wp-block-image size-full\"><img loading=\"lazy\" decoding=\"async\" width=\"1024\" height=\"774\" src=\"https:\/\/www.escapadarural.com\/blog\/wp-content\/uploads\/2024\/12\/the_seven_dwarfs_disney_WP_19.webp\" alt=\"Los siete enanitos. Por Walt Disney\" class=\"wp-image-184838\" srcset=\"https:\/\/www.escapadarural.com\/blog\/wp-content\/uploads\/2024\/12\/the_seven_dwarfs_disney_WP_19-200x151.webp 200w, https:\/\/www.escapadarural.com\/blog\/wp-content\/uploads\/2024\/12\/the_seven_dwarfs_disney_WP_19-300x227.webp 300w, https:\/\/www.escapadarural.com\/blog\/wp-content\/uploads\/2024\/12\/the_seven_dwarfs_disney_WP_19-400x302.webp 400w, https:\/\/www.escapadarural.com\/blog\/wp-content\/uploads\/2024\/12\/the_seven_dwarfs_disney_WP_19-600x454.webp 600w, https:\/\/www.escapadarural.com\/blog\/wp-content\/uploads\/2024\/12\/the_seven_dwarfs_disney_WP_19-768x581.webp 768w, https:\/\/www.escapadarural.com\/blog\/wp-content\/uploads\/2024\/12\/the_seven_dwarfs_disney_WP_19-800x605.webp 800w, https:\/\/www.escapadarural.com\/blog\/wp-content\/uploads\/2024\/12\/the_seven_dwarfs_disney_WP_19.webp 1024w\" sizes=\"auto, (max-width: 1024px) 100vw, 1024px\" \/><figcaption class=\"wp-element-caption\">Los siete enanitos. Por <a href=\"https:\/\/commons.wikimedia.org\/wiki\/File:The_Seven_Dwarfs_Disney.jpg\" target=\"_blank\" rel=\"noreferrer noopener\">Walt Disney<\/a><\/figcaption><\/figure>\n\n\n\n<p>\u00bfTe imaginas dar la bienvenida al nuevo a\u00f1o en pleno bosque? Pues nada es imposible y con ER tienes la posibilidad de <strong>comerte las uvas en un paraje digno de ser el escenario de Blancanieves y los siete enanitos<\/strong>. Te proponemos ideas para alojarte en <a href=\"\/casas-rurales\/el-bosque\">una casa en el bosque<\/a> y, si todav\u00eda buscas algo m\u00e1s elaborado, solo tienes que decirlo porque tenemos el lugar perfecto para ti, sean cuales sean tus gustos. \u00bfQuieres dormir en un <a href=\"\/casas-rurales-rehabilitadas-que-fueron-molinos\/\">molino <\/a>o un <a href=\"https:\/\/www.escapadarural.com\/blog\/castillos-donde-dormir\/\">castillo<\/a>? Eso est\u00e1 hecho.<\/p>\n\n\n\n<h2 class=\"wp-block-heading\" id=\"h-acabamos-con-un-tour-por-las-nocheviejas-mas-curiosas-del-mundo\">Acabamos con un tour por las Nocheviejas &#8216;m\u00e1s curiosas&#8217; del mundo<\/h2>\n\n\n\n<figure class=\"wp-block-image size-full\"><img loading=\"lazy\" decoding=\"async\" width=\"1024\" height=\"576\" src=\"https:\/\/www.escapadarural.com\/blog\/wp-content\/uploads\/2024\/12\/adobestock_1037832638_WP_01.webp\" alt=\"Celebraci\u00f3n de Fin de A\u00f1o en diferentes partes del mundo. Por Glittering Humanity\" class=\"wp-image-184825\" srcset=\"https:\/\/www.escapadarural.com\/blog\/wp-content\/uploads\/2024\/12\/adobestock_1037832638_WP_01-200x113.webp 200w, https:\/\/www.escapadarural.com\/blog\/wp-content\/uploads\/2024\/12\/adobestock_1037832638_WP_01-300x169.webp 300w, https:\/\/www.escapadarural.com\/blog\/wp-content\/uploads\/2024\/12\/adobestock_1037832638_WP_01-400x225.webp 400w, https:\/\/www.escapadarural.com\/blog\/wp-content\/uploads\/2024\/12\/adobestock_1037832638_WP_01-600x338.webp 600w, https:\/\/www.escapadarural.com\/blog\/wp-content\/uploads\/2024\/12\/adobestock_1037832638_WP_01-768x432.webp 768w, https:\/\/www.escapadarural.com\/blog\/wp-content\/uploads\/2024\/12\/adobestock_1037832638_WP_01-800x450.webp 800w, https:\/\/www.escapadarural.com\/blog\/wp-content\/uploads\/2024\/12\/adobestock_1037832638_WP_01.webp 1024w\" sizes=\"auto, (max-width: 1024px) 100vw, 1024px\" \/><figcaption class=\"wp-element-caption\">Celebraci\u00f3n de Fin de A\u00f1o en diferentes partes del mundo. Por Glittering Humanity<\/figcaption><\/figure>\n\n\n\n<p>Y, si algunos de los planes que te hemos contado hasta ahora te han parecido muy locos, esp\u00e9rate a conocer algunas tradiciones para la \u00faltima noche del a\u00f1o fuera de nuestras fronteras. Ver\u00e1s que<strong> hay vida m\u00e1s all\u00e1 de la ropa interior roja<\/strong>, las gambas y las doce uvas para dar la bienvenida al nuevo a\u00f1o. \u00bfSab\u00edas que en Per\u00fa celebran la Nochevieja con lencer\u00eda amarilla y<strong> se comen las uvas debajo de la mesa<\/strong>?<\/p>\n\n\n\n<h3 class=\"wp-block-heading\" id=\"h-de-paseo-con-las-maletas\">De paseo con las maletas <\/h3>\n\n\n\n<figure class=\"wp-block-image size-full\"><img loading=\"lazy\" decoding=\"async\" width=\"1024\" height=\"585\" src=\"https:\/\/www.escapadarural.com\/blog\/wp-content\/uploads\/2024\/12\/adobestock_675485727_WP_04.webp\" alt=\"En algunos pa\u00edses de Latinoam\u00e9rica sacan las maletas a pasear en Fin de A\u00f1o. Por Glittering Humanity\" class=\"wp-image-184821\" srcset=\"https:\/\/www.escapadarural.com\/blog\/wp-content\/uploads\/2024\/12\/adobestock_675485727_WP_04-200x114.webp 200w, https:\/\/www.escapadarural.com\/blog\/wp-content\/uploads\/2024\/12\/adobestock_675485727_WP_04-300x171.webp 300w, https:\/\/www.escapadarural.com\/blog\/wp-content\/uploads\/2024\/12\/adobestock_675485727_WP_04-400x229.webp 400w, https:\/\/www.escapadarural.com\/blog\/wp-content\/uploads\/2024\/12\/adobestock_675485727_WP_04-600x343.webp 600w, https:\/\/www.escapadarural.com\/blog\/wp-content\/uploads\/2024\/12\/adobestock_675485727_WP_04-768x439.webp 768w, https:\/\/www.escapadarural.com\/blog\/wp-content\/uploads\/2024\/12\/adobestock_675485727_WP_04-800x457.webp 800w, https:\/\/www.escapadarural.com\/blog\/wp-content\/uploads\/2024\/12\/adobestock_675485727_WP_04.webp 1024w\" sizes=\"auto, (max-width: 1024px) 100vw, 1024px\" \/><figcaption class=\"wp-element-caption\">En algunos pa\u00edses de Latinoam\u00e9rica sacan las maletas a pasear en Fin de A\u00f1o. Por Glittering Humanity<\/figcaption><\/figure>\n\n\n\n<p>\u00bfSab\u00edas que en <strong>algunos pa\u00edses de Latinoam\u00e9rica, como Bolivia, Paraguay, Chile, Colombia, M\u00e9xico y Per\u00fa sacan una maleta a pasear<\/strong> en Nochevieja?. Al parecer, est\u00e1n convencidos de que correr con ella o subirse en una silla y dar vueltas mientras la sujetan har\u00e1 que viajen m\u00e1s el a\u00f1o que llega. As\u00ed que si te vas a comer las uvas en uno de estos destinos,<strong> te aconsejamos que las campanadas te pillen con la maleta hecha<\/strong>. Y si puede ser, dando una vuelta al edificio mientras suenan, mucho mejor. Solo faltar\u00e1 esperar a que llegue la buena fortuna el pr\u00f3ximo a\u00f1o.<\/p>\n\n\n\n<h3 class=\"wp-block-heading\" id=\"h-en-filipinas-se-visten-con-lunares\">En Filipinas se visten con lunares<\/h3>\n\n\n\n<figure class=\"wp-block-image size-full\"><img loading=\"lazy\" decoding=\"async\" width=\"1024\" height=\"574\" src=\"https:\/\/www.escapadarural.com\/blog\/wp-content\/uploads\/2024\/12\/adobestock_1109897632_WP_01.webp\" alt=\"Corbata de lunares. Por  Boonnam Burart\" class=\"wp-image-184835\" srcset=\"https:\/\/www.escapadarural.com\/blog\/wp-content\/uploads\/2024\/12\/adobestock_1109897632_WP_01-200x112.webp 200w, https:\/\/www.escapadarural.com\/blog\/wp-content\/uploads\/2024\/12\/adobestock_1109897632_WP_01-300x168.webp 300w, https:\/\/www.escapadarural.com\/blog\/wp-content\/uploads\/2024\/12\/adobestock_1109897632_WP_01-400x224.webp 400w, https:\/\/www.escapadarural.com\/blog\/wp-content\/uploads\/2024\/12\/adobestock_1109897632_WP_01-600x336.webp 600w, https:\/\/www.escapadarural.com\/blog\/wp-content\/uploads\/2024\/12\/adobestock_1109897632_WP_01-768x431.webp 768w, https:\/\/www.escapadarural.com\/blog\/wp-content\/uploads\/2024\/12\/adobestock_1109897632_WP_01-800x448.webp 800w, https:\/\/www.escapadarural.com\/blog\/wp-content\/uploads\/2024\/12\/adobestock_1109897632_WP_01.webp 1024w\" sizes=\"auto, (max-width: 1024px) 100vw, 1024px\" \/><figcaption class=\"wp-element-caption\">Corbata de lunares. Por  Boonnam Burart<\/figcaption><\/figure>\n\n\n\n<p>Si cre\u00edas que los lunares son una tradici\u00f3n <em>made in Spain<\/em> est\u00e1s muy, pero que muy, equivocado. Mientras que los italianos ven en la lenteja un simbolismo de prosperidad econ\u00f3mica,<strong> los filipinos se cargan de lunares en Fin de A\u00f1o<\/strong>. Y el por qu\u00e9 viene a ser el mismo, por su forma circular, que estar\u00eda atrayendo la riqueza para el nuevo a\u00f1o.<\/p>\n\n\n\n<h3 class=\"wp-block-heading\" id=\"h-lentejas-y-granadas-en-italia\">Lentejas y granadas en Italia<\/h3>\n\n\n\n<figure class=\"wp-block-image size-full\"><img loading=\"lazy\" decoding=\"async\" width=\"1024\" height=\"576\" src=\"https:\/\/www.escapadarural.com\/blog\/wp-content\/uploads\/2024\/12\/cotechino_WP_03.webp\" alt=\"Lentejas con cotechino, un plato t\u00edpico en Italia en Fin de A\u00f1o\" class=\"wp-image-184820\" srcset=\"https:\/\/www.escapadarural.com\/blog\/wp-content\/uploads\/2024\/12\/cotechino_WP_03-200x113.webp 200w, https:\/\/www.escapadarural.com\/blog\/wp-content\/uploads\/2024\/12\/cotechino_WP_03-300x169.webp 300w, https:\/\/www.escapadarural.com\/blog\/wp-content\/uploads\/2024\/12\/cotechino_WP_03-400x225.webp 400w, https:\/\/www.escapadarural.com\/blog\/wp-content\/uploads\/2024\/12\/cotechino_WP_03-600x338.webp 600w, https:\/\/www.escapadarural.com\/blog\/wp-content\/uploads\/2024\/12\/cotechino_WP_03-768x432.webp 768w, https:\/\/www.escapadarural.com\/blog\/wp-content\/uploads\/2024\/12\/cotechino_WP_03-800x450.webp 800w, https:\/\/www.escapadarural.com\/blog\/wp-content\/uploads\/2024\/12\/cotechino_WP_03.webp 1024w\" sizes=\"auto, (max-width: 1024px) 100vw, 1024px\" \/><figcaption class=\"wp-element-caption\">Lentejas con cotechino, un plato t\u00edpico en Italia en Fin de A\u00f1o. por <a href=\"https:\/\/commons.wikimedia.org\/wiki\/File:Cotechino.jpg\" target=\"_blank\" rel=\"noreferrer noopener\">Popo el perro<\/a><\/figcaption><\/figure>\n\n\n\n<p>Pero aqu\u00ed no se queda la cosa. <strong>Los italianos cenan lentejas acompa\u00f1adas de una especie de sobrasada<em> <\/em>llamada <em>cotechino<\/em><\/strong><em> <\/em>para atraer la bonanza econ\u00f3mica, ya que para ellos esta legumbre recuerda a las monedas. Tambi\u00e9n acostumbran a incluir la granada en sus men\u00fas, ya que el grano de este fruto simbolizar\u00eda la prosperidad para el nuevo a\u00f1o. En este pa\u00eds de Europa <strong>ponen todo su empe\u00f1o en atraer la abundancia y para conseguirlo son capaces de \u00abtirar la casa por la ventana\u00bb<\/strong>. Nos va muy bien este dicho para explicarte que en Italia cobra fuerza el simbolismo de <strong>deshacerse de todo lo viejo para llamar a lo nuevo<\/strong> y de ah\u00ed que tiren los muebles que no utilizan. Hasta por la ventana.<\/p>\n\n\n\n<h3 class=\"wp-block-heading\" id=\"h-los-daneses-se-cargan-la-vajilla\">Los daneses se cargan la vajilla<\/h3>\n\n\n\n<figure class=\"wp-block-image size-full\"><img loading=\"lazy\" decoding=\"async\" width=\"1024\" height=\"574\" src=\"https:\/\/www.escapadarural.com\/blog\/wp-content\/uploads\/2024\/12\/adobestock_1056669171_WP_01.webp\" alt=\"Platos rotos. En Dinamarca rompen platos en Fin de A\u00f1o\" class=\"wp-image-184819\" srcset=\"https:\/\/www.escapadarural.com\/blog\/wp-content\/uploads\/2024\/12\/adobestock_1056669171_WP_01-200x112.webp 200w, https:\/\/www.escapadarural.com\/blog\/wp-content\/uploads\/2024\/12\/adobestock_1056669171_WP_01-300x168.webp 300w, https:\/\/www.escapadarural.com\/blog\/wp-content\/uploads\/2024\/12\/adobestock_1056669171_WP_01-400x224.webp 400w, https:\/\/www.escapadarural.com\/blog\/wp-content\/uploads\/2024\/12\/adobestock_1056669171_WP_01-600x336.webp 600w, https:\/\/www.escapadarural.com\/blog\/wp-content\/uploads\/2024\/12\/adobestock_1056669171_WP_01-768x431.webp 768w, https:\/\/www.escapadarural.com\/blog\/wp-content\/uploads\/2024\/12\/adobestock_1056669171_WP_01-800x448.webp 800w, https:\/\/www.escapadarural.com\/blog\/wp-content\/uploads\/2024\/12\/adobestock_1056669171_WP_01.webp 1024w\" sizes=\"auto, (max-width: 1024px) 100vw, 1024px\" \/><figcaption class=\"wp-element-caption\">Platos rotos. En Dinamarca rompen platos en Fin de A\u00f1o. Por adobe<\/figcaption><\/figure>\n\n\n\n<p>Aunque si hay una tradici\u00f3n bien curiosa es la de los daneses, que<strong> se pasan todo el a\u00f1o guardando platos descascarillados o agrietados para estamparlos contra la puerta del anfitri\u00f3n de la cena de Fin de A\u00f1o<\/strong>. Tranquilo, no se los tiran a la cabeza, sino contra la puerta del anfitri\u00f3n de la cena. En este pa\u00eds n\u00f3rdico se estila lanzar la vajilla en se\u00f1al de amistad, cari\u00f1o y agradecimiento. <\/p>\n\n\n\n<p>La &#8216;masacre de porcelana&#8217;<strong> suele hacerse tras las campanadas<\/strong> y en algunas ocasiones se usan platos previamente grabados con mensajes de cari\u00f1o y deseos de prosperidad para el a\u00f1o nuevo. Al parecer,<strong> esta tradici\u00f3n tiene su origen en la Edad Media<\/strong> y la creencia de que <strong>romper los platos alejaba a los malos esp\u00edritus <\/strong>del hogar. Pues nada, solo te falta saber que en Dinamarca es m\u00e1s popular quien m\u00e1s platos acumula.<\/p>\n","protected":false},"excerpt":{"rendered":"<p>Empieza la cuenta atr\u00e1s para dar carpetazo a 2023 y  [&#8230;]<\/p>\n","protected":false},"author":156,"featured_media":184777,"comment_status":"open","ping_status":"open","sticky":false,"template":"","format":"standard","meta":{"_acf_changed":false,"om_disable_all_campaigns":false,"footnotes":""},"categories":[191],"tags":[1764],"class_list":["post-184730","post","type-post","status-publish","format-standard","has-post-thumbnail","hentry","category-destinos","tag-fin-de-ano"],"acf":[],"featured_image_src":"https:\/\/www.escapadarural.com\/blog\/wp-content\/uploads\/2024\/12\/adobestock_1000590095_WP_01.webp","author_info":{"display_name":"Ver\u00f3nica G\u00f3mez","author_link":"https:\/\/www.escapadarural.com\/blog\/autor\/veronica-gomez\/"},"yoast_head":"<!-- This site is optimized with the Yoast SEO plugin v27.5 - https:\/\/yoast.com\/product\/yoast-seo-wordpress\/ -->\n<title>\u00bfTe atreves con un Fin de A\u00f1o diferente? - EscapadaRural<\/title>\n<meta name=\"description\" content=\"Se acerca Fin de A\u00f1o y tanto si 2023 ha ido bien o como si ha ido mal lo vamos a despedir todo lo alto con un buen sarao.\" \/>\n<meta name=\"robots\" content=\"index, follow, max-snippet:-1, max-image-preview:large, max-video-preview:-1\" \/>\n<link rel=\"canonical\" href=\"https:\/\/www.escapadarural.com\/blog\/planes-para-un-fin-de-ano-diferente\/\" \/>\n<meta property=\"og:locale\" content=\"es_ES\" \/>\n<meta property=\"og:type\" content=\"article\" \/>\n<meta property=\"og:title\" content=\"\u00bfTe atreves con un Fin de A\u00f1o diferente? - EscapadaRural\" \/>\n<meta property=\"og:description\" content=\"Se acerca Fin de A\u00f1o y tanto si 2023 ha ido bien o como si ha ido mal lo vamos a despedir todo lo alto con un buen sarao.\" \/>\n<meta property=\"og:url\" content=\"https:\/\/www.escapadarural.com\/blog\/planes-para-un-fin-de-ano-diferente\/\" \/>\n<meta property=\"og:site_name\" content=\"Magazine de viajes de EscapadaRural\" \/>\n<meta property=\"article:publisher\" content=\"https:\/\/www.facebook.com\/escapadarural\" \/>\n<meta property=\"article:published_time\" content=\"2024-12-27T10:00:00+00:00\" \/>\n<meta property=\"og:image\" content=\"https:\/\/www.escapadarural.com\/blog\/wp-content\/uploads\/2024\/12\/adobestock_1000590095_WP_01.webp\" \/>\n\t<meta property=\"og:image:width\" content=\"1024\" \/>\n\t<meta property=\"og:image:height\" content=\"583\" \/>\n\t<meta property=\"og:image:type\" content=\"image\/webp\" \/>\n<meta name=\"author\" content=\"Ver\u00f3nica G\u00f3mez\" \/>\n<meta name=\"twitter:card\" content=\"summary_large_image\" \/>\n<meta name=\"twitter:label1\" content=\"Escrito por\" \/>\n\t<meta name=\"twitter:data1\" content=\"Ver\u00f3nica G\u00f3mez\" \/>\n\t<meta name=\"twitter:label2\" content=\"Tiempo de lectura\" \/>\n\t<meta name=\"twitter:data2\" content=\"10 minutos\" \/>\n<script type=\"application\/ld+json\" class=\"yoast-schema-graph\">{\"@context\":\"https:\\\/\\\/schema.org\",\"@graph\":[{\"@type\":\"Article\",\"@id\":\"https:\\\/\\\/www.escapadarural.com\\\/blog\\\/planes-para-un-fin-de-ano-diferente\\\/#article\",\"isPartOf\":{\"@id\":\"https:\\\/\\\/www.escapadarural.com\\\/blog\\\/planes-para-un-fin-de-ano-diferente\\\/\"},\"author\":{\"name\":\"Ver\u00f3nica G\u00f3mez\",\"@id\":\"https:\\\/\\\/www.escapadarural.com\\\/blog\\\/#\\\/schema\\\/person\\\/4140cb320c90a6ca94d284d6884f5b4e\"},\"headline\":\"\u00bfTe atreves con un Fin de A\u00f1o diferente?\",\"datePublished\":\"2024-12-27T10:00:00+00:00\",\"mainEntityOfPage\":{\"@id\":\"https:\\\/\\\/www.escapadarural.com\\\/blog\\\/planes-para-un-fin-de-ano-diferente\\\/\"},\"wordCount\":1657,\"commentCount\":0,\"publisher\":{\"@id\":\"https:\\\/\\\/www.escapadarural.com\\\/blog\\\/#organization\"},\"image\":{\"@id\":\"https:\\\/\\\/www.escapadarural.com\\\/blog\\\/planes-para-un-fin-de-ano-diferente\\\/#primaryimage\"},\"thumbnailUrl\":\"https:\\\/\\\/www.escapadarural.com\\\/blog\\\/wp-content\\\/uploads\\\/2024\\\/12\\\/adobestock_1000590095_WP_01.webp\",\"keywords\":[\"Fin de A\u00f1o\"],\"articleSection\":[\"Destinos\"],\"inLanguage\":\"es\",\"potentialAction\":[{\"@type\":\"CommentAction\",\"name\":\"Comment\",\"target\":[\"https:\\\/\\\/www.escapadarural.com\\\/blog\\\/planes-para-un-fin-de-ano-diferente\\\/#respond\"]}]},{\"@type\":\"WebPage\",\"@id\":\"https:\\\/\\\/www.escapadarural.com\\\/blog\\\/planes-para-un-fin-de-ano-diferente\\\/\",\"url\":\"https:\\\/\\\/www.escapadarural.com\\\/blog\\\/planes-para-un-fin-de-ano-diferente\\\/\",\"name\":\"\u00bfTe atreves con un Fin de A\u00f1o diferente? - EscapadaRural\",\"isPartOf\":{\"@id\":\"https:\\\/\\\/www.escapadarural.com\\\/blog\\\/#website\"},\"primaryImageOfPage\":{\"@id\":\"https:\\\/\\\/www.escapadarural.com\\\/blog\\\/planes-para-un-fin-de-ano-diferente\\\/#primaryimage\"},\"image\":{\"@id\":\"https:\\\/\\\/www.escapadarural.com\\\/blog\\\/planes-para-un-fin-de-ano-diferente\\\/#primaryimage\"},\"thumbnailUrl\":\"https:\\\/\\\/www.escapadarural.com\\\/blog\\\/wp-content\\\/uploads\\\/2024\\\/12\\\/adobestock_1000590095_WP_01.webp\",\"datePublished\":\"2024-12-27T10:00:00+00:00\",\"description\":\"Se acerca Fin de A\u00f1o y tanto si 2023 ha ido bien o como si ha ido mal lo vamos a despedir todo lo alto con un buen sarao.\",\"breadcrumb\":{\"@id\":\"https:\\\/\\\/www.escapadarural.com\\\/blog\\\/planes-para-un-fin-de-ano-diferente\\\/#breadcrumb\"},\"inLanguage\":\"es\",\"potentialAction\":[{\"@type\":\"ReadAction\",\"target\":[\"https:\\\/\\\/www.escapadarural.com\\\/blog\\\/planes-para-un-fin-de-ano-diferente\\\/\"]}]},{\"@type\":\"ImageObject\",\"inLanguage\":\"es\",\"@id\":\"https:\\\/\\\/www.escapadarural.com\\\/blog\\\/planes-para-un-fin-de-ano-diferente\\\/#primaryimage\",\"url\":\"https:\\\/\\\/www.escapadarural.com\\\/blog\\\/wp-content\\\/uploads\\\/2024\\\/12\\\/adobestock_1000590095_WP_01.webp\",\"contentUrl\":\"https:\\\/\\\/www.escapadarural.com\\\/blog\\\/wp-content\\\/uploads\\\/2024\\\/12\\\/adobestock_1000590095_WP_01.webp\",\"width\":1024,\"height\":583,\"caption\":\"Se acerca Fin de A\u00f1o. Por Thoung\"},{\"@type\":\"BreadcrumbList\",\"@id\":\"https:\\\/\\\/www.escapadarural.com\\\/blog\\\/planes-para-un-fin-de-ano-diferente\\\/#breadcrumb\",\"itemListElement\":[{\"@type\":\"ListItem\",\"position\":1,\"name\":\"Inicio\",\"item\":\"https:\\\/\\\/www.escapadarural.com\\\/blog\\\/\"},{\"@type\":\"ListItem\",\"position\":2,\"name\":\"Destinos\",\"item\":\"https:\\\/\\\/www.escapadarural.com\\\/blog\\\/categoria\\\/destinos\\\/\"},{\"@type\":\"ListItem\",\"position\":3,\"name\":\"\u00bfTe atreves con un Fin de A\u00f1o diferente?\"}]},{\"@type\":\"WebSite\",\"@id\":\"https:\\\/\\\/www.escapadarural.com\\\/blog\\\/#website\",\"url\":\"https:\\\/\\\/www.escapadarural.com\\\/blog\\\/\",\"name\":\"Blog de viajes | turismo rural, alojamientos e inspiraci\u00f3n\",\"description\":\"Alojamientos rurales e inspiraci\u00f3n para tus escapadas\",\"publisher\":{\"@id\":\"https:\\\/\\\/www.escapadarural.com\\\/blog\\\/#organization\"},\"alternateName\":\"Magazine de viajes de EscapadaRural\",\"potentialAction\":[{\"@type\":\"SearchAction\",\"target\":{\"@type\":\"EntryPoint\",\"urlTemplate\":\"https:\\\/\\\/www.escapadarural.com\\\/blog\\\/?s={search_term_string}\"},\"query-input\":{\"@type\":\"PropertyValueSpecification\",\"valueRequired\":true,\"valueName\":\"search_term_string\"}}],\"inLanguage\":\"es\"},{\"@type\":\"Organization\",\"@id\":\"https:\\\/\\\/www.escapadarural.com\\\/blog\\\/#organization\",\"name\":\"EscapadaRural\",\"url\":\"https:\\\/\\\/www.escapadarural.com\\\/blog\\\/\",\"logo\":{\"@type\":\"ImageObject\",\"inLanguage\":\"es\",\"@id\":\"https:\\\/\\\/www.escapadarural.com\\\/blog\\\/#\\\/schema\\\/logo\\\/image\\\/\",\"url\":\"https:\\\/\\\/www.escapadarural.com\\\/blog\\\/wp-content\\\/uploads\\\/2024\\\/10\\\/cropped-cropped-escapada-rural-icon-mag-3.png\",\"contentUrl\":\"https:\\\/\\\/www.escapadarural.com\\\/blog\\\/wp-content\\\/uploads\\\/2024\\\/10\\\/cropped-cropped-escapada-rural-icon-mag-3.png\",\"width\":512,\"height\":512,\"caption\":\"EscapadaRural\"},\"image\":{\"@id\":\"https:\\\/\\\/www.escapadarural.com\\\/blog\\\/#\\\/schema\\\/logo\\\/image\\\/\"},\"sameAs\":[\"https:\\\/\\\/www.facebook.com\\\/escapadarural\",\"https:\\\/\\\/www.instagram.com\\\/escapadarural\\\/\",\"https:\\\/\\\/www.youtube.com\\\/@escapadaruralcom\"]},{\"@type\":\"Person\",\"@id\":\"https:\\\/\\\/www.escapadarural.com\\\/blog\\\/#\\\/schema\\\/person\\\/4140cb320c90a6ca94d284d6884f5b4e\",\"name\":\"Ver\u00f3nica G\u00f3mez\",\"image\":{\"@type\":\"ImageObject\",\"inLanguage\":\"es\",\"@id\":\"https:\\\/\\\/secure.gravatar.com\\\/avatar\\\/a14c3f7acd3c2787ced9245c8239291aa98d78e70607ab29f4388e265c55669f?s=96&d=mm&r=g\",\"url\":\"https:\\\/\\\/secure.gravatar.com\\\/avatar\\\/a14c3f7acd3c2787ced9245c8239291aa98d78e70607ab29f4388e265c55669f?s=96&d=mm&r=g\",\"contentUrl\":\"https:\\\/\\\/secure.gravatar.com\\\/avatar\\\/a14c3f7acd3c2787ced9245c8239291aa98d78e70607ab29f4388e265c55669f?s=96&d=mm&r=g\",\"caption\":\"Ver\u00f3nica G\u00f3mez\"},\"description\":\"Periodista, madre de Hugo y Enzo a tiempo completo e investigadora incansable, dir\u00eda que hasta cuando duermo. Antes en Cr\u00f3nica Global, El Liberal y El Mundo Catalunya\",\"url\":\"https:\\\/\\\/www.escapadarural.com\\\/blog\\\/autor\\\/veronica-gomez\\\/\"}]}<\/script>\n<!-- \/ Yoast SEO plugin. -->","yoast_head_json":{"title":"\u00bfTe atreves con un Fin de A\u00f1o diferente? - EscapadaRural","description":"Se acerca Fin de A\u00f1o y tanto si 2023 ha ido bien o como si ha ido mal lo vamos a despedir todo lo alto con un buen sarao.","robots":{"index":"index","follow":"follow","max-snippet":"max-snippet:-1","max-image-preview":"max-image-preview:large","max-video-preview":"max-video-preview:-1"},"canonical":"https:\/\/www.escapadarural.com\/blog\/planes-para-un-fin-de-ano-diferente\/","og_locale":"es_ES","og_type":"article","og_title":"\u00bfTe atreves con un Fin de A\u00f1o diferente? - EscapadaRural","og_description":"Se acerca Fin de A\u00f1o y tanto si 2023 ha ido bien o como si ha ido mal lo vamos a despedir todo lo alto con un buen sarao.","og_url":"https:\/\/www.escapadarural.com\/blog\/planes-para-un-fin-de-ano-diferente\/","og_site_name":"Magazine de viajes de EscapadaRural","article_publisher":"https:\/\/www.facebook.com\/escapadarural","article_published_time":"2024-12-27T10:00:00+00:00","og_image":[{"width":1024,"height":583,"url":"https:\/\/www.escapadarural.com\/blog\/wp-content\/uploads\/2024\/12\/adobestock_1000590095_WP_01.webp","type":"image\/webp"}],"author":"Ver\u00f3nica G\u00f3mez","twitter_card":"summary_large_image","twitter_misc":{"Escrito por":"Ver\u00f3nica G\u00f3mez","Tiempo de lectura":"10 minutos"},"schema":{"@context":"https:\/\/schema.org","@graph":[{"@type":"Article","@id":"https:\/\/www.escapadarural.com\/blog\/planes-para-un-fin-de-ano-diferente\/#article","isPartOf":{"@id":"https:\/\/www.escapadarural.com\/blog\/planes-para-un-fin-de-ano-diferente\/"},"author":{"name":"Ver\u00f3nica G\u00f3mez","@id":"https:\/\/www.escapadarural.com\/blog\/#\/schema\/person\/4140cb320c90a6ca94d284d6884f5b4e"},"headline":"\u00bfTe atreves con un Fin de A\u00f1o diferente?","datePublished":"2024-12-27T10:00:00+00:00","mainEntityOfPage":{"@id":"https:\/\/www.escapadarural.com\/blog\/planes-para-un-fin-de-ano-diferente\/"},"wordCount":1657,"commentCount":0,"publisher":{"@id":"https:\/\/www.escapadarural.com\/blog\/#organization"},"image":{"@id":"https:\/\/www.escapadarural.com\/blog\/planes-para-un-fin-de-ano-diferente\/#primaryimage"},"thumbnailUrl":"https:\/\/www.escapadarural.com\/blog\/wp-content\/uploads\/2024\/12\/adobestock_1000590095_WP_01.webp","keywords":["Fin de A\u00f1o"],"articleSection":["Destinos"],"inLanguage":"es","potentialAction":[{"@type":"CommentAction","name":"Comment","target":["https:\/\/www.escapadarural.com\/blog\/planes-para-un-fin-de-ano-diferente\/#respond"]}]},{"@type":"WebPage","@id":"https:\/\/www.escapadarural.com\/blog\/planes-para-un-fin-de-ano-diferente\/","url":"https:\/\/www.escapadarural.com\/blog\/planes-para-un-fin-de-ano-diferente\/","name":"\u00bfTe atreves con un Fin de A\u00f1o diferente? - EscapadaRural","isPartOf":{"@id":"https:\/\/www.escapadarural.com\/blog\/#website"},"primaryImageOfPage":{"@id":"https:\/\/www.escapadarural.com\/blog\/planes-para-un-fin-de-ano-diferente\/#primaryimage"},"image":{"@id":"https:\/\/www.escapadarural.com\/blog\/planes-para-un-fin-de-ano-diferente\/#primaryimage"},"thumbnailUrl":"https:\/\/www.escapadarural.com\/blog\/wp-content\/uploads\/2024\/12\/adobestock_1000590095_WP_01.webp","datePublished":"2024-12-27T10:00:00+00:00","description":"Se acerca Fin de A\u00f1o y tanto si 2023 ha ido bien o como si ha ido mal lo vamos a despedir todo lo alto con un buen sarao.","breadcrumb":{"@id":"https:\/\/www.escapadarural.com\/blog\/planes-para-un-fin-de-ano-diferente\/#breadcrumb"},"inLanguage":"es","potentialAction":[{"@type":"ReadAction","target":["https:\/\/www.escapadarural.com\/blog\/planes-para-un-fin-de-ano-diferente\/"]}]},{"@type":"ImageObject","inLanguage":"es","@id":"https:\/\/www.escapadarural.com\/blog\/planes-para-un-fin-de-ano-diferente\/#primaryimage","url":"https:\/\/www.escapadarural.com\/blog\/wp-content\/uploads\/2024\/12\/adobestock_1000590095_WP_01.webp","contentUrl":"https:\/\/www.escapadarural.com\/blog\/wp-content\/uploads\/2024\/12\/adobestock_1000590095_WP_01.webp","width":1024,"height":583,"caption":"Se acerca Fin de A\u00f1o. Por Thoung"},{"@type":"BreadcrumbList","@id":"https:\/\/www.escapadarural.com\/blog\/planes-para-un-fin-de-ano-diferente\/#breadcrumb","itemListElement":[{"@type":"ListItem","position":1,"name":"Inicio","item":"https:\/\/www.escapadarural.com\/blog\/"},{"@type":"ListItem","position":2,"name":"Destinos","item":"https:\/\/www.escapadarural.com\/blog\/categoria\/destinos\/"},{"@type":"ListItem","position":3,"name":"\u00bfTe atreves con un Fin de A\u00f1o diferente?"}]},{"@type":"WebSite","@id":"https:\/\/www.escapadarural.com\/blog\/#website","url":"https:\/\/www.escapadarural.com\/blog\/","name":"Blog de viajes | turismo rural, alojamientos e inspiraci\u00f3n","description":"Alojamientos rurales e inspiraci\u00f3n para tus escapadas","publisher":{"@id":"https:\/\/www.escapadarural.com\/blog\/#organization"},"alternateName":"Magazine de viajes de EscapadaRural","potentialAction":[{"@type":"SearchAction","target":{"@type":"EntryPoint","urlTemplate":"https:\/\/www.escapadarural.com\/blog\/?s={search_term_string}"},"query-input":{"@type":"PropertyValueSpecification","valueRequired":true,"valueName":"search_term_string"}}],"inLanguage":"es"},{"@type":"Organization","@id":"https:\/\/www.escapadarural.com\/blog\/#organization","name":"EscapadaRural","url":"https:\/\/www.escapadarural.com\/blog\/","logo":{"@type":"ImageObject","inLanguage":"es","@id":"https:\/\/www.escapadarural.com\/blog\/#\/schema\/logo\/image\/","url":"https:\/\/www.escapadarural.com\/blog\/wp-content\/uploads\/2024\/10\/cropped-cropped-escapada-rural-icon-mag-3.png","contentUrl":"https:\/\/www.escapadarural.com\/blog\/wp-content\/uploads\/2024\/10\/cropped-cropped-escapada-rural-icon-mag-3.png","width":512,"height":512,"caption":"EscapadaRural"},"image":{"@id":"https:\/\/www.escapadarural.com\/blog\/#\/schema\/logo\/image\/"},"sameAs":["https:\/\/www.facebook.com\/escapadarural","https:\/\/www.instagram.com\/escapadarural\/","https:\/\/www.youtube.com\/@escapadaruralcom"]},{"@type":"Person","@id":"https:\/\/www.escapadarural.com\/blog\/#\/schema\/person\/4140cb320c90a6ca94d284d6884f5b4e","name":"Ver\u00f3nica G\u00f3mez","image":{"@type":"ImageObject","inLanguage":"es","@id":"https:\/\/secure.gravatar.com\/avatar\/a14c3f7acd3c2787ced9245c8239291aa98d78e70607ab29f4388e265c55669f?s=96&d=mm&r=g","url":"https:\/\/secure.gravatar.com\/avatar\/a14c3f7acd3c2787ced9245c8239291aa98d78e70607ab29f4388e265c55669f?s=96&d=mm&r=g","contentUrl":"https:\/\/secure.gravatar.com\/avatar\/a14c3f7acd3c2787ced9245c8239291aa98d78e70607ab29f4388e265c55669f?s=96&d=mm&r=g","caption":"Ver\u00f3nica G\u00f3mez"},"description":"Periodista, madre de Hugo y Enzo a tiempo completo e investigadora incansable, dir\u00eda que hasta cuando duermo. Antes en Cr\u00f3nica Global, El Liberal y El Mundo Catalunya","url":"https:\/\/www.escapadarural.com\/blog\/autor\/veronica-gomez\/"}]}},"_links":{"self":[{"href":"https:\/\/www.escapadarural.com\/blog\/wp-json\/wp\/v2\/posts\/184730","targetHints":{"allow":["GET"]}}],"collection":[{"href":"https:\/\/www.escapadarural.com\/blog\/wp-json\/wp\/v2\/posts"}],"about":[{"href":"https:\/\/www.escapadarural.com\/blog\/wp-json\/wp\/v2\/types\/post"}],"author":[{"embeddable":true,"href":"https:\/\/www.escapadarural.com\/blog\/wp-json\/wp\/v2\/users\/156"}],"replies":[{"embeddable":true,"href":"https:\/\/www.escapadarural.com\/blog\/wp-json\/wp\/v2\/comments?post=184730"}],"version-history":[{"count":0,"href":"https:\/\/www.escapadarural.com\/blog\/wp-json\/wp\/v2\/posts\/184730\/revisions"}],"wp:featuredmedia":[{"embeddable":true,"href":"https:\/\/www.escapadarural.com\/blog\/wp-json\/wp\/v2\/media\/184777"}],"wp:attachment":[{"href":"https:\/\/www.escapadarural.com\/blog\/wp-json\/wp\/v2\/media?parent=184730"}],"wp:term":[{"taxonomy":"category","embeddable":true,"href":"https:\/\/www.escapadarural.com\/blog\/wp-json\/wp\/v2\/categories?post=184730"},{"taxonomy":"post_tag","embeddable":true,"href":"https:\/\/www.escapadarural.com\/blog\/wp-json\/wp\/v2\/tags?post=184730"}],"curies":[{"name":"wp","href":"https:\/\/api.w.org\/{rel}","templated":true}]}}