{"id":184933,"date":"2024-12-23T10:45:30","date_gmt":"2024-12-23T08:45:30","guid":{"rendered":"https:\/\/www.escapadarural.com\/blog\/?p=184933"},"modified":"2025-01-15T10:28:57","modified_gmt":"2025-01-15T08:28:57","slug":"vinalopo-cuna-de-la-uva-de-nochevieja","status":"publish","type":"post","link":"https:\/\/www.escapadarural.com\/blog\/vinalopo-cuna-de-la-uva-de-nochevieja\/","title":{"rendered":"Un viaje por el Vinalop\u00f3, la cuna de la uva de Nochevieja"},"content":{"rendered":"\n<figure class=\"wp-block-image size-large\"><img loading=\"lazy\" decoding=\"async\" width=\"1024\" height=\"683\" src=\"https:\/\/www.escapadarural.com\/blog\/wp-content\/uploads\/2024\/12\/AdobeStock_397451922-1024x683.jpeg\" alt=\"Uva de Nochevieja del Vinalop\u00f3. Por MiguelAngel\" class=\"wp-image-184935\" srcset=\"https:\/\/www.escapadarural.com\/blog\/wp-content\/uploads\/2024\/12\/AdobeStock_397451922-200x133.jpeg 200w, https:\/\/www.escapadarural.com\/blog\/wp-content\/uploads\/2024\/12\/AdobeStock_397451922-300x200.jpeg 300w, https:\/\/www.escapadarural.com\/blog\/wp-content\/uploads\/2024\/12\/AdobeStock_397451922-400x267.jpeg 400w, https:\/\/www.escapadarural.com\/blog\/wp-content\/uploads\/2024\/12\/AdobeStock_397451922-600x400.jpeg 600w, https:\/\/www.escapadarural.com\/blog\/wp-content\/uploads\/2024\/12\/AdobeStock_397451922-768x512.jpeg 768w, https:\/\/www.escapadarural.com\/blog\/wp-content\/uploads\/2024\/12\/AdobeStock_397451922-800x533.jpeg 800w, https:\/\/www.escapadarural.com\/blog\/wp-content\/uploads\/2024\/12\/AdobeStock_397451922-1024x683.jpeg 1024w, https:\/\/www.escapadarural.com\/blog\/wp-content\/uploads\/2024\/12\/AdobeStock_397451922-1200x800.jpeg 1200w, https:\/\/www.escapadarural.com\/blog\/wp-content\/uploads\/2024\/12\/AdobeStock_397451922-1536x1024.jpeg 1536w\" sizes=\"auto, (max-width: 1024px) 100vw, 1024px\" \/><figcaption class=\"wp-element-caption\">Uva de Nochevieja del Vinalop\u00f3. Por MiguelAngel<\/figcaption><\/figure>\n\n\n\n<p>\u00bfQu\u00e9 ser\u00eda de la Nochevieja sin comernos <strong>las uvas al ritmo de las doce campanadas<\/strong>? Lo hacemos por la superstici\u00f3n de que as\u00ed entraremos bien el a\u00f1o, con suerte y prosperidad. O simplemente por costumbre, porque nos encanta esta fruta o porque es divertido poner a prueba el buche y picarnos con el de al lado a ver si somos capaces de comerlas todas en el momento adecuado.<\/p>\n\n\n\n<p>Cada a\u00f1o lo intentamos, probando con uvas m\u00e1s peque\u00f1as o quit\u00e1ndoles las pepitas, pero siempre acabamos igual: con las carrilleras llenas. Hoy nos acercamos al <strong>origen de esta uva<\/strong>, a la comarca del Vinalop\u00f3 Mitj\u00e0 de Alicante.<\/p>\n\n\n\n<div class=\"wp-block-buttons is-layout-flex wp-block-buttons-is-layout-flex\">\n<div class=\"wp-block-button\"><a class=\"wp-block-button__link wp-element-button\" href=\"\/casas-rurales\/alicante\">Alojamientos rurales en Alicante<\/a><\/div>\n<\/div>\n\n\n\n<h2 class=\"wp-block-heading\" id=\"h-una-tradicion-de-un-siglo-y-de-origen-incierto\"><strong>Una tradici\u00f3n de un siglo y de origen incierto<\/strong><\/h2>\n\n\n\n<p>Pero, \u00bfpor qu\u00e9 nos empecinamos en <strong>comer 12 uvas en un espacio tan corto de tiempo<\/strong>, una tradici\u00f3n que, adem\u00e1s, solo se hace en Espa\u00f1a? Hay diferentes teor\u00edas. La m\u00e1s popular cuenta que en <a href=\"\/casas-rurales\/alto-vinalopo\">Vinalop\u00f3<\/a> (comarca alicantina), de donde es originario este fruto tan caracter\u00edstico de la Nochevieja, hubo una gran cosecha en 1909. As\u00ed que los productores se las ingeniaron para darle salida comercial <strong>vendi\u00e9ndolas como \u201cuvas de la suerte\u201d<\/strong>.<\/p>\n\n\n\n<p>Sin embargo, hay peri\u00f3dicos anteriores a esa fecha que ya hablan de la costumbre de la burgues\u00eda de <strong>tomar champ\u00e1n y uvas<\/strong> durante la cena de fin de a\u00f1o hacia 1882. Se dice que un grupo de madrile\u00f1os acudi\u00f3 a la Puerta del Sol, en acto de protesta sat\u00edrica, a comer uvas al son de las campanadas. Quiz\u00e1s la realidad sea una combinaci\u00f3n de ambas historias: esta ocurrencia, unida a las necesidades de los agricultores, hizo que arraigara como una <strong>nueva costumbre espa\u00f1ola<\/strong> a principios del siglo XX.<\/p>\n\n\n\n<h2 class=\"wp-block-heading\" id=\"h-las-curiosa-y-unica-uva-embolsada-del-vinalopo\"><strong>Las curiosa (y \u00fanica) uva embolsada del Vinalop\u00f3<\/strong><\/h2>\n\n\n\n<figure class=\"wp-block-image size-large\"><img loading=\"lazy\" decoding=\"async\" width=\"1024\" height=\"683\" src=\"https:\/\/www.escapadarural.com\/blog\/wp-content\/uploads\/2024\/12\/AdobeStock_35880436-1024x683.jpeg\" alt=\"Uva embolsada del Vinalop\u00f3, Alicante. Por norrie39\" class=\"wp-image-184937\" srcset=\"https:\/\/www.escapadarural.com\/blog\/wp-content\/uploads\/2024\/12\/AdobeStock_35880436-200x133.jpeg 200w, https:\/\/www.escapadarural.com\/blog\/wp-content\/uploads\/2024\/12\/AdobeStock_35880436-300x200.jpeg 300w, https:\/\/www.escapadarural.com\/blog\/wp-content\/uploads\/2024\/12\/AdobeStock_35880436-400x267.jpeg 400w, https:\/\/www.escapadarural.com\/blog\/wp-content\/uploads\/2024\/12\/AdobeStock_35880436-600x400.jpeg 600w, https:\/\/www.escapadarural.com\/blog\/wp-content\/uploads\/2024\/12\/AdobeStock_35880436-768x512.jpeg 768w, https:\/\/www.escapadarural.com\/blog\/wp-content\/uploads\/2024\/12\/AdobeStock_35880436-800x533.jpeg 800w, https:\/\/www.escapadarural.com\/blog\/wp-content\/uploads\/2024\/12\/AdobeStock_35880436-1024x683.jpeg 1024w, https:\/\/www.escapadarural.com\/blog\/wp-content\/uploads\/2024\/12\/AdobeStock_35880436-1200x800.jpeg 1200w, https:\/\/www.escapadarural.com\/blog\/wp-content\/uploads\/2024\/12\/AdobeStock_35880436-1536x1024.jpeg 1536w\" sizes=\"auto, (max-width: 1024px) 100vw, 1024px\" \/><figcaption class=\"wp-element-caption\">Uva embolsada del Vinalop\u00f3, Alicante. Por norrie39<\/figcaption><\/figure>\n\n\n\n<p>Aunque la globalizaci\u00f3n trae uva en Nochevieja desde diferentes puntos del planeta, la m\u00e1s conocida, sostenible (es de proximidad), de temporada y de calidad es la que <strong>viene de las comarcas de interior de Alicante<\/strong>. De hecho, est\u00e1 amparada por el sello de Denominaci\u00f3n de Origen Protegida (DOP) <strong>Uva de Mesa Embolsada del Vinalop\u00f3<\/strong>. Las que llegan a Nochevieja suelen ser de variedad Aledo.<\/p>\n\n\n\n<p>La uva del Vinalop\u00f3 tiene una particularidad \u00fanica en el mundo: <strong>crece y madura dentro de una bolsa de papel<\/strong>. Si pasas por los campos en las postrimer\u00edas del verano, es f\u00e1cil toparse con vi\u00f1as repletas de peque\u00f1os sacos blancos; en muchos lugares, se comercializa dentro de la misma bolsa. Este envoltorio protege el racimo durante al menos 60 d\u00edas frente a las inclemencias meteorol\u00f3gicas y favorece que los granos desarrollen una piel m\u00e1s fina. Al darles el sol de forma diferente, presentan una mayor uniformidad.<\/p>\n\n\n\n<h2 class=\"wp-block-heading\" id=\"h-un-viaje-rural-por-el-vinalopo\"><strong>Un viaje rural por el Vinalop\u00f3<\/strong><\/h2>\n\n\n\n<figure class=\"wp-block-image size-large\"><img loading=\"lazy\" decoding=\"async\" width=\"1024\" height=\"683\" src=\"https:\/\/www.escapadarural.com\/blog\/wp-content\/uploads\/2024\/12\/AdobeStock_131990276-1024x683.jpeg\" alt=\"Campos en Novelda. Por Bentor\" class=\"wp-image-184936\"\/><figcaption class=\"wp-element-caption\">Campos en Novelda. Por Bentor<\/figcaption><\/figure>\n\n\n\n<p>Seg\u00fan datos de la DOP Uva de Mesa Embolsada del Vinalop\u00f3, la cosecha actual est\u00e1 en torno a los <strong>36 millones de kilos en unas 1.500 hect\u00e1reas cultivadas<\/strong>. Se concentran en la comarca alicantina del Vinalop\u00f3 Mitj\u00e0, concretamente en los municipios de <a href=\"\/casas-rurales\/agost\">Agost<\/a>, Novelda, Monforte del Cid, <a href=\"\/casas-rurales\/aspe\" target=\"_blank\" rel=\"noreferrer noopener\">Aspe<\/a>, <a href=\"\/casas-rurales\/la-romana\">La Romana<\/a>, El Fond\u00f3 de les Neus y <a href=\"\/casas-rurales\/hondon-de-los-frailes\" target=\"_blank\" rel=\"noreferrer noopener\">Hond\u00f3n de los Frailes<\/a>.<\/p>\n\n\n\n<p>En un viaje rural por el Vinalop\u00f3 es f\u00e1cil encontraros con extensiones de <strong>terrenos cultivados con vid<\/strong>. Al contrario que en otros destinos en los que la fruta se destina a la elaboraci\u00f3n del vino, aqu\u00ed buena parte de la producci\u00f3n ocupa las mesas como postres o como complemento en algunos platos.<\/p>\n\n\n\n<p>Si busc\u00e1is un plan de senderismo o bici sencillo, para hacer en familia y sin demasiadas complicaciones, pod\u00e9is recorrer la <strong>V\u00eda Verde Agost-Maigm\u00f3<\/strong>. Una ruta cicloturista que pasa por una v\u00eda de tren que nunca lleg\u00f3 a ser operativa y que <strong>tiene 22 kil\u00f3metros<\/strong>. Es lineal, tiene un desnivel de 400 metros y pasa por seis t\u00faneles y dos viaductos que le dan mucho encanto. Comienza en el paisaje casi des\u00e9rtico de los saladares de Agost y acaba en las laderas de la sierra del Maigm\u00f3, donde acaba junto a la autov\u00eda Alicante-Alcoy. Adem\u00e1s de la uva, no dejes de probar la famosa \u201ccoca de Agost\u201d o \u201ccoca a la pala\u201d.<\/p>\n\n\n\n<figure class=\"wp-block-image size-large\"><img loading=\"lazy\" decoding=\"async\" width=\"1024\" height=\"765\" src=\"https:\/\/www.escapadarural.com\/blog\/wp-content\/uploads\/2024\/12\/AdobeStock_5783301-1024x765.jpeg\" alt=\"La V\u00eda Verde de Agost, entre monta\u00f1as. Por norrie39\" class=\"wp-image-184938\" srcset=\"https:\/\/www.escapadarural.com\/blog\/wp-content\/uploads\/2024\/12\/AdobeStock_5783301-200x149.jpeg 200w, https:\/\/www.escapadarural.com\/blog\/wp-content\/uploads\/2024\/12\/AdobeStock_5783301-300x224.jpeg 300w, https:\/\/www.escapadarural.com\/blog\/wp-content\/uploads\/2024\/12\/AdobeStock_5783301-400x299.jpeg 400w, https:\/\/www.escapadarural.com\/blog\/wp-content\/uploads\/2024\/12\/AdobeStock_5783301-600x448.jpeg 600w, https:\/\/www.escapadarural.com\/blog\/wp-content\/uploads\/2024\/12\/AdobeStock_5783301-768x574.jpeg 768w, https:\/\/www.escapadarural.com\/blog\/wp-content\/uploads\/2024\/12\/AdobeStock_5783301-800x598.jpeg 800w, https:\/\/www.escapadarural.com\/blog\/wp-content\/uploads\/2024\/12\/AdobeStock_5783301-1024x765.jpeg 1024w, https:\/\/www.escapadarural.com\/blog\/wp-content\/uploads\/2024\/12\/AdobeStock_5783301-1200x896.jpeg 1200w, https:\/\/www.escapadarural.com\/blog\/wp-content\/uploads\/2024\/12\/AdobeStock_5783301-1536x1147.jpeg 1536w\" sizes=\"auto, (max-width: 1024px) 100vw, 1024px\" \/><figcaption class=\"wp-element-caption\">La V\u00eda Verde de Agost, entre monta\u00f1as. Por norrie39<\/figcaption><\/figure>\n\n\n\n<p>Siguiendo en un entorno de naturaleza, hay que hacer una parada en el <strong>Paraje Natural Los Algezares de Aspe<\/strong>. Este enclave est\u00e1 ocupado desde la Prehistoria y perduran vestigios de un poblado isl\u00e1mico fortificado, el castillo del r\u00edo y su necr\u00f3polis, as\u00ed como del yacimiento romano de Quincoces, el ib\u00e9rico Alto de Jaime y el Tabay\u00e1, con huellas de la Edad de Bronce. A los pies de la sierra del Tabay\u00e1, de apenas 400 metros de altitud, se abre la extensa <strong>llanura con f\u00e9rtiles vi\u00f1edos de uva de mesa embolsada<\/strong>.<\/p>\n\n\n\n<p>Otra parada obligatoria en la zona son las <strong>Salinetes de Novelda<\/strong>, tambi\u00e9n llamadas \u201cClots de la Sal\u201d. Hay un sencillo sendero local, circular y de menos de 4 kil\u00f3metros, que lleva a diferentes piscinas, algunas de ellas con arcilla y sal cristalizada. Se las conoce como \u201c<strong>balnearios gratuitos y al aire libre<\/strong>\u201d por las propiedades mineromedicinales que se atribuyen a sus aguas, as\u00ed que no es raro encontrarse con alguien haci\u00e9ndose un auto-tratamiento facial o corporal con arcilla.<\/p>\n\n\n\n<figure class=\"wp-block-image size-large\"><img loading=\"lazy\" decoding=\"async\" width=\"1024\" height=\"683\" src=\"https:\/\/www.escapadarural.com\/blog\/wp-content\/uploads\/2024\/12\/AdobeStock_853728527-1024x683.jpeg\" alt=\"Paisaje cerca de Novelda. Por Joanna Redesiuk\" class=\"wp-image-184940\" srcset=\"https:\/\/www.escapadarural.com\/blog\/wp-content\/uploads\/2024\/12\/AdobeStock_853728527-200x133.jpeg 200w, https:\/\/www.escapadarural.com\/blog\/wp-content\/uploads\/2024\/12\/AdobeStock_853728527-300x200.jpeg 300w, https:\/\/www.escapadarural.com\/blog\/wp-content\/uploads\/2024\/12\/AdobeStock_853728527-400x267.jpeg 400w, https:\/\/www.escapadarural.com\/blog\/wp-content\/uploads\/2024\/12\/AdobeStock_853728527-600x400.jpeg 600w, https:\/\/www.escapadarural.com\/blog\/wp-content\/uploads\/2024\/12\/AdobeStock_853728527-768x512.jpeg 768w, https:\/\/www.escapadarural.com\/blog\/wp-content\/uploads\/2024\/12\/AdobeStock_853728527-800x533.jpeg 800w, https:\/\/www.escapadarural.com\/blog\/wp-content\/uploads\/2024\/12\/AdobeStock_853728527-1024x683.jpeg 1024w, https:\/\/www.escapadarural.com\/blog\/wp-content\/uploads\/2024\/12\/AdobeStock_853728527-1200x800.jpeg 1200w, https:\/\/www.escapadarural.com\/blog\/wp-content\/uploads\/2024\/12\/AdobeStock_853728527-1536x1024.jpeg 1536w\" sizes=\"auto, (max-width: 1024px) 100vw, 1024px\" \/><figcaption class=\"wp-element-caption\">Paisaje cerca de Novelda. Por Joanna Redesiuk<\/figcaption><\/figure>\n\n\n\n<p>El Fond\u00f3 de les Neus tambi\u00e9n se le conoce, en castellano, como <strong>Hond\u00f3n de las Nieves<\/strong>. E incluso se le puede encontrar un nombre en ingl\u00e9s: <em>Gorge of the Snow<\/em>. Y es que la comunidad angl\u00f3fona es tan extensa en esta peque\u00f1a poblaci\u00f3n de 2.700 habitantes que es f\u00e1cil encontrarse con carteles en bares y otros establecimientos que solo est\u00e1n en la lengua de Shakespeare. Pero quedan <strong>restos de la vida tradicional<\/strong> de los paisanos del lugar, como las <a href=\"https:\/\/www.fondoneus.es\/turismo\/turismo-activo\/barracas-de-pastor\" target=\"_blank\" rel=\"noreferrer noopener nofollow\">barracas de pastor<\/a> elaboradas con la t\u00e9cnica de la piedra seca, muchas de las cuales todav\u00eda se pueden contemplar en muy buen estado.<\/p>\n\n\n\n<p>Acabamos esta ruta rural por el Vinalop\u00f3, cuna de la uva de Nochevieja, proponiendo una visita a las <em><strong>coves dels Calderons<\/strong><\/em>, en La Romana. Saliendo del mismo pueblo, son unos <strong>4 kil\u00f3metros en total<\/strong> (ida y vuelta) con menos de 300 metros de desnivel. Est\u00e1 en la sierra de la Cruz y las investigaciones han determinado que estuvo habitada en el Paleol\u00edtico medio, superior y Neol\u00edtico.<\/p>\n","protected":false},"excerpt":{"rendered":"<p>Nos acercamos al origen de la uva que llena las casas en la noche de Fin de A\u00f1o: la comarca alicantina del Vinalop\u00f3<\/p>\n","protected":false},"author":123,"featured_media":184937,"comment_status":"open","ping_status":"open","sticky":false,"template":"","format":"standard","meta":{"_acf_changed":false,"om_disable_all_campaigns":false,"footnotes":""},"categories":[231],"tags":[674,508,6033,6034],"class_list":["post-184933","post","type-post","status-publish","format-standard","has-post-thumbnail","hentry","category-arte-y-cultura","tag-que-ver-en-alicante","tag-gastronomia","tag-uva-nochevieja","tag-vinalopo"],"acf":[],"featured_image_src":"https:\/\/www.escapadarural.com\/blog\/wp-content\/uploads\/2024\/12\/AdobeStock_35880436-scaled.jpeg","author_info":{"display_name":"Raquel Andr\u00e9s","author_link":"https:\/\/www.escapadarural.com\/blog\/autor\/raquel\/"},"yoast_head":"<!-- This site is optimized with the Yoast SEO plugin v27.5 - https:\/\/yoast.com\/product\/yoast-seo-wordpress\/ -->\n<title>Un viaje por el Vinalop\u00f3, la cuna de la uva de Nochevieja<\/title>\n<meta name=\"description\" content=\"Nos acercamos al origen de la uva que llena las casas en la noche de Fin de A\u00f1o: la comarca alicantina del Vinalop\u00f3\" \/>\n<meta name=\"robots\" content=\"index, follow, max-snippet:-1, max-image-preview:large, max-video-preview:-1\" \/>\n<link rel=\"canonical\" href=\"https:\/\/www.escapadarural.com\/blog\/vinalopo-cuna-de-la-uva-de-nochevieja\/\" \/>\n<meta property=\"og:locale\" content=\"es_ES\" \/>\n<meta property=\"og:type\" content=\"article\" \/>\n<meta property=\"og:title\" content=\"Un viaje por el Vinalop\u00f3, la cuna de la uva de Nochevieja\" \/>\n<meta property=\"og:description\" content=\"Nos acercamos al origen de la uva que llena las casas en la noche de Fin de A\u00f1o: la comarca alicantina del Vinalop\u00f3\" \/>\n<meta property=\"og:url\" content=\"https:\/\/www.escapadarural.com\/blog\/vinalopo-cuna-de-la-uva-de-nochevieja\/\" \/>\n<meta property=\"og:site_name\" content=\"Magazine de viajes de EscapadaRural\" \/>\n<meta property=\"article:publisher\" content=\"https:\/\/www.facebook.com\/escapadarural\" \/>\n<meta property=\"article:published_time\" content=\"2024-12-23T08:45:30+00:00\" \/>\n<meta property=\"article:modified_time\" content=\"2025-01-15T08:28:57+00:00\" \/>\n<meta property=\"og:image\" content=\"https:\/\/www.escapadarural.com\/blog\/wp-content\/uploads\/2024\/12\/AdobeStock_35880436-scaled.jpeg\" \/>\n\t<meta property=\"og:image:width\" content=\"2048\" \/>\n\t<meta property=\"og:image:height\" content=\"1365\" \/>\n\t<meta property=\"og:image:type\" content=\"image\/jpeg\" \/>\n<meta name=\"author\" content=\"Raquel Andr\u00e9s\" \/>\n<meta name=\"twitter:card\" content=\"summary_large_image\" \/>\n<meta name=\"twitter:label1\" content=\"Escrito por\" \/>\n\t<meta name=\"twitter:data1\" content=\"Raquel Andr\u00e9s\" \/>\n\t<meta name=\"twitter:label2\" content=\"Tiempo de lectura\" \/>\n\t<meta name=\"twitter:data2\" content=\"6 minutos\" \/>\n<script type=\"application\/ld+json\" class=\"yoast-schema-graph\">{\"@context\":\"https:\\\/\\\/schema.org\",\"@graph\":[{\"@type\":\"Article\",\"@id\":\"https:\\\/\\\/www.escapadarural.com\\\/blog\\\/vinalopo-cuna-de-la-uva-de-nochevieja\\\/#article\",\"isPartOf\":{\"@id\":\"https:\\\/\\\/www.escapadarural.com\\\/blog\\\/vinalopo-cuna-de-la-uva-de-nochevieja\\\/\"},\"author\":{\"name\":\"Raquel Andr\u00e9s\",\"@id\":\"https:\\\/\\\/www.escapadarural.com\\\/blog\\\/#\\\/schema\\\/person\\\/67be061eb00d8315fa8642e01b88c894\"},\"headline\":\"Un viaje por el Vinalop\u00f3, la cuna de la uva de Nochevieja\",\"datePublished\":\"2024-12-23T08:45:30+00:00\",\"dateModified\":\"2025-01-15T08:28:57+00:00\",\"mainEntityOfPage\":{\"@id\":\"https:\\\/\\\/www.escapadarural.com\\\/blog\\\/vinalopo-cuna-de-la-uva-de-nochevieja\\\/\"},\"wordCount\":1107,\"commentCount\":0,\"publisher\":{\"@id\":\"https:\\\/\\\/www.escapadarural.com\\\/blog\\\/#organization\"},\"image\":{\"@id\":\"https:\\\/\\\/www.escapadarural.com\\\/blog\\\/vinalopo-cuna-de-la-uva-de-nochevieja\\\/#primaryimage\"},\"thumbnailUrl\":\"https:\\\/\\\/www.escapadarural.com\\\/blog\\\/wp-content\\\/uploads\\\/2024\\\/12\\\/AdobeStock_35880436-scaled.jpeg\",\"keywords\":[\"Alicante\",\"Gastronom\u00eda\",\"uva nochevieja\",\"vinalop\u00f3\"],\"articleSection\":[\"Arte y Cultura\"],\"inLanguage\":\"es\",\"potentialAction\":[{\"@type\":\"CommentAction\",\"name\":\"Comment\",\"target\":[\"https:\\\/\\\/www.escapadarural.com\\\/blog\\\/vinalopo-cuna-de-la-uva-de-nochevieja\\\/#respond\"]}]},{\"@type\":\"WebPage\",\"@id\":\"https:\\\/\\\/www.escapadarural.com\\\/blog\\\/vinalopo-cuna-de-la-uva-de-nochevieja\\\/\",\"url\":\"https:\\\/\\\/www.escapadarural.com\\\/blog\\\/vinalopo-cuna-de-la-uva-de-nochevieja\\\/\",\"name\":\"Un viaje por el Vinalop\u00f3, la cuna de la uva de Nochevieja\",\"isPartOf\":{\"@id\":\"https:\\\/\\\/www.escapadarural.com\\\/blog\\\/#website\"},\"primaryImageOfPage\":{\"@id\":\"https:\\\/\\\/www.escapadarural.com\\\/blog\\\/vinalopo-cuna-de-la-uva-de-nochevieja\\\/#primaryimage\"},\"image\":{\"@id\":\"https:\\\/\\\/www.escapadarural.com\\\/blog\\\/vinalopo-cuna-de-la-uva-de-nochevieja\\\/#primaryimage\"},\"thumbnailUrl\":\"https:\\\/\\\/www.escapadarural.com\\\/blog\\\/wp-content\\\/uploads\\\/2024\\\/12\\\/AdobeStock_35880436-scaled.jpeg\",\"datePublished\":\"2024-12-23T08:45:30+00:00\",\"dateModified\":\"2025-01-15T08:28:57+00:00\",\"description\":\"Nos acercamos al origen de la uva que llena las casas en la noche de Fin de A\u00f1o: la comarca alicantina del Vinalop\u00f3\",\"breadcrumb\":{\"@id\":\"https:\\\/\\\/www.escapadarural.com\\\/blog\\\/vinalopo-cuna-de-la-uva-de-nochevieja\\\/#breadcrumb\"},\"inLanguage\":\"es\",\"potentialAction\":[{\"@type\":\"ReadAction\",\"target\":[\"https:\\\/\\\/www.escapadarural.com\\\/blog\\\/vinalopo-cuna-de-la-uva-de-nochevieja\\\/\"]}]},{\"@type\":\"ImageObject\",\"inLanguage\":\"es\",\"@id\":\"https:\\\/\\\/www.escapadarural.com\\\/blog\\\/vinalopo-cuna-de-la-uva-de-nochevieja\\\/#primaryimage\",\"url\":\"https:\\\/\\\/www.escapadarural.com\\\/blog\\\/wp-content\\\/uploads\\\/2024\\\/12\\\/AdobeStock_35880436-scaled.jpeg\",\"contentUrl\":\"https:\\\/\\\/www.escapadarural.com\\\/blog\\\/wp-content\\\/uploads\\\/2024\\\/12\\\/AdobeStock_35880436-scaled.jpeg\",\"width\":2048,\"height\":1365,\"caption\":\"Uva embolsada del Vinalop\u00f3, Alicante. Por norrie39\"},{\"@type\":\"BreadcrumbList\",\"@id\":\"https:\\\/\\\/www.escapadarural.com\\\/blog\\\/vinalopo-cuna-de-la-uva-de-nochevieja\\\/#breadcrumb\",\"itemListElement\":[{\"@type\":\"ListItem\",\"position\":1,\"name\":\"Inicio\",\"item\":\"https:\\\/\\\/www.escapadarural.com\\\/blog\\\/\"},{\"@type\":\"ListItem\",\"position\":2,\"name\":\"Arte y Cultura\",\"item\":\"https:\\\/\\\/www.escapadarural.com\\\/blog\\\/categoria\\\/arte-y-cultura\\\/\"},{\"@type\":\"ListItem\",\"position\":3,\"name\":\"Un viaje por el Vinalop\u00f3, la cuna de la uva de Nochevieja\"}]},{\"@type\":\"WebSite\",\"@id\":\"https:\\\/\\\/www.escapadarural.com\\\/blog\\\/#website\",\"url\":\"https:\\\/\\\/www.escapadarural.com\\\/blog\\\/\",\"name\":\"Blog de viajes | turismo rural, alojamientos e inspiraci\u00f3n\",\"description\":\"Alojamientos rurales e inspiraci\u00f3n para tus escapadas\",\"publisher\":{\"@id\":\"https:\\\/\\\/www.escapadarural.com\\\/blog\\\/#organization\"},\"alternateName\":\"Magazine de viajes de EscapadaRural\",\"potentialAction\":[{\"@type\":\"SearchAction\",\"target\":{\"@type\":\"EntryPoint\",\"urlTemplate\":\"https:\\\/\\\/www.escapadarural.com\\\/blog\\\/?s={search_term_string}\"},\"query-input\":{\"@type\":\"PropertyValueSpecification\",\"valueRequired\":true,\"valueName\":\"search_term_string\"}}],\"inLanguage\":\"es\"},{\"@type\":\"Organization\",\"@id\":\"https:\\\/\\\/www.escapadarural.com\\\/blog\\\/#organization\",\"name\":\"EscapadaRural\",\"url\":\"https:\\\/\\\/www.escapadarural.com\\\/blog\\\/\",\"logo\":{\"@type\":\"ImageObject\",\"inLanguage\":\"es\",\"@id\":\"https:\\\/\\\/www.escapadarural.com\\\/blog\\\/#\\\/schema\\\/logo\\\/image\\\/\",\"url\":\"https:\\\/\\\/www.escapadarural.com\\\/blog\\\/wp-content\\\/uploads\\\/2024\\\/10\\\/cropped-cropped-escapada-rural-icon-mag-3.png\",\"contentUrl\":\"https:\\\/\\\/www.escapadarural.com\\\/blog\\\/wp-content\\\/uploads\\\/2024\\\/10\\\/cropped-cropped-escapada-rural-icon-mag-3.png\",\"width\":512,\"height\":512,\"caption\":\"EscapadaRural\"},\"image\":{\"@id\":\"https:\\\/\\\/www.escapadarural.com\\\/blog\\\/#\\\/schema\\\/logo\\\/image\\\/\"},\"sameAs\":[\"https:\\\/\\\/www.facebook.com\\\/escapadarural\",\"https:\\\/\\\/www.instagram.com\\\/escapadarural\\\/\",\"https:\\\/\\\/www.youtube.com\\\/@escapadaruralcom\"]},{\"@type\":\"Person\",\"@id\":\"https:\\\/\\\/www.escapadarural.com\\\/blog\\\/#\\\/schema\\\/person\\\/67be061eb00d8315fa8642e01b88c894\",\"name\":\"Raquel Andr\u00e9s\",\"image\":{\"@type\":\"ImageObject\",\"inLanguage\":\"es\",\"@id\":\"https:\\\/\\\/secure.gravatar.com\\\/avatar\\\/b45840531462f3cafb335a9fc5c0bfda2c07c3df4b82b304b923526b85cc6cb5?s=96&d=mm&r=g\",\"url\":\"https:\\\/\\\/secure.gravatar.com\\\/avatar\\\/b45840531462f3cafb335a9fc5c0bfda2c07c3df4b82b304b923526b85cc6cb5?s=96&d=mm&r=g\",\"contentUrl\":\"https:\\\/\\\/secure.gravatar.com\\\/avatar\\\/b45840531462f3cafb335a9fc5c0bfda2c07c3df4b82b304b923526b85cc6cb5?s=96&d=mm&r=g\",\"caption\":\"Raquel Andr\u00e9s\"},\"description\":\"Periodista y aventurera. Me has podido leer en Escapada Rural, Diari Nosaltres La Veu, La Vanguardia, El Salto y otros medios. Habitante y amante de las zonas rurales, sea cual sea el destino. Procuro escaparme una vez por semana con las botas de monta\u00f1a, el arn\u00e9s o el neopreno. Tambi\u00e9n soy un intento de baserritarra.\",\"url\":\"https:\\\/\\\/www.escapadarural.com\\\/blog\\\/autor\\\/raquel\\\/\"}]}<\/script>\n<!-- \/ Yoast SEO plugin. -->","yoast_head_json":{"title":"Un viaje por el Vinalop\u00f3, la cuna de la uva de Nochevieja","description":"Nos acercamos al origen de la uva que llena las casas en la noche de Fin de A\u00f1o: la comarca alicantina del Vinalop\u00f3","robots":{"index":"index","follow":"follow","max-snippet":"max-snippet:-1","max-image-preview":"max-image-preview:large","max-video-preview":"max-video-preview:-1"},"canonical":"https:\/\/www.escapadarural.com\/blog\/vinalopo-cuna-de-la-uva-de-nochevieja\/","og_locale":"es_ES","og_type":"article","og_title":"Un viaje por el Vinalop\u00f3, la cuna de la uva de Nochevieja","og_description":"Nos acercamos al origen de la uva que llena las casas en la noche de Fin de A\u00f1o: la comarca alicantina del Vinalop\u00f3","og_url":"https:\/\/www.escapadarural.com\/blog\/vinalopo-cuna-de-la-uva-de-nochevieja\/","og_site_name":"Magazine de viajes de EscapadaRural","article_publisher":"https:\/\/www.facebook.com\/escapadarural","article_published_time":"2024-12-23T08:45:30+00:00","article_modified_time":"2025-01-15T08:28:57+00:00","og_image":[{"width":2048,"height":1365,"url":"https:\/\/www.escapadarural.com\/blog\/wp-content\/uploads\/2024\/12\/AdobeStock_35880436-scaled.jpeg","type":"image\/jpeg"}],"author":"Raquel Andr\u00e9s","twitter_card":"summary_large_image","twitter_misc":{"Escrito por":"Raquel Andr\u00e9s","Tiempo de lectura":"6 minutos"},"schema":{"@context":"https:\/\/schema.org","@graph":[{"@type":"Article","@id":"https:\/\/www.escapadarural.com\/blog\/vinalopo-cuna-de-la-uva-de-nochevieja\/#article","isPartOf":{"@id":"https:\/\/www.escapadarural.com\/blog\/vinalopo-cuna-de-la-uva-de-nochevieja\/"},"author":{"name":"Raquel Andr\u00e9s","@id":"https:\/\/www.escapadarural.com\/blog\/#\/schema\/person\/67be061eb00d8315fa8642e01b88c894"},"headline":"Un viaje por el Vinalop\u00f3, la cuna de la uva de Nochevieja","datePublished":"2024-12-23T08:45:30+00:00","dateModified":"2025-01-15T08:28:57+00:00","mainEntityOfPage":{"@id":"https:\/\/www.escapadarural.com\/blog\/vinalopo-cuna-de-la-uva-de-nochevieja\/"},"wordCount":1107,"commentCount":0,"publisher":{"@id":"https:\/\/www.escapadarural.com\/blog\/#organization"},"image":{"@id":"https:\/\/www.escapadarural.com\/blog\/vinalopo-cuna-de-la-uva-de-nochevieja\/#primaryimage"},"thumbnailUrl":"https:\/\/www.escapadarural.com\/blog\/wp-content\/uploads\/2024\/12\/AdobeStock_35880436-scaled.jpeg","keywords":["Alicante","Gastronom\u00eda","uva nochevieja","vinalop\u00f3"],"articleSection":["Arte y Cultura"],"inLanguage":"es","potentialAction":[{"@type":"CommentAction","name":"Comment","target":["https:\/\/www.escapadarural.com\/blog\/vinalopo-cuna-de-la-uva-de-nochevieja\/#respond"]}]},{"@type":"WebPage","@id":"https:\/\/www.escapadarural.com\/blog\/vinalopo-cuna-de-la-uva-de-nochevieja\/","url":"https:\/\/www.escapadarural.com\/blog\/vinalopo-cuna-de-la-uva-de-nochevieja\/","name":"Un viaje por el Vinalop\u00f3, la cuna de la uva de Nochevieja","isPartOf":{"@id":"https:\/\/www.escapadarural.com\/blog\/#website"},"primaryImageOfPage":{"@id":"https:\/\/www.escapadarural.com\/blog\/vinalopo-cuna-de-la-uva-de-nochevieja\/#primaryimage"},"image":{"@id":"https:\/\/www.escapadarural.com\/blog\/vinalopo-cuna-de-la-uva-de-nochevieja\/#primaryimage"},"thumbnailUrl":"https:\/\/www.escapadarural.com\/blog\/wp-content\/uploads\/2024\/12\/AdobeStock_35880436-scaled.jpeg","datePublished":"2024-12-23T08:45:30+00:00","dateModified":"2025-01-15T08:28:57+00:00","description":"Nos acercamos al origen de la uva que llena las casas en la noche de Fin de A\u00f1o: la comarca alicantina del Vinalop\u00f3","breadcrumb":{"@id":"https:\/\/www.escapadarural.com\/blog\/vinalopo-cuna-de-la-uva-de-nochevieja\/#breadcrumb"},"inLanguage":"es","potentialAction":[{"@type":"ReadAction","target":["https:\/\/www.escapadarural.com\/blog\/vinalopo-cuna-de-la-uva-de-nochevieja\/"]}]},{"@type":"ImageObject","inLanguage":"es","@id":"https:\/\/www.escapadarural.com\/blog\/vinalopo-cuna-de-la-uva-de-nochevieja\/#primaryimage","url":"https:\/\/www.escapadarural.com\/blog\/wp-content\/uploads\/2024\/12\/AdobeStock_35880436-scaled.jpeg","contentUrl":"https:\/\/www.escapadarural.com\/blog\/wp-content\/uploads\/2024\/12\/AdobeStock_35880436-scaled.jpeg","width":2048,"height":1365,"caption":"Uva embolsada del Vinalop\u00f3, Alicante. Por norrie39"},{"@type":"BreadcrumbList","@id":"https:\/\/www.escapadarural.com\/blog\/vinalopo-cuna-de-la-uva-de-nochevieja\/#breadcrumb","itemListElement":[{"@type":"ListItem","position":1,"name":"Inicio","item":"https:\/\/www.escapadarural.com\/blog\/"},{"@type":"ListItem","position":2,"name":"Arte y Cultura","item":"https:\/\/www.escapadarural.com\/blog\/categoria\/arte-y-cultura\/"},{"@type":"ListItem","position":3,"name":"Un viaje por el Vinalop\u00f3, la cuna de la uva de Nochevieja"}]},{"@type":"WebSite","@id":"https:\/\/www.escapadarural.com\/blog\/#website","url":"https:\/\/www.escapadarural.com\/blog\/","name":"Blog de viajes | turismo rural, alojamientos e inspiraci\u00f3n","description":"Alojamientos rurales e inspiraci\u00f3n para tus escapadas","publisher":{"@id":"https:\/\/www.escapadarural.com\/blog\/#organization"},"alternateName":"Magazine de viajes de EscapadaRural","potentialAction":[{"@type":"SearchAction","target":{"@type":"EntryPoint","urlTemplate":"https:\/\/www.escapadarural.com\/blog\/?s={search_term_string}"},"query-input":{"@type":"PropertyValueSpecification","valueRequired":true,"valueName":"search_term_string"}}],"inLanguage":"es"},{"@type":"Organization","@id":"https:\/\/www.escapadarural.com\/blog\/#organization","name":"EscapadaRural","url":"https:\/\/www.escapadarural.com\/blog\/","logo":{"@type":"ImageObject","inLanguage":"es","@id":"https:\/\/www.escapadarural.com\/blog\/#\/schema\/logo\/image\/","url":"https:\/\/www.escapadarural.com\/blog\/wp-content\/uploads\/2024\/10\/cropped-cropped-escapada-rural-icon-mag-3.png","contentUrl":"https:\/\/www.escapadarural.com\/blog\/wp-content\/uploads\/2024\/10\/cropped-cropped-escapada-rural-icon-mag-3.png","width":512,"height":512,"caption":"EscapadaRural"},"image":{"@id":"https:\/\/www.escapadarural.com\/blog\/#\/schema\/logo\/image\/"},"sameAs":["https:\/\/www.facebook.com\/escapadarural","https:\/\/www.instagram.com\/escapadarural\/","https:\/\/www.youtube.com\/@escapadaruralcom"]},{"@type":"Person","@id":"https:\/\/www.escapadarural.com\/blog\/#\/schema\/person\/67be061eb00d8315fa8642e01b88c894","name":"Raquel Andr\u00e9s","image":{"@type":"ImageObject","inLanguage":"es","@id":"https:\/\/secure.gravatar.com\/avatar\/b45840531462f3cafb335a9fc5c0bfda2c07c3df4b82b304b923526b85cc6cb5?s=96&d=mm&r=g","url":"https:\/\/secure.gravatar.com\/avatar\/b45840531462f3cafb335a9fc5c0bfda2c07c3df4b82b304b923526b85cc6cb5?s=96&d=mm&r=g","contentUrl":"https:\/\/secure.gravatar.com\/avatar\/b45840531462f3cafb335a9fc5c0bfda2c07c3df4b82b304b923526b85cc6cb5?s=96&d=mm&r=g","caption":"Raquel Andr\u00e9s"},"description":"Periodista y aventurera. Me has podido leer en Escapada Rural, Diari Nosaltres La Veu, La Vanguardia, El Salto y otros medios. Habitante y amante de las zonas rurales, sea cual sea el destino. Procuro escaparme una vez por semana con las botas de monta\u00f1a, el arn\u00e9s o el neopreno. Tambi\u00e9n soy un intento de baserritarra.","url":"https:\/\/www.escapadarural.com\/blog\/autor\/raquel\/"}]}},"_links":{"self":[{"href":"https:\/\/www.escapadarural.com\/blog\/wp-json\/wp\/v2\/posts\/184933","targetHints":{"allow":["GET"]}}],"collection":[{"href":"https:\/\/www.escapadarural.com\/blog\/wp-json\/wp\/v2\/posts"}],"about":[{"href":"https:\/\/www.escapadarural.com\/blog\/wp-json\/wp\/v2\/types\/post"}],"author":[{"embeddable":true,"href":"https:\/\/www.escapadarural.com\/blog\/wp-json\/wp\/v2\/users\/123"}],"replies":[{"embeddable":true,"href":"https:\/\/www.escapadarural.com\/blog\/wp-json\/wp\/v2\/comments?post=184933"}],"version-history":[{"count":0,"href":"https:\/\/www.escapadarural.com\/blog\/wp-json\/wp\/v2\/posts\/184933\/revisions"}],"wp:featuredmedia":[{"embeddable":true,"href":"https:\/\/www.escapadarural.com\/blog\/wp-json\/wp\/v2\/media\/184937"}],"wp:attachment":[{"href":"https:\/\/www.escapadarural.com\/blog\/wp-json\/wp\/v2\/media?parent=184933"}],"wp:term":[{"taxonomy":"category","embeddable":true,"href":"https:\/\/www.escapadarural.com\/blog\/wp-json\/wp\/v2\/categories?post=184933"},{"taxonomy":"post_tag","embeddable":true,"href":"https:\/\/www.escapadarural.com\/blog\/wp-json\/wp\/v2\/tags?post=184933"}],"curies":[{"name":"wp","href":"https:\/\/api.w.org\/{rel}","templated":true}]}}