{"id":185179,"date":"2024-12-21T08:00:00","date_gmt":"2024-12-21T06:00:00","guid":{"rendered":"https:\/\/www.escapadarural.com\/blog\/?p=185179"},"modified":"2024-12-23T19:46:24","modified_gmt":"2024-12-23T17:46:24","slug":"tejeda-el-municipio-que-sorprendio-a-unamuno","status":"publish","type":"post","link":"https:\/\/www.escapadarural.com\/blog\/tejeda-el-municipio-que-sorprendio-a-unamuno\/","title":{"rendered":"Tejeda, el misterioso municipio que sorprendi\u00f3 a Unamuno"},"content":{"rendered":"\n<figure class=\"wp-block-image size-large\"><img loading=\"lazy\" decoding=\"async\" width=\"1024\" height=\"683\" src=\"https:\/\/www.escapadarural.com\/blog\/wp-content\/uploads\/2024\/12\/Panoramica-de-Tejeda.-Por-Mazur-Travel-1024x683.jpeg\" alt=\"\" class=\"wp-image-185180\" srcset=\"https:\/\/www.escapadarural.com\/blog\/wp-content\/uploads\/2024\/12\/Panoramica-de-Tejeda.-Por-Mazur-Travel-200x133.jpeg 200w, https:\/\/www.escapadarural.com\/blog\/wp-content\/uploads\/2024\/12\/Panoramica-de-Tejeda.-Por-Mazur-Travel-300x200.jpeg 300w, https:\/\/www.escapadarural.com\/blog\/wp-content\/uploads\/2024\/12\/Panoramica-de-Tejeda.-Por-Mazur-Travel-400x267.jpeg 400w, https:\/\/www.escapadarural.com\/blog\/wp-content\/uploads\/2024\/12\/Panoramica-de-Tejeda.-Por-Mazur-Travel-600x400.jpeg 600w, https:\/\/www.escapadarural.com\/blog\/wp-content\/uploads\/2024\/12\/Panoramica-de-Tejeda.-Por-Mazur-Travel-768x512.jpeg 768w, https:\/\/www.escapadarural.com\/blog\/wp-content\/uploads\/2024\/12\/Panoramica-de-Tejeda.-Por-Mazur-Travel-800x533.jpeg 800w, https:\/\/www.escapadarural.com\/blog\/wp-content\/uploads\/2024\/12\/Panoramica-de-Tejeda.-Por-Mazur-Travel-1024x683.jpeg 1024w, https:\/\/www.escapadarural.com\/blog\/wp-content\/uploads\/2024\/12\/Panoramica-de-Tejeda.-Por-Mazur-Travel-1200x800.jpeg 1200w, https:\/\/www.escapadarural.com\/blog\/wp-content\/uploads\/2024\/12\/Panoramica-de-Tejeda.-Por-Mazur-Travel-1536x1024.jpeg 1536w\" sizes=\"auto, (max-width: 1024px) 100vw, 1024px\" \/><figcaption class=\"wp-element-caption\">Panor\u00e1mica de Tejeda. Por Mazur Travel.<\/figcaption><\/figure>\n\n\n\n<p><a href=\"\/casas-rurales\/gran-canaria\">Gran Canaria<\/a> esconde formaciones volc\u00e1nicas que dejan con la boca abierta y que siguen siendo paisajes solitarios, de esos que pasan desapercibidos. Rincones donde encontrar paz, ya que no est\u00e1n tan poblados, y que quiz\u00e1s muchos desconoc\u00edan hasta el momento.&nbsp;<\/p>\n\n\n\n<p>Con el paso de los a\u00f1os, <strong>las erupciones volc\u00e1nicas han ido cambiando el paisaje canario <\/strong>a sus anchas, creando lugares m\u00e1gicos llenos de belleza natural. Cada isla tiene sus propios secretos y Gran Canaria no pod\u00eda ser menos. A unos 50 kil\u00f3metros de la capital encontramos el municipio de Tejeda, que da la bienvenida a todo aquel que decide visitarlo a 1.050 metros de altura sobre el nivel del mar.&nbsp;<\/p>\n\n\n\n<div class=\"wp-block-buttons is-layout-flex wp-block-buttons-is-layout-flex\">\n<div class=\"wp-block-button\"><a class=\"wp-block-button__link wp-element-button\" href=\"\/casas-rurales\/tejeda\">Alojamientos rurales en Tejeda<\/a><\/div>\n<\/div>\n\n\n\n<figure class=\"wp-block-image size-large\"><img loading=\"lazy\" decoding=\"async\" width=\"1024\" height=\"684\" src=\"https:\/\/www.escapadarural.com\/blog\/wp-content\/uploads\/2024\/12\/Gran-Canaria-Roque-Bentayga-Roque-Nublo.-Por-Uwalthie-Pic-Project-1024x684.jpeg\" alt=\"\" class=\"wp-image-185181\" srcset=\"https:\/\/www.escapadarural.com\/blog\/wp-content\/uploads\/2024\/12\/Gran-Canaria-Roque-Bentayga-Roque-Nublo.-Por-Uwalthie-Pic-Project-200x134.jpeg 200w, https:\/\/www.escapadarural.com\/blog\/wp-content\/uploads\/2024\/12\/Gran-Canaria-Roque-Bentayga-Roque-Nublo.-Por-Uwalthie-Pic-Project-300x200.jpeg 300w, https:\/\/www.escapadarural.com\/blog\/wp-content\/uploads\/2024\/12\/Gran-Canaria-Roque-Bentayga-Roque-Nublo.-Por-Uwalthie-Pic-Project-400x267.jpeg 400w, https:\/\/www.escapadarural.com\/blog\/wp-content\/uploads\/2024\/12\/Gran-Canaria-Roque-Bentayga-Roque-Nublo.-Por-Uwalthie-Pic-Project-600x401.jpeg 600w, https:\/\/www.escapadarural.com\/blog\/wp-content\/uploads\/2024\/12\/Gran-Canaria-Roque-Bentayga-Roque-Nublo.-Por-Uwalthie-Pic-Project-768x513.jpeg 768w, https:\/\/www.escapadarural.com\/blog\/wp-content\/uploads\/2024\/12\/Gran-Canaria-Roque-Bentayga-Roque-Nublo.-Por-Uwalthie-Pic-Project-800x534.jpeg 800w, https:\/\/www.escapadarural.com\/blog\/wp-content\/uploads\/2024\/12\/Gran-Canaria-Roque-Bentayga-Roque-Nublo.-Por-Uwalthie-Pic-Project-1024x684.jpeg 1024w, https:\/\/www.escapadarural.com\/blog\/wp-content\/uploads\/2024\/12\/Gran-Canaria-Roque-Bentayga-Roque-Nublo.-Por-Uwalthie-Pic-Project-1200x801.jpeg 1200w, https:\/\/www.escapadarural.com\/blog\/wp-content\/uploads\/2024\/12\/Gran-Canaria-Roque-Bentayga-Roque-Nublo.-Por-Uwalthie-Pic-Project-1536x1025.jpeg 1536w\" sizes=\"auto, (max-width: 1024px) 100vw, 1024px\" \/><figcaption class=\"wp-element-caption\">Vistas de Roque Bentayga y Roque Nublo. Por Uwalthie Pic Project.<\/figcaption><\/figure>\n\n\n\n<p>Tejeda es conocido por sus<strong> cumbres volc\u00e1nicas<\/strong>, por ser uno <strong>de los pueblos m\u00e1s bonitos del territorio, <\/strong>pero tambi\u00e9n por tener una <strong>curiosa fuente econ\u00f3mica<\/strong>: la del registro de veh\u00edculos de alquiler. La situaci\u00f3n se ha ido algo de las manos, ya que algunos estudios revelan que llegan a contar con casi 18.000 veh\u00edculos registrados por cada 1.000 habitantes. \u00bfCurioso, verdad?<\/p>\n\n\n\n<h2 class=\"wp-block-heading\" id=\"h-tejeda-casas-blancas-entorno-montanoso-museos-y-mucha-historia\">Tejeda: casas blancas, entorno monta\u00f1oso, museos y mucha historia<\/h2>\n\n\n\n<figure class=\"wp-block-image size-large\"><img loading=\"lazy\" decoding=\"async\" width=\"1024\" height=\"683\" src=\"https:\/\/www.escapadarural.com\/blog\/wp-content\/uploads\/2024\/12\/Calles-blanquecinas-en-Tejeda.-Por-Aleksandar-Todorovic-1024x683.jpeg\" alt=\"\" class=\"wp-image-185183\" srcset=\"https:\/\/www.escapadarural.com\/blog\/wp-content\/uploads\/2024\/12\/Calles-blanquecinas-en-Tejeda.-Por-Aleksandar-Todorovic-200x133.jpeg 200w, https:\/\/www.escapadarural.com\/blog\/wp-content\/uploads\/2024\/12\/Calles-blanquecinas-en-Tejeda.-Por-Aleksandar-Todorovic-300x200.jpeg 300w, https:\/\/www.escapadarural.com\/blog\/wp-content\/uploads\/2024\/12\/Calles-blanquecinas-en-Tejeda.-Por-Aleksandar-Todorovic-400x267.jpeg 400w, https:\/\/www.escapadarural.com\/blog\/wp-content\/uploads\/2024\/12\/Calles-blanquecinas-en-Tejeda.-Por-Aleksandar-Todorovic-600x400.jpeg 600w, https:\/\/www.escapadarural.com\/blog\/wp-content\/uploads\/2024\/12\/Calles-blanquecinas-en-Tejeda.-Por-Aleksandar-Todorovic-768x512.jpeg 768w, https:\/\/www.escapadarural.com\/blog\/wp-content\/uploads\/2024\/12\/Calles-blanquecinas-en-Tejeda.-Por-Aleksandar-Todorovic-800x533.jpeg 800w, https:\/\/www.escapadarural.com\/blog\/wp-content\/uploads\/2024\/12\/Calles-blanquecinas-en-Tejeda.-Por-Aleksandar-Todorovic-1024x683.jpeg 1024w, https:\/\/www.escapadarural.com\/blog\/wp-content\/uploads\/2024\/12\/Calles-blanquecinas-en-Tejeda.-Por-Aleksandar-Todorovic-1200x800.jpeg 1200w, https:\/\/www.escapadarural.com\/blog\/wp-content\/uploads\/2024\/12\/Calles-blanquecinas-en-Tejeda.-Por-Aleksandar-Todorovic-1536x1024.jpeg 1536w\" sizes=\"auto, (max-width: 1024px) 100vw, 1024px\" \/><figcaption class=\"wp-element-caption\">Calles de Tejeda. Por Aleksandar Todorovic<\/figcaption><\/figure>\n\n\n\n<p>Rodeada de cumbres se encuentra la peque\u00f1a poblaci\u00f3n blanquecina de Tejeda. Un entorno natural inigualable que, tal y como avanz\u00e1bamos, sorprendi\u00f3 hasta al conocido escritor y fil\u00f3sofo Miguel de Unamuno. Como explica Francesc Ribes en el libro <em>Los Pueblos M\u00e1s Bonitos de la Espa\u00f1a Vac\u00eda<\/em>, es \u201cel primer municipio canario en ser inscrito en el club de <a href=\"https:\/\/www.lospueblosmasbonitosdeespana.org\" target=\"_blank\" rel=\"noreferrer noopener nofollow\">los Pueblos M\u00e1s Bonitos de Espa\u00f1a<\/a> y adem\u00e1s, <strong>el segundo menos poblado<\/strong>\u201d. El primero de la lista, con menos habitantes, ser\u00eda la vecina poblaci\u00f3n de Artenara, a menos de 40 kil\u00f3metros de Las Palmas.<\/p>\n\n\n\n<p>Hablamos de una regi\u00f3n que poco a poco va recibiendo a m\u00e1s turistas, pero donde <strong>la falta de habitantes va haciendo mella<\/strong>, dejando el interior de la isla despoblado. Adem\u00e1s, comenta Francesc: \u201cLas familias tejedenses se reparten en unos 24 barrios dispersos por todo el municipio, lo que complica los servicios y las comunicaciones\u201d. Aunque al vivir en un entorno de belleza desbordante, son unos aut\u00e9nticos privilegiados.&nbsp;<\/p>\n\n\n\n<figure class=\"wp-block-image size-large\"><img loading=\"lazy\" decoding=\"async\" width=\"1024\" height=\"683\" src=\"https:\/\/www.escapadarural.com\/blog\/wp-content\/uploads\/2024\/12\/Iglesia-Nuestra-Senora-del-Socorro-Tejeda.-Por-Falko-Gothel-1024x683.jpeg\" alt=\"\" class=\"wp-image-185184\" srcset=\"https:\/\/www.escapadarural.com\/blog\/wp-content\/uploads\/2024\/12\/Iglesia-Nuestra-Senora-del-Socorro-Tejeda.-Por-Falko-Gothel-200x133.jpeg 200w, https:\/\/www.escapadarural.com\/blog\/wp-content\/uploads\/2024\/12\/Iglesia-Nuestra-Senora-del-Socorro-Tejeda.-Por-Falko-Gothel-300x200.jpeg 300w, https:\/\/www.escapadarural.com\/blog\/wp-content\/uploads\/2024\/12\/Iglesia-Nuestra-Senora-del-Socorro-Tejeda.-Por-Falko-Gothel-400x267.jpeg 400w, https:\/\/www.escapadarural.com\/blog\/wp-content\/uploads\/2024\/12\/Iglesia-Nuestra-Senora-del-Socorro-Tejeda.-Por-Falko-Gothel-600x400.jpeg 600w, https:\/\/www.escapadarural.com\/blog\/wp-content\/uploads\/2024\/12\/Iglesia-Nuestra-Senora-del-Socorro-Tejeda.-Por-Falko-Gothel-768x512.jpeg 768w, https:\/\/www.escapadarural.com\/blog\/wp-content\/uploads\/2024\/12\/Iglesia-Nuestra-Senora-del-Socorro-Tejeda.-Por-Falko-Gothel-800x534.jpeg 800w, https:\/\/www.escapadarural.com\/blog\/wp-content\/uploads\/2024\/12\/Iglesia-Nuestra-Senora-del-Socorro-Tejeda.-Por-Falko-Gothel-1024x683.jpeg 1024w, https:\/\/www.escapadarural.com\/blog\/wp-content\/uploads\/2024\/12\/Iglesia-Nuestra-Senora-del-Socorro-Tejeda.-Por-Falko-Gothel-1200x801.jpeg 1200w, https:\/\/www.escapadarural.com\/blog\/wp-content\/uploads\/2024\/12\/Iglesia-Nuestra-Senora-del-Socorro-Tejeda.-Por-Falko-Gothel-1536x1025.jpeg 1536w\" sizes=\"auto, (max-width: 1024px) 100vw, 1024px\" \/><figcaption class=\"wp-element-caption\">Iglesia Nuestra Se\u00f1ora del Socorro, Tejeda. Por Falko G\u00f6thel.<\/figcaption><\/figure>\n\n\n\n<p>Tejeda, que est\u00e1 abrazada por volcanes, antiguamente <strong>se dedicaba exclusivamente a la actividad agr\u00edcola y ganadera<\/strong>. La almendra tuvo un gran papel econ\u00f3mico, y a\u00fan lo sigue teniendo gracias a la reposter\u00eda tradicional y a las diversas pasteler\u00edas que hay en el pueblo. El sector tur\u00edstico se ha ido abriendo paso y hoy en d\u00eda es tambi\u00e9n uno de los principales motores econ\u00f3micos. Puede que gran parte de ello sea gracias a que Turismo de Gran Canaria hizo de la poblaci\u00f3n una parada principal de la <a href=\"https:\/\/www.grancanaria.com\/turismo\/es\/rutas\/ruta-centro\/\" target=\"_blank\" rel=\"noreferrer noopener nofollow\">Ruta Centro<\/a>.\u00a0<\/p>\n\n\n\n<figure class=\"wp-block-image size-large\"><img loading=\"lazy\" decoding=\"async\" width=\"1024\" height=\"683\" src=\"https:\/\/www.escapadarural.com\/blog\/wp-content\/uploads\/2024\/12\/Poblacion-de-Tejeda.-por-alexpolo-1024x683.jpeg\" alt=\"\" class=\"wp-image-185185\" srcset=\"https:\/\/www.escapadarural.com\/blog\/wp-content\/uploads\/2024\/12\/Poblacion-de-Tejeda.-por-alexpolo-200x133.jpeg 200w, https:\/\/www.escapadarural.com\/blog\/wp-content\/uploads\/2024\/12\/Poblacion-de-Tejeda.-por-alexpolo-300x200.jpeg 300w, https:\/\/www.escapadarural.com\/blog\/wp-content\/uploads\/2024\/12\/Poblacion-de-Tejeda.-por-alexpolo-400x267.jpeg 400w, https:\/\/www.escapadarural.com\/blog\/wp-content\/uploads\/2024\/12\/Poblacion-de-Tejeda.-por-alexpolo-600x400.jpeg 600w, https:\/\/www.escapadarural.com\/blog\/wp-content\/uploads\/2024\/12\/Poblacion-de-Tejeda.-por-alexpolo-768x512.jpeg 768w, https:\/\/www.escapadarural.com\/blog\/wp-content\/uploads\/2024\/12\/Poblacion-de-Tejeda.-por-alexpolo-800x533.jpeg 800w, https:\/\/www.escapadarural.com\/blog\/wp-content\/uploads\/2024\/12\/Poblacion-de-Tejeda.-por-alexpolo-1024x683.jpeg 1024w, https:\/\/www.escapadarural.com\/blog\/wp-content\/uploads\/2024\/12\/Poblacion-de-Tejeda.-por-alexpolo-1200x800.jpeg 1200w, https:\/\/www.escapadarural.com\/blog\/wp-content\/uploads\/2024\/12\/Poblacion-de-Tejeda.-por-alexpolo-1536x1024.jpeg 1536w\" sizes=\"auto, (max-width: 1024px) 100vw, 1024px\" \/><figcaption class=\"wp-element-caption\">Parte de la blanquecina poblaci\u00f3n de Tejeda. Por alexpolo<\/figcaption><\/figure>\n\n\n\n<p>Por \u00faltimo, aunque sea una poblaci\u00f3n con apenas 1.800 habitantes, cuenta con el Parador Nacional de Tejeda as\u00ed como el museo de esculturas Abraham C\u00e1rdenes. Podr\u00eda ser tambi\u00e9n <strong>conocida como la poblaci\u00f3n de los museos<\/strong>, ya que tiene el museo etnogr\u00e1fico, el centro de plantas medicinales y el museo t\u00edpico canario Tres Cruces. Siendo este \u00faltimo un muy buen punto de partida desde donde conocer los oficios canarios y sus utensilios  de la mano de su propietario, Paco.\u00a0<\/p>\n\n\n\n<h2 class=\"wp-block-heading\" id=\"h-tierras-de-unamuno-y-de-miradores-nbsp\">Tierras de Unamuno y de miradores&nbsp;<\/h2>\n\n\n\n<p><strong>Unamuno y la isla de <a href=\"\/casas-rurales\/las-palmas-de-gran-canaria\">Gran Canaria<\/a> tienen una historia en com\u00fan. <\/strong>Y es que Unamuno qued\u00f3 enamorado de la caldera de Tejeda que, tal como describi\u00f3 en su libro\u00a0<em>Por Tierras de Portugal<\/em>\u00a0(1911): \u201cPasando senderos cortados a pico, en abruptos y escarpados derrumbamientos, dimos vista al valle de Tejeda. El espect\u00e1culo es imponente\u201d. El escritor y fil\u00f3sofo lleg\u00f3 a marcar tanto a estas tierras, que el escultor Manolo Gonz\u00e1lez le cre\u00f3 una estatua en el llamado mirador de Unamuno, en la vecina poblaci\u00f3n de Artenara.\u00a0<\/p>\n\n\n\n<figure class=\"wp-block-image size-large\"><img loading=\"lazy\" decoding=\"async\" width=\"1024\" height=\"681\" src=\"https:\/\/www.escapadarural.com\/blog\/wp-content\/uploads\/2024\/12\/Mirador-de-Unamuno-en-Artenara.-Por-dudlajzov-1024x681.jpeg\" alt=\"\" class=\"wp-image-185187\" srcset=\"https:\/\/www.escapadarural.com\/blog\/wp-content\/uploads\/2024\/12\/Mirador-de-Unamuno-en-Artenara.-Por-dudlajzov-200x133.jpeg 200w, https:\/\/www.escapadarural.com\/blog\/wp-content\/uploads\/2024\/12\/Mirador-de-Unamuno-en-Artenara.-Por-dudlajzov-300x200.jpeg 300w, https:\/\/www.escapadarural.com\/blog\/wp-content\/uploads\/2024\/12\/Mirador-de-Unamuno-en-Artenara.-Por-dudlajzov-400x266.jpeg 400w, https:\/\/www.escapadarural.com\/blog\/wp-content\/uploads\/2024\/12\/Mirador-de-Unamuno-en-Artenara.-Por-dudlajzov-600x399.jpeg 600w, https:\/\/www.escapadarural.com\/blog\/wp-content\/uploads\/2024\/12\/Mirador-de-Unamuno-en-Artenara.-Por-dudlajzov-768x511.jpeg 768w, https:\/\/www.escapadarural.com\/blog\/wp-content\/uploads\/2024\/12\/Mirador-de-Unamuno-en-Artenara.-Por-dudlajzov-800x532.jpeg 800w, https:\/\/www.escapadarural.com\/blog\/wp-content\/uploads\/2024\/12\/Mirador-de-Unamuno-en-Artenara.-Por-dudlajzov-1024x681.jpeg 1024w, https:\/\/www.escapadarural.com\/blog\/wp-content\/uploads\/2024\/12\/Mirador-de-Unamuno-en-Artenara.-Por-dudlajzov-1200x799.jpeg 1200w, https:\/\/www.escapadarural.com\/blog\/wp-content\/uploads\/2024\/12\/Mirador-de-Unamuno-en-Artenara.-Por-dudlajzov-1536x1022.jpeg 1536w\" sizes=\"auto, (max-width: 1024px) 100vw, 1024px\" \/><figcaption class=\"wp-element-caption\">Mirador de Unamuno, Artenara. Por Dudlajzov.<\/figcaption><\/figure>\n\n\n\n<p>Pero \u2026 \u00bfPor qu\u00e9 <a href=\"https:\/\/www.artenara.es\/turismo\/index.php\/es\/\" target=\"_blank\" rel=\"noreferrer noopener nofollow\">Artenara<\/a>? Pues resulta que Unamuno tambi\u00e9n le dedic\u00f3 unas palabras a la poblaci\u00f3n: \u201cLlegamos al pueblo de Artenara, un pueblo de cuevas sobre el abismo. All\u00ed est\u00e1 la Virgen de la Cuevita, tallada en la roca misma\u201d.&nbsp;<\/p>\n\n\n\n<figure class=\"wp-block-image size-large\"><img loading=\"lazy\" decoding=\"async\" width=\"1024\" height=\"683\" src=\"https:\/\/www.escapadarural.com\/blog\/wp-content\/uploads\/2024\/12\/Poblacion-de-Artenara.-Por-inigolaitxu-1024x683.jpeg\" alt=\"\" class=\"wp-image-185189\" srcset=\"https:\/\/www.escapadarural.com\/blog\/wp-content\/uploads\/2024\/12\/Poblacion-de-Artenara.-Por-inigolaitxu-200x133.jpeg 200w, https:\/\/www.escapadarural.com\/blog\/wp-content\/uploads\/2024\/12\/Poblacion-de-Artenara.-Por-inigolaitxu-300x200.jpeg 300w, https:\/\/www.escapadarural.com\/blog\/wp-content\/uploads\/2024\/12\/Poblacion-de-Artenara.-Por-inigolaitxu-400x267.jpeg 400w, https:\/\/www.escapadarural.com\/blog\/wp-content\/uploads\/2024\/12\/Poblacion-de-Artenara.-Por-inigolaitxu-600x400.jpeg 600w, https:\/\/www.escapadarural.com\/blog\/wp-content\/uploads\/2024\/12\/Poblacion-de-Artenara.-Por-inigolaitxu-768x512.jpeg 768w, https:\/\/www.escapadarural.com\/blog\/wp-content\/uploads\/2024\/12\/Poblacion-de-Artenara.-Por-inigolaitxu-800x533.jpeg 800w, https:\/\/www.escapadarural.com\/blog\/wp-content\/uploads\/2024\/12\/Poblacion-de-Artenara.-Por-inigolaitxu-1024x683.jpeg 1024w, https:\/\/www.escapadarural.com\/blog\/wp-content\/uploads\/2024\/12\/Poblacion-de-Artenara.-Por-inigolaitxu-1200x800.jpeg 1200w, https:\/\/www.escapadarural.com\/blog\/wp-content\/uploads\/2024\/12\/Poblacion-de-Artenara.-Por-inigolaitxu-1536x1024.jpeg 1536w\" sizes=\"auto, (max-width: 1024px) 100vw, 1024px\" \/><figcaption class=\"wp-element-caption\">Artenara. Por Inigolaitxu.<\/figcaption><\/figure>\n\n\n\n<p>El lugar es <strong>conocido como las cumbres de Unamuno<\/strong>, pero tambi\u00e9n por tener bastantes miradores y estatuas. Adem\u00e1s del citado mirador de Unamuno, tambi\u00e9n destacan el de Los Alisios o\u00a0el de Coraz\u00f3n de Jes\u00fas. En Tejeda hay varios balcones panor\u00e1micos como el de la Cruz de Tejeda, el de Pipiy o la ruta Mr Lin, un peque\u00f1o balc\u00f3n de madera con vistas a Roque Nublo donde se dice que tan solo caben dos personas. \u00bfEstamos ante el mirador m\u00e1s peque\u00f1o de Espa\u00f1a? Puede ser.\u00a0<\/p>\n\n\n\n<figure class=\"wp-block-image size-large\"><img loading=\"lazy\" decoding=\"async\" width=\"1024\" height=\"683\" src=\"https:\/\/www.escapadarural.com\/blog\/wp-content\/uploads\/2024\/12\/Mirador-Corazon-de-Jesus-en-Artenara.-Por-Jane-Be.-The-Picture-1024x683.jpeg\" alt=\"\" class=\"wp-image-185190\" srcset=\"https:\/\/www.escapadarural.com\/blog\/wp-content\/uploads\/2024\/12\/Mirador-Corazon-de-Jesus-en-Artenara.-Por-Jane-Be.-The-Picture-200x133.jpeg 200w, https:\/\/www.escapadarural.com\/blog\/wp-content\/uploads\/2024\/12\/Mirador-Corazon-de-Jesus-en-Artenara.-Por-Jane-Be.-The-Picture-300x200.jpeg 300w, https:\/\/www.escapadarural.com\/blog\/wp-content\/uploads\/2024\/12\/Mirador-Corazon-de-Jesus-en-Artenara.-Por-Jane-Be.-The-Picture-400x267.jpeg 400w, https:\/\/www.escapadarural.com\/blog\/wp-content\/uploads\/2024\/12\/Mirador-Corazon-de-Jesus-en-Artenara.-Por-Jane-Be.-The-Picture-600x400.jpeg 600w, https:\/\/www.escapadarural.com\/blog\/wp-content\/uploads\/2024\/12\/Mirador-Corazon-de-Jesus-en-Artenara.-Por-Jane-Be.-The-Picture-768x512.jpeg 768w, https:\/\/www.escapadarural.com\/blog\/wp-content\/uploads\/2024\/12\/Mirador-Corazon-de-Jesus-en-Artenara.-Por-Jane-Be.-The-Picture-800x533.jpeg 800w, https:\/\/www.escapadarural.com\/blog\/wp-content\/uploads\/2024\/12\/Mirador-Corazon-de-Jesus-en-Artenara.-Por-Jane-Be.-The-Picture-1024x683.jpeg 1024w, https:\/\/www.escapadarural.com\/blog\/wp-content\/uploads\/2024\/12\/Mirador-Corazon-de-Jesus-en-Artenara.-Por-Jane-Be.-The-Picture-1200x800.jpeg 1200w, https:\/\/www.escapadarural.com\/blog\/wp-content\/uploads\/2024\/12\/Mirador-Corazon-de-Jesus-en-Artenara.-Por-Jane-Be.-The-Picture-1536x1024.jpeg 1536w\" sizes=\"auto, (max-width: 1024px) 100vw, 1024px\" \/><figcaption class=\"wp-element-caption\">Mirador Coraz\u00f3n de Jes\u00fas, Artenara. Por Jane Be.<\/figcaption><\/figure>\n\n\n\n<h2 class=\"wp-block-heading\" id=\"h-roque-nublo-bentayga-nbsp-y-tejeda-trail\">Roque Nublo, Bentayga&nbsp;y Tejeda Trail<\/h2>\n\n\n\n<p>Tejeda es tierra de ancestros, de artistas que han encontrado en esta regi\u00f3n la inspiraci\u00f3n que buscaban. No es de extra\u00f1ar, ya que el precioso <strong>Roque Nublo<\/strong>, a parte de ser un icono, es el \u201cresto de una colada pirocl\u00e1stica que mide m\u00e1s de 80 metros desde su base\u201d. Por otro lado, muy cerca de <strong>Roque Bentayga<\/strong> se encuentran los antiguos <strong>asentamientos abor\u00edgenes canarios<\/strong>, muy interesantes y con gran cantidad de cuevas que son Patrimonio Mundial de la UNESCO.&nbsp;<\/p>\n\n\n\n<figure class=\"wp-block-image size-large\"><img loading=\"lazy\" decoding=\"async\" width=\"1024\" height=\"684\" src=\"https:\/\/www.escapadarural.com\/blog\/wp-content\/uploads\/2024\/12\/Roque-nublo.-Por-inigolaitxu-1024x684.jpeg\" alt=\"\" class=\"wp-image-185191\" srcset=\"https:\/\/www.escapadarural.com\/blog\/wp-content\/uploads\/2024\/12\/Roque-nublo.-Por-inigolaitxu-200x134.jpeg 200w, https:\/\/www.escapadarural.com\/blog\/wp-content\/uploads\/2024\/12\/Roque-nublo.-Por-inigolaitxu-300x200.jpeg 300w, https:\/\/www.escapadarural.com\/blog\/wp-content\/uploads\/2024\/12\/Roque-nublo.-Por-inigolaitxu-400x267.jpeg 400w, https:\/\/www.escapadarural.com\/blog\/wp-content\/uploads\/2024\/12\/Roque-nublo.-Por-inigolaitxu-600x401.jpeg 600w, https:\/\/www.escapadarural.com\/blog\/wp-content\/uploads\/2024\/12\/Roque-nublo.-Por-inigolaitxu-768x513.jpeg 768w, https:\/\/www.escapadarural.com\/blog\/wp-content\/uploads\/2024\/12\/Roque-nublo.-Por-inigolaitxu-800x534.jpeg 800w, https:\/\/www.escapadarural.com\/blog\/wp-content\/uploads\/2024\/12\/Roque-nublo.-Por-inigolaitxu-1024x684.jpeg 1024w, https:\/\/www.escapadarural.com\/blog\/wp-content\/uploads\/2024\/12\/Roque-nublo.-Por-inigolaitxu-1200x801.jpeg 1200w, https:\/\/www.escapadarural.com\/blog\/wp-content\/uploads\/2024\/12\/Roque-nublo.-Por-inigolaitxu-1536x1026.jpeg 1536w\" sizes=\"auto, (max-width: 1024px) 100vw, 1024px\" \/><figcaption class=\"wp-element-caption\">Roque Nublo. Por Inigolaitxu.<\/figcaption><\/figure>\n\n\n\n<p>Ambos <strong>son considerados un emblema y quiz\u00e1s los mayores hitos geogr\u00e1ficos de Gran Canaria<\/strong>. Est\u00e1n muy buscados por corredores y deportistas por la rara combinaci\u00f3n de terrenos, desniveles y paisajes. Pero, \u00bfqu\u00e9 acontecimientos se celebran en estas \u201cremotas\u201d tierras? Pues tenemos la Circular de Tejera, que este a\u00f1o se celebr\u00f3 durante el mes de mayo con varias distancias (corta, media y larga). Adem\u00e1s, cont\u00f3 con dos nuevas modalidades. La que recibe el nombre de Apenitas, de 10 kil\u00f3metros, pensada para el disfrute y perfecta como un primer punto de contacto; y Mi Primera Trail, donde pueden participar menores.&nbsp;<\/p>\n\n\n\n<figure class=\"wp-block-image size-large\"><img loading=\"lazy\" decoding=\"async\" width=\"1024\" height=\"768\" src=\"https:\/\/www.escapadarural.com\/blog\/wp-content\/uploads\/2024\/12\/Senderismo-en-Tejeda-y-alrededores.-Por-karlosxii-1024x768.jpeg\" alt=\"\" class=\"wp-image-185192\" srcset=\"https:\/\/www.escapadarural.com\/blog\/wp-content\/uploads\/2024\/12\/Senderismo-en-Tejeda-y-alrededores.-Por-karlosxii-200x150.jpeg 200w, https:\/\/www.escapadarural.com\/blog\/wp-content\/uploads\/2024\/12\/Senderismo-en-Tejeda-y-alrededores.-Por-karlosxii-300x225.jpeg 300w, https:\/\/www.escapadarural.com\/blog\/wp-content\/uploads\/2024\/12\/Senderismo-en-Tejeda-y-alrededores.-Por-karlosxii-400x300.jpeg 400w, https:\/\/www.escapadarural.com\/blog\/wp-content\/uploads\/2024\/12\/Senderismo-en-Tejeda-y-alrededores.-Por-karlosxii-600x450.jpeg 600w, https:\/\/www.escapadarural.com\/blog\/wp-content\/uploads\/2024\/12\/Senderismo-en-Tejeda-y-alrededores.-Por-karlosxii-768x576.jpeg 768w, https:\/\/www.escapadarural.com\/blog\/wp-content\/uploads\/2024\/12\/Senderismo-en-Tejeda-y-alrededores.-Por-karlosxii-800x600.jpeg 800w, https:\/\/www.escapadarural.com\/blog\/wp-content\/uploads\/2024\/12\/Senderismo-en-Tejeda-y-alrededores.-Por-karlosxii-1024x768.jpeg 1024w, https:\/\/www.escapadarural.com\/blog\/wp-content\/uploads\/2024\/12\/Senderismo-en-Tejeda-y-alrededores.-Por-karlosxii-1200x900.jpeg 1200w, https:\/\/www.escapadarural.com\/blog\/wp-content\/uploads\/2024\/12\/Senderismo-en-Tejeda-y-alrededores.-Por-karlosxii-1536x1152.jpeg 1536w\" sizes=\"auto, (max-width: 1024px) 100vw, 1024px\" \/><figcaption class=\"wp-element-caption\">Senderismo en Tejeda. Por Karlosxii.<\/figcaption><\/figure>\n\n\n\n<p>Otra carrera que tiene lugar en tierras de la caldera de Tejeda es Plenilunio Tejeda Trail, la cual <strong>se completa de noche, siempre que haya luna llena<\/strong>. En 2025 celebrar\u00e1 su d\u00e9cima edici\u00f3n y suele abarcar los 15 kil\u00f3metros de duraci\u00f3n con un desnivel acumulado en terreno monta\u00f1oso de unos 2.000 metros. Se trata de una de las carreras canarias m\u00e1s populares que pasa por este incre\u00edble entorno bajo la luz de la luna.\u00a0<\/p>\n","protected":false},"excerpt":{"rendered":"<p>Descubrimos el desconocido municipio rural de Tejeda. Rodeado de verde, volcanes, cuevas y mucha cultura. Una parada necesaria que no puede faltar en tu visita a Gran Canaria.<\/p>\n","protected":false},"author":151,"featured_media":185183,"comment_status":"open","ping_status":"open","sticky":false,"template":"","format":"standard","meta":{"_acf_changed":false,"om_disable_all_campaigns":false,"footnotes":""},"categories":[191],"tags":[2090,307,1308,6055,3352],"class_list":["post-185179","post","type-post","status-publish","format-standard","has-post-thumbnail","hentry","category-destinos","tag-gran-canaria","tag-que-ver-en-islas-canarias","tag-que-ver-en-las-palmas","tag-unamuno","tag-volcanes"],"acf":[],"featured_image_src":"https:\/\/www.escapadarural.com\/blog\/wp-content\/uploads\/2024\/12\/Calles-blanquecinas-en-Tejeda.-Por-Aleksandar-Todorovic-scaled.jpeg","author_info":{"display_name":"Alba Feliz","author_link":"https:\/\/www.escapadarural.com\/blog\/autor\/alba\/"},"yoast_head":"<!-- This site is optimized with the Yoast SEO plugin v27.5 - https:\/\/yoast.com\/product\/yoast-seo-wordpress\/ -->\n<title>Tejeda, el misterioso municipio que sorprendi\u00f3 a Unamuno<\/title>\n<meta name=\"description\" content=\"Tejeda es uno de los municipios y pueblos m\u00e1s bonito de Gran Canaria. Est\u00e1 entre cumbres volc\u00e1nicas y se compone de casas blancas.\" \/>\n<meta name=\"robots\" content=\"index, follow, max-snippet:-1, max-image-preview:large, max-video-preview:-1\" \/>\n<link rel=\"canonical\" href=\"https:\/\/www.escapadarural.com\/blog\/tejeda-el-municipio-que-sorprendio-a-unamuno\/\" \/>\n<meta property=\"og:locale\" content=\"es_ES\" \/>\n<meta property=\"og:type\" content=\"article\" \/>\n<meta property=\"og:title\" content=\"Tejeda, el misterioso municipio que sorprendi\u00f3 a Unamuno\" \/>\n<meta property=\"og:description\" content=\"Tejeda es uno de los municipios y pueblos m\u00e1s bonito de Gran Canaria. Est\u00e1 entre cumbres volc\u00e1nicas y se compone de casas blancas.\" \/>\n<meta property=\"og:url\" content=\"https:\/\/www.escapadarural.com\/blog\/tejeda-el-municipio-que-sorprendio-a-unamuno\/\" \/>\n<meta property=\"og:site_name\" content=\"Magazine de viajes de EscapadaRural\" \/>\n<meta property=\"article:publisher\" content=\"https:\/\/www.facebook.com\/escapadarural\" \/>\n<meta property=\"article:published_time\" content=\"2024-12-21T06:00:00+00:00\" \/>\n<meta property=\"article:modified_time\" content=\"2024-12-23T17:46:24+00:00\" \/>\n<meta property=\"og:image\" content=\"https:\/\/app.escapadarural.com\/blog\/wp-content\/uploads\/2024\/12\/Calles-blanquecinas-en-Tejeda.-Por-Aleksandar-Todorovic-scaled.jpeg\" \/>\n\t<meta property=\"og:image:width\" content=\"2048\" \/>\n\t<meta property=\"og:image:height\" content=\"1365\" \/>\n\t<meta property=\"og:image:type\" content=\"image\/jpeg\" \/>\n<meta name=\"author\" content=\"Alba Feliz\" \/>\n<meta name=\"twitter:card\" content=\"summary_large_image\" \/>\n<meta name=\"twitter:label1\" content=\"Escrito por\" \/>\n\t<meta name=\"twitter:data1\" content=\"Alba Feliz\" \/>\n\t<meta name=\"twitter:label2\" content=\"Tiempo de lectura\" \/>\n\t<meta name=\"twitter:data2\" content=\"8 minutos\" \/>\n<script type=\"application\/ld+json\" class=\"yoast-schema-graph\">{\"@context\":\"https:\\\/\\\/schema.org\",\"@graph\":[{\"@type\":\"Article\",\"@id\":\"https:\\\/\\\/www.escapadarural.com\\\/blog\\\/tejeda-el-municipio-que-sorprendio-a-unamuno\\\/#article\",\"isPartOf\":{\"@id\":\"https:\\\/\\\/www.escapadarural.com\\\/blog\\\/tejeda-el-municipio-que-sorprendio-a-unamuno\\\/\"},\"author\":{\"name\":\"Alba Feliz\",\"@id\":\"https:\\\/\\\/www.escapadarural.com\\\/blog\\\/#\\\/schema\\\/person\\\/65271b7b847121ab7a4f8c3be624d420\"},\"headline\":\"Tejeda, el misterioso municipio que sorprendi\u00f3 a Unamuno\",\"datePublished\":\"2024-12-21T06:00:00+00:00\",\"dateModified\":\"2024-12-23T17:46:24+00:00\",\"mainEntityOfPage\":{\"@id\":\"https:\\\/\\\/www.escapadarural.com\\\/blog\\\/tejeda-el-municipio-que-sorprendio-a-unamuno\\\/\"},\"wordCount\":1148,\"commentCount\":0,\"publisher\":{\"@id\":\"https:\\\/\\\/www.escapadarural.com\\\/blog\\\/#organization\"},\"image\":{\"@id\":\"https:\\\/\\\/www.escapadarural.com\\\/blog\\\/tejeda-el-municipio-que-sorprendio-a-unamuno\\\/#primaryimage\"},\"thumbnailUrl\":\"https:\\\/\\\/www.escapadarural.com\\\/blog\\\/wp-content\\\/uploads\\\/2024\\\/12\\\/Calles-blanquecinas-en-Tejeda.-Por-Aleksandar-Todorovic-scaled.jpeg\",\"keywords\":[\"Gran Canaria\",\"Islas Canarias\",\"Las Palmas\",\"Unamuno\",\"Volcanes\"],\"articleSection\":[\"Destinos\"],\"inLanguage\":\"es\",\"potentialAction\":[{\"@type\":\"CommentAction\",\"name\":\"Comment\",\"target\":[\"https:\\\/\\\/www.escapadarural.com\\\/blog\\\/tejeda-el-municipio-que-sorprendio-a-unamuno\\\/#respond\"]}]},{\"@type\":\"WebPage\",\"@id\":\"https:\\\/\\\/www.escapadarural.com\\\/blog\\\/tejeda-el-municipio-que-sorprendio-a-unamuno\\\/\",\"url\":\"https:\\\/\\\/www.escapadarural.com\\\/blog\\\/tejeda-el-municipio-que-sorprendio-a-unamuno\\\/\",\"name\":\"Tejeda, el misterioso municipio que sorprendi\u00f3 a Unamuno\",\"isPartOf\":{\"@id\":\"https:\\\/\\\/www.escapadarural.com\\\/blog\\\/#website\"},\"primaryImageOfPage\":{\"@id\":\"https:\\\/\\\/www.escapadarural.com\\\/blog\\\/tejeda-el-municipio-que-sorprendio-a-unamuno\\\/#primaryimage\"},\"image\":{\"@id\":\"https:\\\/\\\/www.escapadarural.com\\\/blog\\\/tejeda-el-municipio-que-sorprendio-a-unamuno\\\/#primaryimage\"},\"thumbnailUrl\":\"https:\\\/\\\/www.escapadarural.com\\\/blog\\\/wp-content\\\/uploads\\\/2024\\\/12\\\/Calles-blanquecinas-en-Tejeda.-Por-Aleksandar-Todorovic-scaled.jpeg\",\"datePublished\":\"2024-12-21T06:00:00+00:00\",\"dateModified\":\"2024-12-23T17:46:24+00:00\",\"description\":\"Tejeda es uno de los municipios y pueblos m\u00e1s bonito de Gran Canaria. Est\u00e1 entre cumbres volc\u00e1nicas y se compone de casas blancas.\",\"breadcrumb\":{\"@id\":\"https:\\\/\\\/www.escapadarural.com\\\/blog\\\/tejeda-el-municipio-que-sorprendio-a-unamuno\\\/#breadcrumb\"},\"inLanguage\":\"es\",\"potentialAction\":[{\"@type\":\"ReadAction\",\"target\":[\"https:\\\/\\\/www.escapadarural.com\\\/blog\\\/tejeda-el-municipio-que-sorprendio-a-unamuno\\\/\"]}]},{\"@type\":\"ImageObject\",\"inLanguage\":\"es\",\"@id\":\"https:\\\/\\\/www.escapadarural.com\\\/blog\\\/tejeda-el-municipio-que-sorprendio-a-unamuno\\\/#primaryimage\",\"url\":\"https:\\\/\\\/www.escapadarural.com\\\/blog\\\/wp-content\\\/uploads\\\/2024\\\/12\\\/Calles-blanquecinas-en-Tejeda.-Por-Aleksandar-Todorovic-scaled.jpeg\",\"contentUrl\":\"https:\\\/\\\/www.escapadarural.com\\\/blog\\\/wp-content\\\/uploads\\\/2024\\\/12\\\/Calles-blanquecinas-en-Tejeda.-Por-Aleksandar-Todorovic-scaled.jpeg\",\"width\":2048,\"height\":1365,\"caption\":\"Tejeda village at Gran Canaria, Spain.\"},{\"@type\":\"BreadcrumbList\",\"@id\":\"https:\\\/\\\/www.escapadarural.com\\\/blog\\\/tejeda-el-municipio-que-sorprendio-a-unamuno\\\/#breadcrumb\",\"itemListElement\":[{\"@type\":\"ListItem\",\"position\":1,\"name\":\"Inicio\",\"item\":\"https:\\\/\\\/www.escapadarural.com\\\/blog\\\/\"},{\"@type\":\"ListItem\",\"position\":2,\"name\":\"Destinos\",\"item\":\"https:\\\/\\\/www.escapadarural.com\\\/blog\\\/categoria\\\/destinos\\\/\"},{\"@type\":\"ListItem\",\"position\":3,\"name\":\"Tejeda, el misterioso municipio que sorprendi\u00f3 a Unamuno\"}]},{\"@type\":\"WebSite\",\"@id\":\"https:\\\/\\\/www.escapadarural.com\\\/blog\\\/#website\",\"url\":\"https:\\\/\\\/www.escapadarural.com\\\/blog\\\/\",\"name\":\"Blog de viajes | turismo rural, alojamientos e inspiraci\u00f3n\",\"description\":\"Alojamientos rurales e inspiraci\u00f3n para tus escapadas\",\"publisher\":{\"@id\":\"https:\\\/\\\/www.escapadarural.com\\\/blog\\\/#organization\"},\"alternateName\":\"Magazine de viajes de EscapadaRural\",\"potentialAction\":[{\"@type\":\"SearchAction\",\"target\":{\"@type\":\"EntryPoint\",\"urlTemplate\":\"https:\\\/\\\/www.escapadarural.com\\\/blog\\\/?s={search_term_string}\"},\"query-input\":{\"@type\":\"PropertyValueSpecification\",\"valueRequired\":true,\"valueName\":\"search_term_string\"}}],\"inLanguage\":\"es\"},{\"@type\":\"Organization\",\"@id\":\"https:\\\/\\\/www.escapadarural.com\\\/blog\\\/#organization\",\"name\":\"EscapadaRural\",\"url\":\"https:\\\/\\\/www.escapadarural.com\\\/blog\\\/\",\"logo\":{\"@type\":\"ImageObject\",\"inLanguage\":\"es\",\"@id\":\"https:\\\/\\\/www.escapadarural.com\\\/blog\\\/#\\\/schema\\\/logo\\\/image\\\/\",\"url\":\"https:\\\/\\\/www.escapadarural.com\\\/blog\\\/wp-content\\\/uploads\\\/2024\\\/10\\\/cropped-cropped-escapada-rural-icon-mag-3.png\",\"contentUrl\":\"https:\\\/\\\/www.escapadarural.com\\\/blog\\\/wp-content\\\/uploads\\\/2024\\\/10\\\/cropped-cropped-escapada-rural-icon-mag-3.png\",\"width\":512,\"height\":512,\"caption\":\"EscapadaRural\"},\"image\":{\"@id\":\"https:\\\/\\\/www.escapadarural.com\\\/blog\\\/#\\\/schema\\\/logo\\\/image\\\/\"},\"sameAs\":[\"https:\\\/\\\/www.facebook.com\\\/escapadarural\",\"https:\\\/\\\/www.instagram.com\\\/escapadarural\\\/\",\"https:\\\/\\\/www.youtube.com\\\/@escapadaruralcom\"]},{\"@type\":\"Person\",\"@id\":\"https:\\\/\\\/www.escapadarural.com\\\/blog\\\/#\\\/schema\\\/person\\\/65271b7b847121ab7a4f8c3be624d420\",\"name\":\"Alba Feliz\",\"image\":{\"@type\":\"ImageObject\",\"inLanguage\":\"es\",\"@id\":\"https:\\\/\\\/www.escapadarural.com\\\/blog\\\/wp-content\\\/uploads\\\/2024\\\/11\\\/cropped-alba-96x96.jpg\",\"url\":\"https:\\\/\\\/www.escapadarural.com\\\/blog\\\/wp-content\\\/uploads\\\/2024\\\/11\\\/cropped-alba-96x96.jpg\",\"contentUrl\":\"https:\\\/\\\/www.escapadarural.com\\\/blog\\\/wp-content\\\/uploads\\\/2024\\\/11\\\/cropped-alba-96x96.jpg\",\"caption\":\"Alba Feliz\"},\"description\":\"Redactora, productora audiovisual y graduada en turismo y direcci\u00f3n hotelera. Creo firmemente que viajar abre la mente y permite conocer otras realidades que quiz\u00e1s desconocemos. Me apasiona la fotograf\u00eda anal\u00f3gica (la de toda la vida) y darle una oportunidad a los destinos menos conocidos.\",\"url\":\"https:\\\/\\\/www.escapadarural.com\\\/blog\\\/autor\\\/alba\\\/\"}]}<\/script>\n<!-- \/ Yoast SEO plugin. -->","yoast_head_json":{"title":"Tejeda, el misterioso municipio que sorprendi\u00f3 a Unamuno","description":"Tejeda es uno de los municipios y pueblos m\u00e1s bonito de Gran Canaria. Est\u00e1 entre cumbres volc\u00e1nicas y se compone de casas blancas.","robots":{"index":"index","follow":"follow","max-snippet":"max-snippet:-1","max-image-preview":"max-image-preview:large","max-video-preview":"max-video-preview:-1"},"canonical":"https:\/\/www.escapadarural.com\/blog\/tejeda-el-municipio-que-sorprendio-a-unamuno\/","og_locale":"es_ES","og_type":"article","og_title":"Tejeda, el misterioso municipio que sorprendi\u00f3 a Unamuno","og_description":"Tejeda es uno de los municipios y pueblos m\u00e1s bonito de Gran Canaria. Est\u00e1 entre cumbres volc\u00e1nicas y se compone de casas blancas.","og_url":"https:\/\/www.escapadarural.com\/blog\/tejeda-el-municipio-que-sorprendio-a-unamuno\/","og_site_name":"Magazine de viajes de EscapadaRural","article_publisher":"https:\/\/www.facebook.com\/escapadarural","article_published_time":"2024-12-21T06:00:00+00:00","article_modified_time":"2024-12-23T17:46:24+00:00","og_image":[{"width":2048,"height":1365,"url":"https:\/\/app.escapadarural.com\/blog\/wp-content\/uploads\/2024\/12\/Calles-blanquecinas-en-Tejeda.-Por-Aleksandar-Todorovic-scaled.jpeg","type":"image\/jpeg"}],"author":"Alba Feliz","twitter_card":"summary_large_image","twitter_misc":{"Escrito por":"Alba Feliz","Tiempo de lectura":"8 minutos"},"schema":{"@context":"https:\/\/schema.org","@graph":[{"@type":"Article","@id":"https:\/\/www.escapadarural.com\/blog\/tejeda-el-municipio-que-sorprendio-a-unamuno\/#article","isPartOf":{"@id":"https:\/\/www.escapadarural.com\/blog\/tejeda-el-municipio-que-sorprendio-a-unamuno\/"},"author":{"name":"Alba Feliz","@id":"https:\/\/www.escapadarural.com\/blog\/#\/schema\/person\/65271b7b847121ab7a4f8c3be624d420"},"headline":"Tejeda, el misterioso municipio que sorprendi\u00f3 a Unamuno","datePublished":"2024-12-21T06:00:00+00:00","dateModified":"2024-12-23T17:46:24+00:00","mainEntityOfPage":{"@id":"https:\/\/www.escapadarural.com\/blog\/tejeda-el-municipio-que-sorprendio-a-unamuno\/"},"wordCount":1148,"commentCount":0,"publisher":{"@id":"https:\/\/www.escapadarural.com\/blog\/#organization"},"image":{"@id":"https:\/\/www.escapadarural.com\/blog\/tejeda-el-municipio-que-sorprendio-a-unamuno\/#primaryimage"},"thumbnailUrl":"https:\/\/www.escapadarural.com\/blog\/wp-content\/uploads\/2024\/12\/Calles-blanquecinas-en-Tejeda.-Por-Aleksandar-Todorovic-scaled.jpeg","keywords":["Gran Canaria","Islas Canarias","Las Palmas","Unamuno","Volcanes"],"articleSection":["Destinos"],"inLanguage":"es","potentialAction":[{"@type":"CommentAction","name":"Comment","target":["https:\/\/www.escapadarural.com\/blog\/tejeda-el-municipio-que-sorprendio-a-unamuno\/#respond"]}]},{"@type":"WebPage","@id":"https:\/\/www.escapadarural.com\/blog\/tejeda-el-municipio-que-sorprendio-a-unamuno\/","url":"https:\/\/www.escapadarural.com\/blog\/tejeda-el-municipio-que-sorprendio-a-unamuno\/","name":"Tejeda, el misterioso municipio que sorprendi\u00f3 a Unamuno","isPartOf":{"@id":"https:\/\/www.escapadarural.com\/blog\/#website"},"primaryImageOfPage":{"@id":"https:\/\/www.escapadarural.com\/blog\/tejeda-el-municipio-que-sorprendio-a-unamuno\/#primaryimage"},"image":{"@id":"https:\/\/www.escapadarural.com\/blog\/tejeda-el-municipio-que-sorprendio-a-unamuno\/#primaryimage"},"thumbnailUrl":"https:\/\/www.escapadarural.com\/blog\/wp-content\/uploads\/2024\/12\/Calles-blanquecinas-en-Tejeda.-Por-Aleksandar-Todorovic-scaled.jpeg","datePublished":"2024-12-21T06:00:00+00:00","dateModified":"2024-12-23T17:46:24+00:00","description":"Tejeda es uno de los municipios y pueblos m\u00e1s bonito de Gran Canaria. Est\u00e1 entre cumbres volc\u00e1nicas y se compone de casas blancas.","breadcrumb":{"@id":"https:\/\/www.escapadarural.com\/blog\/tejeda-el-municipio-que-sorprendio-a-unamuno\/#breadcrumb"},"inLanguage":"es","potentialAction":[{"@type":"ReadAction","target":["https:\/\/www.escapadarural.com\/blog\/tejeda-el-municipio-que-sorprendio-a-unamuno\/"]}]},{"@type":"ImageObject","inLanguage":"es","@id":"https:\/\/www.escapadarural.com\/blog\/tejeda-el-municipio-que-sorprendio-a-unamuno\/#primaryimage","url":"https:\/\/www.escapadarural.com\/blog\/wp-content\/uploads\/2024\/12\/Calles-blanquecinas-en-Tejeda.-Por-Aleksandar-Todorovic-scaled.jpeg","contentUrl":"https:\/\/www.escapadarural.com\/blog\/wp-content\/uploads\/2024\/12\/Calles-blanquecinas-en-Tejeda.-Por-Aleksandar-Todorovic-scaled.jpeg","width":2048,"height":1365,"caption":"Tejeda village at Gran Canaria, Spain."},{"@type":"BreadcrumbList","@id":"https:\/\/www.escapadarural.com\/blog\/tejeda-el-municipio-que-sorprendio-a-unamuno\/#breadcrumb","itemListElement":[{"@type":"ListItem","position":1,"name":"Inicio","item":"https:\/\/www.escapadarural.com\/blog\/"},{"@type":"ListItem","position":2,"name":"Destinos","item":"https:\/\/www.escapadarural.com\/blog\/categoria\/destinos\/"},{"@type":"ListItem","position":3,"name":"Tejeda, el misterioso municipio que sorprendi\u00f3 a Unamuno"}]},{"@type":"WebSite","@id":"https:\/\/www.escapadarural.com\/blog\/#website","url":"https:\/\/www.escapadarural.com\/blog\/","name":"Blog de viajes | turismo rural, alojamientos e inspiraci\u00f3n","description":"Alojamientos rurales e inspiraci\u00f3n para tus escapadas","publisher":{"@id":"https:\/\/www.escapadarural.com\/blog\/#organization"},"alternateName":"Magazine de viajes de EscapadaRural","potentialAction":[{"@type":"SearchAction","target":{"@type":"EntryPoint","urlTemplate":"https:\/\/www.escapadarural.com\/blog\/?s={search_term_string}"},"query-input":{"@type":"PropertyValueSpecification","valueRequired":true,"valueName":"search_term_string"}}],"inLanguage":"es"},{"@type":"Organization","@id":"https:\/\/www.escapadarural.com\/blog\/#organization","name":"EscapadaRural","url":"https:\/\/www.escapadarural.com\/blog\/","logo":{"@type":"ImageObject","inLanguage":"es","@id":"https:\/\/www.escapadarural.com\/blog\/#\/schema\/logo\/image\/","url":"https:\/\/www.escapadarural.com\/blog\/wp-content\/uploads\/2024\/10\/cropped-cropped-escapada-rural-icon-mag-3.png","contentUrl":"https:\/\/www.escapadarural.com\/blog\/wp-content\/uploads\/2024\/10\/cropped-cropped-escapada-rural-icon-mag-3.png","width":512,"height":512,"caption":"EscapadaRural"},"image":{"@id":"https:\/\/www.escapadarural.com\/blog\/#\/schema\/logo\/image\/"},"sameAs":["https:\/\/www.facebook.com\/escapadarural","https:\/\/www.instagram.com\/escapadarural\/","https:\/\/www.youtube.com\/@escapadaruralcom"]},{"@type":"Person","@id":"https:\/\/www.escapadarural.com\/blog\/#\/schema\/person\/65271b7b847121ab7a4f8c3be624d420","name":"Alba Feliz","image":{"@type":"ImageObject","inLanguage":"es","@id":"https:\/\/www.escapadarural.com\/blog\/wp-content\/uploads\/2024\/11\/cropped-alba-96x96.jpg","url":"https:\/\/www.escapadarural.com\/blog\/wp-content\/uploads\/2024\/11\/cropped-alba-96x96.jpg","contentUrl":"https:\/\/www.escapadarural.com\/blog\/wp-content\/uploads\/2024\/11\/cropped-alba-96x96.jpg","caption":"Alba Feliz"},"description":"Redactora, productora audiovisual y graduada en turismo y direcci\u00f3n hotelera. Creo firmemente que viajar abre la mente y permite conocer otras realidades que quiz\u00e1s desconocemos. Me apasiona la fotograf\u00eda anal\u00f3gica (la de toda la vida) y darle una oportunidad a los destinos menos conocidos.","url":"https:\/\/www.escapadarural.com\/blog\/autor\/alba\/"}]}},"_links":{"self":[{"href":"https:\/\/www.escapadarural.com\/blog\/wp-json\/wp\/v2\/posts\/185179","targetHints":{"allow":["GET"]}}],"collection":[{"href":"https:\/\/www.escapadarural.com\/blog\/wp-json\/wp\/v2\/posts"}],"about":[{"href":"https:\/\/www.escapadarural.com\/blog\/wp-json\/wp\/v2\/types\/post"}],"author":[{"embeddable":true,"href":"https:\/\/www.escapadarural.com\/blog\/wp-json\/wp\/v2\/users\/151"}],"replies":[{"embeddable":true,"href":"https:\/\/www.escapadarural.com\/blog\/wp-json\/wp\/v2\/comments?post=185179"}],"version-history":[{"count":0,"href":"https:\/\/www.escapadarural.com\/blog\/wp-json\/wp\/v2\/posts\/185179\/revisions"}],"wp:featuredmedia":[{"embeddable":true,"href":"https:\/\/www.escapadarural.com\/blog\/wp-json\/wp\/v2\/media\/185183"}],"wp:attachment":[{"href":"https:\/\/www.escapadarural.com\/blog\/wp-json\/wp\/v2\/media?parent=185179"}],"wp:term":[{"taxonomy":"category","embeddable":true,"href":"https:\/\/www.escapadarural.com\/blog\/wp-json\/wp\/v2\/categories?post=185179"},{"taxonomy":"post_tag","embeddable":true,"href":"https:\/\/www.escapadarural.com\/blog\/wp-json\/wp\/v2\/tags?post=185179"}],"curies":[{"name":"wp","href":"https:\/\/api.w.org\/{rel}","templated":true}]}}