{"id":185196,"date":"2024-12-22T08:00:00","date_gmt":"2024-12-22T06:00:00","guid":{"rendered":"https:\/\/www.escapadarural.com\/blog\/?p=185196"},"modified":"2025-01-16T14:10:22","modified_gmt":"2025-01-16T12:10:22","slug":"ruta-por-el-sendero-de-los-sentidos-tenerife","status":"publish","type":"post","link":"https:\/\/www.escapadarural.com\/blog\/ruta-por-el-sendero-de-los-sentidos-tenerife\/","title":{"rendered":"Ruta sensorial por el Sendero de los Sentidos, Tenerife"},"content":{"rendered":"\n<figure class=\"wp-block-image size-large\"><img loading=\"lazy\" decoding=\"async\" width=\"1024\" height=\"683\" src=\"https:\/\/www.escapadarural.com\/blog\/wp-content\/uploads\/2024\/12\/Sendero-de-los-sentidos.-Por-Anna-Lurye-1024x683.jpeg\" alt=\"Parte del Sendero de los Sentidos. Por Anna Lurye.\" class=\"wp-image-185197\" srcset=\"https:\/\/www.escapadarural.com\/blog\/wp-content\/uploads\/2024\/12\/Sendero-de-los-sentidos.-Por-Anna-Lurye-200x133.jpeg 200w, https:\/\/www.escapadarural.com\/blog\/wp-content\/uploads\/2024\/12\/Sendero-de-los-sentidos.-Por-Anna-Lurye-300x200.jpeg 300w, https:\/\/www.escapadarural.com\/blog\/wp-content\/uploads\/2024\/12\/Sendero-de-los-sentidos.-Por-Anna-Lurye-400x267.jpeg 400w, https:\/\/www.escapadarural.com\/blog\/wp-content\/uploads\/2024\/12\/Sendero-de-los-sentidos.-Por-Anna-Lurye-600x400.jpeg 600w, https:\/\/www.escapadarural.com\/blog\/wp-content\/uploads\/2024\/12\/Sendero-de-los-sentidos.-Por-Anna-Lurye-768x512.jpeg 768w, https:\/\/www.escapadarural.com\/blog\/wp-content\/uploads\/2024\/12\/Sendero-de-los-sentidos.-Por-Anna-Lurye-800x533.jpeg 800w, https:\/\/www.escapadarural.com\/blog\/wp-content\/uploads\/2024\/12\/Sendero-de-los-sentidos.-Por-Anna-Lurye-1024x683.jpeg 1024w, https:\/\/www.escapadarural.com\/blog\/wp-content\/uploads\/2024\/12\/Sendero-de-los-sentidos.-Por-Anna-Lurye-1200x800.jpeg 1200w, https:\/\/www.escapadarural.com\/blog\/wp-content\/uploads\/2024\/12\/Sendero-de-los-sentidos.-Por-Anna-Lurye-1536x1024.jpeg 1536w\" sizes=\"auto, (max-width: 1024px) 100vw, 1024px\" \/><figcaption class=\"wp-element-caption\">Parte del Sendero de los Sentidos. Por Anna Lurye.<\/figcaption><\/figure>\n\n\n\n<p>Aqu\u00ed, en EscapadaRural, somos fans del senderismo y de andar todo lo que se pueda y m\u00e1s. Son varios los art\u00edculos donde proponemos diferentes tipos de rutas. Algunas m\u00e1s conocidas que otras, para toda la familia, accesibles o incluso algunas que solo son recomendadas para los m\u00e1s expertos, atrevidos o deportistas. Aunque las hemos visto de todos los colores, esta vez estamos casi seguros de que la ruta que proponemos no la hab\u00edas escuchado antes.&nbsp;<\/p>\n\n\n\n<p>Hablamos del <a href=\"https:\/\/www.holaislascanarias.com\/senderismo\/tenerife\/sendero-de-los-sentidos\/\" target=\"_blank\" rel=\"noreferrer noopener nofollow\">Sendero de los Sentidos<\/a>, un viaje sensorial que <strong>atraviesa un bosque de laurisilva<\/strong> con casi <strong>3 kil\u00f3metros de longitud<\/strong>. Es apto para los m\u00e1s peque\u00f1os de la casa. Y para poder conocer m\u00e1s de este peculiar camino, hemos de trasladarnos hasta la isla canaria de Tenerife. Gracias a esta ruta pondremos en pr\u00e1ctica todos nuestros sentidos con la ayuda de varios paneles y signos sensoriales durante todo el camino.&nbsp;<\/p>\n\n\n\n<div class=\"wp-block-buttons is-layout-flex wp-block-buttons-is-layout-flex\">\n<div class=\"wp-block-button\"><a class=\"wp-block-button__link wp-element-button\" href=\"\/casas-rurales\/parque-rural-de-anaga\">Alojamientos rurales en el Parque Rural de Anaga<\/a><\/div>\n<\/div>\n\n\n\n<h2 class=\"wp-block-heading\" id=\"h-nbsp-parque-rural-de-anaga-un-tesoro-que-invita-a-la-calma\">&nbsp;Parque Rural de Anaga, un tesoro que invita a la calma<\/h2>\n\n\n\n<figure class=\"wp-block-image size-large\"><img loading=\"lazy\" decoding=\"async\" width=\"1024\" height=\"683\" src=\"https:\/\/www.escapadarural.com\/blog\/wp-content\/uploads\/2024\/12\/Parque-rural-de-Anaga.-Por-Maritxu22-1024x683.jpeg\" alt=\"\" class=\"wp-image-185198\" srcset=\"https:\/\/www.escapadarural.com\/blog\/wp-content\/uploads\/2024\/12\/Parque-rural-de-Anaga.-Por-Maritxu22-200x133.jpeg 200w, https:\/\/www.escapadarural.com\/blog\/wp-content\/uploads\/2024\/12\/Parque-rural-de-Anaga.-Por-Maritxu22-300x200.jpeg 300w, https:\/\/www.escapadarural.com\/blog\/wp-content\/uploads\/2024\/12\/Parque-rural-de-Anaga.-Por-Maritxu22-400x267.jpeg 400w, https:\/\/www.escapadarural.com\/blog\/wp-content\/uploads\/2024\/12\/Parque-rural-de-Anaga.-Por-Maritxu22-600x400.jpeg 600w, https:\/\/www.escapadarural.com\/blog\/wp-content\/uploads\/2024\/12\/Parque-rural-de-Anaga.-Por-Maritxu22-768x512.jpeg 768w, https:\/\/www.escapadarural.com\/blog\/wp-content\/uploads\/2024\/12\/Parque-rural-de-Anaga.-Por-Maritxu22-800x533.jpeg 800w, https:\/\/www.escapadarural.com\/blog\/wp-content\/uploads\/2024\/12\/Parque-rural-de-Anaga.-Por-Maritxu22-1024x683.jpeg 1024w, https:\/\/www.escapadarural.com\/blog\/wp-content\/uploads\/2024\/12\/Parque-rural-de-Anaga.-Por-Maritxu22-1200x800.jpeg 1200w, https:\/\/www.escapadarural.com\/blog\/wp-content\/uploads\/2024\/12\/Parque-rural-de-Anaga.-Por-Maritxu22-1536x1024.jpeg 1536w\" sizes=\"auto, (max-width: 1024px) 100vw, 1024px\" \/><figcaption class=\"wp-element-caption\">Panor\u00e1mica del Parque Rural de Anaga. Por Maritxu22<\/figcaption><\/figure>\n\n\n<div style=\"background-color: #dff0d8; color: #3c763d; border-left-color: #3c763d; \" class=\"ub-styled-box ub-notification-box wp-block-ub-styled-box\" id=\"ub-styled-box-d4909942-d2c0-4b17-845a-abe60b394f77\">\n<p id=\"ub-styled-box-notification-content-\"><strong>Longitud:<\/strong> 3 kil\u00f3metros<\/p>\n\n\n\n<p><strong>Dificultad: <\/strong>f\u00e1cil<\/p>\n\n\n\n<p><strong>Tipo de ruta: <\/strong>circular<\/p>\n\n\n<\/div>\n\n\n<p>Todo comienza en el Parque Rural de Anaga, un macizo monta\u00f1oso cubierto de laurisilva que recuerda a las impresionantes monta\u00f1as escarpadas de <em>North Shore<\/em>, Kauai. Su imagen m\u00e1s t\u00edpica es la de un manto verde donde de vez en cuando sobresalen algunos caser\u00edos. Es un <strong><a href=\"https:\/\/www.escapadarural.com\/blog\/piscinas-naturales-en-canarias\/\" title=\"Ba\u00f1arse sin pisar la playa en las Islas Canarias: sus piscinas naturales\"  data-wpil-monitor-id=\"670\">espacio natural<\/a> algo m\u00e1s rural <\/strong>con sabor a una \u00e9poca pasada lleno de \u00e1reas recreativas, rutas, miradores y lugares de alto inter\u00e9s. Un emblema que crea un microclima fresco y h\u00famedo, que invita a detenerse y respirar profundamente.&nbsp;<\/p>\n\n\n\n<p>Ha sido <strong>declarado Reserva de la Biosfera por la UNESCO<\/strong> y est\u00e1 a menos de una hora de la capital, <a href=\"\/casas-rurales\/santa-cruz-de-tenerife\">Santa Cruz de Tenerife<\/a>. Pero, \u00bfd\u00f3nde comienza el sendero y cu\u00e1les son sus or\u00edgenes? Pues la mejor forma de comenzar es traslad\u00e1ndose al <a href=\"https:\/\/reservabiosfera.tenerife.es\/descubre-anaga\/equipamientos\/centro-visitantes-cruz-carmen\/\" target=\"_blank\" rel=\"noreferrer noopener nofollow\">centro de visitantes<\/a>, muy cerca de La Laguna, y seguir lo que antes era un antiguo camino entre monta\u00f1as. Entonces recib\u00eda el nombre de Camino Real y conectaba los pueblos de Anaga con La Laguna. Un sendero hist\u00f3rico que comunicaba las poblaciones de interior y que fue obra de los antiguos guanches.&nbsp;<\/p>\n\n\n\n<figure class=\"wp-block-image size-large\"><img loading=\"lazy\" decoding=\"async\" width=\"1024\" height=\"683\" src=\"https:\/\/www.escapadarural.com\/blog\/wp-content\/uploads\/2024\/12\/Paseando-por-el-bosque-de-laurisilva.-Por-Santiago-1024x683.jpeg\" alt=\"\" class=\"wp-image-185200\" srcset=\"https:\/\/www.escapadarural.com\/blog\/wp-content\/uploads\/2024\/12\/Paseando-por-el-bosque-de-laurisilva.-Por-Santiago-200x133.jpeg 200w, https:\/\/www.escapadarural.com\/blog\/wp-content\/uploads\/2024\/12\/Paseando-por-el-bosque-de-laurisilva.-Por-Santiago-300x200.jpeg 300w, https:\/\/www.escapadarural.com\/blog\/wp-content\/uploads\/2024\/12\/Paseando-por-el-bosque-de-laurisilva.-Por-Santiago-400x267.jpeg 400w, https:\/\/www.escapadarural.com\/blog\/wp-content\/uploads\/2024\/12\/Paseando-por-el-bosque-de-laurisilva.-Por-Santiago-600x400.jpeg 600w, https:\/\/www.escapadarural.com\/blog\/wp-content\/uploads\/2024\/12\/Paseando-por-el-bosque-de-laurisilva.-Por-Santiago-768x512.jpeg 768w, https:\/\/www.escapadarural.com\/blog\/wp-content\/uploads\/2024\/12\/Paseando-por-el-bosque-de-laurisilva.-Por-Santiago-800x533.jpeg 800w, https:\/\/www.escapadarural.com\/blog\/wp-content\/uploads\/2024\/12\/Paseando-por-el-bosque-de-laurisilva.-Por-Santiago-1024x683.jpeg 1024w, https:\/\/www.escapadarural.com\/blog\/wp-content\/uploads\/2024\/12\/Paseando-por-el-bosque-de-laurisilva.-Por-Santiago-1200x800.jpeg 1200w, https:\/\/www.escapadarural.com\/blog\/wp-content\/uploads\/2024\/12\/Paseando-por-el-bosque-de-laurisilva.-Por-Santiago-1536x1024.jpeg 1536w\" sizes=\"auto, (max-width: 1024px) 100vw, 1024px\" \/><figcaption class=\"wp-element-caption\">Paseando por el bosque de laurisilva. Por Santiago.<\/figcaption><\/figure>\n\n\n\n<p>Desde Anaga sale tambi\u00e9n uno de los dos senderos de gran recorrido de la isla, el <a href=\"https:\/\/www.escapadarural.com\/blog\/caminos-naturales-de-espana-en-familia\/\" title=\"4 Caminos Naturales de Espa\u00f1a para recorrer en familia\" data-wpil-monitor-id=\"75\">Camino Natural<\/a> de Anaga-Chasna, o GR-131, que atraviesa gran parte de la isla y descubre a su paso gran variedad de naturaleza tinerfe\u00f1a.&nbsp;<\/p>\n\n\n\n<h2 class=\"wp-block-heading\" id=\"h-un-bosque-que-habla\">Un bosque que habla<\/h2>\n\n\n\n<p>El Sendero de los Sentidos no es un simple camino, <strong>es un encuentro \u00edntimo con un ecosistema<\/strong> que parece salido de un cuento. <strong>Es un viaje multisensorial<\/strong> que comprende variantes de distinta longitud y dificultad, divididos en varios trazados.&nbsp;<\/p>\n\n\n\n<figure class=\"wp-block-image size-large\"><img loading=\"lazy\" decoding=\"async\" width=\"1024\" height=\"683\" src=\"https:\/\/www.escapadarural.com\/blog\/wp-content\/uploads\/2024\/12\/Ruta-de-los-Sentidos.-Por-Tunatura-1024x683.jpeg\" alt=\"\" class=\"wp-image-185204\" srcset=\"https:\/\/www.escapadarural.com\/blog\/wp-content\/uploads\/2024\/12\/Ruta-de-los-Sentidos.-Por-Tunatura-200x133.jpeg 200w, https:\/\/www.escapadarural.com\/blog\/wp-content\/uploads\/2024\/12\/Ruta-de-los-Sentidos.-Por-Tunatura-300x200.jpeg 300w, https:\/\/www.escapadarural.com\/blog\/wp-content\/uploads\/2024\/12\/Ruta-de-los-Sentidos.-Por-Tunatura-400x267.jpeg 400w, https:\/\/www.escapadarural.com\/blog\/wp-content\/uploads\/2024\/12\/Ruta-de-los-Sentidos.-Por-Tunatura-600x400.jpeg 600w, https:\/\/www.escapadarural.com\/blog\/wp-content\/uploads\/2024\/12\/Ruta-de-los-Sentidos.-Por-Tunatura-768x512.jpeg 768w, https:\/\/www.escapadarural.com\/blog\/wp-content\/uploads\/2024\/12\/Ruta-de-los-Sentidos.-Por-Tunatura-800x533.jpeg 800w, https:\/\/www.escapadarural.com\/blog\/wp-content\/uploads\/2024\/12\/Ruta-de-los-Sentidos.-Por-Tunatura-1024x683.jpeg 1024w, https:\/\/www.escapadarural.com\/blog\/wp-content\/uploads\/2024\/12\/Ruta-de-los-Sentidos.-Por-Tunatura-1200x800.jpeg 1200w, https:\/\/www.escapadarural.com\/blog\/wp-content\/uploads\/2024\/12\/Ruta-de-los-Sentidos.-Por-Tunatura-1536x1024.jpeg 1536w\" sizes=\"auto, (max-width: 1024px) 100vw, 1024px\" \/><figcaption class=\"wp-element-caption\">Sendero de los Sentidos. Por Tunatura<\/figcaption><\/figure>\n\n\n\n<ul class=\"wp-block-list\">\n<li>Trazado n\u00famero uno: Es el m\u00e1s corto pero <strong>est\u00e1 adaptado<\/strong>. Est\u00e1 compuesto por una plataforma de madera y tiene una <strong>longitud de 350 metros<\/strong>.<\/li>\n\n\n\n<li>Trazado n\u00famero dos o tambi\u00e9n conocido como&nbsp;<em>D\u00e9jate sorprender: <\/em>Es de <strong>car\u00e1cter circular<\/strong>, tiene <strong>un kil\u00f3metro<\/strong> de longitud y es apto para todos los miembros de la <a href=\"https:\/\/www.escapadarural.com\/blog\/camino-de-santiago-en-familia\/\" title=\"El Camino de Santiago en familia: todo lo que tienes que saber\" data-wpil-monitor-id=\"77\">familia<\/a>. Incluso los m\u00e1s peque\u00f1os se lo pasar\u00e1n genial ya que apenas se necesitan unos 20 minutos para poder completarlo y la dificultad es muy baja.&nbsp;&nbsp;<\/li>\n\n\n\n<li>Trazado n\u00famero tres conocido como&nbsp;<em>Lo que encierra el Monteverde<\/em>:&nbsp;Es de <strong>car\u00e1cter circular y es algo m\u00e1s largo<\/strong>, con algo m\u00e1s de un kil\u00f3metro de duraci\u00f3n llegando casi al mirador del Llano de los Loros.&nbsp;<\/li>\n<\/ul>\n\n\n\n<figure class=\"wp-block-image size-large\"><img loading=\"lazy\" decoding=\"async\" width=\"1024\" height=\"683\" src=\"https:\/\/www.escapadarural.com\/blog\/wp-content\/uploads\/2024\/12\/Sendero-de-los-Sentidos-en-Parque-Rural-de-Anaga.-Por-Anna-Lurye-1024x683.jpeg\" alt=\"\" class=\"wp-image-185205\" srcset=\"https:\/\/www.escapadarural.com\/blog\/wp-content\/uploads\/2024\/12\/Sendero-de-los-Sentidos-en-Parque-Rural-de-Anaga.-Por-Anna-Lurye-200x133.jpeg 200w, https:\/\/www.escapadarural.com\/blog\/wp-content\/uploads\/2024\/12\/Sendero-de-los-Sentidos-en-Parque-Rural-de-Anaga.-Por-Anna-Lurye-300x200.jpeg 300w, https:\/\/www.escapadarural.com\/blog\/wp-content\/uploads\/2024\/12\/Sendero-de-los-Sentidos-en-Parque-Rural-de-Anaga.-Por-Anna-Lurye-400x267.jpeg 400w, https:\/\/www.escapadarural.com\/blog\/wp-content\/uploads\/2024\/12\/Sendero-de-los-Sentidos-en-Parque-Rural-de-Anaga.-Por-Anna-Lurye-600x400.jpeg 600w, https:\/\/www.escapadarural.com\/blog\/wp-content\/uploads\/2024\/12\/Sendero-de-los-Sentidos-en-Parque-Rural-de-Anaga.-Por-Anna-Lurye-768x512.jpeg 768w, https:\/\/www.escapadarural.com\/blog\/wp-content\/uploads\/2024\/12\/Sendero-de-los-Sentidos-en-Parque-Rural-de-Anaga.-Por-Anna-Lurye-800x533.jpeg 800w, https:\/\/www.escapadarural.com\/blog\/wp-content\/uploads\/2024\/12\/Sendero-de-los-Sentidos-en-Parque-Rural-de-Anaga.-Por-Anna-Lurye-1024x683.jpeg 1024w, https:\/\/www.escapadarural.com\/blog\/wp-content\/uploads\/2024\/12\/Sendero-de-los-Sentidos-en-Parque-Rural-de-Anaga.-Por-Anna-Lurye-1200x800.jpeg 1200w, https:\/\/www.escapadarural.com\/blog\/wp-content\/uploads\/2024\/12\/Sendero-de-los-Sentidos-en-Parque-Rural-de-Anaga.-Por-Anna-Lurye-1536x1024.jpeg 1536w\" sizes=\"auto, (max-width: 1024px) 100vw, 1024px\" \/><figcaption class=\"wp-element-caption\"> Sendero de los Sentidos. Por Anna Lurye.<\/figcaption><\/figure>\n\n\n\n<p>Todos ellos son muy buenas opciones para adentrarse en este entorno boscoso, <strong>son de car\u00e1cter did\u00e1ctico<\/strong> y est\u00e1n <strong>muy bien se\u00f1alizados<\/strong>, por lo que perderse no es una opci\u00f3n. Su punto de inicio es Cruz del Carmen y por el camino van apareciendo se\u00f1ales donde se muestran unos ojos, una nariz o incluso las palmas de una mano.&nbsp;<\/p>\n\n\n\n<p>Estos signos sensoriales nos indican si podemos tocar, <strong>sentir texturas como las de un tronco; u oler la humedad del lugar<\/strong> y las fragancias \u00fanicas que solo existen en este bosque. Observar las ra\u00edces de los \u00e1rboles, o pararse a escuchar el sonido de los peque\u00f1os arroyos son otros ejemplos m\u00e1s de c\u00f3mo el camino invita a cerrar los ojos y nos ayuda a redescubrir nuestros sentidos para conectar con lo esencial.&nbsp;<\/p>\n\n\n\n<h2 class=\"wp-block-heading\" id=\"h-mas-alla-del-sendero\">M\u00e1s all\u00e1 del sendero<\/h2>\n\n\n\n<figure class=\"wp-block-image size-large\"><img loading=\"lazy\" decoding=\"async\" width=\"1024\" height=\"576\" src=\"https:\/\/www.escapadarural.com\/blog\/wp-content\/uploads\/2024\/12\/Pequena-poblacion-en-Parque-Rural-de-Anaga.-Por-Nimbus-Works-1024x576.jpeg\" alt=\"\" class=\"wp-image-185206\" srcset=\"https:\/\/www.escapadarural.com\/blog\/wp-content\/uploads\/2024\/12\/Pequena-poblacion-en-Parque-Rural-de-Anaga.-Por-Nimbus-Works-200x113.jpeg 200w, https:\/\/www.escapadarural.com\/blog\/wp-content\/uploads\/2024\/12\/Pequena-poblacion-en-Parque-Rural-de-Anaga.-Por-Nimbus-Works-300x169.jpeg 300w, https:\/\/www.escapadarural.com\/blog\/wp-content\/uploads\/2024\/12\/Pequena-poblacion-en-Parque-Rural-de-Anaga.-Por-Nimbus-Works-400x225.jpeg 400w, https:\/\/www.escapadarural.com\/blog\/wp-content\/uploads\/2024\/12\/Pequena-poblacion-en-Parque-Rural-de-Anaga.-Por-Nimbus-Works-600x338.jpeg 600w, https:\/\/www.escapadarural.com\/blog\/wp-content\/uploads\/2024\/12\/Pequena-poblacion-en-Parque-Rural-de-Anaga.-Por-Nimbus-Works-768x432.jpeg 768w, https:\/\/www.escapadarural.com\/blog\/wp-content\/uploads\/2024\/12\/Pequena-poblacion-en-Parque-Rural-de-Anaga.-Por-Nimbus-Works-800x450.jpeg 800w, https:\/\/www.escapadarural.com\/blog\/wp-content\/uploads\/2024\/12\/Pequena-poblacion-en-Parque-Rural-de-Anaga.-Por-Nimbus-Works-1024x576.jpeg 1024w, https:\/\/www.escapadarural.com\/blog\/wp-content\/uploads\/2024\/12\/Pequena-poblacion-en-Parque-Rural-de-Anaga.-Por-Nimbus-Works-1200x675.jpeg 1200w, https:\/\/www.escapadarural.com\/blog\/wp-content\/uploads\/2024\/12\/Pequena-poblacion-en-Parque-Rural-de-Anaga.-Por-Nimbus-Works-1536x864.jpeg 1536w\" sizes=\"auto, (max-width: 1024px) 100vw, 1024px\" \/><figcaption class=\"wp-element-caption\">Peque\u00f1o n\u00facleo en la zona de Anaga. Por Nimbus Works.<\/figcaption><\/figure>\n\n\n\n<p>La experiencia no termina al salir del bosque o al finalizar los senderos sensoriales. Anaga esconde <strong>multitud de rutas<\/strong>, <a href=\"https:\/\/www.escapadarural.com\/blog\/pueblos-para-una-escapada-sin-prisas\/\" title=\"3 pueblos encantadores para una escapada sin prisas\" data-wpil-monitor-id=\"78\">pueblos con mucho encanto<\/a>, miradores y la blanquecina ermita de Cruz de la Carmen. La ermita se instal\u00f3 con el fin de bendecir a los caminantes y est\u00e1 justo al lado de varios miradores. Uno de ellos es el mirador de los Enigmas, con vistas al norte de la isla o el mirador del Llano de los Loros, con vistas sobre el <a href=\"https:\/\/www.escapadarural.com\/blog\/ruta-pasarelas-de-calomarde-teruel\/\" title=\"Ruta por las pasarelas de Calomarde: puentes colgantes entre ca\u00f1ones y junto al r\u00edo Blanco\" data-wpil-monitor-id=\"76\">barranco<\/a> de Tahodio.&nbsp;<\/p>\n\n\n\n<figure class=\"wp-block-image size-large\"><img loading=\"lazy\" decoding=\"async\" width=\"1024\" height=\"683\" src=\"https:\/\/www.escapadarural.com\/blog\/wp-content\/uploads\/2024\/12\/Vistas-del-Barranco-de-Tahodio-por-Migeli-Barrios-1024x683.jpeg\" alt=\"\" class=\"wp-image-185207\" srcset=\"https:\/\/www.escapadarural.com\/blog\/wp-content\/uploads\/2024\/12\/Vistas-del-Barranco-de-Tahodio-por-Migeli-Barrios-200x133.jpeg 200w, https:\/\/www.escapadarural.com\/blog\/wp-content\/uploads\/2024\/12\/Vistas-del-Barranco-de-Tahodio-por-Migeli-Barrios-300x200.jpeg 300w, https:\/\/www.escapadarural.com\/blog\/wp-content\/uploads\/2024\/12\/Vistas-del-Barranco-de-Tahodio-por-Migeli-Barrios-400x267.jpeg 400w, https:\/\/www.escapadarural.com\/blog\/wp-content\/uploads\/2024\/12\/Vistas-del-Barranco-de-Tahodio-por-Migeli-Barrios-600x400.jpeg 600w, https:\/\/www.escapadarural.com\/blog\/wp-content\/uploads\/2024\/12\/Vistas-del-Barranco-de-Tahodio-por-Migeli-Barrios-768x512.jpeg 768w, https:\/\/www.escapadarural.com\/blog\/wp-content\/uploads\/2024\/12\/Vistas-del-Barranco-de-Tahodio-por-Migeli-Barrios-800x533.jpeg 800w, https:\/\/www.escapadarural.com\/blog\/wp-content\/uploads\/2024\/12\/Vistas-del-Barranco-de-Tahodio-por-Migeli-Barrios-1024x683.jpeg 1024w, https:\/\/www.escapadarural.com\/blog\/wp-content\/uploads\/2024\/12\/Vistas-del-Barranco-de-Tahodio-por-Migeli-Barrios-1200x800.jpeg 1200w, https:\/\/www.escapadarural.com\/blog\/wp-content\/uploads\/2024\/12\/Vistas-del-Barranco-de-Tahodio-por-Migeli-Barrios-1536x1024.jpeg 1536w\" sizes=\"auto, (max-width: 1024px) 100vw, 1024px\" \/><figcaption class=\"wp-element-caption\">Vistas del Barranco de Tahodio. Por Migueli Barrios.<\/figcaption><\/figure>\n\n\n\n<p>Los pueblos pintorescos que rodean Anaga son tambi\u00e9n una parada imprescindible. Recomendamos visitar <a href=\"\/casas-rurales\/taganana\">Taganana<\/a>, un pueblo cercano donde el tiempo parece haberse detenido, y disfrutar de la gastronom\u00eda local. Desde los potajes canarios hasta los quesos artesanales, estos sabores complementan a la perfecci\u00f3n esta ruta sensorial.&nbsp;<\/p>\n","protected":false},"excerpt":{"rendered":"<p>Conoce el que quiz\u00e1s sea el \u00fanico sendero que activar\u00e1 todos tus sentidos. Un viaje sensorial que atraviesa un bosque de laurisilva en la isla canaria de Tenerife. <\/p>\n","protected":false},"author":151,"featured_media":185210,"comment_status":"open","ping_status":"open","sticky":false,"template":"","format":"standard","meta":{"_acf_changed":false,"om_disable_all_campaigns":false,"footnotes":""},"categories":[1379],"tags":[6045],"class_list":["post-185196","post","type-post","status-publish","format-standard","has-post-thumbnail","hentry","category-rutas-y-excursiones","tag-parque-rural-anaga"],"acf":[],"featured_image_src":"https:\/\/www.escapadarural.com\/blog\/wp-content\/uploads\/2024\/12\/Sendero-accesible-1-en-Sendero-de-los-sentidos.-Por-herraez-scaled.jpeg","author_info":{"display_name":"Alba Feliz","author_link":"https:\/\/www.escapadarural.com\/blog\/autor\/alba\/"},"yoast_head":"<!-- This site is optimized with the Yoast SEO plugin v27.5 - https:\/\/yoast.com\/product\/yoast-seo-wordpress\/ -->\n<title>Ruta sensorial por el Sendero de los Sentidos, Tenerife<\/title>\n<meta name=\"description\" content=\"El Sendero de los Sentidos es una ruta sensorial a trav\u00e9s del Parque Rural de Anaga, en Tenerife. Es apta para todos los p\u00fablicos.\" \/>\n<meta name=\"robots\" content=\"index, follow, max-snippet:-1, max-image-preview:large, max-video-preview:-1\" \/>\n<link rel=\"canonical\" href=\"https:\/\/www.escapadarural.com\/blog\/ruta-por-el-sendero-de-los-sentidos-tenerife\/\" \/>\n<meta property=\"og:locale\" content=\"es_ES\" \/>\n<meta property=\"og:type\" content=\"article\" \/>\n<meta property=\"og:title\" content=\"Ruta sensorial por el Sendero de los Sentidos, Tenerife\" \/>\n<meta property=\"og:description\" content=\"El Sendero de los Sentidos es una ruta sensorial a trav\u00e9s del Parque Rural de Anaga, en Tenerife. Es apta para todos los p\u00fablicos.\" \/>\n<meta property=\"og:url\" content=\"https:\/\/www.escapadarural.com\/blog\/ruta-por-el-sendero-de-los-sentidos-tenerife\/\" \/>\n<meta property=\"og:site_name\" content=\"Magazine de viajes de EscapadaRural\" \/>\n<meta property=\"article:publisher\" content=\"https:\/\/www.facebook.com\/escapadarural\" \/>\n<meta property=\"article:published_time\" content=\"2024-12-22T06:00:00+00:00\" \/>\n<meta property=\"article:modified_time\" content=\"2025-01-16T12:10:22+00:00\" \/>\n<meta property=\"og:image\" content=\"https:\/\/www.escapadarural.com\/blog\/wp-content\/uploads\/2024\/12\/Sendero-accesible-1-en-Sendero-de-los-sentidos.-Por-herraez-scaled.jpeg\" \/>\n\t<meta property=\"og:image:width\" content=\"2048\" \/>\n\t<meta property=\"og:image:height\" content=\"1367\" \/>\n\t<meta property=\"og:image:type\" content=\"image\/jpeg\" \/>\n<meta name=\"author\" content=\"Alba Feliz\" \/>\n<meta name=\"twitter:card\" content=\"summary_large_image\" \/>\n<meta name=\"twitter:label1\" content=\"Escrito por\" \/>\n\t<meta name=\"twitter:data1\" content=\"Alba Feliz\" \/>\n\t<meta name=\"twitter:label2\" content=\"Tiempo de lectura\" \/>\n\t<meta name=\"twitter:data2\" content=\"6 minutos\" \/>\n<script type=\"application\/ld+json\" class=\"yoast-schema-graph\">{\"@context\":\"https:\\\/\\\/schema.org\",\"@graph\":[{\"@type\":\"Article\",\"@id\":\"https:\\\/\\\/www.escapadarural.com\\\/blog\\\/ruta-por-el-sendero-de-los-sentidos-tenerife\\\/#article\",\"isPartOf\":{\"@id\":\"https:\\\/\\\/www.escapadarural.com\\\/blog\\\/ruta-por-el-sendero-de-los-sentidos-tenerife\\\/\"},\"author\":{\"name\":\"Alba Feliz\",\"@id\":\"https:\\\/\\\/www.escapadarural.com\\\/blog\\\/#\\\/schema\\\/person\\\/65271b7b847121ab7a4f8c3be624d420\"},\"headline\":\"Ruta sensorial por el Sendero de los Sentidos, Tenerife\",\"datePublished\":\"2024-12-22T06:00:00+00:00\",\"dateModified\":\"2025-01-16T12:10:22+00:00\",\"mainEntityOfPage\":{\"@id\":\"https:\\\/\\\/www.escapadarural.com\\\/blog\\\/ruta-por-el-sendero-de-los-sentidos-tenerife\\\/\"},\"wordCount\":951,\"commentCount\":0,\"publisher\":{\"@id\":\"https:\\\/\\\/www.escapadarural.com\\\/blog\\\/#organization\"},\"image\":{\"@id\":\"https:\\\/\\\/www.escapadarural.com\\\/blog\\\/ruta-por-el-sendero-de-los-sentidos-tenerife\\\/#primaryimage\"},\"thumbnailUrl\":\"https:\\\/\\\/www.escapadarural.com\\\/blog\\\/wp-content\\\/uploads\\\/2024\\\/12\\\/Sendero-accesible-1-en-Sendero-de-los-sentidos.-Por-herraez-scaled.jpeg\",\"keywords\":[\"Parque Rural Anaga\"],\"articleSection\":[\"Rutas y excursiones\"],\"inLanguage\":\"es\",\"potentialAction\":[{\"@type\":\"CommentAction\",\"name\":\"Comment\",\"target\":[\"https:\\\/\\\/www.escapadarural.com\\\/blog\\\/ruta-por-el-sendero-de-los-sentidos-tenerife\\\/#respond\"]}]},{\"@type\":\"WebPage\",\"@id\":\"https:\\\/\\\/www.escapadarural.com\\\/blog\\\/ruta-por-el-sendero-de-los-sentidos-tenerife\\\/\",\"url\":\"https:\\\/\\\/www.escapadarural.com\\\/blog\\\/ruta-por-el-sendero-de-los-sentidos-tenerife\\\/\",\"name\":\"Ruta sensorial por el Sendero de los Sentidos, Tenerife\",\"isPartOf\":{\"@id\":\"https:\\\/\\\/www.escapadarural.com\\\/blog\\\/#website\"},\"primaryImageOfPage\":{\"@id\":\"https:\\\/\\\/www.escapadarural.com\\\/blog\\\/ruta-por-el-sendero-de-los-sentidos-tenerife\\\/#primaryimage\"},\"image\":{\"@id\":\"https:\\\/\\\/www.escapadarural.com\\\/blog\\\/ruta-por-el-sendero-de-los-sentidos-tenerife\\\/#primaryimage\"},\"thumbnailUrl\":\"https:\\\/\\\/www.escapadarural.com\\\/blog\\\/wp-content\\\/uploads\\\/2024\\\/12\\\/Sendero-accesible-1-en-Sendero-de-los-sentidos.-Por-herraez-scaled.jpeg\",\"datePublished\":\"2024-12-22T06:00:00+00:00\",\"dateModified\":\"2025-01-16T12:10:22+00:00\",\"description\":\"El Sendero de los Sentidos es una ruta sensorial a trav\u00e9s del Parque Rural de Anaga, en Tenerife. Es apta para todos los p\u00fablicos.\",\"breadcrumb\":{\"@id\":\"https:\\\/\\\/www.escapadarural.com\\\/blog\\\/ruta-por-el-sendero-de-los-sentidos-tenerife\\\/#breadcrumb\"},\"inLanguage\":\"es\",\"potentialAction\":[{\"@type\":\"ReadAction\",\"target\":[\"https:\\\/\\\/www.escapadarural.com\\\/blog\\\/ruta-por-el-sendero-de-los-sentidos-tenerife\\\/\"]}]},{\"@type\":\"ImageObject\",\"inLanguage\":\"es\",\"@id\":\"https:\\\/\\\/www.escapadarural.com\\\/blog\\\/ruta-por-el-sendero-de-los-sentidos-tenerife\\\/#primaryimage\",\"url\":\"https:\\\/\\\/www.escapadarural.com\\\/blog\\\/wp-content\\\/uploads\\\/2024\\\/12\\\/Sendero-accesible-1-en-Sendero-de-los-sentidos.-Por-herraez-scaled.jpeg\",\"contentUrl\":\"https:\\\/\\\/www.escapadarural.com\\\/blog\\\/wp-content\\\/uploads\\\/2024\\\/12\\\/Sendero-accesible-1-en-Sendero-de-los-sentidos.-Por-herraez-scaled.jpeg\",\"width\":2048,\"height\":1367,\"caption\":\"Ruta de los Sentidos de Anaga. Por Herr\u00e1ez\"},{\"@type\":\"BreadcrumbList\",\"@id\":\"https:\\\/\\\/www.escapadarural.com\\\/blog\\\/ruta-por-el-sendero-de-los-sentidos-tenerife\\\/#breadcrumb\",\"itemListElement\":[{\"@type\":\"ListItem\",\"position\":1,\"name\":\"Inicio\",\"item\":\"https:\\\/\\\/www.escapadarural.com\\\/blog\\\/\"},{\"@type\":\"ListItem\",\"position\":2,\"name\":\"Rutas y excursiones\",\"item\":\"https:\\\/\\\/www.escapadarural.com\\\/blog\\\/categoria\\\/rutas-y-excursiones\\\/\"},{\"@type\":\"ListItem\",\"position\":3,\"name\":\"Ruta sensorial por el Sendero de los Sentidos, Tenerife\"}]},{\"@type\":\"WebSite\",\"@id\":\"https:\\\/\\\/www.escapadarural.com\\\/blog\\\/#website\",\"url\":\"https:\\\/\\\/www.escapadarural.com\\\/blog\\\/\",\"name\":\"Blog de viajes | turismo rural, alojamientos e inspiraci\u00f3n\",\"description\":\"Alojamientos rurales e inspiraci\u00f3n para tus escapadas\",\"publisher\":{\"@id\":\"https:\\\/\\\/www.escapadarural.com\\\/blog\\\/#organization\"},\"alternateName\":\"Magazine de viajes de EscapadaRural\",\"potentialAction\":[{\"@type\":\"SearchAction\",\"target\":{\"@type\":\"EntryPoint\",\"urlTemplate\":\"https:\\\/\\\/www.escapadarural.com\\\/blog\\\/?s={search_term_string}\"},\"query-input\":{\"@type\":\"PropertyValueSpecification\",\"valueRequired\":true,\"valueName\":\"search_term_string\"}}],\"inLanguage\":\"es\"},{\"@type\":\"Organization\",\"@id\":\"https:\\\/\\\/www.escapadarural.com\\\/blog\\\/#organization\",\"name\":\"EscapadaRural\",\"url\":\"https:\\\/\\\/www.escapadarural.com\\\/blog\\\/\",\"logo\":{\"@type\":\"ImageObject\",\"inLanguage\":\"es\",\"@id\":\"https:\\\/\\\/www.escapadarural.com\\\/blog\\\/#\\\/schema\\\/logo\\\/image\\\/\",\"url\":\"https:\\\/\\\/www.escapadarural.com\\\/blog\\\/wp-content\\\/uploads\\\/2024\\\/10\\\/cropped-cropped-escapada-rural-icon-mag-3.png\",\"contentUrl\":\"https:\\\/\\\/www.escapadarural.com\\\/blog\\\/wp-content\\\/uploads\\\/2024\\\/10\\\/cropped-cropped-escapada-rural-icon-mag-3.png\",\"width\":512,\"height\":512,\"caption\":\"EscapadaRural\"},\"image\":{\"@id\":\"https:\\\/\\\/www.escapadarural.com\\\/blog\\\/#\\\/schema\\\/logo\\\/image\\\/\"},\"sameAs\":[\"https:\\\/\\\/www.facebook.com\\\/escapadarural\",\"https:\\\/\\\/www.instagram.com\\\/escapadarural\\\/\",\"https:\\\/\\\/www.youtube.com\\\/@escapadaruralcom\"]},{\"@type\":\"Person\",\"@id\":\"https:\\\/\\\/www.escapadarural.com\\\/blog\\\/#\\\/schema\\\/person\\\/65271b7b847121ab7a4f8c3be624d420\",\"name\":\"Alba Feliz\",\"image\":{\"@type\":\"ImageObject\",\"inLanguage\":\"es\",\"@id\":\"https:\\\/\\\/www.escapadarural.com\\\/blog\\\/wp-content\\\/uploads\\\/2024\\\/11\\\/cropped-alba-96x96.jpg\",\"url\":\"https:\\\/\\\/www.escapadarural.com\\\/blog\\\/wp-content\\\/uploads\\\/2024\\\/11\\\/cropped-alba-96x96.jpg\",\"contentUrl\":\"https:\\\/\\\/www.escapadarural.com\\\/blog\\\/wp-content\\\/uploads\\\/2024\\\/11\\\/cropped-alba-96x96.jpg\",\"caption\":\"Alba Feliz\"},\"description\":\"Redactora, productora audiovisual y graduada en turismo y direcci\u00f3n hotelera. Creo firmemente que viajar abre la mente y permite conocer otras realidades que quiz\u00e1s desconocemos. Me apasiona la fotograf\u00eda anal\u00f3gica (la de toda la vida) y darle una oportunidad a los destinos menos conocidos.\",\"url\":\"https:\\\/\\\/www.escapadarural.com\\\/blog\\\/autor\\\/alba\\\/\"}]}<\/script>\n<!-- \/ Yoast SEO plugin. -->","yoast_head_json":{"title":"Ruta sensorial por el Sendero de los Sentidos, Tenerife","description":"El Sendero de los Sentidos es una ruta sensorial a trav\u00e9s del Parque Rural de Anaga, en Tenerife. Es apta para todos los p\u00fablicos.","robots":{"index":"index","follow":"follow","max-snippet":"max-snippet:-1","max-image-preview":"max-image-preview:large","max-video-preview":"max-video-preview:-1"},"canonical":"https:\/\/www.escapadarural.com\/blog\/ruta-por-el-sendero-de-los-sentidos-tenerife\/","og_locale":"es_ES","og_type":"article","og_title":"Ruta sensorial por el Sendero de los Sentidos, Tenerife","og_description":"El Sendero de los Sentidos es una ruta sensorial a trav\u00e9s del Parque Rural de Anaga, en Tenerife. Es apta para todos los p\u00fablicos.","og_url":"https:\/\/www.escapadarural.com\/blog\/ruta-por-el-sendero-de-los-sentidos-tenerife\/","og_site_name":"Magazine de viajes de EscapadaRural","article_publisher":"https:\/\/www.facebook.com\/escapadarural","article_published_time":"2024-12-22T06:00:00+00:00","article_modified_time":"2025-01-16T12:10:22+00:00","og_image":[{"width":2048,"height":1367,"url":"https:\/\/www.escapadarural.com\/blog\/wp-content\/uploads\/2024\/12\/Sendero-accesible-1-en-Sendero-de-los-sentidos.-Por-herraez-scaled.jpeg","type":"image\/jpeg"}],"author":"Alba Feliz","twitter_card":"summary_large_image","twitter_misc":{"Escrito por":"Alba Feliz","Tiempo de lectura":"6 minutos"},"schema":{"@context":"https:\/\/schema.org","@graph":[{"@type":"Article","@id":"https:\/\/www.escapadarural.com\/blog\/ruta-por-el-sendero-de-los-sentidos-tenerife\/#article","isPartOf":{"@id":"https:\/\/www.escapadarural.com\/blog\/ruta-por-el-sendero-de-los-sentidos-tenerife\/"},"author":{"name":"Alba Feliz","@id":"https:\/\/www.escapadarural.com\/blog\/#\/schema\/person\/65271b7b847121ab7a4f8c3be624d420"},"headline":"Ruta sensorial por el Sendero de los Sentidos, Tenerife","datePublished":"2024-12-22T06:00:00+00:00","dateModified":"2025-01-16T12:10:22+00:00","mainEntityOfPage":{"@id":"https:\/\/www.escapadarural.com\/blog\/ruta-por-el-sendero-de-los-sentidos-tenerife\/"},"wordCount":951,"commentCount":0,"publisher":{"@id":"https:\/\/www.escapadarural.com\/blog\/#organization"},"image":{"@id":"https:\/\/www.escapadarural.com\/blog\/ruta-por-el-sendero-de-los-sentidos-tenerife\/#primaryimage"},"thumbnailUrl":"https:\/\/www.escapadarural.com\/blog\/wp-content\/uploads\/2024\/12\/Sendero-accesible-1-en-Sendero-de-los-sentidos.-Por-herraez-scaled.jpeg","keywords":["Parque Rural Anaga"],"articleSection":["Rutas y excursiones"],"inLanguage":"es","potentialAction":[{"@type":"CommentAction","name":"Comment","target":["https:\/\/www.escapadarural.com\/blog\/ruta-por-el-sendero-de-los-sentidos-tenerife\/#respond"]}]},{"@type":"WebPage","@id":"https:\/\/www.escapadarural.com\/blog\/ruta-por-el-sendero-de-los-sentidos-tenerife\/","url":"https:\/\/www.escapadarural.com\/blog\/ruta-por-el-sendero-de-los-sentidos-tenerife\/","name":"Ruta sensorial por el Sendero de los Sentidos, Tenerife","isPartOf":{"@id":"https:\/\/www.escapadarural.com\/blog\/#website"},"primaryImageOfPage":{"@id":"https:\/\/www.escapadarural.com\/blog\/ruta-por-el-sendero-de-los-sentidos-tenerife\/#primaryimage"},"image":{"@id":"https:\/\/www.escapadarural.com\/blog\/ruta-por-el-sendero-de-los-sentidos-tenerife\/#primaryimage"},"thumbnailUrl":"https:\/\/www.escapadarural.com\/blog\/wp-content\/uploads\/2024\/12\/Sendero-accesible-1-en-Sendero-de-los-sentidos.-Por-herraez-scaled.jpeg","datePublished":"2024-12-22T06:00:00+00:00","dateModified":"2025-01-16T12:10:22+00:00","description":"El Sendero de los Sentidos es una ruta sensorial a trav\u00e9s del Parque Rural de Anaga, en Tenerife. Es apta para todos los p\u00fablicos.","breadcrumb":{"@id":"https:\/\/www.escapadarural.com\/blog\/ruta-por-el-sendero-de-los-sentidos-tenerife\/#breadcrumb"},"inLanguage":"es","potentialAction":[{"@type":"ReadAction","target":["https:\/\/www.escapadarural.com\/blog\/ruta-por-el-sendero-de-los-sentidos-tenerife\/"]}]},{"@type":"ImageObject","inLanguage":"es","@id":"https:\/\/www.escapadarural.com\/blog\/ruta-por-el-sendero-de-los-sentidos-tenerife\/#primaryimage","url":"https:\/\/www.escapadarural.com\/blog\/wp-content\/uploads\/2024\/12\/Sendero-accesible-1-en-Sendero-de-los-sentidos.-Por-herraez-scaled.jpeg","contentUrl":"https:\/\/www.escapadarural.com\/blog\/wp-content\/uploads\/2024\/12\/Sendero-accesible-1-en-Sendero-de-los-sentidos.-Por-herraez-scaled.jpeg","width":2048,"height":1367,"caption":"Ruta de los Sentidos de Anaga. Por Herr\u00e1ez"},{"@type":"BreadcrumbList","@id":"https:\/\/www.escapadarural.com\/blog\/ruta-por-el-sendero-de-los-sentidos-tenerife\/#breadcrumb","itemListElement":[{"@type":"ListItem","position":1,"name":"Inicio","item":"https:\/\/www.escapadarural.com\/blog\/"},{"@type":"ListItem","position":2,"name":"Rutas y excursiones","item":"https:\/\/www.escapadarural.com\/blog\/categoria\/rutas-y-excursiones\/"},{"@type":"ListItem","position":3,"name":"Ruta sensorial por el Sendero de los Sentidos, Tenerife"}]},{"@type":"WebSite","@id":"https:\/\/www.escapadarural.com\/blog\/#website","url":"https:\/\/www.escapadarural.com\/blog\/","name":"Blog de viajes | turismo rural, alojamientos e inspiraci\u00f3n","description":"Alojamientos rurales e inspiraci\u00f3n para tus escapadas","publisher":{"@id":"https:\/\/www.escapadarural.com\/blog\/#organization"},"alternateName":"Magazine de viajes de EscapadaRural","potentialAction":[{"@type":"SearchAction","target":{"@type":"EntryPoint","urlTemplate":"https:\/\/www.escapadarural.com\/blog\/?s={search_term_string}"},"query-input":{"@type":"PropertyValueSpecification","valueRequired":true,"valueName":"search_term_string"}}],"inLanguage":"es"},{"@type":"Organization","@id":"https:\/\/www.escapadarural.com\/blog\/#organization","name":"EscapadaRural","url":"https:\/\/www.escapadarural.com\/blog\/","logo":{"@type":"ImageObject","inLanguage":"es","@id":"https:\/\/www.escapadarural.com\/blog\/#\/schema\/logo\/image\/","url":"https:\/\/www.escapadarural.com\/blog\/wp-content\/uploads\/2024\/10\/cropped-cropped-escapada-rural-icon-mag-3.png","contentUrl":"https:\/\/www.escapadarural.com\/blog\/wp-content\/uploads\/2024\/10\/cropped-cropped-escapada-rural-icon-mag-3.png","width":512,"height":512,"caption":"EscapadaRural"},"image":{"@id":"https:\/\/www.escapadarural.com\/blog\/#\/schema\/logo\/image\/"},"sameAs":["https:\/\/www.facebook.com\/escapadarural","https:\/\/www.instagram.com\/escapadarural\/","https:\/\/www.youtube.com\/@escapadaruralcom"]},{"@type":"Person","@id":"https:\/\/www.escapadarural.com\/blog\/#\/schema\/person\/65271b7b847121ab7a4f8c3be624d420","name":"Alba Feliz","image":{"@type":"ImageObject","inLanguage":"es","@id":"https:\/\/www.escapadarural.com\/blog\/wp-content\/uploads\/2024\/11\/cropped-alba-96x96.jpg","url":"https:\/\/www.escapadarural.com\/blog\/wp-content\/uploads\/2024\/11\/cropped-alba-96x96.jpg","contentUrl":"https:\/\/www.escapadarural.com\/blog\/wp-content\/uploads\/2024\/11\/cropped-alba-96x96.jpg","caption":"Alba Feliz"},"description":"Redactora, productora audiovisual y graduada en turismo y direcci\u00f3n hotelera. Creo firmemente que viajar abre la mente y permite conocer otras realidades que quiz\u00e1s desconocemos. Me apasiona la fotograf\u00eda anal\u00f3gica (la de toda la vida) y darle una oportunidad a los destinos menos conocidos.","url":"https:\/\/www.escapadarural.com\/blog\/autor\/alba\/"}]}},"_links":{"self":[{"href":"https:\/\/www.escapadarural.com\/blog\/wp-json\/wp\/v2\/posts\/185196","targetHints":{"allow":["GET"]}}],"collection":[{"href":"https:\/\/www.escapadarural.com\/blog\/wp-json\/wp\/v2\/posts"}],"about":[{"href":"https:\/\/www.escapadarural.com\/blog\/wp-json\/wp\/v2\/types\/post"}],"author":[{"embeddable":true,"href":"https:\/\/www.escapadarural.com\/blog\/wp-json\/wp\/v2\/users\/151"}],"replies":[{"embeddable":true,"href":"https:\/\/www.escapadarural.com\/blog\/wp-json\/wp\/v2\/comments?post=185196"}],"version-history":[{"count":0,"href":"https:\/\/www.escapadarural.com\/blog\/wp-json\/wp\/v2\/posts\/185196\/revisions"}],"wp:featuredmedia":[{"embeddable":true,"href":"https:\/\/www.escapadarural.com\/blog\/wp-json\/wp\/v2\/media\/185210"}],"wp:attachment":[{"href":"https:\/\/www.escapadarural.com\/blog\/wp-json\/wp\/v2\/media?parent=185196"}],"wp:term":[{"taxonomy":"category","embeddable":true,"href":"https:\/\/www.escapadarural.com\/blog\/wp-json\/wp\/v2\/categories?post=185196"},{"taxonomy":"post_tag","embeddable":true,"href":"https:\/\/www.escapadarural.com\/blog\/wp-json\/wp\/v2\/tags?post=185196"}],"curies":[{"name":"wp","href":"https:\/\/api.w.org\/{rel}","templated":true}]}}