{"id":185447,"date":"2024-12-22T06:46:00","date_gmt":"2024-12-22T04:46:00","guid":{"rendered":"https:\/\/www.escapadarural.com\/blog\/?p=185447"},"modified":"2026-02-17T16:15:55","modified_gmt":"2026-02-17T15:15:55","slug":"pueblos-mas-frios-de-espana","status":"publish","type":"post","link":"https:\/\/www.escapadarural.com\/blog\/pueblos-mas-frios-de-espana\/","title":{"rendered":"Los 5 pueblos m\u00e1s fr\u00edos de Espa\u00f1a"},"content":{"rendered":"\n<p>Est\u00e1 claro que <strong>Espa\u00f1a <\/strong>goza de un clima muy variado. Tanto es as\u00ed que hay localidades que cuentan con una temperatura media de 22 grados cent\u00edgrados y m\u00e1s de 300 d\u00edas de sol al a\u00f1o. Sin embargo, en la otra cara de la moneda, existen pueblos en los que el mercurio coquetea con los n\u00fameros negativos llegando a superar m\u00ednimas de 30 grados.<\/p>\n\n\n\n<p>Pero no te asustes, estos pueblos tienen mucho m\u00e1s que ofrecer que temperaturas bajo cero. Son lugares donde el fr\u00edo se convierte en un protagonista con encanto, y te brindan la posibilidad de descubrir <strong>paisajes de cuento<\/strong>, degustar platos t\u00edpicos y reconfortantes, disfrutar del significado de la palabra tranquilidad o practicar actividades y deportes de <a href=\"https:\/\/www.escapadarural.com\/blog\/que-ver-en-invierno-a-menos-de-2-horas-de-madrid\/\" title=\"Qu\u00e9 ver en invierno a menos de 2 horas de Madrid\"  data-wpil-monitor-id=\"673\">invierno<\/a>.<\/p>\n\n\n\n<p>As\u00ed que, si est\u00e1s listo para desafiar a las temperaturas extremas y conocer <strong>los <a href=\"https:\/\/www.escapadarural.com\/blog\/pueblos-con-temperaturas-suaves\/\" title=\"8 pueblos con temperaturas suaves en invierno para no pasar fr\u00edo\"  data-wpil-monitor-id=\"675\">pueblos m\u00e1s fr\u00edos<\/a> de Espa\u00f1a<\/strong> que batieron r\u00e9cord, seg\u00fan los registros, abr\u00edgate porque nos vamos de viaje.<\/p>\n\n\n\n<div class=\"wp-block-buttons is-layout-flex wp-block-buttons-is-layout-flex\">\n<div class=\"wp-block-button\"><a class=\"wp-block-button__link wp-element-button\" href=\"\/casas-rurales\" target=\"_blank\" rel=\"noreferrer noopener\">Encuentra tu alojamiento<\/a><\/div>\n<\/div>\n\n\n\n<h2 class=\"wp-block-heading\" id=\"h-la-torre-de-cabdella-lleida\"><strong>La Torre de Cabdella (<a href=\"\/casas-rurales\/lleida\" target=\"_blank\" rel=\"noreferrer noopener\">Lleida<\/a><\/strong>)<\/h2>\n\n\n\n<figure class=\"wp-block-image size-full\"><img loading=\"lazy\" decoding=\"async\" width=\"1024\" height=\"683\" src=\"https:\/\/www.escapadarural.com\/blog\/wp-content\/uploads\/2024\/12\/AdobeStock_865486686.webp\" alt=\"Torre de Cabdella, Lleida\" class=\"wp-image-185448\" srcset=\"https:\/\/www.escapadarural.com\/blog\/wp-content\/uploads\/2024\/12\/AdobeStock_865486686-200x133.webp 200w, https:\/\/www.escapadarural.com\/blog\/wp-content\/uploads\/2024\/12\/AdobeStock_865486686-300x200.webp 300w, https:\/\/www.escapadarural.com\/blog\/wp-content\/uploads\/2024\/12\/AdobeStock_865486686-400x267.webp 400w, https:\/\/www.escapadarural.com\/blog\/wp-content\/uploads\/2024\/12\/AdobeStock_865486686-600x400.webp 600w, https:\/\/www.escapadarural.com\/blog\/wp-content\/uploads\/2024\/12\/AdobeStock_865486686-768x512.webp 768w, https:\/\/www.escapadarural.com\/blog\/wp-content\/uploads\/2024\/12\/AdobeStock_865486686-800x534.webp 800w, https:\/\/www.escapadarural.com\/blog\/wp-content\/uploads\/2024\/12\/AdobeStock_865486686.webp 1024w\" sizes=\"auto, (max-width: 1024px) 100vw, 1024px\" \/><figcaption class=\"wp-element-caption\">Torre de Cabdella, uno de los pueblos m\u00e1s fr\u00edos de Espa\u00f1a. Por: Manel Vinuesa<\/figcaption><\/figure>\n\n\n\n<p>La <strong>temperatura m\u00e1s baja registrada en Espa\u00f1a <\/strong>desde que hay mediciones es <strong>en La Torre de Cabdella<\/strong>, un peque\u00f1o pueblo de Lleida anclado en pleno Pirineo catal\u00e1n. M\u00e1s concretamente en el Estany Gento, donde el d\u00eda 02 de febrero de 1956 <strong>el term\u00f3metro marc\u00f3 -32\u00ba<\/strong>. Este lago de origen glaciar, situado a 2140 metros de altitud, destaca porque se puede llegar hasta \u00e9l por medio de <strong>una de las rutas m\u00e1s impresionantes del Pirineo leridano<\/strong>.<\/p>\n\n\n\n<p>Adem\u00e1s, este rinc\u00f3n tan pintoresco que es uno de los pueblos m\u00e1s fr\u00edos de Espa\u00f1a es conocido por sus blancos paisajes, ya que en invierno el mercurio puede descender, y con facilidad, hasta los 10 grados bajo cero. Y por su <strong>riqueza cultural<\/strong>, manifestada mediante caracter\u00edsticas <strong>iglesias rom\u00e1nicas como la de Sant Mart\u00ed<\/strong>, una aut\u00e9ntica joya que hoy en d\u00eda solo conserva una torre con una b\u00f3veda decorada. En definitiva, aqu\u00ed la <em>\u201ccrudeza invernal\u201d <\/em>se transforma en una experiencia \u00fanica.<\/p>\n\n\n\n<div class=\"wp-block-buttons is-layout-flex wp-block-buttons-is-layout-flex\">\n<div class=\"wp-block-button\"><a class=\"wp-block-button__link wp-element-button\" href=\"\/casas-rurales\/cabdella\" target=\"_blank\" rel=\"noreferrer noopener\">Casas rurales cerca de Cabdella<\/a><\/div>\n<\/div>\n\n\n\n<h2 class=\"wp-block-heading\" id=\"h-calamocha-teruel\"><strong>Calamocha (<a href=\"\/casas-rurales\/teruel\">Teruel<\/a><\/strong>)<\/h2>\n\n\n\n<figure class=\"wp-block-image size-full\"><img loading=\"lazy\" decoding=\"async\" width=\"1024\" height=\"682\" src=\"https:\/\/www.escapadarural.com\/blog\/wp-content\/uploads\/2024\/12\/AdobeStock_518045566.webp\" alt=\"Calamocha, uno de los pueblos m\u00e1s fr\u00edos de Espa\u00f1a\" class=\"wp-image-185449\" srcset=\"https:\/\/www.escapadarural.com\/blog\/wp-content\/uploads\/2024\/12\/AdobeStock_518045566-200x133.webp 200w, https:\/\/www.escapadarural.com\/blog\/wp-content\/uploads\/2024\/12\/AdobeStock_518045566-300x200.webp 300w, https:\/\/www.escapadarural.com\/blog\/wp-content\/uploads\/2024\/12\/AdobeStock_518045566-400x266.webp 400w, https:\/\/www.escapadarural.com\/blog\/wp-content\/uploads\/2024\/12\/AdobeStock_518045566-600x400.webp 600w, https:\/\/www.escapadarural.com\/blog\/wp-content\/uploads\/2024\/12\/AdobeStock_518045566-768x512.webp 768w, https:\/\/www.escapadarural.com\/blog\/wp-content\/uploads\/2024\/12\/AdobeStock_518045566-800x533.webp 800w, https:\/\/www.escapadarural.com\/blog\/wp-content\/uploads\/2024\/12\/AdobeStock_518045566.webp 1024w\" sizes=\"auto, (max-width: 1024px) 100vw, 1024px\" \/><figcaption class=\"wp-element-caption\">Calamocha, uno de los pueblos m\u00e1s fr\u00edos de Espa\u00f1aPor: Tolo<\/figcaption><\/figure>\n\n\n\n<p>En el Top 2 se encuentra <strong>Calamocha <\/strong>al registrar el 17 de diciembre de 1963 una temperatura de -30 grados. Este <strong>municipio turolense, en medio de la extensa llanura de Jiloca<\/strong>, se caracteriza por sus famosas heladas, especialmente de diciembre a febrero, fuertes precipitaciones en primavera y veranos secos y suaves, de esos que hacen que a la noche duermas tapada porque refresca.<\/p>\n\n\n\n<p>Se podr\u00eda decir que aqu\u00ed es donde se fabrica el fr\u00edo, eso s\u00ed con gracia y encanto, ya que su excelente situaci\u00f3n geogr\u00e1fica proporcion\u00f3 que en el pasado fuera un <strong>importante enclave fortificado<\/strong>. Lamentablemente, no quedan restos del recinto amurallado, pero su casco urbano te invita a descubrir <strong>numerosas sorpresas como los palacetes de estilo aragon\u00e9s o la iglesia de Santa Mar\u00eda la Mayor del siglo XVII<\/strong>. Tambi\u00e9n atesora otras joyas patrimoniales y herencias arquitect\u00f3nicas que se pueden visitar por la zona como es el caso del puente romano construido en el siglo I d.C.<\/p>\n\n\n\n<div class=\"wp-block-buttons is-layout-flex wp-block-buttons-is-layout-flex\">\n<div class=\"wp-block-button\"><a class=\"wp-block-button__link wp-element-button\" href=\"\/casas-rurales\/calamocha\">Casas rurales en Calamocha<\/a><\/div>\n<\/div>\n\n\n\n<h2 class=\"wp-block-heading\" id=\"h-molina-de-aragon-guadalajara\"><strong>Molina de Arag\u00f3n (<a href=\"\/casas-rurales\/guadalajara\">Guadalajara<\/a><\/strong>)<\/h2>\n\n\n\n<figure class=\"wp-block-image size-full\"><img loading=\"lazy\" decoding=\"async\" width=\"1024\" height=\"767\" src=\"https:\/\/www.escapadarural.com\/blog\/wp-content\/uploads\/2024\/12\/AdobeStock_539995717.webp\" alt=\"Los pueblos m\u00e1s bonitos de Espa\u00f1a: Molina de Arag\u00f3n\" class=\"wp-image-185451\" srcset=\"https:\/\/www.escapadarural.com\/blog\/wp-content\/uploads\/2024\/12\/AdobeStock_539995717-200x150.webp 200w, https:\/\/www.escapadarural.com\/blog\/wp-content\/uploads\/2024\/12\/AdobeStock_539995717-300x225.webp 300w, https:\/\/www.escapadarural.com\/blog\/wp-content\/uploads\/2024\/12\/AdobeStock_539995717-400x300.webp 400w, https:\/\/www.escapadarural.com\/blog\/wp-content\/uploads\/2024\/12\/AdobeStock_539995717-600x449.webp 600w, https:\/\/www.escapadarural.com\/blog\/wp-content\/uploads\/2024\/12\/AdobeStock_539995717-768x575.webp 768w, https:\/\/www.escapadarural.com\/blog\/wp-content\/uploads\/2024\/12\/AdobeStock_539995717-800x599.webp 800w, https:\/\/www.escapadarural.com\/blog\/wp-content\/uploads\/2024\/12\/AdobeStock_539995717.webp 1024w\" sizes=\"auto, (max-width: 1024px) 100vw, 1024px\" \/><figcaption class=\"wp-element-caption\">Molina de Arag\u00f3n,  uno de los pueblos m\u00e1s fr\u00edos de Espa\u00f1a. Por: StockPhotoAstur<\/figcaption><\/figure>\n\n\n\n<p>Si de rankings va la cosa, <strong>Molina de Arag\u00f3n se cuela en el tercer puesto <\/strong>de los pueblos m\u00e1s fr\u00edos de Espa\u00f1a dado que su hito hist\u00f3rico fue de <strong>-28,2 grados registrados el 28 de enero de 1952<\/strong>. Durante los meses m\u00e1s g\u00e9lidos del a\u00f1o es habitual que sus vecinos lleguen a soportar m\u00ednimas de -3,5 y heladas continuas que dejan estampas cubiertas de blanco.<\/p>\n\n\n\n<p>Tal es la fama g\u00e9lida de esta localidad, ubicada en el nordeste de la provincia de Guadalajara y a unos 1060 metros de altitud, que <strong>se encuentra en el llamado \u201cTri\u00e1ngulo del fr\u00edo\u201d. <\/strong>\u00bfHab\u00edas o\u00eddo hablar de este t\u00e9rmino? Se trata de un \u201ctri\u00e1ngulo\u201d compuesto por el municipio que nos ocupa, Teruel y, el anteriormente citado Calamocha, <strong>tres poblaciones que hist\u00f3ricamente en invierno registran temperaturas heladoras<\/strong>.<\/p>\n\n\n\n<p>A pesar de estos datos, siempre es un buen momento para visitar esta ciudad y conocer <strong>su pasado medieval y su gran riqueza monumental<\/strong>. Muestra de ello es su <strong>imponente castillo y las murallas <\/strong>que lo guardan, uno de los m\u00e1s grandes de <a href=\"https:\/\/www.escapadarural.com\/blog\/la-magia-de-la-ciudad-encantada-de-cuenca-en-invierno\/\" title=\"La magia de la Ciudad Encantada de Cuenca en invierno\"  data-wpil-monitor-id=\"674\">Castilla-La Mancha<\/a>. Tambi\u00e9n hay que destacar el Monasterio de San Francisco, fundado a finales del siglo XIII, y su casco antiguo, donde el barrio jud\u00edo y el barrio de la morer\u00eda son su principal reclamo. Y si quieres salir del tradicional chocolate caliente con churros acude a la <strong>pasteler\u00eda \u201cEl Manolongo\u201d para degustar las <em>patas de vaca<\/em>. Un postre artesanal y exclusivo de Molina de Arag\u00f3n<\/strong>, cuya receta es secreta pero podemos intuir que est\u00e1 hecho a base de harina, huevo y az\u00facar y relleno es de crema pastelera.<\/p>\n\n\n\n<div class=\"wp-block-buttons is-layout-flex wp-block-buttons-is-layout-flex\">\n<div class=\"wp-block-button\"><a class=\"wp-block-button__link wp-element-button\" href=\"\/casas-rurales\/guadalajara\">Casas rurales en Guadalajara<\/a><\/div>\n<\/div>\n\n\n\n<h2 class=\"wp-block-heading\" id=\"h-reinosa-cantabria-uno-de-los-pueblos-mas-frios-de-espana\">Reinosa (<a href=\"\/casas-rurales\/cantabria\">Cantabria<\/a>), uno de los pueblos m\u00e1s fr\u00edos de Espa\u00f1a<\/h2>\n\n\n\n<figure class=\"wp-block-image size-full\"><img loading=\"lazy\" decoding=\"async\" width=\"1024\" height=\"592\" src=\"https:\/\/www.escapadarural.com\/blog\/wp-content\/uploads\/2024\/12\/AdobeStock_406603434.webp\" alt=\"Reinosa, uno de los pueblos m\u00e1s fr\u00edos de Espa\u00f1a\" class=\"wp-image-185453\" srcset=\"https:\/\/www.escapadarural.com\/blog\/wp-content\/uploads\/2024\/12\/AdobeStock_406603434-200x116.webp 200w, https:\/\/www.escapadarural.com\/blog\/wp-content\/uploads\/2024\/12\/AdobeStock_406603434-300x173.webp 300w, https:\/\/www.escapadarural.com\/blog\/wp-content\/uploads\/2024\/12\/AdobeStock_406603434-400x231.webp 400w, https:\/\/www.escapadarural.com\/blog\/wp-content\/uploads\/2024\/12\/AdobeStock_406603434-600x347.webp 600w, https:\/\/www.escapadarural.com\/blog\/wp-content\/uploads\/2024\/12\/AdobeStock_406603434-768x444.webp 768w, https:\/\/www.escapadarural.com\/blog\/wp-content\/uploads\/2024\/12\/AdobeStock_406603434-800x463.webp 800w, https:\/\/www.escapadarural.com\/blog\/wp-content\/uploads\/2024\/12\/AdobeStock_406603434.webp 1024w\" sizes=\"auto, (max-width: 1024px) 100vw, 1024px\" \/><figcaption class=\"wp-element-caption\">Por: Ernesto Sardina<\/figcaption><\/figure>\n\n\n\n<p>Un pueblo de la <strong>cornisa cant\u00e1brica <\/strong>ten\u00eda que aparecer, y <strong><a href=\"https:\/\/www.escapadarural.com\/blog\/pueblos-de-postal-que-visitar-invierno\/\" title=\"7 pueblos de postal que visitar este invierno\"  data-wpil-monitor-id=\"671\">Reinosa<\/a><\/strong>, conocida como la \u201cpuerta norte de Castilla\u201d, hace los honores. Unos honores hist\u00f3ricos para esta regi\u00f3n monta\u00f1osa que hizo que el mercurio bajase hasta los -24,6 grados el 04 de enero de 1971. As\u00ed que, <strong>en temporada invernal hasta aqu\u00ed se acercan los amantes de la naturaleza y las actividades al aire libre <\/strong>que se vuelven a\u00fan m\u00e1s emocionantes gracias al componente clim\u00e1tico. Lo que no quita para que igualmente visites su <strong>casco hist\u00f3rico<\/strong>, puesto que Reinosa <strong>alberga uno de los mejores ejemplos del barroco c\u00e1ntabro gracias a su iglesia de San Sebasti\u00e1n<\/strong>.<\/p>\n\n\n\n<p>Este templo religioso est\u00e1 ubicado en el centro de la ciudad y data del siglo XVIII, aunque presenta restos de los dos siglos anteriores. Adem\u00e1s, en la plaza del Ayuntamiento se erige un <strong>conjunto de edificios de siller\u00eda construidos en los siglos XVI y XVII <\/strong>y en la Avenida del Puente Carlos III te espera La Casona, un palacio se\u00f1orial declarado Bien de Inter\u00e9s Cultural desde 1982. Es tambi\u00e9n popular la zona de los soportales, donde se puede degustar el <strong>dulce t\u00edpico <\/strong>de la localidad, conocido como <strong><em>pantortilla<\/em><\/strong>. Tiene una forma redonda, est\u00e1 elaborado de hojaldre y en la parte superior cuenta con una capa de az\u00facar caramelizado.<\/p>\n\n\n\n<div class=\"wp-block-buttons is-layout-flex wp-block-buttons-is-layout-flex\">\n<div class=\"wp-block-button\"><a class=\"wp-block-button__link wp-element-button\" href=\"\/casas-rurales\/cantabria\">Casas rurales en Cantabria<\/a><\/div>\n<\/div>\n\n\n\n<h2 class=\"wp-block-heading\" id=\"h-posada-de-valdeon-leon-uno-de-los-pueblos-mas-frios-de-espana\"><strong>Posada de Valde\u00f3n (<a href=\"\/casas-rurales\/leon\">Le\u00f3n<\/a>)<\/strong>, uno de los pueblos m\u00e1s fr\u00edos de Espa\u00f1a<\/h2>\n\n\n\n<figure class=\"wp-block-image size-full\"><img loading=\"lazy\" decoding=\"async\" width=\"1024\" height=\"682\" src=\"https:\/\/www.escapadarural.com\/blog\/wp-content\/uploads\/2024\/12\/AdobeStock_523779953.webp\" alt=\"Posada de Valde\u00f3n\" class=\"wp-image-185454\" srcset=\"https:\/\/www.escapadarural.com\/blog\/wp-content\/uploads\/2024\/12\/AdobeStock_523779953-200x133.webp 200w, https:\/\/www.escapadarural.com\/blog\/wp-content\/uploads\/2024\/12\/AdobeStock_523779953-300x200.webp 300w, https:\/\/www.escapadarural.com\/blog\/wp-content\/uploads\/2024\/12\/AdobeStock_523779953-400x266.webp 400w, https:\/\/www.escapadarural.com\/blog\/wp-content\/uploads\/2024\/12\/AdobeStock_523779953-600x400.webp 600w, https:\/\/www.escapadarural.com\/blog\/wp-content\/uploads\/2024\/12\/AdobeStock_523779953-768x512.webp 768w, https:\/\/www.escapadarural.com\/blog\/wp-content\/uploads\/2024\/12\/AdobeStock_523779953-800x533.webp 800w, https:\/\/www.escapadarural.com\/blog\/wp-content\/uploads\/2024\/12\/AdobeStock_523779953.webp 1024w\" sizes=\"auto, (max-width: 1024px) 100vw, 1024px\" \/><figcaption class=\"wp-element-caption\">Por: ABUELO RAMIRO<\/figcaption><\/figure>\n\n\n\n<p>Podr\u00edamos asegurar que cualquier municipio de Castilla y Le\u00f3n formar\u00eda parte de este listado, ya que Burgos, Soria o \u00c1vila suelen ser protagonistas en los telediarios cuando los term\u00f3metros bajan y las nevadas hacen acto de presencia. En esta ocasi\u00f3n, el foco de atenci\u00f3n se lo lleva un peque\u00f1o pueblo leon\u00e9s llamado <strong>Posada de Valde\u00f3n<\/strong>. Lo cierto es que la monta\u00f1a leonesa <strong>destaca por sus temperaturas m\u00ednimas<\/strong>, y se disputa todos los a\u00f1os con el Pirineo catal\u00e1n el r\u00e9cord del lugar con las m\u00ednimas m\u00e1s bajas.<\/p>\n\n\n\n<p>Y es que al ser <strong>uno de los lugares m\u00e1s emblem\u00e1ticos del macizo central del <a href=\"https:\/\/www.escapadarural.com\/blog\/parques-nacionales-que-visitar-en-enero\/\" title=\"4 parques nacionales imprescindibles que visitar en invierno\"  data-wpil-monitor-id=\"672\">Parque Nacional<\/a> de los Picos de Europa<\/strong>, es por descontado, tambi\u00e9n uno de los duros de Espa\u00f1a para pasar los meses m\u00e1s g\u00e9lidos del a\u00f1o. Desde luego que cuando llega el temporal no puedes olvidarte de los guantes, la bufanda, el gorro y un buen abrigo porque aqu\u00ed el fr\u00edo es de verdad. Eso s\u00ed, para los amantes del senderismo es el para\u00edso. Hasta la zona se acercan los monta\u00f1eros m\u00e1s preparados para hacer la popular <strong>Ruta del Cares<\/strong>, y as\u00ed, en invierno, obtener una perspectiva completamente diferente.<\/p>\n\n\n\n<div class=\"wp-block-buttons is-layout-flex wp-block-buttons-is-layout-flex\">\n<div class=\"wp-block-button\"><a class=\"wp-block-button__link wp-element-button\" href=\"\/casas-rurales\/posada-de-valdeon\">Casas en Posada de Valde\u00f3n<\/a><\/div>\n<\/div>\n\n\n\n<p><\/p>\n","protected":false},"excerpt":{"rendered":"<p>Prepara la bufanda, los guantes y el gorro porque nos escapamos a los pueblos m\u00e1s fr\u00edos de Espa\u00f1a. \u00bfA qu\u00e9 esperas?<\/p>\n","protected":false},"author":98,"featured_media":185453,"comment_status":"open","ping_status":"open","sticky":false,"template":"","format":"standard","meta":{"_acf_changed":false,"om_disable_all_campaigns":false,"footnotes":""},"categories":[191],"tags":[1756,215,212,5578],"class_list":["post-185447","post","type-post","status-publish","format-standard","has-post-thumbnail","hentry","category-destinos","tag-invierno","tag-listado","tag-pueblos","tag-que-hacer-en-invierno"],"acf":[],"featured_image_src":"https:\/\/www.escapadarural.com\/blog\/wp-content\/uploads\/2024\/12\/AdobeStock_406603434.webp","author_info":{"display_name":"Miryam Tejada","author_link":"https:\/\/www.escapadarural.com\/blog\/autor\/miryam\/"},"yoast_head":"<!-- This site is optimized with the Yoast SEO plugin v27.5 - https:\/\/yoast.com\/product\/yoast-seo-wordpress\/ -->\n<title>Los pueblos m\u00e1s fr\u00edos de Espa\u00f1a - EscapadaRural<\/title>\n<meta name=\"description\" content=\"Prepara la bufanda, los guantes y el gorro porque nos escapamos a los pueblos m\u00e1s fr\u00edos de Espa\u00f1a. \u00bfA qu\u00e9 esperas?\" \/>\n<meta name=\"robots\" content=\"index, follow, max-snippet:-1, max-image-preview:large, max-video-preview:-1\" \/>\n<link rel=\"canonical\" href=\"https:\/\/www.escapadarural.com\/blog\/pueblos-mas-frios-de-espana\/\" \/>\n<meta property=\"og:locale\" content=\"es_ES\" \/>\n<meta property=\"og:type\" content=\"article\" \/>\n<meta property=\"og:title\" content=\"Los pueblos m\u00e1s fr\u00edos de Espa\u00f1a - EscapadaRural\" \/>\n<meta property=\"og:description\" content=\"Prepara la bufanda, los guantes y el gorro porque nos escapamos a los pueblos m\u00e1s fr\u00edos de Espa\u00f1a. \u00bfA qu\u00e9 esperas?\" \/>\n<meta property=\"og:url\" content=\"https:\/\/www.escapadarural.com\/blog\/pueblos-mas-frios-de-espana\/\" \/>\n<meta property=\"og:site_name\" content=\"Magazine de viajes de EscapadaRural\" \/>\n<meta property=\"article:publisher\" content=\"https:\/\/www.facebook.com\/escapadarural\" \/>\n<meta property=\"article:published_time\" content=\"2024-12-22T04:46:00+00:00\" \/>\n<meta property=\"article:modified_time\" content=\"2026-02-17T15:15:55+00:00\" \/>\n<meta property=\"og:image\" content=\"https:\/\/www.escapadarural.com\/blog\/wp-content\/uploads\/2024\/12\/AdobeStock_406603434.webp\" \/>\n\t<meta property=\"og:image:width\" content=\"1024\" \/>\n\t<meta property=\"og:image:height\" content=\"592\" \/>\n\t<meta property=\"og:image:type\" content=\"image\/webp\" \/>\n<meta name=\"author\" content=\"Miryam Tejada\" \/>\n<meta name=\"twitter:card\" content=\"summary_large_image\" \/>\n<meta name=\"twitter:label1\" content=\"Escrito por\" \/>\n\t<meta name=\"twitter:data1\" content=\"Miryam Tejada\" \/>\n\t<meta name=\"twitter:label2\" content=\"Tiempo de lectura\" \/>\n\t<meta name=\"twitter:data2\" content=\"7 minutos\" \/>\n<script type=\"application\/ld+json\" class=\"yoast-schema-graph\">{\"@context\":\"https:\\\/\\\/schema.org\",\"@graph\":[{\"@type\":\"Article\",\"@id\":\"https:\\\/\\\/www.escapadarural.com\\\/blog\\\/pueblos-mas-frios-de-espana\\\/#article\",\"isPartOf\":{\"@id\":\"https:\\\/\\\/www.escapadarural.com\\\/blog\\\/pueblos-mas-frios-de-espana\\\/\"},\"author\":{\"name\":\"Miryam Tejada\",\"@id\":\"https:\\\/\\\/www.escapadarural.com\\\/blog\\\/#\\\/schema\\\/person\\\/3a79b504f208fd6cf3bb52c608e311f0\"},\"headline\":\"Los 5 pueblos m\u00e1s fr\u00edos de Espa\u00f1a\",\"datePublished\":\"2024-12-22T04:46:00+00:00\",\"dateModified\":\"2026-02-17T15:15:55+00:00\",\"mainEntityOfPage\":{\"@id\":\"https:\\\/\\\/www.escapadarural.com\\\/blog\\\/pueblos-mas-frios-de-espana\\\/\"},\"wordCount\":1354,\"commentCount\":0,\"publisher\":{\"@id\":\"https:\\\/\\\/www.escapadarural.com\\\/blog\\\/#organization\"},\"image\":{\"@id\":\"https:\\\/\\\/www.escapadarural.com\\\/blog\\\/pueblos-mas-frios-de-espana\\\/#primaryimage\"},\"thumbnailUrl\":\"https:\\\/\\\/www.escapadarural.com\\\/blog\\\/wp-content\\\/uploads\\\/2024\\\/12\\\/AdobeStock_406603434.webp\",\"keywords\":[\"Invierno\",\"Listado\",\"pueblos\",\"Qu\u00e9 hacer en invierno\"],\"articleSection\":[\"Destinos\"],\"inLanguage\":\"es\",\"potentialAction\":[{\"@type\":\"CommentAction\",\"name\":\"Comment\",\"target\":[\"https:\\\/\\\/www.escapadarural.com\\\/blog\\\/pueblos-mas-frios-de-espana\\\/#respond\"]}]},{\"@type\":\"WebPage\",\"@id\":\"https:\\\/\\\/www.escapadarural.com\\\/blog\\\/pueblos-mas-frios-de-espana\\\/\",\"url\":\"https:\\\/\\\/www.escapadarural.com\\\/blog\\\/pueblos-mas-frios-de-espana\\\/\",\"name\":\"Los pueblos m\u00e1s fr\u00edos de Espa\u00f1a - EscapadaRural\",\"isPartOf\":{\"@id\":\"https:\\\/\\\/www.escapadarural.com\\\/blog\\\/#website\"},\"primaryImageOfPage\":{\"@id\":\"https:\\\/\\\/www.escapadarural.com\\\/blog\\\/pueblos-mas-frios-de-espana\\\/#primaryimage\"},\"image\":{\"@id\":\"https:\\\/\\\/www.escapadarural.com\\\/blog\\\/pueblos-mas-frios-de-espana\\\/#primaryimage\"},\"thumbnailUrl\":\"https:\\\/\\\/www.escapadarural.com\\\/blog\\\/wp-content\\\/uploads\\\/2024\\\/12\\\/AdobeStock_406603434.webp\",\"datePublished\":\"2024-12-22T04:46:00+00:00\",\"dateModified\":\"2026-02-17T15:15:55+00:00\",\"description\":\"Prepara la bufanda, los guantes y el gorro porque nos escapamos a los pueblos m\u00e1s fr\u00edos de Espa\u00f1a. \u00bfA qu\u00e9 esperas?\",\"breadcrumb\":{\"@id\":\"https:\\\/\\\/www.escapadarural.com\\\/blog\\\/pueblos-mas-frios-de-espana\\\/#breadcrumb\"},\"inLanguage\":\"es\",\"potentialAction\":[{\"@type\":\"ReadAction\",\"target\":[\"https:\\\/\\\/www.escapadarural.com\\\/blog\\\/pueblos-mas-frios-de-espana\\\/\"]}]},{\"@type\":\"ImageObject\",\"inLanguage\":\"es\",\"@id\":\"https:\\\/\\\/www.escapadarural.com\\\/blog\\\/pueblos-mas-frios-de-espana\\\/#primaryimage\",\"url\":\"https:\\\/\\\/www.escapadarural.com\\\/blog\\\/wp-content\\\/uploads\\\/2024\\\/12\\\/AdobeStock_406603434.webp\",\"contentUrl\":\"https:\\\/\\\/www.escapadarural.com\\\/blog\\\/wp-content\\\/uploads\\\/2024\\\/12\\\/AdobeStock_406603434.webp\",\"width\":1024,\"height\":592,\"caption\":\"Por: Ernesto Sardina\"},{\"@type\":\"BreadcrumbList\",\"@id\":\"https:\\\/\\\/www.escapadarural.com\\\/blog\\\/pueblos-mas-frios-de-espana\\\/#breadcrumb\",\"itemListElement\":[{\"@type\":\"ListItem\",\"position\":1,\"name\":\"Inicio\",\"item\":\"https:\\\/\\\/www.escapadarural.com\\\/blog\\\/\"},{\"@type\":\"ListItem\",\"position\":2,\"name\":\"Destinos\",\"item\":\"https:\\\/\\\/www.escapadarural.com\\\/blog\\\/categoria\\\/destinos\\\/\"},{\"@type\":\"ListItem\",\"position\":3,\"name\":\"Los 5 pueblos m\u00e1s fr\u00edos de Espa\u00f1a\"}]},{\"@type\":\"WebSite\",\"@id\":\"https:\\\/\\\/www.escapadarural.com\\\/blog\\\/#website\",\"url\":\"https:\\\/\\\/www.escapadarural.com\\\/blog\\\/\",\"name\":\"Blog de viajes | turismo rural, alojamientos e inspiraci\u00f3n\",\"description\":\"Alojamientos rurales e inspiraci\u00f3n para tus escapadas\",\"publisher\":{\"@id\":\"https:\\\/\\\/www.escapadarural.com\\\/blog\\\/#organization\"},\"alternateName\":\"Magazine de viajes de EscapadaRural\",\"potentialAction\":[{\"@type\":\"SearchAction\",\"target\":{\"@type\":\"EntryPoint\",\"urlTemplate\":\"https:\\\/\\\/www.escapadarural.com\\\/blog\\\/?s={search_term_string}\"},\"query-input\":{\"@type\":\"PropertyValueSpecification\",\"valueRequired\":true,\"valueName\":\"search_term_string\"}}],\"inLanguage\":\"es\"},{\"@type\":\"Organization\",\"@id\":\"https:\\\/\\\/www.escapadarural.com\\\/blog\\\/#organization\",\"name\":\"EscapadaRural\",\"url\":\"https:\\\/\\\/www.escapadarural.com\\\/blog\\\/\",\"logo\":{\"@type\":\"ImageObject\",\"inLanguage\":\"es\",\"@id\":\"https:\\\/\\\/www.escapadarural.com\\\/blog\\\/#\\\/schema\\\/logo\\\/image\\\/\",\"url\":\"https:\\\/\\\/www.escapadarural.com\\\/blog\\\/wp-content\\\/uploads\\\/2024\\\/10\\\/cropped-cropped-escapada-rural-icon-mag-3.png\",\"contentUrl\":\"https:\\\/\\\/www.escapadarural.com\\\/blog\\\/wp-content\\\/uploads\\\/2024\\\/10\\\/cropped-cropped-escapada-rural-icon-mag-3.png\",\"width\":512,\"height\":512,\"caption\":\"EscapadaRural\"},\"image\":{\"@id\":\"https:\\\/\\\/www.escapadarural.com\\\/blog\\\/#\\\/schema\\\/logo\\\/image\\\/\"},\"sameAs\":[\"https:\\\/\\\/www.facebook.com\\\/escapadarural\",\"https:\\\/\\\/www.instagram.com\\\/escapadarural\\\/\",\"https:\\\/\\\/www.youtube.com\\\/@escapadaruralcom\"]},{\"@type\":\"Person\",\"@id\":\"https:\\\/\\\/www.escapadarural.com\\\/blog\\\/#\\\/schema\\\/person\\\/3a79b504f208fd6cf3bb52c608e311f0\",\"name\":\"Miryam Tejada\",\"image\":{\"@type\":\"ImageObject\",\"inLanguage\":\"es\",\"@id\":\"https:\\\/\\\/www.escapadarural.com\\\/blog\\\/wp-content\\\/uploads\\\/2024\\\/12\\\/cropped-PXL_20240524_141044774.PORTRAIT.ORIGINAL-1-scaled-2-96x96.jpg\",\"url\":\"https:\\\/\\\/www.escapadarural.com\\\/blog\\\/wp-content\\\/uploads\\\/2024\\\/12\\\/cropped-PXL_20240524_141044774.PORTRAIT.ORIGINAL-1-scaled-2-96x96.jpg\",\"contentUrl\":\"https:\\\/\\\/www.escapadarural.com\\\/blog\\\/wp-content\\\/uploads\\\/2024\\\/12\\\/cropped-PXL_20240524_141044774.PORTRAIT.ORIGINAL-1-scaled-2-96x96.jpg\",\"caption\":\"Miryam Tejada\"},\"description\":\"Mi t\u00edtulo universitario dice que soy licenciada en periodismo, pero realmente soy una todoterreno a la que le pill\u00f3 la transici\u00f3n del mundo anal\u00f3gico al digital de pleno. Es decir, soy millennial, y eso lo que conlleva, seg\u00fan las habladur\u00edas, es que me dejo llevar y priorizo mi bienestar. O lo que es lo mismo, soy una apasionada de los viajes y las experiencias, del simple hecho de tomar unas cervezas entre amigas, organizar una buena comilona en la sociedad con sobremesa larga incluida o pasar las tardes en el parque con mis gemelos.\",\"url\":\"https:\\\/\\\/www.escapadarural.com\\\/blog\\\/autor\\\/miryam\\\/\"}]}<\/script>\n<!-- \/ Yoast SEO plugin. -->","yoast_head_json":{"title":"Los pueblos m\u00e1s fr\u00edos de Espa\u00f1a - EscapadaRural","description":"Prepara la bufanda, los guantes y el gorro porque nos escapamos a los pueblos m\u00e1s fr\u00edos de Espa\u00f1a. \u00bfA qu\u00e9 esperas?","robots":{"index":"index","follow":"follow","max-snippet":"max-snippet:-1","max-image-preview":"max-image-preview:large","max-video-preview":"max-video-preview:-1"},"canonical":"https:\/\/www.escapadarural.com\/blog\/pueblos-mas-frios-de-espana\/","og_locale":"es_ES","og_type":"article","og_title":"Los pueblos m\u00e1s fr\u00edos de Espa\u00f1a - EscapadaRural","og_description":"Prepara la bufanda, los guantes y el gorro porque nos escapamos a los pueblos m\u00e1s fr\u00edos de Espa\u00f1a. \u00bfA qu\u00e9 esperas?","og_url":"https:\/\/www.escapadarural.com\/blog\/pueblos-mas-frios-de-espana\/","og_site_name":"Magazine de viajes de EscapadaRural","article_publisher":"https:\/\/www.facebook.com\/escapadarural","article_published_time":"2024-12-22T04:46:00+00:00","article_modified_time":"2026-02-17T15:15:55+00:00","og_image":[{"width":1024,"height":592,"url":"https:\/\/www.escapadarural.com\/blog\/wp-content\/uploads\/2024\/12\/AdobeStock_406603434.webp","type":"image\/webp"}],"author":"Miryam Tejada","twitter_card":"summary_large_image","twitter_misc":{"Escrito por":"Miryam Tejada","Tiempo de lectura":"7 minutos"},"schema":{"@context":"https:\/\/schema.org","@graph":[{"@type":"Article","@id":"https:\/\/www.escapadarural.com\/blog\/pueblos-mas-frios-de-espana\/#article","isPartOf":{"@id":"https:\/\/www.escapadarural.com\/blog\/pueblos-mas-frios-de-espana\/"},"author":{"name":"Miryam Tejada","@id":"https:\/\/www.escapadarural.com\/blog\/#\/schema\/person\/3a79b504f208fd6cf3bb52c608e311f0"},"headline":"Los 5 pueblos m\u00e1s fr\u00edos de Espa\u00f1a","datePublished":"2024-12-22T04:46:00+00:00","dateModified":"2026-02-17T15:15:55+00:00","mainEntityOfPage":{"@id":"https:\/\/www.escapadarural.com\/blog\/pueblos-mas-frios-de-espana\/"},"wordCount":1354,"commentCount":0,"publisher":{"@id":"https:\/\/www.escapadarural.com\/blog\/#organization"},"image":{"@id":"https:\/\/www.escapadarural.com\/blog\/pueblos-mas-frios-de-espana\/#primaryimage"},"thumbnailUrl":"https:\/\/www.escapadarural.com\/blog\/wp-content\/uploads\/2024\/12\/AdobeStock_406603434.webp","keywords":["Invierno","Listado","pueblos","Qu\u00e9 hacer en invierno"],"articleSection":["Destinos"],"inLanguage":"es","potentialAction":[{"@type":"CommentAction","name":"Comment","target":["https:\/\/www.escapadarural.com\/blog\/pueblos-mas-frios-de-espana\/#respond"]}]},{"@type":"WebPage","@id":"https:\/\/www.escapadarural.com\/blog\/pueblos-mas-frios-de-espana\/","url":"https:\/\/www.escapadarural.com\/blog\/pueblos-mas-frios-de-espana\/","name":"Los pueblos m\u00e1s fr\u00edos de Espa\u00f1a - EscapadaRural","isPartOf":{"@id":"https:\/\/www.escapadarural.com\/blog\/#website"},"primaryImageOfPage":{"@id":"https:\/\/www.escapadarural.com\/blog\/pueblos-mas-frios-de-espana\/#primaryimage"},"image":{"@id":"https:\/\/www.escapadarural.com\/blog\/pueblos-mas-frios-de-espana\/#primaryimage"},"thumbnailUrl":"https:\/\/www.escapadarural.com\/blog\/wp-content\/uploads\/2024\/12\/AdobeStock_406603434.webp","datePublished":"2024-12-22T04:46:00+00:00","dateModified":"2026-02-17T15:15:55+00:00","description":"Prepara la bufanda, los guantes y el gorro porque nos escapamos a los pueblos m\u00e1s fr\u00edos de Espa\u00f1a. \u00bfA qu\u00e9 esperas?","breadcrumb":{"@id":"https:\/\/www.escapadarural.com\/blog\/pueblos-mas-frios-de-espana\/#breadcrumb"},"inLanguage":"es","potentialAction":[{"@type":"ReadAction","target":["https:\/\/www.escapadarural.com\/blog\/pueblos-mas-frios-de-espana\/"]}]},{"@type":"ImageObject","inLanguage":"es","@id":"https:\/\/www.escapadarural.com\/blog\/pueblos-mas-frios-de-espana\/#primaryimage","url":"https:\/\/www.escapadarural.com\/blog\/wp-content\/uploads\/2024\/12\/AdobeStock_406603434.webp","contentUrl":"https:\/\/www.escapadarural.com\/blog\/wp-content\/uploads\/2024\/12\/AdobeStock_406603434.webp","width":1024,"height":592,"caption":"Por: Ernesto Sardina"},{"@type":"BreadcrumbList","@id":"https:\/\/www.escapadarural.com\/blog\/pueblos-mas-frios-de-espana\/#breadcrumb","itemListElement":[{"@type":"ListItem","position":1,"name":"Inicio","item":"https:\/\/www.escapadarural.com\/blog\/"},{"@type":"ListItem","position":2,"name":"Destinos","item":"https:\/\/www.escapadarural.com\/blog\/categoria\/destinos\/"},{"@type":"ListItem","position":3,"name":"Los 5 pueblos m\u00e1s fr\u00edos de Espa\u00f1a"}]},{"@type":"WebSite","@id":"https:\/\/www.escapadarural.com\/blog\/#website","url":"https:\/\/www.escapadarural.com\/blog\/","name":"Blog de viajes | turismo rural, alojamientos e inspiraci\u00f3n","description":"Alojamientos rurales e inspiraci\u00f3n para tus escapadas","publisher":{"@id":"https:\/\/www.escapadarural.com\/blog\/#organization"},"alternateName":"Magazine de viajes de EscapadaRural","potentialAction":[{"@type":"SearchAction","target":{"@type":"EntryPoint","urlTemplate":"https:\/\/www.escapadarural.com\/blog\/?s={search_term_string}"},"query-input":{"@type":"PropertyValueSpecification","valueRequired":true,"valueName":"search_term_string"}}],"inLanguage":"es"},{"@type":"Organization","@id":"https:\/\/www.escapadarural.com\/blog\/#organization","name":"EscapadaRural","url":"https:\/\/www.escapadarural.com\/blog\/","logo":{"@type":"ImageObject","inLanguage":"es","@id":"https:\/\/www.escapadarural.com\/blog\/#\/schema\/logo\/image\/","url":"https:\/\/www.escapadarural.com\/blog\/wp-content\/uploads\/2024\/10\/cropped-cropped-escapada-rural-icon-mag-3.png","contentUrl":"https:\/\/www.escapadarural.com\/blog\/wp-content\/uploads\/2024\/10\/cropped-cropped-escapada-rural-icon-mag-3.png","width":512,"height":512,"caption":"EscapadaRural"},"image":{"@id":"https:\/\/www.escapadarural.com\/blog\/#\/schema\/logo\/image\/"},"sameAs":["https:\/\/www.facebook.com\/escapadarural","https:\/\/www.instagram.com\/escapadarural\/","https:\/\/www.youtube.com\/@escapadaruralcom"]},{"@type":"Person","@id":"https:\/\/www.escapadarural.com\/blog\/#\/schema\/person\/3a79b504f208fd6cf3bb52c608e311f0","name":"Miryam Tejada","image":{"@type":"ImageObject","inLanguage":"es","@id":"https:\/\/www.escapadarural.com\/blog\/wp-content\/uploads\/2024\/12\/cropped-PXL_20240524_141044774.PORTRAIT.ORIGINAL-1-scaled-2-96x96.jpg","url":"https:\/\/www.escapadarural.com\/blog\/wp-content\/uploads\/2024\/12\/cropped-PXL_20240524_141044774.PORTRAIT.ORIGINAL-1-scaled-2-96x96.jpg","contentUrl":"https:\/\/www.escapadarural.com\/blog\/wp-content\/uploads\/2024\/12\/cropped-PXL_20240524_141044774.PORTRAIT.ORIGINAL-1-scaled-2-96x96.jpg","caption":"Miryam Tejada"},"description":"Mi t\u00edtulo universitario dice que soy licenciada en periodismo, pero realmente soy una todoterreno a la que le pill\u00f3 la transici\u00f3n del mundo anal\u00f3gico al digital de pleno. Es decir, soy millennial, y eso lo que conlleva, seg\u00fan las habladur\u00edas, es que me dejo llevar y priorizo mi bienestar. O lo que es lo mismo, soy una apasionada de los viajes y las experiencias, del simple hecho de tomar unas cervezas entre amigas, organizar una buena comilona en la sociedad con sobremesa larga incluida o pasar las tardes en el parque con mis gemelos.","url":"https:\/\/www.escapadarural.com\/blog\/autor\/miryam\/"}]}},"_links":{"self":[{"href":"https:\/\/www.escapadarural.com\/blog\/wp-json\/wp\/v2\/posts\/185447","targetHints":{"allow":["GET"]}}],"collection":[{"href":"https:\/\/www.escapadarural.com\/blog\/wp-json\/wp\/v2\/posts"}],"about":[{"href":"https:\/\/www.escapadarural.com\/blog\/wp-json\/wp\/v2\/types\/post"}],"author":[{"embeddable":true,"href":"https:\/\/www.escapadarural.com\/blog\/wp-json\/wp\/v2\/users\/98"}],"replies":[{"embeddable":true,"href":"https:\/\/www.escapadarural.com\/blog\/wp-json\/wp\/v2\/comments?post=185447"}],"version-history":[{"count":0,"href":"https:\/\/www.escapadarural.com\/blog\/wp-json\/wp\/v2\/posts\/185447\/revisions"}],"wp:featuredmedia":[{"embeddable":true,"href":"https:\/\/www.escapadarural.com\/blog\/wp-json\/wp\/v2\/media\/185453"}],"wp:attachment":[{"href":"https:\/\/www.escapadarural.com\/blog\/wp-json\/wp\/v2\/media?parent=185447"}],"wp:term":[{"taxonomy":"category","embeddable":true,"href":"https:\/\/www.escapadarural.com\/blog\/wp-json\/wp\/v2\/categories?post=185447"},{"taxonomy":"post_tag","embeddable":true,"href":"https:\/\/www.escapadarural.com\/blog\/wp-json\/wp\/v2\/tags?post=185447"}],"curies":[{"name":"wp","href":"https:\/\/api.w.org\/{rel}","templated":true}]}}