{"id":185844,"date":"2025-01-18T08:00:00","date_gmt":"2025-01-18T06:00:00","guid":{"rendered":"https:\/\/www.escapadarural.com\/blog\/?p=185844"},"modified":"2025-02-18T17:49:35","modified_gmt":"2025-02-18T15:49:35","slug":"museo-al-aire-libre-montenmedio","status":"publish","type":"post","link":"https:\/\/www.escapadarural.com\/blog\/fundacion-montenmedio-contemporanea-cadiz\/","title":{"rendered":"El museo al aire libre \u00absite-specific\u00bb de C\u00e1diz"},"content":{"rendered":"\n<figure class=\"wp-block-image size-full is-resized\"><img loading=\"lazy\" decoding=\"async\" width=\"842\" height=\"595\" src=\"https:\/\/www.escapadarural.com\/blog\/wp-content\/uploads\/2024\/12\/Marina-Abramovic.-El-heroe-2001.jpg\" alt=\"El h\u00e9roe, obra de Marina Abramovi\u0107 en el museo al aire libre de la Fundaci\u00f3n Montenmedio Contempor\u00e1nea\" class=\"wp-image-185847\" style=\"width:1200px;height:auto\" srcset=\"https:\/\/www.escapadarural.com\/blog\/wp-content\/uploads\/2024\/12\/Marina-Abramovic.-El-heroe-2001-200x141.jpg 200w, https:\/\/www.escapadarural.com\/blog\/wp-content\/uploads\/2024\/12\/Marina-Abramovic.-El-heroe-2001-300x212.jpg 300w, https:\/\/www.escapadarural.com\/blog\/wp-content\/uploads\/2024\/12\/Marina-Abramovic.-El-heroe-2001-400x283.jpg 400w, https:\/\/www.escapadarural.com\/blog\/wp-content\/uploads\/2024\/12\/Marina-Abramovic.-El-heroe-2001-600x424.jpg 600w, https:\/\/www.escapadarural.com\/blog\/wp-content\/uploads\/2024\/12\/Marina-Abramovic.-El-heroe-2001-768x543.jpg 768w, https:\/\/www.escapadarural.com\/blog\/wp-content\/uploads\/2024\/12\/Marina-Abramovic.-El-heroe-2001-800x565.jpg 800w, https:\/\/www.escapadarural.com\/blog\/wp-content\/uploads\/2024\/12\/Marina-Abramovic.-El-heroe-2001.jpg 842w\" sizes=\"auto, (max-width: 842px) 100vw, 842px\" \/><figcaption class=\"wp-element-caption\">El h\u00e9roe, obra de Marina Abramovi\u0107 en el museo al aire libre de la Fundaci\u00f3n Montenmedio Contempor\u00e1nea. Por Fundaci\u00f3n Montenmedio Contempor\u00e1nea<\/figcaption><\/figure>\n\n\n\n<p>\u00bfQui\u00e9n se iba a imaginar que el pinar mediterr\u00e1neo de la dehesa de Montenmedio acoge un buen n\u00famero de <strong>obras de arte \u2018site-specific\u2019<\/strong>? Este t\u00e9rmino hace referencia a los <strong>trabajos art\u00edsticos que han sido dise\u00f1ados para ocupar un lugar<\/strong> en concreto y as\u00ed dialogar con \u00e9l. Y de eso se ha encargado la Fundaci\u00f3n Montenmedio Contempor\u00e1nea, que ha aprovechado su espacio en <a href=\"\/casas-rurales\/vejer-de-la-frontera\">Vejer de la Frontera<\/a>, C\u00e1diz, para acoger los trabajos de creadores de la talla de Marina Abramovi\u0107 (ganadora del Premio Princesa de Asturias de las artes en 2021), Pilar Albarrac\u00edn o Shen Yuan.&nbsp;<\/p>\n\n\n\n<p>Roc\u00edo Guti\u00e9rrez, directora del <a href=\"https:\/\/fundacionnmac.org\/es\/\" target=\"_blank\" rel=\"noreferrer noopener nofollow\">organismo<\/a>, explica a EscapadaRural que la Fundaci\u00f3n Montenmedio Contempor\u00e1nea <strong>se cre\u00f3 en el a\u00f1o 2001<\/strong>. Es una iniciativa de la familia Bl\u00e1zquez de C\u00e1diz, que es coleccionista de arte. En concreto, el patronato lo forman Antonio Bl\u00e1zquez, Mate Abascal y Teresa Bl\u00e1zquez, as\u00ed como la presidencia de la Diputaci\u00f3n de C\u00e1diz y los alcaldes de Barbate y Vejer de la Frontera, Mar\u00eda de Corral y Augusto Delk\u00e1der. Es decir, un buen n\u00famero de personas se esfuerzan para que este <strong>museo al aire libre se mantenga y crezca con salud<\/strong>.<\/p>\n\n\n\n<div class=\"wp-block-buttons is-layout-flex wp-block-buttons-is-layout-flex\">\n<div class=\"wp-block-button\"><a class=\"wp-block-button__link wp-element-button\" href=\"\/casas-rurales\/cadiz\">Alojamientos rurales en C\u00e1diz<\/a><\/div>\n<\/div>\n\n\n\n<figure class=\"wp-block-image size-full\"><img loading=\"lazy\" decoding=\"async\" width=\"842\" height=\"595\" src=\"https:\/\/www.escapadarural.com\/blog\/wp-content\/uploads\/2024\/12\/Shen-Yuan.-Puente-2004.jpg\" alt=\"El puente, obra de Shen Yuan en la Fundaci\u00f3n Montenmedio Contempor\u00e1nea\" class=\"wp-image-185848\" srcset=\"https:\/\/www.escapadarural.com\/blog\/wp-content\/uploads\/2024\/12\/Shen-Yuan.-Puente-2004-200x141.jpg 200w, https:\/\/www.escapadarural.com\/blog\/wp-content\/uploads\/2024\/12\/Shen-Yuan.-Puente-2004-300x212.jpg 300w, https:\/\/www.escapadarural.com\/blog\/wp-content\/uploads\/2024\/12\/Shen-Yuan.-Puente-2004-400x283.jpg 400w, https:\/\/www.escapadarural.com\/blog\/wp-content\/uploads\/2024\/12\/Shen-Yuan.-Puente-2004-600x424.jpg 600w, https:\/\/www.escapadarural.com\/blog\/wp-content\/uploads\/2024\/12\/Shen-Yuan.-Puente-2004-768x543.jpg 768w, https:\/\/www.escapadarural.com\/blog\/wp-content\/uploads\/2024\/12\/Shen-Yuan.-Puente-2004-800x565.jpg 800w, https:\/\/www.escapadarural.com\/blog\/wp-content\/uploads\/2024\/12\/Shen-Yuan.-Puente-2004.jpg 842w\" sizes=\"auto, (max-width: 842px) 100vw, 842px\" \/><figcaption class=\"wp-element-caption\">El puente, obra de Shen Yuan. Por Fundaci\u00f3n Montenmedio Contempor\u00e1nea<\/figcaption><\/figure>\n\n\n\n<p>\u201cEste proyecto fue concebido como un museo mediador, con el compromiso de apoyar a los creadores contempor\u00e1neos en proyectos espec\u00edficos que fomenten el di\u00e1logo y el entendimiento de la sociedad a trav\u00e9s del arte\u201d, sostiene Roc\u00edo Gutierrez. La colecci\u00f3n est\u00e1 integrada por <strong>m\u00e1s de 40 proyectos \u2018site specific\u2019<\/strong> firmados por artistas nacionales e internacionales como Susana Solano, Marina Abramovi\u0107, Adel Abdessemed, Pilar Albarrac\u00edn, Cristina Lucas, Fernando S\u00e1nchez Castillo, Maja Bajevic, Maurizio Cattelan, Sol Lewitt y James Turrell, entre muchos otros.<\/p>\n\n\n\n<h2 class=\"wp-block-heading\" id=\"h-el-espacio-de-la-fundacion-montenmedio-contemporanea\">El espacio de la Fundaci\u00f3n Montenmedio Contempor\u00e1nea<\/h2>\n\n\n\n<p><strong>El emplazamiento surgi\u00f3 de una b\u00fasqueda de Antonio Bl\u00e1zquez<\/strong>, que quer\u00eda encontrar un lugar en el que instalarse con sus seres queridos y, a la vez, emprender nuevos proyectos. Precisamente, este espacio se encontraba de venta al p\u00fablico y se hizo con \u00e9l. Su primer paso fue, como dice Guti\u00e9rrez: \u201cCrear un espacio de arte contempor\u00e1neo para que la ciudadan\u00eda de la provincia pudiese disfrutar de un <strong>centro cultural \u00fanico<\/strong> donde la vanguardia contempor\u00e1nea se uniera en perfecta armon\u00eda con el espacio natural colindante\u201d.<\/p>\n\n\n\n<figure class=\"wp-block-image size-full\"><img loading=\"lazy\" decoding=\"async\" width=\"842\" height=\"595\" src=\"https:\/\/www.escapadarural.com\/blog\/wp-content\/uploads\/2024\/12\/Gunilla-Bandolin.-Impresion-del-cielo-2001.jpg\" alt=\"Impresi\u00f3n del cielo, obra de Gunilla Bandolin en la Fundaci\u00f3n Montenmedio Contempor\u00e1nea\" class=\"wp-image-185849\" srcset=\"https:\/\/www.escapadarural.com\/blog\/wp-content\/uploads\/2024\/12\/Gunilla-Bandolin.-Impresion-del-cielo-2001-200x141.jpg 200w, https:\/\/www.escapadarural.com\/blog\/wp-content\/uploads\/2024\/12\/Gunilla-Bandolin.-Impresion-del-cielo-2001-300x212.jpg 300w, https:\/\/www.escapadarural.com\/blog\/wp-content\/uploads\/2024\/12\/Gunilla-Bandolin.-Impresion-del-cielo-2001-400x283.jpg 400w, https:\/\/www.escapadarural.com\/blog\/wp-content\/uploads\/2024\/12\/Gunilla-Bandolin.-Impresion-del-cielo-2001-600x424.jpg 600w, https:\/\/www.escapadarural.com\/blog\/wp-content\/uploads\/2024\/12\/Gunilla-Bandolin.-Impresion-del-cielo-2001-768x543.jpg 768w, https:\/\/www.escapadarural.com\/blog\/wp-content\/uploads\/2024\/12\/Gunilla-Bandolin.-Impresion-del-cielo-2001-800x565.jpg 800w, https:\/\/www.escapadarural.com\/blog\/wp-content\/uploads\/2024\/12\/Gunilla-Bandolin.-Impresion-del-cielo-2001.jpg 842w\" sizes=\"auto, (max-width: 842px) 100vw, 842px\" \/><figcaption class=\"wp-element-caption\">Impresi\u00f3n del cielo, obra de Gunilla Bandolin. Por Fundaci\u00f3n Montenmedio Contempor\u00e1nea<\/figcaption><\/figure>\n\n\n\n<p>Actualmente, la Fundaci\u00f3n Montenmedio Contempor\u00e1nea <strong>cuenta con 11 barracones que formaban un complejo militar<\/strong> que estaba abandonado desde la d\u00e9cada de los 70. <strong>Se empezaron a rehabilitar<\/strong> tres para instalar las oficinas y dos salas de v\u00eddeo en el a\u00f1o 2000. Los tres siguientes que se restauraron, en el 2002, acogen la biblioteca y los trabajos de Pilar Albarrac\u00edn, Marina Abramovi\u0107, Santiago Sierra, Cristina Lucas, as\u00ed como los dodecaedros de Olafur Eliasson.<\/p>\n\n\n\n<p>El artista chino Huang Yong Ping desarroll\u00f3 su obra <em>Hamman<\/em> en otro barrac\u00f3n en 2003 y Michael Lin habilit\u00f3 una oficina con puertas cil\u00edndricas que modificaron el espacio. En 2005, otros tres barracones se adaptaron para hacer un <strong>taller did\u00e1ctico destinado a los colegios<\/strong> que visiten la fundaci\u00f3n o espacios para los artistas residentes.&nbsp;<\/p>\n\n\n\n<figure class=\"wp-block-image size-full\"><img loading=\"lazy\" decoding=\"async\" width=\"842\" height=\"595\" src=\"https:\/\/www.escapadarural.com\/blog\/wp-content\/uploads\/2024\/12\/Olafur-Eliasson.-Pared-de-ladrillos-Quasi-2002.jpg\" alt=\"Pared de ladrillos, obra de Olafur Eliasson en la Fundaci\u00f3n Montenmedio Contempor\u00e1nea\" class=\"wp-image-185850\" srcset=\"https:\/\/www.escapadarural.com\/blog\/wp-content\/uploads\/2024\/12\/Olafur-Eliasson.-Pared-de-ladrillos-Quasi-2002-200x141.jpg 200w, https:\/\/www.escapadarural.com\/blog\/wp-content\/uploads\/2024\/12\/Olafur-Eliasson.-Pared-de-ladrillos-Quasi-2002-300x212.jpg 300w, https:\/\/www.escapadarural.com\/blog\/wp-content\/uploads\/2024\/12\/Olafur-Eliasson.-Pared-de-ladrillos-Quasi-2002-400x283.jpg 400w, https:\/\/www.escapadarural.com\/blog\/wp-content\/uploads\/2024\/12\/Olafur-Eliasson.-Pared-de-ladrillos-Quasi-2002-600x424.jpg 600w, https:\/\/www.escapadarural.com\/blog\/wp-content\/uploads\/2024\/12\/Olafur-Eliasson.-Pared-de-ladrillos-Quasi-2002-768x543.jpg 768w, https:\/\/www.escapadarural.com\/blog\/wp-content\/uploads\/2024\/12\/Olafur-Eliasson.-Pared-de-ladrillos-Quasi-2002-800x565.jpg 800w, https:\/\/www.escapadarural.com\/blog\/wp-content\/uploads\/2024\/12\/Olafur-Eliasson.-Pared-de-ladrillos-Quasi-2002.jpg 842w\" sizes=\"auto, (max-width: 842px) 100vw, 842px\" \/><figcaption class=\"wp-element-caption\">Pared de ladrillos, obra de Olafur Eliasson en el museo al aire libre de la Fundaci\u00f3n Montenmedio Contempor\u00e1nea. Fundaci\u00f3n Montenmedio Contempor\u00e1nea<\/figcaption><\/figure>\n\n\n\n<p>Una de las referencias m\u00e1s reconocidas del museo es la <strong>secuencia lum\u00ednica de James Turrell, \u00fanica en Espa\u00f1a<\/strong>, que forma parte de la obra <em>Second Wind 2005<\/em>. Seg\u00fan se explica en la web: \u201cLos visitantes tendr\u00e1n una experiencia inmersiva a trav\u00e9s de la luz en una de las obras m\u00e1s ic\u00f3nicas de la fundaci\u00f3n\u201d. Como poco, la sinopsis genera curiosidad.<\/p>\n\n\n\n<h2 class=\"wp-block-heading\" id=\"h-los-artistas-invitados-y-sus-admiradores\">Los artistas invitados y sus admiradores<\/h2>\n\n\n\n<figure class=\"wp-block-image size-full\"><img loading=\"lazy\" decoding=\"async\" width=\"842\" height=\"595\" src=\"https:\/\/www.escapadarural.com\/blog\/wp-content\/uploads\/2024\/12\/Michael-Lin.-Pasaje-de-jardin-2003.jpg\" alt=\"Paisaje de jard\u00edn, obra de Michael Lin en la Fundaci\u00f3n Montenmedio Contempor\u00e1nea\" class=\"wp-image-185853\" srcset=\"https:\/\/www.escapadarural.com\/blog\/wp-content\/uploads\/2024\/12\/Michael-Lin.-Pasaje-de-jardin-2003-200x141.jpg 200w, https:\/\/www.escapadarural.com\/blog\/wp-content\/uploads\/2024\/12\/Michael-Lin.-Pasaje-de-jardin-2003-300x212.jpg 300w, https:\/\/www.escapadarural.com\/blog\/wp-content\/uploads\/2024\/12\/Michael-Lin.-Pasaje-de-jardin-2003-400x283.jpg 400w, https:\/\/www.escapadarural.com\/blog\/wp-content\/uploads\/2024\/12\/Michael-Lin.-Pasaje-de-jardin-2003-600x424.jpg 600w, https:\/\/www.escapadarural.com\/blog\/wp-content\/uploads\/2024\/12\/Michael-Lin.-Pasaje-de-jardin-2003-768x543.jpg 768w, https:\/\/www.escapadarural.com\/blog\/wp-content\/uploads\/2024\/12\/Michael-Lin.-Pasaje-de-jardin-2003-800x565.jpg 800w, https:\/\/www.escapadarural.com\/blog\/wp-content\/uploads\/2024\/12\/Michael-Lin.-Pasaje-de-jardin-2003.jpg 842w\" sizes=\"auto, (max-width: 842px) 100vw, 842px\" \/><figcaption class=\"wp-element-caption\">Paisaje de jard\u00edn, obra de Michael Lin. Por Fundaci\u00f3n Montenmedio Contempor\u00e1nea<\/figcaption><\/figure>\n\n\n\n<p>\u00bfC\u00f3mo llegaron esos grandes nombres a este rinc\u00f3n del sur de la pen\u00ednsula ib\u00e9rica? Fue idea de Jimena Bl\u00e1zquez que, en la \u00e9poca en la que se puso en marcha este proyecto, era la directora del mismo. Por aquel entonces, estos artistas consagrados a\u00fan estaban en proceso de <strong>construcci\u00f3n de su fama<\/strong> y a todos les atrajo la propuesta de realizar un trabajo \u2018site-specific\u2019.<\/p>\n\n\n\n<p>\u201cTodas las obras son ideadas para el lugar por los artistas que son invitados, la luz que tenemos en la zona, la idiosincrasia del lugar, la cultura\u2026todos esos elementos son determinantes a la hora de hacer un proyecto para el lugar\u201d, declara Roc\u00edo Guti\u00e9rrez. \u201cLa principal condici\u00f3n para que se produzcan las obras en el espacio es que sean <strong>proyectos \u00fanicos y concebidos en este espacio<\/strong>\u201d.<\/p>\n\n\n\n<figure class=\"wp-block-image size-full\"><img loading=\"lazy\" decoding=\"async\" width=\"842\" height=\"595\" src=\"https:\/\/www.escapadarural.com\/blog\/wp-content\/uploads\/2024\/12\/Marina-Abramovic.-Nidos-Humanos-2001.jpg\" alt=\"Nidos humanos, obra de Marina Abramovi\u0107 en la Fundaci\u00f3n Montenmedio Contempor\u00e1nea\" class=\"wp-image-185851\" srcset=\"https:\/\/www.escapadarural.com\/blog\/wp-content\/uploads\/2024\/12\/Marina-Abramovic.-Nidos-Humanos-2001-200x141.jpg 200w, https:\/\/www.escapadarural.com\/blog\/wp-content\/uploads\/2024\/12\/Marina-Abramovic.-Nidos-Humanos-2001-300x212.jpg 300w, https:\/\/www.escapadarural.com\/blog\/wp-content\/uploads\/2024\/12\/Marina-Abramovic.-Nidos-Humanos-2001-400x283.jpg 400w, https:\/\/www.escapadarural.com\/blog\/wp-content\/uploads\/2024\/12\/Marina-Abramovic.-Nidos-Humanos-2001-600x424.jpg 600w, https:\/\/www.escapadarural.com\/blog\/wp-content\/uploads\/2024\/12\/Marina-Abramovic.-Nidos-Humanos-2001-768x543.jpg 768w, https:\/\/www.escapadarural.com\/blog\/wp-content\/uploads\/2024\/12\/Marina-Abramovic.-Nidos-Humanos-2001-800x565.jpg 800w, https:\/\/www.escapadarural.com\/blog\/wp-content\/uploads\/2024\/12\/Marina-Abramovic.-Nidos-Humanos-2001.jpg 842w\" sizes=\"auto, (max-width: 842px) 100vw, 842px\" \/><figcaption class=\"wp-element-caption\">Nidos humanos, obra de Marina Abramovi\u0107 en el museo al aire libre de C\u00e1diz. Por Fundaci\u00f3n Montenmedio Contempor\u00e1nea<\/figcaption><\/figure>\n\n\n\n<p>Otra gran pregunta es qui\u00e9n se acerca hasta la fundaci\u00f3n para admirar de cerca estos elementos. \u00bfSolo acuden interesados en el arte? \u00bfHay turistas despistados que de pronto se encuentran con un museo al aire libre? <strong>\u00bfSon los vecinos de la zona conscientes de la importancia de las instalaciones que tienen al lado de sus casas?<\/strong> Las respuestas son todas afirmativas.<\/p>\n\n\n\n<p>\u201cEl <strong>perfil del visitante es muy variado<\/strong>. Los estudiantes y escolares que vienen para participar en nuestro programa did\u00e1ctico apoyado por la Diputaci\u00f3n de C\u00e1diz son muy numerosos\u201d, comenta la directora, \u201cdurante el oto\u00f1o e invierno son muchos los visitantes extranjeros que vienen interesados por el arte y por la colecci\u00f3n que tenemos. Adem\u00e1s, durante los fines de semana se acercan visitantes de la provincia tambi\u00e9n interesados por la colecci\u00f3n\u201d. Los turistas que veranean en pueblos como Vejer de la Frontera o Barbate, generalmente interesados por el sol y la playa, tambi\u00e9n se dejan ver por la fundaci\u00f3n los d\u00edas que les apetece cambiar de postal. No todo va a ser tumbona y chiringuito (aunque tambi\u00e9n).&nbsp;<\/p>\n\n\n\n<figure class=\"wp-block-image size-full\"><img loading=\"lazy\" decoding=\"async\" width=\"709\" height=\"709\" src=\"https:\/\/www.escapadarural.com\/blog\/wp-content\/uploads\/2024\/12\/12ACTIVIDADES-MONTENMEDIO-CONTEMPORANEA.jpg\" alt=\"Colegiales de visita en la Fundaci\u00f3n Montenmedio Contempor\u00e1nea\" class=\"wp-image-185852\" srcset=\"https:\/\/www.escapadarural.com\/blog\/wp-content\/uploads\/2024\/12\/12ACTIVIDADES-MONTENMEDIO-CONTEMPORANEA-66x66.jpg 66w, https:\/\/www.escapadarural.com\/blog\/wp-content\/uploads\/2024\/12\/12ACTIVIDADES-MONTENMEDIO-CONTEMPORANEA-150x150.jpg 150w, https:\/\/www.escapadarural.com\/blog\/wp-content\/uploads\/2024\/12\/12ACTIVIDADES-MONTENMEDIO-CONTEMPORANEA-200x200.jpg 200w, https:\/\/www.escapadarural.com\/blog\/wp-content\/uploads\/2024\/12\/12ACTIVIDADES-MONTENMEDIO-CONTEMPORANEA-300x300.jpg 300w, https:\/\/www.escapadarural.com\/blog\/wp-content\/uploads\/2024\/12\/12ACTIVIDADES-MONTENMEDIO-CONTEMPORANEA-400x400.jpg 400w, https:\/\/www.escapadarural.com\/blog\/wp-content\/uploads\/2024\/12\/12ACTIVIDADES-MONTENMEDIO-CONTEMPORANEA-600x600.jpg 600w, https:\/\/www.escapadarural.com\/blog\/wp-content\/uploads\/2024\/12\/12ACTIVIDADES-MONTENMEDIO-CONTEMPORANEA.jpg 709w\" sizes=\"auto, (max-width: 709px) 100vw, 709px\" \/><figcaption class=\"wp-element-caption\">Colegiales de visita en el museo al aire libre de la Fundaci\u00f3n Montenmedio Contempor\u00e1nea. Por Fundaci\u00f3n Montenmedio Contempor\u00e1nea<\/figcaption><\/figure>\n\n\n\n<p>Como <strong>la cifra de visitantes aumenta cada a\u00f1o<\/strong>, el plan de Roc\u00edo Guti\u00e9rrez pasa por mantener lo que han conseguido hasta ahora, con la misma l\u00ednea de trabajo. Acaba de cumplir un a\u00f1o en su puesto y tambi\u00e9n tiene nuevas ideas para el futuro de la fundaci\u00f3n: \u201cQuiero potenciar las actividades culturales paralelas a la colecci\u00f3n permanente, difundir a\u00fan m\u00e1s el departamento educativo y dar cabida a artistas andaluces en nuevos proyectos para 2025\u201d, adelanta. Sin duda, ser\u00e1 digno de recibir una visita.<\/p>\n\n\n\n<h2 class=\"wp-block-heading\" id=\"h-articulos-relacionados\">Art\u00edculos relacionados:<\/h2>\n\n\n<section class=\"wp-block-ub-post-grid ub-block-post-grid align  is-equal-height preserve-post-image-aspect-ratio\" style=\"\" id=\"ub-post-grid-\"><div class=\"ub-post-grid-items is-list\" style=\"row-gap: 32px; column-gap: 32px; \"><article id=\"post-203679\" class=\"ub-post-grid-item post-203679 post type-post status-publish format-standard has-post-thumbnail hentry category-destinos tag-que-ver-en-asturias tag-familia tag-lluvia tag-luarca tag-museos tag-planes\" style=\"\"><div class=\"ub-block-post-grid-image\" style=\"\"><a href=\"https:\/\/www.escapadarural.com\/blog\/que-hacer-en-asturias-si-llueve\/\" rel=\"bookmark\" aria-hidden=\"true\" tabindex=\"-1\"><img loading=\"lazy\" decoding=\"async\" width=\"1200\" height=\"798\" src=\"https:\/\/www.escapadarural.com\/blog\/wp-content\/uploads\/2025\/08\/AdobeStock_26075152-scaled-e1756485330351.webp\" class=\"attachment-full size-full\" alt=\"Tormenta en Asturias Por sr_avispa\" style=\"max-width: 600px; \"><\/a><\/div><div class=\"ub-block-post-grid-text\" style=\"\"><div class=\"ub-block-post-grid-header-content\"><header class=\"ub-block-post-grid-header\"><h2 class=\"ub-block-post-grid-title\"><a style=\"\" href=\"https:\/\/www.escapadarural.com\/blog\/que-hacer-en-asturias-si-llueve\/\" rel=\"bookmark\">6 planes para hacer en Asturias si llueve<\/a><\/h2><div class=\"ub-block-post-grid-author\" itemprop=\"author\"><a class=\"ub-text-link\" style=\"\" href=\"https:\/\/www.escapadarural.com\/blog\/autor\/carmenlopez\/\" itemprop=\"url\" rel=\"author\"><span itemprop=\"name\">Carmen L\u00f3pez<\/span><\/a><\/div><time datetime=\"2025-08-30T08:55:00+02:00\" class=\"ub-block-post-grid-date\" style=\"\" itemprop=\"datePublished\">30 de agosto de 2025<\/time><\/header><\/div><div class=\"ub-block-post-grid-excerpt\"><div class=\"ub-block-post-grid-excerpt-text\" style=\"\"><p>El verde de los montes de Asturias se mantiene gracias a la lluvia. Estos son algunos planes que puedes hacer si te toca uno de esos d\u00edas lluviosos. <\/p>\n<\/div><\/div><\/div><\/article>\n<article id=\"post-42219\" class=\"ub-post-grid-item post-42219 post type-post status-publish format-standard has-post-thumbnail hentry category-arte-y-cultura tag-coll-de-nargo tag-colunga tag-dinosaurios tag-enciso tag-familia tag-listado tag-murero tag-museo-jurasico tag-museos tag-paleoturismo tag-tierras-altas-de-soria tag-yacimientos\" style=\"\"><div class=\"ub-block-post-grid-image\" style=\"\"><a href=\"https:\/\/www.escapadarural.com\/blog\/paleoturismo-algunos-destinos-para-amantes-de-los-dinosaurios-en-espana\/\" rel=\"bookmark\" aria-hidden=\"true\" tabindex=\"-1\"><img loading=\"lazy\" decoding=\"async\" width=\"1024\" height=\"768\" src=\"https:\/\/www.escapadarural.com\/blog\/wp-content\/uploads\/2021\/09\/MUJA_01-1.jpg.webp\" class=\"attachment-full size-full\" alt=\"Museo Jur\u00e1sico de Asturias en Colunga\" style=\"max-width: 600px; \" srcset=\"https:\/\/www.escapadarural.com\/blog\/wp-content\/uploads\/2021\/09\/MUJA_01-1.jpg-200x150.webp 200w, https:\/\/www.escapadarural.com\/blog\/wp-content\/uploads\/2021\/09\/MUJA_01-1.jpg-300x225.webp 300w, https:\/\/www.escapadarural.com\/blog\/wp-content\/uploads\/2021\/09\/MUJA_01-1.jpg-400x300.webp 400w, https:\/\/www.escapadarural.com\/blog\/wp-content\/uploads\/2021\/09\/MUJA_01-1.jpg-600x450.webp 600w, https:\/\/www.escapadarural.com\/blog\/wp-content\/uploads\/2021\/09\/MUJA_01-1.jpg-768x576.webp 768w, https:\/\/www.escapadarural.com\/blog\/wp-content\/uploads\/2021\/09\/MUJA_01-1.jpg-800x600.webp 800w, https:\/\/www.escapadarural.com\/blog\/wp-content\/uploads\/2021\/09\/MUJA_01-1.jpg.webp 1024w\" sizes=\"auto, (max-width: 1024px) 100vw, 1024px\"><\/a><\/div><div class=\"ub-block-post-grid-text\" style=\"\"><div class=\"ub-block-post-grid-header-content\"><header class=\"ub-block-post-grid-header\"><h2 class=\"ub-block-post-grid-title\"><a style=\"\" href=\"https:\/\/www.escapadarural.com\/blog\/paleoturismo-algunos-destinos-para-amantes-de-los-dinosaurios-en-espana\/\" rel=\"bookmark\">Solo para fans de Jurassic Park: los lugares de Espa\u00f1a que tienes que visitar s\u00ed o s\u00ed<\/a><\/h2><div class=\"ub-block-post-grid-author\" itemprop=\"author\"><a class=\"ub-text-link\" style=\"\" href=\"https:\/\/www.escapadarural.com\/blog\/autor\/carmenlopez\/\" itemprop=\"url\" rel=\"author\"><span itemprop=\"name\">Carmen L\u00f3pez<\/span><\/a><\/div><time datetime=\"2025-07-07T11:39:09+02:00\" class=\"ub-block-post-grid-date\" style=\"\" itemprop=\"datePublished\">7 de julio de 2025<\/time><\/header><\/div><div class=\"ub-block-post-grid-excerpt\"><div class=\"ub-block-post-grid-excerpt-text\" style=\"\"><p>En Espa\u00f1a los paleont\u00f3logos han tenido trabajo. En diferentes puntos del pa\u00eds se han encontrado restos \u00f3seos y pisadas de dinosaurios, f\u00f3siles de trilobites o recuerdos de la flora que dio vida a este planeta antes de que el ser humano fuese siquiera un proyecto. Muchos de esos yacimientos se pueden visitar e incluso alguno de ellos ofrece actividades especialmente dirigidas a ni\u00f1os<\/p>\n<\/div><\/div><\/div><\/article>\n<article id=\"post-203353\" class=\"ub-post-grid-item post-203353 post type-post status-publish format-standard has-post-thumbnail hentry category-arte-y-cultura category-destinos tag-que-ver-en-alicante tag-que-ver-en-la-comunidad-valenciana tag-el-castell-de-guadalest tag-museos tag-pueblo\" style=\"\"><div class=\"ub-block-post-grid-image\" style=\"\"><a href=\"https:\/\/www.escapadarural.com\/blog\/el-castell-de-guadalest-museos\/\" rel=\"bookmark\" aria-hidden=\"true\" tabindex=\"-1\"><img loading=\"lazy\" decoding=\"async\" width=\"2048\" height=\"829\" src=\"https:\/\/www.escapadarural.com\/blog\/wp-content\/uploads\/2025\/06\/Guadalest-Panoramicas08-scaled.webp\" class=\"attachment-full size-full\" alt=\"El Castell de Guadalest. Cortes\u00eda de la oficina de turismo de El Castell de Guadalest.\" style=\"max-width: 600px; \" srcset=\"https:\/\/www.escapadarural.com\/blog\/wp-content\/uploads\/2025\/06\/Guadalest-Panoramicas08-200x81.webp 200w, https:\/\/www.escapadarural.com\/blog\/wp-content\/uploads\/2025\/06\/Guadalest-Panoramicas08-300x121.webp 300w, https:\/\/www.escapadarural.com\/blog\/wp-content\/uploads\/2025\/06\/Guadalest-Panoramicas08-400x162.webp 400w, https:\/\/www.escapadarural.com\/blog\/wp-content\/uploads\/2025\/06\/Guadalest-Panoramicas08-600x243.webp 600w, https:\/\/www.escapadarural.com\/blog\/wp-content\/uploads\/2025\/06\/Guadalest-Panoramicas08-669x272.webp 669w, https:\/\/www.escapadarural.com\/blog\/wp-content\/uploads\/2025\/06\/Guadalest-Panoramicas08-768x311.webp 768w, https:\/\/www.escapadarural.com\/blog\/wp-content\/uploads\/2025\/06\/Guadalest-Panoramicas08-800x324.webp 800w, https:\/\/www.escapadarural.com\/blog\/wp-content\/uploads\/2025\/06\/Guadalest-Panoramicas08-1024x414.webp 1024w, https:\/\/www.escapadarural.com\/blog\/wp-content\/uploads\/2025\/06\/Guadalest-Panoramicas08-1200x485.webp 1200w, https:\/\/www.escapadarural.com\/blog\/wp-content\/uploads\/2025\/06\/Guadalest-Panoramicas08-1536x621.webp 1536w, https:\/\/www.escapadarural.com\/blog\/wp-content\/uploads\/2025\/06\/Guadalest-Panoramicas08-scaled.webp 2048w\" sizes=\"auto, (max-width: 2048px) 100vw, 2048px\"><\/a><\/div><div class=\"ub-block-post-grid-text\" style=\"\"><div class=\"ub-block-post-grid-header-content\"><header class=\"ub-block-post-grid-header\"><h2 class=\"ub-block-post-grid-title\"><a style=\"\" href=\"https:\/\/www.escapadarural.com\/blog\/el-castell-de-guadalest-museos\/\" rel=\"bookmark\">Nadie esperaba encontrar los museos m\u00e1s raros del mundo en un pueblo alicantino de 282 habitantes<\/a><\/h2><div class=\"ub-block-post-grid-author\" itemprop=\"author\"><a class=\"ub-text-link\" style=\"\" href=\"https:\/\/www.escapadarural.com\/blog\/autor\/carmenlopez\/\" itemprop=\"url\" rel=\"author\"><span itemprop=\"name\">Carmen L\u00f3pez<\/span><\/a><\/div><time datetime=\"2025-06-28T07:55:00+02:00\" class=\"ub-block-post-grid-date\" style=\"\" itemprop=\"datePublished\">28 de junio de 2025<\/time><\/header><\/div><div class=\"ub-block-post-grid-excerpt\"><div class=\"ub-block-post-grid-excerpt-text\" style=\"\"><p>El Castell de Guadalest es un pueblo de 282 habitantes en el que se emplazan ocho de los museos m\u00e1s curiosos de Espa\u00f1a. A 30 kil\u00f3metros de la costa y con un embalse perfecto para los chapuzones veraniegos, es el destino ideal para combinar cultura y naturaleza<\/p>\n<\/div><\/div><\/div><\/article>\n<article id=\"post-199200\" class=\"ub-post-grid-item post-199200 post type-post status-publish format-standard has-post-thumbnail hentry category-destinos tag-baiona tag-que-ver-en-galicia tag-historia tag-museos tag-que-ver-en-pontevedra\" style=\"\"><div class=\"ub-block-post-grid-image\" style=\"\"><a href=\"https:\/\/www.escapadarural.com\/blog\/baiona-descubrimiento-america\/\" rel=\"bookmark\" aria-hidden=\"true\" tabindex=\"-1\"><img loading=\"lazy\" decoding=\"async\" width=\"1024\" height=\"683\" src=\"https:\/\/www.escapadarural.com\/blog\/wp-content\/uploads\/2025\/04\/AdobeStock_180512539-1.webp\" class=\"attachment-full size-full\" alt=\"Vista de Baiona (Pontevedra), desde la fortaleza. Por acongar\" style=\"max-width: 600px; \" srcset=\"https:\/\/www.escapadarural.com\/blog\/wp-content\/uploads\/2025\/04\/AdobeStock_180512539-1-200x133.webp 200w, https:\/\/www.escapadarural.com\/blog\/wp-content\/uploads\/2025\/04\/AdobeStock_180512539-1-300x200.webp 300w, https:\/\/www.escapadarural.com\/blog\/wp-content\/uploads\/2025\/04\/AdobeStock_180512539-1-400x267.webp 400w, https:\/\/www.escapadarural.com\/blog\/wp-content\/uploads\/2025\/04\/AdobeStock_180512539-1-600x400.webp 600w, https:\/\/www.escapadarural.com\/blog\/wp-content\/uploads\/2025\/04\/AdobeStock_180512539-1-768x512.webp 768w, https:\/\/www.escapadarural.com\/blog\/wp-content\/uploads\/2025\/04\/AdobeStock_180512539-1-800x534.webp 800w, https:\/\/www.escapadarural.com\/blog\/wp-content\/uploads\/2025\/04\/AdobeStock_180512539-1.webp 1024w\" sizes=\"auto, (max-width: 1024px) 100vw, 1024px\"><\/a><\/div><div class=\"ub-block-post-grid-text\" style=\"\"><div class=\"ub-block-post-grid-header-content\"><header class=\"ub-block-post-grid-header\"><h2 class=\"ub-block-post-grid-title\"><a style=\"\" href=\"https:\/\/www.escapadarural.com\/blog\/baiona-descubrimiento-america\/\" rel=\"bookmark\">El primer pueblo de Europa que supo que Am\u00e9rica exist\u00eda est\u00e1 en Galicia<\/a><\/h2><div class=\"ub-block-post-grid-author\" itemprop=\"author\"><a class=\"ub-text-link\" style=\"\" href=\"https:\/\/www.escapadarural.com\/blog\/autor\/raquel\/\" itemprop=\"url\" rel=\"author\"><span itemprop=\"name\">Raquel Andr\u00e9s<\/span><\/a><\/div><time datetime=\"2025-06-12T08:00:00+02:00\" class=\"ub-block-post-grid-date\" style=\"\" itemprop=\"datePublished\">12 de junio de 2025<\/time><\/header><\/div><div class=\"ub-block-post-grid-excerpt\"><div class=\"ub-block-post-grid-excerpt-text\" style=\"\"><p>La primera noticia que lleg\u00f3 del llamado \u00abNuevo Continente\u00bb fue en el pueblo de Baiona, en Pontevedra. La Ruta Pinzoniana sigue este hito<\/p>\n<\/div><\/div><\/div><\/article>\n<article id=\"post-197971\" class=\"ub-post-grid-item post-197971 post type-post status-publish format-standard has-post-thumbnail hentry category-arte-y-cultura tag-que-ver-en-leon tag-museos tag-primavera\" style=\"\"><div class=\"ub-block-post-grid-image\" style=\"\"><a href=\"https:\/\/www.escapadarural.com\/blog\/turismo-industrial-por-leon\/\" rel=\"bookmark\" aria-hidden=\"true\" tabindex=\"-1\"><img loading=\"lazy\" decoding=\"async\" width=\"1024\" height=\"682\" src=\"https:\/\/www.escapadarural.com\/blog\/wp-content\/uploads\/2025\/03\/AdobeStock_151544469.webp\" class=\"attachment-full size-full\" alt=\"Antigua locomotora de vapor para el transporte de carb\u00f3n, turismo industrial en Le\u00f3n\" style=\"max-width: 600px; \" srcset=\"https:\/\/www.escapadarural.com\/blog\/wp-content\/uploads\/2025\/03\/AdobeStock_151544469-200x133.webp 200w, https:\/\/www.escapadarural.com\/blog\/wp-content\/uploads\/2025\/03\/AdobeStock_151544469-300x200.webp 300w, https:\/\/www.escapadarural.com\/blog\/wp-content\/uploads\/2025\/03\/AdobeStock_151544469-400x266.webp 400w, https:\/\/www.escapadarural.com\/blog\/wp-content\/uploads\/2025\/03\/AdobeStock_151544469-600x400.webp 600w, https:\/\/www.escapadarural.com\/blog\/wp-content\/uploads\/2025\/03\/AdobeStock_151544469-768x512.webp 768w, https:\/\/www.escapadarural.com\/blog\/wp-content\/uploads\/2025\/03\/AdobeStock_151544469-800x533.webp 800w, https:\/\/www.escapadarural.com\/blog\/wp-content\/uploads\/2025\/03\/AdobeStock_151544469.webp 1024w\" sizes=\"auto, (max-width: 1024px) 100vw, 1024px\"><\/a><\/div><div class=\"ub-block-post-grid-text\" style=\"\"><div class=\"ub-block-post-grid-header-content\"><header class=\"ub-block-post-grid-header\"><h2 class=\"ub-block-post-grid-title\"><a style=\"\" href=\"https:\/\/www.escapadarural.com\/blog\/turismo-industrial-por-leon\/\" rel=\"bookmark\">Turismo industrial por Le\u00f3n: los destinos que no te puedes perder esta primavera<\/a><\/h2><div class=\"ub-block-post-grid-author\" itemprop=\"author\"><a class=\"ub-text-link\" style=\"\" href=\"https:\/\/www.escapadarural.com\/blog\/autor\/raquel\/\" itemprop=\"url\" rel=\"author\"><span itemprop=\"name\">Raquel Andr\u00e9s<\/span><\/a><\/div><time datetime=\"2025-03-20T10:01:52+01:00\" class=\"ub-block-post-grid-date\" style=\"\" itemprop=\"datePublished\">20 de marzo de 2025<\/time><\/header><\/div><div class=\"ub-block-post-grid-excerpt\"><div class=\"ub-block-post-grid-excerpt-text\" style=\"\"><p>Te proponemos coger la m\u00e1quina del tiempo y volver un siglo atr\u00e1s con este recorrido circular con 11 destinos de turismo industrial por Le\u00f3n<\/p>\n<\/div><\/div><\/div><\/article>\n<article id=\"post-197980\" class=\"ub-post-grid-item post-197980 post type-post status-publish format-standard has-post-thumbnail hentry category-arte-y-cultura tag-que-ver-en-leon tag-museos\" style=\"\"><div class=\"ub-block-post-grid-image\" style=\"\"><a href=\"https:\/\/www.escapadarural.com\/blog\/museos-de-las-montanas-de-leon\/\" rel=\"bookmark\" aria-hidden=\"true\" tabindex=\"-1\"><img loading=\"lazy\" decoding=\"async\" width=\"1024\" height=\"682\" src=\"https:\/\/www.escapadarural.com\/blog\/wp-content\/uploads\/2025\/03\/AdobeStock_155344838-1.webp\" class=\"attachment-full size-full\" alt=\"Embalse del Porma, Le\u00f3n\" style=\"max-width: 600px; \" srcset=\"https:\/\/www.escapadarural.com\/blog\/wp-content\/uploads\/2025\/03\/AdobeStock_155344838-1-200x133.webp 200w, https:\/\/www.escapadarural.com\/blog\/wp-content\/uploads\/2025\/03\/AdobeStock_155344838-1-300x200.webp 300w, https:\/\/www.escapadarural.com\/blog\/wp-content\/uploads\/2025\/03\/AdobeStock_155344838-1-400x266.webp 400w, https:\/\/www.escapadarural.com\/blog\/wp-content\/uploads\/2025\/03\/AdobeStock_155344838-1-600x400.webp 600w, https:\/\/www.escapadarural.com\/blog\/wp-content\/uploads\/2025\/03\/AdobeStock_155344838-1-768x512.webp 768w, https:\/\/www.escapadarural.com\/blog\/wp-content\/uploads\/2025\/03\/AdobeStock_155344838-1-800x533.webp 800w, https:\/\/www.escapadarural.com\/blog\/wp-content\/uploads\/2025\/03\/AdobeStock_155344838-1.webp 1024w\" sizes=\"auto, (max-width: 1024px) 100vw, 1024px\"><\/a><\/div><div class=\"ub-block-post-grid-text\" style=\"\"><div class=\"ub-block-post-grid-header-content\"><header class=\"ub-block-post-grid-header\"><h2 class=\"ub-block-post-grid-title\"><a style=\"\" href=\"https:\/\/www.escapadarural.com\/blog\/museos-de-las-montanas-de-leon\/\" rel=\"bookmark\">8 museos \u00fanicos que visitar en las monta\u00f1as de Le\u00f3n<\/a><\/h2><div class=\"ub-block-post-grid-author\" itemprop=\"author\"><a class=\"ub-text-link\" style=\"\" href=\"https:\/\/www.escapadarural.com\/blog\/autor\/raquel\/\" itemprop=\"url\" rel=\"author\"><span itemprop=\"name\">Raquel Andr\u00e9s<\/span><\/a><\/div><time datetime=\"2025-03-19T10:52:40+01:00\" class=\"ub-block-post-grid-date\" style=\"\" itemprop=\"datePublished\">19 de marzo de 2025<\/time><\/header><\/div><div class=\"ub-block-post-grid-excerpt\"><div class=\"ub-block-post-grid-excerpt-text\" style=\"\"><p>\u00bfConoces la provincia de Le\u00f3n en primavera? Es el momento en el que sus entornos rurales y naturales emanan vida con el florecimiento y la vegetaci\u00f3n alcanzando su m\u00e1ximo apogeo. Los r\u00edos discurren repletos de agua, los d\u00edas se alargan y apetece pasear por sus bosques. Si eres de los que repiten con orgullo la\u2026<\/p>\n<\/div><\/div><\/div><\/article>\n<\/div><\/section>","protected":false},"excerpt":{"rendered":"<p>La Fundaci\u00f3n Montenmedio Contempor\u00e1nea, situada en C\u00e1diz, es un museo al aire libre de arte \u2018site-specific\u2019 de artistas de renombre.<\/p>\n","protected":false},"author":114,"featured_media":185853,"comment_status":"open","ping_status":"open","sticky":false,"template":"","format":"standard","meta":{"_acf_changed":false,"om_disable_all_campaigns":false,"footnotes":""},"categories":[231],"tags":[6072,1717,648,2237,2029],"class_list":["post-185844","post","type-post","status-publish","format-standard","has-post-thumbnail","hentry","category-arte-y-cultura","tag-andalucia","tag-arte","tag-que-ver-en-cadiz","tag-museos","tag-vejer-de-la-frontera"],"acf":[],"featured_image_src":"https:\/\/www.escapadarural.com\/blog\/wp-content\/uploads\/2024\/12\/Michael-Lin.-Pasaje-de-jardin-2003.jpg","author_info":{"display_name":"Carmen L\u00f3pez","author_link":"https:\/\/www.escapadarural.com\/blog\/autor\/carmenlopez\/"},"yoast_head":"<!-- This site is optimized with the Yoast SEO plugin v27.5 - https:\/\/yoast.com\/product\/yoast-seo-wordpress\/ -->\n<title>El museo al aire libre &quot;site-specific&quot; de C\u00e1diz - EscapadaRural<\/title>\n<meta name=\"description\" content=\"La Fundaci\u00f3n Montenmedio Contempor\u00e1nea, situada en C\u00e1diz, es un museo al aire libre de arte \u2018site-specific\u2019 de artistas de renombre.\" \/>\n<meta name=\"robots\" content=\"index, follow, max-snippet:-1, max-image-preview:large, max-video-preview:-1\" \/>\n<link rel=\"canonical\" href=\"https:\/\/www.escapadarural.com\/blog\/fundacion-montenmedio-contemporanea-cadiz\/\" \/>\n<meta property=\"og:locale\" content=\"es_ES\" \/>\n<meta property=\"og:type\" content=\"article\" \/>\n<meta property=\"og:title\" content=\"El museo al aire libre &quot;site-specific&quot; de C\u00e1diz - EscapadaRural\" \/>\n<meta property=\"og:description\" content=\"La Fundaci\u00f3n Montenmedio Contempor\u00e1nea, situada en C\u00e1diz, es un museo al aire libre de arte \u2018site-specific\u2019 de artistas de renombre.\" \/>\n<meta property=\"og:url\" content=\"https:\/\/www.escapadarural.com\/blog\/fundacion-montenmedio-contemporanea-cadiz\/\" \/>\n<meta property=\"og:site_name\" content=\"Magazine de viajes de EscapadaRural\" \/>\n<meta property=\"article:publisher\" content=\"https:\/\/www.facebook.com\/escapadarural\" \/>\n<meta property=\"article:published_time\" content=\"2025-01-18T06:00:00+00:00\" \/>\n<meta property=\"article:modified_time\" content=\"2025-02-18T15:49:35+00:00\" \/>\n<meta property=\"og:image\" content=\"https:\/\/www.escapadarural.com\/blog\/wp-content\/uploads\/2024\/12\/Michael-Lin.-Pasaje-de-jardin-2003.jpg\" \/>\n\t<meta property=\"og:image:width\" content=\"842\" \/>\n\t<meta property=\"og:image:height\" content=\"595\" \/>\n\t<meta property=\"og:image:type\" content=\"image\/jpeg\" \/>\n<meta name=\"author\" content=\"Carmen L\u00f3pez\" \/>\n<meta name=\"twitter:card\" content=\"summary_large_image\" \/>\n<meta name=\"twitter:label1\" content=\"Escrito por\" \/>\n\t<meta name=\"twitter:data1\" content=\"Carmen L\u00f3pez\" \/>\n\t<meta name=\"twitter:label2\" content=\"Tiempo de lectura\" \/>\n\t<meta name=\"twitter:data2\" content=\"7 minutos\" \/>\n<script type=\"application\/ld+json\" class=\"yoast-schema-graph\">{\"@context\":\"https:\\\/\\\/schema.org\",\"@graph\":[{\"@type\":\"Article\",\"@id\":\"https:\\\/\\\/www.escapadarural.com\\\/blog\\\/fundacion-montenmedio-contemporanea-cadiz\\\/#article\",\"isPartOf\":{\"@id\":\"https:\\\/\\\/www.escapadarural.com\\\/blog\\\/fundacion-montenmedio-contemporanea-cadiz\\\/\"},\"author\":{\"name\":\"Carmen L\u00f3pez\",\"@id\":\"https:\\\/\\\/www.escapadarural.com\\\/blog\\\/#\\\/schema\\\/person\\\/42dfdff6118172efc6a04c8ae599a2ce\"},\"headline\":\"El museo al aire libre \u00absite-specific\u00bb de C\u00e1diz\",\"datePublished\":\"2025-01-18T06:00:00+00:00\",\"dateModified\":\"2025-02-18T15:49:35+00:00\",\"mainEntityOfPage\":{\"@id\":\"https:\\\/\\\/www.escapadarural.com\\\/blog\\\/fundacion-montenmedio-contemporanea-cadiz\\\/\"},\"wordCount\":1182,\"commentCount\":0,\"publisher\":{\"@id\":\"https:\\\/\\\/www.escapadarural.com\\\/blog\\\/#organization\"},\"image\":{\"@id\":\"https:\\\/\\\/www.escapadarural.com\\\/blog\\\/fundacion-montenmedio-contemporanea-cadiz\\\/#primaryimage\"},\"thumbnailUrl\":\"https:\\\/\\\/www.escapadarural.com\\\/blog\\\/wp-content\\\/uploads\\\/2024\\\/12\\\/Michael-Lin.-Pasaje-de-jardin-2003.jpg\",\"keywords\":[\"Andaluc\u00eda\",\"arte\",\"C\u00e1diz\",\"museos\",\"Vejer de la Frontera\"],\"articleSection\":[\"Arte y Cultura\"],\"inLanguage\":\"es\",\"potentialAction\":[{\"@type\":\"CommentAction\",\"name\":\"Comment\",\"target\":[\"https:\\\/\\\/www.escapadarural.com\\\/blog\\\/fundacion-montenmedio-contemporanea-cadiz\\\/#respond\"]}]},{\"@type\":\"WebPage\",\"@id\":\"https:\\\/\\\/www.escapadarural.com\\\/blog\\\/fundacion-montenmedio-contemporanea-cadiz\\\/\",\"url\":\"https:\\\/\\\/www.escapadarural.com\\\/blog\\\/fundacion-montenmedio-contemporanea-cadiz\\\/\",\"name\":\"El museo al aire libre \\\"site-specific\\\" de C\u00e1diz - EscapadaRural\",\"isPartOf\":{\"@id\":\"https:\\\/\\\/www.escapadarural.com\\\/blog\\\/#website\"},\"primaryImageOfPage\":{\"@id\":\"https:\\\/\\\/www.escapadarural.com\\\/blog\\\/fundacion-montenmedio-contemporanea-cadiz\\\/#primaryimage\"},\"image\":{\"@id\":\"https:\\\/\\\/www.escapadarural.com\\\/blog\\\/fundacion-montenmedio-contemporanea-cadiz\\\/#primaryimage\"},\"thumbnailUrl\":\"https:\\\/\\\/www.escapadarural.com\\\/blog\\\/wp-content\\\/uploads\\\/2024\\\/12\\\/Michael-Lin.-Pasaje-de-jardin-2003.jpg\",\"datePublished\":\"2025-01-18T06:00:00+00:00\",\"dateModified\":\"2025-02-18T15:49:35+00:00\",\"description\":\"La Fundaci\u00f3n Montenmedio Contempor\u00e1nea, situada en C\u00e1diz, es un museo al aire libre de arte \u2018site-specific\u2019 de artistas de renombre.\",\"breadcrumb\":{\"@id\":\"https:\\\/\\\/www.escapadarural.com\\\/blog\\\/fundacion-montenmedio-contemporanea-cadiz\\\/#breadcrumb\"},\"inLanguage\":\"es\",\"potentialAction\":[{\"@type\":\"ReadAction\",\"target\":[\"https:\\\/\\\/www.escapadarural.com\\\/blog\\\/fundacion-montenmedio-contemporanea-cadiz\\\/\"]}]},{\"@type\":\"ImageObject\",\"inLanguage\":\"es\",\"@id\":\"https:\\\/\\\/www.escapadarural.com\\\/blog\\\/fundacion-montenmedio-contemporanea-cadiz\\\/#primaryimage\",\"url\":\"https:\\\/\\\/www.escapadarural.com\\\/blog\\\/wp-content\\\/uploads\\\/2024\\\/12\\\/Michael-Lin.-Pasaje-de-jardin-2003.jpg\",\"contentUrl\":\"https:\\\/\\\/www.escapadarural.com\\\/blog\\\/wp-content\\\/uploads\\\/2024\\\/12\\\/Michael-Lin.-Pasaje-de-jardin-2003.jpg\",\"width\":842,\"height\":595,\"caption\":\"Paisaje de jard\u00edn, obra de Michael Lin en la Fundaci\u00f3n Montenmedio Contempor\u00e1nea\"},{\"@type\":\"BreadcrumbList\",\"@id\":\"https:\\\/\\\/www.escapadarural.com\\\/blog\\\/fundacion-montenmedio-contemporanea-cadiz\\\/#breadcrumb\",\"itemListElement\":[{\"@type\":\"ListItem\",\"position\":1,\"name\":\"Inicio\",\"item\":\"https:\\\/\\\/www.escapadarural.com\\\/blog\\\/\"},{\"@type\":\"ListItem\",\"position\":2,\"name\":\"Arte y Cultura\",\"item\":\"https:\\\/\\\/www.escapadarural.com\\\/blog\\\/categoria\\\/arte-y-cultura\\\/\"},{\"@type\":\"ListItem\",\"position\":3,\"name\":\"El museo al aire libre \u00absite-specific\u00bb de C\u00e1diz\"}]},{\"@type\":\"WebSite\",\"@id\":\"https:\\\/\\\/www.escapadarural.com\\\/blog\\\/#website\",\"url\":\"https:\\\/\\\/www.escapadarural.com\\\/blog\\\/\",\"name\":\"Blog de viajes | turismo rural, alojamientos e inspiraci\u00f3n\",\"description\":\"Alojamientos rurales e inspiraci\u00f3n para tus escapadas\",\"publisher\":{\"@id\":\"https:\\\/\\\/www.escapadarural.com\\\/blog\\\/#organization\"},\"alternateName\":\"Magazine de viajes de EscapadaRural\",\"potentialAction\":[{\"@type\":\"SearchAction\",\"target\":{\"@type\":\"EntryPoint\",\"urlTemplate\":\"https:\\\/\\\/www.escapadarural.com\\\/blog\\\/?s={search_term_string}\"},\"query-input\":{\"@type\":\"PropertyValueSpecification\",\"valueRequired\":true,\"valueName\":\"search_term_string\"}}],\"inLanguage\":\"es\"},{\"@type\":\"Organization\",\"@id\":\"https:\\\/\\\/www.escapadarural.com\\\/blog\\\/#organization\",\"name\":\"EscapadaRural\",\"url\":\"https:\\\/\\\/www.escapadarural.com\\\/blog\\\/\",\"logo\":{\"@type\":\"ImageObject\",\"inLanguage\":\"es\",\"@id\":\"https:\\\/\\\/www.escapadarural.com\\\/blog\\\/#\\\/schema\\\/logo\\\/image\\\/\",\"url\":\"https:\\\/\\\/www.escapadarural.com\\\/blog\\\/wp-content\\\/uploads\\\/2024\\\/10\\\/cropped-cropped-escapada-rural-icon-mag-3.png\",\"contentUrl\":\"https:\\\/\\\/www.escapadarural.com\\\/blog\\\/wp-content\\\/uploads\\\/2024\\\/10\\\/cropped-cropped-escapada-rural-icon-mag-3.png\",\"width\":512,\"height\":512,\"caption\":\"EscapadaRural\"},\"image\":{\"@id\":\"https:\\\/\\\/www.escapadarural.com\\\/blog\\\/#\\\/schema\\\/logo\\\/image\\\/\"},\"sameAs\":[\"https:\\\/\\\/www.facebook.com\\\/escapadarural\",\"https:\\\/\\\/www.instagram.com\\\/escapadarural\\\/\",\"https:\\\/\\\/www.youtube.com\\\/@escapadaruralcom\"]},{\"@type\":\"Person\",\"@id\":\"https:\\\/\\\/www.escapadarural.com\\\/blog\\\/#\\\/schema\\\/person\\\/42dfdff6118172efc6a04c8ae599a2ce\",\"name\":\"Carmen L\u00f3pez\",\"image\":{\"@type\":\"ImageObject\",\"inLanguage\":\"es\",\"@id\":\"https:\\\/\\\/www.escapadarural.com\\\/blog\\\/wp-content\\\/uploads\\\/2024\\\/11\\\/cropped-perfil_eldiario-96x96-1-96x96.jpeg\",\"url\":\"https:\\\/\\\/www.escapadarural.com\\\/blog\\\/wp-content\\\/uploads\\\/2024\\\/11\\\/cropped-perfil_eldiario-96x96-1-96x96.jpeg\",\"contentUrl\":\"https:\\\/\\\/www.escapadarural.com\\\/blog\\\/wp-content\\\/uploads\\\/2024\\\/11\\\/cropped-perfil_eldiario-96x96-1-96x96.jpeg\",\"caption\":\"Carmen L\u00f3pez\"},\"description\":\"Soy periodista y escribo sobre cosas que importan en sitios que interesan desde hace m\u00e1s de una d\u00e9cada.\",\"url\":\"https:\\\/\\\/www.escapadarural.com\\\/blog\\\/autor\\\/carmenlopez\\\/\"}]}<\/script>\n<!-- \/ Yoast SEO plugin. -->","yoast_head_json":{"title":"El museo al aire libre \"site-specific\" de C\u00e1diz - EscapadaRural","description":"La Fundaci\u00f3n Montenmedio Contempor\u00e1nea, situada en C\u00e1diz, es un museo al aire libre de arte \u2018site-specific\u2019 de artistas de renombre.","robots":{"index":"index","follow":"follow","max-snippet":"max-snippet:-1","max-image-preview":"max-image-preview:large","max-video-preview":"max-video-preview:-1"},"canonical":"https:\/\/www.escapadarural.com\/blog\/fundacion-montenmedio-contemporanea-cadiz\/","og_locale":"es_ES","og_type":"article","og_title":"El museo al aire libre \"site-specific\" de C\u00e1diz - EscapadaRural","og_description":"La Fundaci\u00f3n Montenmedio Contempor\u00e1nea, situada en C\u00e1diz, es un museo al aire libre de arte \u2018site-specific\u2019 de artistas de renombre.","og_url":"https:\/\/www.escapadarural.com\/blog\/fundacion-montenmedio-contemporanea-cadiz\/","og_site_name":"Magazine de viajes de EscapadaRural","article_publisher":"https:\/\/www.facebook.com\/escapadarural","article_published_time":"2025-01-18T06:00:00+00:00","article_modified_time":"2025-02-18T15:49:35+00:00","og_image":[{"width":842,"height":595,"url":"https:\/\/www.escapadarural.com\/blog\/wp-content\/uploads\/2024\/12\/Michael-Lin.-Pasaje-de-jardin-2003.jpg","type":"image\/jpeg"}],"author":"Carmen L\u00f3pez","twitter_card":"summary_large_image","twitter_misc":{"Escrito por":"Carmen L\u00f3pez","Tiempo de lectura":"7 minutos"},"schema":{"@context":"https:\/\/schema.org","@graph":[{"@type":"Article","@id":"https:\/\/www.escapadarural.com\/blog\/fundacion-montenmedio-contemporanea-cadiz\/#article","isPartOf":{"@id":"https:\/\/www.escapadarural.com\/blog\/fundacion-montenmedio-contemporanea-cadiz\/"},"author":{"name":"Carmen L\u00f3pez","@id":"https:\/\/www.escapadarural.com\/blog\/#\/schema\/person\/42dfdff6118172efc6a04c8ae599a2ce"},"headline":"El museo al aire libre \u00absite-specific\u00bb de C\u00e1diz","datePublished":"2025-01-18T06:00:00+00:00","dateModified":"2025-02-18T15:49:35+00:00","mainEntityOfPage":{"@id":"https:\/\/www.escapadarural.com\/blog\/fundacion-montenmedio-contemporanea-cadiz\/"},"wordCount":1182,"commentCount":0,"publisher":{"@id":"https:\/\/www.escapadarural.com\/blog\/#organization"},"image":{"@id":"https:\/\/www.escapadarural.com\/blog\/fundacion-montenmedio-contemporanea-cadiz\/#primaryimage"},"thumbnailUrl":"https:\/\/www.escapadarural.com\/blog\/wp-content\/uploads\/2024\/12\/Michael-Lin.-Pasaje-de-jardin-2003.jpg","keywords":["Andaluc\u00eda","arte","C\u00e1diz","museos","Vejer de la Frontera"],"articleSection":["Arte y Cultura"],"inLanguage":"es","potentialAction":[{"@type":"CommentAction","name":"Comment","target":["https:\/\/www.escapadarural.com\/blog\/fundacion-montenmedio-contemporanea-cadiz\/#respond"]}]},{"@type":"WebPage","@id":"https:\/\/www.escapadarural.com\/blog\/fundacion-montenmedio-contemporanea-cadiz\/","url":"https:\/\/www.escapadarural.com\/blog\/fundacion-montenmedio-contemporanea-cadiz\/","name":"El museo al aire libre \"site-specific\" de C\u00e1diz - EscapadaRural","isPartOf":{"@id":"https:\/\/www.escapadarural.com\/blog\/#website"},"primaryImageOfPage":{"@id":"https:\/\/www.escapadarural.com\/blog\/fundacion-montenmedio-contemporanea-cadiz\/#primaryimage"},"image":{"@id":"https:\/\/www.escapadarural.com\/blog\/fundacion-montenmedio-contemporanea-cadiz\/#primaryimage"},"thumbnailUrl":"https:\/\/www.escapadarural.com\/blog\/wp-content\/uploads\/2024\/12\/Michael-Lin.-Pasaje-de-jardin-2003.jpg","datePublished":"2025-01-18T06:00:00+00:00","dateModified":"2025-02-18T15:49:35+00:00","description":"La Fundaci\u00f3n Montenmedio Contempor\u00e1nea, situada en C\u00e1diz, es un museo al aire libre de arte \u2018site-specific\u2019 de artistas de renombre.","breadcrumb":{"@id":"https:\/\/www.escapadarural.com\/blog\/fundacion-montenmedio-contemporanea-cadiz\/#breadcrumb"},"inLanguage":"es","potentialAction":[{"@type":"ReadAction","target":["https:\/\/www.escapadarural.com\/blog\/fundacion-montenmedio-contemporanea-cadiz\/"]}]},{"@type":"ImageObject","inLanguage":"es","@id":"https:\/\/www.escapadarural.com\/blog\/fundacion-montenmedio-contemporanea-cadiz\/#primaryimage","url":"https:\/\/www.escapadarural.com\/blog\/wp-content\/uploads\/2024\/12\/Michael-Lin.-Pasaje-de-jardin-2003.jpg","contentUrl":"https:\/\/www.escapadarural.com\/blog\/wp-content\/uploads\/2024\/12\/Michael-Lin.-Pasaje-de-jardin-2003.jpg","width":842,"height":595,"caption":"Paisaje de jard\u00edn, obra de Michael Lin en la Fundaci\u00f3n Montenmedio Contempor\u00e1nea"},{"@type":"BreadcrumbList","@id":"https:\/\/www.escapadarural.com\/blog\/fundacion-montenmedio-contemporanea-cadiz\/#breadcrumb","itemListElement":[{"@type":"ListItem","position":1,"name":"Inicio","item":"https:\/\/www.escapadarural.com\/blog\/"},{"@type":"ListItem","position":2,"name":"Arte y Cultura","item":"https:\/\/www.escapadarural.com\/blog\/categoria\/arte-y-cultura\/"},{"@type":"ListItem","position":3,"name":"El museo al aire libre \u00absite-specific\u00bb de C\u00e1diz"}]},{"@type":"WebSite","@id":"https:\/\/www.escapadarural.com\/blog\/#website","url":"https:\/\/www.escapadarural.com\/blog\/","name":"Blog de viajes | turismo rural, alojamientos e inspiraci\u00f3n","description":"Alojamientos rurales e inspiraci\u00f3n para tus escapadas","publisher":{"@id":"https:\/\/www.escapadarural.com\/blog\/#organization"},"alternateName":"Magazine de viajes de EscapadaRural","potentialAction":[{"@type":"SearchAction","target":{"@type":"EntryPoint","urlTemplate":"https:\/\/www.escapadarural.com\/blog\/?s={search_term_string}"},"query-input":{"@type":"PropertyValueSpecification","valueRequired":true,"valueName":"search_term_string"}}],"inLanguage":"es"},{"@type":"Organization","@id":"https:\/\/www.escapadarural.com\/blog\/#organization","name":"EscapadaRural","url":"https:\/\/www.escapadarural.com\/blog\/","logo":{"@type":"ImageObject","inLanguage":"es","@id":"https:\/\/www.escapadarural.com\/blog\/#\/schema\/logo\/image\/","url":"https:\/\/www.escapadarural.com\/blog\/wp-content\/uploads\/2024\/10\/cropped-cropped-escapada-rural-icon-mag-3.png","contentUrl":"https:\/\/www.escapadarural.com\/blog\/wp-content\/uploads\/2024\/10\/cropped-cropped-escapada-rural-icon-mag-3.png","width":512,"height":512,"caption":"EscapadaRural"},"image":{"@id":"https:\/\/www.escapadarural.com\/blog\/#\/schema\/logo\/image\/"},"sameAs":["https:\/\/www.facebook.com\/escapadarural","https:\/\/www.instagram.com\/escapadarural\/","https:\/\/www.youtube.com\/@escapadaruralcom"]},{"@type":"Person","@id":"https:\/\/www.escapadarural.com\/blog\/#\/schema\/person\/42dfdff6118172efc6a04c8ae599a2ce","name":"Carmen L\u00f3pez","image":{"@type":"ImageObject","inLanguage":"es","@id":"https:\/\/www.escapadarural.com\/blog\/wp-content\/uploads\/2024\/11\/cropped-perfil_eldiario-96x96-1-96x96.jpeg","url":"https:\/\/www.escapadarural.com\/blog\/wp-content\/uploads\/2024\/11\/cropped-perfil_eldiario-96x96-1-96x96.jpeg","contentUrl":"https:\/\/www.escapadarural.com\/blog\/wp-content\/uploads\/2024\/11\/cropped-perfil_eldiario-96x96-1-96x96.jpeg","caption":"Carmen L\u00f3pez"},"description":"Soy periodista y escribo sobre cosas que importan en sitios que interesan desde hace m\u00e1s de una d\u00e9cada.","url":"https:\/\/www.escapadarural.com\/blog\/autor\/carmenlopez\/"}]}},"_links":{"self":[{"href":"https:\/\/www.escapadarural.com\/blog\/wp-json\/wp\/v2\/posts\/185844","targetHints":{"allow":["GET"]}}],"collection":[{"href":"https:\/\/www.escapadarural.com\/blog\/wp-json\/wp\/v2\/posts"}],"about":[{"href":"https:\/\/www.escapadarural.com\/blog\/wp-json\/wp\/v2\/types\/post"}],"author":[{"embeddable":true,"href":"https:\/\/www.escapadarural.com\/blog\/wp-json\/wp\/v2\/users\/114"}],"replies":[{"embeddable":true,"href":"https:\/\/www.escapadarural.com\/blog\/wp-json\/wp\/v2\/comments?post=185844"}],"version-history":[{"count":0,"href":"https:\/\/www.escapadarural.com\/blog\/wp-json\/wp\/v2\/posts\/185844\/revisions"}],"wp:featuredmedia":[{"embeddable":true,"href":"https:\/\/www.escapadarural.com\/blog\/wp-json\/wp\/v2\/media\/185853"}],"wp:attachment":[{"href":"https:\/\/www.escapadarural.com\/blog\/wp-json\/wp\/v2\/media?parent=185844"}],"wp:term":[{"taxonomy":"category","embeddable":true,"href":"https:\/\/www.escapadarural.com\/blog\/wp-json\/wp\/v2\/categories?post=185844"},{"taxonomy":"post_tag","embeddable":true,"href":"https:\/\/www.escapadarural.com\/blog\/wp-json\/wp\/v2\/tags?post=185844"}],"curies":[{"name":"wp","href":"https:\/\/api.w.org\/{rel}","templated":true}]}}