{"id":185881,"date":"2025-01-03T10:38:27","date_gmt":"2025-01-03T08:38:27","guid":{"rendered":"https:\/\/www.escapadarural.com\/blog\/?p=185881"},"modified":"2025-03-12T18:41:00","modified_gmt":"2025-03-12T16:41:00","slug":"los-extremos-de-espana","status":"publish","type":"post","link":"https:\/\/www.escapadarural.com\/blog\/los-extremos-de-espana\/","title":{"rendered":"Los extremos de Espa\u00f1a: de punta a punta por el mapa"},"content":{"rendered":"\n<figure class=\"wp-block-image size-full\"><img loading=\"lazy\" decoding=\"async\" width=\"1024\" height=\"576\" src=\"https:\/\/www.escapadarural.com\/blog\/wp-content\/uploads\/2024\/12\/mapa-extremos-espana_WP_06.webp\" alt=\"Mapa extremos de Espa\u00f1a\" class=\"wp-image-185889\" srcset=\"https:\/\/www.escapadarural.com\/blog\/wp-content\/uploads\/2024\/12\/mapa-extremos-espana_WP_06-200x113.webp 200w, https:\/\/www.escapadarural.com\/blog\/wp-content\/uploads\/2024\/12\/mapa-extremos-espana_WP_06-300x169.webp 300w, https:\/\/www.escapadarural.com\/blog\/wp-content\/uploads\/2024\/12\/mapa-extremos-espana_WP_06-400x225.webp 400w, https:\/\/www.escapadarural.com\/blog\/wp-content\/uploads\/2024\/12\/mapa-extremos-espana_WP_06-600x338.webp 600w, https:\/\/www.escapadarural.com\/blog\/wp-content\/uploads\/2024\/12\/mapa-extremos-espana_WP_06-768x432.webp 768w, https:\/\/www.escapadarural.com\/blog\/wp-content\/uploads\/2024\/12\/mapa-extremos-espana_WP_06-800x450.webp 800w, https:\/\/www.escapadarural.com\/blog\/wp-content\/uploads\/2024\/12\/mapa-extremos-espana_WP_06.webp 1024w\" sizes=\"auto, (max-width: 1024px) 100vw, 1024px\" \/><figcaption class=\"wp-element-caption\">Mapa extremos de Espa\u00f1a. Por EscapadaRural<\/figcaption><\/figure>\n\n\n\n<p>Los amantes de los mapas podemos pasarnos horas mirando cada detalle. Desde d\u00f3nde est\u00e1n ciertos <a href=\"https:\/\/www.escapadarural.com\/blog\/por-que-preferimos-ser-pobres-en-la-ciudad-que-ricos-en-un-pueblo\/\" title=\"Por qu\u00e9 preferimos ser pobres en la ciudad que ricos en un pueblo\" data-wpil-monitor-id=\"7\">pueblos<\/a> o ciudades, hasta la forma de cada pa\u00eds y sus l\u00edmites. Y de esto \u00faltimo es de lo que vamos a hablar hoy: de los <strong>extremos de Espa\u00f1a<\/strong>. \u00bfCu\u00e1l es el punto m\u00e1s septentrional? \u00bfPor d\u00f3nde sale antes el sol? \u00bfCu\u00e1l es el lugar m\u00e1s profundo?&nbsp;<\/p>\n\n\n\n<p>Aqu\u00ed os dejamos algunas curiosidades geogr\u00e1ficas para<strong> viajar de una punta a otra por el mapa<\/strong>. <\/p>\n\n\n\n<h2 class=\"wp-block-heading\" id=\"h-el-punto-mas-septentrional-de-espana\">El punto m\u00e1s septentrional de Espa\u00f1a<\/h2>\n\n\n\n<figure class=\"wp-block-image size-full\"><img loading=\"lazy\" decoding=\"async\" width=\"1024\" height=\"433\" src=\"https:\/\/www.escapadarural.com\/blog\/wp-content\/uploads\/2024\/12\/AdobeStock_418131745_WP_04.webp\" alt=\"Estaca de bares, uno de los extremos de Espa\u00f1a\" class=\"wp-image-185886\" srcset=\"https:\/\/www.escapadarural.com\/blog\/wp-content\/uploads\/2024\/12\/AdobeStock_418131745_WP_04-200x85.webp 200w, https:\/\/www.escapadarural.com\/blog\/wp-content\/uploads\/2024\/12\/AdobeStock_418131745_WP_04-300x127.webp 300w, https:\/\/www.escapadarural.com\/blog\/wp-content\/uploads\/2024\/12\/AdobeStock_418131745_WP_04-400x169.webp 400w, https:\/\/www.escapadarural.com\/blog\/wp-content\/uploads\/2024\/12\/AdobeStock_418131745_WP_04-600x254.webp 600w, https:\/\/www.escapadarural.com\/blog\/wp-content\/uploads\/2024\/12\/AdobeStock_418131745_WP_04-768x325.webp 768w, https:\/\/www.escapadarural.com\/blog\/wp-content\/uploads\/2024\/12\/AdobeStock_418131745_WP_04-800x338.webp 800w, https:\/\/www.escapadarural.com\/blog\/wp-content\/uploads\/2024\/12\/AdobeStock_418131745_WP_04.webp 1024w\" sizes=\"auto, (max-width: 1024px) 100vw, 1024px\" \/><figcaption class=\"wp-element-caption\">Punta de Estaca de bares, uno de los extremos de Espa\u00f1a. Por pedro<\/figcaption><\/figure>\n\n\n\n<p>Todo mapa cuenta con puntos cardinales: norte, sur, este y oeste. El punto m\u00e1s septentrional corresponde al norte, por lo que en Espa\u00f1a lo encontramos a orillas del Cant\u00e1brico. O, m\u00e1s bien, en un saliente rocoso donde las aguas del Cant\u00e1brico se mezclan con las del Atl\u00e1ntico. Ese lugar es <a href=\"\/casas-rurales\/galicia\">Galicia<\/a>:<strong> la punta de la Estaca de Bares<\/strong>, en A Coru\u00f1a.&nbsp;<\/p>\n\n\n\n<p>Declarada <strong>Sitio Natural de Inter\u00e9s Natural<\/strong> desde la II Rep\u00fablica, la Estaca de Bares est\u00e1 400 kil\u00f3metros m\u00e1s al norte que Nueva York. Las aguas igual no son tan g\u00e9lidas, aunque los gallegos pueden dar fe que ba\u00f1arse en las playas de sus alrededores puede llegar a cortar la circulaci\u00f3n. Y lo dice una norte\u00f1a.&nbsp;<\/p>\n\n\n\n<blockquote class=\"wp-block-quote is-layout-flow wp-block-quote-is-layout-flow\">\n<p>La Estaca de Bares est\u00e1 400 kil\u00f3metros m\u00e1s al norte que Nueva York<\/p>\n<\/blockquote>\n\n\n\n<p>Adem\u00e1s del faro, en la punta de la Estaca de Bares tambi\u00e9n hay un mirador. Dependiendo de la \u00e9poca, desde \u00e9l se pueden ver variedad de aves, ya que por aqu\u00ed pasan <strong>varias rutas migratorias tanto de aves como de cet\u00e1ceos<\/strong>.&nbsp;Estaca de Bares est\u00e1 muy cerca de los <a href=\"https:\/\/www.escapadarural.com\/blog\/ruta-por-acantilados-de-herbeira\/\">acantilados de Herbeira<\/a>, de las playas de Cari\u00f1o o del encantador pueblo de <a href=\"https:\/\/www.escapadarural.com\/blog\/que-ver-en-o-barqueiro-galicia\/\">O Barqueiro<\/a>.&nbsp;<\/p>\n\n\n\n<p>Como curiosidad, si nos vamos a las islas, seg\u00fan el <a href=\"https:\/\/www.ine.es\/inebaseweb\/pdfDispacher.do;jsessionid=30C70FEE74859205D8744955F3150A54.inebaseweb01?td=39382#:~:text=Latitud%20Norte%20Extremo%20septentrional.,36%C2%B0%2000%27%2003%22%20\" target=\"_blank\" rel=\"noreferrer noopener nofollow\">Instituto Nacional de Estad\u00edstica<\/a> (INE), los <strong>puntos m\u00e1s septentrionales<\/strong> ser\u00edan la Illa des Porros, en Baleares; y Punta Musegos, en las Islas Canarias.&nbsp;<\/p>\n\n\n\n<div class=\"wp-block-buttons is-layout-flex wp-block-buttons-is-layout-flex\">\n<div class=\"wp-block-button\"><a class=\"wp-block-button__link wp-element-button\" href=\"\/casas-rurales\/a-coruna\">Alojamientos rurales en A Coru\u00f1a<\/a><\/div>\n<\/div>\n\n\n\n<h2 class=\"wp-block-heading\" id=\"h-punto-mas-meridional-de-espana\">Punto m\u00e1s meridional de Espa\u00f1a<\/h2>\n\n\n\n<figure class=\"wp-block-image size-full\"><img loading=\"lazy\" decoding=\"async\" width=\"1024\" height=\"683\" src=\"https:\/\/www.escapadarural.com\/blog\/wp-content\/uploads\/2024\/12\/Punta_de_los_Saltos_El_Hierro_WP_06.webp\" alt=\"Punto de los Saltos, uno de los extremos de Espa\u00f1a\" class=\"wp-image-185888\" srcset=\"https:\/\/www.escapadarural.com\/blog\/wp-content\/uploads\/2024\/12\/Punta_de_los_Saltos_El_Hierro_WP_06-200x133.webp 200w, https:\/\/www.escapadarural.com\/blog\/wp-content\/uploads\/2024\/12\/Punta_de_los_Saltos_El_Hierro_WP_06-300x200.webp 300w, https:\/\/www.escapadarural.com\/blog\/wp-content\/uploads\/2024\/12\/Punta_de_los_Saltos_El_Hierro_WP_06-400x267.webp 400w, https:\/\/www.escapadarural.com\/blog\/wp-content\/uploads\/2024\/12\/Punta_de_los_Saltos_El_Hierro_WP_06-600x400.webp 600w, https:\/\/www.escapadarural.com\/blog\/wp-content\/uploads\/2024\/12\/Punta_de_los_Saltos_El_Hierro_WP_06-768x512.webp 768w, https:\/\/www.escapadarural.com\/blog\/wp-content\/uploads\/2024\/12\/Punta_de_los_Saltos_El_Hierro_WP_06-800x534.webp 800w, https:\/\/www.escapadarural.com\/blog\/wp-content\/uploads\/2024\/12\/Punta_de_los_Saltos_El_Hierro_WP_06.webp 1024w\" sizes=\"auto, (max-width: 1024px) 100vw, 1024px\" \/><figcaption class=\"wp-element-caption\">Punto de los Saltos, uno de los extremos de Espa\u00f1a. Por Areuland<\/figcaption><\/figure>\n\n\n\n<p>Y, si el punto m\u00e1s septentrional corresponde al norte, <strong>el meridional hace referencia al sur<\/strong>. En la pen\u00ednsula ib\u00e9rica estar\u00eda en C\u00e1diz, en la isleta de <a href=\"\/casas-rurales\/tarifa\">Tarifa<\/a>. No obstante, este no ser\u00eda el punto de menos latitud de Espa\u00f1a, para ello habr\u00eda que <strong>ir hasta las <a href=\"https:\/\/www.escapadarural.com\/blog\/gofio-el-alimento-ancestral-de-las-islas-canarias\/\" title=\"Gofio, el alimento ancestral de las Islas Canarias\" data-wpil-monitor-id=\"2\">Islas Canarias<\/a><\/strong>.&nbsp;<\/p>\n\n\n\n<p>All\u00ed tenemos que irnos hasta la <strong>punta de los Saltos, en la isla de El Hierro<\/strong>, donde hay unas incre\u00edbles vistas a los acantilados y a la inmensidad del Atl\u00e1ntico. Esta punta est\u00e1 junto a La Restinga, una reserva <a href=\"https:\/\/www.escapadarural.com\/blog\/cueva-del-tesoro-de-malaga\/\" title=\"La cueva del Tesoro de M\u00e1laga: una maravilla de origen marino \u00fanica en Europa\" data-wpil-monitor-id=\"6\">marina de origen<\/a> volc\u00e1nico muy popular entre los amantes del submarinismo.&nbsp;<\/p>\n\n\n\n<p>En su lengua de lava se pueden ver acantilados submarinos, cuevas, planicies arenosas, etc. Est\u00e1 al resguardo de los <a href=\"https:\/\/www.escapadarural.com\/blog\/naturaleza-de-el-sabinar-de-el-hierro\/\" title=\"El Sabinar de El Hierro, esculturas vegetales moldeadas por los vientos alisios canarios\" data-wpil-monitor-id=\"5\">vientos alisios<\/a> y, seg\u00fan el Ministerio de Agricultura, Pesca y Alimentaci\u00f3n, es de car\u00e1cter tropical, por lo que en ella podemos encontrar <strong>variedad de especies marinas<\/strong> que no est\u00e1n en el resto de las islas.&nbsp;<\/p>\n\n\n\n<div class=\"wp-block-buttons is-layout-flex wp-block-buttons-is-layout-flex\">\n<div class=\"wp-block-button\"><a class=\"wp-block-button__link wp-element-button\" href=\"\/casas-rurales\/el-hierro\">Alojamientos rurales en El Hierro<\/a><\/div>\n<\/div>\n\n\n\n<h2 class=\"wp-block-heading\" id=\"h-el-extremo-mas-oriental-de-espana\">El extremo m\u00e1s oriental de Espa\u00f1a<\/h2>\n\n\n\n<figure class=\"wp-block-image size-full\"><img loading=\"lazy\" decoding=\"async\" width=\"1024\" height=\"683\" src=\"https:\/\/www.escapadarural.com\/blog\/wp-content\/uploads\/2024\/12\/AdobeStock_165873471_WP_02.webp\" alt=\"Punta de s'Espero\" class=\"wp-image-185884\" srcset=\"https:\/\/www.escapadarural.com\/blog\/wp-content\/uploads\/2024\/12\/AdobeStock_165873471_WP_02-200x133.webp 200w, https:\/\/www.escapadarural.com\/blog\/wp-content\/uploads\/2024\/12\/AdobeStock_165873471_WP_02-300x200.webp 300w, https:\/\/www.escapadarural.com\/blog\/wp-content\/uploads\/2024\/12\/AdobeStock_165873471_WP_02-400x267.webp 400w, https:\/\/www.escapadarural.com\/blog\/wp-content\/uploads\/2024\/12\/AdobeStock_165873471_WP_02-600x400.webp 600w, https:\/\/www.escapadarural.com\/blog\/wp-content\/uploads\/2024\/12\/AdobeStock_165873471_WP_02-768x512.webp 768w, https:\/\/www.escapadarural.com\/blog\/wp-content\/uploads\/2024\/12\/AdobeStock_165873471_WP_02-800x534.webp 800w, https:\/\/www.escapadarural.com\/blog\/wp-content\/uploads\/2024\/12\/AdobeStock_165873471_WP_02.webp 1024w\" sizes=\"auto, (max-width: 1024px) 100vw, 1024px\" \/><figcaption class=\"wp-element-caption\">Punta de s&#8217;Espero. Por photobeginner<\/figcaption><\/figure>\n\n\n\n<p>Por su parte, el punto m\u00e1s oriental de Espa\u00f1a ser\u00eda <strong>el que est\u00e1 m\u00e1s al este del <\/strong><a href=\"https:\/\/www.escapadarural.com\/blog\/mapa-de-las-pinturas-que-retratan-la-historia-de-espana\/\"><strong>mapa<\/strong><\/a>. Y, en este caso, tenemos que viajar hasta las Islas Baleares, a Menorca. La <strong>punta de s&#8217;Espero, situada en la zona de <a href=\"\/casas-rurales\/mao_islas-baleares\">Mah\u00f3n<\/a><\/strong>, es el primer lugar del pa\u00eds por donde sale el sol.&nbsp;<\/p>\n\n\n\n<p>Esta punta se encuentra en uno de los extremos de la <strong>fortaleza de Isabel II,<\/strong> tambi\u00e9n conocida como fortaleza de la Mola. Un antiguo complejo militar que defend\u00eda la entrada al puerto de Mah\u00f3n y cuya construcci\u00f3n, en el siglo XIX, se debe a la reina hom\u00f3nima. Actualmente, la entrada a la fortaleza est\u00e1 cerrada temporalmente.&nbsp;<\/p>\n\n\n\n<p>La zona del cabo es bastante abrupta, aunque es posible <strong>acercarse hasta all\u00ed desde la cala Teulera<\/strong> atravesando el terreno. La mejor forma de disfrutar de sus vistas, no obstante, es desde el mar.&nbsp;<\/p>\n\n\n\n<p>Si nos ce\u00f1imos a la pen\u00ednsula ib\u00e9rica, el punto m\u00e1s oriental ser\u00eda el <a href=\"\/casas-rurales\/cap-de-creus\">cabo de Creus<\/a>, en Girona. Un parque natural escarpado y rocoso situado en el golfo de Rosas. Justo al lado, adem\u00e1s, est\u00e1n los pueblos de Portlligat y Cadaqu\u00e9s, muy ligados al artista Dal\u00ed.&nbsp;<\/p>\n\n\n\n<div class=\"wp-block-buttons is-layout-flex wp-block-buttons-is-layout-flex\">\n<div class=\"wp-block-button\"><a class=\"wp-block-button__link wp-element-button\" href=\"\/casas-rurales\/menorca\">Alojamientos rurales en Menorca<\/a><\/div>\n<\/div>\n\n\n\n<h2 class=\"wp-block-heading\" id=\"h-el-extremo-mas-occidental-de-espana\">El extremo m\u00e1s occidental de Espa\u00f1a<\/h2>\n\n\n\n<figure class=\"wp-block-image size-full\"><img loading=\"lazy\" decoding=\"async\" width=\"1024\" height=\"683\" src=\"https:\/\/www.escapadarural.com\/blog\/wp-content\/uploads\/2024\/12\/AdobeStock_482242418_WP_05.webp\" alt=\"Faro de Orchilla, uno de los extremos de Espa\u00f1a\" class=\"wp-image-185887\" srcset=\"https:\/\/www.escapadarural.com\/blog\/wp-content\/uploads\/2024\/12\/AdobeStock_482242418_WP_05-200x133.webp 200w, https:\/\/www.escapadarural.com\/blog\/wp-content\/uploads\/2024\/12\/AdobeStock_482242418_WP_05-300x200.webp 300w, https:\/\/www.escapadarural.com\/blog\/wp-content\/uploads\/2024\/12\/AdobeStock_482242418_WP_05-400x267.webp 400w, https:\/\/www.escapadarural.com\/blog\/wp-content\/uploads\/2024\/12\/AdobeStock_482242418_WP_05-600x400.webp 600w, https:\/\/www.escapadarural.com\/blog\/wp-content\/uploads\/2024\/12\/AdobeStock_482242418_WP_05-768x512.webp 768w, https:\/\/www.escapadarural.com\/blog\/wp-content\/uploads\/2024\/12\/AdobeStock_482242418_WP_05-800x534.webp 800w, https:\/\/www.escapadarural.com\/blog\/wp-content\/uploads\/2024\/12\/AdobeStock_482242418_WP_05.webp 1024w\" sizes=\"auto, (max-width: 1024px) 100vw, 1024px\" \/><figcaption class=\"wp-element-caption\">Faro de Orchilla, uno de los extremos de Espa\u00f1a. Por Neissl<\/figcaption><\/figure>\n\n\n\n<p>Volvemos a las <a href=\"https:\/\/www.escapadarural.com\/blog\/los-7-imprescindibles-en-tu-escapada-rural-a-las-islas-canarias\/\" title=\"7 imprescindibles para visitar las Islas Canarias\" data-wpil-monitor-id=\"4\">Islas Canarias<\/a>, a El Hierro. El extremo m\u00e1s occidental de Espa\u00f1a -o lo que es lo mismo, el punto m\u00e1s al oeste- <strong>es punta Orchilla, en el municipio de El Pinar<\/strong>. Este lugar, adem\u00e1s de ser el entrante m\u00e1s occidental de nuestro pa\u00eds, tiene otra particularidad: <strong>es donde estaba el meridiano 0<\/strong>. De ah\u00ed que El Hierro sea conocida como la isla del meridiano.&nbsp;<\/p>\n\n\n\n<p>Los meridianos son un sistema de medici\u00f3n utilizado desde la antig\u00fcedad. Tal y como podemos leer en el monumento de punta Orchilla, <strong>los franceses marcaron el meridiano 0 en este lugar en 1634<\/strong>. Sin embargo, poco menos de tres siglos despu\u00e9s, en la Conferencia Meridiana Internacional de Washington, por votaci\u00f3n de 22 pa\u00edses, se estableci\u00f3 que el primer meridiano ser\u00eda Greenwich, donde actualmente sigue situado. Desde el Real Observatorio de Greenwich, en Londres, se miden todas las longitudes del mundo.&nbsp;<\/p>\n\n\n\n<figure class=\"wp-block-image size-full\"><img loading=\"lazy\" decoding=\"async\" width=\"1024\" height=\"768\" src=\"https:\/\/www.escapadarural.com\/blog\/wp-content\/uploads\/2024\/12\/AdobeStock_241037315_WP_03.webp\" alt=\"Monumento al meridiano 0\" class=\"wp-image-185885\" srcset=\"https:\/\/www.escapadarural.com\/blog\/wp-content\/uploads\/2024\/12\/AdobeStock_241037315_WP_03-200x150.webp 200w, https:\/\/www.escapadarural.com\/blog\/wp-content\/uploads\/2024\/12\/AdobeStock_241037315_WP_03-300x225.webp 300w, https:\/\/www.escapadarural.com\/blog\/wp-content\/uploads\/2024\/12\/AdobeStock_241037315_WP_03-400x300.webp 400w, https:\/\/www.escapadarural.com\/blog\/wp-content\/uploads\/2024\/12\/AdobeStock_241037315_WP_03-600x450.webp 600w, https:\/\/www.escapadarural.com\/blog\/wp-content\/uploads\/2024\/12\/AdobeStock_241037315_WP_03-768x576.webp 768w, https:\/\/www.escapadarural.com\/blog\/wp-content\/uploads\/2024\/12\/AdobeStock_241037315_WP_03-800x600.webp 800w, https:\/\/www.escapadarural.com\/blog\/wp-content\/uploads\/2024\/12\/AdobeStock_241037315_WP_03.webp 1024w\" sizes=\"auto, (max-width: 1024px) 100vw, 1024px\" \/><figcaption class=\"wp-element-caption\">Monumento al meridiano 0. Por dr322<\/figcaption><\/figure>\n\n\n\n<p>La l\u00ednea imaginaria del <strong>meridiano de Greenwich pasa por la <a href=\"https:\/\/www.escapadarural.com\/blog\/lugares-prehistoria-peninsula\/\" title=\"10 lugares m\u00e1gicos de la Prehistoria en la Pen\u00ednsula ib\u00e9rica\" data-wpil-monitor-id=\"3\">pen\u00ednsula ib\u00e9rica<\/a><\/strong>. La podemos cruzar en la autopista Zaragoza-Fraga.&nbsp;Como curiosidad, el opuesto es el meridiano 180, que se encuentra en medio del Pac\u00edfico. Las islas por donde pasa pueden elegir estar al este u oeste del meridiano; por eso entre algunas de ellas, aunque est\u00e1n al lado, hay 24 horas de diferencia.&nbsp;<\/p>\n\n\n\n<p>El punto <strong>m\u00e1s occidental de la pen\u00ednsula ib\u00e9rica<\/strong> ser\u00eda cabo Touri\u00f1\u00e1n, en A Coru\u00f1a.&nbsp;<\/p>\n\n\n\n<h2 class=\"wp-block-heading\" id=\"h-el-punto-mas-alto-de-espana\">El punto m\u00e1s alto de Espa\u00f1a<\/h2>\n\n\n\n<figure class=\"wp-block-image size-full\"><img loading=\"lazy\" decoding=\"async\" width=\"1024\" height=\"544\" src=\"https:\/\/www.escapadarural.com\/blog\/wp-content\/uploads\/2024\/12\/AdobeStock_108142476_WP_01.webp\" alt=\"El Teide, Tenerife\" class=\"wp-image-185883\" srcset=\"https:\/\/www.escapadarural.com\/blog\/wp-content\/uploads\/2024\/12\/AdobeStock_108142476_WP_01-200x106.webp 200w, https:\/\/www.escapadarural.com\/blog\/wp-content\/uploads\/2024\/12\/AdobeStock_108142476_WP_01-300x159.webp 300w, https:\/\/www.escapadarural.com\/blog\/wp-content\/uploads\/2024\/12\/AdobeStock_108142476_WP_01-400x213.webp 400w, https:\/\/www.escapadarural.com\/blog\/wp-content\/uploads\/2024\/12\/AdobeStock_108142476_WP_01-600x319.webp 600w, https:\/\/www.escapadarural.com\/blog\/wp-content\/uploads\/2024\/12\/AdobeStock_108142476_WP_01-768x408.webp 768w, https:\/\/www.escapadarural.com\/blog\/wp-content\/uploads\/2024\/12\/AdobeStock_108142476_WP_01-800x425.webp 800w, https:\/\/www.escapadarural.com\/blog\/wp-content\/uploads\/2024\/12\/AdobeStock_108142476_WP_01.webp 1024w\" sizes=\"auto, (max-width: 1024px) 100vw, 1024px\" \/><figcaption class=\"wp-element-caption\">El Teide, Tenerife. Por JFL Photography<\/figcaption><\/figure>\n\n\n\n<p>Este nos lo sabemos todos. El punto m\u00e1s alto de Espa\u00f1a, <strong>con 3.718 metros, es El Teide<\/strong>. Situado en el centro de la isla de Tenerife, tambi\u00e9n es rese\u00f1able decir que se trata del tercer volc\u00e1n m\u00e1s alto del mundo, por detr\u00e1s de Mauna Kea y Mauna Loa, en Haw\u00e1i.<\/p>\n\n\n\n<p>Su origen volc\u00e1nico y la riqueza de su vegetaci\u00f3n han hecho que El Teide no solo sea <strong>uno de los <a href=\"https:\/\/www.escapadarural.com\/blog\/parques-nacionales-mas-grandes-espana\/\" title=\"Los parques nacionales m\u00e1s grandes de Espa\u00f1a (y todas sus bondades)\" data-wpil-monitor-id=\"1\">parques nacionales de Espa\u00f1a<\/a> m\u00e1s visitados<\/strong>, sino que, desde 2007, es Patrimonio de la Humanidad por la UNESCO.&nbsp;<\/p>\n\n\n\n<p>La belleza del lugar se puede apreciar desde sus alrededores, incluso circulando por la carretera que nos lleva hasta su telef\u00e9rico. Con \u00e9l podemos subir hasta los 3.555 metros. De ah\u00ed, para llegar hasta la cima, habr\u00e1 que caminar unos 40 minutos por un sendero con dificultad alta. De optar por esta opci\u00f3n, adem\u00e1s, <strong>se necesita un permiso especial gratuito<\/strong> que se obtiene en la <a href=\"https:\/\/www.reservasparquesnacionales.es\/real\/ParquesNac\" target=\"_blank\" rel=\"noreferrer noopener nofollow\">web del parque<\/a>.&nbsp;<\/p>\n\n\n\n<p>En los d\u00edas despejados dicen que se pueden ver otras islas como <a href=\"\/casas-rurales\/gran-canaria\">Gran Canaria<\/a>, <a href=\"\/casas-rurales\/la-gomera\">La Gomera<\/a>, <a href=\"\/casas-rurales\/la-palma_zona-turistica\">La Palma<\/a> o El Hierro.&nbsp;<\/p>\n\n\n\n<p>En la pen\u00ednsula ib\u00e9rica el punto m\u00e1s alto est\u00e1 a 3.478 metros sobre el nivel del mar. Se trata del Mulhac\u00e9n, en <a href=\"\/casas-rurales\/sierra-nevada\">Sierra Nevada<\/a>, Granada.&nbsp;<\/p>\n\n\n\n<div class=\"wp-block-buttons is-layout-flex wp-block-buttons-is-layout-flex\">\n<div class=\"wp-block-button\"><a class=\"wp-block-button__link wp-element-button\" href=\"\/casas-rurales\/tenerife\">Alojamientos rurales en Tenerife<\/a><\/div>\n<\/div>\n\n\n<div style=\"background-color: #dff0d8; color: #3c763d; border-left-color: #3c763d; \" class=\"ub-styled-box ub-notification-box wp-block-ub-styled-box\" id=\"ub-styled-box-14dd53fa-3dae-4b30-abe4-a9f932143243\">\n<p id=\"ub-styled-box-notification-content-\"><strong>La cota 0 en Espa\u00f1a<\/strong><\/p>\n\n\n\n<p>\u00bf. Esto es as\u00ed porque la costa de Alicante es la que menor diferencia presenta del nivel del mar entre la pleamar y la bajamar. En el Ayuntamiento de Alicante, situado en un antiguo palacio barroco, hay un cartel explicativo donde se habla de la cota 0.\u00a0<\/p>\n\n\n<\/div>","protected":false},"excerpt":{"rendered":"<p>Un viaje a los extremos de Espa\u00f1a: \u00bfCu\u00e1l es el punto m\u00e1s septentrional? \u00bfY el primer lugar en recibir al sol? <\/p>\n","protected":false},"author":89,"featured_media":185886,"comment_status":"open","ping_status":"open","sticky":false,"template":"","format":"standard","meta":{"_acf_changed":false,"om_disable_all_campaigns":false,"footnotes":""},"categories":[231],"tags":[6008],"class_list":["post-185881","post","type-post","status-publish","format-standard","has-post-thumbnail","hentry","category-arte-y-cultura","tag-que-ver-en-espana"],"acf":[],"featured_image_src":"https:\/\/www.escapadarural.com\/blog\/wp-content\/uploads\/2024\/12\/AdobeStock_418131745_WP_04.webp","author_info":{"display_name":"Laura Fern\u00e1ndez","author_link":"https:\/\/www.escapadarural.com\/blog\/autor\/laura\/"},"yoast_head":"<!-- This site is optimized with the Yoast SEO plugin v27.5 - https:\/\/yoast.com\/product\/yoast-seo-wordpress\/ -->\n<title>Los extremos de Espa\u00f1a: de punta a punta por el mapa<\/title>\n<meta name=\"description\" content=\"Un viaje a los extremos de Espa\u00f1a: \u00bfCu\u00e1l es el punto m\u00e1s septentrional? \u00bfY el primer lugar en recibir al sol?\" \/>\n<meta name=\"robots\" content=\"index, follow, max-snippet:-1, max-image-preview:large, max-video-preview:-1\" \/>\n<link rel=\"canonical\" href=\"https:\/\/www.escapadarural.com\/blog\/los-extremos-de-espana\/\" \/>\n<meta property=\"og:locale\" content=\"es_ES\" \/>\n<meta property=\"og:type\" content=\"article\" \/>\n<meta property=\"og:title\" content=\"Los extremos de Espa\u00f1a: de punta a punta por el mapa\" \/>\n<meta property=\"og:description\" content=\"Un viaje a los extremos de Espa\u00f1a: \u00bfCu\u00e1l es el punto m\u00e1s septentrional? \u00bfY el primer lugar en recibir al sol?\" \/>\n<meta property=\"og:url\" content=\"https:\/\/www.escapadarural.com\/blog\/los-extremos-de-espana\/\" \/>\n<meta property=\"og:site_name\" content=\"Magazine de viajes de EscapadaRural\" \/>\n<meta property=\"article:publisher\" content=\"https:\/\/www.facebook.com\/escapadarural\" \/>\n<meta property=\"article:published_time\" content=\"2025-01-03T08:38:27+00:00\" \/>\n<meta property=\"article:modified_time\" content=\"2025-03-12T16:41:00+00:00\" \/>\n<meta property=\"og:image\" content=\"https:\/\/www.escapadarural.com\/blog\/wp-content\/uploads\/2024\/12\/AdobeStock_418131745_WP_04.webp\" \/>\n\t<meta property=\"og:image:width\" content=\"1024\" \/>\n\t<meta property=\"og:image:height\" content=\"433\" \/>\n\t<meta property=\"og:image:type\" content=\"image\/webp\" \/>\n<meta name=\"author\" content=\"Laura Fern\u00e1ndez\" \/>\n<meta name=\"twitter:card\" content=\"summary_large_image\" \/>\n<meta name=\"twitter:label1\" content=\"Escrito por\" \/>\n\t<meta name=\"twitter:data1\" content=\"Laura Fern\u00e1ndez\" \/>\n\t<meta name=\"twitter:label2\" content=\"Tiempo de lectura\" \/>\n\t<meta name=\"twitter:data2\" content=\"8 minutos\" \/>\n<script type=\"application\/ld+json\" class=\"yoast-schema-graph\">{\"@context\":\"https:\\\/\\\/schema.org\",\"@graph\":[{\"@type\":\"Article\",\"@id\":\"https:\\\/\\\/www.escapadarural.com\\\/blog\\\/los-extremos-de-espana\\\/#article\",\"isPartOf\":{\"@id\":\"https:\\\/\\\/www.escapadarural.com\\\/blog\\\/los-extremos-de-espana\\\/\"},\"author\":{\"name\":\"Laura Fern\u00e1ndez\",\"@id\":\"https:\\\/\\\/www.escapadarural.com\\\/blog\\\/#\\\/schema\\\/person\\\/a9b46ae4d047d8a2c719f31e75206cff\"},\"headline\":\"Los extremos de Espa\u00f1a: de punta a punta por el mapa\",\"datePublished\":\"2025-01-03T08:38:27+00:00\",\"dateModified\":\"2025-03-12T16:41:00+00:00\",\"mainEntityOfPage\":{\"@id\":\"https:\\\/\\\/www.escapadarural.com\\\/blog\\\/los-extremos-de-espana\\\/\"},\"wordCount\":1377,\"commentCount\":0,\"publisher\":{\"@id\":\"https:\\\/\\\/www.escapadarural.com\\\/blog\\\/#organization\"},\"image\":{\"@id\":\"https:\\\/\\\/www.escapadarural.com\\\/blog\\\/los-extremos-de-espana\\\/#primaryimage\"},\"thumbnailUrl\":\"https:\\\/\\\/www.escapadarural.com\\\/blog\\\/wp-content\\\/uploads\\\/2024\\\/12\\\/AdobeStock_418131745_WP_04.webp\",\"keywords\":[\"Qu\u00e9 ver en Espa\u00f1a\"],\"articleSection\":[\"Arte y Cultura\"],\"inLanguage\":\"es\",\"potentialAction\":[{\"@type\":\"CommentAction\",\"name\":\"Comment\",\"target\":[\"https:\\\/\\\/www.escapadarural.com\\\/blog\\\/los-extremos-de-espana\\\/#respond\"]}]},{\"@type\":\"WebPage\",\"@id\":\"https:\\\/\\\/www.escapadarural.com\\\/blog\\\/los-extremos-de-espana\\\/\",\"url\":\"https:\\\/\\\/www.escapadarural.com\\\/blog\\\/los-extremos-de-espana\\\/\",\"name\":\"Los extremos de Espa\u00f1a: de punta a punta por el mapa\",\"isPartOf\":{\"@id\":\"https:\\\/\\\/www.escapadarural.com\\\/blog\\\/#website\"},\"primaryImageOfPage\":{\"@id\":\"https:\\\/\\\/www.escapadarural.com\\\/blog\\\/los-extremos-de-espana\\\/#primaryimage\"},\"image\":{\"@id\":\"https:\\\/\\\/www.escapadarural.com\\\/blog\\\/los-extremos-de-espana\\\/#primaryimage\"},\"thumbnailUrl\":\"https:\\\/\\\/www.escapadarural.com\\\/blog\\\/wp-content\\\/uploads\\\/2024\\\/12\\\/AdobeStock_418131745_WP_04.webp\",\"datePublished\":\"2025-01-03T08:38:27+00:00\",\"dateModified\":\"2025-03-12T16:41:00+00:00\",\"description\":\"Un viaje a los extremos de Espa\u00f1a: \u00bfCu\u00e1l es el punto m\u00e1s septentrional? \u00bfY el primer lugar en recibir al sol?\",\"breadcrumb\":{\"@id\":\"https:\\\/\\\/www.escapadarural.com\\\/blog\\\/los-extremos-de-espana\\\/#breadcrumb\"},\"inLanguage\":\"es\",\"potentialAction\":[{\"@type\":\"ReadAction\",\"target\":[\"https:\\\/\\\/www.escapadarural.com\\\/blog\\\/los-extremos-de-espana\\\/\"]}]},{\"@type\":\"ImageObject\",\"inLanguage\":\"es\",\"@id\":\"https:\\\/\\\/www.escapadarural.com\\\/blog\\\/los-extremos-de-espana\\\/#primaryimage\",\"url\":\"https:\\\/\\\/www.escapadarural.com\\\/blog\\\/wp-content\\\/uploads\\\/2024\\\/12\\\/AdobeStock_418131745_WP_04.webp\",\"contentUrl\":\"https:\\\/\\\/www.escapadarural.com\\\/blog\\\/wp-content\\\/uploads\\\/2024\\\/12\\\/AdobeStock_418131745_WP_04.webp\",\"width\":1024,\"height\":433,\"caption\":\"Punta de Estaca de bares, uno de los extremos de Espa\u00f1a. Por pedro\"},{\"@type\":\"BreadcrumbList\",\"@id\":\"https:\\\/\\\/www.escapadarural.com\\\/blog\\\/los-extremos-de-espana\\\/#breadcrumb\",\"itemListElement\":[{\"@type\":\"ListItem\",\"position\":1,\"name\":\"Inicio\",\"item\":\"https:\\\/\\\/www.escapadarural.com\\\/blog\\\/\"},{\"@type\":\"ListItem\",\"position\":2,\"name\":\"Arte y Cultura\",\"item\":\"https:\\\/\\\/www.escapadarural.com\\\/blog\\\/categoria\\\/arte-y-cultura\\\/\"},{\"@type\":\"ListItem\",\"position\":3,\"name\":\"Los extremos de Espa\u00f1a: de punta a punta por el mapa\"}]},{\"@type\":\"WebSite\",\"@id\":\"https:\\\/\\\/www.escapadarural.com\\\/blog\\\/#website\",\"url\":\"https:\\\/\\\/www.escapadarural.com\\\/blog\\\/\",\"name\":\"Blog de viajes | turismo rural, alojamientos e inspiraci\u00f3n\",\"description\":\"Alojamientos rurales e inspiraci\u00f3n para tus escapadas\",\"publisher\":{\"@id\":\"https:\\\/\\\/www.escapadarural.com\\\/blog\\\/#organization\"},\"alternateName\":\"Magazine de viajes de EscapadaRural\",\"potentialAction\":[{\"@type\":\"SearchAction\",\"target\":{\"@type\":\"EntryPoint\",\"urlTemplate\":\"https:\\\/\\\/www.escapadarural.com\\\/blog\\\/?s={search_term_string}\"},\"query-input\":{\"@type\":\"PropertyValueSpecification\",\"valueRequired\":true,\"valueName\":\"search_term_string\"}}],\"inLanguage\":\"es\"},{\"@type\":\"Organization\",\"@id\":\"https:\\\/\\\/www.escapadarural.com\\\/blog\\\/#organization\",\"name\":\"EscapadaRural\",\"url\":\"https:\\\/\\\/www.escapadarural.com\\\/blog\\\/\",\"logo\":{\"@type\":\"ImageObject\",\"inLanguage\":\"es\",\"@id\":\"https:\\\/\\\/www.escapadarural.com\\\/blog\\\/#\\\/schema\\\/logo\\\/image\\\/\",\"url\":\"https:\\\/\\\/www.escapadarural.com\\\/blog\\\/wp-content\\\/uploads\\\/2024\\\/10\\\/cropped-cropped-escapada-rural-icon-mag-3.png\",\"contentUrl\":\"https:\\\/\\\/www.escapadarural.com\\\/blog\\\/wp-content\\\/uploads\\\/2024\\\/10\\\/cropped-cropped-escapada-rural-icon-mag-3.png\",\"width\":512,\"height\":512,\"caption\":\"EscapadaRural\"},\"image\":{\"@id\":\"https:\\\/\\\/www.escapadarural.com\\\/blog\\\/#\\\/schema\\\/logo\\\/image\\\/\"},\"sameAs\":[\"https:\\\/\\\/www.facebook.com\\\/escapadarural\",\"https:\\\/\\\/www.instagram.com\\\/escapadarural\\\/\",\"https:\\\/\\\/www.youtube.com\\\/@escapadaruralcom\"]},{\"@type\":\"Person\",\"@id\":\"https:\\\/\\\/www.escapadarural.com\\\/blog\\\/#\\\/schema\\\/person\\\/a9b46ae4d047d8a2c719f31e75206cff\",\"name\":\"Laura Fern\u00e1ndez\",\"image\":{\"@type\":\"ImageObject\",\"inLanguage\":\"es\",\"@id\":\"https:\\\/\\\/www.escapadarural.com\\\/blog\\\/wp-content\\\/uploads\\\/2025\\\/01\\\/cropped-laura_raponchii-96x96.jpg\",\"url\":\"https:\\\/\\\/www.escapadarural.com\\\/blog\\\/wp-content\\\/uploads\\\/2025\\\/01\\\/cropped-laura_raponchii-96x96.jpg\",\"contentUrl\":\"https:\\\/\\\/www.escapadarural.com\\\/blog\\\/wp-content\\\/uploads\\\/2025\\\/01\\\/cropped-laura_raponchii-96x96.jpg\",\"caption\":\"Laura Fern\u00e1ndez\"},\"description\":\"Periodista, blogger y viajera. No necesariamente en ese orden. En ocasiones me despierto sin saber d\u00f3nde estoy. Adicta a los c\u00f3mics y a los noodles con salsa de cacahuete. Redactora en @escapadarural, colaboradora en la Conde Nast Traveler y en la Divinity. Mi casa: Meridiano180.\",\"sameAs\":[\"http:\\\/\\\/www.meridiano180.com\\\/\"],\"url\":\"https:\\\/\\\/www.escapadarural.com\\\/blog\\\/autor\\\/laura\\\/\"}]}<\/script>\n<!-- \/ Yoast SEO plugin. -->","yoast_head_json":{"title":"Los extremos de Espa\u00f1a: de punta a punta por el mapa","description":"Un viaje a los extremos de Espa\u00f1a: \u00bfCu\u00e1l es el punto m\u00e1s septentrional? \u00bfY el primer lugar en recibir al sol?","robots":{"index":"index","follow":"follow","max-snippet":"max-snippet:-1","max-image-preview":"max-image-preview:large","max-video-preview":"max-video-preview:-1"},"canonical":"https:\/\/www.escapadarural.com\/blog\/los-extremos-de-espana\/","og_locale":"es_ES","og_type":"article","og_title":"Los extremos de Espa\u00f1a: de punta a punta por el mapa","og_description":"Un viaje a los extremos de Espa\u00f1a: \u00bfCu\u00e1l es el punto m\u00e1s septentrional? \u00bfY el primer lugar en recibir al sol?","og_url":"https:\/\/www.escapadarural.com\/blog\/los-extremos-de-espana\/","og_site_name":"Magazine de viajes de EscapadaRural","article_publisher":"https:\/\/www.facebook.com\/escapadarural","article_published_time":"2025-01-03T08:38:27+00:00","article_modified_time":"2025-03-12T16:41:00+00:00","og_image":[{"width":1024,"height":433,"url":"https:\/\/www.escapadarural.com\/blog\/wp-content\/uploads\/2024\/12\/AdobeStock_418131745_WP_04.webp","type":"image\/webp"}],"author":"Laura Fern\u00e1ndez","twitter_card":"summary_large_image","twitter_misc":{"Escrito por":"Laura Fern\u00e1ndez","Tiempo de lectura":"8 minutos"},"schema":{"@context":"https:\/\/schema.org","@graph":[{"@type":"Article","@id":"https:\/\/www.escapadarural.com\/blog\/los-extremos-de-espana\/#article","isPartOf":{"@id":"https:\/\/www.escapadarural.com\/blog\/los-extremos-de-espana\/"},"author":{"name":"Laura Fern\u00e1ndez","@id":"https:\/\/www.escapadarural.com\/blog\/#\/schema\/person\/a9b46ae4d047d8a2c719f31e75206cff"},"headline":"Los extremos de Espa\u00f1a: de punta a punta por el mapa","datePublished":"2025-01-03T08:38:27+00:00","dateModified":"2025-03-12T16:41:00+00:00","mainEntityOfPage":{"@id":"https:\/\/www.escapadarural.com\/blog\/los-extremos-de-espana\/"},"wordCount":1377,"commentCount":0,"publisher":{"@id":"https:\/\/www.escapadarural.com\/blog\/#organization"},"image":{"@id":"https:\/\/www.escapadarural.com\/blog\/los-extremos-de-espana\/#primaryimage"},"thumbnailUrl":"https:\/\/www.escapadarural.com\/blog\/wp-content\/uploads\/2024\/12\/AdobeStock_418131745_WP_04.webp","keywords":["Qu\u00e9 ver en Espa\u00f1a"],"articleSection":["Arte y Cultura"],"inLanguage":"es","potentialAction":[{"@type":"CommentAction","name":"Comment","target":["https:\/\/www.escapadarural.com\/blog\/los-extremos-de-espana\/#respond"]}]},{"@type":"WebPage","@id":"https:\/\/www.escapadarural.com\/blog\/los-extremos-de-espana\/","url":"https:\/\/www.escapadarural.com\/blog\/los-extremos-de-espana\/","name":"Los extremos de Espa\u00f1a: de punta a punta por el mapa","isPartOf":{"@id":"https:\/\/www.escapadarural.com\/blog\/#website"},"primaryImageOfPage":{"@id":"https:\/\/www.escapadarural.com\/blog\/los-extremos-de-espana\/#primaryimage"},"image":{"@id":"https:\/\/www.escapadarural.com\/blog\/los-extremos-de-espana\/#primaryimage"},"thumbnailUrl":"https:\/\/www.escapadarural.com\/blog\/wp-content\/uploads\/2024\/12\/AdobeStock_418131745_WP_04.webp","datePublished":"2025-01-03T08:38:27+00:00","dateModified":"2025-03-12T16:41:00+00:00","description":"Un viaje a los extremos de Espa\u00f1a: \u00bfCu\u00e1l es el punto m\u00e1s septentrional? \u00bfY el primer lugar en recibir al sol?","breadcrumb":{"@id":"https:\/\/www.escapadarural.com\/blog\/los-extremos-de-espana\/#breadcrumb"},"inLanguage":"es","potentialAction":[{"@type":"ReadAction","target":["https:\/\/www.escapadarural.com\/blog\/los-extremos-de-espana\/"]}]},{"@type":"ImageObject","inLanguage":"es","@id":"https:\/\/www.escapadarural.com\/blog\/los-extremos-de-espana\/#primaryimage","url":"https:\/\/www.escapadarural.com\/blog\/wp-content\/uploads\/2024\/12\/AdobeStock_418131745_WP_04.webp","contentUrl":"https:\/\/www.escapadarural.com\/blog\/wp-content\/uploads\/2024\/12\/AdobeStock_418131745_WP_04.webp","width":1024,"height":433,"caption":"Punta de Estaca de bares, uno de los extremos de Espa\u00f1a. Por pedro"},{"@type":"BreadcrumbList","@id":"https:\/\/www.escapadarural.com\/blog\/los-extremos-de-espana\/#breadcrumb","itemListElement":[{"@type":"ListItem","position":1,"name":"Inicio","item":"https:\/\/www.escapadarural.com\/blog\/"},{"@type":"ListItem","position":2,"name":"Arte y Cultura","item":"https:\/\/www.escapadarural.com\/blog\/categoria\/arte-y-cultura\/"},{"@type":"ListItem","position":3,"name":"Los extremos de Espa\u00f1a: de punta a punta por el mapa"}]},{"@type":"WebSite","@id":"https:\/\/www.escapadarural.com\/blog\/#website","url":"https:\/\/www.escapadarural.com\/blog\/","name":"Blog de viajes | turismo rural, alojamientos e inspiraci\u00f3n","description":"Alojamientos rurales e inspiraci\u00f3n para tus escapadas","publisher":{"@id":"https:\/\/www.escapadarural.com\/blog\/#organization"},"alternateName":"Magazine de viajes de EscapadaRural","potentialAction":[{"@type":"SearchAction","target":{"@type":"EntryPoint","urlTemplate":"https:\/\/www.escapadarural.com\/blog\/?s={search_term_string}"},"query-input":{"@type":"PropertyValueSpecification","valueRequired":true,"valueName":"search_term_string"}}],"inLanguage":"es"},{"@type":"Organization","@id":"https:\/\/www.escapadarural.com\/blog\/#organization","name":"EscapadaRural","url":"https:\/\/www.escapadarural.com\/blog\/","logo":{"@type":"ImageObject","inLanguage":"es","@id":"https:\/\/www.escapadarural.com\/blog\/#\/schema\/logo\/image\/","url":"https:\/\/www.escapadarural.com\/blog\/wp-content\/uploads\/2024\/10\/cropped-cropped-escapada-rural-icon-mag-3.png","contentUrl":"https:\/\/www.escapadarural.com\/blog\/wp-content\/uploads\/2024\/10\/cropped-cropped-escapada-rural-icon-mag-3.png","width":512,"height":512,"caption":"EscapadaRural"},"image":{"@id":"https:\/\/www.escapadarural.com\/blog\/#\/schema\/logo\/image\/"},"sameAs":["https:\/\/www.facebook.com\/escapadarural","https:\/\/www.instagram.com\/escapadarural\/","https:\/\/www.youtube.com\/@escapadaruralcom"]},{"@type":"Person","@id":"https:\/\/www.escapadarural.com\/blog\/#\/schema\/person\/a9b46ae4d047d8a2c719f31e75206cff","name":"Laura Fern\u00e1ndez","image":{"@type":"ImageObject","inLanguage":"es","@id":"https:\/\/www.escapadarural.com\/blog\/wp-content\/uploads\/2025\/01\/cropped-laura_raponchii-96x96.jpg","url":"https:\/\/www.escapadarural.com\/blog\/wp-content\/uploads\/2025\/01\/cropped-laura_raponchii-96x96.jpg","contentUrl":"https:\/\/www.escapadarural.com\/blog\/wp-content\/uploads\/2025\/01\/cropped-laura_raponchii-96x96.jpg","caption":"Laura Fern\u00e1ndez"},"description":"Periodista, blogger y viajera. No necesariamente en ese orden. En ocasiones me despierto sin saber d\u00f3nde estoy. Adicta a los c\u00f3mics y a los noodles con salsa de cacahuete. Redactora en @escapadarural, colaboradora en la Conde Nast Traveler y en la Divinity. Mi casa: Meridiano180.","sameAs":["http:\/\/www.meridiano180.com\/"],"url":"https:\/\/www.escapadarural.com\/blog\/autor\/laura\/"}]}},"_links":{"self":[{"href":"https:\/\/www.escapadarural.com\/blog\/wp-json\/wp\/v2\/posts\/185881","targetHints":{"allow":["GET"]}}],"collection":[{"href":"https:\/\/www.escapadarural.com\/blog\/wp-json\/wp\/v2\/posts"}],"about":[{"href":"https:\/\/www.escapadarural.com\/blog\/wp-json\/wp\/v2\/types\/post"}],"author":[{"embeddable":true,"href":"https:\/\/www.escapadarural.com\/blog\/wp-json\/wp\/v2\/users\/89"}],"replies":[{"embeddable":true,"href":"https:\/\/www.escapadarural.com\/blog\/wp-json\/wp\/v2\/comments?post=185881"}],"version-history":[{"count":0,"href":"https:\/\/www.escapadarural.com\/blog\/wp-json\/wp\/v2\/posts\/185881\/revisions"}],"wp:featuredmedia":[{"embeddable":true,"href":"https:\/\/www.escapadarural.com\/blog\/wp-json\/wp\/v2\/media\/185886"}],"wp:attachment":[{"href":"https:\/\/www.escapadarural.com\/blog\/wp-json\/wp\/v2\/media?parent=185881"}],"wp:term":[{"taxonomy":"category","embeddable":true,"href":"https:\/\/www.escapadarural.com\/blog\/wp-json\/wp\/v2\/categories?post=185881"},{"taxonomy":"post_tag","embeddable":true,"href":"https:\/\/www.escapadarural.com\/blog\/wp-json\/wp\/v2\/tags?post=185881"}],"curies":[{"name":"wp","href":"https:\/\/api.w.org\/{rel}","templated":true}]}}