{"id":186375,"date":"2025-01-16T08:00:00","date_gmt":"2025-01-16T06:00:00","guid":{"rendered":"https:\/\/www.escapadarural.com\/blog\/?p=186375"},"modified":"2025-02-11T18:16:35","modified_gmt":"2025-02-11T16:16:35","slug":"que-ver-en-comares-axarquia-malaguena","status":"publish","type":"post","link":"https:\/\/www.escapadarural.com\/blog\/que-ver-en-comares-axarquia-malaguena\/","title":{"rendered":"Comares, un balc\u00f3n \u00e1rabe a la Axarqu\u00eda malague\u00f1a"},"content":{"rendered":"\n<figure class=\"wp-block-image size-full\"><img loading=\"lazy\" decoding=\"async\" width=\"1024\" height=\"768\" src=\"https:\/\/www.escapadarural.com\/blog\/wp-content\/uploads\/2025\/01\/comares_WP_01.webp\" alt=\"Comares (M\u00e1laga). Por Miguel Frutos\" class=\"wp-image-186376\" srcset=\"https:\/\/www.escapadarural.com\/blog\/wp-content\/uploads\/2025\/01\/comares_WP_01-200x150.webp 200w, https:\/\/www.escapadarural.com\/blog\/wp-content\/uploads\/2025\/01\/comares_WP_01-300x225.webp 300w, https:\/\/www.escapadarural.com\/blog\/wp-content\/uploads\/2025\/01\/comares_WP_01-400x300.webp 400w, https:\/\/www.escapadarural.com\/blog\/wp-content\/uploads\/2025\/01\/comares_WP_01-600x450.webp 600w, https:\/\/www.escapadarural.com\/blog\/wp-content\/uploads\/2025\/01\/comares_WP_01-768x576.webp 768w, https:\/\/www.escapadarural.com\/blog\/wp-content\/uploads\/2025\/01\/comares_WP_01-800x600.webp 800w, https:\/\/www.escapadarural.com\/blog\/wp-content\/uploads\/2025\/01\/comares_WP_01.webp 1024w\" sizes=\"auto, (max-width: 1024px) 100vw, 1024px\" \/><figcaption class=\"wp-element-caption\">Comares (M\u00e1laga). Por <a href=\"https:\/\/commons.wikimedia.org\/wiki\/Category:Comares#\/media\/File:Comares.jpg\/2\" target=\"_blank\" rel=\"noreferrer noopener\">Miguel Frutos<\/a><\/figcaption><\/figure>\n\n\n\n<p>Tierra de verdiales, de olivos, de pasas y de copla. Comares (M\u00e1laga) es ese rinc\u00f3n capaz de hacer que te sientas como en casa, aunque sea la primera vez que lo pisas. As\u00ed es este <strong>pueblo medieval de <a href=\"\/casas-rurales\/axarquia-costa-del-sol\">La Axarqu\u00eda malague\u00f1a<\/a><\/strong>, una comarca a la que se asoma como una m\u00e1gica mancha blanca, <strong>a 703 metros de altura sobre el nivel del mar<\/strong>.<\/p>\n\n\n\n<p>En Comares encontrar\u00e1s un entramado de<strong> calles sinuosas y estrechas cargadas de casas blancas y paredes encaladas<\/strong>. Una bella estampa con olor a jazm\u00edn, salpicada de buganvillas de colores. A su vez, descubrir\u00e1s resquicios de <strong>un pasado \u00e1rabe, presente en la arquitectura de cada uno de los rincones<\/strong>. \u00bfNos acompa\u00f1as a conocer este <strong>bonito pueblo de Andaluc\u00eda<\/strong>?<\/p>\n\n\n\n<figure class=\"wp-block-image size-large\"><img loading=\"lazy\" decoding=\"async\" width=\"1024\" height=\"1023\" src=\"https:\/\/www.escapadarural.com\/blog\/wp-content\/uploads\/2025\/01\/street_in_comares1_WP_01-edited.webp\" alt=\"Calle de Comares (M\u00e1laga). Por Tik\" class=\"wp-image-186396\" srcset=\"https:\/\/www.escapadarural.com\/blog\/wp-content\/uploads\/2025\/01\/street_in_comares1_WP_01-edited-66x66.webp 66w, https:\/\/www.escapadarural.com\/blog\/wp-content\/uploads\/2025\/01\/street_in_comares1_WP_01-edited-150x150.webp 150w, https:\/\/www.escapadarural.com\/blog\/wp-content\/uploads\/2025\/01\/street_in_comares1_WP_01-edited-200x200.webp 200w, https:\/\/www.escapadarural.com\/blog\/wp-content\/uploads\/2025\/01\/street_in_comares1_WP_01-edited-300x300.webp 300w, https:\/\/www.escapadarural.com\/blog\/wp-content\/uploads\/2025\/01\/street_in_comares1_WP_01-edited-400x400.webp 400w, https:\/\/www.escapadarural.com\/blog\/wp-content\/uploads\/2025\/01\/street_in_comares1_WP_01-edited-600x599.webp 600w, https:\/\/www.escapadarural.com\/blog\/wp-content\/uploads\/2025\/01\/street_in_comares1_WP_01-edited-768x767.webp 768w, https:\/\/www.escapadarural.com\/blog\/wp-content\/uploads\/2025\/01\/street_in_comares1_WP_01-edited-800x799.webp 800w, https:\/\/www.escapadarural.com\/blog\/wp-content\/uploads\/2025\/01\/street_in_comares1_WP_01-edited.webp 1024w\" sizes=\"auto, (max-width: 1024px) 100vw, 1024px\" \/><figcaption class=\"wp-element-caption\">Calle de Comares (M\u00e1laga). Por <a href=\"https:\/\/commons.wikimedia.org\/wiki\/Category:Comares#\/media\/File:Street_in_Comares1.jpg\" target=\"_blank\" rel=\"noreferrer noopener\">Tik<\/a><\/figcaption><\/figure>\n\n\n\n<div class=\"wp-block-buttons is-layout-flex wp-block-buttons-is-layout-flex\">\n<div class=\"wp-block-button\"><a class=\"wp-block-button__link wp-element-button\" href=\"\/casas-rurales\/comares\">Alojamientos rurales en Comares<\/a><\/div>\n<\/div>\n\n\n\n<h2 class=\"wp-block-heading\" id=\"h-que-ver-en-comares\">Qu\u00e9 ver en Comares<\/h2>\n\n\n\n<p>Un paseo por las calles de esta localidad de la Axarqu\u00eda te va a transportar en el tiempo, a un pasado cargado de historia. Concretamente, a la \u00e9poca de la ocupaci\u00f3n musulmana. Rodeado de una muralla y coronado por el <strong>castillo de Comares<\/strong>, el municipio te mostrar\u00e1 vestigios de un tiempo en el que <strong>fue un importante refugio defensivo.<\/strong> <\/p>\n\n\n\n<figure class=\"wp-block-image size-full\"><img loading=\"lazy\" decoding=\"async\" width=\"1024\" height=\"768\" src=\"https:\/\/www.escapadarural.com\/blog\/wp-content\/uploads\/2025\/01\/la-tahona-1_WP_03.webp\" alt=\"Castillo \u00e1rabe de Comares. Por Oficina de Turismo\" class=\"wp-image-186577\" srcset=\"https:\/\/www.escapadarural.com\/blog\/wp-content\/uploads\/2025\/01\/la-tahona-1_WP_03-200x150.webp 200w, https:\/\/www.escapadarural.com\/blog\/wp-content\/uploads\/2025\/01\/la-tahona-1_WP_03-300x225.webp 300w, https:\/\/www.escapadarural.com\/blog\/wp-content\/uploads\/2025\/01\/la-tahona-1_WP_03-400x300.webp 400w, https:\/\/www.escapadarural.com\/blog\/wp-content\/uploads\/2025\/01\/la-tahona-1_WP_03-600x450.webp 600w, https:\/\/www.escapadarural.com\/blog\/wp-content\/uploads\/2025\/01\/la-tahona-1_WP_03-768x576.webp 768w, https:\/\/www.escapadarural.com\/blog\/wp-content\/uploads\/2025\/01\/la-tahona-1_WP_03-800x600.webp 800w, https:\/\/www.escapadarural.com\/blog\/wp-content\/uploads\/2025\/01\/la-tahona-1_WP_03.webp 1024w\" sizes=\"auto, (max-width: 1024px) 100vw, 1024px\" \/><figcaption class=\"wp-element-caption\">Castillo \u00e1rabe de Comares. Por Oficina de Turismo<\/figcaption><\/figure>\n\n\n\n<p>De hecho, uno de los <a href=\"https:\/\/www.turismocomares.es\/visitas-guiadas.html\" target=\"_blank\" rel=\"noreferrer noopener\">itinerarios guiados<\/a> que puedes hacer es el de la ruta musulmana, que te descubrir\u00e1 a lo largo de su recorrido los monumentos m\u00e1s importantes y<strong> las calles m\u00e1s bonitas de la localidad<\/strong>, como la <strong>calle de Los Arcos. <\/strong><\/p>\n\n\n\n<figure class=\"wp-block-image size-large\"><img loading=\"lazy\" decoding=\"async\" width=\"1024\" height=\"1024\" src=\"https:\/\/www.escapadarural.com\/blog\/wp-content\/uploads\/2025\/01\/whatsapp-image-2025-01-07-at-10.38.52_WP_04-edited.webp\" alt=\"Calle Los Arcos en Comares. Por Oficina de Turismo\" class=\"wp-image-186485\" srcset=\"https:\/\/www.escapadarural.com\/blog\/wp-content\/uploads\/2025\/01\/whatsapp-image-2025-01-07-at-10.38.52_WP_04-edited-66x66.webp 66w, https:\/\/www.escapadarural.com\/blog\/wp-content\/uploads\/2025\/01\/whatsapp-image-2025-01-07-at-10.38.52_WP_04-edited-150x150.webp 150w, https:\/\/www.escapadarural.com\/blog\/wp-content\/uploads\/2025\/01\/whatsapp-image-2025-01-07-at-10.38.52_WP_04-edited-200x200.webp 200w, https:\/\/www.escapadarural.com\/blog\/wp-content\/uploads\/2025\/01\/whatsapp-image-2025-01-07-at-10.38.52_WP_04-edited-300x300.webp 300w, https:\/\/www.escapadarural.com\/blog\/wp-content\/uploads\/2025\/01\/whatsapp-image-2025-01-07-at-10.38.52_WP_04-edited-400x400.webp 400w, https:\/\/www.escapadarural.com\/blog\/wp-content\/uploads\/2025\/01\/whatsapp-image-2025-01-07-at-10.38.52_WP_04-edited-600x600.webp 600w, https:\/\/www.escapadarural.com\/blog\/wp-content\/uploads\/2025\/01\/whatsapp-image-2025-01-07-at-10.38.52_WP_04-edited-768x768.webp 768w, https:\/\/www.escapadarural.com\/blog\/wp-content\/uploads\/2025\/01\/whatsapp-image-2025-01-07-at-10.38.52_WP_04-edited-800x800.webp 800w, https:\/\/www.escapadarural.com\/blog\/wp-content\/uploads\/2025\/01\/whatsapp-image-2025-01-07-at-10.38.52_WP_04-edited.webp 1024w\" sizes=\"auto, (max-width: 1024px) 100vw, 1024px\" \/><figcaption class=\"wp-element-caption\">Calle Los Arcos en Comares. Por Oficina de Turismo<\/figcaption><\/figure>\n\n\n\n<p>\u00abDurante esta ruta encontrar\u00e1s huellas de losa marcadas en el suelo, que hicieron los propios vecinos del pueblo en un taller organizado por el Ayuntamiento, para que el turista recorra cada rinc\u00f3n de la localidad y no se pierda ni uno de los puntos de inter\u00e9s\u00bb, cuentan desde la Oficina de Turismo. <\/p>\n\n\n\n<figure class=\"wp-block-image size-full\"><img loading=\"lazy\" decoding=\"async\" width=\"1024\" height=\"768\" src=\"https:\/\/www.escapadarural.com\/blog\/wp-content\/uploads\/2025\/01\/ceb758a0-8218-4c19-a908-e3b2496e4620_WP_02.webp\" alt=\"Pisada de losa elaborada por los vecinos para marcar el recorrido de la ruta musulmana. Por Turismo de Comares\" class=\"wp-image-186543\" srcset=\"https:\/\/www.escapadarural.com\/blog\/wp-content\/uploads\/2025\/01\/ceb758a0-8218-4c19-a908-e3b2496e4620_WP_02-200x150.webp 200w, https:\/\/www.escapadarural.com\/blog\/wp-content\/uploads\/2025\/01\/ceb758a0-8218-4c19-a908-e3b2496e4620_WP_02-300x225.webp 300w, https:\/\/www.escapadarural.com\/blog\/wp-content\/uploads\/2025\/01\/ceb758a0-8218-4c19-a908-e3b2496e4620_WP_02-400x300.webp 400w, https:\/\/www.escapadarural.com\/blog\/wp-content\/uploads\/2025\/01\/ceb758a0-8218-4c19-a908-e3b2496e4620_WP_02-600x450.webp 600w, https:\/\/www.escapadarural.com\/blog\/wp-content\/uploads\/2025\/01\/ceb758a0-8218-4c19-a908-e3b2496e4620_WP_02-768x576.webp 768w, https:\/\/www.escapadarural.com\/blog\/wp-content\/uploads\/2025\/01\/ceb758a0-8218-4c19-a908-e3b2496e4620_WP_02-800x600.webp 800w, https:\/\/www.escapadarural.com\/blog\/wp-content\/uploads\/2025\/01\/ceb758a0-8218-4c19-a908-e3b2496e4620_WP_02.webp 1024w\" sizes=\"auto, (max-width: 1024px) 100vw, 1024px\" \/><figcaption class=\"wp-element-caption\">Pisada de losa elaborada por los vecinos para marcar el recorrido de la ruta musulmana. Por Turismo de Comares<\/figcaption><\/figure>\n\n\n\n<p>Los pasos te llevar\u00e1n, adem\u00e1s, a cruzar la puerta de M\u00e1laga, \u00abun importante basti\u00f3n defensivo de la \u00e9poca y acceso principal a la plaza de villa. Bajo sus muros tuvo lugar la entrega de Comares a las fuerzas cristianas\u00bb.<\/p>\n\n\n\n<figure class=\"wp-block-image size-full\"><img loading=\"lazy\" decoding=\"async\" width=\"1024\" height=\"683\" src=\"https:\/\/www.escapadarural.com\/blog\/wp-content\/uploads\/2025\/01\/67d82ec6-25e8-4a0a-8d76-095694de3a1d_wp_01_WP_02.webp\" alt=\"Zona del castillo de Comares, un mirador espectacular. Por Turismo\" class=\"wp-image-186502\" srcset=\"https:\/\/www.escapadarural.com\/blog\/wp-content\/uploads\/2025\/01\/67d82ec6-25e8-4a0a-8d76-095694de3a1d_wp_01_WP_02-200x133.webp 200w, https:\/\/www.escapadarural.com\/blog\/wp-content\/uploads\/2025\/01\/67d82ec6-25e8-4a0a-8d76-095694de3a1d_wp_01_WP_02-300x200.webp 300w, https:\/\/www.escapadarural.com\/blog\/wp-content\/uploads\/2025\/01\/67d82ec6-25e8-4a0a-8d76-095694de3a1d_wp_01_WP_02-400x267.webp 400w, https:\/\/www.escapadarural.com\/blog\/wp-content\/uploads\/2025\/01\/67d82ec6-25e8-4a0a-8d76-095694de3a1d_wp_01_WP_02-600x400.webp 600w, https:\/\/www.escapadarural.com\/blog\/wp-content\/uploads\/2025\/01\/67d82ec6-25e8-4a0a-8d76-095694de3a1d_wp_01_WP_02-768x512.webp 768w, https:\/\/www.escapadarural.com\/blog\/wp-content\/uploads\/2025\/01\/67d82ec6-25e8-4a0a-8d76-095694de3a1d_wp_01_WP_02-800x534.webp 800w, https:\/\/www.escapadarural.com\/blog\/wp-content\/uploads\/2025\/01\/67d82ec6-25e8-4a0a-8d76-095694de3a1d_wp_01_WP_02.webp 1024w\" sizes=\"auto, (max-width: 1024px) 100vw, 1024px\" \/><figcaption class=\"wp-element-caption\">Zona del castillo de Comares, un mirador espectacular. Por Turismo<\/figcaption><\/figure>\n\n\n\n<p>A lo largo del sendero descubrir\u00e1s calles preciosas como la de Los Arcos, que conserva dos arcos de la \u00e9poca musulmana. Tambi\u00e9n \u00abel famoso castillo de&nbsp;Comares,&nbsp;de \u00e9poca incierta, aunque muy lejana, que se transform\u00f3 durante esa etapa en <strong>una gran fortaleza que ocup\u00f3 y rode\u00f3 el espacio monta\u00f1oso donde la villa se asienta<\/strong>\u00bb, detalla la Oficina de Turismo.<\/p>\n\n\n\n<h2 class=\"wp-block-heading\" id=\"h-una-silla-con-mucho-arte\">Una silla con mucho arte<\/h2>\n\n\n\n<figure class=\"wp-block-image size-full\"><img loading=\"lazy\" decoding=\"async\" width=\"1024\" height=\"683\" src=\"https:\/\/www.escapadarural.com\/blog\/wp-content\/uploads\/2025\/01\/whatsapp-image-2025-01-07-at-11.08.17-1_WP_04.webp\" alt=\"La silla de Comares (M\u00e1laga). Por Turismo\" class=\"wp-image-186500\" srcset=\"https:\/\/www.escapadarural.com\/blog\/wp-content\/uploads\/2025\/01\/whatsapp-image-2025-01-07-at-11.08.17-1_WP_04-200x133.webp 200w, https:\/\/www.escapadarural.com\/blog\/wp-content\/uploads\/2025\/01\/whatsapp-image-2025-01-07-at-11.08.17-1_WP_04-300x200.webp 300w, https:\/\/www.escapadarural.com\/blog\/wp-content\/uploads\/2025\/01\/whatsapp-image-2025-01-07-at-11.08.17-1_WP_04-400x267.webp 400w, https:\/\/www.escapadarural.com\/blog\/wp-content\/uploads\/2025\/01\/whatsapp-image-2025-01-07-at-11.08.17-1_WP_04-600x400.webp 600w, https:\/\/www.escapadarural.com\/blog\/wp-content\/uploads\/2025\/01\/whatsapp-image-2025-01-07-at-11.08.17-1_WP_04-768x512.webp 768w, https:\/\/www.escapadarural.com\/blog\/wp-content\/uploads\/2025\/01\/whatsapp-image-2025-01-07-at-11.08.17-1_WP_04-800x534.webp 800w, https:\/\/www.escapadarural.com\/blog\/wp-content\/uploads\/2025\/01\/whatsapp-image-2025-01-07-at-11.08.17-1_WP_04.webp 1024w\" sizes=\"auto, (max-width: 1024px) 100vw, 1024px\" \/><figcaption class=\"wp-element-caption\">La silla de Comares (M\u00e1laga). Por Turismo<\/figcaption><\/figure>\n\n\n\n<p>Habla un conocido tema de Alejandro Sanz de una \u00absilla que tiene arte\u00bb, y en EscapadaRural creemos haberla encontrado. Tal como te venimos explicando, en Comares descubrir\u00e1s espacios \u00fanicos, como e<strong>l rinc\u00f3n de Manolo<\/strong> (no ponemos foto para que lo descubras t\u00fa mismo). Sin embargo,<strong> lo que nadie espera encontrar es una \u00absilla famosa\u00bb <\/strong>y no por haber aguantado las posaderas de alguien conocido.<\/p>\n\n\n\n<p>As\u00ed que, sencillamente, se trata de una \u00absilla que tiene arte\u00bb, como dice la canci\u00f3n. \u00ab<strong>Est\u00e1 en un rinc\u00f3n muy bonito <\/strong>y <strong>se hizo famosa porque todo el mundo se hac\u00eda una foto con ella<\/strong>\u00bb, explican fuentes municipales. Pero ah\u00ed no queda todo. ER ha hablado con el comare\u00f1o Rafael G\u00f3mez M\u00e9rida, quien a\u00f1ade que el origen de la silla a\u00fan tiene m\u00e1s historia: \u00ab<strong>la historia de la silla viene de un extranjero compr\u00f3 una casa y al hacer la reforma la sac\u00f3 a la puerta porque le faltaba la base del asiento<\/strong>. <strong>En el agujero puso una maceta que tambi\u00e9n pensaba tirar<\/strong>\u00ab. El caso, cuenta Rafael, es que aquella composici\u00f3n acab\u00f3 siendo tan valiosa que ha dado la vuelta al mundo. \u00abAhora es una silla internacional\u00bb, dice con orgullo.<\/p>\n\n\n\n<p>Y adem\u00e1s de un recodo bello, es una<strong> manifestaci\u00f3n clara de las charlas a la fresca<\/strong>, tan t\u00edpicas en este y muchos otros pueblos de la geograf\u00eda espa\u00f1ola y, en especial, de Andaluc\u00eda. Como ves, cuando decimos que este pueblo tiene mucho que visitar, no nos quedamos cortos. De hecho, hasta el camposanto es un lugar muy frecuentado por el turismo, por su belleza y por su ubicaci\u00f3n, en la zona del castillo. \u00abEn el cementerio encontrar\u00e1s <strong>uno de los miradores m\u00e1s impresionantes de todo Comares<\/strong>\u00bb.<\/p>\n\n\n\n<h2 class=\"wp-block-heading\" id=\"h-un-paraiso-para-los-amantes-del-turismo-activo\">Un para\u00edso para los amantes del turismo activo<\/h2>\n\n\n\n<figure class=\"wp-block-image size-full\"><img loading=\"lazy\" decoding=\"async\" width=\"1024\" height=\"768\" src=\"https:\/\/www.escapadarural.com\/blog\/wp-content\/uploads\/2025\/01\/whatsapp-image-2025-01-07-at-11.08.16_WP_03.webp\" alt=\"Una de las cuatro v\u00edas ferrata del municipio de Comares (M\u00e1lagta). Por Turismo de Comares\" class=\"wp-image-186474\" srcset=\"https:\/\/www.escapadarural.com\/blog\/wp-content\/uploads\/2025\/01\/whatsapp-image-2025-01-07-at-11.08.16_WP_03-200x150.webp 200w, https:\/\/www.escapadarural.com\/blog\/wp-content\/uploads\/2025\/01\/whatsapp-image-2025-01-07-at-11.08.16_WP_03-300x225.webp 300w, https:\/\/www.escapadarural.com\/blog\/wp-content\/uploads\/2025\/01\/whatsapp-image-2025-01-07-at-11.08.16_WP_03-400x300.webp 400w, https:\/\/www.escapadarural.com\/blog\/wp-content\/uploads\/2025\/01\/whatsapp-image-2025-01-07-at-11.08.16_WP_03-600x450.webp 600w, https:\/\/www.escapadarural.com\/blog\/wp-content\/uploads\/2025\/01\/whatsapp-image-2025-01-07-at-11.08.16_WP_03-768x576.webp 768w, https:\/\/www.escapadarural.com\/blog\/wp-content\/uploads\/2025\/01\/whatsapp-image-2025-01-07-at-11.08.16_WP_03-800x600.webp 800w, https:\/\/www.escapadarural.com\/blog\/wp-content\/uploads\/2025\/01\/whatsapp-image-2025-01-07-at-11.08.16_WP_03.webp 1024w\" sizes=\"auto, (max-width: 1024px) 100vw, 1024px\" \/><figcaption class=\"wp-element-caption\">Una de las cuatro v\u00edas ferrata del municipio de Comares (M\u00e1lagta). Por Turismo de Comares<\/figcaption><\/figure>\n\n\n\n<p>Sin duda, uno de los motivos que mueven a muchos turistas a escoger Comares como destino son las diversas opciones que hay para disfrutar de la naturaleza. En este pueblo andaluz encontrar\u00e1s hasta <strong>6 rutas de senderismo<\/strong>: la Ruta Musulmana, en el casco urbano, y otras cinco en las inmediaciones de este. Aunque la localidad es una parada obligada en la Ruta del Vino y el Aceite, fuentes municipales destacan en su conversaci\u00f3n con ER la Ruta de la Pasa.<\/p>\n\n\n\n<p>\u00abComares es uno de los pueblos que conforman la Ruta de la Pasa, considerada <strong>sistema importante del patrimonio agr\u00edcola mundial<\/strong>, ya que mantiene la manera tradicional de cultivo, con siglos de historia\u00bb, exponen desde Turismo. Adem\u00e1s, en la localidad encontrar\u00e1s <strong>30 itinerarios de escalada<\/strong> y <strong>4 v\u00edas ferratas<\/strong>: <strong>la de la Cueva de la ventana<\/strong>, la de Fuente Gorda, la de Puerta del Agua y la de El Turr\u00f3n.<\/p>\n\n\n\n<figure class=\"wp-block-image size-full\"><img loading=\"lazy\" decoding=\"async\" width=\"1024\" height=\"681\" src=\"https:\/\/www.escapadarural.com\/blog\/wp-content\/uploads\/2025\/01\/adobestock_420243166_WP_04.webp\" alt=\"Muralla en Comares (M\u00e1laga). Por Manuel Mata\" class=\"wp-image-186504\" srcset=\"https:\/\/www.escapadarural.com\/blog\/wp-content\/uploads\/2025\/01\/adobestock_420243166_WP_04-200x133.webp 200w, https:\/\/www.escapadarural.com\/blog\/wp-content\/uploads\/2025\/01\/adobestock_420243166_WP_04-300x200.webp 300w, https:\/\/www.escapadarural.com\/blog\/wp-content\/uploads\/2025\/01\/adobestock_420243166_WP_04-400x266.webp 400w, https:\/\/www.escapadarural.com\/blog\/wp-content\/uploads\/2025\/01\/adobestock_420243166_WP_04-600x399.webp 600w, https:\/\/www.escapadarural.com\/blog\/wp-content\/uploads\/2025\/01\/adobestock_420243166_WP_04-768x511.webp 768w, https:\/\/www.escapadarural.com\/blog\/wp-content\/uploads\/2025\/01\/adobestock_420243166_WP_04-800x532.webp 800w, https:\/\/www.escapadarural.com\/blog\/wp-content\/uploads\/2025\/01\/adobestock_420243166_WP_04.webp 1024w\" sizes=\"auto, (max-width: 1024px) 100vw, 1024px\" \/><figcaption class=\"wp-element-caption\">Muralla en Comares (M\u00e1laga). Por Manuel Mata<\/figcaption><\/figure>\n\n\n\n<p>Y si eres de los que disfruta descargando adrenalina prep\u00e1rate, porque en este pueblo de poco m\u00e1s de 25 kil\u00f3metros cuadrados tienen hasta una<strong> tirolina de 436 metros de recorrido, ubicada a 110 metros de alto, <\/strong>para que, literalmente, &#8216;vueles entre las monta\u00f1as&#8217;. Esta experiencia te permitir\u00e1 planear Comares y llevarte una imagen imborrable de los picos abruptos del <strong>extremo norte de la Axarqu\u00eda malague\u00f1a, conocidos como los &#8216;Pirineos del Sur&#8217;.<\/strong><\/p>\n\n\n\n<h2 class=\"wp-block-heading\" id=\"h-apuesta-por-el-mimo-al-turista\">Apuesta por el mimo al turista <\/h2>\n\n\n\n<figure class=\"wp-block-image size-large\"><img loading=\"lazy\" decoding=\"async\" width=\"1024\" height=\"1024\" src=\"https:\/\/www.escapadarural.com\/blog\/wp-content\/uploads\/2025\/01\/whatsapp-image-2025-01-07-at-10.38.51_WP_01-edited.webp\" alt=\"Libro de dedicatorias de turistas de Comares (M\u00e1laga). Fuente Turismo de Comares\" class=\"wp-image-186467\" srcset=\"https:\/\/www.escapadarural.com\/blog\/wp-content\/uploads\/2025\/01\/whatsapp-image-2025-01-07-at-10.38.51_WP_01-edited-66x66.webp 66w, https:\/\/www.escapadarural.com\/blog\/wp-content\/uploads\/2025\/01\/whatsapp-image-2025-01-07-at-10.38.51_WP_01-edited-150x150.webp 150w, https:\/\/www.escapadarural.com\/blog\/wp-content\/uploads\/2025\/01\/whatsapp-image-2025-01-07-at-10.38.51_WP_01-edited-200x200.webp 200w, https:\/\/www.escapadarural.com\/blog\/wp-content\/uploads\/2025\/01\/whatsapp-image-2025-01-07-at-10.38.51_WP_01-edited-300x300.webp 300w, https:\/\/www.escapadarural.com\/blog\/wp-content\/uploads\/2025\/01\/whatsapp-image-2025-01-07-at-10.38.51_WP_01-edited-400x400.webp 400w, https:\/\/www.escapadarural.com\/blog\/wp-content\/uploads\/2025\/01\/whatsapp-image-2025-01-07-at-10.38.51_WP_01-edited-600x600.webp 600w, https:\/\/www.escapadarural.com\/blog\/wp-content\/uploads\/2025\/01\/whatsapp-image-2025-01-07-at-10.38.51_WP_01-edited-768x768.webp 768w, https:\/\/www.escapadarural.com\/blog\/wp-content\/uploads\/2025\/01\/whatsapp-image-2025-01-07-at-10.38.51_WP_01-edited-800x800.webp 800w, https:\/\/www.escapadarural.com\/blog\/wp-content\/uploads\/2025\/01\/whatsapp-image-2025-01-07-at-10.38.51_WP_01-edited.webp 1024w\" sizes=\"auto, (max-width: 1024px) 100vw, 1024px\" \/><figcaption class=\"wp-element-caption\">Libro de dedicatorias de turistas de Comares (M\u00e1laga). Fuente Turismo de Comares<\/figcaption><\/figure>\n\n\n\n<p>Seg\u00fan ha explicado una portavoz de la Oficina de Turismo a ER,<strong> la localidad est\u00e1 esforz\u00e1ndose mucho en potenciar su capacidad tur\u00edstica<\/strong>, entre otras cosas, para paliar el gran<strong> problema de despoblaci\u00f3n<\/strong> que sufre. Y una de las v\u00edas que est\u00e1 explotando, para posicionar al pueblo entre los visitantes, es el <strong>turismo activo y de aventura<\/strong>.<\/p>\n\n\n\n<p>Fuentes municipales han explicado a ER que<strong> el mimo al viajero es <\/strong>fundamental,<strong> <\/strong>porque \u00abel objetivo es que se lleve de Comares un recuerdo imborrable\u00bb. De hecho, se puso<strong> a disposici\u00f3n de los visitantes un libro para que puedan \u00abdejar su huella\u00bb<\/strong>, a trav\u00e9s de dedicatorias, impresiones y\/o comentarios de experiencias vividas durante su escapada.<\/p>\n\n\n\n<h2 class=\"wp-block-heading\" id=\"h-las-fuentes-un-importante-legado-de-la-historia-de-comares\">Las fuentes, un importante legado de la historia de Comares<\/h2>\n\n\n\n<figure class=\"wp-block-image size-large\"><img loading=\"lazy\" decoding=\"async\" width=\"1024\" height=\"1024\" src=\"https:\/\/www.escapadarural.com\/blog\/wp-content\/uploads\/2025\/01\/whatsapp-image-2025-01-07-at-10.38.52-2_WP_01-edited.webp\" alt=\"Fuente Gorda en Comares (M\u00e1laga). Fuente Turismo\" class=\"wp-image-186472\" srcset=\"https:\/\/www.escapadarural.com\/blog\/wp-content\/uploads\/2025\/01\/whatsapp-image-2025-01-07-at-10.38.52-2_WP_01-edited-66x66.webp 66w, https:\/\/www.escapadarural.com\/blog\/wp-content\/uploads\/2025\/01\/whatsapp-image-2025-01-07-at-10.38.52-2_WP_01-edited-150x150.webp 150w, https:\/\/www.escapadarural.com\/blog\/wp-content\/uploads\/2025\/01\/whatsapp-image-2025-01-07-at-10.38.52-2_WP_01-edited-200x200.webp 200w, https:\/\/www.escapadarural.com\/blog\/wp-content\/uploads\/2025\/01\/whatsapp-image-2025-01-07-at-10.38.52-2_WP_01-edited-300x300.webp 300w, https:\/\/www.escapadarural.com\/blog\/wp-content\/uploads\/2025\/01\/whatsapp-image-2025-01-07-at-10.38.52-2_WP_01-edited-400x400.webp 400w, https:\/\/www.escapadarural.com\/blog\/wp-content\/uploads\/2025\/01\/whatsapp-image-2025-01-07-at-10.38.52-2_WP_01-edited-600x600.webp 600w, https:\/\/www.escapadarural.com\/blog\/wp-content\/uploads\/2025\/01\/whatsapp-image-2025-01-07-at-10.38.52-2_WP_01-edited-768x768.webp 768w, https:\/\/www.escapadarural.com\/blog\/wp-content\/uploads\/2025\/01\/whatsapp-image-2025-01-07-at-10.38.52-2_WP_01-edited-800x800.webp 800w, https:\/\/www.escapadarural.com\/blog\/wp-content\/uploads\/2025\/01\/whatsapp-image-2025-01-07-at-10.38.52-2_WP_01-edited.webp 1024w\" sizes=\"auto, (max-width: 1024px) 100vw, 1024px\" \/><figcaption class=\"wp-element-caption\">Fuente Gorda en Comares (M\u00e1laga). Fuente Turismo<\/figcaption><\/figure>\n\n\n\n<p>Otro de los atractivos que muchos viajeros disfrutan en Comares es la cantidad de fuentes que posee, como la fuente del Lavadero (donde bajaban las mujeres a lavar la ropa antiguamente), fuente Delgada, fuente La Teja, <strong>fuente Sana o del Pilarejo<\/strong> o<strong> fuente Gorda<\/strong>.<\/p>\n\n\n\n<p>Esta \u00faltima, de fuente Gorda, cuenta hasta con una<strong> ruta de 2,6 kil\u00f3metros de distancia<\/strong> que te har\u00e1 conectar con el pasado de la localidad. Concretamente, con un momento en el que los vecinos se desplazaban a pie por el camino de la Aguada, varias veces al d\u00eda, hasta la fuente Gorda, para llevar agua a sus hogares.<\/p>\n\n\n\n<p>Rafael G\u00f3mez cuenta c\u00f3mo a lo largo de la Ruta de la Fuente Gorda, por ejemplo,<strong> el turista puede recrear los pasos que anta\u00f1o recorr\u00edan las mujeres del lugar para recoger agua<\/strong>. Entre ellas, su madre y su abuela, quienes acarrearon con c\u00e1ntaros por esas monta\u00f1as durante tiempos de sequ\u00eda. \u00abEn el camino se pueden ver las huellas de los pies y de los c\u00e1ntaros marcados en la roca\u00bb, cuenta el vecino.<\/p>\n\n\n\n<h2 class=\"wp-block-heading\" id=\"h-iglesia-de-nuestra-senora-de-la-encarnacion\">Iglesia de Nuestra Se\u00f1ora de la Encarnaci\u00f3n <\/h2>\n\n\n\n<figure class=\"wp-block-image size-full\"><img loading=\"lazy\" decoding=\"async\" width=\"1024\" height=\"768\" src=\"https:\/\/www.escapadarural.com\/blog\/wp-content\/uploads\/2025\/01\/whatsapp-image-2025-01-07-at-11.29.28_WP_01.webp\" alt=\"Capilla del \nSagrario de la iglesia Nuestra Se\u00f1ora de la Encarnaci\u00f3n en Comares (M\u00e1laga). Por Turismo Comares\" class=\"wp-image-186477\" srcset=\"https:\/\/www.escapadarural.com\/blog\/wp-content\/uploads\/2025\/01\/whatsapp-image-2025-01-07-at-11.29.28_WP_01-200x150.webp 200w, https:\/\/www.escapadarural.com\/blog\/wp-content\/uploads\/2025\/01\/whatsapp-image-2025-01-07-at-11.29.28_WP_01-300x225.webp 300w, https:\/\/www.escapadarural.com\/blog\/wp-content\/uploads\/2025\/01\/whatsapp-image-2025-01-07-at-11.29.28_WP_01-400x300.webp 400w, https:\/\/www.escapadarural.com\/blog\/wp-content\/uploads\/2025\/01\/whatsapp-image-2025-01-07-at-11.29.28_WP_01-600x450.webp 600w, https:\/\/www.escapadarural.com\/blog\/wp-content\/uploads\/2025\/01\/whatsapp-image-2025-01-07-at-11.29.28_WP_01-768x576.webp 768w, https:\/\/www.escapadarural.com\/blog\/wp-content\/uploads\/2025\/01\/whatsapp-image-2025-01-07-at-11.29.28_WP_01-800x600.webp 800w, https:\/\/www.escapadarural.com\/blog\/wp-content\/uploads\/2025\/01\/whatsapp-image-2025-01-07-at-11.29.28_WP_01.webp 1024w\" sizes=\"auto, (max-width: 1024px) 100vw, 1024px\" \/><figcaption class=\"wp-element-caption\">Capilla del \nSagrario de la iglesia Nuestra Se\u00f1ora de la Encarnaci\u00f3n en Comares (M\u00e1laga). Por Turismo Comares<\/figcaption><\/figure>\n\n\n\n<p>Una parada obligada si visitas Comares es en la <strong>iglesia Parroquial de Nuestra Se\u00f1ora de la Encarnaci\u00f3n<\/strong>, un templo religioso de estilo mud\u00e9jar construido en el a\u00f1o 1505, sobre el solar en el que hab\u00eda una antigua mezquita \u00e1rabe. Esta iglesia, que el propio municipio califica como \u00abel monumento m\u00e1s sobresaliente de su historia\u00bb, fue reformada en el a\u00f1o 1721, ante la amenaza de ruina.<\/p>\n\n\n\n<p>Se cree que<strong> la construcci\u00f3n de la capilla y la torre del Sagrario de esta iglesia se debe a un grupo de marineros<\/strong> que se desorientaron en alta mar durante una noche de tormenta y<strong> consiguieron salvarse gracias a la gu\u00eda de un lucero<\/strong>. \u00abUna vez en tierra creyeron situar dicha estrella en este peque\u00f1o pueblo blanco y en agradecimiento construyeron la capilla\u00bb, explican fuentes de Turismo.<\/p>\n\n\n\n<h2 class=\"wp-block-heading\" id=\"h-la-curiosa-historia-del-aljibe-de-la-mesa-de-mazmullar\">La curiosa historia del aljibe de la Mesa de Mazm\u00fallar<\/h2>\n\n\n\n<figure class=\"wp-block-image size-full\"><img loading=\"lazy\" decoding=\"async\" width=\"1024\" height=\"529\" src=\"https:\/\/www.escapadarural.com\/blog\/wp-content\/uploads\/2025\/01\/aljibe-de-mazmullar_WP_01.webp\" alt=\"Aljibe de la Mesa de Mazm\u00fallar, en Comares (M\u00e1laga). Por Oficina de Turismo de Comares\" class=\"wp-image-186561\" srcset=\"https:\/\/www.escapadarural.com\/blog\/wp-content\/uploads\/2025\/01\/aljibe-de-mazmullar_WP_01-200x103.webp 200w, https:\/\/www.escapadarural.com\/blog\/wp-content\/uploads\/2025\/01\/aljibe-de-mazmullar_WP_01-300x155.webp 300w, https:\/\/www.escapadarural.com\/blog\/wp-content\/uploads\/2025\/01\/aljibe-de-mazmullar_WP_01-400x207.webp 400w, https:\/\/www.escapadarural.com\/blog\/wp-content\/uploads\/2025\/01\/aljibe-de-mazmullar_WP_01-600x310.webp 600w, https:\/\/www.escapadarural.com\/blog\/wp-content\/uploads\/2025\/01\/aljibe-de-mazmullar_WP_01-768x397.webp 768w, https:\/\/www.escapadarural.com\/blog\/wp-content\/uploads\/2025\/01\/aljibe-de-mazmullar_WP_01-800x413.webp 800w, https:\/\/www.escapadarural.com\/blog\/wp-content\/uploads\/2025\/01\/aljibe-de-mazmullar_WP_01.webp 1024w\" sizes=\"auto, (max-width: 1024px) 100vw, 1024px\" \/><figcaption class=\"wp-element-caption\">Aljibe de la Mesa de Mazm\u00fallar, en Comares (M\u00e1laga). Por Oficina de Turismo<\/figcaption><\/figure>\n\n\n\n<p>Una de las zonas que no te puedes perder si decides visitar Comares es la de la <strong>Mesa de Mazm\u00fallar<\/strong>, donde \u00abse descubrieron restos arqueol\u00f3gicos como \u00e1nforas, mosaicos e incluso tumbas moz\u00e1rabes\u00bb. Seg\u00fan cuenta la Oficina de Turismo, el <strong>aljibe moz\u00e1rabe de Mazm\u00fallar (siglo XIII) es un yacimiento arqueol\u00f3gico, declarado Conjunto Hist\u00f3rico Art\u00edstico<\/strong> en mayo de 1931. Su origen te dejar\u00e1 con la boca abierta, porque todo empez\u00f3 con una encina que molestaba a los agricultores del lugar.<\/p>\n\n\n\n<p>La portavoz de Turismo explica que fue a principios del siglo XX, cuando <strong>al arrancar el \u00e1rbol, las ra\u00edces abrieron un agujero <\/strong>que dej\u00f3 ver \u00abun imponente aljibe subterr\u00e1neo con capacidad para<strong> 120.000 litros de agua<\/strong>, con tres naves, nueve compartimentos y doce arcos de herradura\u00bb. Si est\u00e1s interesado en conocer este importante rinc\u00f3n de Comares, debes saber que se organizan visitas guiadas y hasta un <a href=\"https:\/\/www.turismocomares.es\/turismo-cultural\/aljibe-de-mazmullar.html\" target=\"_blank\" rel=\"noreferrer noopener\"><em>tour<\/em> virtual<\/a> para que no te pierdas ni un detalle. <\/p>\n\n\n\n<h2 class=\"wp-block-heading\" id=\"h-comares-cuna-de-los-verdiales\">Comares, cuna de los Verdiales<\/h2>\n\n\n\n<figure class=\"wp-block-image size-full\"><img loading=\"lazy\" decoding=\"async\" width=\"1024\" height=\"819\" src=\"https:\/\/www.escapadarural.com\/blog\/wp-content\/uploads\/2025\/01\/verdiales2_WP_03.webp\" alt=\"Verdiales. Por Montuno\" class=\"wp-image-186491\" srcset=\"https:\/\/www.escapadarural.com\/blog\/wp-content\/uploads\/2025\/01\/verdiales2_WP_03-200x160.webp 200w, https:\/\/www.escapadarural.com\/blog\/wp-content\/uploads\/2025\/01\/verdiales2_WP_03-300x240.webp 300w, https:\/\/www.escapadarural.com\/blog\/wp-content\/uploads\/2025\/01\/verdiales2_WP_03-400x320.webp 400w, https:\/\/www.escapadarural.com\/blog\/wp-content\/uploads\/2025\/01\/verdiales2_WP_03-600x480.webp 600w, https:\/\/www.escapadarural.com\/blog\/wp-content\/uploads\/2025\/01\/verdiales2_WP_03-768x614.webp 768w, https:\/\/www.escapadarural.com\/blog\/wp-content\/uploads\/2025\/01\/verdiales2_WP_03-800x640.webp 800w, https:\/\/www.escapadarural.com\/blog\/wp-content\/uploads\/2025\/01\/verdiales2_WP_03.webp 1024w\" sizes=\"auto, (max-width: 1024px) 100vw, 1024px\" \/><figcaption class=\"wp-element-caption\">Verdiales en M\u00e1laga. Por <a href=\"https:\/\/commons.wikimedia.org\/wiki\/Category:Verdiales#\/media\/File:Verdiales2.jpg\" target=\"_blank\" rel=\"noreferrer noopener\">Montuno<\/a><\/figcaption><\/figure>\n\n\n\n<p>Y si algo debes llevarte grabado en la memoria de tu visita a Comares son los <strong>verdiales<\/strong>, <strong>una manifestaci\u00f3n folcl\u00f3rica de origen muy antiguo y campesino<\/strong>, que cuenta con tres estilos, y uno de ellos es exclusivo de este pueblo. De hecho,<strong> Comares tiene su propia panda<\/strong>, la denominada Arroyo Conca, que ha recogido numerosos premios a lo largo de su historia.<\/p>\n\n\n\n<p>\u00bfPero qu\u00e9 son los verdiales? Habr\u00e1 quien los defina como un <strong>baile con banderas, panderetas, casta\u00f1uelas y lazos de colores<\/strong>. Otros los sit\u00faan m\u00e1s en el mundo del cante. Y la verdad es que no sabr\u00eda a qui\u00e9n darle la raz\u00f3n porque para m\u00ed, los verdiales <strong>son el ADN de esta tierra<\/strong> y un sentimiento que los comare\u00f1os y comare\u00f1as llevan en el alma desde que nacen. Algo que les acelera el pulso y que ense\u00f1an al mundo con orgullo en forma de sonidos y colores, a todo aquel que los visite.<\/p>\n\n\n\n<figure class=\"wp-block-embed is-type-video is-provider-youtube wp-block-embed-youtube wp-embed-aspect-16-9 wp-has-aspect-ratio\"><div class=\"wp-block-embed__wrapper\">\n<span class=\"lZT4WzVdhpVgMG4d7Ys7jiywCSDmtNlFsf9AELD3gi1wkHzxvQ21KOImUcUJ5rGZvje6nREoKr\"><div class=\"video-shortcode\"><iframe title=\"Primera de Comares. Panda de Verdiales. Comares (M\u00e1laga), 2016.\" width=\"1200\" height=\"675\" src=\"https:\/\/www.youtube.com\/embed\/Odr8GZ0XRWA?feature=oembed\" frameborder=\"0\" allow=\"accelerometer; autoplay; clipboard-write; encrypted-media; gyroscope; picture-in-picture; web-share\" referrerpolicy=\"strict-origin-when-cross-origin\" allowfullscreen><\/iframe><\/div><\/span>\n<\/div><\/figure>\n","protected":false},"excerpt":{"rendered":"<p>Tierra de Verdiales, de olivos, de pasas y de copla. Comares (M\u00e1laga) un pueblo medieval de la Axarqu\u00eda malague\u00f1a que te enamorar\u00e1.<\/p>\n","protected":false},"author":156,"featured_media":186504,"comment_status":"open","ping_status":"open","sticky":false,"template":"","format":"standard","meta":{"_acf_changed":false,"om_disable_all_campaigns":false,"footnotes":""},"categories":[191],"tags":[448,6063,792],"class_list":["post-186375","post","type-post","status-publish","format-standard","has-post-thumbnail","hentry","category-destinos","tag-que-ver-en-andalucia","tag-comares","tag-que-ver-en-malaga"],"acf":[],"featured_image_src":"https:\/\/www.escapadarural.com\/blog\/wp-content\/uploads\/2025\/01\/adobestock_420243166_WP_04.webp","author_info":{"display_name":"Ver\u00f3nica G\u00f3mez","author_link":"https:\/\/www.escapadarural.com\/blog\/autor\/veronica-gomez\/"},"yoast_head":"<!-- This site is optimized with the Yoast SEO plugin v27.5 - https:\/\/yoast.com\/product\/yoast-seo-wordpress\/ -->\n<title>Comares, un balc\u00f3n \u00e1rabe a la Axarqu\u00eda malague\u00f1a<\/title>\n<meta name=\"description\" content=\"Tierra de Verdiales, de olivos, de pasas y de copla. Comares (M\u00e1laga) un pueblo medieval de la Axarqu\u00eda malague\u00f1a que te enamorar\u00e1.\" \/>\n<meta name=\"robots\" content=\"index, follow, max-snippet:-1, max-image-preview:large, max-video-preview:-1\" \/>\n<link rel=\"canonical\" href=\"https:\/\/www.escapadarural.com\/blog\/que-ver-en-comares-axarquia-malaguena\/\" \/>\n<meta property=\"og:locale\" content=\"es_ES\" \/>\n<meta property=\"og:type\" content=\"article\" \/>\n<meta property=\"og:title\" content=\"Comares, un balc\u00f3n \u00e1rabe a la Axarqu\u00eda malague\u00f1a\" \/>\n<meta property=\"og:description\" content=\"Tierra de Verdiales, de olivos, de pasas y de copla. Comares (M\u00e1laga) un pueblo medieval de la Axarqu\u00eda malague\u00f1a que te enamorar\u00e1.\" \/>\n<meta property=\"og:url\" content=\"https:\/\/www.escapadarural.com\/blog\/que-ver-en-comares-axarquia-malaguena\/\" \/>\n<meta property=\"og:site_name\" content=\"Magazine de viajes de EscapadaRural\" \/>\n<meta property=\"article:publisher\" content=\"https:\/\/www.facebook.com\/escapadarural\" \/>\n<meta property=\"article:published_time\" content=\"2025-01-16T06:00:00+00:00\" \/>\n<meta property=\"article:modified_time\" content=\"2025-02-11T16:16:35+00:00\" \/>\n<meta property=\"og:image\" content=\"https:\/\/www.escapadarural.com\/blog\/wp-content\/uploads\/2025\/01\/adobestock_420243166_WP_04.webp\" \/>\n\t<meta property=\"og:image:width\" content=\"1024\" \/>\n\t<meta property=\"og:image:height\" content=\"681\" \/>\n\t<meta property=\"og:image:type\" content=\"image\/webp\" \/>\n<meta name=\"author\" content=\"Ver\u00f3nica G\u00f3mez\" \/>\n<meta name=\"twitter:card\" content=\"summary_large_image\" \/>\n<meta name=\"twitter:label1\" content=\"Escrito por\" \/>\n\t<meta name=\"twitter:data1\" content=\"Ver\u00f3nica G\u00f3mez\" \/>\n\t<meta name=\"twitter:label2\" content=\"Tiempo de lectura\" \/>\n\t<meta name=\"twitter:data2\" content=\"12 minutos\" \/>\n<script type=\"application\/ld+json\" class=\"yoast-schema-graph\">{\"@context\":\"https:\\\/\\\/schema.org\",\"@graph\":[{\"@type\":\"Article\",\"@id\":\"https:\\\/\\\/www.escapadarural.com\\\/blog\\\/que-ver-en-comares-axarquia-malaguena\\\/#article\",\"isPartOf\":{\"@id\":\"https:\\\/\\\/www.escapadarural.com\\\/blog\\\/que-ver-en-comares-axarquia-malaguena\\\/\"},\"author\":{\"name\":\"Ver\u00f3nica G\u00f3mez\",\"@id\":\"https:\\\/\\\/www.escapadarural.com\\\/blog\\\/#\\\/schema\\\/person\\\/4140cb320c90a6ca94d284d6884f5b4e\"},\"headline\":\"Comares, un balc\u00f3n \u00e1rabe a la Axarqu\u00eda malague\u00f1a\",\"datePublished\":\"2025-01-16T06:00:00+00:00\",\"dateModified\":\"2025-02-11T16:16:35+00:00\",\"mainEntityOfPage\":{\"@id\":\"https:\\\/\\\/www.escapadarural.com\\\/blog\\\/que-ver-en-comares-axarquia-malaguena\\\/\"},\"wordCount\":1936,\"commentCount\":2,\"publisher\":{\"@id\":\"https:\\\/\\\/www.escapadarural.com\\\/blog\\\/#organization\"},\"image\":{\"@id\":\"https:\\\/\\\/www.escapadarural.com\\\/blog\\\/que-ver-en-comares-axarquia-malaguena\\\/#primaryimage\"},\"thumbnailUrl\":\"https:\\\/\\\/www.escapadarural.com\\\/blog\\\/wp-content\\\/uploads\\\/2025\\\/01\\\/adobestock_420243166_WP_04.webp\",\"keywords\":[\"Andaluc\u00eda\",\"Comares\",\"M\u00e1laga\"],\"articleSection\":[\"Destinos\"],\"inLanguage\":\"es\",\"potentialAction\":[{\"@type\":\"CommentAction\",\"name\":\"Comment\",\"target\":[\"https:\\\/\\\/www.escapadarural.com\\\/blog\\\/que-ver-en-comares-axarquia-malaguena\\\/#respond\"]}]},{\"@type\":\"WebPage\",\"@id\":\"https:\\\/\\\/www.escapadarural.com\\\/blog\\\/que-ver-en-comares-axarquia-malaguena\\\/\",\"url\":\"https:\\\/\\\/www.escapadarural.com\\\/blog\\\/que-ver-en-comares-axarquia-malaguena\\\/\",\"name\":\"Comares, un balc\u00f3n \u00e1rabe a la Axarqu\u00eda malague\u00f1a\",\"isPartOf\":{\"@id\":\"https:\\\/\\\/www.escapadarural.com\\\/blog\\\/#website\"},\"primaryImageOfPage\":{\"@id\":\"https:\\\/\\\/www.escapadarural.com\\\/blog\\\/que-ver-en-comares-axarquia-malaguena\\\/#primaryimage\"},\"image\":{\"@id\":\"https:\\\/\\\/www.escapadarural.com\\\/blog\\\/que-ver-en-comares-axarquia-malaguena\\\/#primaryimage\"},\"thumbnailUrl\":\"https:\\\/\\\/www.escapadarural.com\\\/blog\\\/wp-content\\\/uploads\\\/2025\\\/01\\\/adobestock_420243166_WP_04.webp\",\"datePublished\":\"2025-01-16T06:00:00+00:00\",\"dateModified\":\"2025-02-11T16:16:35+00:00\",\"description\":\"Tierra de Verdiales, de olivos, de pasas y de copla. Comares (M\u00e1laga) un pueblo medieval de la Axarqu\u00eda malague\u00f1a que te enamorar\u00e1.\",\"breadcrumb\":{\"@id\":\"https:\\\/\\\/www.escapadarural.com\\\/blog\\\/que-ver-en-comares-axarquia-malaguena\\\/#breadcrumb\"},\"inLanguage\":\"es\",\"potentialAction\":[{\"@type\":\"ReadAction\",\"target\":[\"https:\\\/\\\/www.escapadarural.com\\\/blog\\\/que-ver-en-comares-axarquia-malaguena\\\/\"]}]},{\"@type\":\"ImageObject\",\"inLanguage\":\"es\",\"@id\":\"https:\\\/\\\/www.escapadarural.com\\\/blog\\\/que-ver-en-comares-axarquia-malaguena\\\/#primaryimage\",\"url\":\"https:\\\/\\\/www.escapadarural.com\\\/blog\\\/wp-content\\\/uploads\\\/2025\\\/01\\\/adobestock_420243166_WP_04.webp\",\"contentUrl\":\"https:\\\/\\\/www.escapadarural.com\\\/blog\\\/wp-content\\\/uploads\\\/2025\\\/01\\\/adobestock_420243166_WP_04.webp\",\"width\":1024,\"height\":681,\"caption\":\"Muralla en Comares (M\u00e1laga). Por Manuel Mata.\"},{\"@type\":\"BreadcrumbList\",\"@id\":\"https:\\\/\\\/www.escapadarural.com\\\/blog\\\/que-ver-en-comares-axarquia-malaguena\\\/#breadcrumb\",\"itemListElement\":[{\"@type\":\"ListItem\",\"position\":1,\"name\":\"Inicio\",\"item\":\"https:\\\/\\\/www.escapadarural.com\\\/blog\\\/\"},{\"@type\":\"ListItem\",\"position\":2,\"name\":\"Destinos\",\"item\":\"https:\\\/\\\/www.escapadarural.com\\\/blog\\\/categoria\\\/destinos\\\/\"},{\"@type\":\"ListItem\",\"position\":3,\"name\":\"Comares, un balc\u00f3n \u00e1rabe a la Axarqu\u00eda malague\u00f1a\"}]},{\"@type\":\"WebSite\",\"@id\":\"https:\\\/\\\/www.escapadarural.com\\\/blog\\\/#website\",\"url\":\"https:\\\/\\\/www.escapadarural.com\\\/blog\\\/\",\"name\":\"Blog de viajes | turismo rural, alojamientos e inspiraci\u00f3n\",\"description\":\"Alojamientos rurales e inspiraci\u00f3n para tus escapadas\",\"publisher\":{\"@id\":\"https:\\\/\\\/www.escapadarural.com\\\/blog\\\/#organization\"},\"alternateName\":\"Magazine de viajes de EscapadaRural\",\"potentialAction\":[{\"@type\":\"SearchAction\",\"target\":{\"@type\":\"EntryPoint\",\"urlTemplate\":\"https:\\\/\\\/www.escapadarural.com\\\/blog\\\/?s={search_term_string}\"},\"query-input\":{\"@type\":\"PropertyValueSpecification\",\"valueRequired\":true,\"valueName\":\"search_term_string\"}}],\"inLanguage\":\"es\"},{\"@type\":\"Organization\",\"@id\":\"https:\\\/\\\/www.escapadarural.com\\\/blog\\\/#organization\",\"name\":\"EscapadaRural\",\"url\":\"https:\\\/\\\/www.escapadarural.com\\\/blog\\\/\",\"logo\":{\"@type\":\"ImageObject\",\"inLanguage\":\"es\",\"@id\":\"https:\\\/\\\/www.escapadarural.com\\\/blog\\\/#\\\/schema\\\/logo\\\/image\\\/\",\"url\":\"https:\\\/\\\/www.escapadarural.com\\\/blog\\\/wp-content\\\/uploads\\\/2024\\\/10\\\/cropped-cropped-escapada-rural-icon-mag-3.png\",\"contentUrl\":\"https:\\\/\\\/www.escapadarural.com\\\/blog\\\/wp-content\\\/uploads\\\/2024\\\/10\\\/cropped-cropped-escapada-rural-icon-mag-3.png\",\"width\":512,\"height\":512,\"caption\":\"EscapadaRural\"},\"image\":{\"@id\":\"https:\\\/\\\/www.escapadarural.com\\\/blog\\\/#\\\/schema\\\/logo\\\/image\\\/\"},\"sameAs\":[\"https:\\\/\\\/www.facebook.com\\\/escapadarural\",\"https:\\\/\\\/www.instagram.com\\\/escapadarural\\\/\",\"https:\\\/\\\/www.youtube.com\\\/@escapadaruralcom\"]},{\"@type\":\"Person\",\"@id\":\"https:\\\/\\\/www.escapadarural.com\\\/blog\\\/#\\\/schema\\\/person\\\/4140cb320c90a6ca94d284d6884f5b4e\",\"name\":\"Ver\u00f3nica G\u00f3mez\",\"image\":{\"@type\":\"ImageObject\",\"inLanguage\":\"es\",\"@id\":\"https:\\\/\\\/secure.gravatar.com\\\/avatar\\\/a14c3f7acd3c2787ced9245c8239291aa98d78e70607ab29f4388e265c55669f?s=96&d=mm&r=g\",\"url\":\"https:\\\/\\\/secure.gravatar.com\\\/avatar\\\/a14c3f7acd3c2787ced9245c8239291aa98d78e70607ab29f4388e265c55669f?s=96&d=mm&r=g\",\"contentUrl\":\"https:\\\/\\\/secure.gravatar.com\\\/avatar\\\/a14c3f7acd3c2787ced9245c8239291aa98d78e70607ab29f4388e265c55669f?s=96&d=mm&r=g\",\"caption\":\"Ver\u00f3nica G\u00f3mez\"},\"description\":\"Periodista, madre de Hugo y Enzo a tiempo completo e investigadora incansable, dir\u00eda que hasta cuando duermo. Antes en Cr\u00f3nica Global, El Liberal y El Mundo Catalunya\",\"url\":\"https:\\\/\\\/www.escapadarural.com\\\/blog\\\/autor\\\/veronica-gomez\\\/\"}]}<\/script>\n<!-- \/ Yoast SEO plugin. -->","yoast_head_json":{"title":"Comares, un balc\u00f3n \u00e1rabe a la Axarqu\u00eda malague\u00f1a","description":"Tierra de Verdiales, de olivos, de pasas y de copla. Comares (M\u00e1laga) un pueblo medieval de la Axarqu\u00eda malague\u00f1a que te enamorar\u00e1.","robots":{"index":"index","follow":"follow","max-snippet":"max-snippet:-1","max-image-preview":"max-image-preview:large","max-video-preview":"max-video-preview:-1"},"canonical":"https:\/\/www.escapadarural.com\/blog\/que-ver-en-comares-axarquia-malaguena\/","og_locale":"es_ES","og_type":"article","og_title":"Comares, un balc\u00f3n \u00e1rabe a la Axarqu\u00eda malague\u00f1a","og_description":"Tierra de Verdiales, de olivos, de pasas y de copla. Comares (M\u00e1laga) un pueblo medieval de la Axarqu\u00eda malague\u00f1a que te enamorar\u00e1.","og_url":"https:\/\/www.escapadarural.com\/blog\/que-ver-en-comares-axarquia-malaguena\/","og_site_name":"Magazine de viajes de EscapadaRural","article_publisher":"https:\/\/www.facebook.com\/escapadarural","article_published_time":"2025-01-16T06:00:00+00:00","article_modified_time":"2025-02-11T16:16:35+00:00","og_image":[{"width":1024,"height":681,"url":"https:\/\/www.escapadarural.com\/blog\/wp-content\/uploads\/2025\/01\/adobestock_420243166_WP_04.webp","type":"image\/webp"}],"author":"Ver\u00f3nica G\u00f3mez","twitter_card":"summary_large_image","twitter_misc":{"Escrito por":"Ver\u00f3nica G\u00f3mez","Tiempo de lectura":"12 minutos"},"schema":{"@context":"https:\/\/schema.org","@graph":[{"@type":"Article","@id":"https:\/\/www.escapadarural.com\/blog\/que-ver-en-comares-axarquia-malaguena\/#article","isPartOf":{"@id":"https:\/\/www.escapadarural.com\/blog\/que-ver-en-comares-axarquia-malaguena\/"},"author":{"name":"Ver\u00f3nica G\u00f3mez","@id":"https:\/\/www.escapadarural.com\/blog\/#\/schema\/person\/4140cb320c90a6ca94d284d6884f5b4e"},"headline":"Comares, un balc\u00f3n \u00e1rabe a la Axarqu\u00eda malague\u00f1a","datePublished":"2025-01-16T06:00:00+00:00","dateModified":"2025-02-11T16:16:35+00:00","mainEntityOfPage":{"@id":"https:\/\/www.escapadarural.com\/blog\/que-ver-en-comares-axarquia-malaguena\/"},"wordCount":1936,"commentCount":2,"publisher":{"@id":"https:\/\/www.escapadarural.com\/blog\/#organization"},"image":{"@id":"https:\/\/www.escapadarural.com\/blog\/que-ver-en-comares-axarquia-malaguena\/#primaryimage"},"thumbnailUrl":"https:\/\/www.escapadarural.com\/blog\/wp-content\/uploads\/2025\/01\/adobestock_420243166_WP_04.webp","keywords":["Andaluc\u00eda","Comares","M\u00e1laga"],"articleSection":["Destinos"],"inLanguage":"es","potentialAction":[{"@type":"CommentAction","name":"Comment","target":["https:\/\/www.escapadarural.com\/blog\/que-ver-en-comares-axarquia-malaguena\/#respond"]}]},{"@type":"WebPage","@id":"https:\/\/www.escapadarural.com\/blog\/que-ver-en-comares-axarquia-malaguena\/","url":"https:\/\/www.escapadarural.com\/blog\/que-ver-en-comares-axarquia-malaguena\/","name":"Comares, un balc\u00f3n \u00e1rabe a la Axarqu\u00eda malague\u00f1a","isPartOf":{"@id":"https:\/\/www.escapadarural.com\/blog\/#website"},"primaryImageOfPage":{"@id":"https:\/\/www.escapadarural.com\/blog\/que-ver-en-comares-axarquia-malaguena\/#primaryimage"},"image":{"@id":"https:\/\/www.escapadarural.com\/blog\/que-ver-en-comares-axarquia-malaguena\/#primaryimage"},"thumbnailUrl":"https:\/\/www.escapadarural.com\/blog\/wp-content\/uploads\/2025\/01\/adobestock_420243166_WP_04.webp","datePublished":"2025-01-16T06:00:00+00:00","dateModified":"2025-02-11T16:16:35+00:00","description":"Tierra de Verdiales, de olivos, de pasas y de copla. Comares (M\u00e1laga) un pueblo medieval de la Axarqu\u00eda malague\u00f1a que te enamorar\u00e1.","breadcrumb":{"@id":"https:\/\/www.escapadarural.com\/blog\/que-ver-en-comares-axarquia-malaguena\/#breadcrumb"},"inLanguage":"es","potentialAction":[{"@type":"ReadAction","target":["https:\/\/www.escapadarural.com\/blog\/que-ver-en-comares-axarquia-malaguena\/"]}]},{"@type":"ImageObject","inLanguage":"es","@id":"https:\/\/www.escapadarural.com\/blog\/que-ver-en-comares-axarquia-malaguena\/#primaryimage","url":"https:\/\/www.escapadarural.com\/blog\/wp-content\/uploads\/2025\/01\/adobestock_420243166_WP_04.webp","contentUrl":"https:\/\/www.escapadarural.com\/blog\/wp-content\/uploads\/2025\/01\/adobestock_420243166_WP_04.webp","width":1024,"height":681,"caption":"Muralla en Comares (M\u00e1laga). Por Manuel Mata."},{"@type":"BreadcrumbList","@id":"https:\/\/www.escapadarural.com\/blog\/que-ver-en-comares-axarquia-malaguena\/#breadcrumb","itemListElement":[{"@type":"ListItem","position":1,"name":"Inicio","item":"https:\/\/www.escapadarural.com\/blog\/"},{"@type":"ListItem","position":2,"name":"Destinos","item":"https:\/\/www.escapadarural.com\/blog\/categoria\/destinos\/"},{"@type":"ListItem","position":3,"name":"Comares, un balc\u00f3n \u00e1rabe a la Axarqu\u00eda malague\u00f1a"}]},{"@type":"WebSite","@id":"https:\/\/www.escapadarural.com\/blog\/#website","url":"https:\/\/www.escapadarural.com\/blog\/","name":"Blog de viajes | turismo rural, alojamientos e inspiraci\u00f3n","description":"Alojamientos rurales e inspiraci\u00f3n para tus escapadas","publisher":{"@id":"https:\/\/www.escapadarural.com\/blog\/#organization"},"alternateName":"Magazine de viajes de EscapadaRural","potentialAction":[{"@type":"SearchAction","target":{"@type":"EntryPoint","urlTemplate":"https:\/\/www.escapadarural.com\/blog\/?s={search_term_string}"},"query-input":{"@type":"PropertyValueSpecification","valueRequired":true,"valueName":"search_term_string"}}],"inLanguage":"es"},{"@type":"Organization","@id":"https:\/\/www.escapadarural.com\/blog\/#organization","name":"EscapadaRural","url":"https:\/\/www.escapadarural.com\/blog\/","logo":{"@type":"ImageObject","inLanguage":"es","@id":"https:\/\/www.escapadarural.com\/blog\/#\/schema\/logo\/image\/","url":"https:\/\/www.escapadarural.com\/blog\/wp-content\/uploads\/2024\/10\/cropped-cropped-escapada-rural-icon-mag-3.png","contentUrl":"https:\/\/www.escapadarural.com\/blog\/wp-content\/uploads\/2024\/10\/cropped-cropped-escapada-rural-icon-mag-3.png","width":512,"height":512,"caption":"EscapadaRural"},"image":{"@id":"https:\/\/www.escapadarural.com\/blog\/#\/schema\/logo\/image\/"},"sameAs":["https:\/\/www.facebook.com\/escapadarural","https:\/\/www.instagram.com\/escapadarural\/","https:\/\/www.youtube.com\/@escapadaruralcom"]},{"@type":"Person","@id":"https:\/\/www.escapadarural.com\/blog\/#\/schema\/person\/4140cb320c90a6ca94d284d6884f5b4e","name":"Ver\u00f3nica G\u00f3mez","image":{"@type":"ImageObject","inLanguage":"es","@id":"https:\/\/secure.gravatar.com\/avatar\/a14c3f7acd3c2787ced9245c8239291aa98d78e70607ab29f4388e265c55669f?s=96&d=mm&r=g","url":"https:\/\/secure.gravatar.com\/avatar\/a14c3f7acd3c2787ced9245c8239291aa98d78e70607ab29f4388e265c55669f?s=96&d=mm&r=g","contentUrl":"https:\/\/secure.gravatar.com\/avatar\/a14c3f7acd3c2787ced9245c8239291aa98d78e70607ab29f4388e265c55669f?s=96&d=mm&r=g","caption":"Ver\u00f3nica G\u00f3mez"},"description":"Periodista, madre de Hugo y Enzo a tiempo completo e investigadora incansable, dir\u00eda que hasta cuando duermo. Antes en Cr\u00f3nica Global, El Liberal y El Mundo Catalunya","url":"https:\/\/www.escapadarural.com\/blog\/autor\/veronica-gomez\/"}]}},"_links":{"self":[{"href":"https:\/\/www.escapadarural.com\/blog\/wp-json\/wp\/v2\/posts\/186375","targetHints":{"allow":["GET"]}}],"collection":[{"href":"https:\/\/www.escapadarural.com\/blog\/wp-json\/wp\/v2\/posts"}],"about":[{"href":"https:\/\/www.escapadarural.com\/blog\/wp-json\/wp\/v2\/types\/post"}],"author":[{"embeddable":true,"href":"https:\/\/www.escapadarural.com\/blog\/wp-json\/wp\/v2\/users\/156"}],"replies":[{"embeddable":true,"href":"https:\/\/www.escapadarural.com\/blog\/wp-json\/wp\/v2\/comments?post=186375"}],"version-history":[{"count":0,"href":"https:\/\/www.escapadarural.com\/blog\/wp-json\/wp\/v2\/posts\/186375\/revisions"}],"wp:featuredmedia":[{"embeddable":true,"href":"https:\/\/www.escapadarural.com\/blog\/wp-json\/wp\/v2\/media\/186504"}],"wp:attachment":[{"href":"https:\/\/www.escapadarural.com\/blog\/wp-json\/wp\/v2\/media?parent=186375"}],"wp:term":[{"taxonomy":"category","embeddable":true,"href":"https:\/\/www.escapadarural.com\/blog\/wp-json\/wp\/v2\/categories?post=186375"},{"taxonomy":"post_tag","embeddable":true,"href":"https:\/\/www.escapadarural.com\/blog\/wp-json\/wp\/v2\/tags?post=186375"}],"curies":[{"name":"wp","href":"https:\/\/api.w.org\/{rel}","templated":true}]}}