{"id":186542,"date":"2025-02-06T09:00:00","date_gmt":"2025-02-06T07:00:00","guid":{"rendered":"https:\/\/www.escapadarural.com\/blog\/?p=186542"},"modified":"2025-02-05T13:07:15","modified_gmt":"2025-02-05T11:07:15","slug":"txakoli-vasco-cultivo-fiesta","status":"publish","type":"post","link":"https:\/\/www.escapadarural.com\/blog\/txakoli-vasco-cultivo-fiesta\/","title":{"rendered":"Tras la pista del txakol\u00ed: un emblema de la gastronom\u00eda vasca"},"content":{"rendered":"\n<figure class=\"wp-block-image size-full\"><img loading=\"lazy\" decoding=\"async\" width=\"1024\" height=\"684\" src=\"https:\/\/www.escapadarural.com\/blog\/wp-content\/uploads\/2025\/02\/AdobeStock_240843692_WP_01.webp\" alt=\"Vi\u00f1edos de txacol\u00ed\" class=\"wp-image-192085\" srcset=\"https:\/\/www.escapadarural.com\/blog\/wp-content\/uploads\/2025\/02\/AdobeStock_240843692_WP_01-200x134.webp 200w, https:\/\/www.escapadarural.com\/blog\/wp-content\/uploads\/2025\/02\/AdobeStock_240843692_WP_01-300x200.webp 300w, https:\/\/www.escapadarural.com\/blog\/wp-content\/uploads\/2025\/02\/AdobeStock_240843692_WP_01-400x267.webp 400w, https:\/\/www.escapadarural.com\/blog\/wp-content\/uploads\/2025\/02\/AdobeStock_240843692_WP_01-600x401.webp 600w, https:\/\/www.escapadarural.com\/blog\/wp-content\/uploads\/2025\/02\/AdobeStock_240843692_WP_01-768x513.webp 768w, https:\/\/www.escapadarural.com\/blog\/wp-content\/uploads\/2025\/02\/AdobeStock_240843692_WP_01-800x534.webp 800w, https:\/\/www.escapadarural.com\/blog\/wp-content\/uploads\/2025\/02\/AdobeStock_240843692_WP_01.webp 1024w\" sizes=\"auto, (max-width: 1024px) 100vw, 1024px\" \/><figcaption class=\"wp-element-caption\">Vi\u00f1edos de <em>txacol\u00ed<\/em>. Por Noradoa<\/figcaption><\/figure>\n\n\n\n<p>El d\u00eda de San Ant\u00f3n, conocido patr\u00f3n de los animales, fue muy especial en el municipio costero vasco de <a href=\"\/casas-rurales\/getaria\" target=\"_blank\" rel=\"noreferrer noopener\">Getaria<\/a>. Y es que, el 17 de enero se present\u00f3 la nueva <strong>cosecha del <em>txakol\u00ed<\/em> de Getaria con Denominaci\u00f3n de Origen<\/strong>. Una bebida que ha envejecido muy bien con los a\u00f1os. Si hasta no hace mucho tiempo era un vino al que no se le tomaba demasiado en serio, en la actualidad es un blanco \u2013a veces espumoso\u2013 que no falta en las mesas m\u00e1s gourmets.<\/p>\n\n\n\n<p>En la actualidad, el <em>txakol\u00ed<\/em> es uno de los <strong>grandes emblemas de la gastronom\u00eda vasca<\/strong> y una de sus bebidas con m\u00e1s personalidad, con permiso de la <a href=\"https:\/\/www.escapadarural.com\/blog\/sidra-asturiana-o-sidra-vasca\/\">sidra<\/a> y de los vinos de la zona. Te invitamos a conocer los paisajes rurales llenos de contrastes en los que crece su uva. Y, por supuesto, a ir a probarlo en espacios dedicados especialmente a este caldo: las <strong>\u201ctxakolindegis\u201d o bodegas de <em>txakol\u00ed<\/em><\/strong>.<\/p>\n\n\n\n<div class=\"wp-block-buttons is-layout-flex wp-block-buttons-is-layout-flex\">\n<div class=\"wp-block-button\"><a class=\"wp-block-button__link wp-element-button\" href=\"\/casas-rurales\/pais-vasco\">Alojamientos rurales en el Pa\u00eds Vasco<\/a><\/div>\n<\/div>\n\n\n\n<h2 class=\"wp-block-heading\" id=\"h-una-excusa-para-ir-a-getaria\"><strong>Una excusa para ir a Getaria<\/strong><\/h2>\n\n\n\n<figure class=\"wp-block-image size-full\"><img loading=\"lazy\" decoding=\"async\" width=\"1024\" height=\"676\" src=\"https:\/\/www.escapadarural.com\/blog\/wp-content\/uploads\/2025\/02\/AdobeStock_513897614_WP_02.webp\" alt=\"Vi\u00f1edos de txacol\u00ed en Getaria\" class=\"wp-image-192086\" srcset=\"https:\/\/www.escapadarural.com\/blog\/wp-content\/uploads\/2025\/02\/AdobeStock_513897614_WP_02-200x132.webp 200w, https:\/\/www.escapadarural.com\/blog\/wp-content\/uploads\/2025\/02\/AdobeStock_513897614_WP_02-300x198.webp 300w, https:\/\/www.escapadarural.com\/blog\/wp-content\/uploads\/2025\/02\/AdobeStock_513897614_WP_02-400x264.webp 400w, https:\/\/www.escapadarural.com\/blog\/wp-content\/uploads\/2025\/02\/AdobeStock_513897614_WP_02-600x396.webp 600w, https:\/\/www.escapadarural.com\/blog\/wp-content\/uploads\/2025\/02\/AdobeStock_513897614_WP_02-768x507.webp 768w, https:\/\/www.escapadarural.com\/blog\/wp-content\/uploads\/2025\/02\/AdobeStock_513897614_WP_02-800x528.webp 800w, https:\/\/www.escapadarural.com\/blog\/wp-content\/uploads\/2025\/02\/AdobeStock_513897614_WP_02.webp 1024w\" sizes=\"auto, (max-width: 1024px) 100vw, 1024px\" \/><figcaption class=\"wp-element-caption\">Vi\u00f1edos de <em>txacol\u00ed<\/em> en Getaria. Por poliki<\/figcaption><\/figure>\n\n\n\n<p>Como dec\u00edamos, <strong>el invierno es una buena \u00e9poca<\/strong> para visitar uno de los <a href=\"https:\/\/www.escapadarural.com\/blog\/pueblos-mas-bonitos-del-pais-vasco\/\">pueblos vascos<\/a> costeros m\u00e1s bonitos, <a href=\"\/casas-rurales\/getaria\">Getaria<\/a>. All\u00ed, la temporada de <em><strong>txakol\u00ed<\/strong> <\/em>comienza el d\u00eda de San Ant\u00f3n y, tras presentar oficialmente la cosecha del a\u00f1o en el front\u00f3n del municipio, los asistentes pueden catar el producto. Para ello, se abren m\u00e1s de 1.000 botellas de <em>txakol\u00ed<\/em> procedentes de una veintena de bodegas.<\/p>\n\n\n\n<p>Cuidado porque <strong>el <em>txakol\u00ed<\/em> enga\u00f1a<\/strong>. Entra muy bien, es una bebida viva que se sirve fresquita y con sabor afrutado, as\u00ed que hay que acompa\u00f1arla de algo de comida. En esta jornada tan especial en Getaria no faltan otros productos t\u00edpicos de la zona. Entre ellos, destacan las <strong>anchoas y el bonito<\/strong>, as\u00ed como una gran variedad de <em>pintxos<\/em> que preparan los bares y restaurantes del municipio.<\/p>\n\n\n\n<p><strong>El d\u00eda de San Ant\u00f3n tambi\u00e9n se entrega el premio <em>Mahasti Jauna<\/em><\/strong>, una escultura de bronce, a personas y entidades relacionadas con el mundo del <em>txakol\u00ed<\/em>. Un evento que suele ir acompa\u00f1ado de exhibiciones de <em>herri-kirolak<\/em>, es decir, <a href=\"https:\/\/www.escapadarural.com\/blog\/los-deportes-rurales-de-euskadi\/\">deportes rurales vascos<\/a>. Tampoco faltan otros elementos tradicionales de la cultura vasca como la m\u00fasica y los <a href=\"https:\/\/www.escapadarural.com\/blog\/bertsolarismo-canto-improvisado-vasco\/\" target=\"_blank\" rel=\"noreferrer noopener\"><em>bertsos<\/em> cantados improvisados<\/a>.<\/p>\n\n\n\n<figure class=\"wp-block-image size-large\"><img loading=\"lazy\" decoding=\"async\" width=\"1024\" height=\"678\" src=\"https:\/\/www.escapadarural.com\/blog\/wp-content\/uploads\/2025\/01\/AdobeStock_415193022_Editorial_Use_Only-1024x678.jpeg\" alt=\"Txakol\u00ed con DOP de Getaria | Por vli86\" class=\"wp-image-186549\" srcset=\"https:\/\/www.escapadarural.com\/blog\/wp-content\/uploads\/2025\/01\/AdobeStock_415193022_Editorial_Use_Only-200x132.jpeg 200w, https:\/\/www.escapadarural.com\/blog\/wp-content\/uploads\/2025\/01\/AdobeStock_415193022_Editorial_Use_Only-300x199.jpeg 300w, https:\/\/www.escapadarural.com\/blog\/wp-content\/uploads\/2025\/01\/AdobeStock_415193022_Editorial_Use_Only-400x265.jpeg 400w, https:\/\/www.escapadarural.com\/blog\/wp-content\/uploads\/2025\/01\/AdobeStock_415193022_Editorial_Use_Only-600x397.jpeg 600w, https:\/\/www.escapadarural.com\/blog\/wp-content\/uploads\/2025\/01\/AdobeStock_415193022_Editorial_Use_Only-768x509.jpeg 768w, https:\/\/www.escapadarural.com\/blog\/wp-content\/uploads\/2025\/01\/AdobeStock_415193022_Editorial_Use_Only-800x530.jpeg 800w, https:\/\/www.escapadarural.com\/blog\/wp-content\/uploads\/2025\/01\/AdobeStock_415193022_Editorial_Use_Only-1024x678.jpeg 1024w, https:\/\/www.escapadarural.com\/blog\/wp-content\/uploads\/2025\/01\/AdobeStock_415193022_Editorial_Use_Only-1200x795.jpeg 1200w, https:\/\/www.escapadarural.com\/blog\/wp-content\/uploads\/2025\/01\/AdobeStock_415193022_Editorial_Use_Only-1536x1017.jpeg 1536w\" sizes=\"auto, (max-width: 1024px) 100vw, 1024px\" \/><figcaption class=\"wp-element-caption\"><em>Txakol\u00ed<\/em> con DOP de Getaria | Por vli86<\/figcaption><\/figure>\n\n\n\n<p>Siempre es un buen momento para ir a conocer el <strong>pueblo donde naci\u00f3 el legendario marino Juan Sebasti\u00e1n Elcano<\/strong>. Ahora bien, si te quieres sumergir en la aut\u00e9ntica cultura vasca \u2013en su gastronom\u00eda, lengua, tradiciones\u2013, no deber\u00edas faltar el d\u00eda de San Ant\u00f3n o durante el invierno. Aprovecha para dar una vuelta por su casco hist\u00f3rico y acercarte al puerto. Aunque es poco probable que apetezca un ba\u00f1o en esta \u00e9poca, no dejes de acercarte a conocer la bonita playa de Malkorbe.<\/p>\n\n\n\n<blockquote class=\"wp-block-quote is-layout-flow wp-block-quote-is-layout-flow\">\n<p>El txakol\u00ed es un vino blanco fresco, un poco efervescente y con menos graduaci\u00f3n alcoh\u00f3lica que otros caldos. Existen hasta tres Denominaciones de Origen Protegidas: Getariako Txakolina, Arabako Txakolina y Bizkaiko Txakolina<\/p>\n<\/blockquote>\n\n\n\n<h2 class=\"wp-block-heading\" id=\"h-donde-se-cultiva-la-uva-del-txakoli\"><strong>\u00bfD\u00f3nde se cultiva la uva del <em>txakol\u00ed<\/em>?<\/strong><\/h2>\n\n\n\n<p><strong>El <em>txakol\u00ed<\/em> es un vino blanco fresco, un poco efervescente<\/strong> y con menos graduaci\u00f3n alcoh\u00f3lica que otros caldos. Parece una bebida vasca \u00fanica, pero existen hasta <strong>tres Denominaciones de Origen Protegidas<\/strong>, una por cada provincia de la Comunidad Aut\u00f3noma Vasca: <em>Getariako Txakolina<\/em>, para el procedente de Getaria, en Guip\u00fazcoa; <em>Arabako Txakolina<\/em>, para el elaborado en \u00c1lava; y <em>Bizkaiko Txakolina<\/em>, para el que se hace en <a href=\"https:\/\/www.escapadarural.com\/blog\/estos-son-10-de-los-pueblos-mas-bonitos-de-vizcaya\/\">Vizcaya<\/a>.<\/p>\n\n\n\n<p>Ve\u00e1moslos uno por uno. El m\u00e1s conocido seguramente ser\u00e1 el de Getaria, que se elabora con una variedad de uva aut\u00f3ctona llamada <a href=\"\/casas-rurales\/hondarribia\">Hondarrabi<\/a>. Con ella se hacen sobre todo blancos, aunque tambi\u00e9n hay rosados y, de forma anecd\u00f3tica, tintos. Adem\u00e1s, elaboran espumosos. Se cultiva en <strong>446 hect\u00e1reas de vi\u00f1edo<\/strong>, de las cuales el 90% est\u00e1 en zonas costeras. En la DOP entran 35 bodegas, la mayor\u00eda de la zona de Getaria y <a href=\"\/casas-rurales\/zarautz\">Zarautz<\/a>, aunque tambi\u00e9n se elabora <em>txakol\u00ed<\/em> en municipios del interior de Guip\u00fazcoa, como en Olaberria o Villabona.<\/p>\n\n\n\n<figure class=\"wp-block-image size-large\"><img loading=\"lazy\" decoding=\"async\" width=\"1024\" height=\"518\" src=\"https:\/\/www.escapadarural.com\/blog\/wp-content\/uploads\/2025\/01\/AdobeStock_224051424-1024x518.jpeg\" alt=\"Vi\u00f1edos de uva para hacer txakol\u00ed en Getaria | Por poliki\" class=\"wp-image-186550\" srcset=\"https:\/\/www.escapadarural.com\/blog\/wp-content\/uploads\/2025\/01\/AdobeStock_224051424-200x101.jpeg 200w, https:\/\/www.escapadarural.com\/blog\/wp-content\/uploads\/2025\/01\/AdobeStock_224051424-300x152.jpeg 300w, https:\/\/www.escapadarural.com\/blog\/wp-content\/uploads\/2025\/01\/AdobeStock_224051424-400x202.jpeg 400w, https:\/\/www.escapadarural.com\/blog\/wp-content\/uploads\/2025\/01\/AdobeStock_224051424-600x303.jpeg 600w, https:\/\/www.escapadarural.com\/blog\/wp-content\/uploads\/2025\/01\/AdobeStock_224051424-768x388.jpeg 768w, https:\/\/www.escapadarural.com\/blog\/wp-content\/uploads\/2025\/01\/AdobeStock_224051424-800x404.jpeg 800w, https:\/\/www.escapadarural.com\/blog\/wp-content\/uploads\/2025\/01\/AdobeStock_224051424-1024x518.jpeg 1024w, https:\/\/www.escapadarural.com\/blog\/wp-content\/uploads\/2025\/01\/AdobeStock_224051424-1200x607.jpeg 1200w, https:\/\/www.escapadarural.com\/blog\/wp-content\/uploads\/2025\/01\/AdobeStock_224051424-1536x777.jpeg 1536w\" sizes=\"auto, (max-width: 1024px) 100vw, 1024px\" \/><figcaption class=\"wp-element-caption\">Vi\u00f1edos de uva para hacer<em> txakol\u00ed<\/em> en Getaria | Por poliki<\/figcaption><\/figure>\n\n\n\n<p>El <em>txakol\u00ed<\/em> de Vizcaya se cultiva en un tama\u00f1o similar, en <strong>426 hect\u00e1reas que dan lugar a casi 1,8 millones de litros<\/strong>. Aunque las plantaciones son habituales en la costa, como las comarcas de Uribe y <a href=\"\/casas-rurales\/urdaibai\" target=\"_blank\" rel=\"noreferrer noopener\">Urdaibai<\/a>, tambi\u00e9n hay en otras \u00e1reas de interior como Encartaciones. La DOP aglutina a 36 bodegas y 14 productores de uva que trabajan en explotaciones de peque\u00f1o tama\u00f1o y con bajos rendimientos por hect\u00e1rea. Lo hacen para <strong>priorizar la calidad frente a la cantidad<\/strong>.<\/p>\n\n\n\n<p>Por \u00faltimo, seguramente el <em>txakol\u00ed<\/em> vasco menos conocido es el de la provincia de interior, \u00c1lava. All\u00ed tienen <strong>m\u00e1s fama los vinos tintos<\/strong> de la <a href=\"https:\/\/www.escapadarural.com\/blog\/casas-rurales-para-hacer-ruta-del-vino\/\">Rioja Alavesa<\/a>. A\u00fan as\u00ed, hay siete bodegas en la comarca de Ayala que producen unas 500.000 botellas por campa\u00f1a. Se les reconoce su origen y calidad mediante una propia DOP.<\/p>\n\n\n\n<h2 class=\"wp-block-heading\" id=\"h-las-txakolindegis-los-templos-del-txakoli\"><strong>Las <em>txakolindegis<\/em>, los templos del <em>txakol\u00ed<\/em><\/strong><\/h2>\n\n\n\n<p>Est\u00e1 bien conocer el origen y los paisajes del <em>txakol\u00ed<\/em>. Pero ya est\u00e1 bien de tanto hablar, \u00bfverdad? Vamos a pasar a la acci\u00f3n y a probar, por fin, esa bebida que se ha hecho un hueco entre los paladares m\u00e1s exigentes. En el Pa\u00eds Vasco son muy conocidas las <a href=\"https:\/\/www.escapadarural.com\/blog\/txotx-todo-lo-que-debes-saber-de-las-sidrerias-vascas\/\" target=\"_blank\" rel=\"noreferrer noopener\"><em>sagardotegis<\/em><\/a>, que son las bodegas de sidra. Pero quiz\u00e1s no tanto las <strong><em>txakolindegis<\/em>, que son las dedicadas a este vino blanco aut\u00f3ctono<\/strong> y uno de los mejores lugares para degustarlos.<\/p>\n\n\n\n<figure class=\"wp-block-image size-large\"><img loading=\"lazy\" decoding=\"async\" width=\"1024\" height=\"681\" src=\"https:\/\/www.escapadarural.com\/blog\/wp-content\/uploads\/2025\/01\/AdobeStock_564372557-1024x681.jpeg\" alt=\"Txakoli en Getaria | Por barmalini\" class=\"wp-image-186552\" srcset=\"https:\/\/www.escapadarural.com\/blog\/wp-content\/uploads\/2025\/01\/AdobeStock_564372557-200x133.jpeg 200w, https:\/\/www.escapadarural.com\/blog\/wp-content\/uploads\/2025\/01\/AdobeStock_564372557-300x200.jpeg 300w, https:\/\/www.escapadarural.com\/blog\/wp-content\/uploads\/2025\/01\/AdobeStock_564372557-400x266.jpeg 400w, https:\/\/www.escapadarural.com\/blog\/wp-content\/uploads\/2025\/01\/AdobeStock_564372557-600x399.jpeg 600w, https:\/\/www.escapadarural.com\/blog\/wp-content\/uploads\/2025\/01\/AdobeStock_564372557-768x511.jpeg 768w, https:\/\/www.escapadarural.com\/blog\/wp-content\/uploads\/2025\/01\/AdobeStock_564372557-800x532.jpeg 800w, https:\/\/www.escapadarural.com\/blog\/wp-content\/uploads\/2025\/01\/AdobeStock_564372557-1024x681.jpeg 1024w, https:\/\/www.escapadarural.com\/blog\/wp-content\/uploads\/2025\/01\/AdobeStock_564372557-1200x798.jpeg 1200w, https:\/\/www.escapadarural.com\/blog\/wp-content\/uploads\/2025\/01\/AdobeStock_564372557-1536x1022.jpeg 1536w\" sizes=\"auto, (max-width: 1024px) 100vw, 1024px\" \/><figcaption class=\"wp-element-caption\"><em>Txakoli<\/em> en Getaria | Por barmalini<\/figcaption><\/figure>\n\n\n\n<p>Hay diferentes bodegas que ofrecen experiencias completas, ya que adem\u00e1s de ser <strong>restaurantes en los que probar su <em>txakol\u00ed<\/em><\/strong>, son visitables y est\u00e1n en un entorno espectacular: entre el verde de las campas, los vi\u00f1edos y el azul del mar. Es el caso, por ejemplo, de <a href=\"https:\/\/www.ameztoi.com\/\" target=\"_blank\" rel=\"noreferrer noopener nofollow\">Ameztoi<\/a>, en el monte a caballo entre Zarautz y Getaria. La bodega Hiruzta, en el pintoresco pueblo de Hondarribia, ofrece visitas privadas a medida y catas personalizadas.<\/p>\n\n\n\n<p>En Vizcaya son tambi\u00e9n muchas las bodegas que ofrecen experiencias completas relacionadas con el <em>txakol\u00ed<\/em>. Una de ellas es Talai-Azpia, en Mendexa (cerca de Lekeitio), con <strong>men\u00fa de productos locales y <em>txakol\u00ed<\/em> propio<\/strong> acompa\u00f1ado de vistas al mar Cant\u00e1brico. En \u00c1lava hay bodegas como Artomana Txakolina, con visitas guiadas por los vi\u00f1edos y las instalaciones que culminan, c\u00f3mo no, con cata de <em>txakol\u00ed<\/em> y degustaci\u00f3n de <em>pintxos<\/em>.<\/p>\n","protected":false},"excerpt":{"rendered":"<p>Te invitamos a conocer los paisajes rurales llenos de contrastes en los que crece la uva del txakoli y a probarlo Getaria y otros lugares<\/p>\n","protected":false},"author":123,"featured_media":192085,"comment_status":"open","ping_status":"open","sticky":false,"template":"","format":"standard","meta":{"_acf_changed":false,"om_disable_all_campaigns":false,"footnotes":""},"categories":[231],"tags":[736,1505,286,508,695,450,985,737],"class_list":["post-186542","post","type-post","status-publish","format-standard","has-post-thumbnail","hentry","category-arte-y-cultura","tag-que-ver-en-alava","tag-bodegas","tag-enoturismo","tag-gastronomia","tag-que-ver-en-guipuzcoa","tag-que-ver-en-pais-vasco","tag-vino","tag-que-ver-en-vizcaya"],"acf":[],"featured_image_src":"https:\/\/www.escapadarural.com\/blog\/wp-content\/uploads\/2025\/02\/AdobeStock_240843692_WP_01.webp","author_info":{"display_name":"Raquel Andr\u00e9s","author_link":"https:\/\/www.escapadarural.com\/blog\/autor\/raquel\/"},"yoast_head":"<!-- This site is optimized with the Yoast SEO plugin v27.5 - https:\/\/yoast.com\/product\/yoast-seo-wordpress\/ -->\n<title>Tras la pista del txakol\u00ed: un emblema de la gastronom\u00eda vasca<\/title>\n<meta name=\"description\" content=\"Te invitamos a conocer los paisajes rurales llenos de contrastes en los que crece la uva del txakoli y a probarlo Getaria y otros lugares\" \/>\n<meta name=\"robots\" content=\"index, follow, max-snippet:-1, max-image-preview:large, max-video-preview:-1\" \/>\n<link rel=\"canonical\" href=\"https:\/\/www.escapadarural.com\/blog\/txakoli-vasco-cultivo-fiesta\/\" \/>\n<meta property=\"og:locale\" content=\"es_ES\" \/>\n<meta property=\"og:type\" content=\"article\" \/>\n<meta property=\"og:title\" content=\"Tras la pista del txakol\u00ed: un emblema de la gastronom\u00eda vasca\" \/>\n<meta property=\"og:description\" content=\"Te invitamos a conocer los paisajes rurales llenos de contrastes en los que crece la uva del txakoli y a probarlo Getaria y otros lugares\" \/>\n<meta property=\"og:url\" content=\"https:\/\/www.escapadarural.com\/blog\/txakoli-vasco-cultivo-fiesta\/\" \/>\n<meta property=\"og:site_name\" content=\"Magazine de viajes de EscapadaRural\" \/>\n<meta property=\"article:publisher\" content=\"https:\/\/www.facebook.com\/escapadarural\" \/>\n<meta property=\"article:published_time\" content=\"2025-02-06T07:00:00+00:00\" \/>\n<meta property=\"og:image\" content=\"https:\/\/app.escapadarural.com\/blog\/wp-content\/uploads\/2025\/02\/AdobeStock_240843692_WP_01.webp\" \/>\n\t<meta property=\"og:image:width\" content=\"1024\" \/>\n\t<meta property=\"og:image:height\" content=\"684\" \/>\n\t<meta property=\"og:image:type\" content=\"image\/webp\" \/>\n<meta name=\"author\" content=\"Raquel Andr\u00e9s\" \/>\n<meta name=\"twitter:card\" content=\"summary_large_image\" \/>\n<meta name=\"twitter:label1\" content=\"Escrito por\" \/>\n\t<meta name=\"twitter:data1\" content=\"Raquel Andr\u00e9s\" \/>\n\t<meta name=\"twitter:label2\" content=\"Tiempo de lectura\" \/>\n\t<meta name=\"twitter:data2\" content=\"6 minutos\" \/>\n<script type=\"application\/ld+json\" class=\"yoast-schema-graph\">{\"@context\":\"https:\\\/\\\/schema.org\",\"@graph\":[{\"@type\":\"Article\",\"@id\":\"https:\\\/\\\/www.escapadarural.com\\\/blog\\\/txakoli-vasco-cultivo-fiesta\\\/#article\",\"isPartOf\":{\"@id\":\"https:\\\/\\\/www.escapadarural.com\\\/blog\\\/txakoli-vasco-cultivo-fiesta\\\/\"},\"author\":{\"name\":\"Raquel Andr\u00e9s\",\"@id\":\"https:\\\/\\\/www.escapadarural.com\\\/blog\\\/#\\\/schema\\\/person\\\/67be061eb00d8315fa8642e01b88c894\"},\"headline\":\"Tras la pista del txakol\u00ed: un emblema de la gastronom\u00eda vasca\",\"datePublished\":\"2025-02-06T07:00:00+00:00\",\"mainEntityOfPage\":{\"@id\":\"https:\\\/\\\/www.escapadarural.com\\\/blog\\\/txakoli-vasco-cultivo-fiesta\\\/\"},\"wordCount\":1107,\"commentCount\":0,\"publisher\":{\"@id\":\"https:\\\/\\\/www.escapadarural.com\\\/blog\\\/#organization\"},\"image\":{\"@id\":\"https:\\\/\\\/www.escapadarural.com\\\/blog\\\/txakoli-vasco-cultivo-fiesta\\\/#primaryimage\"},\"thumbnailUrl\":\"https:\\\/\\\/www.escapadarural.com\\\/blog\\\/wp-content\\\/uploads\\\/2025\\\/02\\\/AdobeStock_240843692_WP_01.webp\",\"keywords\":[\"\u00c1lava\",\"Bodegas\",\"Enoturismo\",\"Gastronom\u00eda\",\"Guip\u00fazcoa\",\"Pa\u00eds Vasco\",\"vino\",\"Vizcaya\"],\"articleSection\":[\"Arte y Cultura\"],\"inLanguage\":\"es\",\"potentialAction\":[{\"@type\":\"CommentAction\",\"name\":\"Comment\",\"target\":[\"https:\\\/\\\/www.escapadarural.com\\\/blog\\\/txakoli-vasco-cultivo-fiesta\\\/#respond\"]}]},{\"@type\":\"WebPage\",\"@id\":\"https:\\\/\\\/www.escapadarural.com\\\/blog\\\/txakoli-vasco-cultivo-fiesta\\\/\",\"url\":\"https:\\\/\\\/www.escapadarural.com\\\/blog\\\/txakoli-vasco-cultivo-fiesta\\\/\",\"name\":\"Tras la pista del txakol\u00ed: un emblema de la gastronom\u00eda vasca\",\"isPartOf\":{\"@id\":\"https:\\\/\\\/www.escapadarural.com\\\/blog\\\/#website\"},\"primaryImageOfPage\":{\"@id\":\"https:\\\/\\\/www.escapadarural.com\\\/blog\\\/txakoli-vasco-cultivo-fiesta\\\/#primaryimage\"},\"image\":{\"@id\":\"https:\\\/\\\/www.escapadarural.com\\\/blog\\\/txakoli-vasco-cultivo-fiesta\\\/#primaryimage\"},\"thumbnailUrl\":\"https:\\\/\\\/www.escapadarural.com\\\/blog\\\/wp-content\\\/uploads\\\/2025\\\/02\\\/AdobeStock_240843692_WP_01.webp\",\"datePublished\":\"2025-02-06T07:00:00+00:00\",\"description\":\"Te invitamos a conocer los paisajes rurales llenos de contrastes en los que crece la uva del txakoli y a probarlo Getaria y otros lugares\",\"breadcrumb\":{\"@id\":\"https:\\\/\\\/www.escapadarural.com\\\/blog\\\/txakoli-vasco-cultivo-fiesta\\\/#breadcrumb\"},\"inLanguage\":\"es\",\"potentialAction\":[{\"@type\":\"ReadAction\",\"target\":[\"https:\\\/\\\/www.escapadarural.com\\\/blog\\\/txakoli-vasco-cultivo-fiesta\\\/\"]}]},{\"@type\":\"ImageObject\",\"inLanguage\":\"es\",\"@id\":\"https:\\\/\\\/www.escapadarural.com\\\/blog\\\/txakoli-vasco-cultivo-fiesta\\\/#primaryimage\",\"url\":\"https:\\\/\\\/www.escapadarural.com\\\/blog\\\/wp-content\\\/uploads\\\/2025\\\/02\\\/AdobeStock_240843692_WP_01.webp\",\"contentUrl\":\"https:\\\/\\\/www.escapadarural.com\\\/blog\\\/wp-content\\\/uploads\\\/2025\\\/02\\\/AdobeStock_240843692_WP_01.webp\",\"width\":1024,\"height\":684,\"caption\":\"Vi\u00f1edos de txacol\u00ed. Por Noradoa\"},{\"@type\":\"BreadcrumbList\",\"@id\":\"https:\\\/\\\/www.escapadarural.com\\\/blog\\\/txakoli-vasco-cultivo-fiesta\\\/#breadcrumb\",\"itemListElement\":[{\"@type\":\"ListItem\",\"position\":1,\"name\":\"Inicio\",\"item\":\"https:\\\/\\\/www.escapadarural.com\\\/blog\\\/\"},{\"@type\":\"ListItem\",\"position\":2,\"name\":\"Arte y Cultura\",\"item\":\"https:\\\/\\\/www.escapadarural.com\\\/blog\\\/categoria\\\/arte-y-cultura\\\/\"},{\"@type\":\"ListItem\",\"position\":3,\"name\":\"Tras la pista del txakol\u00ed: un emblema de la gastronom\u00eda vasca\"}]},{\"@type\":\"WebSite\",\"@id\":\"https:\\\/\\\/www.escapadarural.com\\\/blog\\\/#website\",\"url\":\"https:\\\/\\\/www.escapadarural.com\\\/blog\\\/\",\"name\":\"Blog de viajes | turismo rural, alojamientos e inspiraci\u00f3n\",\"description\":\"Alojamientos rurales e inspiraci\u00f3n para tus escapadas\",\"publisher\":{\"@id\":\"https:\\\/\\\/www.escapadarural.com\\\/blog\\\/#organization\"},\"alternateName\":\"Magazine de viajes de EscapadaRural\",\"potentialAction\":[{\"@type\":\"SearchAction\",\"target\":{\"@type\":\"EntryPoint\",\"urlTemplate\":\"https:\\\/\\\/www.escapadarural.com\\\/blog\\\/?s={search_term_string}\"},\"query-input\":{\"@type\":\"PropertyValueSpecification\",\"valueRequired\":true,\"valueName\":\"search_term_string\"}}],\"inLanguage\":\"es\"},{\"@type\":\"Organization\",\"@id\":\"https:\\\/\\\/www.escapadarural.com\\\/blog\\\/#organization\",\"name\":\"EscapadaRural\",\"url\":\"https:\\\/\\\/www.escapadarural.com\\\/blog\\\/\",\"logo\":{\"@type\":\"ImageObject\",\"inLanguage\":\"es\",\"@id\":\"https:\\\/\\\/www.escapadarural.com\\\/blog\\\/#\\\/schema\\\/logo\\\/image\\\/\",\"url\":\"https:\\\/\\\/www.escapadarural.com\\\/blog\\\/wp-content\\\/uploads\\\/2024\\\/10\\\/cropped-cropped-escapada-rural-icon-mag-3.png\",\"contentUrl\":\"https:\\\/\\\/www.escapadarural.com\\\/blog\\\/wp-content\\\/uploads\\\/2024\\\/10\\\/cropped-cropped-escapada-rural-icon-mag-3.png\",\"width\":512,\"height\":512,\"caption\":\"EscapadaRural\"},\"image\":{\"@id\":\"https:\\\/\\\/www.escapadarural.com\\\/blog\\\/#\\\/schema\\\/logo\\\/image\\\/\"},\"sameAs\":[\"https:\\\/\\\/www.facebook.com\\\/escapadarural\",\"https:\\\/\\\/www.instagram.com\\\/escapadarural\\\/\",\"https:\\\/\\\/www.youtube.com\\\/@escapadaruralcom\"]},{\"@type\":\"Person\",\"@id\":\"https:\\\/\\\/www.escapadarural.com\\\/blog\\\/#\\\/schema\\\/person\\\/67be061eb00d8315fa8642e01b88c894\",\"name\":\"Raquel Andr\u00e9s\",\"image\":{\"@type\":\"ImageObject\",\"inLanguage\":\"es\",\"@id\":\"https:\\\/\\\/secure.gravatar.com\\\/avatar\\\/b45840531462f3cafb335a9fc5c0bfda2c07c3df4b82b304b923526b85cc6cb5?s=96&d=mm&r=g\",\"url\":\"https:\\\/\\\/secure.gravatar.com\\\/avatar\\\/b45840531462f3cafb335a9fc5c0bfda2c07c3df4b82b304b923526b85cc6cb5?s=96&d=mm&r=g\",\"contentUrl\":\"https:\\\/\\\/secure.gravatar.com\\\/avatar\\\/b45840531462f3cafb335a9fc5c0bfda2c07c3df4b82b304b923526b85cc6cb5?s=96&d=mm&r=g\",\"caption\":\"Raquel Andr\u00e9s\"},\"description\":\"Periodista y aventurera. Me has podido leer en Escapada Rural, Diari Nosaltres La Veu, La Vanguardia, El Salto y otros medios. Habitante y amante de las zonas rurales, sea cual sea el destino. Procuro escaparme una vez por semana con las botas de monta\u00f1a, el arn\u00e9s o el neopreno. Tambi\u00e9n soy un intento de baserritarra.\",\"url\":\"https:\\\/\\\/www.escapadarural.com\\\/blog\\\/autor\\\/raquel\\\/\"}]}<\/script>\n<!-- \/ Yoast SEO plugin. -->","yoast_head_json":{"title":"Tras la pista del txakol\u00ed: un emblema de la gastronom\u00eda vasca","description":"Te invitamos a conocer los paisajes rurales llenos de contrastes en los que crece la uva del txakoli y a probarlo Getaria y otros lugares","robots":{"index":"index","follow":"follow","max-snippet":"max-snippet:-1","max-image-preview":"max-image-preview:large","max-video-preview":"max-video-preview:-1"},"canonical":"https:\/\/www.escapadarural.com\/blog\/txakoli-vasco-cultivo-fiesta\/","og_locale":"es_ES","og_type":"article","og_title":"Tras la pista del txakol\u00ed: un emblema de la gastronom\u00eda vasca","og_description":"Te invitamos a conocer los paisajes rurales llenos de contrastes en los que crece la uva del txakoli y a probarlo Getaria y otros lugares","og_url":"https:\/\/www.escapadarural.com\/blog\/txakoli-vasco-cultivo-fiesta\/","og_site_name":"Magazine de viajes de EscapadaRural","article_publisher":"https:\/\/www.facebook.com\/escapadarural","article_published_time":"2025-02-06T07:00:00+00:00","og_image":[{"width":1024,"height":684,"url":"https:\/\/app.escapadarural.com\/blog\/wp-content\/uploads\/2025\/02\/AdobeStock_240843692_WP_01.webp","type":"image\/webp"}],"author":"Raquel Andr\u00e9s","twitter_card":"summary_large_image","twitter_misc":{"Escrito por":"Raquel Andr\u00e9s","Tiempo de lectura":"6 minutos"},"schema":{"@context":"https:\/\/schema.org","@graph":[{"@type":"Article","@id":"https:\/\/www.escapadarural.com\/blog\/txakoli-vasco-cultivo-fiesta\/#article","isPartOf":{"@id":"https:\/\/www.escapadarural.com\/blog\/txakoli-vasco-cultivo-fiesta\/"},"author":{"name":"Raquel Andr\u00e9s","@id":"https:\/\/www.escapadarural.com\/blog\/#\/schema\/person\/67be061eb00d8315fa8642e01b88c894"},"headline":"Tras la pista del txakol\u00ed: un emblema de la gastronom\u00eda vasca","datePublished":"2025-02-06T07:00:00+00:00","mainEntityOfPage":{"@id":"https:\/\/www.escapadarural.com\/blog\/txakoli-vasco-cultivo-fiesta\/"},"wordCount":1107,"commentCount":0,"publisher":{"@id":"https:\/\/www.escapadarural.com\/blog\/#organization"},"image":{"@id":"https:\/\/www.escapadarural.com\/blog\/txakoli-vasco-cultivo-fiesta\/#primaryimage"},"thumbnailUrl":"https:\/\/www.escapadarural.com\/blog\/wp-content\/uploads\/2025\/02\/AdobeStock_240843692_WP_01.webp","keywords":["\u00c1lava","Bodegas","Enoturismo","Gastronom\u00eda","Guip\u00fazcoa","Pa\u00eds Vasco","vino","Vizcaya"],"articleSection":["Arte y Cultura"],"inLanguage":"es","potentialAction":[{"@type":"CommentAction","name":"Comment","target":["https:\/\/www.escapadarural.com\/blog\/txakoli-vasco-cultivo-fiesta\/#respond"]}]},{"@type":"WebPage","@id":"https:\/\/www.escapadarural.com\/blog\/txakoli-vasco-cultivo-fiesta\/","url":"https:\/\/www.escapadarural.com\/blog\/txakoli-vasco-cultivo-fiesta\/","name":"Tras la pista del txakol\u00ed: un emblema de la gastronom\u00eda vasca","isPartOf":{"@id":"https:\/\/www.escapadarural.com\/blog\/#website"},"primaryImageOfPage":{"@id":"https:\/\/www.escapadarural.com\/blog\/txakoli-vasco-cultivo-fiesta\/#primaryimage"},"image":{"@id":"https:\/\/www.escapadarural.com\/blog\/txakoli-vasco-cultivo-fiesta\/#primaryimage"},"thumbnailUrl":"https:\/\/www.escapadarural.com\/blog\/wp-content\/uploads\/2025\/02\/AdobeStock_240843692_WP_01.webp","datePublished":"2025-02-06T07:00:00+00:00","description":"Te invitamos a conocer los paisajes rurales llenos de contrastes en los que crece la uva del txakoli y a probarlo Getaria y otros lugares","breadcrumb":{"@id":"https:\/\/www.escapadarural.com\/blog\/txakoli-vasco-cultivo-fiesta\/#breadcrumb"},"inLanguage":"es","potentialAction":[{"@type":"ReadAction","target":["https:\/\/www.escapadarural.com\/blog\/txakoli-vasco-cultivo-fiesta\/"]}]},{"@type":"ImageObject","inLanguage":"es","@id":"https:\/\/www.escapadarural.com\/blog\/txakoli-vasco-cultivo-fiesta\/#primaryimage","url":"https:\/\/www.escapadarural.com\/blog\/wp-content\/uploads\/2025\/02\/AdobeStock_240843692_WP_01.webp","contentUrl":"https:\/\/www.escapadarural.com\/blog\/wp-content\/uploads\/2025\/02\/AdobeStock_240843692_WP_01.webp","width":1024,"height":684,"caption":"Vi\u00f1edos de txacol\u00ed. Por Noradoa"},{"@type":"BreadcrumbList","@id":"https:\/\/www.escapadarural.com\/blog\/txakoli-vasco-cultivo-fiesta\/#breadcrumb","itemListElement":[{"@type":"ListItem","position":1,"name":"Inicio","item":"https:\/\/www.escapadarural.com\/blog\/"},{"@type":"ListItem","position":2,"name":"Arte y Cultura","item":"https:\/\/www.escapadarural.com\/blog\/categoria\/arte-y-cultura\/"},{"@type":"ListItem","position":3,"name":"Tras la pista del txakol\u00ed: un emblema de la gastronom\u00eda vasca"}]},{"@type":"WebSite","@id":"https:\/\/www.escapadarural.com\/blog\/#website","url":"https:\/\/www.escapadarural.com\/blog\/","name":"Blog de viajes | turismo rural, alojamientos e inspiraci\u00f3n","description":"Alojamientos rurales e inspiraci\u00f3n para tus escapadas","publisher":{"@id":"https:\/\/www.escapadarural.com\/blog\/#organization"},"alternateName":"Magazine de viajes de EscapadaRural","potentialAction":[{"@type":"SearchAction","target":{"@type":"EntryPoint","urlTemplate":"https:\/\/www.escapadarural.com\/blog\/?s={search_term_string}"},"query-input":{"@type":"PropertyValueSpecification","valueRequired":true,"valueName":"search_term_string"}}],"inLanguage":"es"},{"@type":"Organization","@id":"https:\/\/www.escapadarural.com\/blog\/#organization","name":"EscapadaRural","url":"https:\/\/www.escapadarural.com\/blog\/","logo":{"@type":"ImageObject","inLanguage":"es","@id":"https:\/\/www.escapadarural.com\/blog\/#\/schema\/logo\/image\/","url":"https:\/\/www.escapadarural.com\/blog\/wp-content\/uploads\/2024\/10\/cropped-cropped-escapada-rural-icon-mag-3.png","contentUrl":"https:\/\/www.escapadarural.com\/blog\/wp-content\/uploads\/2024\/10\/cropped-cropped-escapada-rural-icon-mag-3.png","width":512,"height":512,"caption":"EscapadaRural"},"image":{"@id":"https:\/\/www.escapadarural.com\/blog\/#\/schema\/logo\/image\/"},"sameAs":["https:\/\/www.facebook.com\/escapadarural","https:\/\/www.instagram.com\/escapadarural\/","https:\/\/www.youtube.com\/@escapadaruralcom"]},{"@type":"Person","@id":"https:\/\/www.escapadarural.com\/blog\/#\/schema\/person\/67be061eb00d8315fa8642e01b88c894","name":"Raquel Andr\u00e9s","image":{"@type":"ImageObject","inLanguage":"es","@id":"https:\/\/secure.gravatar.com\/avatar\/b45840531462f3cafb335a9fc5c0bfda2c07c3df4b82b304b923526b85cc6cb5?s=96&d=mm&r=g","url":"https:\/\/secure.gravatar.com\/avatar\/b45840531462f3cafb335a9fc5c0bfda2c07c3df4b82b304b923526b85cc6cb5?s=96&d=mm&r=g","contentUrl":"https:\/\/secure.gravatar.com\/avatar\/b45840531462f3cafb335a9fc5c0bfda2c07c3df4b82b304b923526b85cc6cb5?s=96&d=mm&r=g","caption":"Raquel Andr\u00e9s"},"description":"Periodista y aventurera. Me has podido leer en Escapada Rural, Diari Nosaltres La Veu, La Vanguardia, El Salto y otros medios. Habitante y amante de las zonas rurales, sea cual sea el destino. Procuro escaparme una vez por semana con las botas de monta\u00f1a, el arn\u00e9s o el neopreno. Tambi\u00e9n soy un intento de baserritarra.","url":"https:\/\/www.escapadarural.com\/blog\/autor\/raquel\/"}]}},"_links":{"self":[{"href":"https:\/\/www.escapadarural.com\/blog\/wp-json\/wp\/v2\/posts\/186542","targetHints":{"allow":["GET"]}}],"collection":[{"href":"https:\/\/www.escapadarural.com\/blog\/wp-json\/wp\/v2\/posts"}],"about":[{"href":"https:\/\/www.escapadarural.com\/blog\/wp-json\/wp\/v2\/types\/post"}],"author":[{"embeddable":true,"href":"https:\/\/www.escapadarural.com\/blog\/wp-json\/wp\/v2\/users\/123"}],"replies":[{"embeddable":true,"href":"https:\/\/www.escapadarural.com\/blog\/wp-json\/wp\/v2\/comments?post=186542"}],"version-history":[{"count":0,"href":"https:\/\/www.escapadarural.com\/blog\/wp-json\/wp\/v2\/posts\/186542\/revisions"}],"wp:featuredmedia":[{"embeddable":true,"href":"https:\/\/www.escapadarural.com\/blog\/wp-json\/wp\/v2\/media\/192085"}],"wp:attachment":[{"href":"https:\/\/www.escapadarural.com\/blog\/wp-json\/wp\/v2\/media?parent=186542"}],"wp:term":[{"taxonomy":"category","embeddable":true,"href":"https:\/\/www.escapadarural.com\/blog\/wp-json\/wp\/v2\/categories?post=186542"},{"taxonomy":"post_tag","embeddable":true,"href":"https:\/\/www.escapadarural.com\/blog\/wp-json\/wp\/v2\/tags?post=186542"}],"curies":[{"name":"wp","href":"https:\/\/api.w.org\/{rel}","templated":true}]}}