{"id":187567,"date":"2025-01-28T12:00:00","date_gmt":"2025-01-28T10:00:00","guid":{"rendered":"https:\/\/www.escapadarural.com\/blog\/?p=187567"},"modified":"2025-01-27T17:05:55","modified_gmt":"2025-01-27T15:05:55","slug":"turismo-pueblos-deshabitados","status":"publish","type":"post","link":"https:\/\/www.escapadarural.com\/blog\/turismo-pueblos-deshabitados\/","title":{"rendered":"Descubre el turismo del silencio en pueblos deshabitados"},"content":{"rendered":"\n<figure class=\"wp-block-image size-full\"><img loading=\"lazy\" decoding=\"async\" width=\"1024\" height=\"768\" src=\"https:\/\/www.escapadarural.com\/blog\/wp-content\/uploads\/2025\/01\/dscf4167_wp_01_WP_02.webp\" alt=\"Mas del Labrador (Teruel). Por Faustino Calder\u00f3n\" class=\"wp-image-187670\" srcset=\"https:\/\/www.escapadarural.com\/blog\/wp-content\/uploads\/2025\/01\/dscf4167_wp_01_WP_02-200x150.webp 200w, https:\/\/www.escapadarural.com\/blog\/wp-content\/uploads\/2025\/01\/dscf4167_wp_01_WP_02-300x225.webp 300w, https:\/\/www.escapadarural.com\/blog\/wp-content\/uploads\/2025\/01\/dscf4167_wp_01_WP_02-400x300.webp 400w, https:\/\/www.escapadarural.com\/blog\/wp-content\/uploads\/2025\/01\/dscf4167_wp_01_WP_02-600x450.webp 600w, https:\/\/www.escapadarural.com\/blog\/wp-content\/uploads\/2025\/01\/dscf4167_wp_01_WP_02-768x576.webp 768w, https:\/\/www.escapadarural.com\/blog\/wp-content\/uploads\/2025\/01\/dscf4167_wp_01_WP_02-800x600.webp 800w, https:\/\/www.escapadarural.com\/blog\/wp-content\/uploads\/2025\/01\/dscf4167_wp_01_WP_02.webp 1024w\" sizes=\"auto, (max-width: 1024px) 100vw, 1024px\" \/><figcaption class=\"wp-element-caption\">Mas del Labrador (Teruel). Por Faustino Calder\u00f3n<\/figcaption><\/figure>\n\n\n\n<p><strong>Cada vez hay mas inter\u00e9s por visitar los pueblos deshabitados<\/strong> <strong>o en ruinas<\/strong>, por diferentes motivos. Hay viajeros que tienen la esperanza de descubrir alg\u00fan cachito de historia no contada, a trav\u00e9s de los restos del pasado que queden en el lugar. Uno de esos sitios es <strong>Mas del Labrador, un pueblo enclavado en la comarca de Matarra\u00f1a (Teruel)<\/strong>,<em> <\/em>cuyos \u00faltimos habitantes se marcharon en el a\u00f1o 1962.<\/p>\n\n\n\n<p>A otros turistas, en cambio, no les interesa examinar cada piedra que encuentren. Sino que visitan estos pueblos para a hacer un ejercicio de contemplaci\u00f3n. Estos viajeros buscan <strong>una experiencia \u00fanica, disfrutando de las ruinas, el silencio, la paz y la conexi\u00f3n espiritual con el entorno.<\/strong><\/p>\n\n\n\n<figure class=\"wp-block-image size-full\"><img loading=\"lazy\" decoding=\"async\" width=\"1024\" height=\"768\" src=\"https:\/\/www.escapadarural.com\/blog\/wp-content\/uploads\/2025\/01\/pa130151_WP_04.webp\" alt=\"Mas del Labrador (Teruel). Por Faustino Calder\u00f3n\" class=\"wp-image-187760\" srcset=\"https:\/\/www.escapadarural.com\/blog\/wp-content\/uploads\/2025\/01\/pa130151_WP_04-200x150.webp 200w, https:\/\/www.escapadarural.com\/blog\/wp-content\/uploads\/2025\/01\/pa130151_WP_04-300x225.webp 300w, https:\/\/www.escapadarural.com\/blog\/wp-content\/uploads\/2025\/01\/pa130151_WP_04-400x300.webp 400w, https:\/\/www.escapadarural.com\/blog\/wp-content\/uploads\/2025\/01\/pa130151_WP_04-600x450.webp 600w, https:\/\/www.escapadarural.com\/blog\/wp-content\/uploads\/2025\/01\/pa130151_WP_04-768x576.webp 768w, https:\/\/www.escapadarural.com\/blog\/wp-content\/uploads\/2025\/01\/pa130151_WP_04-800x600.webp 800w, https:\/\/www.escapadarural.com\/blog\/wp-content\/uploads\/2025\/01\/pa130151_WP_04.webp 1024w\" sizes=\"auto, (max-width: 1024px) 100vw, 1024px\" \/><figcaption class=\"wp-element-caption\">Mas del Labrador (Teruel). Por Faustino Calder\u00f3n<\/figcaption><\/figure>\n\n\n\n<p>Faustino Calder\u00f3n es un apasionado de los<strong> pueblos deshabitados<\/strong>, un enamorado de sus ruinas y un gran admirador de un modo de vida que se fue y que no volver\u00e1. Pero, a diferencia de otras personas que buscan f\u00f3rmulas para repoblar la zona, Faustino no quiere que vuelva. <em>\u00ab<\/em>Yo hablo de despoblaci\u00f3n<em>\u00bb<\/em>, contesta en su blog <em>Los pueblos deshabitados<\/em>, a cada usuario que le plantea la posibilidad de repoblar alguno de los lugares sobre los que escribe.<\/p>\n\n\n\n<p>Y es que Faustino, a sus 60 a\u00f1os, se ha ganado un hueco en redes, porque lo suyo no es una afici\u00f3n.<strong> \u00bfQu\u00e9 te parece si te decimos que lleva treinta y cinco a\u00f1os visitando, fotografiando y documentando pueblos abandonados? Pues ya lleva 1.100<\/strong>. Poca broma. \u00abSon incontables los kil\u00f3metros que llevo caminados\u00bb, reconoce durante una conversaci\u00f3n con EscapadaRural.<\/p>\n\n\n\n<div class=\"wp-block-buttons is-layout-flex wp-block-buttons-is-layout-flex\">\n<div class=\"wp-block-button\"><a class=\"wp-block-button__link wp-element-button\" href=\"\/casas-rurales\/valjunquera\">Alojamientos rurales cerca de Mas del Labrador<\/a><\/div>\n<\/div>\n\n\n\n<h2 class=\"wp-block-heading\" id=\"h-un-repaso-por-la-historia-de-mas-del-labrador\">Un repaso por la historia de Mas del Labrador<\/h2>\n\n\n\n<figure class=\"wp-block-image size-full\"><img loading=\"lazy\" decoding=\"async\" width=\"1024\" height=\"768\" src=\"https:\/\/www.escapadarural.com\/blog\/wp-content\/uploads\/2025\/01\/pa130140_WP_03.webp\" alt=\"Mas del Labrador, uno de los pueblos deshabitados de Teruel. Por Faustino Calder\u00f3n\" class=\"wp-image-187764\" srcset=\"https:\/\/www.escapadarural.com\/blog\/wp-content\/uploads\/2025\/01\/pa130140_WP_03-200x150.webp 200w, https:\/\/www.escapadarural.com\/blog\/wp-content\/uploads\/2025\/01\/pa130140_WP_03-300x225.webp 300w, https:\/\/www.escapadarural.com\/blog\/wp-content\/uploads\/2025\/01\/pa130140_WP_03-400x300.webp 400w, https:\/\/www.escapadarural.com\/blog\/wp-content\/uploads\/2025\/01\/pa130140_WP_03-600x450.webp 600w, https:\/\/www.escapadarural.com\/blog\/wp-content\/uploads\/2025\/01\/pa130140_WP_03-768x576.webp 768w, https:\/\/www.escapadarural.com\/blog\/wp-content\/uploads\/2025\/01\/pa130140_WP_03-800x600.webp 800w, https:\/\/www.escapadarural.com\/blog\/wp-content\/uploads\/2025\/01\/pa130140_WP_03.webp 1024w\" sizes=\"auto, (max-width: 1024px) 100vw, 1024px\" \/><figcaption class=\"wp-element-caption\">Mas del Labrador (Teruel). Por Faustino Calder\u00f3n<\/figcaption><\/figure>\n\n\n\n<p>Seg\u00fan los estudios demogr\u00e1ficos que existen de la zona, Mas del Labrador nunca fue un municipio muy poblado. De hecho, se estima que su momento de mayor esplendor, que fue <strong>a finales del siglo XVIII, rondaba los 120 habitantes. <\/strong>Esta cifra empez\u00f3 a bajar de forma gradual a partir de siglo XX, cuando empez\u00f3 la emigraci\u00f3n. En ese momento su censo rondar\u00eda los 100 habitantes y ya nunca fue a mejor. <strong>Mas del Labrador se convirti\u00f3 en uno de esos pueblos deshabitados, entre otras cosas, por el intenso bombardeo que sufri\u00f3 durante la guerra civil espa\u00f1ola,<\/strong> lo que provoc\u00f3 el \u00e9xodo definitivo de los habitantes a la ciudad.<\/p>\n\n\n\n<p>Fuentes de Turismo de la comarca de Matarra\u00f1a sit\u00faan la existencia del Mas del Labrador en el a\u00f1o 1585, ya que la primera referencia documental es de ese a\u00f1o. Desde entonces, <strong>hasta mediados del XIX fue un municipio independiente<\/strong>. A partir de ese momento pas\u00f3 a formar parte del municipio de Valjunquera.<\/p>\n\n\n\n<figure class=\"wp-block-image size-full\"><img loading=\"lazy\" decoding=\"async\" width=\"1024\" height=\"768\" src=\"https:\/\/www.escapadarural.com\/blog\/wp-content\/uploads\/2025\/01\/pa130080_WP_01.webp\" alt=\"Mas del Labrador (Teruel). Por Faustino Calder\u00f3n\" class=\"wp-image-187765\" srcset=\"https:\/\/www.escapadarural.com\/blog\/wp-content\/uploads\/2025\/01\/pa130080_WP_01-200x150.webp 200w, https:\/\/www.escapadarural.com\/blog\/wp-content\/uploads\/2025\/01\/pa130080_WP_01-300x225.webp 300w, https:\/\/www.escapadarural.com\/blog\/wp-content\/uploads\/2025\/01\/pa130080_WP_01-400x300.webp 400w, https:\/\/www.escapadarural.com\/blog\/wp-content\/uploads\/2025\/01\/pa130080_WP_01-600x450.webp 600w, https:\/\/www.escapadarural.com\/blog\/wp-content\/uploads\/2025\/01\/pa130080_WP_01-768x576.webp 768w, https:\/\/www.escapadarural.com\/blog\/wp-content\/uploads\/2025\/01\/pa130080_WP_01-800x600.webp 800w, https:\/\/www.escapadarural.com\/blog\/wp-content\/uploads\/2025\/01\/pa130080_WP_01.webp 1024w\" sizes=\"auto, (max-width: 1024px) 100vw, 1024px\" \/><figcaption class=\"wp-element-caption\">Mas del Labrador (Teruel). Por Faustino Calder\u00f3n<\/figcaption><\/figure>\n\n\n\n<p>El abogado Sergio Larraga, explicaba a principios de 2024 en la secci\u00f3n &#8216;Arag\u00f3n Vaciado&#8217;, de Antena Arag\u00f3n, que la guerra civil espa\u00f1ola impact\u00f3 duramente en esta poblaci\u00f3n, aboc\u00e1ndola a ser otro de esos pueblos deshabitados en los que se detuvo el tiempo. Sin embargo, hubo otras causas generales que afectaron a m\u00e1s localidades turolenses como <em>\u00ab<\/em>el<strong> abandono de la agricultura y la ganader\u00eda tradicional<\/strong><em>\u00bb<\/em>.<\/p>\n\n\n\n<p>Tambi\u00e9n el \u00e9xodo del n\u00facleo rural a n\u00facleos urbanos <em>\u00ab<\/em>fue el resultado del abandono que durante d\u00e9cadas sufrieron muchos pueblos peque\u00f1os de interior, que carec\u00edan de electricidad, servicios sanitarios y agua, que deb\u00edan conseguirla en unas pozas<em>\u00bb<\/em>, asegura Larraga.<\/p>\n\n\n\n<h2 class=\"wp-block-heading\" id=\"h-la-vida-en-mas-del-labrador-uno-de-esos-pueblos-deshabitados-con-encanto\">La vida en Mas del Labrador, uno de esos pueblos deshabitados con encanto<\/h2>\n\n\n\n<figure class=\"wp-block-image size-full\"><img loading=\"lazy\" decoding=\"async\" width=\"1024\" height=\"768\" src=\"https:\/\/www.escapadarural.com\/blog\/wp-content\/uploads\/2025\/01\/mas-del-labrador-1_wp_02_WP_04.webp\" alt=\"Ruinas en el pueblo abandonado Mas del Labrador, uno de los pueblos deshabhitados de Teruel. Por Faustino Calder\u00f3n\" class=\"wp-image-187672\" srcset=\"https:\/\/www.escapadarural.com\/blog\/wp-content\/uploads\/2025\/01\/mas-del-labrador-1_wp_02_WP_04-200x150.webp 200w, https:\/\/www.escapadarural.com\/blog\/wp-content\/uploads\/2025\/01\/mas-del-labrador-1_wp_02_WP_04-300x225.webp 300w, https:\/\/www.escapadarural.com\/blog\/wp-content\/uploads\/2025\/01\/mas-del-labrador-1_wp_02_WP_04-400x300.webp 400w, https:\/\/www.escapadarural.com\/blog\/wp-content\/uploads\/2025\/01\/mas-del-labrador-1_wp_02_WP_04-600x450.webp 600w, https:\/\/www.escapadarural.com\/blog\/wp-content\/uploads\/2025\/01\/mas-del-labrador-1_wp_02_WP_04-768x576.webp 768w, https:\/\/www.escapadarural.com\/blog\/wp-content\/uploads\/2025\/01\/mas-del-labrador-1_wp_02_WP_04-800x600.webp 800w, https:\/\/www.escapadarural.com\/blog\/wp-content\/uploads\/2025\/01\/mas-del-labrador-1_wp_02_WP_04.webp 1024w\" sizes=\"auto, (max-width: 1024px) 100vw, 1024px\" \/><figcaption class=\"wp-element-caption\">Ruinas en el pueblo abandonado Mas del Labrador (Teruel). Por Faustino Calder\u00f3n<\/figcaption><\/figure>\n\n\n\n<p>M\u00e1s del Labrador <strong>era el t\u00edpico pueblo peque\u00f1ito de interior aragon\u00e9s<\/strong> que depend\u00eda de la agricultura y la ganader\u00eda. Ten\u00eda almendros, oliveras y cultivaban cebada. Seg\u00fan Federico Calder\u00f3n, que ha reunido una gran cantidad de documentaci\u00f3n y testimonios de familiares de habitantes de la zona, <strong><em>\u00ab<\/em>el pueblo tuvo ayuntamiento con c\u00e1rcel incluida, iglesia, cementerio, escuela, hostal, taberna, molino y una veintena de viviendas<em>\u00bb<\/em>.<\/strong><\/p>\n\n\n\n<p>Diferentes historiadores recuerdan al p\u00e1rroco mos\u00e9n Jos\u00e9 Pellicer por ser una de las personas que m\u00e1s influy\u00f3 en la vida de esta localidad. Calder\u00f3n, conocedor de 1.100 pueblos deshabitados, explica que sobre el a\u00f1o 1915 fund\u00f3 una escuela que acab\u00f3 convirti\u00e9ndose en un internado en el que pod\u00edan dormir hasta 30 alumnos de otras localidades. <em>\u00ab<\/em>Ven\u00edan alumnos de Valdetormo, Valjunquera, Belmonte y otras localidades<em>\u00bb<\/em>.<\/p>\n\n\n\n<p>Sin embargo, <strong>lo que m\u00e1s le gusta a Calder\u00f3n es imaginarse esa vida que fue y ya no ser\u00e1<\/strong>. \u00bfC\u00f3mo? Pues contemplando sus ruinas. Porque para \u00e9l, no hay nada m\u00e1s bello que imaginar la vida diaria de un pueblo a trav\u00e9s de lo poco que queda de \u00e9l. En este caso, pr\u00e1cticamente nada, salvo una iglesia perfectamente conservada, que se ve desde la carretera.<\/p>\n\n\n\n<h2 class=\"wp-block-heading\" id=\"h-una-iglesia-intacta-entre-ruinas\">Una iglesia intacta entre ruinas<\/h2>\n\n\n\n<figure class=\"wp-block-image size-full\"><img loading=\"lazy\" decoding=\"async\" width=\"1024\" height=\"768\" src=\"https:\/\/www.escapadarural.com\/blog\/wp-content\/uploads\/2025\/01\/mas-del-labrador-2_WP_05.webp\" alt=\"Iglesia de Mas del Labrador, uno de los pueblos deshabitados de Teruel. Por Faustino Calder\u00f3n\" class=\"wp-image-187671\" srcset=\"https:\/\/www.escapadarural.com\/blog\/wp-content\/uploads\/2025\/01\/mas-del-labrador-2_WP_05-200x150.webp 200w, https:\/\/www.escapadarural.com\/blog\/wp-content\/uploads\/2025\/01\/mas-del-labrador-2_WP_05-300x225.webp 300w, https:\/\/www.escapadarural.com\/blog\/wp-content\/uploads\/2025\/01\/mas-del-labrador-2_WP_05-400x300.webp 400w, https:\/\/www.escapadarural.com\/blog\/wp-content\/uploads\/2025\/01\/mas-del-labrador-2_WP_05-600x450.webp 600w, https:\/\/www.escapadarural.com\/blog\/wp-content\/uploads\/2025\/01\/mas-del-labrador-2_WP_05-768x576.webp 768w, https:\/\/www.escapadarural.com\/blog\/wp-content\/uploads\/2025\/01\/mas-del-labrador-2_WP_05-800x600.webp 800w, https:\/\/www.escapadarural.com\/blog\/wp-content\/uploads\/2025\/01\/mas-del-labrador-2_WP_05.webp 1024w\" sizes=\"auto, (max-width: 1024px) 100vw, 1024px\" \/><figcaption class=\"wp-element-caption\">Iglesia de Mas del Labrador (Teruel). Por Faustino Calder\u00f3n<\/figcaption><\/figure>\n\n\n\n<p>Una de las estampas que m\u00e1s sorprende a todo aquel que visita el pueblo es que <strong>con las ruinas convive una majestuosa iglesia del siglo XVII<\/strong> de estilo neocl\u00e1sico, que fue restaurada en 2019. Se rehabilit\u00f3 toda la cubierta, las ventanas, la carpinter\u00eda y la puerta principal\u00a0con el objetivo de<strong> consolidar este notable monumento del siglo XVII<\/strong>, que estaba\u00a0seriamente amenazado.\u00a0<\/p>\n\n\n\n<p>Esta actuaci\u00f3n se produjo tras la reivindicaci\u00f3n por parte de los vecinos del municipio de Valjunquera y de algunos de los descendientes que quedan de la antigua localidad. \u00abLlev\u00e1bamos muchos a\u00f1os demandando esta restauraci\u00f3n. Es el \u00fanico edificio que se conserva de este antiguo n\u00facleo que los valjunqueranos llevamos en el coraz\u00f3n\u00bb, explic\u00f3 Susana Traver, alcaldesa de Valjunquera al diario <em>Lacomarca<\/em>.<\/p>\n\n\n\n<p>En la actualidad, se celebra una romer\u00eda anual la \u00faltima semana de agosto en la que se oficia una misa en honor al patr\u00f3n de Mas del Labrador, San Juan Bautista, y se disfruta de una jornada de convivencia en la que se recuerda la vida en la localidad turolense.<\/p>\n\n\n\n<h2 class=\"wp-block-heading\" id=\"h-un-lugar-de-pelicula\">Un lugar de pel\u00edcula<\/h2>\n\n\n\n<figure class=\"wp-block-image size-large\"><img loading=\"lazy\" decoding=\"async\" width=\"1024\" height=\"1024\" src=\"https:\/\/www.escapadarural.com\/blog\/wp-content\/uploads\/2025\/01\/libertarias_movie_poster_WP_63-edited.webp\" alt=\"Car\u00e1tula de la pel\u00edcula &quot;Libertarias&quot;. Por Sogepaq Distribuci\u00f3n S.A\" class=\"wp-image-187945\" srcset=\"https:\/\/www.escapadarural.com\/blog\/wp-content\/uploads\/2025\/01\/libertarias_movie_poster_WP_63-edited-66x66.webp 66w, https:\/\/www.escapadarural.com\/blog\/wp-content\/uploads\/2025\/01\/libertarias_movie_poster_WP_63-edited-150x150.webp 150w, https:\/\/www.escapadarural.com\/blog\/wp-content\/uploads\/2025\/01\/libertarias_movie_poster_WP_63-edited-200x200.webp 200w, https:\/\/www.escapadarural.com\/blog\/wp-content\/uploads\/2025\/01\/libertarias_movie_poster_WP_63-edited-300x300.webp 300w, https:\/\/www.escapadarural.com\/blog\/wp-content\/uploads\/2025\/01\/libertarias_movie_poster_WP_63-edited-400x400.webp 400w, https:\/\/www.escapadarural.com\/blog\/wp-content\/uploads\/2025\/01\/libertarias_movie_poster_WP_63-edited-600x600.webp 600w, https:\/\/www.escapadarural.com\/blog\/wp-content\/uploads\/2025\/01\/libertarias_movie_poster_WP_63-edited-768x768.webp 768w, https:\/\/www.escapadarural.com\/blog\/wp-content\/uploads\/2025\/01\/libertarias_movie_poster_WP_63-edited-800x800.webp 800w, https:\/\/www.escapadarural.com\/blog\/wp-content\/uploads\/2025\/01\/libertarias_movie_poster_WP_63-edited.webp 1024w\" sizes=\"auto, (max-width: 1024px) 100vw, 1024px\" \/><figcaption class=\"wp-element-caption\">Car\u00e1tula de la pel\u00edcula \u00abLibertarias\u00bb. Por <a href=\"https:\/\/ca.wikipedia.org\/wiki\/Fitxer:Libertarias_Movie_Poster.jpg\" target=\"_blank\" rel=\"noreferrer noopener nofollow\">Sogepaq Distribuci\u00f3n S.A<\/a><\/figcaption><\/figure>\n\n\n\n<p>Y como curiosidad te contamos que este pueblo <strong>fue el escenario para el rodaje de <em>Libertarias<\/em><\/strong>, una pel\u00edcula dirigida por Vicente Aranda y en la que aparecen<strong> Ariadna Gil, Ana Bel\u00e9n, Victoria Abril, Loles Le\u00f3n y Jorge Sanz, entre otros<\/strong>.<\/p>\n\n\n\n<p>Y es que Espa\u00f1a cuenta con miles de pueblos deshabitados en los que alguna vez hubo vida y que merece la pena recordar. Como dice Federico Calder\u00f3n, \u00abtodos los pueblos abandonados est\u00e1n deshabitados pero no todos los pueblos deshabitados est\u00e1n abandonados\u00bb.<\/p>\n\n\n\n<p><\/p>\n","protected":false},"excerpt":{"rendered":"<p>Dicen que la belleza est\u00e1 en los ojos que la miran y el ejemplo es Mas de Labador, un pueblo de Teruel, que te enamorar\u00e1 en silencio y a base de ruinas.<\/p>\n","protected":false},"author":156,"featured_media":187670,"comment_status":"open","ping_status":"open","sticky":false,"template":"","format":"standard","meta":{"_acf_changed":false,"om_disable_all_campaigns":false,"footnotes":""},"categories":[191],"tags":[6013,6090,212,398,274],"class_list":["post-187567","post","type-post","status-publish","format-standard","has-post-thumbnail","hentry","category-destinos","tag-que-ver-en-aragon","tag-mas-del-labrador","tag-pueblos","tag-que-ver-en-teruel","tag-turismo-rural"],"acf":[],"featured_image_src":"https:\/\/www.escapadarural.com\/blog\/wp-content\/uploads\/2025\/01\/dscf4167_wp_01_WP_02.webp","author_info":{"display_name":"Ver\u00f3nica G\u00f3mez","author_link":"https:\/\/www.escapadarural.com\/blog\/autor\/veronica-gomez\/"},"yoast_head":"<!-- This site is optimized with the Yoast SEO plugin v27.5 - https:\/\/yoast.com\/product\/yoast-seo-wordpress\/ -->\n<title>Descubre el turismo del silencio en pueblos deshabitados - EscapadaRural<\/title>\n<meta name=\"description\" content=\"Dicen que la belleza est\u00e1 en los ojos que la miran. M\u00e1s de Labrador es uno de esos pueblos deshabitados que te enamorar\u00e1 a trav\u00e9s del silencio y las ruinas.\" \/>\n<meta name=\"robots\" content=\"index, follow, max-snippet:-1, max-image-preview:large, max-video-preview:-1\" \/>\n<link rel=\"canonical\" href=\"https:\/\/www.escapadarural.com\/blog\/turismo-pueblos-deshabitados\/\" \/>\n<meta property=\"og:locale\" content=\"es_ES\" \/>\n<meta property=\"og:type\" content=\"article\" \/>\n<meta property=\"og:title\" content=\"Descubre el turismo del silencio en pueblos deshabitados - EscapadaRural\" \/>\n<meta property=\"og:description\" content=\"Dicen que la belleza est\u00e1 en los ojos que la miran. M\u00e1s de Labrador es uno de esos pueblos deshabitados que te enamorar\u00e1 a trav\u00e9s del silencio y las ruinas.\" \/>\n<meta property=\"og:url\" content=\"https:\/\/www.escapadarural.com\/blog\/turismo-pueblos-deshabitados\/\" \/>\n<meta property=\"og:site_name\" content=\"Magazine de viajes de EscapadaRural\" \/>\n<meta property=\"article:publisher\" content=\"https:\/\/www.facebook.com\/escapadarural\" \/>\n<meta property=\"article:published_time\" content=\"2025-01-28T10:00:00+00:00\" \/>\n<meta property=\"og:image\" content=\"https:\/\/www.escapadarural.com\/blog\/wp-content\/uploads\/2025\/01\/dscf4167_wp_01_WP_02.webp\" \/>\n\t<meta property=\"og:image:width\" content=\"1024\" \/>\n\t<meta property=\"og:image:height\" content=\"768\" \/>\n\t<meta property=\"og:image:type\" content=\"image\/webp\" \/>\n<meta name=\"author\" content=\"Ver\u00f3nica G\u00f3mez\" \/>\n<meta name=\"twitter:card\" content=\"summary_large_image\" \/>\n<meta name=\"twitter:label1\" content=\"Escrito por\" \/>\n\t<meta name=\"twitter:data1\" content=\"Ver\u00f3nica G\u00f3mez\" \/>\n\t<meta name=\"twitter:label2\" content=\"Tiempo de lectura\" \/>\n\t<meta name=\"twitter:data2\" content=\"7 minutos\" \/>\n<script type=\"application\/ld+json\" class=\"yoast-schema-graph\">{\"@context\":\"https:\\\/\\\/schema.org\",\"@graph\":[{\"@type\":\"Article\",\"@id\":\"https:\\\/\\\/www.escapadarural.com\\\/blog\\\/turismo-pueblos-deshabitados\\\/#article\",\"isPartOf\":{\"@id\":\"https:\\\/\\\/www.escapadarural.com\\\/blog\\\/turismo-pueblos-deshabitados\\\/\"},\"author\":{\"name\":\"Ver\u00f3nica G\u00f3mez\",\"@id\":\"https:\\\/\\\/www.escapadarural.com\\\/blog\\\/#\\\/schema\\\/person\\\/4140cb320c90a6ca94d284d6884f5b4e\"},\"headline\":\"Descubre el turismo del silencio en pueblos deshabitados\",\"datePublished\":\"2025-01-28T10:00:00+00:00\",\"mainEntityOfPage\":{\"@id\":\"https:\\\/\\\/www.escapadarural.com\\\/blog\\\/turismo-pueblos-deshabitados\\\/\"},\"wordCount\":1146,\"commentCount\":0,\"publisher\":{\"@id\":\"https:\\\/\\\/www.escapadarural.com\\\/blog\\\/#organization\"},\"image\":{\"@id\":\"https:\\\/\\\/www.escapadarural.com\\\/blog\\\/turismo-pueblos-deshabitados\\\/#primaryimage\"},\"thumbnailUrl\":\"https:\\\/\\\/www.escapadarural.com\\\/blog\\\/wp-content\\\/uploads\\\/2025\\\/01\\\/dscf4167_wp_01_WP_02.webp\",\"keywords\":[\"Arag\u00f3n\",\"Mas del Labrador\",\"pueblos\",\"Teruel\",\"turismo rural\"],\"articleSection\":[\"Destinos\"],\"inLanguage\":\"es\",\"potentialAction\":[{\"@type\":\"CommentAction\",\"name\":\"Comment\",\"target\":[\"https:\\\/\\\/www.escapadarural.com\\\/blog\\\/turismo-pueblos-deshabitados\\\/#respond\"]}]},{\"@type\":\"WebPage\",\"@id\":\"https:\\\/\\\/www.escapadarural.com\\\/blog\\\/turismo-pueblos-deshabitados\\\/\",\"url\":\"https:\\\/\\\/www.escapadarural.com\\\/blog\\\/turismo-pueblos-deshabitados\\\/\",\"name\":\"Descubre el turismo del silencio en pueblos deshabitados - EscapadaRural\",\"isPartOf\":{\"@id\":\"https:\\\/\\\/www.escapadarural.com\\\/blog\\\/#website\"},\"primaryImageOfPage\":{\"@id\":\"https:\\\/\\\/www.escapadarural.com\\\/blog\\\/turismo-pueblos-deshabitados\\\/#primaryimage\"},\"image\":{\"@id\":\"https:\\\/\\\/www.escapadarural.com\\\/blog\\\/turismo-pueblos-deshabitados\\\/#primaryimage\"},\"thumbnailUrl\":\"https:\\\/\\\/www.escapadarural.com\\\/blog\\\/wp-content\\\/uploads\\\/2025\\\/01\\\/dscf4167_wp_01_WP_02.webp\",\"datePublished\":\"2025-01-28T10:00:00+00:00\",\"description\":\"Dicen que la belleza est\u00e1 en los ojos que la miran. M\u00e1s de Labrador es uno de esos pueblos deshabitados que te enamorar\u00e1 a trav\u00e9s del silencio y las ruinas.\",\"breadcrumb\":{\"@id\":\"https:\\\/\\\/www.escapadarural.com\\\/blog\\\/turismo-pueblos-deshabitados\\\/#breadcrumb\"},\"inLanguage\":\"es\",\"potentialAction\":[{\"@type\":\"ReadAction\",\"target\":[\"https:\\\/\\\/www.escapadarural.com\\\/blog\\\/turismo-pueblos-deshabitados\\\/\"]}]},{\"@type\":\"ImageObject\",\"inLanguage\":\"es\",\"@id\":\"https:\\\/\\\/www.escapadarural.com\\\/blog\\\/turismo-pueblos-deshabitados\\\/#primaryimage\",\"url\":\"https:\\\/\\\/www.escapadarural.com\\\/blog\\\/wp-content\\\/uploads\\\/2025\\\/01\\\/dscf4167_wp_01_WP_02.webp\",\"contentUrl\":\"https:\\\/\\\/www.escapadarural.com\\\/blog\\\/wp-content\\\/uploads\\\/2025\\\/01\\\/dscf4167_wp_01_WP_02.webp\",\"width\":1024,\"height\":768,\"caption\":\"Mas del Labrador (Teruel). Por Faustino Calder\u00f3n\"},{\"@type\":\"BreadcrumbList\",\"@id\":\"https:\\\/\\\/www.escapadarural.com\\\/blog\\\/turismo-pueblos-deshabitados\\\/#breadcrumb\",\"itemListElement\":[{\"@type\":\"ListItem\",\"position\":1,\"name\":\"Inicio\",\"item\":\"https:\\\/\\\/www.escapadarural.com\\\/blog\\\/\"},{\"@type\":\"ListItem\",\"position\":2,\"name\":\"Destinos\",\"item\":\"https:\\\/\\\/www.escapadarural.com\\\/blog\\\/categoria\\\/destinos\\\/\"},{\"@type\":\"ListItem\",\"position\":3,\"name\":\"Descubre el turismo del silencio en pueblos deshabitados\"}]},{\"@type\":\"WebSite\",\"@id\":\"https:\\\/\\\/www.escapadarural.com\\\/blog\\\/#website\",\"url\":\"https:\\\/\\\/www.escapadarural.com\\\/blog\\\/\",\"name\":\"Blog de viajes | turismo rural, alojamientos e inspiraci\u00f3n\",\"description\":\"Alojamientos rurales e inspiraci\u00f3n para tus escapadas\",\"publisher\":{\"@id\":\"https:\\\/\\\/www.escapadarural.com\\\/blog\\\/#organization\"},\"alternateName\":\"Magazine de viajes de EscapadaRural\",\"potentialAction\":[{\"@type\":\"SearchAction\",\"target\":{\"@type\":\"EntryPoint\",\"urlTemplate\":\"https:\\\/\\\/www.escapadarural.com\\\/blog\\\/?s={search_term_string}\"},\"query-input\":{\"@type\":\"PropertyValueSpecification\",\"valueRequired\":true,\"valueName\":\"search_term_string\"}}],\"inLanguage\":\"es\"},{\"@type\":\"Organization\",\"@id\":\"https:\\\/\\\/www.escapadarural.com\\\/blog\\\/#organization\",\"name\":\"EscapadaRural\",\"url\":\"https:\\\/\\\/www.escapadarural.com\\\/blog\\\/\",\"logo\":{\"@type\":\"ImageObject\",\"inLanguage\":\"es\",\"@id\":\"https:\\\/\\\/www.escapadarural.com\\\/blog\\\/#\\\/schema\\\/logo\\\/image\\\/\",\"url\":\"https:\\\/\\\/www.escapadarural.com\\\/blog\\\/wp-content\\\/uploads\\\/2024\\\/10\\\/cropped-cropped-escapada-rural-icon-mag-3.png\",\"contentUrl\":\"https:\\\/\\\/www.escapadarural.com\\\/blog\\\/wp-content\\\/uploads\\\/2024\\\/10\\\/cropped-cropped-escapada-rural-icon-mag-3.png\",\"width\":512,\"height\":512,\"caption\":\"EscapadaRural\"},\"image\":{\"@id\":\"https:\\\/\\\/www.escapadarural.com\\\/blog\\\/#\\\/schema\\\/logo\\\/image\\\/\"},\"sameAs\":[\"https:\\\/\\\/www.facebook.com\\\/escapadarural\",\"https:\\\/\\\/www.instagram.com\\\/escapadarural\\\/\",\"https:\\\/\\\/www.youtube.com\\\/@escapadaruralcom\"]},{\"@type\":\"Person\",\"@id\":\"https:\\\/\\\/www.escapadarural.com\\\/blog\\\/#\\\/schema\\\/person\\\/4140cb320c90a6ca94d284d6884f5b4e\",\"name\":\"Ver\u00f3nica G\u00f3mez\",\"image\":{\"@type\":\"ImageObject\",\"inLanguage\":\"es\",\"@id\":\"https:\\\/\\\/secure.gravatar.com\\\/avatar\\\/a14c3f7acd3c2787ced9245c8239291aa98d78e70607ab29f4388e265c55669f?s=96&d=mm&r=g\",\"url\":\"https:\\\/\\\/secure.gravatar.com\\\/avatar\\\/a14c3f7acd3c2787ced9245c8239291aa98d78e70607ab29f4388e265c55669f?s=96&d=mm&r=g\",\"contentUrl\":\"https:\\\/\\\/secure.gravatar.com\\\/avatar\\\/a14c3f7acd3c2787ced9245c8239291aa98d78e70607ab29f4388e265c55669f?s=96&d=mm&r=g\",\"caption\":\"Ver\u00f3nica G\u00f3mez\"},\"description\":\"Periodista, madre de Hugo y Enzo a tiempo completo e investigadora incansable, dir\u00eda que hasta cuando duermo. Antes en Cr\u00f3nica Global, El Liberal y El Mundo Catalunya\",\"url\":\"https:\\\/\\\/www.escapadarural.com\\\/blog\\\/autor\\\/veronica-gomez\\\/\"}]}<\/script>\n<!-- \/ Yoast SEO plugin. -->","yoast_head_json":{"title":"Descubre el turismo del silencio en pueblos deshabitados - EscapadaRural","description":"Dicen que la belleza est\u00e1 en los ojos que la miran. M\u00e1s de Labrador es uno de esos pueblos deshabitados que te enamorar\u00e1 a trav\u00e9s del silencio y las ruinas.","robots":{"index":"index","follow":"follow","max-snippet":"max-snippet:-1","max-image-preview":"max-image-preview:large","max-video-preview":"max-video-preview:-1"},"canonical":"https:\/\/www.escapadarural.com\/blog\/turismo-pueblos-deshabitados\/","og_locale":"es_ES","og_type":"article","og_title":"Descubre el turismo del silencio en pueblos deshabitados - EscapadaRural","og_description":"Dicen que la belleza est\u00e1 en los ojos que la miran. M\u00e1s de Labrador es uno de esos pueblos deshabitados que te enamorar\u00e1 a trav\u00e9s del silencio y las ruinas.","og_url":"https:\/\/www.escapadarural.com\/blog\/turismo-pueblos-deshabitados\/","og_site_name":"Magazine de viajes de EscapadaRural","article_publisher":"https:\/\/www.facebook.com\/escapadarural","article_published_time":"2025-01-28T10:00:00+00:00","og_image":[{"width":1024,"height":768,"url":"https:\/\/www.escapadarural.com\/blog\/wp-content\/uploads\/2025\/01\/dscf4167_wp_01_WP_02.webp","type":"image\/webp"}],"author":"Ver\u00f3nica G\u00f3mez","twitter_card":"summary_large_image","twitter_misc":{"Escrito por":"Ver\u00f3nica G\u00f3mez","Tiempo de lectura":"7 minutos"},"schema":{"@context":"https:\/\/schema.org","@graph":[{"@type":"Article","@id":"https:\/\/www.escapadarural.com\/blog\/turismo-pueblos-deshabitados\/#article","isPartOf":{"@id":"https:\/\/www.escapadarural.com\/blog\/turismo-pueblos-deshabitados\/"},"author":{"name":"Ver\u00f3nica G\u00f3mez","@id":"https:\/\/www.escapadarural.com\/blog\/#\/schema\/person\/4140cb320c90a6ca94d284d6884f5b4e"},"headline":"Descubre el turismo del silencio en pueblos deshabitados","datePublished":"2025-01-28T10:00:00+00:00","mainEntityOfPage":{"@id":"https:\/\/www.escapadarural.com\/blog\/turismo-pueblos-deshabitados\/"},"wordCount":1146,"commentCount":0,"publisher":{"@id":"https:\/\/www.escapadarural.com\/blog\/#organization"},"image":{"@id":"https:\/\/www.escapadarural.com\/blog\/turismo-pueblos-deshabitados\/#primaryimage"},"thumbnailUrl":"https:\/\/www.escapadarural.com\/blog\/wp-content\/uploads\/2025\/01\/dscf4167_wp_01_WP_02.webp","keywords":["Arag\u00f3n","Mas del Labrador","pueblos","Teruel","turismo rural"],"articleSection":["Destinos"],"inLanguage":"es","potentialAction":[{"@type":"CommentAction","name":"Comment","target":["https:\/\/www.escapadarural.com\/blog\/turismo-pueblos-deshabitados\/#respond"]}]},{"@type":"WebPage","@id":"https:\/\/www.escapadarural.com\/blog\/turismo-pueblos-deshabitados\/","url":"https:\/\/www.escapadarural.com\/blog\/turismo-pueblos-deshabitados\/","name":"Descubre el turismo del silencio en pueblos deshabitados - EscapadaRural","isPartOf":{"@id":"https:\/\/www.escapadarural.com\/blog\/#website"},"primaryImageOfPage":{"@id":"https:\/\/www.escapadarural.com\/blog\/turismo-pueblos-deshabitados\/#primaryimage"},"image":{"@id":"https:\/\/www.escapadarural.com\/blog\/turismo-pueblos-deshabitados\/#primaryimage"},"thumbnailUrl":"https:\/\/www.escapadarural.com\/blog\/wp-content\/uploads\/2025\/01\/dscf4167_wp_01_WP_02.webp","datePublished":"2025-01-28T10:00:00+00:00","description":"Dicen que la belleza est\u00e1 en los ojos que la miran. M\u00e1s de Labrador es uno de esos pueblos deshabitados que te enamorar\u00e1 a trav\u00e9s del silencio y las ruinas.","breadcrumb":{"@id":"https:\/\/www.escapadarural.com\/blog\/turismo-pueblos-deshabitados\/#breadcrumb"},"inLanguage":"es","potentialAction":[{"@type":"ReadAction","target":["https:\/\/www.escapadarural.com\/blog\/turismo-pueblos-deshabitados\/"]}]},{"@type":"ImageObject","inLanguage":"es","@id":"https:\/\/www.escapadarural.com\/blog\/turismo-pueblos-deshabitados\/#primaryimage","url":"https:\/\/www.escapadarural.com\/blog\/wp-content\/uploads\/2025\/01\/dscf4167_wp_01_WP_02.webp","contentUrl":"https:\/\/www.escapadarural.com\/blog\/wp-content\/uploads\/2025\/01\/dscf4167_wp_01_WP_02.webp","width":1024,"height":768,"caption":"Mas del Labrador (Teruel). Por Faustino Calder\u00f3n"},{"@type":"BreadcrumbList","@id":"https:\/\/www.escapadarural.com\/blog\/turismo-pueblos-deshabitados\/#breadcrumb","itemListElement":[{"@type":"ListItem","position":1,"name":"Inicio","item":"https:\/\/www.escapadarural.com\/blog\/"},{"@type":"ListItem","position":2,"name":"Destinos","item":"https:\/\/www.escapadarural.com\/blog\/categoria\/destinos\/"},{"@type":"ListItem","position":3,"name":"Descubre el turismo del silencio en pueblos deshabitados"}]},{"@type":"WebSite","@id":"https:\/\/www.escapadarural.com\/blog\/#website","url":"https:\/\/www.escapadarural.com\/blog\/","name":"Blog de viajes | turismo rural, alojamientos e inspiraci\u00f3n","description":"Alojamientos rurales e inspiraci\u00f3n para tus escapadas","publisher":{"@id":"https:\/\/www.escapadarural.com\/blog\/#organization"},"alternateName":"Magazine de viajes de EscapadaRural","potentialAction":[{"@type":"SearchAction","target":{"@type":"EntryPoint","urlTemplate":"https:\/\/www.escapadarural.com\/blog\/?s={search_term_string}"},"query-input":{"@type":"PropertyValueSpecification","valueRequired":true,"valueName":"search_term_string"}}],"inLanguage":"es"},{"@type":"Organization","@id":"https:\/\/www.escapadarural.com\/blog\/#organization","name":"EscapadaRural","url":"https:\/\/www.escapadarural.com\/blog\/","logo":{"@type":"ImageObject","inLanguage":"es","@id":"https:\/\/www.escapadarural.com\/blog\/#\/schema\/logo\/image\/","url":"https:\/\/www.escapadarural.com\/blog\/wp-content\/uploads\/2024\/10\/cropped-cropped-escapada-rural-icon-mag-3.png","contentUrl":"https:\/\/www.escapadarural.com\/blog\/wp-content\/uploads\/2024\/10\/cropped-cropped-escapada-rural-icon-mag-3.png","width":512,"height":512,"caption":"EscapadaRural"},"image":{"@id":"https:\/\/www.escapadarural.com\/blog\/#\/schema\/logo\/image\/"},"sameAs":["https:\/\/www.facebook.com\/escapadarural","https:\/\/www.instagram.com\/escapadarural\/","https:\/\/www.youtube.com\/@escapadaruralcom"]},{"@type":"Person","@id":"https:\/\/www.escapadarural.com\/blog\/#\/schema\/person\/4140cb320c90a6ca94d284d6884f5b4e","name":"Ver\u00f3nica G\u00f3mez","image":{"@type":"ImageObject","inLanguage":"es","@id":"https:\/\/secure.gravatar.com\/avatar\/a14c3f7acd3c2787ced9245c8239291aa98d78e70607ab29f4388e265c55669f?s=96&d=mm&r=g","url":"https:\/\/secure.gravatar.com\/avatar\/a14c3f7acd3c2787ced9245c8239291aa98d78e70607ab29f4388e265c55669f?s=96&d=mm&r=g","contentUrl":"https:\/\/secure.gravatar.com\/avatar\/a14c3f7acd3c2787ced9245c8239291aa98d78e70607ab29f4388e265c55669f?s=96&d=mm&r=g","caption":"Ver\u00f3nica G\u00f3mez"},"description":"Periodista, madre de Hugo y Enzo a tiempo completo e investigadora incansable, dir\u00eda que hasta cuando duermo. Antes en Cr\u00f3nica Global, El Liberal y El Mundo Catalunya","url":"https:\/\/www.escapadarural.com\/blog\/autor\/veronica-gomez\/"}]}},"_links":{"self":[{"href":"https:\/\/www.escapadarural.com\/blog\/wp-json\/wp\/v2\/posts\/187567","targetHints":{"allow":["GET"]}}],"collection":[{"href":"https:\/\/www.escapadarural.com\/blog\/wp-json\/wp\/v2\/posts"}],"about":[{"href":"https:\/\/www.escapadarural.com\/blog\/wp-json\/wp\/v2\/types\/post"}],"author":[{"embeddable":true,"href":"https:\/\/www.escapadarural.com\/blog\/wp-json\/wp\/v2\/users\/156"}],"replies":[{"embeddable":true,"href":"https:\/\/www.escapadarural.com\/blog\/wp-json\/wp\/v2\/comments?post=187567"}],"version-history":[{"count":0,"href":"https:\/\/www.escapadarural.com\/blog\/wp-json\/wp\/v2\/posts\/187567\/revisions"}],"wp:featuredmedia":[{"embeddable":true,"href":"https:\/\/www.escapadarural.com\/blog\/wp-json\/wp\/v2\/media\/187670"}],"wp:attachment":[{"href":"https:\/\/www.escapadarural.com\/blog\/wp-json\/wp\/v2\/media?parent=187567"}],"wp:term":[{"taxonomy":"category","embeddable":true,"href":"https:\/\/www.escapadarural.com\/blog\/wp-json\/wp\/v2\/categories?post=187567"},{"taxonomy":"post_tag","embeddable":true,"href":"https:\/\/www.escapadarural.com\/blog\/wp-json\/wp\/v2\/tags?post=187567"}],"curies":[{"name":"wp","href":"https:\/\/api.w.org\/{rel}","templated":true}]}}