{"id":188048,"date":"2025-02-23T08:00:00","date_gmt":"2025-02-23T06:00:00","guid":{"rendered":"https:\/\/www.escapadarural.com\/blog\/?p=188048"},"modified":"2025-02-21T13:57:52","modified_gmt":"2025-02-21T11:57:52","slug":"ruta-al-tosal-del-rey","status":"publish","type":"post","link":"https:\/\/www.escapadarural.com\/blog\/ruta-al-tosal-del-rey\/","title":{"rendered":"Ruta al Tosal del Rey: una monta\u00f1a simb\u00f3lica para la Corona de Arag\u00f3n"},"content":{"rendered":"\n<figure class=\"wp-block-image size-large\"><img loading=\"lazy\" decoding=\"async\" width=\"1024\" height=\"682\" src=\"https:\/\/www.escapadarural.com\/blog\/wp-content\/uploads\/2025\/01\/AdobeStock_188432476-1024x682.jpeg\" alt=\"Parque Natural de Els Ports | Por Salva G. Cubells\" class=\"wp-image-188065\" srcset=\"https:\/\/www.escapadarural.com\/blog\/wp-content\/uploads\/2025\/01\/AdobeStock_188432476-200x133.jpeg 200w, https:\/\/www.escapadarural.com\/blog\/wp-content\/uploads\/2025\/01\/AdobeStock_188432476-300x200.jpeg 300w, https:\/\/www.escapadarural.com\/blog\/wp-content\/uploads\/2025\/01\/AdobeStock_188432476-400x266.jpeg 400w, https:\/\/www.escapadarural.com\/blog\/wp-content\/uploads\/2025\/01\/AdobeStock_188432476-600x400.jpeg 600w, https:\/\/www.escapadarural.com\/blog\/wp-content\/uploads\/2025\/01\/AdobeStock_188432476-768x511.jpeg 768w, https:\/\/www.escapadarural.com\/blog\/wp-content\/uploads\/2025\/01\/AdobeStock_188432476-800x533.jpeg 800w, https:\/\/www.escapadarural.com\/blog\/wp-content\/uploads\/2025\/01\/AdobeStock_188432476-1024x682.jpeg 1024w, https:\/\/www.escapadarural.com\/blog\/wp-content\/uploads\/2025\/01\/AdobeStock_188432476-1200x799.jpeg 1200w, https:\/\/www.escapadarural.com\/blog\/wp-content\/uploads\/2025\/01\/AdobeStock_188432476-1536x1023.jpeg 1536w\" sizes=\"auto, (max-width: 1024px) 100vw, 1024px\" \/><figcaption class=\"wp-element-caption\">Parque Natural de Els Ports | Por Salva G. Cubells<\/figcaption><\/figure>\n\n\n\n<p>Hay <a href=\"https:\/\/www.escapadarural.com\/blog\/montanas-con-formas-extranas-en-espana\/\">monta\u00f1as<\/a> de esas que hay que subir por lo bonitas que son, por un perfil caprichoso o por una silueta sobrecogedora. Otras, queremos coronarlas por lo altas que son, por ser el techo de una determinada comunidad aut\u00f3noma o porque, pese a no elevarse demasiado, nos propone una ruta t\u00e9cnica que es todo un desaf\u00edo. Y tambi\u00e9n est\u00e1n los picos que despiertan nuestro inter\u00e9s por su <strong>relevancia cultural e hist\u00f3rica<\/strong>. Es el caso del Tosal del Rey (tambi\u00e9n conocido como <em>Tossal del Rei<\/em>, <em>Tozal del Rey<\/em> o <em>Tossal dels Tres Reis<\/em>).<\/p>\n\n\n\n<p>Nos acercamos a una cumbre de 1.356 metros de altitud, ubicada en el macizo monta\u00f1oso de Els Ports y que alberga una curiosidad. Se trata del <strong>punto geogr\u00e1fico donde confluyen los antiguos territorios que conformaban la Corona de Arag\u00f3n<\/strong>. Es decir, las actuales Arag\u00f3n, Catalu\u00f1a y Comunidad Valenciana. Y es que la cima sirve de l\u00edmite entre las provincias de Castell\u00f3n (por el municipio de <a href=\"\/casas-rurales\/fredes\" target=\"_blank\" rel=\"noreferrer noopener\">Fredes<\/a>), Tarragona (<a href=\"\/casas-rurales\/la-senia\" target=\"_blank\" rel=\"noreferrer noopener\">La S\u00e9nia<\/a>) y Teruel (<a href=\"\/casas-rurales\/valderrobres\" target=\"_blank\" rel=\"noreferrer noopener\">Valderrobres<\/a>). Vamos a conocer su historia y sus principales v\u00edas de acceso.<\/p>\n\n\n\n<h2 class=\"wp-block-heading\" id=\"0-la-leyenda-de-los-tres-reyes-\"><strong>La leyenda de los tres reyes<\/strong><\/h2>\n\n\n\n<figure class=\"wp-block-image size-full\"><img loading=\"lazy\" decoding=\"async\" width=\"1024\" height=\"768\" src=\"https:\/\/www.escapadarural.com\/blog\/wp-content\/uploads\/2024\/10\/Els_Ports_TheUntravelledWorld_AdobeStock_283238933_WP03.webp\" alt=\"Vistas del parque natural de Els Ports. Por The Untravelled World\" class=\"wp-image-90515\" srcset=\"https:\/\/www.escapadarural.com\/blog\/wp-content\/uploads\/2024\/10\/Els_Ports_TheUntravelledWorld_AdobeStock_283238933_WP03-200x150.webp 200w, https:\/\/www.escapadarural.com\/blog\/wp-content\/uploads\/2024\/10\/Els_Ports_TheUntravelledWorld_AdobeStock_283238933_WP03-300x225.webp 300w, https:\/\/www.escapadarural.com\/blog\/wp-content\/uploads\/2024\/10\/Els_Ports_TheUntravelledWorld_AdobeStock_283238933_WP03-400x300.webp 400w, https:\/\/www.escapadarural.com\/blog\/wp-content\/uploads\/2024\/10\/Els_Ports_TheUntravelledWorld_AdobeStock_283238933_WP03-600x450.webp 600w, https:\/\/www.escapadarural.com\/blog\/wp-content\/uploads\/2024\/10\/Els_Ports_TheUntravelledWorld_AdobeStock_283238933_WP03-768x576.webp 768w, https:\/\/www.escapadarural.com\/blog\/wp-content\/uploads\/2024\/10\/Els_Ports_TheUntravelledWorld_AdobeStock_283238933_WP03-800x600.webp 800w, https:\/\/www.escapadarural.com\/blog\/wp-content\/uploads\/2024\/10\/Els_Ports_TheUntravelledWorld_AdobeStock_283238933_WP03.webp 1024w\" sizes=\"auto, (max-width: 1024px) 100vw, 1024px\" \/><figcaption class=\"wp-element-caption\">Vistas del parque natural de Els Ports. Por The Untravelled World<\/figcaption><\/figure>\n\n\n\n<p>El nombre del Tosal del Rey o, de forma m\u00e1s transparente, <em>Tossal dels Tres Reis<\/em>, visibiliza una historia del lugar. Se dice que en esta cumbre compartida por los territorios de la Corona de Arag\u00f3n es donde <strong>se reun\u00edan de forma peri\u00f3dica sus representantes para resolver sus asuntos<\/strong>.<\/p>\n\n\n\n<p>Se hace complicado pensar que en alg\u00fan momento de la historia los mandamases del lugar tuvieran <strong>ganas de subir m\u00e1s de 1.300 metros de altitud<\/strong> para hacer pol\u00edtica. \u00a1Y m\u00e1s en unos tiempos en los que no hab\u00eda apps con las que <em>picarse<\/em> con el de al lado para ver qui\u00e9n hac\u00eda mejor tiempo!<\/p>\n\n\n\n<blockquote class=\"wp-block-quote is-layout-flow wp-block-quote-is-layout-flow\">\n<p>Es una monta\u00f1a simb\u00f3lica que sigue protagonizando actos de hermandad como la subida a la cima del Tossal del Rei que organiza cada a\u00f1o la Mancomunidad Taula del S\u00e8nia, con representantes de los tres territorios<\/p>\n<\/blockquote>\n\n\n\n<p>Bromas aparte, si la leyenda del nombre fuera cierta, hablar\u00edamos del <strong>momento previo a la Corona de Arag\u00f3n<\/strong>. Es decir, cuando gobernaban los reyes isl\u00e1micos (emires). Y es que con la conquista cristiana los tres territorios pasaron a estar bajo el liderazgo de un \u00fanico rey, el de Arag\u00f3n. Es entonces cuando este enclave pas\u00f3 a conocerse por su denominaci\u00f3n en singular: Tosal del Rey. A partir de ah\u00ed, ser\u00eda el punto en el que el monarca com\u00fan podr\u00eda pisar de manera simult\u00e1nea sus tres territorios vasallos.<\/p>\n\n\n\n<figure class=\"wp-block-image size-full\"><img loading=\"lazy\" decoding=\"async\" width=\"1024\" height=\"639\" src=\"https:\/\/www.escapadarural.com\/blog\/wp-content\/uploads\/2025\/02\/Tossaldels3reis2_WP_01.webp\" alt=\"Tosal del Rey\" class=\"wp-image-193649\" srcset=\"https:\/\/www.escapadarural.com\/blog\/wp-content\/uploads\/2025\/02\/Tossaldels3reis2_WP_01-200x125.webp 200w, https:\/\/www.escapadarural.com\/blog\/wp-content\/uploads\/2025\/02\/Tossaldels3reis2_WP_01-300x187.webp 300w, https:\/\/www.escapadarural.com\/blog\/wp-content\/uploads\/2025\/02\/Tossaldels3reis2_WP_01-400x250.webp 400w, https:\/\/www.escapadarural.com\/blog\/wp-content\/uploads\/2025\/02\/Tossaldels3reis2_WP_01-600x374.webp 600w, https:\/\/www.escapadarural.com\/blog\/wp-content\/uploads\/2025\/02\/Tossaldels3reis2_WP_01-768x479.webp 768w, https:\/\/www.escapadarural.com\/blog\/wp-content\/uploads\/2025\/02\/Tossaldels3reis2_WP_01-800x499.webp 800w, https:\/\/www.escapadarural.com\/blog\/wp-content\/uploads\/2025\/02\/Tossaldels3reis2_WP_01.webp 1024w\" sizes=\"auto, (max-width: 1024px) 100vw, 1024px\" \/><figcaption class=\"wp-element-caption\">Tosal del Rey. Por Xufanc<\/figcaption><\/figure>\n\n\n\n<p>En la actualidad, esta simb\u00f3lica monta\u00f1a sigue protagonizando actos de hermandad. La Mancomunidad <strong>Taula del S\u00e8nia<\/strong>, que re\u00fane a representantes de los tres territorios, organiza anualmente una <strong>fiesta que incluye la subida a la cima del Tossal del Rei<\/strong>. Con este acto, buscan visibilizar el trabajo que realizan en la instituci\u00f3n como nexo econ\u00f3mico, social, familiar y cultural.<\/p>\n\n\n\n<h2 class=\"wp-block-heading\" id=\"1-una-ruta-por-territorio-\"><strong>Una ruta por territorio<\/strong><\/h2>\n\n\n\n<p>Subir el Tosal del Rey, esa monta\u00f1a en la que pisamos al mismo tiempo tres comunidades aut\u00f3nomas diferentes, nos plantea una duda clara. <strong>\u00bfPor d\u00f3nde la subimos? <\/strong>\u00bfPor Arag\u00f3n, por la Comunidad Valenciana o por Catalu\u00f1a? Como no queremos entrar en pol\u00e9micas territoriales ni quitarle su cima a nadie, os vamos a plantear una ruta por cada una de ellas.<\/p>\n\n\n\n<h3 class=\"wp-block-heading\" id=\"2-ruta-al-tozal-del-rey-desde-arag%C3%B3n-\"><strong>Ruta al Tozal del Rey desde Arag\u00f3n<\/strong><\/h3>\n\n\n\n<figure class=\"wp-block-image size-large\"><img loading=\"lazy\" decoding=\"async\" width=\"1024\" height=\"635\" src=\"https:\/\/www.escapadarural.com\/blog\/wp-content\/uploads\/2025\/01\/AdobeStock_262039366-1024x635.jpeg\" alt=\"Els Ports desde Beceite, para subir al Tosal del Rey | Por estivillml\" class=\"wp-image-188068\" srcset=\"https:\/\/www.escapadarural.com\/blog\/wp-content\/uploads\/2025\/01\/AdobeStock_262039366-200x124.jpeg 200w, https:\/\/www.escapadarural.com\/blog\/wp-content\/uploads\/2025\/01\/AdobeStock_262039366-300x186.jpeg 300w, https:\/\/www.escapadarural.com\/blog\/wp-content\/uploads\/2025\/01\/AdobeStock_262039366-400x248.jpeg 400w, https:\/\/www.escapadarural.com\/blog\/wp-content\/uploads\/2025\/01\/AdobeStock_262039366-600x372.jpeg 600w, https:\/\/www.escapadarural.com\/blog\/wp-content\/uploads\/2025\/01\/AdobeStock_262039366-768x476.jpeg 768w, https:\/\/www.escapadarural.com\/blog\/wp-content\/uploads\/2025\/01\/AdobeStock_262039366-800x496.jpeg 800w, https:\/\/www.escapadarural.com\/blog\/wp-content\/uploads\/2025\/01\/AdobeStock_262039366-1024x635.jpeg 1024w, https:\/\/www.escapadarural.com\/blog\/wp-content\/uploads\/2025\/01\/AdobeStock_262039366-1200x744.jpeg 1200w, https:\/\/www.escapadarural.com\/blog\/wp-content\/uploads\/2025\/01\/AdobeStock_262039366-1536x952.jpeg 1536w\" sizes=\"auto, (max-width: 1024px) 100vw, 1024px\" \/><figcaption class=\"wp-element-caption\">Els Ports desde Beceite, para subir al Tosal del Rey | Por estivillml<\/figcaption><\/figure>\n\n\n\n<p>Para los aragoneses, el Tozal del Rey \u2013como se le conoce en estas latitudes\u2013 es especial porque es el \u00fanico punto de toda la comunidad aut\u00f3noma desde donde <strong>es posible divisar el mar Mediterr\u00e1neo<\/strong>. La ruta m\u00e1s habitual desde aqu\u00ed parte de <a href=\"https:\/\/www.escapadarural.com\/blog\/ruta-del-parrizal-de-beceite\/\">Beceite<\/a> y se hace en bicicleta de monta\u00f1a por su distancia. Son unos 42 kil\u00f3metros y 1.200 metros de desnivel positivo. Si no sois de pedalear, pero and\u00e1is fuertes caminando, siempre pod\u00e9is optar por hacerla a pie.<\/p>\n\n\n<div style=\"background-color: #dff0d8; color: #3c763d; border-left-color: #3c763d; \" class=\"ub-styled-box ub-notification-box wp-block-ub-styled-box\" id=\"ub-styled-box-4a5c2a7c-062b-48df-9a6e-e761d546694f\">\n<p id=\"ub-styled-box-notification-content-\"><strong>Longitud<\/strong>: 42 kil\u00f3metros<\/p>\n\n\n\n<p><strong>Dificultad<\/strong>: alta<\/p>\n\n\n\n<p><strong>Tipo de ruta<\/strong>: circular (para hacer en bicicleta)<\/p>\n\n\n<\/div>\n\n\n<p>Este recorrido circular tiene <strong>fuertes rampas de ascenso y bajadas por senda<\/strong>, por lo que los que apost\u00e9is por la BTT tendr\u00e9is que estar acostumbrados a hacer salidas. Entre los diferentes puntos de inter\u00e9s por los que pasa, destacamos el pantano de Pena y la ermita de San Miguel de Espinalva. Desde aqu\u00ed se pueden contemplar bonitos muros de piedra con los que se constru\u00edan terrazas en las laderas, bancales, para poder cultivar. <a href=\"https:\/\/es.wikiloc.com\/rutas-mountain-bike\/beceite-tozal-de-los-tres-reyes-72499624\" target=\"_blank\" rel=\"noreferrer noopener nofollow\">Pod\u00e9is seguir este track<\/a>.<\/p>\n\n\n\n<div class=\"wp-block-buttons is-layout-flex wp-block-buttons-is-layout-flex\">\n<div class=\"wp-block-button\"><a class=\"wp-block-button__link wp-element-button\" href=\"\/casas-rurales\/beceite\">Alojamientos rurales en Beceite<\/a><\/div>\n<\/div>\n\n\n\n<h3 class=\"wp-block-heading\" id=\"h-ruta-al-tossal-del-rei-desde-la-comunidad-valenciana\"><strong>Ruta al Tossal del Rei desde la Comunidad Valenciana<\/strong><\/h3>\n\n\n\n<figure class=\"wp-block-image size-large\"><img loading=\"lazy\" decoding=\"async\" width=\"1024\" height=\"683\" src=\"https:\/\/www.escapadarural.com\/blog\/wp-content\/uploads\/2025\/01\/AdobeStock_136340315-1024x683.jpeg\" alt=\"Els Ports | Por marcin jucha\" class=\"wp-image-188067\" srcset=\"https:\/\/www.escapadarural.com\/blog\/wp-content\/uploads\/2025\/01\/AdobeStock_136340315-200x133.jpeg 200w, https:\/\/www.escapadarural.com\/blog\/wp-content\/uploads\/2025\/01\/AdobeStock_136340315-300x200.jpeg 300w, https:\/\/www.escapadarural.com\/blog\/wp-content\/uploads\/2025\/01\/AdobeStock_136340315-400x267.jpeg 400w, https:\/\/www.escapadarural.com\/blog\/wp-content\/uploads\/2025\/01\/AdobeStock_136340315-600x400.jpeg 600w, https:\/\/www.escapadarural.com\/blog\/wp-content\/uploads\/2025\/01\/AdobeStock_136340315-768x513.jpeg 768w, https:\/\/www.escapadarural.com\/blog\/wp-content\/uploads\/2025\/01\/AdobeStock_136340315-800x534.jpeg 800w, https:\/\/www.escapadarural.com\/blog\/wp-content\/uploads\/2025\/01\/AdobeStock_136340315-1024x683.jpeg 1024w, https:\/\/www.escapadarural.com\/blog\/wp-content\/uploads\/2025\/01\/AdobeStock_136340315-1200x801.jpeg 1200w, https:\/\/www.escapadarural.com\/blog\/wp-content\/uploads\/2025\/01\/AdobeStock_136340315-1536x1025.jpeg 1536w\" sizes=\"auto, (max-width: 1024px) 100vw, 1024px\" \/><figcaption class=\"wp-element-caption\">Els Ports | Por marcin jucha<\/figcaption><\/figure>\n\n\n\n<p>En el territorio valenciano, tendremos que desplazarnos hasta el <strong>pueblo de Fredes<\/strong> (provincia de Castell\u00f3n) para subir el Tosal del Rey (aqu\u00ed, m\u00e1s com\u00fanmente conocido como \u00abTossal del Rei\u00bb). Esta es la <strong>ruta m\u00e1s recomendable para subir caminando<\/strong>. Hay que seguir las marcas blancas y rojas del GR-7 hacia el norte. Son 9 kil\u00f3metros con un desnivel acumulado de 350 metros, por lo que nos llevar\u00e1 unas 3 horas completarla. Es una excursi\u00f3n sencilla para un senderista habitual, sin pasos t\u00e9cnicos ni complicados.<\/p>\n\n\n<div style=\"background-color: #dff0d8; color: #3c763d; border-left-color: #3c763d; \" class=\"ub-styled-box ub-notification-box wp-block-ub-styled-box\" id=\"ub-styled-box-edcce43e-7158-4032-8dc6-1259fac43e3d\">\n<p id=\"ub-styled-box-notification-content-\"><strong>Longitud<\/strong>: 9 kil\u00f3metros<\/p>\n\n\n\n<p><strong>Dificultad<\/strong>: f\u00e1cil\/media<\/p>\n\n\n\n<p><strong>Tipo de ruta:<\/strong> circular<\/p>\n\n\n<\/div>\n\n\n<p>La caminata <strong>tiene sus puntos de inter\u00e9s culturales<\/strong>. Empezaremos pasando por muros de piedra seca, que era una t\u00e9cnica constructiva tradicional y de car\u00e1cter popular muy utilizada en la zona. Como dice su nombre, prescind\u00eda totalmente de la argamasa para unir sus elementos. Seguimos por el Pinar Pla y avanzamos hacia el Mas del Ric de Fredes, que quedar\u00e1 a la derecha de una pista.<\/p>\n\n\n\n<p>A continuaci\u00f3n, pasaremos por un camino en paralelo que acaba girando hacia el norte y <strong>adopta una subida pronunciada<\/strong>. No desesper\u00e9is porque es apenas un kil\u00f3metro de ascenso. Al final est\u00e1 la cima del <em>Tossal del Rei<\/em>. Se puede volver por la pista que conduce hasta Fredes y que llega al Coll de Tombadors para hacer la ruta de forma circular. <a href=\"https:\/\/es.wikiloc.com\/rutas-senderismo\/fredes-tossal-dels-tres-reis-2364032\" target=\"_blank\" rel=\"noreferrer noopener nofollow\">Os dejamos un track para seguir en la ruta<\/a>.<\/p>\n\n\n\n<div class=\"wp-block-buttons is-layout-flex wp-block-buttons-is-layout-flex\">\n<div class=\"wp-block-button\"><a class=\"wp-block-button__link wp-element-button\" href=\"\/casas-rurales\/fredes\">Alojamientos rurales en Fredes<\/a><\/div>\n<\/div>\n\n\n\n<h3 class=\"wp-block-heading\" id=\"h-ruta-al-tossal-del-rei-desde-cataluna\"><strong>Ruta al Tossal del Rei desde Catalu\u00f1a<\/strong><\/h3>\n\n\n\n<figure class=\"wp-block-image size-large\"><img loading=\"lazy\" decoding=\"async\" width=\"1024\" height=\"540\" src=\"https:\/\/www.escapadarural.com\/blog\/wp-content\/uploads\/2025\/01\/AdobeStock_28631838-1024x540.jpeg\" alt=\"La S\u00e8nia | Por Elena Kovaleva\" class=\"wp-image-188069\" srcset=\"https:\/\/www.escapadarural.com\/blog\/wp-content\/uploads\/2025\/01\/AdobeStock_28631838-200x106.jpeg 200w, https:\/\/www.escapadarural.com\/blog\/wp-content\/uploads\/2025\/01\/AdobeStock_28631838-300x158.jpeg 300w, https:\/\/www.escapadarural.com\/blog\/wp-content\/uploads\/2025\/01\/AdobeStock_28631838-400x211.jpeg 400w, https:\/\/www.escapadarural.com\/blog\/wp-content\/uploads\/2025\/01\/AdobeStock_28631838-600x317.jpeg 600w, https:\/\/www.escapadarural.com\/blog\/wp-content\/uploads\/2025\/01\/AdobeStock_28631838-768x405.jpeg 768w, https:\/\/www.escapadarural.com\/blog\/wp-content\/uploads\/2025\/01\/AdobeStock_28631838-800x422.jpeg 800w, https:\/\/www.escapadarural.com\/blog\/wp-content\/uploads\/2025\/01\/AdobeStock_28631838-1024x540.jpeg 1024w, https:\/\/www.escapadarural.com\/blog\/wp-content\/uploads\/2025\/01\/AdobeStock_28631838-1200x633.jpeg 1200w, https:\/\/www.escapadarural.com\/blog\/wp-content\/uploads\/2025\/01\/AdobeStock_28631838-1536x811.jpeg 1536w\" sizes=\"auto, (max-width: 1024px) 100vw, 1024px\" \/><figcaption class=\"wp-element-caption\">La S\u00e8nia | Por Elena Kovaleva<\/figcaption><\/figure>\n\n\n\n<p>Si prefer\u00eds subir por la parte catalana, os ten\u00e9is que dirigir al pueblo de La S\u00e9nia. <strong>Lo mejor es coger la bicicleta de monta\u00f1a<\/strong> porque os espera un buen recorrido: unos 52 kil\u00f3metros con casi 1.600 metros de desnivel positivo.<\/p>\n\n\n<div style=\"background-color: #dff0d8; color: #3c763d; border-left-color: #3c763d; \" class=\"ub-styled-box ub-notification-box wp-block-ub-styled-box\" id=\"ub-styled-box-0a6c09d3-6bde-4fbf-bd37-0072e471490c\">\n<p id=\"ub-styled-box-notification-content-\"><strong>Longitud:<\/strong> 52 kil\u00f3metros<\/p>\n\n\n\n<p><strong>Dificultad:<\/strong> alta<\/p>\n\n\n\n<p><strong>Tipo de ruta:<\/strong> circular (para hacer en bicicleta)<\/p>\n\n\n<\/div>\n\n\n<p>B\u00e1sicamente se trata de subir por la carretera hacia el pueblo castellonense de Fredes. Aqu\u00ed tomamos la ascensi\u00f3n que hemos visto antes: el GR-7, el Portell de l\u2019Infern y la senda hacia el Pinar Pla. <strong>Pronto estar\u00e9is en el punto m\u00e1s alto<\/strong>: el Tosal del Rey. <a href=\"https:\/\/es.wikiloc.com\/rutas-mountain-bike\/tossal-3-reis-4805559\" target=\"_blank\" rel=\"noreferrer noopener nofollow\">Os pod\u00e9is guiar con este track<\/a>.<\/p>\n\n\n\n<div class=\"wp-block-buttons is-layout-flex wp-block-buttons-is-layout-flex\">\n<div class=\"wp-block-button\"><a class=\"wp-block-button__link wp-element-button\" href=\"\/casas-rurales\/la-senia\">Alojamientos rurales en La S\u00e9nia<\/a><\/div>\n<\/div>\n","protected":false},"excerpt":{"rendered":"<p>Hay monta\u00f1as de esas que hay que subir por lo  [&#8230;]<\/p>\n","protected":false},"author":123,"featured_media":188067,"comment_status":"open","ping_status":"open","sticky":false,"template":"","format":"standard","meta":{"_acf_changed":false,"om_disable_all_campaigns":false,"footnotes":""},"categories":[1379],"tags":[6013,5994,469,3342,6099,6087],"class_list":["post-188048","post","type-post","status-publish","format-standard","has-post-thumbnail","hentry","category-rutas-y-excursiones","tag-que-ver-en-aragon","tag-que-ver-en-cataluna","tag-que-ver-en-la-comunidad-valenciana","tag-montanas","tag-ruta","tag-senderismo"],"acf":[],"featured_image_src":"https:\/\/www.escapadarural.com\/blog\/wp-content\/uploads\/2025\/01\/AdobeStock_136340315-scaled.jpeg","author_info":{"display_name":"Raquel Andr\u00e9s","author_link":"https:\/\/www.escapadarural.com\/blog\/autor\/raquel\/"},"yoast_head":"<!-- This site is optimized with the Yoast SEO plugin v27.5 - https:\/\/yoast.com\/product\/yoast-seo-wordpress\/ -->\n<title>Ruta al Tosal del Rey, monta\u00f1a simb\u00f3lica para la Corona de Arag\u00f3n<\/title>\n<meta name=\"description\" content=\"Nos acercamos a la cima del Tosal del Rey en la que confluyen Arag\u00f3n, Catalu\u00f1a y la Comunidad Valenciana por tres v\u00edas de ascenso\" \/>\n<meta name=\"robots\" content=\"index, follow, max-snippet:-1, max-image-preview:large, max-video-preview:-1\" \/>\n<link rel=\"canonical\" href=\"https:\/\/www.escapadarural.com\/blog\/ruta-al-tosal-del-rey\/\" \/>\n<meta property=\"og:locale\" content=\"es_ES\" \/>\n<meta property=\"og:type\" content=\"article\" \/>\n<meta property=\"og:title\" content=\"Ruta al Tosal del Rey, monta\u00f1a simb\u00f3lica para la Corona de Arag\u00f3n\" \/>\n<meta property=\"og:description\" content=\"Nos acercamos a la cima del Tosal del Rey en la que confluyen Arag\u00f3n, Catalu\u00f1a y la Comunidad Valenciana por tres v\u00edas de ascenso\" \/>\n<meta property=\"og:url\" content=\"https:\/\/www.escapadarural.com\/blog\/ruta-al-tosal-del-rey\/\" \/>\n<meta property=\"og:site_name\" content=\"Magazine de viajes de EscapadaRural\" \/>\n<meta property=\"article:publisher\" content=\"https:\/\/www.facebook.com\/escapadarural\" \/>\n<meta property=\"article:published_time\" content=\"2025-02-23T06:00:00+00:00\" \/>\n<meta property=\"og:image\" content=\"https:\/\/app.escapadarural.com\/blog\/wp-content\/uploads\/2025\/01\/AdobeStock_136340315-scaled.jpeg\" \/>\n\t<meta property=\"og:image:width\" content=\"2048\" \/>\n\t<meta property=\"og:image:height\" content=\"1367\" \/>\n\t<meta property=\"og:image:type\" content=\"image\/jpeg\" \/>\n<meta name=\"author\" content=\"Raquel Andr\u00e9s\" \/>\n<meta name=\"twitter:card\" content=\"summary_large_image\" \/>\n<meta name=\"twitter:label1\" content=\"Escrito por\" \/>\n\t<meta name=\"twitter:data1\" content=\"Raquel Andr\u00e9s\" \/>\n\t<meta name=\"twitter:label2\" content=\"Tiempo de lectura\" \/>\n\t<meta name=\"twitter:data2\" content=\"7 minutos\" \/>\n<script type=\"application\/ld+json\" class=\"yoast-schema-graph\">{\"@context\":\"https:\\\/\\\/schema.org\",\"@graph\":[{\"@type\":\"Article\",\"@id\":\"https:\\\/\\\/www.escapadarural.com\\\/blog\\\/ruta-al-tosal-del-rey\\\/#article\",\"isPartOf\":{\"@id\":\"https:\\\/\\\/www.escapadarural.com\\\/blog\\\/ruta-al-tosal-del-rey\\\/\"},\"author\":{\"name\":\"Raquel Andr\u00e9s\",\"@id\":\"https:\\\/\\\/www.escapadarural.com\\\/blog\\\/#\\\/schema\\\/person\\\/67be061eb00d8315fa8642e01b88c894\"},\"headline\":\"Ruta al Tosal del Rey: una monta\u00f1a simb\u00f3lica para la Corona de Arag\u00f3n\",\"datePublished\":\"2025-02-23T06:00:00+00:00\",\"mainEntityOfPage\":{\"@id\":\"https:\\\/\\\/www.escapadarural.com\\\/blog\\\/ruta-al-tosal-del-rey\\\/\"},\"wordCount\":1215,\"commentCount\":0,\"publisher\":{\"@id\":\"https:\\\/\\\/www.escapadarural.com\\\/blog\\\/#organization\"},\"image\":{\"@id\":\"https:\\\/\\\/www.escapadarural.com\\\/blog\\\/ruta-al-tosal-del-rey\\\/#primaryimage\"},\"thumbnailUrl\":\"https:\\\/\\\/www.escapadarural.com\\\/blog\\\/wp-content\\\/uploads\\\/2025\\\/01\\\/AdobeStock_136340315-scaled.jpeg\",\"keywords\":[\"Arag\u00f3n\",\"Catalu\u00f1a\",\"Comunidad Valenciana\",\"Monta\u00f1as\",\"ruta\",\"senderismo\"],\"articleSection\":[\"Rutas y excursiones\"],\"inLanguage\":\"es\",\"potentialAction\":[{\"@type\":\"CommentAction\",\"name\":\"Comment\",\"target\":[\"https:\\\/\\\/www.escapadarural.com\\\/blog\\\/ruta-al-tosal-del-rey\\\/#respond\"]}]},{\"@type\":\"WebPage\",\"@id\":\"https:\\\/\\\/www.escapadarural.com\\\/blog\\\/ruta-al-tosal-del-rey\\\/\",\"url\":\"https:\\\/\\\/www.escapadarural.com\\\/blog\\\/ruta-al-tosal-del-rey\\\/\",\"name\":\"Ruta al Tosal del Rey, monta\u00f1a simb\u00f3lica para la Corona de Arag\u00f3n\",\"isPartOf\":{\"@id\":\"https:\\\/\\\/www.escapadarural.com\\\/blog\\\/#website\"},\"primaryImageOfPage\":{\"@id\":\"https:\\\/\\\/www.escapadarural.com\\\/blog\\\/ruta-al-tosal-del-rey\\\/#primaryimage\"},\"image\":{\"@id\":\"https:\\\/\\\/www.escapadarural.com\\\/blog\\\/ruta-al-tosal-del-rey\\\/#primaryimage\"},\"thumbnailUrl\":\"https:\\\/\\\/www.escapadarural.com\\\/blog\\\/wp-content\\\/uploads\\\/2025\\\/01\\\/AdobeStock_136340315-scaled.jpeg\",\"datePublished\":\"2025-02-23T06:00:00+00:00\",\"description\":\"Nos acercamos a la cima del Tosal del Rey en la que confluyen Arag\u00f3n, Catalu\u00f1a y la Comunidad Valenciana por tres v\u00edas de ascenso\",\"breadcrumb\":{\"@id\":\"https:\\\/\\\/www.escapadarural.com\\\/blog\\\/ruta-al-tosal-del-rey\\\/#breadcrumb\"},\"inLanguage\":\"es\",\"potentialAction\":[{\"@type\":\"ReadAction\",\"target\":[\"https:\\\/\\\/www.escapadarural.com\\\/blog\\\/ruta-al-tosal-del-rey\\\/\"]}]},{\"@type\":\"ImageObject\",\"inLanguage\":\"es\",\"@id\":\"https:\\\/\\\/www.escapadarural.com\\\/blog\\\/ruta-al-tosal-del-rey\\\/#primaryimage\",\"url\":\"https:\\\/\\\/www.escapadarural.com\\\/blog\\\/wp-content\\\/uploads\\\/2025\\\/01\\\/AdobeStock_136340315-scaled.jpeg\",\"contentUrl\":\"https:\\\/\\\/www.escapadarural.com\\\/blog\\\/wp-content\\\/uploads\\\/2025\\\/01\\\/AdobeStock_136340315-scaled.jpeg\",\"width\":2048,\"height\":1367,\"caption\":\"Els Ports | Por marcin jucha\"},{\"@type\":\"BreadcrumbList\",\"@id\":\"https:\\\/\\\/www.escapadarural.com\\\/blog\\\/ruta-al-tosal-del-rey\\\/#breadcrumb\",\"itemListElement\":[{\"@type\":\"ListItem\",\"position\":1,\"name\":\"Inicio\",\"item\":\"https:\\\/\\\/www.escapadarural.com\\\/blog\\\/\"},{\"@type\":\"ListItem\",\"position\":2,\"name\":\"Rutas y excursiones\",\"item\":\"https:\\\/\\\/www.escapadarural.com\\\/blog\\\/categoria\\\/rutas-y-excursiones\\\/\"},{\"@type\":\"ListItem\",\"position\":3,\"name\":\"Ruta al Tosal del Rey: una monta\u00f1a simb\u00f3lica para la Corona de Arag\u00f3n\"}]},{\"@type\":\"WebSite\",\"@id\":\"https:\\\/\\\/www.escapadarural.com\\\/blog\\\/#website\",\"url\":\"https:\\\/\\\/www.escapadarural.com\\\/blog\\\/\",\"name\":\"Blog de viajes | turismo rural, alojamientos e inspiraci\u00f3n\",\"description\":\"Alojamientos rurales e inspiraci\u00f3n para tus escapadas\",\"publisher\":{\"@id\":\"https:\\\/\\\/www.escapadarural.com\\\/blog\\\/#organization\"},\"alternateName\":\"Magazine de viajes de EscapadaRural\",\"potentialAction\":[{\"@type\":\"SearchAction\",\"target\":{\"@type\":\"EntryPoint\",\"urlTemplate\":\"https:\\\/\\\/www.escapadarural.com\\\/blog\\\/?s={search_term_string}\"},\"query-input\":{\"@type\":\"PropertyValueSpecification\",\"valueRequired\":true,\"valueName\":\"search_term_string\"}}],\"inLanguage\":\"es\"},{\"@type\":\"Organization\",\"@id\":\"https:\\\/\\\/www.escapadarural.com\\\/blog\\\/#organization\",\"name\":\"EscapadaRural\",\"url\":\"https:\\\/\\\/www.escapadarural.com\\\/blog\\\/\",\"logo\":{\"@type\":\"ImageObject\",\"inLanguage\":\"es\",\"@id\":\"https:\\\/\\\/www.escapadarural.com\\\/blog\\\/#\\\/schema\\\/logo\\\/image\\\/\",\"url\":\"https:\\\/\\\/www.escapadarural.com\\\/blog\\\/wp-content\\\/uploads\\\/2024\\\/10\\\/cropped-cropped-escapada-rural-icon-mag-3.png\",\"contentUrl\":\"https:\\\/\\\/www.escapadarural.com\\\/blog\\\/wp-content\\\/uploads\\\/2024\\\/10\\\/cropped-cropped-escapada-rural-icon-mag-3.png\",\"width\":512,\"height\":512,\"caption\":\"EscapadaRural\"},\"image\":{\"@id\":\"https:\\\/\\\/www.escapadarural.com\\\/blog\\\/#\\\/schema\\\/logo\\\/image\\\/\"},\"sameAs\":[\"https:\\\/\\\/www.facebook.com\\\/escapadarural\",\"https:\\\/\\\/www.instagram.com\\\/escapadarural\\\/\",\"https:\\\/\\\/www.youtube.com\\\/@escapadaruralcom\"]},{\"@type\":\"Person\",\"@id\":\"https:\\\/\\\/www.escapadarural.com\\\/blog\\\/#\\\/schema\\\/person\\\/67be061eb00d8315fa8642e01b88c894\",\"name\":\"Raquel Andr\u00e9s\",\"image\":{\"@type\":\"ImageObject\",\"inLanguage\":\"es\",\"@id\":\"https:\\\/\\\/secure.gravatar.com\\\/avatar\\\/b45840531462f3cafb335a9fc5c0bfda2c07c3df4b82b304b923526b85cc6cb5?s=96&d=mm&r=g\",\"url\":\"https:\\\/\\\/secure.gravatar.com\\\/avatar\\\/b45840531462f3cafb335a9fc5c0bfda2c07c3df4b82b304b923526b85cc6cb5?s=96&d=mm&r=g\",\"contentUrl\":\"https:\\\/\\\/secure.gravatar.com\\\/avatar\\\/b45840531462f3cafb335a9fc5c0bfda2c07c3df4b82b304b923526b85cc6cb5?s=96&d=mm&r=g\",\"caption\":\"Raquel Andr\u00e9s\"},\"description\":\"Periodista y aventurera. Me has podido leer en Escapada Rural, Diari Nosaltres La Veu, La Vanguardia, El Salto y otros medios. Habitante y amante de las zonas rurales, sea cual sea el destino. Procuro escaparme una vez por semana con las botas de monta\u00f1a, el arn\u00e9s o el neopreno. Tambi\u00e9n soy un intento de baserritarra.\",\"url\":\"https:\\\/\\\/www.escapadarural.com\\\/blog\\\/autor\\\/raquel\\\/\"}]}<\/script>\n<!-- \/ Yoast SEO plugin. -->","yoast_head_json":{"title":"Ruta al Tosal del Rey, monta\u00f1a simb\u00f3lica para la Corona de Arag\u00f3n","description":"Nos acercamos a la cima del Tosal del Rey en la que confluyen Arag\u00f3n, Catalu\u00f1a y la Comunidad Valenciana por tres v\u00edas de ascenso","robots":{"index":"index","follow":"follow","max-snippet":"max-snippet:-1","max-image-preview":"max-image-preview:large","max-video-preview":"max-video-preview:-1"},"canonical":"https:\/\/www.escapadarural.com\/blog\/ruta-al-tosal-del-rey\/","og_locale":"es_ES","og_type":"article","og_title":"Ruta al Tosal del Rey, monta\u00f1a simb\u00f3lica para la Corona de Arag\u00f3n","og_description":"Nos acercamos a la cima del Tosal del Rey en la que confluyen Arag\u00f3n, Catalu\u00f1a y la Comunidad Valenciana por tres v\u00edas de ascenso","og_url":"https:\/\/www.escapadarural.com\/blog\/ruta-al-tosal-del-rey\/","og_site_name":"Magazine de viajes de EscapadaRural","article_publisher":"https:\/\/www.facebook.com\/escapadarural","article_published_time":"2025-02-23T06:00:00+00:00","og_image":[{"width":2048,"height":1367,"url":"https:\/\/app.escapadarural.com\/blog\/wp-content\/uploads\/2025\/01\/AdobeStock_136340315-scaled.jpeg","type":"image\/jpeg"}],"author":"Raquel Andr\u00e9s","twitter_card":"summary_large_image","twitter_misc":{"Escrito por":"Raquel Andr\u00e9s","Tiempo de lectura":"7 minutos"},"schema":{"@context":"https:\/\/schema.org","@graph":[{"@type":"Article","@id":"https:\/\/www.escapadarural.com\/blog\/ruta-al-tosal-del-rey\/#article","isPartOf":{"@id":"https:\/\/www.escapadarural.com\/blog\/ruta-al-tosal-del-rey\/"},"author":{"name":"Raquel Andr\u00e9s","@id":"https:\/\/www.escapadarural.com\/blog\/#\/schema\/person\/67be061eb00d8315fa8642e01b88c894"},"headline":"Ruta al Tosal del Rey: una monta\u00f1a simb\u00f3lica para la Corona de Arag\u00f3n","datePublished":"2025-02-23T06:00:00+00:00","mainEntityOfPage":{"@id":"https:\/\/www.escapadarural.com\/blog\/ruta-al-tosal-del-rey\/"},"wordCount":1215,"commentCount":0,"publisher":{"@id":"https:\/\/www.escapadarural.com\/blog\/#organization"},"image":{"@id":"https:\/\/www.escapadarural.com\/blog\/ruta-al-tosal-del-rey\/#primaryimage"},"thumbnailUrl":"https:\/\/www.escapadarural.com\/blog\/wp-content\/uploads\/2025\/01\/AdobeStock_136340315-scaled.jpeg","keywords":["Arag\u00f3n","Catalu\u00f1a","Comunidad Valenciana","Monta\u00f1as","ruta","senderismo"],"articleSection":["Rutas y excursiones"],"inLanguage":"es","potentialAction":[{"@type":"CommentAction","name":"Comment","target":["https:\/\/www.escapadarural.com\/blog\/ruta-al-tosal-del-rey\/#respond"]}]},{"@type":"WebPage","@id":"https:\/\/www.escapadarural.com\/blog\/ruta-al-tosal-del-rey\/","url":"https:\/\/www.escapadarural.com\/blog\/ruta-al-tosal-del-rey\/","name":"Ruta al Tosal del Rey, monta\u00f1a simb\u00f3lica para la Corona de Arag\u00f3n","isPartOf":{"@id":"https:\/\/www.escapadarural.com\/blog\/#website"},"primaryImageOfPage":{"@id":"https:\/\/www.escapadarural.com\/blog\/ruta-al-tosal-del-rey\/#primaryimage"},"image":{"@id":"https:\/\/www.escapadarural.com\/blog\/ruta-al-tosal-del-rey\/#primaryimage"},"thumbnailUrl":"https:\/\/www.escapadarural.com\/blog\/wp-content\/uploads\/2025\/01\/AdobeStock_136340315-scaled.jpeg","datePublished":"2025-02-23T06:00:00+00:00","description":"Nos acercamos a la cima del Tosal del Rey en la que confluyen Arag\u00f3n, Catalu\u00f1a y la Comunidad Valenciana por tres v\u00edas de ascenso","breadcrumb":{"@id":"https:\/\/www.escapadarural.com\/blog\/ruta-al-tosal-del-rey\/#breadcrumb"},"inLanguage":"es","potentialAction":[{"@type":"ReadAction","target":["https:\/\/www.escapadarural.com\/blog\/ruta-al-tosal-del-rey\/"]}]},{"@type":"ImageObject","inLanguage":"es","@id":"https:\/\/www.escapadarural.com\/blog\/ruta-al-tosal-del-rey\/#primaryimage","url":"https:\/\/www.escapadarural.com\/blog\/wp-content\/uploads\/2025\/01\/AdobeStock_136340315-scaled.jpeg","contentUrl":"https:\/\/www.escapadarural.com\/blog\/wp-content\/uploads\/2025\/01\/AdobeStock_136340315-scaled.jpeg","width":2048,"height":1367,"caption":"Els Ports | Por marcin jucha"},{"@type":"BreadcrumbList","@id":"https:\/\/www.escapadarural.com\/blog\/ruta-al-tosal-del-rey\/#breadcrumb","itemListElement":[{"@type":"ListItem","position":1,"name":"Inicio","item":"https:\/\/www.escapadarural.com\/blog\/"},{"@type":"ListItem","position":2,"name":"Rutas y excursiones","item":"https:\/\/www.escapadarural.com\/blog\/categoria\/rutas-y-excursiones\/"},{"@type":"ListItem","position":3,"name":"Ruta al Tosal del Rey: una monta\u00f1a simb\u00f3lica para la Corona de Arag\u00f3n"}]},{"@type":"WebSite","@id":"https:\/\/www.escapadarural.com\/blog\/#website","url":"https:\/\/www.escapadarural.com\/blog\/","name":"Blog de viajes | turismo rural, alojamientos e inspiraci\u00f3n","description":"Alojamientos rurales e inspiraci\u00f3n para tus escapadas","publisher":{"@id":"https:\/\/www.escapadarural.com\/blog\/#organization"},"alternateName":"Magazine de viajes de EscapadaRural","potentialAction":[{"@type":"SearchAction","target":{"@type":"EntryPoint","urlTemplate":"https:\/\/www.escapadarural.com\/blog\/?s={search_term_string}"},"query-input":{"@type":"PropertyValueSpecification","valueRequired":true,"valueName":"search_term_string"}}],"inLanguage":"es"},{"@type":"Organization","@id":"https:\/\/www.escapadarural.com\/blog\/#organization","name":"EscapadaRural","url":"https:\/\/www.escapadarural.com\/blog\/","logo":{"@type":"ImageObject","inLanguage":"es","@id":"https:\/\/www.escapadarural.com\/blog\/#\/schema\/logo\/image\/","url":"https:\/\/www.escapadarural.com\/blog\/wp-content\/uploads\/2024\/10\/cropped-cropped-escapada-rural-icon-mag-3.png","contentUrl":"https:\/\/www.escapadarural.com\/blog\/wp-content\/uploads\/2024\/10\/cropped-cropped-escapada-rural-icon-mag-3.png","width":512,"height":512,"caption":"EscapadaRural"},"image":{"@id":"https:\/\/www.escapadarural.com\/blog\/#\/schema\/logo\/image\/"},"sameAs":["https:\/\/www.facebook.com\/escapadarural","https:\/\/www.instagram.com\/escapadarural\/","https:\/\/www.youtube.com\/@escapadaruralcom"]},{"@type":"Person","@id":"https:\/\/www.escapadarural.com\/blog\/#\/schema\/person\/67be061eb00d8315fa8642e01b88c894","name":"Raquel Andr\u00e9s","image":{"@type":"ImageObject","inLanguage":"es","@id":"https:\/\/secure.gravatar.com\/avatar\/b45840531462f3cafb335a9fc5c0bfda2c07c3df4b82b304b923526b85cc6cb5?s=96&d=mm&r=g","url":"https:\/\/secure.gravatar.com\/avatar\/b45840531462f3cafb335a9fc5c0bfda2c07c3df4b82b304b923526b85cc6cb5?s=96&d=mm&r=g","contentUrl":"https:\/\/secure.gravatar.com\/avatar\/b45840531462f3cafb335a9fc5c0bfda2c07c3df4b82b304b923526b85cc6cb5?s=96&d=mm&r=g","caption":"Raquel Andr\u00e9s"},"description":"Periodista y aventurera. Me has podido leer en Escapada Rural, Diari Nosaltres La Veu, La Vanguardia, El Salto y otros medios. Habitante y amante de las zonas rurales, sea cual sea el destino. Procuro escaparme una vez por semana con las botas de monta\u00f1a, el arn\u00e9s o el neopreno. Tambi\u00e9n soy un intento de baserritarra.","url":"https:\/\/www.escapadarural.com\/blog\/autor\/raquel\/"}]}},"_links":{"self":[{"href":"https:\/\/www.escapadarural.com\/blog\/wp-json\/wp\/v2\/posts\/188048","targetHints":{"allow":["GET"]}}],"collection":[{"href":"https:\/\/www.escapadarural.com\/blog\/wp-json\/wp\/v2\/posts"}],"about":[{"href":"https:\/\/www.escapadarural.com\/blog\/wp-json\/wp\/v2\/types\/post"}],"author":[{"embeddable":true,"href":"https:\/\/www.escapadarural.com\/blog\/wp-json\/wp\/v2\/users\/123"}],"replies":[{"embeddable":true,"href":"https:\/\/www.escapadarural.com\/blog\/wp-json\/wp\/v2\/comments?post=188048"}],"version-history":[{"count":0,"href":"https:\/\/www.escapadarural.com\/blog\/wp-json\/wp\/v2\/posts\/188048\/revisions"}],"wp:featuredmedia":[{"embeddable":true,"href":"https:\/\/www.escapadarural.com\/blog\/wp-json\/wp\/v2\/media\/188067"}],"wp:attachment":[{"href":"https:\/\/www.escapadarural.com\/blog\/wp-json\/wp\/v2\/media?parent=188048"}],"wp:term":[{"taxonomy":"category","embeddable":true,"href":"https:\/\/www.escapadarural.com\/blog\/wp-json\/wp\/v2\/categories?post=188048"},{"taxonomy":"post_tag","embeddable":true,"href":"https:\/\/www.escapadarural.com\/blog\/wp-json\/wp\/v2\/tags?post=188048"}],"curies":[{"name":"wp","href":"https:\/\/api.w.org\/{rel}","templated":true}]}}