{"id":188189,"date":"2025-01-30T12:22:42","date_gmt":"2025-01-30T10:22:42","guid":{"rendered":"https:\/\/www.escapadarural.com\/blog\/?p=188189"},"modified":"2025-01-30T12:22:49","modified_gmt":"2025-01-30T10:22:49","slug":"el-palancar-convento-mas-pequeno-del-mundo","status":"publish","type":"post","link":"https:\/\/www.escapadarural.com\/blog\/el-palancar-convento-mas-pequeno-del-mundo\/","title":{"rendered":"El Palancar, \u00bfel convento m\u00e1s peque\u00f1o del mundo?"},"content":{"rendered":"\n<figure class=\"wp-block-image size-large\"><img loading=\"lazy\" decoding=\"async\" width=\"1024\" height=\"683\" src=\"https:\/\/www.escapadarural.com\/blog\/wp-content\/uploads\/2025\/01\/palancar-1024x683.jpeg\" alt=\"Convento de El Palancar, Pedroso de Acim. \u00bfEl convento m\u00e1s peque\u00f1o del mundo? Por  Jos\u00e9 Luis S\u00e1nchez Ma.\" class=\"wp-image-188190\" srcset=\"https:\/\/www.escapadarural.com\/blog\/wp-content\/uploads\/2025\/01\/palancar-200x133.jpeg 200w, https:\/\/www.escapadarural.com\/blog\/wp-content\/uploads\/2025\/01\/palancar-300x200.jpeg 300w, https:\/\/www.escapadarural.com\/blog\/wp-content\/uploads\/2025\/01\/palancar-400x267.jpeg 400w, https:\/\/www.escapadarural.com\/blog\/wp-content\/uploads\/2025\/01\/palancar-600x400.jpeg 600w, https:\/\/www.escapadarural.com\/blog\/wp-content\/uploads\/2025\/01\/palancar-768x512.jpeg 768w, https:\/\/www.escapadarural.com\/blog\/wp-content\/uploads\/2025\/01\/palancar-800x534.jpeg 800w, https:\/\/www.escapadarural.com\/blog\/wp-content\/uploads\/2025\/01\/palancar-1024x683.jpeg 1024w, https:\/\/www.escapadarural.com\/blog\/wp-content\/uploads\/2025\/01\/palancar-1200x800.jpeg 1200w, https:\/\/www.escapadarural.com\/blog\/wp-content\/uploads\/2025\/01\/palancar-1536x1024.jpeg 1536w\" sizes=\"auto, (max-width: 1024px) 100vw, 1024px\" \/><figcaption class=\"wp-element-caption\">Convento de El Palancar, Pedroso de Acim. \u00bfEl convento m\u00e1s peque\u00f1o del mundo? Por Jos\u00e9 Luis S\u00e1nchez Ma.<\/figcaption><\/figure>\n\n\n\n<p>\u201cEso es lo menos importante\u201d, responde a EscapadaRural el hermano guardi\u00e1n del <strong>monasterio El Palancar, <\/strong>ante la pregunta de si existe alguna acreditaci\u00f3n que confirme oficialmente lo que se dice de \u00e9l. Situado entre los pueblos de <a href=\"\/casas-rurales\/pedroso-de-acim\" target=\"_blank\" rel=\"noreferrer noopener\">Pedroso de Acim<\/a> y Grimaldo, en C\u00e1ceres, se supone que es <strong>\u2018el convento m\u00e1s peque\u00f1o del mundo\u2019<\/strong>, pero ya se sabe que estas afirmaciones grandilocuentes puede que no est\u00e9n verificadas. Es el caso de este ejemplo, pero lo cierto es que las dimensiones del cenobio son realmente reducidas.<\/p>\n\n\n\n<p>El lema que acompa\u00f1a al monasterio \u2013tambi\u00e9n llamado<strong> \u2018El conventino\u2019<\/strong>\u2013 se ha utilizado para atraer al turismo pero \u201ccomo se hacen r\u00e9cords Guinness de todo, pues se divulga, pero esto ni est\u00e1 acreditado ni nada por el estilo\u201d, desarrolla el entrevistado. El motivo por el que la edificaci\u00f3n sea tan discreta en su tama\u00f1o es que est\u00e1 construida \u201cdesde una visi\u00f3n franciscana y cristiana\u201d, sostiene el hermano.<\/p>\n\n\n\n<div class=\"wp-block-buttons is-layout-flex wp-block-buttons-is-layout-flex\">\n<div class=\"wp-block-button\"><a class=\"wp-block-button__link wp-element-button\" href=\"\/casas-rurales\/caceres\">Alojamientos rurales en C\u00e1ceres<\/a><\/div>\n<\/div>\n\n\n\n<h2 class=\"wp-block-heading\" id=\"h-una-obra-de-fray-pedro-de-alcantara\">Una obra de <strong>fray Pedro de Alc\u00e1ntara<\/strong><\/h2>\n\n\n\n<figure class=\"wp-block-image size-full\"><img loading=\"lazy\" decoding=\"async\" width=\"1024\" height=\"683\" src=\"https:\/\/www.escapadarural.com\/blog\/wp-content\/uploads\/2025\/01\/AdobeStock_766208851_Editorial_Use_Only_WP_03.webp\" alt=\"El Palancar \" class=\"wp-image-191692\" srcset=\"https:\/\/www.escapadarural.com\/blog\/wp-content\/uploads\/2025\/01\/AdobeStock_766208851_Editorial_Use_Only_WP_03-200x133.webp 200w, https:\/\/www.escapadarural.com\/blog\/wp-content\/uploads\/2025\/01\/AdobeStock_766208851_Editorial_Use_Only_WP_03-300x200.webp 300w, https:\/\/www.escapadarural.com\/blog\/wp-content\/uploads\/2025\/01\/AdobeStock_766208851_Editorial_Use_Only_WP_03-400x267.webp 400w, https:\/\/www.escapadarural.com\/blog\/wp-content\/uploads\/2025\/01\/AdobeStock_766208851_Editorial_Use_Only_WP_03-600x400.webp 600w, https:\/\/www.escapadarural.com\/blog\/wp-content\/uploads\/2025\/01\/AdobeStock_766208851_Editorial_Use_Only_WP_03-768x512.webp 768w, https:\/\/www.escapadarural.com\/blog\/wp-content\/uploads\/2025\/01\/AdobeStock_766208851_Editorial_Use_Only_WP_03-800x534.webp 800w, https:\/\/www.escapadarural.com\/blog\/wp-content\/uploads\/2025\/01\/AdobeStock_766208851_Editorial_Use_Only_WP_03.webp 1024w\" sizes=\"auto, (max-width: 1024px) 100vw, 1024px\" \/><figcaption class=\"wp-element-caption\">El Palancar. Por WH_Pics<\/figcaption><\/figure>\n\n\n\n<p><strong>El Palancar se construy\u00f3 en 1557 por<\/strong> <strong>fray Pedro de Alc\u00e1ntara<\/strong>, previamente conocido como Juan de Garavito y Vilela de Sanabria. Este hab\u00eda estudiado en la Universidad de Salamanca y se hab\u00eda familiarizado con San Francisco Ra\u00edz, por lo que \u201cbuscaba experimentar con intensidad y con radicalidad, en el sentido de ir a la ra\u00edz, la vida franciscana. Nuestro carisma es la minoridad, la peque\u00f1ez, la sencillez y la humildad, lo que se ve reflejado tambi\u00e9n a trav\u00e9s de edificios humildes, sencillos y peque\u00f1os\u201d, explica el entrevistado. \u201cEsa es la raz\u00f3n por la que el convento es peque\u00f1o, ese es el sentido profundo y aut\u00e9ntico\u201d. Lo realmente importante, como afirmaba al principio.<\/p>\n\n\n<div class=\"wp-block-image\">\n<figure class=\"aligncenter size-large\"><img loading=\"lazy\" decoding=\"async\" width=\"683\" height=\"1024\" src=\"https:\/\/www.escapadarural.com\/blog\/wp-content\/uploads\/2025\/01\/palancar2-683x1024.jpeg\" alt=\"Interior del convento m\u00e1s peque\u00f1o del mundo: El Palancar. Por mestock.\" class=\"wp-image-188191\" srcset=\"https:\/\/www.escapadarural.com\/blog\/wp-content\/uploads\/2025\/01\/palancar2-200x300.jpeg 200w, https:\/\/www.escapadarural.com\/blog\/wp-content\/uploads\/2025\/01\/palancar2-400x600.jpeg 400w, https:\/\/www.escapadarural.com\/blog\/wp-content\/uploads\/2025\/01\/palancar2-600x900.jpeg 600w, https:\/\/www.escapadarural.com\/blog\/wp-content\/uploads\/2025\/01\/palancar2-683x1024.jpeg 683w, https:\/\/www.escapadarural.com\/blog\/wp-content\/uploads\/2025\/01\/palancar2-768x1152.jpeg 768w, https:\/\/www.escapadarural.com\/blog\/wp-content\/uploads\/2025\/01\/palancar2-800x1200.jpeg 800w, https:\/\/www.escapadarural.com\/blog\/wp-content\/uploads\/2025\/01\/palancar2-1024x1536.jpeg 1024w, https:\/\/www.escapadarural.com\/blog\/wp-content\/uploads\/2025\/01\/palancar2-1200x1800.jpeg 1200w, https:\/\/www.escapadarural.com\/blog\/wp-content\/uploads\/2025\/01\/palancar2-scaled.jpeg 1365w\" sizes=\"auto, (max-width: 683px) 100vw, 683px\" \/><figcaption class=\"wp-element-caption\">Interior del convento m\u00e1s peque\u00f1o del mundo: El Palancar. Por mestock.<\/figcaption><\/figure>\n<\/div>\n\n\n<p>Los interesados en conocer el monasterio al detalle tienen la oportunidad de realizar <strong>visitas guiadas <\/strong>cinco d\u00edas a la semana, pero el hermano guardi\u00e1n especifica que \u201c<strong>no es un museo<\/strong>. No alimentamos ninguna an\u00e9cdota, solo mostramos el lugar\u201d. La cantidad de personas que pasan por all\u00ed var\u00eda seg\u00fan el momento del a\u00f1o y no existe un perfil espec\u00edfico del visitante. \u201cHay gente de todo tipo\u201d, informa el interlocutor.<\/p>\n\n\n\n<h2 class=\"wp-block-heading\" id=\"h-otros-datos-del-monasterio-el-palancar\"><strong>Otros datos del monasterio El Palancar<\/strong><\/h2>\n\n\n\n<figure class=\"wp-block-image size-full\"><img loading=\"lazy\" decoding=\"async\" width=\"1024\" height=\"490\" src=\"https:\/\/www.escapadarural.com\/blog\/wp-content\/uploads\/2025\/01\/AdobeStock_766208230_Editorial_Use_Only_WP_02.webp\" alt=\"Claustro del monasterio m\u00e1s peque\u00f1o del mundo\" class=\"wp-image-191691\" srcset=\"https:\/\/www.escapadarural.com\/blog\/wp-content\/uploads\/2025\/01\/AdobeStock_766208230_Editorial_Use_Only_WP_02-200x96.webp 200w, https:\/\/www.escapadarural.com\/blog\/wp-content\/uploads\/2025\/01\/AdobeStock_766208230_Editorial_Use_Only_WP_02-300x144.webp 300w, https:\/\/www.escapadarural.com\/blog\/wp-content\/uploads\/2025\/01\/AdobeStock_766208230_Editorial_Use_Only_WP_02-400x191.webp 400w, https:\/\/www.escapadarural.com\/blog\/wp-content\/uploads\/2025\/01\/AdobeStock_766208230_Editorial_Use_Only_WP_02-600x287.webp 600w, https:\/\/www.escapadarural.com\/blog\/wp-content\/uploads\/2025\/01\/AdobeStock_766208230_Editorial_Use_Only_WP_02-768x368.webp 768w, https:\/\/www.escapadarural.com\/blog\/wp-content\/uploads\/2025\/01\/AdobeStock_766208230_Editorial_Use_Only_WP_02-800x383.webp 800w, https:\/\/www.escapadarural.com\/blog\/wp-content\/uploads\/2025\/01\/AdobeStock_766208230_Editorial_Use_Only_WP_02.webp 1024w\" sizes=\"auto, (max-width: 1024px) 100vw, 1024px\" \/><figcaption class=\"wp-element-caption\">Claustro del convento m\u00e1s peque\u00f1o del mundo. Por WH_Pics<\/figcaption><\/figure>\n\n\n\n<p>Desde la <a href=\"https:\/\/www.turismocaceres.org\/es\/turismo-cultural\/monasterio-el-palancar\" target=\"_blank\" rel=\"noreferrer noopener nofollow\">web<\/a> de la Oficina de Turismo de C\u00e1ceres aportan alguna pincelada de historia m\u00e1s que las mencionada hasta ahora. La <strong>arquitectura del templo<\/strong>, que mide 78 metros cuadrados, se basa en una casa ya existente en el pueblo en aquel momento. Su estructura es muy sencilla, ya que en su interior estaban las camas donde dorm\u00edan los franciscanos (cab\u00edan hasta ocho) y poco m\u00e1s.&nbsp;<\/p>\n\n\n\n<p>La <a href=\"https:\/\/www.escapadarural.com\/blog\/la-capilla-sixtina-extremena-en-la-ermita-virgen-del-ara\/\">capilla<\/a> ten\u00eda alg\u00fan <strong>mosaico decorativo<\/strong> y el claustro unas columnas de madera. Ahora est\u00e1 dentro de un edificio m\u00e1s grande, ya que con los a\u00f1os se construyeron una iglesia y <strong>una hospeder\u00eda<\/strong>.<\/p>\n\n\n<div class=\"wp-block-image\">\n<figure class=\"aligncenter size-large\"><img loading=\"lazy\" decoding=\"async\" width=\"683\" height=\"1024\" src=\"https:\/\/www.escapadarural.com\/blog\/wp-content\/uploads\/2025\/01\/palancar3-683x1024.jpeg\" alt=\"Interior de una celda de El Palancar. Por Interior del convento El Palancar. Por mestock.\" class=\"wp-image-188192\" srcset=\"https:\/\/www.escapadarural.com\/blog\/wp-content\/uploads\/2025\/01\/palancar3-200x300.jpeg 200w, https:\/\/www.escapadarural.com\/blog\/wp-content\/uploads\/2025\/01\/palancar3-400x600.jpeg 400w, https:\/\/www.escapadarural.com\/blog\/wp-content\/uploads\/2025\/01\/palancar3-600x900.jpeg 600w, https:\/\/www.escapadarural.com\/blog\/wp-content\/uploads\/2025\/01\/palancar3-683x1024.jpeg 683w, https:\/\/www.escapadarural.com\/blog\/wp-content\/uploads\/2025\/01\/palancar3-768x1152.jpeg 768w, https:\/\/www.escapadarural.com\/blog\/wp-content\/uploads\/2025\/01\/palancar3-800x1200.jpeg 800w, https:\/\/www.escapadarural.com\/blog\/wp-content\/uploads\/2025\/01\/palancar3-1024x1536.jpeg 1024w, https:\/\/www.escapadarural.com\/blog\/wp-content\/uploads\/2025\/01\/palancar3-1200x1800.jpeg 1200w, https:\/\/www.escapadarural.com\/blog\/wp-content\/uploads\/2025\/01\/palancar3-scaled.jpeg 1365w\" sizes=\"auto, (max-width: 683px) 100vw, 683px\" \/><figcaption class=\"wp-element-caption\">Interior de una celda de El Palancar. Por mestock.<\/figcaption><\/figure>\n<\/div>\n\n\n<p>Quiz\u00e1 lo m\u00e1s sorprendente sea el relato que afirma que <strong>Santa Teresa<\/strong> se llev\u00f3 un susto al ver al monje, que med\u00eda 1,90 cm, durmiendo sentado. La cabeza la posaba sobre un apoyo de madera; sin duda un lugar de descanso muy alejado del confort. El religioso cat\u00f3lico espa\u00f1ol Juan de Santa Mar\u00eda lo defin\u00eda, seg\u00fan el organismo informador, como: \u201cUn lugar con 32 pies de largo y 28 de ancho, con una capilla tan peque\u00f1a que en ella cab\u00edan el sacerdote y el ac\u00f3lito que le ayudaba, si otro alguno entraba ocupaba mucho\u201d.<\/p>\n\n\n\n<h2 class=\"wp-block-heading\" id=\"h-pedroso-de-acim-el-pueblo-del-convento-mas-pequeno-del-mundo\"><strong>Pedroso de Acim, el pueblo del \u2018convento m\u00e1s peque\u00f1o del mundo\u2019<\/strong><\/h2>\n\n\n\n<figure class=\"wp-block-image size-full\"><img loading=\"lazy\" decoding=\"async\" width=\"1024\" height=\"803\" src=\"https:\/\/www.escapadarural.com\/blog\/wp-content\/uploads\/2025\/01\/AdobeStock_492426287_WP_01.webp\" alt=\"Claustro del Convento de Nuestra Se\u00f1ora de la Concepci\u00f3n de El Palancar\" class=\"wp-image-191690\" srcset=\"https:\/\/www.escapadarural.com\/blog\/wp-content\/uploads\/2025\/01\/AdobeStock_492426287_WP_01-200x157.webp 200w, https:\/\/www.escapadarural.com\/blog\/wp-content\/uploads\/2025\/01\/AdobeStock_492426287_WP_01-300x235.webp 300w, https:\/\/www.escapadarural.com\/blog\/wp-content\/uploads\/2025\/01\/AdobeStock_492426287_WP_01-400x314.webp 400w, https:\/\/www.escapadarural.com\/blog\/wp-content\/uploads\/2025\/01\/AdobeStock_492426287_WP_01-600x471.webp 600w, https:\/\/www.escapadarural.com\/blog\/wp-content\/uploads\/2025\/01\/AdobeStock_492426287_WP_01-768x602.webp 768w, https:\/\/www.escapadarural.com\/blog\/wp-content\/uploads\/2025\/01\/AdobeStock_492426287_WP_01-800x627.webp 800w, https:\/\/www.escapadarural.com\/blog\/wp-content\/uploads\/2025\/01\/AdobeStock_492426287_WP_01.webp 1024w\" sizes=\"auto, (max-width: 1024px) 100vw, 1024px\" \/><figcaption class=\"wp-element-caption\">Claustro del Convento de Nuestra Se\u00f1ora de la Concepci\u00f3n. Por joserpizarro<\/figcaption><\/figure>\n\n\n\n<p>Seg\u00fan el hermano guardi\u00e1n del monasterio El Palancar, el <a href=\"https:\/\/www.escapadarural.com\/blog\/pueblos-mas-bonitos-de-caceres\/\">pueblo de C\u00e1cere<\/a>s en el que se asienta \u201ces sencillo, con entre 30 y 70 habitantes\u201d (los datos del INE de 2024 le otorgan unos cuantos m\u00e1s: 92). \u201cPuede que lo m\u00e1s antiguo sea <strong>una iglesia del siglo XVI<\/strong>\u201d, completa. Este templo est\u00e1 consagrado a Santa Marina y se encuentra en el centro del municipio. En su interior hay un retablo de madera de dimensiones considerables, una talla de la santa y una capilla con dos cuadros. Adem\u00e1s, en la entrada hay una estatua de bronce que representa a fray Pedro de Alc\u00e1ntara, que compadrea con la iglesia, el edificio del ayuntamiento y la torre del Reloj.<\/p>\n\n\n\n<p>El pueblo se edific\u00f3 a las faldas de la<strong> sierra del Pedroso<\/strong>, un lugar con un entorno natural admirable. Los interesados en el senderismo pueden conocerlo a trav\u00e9s de rutas como la que va a la <strong>Pe\u00f1a de los Cenizos<\/strong>. Tiene una longitud de 6 kil\u00f3metros, su grado de dificultad es medio y se completa en dos horas y media.&nbsp;<\/p>\n\n\n<div class=\"wp-block-image\">\n<figure class=\"aligncenter size-large\"><img loading=\"lazy\" decoding=\"async\" width=\"1024\" height=\"683\" src=\"https:\/\/www.escapadarural.com\/blog\/wp-content\/uploads\/2025\/01\/palancar4-1024x683.jpeg\" alt=\"Interior de una celda de El Palancar. Por Interior del convento El Palancar. Por mestock.\" class=\"wp-image-188193\" srcset=\"https:\/\/www.escapadarural.com\/blog\/wp-content\/uploads\/2025\/01\/palancar4-200x133.jpeg 200w, https:\/\/www.escapadarural.com\/blog\/wp-content\/uploads\/2025\/01\/palancar4-300x200.jpeg 300w, https:\/\/www.escapadarural.com\/blog\/wp-content\/uploads\/2025\/01\/palancar4-400x267.jpeg 400w, https:\/\/www.escapadarural.com\/blog\/wp-content\/uploads\/2025\/01\/palancar4-600x400.jpeg 600w, https:\/\/www.escapadarural.com\/blog\/wp-content\/uploads\/2025\/01\/palancar4-768x512.jpeg 768w, https:\/\/www.escapadarural.com\/blog\/wp-content\/uploads\/2025\/01\/palancar4-800x533.jpeg 800w, https:\/\/www.escapadarural.com\/blog\/wp-content\/uploads\/2025\/01\/palancar4-1024x683.jpeg 1024w, https:\/\/www.escapadarural.com\/blog\/wp-content\/uploads\/2025\/01\/palancar4-1200x800.jpeg 1200w, https:\/\/www.escapadarural.com\/blog\/wp-content\/uploads\/2025\/01\/palancar4-1536x1024.jpeg 1536w\" sizes=\"auto, (max-width: 1024px) 100vw, 1024px\" \/><figcaption class=\"wp-element-caption\">Interior de una celda de El Palancar. Por Interior del convento El Palancar. Por mestock.<\/figcaption><\/figure>\n<\/div>\n\n\n<p>Es un camino circular, que parte de la iglesia de Santa Marina, en direcci\u00f3n sur con la torre del Reloj a la izquierda. Toda la ruta est\u00e1 se\u00f1alizada por la Junta de Extremadura y transcurre por pistas forestales que se adentran en pinares, <strong>montes como El Berrocal<\/strong> y ofrecen vistas privilegiadas del pueblo, de los valles de Alag\u00f3n y el Jerte, as\u00ed como de la sierra del Arco. Tambi\u00e9n pasa al lado del monasterio de El Palancar y una ermita consagrada a Santa B\u00e1rbara.<\/p>\n\n\n\n<p>A la vuelta, podemos disfrutar de la <strong><a href=\"https:\/\/www.escapadarural.com\/blog\/platos-tipicos-comunidad-autonoma\/\">gastronom\u00eda<\/a> extreme\u00f1a <\/strong>en alguno de los restaurantes del pueblo o sus alrededores. Es una buena ocasi\u00f3n para descubrir la cachuela, que tambi\u00e9n se conoce como pringue de h\u00edgado o caldillo y, para describirlo r\u00e1pidamente, es una suerte de pat\u00e9 que se extiende sobre pan, muchas veces tostado.&nbsp;<\/p>\n\n\n<div class=\"wp-block-image\">\n<figure class=\"aligncenter size-large\"><img loading=\"lazy\" decoding=\"async\" width=\"683\" height=\"1024\" src=\"https:\/\/www.escapadarural.com\/blog\/wp-content\/uploads\/2025\/01\/palancar5-683x1024.jpeg\" alt=\"San Pedro de Alc\u00e1ntara en Pedroso de Acim. Por  Jos\u00e9 Luis S\u00e1nchez Ma.\" class=\"wp-image-188194\" srcset=\"https:\/\/www.escapadarural.com\/blog\/wp-content\/uploads\/2025\/01\/palancar5-200x300.jpeg 200w, https:\/\/www.escapadarural.com\/blog\/wp-content\/uploads\/2025\/01\/palancar5-400x600.jpeg 400w, https:\/\/www.escapadarural.com\/blog\/wp-content\/uploads\/2025\/01\/palancar5-600x900.jpeg 600w, https:\/\/www.escapadarural.com\/blog\/wp-content\/uploads\/2025\/01\/palancar5-683x1024.jpeg 683w, https:\/\/www.escapadarural.com\/blog\/wp-content\/uploads\/2025\/01\/palancar5-768x1152.jpeg 768w, https:\/\/www.escapadarural.com\/blog\/wp-content\/uploads\/2025\/01\/palancar5-800x1200.jpeg 800w, https:\/\/www.escapadarural.com\/blog\/wp-content\/uploads\/2025\/01\/palancar5-1024x1536.jpeg 1024w, https:\/\/www.escapadarural.com\/blog\/wp-content\/uploads\/2025\/01\/palancar5-1200x1799.jpeg 1200w, https:\/\/www.escapadarural.com\/blog\/wp-content\/uploads\/2025\/01\/palancar5-scaled.jpeg 1366w\" sizes=\"auto, (max-width: 683px) 100vw, 683px\" \/><figcaption class=\"wp-element-caption\">San Pedro de Alc\u00e1ntara en Pedroso de Acim. Por  Jos\u00e9 Luis S\u00e1nchez Ma.<\/figcaption><\/figure>\n<\/div>\n\n\n<p>Tambi\u00e9n es t\u00edpica <strong>la criadilla de tierra<\/strong>, una trufa parecida a la patata que solo se encuentra en Extremadura y Soria, y es complicada de encontrar. Se suele preparar en revuelto o rebozada. Por \u00faltimo, pero no con menos importancia, es necesario recordar la chanfaina: un plato de cordero \u2013incluidos \u00f3rganos como su h\u00edgado o ri\u00f1ones\u2013 que se prepara en forma de caldereta.<\/p>\n","protected":false},"excerpt":{"rendered":"<p>Entre los pueblos de Pedroso de Acim y Grimaldo, en C\u00e1ceres, se encuentra en convento de El Palancar, conocido popularmente como &#8216;el m\u00e1s peque\u00f1o del mundo&#8217;.<\/p>\n","protected":false},"author":114,"featured_media":191690,"comment_status":"open","ping_status":"open","sticky":false,"template":"","format":"standard","meta":{"_acf_changed":false,"om_disable_all_campaigns":false,"footnotes":""},"categories":[231],"tags":[273,2760,243,1236],"class_list":["post-188189","post","type-post","status-publish","format-standard","has-post-thumbnail","hentry","category-arte-y-cultura","tag-que-ver-en-caceres","tag-conventos","tag-que-ver-en-extremadura","tag-iglesias"],"acf":[],"featured_image_src":"https:\/\/www.escapadarural.com\/blog\/wp-content\/uploads\/2025\/01\/AdobeStock_492426287_WP_01.webp","author_info":{"display_name":"Carmen L\u00f3pez","author_link":"https:\/\/www.escapadarural.com\/blog\/autor\/carmenlopez\/"},"yoast_head":"<!-- This site is optimized with the Yoast SEO plugin v27.5 - https:\/\/yoast.com\/product\/yoast-seo-wordpress\/ -->\n<title>El Palancar, \u00bfel convento m\u00e1s peque\u00f1o del mundo?<\/title>\n<meta name=\"description\" content=\"Est\u00e1 considerado como el convento m\u00e1s peque\u00f1o del mundo. Y es que El Palancar, en C\u00e1ceres, es un templo de reducidas dimensiones\" \/>\n<meta name=\"robots\" content=\"index, follow, max-snippet:-1, max-image-preview:large, max-video-preview:-1\" \/>\n<link rel=\"canonical\" href=\"https:\/\/www.escapadarural.com\/blog\/el-palancar-convento-mas-pequeno-del-mundo\/\" \/>\n<meta property=\"og:locale\" content=\"es_ES\" \/>\n<meta property=\"og:type\" content=\"article\" \/>\n<meta property=\"og:title\" content=\"El Palancar, \u00bfel convento m\u00e1s peque\u00f1o del mundo?\" \/>\n<meta property=\"og:description\" content=\"Est\u00e1 considerado como el convento m\u00e1s peque\u00f1o del mundo. Y es que El Palancar, en C\u00e1ceres, es un templo de reducidas dimensiones\" \/>\n<meta property=\"og:url\" content=\"https:\/\/www.escapadarural.com\/blog\/el-palancar-convento-mas-pequeno-del-mundo\/\" \/>\n<meta property=\"og:site_name\" content=\"Magazine de viajes de EscapadaRural\" \/>\n<meta property=\"article:publisher\" content=\"https:\/\/www.facebook.com\/escapadarural\" \/>\n<meta property=\"article:published_time\" content=\"2025-01-30T10:22:42+00:00\" \/>\n<meta property=\"article:modified_time\" content=\"2025-01-30T10:22:49+00:00\" \/>\n<meta property=\"og:image\" content=\"https:\/\/www.escapadarural.com\/blog\/wp-content\/uploads\/2025\/01\/AdobeStock_492426287_WP_01.webp\" \/>\n\t<meta property=\"og:image:width\" content=\"1024\" \/>\n\t<meta property=\"og:image:height\" content=\"803\" \/>\n\t<meta property=\"og:image:type\" content=\"image\/webp\" \/>\n<meta name=\"author\" content=\"Carmen L\u00f3pez\" \/>\n<meta name=\"twitter:card\" content=\"summary_large_image\" \/>\n<meta name=\"twitter:label1\" content=\"Escrito por\" \/>\n\t<meta name=\"twitter:data1\" content=\"Carmen L\u00f3pez\" \/>\n\t<meta name=\"twitter:label2\" content=\"Tiempo de lectura\" \/>\n\t<meta name=\"twitter:data2\" content=\"7 minutos\" \/>\n<script type=\"application\/ld+json\" class=\"yoast-schema-graph\">{\"@context\":\"https:\\\/\\\/schema.org\",\"@graph\":[{\"@type\":\"Article\",\"@id\":\"https:\\\/\\\/www.escapadarural.com\\\/blog\\\/el-palancar-convento-mas-pequeno-del-mundo\\\/#article\",\"isPartOf\":{\"@id\":\"https:\\\/\\\/www.escapadarural.com\\\/blog\\\/el-palancar-convento-mas-pequeno-del-mundo\\\/\"},\"author\":{\"name\":\"Carmen L\u00f3pez\",\"@id\":\"https:\\\/\\\/www.escapadarural.com\\\/blog\\\/#\\\/schema\\\/person\\\/42dfdff6118172efc6a04c8ae599a2ce\"},\"headline\":\"El Palancar, \u00bfel convento m\u00e1s peque\u00f1o del mundo?\",\"datePublished\":\"2025-01-30T10:22:42+00:00\",\"dateModified\":\"2025-01-30T10:22:49+00:00\",\"mainEntityOfPage\":{\"@id\":\"https:\\\/\\\/www.escapadarural.com\\\/blog\\\/el-palancar-convento-mas-pequeno-del-mundo\\\/\"},\"wordCount\":1116,\"commentCount\":0,\"publisher\":{\"@id\":\"https:\\\/\\\/www.escapadarural.com\\\/blog\\\/#organization\"},\"image\":{\"@id\":\"https:\\\/\\\/www.escapadarural.com\\\/blog\\\/el-palancar-convento-mas-pequeno-del-mundo\\\/#primaryimage\"},\"thumbnailUrl\":\"https:\\\/\\\/www.escapadarural.com\\\/blog\\\/wp-content\\\/uploads\\\/2025\\\/01\\\/AdobeStock_492426287_WP_01.webp\",\"keywords\":[\"C\u00e1ceres\",\"conventos\",\"Extremadura\",\"Iglesias\"],\"articleSection\":[\"Arte y Cultura\"],\"inLanguage\":\"es\",\"potentialAction\":[{\"@type\":\"CommentAction\",\"name\":\"Comment\",\"target\":[\"https:\\\/\\\/www.escapadarural.com\\\/blog\\\/el-palancar-convento-mas-pequeno-del-mundo\\\/#respond\"]}]},{\"@type\":\"WebPage\",\"@id\":\"https:\\\/\\\/www.escapadarural.com\\\/blog\\\/el-palancar-convento-mas-pequeno-del-mundo\\\/\",\"url\":\"https:\\\/\\\/www.escapadarural.com\\\/blog\\\/el-palancar-convento-mas-pequeno-del-mundo\\\/\",\"name\":\"El Palancar, \u00bfel convento m\u00e1s peque\u00f1o del mundo?\",\"isPartOf\":{\"@id\":\"https:\\\/\\\/www.escapadarural.com\\\/blog\\\/#website\"},\"primaryImageOfPage\":{\"@id\":\"https:\\\/\\\/www.escapadarural.com\\\/blog\\\/el-palancar-convento-mas-pequeno-del-mundo\\\/#primaryimage\"},\"image\":{\"@id\":\"https:\\\/\\\/www.escapadarural.com\\\/blog\\\/el-palancar-convento-mas-pequeno-del-mundo\\\/#primaryimage\"},\"thumbnailUrl\":\"https:\\\/\\\/www.escapadarural.com\\\/blog\\\/wp-content\\\/uploads\\\/2025\\\/01\\\/AdobeStock_492426287_WP_01.webp\",\"datePublished\":\"2025-01-30T10:22:42+00:00\",\"dateModified\":\"2025-01-30T10:22:49+00:00\",\"description\":\"Est\u00e1 considerado como el convento m\u00e1s peque\u00f1o del mundo. Y es que El Palancar, en C\u00e1ceres, es un templo de reducidas dimensiones\",\"breadcrumb\":{\"@id\":\"https:\\\/\\\/www.escapadarural.com\\\/blog\\\/el-palancar-convento-mas-pequeno-del-mundo\\\/#breadcrumb\"},\"inLanguage\":\"es\",\"potentialAction\":[{\"@type\":\"ReadAction\",\"target\":[\"https:\\\/\\\/www.escapadarural.com\\\/blog\\\/el-palancar-convento-mas-pequeno-del-mundo\\\/\"]}]},{\"@type\":\"ImageObject\",\"inLanguage\":\"es\",\"@id\":\"https:\\\/\\\/www.escapadarural.com\\\/blog\\\/el-palancar-convento-mas-pequeno-del-mundo\\\/#primaryimage\",\"url\":\"https:\\\/\\\/www.escapadarural.com\\\/blog\\\/wp-content\\\/uploads\\\/2025\\\/01\\\/AdobeStock_492426287_WP_01.webp\",\"contentUrl\":\"https:\\\/\\\/www.escapadarural.com\\\/blog\\\/wp-content\\\/uploads\\\/2025\\\/01\\\/AdobeStock_492426287_WP_01.webp\",\"width\":1024,\"height\":803,\"caption\":\"Claustro del Convento de Nuestra Se\u00f1ora de la Concepci\u00f3n. Por joserpizarro\"},{\"@type\":\"BreadcrumbList\",\"@id\":\"https:\\\/\\\/www.escapadarural.com\\\/blog\\\/el-palancar-convento-mas-pequeno-del-mundo\\\/#breadcrumb\",\"itemListElement\":[{\"@type\":\"ListItem\",\"position\":1,\"name\":\"Inicio\",\"item\":\"https:\\\/\\\/www.escapadarural.com\\\/blog\\\/\"},{\"@type\":\"ListItem\",\"position\":2,\"name\":\"Arte y Cultura\",\"item\":\"https:\\\/\\\/www.escapadarural.com\\\/blog\\\/categoria\\\/arte-y-cultura\\\/\"},{\"@type\":\"ListItem\",\"position\":3,\"name\":\"El Palancar, \u00bfel convento m\u00e1s peque\u00f1o del mundo?\"}]},{\"@type\":\"WebSite\",\"@id\":\"https:\\\/\\\/www.escapadarural.com\\\/blog\\\/#website\",\"url\":\"https:\\\/\\\/www.escapadarural.com\\\/blog\\\/\",\"name\":\"Blog de viajes | turismo rural, alojamientos e inspiraci\u00f3n\",\"description\":\"Alojamientos rurales e inspiraci\u00f3n para tus escapadas\",\"publisher\":{\"@id\":\"https:\\\/\\\/www.escapadarural.com\\\/blog\\\/#organization\"},\"alternateName\":\"Magazine de viajes de EscapadaRural\",\"potentialAction\":[{\"@type\":\"SearchAction\",\"target\":{\"@type\":\"EntryPoint\",\"urlTemplate\":\"https:\\\/\\\/www.escapadarural.com\\\/blog\\\/?s={search_term_string}\"},\"query-input\":{\"@type\":\"PropertyValueSpecification\",\"valueRequired\":true,\"valueName\":\"search_term_string\"}}],\"inLanguage\":\"es\"},{\"@type\":\"Organization\",\"@id\":\"https:\\\/\\\/www.escapadarural.com\\\/blog\\\/#organization\",\"name\":\"EscapadaRural\",\"url\":\"https:\\\/\\\/www.escapadarural.com\\\/blog\\\/\",\"logo\":{\"@type\":\"ImageObject\",\"inLanguage\":\"es\",\"@id\":\"https:\\\/\\\/www.escapadarural.com\\\/blog\\\/#\\\/schema\\\/logo\\\/image\\\/\",\"url\":\"https:\\\/\\\/www.escapadarural.com\\\/blog\\\/wp-content\\\/uploads\\\/2024\\\/10\\\/cropped-cropped-escapada-rural-icon-mag-3.png\",\"contentUrl\":\"https:\\\/\\\/www.escapadarural.com\\\/blog\\\/wp-content\\\/uploads\\\/2024\\\/10\\\/cropped-cropped-escapada-rural-icon-mag-3.png\",\"width\":512,\"height\":512,\"caption\":\"EscapadaRural\"},\"image\":{\"@id\":\"https:\\\/\\\/www.escapadarural.com\\\/blog\\\/#\\\/schema\\\/logo\\\/image\\\/\"},\"sameAs\":[\"https:\\\/\\\/www.facebook.com\\\/escapadarural\",\"https:\\\/\\\/www.instagram.com\\\/escapadarural\\\/\",\"https:\\\/\\\/www.youtube.com\\\/@escapadaruralcom\"]},{\"@type\":\"Person\",\"@id\":\"https:\\\/\\\/www.escapadarural.com\\\/blog\\\/#\\\/schema\\\/person\\\/42dfdff6118172efc6a04c8ae599a2ce\",\"name\":\"Carmen L\u00f3pez\",\"image\":{\"@type\":\"ImageObject\",\"inLanguage\":\"es\",\"@id\":\"https:\\\/\\\/www.escapadarural.com\\\/blog\\\/wp-content\\\/uploads\\\/2024\\\/11\\\/cropped-perfil_eldiario-96x96-1-96x96.jpeg\",\"url\":\"https:\\\/\\\/www.escapadarural.com\\\/blog\\\/wp-content\\\/uploads\\\/2024\\\/11\\\/cropped-perfil_eldiario-96x96-1-96x96.jpeg\",\"contentUrl\":\"https:\\\/\\\/www.escapadarural.com\\\/blog\\\/wp-content\\\/uploads\\\/2024\\\/11\\\/cropped-perfil_eldiario-96x96-1-96x96.jpeg\",\"caption\":\"Carmen L\u00f3pez\"},\"description\":\"Soy periodista y escribo sobre cosas que importan en sitios que interesan desde hace m\u00e1s de una d\u00e9cada.\",\"url\":\"https:\\\/\\\/www.escapadarural.com\\\/blog\\\/autor\\\/carmenlopez\\\/\"}]}<\/script>\n<!-- \/ Yoast SEO plugin. -->","yoast_head_json":{"title":"El Palancar, \u00bfel convento m\u00e1s peque\u00f1o del mundo?","description":"Est\u00e1 considerado como el convento m\u00e1s peque\u00f1o del mundo. Y es que El Palancar, en C\u00e1ceres, es un templo de reducidas dimensiones","robots":{"index":"index","follow":"follow","max-snippet":"max-snippet:-1","max-image-preview":"max-image-preview:large","max-video-preview":"max-video-preview:-1"},"canonical":"https:\/\/www.escapadarural.com\/blog\/el-palancar-convento-mas-pequeno-del-mundo\/","og_locale":"es_ES","og_type":"article","og_title":"El Palancar, \u00bfel convento m\u00e1s peque\u00f1o del mundo?","og_description":"Est\u00e1 considerado como el convento m\u00e1s peque\u00f1o del mundo. Y es que El Palancar, en C\u00e1ceres, es un templo de reducidas dimensiones","og_url":"https:\/\/www.escapadarural.com\/blog\/el-palancar-convento-mas-pequeno-del-mundo\/","og_site_name":"Magazine de viajes de EscapadaRural","article_publisher":"https:\/\/www.facebook.com\/escapadarural","article_published_time":"2025-01-30T10:22:42+00:00","article_modified_time":"2025-01-30T10:22:49+00:00","og_image":[{"width":1024,"height":803,"url":"https:\/\/www.escapadarural.com\/blog\/wp-content\/uploads\/2025\/01\/AdobeStock_492426287_WP_01.webp","type":"image\/webp"}],"author":"Carmen L\u00f3pez","twitter_card":"summary_large_image","twitter_misc":{"Escrito por":"Carmen L\u00f3pez","Tiempo de lectura":"7 minutos"},"schema":{"@context":"https:\/\/schema.org","@graph":[{"@type":"Article","@id":"https:\/\/www.escapadarural.com\/blog\/el-palancar-convento-mas-pequeno-del-mundo\/#article","isPartOf":{"@id":"https:\/\/www.escapadarural.com\/blog\/el-palancar-convento-mas-pequeno-del-mundo\/"},"author":{"name":"Carmen L\u00f3pez","@id":"https:\/\/www.escapadarural.com\/blog\/#\/schema\/person\/42dfdff6118172efc6a04c8ae599a2ce"},"headline":"El Palancar, \u00bfel convento m\u00e1s peque\u00f1o del mundo?","datePublished":"2025-01-30T10:22:42+00:00","dateModified":"2025-01-30T10:22:49+00:00","mainEntityOfPage":{"@id":"https:\/\/www.escapadarural.com\/blog\/el-palancar-convento-mas-pequeno-del-mundo\/"},"wordCount":1116,"commentCount":0,"publisher":{"@id":"https:\/\/www.escapadarural.com\/blog\/#organization"},"image":{"@id":"https:\/\/www.escapadarural.com\/blog\/el-palancar-convento-mas-pequeno-del-mundo\/#primaryimage"},"thumbnailUrl":"https:\/\/www.escapadarural.com\/blog\/wp-content\/uploads\/2025\/01\/AdobeStock_492426287_WP_01.webp","keywords":["C\u00e1ceres","conventos","Extremadura","Iglesias"],"articleSection":["Arte y Cultura"],"inLanguage":"es","potentialAction":[{"@type":"CommentAction","name":"Comment","target":["https:\/\/www.escapadarural.com\/blog\/el-palancar-convento-mas-pequeno-del-mundo\/#respond"]}]},{"@type":"WebPage","@id":"https:\/\/www.escapadarural.com\/blog\/el-palancar-convento-mas-pequeno-del-mundo\/","url":"https:\/\/www.escapadarural.com\/blog\/el-palancar-convento-mas-pequeno-del-mundo\/","name":"El Palancar, \u00bfel convento m\u00e1s peque\u00f1o del mundo?","isPartOf":{"@id":"https:\/\/www.escapadarural.com\/blog\/#website"},"primaryImageOfPage":{"@id":"https:\/\/www.escapadarural.com\/blog\/el-palancar-convento-mas-pequeno-del-mundo\/#primaryimage"},"image":{"@id":"https:\/\/www.escapadarural.com\/blog\/el-palancar-convento-mas-pequeno-del-mundo\/#primaryimage"},"thumbnailUrl":"https:\/\/www.escapadarural.com\/blog\/wp-content\/uploads\/2025\/01\/AdobeStock_492426287_WP_01.webp","datePublished":"2025-01-30T10:22:42+00:00","dateModified":"2025-01-30T10:22:49+00:00","description":"Est\u00e1 considerado como el convento m\u00e1s peque\u00f1o del mundo. Y es que El Palancar, en C\u00e1ceres, es un templo de reducidas dimensiones","breadcrumb":{"@id":"https:\/\/www.escapadarural.com\/blog\/el-palancar-convento-mas-pequeno-del-mundo\/#breadcrumb"},"inLanguage":"es","potentialAction":[{"@type":"ReadAction","target":["https:\/\/www.escapadarural.com\/blog\/el-palancar-convento-mas-pequeno-del-mundo\/"]}]},{"@type":"ImageObject","inLanguage":"es","@id":"https:\/\/www.escapadarural.com\/blog\/el-palancar-convento-mas-pequeno-del-mundo\/#primaryimage","url":"https:\/\/www.escapadarural.com\/blog\/wp-content\/uploads\/2025\/01\/AdobeStock_492426287_WP_01.webp","contentUrl":"https:\/\/www.escapadarural.com\/blog\/wp-content\/uploads\/2025\/01\/AdobeStock_492426287_WP_01.webp","width":1024,"height":803,"caption":"Claustro del Convento de Nuestra Se\u00f1ora de la Concepci\u00f3n. Por joserpizarro"},{"@type":"BreadcrumbList","@id":"https:\/\/www.escapadarural.com\/blog\/el-palancar-convento-mas-pequeno-del-mundo\/#breadcrumb","itemListElement":[{"@type":"ListItem","position":1,"name":"Inicio","item":"https:\/\/www.escapadarural.com\/blog\/"},{"@type":"ListItem","position":2,"name":"Arte y Cultura","item":"https:\/\/www.escapadarural.com\/blog\/categoria\/arte-y-cultura\/"},{"@type":"ListItem","position":3,"name":"El Palancar, \u00bfel convento m\u00e1s peque\u00f1o del mundo?"}]},{"@type":"WebSite","@id":"https:\/\/www.escapadarural.com\/blog\/#website","url":"https:\/\/www.escapadarural.com\/blog\/","name":"Blog de viajes | turismo rural, alojamientos e inspiraci\u00f3n","description":"Alojamientos rurales e inspiraci\u00f3n para tus escapadas","publisher":{"@id":"https:\/\/www.escapadarural.com\/blog\/#organization"},"alternateName":"Magazine de viajes de EscapadaRural","potentialAction":[{"@type":"SearchAction","target":{"@type":"EntryPoint","urlTemplate":"https:\/\/www.escapadarural.com\/blog\/?s={search_term_string}"},"query-input":{"@type":"PropertyValueSpecification","valueRequired":true,"valueName":"search_term_string"}}],"inLanguage":"es"},{"@type":"Organization","@id":"https:\/\/www.escapadarural.com\/blog\/#organization","name":"EscapadaRural","url":"https:\/\/www.escapadarural.com\/blog\/","logo":{"@type":"ImageObject","inLanguage":"es","@id":"https:\/\/www.escapadarural.com\/blog\/#\/schema\/logo\/image\/","url":"https:\/\/www.escapadarural.com\/blog\/wp-content\/uploads\/2024\/10\/cropped-cropped-escapada-rural-icon-mag-3.png","contentUrl":"https:\/\/www.escapadarural.com\/blog\/wp-content\/uploads\/2024\/10\/cropped-cropped-escapada-rural-icon-mag-3.png","width":512,"height":512,"caption":"EscapadaRural"},"image":{"@id":"https:\/\/www.escapadarural.com\/blog\/#\/schema\/logo\/image\/"},"sameAs":["https:\/\/www.facebook.com\/escapadarural","https:\/\/www.instagram.com\/escapadarural\/","https:\/\/www.youtube.com\/@escapadaruralcom"]},{"@type":"Person","@id":"https:\/\/www.escapadarural.com\/blog\/#\/schema\/person\/42dfdff6118172efc6a04c8ae599a2ce","name":"Carmen L\u00f3pez","image":{"@type":"ImageObject","inLanguage":"es","@id":"https:\/\/www.escapadarural.com\/blog\/wp-content\/uploads\/2024\/11\/cropped-perfil_eldiario-96x96-1-96x96.jpeg","url":"https:\/\/www.escapadarural.com\/blog\/wp-content\/uploads\/2024\/11\/cropped-perfil_eldiario-96x96-1-96x96.jpeg","contentUrl":"https:\/\/www.escapadarural.com\/blog\/wp-content\/uploads\/2024\/11\/cropped-perfil_eldiario-96x96-1-96x96.jpeg","caption":"Carmen L\u00f3pez"},"description":"Soy periodista y escribo sobre cosas que importan en sitios que interesan desde hace m\u00e1s de una d\u00e9cada.","url":"https:\/\/www.escapadarural.com\/blog\/autor\/carmenlopez\/"}]}},"_links":{"self":[{"href":"https:\/\/www.escapadarural.com\/blog\/wp-json\/wp\/v2\/posts\/188189","targetHints":{"allow":["GET"]}}],"collection":[{"href":"https:\/\/www.escapadarural.com\/blog\/wp-json\/wp\/v2\/posts"}],"about":[{"href":"https:\/\/www.escapadarural.com\/blog\/wp-json\/wp\/v2\/types\/post"}],"author":[{"embeddable":true,"href":"https:\/\/www.escapadarural.com\/blog\/wp-json\/wp\/v2\/users\/114"}],"replies":[{"embeddable":true,"href":"https:\/\/www.escapadarural.com\/blog\/wp-json\/wp\/v2\/comments?post=188189"}],"version-history":[{"count":0,"href":"https:\/\/www.escapadarural.com\/blog\/wp-json\/wp\/v2\/posts\/188189\/revisions"}],"wp:featuredmedia":[{"embeddable":true,"href":"https:\/\/www.escapadarural.com\/blog\/wp-json\/wp\/v2\/media\/191690"}],"wp:attachment":[{"href":"https:\/\/www.escapadarural.com\/blog\/wp-json\/wp\/v2\/media?parent=188189"}],"wp:term":[{"taxonomy":"category","embeddable":true,"href":"https:\/\/www.escapadarural.com\/blog\/wp-json\/wp\/v2\/categories?post=188189"},{"taxonomy":"post_tag","embeddable":true,"href":"https:\/\/www.escapadarural.com\/blog\/wp-json\/wp\/v2\/tags?post=188189"}],"curies":[{"name":"wp","href":"https:\/\/api.w.org\/{rel}","templated":true}]}}