{"id":191998,"date":"2025-02-12T09:00:00","date_gmt":"2025-02-12T07:00:00","guid":{"rendered":"https:\/\/www.escapadarural.com\/blog\/?p=191998"},"modified":"2025-02-11T17:26:36","modified_gmt":"2025-02-11T15:26:36","slug":"ruta-al-castillo-de-la-popa-barcelona","status":"publish","type":"post","link":"https:\/\/www.escapadarural.com\/blog\/ruta-al-castillo-de-la-popa-barcelona\/","title":{"rendered":"Ruta al castillo de La Popa, la fortaleza medieval sobre una roca"},"content":{"rendered":"\n<figure class=\"wp-block-image size-full\"><img loading=\"lazy\" decoding=\"async\" width=\"1024\" height=\"683\" src=\"https:\/\/www.escapadarural.com\/blog\/wp-content\/uploads\/2025\/02\/AdobeStock_210128332_WP_03.webp\" alt=\"Castillo de La Popa de Castellcir\" class=\"wp-image-192021\" srcset=\"https:\/\/www.escapadarural.com\/blog\/wp-content\/uploads\/2025\/02\/AdobeStock_210128332_WP_03-200x133.webp 200w, https:\/\/www.escapadarural.com\/blog\/wp-content\/uploads\/2025\/02\/AdobeStock_210128332_WP_03-300x200.webp 300w, https:\/\/www.escapadarural.com\/blog\/wp-content\/uploads\/2025\/02\/AdobeStock_210128332_WP_03-400x267.webp 400w, https:\/\/www.escapadarural.com\/blog\/wp-content\/uploads\/2025\/02\/AdobeStock_210128332_WP_03-600x400.webp 600w, https:\/\/www.escapadarural.com\/blog\/wp-content\/uploads\/2025\/02\/AdobeStock_210128332_WP_03-768x512.webp 768w, https:\/\/www.escapadarural.com\/blog\/wp-content\/uploads\/2025\/02\/AdobeStock_210128332_WP_03-800x534.webp 800w, https:\/\/www.escapadarural.com\/blog\/wp-content\/uploads\/2025\/02\/AdobeStock_210128332_WP_03.webp 1024w\" sizes=\"auto, (max-width: 1024px) 100vw, 1024px\" \/><figcaption class=\"wp-element-caption\">Castillo de La Popa de Castellcir. Por justinessy\n<\/figcaption><\/figure>\n\n\n\n<p>Que Espa\u00f1a es tierra de <a href=\"https:\/\/www.escapadarural.com\/blog\/castillos-donde-dormir\/\">castillos<\/a> creo que lo hemos mencionado ya unas cuantas veces. Seg\u00fan la Asociaci\u00f3n Espa\u00f1ola de Amigos de los Castillos, hay contabilizados <strong>m\u00e1s de 10.000 repartidos por todo el territorio<\/strong>. Cada uno de ellos tiene sus peculiaridades pero, \u00bfalguna vez has visto alguno en lo alto de una roca con forma de barco? El <strong>castillo de La Popa<\/strong>, situado en Castellcir, a solo una hora de <a href=\"\/casas-rurales\/barcelona\">Barcelona<\/a> capital, se llama as\u00ed porque desde abajo parece la parte trasera de una embarcaci\u00f3n.\u00a0<\/p>\n\n\n\n<p>Esta fortaleza <a href=\"https:\/\/www.escapadarural.com\/blog\/planes-para-disfrutar-en-estos-destinos-medievales\/\">medieval<\/a> <strong>fue levantada en el siglo XI<\/strong>. Lamentablemente, est\u00e1 bastante deteriorada, aunque lo que llama la atenci\u00f3n es su emplazamiento: en medio de la naturaleza y con unas incre\u00edbles vistas al <a href=\"https:\/\/www.escapadarural.com\/blog\/rutas-en-el-montseny\/\">Montseny<\/a>. Si te gusta la historia, la arquitectura medieval y la aventura, qu\u00e9date, este lugar te va a flipar.&nbsp;<\/p>\n\n\n\n<div class=\"wp-block-buttons is-layout-flex wp-block-buttons-is-layout-flex\">\n<div class=\"wp-block-button\"><a class=\"wp-block-button__link wp-element-button\" href=\"\/casas-rurales\/castellcir\">Alojamientos rurales en Castellcir<\/a><\/div>\n<\/div>\n\n\n\n<h2 class=\"wp-block-heading\" id=\"h-un-castillo-y-una-capilla-unicos\">Un castillo y una capilla \u00fanicos<\/h2>\n\n\n\n<figure class=\"wp-block-image size-full\"><img loading=\"lazy\" decoding=\"async\" width=\"1024\" height=\"682\" src=\"https:\/\/www.escapadarural.com\/blog\/wp-content\/uploads\/2025\/02\/AdobeStock_446090621_WP_05.webp\" alt=\"Castillo de La Popa de Castellcir\" class=\"wp-image-192023\" srcset=\"https:\/\/www.escapadarural.com\/blog\/wp-content\/uploads\/2025\/02\/AdobeStock_446090621_WP_05-200x133.webp 200w, https:\/\/www.escapadarural.com\/blog\/wp-content\/uploads\/2025\/02\/AdobeStock_446090621_WP_05-300x200.webp 300w, https:\/\/www.escapadarural.com\/blog\/wp-content\/uploads\/2025\/02\/AdobeStock_446090621_WP_05-400x266.webp 400w, https:\/\/www.escapadarural.com\/blog\/wp-content\/uploads\/2025\/02\/AdobeStock_446090621_WP_05-600x400.webp 600w, https:\/\/www.escapadarural.com\/blog\/wp-content\/uploads\/2025\/02\/AdobeStock_446090621_WP_05-768x512.webp 768w, https:\/\/www.escapadarural.com\/blog\/wp-content\/uploads\/2025\/02\/AdobeStock_446090621_WP_05-800x533.webp 800w, https:\/\/www.escapadarural.com\/blog\/wp-content\/uploads\/2025\/02\/AdobeStock_446090621_WP_05.webp 1024w\" sizes=\"auto, (max-width: 1024px) 100vw, 1024px\" \/><figcaption class=\"wp-element-caption\">Castillo de La Popa de Castellcir antes de su abandono total. Por carles<\/figcaption><\/figure>\n\n\n\n<p>Tambi\u00e9n conocido como el castillo de Castellcir, La Popa fue <strong>levantado para dominar y defender el valle del arroyo del Tenes<\/strong>. Sus or\u00edgenes no est\u00e1n del todo claros, aunque seg\u00fan el <a href=\"https:\/\/patrimonicultural.diba.cat\/element\/castell-de-castellcir\" target=\"_blank\" rel=\"noreferrer noopener nofollow\">Inventario del Patrimonio Arquitect\u00f3nico de Catalu\u00f1a<\/a>, est\u00e1 documentado desde el a\u00f1o 1014.&nbsp;<\/p>\n\n\n\n<p>Su principal caracter\u00edstica es que est\u00e1 situado en un lugar bastante inusual: <strong>sobre un promontorio rocoso en forma de barco<\/strong> con 100 metros de largo y no m\u00e1s de 7 metros en su parte m\u00e1s ancha. Al parecer, seg\u00fan la p\u00e1gina web de <a href=\"https:\/\/listaroja.hispanianostra.org\/ficha\/castell-castellcir-castill-la-popa\/\" target=\"_blank\" rel=\"noreferrer noopener nofollow\">Hispania Nostra<\/a>, \u201clas edificaciones <strong>carecen de cimientos<\/strong> por su ubicaci\u00f3n, pero s\u00ed aparece la creaci\u00f3n de contrafuertes para asegurar la estabilidad de las edificaciones construidas en los salientes\u201d.\u00a0<\/p>\n\n\n\n<figure class=\"wp-block-image size-large\"><img loading=\"lazy\" decoding=\"async\" width=\"681\" height=\"1024\" src=\"https:\/\/www.escapadarural.com\/blog\/wp-content\/uploads\/2025\/02\/AdobeStock_445432382_WP_04-681x1024.webp\" alt=\"Castillo de La Popa\" class=\"wp-image-192022\" srcset=\"https:\/\/www.escapadarural.com\/blog\/wp-content\/uploads\/2025\/02\/AdobeStock_445432382_WP_04-200x301.webp 200w, https:\/\/www.escapadarural.com\/blog\/wp-content\/uploads\/2025\/02\/AdobeStock_445432382_WP_04-400x601.webp 400w, https:\/\/www.escapadarural.com\/blog\/wp-content\/uploads\/2025\/02\/AdobeStock_445432382_WP_04-600x902.webp 600w, https:\/\/www.escapadarural.com\/blog\/wp-content\/uploads\/2025\/02\/AdobeStock_445432382_WP_04-681x1024.webp 681w, https:\/\/www.escapadarural.com\/blog\/wp-content\/uploads\/2025\/02\/AdobeStock_445432382_WP_04-768x1154.webp 768w, https:\/\/www.escapadarural.com\/blog\/wp-content\/uploads\/2025\/02\/AdobeStock_445432382_WP_04-800x1202.webp 800w, https:\/\/www.escapadarural.com\/blog\/wp-content\/uploads\/2025\/02\/AdobeStock_445432382_WP_04-1022x1536.webp 1022w, https:\/\/www.escapadarural.com\/blog\/wp-content\/uploads\/2025\/02\/AdobeStock_445432382_WP_04.webp 1024w\" sizes=\"auto, (max-width: 681px) 100vw, 681px\" \/><figcaption class=\"wp-element-caption\">Castillo de La Popa. Por carles<\/figcaption><\/figure>\n\n\n\n<p>En el siglo XI, la fortaleza estaba ocupada por la <strong>familia Castellcir<\/strong>, nombre por el que se conoce este municipio catal\u00e1n de la <strong>comarca de Moian\u00e8s<\/strong>. All\u00ed residieron, no sin pol\u00e9micas, hasta el siglo XIV, cuando el linaje desapareci\u00f3 debido a la peste negra.&nbsp;<\/p>\n\n\n<div style=\"border: 3px solid #000000; border-radius: 0%; background-color: inherit; \" class=\"ub-styled-box ub-bordered-box wp-block-ub-styled-box\" id=\"ub-styled-box-f9db0224-d334-40d3-b0fa-91349922efe9\">\n<p id=\"ub-styled-box-bordered-content-\"><strong>Leyenda:\u00a0<\/strong><\/p>\n\n\n\n<p>Seg\u00fan el Patrimonio Cultural, Gerard de Castellcir mat\u00f3 al p\u00e1rroco del pueblo <strong>lanz\u00e1ndole una flecha desde el castillo<\/strong> mientras daba misa. Arrepentido, Castellcir se fue a Roma a rogar el perd\u00f3n del Papa. Este le absolvi\u00f3 a cambio de que construyera en su pueblo una iglesia, pero que \u00e9l no pudiera verla desde su castillo. Ese nuevo templo fue Sant Andreu de Castellcir.\u00a0<\/p>\n\n\n<\/div>\n\n\n<p>A ra\u00edz de la muerte de la familia Castellcir, el dominio <strong>pas\u00f3 por diferentes manos<\/strong> como los Planella y los marqueses de Castellbell. Estos \u00faltimos, seg\u00fan la informaci\u00f3n publicada por el Inventario del Patrimonio Arquitect\u00f3nico de Catalu\u00f1a, lo vendieron en 1942.&nbsp;<\/p>\n\n\n\n<p>Posteriormente, tanto el castillo como la capilla formaron<strong> parte de una granja hasta su abandono<\/strong>, en el siglo XX. Hoy, sobre la roca solo quedan algunos de los restos, tanto de las murallas como de la fortificaci\u00f3n. La vegetaci\u00f3n en la zona es abundante, aunque debido al paso de senderistas es posible seguir el camino que llega hasta sus pies.&nbsp;<\/p>\n\n\n\n<h2 class=\"wp-block-heading\" id=\"h-patrimonio-en-peligro-de-extincion\">Patrimonio en peligro de extinci\u00f3n<\/h2>\n\n\n\n<figure class=\"wp-block-image size-full\"><img loading=\"lazy\" decoding=\"async\" width=\"1024\" height=\"683\" src=\"https:\/\/www.escapadarural.com\/blog\/wp-content\/uploads\/2025\/02\/AdobeStock_210124612_WP_02.webp\" alt=\"Estado actual del castillo de Castellcir\" class=\"wp-image-192020\" srcset=\"https:\/\/www.escapadarural.com\/blog\/wp-content\/uploads\/2025\/02\/AdobeStock_210124612_WP_02-200x133.webp 200w, https:\/\/www.escapadarural.com\/blog\/wp-content\/uploads\/2025\/02\/AdobeStock_210124612_WP_02-300x200.webp 300w, https:\/\/www.escapadarural.com\/blog\/wp-content\/uploads\/2025\/02\/AdobeStock_210124612_WP_02-400x267.webp 400w, https:\/\/www.escapadarural.com\/blog\/wp-content\/uploads\/2025\/02\/AdobeStock_210124612_WP_02-600x400.webp 600w, https:\/\/www.escapadarural.com\/blog\/wp-content\/uploads\/2025\/02\/AdobeStock_210124612_WP_02-768x512.webp 768w, https:\/\/www.escapadarural.com\/blog\/wp-content\/uploads\/2025\/02\/AdobeStock_210124612_WP_02-800x534.webp 800w, https:\/\/www.escapadarural.com\/blog\/wp-content\/uploads\/2025\/02\/AdobeStock_210124612_WP_02.webp 1024w\" sizes=\"auto, (max-width: 1024px) 100vw, 1024px\" \/><figcaption class=\"wp-element-caption\">Estado actual del castillo de Castellcir. Por justinessy.<\/figcaption><\/figure>\n\n\n\n<p>Desde junio de 2019, el castillo de La Popa de Castellcir est\u00e1 dentro de la <strong>lista roja de Hispania Nostra<\/strong>. Una asociaci\u00f3n no lucrativa, declarada de utilidad p\u00fablica, que vela por defender, salvaguardar y poner en valor el patrimonio cultural y natural de Espa\u00f1a.&nbsp;<\/p>\n\n\n\n<p>Tal y como se puede leer en su web oficial, las razones por las que fue incluida en el listado se debe, principalmente, a la \u201cevidente falta de intervenci\u00f3n para su consolidaci\u00f3n\u201d. En el <strong>castillo de La Popa<\/strong> se puede observar un \u201calto nivel de degradaci\u00f3n en un periodo aproximado de 70-80 a\u00f1os\u201d. Asimismo, \u201cse observan elementos con peligro de derrumbe\u201d.<\/p>\n\n\n\n<p>Debido a su <strong>estado ruinoso<\/strong>, desde 2024 el acceso al interior del castillo y a la antigua iglesia de Sant Mart\u00ed de la Roca est\u00e1 cerrado.&nbsp;<\/p>\n\n\n\n<h2 class=\"wp-block-heading\" id=\"h-como-llegar-al-castillo-de-la-popa\">C\u00f3mo llegar al castillo de La Popa<\/h2>\n\n\n\n<figure class=\"wp-block-image size-full\"><img loading=\"lazy\" decoding=\"async\" width=\"1024\" height=\"688\" src=\"https:\/\/www.escapadarural.com\/blog\/wp-content\/uploads\/2025\/02\/AdobeStock_210123944_WP_01.webp\" alt=\"Ruta al castillo de La Popa\" class=\"wp-image-192019\" srcset=\"https:\/\/www.escapadarural.com\/blog\/wp-content\/uploads\/2025\/02\/AdobeStock_210123944_WP_01-200x134.webp 200w, https:\/\/www.escapadarural.com\/blog\/wp-content\/uploads\/2025\/02\/AdobeStock_210123944_WP_01-300x202.webp 300w, https:\/\/www.escapadarural.com\/blog\/wp-content\/uploads\/2025\/02\/AdobeStock_210123944_WP_01-400x269.webp 400w, https:\/\/www.escapadarural.com\/blog\/wp-content\/uploads\/2025\/02\/AdobeStock_210123944_WP_01-600x403.webp 600w, https:\/\/www.escapadarural.com\/blog\/wp-content\/uploads\/2025\/02\/AdobeStock_210123944_WP_01-768x516.webp 768w, https:\/\/www.escapadarural.com\/blog\/wp-content\/uploads\/2025\/02\/AdobeStock_210123944_WP_01-800x538.webp 800w, https:\/\/www.escapadarural.com\/blog\/wp-content\/uploads\/2025\/02\/AdobeStock_210123944_WP_01.webp 1024w\" sizes=\"auto, (max-width: 1024px) 100vw, 1024px\" \/><figcaption class=\"wp-element-caption\">Ruta al castillo de La Popa. Por justinessy<\/figcaption><\/figure>\n\n\n\n<p>No obstante, aunque ya no se pueda entrar en La Popa, tanto su entorno, las vistas como su emplazamiento merecen mucho la pena. A trav\u00e9s de una sencilla excursi\u00f3n por el monte podemos llegar hasta la peculiar roca sobre la que se asienta. Es apta para toda la familia, aunque es importante aclarar que no est\u00e1 muy bien se\u00f1alizada.<\/p>\n\n\n<div style=\"background-color: #dff0d8; color: #3c763d; border-left-color: #3c763d; \" class=\"ub-styled-box ub-notification-box wp-block-ub-styled-box\" id=\"ub-styled-box-c91fac81-216a-45f7-b2b5-01b0ddf20b17\">\n<p id=\"ub-styled-box-notification-content-\"><strong>Longitud<\/strong>: unos 9 kil\u00f3metros<\/p>\n\n\n\n<p><strong>Nivel<\/strong>: f\u00e1cil<\/p>\n\n\n\n<p><strong>Tipo de ruta<\/strong>: lineal (opci\u00f3n de hacerla circular)<\/p>\n\n\n<\/div>\n\n\n<p>Para encontrar el <strong>camino que nos lleva hasta el castillo de La Popa<\/strong> debemos dirigirnos hasta el pueblo de Castellcir, en la comarca de Moain\u00e8s. Desde la plaza de L&#8217;Era, donde est\u00e1 el ayuntamiento, podemos coger la calle de L&#8217;Amargura. Al final de la misma, a la izquierda, veremos una caseta de informaci\u00f3n. A la derecha, en cambio, encontraremos el inicio de una <strong>pista forestal<\/strong> que llega hasta el cruce de Sant Andreu.\u00a0<\/p>\n\n\n\n<p>Aqu\u00ed hay un descampado donde <strong>se puede dejar el coche<\/strong>, por si preferimos acortar la ruta. Continuamos el camino por la senda de la izquierda, donde pronto hallaremos una mas\u00eda: Ca L\u00b4Antoja.\u00a0<\/p>\n\n\n\n<p>M\u00e1s adelante, aproximadamente 500 metros, habr\u00e1 que tomar la bifurcaci\u00f3n de la derecha, hasta llegar a una valla y en donde veremos <strong>La Torrassa dels Moros<\/strong>, una antigua torre rom\u00e1nica.&nbsp;<\/p>\n\n\n\n<figure class=\"wp-block-image size-full\"><img loading=\"lazy\" decoding=\"async\" width=\"1024\" height=\"683\" src=\"https:\/\/www.escapadarural.com\/blog\/wp-content\/uploads\/2025\/02\/AdobeStock_210128398_WP_04.webp\" alt=\"Ruta al castillo\" class=\"wp-image-192024\" srcset=\"https:\/\/www.escapadarural.com\/blog\/wp-content\/uploads\/2025\/02\/AdobeStock_210128398_WP_04-200x133.webp 200w, https:\/\/www.escapadarural.com\/blog\/wp-content\/uploads\/2025\/02\/AdobeStock_210128398_WP_04-300x200.webp 300w, https:\/\/www.escapadarural.com\/blog\/wp-content\/uploads\/2025\/02\/AdobeStock_210128398_WP_04-400x267.webp 400w, https:\/\/www.escapadarural.com\/blog\/wp-content\/uploads\/2025\/02\/AdobeStock_210128398_WP_04-600x400.webp 600w, https:\/\/www.escapadarural.com\/blog\/wp-content\/uploads\/2025\/02\/AdobeStock_210128398_WP_04-768x512.webp 768w, https:\/\/www.escapadarural.com\/blog\/wp-content\/uploads\/2025\/02\/AdobeStock_210128398_WP_04-800x534.webp 800w, https:\/\/www.escapadarural.com\/blog\/wp-content\/uploads\/2025\/02\/AdobeStock_210128398_WP_04.webp 1024w\" sizes=\"auto, (max-width: 1024px) 100vw, 1024px\" \/><figcaption class=\"wp-element-caption\">Ruta al castillo. Por justinessy<\/figcaption><\/figure>\n\n\n\n<p>La dejamos a nuestra izquierda y seguimos avanzando por una pista ascendente cuyo suelo comienza a ser rocoso. Estamos aproxim\u00e1ndonos al castillo de La Popa y, <strong>podremos subir hasta la base de su roca<\/strong> siguiendo una pista serpenteante. Antes de llegar, a la derecha, todav\u00eda quedan los <strong>restos de una de las antiguas torres<\/strong> de vigilancia de la fortificaci\u00f3n.&nbsp;<\/p>\n\n\n\n<p>Como hemos comentado anteriormente, <strong>desde 2024 la entrada al castillo est\u00e1 vallada<\/strong>. Por seguridad, no se puede acceder a \u00e9l. Lo que s\u00ed podemos hacer, adem\u00e1s de maravillarnos con sus vistas, es aprovechar el entorno para retomar fuerzas y sentarnos a comer un bocata, como hacen muchos de los senderistas que se acercan hasta \u00e9l.&nbsp;<\/p>\n\n\n\n<p>La vuelta la podemos hacer por el mismo camino por el que hemos venido, o hacerla circular y <strong>dar la vuelta llegando hasta el bosque de Sauva Negra<\/strong> y bajando junto a las ruinas de una antigua nevera (<em>pou de gla\u00e7<\/em>).\u00a0<\/p>\n\n\n\n<h2 class=\"wp-block-heading\" id=\"h-que-mas-ver-en-los-alrededores-del-castillo-de-castellcir\">Qu\u00e9 m\u00e1s ver en los alrededores del castillo de Castellcir<\/h2>\n\n\n\n<figure class=\"wp-block-image size-full\"><img loading=\"lazy\" decoding=\"async\" width=\"1024\" height=\"768\" src=\"https:\/\/www.escapadarural.com\/blog\/wp-content\/uploads\/2025\/02\/Castellcir._Santa_Coloma_Sasserra_7_WP_07.webp\" alt=\"Santa Coloma Sasserra\" class=\"wp-image-192025\" srcset=\"https:\/\/www.escapadarural.com\/blog\/wp-content\/uploads\/2025\/02\/Castellcir._Santa_Coloma_Sasserra_7_WP_07-200x150.webp 200w, https:\/\/www.escapadarural.com\/blog\/wp-content\/uploads\/2025\/02\/Castellcir._Santa_Coloma_Sasserra_7_WP_07-300x225.webp 300w, https:\/\/www.escapadarural.com\/blog\/wp-content\/uploads\/2025\/02\/Castellcir._Santa_Coloma_Sasserra_7_WP_07-400x300.webp 400w, https:\/\/www.escapadarural.com\/blog\/wp-content\/uploads\/2025\/02\/Castellcir._Santa_Coloma_Sasserra_7_WP_07-600x450.webp 600w, https:\/\/www.escapadarural.com\/blog\/wp-content\/uploads\/2025\/02\/Castellcir._Santa_Coloma_Sasserra_7_WP_07-768x576.webp 768w, https:\/\/www.escapadarural.com\/blog\/wp-content\/uploads\/2025\/02\/Castellcir._Santa_Coloma_Sasserra_7_WP_07-800x600.webp 800w, https:\/\/www.escapadarural.com\/blog\/wp-content\/uploads\/2025\/02\/Castellcir._Santa_Coloma_Sasserra_7_WP_07.webp 1024w\" sizes=\"auto, (max-width: 1024px) 100vw, 1024px\" \/><figcaption class=\"wp-element-caption\">Santa Coloma Sasserra. Por <a href=\"https:\/\/commons.wikimedia.org\/wiki\/Category:Esgl%C3%A9sia_de_Santa_Coloma_Sasserra#\/media\/File:Castellcir._Santa_Coloma_Sasserra_7.JPG\" target=\"_blank\" rel=\"noreferrer noopener nofollow\">Gustau Erill i Pinyot<\/a><\/figcaption><\/figure>\n\n\n\n<p>Aunque el castillo de Castellcir es la joya de la corona de la comarca de Moain\u00e8s, no es el \u00fanico atractivo que tiene la zona. Como hemos mencionado anteriormente, si tienes oportunidad de volver al pueblo por la ruta circular te encontrar\u00e1s con la <strong>Sauva Negra: un hayedo<\/strong> con mucho encanto cuyo color cambia con las estaciones.&nbsp;<\/p>\n\n\n\n<p>En cuanto a su patrimonio, en los alrededores del pueblo de Castellcir podemos encontrar la <strong>iglesia de Santa Coloma Sasserra de Castellcir<\/strong>, un antiguo templo rom\u00e1nico del siglo X del que, aunque sufri\u00f3 diferentes reformas convirti\u00e9ndolo en una mezcla de estilos, a\u00fan se conserva su campanario original. Junto a ella se encuentra el <strong>roble del Giol<\/strong>, un ejemplar de 17 metros de altura y un tronco de 4,5 metros de per\u00edmetro que est\u00e1 declarado <strong>\u00c1rbol Monumental de Catalu\u00f1a<\/strong>.\u00a0<\/p>\n\n\n\n<p>Por \u00faltimo, si te ha gustado la leyenda del castillo de La Popa, no hay que dejar de visitar la <strong>iglesia de Sant Andreu de Castellcir<\/strong> que el Papa oblig\u00f3 construir para redimir los pecados de Gerard de Castellcir. Data del siglo XI y, aunque tambi\u00e9n est\u00e1 reformada, en ella a\u00fan se conservan algunos elementos rom\u00e1nicos.&nbsp;<\/p>\n\n\n\n<p><\/p>\n","protected":false},"excerpt":{"rendered":"<p>El castillo de La Popa, a las afueras de Barcelona, llama la atenci\u00f3n por encontrarse sobre un pe\u00f1\u00f3n con forma de barco. <\/p>\n","protected":false},"author":89,"featured_media":192021,"comment_status":"open","ping_status":"open","sticky":false,"template":"","format":"standard","meta":{"_acf_changed":false,"om_disable_all_campaigns":false,"footnotes":""},"categories":[1379],"tags":[211,402,5994,6088],"class_list":["post-191998","post","type-post","status-publish","format-standard","has-post-thumbnail","hentry","category-rutas-y-excursiones","tag-que-ver-en-barcelona","tag-castillos","tag-que-ver-en-cataluna","tag-rutas"],"acf":[],"featured_image_src":"https:\/\/www.escapadarural.com\/blog\/wp-content\/uploads\/2025\/02\/AdobeStock_210128332_WP_03.webp","author_info":{"display_name":"Laura Fern\u00e1ndez","author_link":"https:\/\/www.escapadarural.com\/blog\/autor\/laura\/"},"yoast_head":"<!-- This site is optimized with the Yoast SEO plugin v27.5 - https:\/\/yoast.com\/product\/yoast-seo-wordpress\/ -->\n<title>Ruta al castillo de La Popa, la fortaleza medieval sobre una roca<\/title>\n<meta name=\"description\" content=\"El castillo de La Popa, a las afueras de Barcelona, llama la atenci\u00f3n por encontrarse sobre un pe\u00f1\u00f3n con forma de barco.\" \/>\n<meta name=\"robots\" content=\"index, follow, max-snippet:-1, max-image-preview:large, max-video-preview:-1\" \/>\n<link rel=\"canonical\" href=\"https:\/\/www.escapadarural.com\/blog\/ruta-al-castillo-de-la-popa-barcelona\/\" \/>\n<meta property=\"og:locale\" content=\"es_ES\" \/>\n<meta property=\"og:type\" content=\"article\" \/>\n<meta property=\"og:title\" content=\"Ruta al castillo de La Popa, la fortaleza medieval sobre una roca\" \/>\n<meta property=\"og:description\" content=\"El castillo de La Popa, a las afueras de Barcelona, llama la atenci\u00f3n por encontrarse sobre un pe\u00f1\u00f3n con forma de barco.\" \/>\n<meta property=\"og:url\" content=\"https:\/\/www.escapadarural.com\/blog\/ruta-al-castillo-de-la-popa-barcelona\/\" \/>\n<meta property=\"og:site_name\" content=\"Magazine de viajes de EscapadaRural\" \/>\n<meta property=\"article:publisher\" content=\"https:\/\/www.facebook.com\/escapadarural\" \/>\n<meta property=\"article:published_time\" content=\"2025-02-12T07:00:00+00:00\" \/>\n<meta property=\"og:image\" content=\"https:\/\/app.escapadarural.com\/blog\/wp-content\/uploads\/2025\/02\/AdobeStock_210128332_WP_03.webp\" \/>\n\t<meta property=\"og:image:width\" content=\"1024\" \/>\n\t<meta property=\"og:image:height\" content=\"683\" \/>\n\t<meta property=\"og:image:type\" content=\"image\/webp\" \/>\n<meta name=\"author\" content=\"Laura Fern\u00e1ndez\" \/>\n<meta name=\"twitter:card\" content=\"summary_large_image\" \/>\n<meta name=\"twitter:label1\" content=\"Escrito por\" \/>\n\t<meta name=\"twitter:data1\" content=\"Laura Fern\u00e1ndez\" \/>\n\t<meta name=\"twitter:label2\" content=\"Tiempo de lectura\" \/>\n\t<meta name=\"twitter:data2\" content=\"8 minutos\" \/>\n<script type=\"application\/ld+json\" class=\"yoast-schema-graph\">{\"@context\":\"https:\\\/\\\/schema.org\",\"@graph\":[{\"@type\":\"Article\",\"@id\":\"https:\\\/\\\/www.escapadarural.com\\\/blog\\\/ruta-al-castillo-de-la-popa-barcelona\\\/#article\",\"isPartOf\":{\"@id\":\"https:\\\/\\\/www.escapadarural.com\\\/blog\\\/ruta-al-castillo-de-la-popa-barcelona\\\/\"},\"author\":{\"name\":\"Laura Fern\u00e1ndez\",\"@id\":\"https:\\\/\\\/www.escapadarural.com\\\/blog\\\/#\\\/schema\\\/person\\\/a9b46ae4d047d8a2c719f31e75206cff\"},\"headline\":\"Ruta al castillo de La Popa, la fortaleza medieval sobre una roca\",\"datePublished\":\"2025-02-12T07:00:00+00:00\",\"mainEntityOfPage\":{\"@id\":\"https:\\\/\\\/www.escapadarural.com\\\/blog\\\/ruta-al-castillo-de-la-popa-barcelona\\\/\"},\"wordCount\":1323,\"commentCount\":0,\"publisher\":{\"@id\":\"https:\\\/\\\/www.escapadarural.com\\\/blog\\\/#organization\"},\"image\":{\"@id\":\"https:\\\/\\\/www.escapadarural.com\\\/blog\\\/ruta-al-castillo-de-la-popa-barcelona\\\/#primaryimage\"},\"thumbnailUrl\":\"https:\\\/\\\/www.escapadarural.com\\\/blog\\\/wp-content\\\/uploads\\\/2025\\\/02\\\/AdobeStock_210128332_WP_03.webp\",\"keywords\":[\"Barcelona\",\"castillos\",\"Catalu\u00f1a\",\"Rutas\"],\"articleSection\":[\"Rutas y excursiones\"],\"inLanguage\":\"es\",\"potentialAction\":[{\"@type\":\"CommentAction\",\"name\":\"Comment\",\"target\":[\"https:\\\/\\\/www.escapadarural.com\\\/blog\\\/ruta-al-castillo-de-la-popa-barcelona\\\/#respond\"]}]},{\"@type\":\"WebPage\",\"@id\":\"https:\\\/\\\/www.escapadarural.com\\\/blog\\\/ruta-al-castillo-de-la-popa-barcelona\\\/\",\"url\":\"https:\\\/\\\/www.escapadarural.com\\\/blog\\\/ruta-al-castillo-de-la-popa-barcelona\\\/\",\"name\":\"Ruta al castillo de La Popa, la fortaleza medieval sobre una roca\",\"isPartOf\":{\"@id\":\"https:\\\/\\\/www.escapadarural.com\\\/blog\\\/#website\"},\"primaryImageOfPage\":{\"@id\":\"https:\\\/\\\/www.escapadarural.com\\\/blog\\\/ruta-al-castillo-de-la-popa-barcelona\\\/#primaryimage\"},\"image\":{\"@id\":\"https:\\\/\\\/www.escapadarural.com\\\/blog\\\/ruta-al-castillo-de-la-popa-barcelona\\\/#primaryimage\"},\"thumbnailUrl\":\"https:\\\/\\\/www.escapadarural.com\\\/blog\\\/wp-content\\\/uploads\\\/2025\\\/02\\\/AdobeStock_210128332_WP_03.webp\",\"datePublished\":\"2025-02-12T07:00:00+00:00\",\"description\":\"El castillo de La Popa, a las afueras de Barcelona, llama la atenci\u00f3n por encontrarse sobre un pe\u00f1\u00f3n con forma de barco.\",\"breadcrumb\":{\"@id\":\"https:\\\/\\\/www.escapadarural.com\\\/blog\\\/ruta-al-castillo-de-la-popa-barcelona\\\/#breadcrumb\"},\"inLanguage\":\"es\",\"potentialAction\":[{\"@type\":\"ReadAction\",\"target\":[\"https:\\\/\\\/www.escapadarural.com\\\/blog\\\/ruta-al-castillo-de-la-popa-barcelona\\\/\"]}]},{\"@type\":\"ImageObject\",\"inLanguage\":\"es\",\"@id\":\"https:\\\/\\\/www.escapadarural.com\\\/blog\\\/ruta-al-castillo-de-la-popa-barcelona\\\/#primaryimage\",\"url\":\"https:\\\/\\\/www.escapadarural.com\\\/blog\\\/wp-content\\\/uploads\\\/2025\\\/02\\\/AdobeStock_210128332_WP_03.webp\",\"contentUrl\":\"https:\\\/\\\/www.escapadarural.com\\\/blog\\\/wp-content\\\/uploads\\\/2025\\\/02\\\/AdobeStock_210128332_WP_03.webp\",\"width\":1024,\"height\":683,\"caption\":\"Castillo de La Popa de Castellcir. Por justinessy\"},{\"@type\":\"BreadcrumbList\",\"@id\":\"https:\\\/\\\/www.escapadarural.com\\\/blog\\\/ruta-al-castillo-de-la-popa-barcelona\\\/#breadcrumb\",\"itemListElement\":[{\"@type\":\"ListItem\",\"position\":1,\"name\":\"Inicio\",\"item\":\"https:\\\/\\\/www.escapadarural.com\\\/blog\\\/\"},{\"@type\":\"ListItem\",\"position\":2,\"name\":\"Rutas y excursiones\",\"item\":\"https:\\\/\\\/www.escapadarural.com\\\/blog\\\/categoria\\\/rutas-y-excursiones\\\/\"},{\"@type\":\"ListItem\",\"position\":3,\"name\":\"Ruta al castillo de La Popa, la fortaleza medieval sobre una roca\"}]},{\"@type\":\"WebSite\",\"@id\":\"https:\\\/\\\/www.escapadarural.com\\\/blog\\\/#website\",\"url\":\"https:\\\/\\\/www.escapadarural.com\\\/blog\\\/\",\"name\":\"Blog de viajes | turismo rural, alojamientos e inspiraci\u00f3n\",\"description\":\"Alojamientos rurales e inspiraci\u00f3n para tus escapadas\",\"publisher\":{\"@id\":\"https:\\\/\\\/www.escapadarural.com\\\/blog\\\/#organization\"},\"alternateName\":\"Magazine de viajes de EscapadaRural\",\"potentialAction\":[{\"@type\":\"SearchAction\",\"target\":{\"@type\":\"EntryPoint\",\"urlTemplate\":\"https:\\\/\\\/www.escapadarural.com\\\/blog\\\/?s={search_term_string}\"},\"query-input\":{\"@type\":\"PropertyValueSpecification\",\"valueRequired\":true,\"valueName\":\"search_term_string\"}}],\"inLanguage\":\"es\"},{\"@type\":\"Organization\",\"@id\":\"https:\\\/\\\/www.escapadarural.com\\\/blog\\\/#organization\",\"name\":\"EscapadaRural\",\"url\":\"https:\\\/\\\/www.escapadarural.com\\\/blog\\\/\",\"logo\":{\"@type\":\"ImageObject\",\"inLanguage\":\"es\",\"@id\":\"https:\\\/\\\/www.escapadarural.com\\\/blog\\\/#\\\/schema\\\/logo\\\/image\\\/\",\"url\":\"https:\\\/\\\/www.escapadarural.com\\\/blog\\\/wp-content\\\/uploads\\\/2024\\\/10\\\/cropped-cropped-escapada-rural-icon-mag-3.png\",\"contentUrl\":\"https:\\\/\\\/www.escapadarural.com\\\/blog\\\/wp-content\\\/uploads\\\/2024\\\/10\\\/cropped-cropped-escapada-rural-icon-mag-3.png\",\"width\":512,\"height\":512,\"caption\":\"EscapadaRural\"},\"image\":{\"@id\":\"https:\\\/\\\/www.escapadarural.com\\\/blog\\\/#\\\/schema\\\/logo\\\/image\\\/\"},\"sameAs\":[\"https:\\\/\\\/www.facebook.com\\\/escapadarural\",\"https:\\\/\\\/www.instagram.com\\\/escapadarural\\\/\",\"https:\\\/\\\/www.youtube.com\\\/@escapadaruralcom\"]},{\"@type\":\"Person\",\"@id\":\"https:\\\/\\\/www.escapadarural.com\\\/blog\\\/#\\\/schema\\\/person\\\/a9b46ae4d047d8a2c719f31e75206cff\",\"name\":\"Laura Fern\u00e1ndez\",\"image\":{\"@type\":\"ImageObject\",\"inLanguage\":\"es\",\"@id\":\"https:\\\/\\\/www.escapadarural.com\\\/blog\\\/wp-content\\\/uploads\\\/2025\\\/01\\\/cropped-laura_raponchii-96x96.jpg\",\"url\":\"https:\\\/\\\/www.escapadarural.com\\\/blog\\\/wp-content\\\/uploads\\\/2025\\\/01\\\/cropped-laura_raponchii-96x96.jpg\",\"contentUrl\":\"https:\\\/\\\/www.escapadarural.com\\\/blog\\\/wp-content\\\/uploads\\\/2025\\\/01\\\/cropped-laura_raponchii-96x96.jpg\",\"caption\":\"Laura Fern\u00e1ndez\"},\"description\":\"Periodista, blogger y viajera. No necesariamente en ese orden. En ocasiones me despierto sin saber d\u00f3nde estoy. Adicta a los c\u00f3mics y a los noodles con salsa de cacahuete. Redactora en @escapadarural, colaboradora en la Conde Nast Traveler y en la Divinity. Mi casa: Meridiano180.\",\"sameAs\":[\"http:\\\/\\\/www.meridiano180.com\\\/\"],\"url\":\"https:\\\/\\\/www.escapadarural.com\\\/blog\\\/autor\\\/laura\\\/\"}]}<\/script>\n<!-- \/ Yoast SEO plugin. -->","yoast_head_json":{"title":"Ruta al castillo de La Popa, la fortaleza medieval sobre una roca","description":"El castillo de La Popa, a las afueras de Barcelona, llama la atenci\u00f3n por encontrarse sobre un pe\u00f1\u00f3n con forma de barco.","robots":{"index":"index","follow":"follow","max-snippet":"max-snippet:-1","max-image-preview":"max-image-preview:large","max-video-preview":"max-video-preview:-1"},"canonical":"https:\/\/www.escapadarural.com\/blog\/ruta-al-castillo-de-la-popa-barcelona\/","og_locale":"es_ES","og_type":"article","og_title":"Ruta al castillo de La Popa, la fortaleza medieval sobre una roca","og_description":"El castillo de La Popa, a las afueras de Barcelona, llama la atenci\u00f3n por encontrarse sobre un pe\u00f1\u00f3n con forma de barco.","og_url":"https:\/\/www.escapadarural.com\/blog\/ruta-al-castillo-de-la-popa-barcelona\/","og_site_name":"Magazine de viajes de EscapadaRural","article_publisher":"https:\/\/www.facebook.com\/escapadarural","article_published_time":"2025-02-12T07:00:00+00:00","og_image":[{"width":1024,"height":683,"url":"https:\/\/app.escapadarural.com\/blog\/wp-content\/uploads\/2025\/02\/AdobeStock_210128332_WP_03.webp","type":"image\/webp"}],"author":"Laura Fern\u00e1ndez","twitter_card":"summary_large_image","twitter_misc":{"Escrito por":"Laura Fern\u00e1ndez","Tiempo de lectura":"8 minutos"},"schema":{"@context":"https:\/\/schema.org","@graph":[{"@type":"Article","@id":"https:\/\/www.escapadarural.com\/blog\/ruta-al-castillo-de-la-popa-barcelona\/#article","isPartOf":{"@id":"https:\/\/www.escapadarural.com\/blog\/ruta-al-castillo-de-la-popa-barcelona\/"},"author":{"name":"Laura Fern\u00e1ndez","@id":"https:\/\/www.escapadarural.com\/blog\/#\/schema\/person\/a9b46ae4d047d8a2c719f31e75206cff"},"headline":"Ruta al castillo de La Popa, la fortaleza medieval sobre una roca","datePublished":"2025-02-12T07:00:00+00:00","mainEntityOfPage":{"@id":"https:\/\/www.escapadarural.com\/blog\/ruta-al-castillo-de-la-popa-barcelona\/"},"wordCount":1323,"commentCount":0,"publisher":{"@id":"https:\/\/www.escapadarural.com\/blog\/#organization"},"image":{"@id":"https:\/\/www.escapadarural.com\/blog\/ruta-al-castillo-de-la-popa-barcelona\/#primaryimage"},"thumbnailUrl":"https:\/\/www.escapadarural.com\/blog\/wp-content\/uploads\/2025\/02\/AdobeStock_210128332_WP_03.webp","keywords":["Barcelona","castillos","Catalu\u00f1a","Rutas"],"articleSection":["Rutas y excursiones"],"inLanguage":"es","potentialAction":[{"@type":"CommentAction","name":"Comment","target":["https:\/\/www.escapadarural.com\/blog\/ruta-al-castillo-de-la-popa-barcelona\/#respond"]}]},{"@type":"WebPage","@id":"https:\/\/www.escapadarural.com\/blog\/ruta-al-castillo-de-la-popa-barcelona\/","url":"https:\/\/www.escapadarural.com\/blog\/ruta-al-castillo-de-la-popa-barcelona\/","name":"Ruta al castillo de La Popa, la fortaleza medieval sobre una roca","isPartOf":{"@id":"https:\/\/www.escapadarural.com\/blog\/#website"},"primaryImageOfPage":{"@id":"https:\/\/www.escapadarural.com\/blog\/ruta-al-castillo-de-la-popa-barcelona\/#primaryimage"},"image":{"@id":"https:\/\/www.escapadarural.com\/blog\/ruta-al-castillo-de-la-popa-barcelona\/#primaryimage"},"thumbnailUrl":"https:\/\/www.escapadarural.com\/blog\/wp-content\/uploads\/2025\/02\/AdobeStock_210128332_WP_03.webp","datePublished":"2025-02-12T07:00:00+00:00","description":"El castillo de La Popa, a las afueras de Barcelona, llama la atenci\u00f3n por encontrarse sobre un pe\u00f1\u00f3n con forma de barco.","breadcrumb":{"@id":"https:\/\/www.escapadarural.com\/blog\/ruta-al-castillo-de-la-popa-barcelona\/#breadcrumb"},"inLanguage":"es","potentialAction":[{"@type":"ReadAction","target":["https:\/\/www.escapadarural.com\/blog\/ruta-al-castillo-de-la-popa-barcelona\/"]}]},{"@type":"ImageObject","inLanguage":"es","@id":"https:\/\/www.escapadarural.com\/blog\/ruta-al-castillo-de-la-popa-barcelona\/#primaryimage","url":"https:\/\/www.escapadarural.com\/blog\/wp-content\/uploads\/2025\/02\/AdobeStock_210128332_WP_03.webp","contentUrl":"https:\/\/www.escapadarural.com\/blog\/wp-content\/uploads\/2025\/02\/AdobeStock_210128332_WP_03.webp","width":1024,"height":683,"caption":"Castillo de La Popa de Castellcir. Por justinessy"},{"@type":"BreadcrumbList","@id":"https:\/\/www.escapadarural.com\/blog\/ruta-al-castillo-de-la-popa-barcelona\/#breadcrumb","itemListElement":[{"@type":"ListItem","position":1,"name":"Inicio","item":"https:\/\/www.escapadarural.com\/blog\/"},{"@type":"ListItem","position":2,"name":"Rutas y excursiones","item":"https:\/\/www.escapadarural.com\/blog\/categoria\/rutas-y-excursiones\/"},{"@type":"ListItem","position":3,"name":"Ruta al castillo de La Popa, la fortaleza medieval sobre una roca"}]},{"@type":"WebSite","@id":"https:\/\/www.escapadarural.com\/blog\/#website","url":"https:\/\/www.escapadarural.com\/blog\/","name":"Blog de viajes | turismo rural, alojamientos e inspiraci\u00f3n","description":"Alojamientos rurales e inspiraci\u00f3n para tus escapadas","publisher":{"@id":"https:\/\/www.escapadarural.com\/blog\/#organization"},"alternateName":"Magazine de viajes de EscapadaRural","potentialAction":[{"@type":"SearchAction","target":{"@type":"EntryPoint","urlTemplate":"https:\/\/www.escapadarural.com\/blog\/?s={search_term_string}"},"query-input":{"@type":"PropertyValueSpecification","valueRequired":true,"valueName":"search_term_string"}}],"inLanguage":"es"},{"@type":"Organization","@id":"https:\/\/www.escapadarural.com\/blog\/#organization","name":"EscapadaRural","url":"https:\/\/www.escapadarural.com\/blog\/","logo":{"@type":"ImageObject","inLanguage":"es","@id":"https:\/\/www.escapadarural.com\/blog\/#\/schema\/logo\/image\/","url":"https:\/\/www.escapadarural.com\/blog\/wp-content\/uploads\/2024\/10\/cropped-cropped-escapada-rural-icon-mag-3.png","contentUrl":"https:\/\/www.escapadarural.com\/blog\/wp-content\/uploads\/2024\/10\/cropped-cropped-escapada-rural-icon-mag-3.png","width":512,"height":512,"caption":"EscapadaRural"},"image":{"@id":"https:\/\/www.escapadarural.com\/blog\/#\/schema\/logo\/image\/"},"sameAs":["https:\/\/www.facebook.com\/escapadarural","https:\/\/www.instagram.com\/escapadarural\/","https:\/\/www.youtube.com\/@escapadaruralcom"]},{"@type":"Person","@id":"https:\/\/www.escapadarural.com\/blog\/#\/schema\/person\/a9b46ae4d047d8a2c719f31e75206cff","name":"Laura Fern\u00e1ndez","image":{"@type":"ImageObject","inLanguage":"es","@id":"https:\/\/www.escapadarural.com\/blog\/wp-content\/uploads\/2025\/01\/cropped-laura_raponchii-96x96.jpg","url":"https:\/\/www.escapadarural.com\/blog\/wp-content\/uploads\/2025\/01\/cropped-laura_raponchii-96x96.jpg","contentUrl":"https:\/\/www.escapadarural.com\/blog\/wp-content\/uploads\/2025\/01\/cropped-laura_raponchii-96x96.jpg","caption":"Laura Fern\u00e1ndez"},"description":"Periodista, blogger y viajera. No necesariamente en ese orden. En ocasiones me despierto sin saber d\u00f3nde estoy. Adicta a los c\u00f3mics y a los noodles con salsa de cacahuete. Redactora en @escapadarural, colaboradora en la Conde Nast Traveler y en la Divinity. Mi casa: Meridiano180.","sameAs":["http:\/\/www.meridiano180.com\/"],"url":"https:\/\/www.escapadarural.com\/blog\/autor\/laura\/"}]}},"_links":{"self":[{"href":"https:\/\/www.escapadarural.com\/blog\/wp-json\/wp\/v2\/posts\/191998","targetHints":{"allow":["GET"]}}],"collection":[{"href":"https:\/\/www.escapadarural.com\/blog\/wp-json\/wp\/v2\/posts"}],"about":[{"href":"https:\/\/www.escapadarural.com\/blog\/wp-json\/wp\/v2\/types\/post"}],"author":[{"embeddable":true,"href":"https:\/\/www.escapadarural.com\/blog\/wp-json\/wp\/v2\/users\/89"}],"replies":[{"embeddable":true,"href":"https:\/\/www.escapadarural.com\/blog\/wp-json\/wp\/v2\/comments?post=191998"}],"version-history":[{"count":0,"href":"https:\/\/www.escapadarural.com\/blog\/wp-json\/wp\/v2\/posts\/191998\/revisions"}],"wp:featuredmedia":[{"embeddable":true,"href":"https:\/\/www.escapadarural.com\/blog\/wp-json\/wp\/v2\/media\/192021"}],"wp:attachment":[{"href":"https:\/\/www.escapadarural.com\/blog\/wp-json\/wp\/v2\/media?parent=191998"}],"wp:term":[{"taxonomy":"category","embeddable":true,"href":"https:\/\/www.escapadarural.com\/blog\/wp-json\/wp\/v2\/categories?post=191998"},{"taxonomy":"post_tag","embeddable":true,"href":"https:\/\/www.escapadarural.com\/blog\/wp-json\/wp\/v2\/tags?post=191998"}],"curies":[{"name":"wp","href":"https:\/\/api.w.org\/{rel}","templated":true}]}}