{"id":192278,"date":"2025-02-17T08:00:00","date_gmt":"2025-02-17T06:00:00","guid":{"rendered":"https:\/\/www.escapadarural.com\/blog\/?p=192278"},"modified":"2025-03-07T09:42:31","modified_gmt":"2025-03-07T07:42:31","slug":"el-mirador-del-fraile-arribes-del-duero","status":"publish","type":"post","link":"https:\/\/www.escapadarural.com\/blog\/el-mirador-del-fraile-arribes-del-duero\/","title":{"rendered":"El mirador del Fraile: v\u00e9rtigo a 300 metros sobre el r\u00edo Duero"},"content":{"rendered":"\n<figure class=\"wp-block-image size-full\"><img loading=\"lazy\" decoding=\"async\" width=\"1024\" height=\"684\" src=\"https:\/\/www.escapadarural.com\/blog\/wp-content\/uploads\/2025\/02\/05_MiradorFraile_Pasarela2_Dudlajzov_AdobeStock_586007824_WP05.webp\" alt=\"La pasarela en voladizo del mirador del Fraile tiene 12 metros de largo.\" class=\"wp-image-192295\" srcset=\"https:\/\/www.escapadarural.com\/blog\/wp-content\/uploads\/2025\/02\/05_MiradorFraile_Pasarela2_Dudlajzov_AdobeStock_586007824_WP05-200x134.webp 200w, https:\/\/www.escapadarural.com\/blog\/wp-content\/uploads\/2025\/02\/05_MiradorFraile_Pasarela2_Dudlajzov_AdobeStock_586007824_WP05-300x200.webp 300w, https:\/\/www.escapadarural.com\/blog\/wp-content\/uploads\/2025\/02\/05_MiradorFraile_Pasarela2_Dudlajzov_AdobeStock_586007824_WP05-400x267.webp 400w, https:\/\/www.escapadarural.com\/blog\/wp-content\/uploads\/2025\/02\/05_MiradorFraile_Pasarela2_Dudlajzov_AdobeStock_586007824_WP05-600x401.webp 600w, https:\/\/www.escapadarural.com\/blog\/wp-content\/uploads\/2025\/02\/05_MiradorFraile_Pasarela2_Dudlajzov_AdobeStock_586007824_WP05-768x513.webp 768w, https:\/\/www.escapadarural.com\/blog\/wp-content\/uploads\/2025\/02\/05_MiradorFraile_Pasarela2_Dudlajzov_AdobeStock_586007824_WP05-800x534.webp 800w, https:\/\/www.escapadarural.com\/blog\/wp-content\/uploads\/2025\/02\/05_MiradorFraile_Pasarela2_Dudlajzov_AdobeStock_586007824_WP05.webp 1024w\" sizes=\"auto, (max-width: 1024px) 100vw, 1024px\" \/><figcaption class=\"wp-element-caption\">La pasarela en voladizo del mirador del Fraile tiene 12 metros de largo. Por Dudlajzov.<\/figcaption><\/figure>\n\n\n\n<p>Si sufres de v\u00e9rtigo, quiz\u00e1s sea mejor que dejes de leer ahora. Pero si eres de los que disfrutan asom\u00e1ndose al vac\u00edo, este es tu art\u00edculo. Contin\u00faa leyendo con atenci\u00f3n, porque te vamos a presentar <strong>el mirador m\u00e1s impresionante de Espa\u00f1a: el mirador del Fraile<\/strong>. Un balc\u00f3n de v\u00e9rtigo a 300 metros sobre los Arribes del Duero, junto a la presa m\u00e1s famosa de Espa\u00f1a, en Aldead\u00e1vila de la Ribera (Salamanca).<\/p>\n\n\n\n<div class=\"wp-block-buttons is-layout-flex wp-block-buttons-is-layout-flex\">\n<div class=\"wp-block-button\"><a class=\"wp-block-button__link wp-element-button\" href=\"\/casas-rurales\/aldeadavila-de-la-ribera\">Alojamientos rurales en Aldead\u00e1vila de la Ribera<\/a><\/div>\n<\/div>\n\n\n\n<h2 class=\"wp-block-heading\" id=\"h-una-plataforma-suspendida-a-300-metros-sobre-el-duero\"><strong>Una plataforma suspendida a 300 metros sobre el Duero<\/strong><\/h2>\n\n\n\n<figure class=\"wp-block-image size-full\"><img loading=\"lazy\" decoding=\"async\" width=\"1024\" height=\"684\" src=\"https:\/\/www.escapadarural.com\/blog\/wp-content\/uploads\/2025\/02\/01_MiradorFraile_Pasarela_Dudlajzov_AdobeStock_586007801_WP01.webp\" alt=\"Plataforma del mirador del Fraile, en Aldead\u00e1vila de la Ribera (Salamanca).\" class=\"wp-image-192298\" srcset=\"https:\/\/www.escapadarural.com\/blog\/wp-content\/uploads\/2025\/02\/01_MiradorFraile_Pasarela_Dudlajzov_AdobeStock_586007801_WP01-200x134.webp 200w, https:\/\/www.escapadarural.com\/blog\/wp-content\/uploads\/2025\/02\/01_MiradorFraile_Pasarela_Dudlajzov_AdobeStock_586007801_WP01-300x200.webp 300w, https:\/\/www.escapadarural.com\/blog\/wp-content\/uploads\/2025\/02\/01_MiradorFraile_Pasarela_Dudlajzov_AdobeStock_586007801_WP01-400x267.webp 400w, https:\/\/www.escapadarural.com\/blog\/wp-content\/uploads\/2025\/02\/01_MiradorFraile_Pasarela_Dudlajzov_AdobeStock_586007801_WP01-600x401.webp 600w, https:\/\/www.escapadarural.com\/blog\/wp-content\/uploads\/2025\/02\/01_MiradorFraile_Pasarela_Dudlajzov_AdobeStock_586007801_WP01-768x513.webp 768w, https:\/\/www.escapadarural.com\/blog\/wp-content\/uploads\/2025\/02\/01_MiradorFraile_Pasarela_Dudlajzov_AdobeStock_586007801_WP01-800x534.webp 800w, https:\/\/www.escapadarural.com\/blog\/wp-content\/uploads\/2025\/02\/01_MiradorFraile_Pasarela_Dudlajzov_AdobeStock_586007801_WP01.webp 1024w\" sizes=\"auto, (max-width: 1024px) 100vw, 1024px\" \/><figcaption class=\"wp-element-caption\">Plataforma del mirador del Fraile, en Aldead\u00e1vila de la Ribera (Salamanca). Por Dudlajzov.<\/figcaption><\/figure>\n\n\n\n<p>La plataforma del mirador del Fraile <strong>sobrevuela el embalse a 300 metros de altura<\/strong>. Se extiende 12,8 metros en voladizo, con una anchura de 2,4 metros en la base y 1,5 metros en la punta, y est\u00e1 protegida con barandillas met\u00e1licas. La plataforma, que est\u00e1 hecha de acero, incluye una abertura en el suelo con cristal de seguridad que ofrece otro punto de vista del r\u00edo Duero, suspendido sobre el vac\u00edo.\u00a0Es uno de los pocos <a href=\"\/blog\/miradores-con-suelo-de-cristal-impresionantes-espana\/\">miradores con suelo de cristal<\/a> que podemos encontrar en Espa\u00f1a.<\/p>\n\n\n\n<p>Las fotos hablan por s\u00ed mismas. Aunque no acaban de hacer justicia a la sensaci\u00f3n de recorrer esa pasarela, nos podemos hacer una idea. Pero si queremos experimentar el cosquilleo en el est\u00f3mago, tenemos que ir al mirador del Fraile. Nos sentiremos, literalmente, al borde del precipicio. O, mejor dicho, volando sobre el abismo. Y es que, adem\u00e1s de un lugar privilegiado para observar <a href=\"\/blog\/arribes-del-duero-la-union-entre-espana-y-portugal\/\">el incre\u00edble paisaje de los Arribes del Duero<\/a>, <strong>este mirador tambi\u00e9n es una experiencia<\/strong>.<\/p>\n\n\n\n<h2 class=\"wp-block-heading\" id=\"h-el-antiguo-mirador-del-fraile-y-por-que-este-enclave-se-llama-asi\"><strong>El antiguo mirador del Fraile<\/strong> y por qu\u00e9 este enclave se llama as\u00ed<\/h2>\n\n\n\n<figure class=\"wp-block-image size-full\"><img loading=\"lazy\" decoding=\"async\" width=\"1024\" height=\"678\" src=\"https:\/\/www.escapadarural.com\/blog\/wp-content\/uploads\/2025\/02\/02_MiradorFraile_Antes_AdobeStock_98840938_WP02.webp\" alt=\"El mirador del Fraile, antes de la instalaci\u00f3n de la nueva plataforma.\" class=\"wp-image-192299\" srcset=\"https:\/\/www.escapadarural.com\/blog\/wp-content\/uploads\/2025\/02\/02_MiradorFraile_Antes_AdobeStock_98840938_WP02-200x132.webp 200w, https:\/\/www.escapadarural.com\/blog\/wp-content\/uploads\/2025\/02\/02_MiradorFraile_Antes_AdobeStock_98840938_WP02-300x199.webp 300w, https:\/\/www.escapadarural.com\/blog\/wp-content\/uploads\/2025\/02\/02_MiradorFraile_Antes_AdobeStock_98840938_WP02-400x265.webp 400w, https:\/\/www.escapadarural.com\/blog\/wp-content\/uploads\/2025\/02\/02_MiradorFraile_Antes_AdobeStock_98840938_WP02-600x397.webp 600w, https:\/\/www.escapadarural.com\/blog\/wp-content\/uploads\/2025\/02\/02_MiradorFraile_Antes_AdobeStock_98840938_WP02-768x509.webp 768w, https:\/\/www.escapadarural.com\/blog\/wp-content\/uploads\/2025\/02\/02_MiradorFraile_Antes_AdobeStock_98840938_WP02-800x530.webp 800w, https:\/\/www.escapadarural.com\/blog\/wp-content\/uploads\/2025\/02\/02_MiradorFraile_Antes_AdobeStock_98840938_WP02.webp 1024w\" sizes=\"auto, (max-width: 1024px) 100vw, 1024px\" \/><figcaption class=\"wp-element-caption\">El mirador del Fraile, antes de la instalaci\u00f3n de la nueva plataforma. Por Alfonsodetomas.<\/figcaption><\/figure>\n\n\n\n<p>Sobre el origen del nombre de este enclave, circula una historia en la comarca. Al parecer, desde una pe\u00f1a de esta zona se pod\u00eda contemplar el valle y c\u00f3mo los monjes franciscanos del convento cercano de La Verde trabajaban en su huerta. <strong>El paraje comenz\u00f3 a ser conocido como <em>la silla del fraile<\/em><\/strong> y posteriormente deriv\u00f3 hasta el nombre actual: mirador del Fraile.<\/p>\n\n\n\n<p>El nuevo mirador del Fraile se instal\u00f3 en el a\u00f1o 2021 y se abri\u00f3 al p\u00fablico en abril del 2022. Anteriormente, ya era un punto de observaci\u00f3n muy visitado en la zona de los Arribes del Duero, con unas <strong>vistas privilegiadas del embalse, la presa, el ca\u00f1\u00f3n y de Portugal<\/strong>, en la orilla de enfrente. Una barandilla instalada sobre la misma roca permit\u00eda asomarse con cierta seguridad.<\/p>\n\n\n\n<h2 class=\"wp-block-heading\" id=\"h-un-nuevo-punto-de-atraccion-turistica-para-los-arribes-del-duero\"><strong>Un nuevo punto de atracci\u00f3n tur\u00edstica para los Arribes del Duero<\/strong><\/h2>\n\n\n\n<figure class=\"wp-block-image size-full\"><img loading=\"lazy\" decoding=\"async\" width=\"1024\" height=\"684\" src=\"https:\/\/www.escapadarural.com\/blog\/wp-content\/uploads\/2025\/01\/05_MonumentosFronterizos_Aldeadavila_Herraez_AdobeStock_190552184_WP07.webp\" alt=\"Panor\u00e1mica de la presa de Aldead\u00e1vila de la Ribera y su embalse.\" class=\"wp-image-191873\" srcset=\"https:\/\/www.escapadarural.com\/blog\/wp-content\/uploads\/2025\/01\/05_MonumentosFronterizos_Aldeadavila_Herraez_AdobeStock_190552184_WP07-200x134.webp 200w, https:\/\/www.escapadarural.com\/blog\/wp-content\/uploads\/2025\/01\/05_MonumentosFronterizos_Aldeadavila_Herraez_AdobeStock_190552184_WP07-300x200.webp 300w, https:\/\/www.escapadarural.com\/blog\/wp-content\/uploads\/2025\/01\/05_MonumentosFronterizos_Aldeadavila_Herraez_AdobeStock_190552184_WP07-400x267.webp 400w, https:\/\/www.escapadarural.com\/blog\/wp-content\/uploads\/2025\/01\/05_MonumentosFronterizos_Aldeadavila_Herraez_AdobeStock_190552184_WP07-600x401.webp 600w, https:\/\/www.escapadarural.com\/blog\/wp-content\/uploads\/2025\/01\/05_MonumentosFronterizos_Aldeadavila_Herraez_AdobeStock_190552184_WP07-768x513.webp 768w, https:\/\/www.escapadarural.com\/blog\/wp-content\/uploads\/2025\/01\/05_MonumentosFronterizos_Aldeadavila_Herraez_AdobeStock_190552184_WP07-800x534.webp 800w, https:\/\/www.escapadarural.com\/blog\/wp-content\/uploads\/2025\/01\/05_MonumentosFronterizos_Aldeadavila_Herraez_AdobeStock_190552184_WP07.webp 1024w\" sizes=\"auto, (max-width: 1024px) 100vw, 1024px\" \/><figcaption class=\"wp-element-caption\">Panor\u00e1mica de la presa de Aldead\u00e1vila de la Ribera y su embalse. Por Herr\u00e1ez.<\/figcaption><\/figure>\n\n\n\n<p>Pero el Ayuntamiento de Aldead\u00e1vila y la Junta de Castilla y Le\u00f3n quisieron dar un paso m\u00e1s. Su idea era ofrecer una experiencia \u00fanica y <strong>convertirla en un reclamo tur\u00edstico<\/strong> para el <a href=\"https:\/\/patrimonionatural.org\/espacios-naturales\/parque-natural\/parque-natural-arribes-del-duero\" target=\"_blank\" rel=\"noreferrer noopener nofollow\">Parque Natural de los Arribes del Duero<\/a>, en el emplazamiento del antiguo mirador.<\/p>\n\n\n\n<p>Y lo consiguieron. La nueva estructura ofrece <strong>un nuevo punto de vista del parque natural<\/strong>, mucho m\u00e1s interesante, porque abre el \u00e1ngulo de visi\u00f3n al &#8216;adentrarse&#8217; sobre las aguas. As\u00ed lo atestiguaban ya sus primeros visitantes, que <a href=\"https:\/\/aldeadavila.es\/asi-ven-el-nuevo-y-vertiginoso-mirador-del-fraile-sus-primeros-turistas-es-espectacular\/\" target=\"_blank\" rel=\"noreferrer noopener nofollow\">seg\u00fan recoge la web municipal<\/a> destacaban que ofrece \u201cunas vistas incre\u00edbles del r\u00edo Duero y la presa\u201d, adem\u00e1s de \u201cuna sensaci\u00f3n de v\u00e9rtigo que lo hace muy especial\u201d. \u201cYa conoc\u00edamos los Arribes y otros miradores, pero este no tiene nada que ver, es espectacular\u201d.<\/p>\n\n\n\n<p>En el primer a\u00f1o y medio desde su apertura, el nuevo mirador del Fraile recibi\u00f3 <strong>171.000 visitas<\/strong>, seg\u00fan cifras de la consejer\u00eda auton\u00f3mica de Turismo y Medio Ambiente. La plataforma supuso una <strong>inversi\u00f3n de 175.000 euros<\/strong> de las arcas p\u00fablicas que, vistos los resultados, merecieron la pena.<\/p>\n\n\n\n<h2 class=\"wp-block-heading\" id=\"h-como-llegar-al-mirador-del-fraile\"><strong>C\u00f3mo llegar al mirador del Fraile<\/strong><\/h2>\n\n\n\n<figure class=\"wp-block-image size-full\"><img loading=\"lazy\" decoding=\"async\" width=\"1024\" height=\"768\" src=\"https:\/\/www.escapadarural.com\/blog\/wp-content\/uploads\/2025\/02\/08_MiradorFraile_LlanoBodega_AytoAldeadavila_WP08.webp\" alt=\"El Llano de la Bodega, un popular merendero junto al aparcamiento que da acceso al mirador del Fraile.\" class=\"wp-image-192301\" srcset=\"https:\/\/www.escapadarural.com\/blog\/wp-content\/uploads\/2025\/02\/08_MiradorFraile_LlanoBodega_AytoAldeadavila_WP08-200x150.webp 200w, https:\/\/www.escapadarural.com\/blog\/wp-content\/uploads\/2025\/02\/08_MiradorFraile_LlanoBodega_AytoAldeadavila_WP08-300x225.webp 300w, https:\/\/www.escapadarural.com\/blog\/wp-content\/uploads\/2025\/02\/08_MiradorFraile_LlanoBodega_AytoAldeadavila_WP08-400x300.webp 400w, https:\/\/www.escapadarural.com\/blog\/wp-content\/uploads\/2025\/02\/08_MiradorFraile_LlanoBodega_AytoAldeadavila_WP08-600x450.webp 600w, https:\/\/www.escapadarural.com\/blog\/wp-content\/uploads\/2025\/02\/08_MiradorFraile_LlanoBodega_AytoAldeadavila_WP08-768x576.webp 768w, https:\/\/www.escapadarural.com\/blog\/wp-content\/uploads\/2025\/02\/08_MiradorFraile_LlanoBodega_AytoAldeadavila_WP08-800x600.webp 800w, https:\/\/www.escapadarural.com\/blog\/wp-content\/uploads\/2025\/02\/08_MiradorFraile_LlanoBodega_AytoAldeadavila_WP08.webp 1024w\" sizes=\"auto, (max-width: 1024px) 100vw, 1024px\" \/><figcaption class=\"wp-element-caption\">El Llano de la Bodega, un popular merendero junto al aparcamiento que da acceso al mirador del Fraile. Por <a href=\"https:\/\/aldeadavila.es\/\" target=\"_blank\">Ayuntamiento de Aldead\u00e1vila de la Ribera<\/a>.<\/figcaption><\/figure>\n\n\n\n<p>Para llegar hasta el mirador del Fraile, podremos acceder en nuestro veh\u00edculo particular hasta el <strong>\u00e1rea recreativa conocida como Llanos de la Bodega<\/strong>, situada a unos 6 kil\u00f3metros de Aldeanueva de la Ribera. Junto al aparcamiento dispondremos de una zona de juegos infantiles y merendero, perfecta para completar nuestra visita al mirador antes o despu\u00e9s de bajar hasta \u00e9l.<\/p>\n\n\n\n<p>Desde los Llanos de la Bodega deberemos <strong>completar el \u00faltimo kil\u00f3metro a pie<\/strong> hasta el mirador por un carril peatonal. Se trata de un recorrido de poco m\u00e1s de un kil\u00f3metro en pendiente, pero asequible para toda la familia. A la ida tendremos que descender, y la vuelta la haremos en ascenso.<\/p>\n\n\n\n<figure class=\"wp-block-image size-full\"><img loading=\"lazy\" decoding=\"async\" width=\"1024\" height=\"684\" src=\"https:\/\/www.escapadarural.com\/blog\/wp-content\/uploads\/2025\/02\/06_MiradorFraile_Pasarela3_Dudlajzov_AdobeStock_586007830_WP06.webp\" alt=\"El mirador del Fraile se eleva 300 metros sobre el r\u00edo Duero.\" class=\"wp-image-192302\" srcset=\"https:\/\/www.escapadarural.com\/blog\/wp-content\/uploads\/2025\/02\/06_MiradorFraile_Pasarela3_Dudlajzov_AdobeStock_586007830_WP06-200x134.webp 200w, https:\/\/www.escapadarural.com\/blog\/wp-content\/uploads\/2025\/02\/06_MiradorFraile_Pasarela3_Dudlajzov_AdobeStock_586007830_WP06-300x200.webp 300w, https:\/\/www.escapadarural.com\/blog\/wp-content\/uploads\/2025\/02\/06_MiradorFraile_Pasarela3_Dudlajzov_AdobeStock_586007830_WP06-400x267.webp 400w, https:\/\/www.escapadarural.com\/blog\/wp-content\/uploads\/2025\/02\/06_MiradorFraile_Pasarela3_Dudlajzov_AdobeStock_586007830_WP06-600x401.webp 600w, https:\/\/www.escapadarural.com\/blog\/wp-content\/uploads\/2025\/02\/06_MiradorFraile_Pasarela3_Dudlajzov_AdobeStock_586007830_WP06-768x513.webp 768w, https:\/\/www.escapadarural.com\/blog\/wp-content\/uploads\/2025\/02\/06_MiradorFraile_Pasarela3_Dudlajzov_AdobeStock_586007830_WP06-800x534.webp 800w, https:\/\/www.escapadarural.com\/blog\/wp-content\/uploads\/2025\/02\/06_MiradorFraile_Pasarela3_Dudlajzov_AdobeStock_586007830_WP06.webp 1024w\" sizes=\"auto, (max-width: 1024px) 100vw, 1024px\" \/><figcaption class=\"wp-element-caption\">El mirador del Fraile se eleva 300 metros sobre el r\u00edo Duero. Por Dudlajzov.<\/figcaption><\/figure>\n\n\n\n<p>\u00danicamente <strong>se permite el paso a veh\u00edculos que transporten personas con movilidad reducida<\/strong>, y a los trabajadores de la central el\u00e9ctrica. La carretera de acceso y los terrenos del mirador, de hecho, pertenecen a Iberdrola. Con la instalaci\u00f3n del nuevo mirador, se aprovech\u00f3 para adecuar el aparcamiento y mejorar tanto el asfaltado de la carretera como la seguridad del camino de acceso al mirador.<\/p>\n\n\n\n<p>A lo largo del mismo encontraremos distintos <strong>paneles informativos sobre la flora y fauna<\/strong> de los Arribes del Duero. Al llegar al nuevo mirador, tambi\u00e9n hallaremos informaci\u00f3n sobre la presa de Aldead\u00e1vila, la central hidroel\u00e9ctrica y recomendaciones de seguridad para asomarse a la plataforma.<\/p>\n\n\n\n<h2 class=\"wp-block-heading\" id=\"h-consejos-de-seguridad-para-disfrutar-del-mirador-del-fraile\"><strong>Consejos de seguridad para disfrutar del mirador del Fraile<\/strong><\/h2>\n\n\n\n<p>Justo antes de acceder a la plataforma del mirador del Fraile, <strong>un cartel informativo nos advierte de las normas de seguridad<\/strong> que debemos seguir para poder disfrutar con seguridad de la experiencia de &#8216;volar&#8217; sobre los Arribes del Duero:<\/p>\n\n\n<div style=\"background-color: #ffd2d2; color: #d8000c; border-left-color: #d8000c; \" class=\"ub-styled-box ub-notification-box wp-block-ub-styled-box\" id=\"ub-styled-box-d1270721-d255-4778-afc8-5483ce42811b\">\n<ul class=\"wp-block-list\" id=\"ub-styled-box-notification-content-\">\n<li>No superar el aforo m\u00e1ximo de 25 personas.<\/li>\n\n\n\n<li>Prohibido hacer volar drones.<\/li>\n\n\n\n<li>No acceder a la plataforma si hay viento fuerte.<\/li>\n\n\n\n<li>No subirse o sentarse en la barandilla o a hombros de otra persona.<\/li>\n\n\n\n<li>No acceder con bicicletas, motos o monopatines.<\/li>\n\n\n\n<li>No lanzar objetos.<\/li>\n\n\n\n<li>No dejar que los ni\u00f1os est\u00e9n solos.<\/li>\n<\/ul>\n\n\n<\/div>\n\n\n<h2 class=\"wp-block-heading\" id=\"h-el-parque-natural-de-los-arribes-del-duero-un-entorno-espectacular\"><strong>El Parque Natural de los Arribes del Duero, un entorno espectacular<\/strong><\/h2>\n\n\n\n<figure class=\"wp-block-image size-full\"><img loading=\"lazy\" decoding=\"async\" width=\"1024\" height=\"684\" src=\"https:\/\/www.escapadarural.com\/blog\/wp-content\/uploads\/2025\/02\/04_MiradorFraile_Canon_herraez_AdobeStock_190538744_WP04.webp\" alt=\"El ca\u00f1\u00f3n del r\u00edo Duero visto desde el mirador del Fraile.\" class=\"wp-image-192303\" srcset=\"https:\/\/www.escapadarural.com\/blog\/wp-content\/uploads\/2025\/02\/04_MiradorFraile_Canon_herraez_AdobeStock_190538744_WP04-200x134.webp 200w, https:\/\/www.escapadarural.com\/blog\/wp-content\/uploads\/2025\/02\/04_MiradorFraile_Canon_herraez_AdobeStock_190538744_WP04-300x200.webp 300w, https:\/\/www.escapadarural.com\/blog\/wp-content\/uploads\/2025\/02\/04_MiradorFraile_Canon_herraez_AdobeStock_190538744_WP04-400x267.webp 400w, https:\/\/www.escapadarural.com\/blog\/wp-content\/uploads\/2025\/02\/04_MiradorFraile_Canon_herraez_AdobeStock_190538744_WP04-600x401.webp 600w, https:\/\/www.escapadarural.com\/blog\/wp-content\/uploads\/2025\/02\/04_MiradorFraile_Canon_herraez_AdobeStock_190538744_WP04-768x513.webp 768w, https:\/\/www.escapadarural.com\/blog\/wp-content\/uploads\/2025\/02\/04_MiradorFraile_Canon_herraez_AdobeStock_190538744_WP04-800x534.webp 800w, https:\/\/www.escapadarural.com\/blog\/wp-content\/uploads\/2025\/02\/04_MiradorFraile_Canon_herraez_AdobeStock_190538744_WP04.webp 1024w\" sizes=\"auto, (max-width: 1024px) 100vw, 1024px\" \/><figcaption class=\"wp-element-caption\">El ca\u00f1\u00f3n del r\u00edo Duero visto desde el mirador del Fraile. Por Herr\u00e1ez.<\/figcaption><\/figure>\n\n\n\n<p>Los<a href=\"\/blog\/arribes-del-duero-la-union-entre-espana-y-portugal\/\"> Arribes del Duero<\/a> es un espacio protegido bajo la figura de parque natural. Tambi\u00e9n est\u00e1 declarado <strong>Reserva de la Biosfera<\/strong> y est\u00e1 incluido en la red <strong>Natura 2000<\/strong> como Zona de Especial Conservaci\u00f3n. Se extiende por las provincias de Salamanca y Zamora, en el tramo del r\u00edo que sirve como frontera con Portugal. En el lado luso, el espacio protegido se denomina <a href=\"https:\/\/www.visitportugal.com\/es\/node\/156080\" target=\"_blank\" rel=\"noreferrer noopener nofollow\">Parque Natural del Duero Internacional<\/a>.<\/p>\n\n\n\n<figure class=\"wp-block-image size-full\"><img loading=\"lazy\" decoding=\"async\" width=\"1024\" height=\"634\" src=\"https:\/\/www.escapadarural.com\/blog\/wp-content\/uploads\/2025\/02\/09_MiradorFraile_Aves_h368k742_AdobeStock_79553884_WP09.webp\" alt=\"Desde el mirador del Fraile podremos observas especies protegidas como el \u00e1guila real.\" class=\"wp-image-192306\" srcset=\"https:\/\/www.escapadarural.com\/blog\/wp-content\/uploads\/2025\/02\/09_MiradorFraile_Aves_h368k742_AdobeStock_79553884_WP09-200x124.webp 200w, https:\/\/www.escapadarural.com\/blog\/wp-content\/uploads\/2025\/02\/09_MiradorFraile_Aves_h368k742_AdobeStock_79553884_WP09-300x186.webp 300w, https:\/\/www.escapadarural.com\/blog\/wp-content\/uploads\/2025\/02\/09_MiradorFraile_Aves_h368k742_AdobeStock_79553884_WP09-400x248.webp 400w, https:\/\/www.escapadarural.com\/blog\/wp-content\/uploads\/2025\/02\/09_MiradorFraile_Aves_h368k742_AdobeStock_79553884_WP09-600x371.webp 600w, https:\/\/www.escapadarural.com\/blog\/wp-content\/uploads\/2025\/02\/09_MiradorFraile_Aves_h368k742_AdobeStock_79553884_WP09-768x476.webp 768w, https:\/\/www.escapadarural.com\/blog\/wp-content\/uploads\/2025\/02\/09_MiradorFraile_Aves_h368k742_AdobeStock_79553884_WP09-800x495.webp 800w, https:\/\/www.escapadarural.com\/blog\/wp-content\/uploads\/2025\/02\/09_MiradorFraile_Aves_h368k742_AdobeStock_79553884_WP09.webp 1024w\" sizes=\"auto, (max-width: 1024px) 100vw, 1024px\" \/><figcaption class=\"wp-element-caption\">Desde el mirador del Fraile podremos observas especies protegidas como el \u00e1guila real. Por h368k742.<\/figcaption><\/figure>\n\n\n\n<p>La zona, especialmente la que circunda el mirador del Fraile, destaca por las profundas gargantas (arribes) que encajonan el r\u00edo Duero y sus afluentes. Se compone de grandes paredes verticales de granito, que son de <strong>gran inter\u00e9s geol\u00f3gico<\/strong> y forman paisajes impresionantes. Posee una gran diversidad vegetal y animal, destacando por ser un entorno excepcional para la observaci\u00f3n de grandes aves como el \u00e1guila real, el buitre leonado, el azor o el alimoche. Tambi\u00e9n est\u00e1 declarada <strong>Zona de Especial Conservaci\u00f3n para las Aves (ZEPA)<\/strong>.<\/p>\n\n\n\n<h2 class=\"wp-block-heading\" id=\"h-la-presa-de-aldeadavila-una-obra-colosal\"><strong>La presa de Aldead\u00e1vila, una obra colosal<\/strong><\/h2>\n\n\n\n<figure class=\"wp-block-image size-full\"><img loading=\"lazy\" decoding=\"async\" width=\"1024\" height=\"681\" src=\"https:\/\/www.escapadarural.com\/blog\/wp-content\/uploads\/2025\/02\/07_MiradorFraile_Presa_JJMillan_AdobeStock_271649068_WP07.webp\" alt=\"Presa de Aldead\u00e1vila de la Ribera, una de las m\u00e1s importantes y la m\u00e1s famosa de Espa\u00f1a.\" class=\"wp-image-192305\" srcset=\"https:\/\/www.escapadarural.com\/blog\/wp-content\/uploads\/2025\/02\/07_MiradorFraile_Presa_JJMillan_AdobeStock_271649068_WP07-200x133.webp 200w, https:\/\/www.escapadarural.com\/blog\/wp-content\/uploads\/2025\/02\/07_MiradorFraile_Presa_JJMillan_AdobeStock_271649068_WP07-300x200.webp 300w, https:\/\/www.escapadarural.com\/blog\/wp-content\/uploads\/2025\/02\/07_MiradorFraile_Presa_JJMillan_AdobeStock_271649068_WP07-400x266.webp 400w, https:\/\/www.escapadarural.com\/blog\/wp-content\/uploads\/2025\/02\/07_MiradorFraile_Presa_JJMillan_AdobeStock_271649068_WP07-600x399.webp 600w, https:\/\/www.escapadarural.com\/blog\/wp-content\/uploads\/2025\/02\/07_MiradorFraile_Presa_JJMillan_AdobeStock_271649068_WP07-768x511.webp 768w, https:\/\/www.escapadarural.com\/blog\/wp-content\/uploads\/2025\/02\/07_MiradorFraile_Presa_JJMillan_AdobeStock_271649068_WP07-800x532.webp 800w, https:\/\/www.escapadarural.com\/blog\/wp-content\/uploads\/2025\/02\/07_MiradorFraile_Presa_JJMillan_AdobeStock_271649068_WP07.webp 1024w\" sizes=\"auto, (max-width: 1024px) 100vw, 1024px\" \/><figcaption class=\"wp-element-caption\">Presa de Aldead\u00e1vila de la Ribera, una de las m\u00e1s importantes y la m\u00e1s famosa de Espa\u00f1a. Por JJMill\u00e1n.<\/figcaption><\/figure>\n\n\n\n<p>El mirador del Fraile ofrece un balc\u00f3n privilegiado para contemplar una de las obras civiles m\u00e1s espectaculares de nuestro pa\u00eds: <strong>la presa de Aldead\u00e1vila<\/strong>. La infraestructura, construida entre 1956 y 1963, se levanta 140 metros sobre el nivel original del r\u00edo, aprovechando el encajonamiento natural del Duero en estos ca\u00f1ones gran\u00edticos para conseguir un embalse de grandes dimensiones. Es uno de los m\u00e1s destacados <a href=\"\/blog\/monumentos-arte-en-la-frontera-espana\/\">monumentos espa\u00f1oles situados sobre nuestras fronteras<\/a>.<\/p>\n\n\n\n<p>La obra, como podemos imaginar, supuso <strong>un enorme reto constructivo<\/strong> para la \u00e9poca en este enclave tan escarpado e inaccesible. El r\u00e9gimen franquista hizo de ella un emblema y la utiliz\u00f3 con fines propagand\u00edsticos. En su momento fue la pared vertical artificial m\u00e1s grande de Europa. La central hidroel\u00e9ctrica asociada se ubica en un hueco excavado en la roca gran\u00edtica en el que cabr\u00eda la catedral de Le\u00f3n. A d\u00eda de hoy, sigue siendo una de las que produce m\u00e1s energ\u00eda de Espa\u00f1a: ofrece suministro a m\u00e1s 250.000 hogares.<\/p>\n\n\n\n<figure class=\"wp-block-embed is-type-video is-provider-youtube wp-block-embed-youtube wp-embed-aspect-16-9 wp-has-aspect-ratio\"><div class=\"wp-block-embed__wrapper\">\n<span class=\"fsu7TH5UgV3b9x4aZ2Gr0zNpvmd8nQAl\"><div class=\"video-shortcode\"><iframe title=\"Aldead\u00e1vila a vista de dron\" width=\"1200\" height=\"675\" src=\"https:\/\/www.youtube.com\/embed\/NigHHmI4l08?feature=oembed\" frameborder=\"0\" allow=\"accelerometer; autoplay; clipboard-write; encrypted-media; gyroscope; picture-in-picture; web-share\" referrerpolicy=\"strict-origin-when-cross-origin\" allowfullscreen><\/iframe><\/div><\/span>\n<\/div><\/figure>\n\n\n\n<p>La presa m\u00e1s famosa de nuestro pa\u00eds tambi\u00e9n ha tenido diversas <strong>apariciones en el cine y la televisi\u00f3n<\/strong>. Una de las m\u00e1s famosas corresponde a la m\u00edtica pel\u00edcula <a href=\"https:\/\/www.filmaffinity.com\/es\/film977246.html\" target=\"_blank\" rel=\"noreferrer noopener nofollow\"><em>Doctor Zhivago<\/em><\/a>, de David Lean. Tambi\u00e9n ha aparecido en otros filmes como <em>La Cabina<\/em>, de Antonio Mercero, o la \u00faltima entrega de <em>Terminator<\/em> o <em>Fast &amp; Furious 10<\/em>, adem\u00e1s de series como <em>30 monedas<\/em>, de \u00c1lex de la Iglesia. Ha protagonizado asimismo diversos documentales, como el titulado <em>Megaestructuras Franquistas<\/em>, del canal DMAX, que detalla perfectamente las colosales dimensiones y la dificultad de la obra.&nbsp;<\/p>\n\n\n\n<h2 class=\"wp-block-heading\" id=\"h-otros-puntos-de-interes-cerca-de-aldeadavila-de-la-ribera\"><strong>Otros puntos de inter\u00e9s cerca de Aldead\u00e1vila de la Ribera<\/strong><\/h2>\n\n\n\n<p>El mirador del Fraile no es el \u00fanico que podemos encontrar en el entorno de los Arribes del Duero ni en <a href=\"https:\/\/aldeadavila.es\/miradores\/\" target=\"_blank\" rel=\"noreferrer noopener nofollow\">Aldead\u00e1vila de la Ribera<\/a>. Destaca el mirador llamado <strong>Pic\u00f3n de Felipe<\/strong>, situado muy cerca del mirador del Fraile. Otros miradores son el de <strong>Rupit\u00edn, Rupurupay, Lastr\u00f3n, Vi\u00f1a Cerr\u00e1 o el Pic\u00f3n de Mariota<\/strong>. A la mayor\u00eda se puede acceder en coche, como se indica en la <a href=\"https:\/\/aldeadavila.es\/documentos\/guia_turismo.pdf\" target=\"_blank\" rel=\"noreferrer noopener nofollow\">gu\u00eda tur\u00edstica editada por el ayuntamiento<\/a>. Tambi\u00e9n tendremos la opci\u00f3n de descubrirlos a trav\u00e9s de las distintas <a href=\"https:\/\/aldeadavila.es\/senderismo\/\" target=\"_blank\" rel=\"noreferrer noopener nofollow\">rutas de senderismo<\/a> que ofrece el municipio.<\/p>\n\n\n\n<figure class=\"wp-block-image size-full is-resized\"><img loading=\"lazy\" decoding=\"async\" width=\"1024\" height=\"683\" src=\"https:\/\/www.escapadarural.com\/blog\/wp-content\/uploads\/2025\/02\/11_MiradorFraile_SaltoAldeadavila_Josevgluis_AdobeStock_222758247_WP11.webp\" alt=\"El poblado de Salto de Aldead\u00e1vila, construido para alojar a los trabajadores de obra de la presa.\" class=\"wp-image-192308\" style=\"width:1200px;height:auto\" srcset=\"https:\/\/www.escapadarural.com\/blog\/wp-content\/uploads\/2025\/02\/11_MiradorFraile_SaltoAldeadavila_Josevgluis_AdobeStock_222758247_WP11-200x133.webp 200w, https:\/\/www.escapadarural.com\/blog\/wp-content\/uploads\/2025\/02\/11_MiradorFraile_SaltoAldeadavila_Josevgluis_AdobeStock_222758247_WP11-300x200.webp 300w, https:\/\/www.escapadarural.com\/blog\/wp-content\/uploads\/2025\/02\/11_MiradorFraile_SaltoAldeadavila_Josevgluis_AdobeStock_222758247_WP11-400x267.webp 400w, https:\/\/www.escapadarural.com\/blog\/wp-content\/uploads\/2025\/02\/11_MiradorFraile_SaltoAldeadavila_Josevgluis_AdobeStock_222758247_WP11-600x400.webp 600w, https:\/\/www.escapadarural.com\/blog\/wp-content\/uploads\/2025\/02\/11_MiradorFraile_SaltoAldeadavila_Josevgluis_AdobeStock_222758247_WP11-768x512.webp 768w, https:\/\/www.escapadarural.com\/blog\/wp-content\/uploads\/2025\/02\/11_MiradorFraile_SaltoAldeadavila_Josevgluis_AdobeStock_222758247_WP11-800x534.webp 800w, https:\/\/www.escapadarural.com\/blog\/wp-content\/uploads\/2025\/02\/11_MiradorFraile_SaltoAldeadavila_Josevgluis_AdobeStock_222758247_WP11.webp 1024w\" sizes=\"auto, (max-width: 1024px) 100vw, 1024px\" \/><figcaption class=\"wp-element-caption\">El poblado de Salto de Aldead\u00e1vila, construido para alojar a los trabajadores de obra de la presa. Por Josevgluis.<\/figcaption><\/figure>\n\n\n\n<p>El propio pueblo de Aldead\u00e1vila de la Ribera tambi\u00e9n cuenta con <strong>puntos de inter\u00e9s<\/strong> como la torre de Aldead\u00e1vila, la iglesia de San Salvador, o sus calles medievales. En los alrededores se sit\u00faan el convento de La Verde y el poblado de Salto de Aldead\u00e1vila, construido para alojar a los trabajadores de la presa y de la central hidroel\u00e9ctrica.<\/p>\n\n\n\n<figure class=\"wp-block-image size-full is-resized\"><img loading=\"lazy\" decoding=\"async\" width=\"1024\" height=\"806\" src=\"https:\/\/www.escapadarural.com\/blog\/wp-content\/uploads\/2025\/02\/10_MiradorFraile_PozoHumos_Shootdiem_AdobeStock_336055548_WP10.webp\" alt=\"El Pozo de los Humos, espectacular cascada de 50 metros cerca de Aldead\u00e1vila de la Ribera.\" class=\"wp-image-192307\" style=\"width:1200px;height:auto\" srcset=\"https:\/\/www.escapadarural.com\/blog\/wp-content\/uploads\/2025\/02\/10_MiradorFraile_PozoHumos_Shootdiem_AdobeStock_336055548_WP10-200x157.webp 200w, https:\/\/www.escapadarural.com\/blog\/wp-content\/uploads\/2025\/02\/10_MiradorFraile_PozoHumos_Shootdiem_AdobeStock_336055548_WP10-300x236.webp 300w, https:\/\/www.escapadarural.com\/blog\/wp-content\/uploads\/2025\/02\/10_MiradorFraile_PozoHumos_Shootdiem_AdobeStock_336055548_WP10-400x315.webp 400w, https:\/\/www.escapadarural.com\/blog\/wp-content\/uploads\/2025\/02\/10_MiradorFraile_PozoHumos_Shootdiem_AdobeStock_336055548_WP10-600x472.webp 600w, https:\/\/www.escapadarural.com\/blog\/wp-content\/uploads\/2025\/02\/10_MiradorFraile_PozoHumos_Shootdiem_AdobeStock_336055548_WP10-768x605.webp 768w, https:\/\/www.escapadarural.com\/blog\/wp-content\/uploads\/2025\/02\/10_MiradorFraile_PozoHumos_Shootdiem_AdobeStock_336055548_WP10-800x630.webp 800w, https:\/\/www.escapadarural.com\/blog\/wp-content\/uploads\/2025\/02\/10_MiradorFraile_PozoHumos_Shootdiem_AdobeStock_336055548_WP10.webp 1024w\" sizes=\"auto, (max-width: 1024px) 100vw, 1024px\" \/><figcaption class=\"wp-element-caption\">El Pozo de los Humos, espectacular cascada de 50 metros cerca de Aldead\u00e1vila de la Ribera. Por Shootdiem.<\/figcaption><\/figure>\n\n\n\n<p>Muy cerca de Aldead\u00e1vila, a unos diez minutos en coche, se ubica <a href=\"\/blog\/el-pozo-de-los-humos\/\">el Pozo de los Humos<\/a>, otro de los principales puntos de atracci\u00f3n del parque natural. Se trata de una impresionante cascada de 50 metros en el curso del r\u00edo de las Uces, que tambi\u00e9n se puede observar desde un imponente mirador con plataforma suspendida sobre el vac\u00edo (no a tanta altura). El <strong>\u00e1rea recreativa de El Rocoso<\/strong> y la <strong>playa del Rostro<\/strong> son los espacios m\u00e1s concurridos en \u00e9poca de calor. Incluso tendremos la posibilidad de conocer el impresionante ca\u00f1\u00f3n desde otro punto de vista, a trav\u00e9s de <a href=\"\/blog\/en-catamaran-hasta-portugal\/\">cruceros panor\u00e1micos<\/a> en el barco Coraz\u00f3n de Arribes que parten desde esta playa.<\/p>\n\n\n\n<p><\/p>\n","protected":false},"excerpt":{"rendered":"<p>El mirador del Fraile es el m\u00e1s impresionante de Espa\u00f1a: una plataforma en voladizo sobre las Arribes del Duero a 300 metros de altura, no apta para gente con v\u00e9rtigo<\/p>\n","protected":false},"author":157,"featured_media":192295,"comment_status":"open","ping_status":"open","sticky":false,"template":"","format":"standard","meta":{"_acf_changed":false,"om_disable_all_campaigns":false,"footnotes":""},"categories":[191],"tags":[6129,584,5995,1832,587],"class_list":["post-192278","post","type-post","status-publish","format-standard","has-post-thumbnail","hentry","category-destinos","tag-aldeadavila-de-la-ribera","tag-arribes-del-duero","tag-que-ver-en-castilla-y-leon","tag-miradores","tag-que-ver-en-salamanca"],"acf":[],"featured_image_src":"https:\/\/www.escapadarural.com\/blog\/wp-content\/uploads\/2025\/02\/05_MiradorFraile_Pasarela2_Dudlajzov_AdobeStock_586007824_WP05.webp","author_info":{"display_name":"Miguel Perez","author_link":"https:\/\/www.escapadarural.com\/blog\/autor\/miguel-perez\/"},"yoast_head":"<!-- This site is optimized with the Yoast SEO plugin v27.5 - https:\/\/yoast.com\/product\/yoast-seo-wordpress\/ -->\n<title>El mirador del Fraile: v\u00e9rtigo a 300 metros sobre el r\u00edo Duero<\/title>\n<meta name=\"description\" content=\"El mirador del Fraile impresiona: una plataforma en voladizo sobre los Arribes del Duero a 300 metros de altura no apta para gente con v\u00e9rtigo\" \/>\n<meta name=\"robots\" content=\"index, follow, max-snippet:-1, max-image-preview:large, max-video-preview:-1\" \/>\n<link rel=\"canonical\" href=\"https:\/\/www.escapadarural.com\/blog\/el-mirador-del-fraile-arribes-del-duero\/\" \/>\n<meta property=\"og:locale\" content=\"es_ES\" \/>\n<meta property=\"og:type\" content=\"article\" \/>\n<meta property=\"og:title\" content=\"El mirador del Fraile: v\u00e9rtigo a 300 metros sobre el r\u00edo Duero\" \/>\n<meta property=\"og:description\" content=\"El mirador del Fraile impresiona: una plataforma en voladizo sobre los Arribes del Duero a 300 metros de altura no apta para gente con v\u00e9rtigo\" \/>\n<meta property=\"og:url\" content=\"https:\/\/www.escapadarural.com\/blog\/el-mirador-del-fraile-arribes-del-duero\/\" \/>\n<meta property=\"og:site_name\" content=\"Magazine de viajes de EscapadaRural\" \/>\n<meta property=\"article:publisher\" content=\"https:\/\/www.facebook.com\/escapadarural\" \/>\n<meta property=\"article:author\" content=\"#\" \/>\n<meta property=\"article:published_time\" content=\"2025-02-17T06:00:00+00:00\" \/>\n<meta property=\"article:modified_time\" content=\"2025-03-07T07:42:31+00:00\" \/>\n<meta property=\"og:image\" content=\"https:\/\/app.escapadarural.com\/blog\/wp-content\/uploads\/2025\/02\/05_MiradorFraile_Pasarela2_Dudlajzov_AdobeStock_586007824_WP05.webp\" \/>\n\t<meta property=\"og:image:width\" content=\"1024\" \/>\n\t<meta property=\"og:image:height\" content=\"684\" \/>\n\t<meta property=\"og:image:type\" content=\"image\/webp\" \/>\n<meta name=\"author\" content=\"Miguel Perez\" \/>\n<meta name=\"twitter:card\" content=\"summary_large_image\" \/>\n<meta name=\"twitter:creator\" content=\"@#\" \/>\n<meta name=\"twitter:label1\" content=\"Escrito por\" \/>\n\t<meta name=\"twitter:data1\" content=\"Miguel Perez\" \/>\n\t<meta name=\"twitter:label2\" content=\"Tiempo de lectura\" \/>\n\t<meta name=\"twitter:data2\" content=\"11 minutos\" \/>\n<script type=\"application\/ld+json\" class=\"yoast-schema-graph\">{\"@context\":\"https:\\\/\\\/schema.org\",\"@graph\":[{\"@type\":\"Article\",\"@id\":\"https:\\\/\\\/www.escapadarural.com\\\/blog\\\/el-mirador-del-fraile-arribes-del-duero\\\/#article\",\"isPartOf\":{\"@id\":\"https:\\\/\\\/www.escapadarural.com\\\/blog\\\/el-mirador-del-fraile-arribes-del-duero\\\/\"},\"author\":{\"name\":\"Miguel Perez\",\"@id\":\"https:\\\/\\\/www.escapadarural.com\\\/blog\\\/#\\\/schema\\\/person\\\/ea17306ba0ae76670daf8e5008db21dd\"},\"headline\":\"El mirador del Fraile: v\u00e9rtigo a 300 metros sobre el r\u00edo Duero\",\"datePublished\":\"2025-02-17T06:00:00+00:00\",\"dateModified\":\"2025-03-07T07:42:31+00:00\",\"mainEntityOfPage\":{\"@id\":\"https:\\\/\\\/www.escapadarural.com\\\/blog\\\/el-mirador-del-fraile-arribes-del-duero\\\/\"},\"wordCount\":1930,\"commentCount\":0,\"publisher\":{\"@id\":\"https:\\\/\\\/www.escapadarural.com\\\/blog\\\/#organization\"},\"image\":{\"@id\":\"https:\\\/\\\/www.escapadarural.com\\\/blog\\\/el-mirador-del-fraile-arribes-del-duero\\\/#primaryimage\"},\"thumbnailUrl\":\"https:\\\/\\\/www.escapadarural.com\\\/blog\\\/wp-content\\\/uploads\\\/2025\\\/02\\\/05_MiradorFraile_Pasarela2_Dudlajzov_AdobeStock_586007824_WP05.webp\",\"keywords\":[\"Aldead\u00e1vila de la Ribera\",\"Arribes del Duero\",\"Castilla y Le\u00f3n\",\"miradores\",\"Salamanca\"],\"articleSection\":[\"Destinos\"],\"inLanguage\":\"es\",\"potentialAction\":[{\"@type\":\"CommentAction\",\"name\":\"Comment\",\"target\":[\"https:\\\/\\\/www.escapadarural.com\\\/blog\\\/el-mirador-del-fraile-arribes-del-duero\\\/#respond\"]}]},{\"@type\":\"WebPage\",\"@id\":\"https:\\\/\\\/www.escapadarural.com\\\/blog\\\/el-mirador-del-fraile-arribes-del-duero\\\/\",\"url\":\"https:\\\/\\\/www.escapadarural.com\\\/blog\\\/el-mirador-del-fraile-arribes-del-duero\\\/\",\"name\":\"El mirador del Fraile: v\u00e9rtigo a 300 metros sobre el r\u00edo Duero\",\"isPartOf\":{\"@id\":\"https:\\\/\\\/www.escapadarural.com\\\/blog\\\/#website\"},\"primaryImageOfPage\":{\"@id\":\"https:\\\/\\\/www.escapadarural.com\\\/blog\\\/el-mirador-del-fraile-arribes-del-duero\\\/#primaryimage\"},\"image\":{\"@id\":\"https:\\\/\\\/www.escapadarural.com\\\/blog\\\/el-mirador-del-fraile-arribes-del-duero\\\/#primaryimage\"},\"thumbnailUrl\":\"https:\\\/\\\/www.escapadarural.com\\\/blog\\\/wp-content\\\/uploads\\\/2025\\\/02\\\/05_MiradorFraile_Pasarela2_Dudlajzov_AdobeStock_586007824_WP05.webp\",\"datePublished\":\"2025-02-17T06:00:00+00:00\",\"dateModified\":\"2025-03-07T07:42:31+00:00\",\"description\":\"El mirador del Fraile impresiona: una plataforma en voladizo sobre los Arribes del Duero a 300 metros de altura no apta para gente con v\u00e9rtigo\",\"breadcrumb\":{\"@id\":\"https:\\\/\\\/www.escapadarural.com\\\/blog\\\/el-mirador-del-fraile-arribes-del-duero\\\/#breadcrumb\"},\"inLanguage\":\"es\",\"potentialAction\":[{\"@type\":\"ReadAction\",\"target\":[\"https:\\\/\\\/www.escapadarural.com\\\/blog\\\/el-mirador-del-fraile-arribes-del-duero\\\/\"]}]},{\"@type\":\"ImageObject\",\"inLanguage\":\"es\",\"@id\":\"https:\\\/\\\/www.escapadarural.com\\\/blog\\\/el-mirador-del-fraile-arribes-del-duero\\\/#primaryimage\",\"url\":\"https:\\\/\\\/www.escapadarural.com\\\/blog\\\/wp-content\\\/uploads\\\/2025\\\/02\\\/05_MiradorFraile_Pasarela2_Dudlajzov_AdobeStock_586007824_WP05.webp\",\"contentUrl\":\"https:\\\/\\\/www.escapadarural.com\\\/blog\\\/wp-content\\\/uploads\\\/2025\\\/02\\\/05_MiradorFraile_Pasarela2_Dudlajzov_AdobeStock_586007824_WP05.webp\",\"width\":1024,\"height\":684,\"caption\":\"La pasarela en voladizo del mirador del Fraile tiene 12 metros de largo. Por Dudlajzov.\"},{\"@type\":\"BreadcrumbList\",\"@id\":\"https:\\\/\\\/www.escapadarural.com\\\/blog\\\/el-mirador-del-fraile-arribes-del-duero\\\/#breadcrumb\",\"itemListElement\":[{\"@type\":\"ListItem\",\"position\":1,\"name\":\"Inicio\",\"item\":\"https:\\\/\\\/www.escapadarural.com\\\/blog\\\/\"},{\"@type\":\"ListItem\",\"position\":2,\"name\":\"Destinos\",\"item\":\"https:\\\/\\\/www.escapadarural.com\\\/blog\\\/categoria\\\/destinos\\\/\"},{\"@type\":\"ListItem\",\"position\":3,\"name\":\"El mirador del Fraile: v\u00e9rtigo a 300 metros sobre el r\u00edo Duero\"}]},{\"@type\":\"WebSite\",\"@id\":\"https:\\\/\\\/www.escapadarural.com\\\/blog\\\/#website\",\"url\":\"https:\\\/\\\/www.escapadarural.com\\\/blog\\\/\",\"name\":\"Blog de viajes | turismo rural, alojamientos e inspiraci\u00f3n\",\"description\":\"Alojamientos rurales e inspiraci\u00f3n para tus escapadas\",\"publisher\":{\"@id\":\"https:\\\/\\\/www.escapadarural.com\\\/blog\\\/#organization\"},\"alternateName\":\"Magazine de viajes de EscapadaRural\",\"potentialAction\":[{\"@type\":\"SearchAction\",\"target\":{\"@type\":\"EntryPoint\",\"urlTemplate\":\"https:\\\/\\\/www.escapadarural.com\\\/blog\\\/?s={search_term_string}\"},\"query-input\":{\"@type\":\"PropertyValueSpecification\",\"valueRequired\":true,\"valueName\":\"search_term_string\"}}],\"inLanguage\":\"es\"},{\"@type\":\"Organization\",\"@id\":\"https:\\\/\\\/www.escapadarural.com\\\/blog\\\/#organization\",\"name\":\"EscapadaRural\",\"url\":\"https:\\\/\\\/www.escapadarural.com\\\/blog\\\/\",\"logo\":{\"@type\":\"ImageObject\",\"inLanguage\":\"es\",\"@id\":\"https:\\\/\\\/www.escapadarural.com\\\/blog\\\/#\\\/schema\\\/logo\\\/image\\\/\",\"url\":\"https:\\\/\\\/www.escapadarural.com\\\/blog\\\/wp-content\\\/uploads\\\/2024\\\/10\\\/cropped-cropped-escapada-rural-icon-mag-3.png\",\"contentUrl\":\"https:\\\/\\\/www.escapadarural.com\\\/blog\\\/wp-content\\\/uploads\\\/2024\\\/10\\\/cropped-cropped-escapada-rural-icon-mag-3.png\",\"width\":512,\"height\":512,\"caption\":\"EscapadaRural\"},\"image\":{\"@id\":\"https:\\\/\\\/www.escapadarural.com\\\/blog\\\/#\\\/schema\\\/logo\\\/image\\\/\"},\"sameAs\":[\"https:\\\/\\\/www.facebook.com\\\/escapadarural\",\"https:\\\/\\\/www.instagram.com\\\/escapadarural\\\/\",\"https:\\\/\\\/www.youtube.com\\\/@escapadaruralcom\"]},{\"@type\":\"Person\",\"@id\":\"https:\\\/\\\/www.escapadarural.com\\\/blog\\\/#\\\/schema\\\/person\\\/ea17306ba0ae76670daf8e5008db21dd\",\"name\":\"Miguel Perez\",\"image\":{\"@type\":\"ImageObject\",\"inLanguage\":\"es\",\"@id\":\"https:\\\/\\\/www.escapadarural.com\\\/blog\\\/wp-content\\\/uploads\\\/2024\\\/11\\\/cropped-Miguel-Perez-96x96.jpg\",\"url\":\"https:\\\/\\\/www.escapadarural.com\\\/blog\\\/wp-content\\\/uploads\\\/2024\\\/11\\\/cropped-Miguel-Perez-96x96.jpg\",\"contentUrl\":\"https:\\\/\\\/www.escapadarural.com\\\/blog\\\/wp-content\\\/uploads\\\/2024\\\/11\\\/cropped-Miguel-Perez-96x96.jpg\",\"caption\":\"Miguel Perez\"},\"description\":\"Me encanta el f\u00fatbol, leer, viajar, descubrir nuevos destinos y cont\u00e1rtelos\",\"sameAs\":[\"#\",\"https:\\\/\\\/x.com\\\/#\"],\"url\":\"https:\\\/\\\/www.escapadarural.com\\\/blog\\\/autor\\\/miguel-perez\\\/\"}]}<\/script>\n<!-- \/ Yoast SEO plugin. -->","yoast_head_json":{"title":"El mirador del Fraile: v\u00e9rtigo a 300 metros sobre el r\u00edo Duero","description":"El mirador del Fraile impresiona: una plataforma en voladizo sobre los Arribes del Duero a 300 metros de altura no apta para gente con v\u00e9rtigo","robots":{"index":"index","follow":"follow","max-snippet":"max-snippet:-1","max-image-preview":"max-image-preview:large","max-video-preview":"max-video-preview:-1"},"canonical":"https:\/\/www.escapadarural.com\/blog\/el-mirador-del-fraile-arribes-del-duero\/","og_locale":"es_ES","og_type":"article","og_title":"El mirador del Fraile: v\u00e9rtigo a 300 metros sobre el r\u00edo Duero","og_description":"El mirador del Fraile impresiona: una plataforma en voladizo sobre los Arribes del Duero a 300 metros de altura no apta para gente con v\u00e9rtigo","og_url":"https:\/\/www.escapadarural.com\/blog\/el-mirador-del-fraile-arribes-del-duero\/","og_site_name":"Magazine de viajes de EscapadaRural","article_publisher":"https:\/\/www.facebook.com\/escapadarural","article_author":"#","article_published_time":"2025-02-17T06:00:00+00:00","article_modified_time":"2025-03-07T07:42:31+00:00","og_image":[{"width":1024,"height":684,"url":"https:\/\/app.escapadarural.com\/blog\/wp-content\/uploads\/2025\/02\/05_MiradorFraile_Pasarela2_Dudlajzov_AdobeStock_586007824_WP05.webp","type":"image\/webp"}],"author":"Miguel Perez","twitter_card":"summary_large_image","twitter_creator":"@#","twitter_misc":{"Escrito por":"Miguel Perez","Tiempo de lectura":"11 minutos"},"schema":{"@context":"https:\/\/schema.org","@graph":[{"@type":"Article","@id":"https:\/\/www.escapadarural.com\/blog\/el-mirador-del-fraile-arribes-del-duero\/#article","isPartOf":{"@id":"https:\/\/www.escapadarural.com\/blog\/el-mirador-del-fraile-arribes-del-duero\/"},"author":{"name":"Miguel Perez","@id":"https:\/\/www.escapadarural.com\/blog\/#\/schema\/person\/ea17306ba0ae76670daf8e5008db21dd"},"headline":"El mirador del Fraile: v\u00e9rtigo a 300 metros sobre el r\u00edo Duero","datePublished":"2025-02-17T06:00:00+00:00","dateModified":"2025-03-07T07:42:31+00:00","mainEntityOfPage":{"@id":"https:\/\/www.escapadarural.com\/blog\/el-mirador-del-fraile-arribes-del-duero\/"},"wordCount":1930,"commentCount":0,"publisher":{"@id":"https:\/\/www.escapadarural.com\/blog\/#organization"},"image":{"@id":"https:\/\/www.escapadarural.com\/blog\/el-mirador-del-fraile-arribes-del-duero\/#primaryimage"},"thumbnailUrl":"https:\/\/www.escapadarural.com\/blog\/wp-content\/uploads\/2025\/02\/05_MiradorFraile_Pasarela2_Dudlajzov_AdobeStock_586007824_WP05.webp","keywords":["Aldead\u00e1vila de la Ribera","Arribes del Duero","Castilla y Le\u00f3n","miradores","Salamanca"],"articleSection":["Destinos"],"inLanguage":"es","potentialAction":[{"@type":"CommentAction","name":"Comment","target":["https:\/\/www.escapadarural.com\/blog\/el-mirador-del-fraile-arribes-del-duero\/#respond"]}]},{"@type":"WebPage","@id":"https:\/\/www.escapadarural.com\/blog\/el-mirador-del-fraile-arribes-del-duero\/","url":"https:\/\/www.escapadarural.com\/blog\/el-mirador-del-fraile-arribes-del-duero\/","name":"El mirador del Fraile: v\u00e9rtigo a 300 metros sobre el r\u00edo Duero","isPartOf":{"@id":"https:\/\/www.escapadarural.com\/blog\/#website"},"primaryImageOfPage":{"@id":"https:\/\/www.escapadarural.com\/blog\/el-mirador-del-fraile-arribes-del-duero\/#primaryimage"},"image":{"@id":"https:\/\/www.escapadarural.com\/blog\/el-mirador-del-fraile-arribes-del-duero\/#primaryimage"},"thumbnailUrl":"https:\/\/www.escapadarural.com\/blog\/wp-content\/uploads\/2025\/02\/05_MiradorFraile_Pasarela2_Dudlajzov_AdobeStock_586007824_WP05.webp","datePublished":"2025-02-17T06:00:00+00:00","dateModified":"2025-03-07T07:42:31+00:00","description":"El mirador del Fraile impresiona: una plataforma en voladizo sobre los Arribes del Duero a 300 metros de altura no apta para gente con v\u00e9rtigo","breadcrumb":{"@id":"https:\/\/www.escapadarural.com\/blog\/el-mirador-del-fraile-arribes-del-duero\/#breadcrumb"},"inLanguage":"es","potentialAction":[{"@type":"ReadAction","target":["https:\/\/www.escapadarural.com\/blog\/el-mirador-del-fraile-arribes-del-duero\/"]}]},{"@type":"ImageObject","inLanguage":"es","@id":"https:\/\/www.escapadarural.com\/blog\/el-mirador-del-fraile-arribes-del-duero\/#primaryimage","url":"https:\/\/www.escapadarural.com\/blog\/wp-content\/uploads\/2025\/02\/05_MiradorFraile_Pasarela2_Dudlajzov_AdobeStock_586007824_WP05.webp","contentUrl":"https:\/\/www.escapadarural.com\/blog\/wp-content\/uploads\/2025\/02\/05_MiradorFraile_Pasarela2_Dudlajzov_AdobeStock_586007824_WP05.webp","width":1024,"height":684,"caption":"La pasarela en voladizo del mirador del Fraile tiene 12 metros de largo. Por Dudlajzov."},{"@type":"BreadcrumbList","@id":"https:\/\/www.escapadarural.com\/blog\/el-mirador-del-fraile-arribes-del-duero\/#breadcrumb","itemListElement":[{"@type":"ListItem","position":1,"name":"Inicio","item":"https:\/\/www.escapadarural.com\/blog\/"},{"@type":"ListItem","position":2,"name":"Destinos","item":"https:\/\/www.escapadarural.com\/blog\/categoria\/destinos\/"},{"@type":"ListItem","position":3,"name":"El mirador del Fraile: v\u00e9rtigo a 300 metros sobre el r\u00edo Duero"}]},{"@type":"WebSite","@id":"https:\/\/www.escapadarural.com\/blog\/#website","url":"https:\/\/www.escapadarural.com\/blog\/","name":"Blog de viajes | turismo rural, alojamientos e inspiraci\u00f3n","description":"Alojamientos rurales e inspiraci\u00f3n para tus escapadas","publisher":{"@id":"https:\/\/www.escapadarural.com\/blog\/#organization"},"alternateName":"Magazine de viajes de EscapadaRural","potentialAction":[{"@type":"SearchAction","target":{"@type":"EntryPoint","urlTemplate":"https:\/\/www.escapadarural.com\/blog\/?s={search_term_string}"},"query-input":{"@type":"PropertyValueSpecification","valueRequired":true,"valueName":"search_term_string"}}],"inLanguage":"es"},{"@type":"Organization","@id":"https:\/\/www.escapadarural.com\/blog\/#organization","name":"EscapadaRural","url":"https:\/\/www.escapadarural.com\/blog\/","logo":{"@type":"ImageObject","inLanguage":"es","@id":"https:\/\/www.escapadarural.com\/blog\/#\/schema\/logo\/image\/","url":"https:\/\/www.escapadarural.com\/blog\/wp-content\/uploads\/2024\/10\/cropped-cropped-escapada-rural-icon-mag-3.png","contentUrl":"https:\/\/www.escapadarural.com\/blog\/wp-content\/uploads\/2024\/10\/cropped-cropped-escapada-rural-icon-mag-3.png","width":512,"height":512,"caption":"EscapadaRural"},"image":{"@id":"https:\/\/www.escapadarural.com\/blog\/#\/schema\/logo\/image\/"},"sameAs":["https:\/\/www.facebook.com\/escapadarural","https:\/\/www.instagram.com\/escapadarural\/","https:\/\/www.youtube.com\/@escapadaruralcom"]},{"@type":"Person","@id":"https:\/\/www.escapadarural.com\/blog\/#\/schema\/person\/ea17306ba0ae76670daf8e5008db21dd","name":"Miguel Perez","image":{"@type":"ImageObject","inLanguage":"es","@id":"https:\/\/www.escapadarural.com\/blog\/wp-content\/uploads\/2024\/11\/cropped-Miguel-Perez-96x96.jpg","url":"https:\/\/www.escapadarural.com\/blog\/wp-content\/uploads\/2024\/11\/cropped-Miguel-Perez-96x96.jpg","contentUrl":"https:\/\/www.escapadarural.com\/blog\/wp-content\/uploads\/2024\/11\/cropped-Miguel-Perez-96x96.jpg","caption":"Miguel Perez"},"description":"Me encanta el f\u00fatbol, leer, viajar, descubrir nuevos destinos y cont\u00e1rtelos","sameAs":["#","https:\/\/x.com\/#"],"url":"https:\/\/www.escapadarural.com\/blog\/autor\/miguel-perez\/"}]}},"_links":{"self":[{"href":"https:\/\/www.escapadarural.com\/blog\/wp-json\/wp\/v2\/posts\/192278","targetHints":{"allow":["GET"]}}],"collection":[{"href":"https:\/\/www.escapadarural.com\/blog\/wp-json\/wp\/v2\/posts"}],"about":[{"href":"https:\/\/www.escapadarural.com\/blog\/wp-json\/wp\/v2\/types\/post"}],"author":[{"embeddable":true,"href":"https:\/\/www.escapadarural.com\/blog\/wp-json\/wp\/v2\/users\/157"}],"replies":[{"embeddable":true,"href":"https:\/\/www.escapadarural.com\/blog\/wp-json\/wp\/v2\/comments?post=192278"}],"version-history":[{"count":0,"href":"https:\/\/www.escapadarural.com\/blog\/wp-json\/wp\/v2\/posts\/192278\/revisions"}],"wp:featuredmedia":[{"embeddable":true,"href":"https:\/\/www.escapadarural.com\/blog\/wp-json\/wp\/v2\/media\/192295"}],"wp:attachment":[{"href":"https:\/\/www.escapadarural.com\/blog\/wp-json\/wp\/v2\/media?parent=192278"}],"wp:term":[{"taxonomy":"category","embeddable":true,"href":"https:\/\/www.escapadarural.com\/blog\/wp-json\/wp\/v2\/categories?post=192278"},{"taxonomy":"post_tag","embeddable":true,"href":"https:\/\/www.escapadarural.com\/blog\/wp-json\/wp\/v2\/tags?post=192278"}],"curies":[{"name":"wp","href":"https:\/\/api.w.org\/{rel}","templated":true}]}}