{"id":192432,"date":"2025-03-08T08:00:00","date_gmt":"2025-03-08T06:00:00","guid":{"rendered":"https:\/\/www.escapadarural.com\/blog\/?p=192432"},"modified":"2025-03-07T13:54:11","modified_gmt":"2025-03-07T11:54:11","slug":"carche-sierra-murciana-habla-valenciano","status":"publish","type":"post","link":"https:\/\/www.escapadarural.com\/blog\/carche-sierra-murciana-habla-valenciano\/","title":{"rendered":"Rutas por El Carche, la sierra murciana en la que se habla valenciano"},"content":{"rendered":"\n<figure class=\"wp-block-image size-large\"><img loading=\"lazy\" decoding=\"async\" width=\"1024\" height=\"683\" src=\"https:\/\/www.escapadarural.com\/blog\/wp-content\/uploads\/2025\/02\/Sierra_del_Carche_Jumilla-1024x683.jpg\" alt=\"Sierra del Carche | \nPor Justo7070 (Wikipedia)\" class=\"wp-image-192479\" srcset=\"https:\/\/www.escapadarural.com\/blog\/wp-content\/uploads\/2025\/02\/Sierra_del_Carche_Jumilla-200x133.jpg 200w, https:\/\/www.escapadarural.com\/blog\/wp-content\/uploads\/2025\/02\/Sierra_del_Carche_Jumilla-300x200.jpg 300w, https:\/\/www.escapadarural.com\/blog\/wp-content\/uploads\/2025\/02\/Sierra_del_Carche_Jumilla-400x267.jpg 400w, https:\/\/www.escapadarural.com\/blog\/wp-content\/uploads\/2025\/02\/Sierra_del_Carche_Jumilla-600x400.jpg 600w, https:\/\/www.escapadarural.com\/blog\/wp-content\/uploads\/2025\/02\/Sierra_del_Carche_Jumilla-768x512.jpg 768w, https:\/\/www.escapadarural.com\/blog\/wp-content\/uploads\/2025\/02\/Sierra_del_Carche_Jumilla-800x533.jpg 800w, https:\/\/www.escapadarural.com\/blog\/wp-content\/uploads\/2025\/02\/Sierra_del_Carche_Jumilla-1024x683.jpg 1024w, https:\/\/www.escapadarural.com\/blog\/wp-content\/uploads\/2025\/02\/Sierra_del_Carche_Jumilla-1200x800.jpg 1200w, https:\/\/www.escapadarural.com\/blog\/wp-content\/uploads\/2025\/02\/Sierra_del_Carche_Jumilla.jpg 1536w\" sizes=\"auto, (max-width: 1024px) 100vw, 1024px\" \/><figcaption class=\"wp-element-caption\">Sierra del Carche, Murcia. <a href=\"https:\/\/es.wikipedia.org\/wiki\/Sierra_del_Carche#\/media\/Archivo:Sierra_del_Carche_Jumilla.jpg\" target=\"_blank\" rel=\"noreferrer noopener nofollow\">Por Justo7070 (Wikipedia)<\/a><\/figcaption><\/figure>\n\n\n\n<p>El valenciano es la lengua oficial de la Comunidad Valenciana. Pero los <strong>sistemas culturales de los pueblos<\/strong> a menudo desdibujan las <a href=\"https:\/\/www.escapadarural.com\/blog\/monumentos-arte-en-la-frontera-espana\/\">fronteras<\/a> administrativas. Es lo que pasa en la sierra del Carche, un conjunto monta\u00f1oso que pertenece a Murcia. Se alza como l\u00edmite geogr\u00e1fico con la provincia de Alicante y aqu\u00ed, curiosamente, se puede escuchar hablar una variante dialectal del catal\u00e1n.<\/p>\n\n\n\n<p>Y es que, cuando viajamos a zonas rurales, cada persona tiene sus razones. O puede ser una amalgama de ellas. Por los paisajes, por la gastronom\u00eda, por sus encantos naturales, por el clima y, por supuesto, para <strong>acercarnos a la cultura aut\u00f3ctona<\/strong>. Nos adentramos en la sierra del Carche para caminar por sus senderos. <a href=\"https:\/\/www.escapadarural.com\/blog\/pueblos-que-visitar-puente-de-octubre\/\" title=\"3 pueblos de cuento que visitar en el puente de octubre\"  data-wpil-monitor-id=\"781\">Visitaremos los pueblos<\/a> que le rodean para escuchar un <strong>valenciano un tanto peculiar<\/strong>.<\/p>\n\n\n\n<div class=\"wp-block-buttons is-layout-flex wp-block-buttons-is-layout-flex\">\n<div class=\"wp-block-button\"><a class=\"wp-block-button__link wp-element-button\" href=\"\/casas-rurales\/sierra-del-carche\">Alojamientos rurales en la sierra del Carche<\/a><\/div>\n<\/div>\n\n\n\n<h2 class=\"wp-block-heading\" id=\"h-por-que-se-habla-valenciano-en-murcia\"><strong>\u00bfPor qu\u00e9 se habla valenciano en Murcia?<\/strong><\/h2>\n\n\n\n<p>Raspay es una localidad y pedan\u00eda que pertenece al municipio de <a href=\"\/casas-rurales\/yecla\" target=\"_blank\" rel=\"noreferrer noopener\">Yecla<\/a>, en la <a href=\"\/casas-rurales\/murcia\">Regi\u00f3n de Murcia<\/a>. Seg\u00fan los \u00faltimos datos del Instituto Nacional de Estad\u00edstica, apenas tiene 121 habitantes. Si uno pasea por sus calles con calma y afina el o\u00eddo puede pensar que se ha colado en una peque\u00f1a Torre de Babel. Se puede escuchar a sus habitantes hablar en castellano, en ingl\u00e9s y en valenciano. Todo tiene un motivo. <strong>El ingl\u00e9s se habla porque tiene una creciente comunidad brit\u00e1nica<\/strong> que ha decidido mudarse a un clima aparentemente m\u00e1s benigno por poco dinero. Aunque hay que decir que aqu\u00ed los veranos son realmente t\u00f3rridos.<\/p>\n\n\n\n<figure class=\"wp-block-image size-full\"><img loading=\"lazy\" decoding=\"async\" width=\"1024\" height=\"768\" src=\"https:\/\/www.escapadarural.com\/blog\/wp-content\/uploads\/2025\/03\/El_Raspai_3.webp\" alt=\"El Raspay, Regi\u00f3n de Murcia\" class=\"wp-image-194848\" srcset=\"https:\/\/www.escapadarural.com\/blog\/wp-content\/uploads\/2025\/03\/El_Raspai_3-200x150.webp 200w, https:\/\/www.escapadarural.com\/blog\/wp-content\/uploads\/2025\/03\/El_Raspai_3-300x225.webp 300w, https:\/\/www.escapadarural.com\/blog\/wp-content\/uploads\/2025\/03\/El_Raspai_3-400x300.webp 400w, https:\/\/www.escapadarural.com\/blog\/wp-content\/uploads\/2025\/03\/El_Raspai_3-600x450.webp 600w, https:\/\/www.escapadarural.com\/blog\/wp-content\/uploads\/2025\/03\/El_Raspai_3-768x576.webp 768w, https:\/\/www.escapadarural.com\/blog\/wp-content\/uploads\/2025\/03\/El_Raspai_3-800x600.webp 800w, https:\/\/www.escapadarural.com\/blog\/wp-content\/uploads\/2025\/03\/El_Raspai_3.webp 1024w\" sizes=\"auto, (max-width: 1024px) 100vw, 1024px\" \/><figcaption class=\"wp-element-caption\">El Raspay, Regi\u00f3n de Murcia. Por <a href=\"https:\/\/commons.wikimedia.org\/wiki\/Category:Raspay#\/media\/File:El_Raspai_(3).jpg\" target=\"_blank\" rel=\"noreferrer noopener nofollow\">Francesc Fort <\/a><\/figcaption><\/figure>\n\n\n\n<p>Por otro lado, el valenciano est\u00e1 presente porque, hacia el siglo XIX, llegaron muchos vecinos del valle del <a href=\"https:\/\/www.escapadarural.com\/blog\/vinalopo-cuna-de-la-uva-de-nochevieja\/\">Vinalop\u00f3<\/a>, una zona valenciano-parlante de <a href=\"https:\/\/www.escapadarural.com\/blog\/rutas-de-senderismo-en-alicante\/\">Alicante<\/a>. La lengua propia de los valencianos <strong>se extendi\u00f3 por hasta 22 poblaciones pr\u00f3ximas a la sierra del Carche<\/strong> y hoy todav\u00eda sobrevive, en mayor o menor medida, en <a href=\"\/casas-rurales\/raspay\">Raspay<\/a>, Torre del Rico, El Carche, Ca\u00f1ada de Trigo o Ca\u00f1ada de Le\u00f1a. Hay que decir que el valenciano que se escucha por estos lares <strong>no es oficial ni normativo<\/strong>. Est\u00e1 lleno de barbarismos y castellanismos, ya que no se ha estudiado en la escuela, sino que <strong>se ha transmitido de forma oral en las familias<\/strong>. As\u00ed que abst\u00e9nganse los puristas de la lengua.<\/p>\n\n\n\n<blockquote class=\"wp-block-quote is-layout-flow wp-block-quote-is-layout-flow\">\n<p>El valenciano que se escucha por estos lares no es oficial ni normativo. Est\u00e1 lleno de barbarismos y castellanismos, ya que no se ha estudiado en la escuela, sino que se ha transmitido de forma oral en las familias<\/p>\n<\/blockquote>\n\n\n\n<p>Desde instituciones como la <a href=\"https:\/\/www.avl.gva.es\/\" target=\"_blank\" rel=\"noreferrer noopener nofollow\">Acad\u00e8mia Valenciana de la Llengua<\/a> (AVL) se han impartido clases a petici\u00f3n de los ayuntamientos locales durante a\u00f1os. No obstante, siempre se topan con un obst\u00e1culo: la dificultad de encontrar profesorado. El alumnado interesado suelen ser <strong>personas que quieren perfeccionar la lengua<\/strong> para opositar en administraciones alicantinas cercanas en las que es un requisito.<\/p>\n\n\n\n<figure class=\"wp-block-image size-large\"><img loading=\"lazy\" decoding=\"async\" width=\"1024\" height=\"683\" src=\"https:\/\/www.escapadarural.com\/blog\/wp-content\/uploads\/2025\/02\/AdobeStock_481986331_Editorial_Use_Only-1024x683.jpeg\" alt=\"Bodega Casa de la Ermita, a los pies del Parque Regional de la Sierra del Carche. Por M. Cuadro\" class=\"wp-image-192472\" srcset=\"https:\/\/www.escapadarural.com\/blog\/wp-content\/uploads\/2025\/02\/AdobeStock_481986331_Editorial_Use_Only-200x133.jpeg 200w, https:\/\/www.escapadarural.com\/blog\/wp-content\/uploads\/2025\/02\/AdobeStock_481986331_Editorial_Use_Only-300x200.jpeg 300w, https:\/\/www.escapadarural.com\/blog\/wp-content\/uploads\/2025\/02\/AdobeStock_481986331_Editorial_Use_Only-400x267.jpeg 400w, https:\/\/www.escapadarural.com\/blog\/wp-content\/uploads\/2025\/02\/AdobeStock_481986331_Editorial_Use_Only-600x400.jpeg 600w, https:\/\/www.escapadarural.com\/blog\/wp-content\/uploads\/2025\/02\/AdobeStock_481986331_Editorial_Use_Only-768x512.jpeg 768w, https:\/\/www.escapadarural.com\/blog\/wp-content\/uploads\/2025\/02\/AdobeStock_481986331_Editorial_Use_Only-800x533.jpeg 800w, https:\/\/www.escapadarural.com\/blog\/wp-content\/uploads\/2025\/02\/AdobeStock_481986331_Editorial_Use_Only-1024x683.jpeg 1024w, https:\/\/www.escapadarural.com\/blog\/wp-content\/uploads\/2025\/02\/AdobeStock_481986331_Editorial_Use_Only-1200x800.jpeg 1200w, https:\/\/www.escapadarural.com\/blog\/wp-content\/uploads\/2025\/02\/AdobeStock_481986331_Editorial_Use_Only-1536x1024.jpeg 1536w\" sizes=\"auto, (max-width: 1024px) 100vw, 1024px\" \/><figcaption class=\"wp-element-caption\">Bodega Casa de la Ermita, a los pies del Parque Regional de la Sierra del Carche. Por M. Cuadro<\/figcaption><\/figure>\n\n\n\n<p>Es curioso comprobar que esta <strong>isla ling\u00fc\u00edstica enclavada en Murcia<\/strong> est\u00e1 cerca de municipios de la provincia de Alicante en los que pr\u00e1cticamente ya nada se habla el valenciano. Por ejemplo, <a href=\"\/casas-rurales\/elda\" target=\"_blank\" rel=\"noreferrer noopener\">Elda<\/a>, Sax o <a href=\"\/casas-rurales\/villena\" target=\"_blank\" rel=\"noreferrer noopener\">Villena<\/a>.<\/p>\n\n\n\n<h2 class=\"wp-block-heading\" id=\"h-rutas-por-la-sierra-del-carche\"><strong>Rutas por la sierra del Carche<\/strong><\/h2>\n\n\n\n<p>Adem\u00e1s de visitar los <strong>pueblos que rodean a la sierra del Carche<\/strong> y comprobar que a\u00fan perdura un valenciano especial, sus monta\u00f1as son un buen sitio para estirar las piernas y hacer algo de deporte en plena naturaleza. El parque regional incluye las sierras del Carche, de las Pansas y el Cabezo de la Rosa, que es <strong>Lugar de Inter\u00e9s Geol\u00f3gico<\/strong> (LIG) y forma parte de la Red Natura 2000.<\/p>\n\n\n\n<figure class=\"wp-block-image size-large\"><img loading=\"lazy\" decoding=\"async\" width=\"1024\" height=\"684\" src=\"https:\/\/www.escapadarural.com\/blog\/wp-content\/uploads\/2025\/03\/AdobeStock_408293720-1024x684.webp\" alt=\"Sierra junto a Jumilla, en Regi\u00f3n de Murcia\" class=\"wp-image-195081\" srcset=\"https:\/\/www.escapadarural.com\/blog\/wp-content\/uploads\/2025\/03\/AdobeStock_408293720-200x134.webp 200w, https:\/\/www.escapadarural.com\/blog\/wp-content\/uploads\/2025\/03\/AdobeStock_408293720-300x200.webp 300w, https:\/\/www.escapadarural.com\/blog\/wp-content\/uploads\/2025\/03\/AdobeStock_408293720-400x267.webp 400w, https:\/\/www.escapadarural.com\/blog\/wp-content\/uploads\/2025\/03\/AdobeStock_408293720-600x401.webp 600w, https:\/\/www.escapadarural.com\/blog\/wp-content\/uploads\/2025\/03\/AdobeStock_408293720-768x513.webp 768w, https:\/\/www.escapadarural.com\/blog\/wp-content\/uploads\/2025\/03\/AdobeStock_408293720-800x534.webp 800w, https:\/\/www.escapadarural.com\/blog\/wp-content\/uploads\/2025\/03\/AdobeStock_408293720-1024x684.webp 1024w, https:\/\/www.escapadarural.com\/blog\/wp-content\/uploads\/2025\/03\/AdobeStock_408293720-1200x802.webp 1200w, https:\/\/www.escapadarural.com\/blog\/wp-content\/uploads\/2025\/03\/AdobeStock_408293720-1536x1026.webp 1536w\" sizes=\"auto, (max-width: 1024px) 100vw, 1024px\" \/><figcaption class=\"wp-element-caption\">Sierra junto a Jumilla, Regi\u00f3n de Murcia. Por Stefan Bremer\/Wirestock<\/figcaption><\/figure>\n\n\n\n<p>En verano hace calor, as\u00ed que se recomienda evitar esta estaci\u00f3n para <strong>recorrer sus pistas y senderos<\/strong>. En todo caso, siempre debes protegerte bien del sol. Adem\u00e1s, es conveniente ir con buenas dosis de agua en la cantimplora por su falta de fuentes. Apenas hay alg\u00fan peque\u00f1o manantial intermitente, en el que no brota agua todo el a\u00f1o. Aqu\u00ed te dejamos algunas de las mejores rutas para conocer la sierra del Carche.<\/p>\n\n\n\n<h2 class=\"wp-block-heading\" id=\"h-subida-a-la-madama\"><strong>Subida a la Madama<\/strong><\/h2>\n\n\n\n<p>El pico de la Madama o Carche es el <strong>punto m\u00e1s alto de la sierra<\/strong>, con sus 1.371 metros de altitud. Una ruta interesante para coronarlo es la que parte desde la entrada noroeste del parque, donde est\u00e1 el aparcamiento. Pasa por el collado del Pozo de la Nieve, un interesante lugar que nos recuerda al momento en el que no hab\u00eda congeladores en las casas y hab\u00eda que fabricar el hielo con estas construcciones.<\/p>\n\n\n<div style=\"background-color: #dff0d8; color: #3c763d; border-left-color: #3c763d; \" class=\"ub-styled-box ub-notification-box wp-block-ub-styled-box\" id=\"ub-styled-box-c93665cb-af1b-4ff2-8ea3-6e2dcde66e12\">\n<p id=\"ub-styled-box-notification-content-\"><strong>Longitud<\/strong>: 20 kil\u00f3metros<\/p>\n\n\n\n<p><strong>Dificultad<\/strong>: media\/alta<\/p>\n\n\n\n<p><strong>Tipo de ruta<\/strong>: circular<\/p>\n\n\n<\/div>\n\n\n<p>En la cima, ver\u00e9is un refugio de madera que est\u00e1 muy bien conservado y con unas espectaculares <strong>vistas de 360 grados del entorno<\/strong>. Ideal para almorzar o, incluso, pasar la noche. Acabamos pasando por el albergue de la Pe\u00f1a antes de volver al coche. La ruta son unos 20 kil\u00f3metros con un desnivel positivo de 900 metros, que se completan en unas cinco horas. Pod\u00e9is seguirla con este <a href=\"https:\/\/es.wikiloc.com\/rutas-senderismo\/la-madama-sierra-del-carche-1728642\" target=\"_blank\" rel=\"noreferrer noopener nofollow\">track<\/a>.<\/p>\n\n\n\n<figure class=\"wp-block-image size-full\"><img loading=\"lazy\" decoding=\"async\" width=\"1024\" height=\"682\" src=\"https:\/\/www.escapadarural.com\/blog\/wp-content\/uploads\/2025\/03\/jumilla-murcia.webp\" alt=\"Jumilla, Regi\u00f3n de Murcia\" class=\"wp-image-194871\" srcset=\"https:\/\/www.escapadarural.com\/blog\/wp-content\/uploads\/2025\/03\/jumilla-murcia-200x133.webp 200w, https:\/\/www.escapadarural.com\/blog\/wp-content\/uploads\/2025\/03\/jumilla-murcia-300x200.webp 300w, https:\/\/www.escapadarural.com\/blog\/wp-content\/uploads\/2025\/03\/jumilla-murcia-400x266.webp 400w, https:\/\/www.escapadarural.com\/blog\/wp-content\/uploads\/2025\/03\/jumilla-murcia-600x400.webp 600w, https:\/\/www.escapadarural.com\/blog\/wp-content\/uploads\/2025\/03\/jumilla-murcia-768x512.webp 768w, https:\/\/www.escapadarural.com\/blog\/wp-content\/uploads\/2025\/03\/jumilla-murcia-800x533.webp 800w, https:\/\/www.escapadarural.com\/blog\/wp-content\/uploads\/2025\/03\/jumilla-murcia.webp 1024w\" sizes=\"auto, (max-width: 1024px) 100vw, 1024px\" \/><figcaption class=\"wp-element-caption\">Jumilla, Regi\u00f3n de Murcia. Por rudiernst<\/figcaption><\/figure>\n\n\n\n<h2 class=\"wp-block-heading\" id=\"h-de-casas-de-la-rosa-al-barranco-del-saltaor\"><strong>De Casas de La Rosa al barranco del Saltaor<\/strong><\/h2>\n\n\n\n<p>Se trata de una ruta lineal que se puede iniciar desde ambos puntos y en la direcci\u00f3n en la que se quiera. Son 10 kil\u00f3metros de dificultad media-baja, con un desnivel de 550 metros, y <strong>perfectamente se\u00f1alizada como PR-3<\/strong>. Nos ocupar\u00e1 alrededor de 3-4 horas. Para llegar al punto de salida desde Jumilla, cogemos la carretera A-15 hasta el cruce de las Casas del Carche.<\/p>\n\n\n<div style=\"background-color: #dff0d8; color: #3c763d; border-left-color: #3c763d; \" class=\"ub-styled-box ub-notification-box wp-block-ub-styled-box\" id=\"ub-styled-box-5542301e-027d-42bd-b464-13d88fc9e92f\">\n<p id=\"ub-styled-box-notification-content-\"><strong>Longitud<\/strong>: 10 kil\u00f3metros<\/p>\n\n\n\n<p><strong>Dificultad<\/strong>: media\/baja<\/p>\n\n\n\n<p><strong>Tipo de ruta<\/strong>: lineal<\/p>\n\n\n<\/div>\n\n\n<p>El recorrido <strong>nos adentra en el coraz\u00f3n del parque natural<\/strong>, entre pinos y coscojas. Entre la fauna destacan las especies forestales, como el arrendajo o el \u00e1guila calzada. Las zonas m\u00e1s h\u00famedas de los barrancos tienen flora muy restringida en Murcia, como durillo (<em>Viburnum tinus<\/em>), rosal silvestre (<em>Rosa canina<\/em>) o madreselva (<em>Lonicera implexa<\/em>). No te vayas de las Casas de La Rosa sin ver los <strong>ejemplares monumentales de encinas<\/strong> que hay en la zona.<\/p>\n\n\n\n<h2 class=\"wp-block-heading\" id=\"h-una-gastronomia-vecina-un-tanto-desconocida\">Una gastronom\u00eda vecina un tanto desconocida<\/h2>\n\n\n\n<figure class=\"wp-block-image size-large\"><img loading=\"lazy\" decoding=\"async\" width=\"1024\" height=\"684\" src=\"https:\/\/www.escapadarural.com\/blog\/wp-content\/uploads\/2025\/02\/AdobeStock_493314008-1024x684.jpeg\" alt=\"Gazpachos manchegos en Alicante. Por Carbonero Stock\" class=\"wp-image-192480\" srcset=\"https:\/\/www.escapadarural.com\/blog\/wp-content\/uploads\/2025\/02\/AdobeStock_493314008-200x134.jpeg 200w, https:\/\/www.escapadarural.com\/blog\/wp-content\/uploads\/2025\/02\/AdobeStock_493314008-300x200.jpeg 300w, https:\/\/www.escapadarural.com\/blog\/wp-content\/uploads\/2025\/02\/AdobeStock_493314008-400x267.jpeg 400w, https:\/\/www.escapadarural.com\/blog\/wp-content\/uploads\/2025\/02\/AdobeStock_493314008-600x401.jpeg 600w, https:\/\/www.escapadarural.com\/blog\/wp-content\/uploads\/2025\/02\/AdobeStock_493314008-768x513.jpeg 768w, https:\/\/www.escapadarural.com\/blog\/wp-content\/uploads\/2025\/02\/AdobeStock_493314008-800x534.jpeg 800w, https:\/\/www.escapadarural.com\/blog\/wp-content\/uploads\/2025\/02\/AdobeStock_493314008-1024x684.jpeg 1024w, https:\/\/www.escapadarural.com\/blog\/wp-content\/uploads\/2025\/02\/AdobeStock_493314008-1200x802.jpeg 1200w, https:\/\/www.escapadarural.com\/blog\/wp-content\/uploads\/2025\/02\/AdobeStock_493314008-1536x1026.jpeg 1536w\" sizes=\"auto, (max-width: 1024px) 100vw, 1024px\" \/><figcaption class=\"wp-element-caption\">Gazpachos manchegos en Alicante. Por Carbonero Stock<\/figcaption><\/figure>\n\n\n\n<p>Para acabar, si has abierto el apetito con estas rutas, te recomendamos que cruces la \u201cfrontera\u201d con Alicante y te acerques al cercano El Pin\u00f3s. Es un pueblo conocido por sus <a href=\"https:\/\/www.escapadarural.com\/blog\/gazpachos-manchegos-de-alicante\/\">suculentos gazpachos manchegos<\/a>, un plato abundante y agradecido, especialmente en invierno.<\/p>\n","protected":false},"excerpt":{"rendered":"<p>\u00bfSabes de d\u00f3nde viene esa peculiaridad del Carche? Te explicamos el origen de su lengua aut\u00f3ctona y rutas para descubrir el entorno<\/p>\n","protected":false},"author":123,"featured_media":192479,"comment_status":"open","ping_status":"open","sticky":false,"template":"","format":"standard","meta":{"_acf_changed":false,"om_disable_all_campaigns":false,"footnotes":""},"categories":[1379],"tags":[6135,428,6087,6133,6134],"class_list":["post-192432","post","type-post","status-publish","format-standard","has-post-thumbnail","hentry","category-rutas-y-excursiones","tag-carche","tag-que-ver-en-murcia","tag-senderismo","tag-sierra-del-carche","tag-valenciano"],"acf":[],"featured_image_src":"https:\/\/www.escapadarural.com\/blog\/wp-content\/uploads\/2025\/02\/Sierra_del_Carche_Jumilla.jpg","author_info":{"display_name":"Raquel Andr\u00e9s","author_link":"https:\/\/www.escapadarural.com\/blog\/autor\/raquel\/"},"yoast_head":"<!-- This site is optimized with the Yoast SEO plugin v27.5 - https:\/\/yoast.com\/product\/yoast-seo-wordpress\/ -->\n<title>Rutas por El Carche, la sierra murciana que habla valenciano<\/title>\n<meta name=\"description\" content=\"\u00bfSabes de d\u00f3nde viene esa peculiaridad del Carche? Te explicamos el origen de su lengua aut\u00f3ctona y rutas para descubrir el entorno\" \/>\n<meta name=\"robots\" content=\"index, follow, max-snippet:-1, max-image-preview:large, max-video-preview:-1\" \/>\n<link rel=\"canonical\" href=\"https:\/\/www.escapadarural.com\/blog\/carche-sierra-murciana-habla-valenciano\/\" \/>\n<meta property=\"og:locale\" content=\"es_ES\" \/>\n<meta property=\"og:type\" content=\"article\" \/>\n<meta property=\"og:title\" content=\"Rutas por El Carche, la sierra murciana que habla valenciano\" \/>\n<meta property=\"og:description\" content=\"\u00bfSabes de d\u00f3nde viene esa peculiaridad del Carche? Te explicamos el origen de su lengua aut\u00f3ctona y rutas para descubrir el entorno\" \/>\n<meta property=\"og:url\" content=\"https:\/\/www.escapadarural.com\/blog\/carche-sierra-murciana-habla-valenciano\/\" \/>\n<meta property=\"og:site_name\" content=\"Magazine de viajes de EscapadaRural\" \/>\n<meta property=\"article:publisher\" content=\"https:\/\/www.facebook.com\/escapadarural\" \/>\n<meta property=\"article:published_time\" content=\"2025-03-08T06:00:00+00:00\" \/>\n<meta property=\"og:image\" content=\"https:\/\/app.escapadarural.com\/blog\/wp-content\/uploads\/2025\/02\/Sierra_del_Carche_Jumilla.jpg\" \/>\n\t<meta property=\"og:image:width\" content=\"1536\" \/>\n\t<meta property=\"og:image:height\" content=\"1024\" \/>\n\t<meta property=\"og:image:type\" content=\"image\/jpeg\" \/>\n<meta name=\"author\" content=\"Raquel Andr\u00e9s\" \/>\n<meta name=\"twitter:card\" content=\"summary_large_image\" \/>\n<meta name=\"twitter:label1\" content=\"Escrito por\" \/>\n\t<meta name=\"twitter:data1\" content=\"Raquel Andr\u00e9s\" \/>\n\t<meta name=\"twitter:label2\" content=\"Tiempo de lectura\" \/>\n\t<meta name=\"twitter:data2\" content=\"7 minutos\" \/>\n<script type=\"application\/ld+json\" class=\"yoast-schema-graph\">{\"@context\":\"https:\\\/\\\/schema.org\",\"@graph\":[{\"@type\":\"Article\",\"@id\":\"https:\\\/\\\/www.escapadarural.com\\\/blog\\\/carche-sierra-murciana-habla-valenciano\\\/#article\",\"isPartOf\":{\"@id\":\"https:\\\/\\\/www.escapadarural.com\\\/blog\\\/carche-sierra-murciana-habla-valenciano\\\/\"},\"author\":{\"name\":\"Raquel Andr\u00e9s\",\"@id\":\"https:\\\/\\\/www.escapadarural.com\\\/blog\\\/#\\\/schema\\\/person\\\/67be061eb00d8315fa8642e01b88c894\"},\"headline\":\"Rutas por El Carche, la sierra murciana en la que se habla valenciano\",\"datePublished\":\"2025-03-08T06:00:00+00:00\",\"mainEntityOfPage\":{\"@id\":\"https:\\\/\\\/www.escapadarural.com\\\/blog\\\/carche-sierra-murciana-habla-valenciano\\\/\"},\"wordCount\":1127,\"commentCount\":0,\"publisher\":{\"@id\":\"https:\\\/\\\/www.escapadarural.com\\\/blog\\\/#organization\"},\"image\":{\"@id\":\"https:\\\/\\\/www.escapadarural.com\\\/blog\\\/carche-sierra-murciana-habla-valenciano\\\/#primaryimage\"},\"thumbnailUrl\":\"https:\\\/\\\/www.escapadarural.com\\\/blog\\\/wp-content\\\/uploads\\\/2025\\\/02\\\/Sierra_del_Carche_Jumilla.jpg\",\"keywords\":[\"Carche\",\"Murcia\",\"senderismo\",\"sierra del carche\",\"valenciano\"],\"articleSection\":[\"Rutas y excursiones\"],\"inLanguage\":\"es\",\"potentialAction\":[{\"@type\":\"CommentAction\",\"name\":\"Comment\",\"target\":[\"https:\\\/\\\/www.escapadarural.com\\\/blog\\\/carche-sierra-murciana-habla-valenciano\\\/#respond\"]}]},{\"@type\":\"WebPage\",\"@id\":\"https:\\\/\\\/www.escapadarural.com\\\/blog\\\/carche-sierra-murciana-habla-valenciano\\\/\",\"url\":\"https:\\\/\\\/www.escapadarural.com\\\/blog\\\/carche-sierra-murciana-habla-valenciano\\\/\",\"name\":\"Rutas por El Carche, la sierra murciana que habla valenciano\",\"isPartOf\":{\"@id\":\"https:\\\/\\\/www.escapadarural.com\\\/blog\\\/#website\"},\"primaryImageOfPage\":{\"@id\":\"https:\\\/\\\/www.escapadarural.com\\\/blog\\\/carche-sierra-murciana-habla-valenciano\\\/#primaryimage\"},\"image\":{\"@id\":\"https:\\\/\\\/www.escapadarural.com\\\/blog\\\/carche-sierra-murciana-habla-valenciano\\\/#primaryimage\"},\"thumbnailUrl\":\"https:\\\/\\\/www.escapadarural.com\\\/blog\\\/wp-content\\\/uploads\\\/2025\\\/02\\\/Sierra_del_Carche_Jumilla.jpg\",\"datePublished\":\"2025-03-08T06:00:00+00:00\",\"description\":\"\u00bfSabes de d\u00f3nde viene esa peculiaridad del Carche? Te explicamos el origen de su lengua aut\u00f3ctona y rutas para descubrir el entorno\",\"breadcrumb\":{\"@id\":\"https:\\\/\\\/www.escapadarural.com\\\/blog\\\/carche-sierra-murciana-habla-valenciano\\\/#breadcrumb\"},\"inLanguage\":\"es\",\"potentialAction\":[{\"@type\":\"ReadAction\",\"target\":[\"https:\\\/\\\/www.escapadarural.com\\\/blog\\\/carche-sierra-murciana-habla-valenciano\\\/\"]}]},{\"@type\":\"ImageObject\",\"inLanguage\":\"es\",\"@id\":\"https:\\\/\\\/www.escapadarural.com\\\/blog\\\/carche-sierra-murciana-habla-valenciano\\\/#primaryimage\",\"url\":\"https:\\\/\\\/www.escapadarural.com\\\/blog\\\/wp-content\\\/uploads\\\/2025\\\/02\\\/Sierra_del_Carche_Jumilla.jpg\",\"contentUrl\":\"https:\\\/\\\/www.escapadarural.com\\\/blog\\\/wp-content\\\/uploads\\\/2025\\\/02\\\/Sierra_del_Carche_Jumilla.jpg\",\"width\":1536,\"height\":1024,\"caption\":\"Sierra del Carche, Murcia. Por Justo7070 (Wikipedia)\"},{\"@type\":\"BreadcrumbList\",\"@id\":\"https:\\\/\\\/www.escapadarural.com\\\/blog\\\/carche-sierra-murciana-habla-valenciano\\\/#breadcrumb\",\"itemListElement\":[{\"@type\":\"ListItem\",\"position\":1,\"name\":\"Inicio\",\"item\":\"https:\\\/\\\/www.escapadarural.com\\\/blog\\\/\"},{\"@type\":\"ListItem\",\"position\":2,\"name\":\"Rutas y excursiones\",\"item\":\"https:\\\/\\\/www.escapadarural.com\\\/blog\\\/categoria\\\/rutas-y-excursiones\\\/\"},{\"@type\":\"ListItem\",\"position\":3,\"name\":\"Rutas por El Carche, la sierra murciana en la que se habla valenciano\"}]},{\"@type\":\"WebSite\",\"@id\":\"https:\\\/\\\/www.escapadarural.com\\\/blog\\\/#website\",\"url\":\"https:\\\/\\\/www.escapadarural.com\\\/blog\\\/\",\"name\":\"Blog de viajes | turismo rural, alojamientos e inspiraci\u00f3n\",\"description\":\"Alojamientos rurales e inspiraci\u00f3n para tus escapadas\",\"publisher\":{\"@id\":\"https:\\\/\\\/www.escapadarural.com\\\/blog\\\/#organization\"},\"alternateName\":\"Magazine de viajes de EscapadaRural\",\"potentialAction\":[{\"@type\":\"SearchAction\",\"target\":{\"@type\":\"EntryPoint\",\"urlTemplate\":\"https:\\\/\\\/www.escapadarural.com\\\/blog\\\/?s={search_term_string}\"},\"query-input\":{\"@type\":\"PropertyValueSpecification\",\"valueRequired\":true,\"valueName\":\"search_term_string\"}}],\"inLanguage\":\"es\"},{\"@type\":\"Organization\",\"@id\":\"https:\\\/\\\/www.escapadarural.com\\\/blog\\\/#organization\",\"name\":\"EscapadaRural\",\"url\":\"https:\\\/\\\/www.escapadarural.com\\\/blog\\\/\",\"logo\":{\"@type\":\"ImageObject\",\"inLanguage\":\"es\",\"@id\":\"https:\\\/\\\/www.escapadarural.com\\\/blog\\\/#\\\/schema\\\/logo\\\/image\\\/\",\"url\":\"https:\\\/\\\/www.escapadarural.com\\\/blog\\\/wp-content\\\/uploads\\\/2024\\\/10\\\/cropped-cropped-escapada-rural-icon-mag-3.png\",\"contentUrl\":\"https:\\\/\\\/www.escapadarural.com\\\/blog\\\/wp-content\\\/uploads\\\/2024\\\/10\\\/cropped-cropped-escapada-rural-icon-mag-3.png\",\"width\":512,\"height\":512,\"caption\":\"EscapadaRural\"},\"image\":{\"@id\":\"https:\\\/\\\/www.escapadarural.com\\\/blog\\\/#\\\/schema\\\/logo\\\/image\\\/\"},\"sameAs\":[\"https:\\\/\\\/www.facebook.com\\\/escapadarural\",\"https:\\\/\\\/www.instagram.com\\\/escapadarural\\\/\",\"https:\\\/\\\/www.youtube.com\\\/@escapadaruralcom\"]},{\"@type\":\"Person\",\"@id\":\"https:\\\/\\\/www.escapadarural.com\\\/blog\\\/#\\\/schema\\\/person\\\/67be061eb00d8315fa8642e01b88c894\",\"name\":\"Raquel Andr\u00e9s\",\"image\":{\"@type\":\"ImageObject\",\"inLanguage\":\"es\",\"@id\":\"https:\\\/\\\/secure.gravatar.com\\\/avatar\\\/b45840531462f3cafb335a9fc5c0bfda2c07c3df4b82b304b923526b85cc6cb5?s=96&d=mm&r=g\",\"url\":\"https:\\\/\\\/secure.gravatar.com\\\/avatar\\\/b45840531462f3cafb335a9fc5c0bfda2c07c3df4b82b304b923526b85cc6cb5?s=96&d=mm&r=g\",\"contentUrl\":\"https:\\\/\\\/secure.gravatar.com\\\/avatar\\\/b45840531462f3cafb335a9fc5c0bfda2c07c3df4b82b304b923526b85cc6cb5?s=96&d=mm&r=g\",\"caption\":\"Raquel Andr\u00e9s\"},\"description\":\"Periodista y aventurera. Me has podido leer en Escapada Rural, Diari Nosaltres La Veu, La Vanguardia, El Salto y otros medios. Habitante y amante de las zonas rurales, sea cual sea el destino. Procuro escaparme una vez por semana con las botas de monta\u00f1a, el arn\u00e9s o el neopreno. Tambi\u00e9n soy un intento de baserritarra.\",\"url\":\"https:\\\/\\\/www.escapadarural.com\\\/blog\\\/autor\\\/raquel\\\/\"}]}<\/script>\n<!-- \/ Yoast SEO plugin. -->","yoast_head_json":{"title":"Rutas por El Carche, la sierra murciana que habla valenciano","description":"\u00bfSabes de d\u00f3nde viene esa peculiaridad del Carche? Te explicamos el origen de su lengua aut\u00f3ctona y rutas para descubrir el entorno","robots":{"index":"index","follow":"follow","max-snippet":"max-snippet:-1","max-image-preview":"max-image-preview:large","max-video-preview":"max-video-preview:-1"},"canonical":"https:\/\/www.escapadarural.com\/blog\/carche-sierra-murciana-habla-valenciano\/","og_locale":"es_ES","og_type":"article","og_title":"Rutas por El Carche, la sierra murciana que habla valenciano","og_description":"\u00bfSabes de d\u00f3nde viene esa peculiaridad del Carche? Te explicamos el origen de su lengua aut\u00f3ctona y rutas para descubrir el entorno","og_url":"https:\/\/www.escapadarural.com\/blog\/carche-sierra-murciana-habla-valenciano\/","og_site_name":"Magazine de viajes de EscapadaRural","article_publisher":"https:\/\/www.facebook.com\/escapadarural","article_published_time":"2025-03-08T06:00:00+00:00","og_image":[{"width":1536,"height":1024,"url":"https:\/\/app.escapadarural.com\/blog\/wp-content\/uploads\/2025\/02\/Sierra_del_Carche_Jumilla.jpg","type":"image\/jpeg"}],"author":"Raquel Andr\u00e9s","twitter_card":"summary_large_image","twitter_misc":{"Escrito por":"Raquel Andr\u00e9s","Tiempo de lectura":"7 minutos"},"schema":{"@context":"https:\/\/schema.org","@graph":[{"@type":"Article","@id":"https:\/\/www.escapadarural.com\/blog\/carche-sierra-murciana-habla-valenciano\/#article","isPartOf":{"@id":"https:\/\/www.escapadarural.com\/blog\/carche-sierra-murciana-habla-valenciano\/"},"author":{"name":"Raquel Andr\u00e9s","@id":"https:\/\/www.escapadarural.com\/blog\/#\/schema\/person\/67be061eb00d8315fa8642e01b88c894"},"headline":"Rutas por El Carche, la sierra murciana en la que se habla valenciano","datePublished":"2025-03-08T06:00:00+00:00","mainEntityOfPage":{"@id":"https:\/\/www.escapadarural.com\/blog\/carche-sierra-murciana-habla-valenciano\/"},"wordCount":1127,"commentCount":0,"publisher":{"@id":"https:\/\/www.escapadarural.com\/blog\/#organization"},"image":{"@id":"https:\/\/www.escapadarural.com\/blog\/carche-sierra-murciana-habla-valenciano\/#primaryimage"},"thumbnailUrl":"https:\/\/www.escapadarural.com\/blog\/wp-content\/uploads\/2025\/02\/Sierra_del_Carche_Jumilla.jpg","keywords":["Carche","Murcia","senderismo","sierra del carche","valenciano"],"articleSection":["Rutas y excursiones"],"inLanguage":"es","potentialAction":[{"@type":"CommentAction","name":"Comment","target":["https:\/\/www.escapadarural.com\/blog\/carche-sierra-murciana-habla-valenciano\/#respond"]}]},{"@type":"WebPage","@id":"https:\/\/www.escapadarural.com\/blog\/carche-sierra-murciana-habla-valenciano\/","url":"https:\/\/www.escapadarural.com\/blog\/carche-sierra-murciana-habla-valenciano\/","name":"Rutas por El Carche, la sierra murciana que habla valenciano","isPartOf":{"@id":"https:\/\/www.escapadarural.com\/blog\/#website"},"primaryImageOfPage":{"@id":"https:\/\/www.escapadarural.com\/blog\/carche-sierra-murciana-habla-valenciano\/#primaryimage"},"image":{"@id":"https:\/\/www.escapadarural.com\/blog\/carche-sierra-murciana-habla-valenciano\/#primaryimage"},"thumbnailUrl":"https:\/\/www.escapadarural.com\/blog\/wp-content\/uploads\/2025\/02\/Sierra_del_Carche_Jumilla.jpg","datePublished":"2025-03-08T06:00:00+00:00","description":"\u00bfSabes de d\u00f3nde viene esa peculiaridad del Carche? Te explicamos el origen de su lengua aut\u00f3ctona y rutas para descubrir el entorno","breadcrumb":{"@id":"https:\/\/www.escapadarural.com\/blog\/carche-sierra-murciana-habla-valenciano\/#breadcrumb"},"inLanguage":"es","potentialAction":[{"@type":"ReadAction","target":["https:\/\/www.escapadarural.com\/blog\/carche-sierra-murciana-habla-valenciano\/"]}]},{"@type":"ImageObject","inLanguage":"es","@id":"https:\/\/www.escapadarural.com\/blog\/carche-sierra-murciana-habla-valenciano\/#primaryimage","url":"https:\/\/www.escapadarural.com\/blog\/wp-content\/uploads\/2025\/02\/Sierra_del_Carche_Jumilla.jpg","contentUrl":"https:\/\/www.escapadarural.com\/blog\/wp-content\/uploads\/2025\/02\/Sierra_del_Carche_Jumilla.jpg","width":1536,"height":1024,"caption":"Sierra del Carche, Murcia. Por Justo7070 (Wikipedia)"},{"@type":"BreadcrumbList","@id":"https:\/\/www.escapadarural.com\/blog\/carche-sierra-murciana-habla-valenciano\/#breadcrumb","itemListElement":[{"@type":"ListItem","position":1,"name":"Inicio","item":"https:\/\/www.escapadarural.com\/blog\/"},{"@type":"ListItem","position":2,"name":"Rutas y excursiones","item":"https:\/\/www.escapadarural.com\/blog\/categoria\/rutas-y-excursiones\/"},{"@type":"ListItem","position":3,"name":"Rutas por El Carche, la sierra murciana en la que se habla valenciano"}]},{"@type":"WebSite","@id":"https:\/\/www.escapadarural.com\/blog\/#website","url":"https:\/\/www.escapadarural.com\/blog\/","name":"Blog de viajes | turismo rural, alojamientos e inspiraci\u00f3n","description":"Alojamientos rurales e inspiraci\u00f3n para tus escapadas","publisher":{"@id":"https:\/\/www.escapadarural.com\/blog\/#organization"},"alternateName":"Magazine de viajes de EscapadaRural","potentialAction":[{"@type":"SearchAction","target":{"@type":"EntryPoint","urlTemplate":"https:\/\/www.escapadarural.com\/blog\/?s={search_term_string}"},"query-input":{"@type":"PropertyValueSpecification","valueRequired":true,"valueName":"search_term_string"}}],"inLanguage":"es"},{"@type":"Organization","@id":"https:\/\/www.escapadarural.com\/blog\/#organization","name":"EscapadaRural","url":"https:\/\/www.escapadarural.com\/blog\/","logo":{"@type":"ImageObject","inLanguage":"es","@id":"https:\/\/www.escapadarural.com\/blog\/#\/schema\/logo\/image\/","url":"https:\/\/www.escapadarural.com\/blog\/wp-content\/uploads\/2024\/10\/cropped-cropped-escapada-rural-icon-mag-3.png","contentUrl":"https:\/\/www.escapadarural.com\/blog\/wp-content\/uploads\/2024\/10\/cropped-cropped-escapada-rural-icon-mag-3.png","width":512,"height":512,"caption":"EscapadaRural"},"image":{"@id":"https:\/\/www.escapadarural.com\/blog\/#\/schema\/logo\/image\/"},"sameAs":["https:\/\/www.facebook.com\/escapadarural","https:\/\/www.instagram.com\/escapadarural\/","https:\/\/www.youtube.com\/@escapadaruralcom"]},{"@type":"Person","@id":"https:\/\/www.escapadarural.com\/blog\/#\/schema\/person\/67be061eb00d8315fa8642e01b88c894","name":"Raquel Andr\u00e9s","image":{"@type":"ImageObject","inLanguage":"es","@id":"https:\/\/secure.gravatar.com\/avatar\/b45840531462f3cafb335a9fc5c0bfda2c07c3df4b82b304b923526b85cc6cb5?s=96&d=mm&r=g","url":"https:\/\/secure.gravatar.com\/avatar\/b45840531462f3cafb335a9fc5c0bfda2c07c3df4b82b304b923526b85cc6cb5?s=96&d=mm&r=g","contentUrl":"https:\/\/secure.gravatar.com\/avatar\/b45840531462f3cafb335a9fc5c0bfda2c07c3df4b82b304b923526b85cc6cb5?s=96&d=mm&r=g","caption":"Raquel Andr\u00e9s"},"description":"Periodista y aventurera. Me has podido leer en Escapada Rural, Diari Nosaltres La Veu, La Vanguardia, El Salto y otros medios. Habitante y amante de las zonas rurales, sea cual sea el destino. Procuro escaparme una vez por semana con las botas de monta\u00f1a, el arn\u00e9s o el neopreno. Tambi\u00e9n soy un intento de baserritarra.","url":"https:\/\/www.escapadarural.com\/blog\/autor\/raquel\/"}]}},"_links":{"self":[{"href":"https:\/\/www.escapadarural.com\/blog\/wp-json\/wp\/v2\/posts\/192432","targetHints":{"allow":["GET"]}}],"collection":[{"href":"https:\/\/www.escapadarural.com\/blog\/wp-json\/wp\/v2\/posts"}],"about":[{"href":"https:\/\/www.escapadarural.com\/blog\/wp-json\/wp\/v2\/types\/post"}],"author":[{"embeddable":true,"href":"https:\/\/www.escapadarural.com\/blog\/wp-json\/wp\/v2\/users\/123"}],"replies":[{"embeddable":true,"href":"https:\/\/www.escapadarural.com\/blog\/wp-json\/wp\/v2\/comments?post=192432"}],"version-history":[{"count":0,"href":"https:\/\/www.escapadarural.com\/blog\/wp-json\/wp\/v2\/posts\/192432\/revisions"}],"wp:featuredmedia":[{"embeddable":true,"href":"https:\/\/www.escapadarural.com\/blog\/wp-json\/wp\/v2\/media\/192479"}],"wp:attachment":[{"href":"https:\/\/www.escapadarural.com\/blog\/wp-json\/wp\/v2\/media?parent=192432"}],"wp:term":[{"taxonomy":"category","embeddable":true,"href":"https:\/\/www.escapadarural.com\/blog\/wp-json\/wp\/v2\/categories?post=192432"},{"taxonomy":"post_tag","embeddable":true,"href":"https:\/\/www.escapadarural.com\/blog\/wp-json\/wp\/v2\/tags?post=192432"}],"curies":[{"name":"wp","href":"https:\/\/api.w.org\/{rel}","templated":true}]}}