{"id":192890,"date":"2025-02-18T08:00:00","date_gmt":"2025-02-18T06:00:00","guid":{"rendered":"https:\/\/www.escapadarural.com\/blog\/?p=192890"},"modified":"2025-02-17T11:40:38","modified_gmt":"2025-02-17T09:40:38","slug":"mar-de-la-carrasca-reseteo-emocional","status":"publish","type":"post","link":"https:\/\/www.escapadarural.com\/blog\/mar-de-la-carrasca-reseteo-emocional-entre-bosques-y-montanas\/","title":{"rendered":"Mar de la Carrasca: reseteo emocional entre bosques y monta\u00f1as"},"content":{"rendered":"\n<figure class=\"wp-block-image size-full\"><img loading=\"lazy\" decoding=\"async\" width=\"1024\" height=\"682\" src=\"https:\/\/www.escapadarural.com\/blog\/wp-content\/uploads\/2025\/02\/04_MarCarrasca_WP04.webp\" alt=\"Mar de la Carrasca.\" class=\"wp-image-192910\" srcset=\"https:\/\/www.escapadarural.com\/blog\/wp-content\/uploads\/2025\/02\/04_MarCarrasca_WP04-200x133.webp 200w, https:\/\/www.escapadarural.com\/blog\/wp-content\/uploads\/2025\/02\/04_MarCarrasca_WP04-300x200.webp 300w, https:\/\/www.escapadarural.com\/blog\/wp-content\/uploads\/2025\/02\/04_MarCarrasca_WP04-400x266.webp 400w, https:\/\/www.escapadarural.com\/blog\/wp-content\/uploads\/2025\/02\/04_MarCarrasca_WP04-600x400.webp 600w, https:\/\/www.escapadarural.com\/blog\/wp-content\/uploads\/2025\/02\/04_MarCarrasca_WP04-768x512.webp 768w, https:\/\/www.escapadarural.com\/blog\/wp-content\/uploads\/2025\/02\/04_MarCarrasca_WP04-800x533.webp 800w, https:\/\/www.escapadarural.com\/blog\/wp-content\/uploads\/2025\/02\/04_MarCarrasca_WP04.webp 1024w\" sizes=\"auto, (max-width: 1024px) 100vw, 1024px\" \/><figcaption class=\"wp-element-caption\">Por: Mar de la Carrasca.<\/figcaption><\/figure>\n\n\n\n<p>De vez en cuando, todos necesitamos hacer un reseteo emocional. Parar para poder volver a empezar. Desconectar del mundo, reconectar con nosotros mismos y con nuestra pareja. Recuperar nuestra intimidad. Pues bien, <strong>Mar de la Carrasca<\/strong> es uno de esos lugares donde podemos recuperar esa ansiada sensaci\u00f3n de paz interior.<\/p>\n\n\n\n<p>Ubicado en plena naturaleza, entre los bosques y monta\u00f1as del <a href=\"https:\/\/parquesnaturales.gva.es\/es\/web\/pn-penyagolosa\" target=\"_blank\" rel=\"noreferrer noopener nofollow\">Parque Natural de Pe\u00f1agolosa<\/a> (Castell\u00f3n), este alojamiento rural ofrece <strong>autenticidad<\/strong>. Paisajes sobrecogedores, desconexi\u00f3n digital, experiencias enfocadas al relax y una decidida apuesta por la sostenibilidad completan su propuesta. Mar de la Carrasca se enmarca en el t\u00e9rmino municipal de Villahermosa del R\u00edo, en la comarca del Alto Mijares, muy cerca del l\u00edmite provincial con Teruel.<\/p>\n\n\n\n<div class=\"wp-block-buttons is-layout-flex wp-block-buttons-is-layout-flex\">\n<div class=\"wp-block-button\"><a class=\"wp-block-button__link wp-element-button\" href=\"\/casa-rural\/castellon\/mar-de-la-carrasca\">Alojamiento rural Mar de la Carrasca<\/a><\/div>\n<\/div>\n\n\n\n<h2 class=\"wp-block-heading\" id=\"h-mar-de-la-carrasca-el-nacimiento-de-un-proyecto-de-vida\"><strong>Mar de la Carrasca: el nacimiento de un proyecto de vida<\/strong><\/h2>\n\n\n\n<figure class=\"wp-block-image size-full\"><img loading=\"lazy\" decoding=\"async\" width=\"1024\" height=\"683\" src=\"https:\/\/www.escapadarural.com\/blog\/wp-content\/uploads\/2025\/02\/07_MarCarrasca_WP07.webp\" alt=\"Mar de la Carrasca.\" class=\"wp-image-192914\" srcset=\"https:\/\/www.escapadarural.com\/blog\/wp-content\/uploads\/2025\/02\/07_MarCarrasca_WP07-200x133.webp 200w, https:\/\/www.escapadarural.com\/blog\/wp-content\/uploads\/2025\/02\/07_MarCarrasca_WP07-300x200.webp 300w, https:\/\/www.escapadarural.com\/blog\/wp-content\/uploads\/2025\/02\/07_MarCarrasca_WP07-400x267.webp 400w, https:\/\/www.escapadarural.com\/blog\/wp-content\/uploads\/2025\/02\/07_MarCarrasca_WP07-600x400.webp 600w, https:\/\/www.escapadarural.com\/blog\/wp-content\/uploads\/2025\/02\/07_MarCarrasca_WP07-768x512.webp 768w, https:\/\/www.escapadarural.com\/blog\/wp-content\/uploads\/2025\/02\/07_MarCarrasca_WP07-800x534.webp 800w, https:\/\/www.escapadarural.com\/blog\/wp-content\/uploads\/2025\/02\/07_MarCarrasca_WP07.webp 1024w\" sizes=\"auto, (max-width: 1024px) 100vw, 1024px\" \/><figcaption class=\"wp-element-caption\">Por: Mar de la Carrasca.<\/figcaption><\/figure>\n\n\n\n<p>Mar de la Carrasca <strong>naci\u00f3 hace ahora un cuarto de siglo<\/strong>, pero no como proyecto empresarial, sino vital. As\u00ed lo explica Alberto, propietario e impulsor de alojamiento junto a su pareja, Isabel: \u201cHab\u00edamos estudiado bellas artes y nos dedic\u00e1bamos a ello, pero nosotros quer\u00edamos vivir en la monta\u00f1a. Entonces encontramos esta casa, que llevaba unos 50 a\u00f1os abandonada. Buscamos al due\u00f1o, le propusimos compr\u00e1rsela, nos la vendi\u00f3 por muy poco dinero y pudimos empezar\u201d.<\/p>\n\n\n\n<p>As\u00ed, de las ruinas de una antigua mas\u00eda comenz\u00f3 a brotar lo que hoy es Mar de la Carrasca. \u201cLo fuimos arreglando poco a poco, de manera artesanal y siempre con nuestras manos\u201d, se\u00f1ala Alberto. En primer lugar, rehabilitaron la mas\u00eda principal, que es donde ellos viven. Posteriormente, construyeron las dos estancias de las que actualmente consta el alojamiento rural: <strong>el Barco y la Casa Flotante<\/strong>.<\/p>\n\n\n\n<h2 class=\"wp-block-heading\" id=\"h-dos-alojamientos-para-parejas-donde-gozar-de-intimidad\"><strong>Dos alojamientos para parejas donde gozar de intimidad<\/strong><\/h2>\n\n\n\n<figure class=\"wp-block-image size-full\"><img loading=\"lazy\" decoding=\"async\" width=\"1024\" height=\"683\" src=\"https:\/\/www.escapadarural.com\/blog\/wp-content\/uploads\/2025\/02\/08_MarCarrasca_WP08.webp\" alt=\"Mar de la Carrasca.\" class=\"wp-image-192919\" srcset=\"https:\/\/www.escapadarural.com\/blog\/wp-content\/uploads\/2025\/02\/08_MarCarrasca_WP08-200x133.webp 200w, https:\/\/www.escapadarural.com\/blog\/wp-content\/uploads\/2025\/02\/08_MarCarrasca_WP08-300x200.webp 300w, https:\/\/www.escapadarural.com\/blog\/wp-content\/uploads\/2025\/02\/08_MarCarrasca_WP08-400x267.webp 400w, https:\/\/www.escapadarural.com\/blog\/wp-content\/uploads\/2025\/02\/08_MarCarrasca_WP08-600x400.webp 600w, https:\/\/www.escapadarural.com\/blog\/wp-content\/uploads\/2025\/02\/08_MarCarrasca_WP08-768x512.webp 768w, https:\/\/www.escapadarural.com\/blog\/wp-content\/uploads\/2025\/02\/08_MarCarrasca_WP08-800x534.webp 800w, https:\/\/www.escapadarural.com\/blog\/wp-content\/uploads\/2025\/02\/08_MarCarrasca_WP08.webp 1024w\" sizes=\"auto, (max-width: 1024px) 100vw, 1024px\" \/><figcaption class=\"wp-element-caption\">Por: Mar de la Carrasca.<\/figcaption><\/figure>\n\n\n\n<p>Seg\u00fan nos cuenta Alberto, \u201ccada casa surge de una circunstancia distinta, porque las hicimos en momentos diferentes de nuestra vida\u201d. La primera en ver la luz fue <strong>el Barco<\/strong>. Lo hizo sobre las ruinas de un antiguo establo, rehabilitado con sus propios materiales (tejas rotas, troncos, arcilla\u2026) y con la idea de \u201ccrear un espacio singular donde el contenedor arquitect\u00f3nico sea, en s\u00ed mismo, una experiencia sensorial\u201d.<\/p>\n\n\n\n<p>El Barco, concebido para \u201cparejas que quieran gozar al m\u00e1ximo de su intimidad\u201d, dispone de sal\u00f3n comedor, cocina, ba\u00f1o y una habitaci\u00f3n doble, en un espacio tipo<em> loft <\/em>que incluye <strong>una ba\u00f1era integrada<\/strong>. Destacan su singular arquitectura y sus enormes ventanales con vistas a la quietud del bosque. Todo enfocado a conseguir esa sensaci\u00f3n de paz, quietud, calma y desconexi\u00f3n.<\/p>\n\n\n\n<figure class=\"wp-block-image size-full\"><img loading=\"lazy\" decoding=\"async\" width=\"1024\" height=\"683\" src=\"https:\/\/www.escapadarural.com\/blog\/wp-content\/uploads\/2025\/02\/05_MarCarrasca_WP05.webp\" alt=\"Mar de la Carrasca.\" class=\"wp-image-192921\" srcset=\"https:\/\/www.escapadarural.com\/blog\/wp-content\/uploads\/2025\/02\/05_MarCarrasca_WP05-200x133.webp 200w, https:\/\/www.escapadarural.com\/blog\/wp-content\/uploads\/2025\/02\/05_MarCarrasca_WP05-300x200.webp 300w, https:\/\/www.escapadarural.com\/blog\/wp-content\/uploads\/2025\/02\/05_MarCarrasca_WP05-400x267.webp 400w, https:\/\/www.escapadarural.com\/blog\/wp-content\/uploads\/2025\/02\/05_MarCarrasca_WP05-600x400.webp 600w, https:\/\/www.escapadarural.com\/blog\/wp-content\/uploads\/2025\/02\/05_MarCarrasca_WP05-768x512.webp 768w, https:\/\/www.escapadarural.com\/blog\/wp-content\/uploads\/2025\/02\/05_MarCarrasca_WP05-800x534.webp 800w, https:\/\/www.escapadarural.com\/blog\/wp-content\/uploads\/2025\/02\/05_MarCarrasca_WP05.webp 1024w\" sizes=\"auto, (max-width: 1024px) 100vw, 1024px\" \/><figcaption class=\"wp-element-caption\">Por: Mar de la Carrasca.<\/figcaption><\/figure>\n\n\n\n<p>Tras finalizar este primer alojamiento, los propietarios decidieron continuar y se lanzaron a construir <strong>la Casa Flotante<\/strong>. \u201cTiene un toque m\u00e1s oriental, nos inspiramos en la \u2018Era flotante\u2019 de la historia de Jap\u00f3n\u201d, comenta Alberto. Esta estancia dispone de cocina independiente, ba\u00f1era, estufa de le\u00f1a y una espectacular terraza con vistas al bosque. Destaca sobre todo ello una sala del agua, inspirada en la formas del <em>hammam<\/em> marroqu\u00ed, que pretende ser \u201cel coraz\u00f3n de la casa\u201d.<\/p>\n\n\n\n<p>Aunque la cobertura m\u00f3vil s\u00ed que llega hasta la zona, <strong>ninguno de los alojamientos dispone de televisi\u00f3n o de red wifi<\/strong>. \u201cNo tendr\u00eda ning\u00fan sentido en el concepto que queremos desarrollar\u201d, comenta Alberto.<\/p>\n\n\n\n<h2 class=\"wp-block-heading\" id=\"h-una-atencion-casi-personal-en-un-hogar-compartido\"><strong>Una atenci\u00f3n casi personal en un hogar compartido<\/strong><\/h2>\n\n\n\n<figure class=\"wp-block-image size-full\"><img loading=\"lazy\" decoding=\"async\" width=\"1024\" height=\"683\" src=\"https:\/\/www.escapadarural.com\/blog\/wp-content\/uploads\/2025\/02\/09_MarCarrasca_WP09.webp\" alt=\"Mar de la Carrasca.\" class=\"wp-image-192922\" srcset=\"https:\/\/www.escapadarural.com\/blog\/wp-content\/uploads\/2025\/02\/09_MarCarrasca_WP09-200x133.webp 200w, https:\/\/www.escapadarural.com\/blog\/wp-content\/uploads\/2025\/02\/09_MarCarrasca_WP09-300x200.webp 300w, https:\/\/www.escapadarural.com\/blog\/wp-content\/uploads\/2025\/02\/09_MarCarrasca_WP09-400x267.webp 400w, https:\/\/www.escapadarural.com\/blog\/wp-content\/uploads\/2025\/02\/09_MarCarrasca_WP09-600x400.webp 600w, https:\/\/www.escapadarural.com\/blog\/wp-content\/uploads\/2025\/02\/09_MarCarrasca_WP09-768x512.webp 768w, https:\/\/www.escapadarural.com\/blog\/wp-content\/uploads\/2025\/02\/09_MarCarrasca_WP09-800x534.webp 800w, https:\/\/www.escapadarural.com\/blog\/wp-content\/uploads\/2025\/02\/09_MarCarrasca_WP09.webp 1024w\" sizes=\"auto, (max-width: 1024px) 100vw, 1024px\" \/><figcaption class=\"wp-element-caption\">Por: Mar de la Carrasca.<\/figcaption><\/figure>\n\n\n\n<p>La visi\u00f3n de Alberto e Isabel sobre lo que deb\u00eda ser el alojamiento rural les hizo centrarse en ofrecer \u201chospitalidad real\u201d, con una <strong>atenci\u00f3n casi personalizada<\/strong>, aunque sin invadir la intimidad del cliente. \u201cPara nosotros, esto es m\u00e1s un hogar compartido que un alojamiento\u201d, se\u00f1ala.<\/p>\n\n\n\n<p>\u201cAl final, <strong>trabajamos casi en exclusiva para cuatro personas:<\/strong> cultivamos la tierra, recolectamos, cocinamos con fuego de le\u00f1a, lo preparamos todo y se lo llevamos a su casa\u201d, detalla. \u201cTodo est\u00e1 hecho con extremo cari\u00f1o, porque lo hacemos para nosotros\u201d, agrega. Y su recompensa llega \u201ccuando viene alguien con sensibilidad y entiende que no est\u00e1 en un negocio sino en una forma de vida, en algo aut\u00e9ntico\u201d.<\/p>\n\n\n\n<h2 class=\"wp-block-heading\" id=\"h-el-objetivo-de-mar-de-la-carrasca-crear-sensaciones-autenticas\"><strong>El objetivo de Mar de la Carrasca: crear sensaciones aut\u00e9nticas<\/strong><\/h2>\n\n\n\n<figure class=\"wp-block-image size-full\"><img loading=\"lazy\" decoding=\"async\" width=\"1024\" height=\"683\" src=\"https:\/\/www.escapadarural.com\/blog\/wp-content\/uploads\/2025\/02\/10_MarCarrasca_WP10.webp\" alt=\"Mar de la Carrasca.\" class=\"wp-image-192923\" srcset=\"https:\/\/www.escapadarural.com\/blog\/wp-content\/uploads\/2025\/02\/10_MarCarrasca_WP10-200x133.webp 200w, https:\/\/www.escapadarural.com\/blog\/wp-content\/uploads\/2025\/02\/10_MarCarrasca_WP10-300x200.webp 300w, https:\/\/www.escapadarural.com\/blog\/wp-content\/uploads\/2025\/02\/10_MarCarrasca_WP10-400x267.webp 400w, https:\/\/www.escapadarural.com\/blog\/wp-content\/uploads\/2025\/02\/10_MarCarrasca_WP10-600x400.webp 600w, https:\/\/www.escapadarural.com\/blog\/wp-content\/uploads\/2025\/02\/10_MarCarrasca_WP10-768x512.webp 768w, https:\/\/www.escapadarural.com\/blog\/wp-content\/uploads\/2025\/02\/10_MarCarrasca_WP10-800x534.webp 800w, https:\/\/www.escapadarural.com\/blog\/wp-content\/uploads\/2025\/02\/10_MarCarrasca_WP10.webp 1024w\" sizes=\"auto, (max-width: 1024px) 100vw, 1024px\" \/><figcaption class=\"wp-element-caption\">Por: Mar de la Carrasca.<\/figcaption><\/figure>\n\n\n\n<p>En conjunto, y como resalta Alberto, el <strong>esp\u00edritu de Mar de la Carrasca<\/strong> es \u201cacoger a personas y darles un lugar de encuentro para dos\u201d. \u201cEsto es algo distinto, es aut\u00e9ntico, tiene contenido -contin\u00faa-. En la \u00e9poca en que se venden im\u00e1genes de Instagram, nosotros no ofrecemos una foto bonita, sino una experiencia de vida. No est\u00e1 hecho pensando en lo que la gente busca, sino en ofrecer algo real. No es algo pensado o dise\u00f1ado, sino sentido. Por eso es atemporal y nos trasciende\u201d.&nbsp;<\/p>\n\n\n\n<p>\u201cHay lugares en los que, t\u00fa no sabes por qu\u00e9, pero entras y te sientes bien\u201d, ahonda el propietario de la casa. \u201cEs como cuando entras en una iglesia. Los que construyeron eso, lo hicieron desde el sentir, no desde el pensar. Es lo que hemos pretendido hacer aqu\u00ed: <strong>generar calma y relajaci\u00f3n de forma casi inconsciente<\/strong>\u201d.&nbsp;<\/p>\n\n\n\n<p>Est\u00e1 claro que poder alojar \u00fanicamente cuatro hu\u00e9spedes y estar situado en medio del bosque, hacen de Mar de la Carrasca un enclave propicio para encontrar esa <strong>intimidad<\/strong>. \u201cLo primero es la experiencia emocional y la relajaci\u00f3n de los sentidos, y todo lo enfocamos a ello: los espacios, las experiencias, la comida\u2026\u201d.<\/p>\n\n\n\n<h2 class=\"wp-block-heading\" id=\"h-experiencias-sensoriales-meditacion-yoga-y-ofuro\"><strong>Experiencias sensoriales: meditaci\u00f3n, yoga y <\/strong><strong><em>ofuro<\/em><\/strong><\/h2>\n\n\n\n<figure class=\"wp-block-image size-full\"><img loading=\"lazy\" decoding=\"async\" width=\"1024\" height=\"688\" src=\"https:\/\/www.escapadarural.com\/blog\/wp-content\/uploads\/2025\/02\/12_MarCarrasca_WP12.webp\" alt=\"Mar de la Carrasca.\" class=\"wp-image-192924\" srcset=\"https:\/\/www.escapadarural.com\/blog\/wp-content\/uploads\/2025\/02\/12_MarCarrasca_WP12-200x134.webp 200w, https:\/\/www.escapadarural.com\/blog\/wp-content\/uploads\/2025\/02\/12_MarCarrasca_WP12-300x202.webp 300w, https:\/\/www.escapadarural.com\/blog\/wp-content\/uploads\/2025\/02\/12_MarCarrasca_WP12-400x269.webp 400w, https:\/\/www.escapadarural.com\/blog\/wp-content\/uploads\/2025\/02\/12_MarCarrasca_WP12-600x403.webp 600w, https:\/\/www.escapadarural.com\/blog\/wp-content\/uploads\/2025\/02\/12_MarCarrasca_WP12-768x516.webp 768w, https:\/\/www.escapadarural.com\/blog\/wp-content\/uploads\/2025\/02\/12_MarCarrasca_WP12-800x538.webp 800w, https:\/\/www.escapadarural.com\/blog\/wp-content\/uploads\/2025\/02\/12_MarCarrasca_WP12.webp 1024w\" sizes=\"auto, (max-width: 1024px) 100vw, 1024px\" \/><figcaption class=\"wp-element-caption\">Por: Mar de la Carrasca.<\/figcaption><\/figure>\n\n\n\n<p>Para completar el reseteo emocional que pretende dedicar a sus clientes, Mar de la Carrasca ofrece tambi\u00e9n una serie de experiencias con el mismo enfoque. La <strong>meditaci\u00f3n<\/strong> y el <strong>yoga<\/strong> ocupan un lugar destacado en ese cat\u00e1logo. Son sesiones para una, dos o cuatro personas, al aire libre, en un paisaje que contribuye a reforzar la sensaci\u00f3n de relajaci\u00f3n. \u201cNo son clases de yoga, es una experiencia personal, \u00edntima\u201d, comenta Alberto.<\/p>\n\n\n\n<p>Tambi\u00e9n ofrecen el <em><strong>ofuro<\/strong><\/em>, la experiencia de sumergirse en una ba\u00f1era n\u00f3rdica de cedro al aire libre con agua a 40 grados. Tiene gran \u00e9xito entre los hu\u00e9spedes. \u201cEs una pasada, una experiencia que solo entiendes cuando la vives. Puede hacer fr\u00edo o estar nevando, pero sales de la ba\u00f1era, aunque est\u00e9s desnudo, y no lo sientes. La sensaci\u00f3n de relajaci\u00f3n mental y f\u00edsica es tan grande que hace que tu mente se expanda\u201d, intenta explicar Alberto.<\/p>\n\n\n\n<h2 class=\"wp-block-heading\" id=\"h-la-sostenibilidad-aspecto-clave-en-mar-de-la-carrasca\"><strong>La sostenibilidad, aspecto clave en Mar de la Carrasca<\/strong><\/h2>\n\n\n\n<figure class=\"wp-block-image size-full\"><img loading=\"lazy\" decoding=\"async\" width=\"1024\" height=\"683\" src=\"https:\/\/www.escapadarural.com\/blog\/wp-content\/uploads\/2025\/02\/01_MarCarrasca_WP01.webp\" alt=\"Mar de la Carrasca.\" class=\"wp-image-192926\" srcset=\"https:\/\/www.escapadarural.com\/blog\/wp-content\/uploads\/2025\/02\/01_MarCarrasca_WP01-200x133.webp 200w, https:\/\/www.escapadarural.com\/blog\/wp-content\/uploads\/2025\/02\/01_MarCarrasca_WP01-300x200.webp 300w, https:\/\/www.escapadarural.com\/blog\/wp-content\/uploads\/2025\/02\/01_MarCarrasca_WP01-400x267.webp 400w, https:\/\/www.escapadarural.com\/blog\/wp-content\/uploads\/2025\/02\/01_MarCarrasca_WP01-600x400.webp 600w, https:\/\/www.escapadarural.com\/blog\/wp-content\/uploads\/2025\/02\/01_MarCarrasca_WP01-768x512.webp 768w, https:\/\/www.escapadarural.com\/blog\/wp-content\/uploads\/2025\/02\/01_MarCarrasca_WP01-800x534.webp 800w, https:\/\/www.escapadarural.com\/blog\/wp-content\/uploads\/2025\/02\/01_MarCarrasca_WP01.webp 1024w\" sizes=\"auto, (max-width: 1024px) 100vw, 1024px\" \/><figcaption class=\"wp-element-caption\">Por: Mar de la Carrasca.<\/figcaption><\/figure>\n\n\n\n<p>Otra de las claves de Mar de la Carrasca es la sostenibilidad. La apuesta de los propietarios en este sentido es decidida y firme. El espacio genera su propia energ\u00eda el\u00e9ctrica a trav\u00e9s de <strong>placas solares<\/strong>. Los grifos se nutren de agua que llega desde un<strong> manantial <\/strong>cercano. Y la <strong>le\u00f1a<\/strong> que alimenta el fuego de las estufas, y sirve tambi\u00e9n para calentar el agua, es fruto de la limpieza de los bosques cercanos.<\/p>\n\n\n\n<p>\u201cLa sostenibilidad es la base de vivir en este lugar, otra cosa no tendr\u00eda sentido\u201d, dice Alberto. \u201cDe hecho, la casa se construy\u00f3 aqu\u00ed porque hab\u00eda un manantial, que es el origen de todo\u201d. Tambi\u00e9n resalta la importancia de la labor de <strong>limpieza del bosque<\/strong>, derivada de la recogida de le\u00f1a. \u201cEs otra manera de contribuir a la sostenibilidad del entorno\u201d.&nbsp;<\/p>\n\n\n\n<h2 class=\"wp-block-heading\" id=\"h-mar-de-la-carrasca-un-proyecto-en-movimiento\"><strong>Mar de la Carrasca, un proyecto en movimiento<\/strong><\/h2>\n\n\n\n<figure class=\"wp-block-image size-full\"><img loading=\"lazy\" decoding=\"async\" width=\"1024\" height=\"683\" src=\"https:\/\/www.escapadarural.com\/blog\/wp-content\/uploads\/2025\/02\/11_MarCarrasca_WP11.webp\" alt=\"Mar de la Carrasca.\" class=\"wp-image-192928\" srcset=\"https:\/\/www.escapadarural.com\/blog\/wp-content\/uploads\/2025\/02\/11_MarCarrasca_WP11-200x133.webp 200w, https:\/\/www.escapadarural.com\/blog\/wp-content\/uploads\/2025\/02\/11_MarCarrasca_WP11-300x200.webp 300w, https:\/\/www.escapadarural.com\/blog\/wp-content\/uploads\/2025\/02\/11_MarCarrasca_WP11-400x267.webp 400w, https:\/\/www.escapadarural.com\/blog\/wp-content\/uploads\/2025\/02\/11_MarCarrasca_WP11-600x400.webp 600w, https:\/\/www.escapadarural.com\/blog\/wp-content\/uploads\/2025\/02\/11_MarCarrasca_WP11-768x512.webp 768w, https:\/\/www.escapadarural.com\/blog\/wp-content\/uploads\/2025\/02\/11_MarCarrasca_WP11-800x534.webp 800w, https:\/\/www.escapadarural.com\/blog\/wp-content\/uploads\/2025\/02\/11_MarCarrasca_WP11.webp 1024w\" sizes=\"auto, (max-width: 1024px) 100vw, 1024px\" \/><figcaption class=\"wp-element-caption\">Por: Mar de la Carrasca.<\/figcaption><\/figure>\n\n\n\n<p>El proyecto de Mar de la Carrasca sigue vivo y en movimiento, sin horizonte definido pero con <strong>un esp\u00edritu muy claro<\/strong>. \u201cPara nosotros lo principal es poder vivir aqu\u00ed, con lo que ganamos lo conseguimos y poco a poco seguiremos haciendo cosas para mejorarlo y poder continuar\u201d, se\u00f1ala Alberto.<\/p>\n\n\n\n<p>Su siguiente aportaci\u00f3n ser\u00e1 \u201cconstruir una <strong>piscina<\/strong>\u201d y, posteriormente, \u201cterminar algunas cosas que tenemos pensadas\u201d. Tambi\u00e9n tienen intenci\u00f3n de a\u00f1adir un <strong>nuevo espacio de alojamiento<\/strong>, para poder acoger a m\u00e1s hu\u00e9spedes. Pero siempre con la idea de ofrecer relajaci\u00f3n, autenticidad, desconexi\u00f3n, intimidad&#8230; \u201cEn un par de d\u00edas en Mar de la Carrasca, puedes resetear y volver a tu casa bastante bien con tu pareja. Es una experiencia aut\u00e9ntica\u201d, resume Alberto.<\/p>\n","protected":false},"excerpt":{"rendered":"<p>Mar de la Carrasca, en Villahermosa del R\u00edo (Castell\u00f3n), es un alojamiento rural en mitad del bosque, perfecto para encontrar intimidad y hacer un reseteo emocional<\/p>\n","protected":false},"author":157,"featured_media":192910,"comment_status":"open","ping_status":"open","sticky":false,"template":"","format":"standard","meta":{"_acf_changed":false,"om_disable_all_campaigns":false,"footnotes":""},"categories":[247],"tags":[1231,496,469,6147,5590],"class_list":["post-192890","post","type-post","status-publish","format-standard","has-post-thumbnail","hentry","category-alojamientos-rurales","tag-bosques","tag-que-ver-en-castellon","tag-que-ver-en-la-comunidad-valenciana","tag-mar-de-la-carrasca","tag-pareja"],"acf":[],"featured_image_src":"https:\/\/www.escapadarural.com\/blog\/wp-content\/uploads\/2025\/02\/04_MarCarrasca_WP04.webp","author_info":{"display_name":"Miguel Perez","author_link":"https:\/\/www.escapadarural.com\/blog\/autor\/miguel-perez\/"},"yoast_head":"<!-- This site is optimized with the Yoast SEO plugin v27.5 - https:\/\/yoast.com\/product\/yoast-seo-wordpress\/ -->\n<title>Mar de la Carrasca: reseteo emocional entre bosques y monta\u00f1as<\/title>\n<meta name=\"description\" content=\"Mar de la Carrasca, en Villahermosa del R\u00edo (Castell\u00f3n), es un alojamiento rural perfecto para encontrar intimidad y resetear la mente\" \/>\n<meta name=\"robots\" content=\"index, follow, max-snippet:-1, max-image-preview:large, max-video-preview:-1\" \/>\n<link rel=\"canonical\" href=\"https:\/\/www.escapadarural.com\/blog\/mar-de-la-carrasca-reseteo-emocional-entre-bosques-y-montanas\/\" \/>\n<meta property=\"og:locale\" content=\"es_ES\" \/>\n<meta property=\"og:type\" content=\"article\" \/>\n<meta property=\"og:title\" content=\"Mar de la Carrasca: reseteo emocional entre bosques y monta\u00f1as\" \/>\n<meta property=\"og:description\" content=\"Mar de la Carrasca, en Villahermosa del R\u00edo (Castell\u00f3n), es un alojamiento rural perfecto para encontrar intimidad y resetear la mente\" \/>\n<meta property=\"og:url\" content=\"https:\/\/www.escapadarural.com\/blog\/mar-de-la-carrasca-reseteo-emocional-entre-bosques-y-montanas\/\" \/>\n<meta property=\"og:site_name\" content=\"Magazine de viajes de EscapadaRural\" \/>\n<meta property=\"article:publisher\" content=\"https:\/\/www.facebook.com\/escapadarural\" \/>\n<meta property=\"article:author\" content=\"#\" \/>\n<meta property=\"article:published_time\" content=\"2025-02-18T06:00:00+00:00\" \/>\n<meta property=\"og:image\" content=\"https:\/\/www.escapadarural.com\/blog\/wp-content\/uploads\/2025\/02\/04_MarCarrasca_WP04.webp\" \/>\n\t<meta property=\"og:image:width\" content=\"1024\" \/>\n\t<meta property=\"og:image:height\" content=\"682\" \/>\n\t<meta property=\"og:image:type\" content=\"image\/webp\" \/>\n<meta name=\"author\" content=\"Miguel Perez\" \/>\n<meta name=\"twitter:card\" content=\"summary_large_image\" \/>\n<meta name=\"twitter:creator\" content=\"@#\" \/>\n<meta name=\"twitter:label1\" content=\"Escrito por\" \/>\n\t<meta name=\"twitter:data1\" content=\"Miguel Perez\" \/>\n\t<meta name=\"twitter:label2\" content=\"Tiempo de lectura\" \/>\n\t<meta name=\"twitter:data2\" content=\"9 minutos\" \/>\n<script type=\"application\/ld+json\" class=\"yoast-schema-graph\">{\"@context\":\"https:\\\/\\\/schema.org\",\"@graph\":[{\"@type\":\"Article\",\"@id\":\"https:\\\/\\\/www.escapadarural.com\\\/blog\\\/mar-de-la-carrasca-reseteo-emocional-entre-bosques-y-montanas\\\/#article\",\"isPartOf\":{\"@id\":\"https:\\\/\\\/www.escapadarural.com\\\/blog\\\/mar-de-la-carrasca-reseteo-emocional-entre-bosques-y-montanas\\\/\"},\"author\":{\"name\":\"Miguel Perez\",\"@id\":\"https:\\\/\\\/www.escapadarural.com\\\/blog\\\/#\\\/schema\\\/person\\\/ea17306ba0ae76670daf8e5008db21dd\"},\"headline\":\"Mar de la Carrasca: reseteo emocional entre bosques y monta\u00f1as\",\"datePublished\":\"2025-02-18T06:00:00+00:00\",\"mainEntityOfPage\":{\"@id\":\"https:\\\/\\\/www.escapadarural.com\\\/blog\\\/mar-de-la-carrasca-reseteo-emocional-entre-bosques-y-montanas\\\/\"},\"wordCount\":1413,\"commentCount\":0,\"publisher\":{\"@id\":\"https:\\\/\\\/www.escapadarural.com\\\/blog\\\/#organization\"},\"image\":{\"@id\":\"https:\\\/\\\/www.escapadarural.com\\\/blog\\\/mar-de-la-carrasca-reseteo-emocional-entre-bosques-y-montanas\\\/#primaryimage\"},\"thumbnailUrl\":\"https:\\\/\\\/www.escapadarural.com\\\/blog\\\/wp-content\\\/uploads\\\/2025\\\/02\\\/04_MarCarrasca_WP04.webp\",\"keywords\":[\"Bosques\",\"Castell\u00f3n\",\"Comunidad Valenciana\",\"Mar de la Carrasca\",\"Pareja\"],\"articleSection\":[\"Alojamientos rurales\"],\"inLanguage\":\"es\",\"potentialAction\":[{\"@type\":\"CommentAction\",\"name\":\"Comment\",\"target\":[\"https:\\\/\\\/www.escapadarural.com\\\/blog\\\/mar-de-la-carrasca-reseteo-emocional-entre-bosques-y-montanas\\\/#respond\"]}]},{\"@type\":\"WebPage\",\"@id\":\"https:\\\/\\\/www.escapadarural.com\\\/blog\\\/mar-de-la-carrasca-reseteo-emocional-entre-bosques-y-montanas\\\/\",\"url\":\"https:\\\/\\\/www.escapadarural.com\\\/blog\\\/mar-de-la-carrasca-reseteo-emocional-entre-bosques-y-montanas\\\/\",\"name\":\"Mar de la Carrasca: reseteo emocional entre bosques y monta\u00f1as\",\"isPartOf\":{\"@id\":\"https:\\\/\\\/www.escapadarural.com\\\/blog\\\/#website\"},\"primaryImageOfPage\":{\"@id\":\"https:\\\/\\\/www.escapadarural.com\\\/blog\\\/mar-de-la-carrasca-reseteo-emocional-entre-bosques-y-montanas\\\/#primaryimage\"},\"image\":{\"@id\":\"https:\\\/\\\/www.escapadarural.com\\\/blog\\\/mar-de-la-carrasca-reseteo-emocional-entre-bosques-y-montanas\\\/#primaryimage\"},\"thumbnailUrl\":\"https:\\\/\\\/www.escapadarural.com\\\/blog\\\/wp-content\\\/uploads\\\/2025\\\/02\\\/04_MarCarrasca_WP04.webp\",\"datePublished\":\"2025-02-18T06:00:00+00:00\",\"description\":\"Mar de la Carrasca, en Villahermosa del R\u00edo (Castell\u00f3n), es un alojamiento rural perfecto para encontrar intimidad y resetear la mente\",\"breadcrumb\":{\"@id\":\"https:\\\/\\\/www.escapadarural.com\\\/blog\\\/mar-de-la-carrasca-reseteo-emocional-entre-bosques-y-montanas\\\/#breadcrumb\"},\"inLanguage\":\"es\",\"potentialAction\":[{\"@type\":\"ReadAction\",\"target\":[\"https:\\\/\\\/www.escapadarural.com\\\/blog\\\/mar-de-la-carrasca-reseteo-emocional-entre-bosques-y-montanas\\\/\"]}]},{\"@type\":\"ImageObject\",\"inLanguage\":\"es\",\"@id\":\"https:\\\/\\\/www.escapadarural.com\\\/blog\\\/mar-de-la-carrasca-reseteo-emocional-entre-bosques-y-montanas\\\/#primaryimage\",\"url\":\"https:\\\/\\\/www.escapadarural.com\\\/blog\\\/wp-content\\\/uploads\\\/2025\\\/02\\\/04_MarCarrasca_WP04.webp\",\"contentUrl\":\"https:\\\/\\\/www.escapadarural.com\\\/blog\\\/wp-content\\\/uploads\\\/2025\\\/02\\\/04_MarCarrasca_WP04.webp\",\"width\":1024,\"height\":682,\"caption\":\"Por: Mar de la Carrasca.\"},{\"@type\":\"BreadcrumbList\",\"@id\":\"https:\\\/\\\/www.escapadarural.com\\\/blog\\\/mar-de-la-carrasca-reseteo-emocional-entre-bosques-y-montanas\\\/#breadcrumb\",\"itemListElement\":[{\"@type\":\"ListItem\",\"position\":1,\"name\":\"Inicio\",\"item\":\"https:\\\/\\\/www.escapadarural.com\\\/blog\\\/\"},{\"@type\":\"ListItem\",\"position\":2,\"name\":\"Alojamientos rurales\",\"item\":\"https:\\\/\\\/www.escapadarural.com\\\/blog\\\/categoria\\\/alojamientos-rurales\\\/\"},{\"@type\":\"ListItem\",\"position\":3,\"name\":\"Mar de la Carrasca: reseteo emocional entre bosques y monta\u00f1as\"}]},{\"@type\":\"WebSite\",\"@id\":\"https:\\\/\\\/www.escapadarural.com\\\/blog\\\/#website\",\"url\":\"https:\\\/\\\/www.escapadarural.com\\\/blog\\\/\",\"name\":\"Blog de viajes | turismo rural, alojamientos e inspiraci\u00f3n\",\"description\":\"Alojamientos rurales e inspiraci\u00f3n para tus escapadas\",\"publisher\":{\"@id\":\"https:\\\/\\\/www.escapadarural.com\\\/blog\\\/#organization\"},\"alternateName\":\"Magazine de viajes de EscapadaRural\",\"potentialAction\":[{\"@type\":\"SearchAction\",\"target\":{\"@type\":\"EntryPoint\",\"urlTemplate\":\"https:\\\/\\\/www.escapadarural.com\\\/blog\\\/?s={search_term_string}\"},\"query-input\":{\"@type\":\"PropertyValueSpecification\",\"valueRequired\":true,\"valueName\":\"search_term_string\"}}],\"inLanguage\":\"es\"},{\"@type\":\"Organization\",\"@id\":\"https:\\\/\\\/www.escapadarural.com\\\/blog\\\/#organization\",\"name\":\"EscapadaRural\",\"url\":\"https:\\\/\\\/www.escapadarural.com\\\/blog\\\/\",\"logo\":{\"@type\":\"ImageObject\",\"inLanguage\":\"es\",\"@id\":\"https:\\\/\\\/www.escapadarural.com\\\/blog\\\/#\\\/schema\\\/logo\\\/image\\\/\",\"url\":\"https:\\\/\\\/www.escapadarural.com\\\/blog\\\/wp-content\\\/uploads\\\/2024\\\/10\\\/cropped-cropped-escapada-rural-icon-mag-3.png\",\"contentUrl\":\"https:\\\/\\\/www.escapadarural.com\\\/blog\\\/wp-content\\\/uploads\\\/2024\\\/10\\\/cropped-cropped-escapada-rural-icon-mag-3.png\",\"width\":512,\"height\":512,\"caption\":\"EscapadaRural\"},\"image\":{\"@id\":\"https:\\\/\\\/www.escapadarural.com\\\/blog\\\/#\\\/schema\\\/logo\\\/image\\\/\"},\"sameAs\":[\"https:\\\/\\\/www.facebook.com\\\/escapadarural\",\"https:\\\/\\\/www.instagram.com\\\/escapadarural\\\/\",\"https:\\\/\\\/www.youtube.com\\\/@escapadaruralcom\"]},{\"@type\":\"Person\",\"@id\":\"https:\\\/\\\/www.escapadarural.com\\\/blog\\\/#\\\/schema\\\/person\\\/ea17306ba0ae76670daf8e5008db21dd\",\"name\":\"Miguel Perez\",\"image\":{\"@type\":\"ImageObject\",\"inLanguage\":\"es\",\"@id\":\"https:\\\/\\\/www.escapadarural.com\\\/blog\\\/wp-content\\\/uploads\\\/2024\\\/11\\\/cropped-Miguel-Perez-96x96.jpg\",\"url\":\"https:\\\/\\\/www.escapadarural.com\\\/blog\\\/wp-content\\\/uploads\\\/2024\\\/11\\\/cropped-Miguel-Perez-96x96.jpg\",\"contentUrl\":\"https:\\\/\\\/www.escapadarural.com\\\/blog\\\/wp-content\\\/uploads\\\/2024\\\/11\\\/cropped-Miguel-Perez-96x96.jpg\",\"caption\":\"Miguel Perez\"},\"description\":\"Me encanta el f\u00fatbol, leer, viajar, descubrir nuevos destinos y cont\u00e1rtelos\",\"sameAs\":[\"#\",\"https:\\\/\\\/x.com\\\/#\"],\"url\":\"https:\\\/\\\/www.escapadarural.com\\\/blog\\\/autor\\\/miguel-perez\\\/\"}]}<\/script>\n<!-- \/ Yoast SEO plugin. -->","yoast_head_json":{"title":"Mar de la Carrasca: reseteo emocional entre bosques y monta\u00f1as","description":"Mar de la Carrasca, en Villahermosa del R\u00edo (Castell\u00f3n), es un alojamiento rural perfecto para encontrar intimidad y resetear la mente","robots":{"index":"index","follow":"follow","max-snippet":"max-snippet:-1","max-image-preview":"max-image-preview:large","max-video-preview":"max-video-preview:-1"},"canonical":"https:\/\/www.escapadarural.com\/blog\/mar-de-la-carrasca-reseteo-emocional-entre-bosques-y-montanas\/","og_locale":"es_ES","og_type":"article","og_title":"Mar de la Carrasca: reseteo emocional entre bosques y monta\u00f1as","og_description":"Mar de la Carrasca, en Villahermosa del R\u00edo (Castell\u00f3n), es un alojamiento rural perfecto para encontrar intimidad y resetear la mente","og_url":"https:\/\/www.escapadarural.com\/blog\/mar-de-la-carrasca-reseteo-emocional-entre-bosques-y-montanas\/","og_site_name":"Magazine de viajes de EscapadaRural","article_publisher":"https:\/\/www.facebook.com\/escapadarural","article_author":"#","article_published_time":"2025-02-18T06:00:00+00:00","og_image":[{"width":1024,"height":682,"url":"https:\/\/www.escapadarural.com\/blog\/wp-content\/uploads\/2025\/02\/04_MarCarrasca_WP04.webp","type":"image\/webp"}],"author":"Miguel Perez","twitter_card":"summary_large_image","twitter_creator":"@#","twitter_misc":{"Escrito por":"Miguel Perez","Tiempo de lectura":"9 minutos"},"schema":{"@context":"https:\/\/schema.org","@graph":[{"@type":"Article","@id":"https:\/\/www.escapadarural.com\/blog\/mar-de-la-carrasca-reseteo-emocional-entre-bosques-y-montanas\/#article","isPartOf":{"@id":"https:\/\/www.escapadarural.com\/blog\/mar-de-la-carrasca-reseteo-emocional-entre-bosques-y-montanas\/"},"author":{"name":"Miguel Perez","@id":"https:\/\/www.escapadarural.com\/blog\/#\/schema\/person\/ea17306ba0ae76670daf8e5008db21dd"},"headline":"Mar de la Carrasca: reseteo emocional entre bosques y monta\u00f1as","datePublished":"2025-02-18T06:00:00+00:00","mainEntityOfPage":{"@id":"https:\/\/www.escapadarural.com\/blog\/mar-de-la-carrasca-reseteo-emocional-entre-bosques-y-montanas\/"},"wordCount":1413,"commentCount":0,"publisher":{"@id":"https:\/\/www.escapadarural.com\/blog\/#organization"},"image":{"@id":"https:\/\/www.escapadarural.com\/blog\/mar-de-la-carrasca-reseteo-emocional-entre-bosques-y-montanas\/#primaryimage"},"thumbnailUrl":"https:\/\/www.escapadarural.com\/blog\/wp-content\/uploads\/2025\/02\/04_MarCarrasca_WP04.webp","keywords":["Bosques","Castell\u00f3n","Comunidad Valenciana","Mar de la Carrasca","Pareja"],"articleSection":["Alojamientos rurales"],"inLanguage":"es","potentialAction":[{"@type":"CommentAction","name":"Comment","target":["https:\/\/www.escapadarural.com\/blog\/mar-de-la-carrasca-reseteo-emocional-entre-bosques-y-montanas\/#respond"]}]},{"@type":"WebPage","@id":"https:\/\/www.escapadarural.com\/blog\/mar-de-la-carrasca-reseteo-emocional-entre-bosques-y-montanas\/","url":"https:\/\/www.escapadarural.com\/blog\/mar-de-la-carrasca-reseteo-emocional-entre-bosques-y-montanas\/","name":"Mar de la Carrasca: reseteo emocional entre bosques y monta\u00f1as","isPartOf":{"@id":"https:\/\/www.escapadarural.com\/blog\/#website"},"primaryImageOfPage":{"@id":"https:\/\/www.escapadarural.com\/blog\/mar-de-la-carrasca-reseteo-emocional-entre-bosques-y-montanas\/#primaryimage"},"image":{"@id":"https:\/\/www.escapadarural.com\/blog\/mar-de-la-carrasca-reseteo-emocional-entre-bosques-y-montanas\/#primaryimage"},"thumbnailUrl":"https:\/\/www.escapadarural.com\/blog\/wp-content\/uploads\/2025\/02\/04_MarCarrasca_WP04.webp","datePublished":"2025-02-18T06:00:00+00:00","description":"Mar de la Carrasca, en Villahermosa del R\u00edo (Castell\u00f3n), es un alojamiento rural perfecto para encontrar intimidad y resetear la mente","breadcrumb":{"@id":"https:\/\/www.escapadarural.com\/blog\/mar-de-la-carrasca-reseteo-emocional-entre-bosques-y-montanas\/#breadcrumb"},"inLanguage":"es","potentialAction":[{"@type":"ReadAction","target":["https:\/\/www.escapadarural.com\/blog\/mar-de-la-carrasca-reseteo-emocional-entre-bosques-y-montanas\/"]}]},{"@type":"ImageObject","inLanguage":"es","@id":"https:\/\/www.escapadarural.com\/blog\/mar-de-la-carrasca-reseteo-emocional-entre-bosques-y-montanas\/#primaryimage","url":"https:\/\/www.escapadarural.com\/blog\/wp-content\/uploads\/2025\/02\/04_MarCarrasca_WP04.webp","contentUrl":"https:\/\/www.escapadarural.com\/blog\/wp-content\/uploads\/2025\/02\/04_MarCarrasca_WP04.webp","width":1024,"height":682,"caption":"Por: Mar de la Carrasca."},{"@type":"BreadcrumbList","@id":"https:\/\/www.escapadarural.com\/blog\/mar-de-la-carrasca-reseteo-emocional-entre-bosques-y-montanas\/#breadcrumb","itemListElement":[{"@type":"ListItem","position":1,"name":"Inicio","item":"https:\/\/www.escapadarural.com\/blog\/"},{"@type":"ListItem","position":2,"name":"Alojamientos rurales","item":"https:\/\/www.escapadarural.com\/blog\/categoria\/alojamientos-rurales\/"},{"@type":"ListItem","position":3,"name":"Mar de la Carrasca: reseteo emocional entre bosques y monta\u00f1as"}]},{"@type":"WebSite","@id":"https:\/\/www.escapadarural.com\/blog\/#website","url":"https:\/\/www.escapadarural.com\/blog\/","name":"Blog de viajes | turismo rural, alojamientos e inspiraci\u00f3n","description":"Alojamientos rurales e inspiraci\u00f3n para tus escapadas","publisher":{"@id":"https:\/\/www.escapadarural.com\/blog\/#organization"},"alternateName":"Magazine de viajes de EscapadaRural","potentialAction":[{"@type":"SearchAction","target":{"@type":"EntryPoint","urlTemplate":"https:\/\/www.escapadarural.com\/blog\/?s={search_term_string}"},"query-input":{"@type":"PropertyValueSpecification","valueRequired":true,"valueName":"search_term_string"}}],"inLanguage":"es"},{"@type":"Organization","@id":"https:\/\/www.escapadarural.com\/blog\/#organization","name":"EscapadaRural","url":"https:\/\/www.escapadarural.com\/blog\/","logo":{"@type":"ImageObject","inLanguage":"es","@id":"https:\/\/www.escapadarural.com\/blog\/#\/schema\/logo\/image\/","url":"https:\/\/www.escapadarural.com\/blog\/wp-content\/uploads\/2024\/10\/cropped-cropped-escapada-rural-icon-mag-3.png","contentUrl":"https:\/\/www.escapadarural.com\/blog\/wp-content\/uploads\/2024\/10\/cropped-cropped-escapada-rural-icon-mag-3.png","width":512,"height":512,"caption":"EscapadaRural"},"image":{"@id":"https:\/\/www.escapadarural.com\/blog\/#\/schema\/logo\/image\/"},"sameAs":["https:\/\/www.facebook.com\/escapadarural","https:\/\/www.instagram.com\/escapadarural\/","https:\/\/www.youtube.com\/@escapadaruralcom"]},{"@type":"Person","@id":"https:\/\/www.escapadarural.com\/blog\/#\/schema\/person\/ea17306ba0ae76670daf8e5008db21dd","name":"Miguel Perez","image":{"@type":"ImageObject","inLanguage":"es","@id":"https:\/\/www.escapadarural.com\/blog\/wp-content\/uploads\/2024\/11\/cropped-Miguel-Perez-96x96.jpg","url":"https:\/\/www.escapadarural.com\/blog\/wp-content\/uploads\/2024\/11\/cropped-Miguel-Perez-96x96.jpg","contentUrl":"https:\/\/www.escapadarural.com\/blog\/wp-content\/uploads\/2024\/11\/cropped-Miguel-Perez-96x96.jpg","caption":"Miguel Perez"},"description":"Me encanta el f\u00fatbol, leer, viajar, descubrir nuevos destinos y cont\u00e1rtelos","sameAs":["#","https:\/\/x.com\/#"],"url":"https:\/\/www.escapadarural.com\/blog\/autor\/miguel-perez\/"}]}},"_links":{"self":[{"href":"https:\/\/www.escapadarural.com\/blog\/wp-json\/wp\/v2\/posts\/192890","targetHints":{"allow":["GET"]}}],"collection":[{"href":"https:\/\/www.escapadarural.com\/blog\/wp-json\/wp\/v2\/posts"}],"about":[{"href":"https:\/\/www.escapadarural.com\/blog\/wp-json\/wp\/v2\/types\/post"}],"author":[{"embeddable":true,"href":"https:\/\/www.escapadarural.com\/blog\/wp-json\/wp\/v2\/users\/157"}],"replies":[{"embeddable":true,"href":"https:\/\/www.escapadarural.com\/blog\/wp-json\/wp\/v2\/comments?post=192890"}],"version-history":[{"count":0,"href":"https:\/\/www.escapadarural.com\/blog\/wp-json\/wp\/v2\/posts\/192890\/revisions"}],"wp:featuredmedia":[{"embeddable":true,"href":"https:\/\/www.escapadarural.com\/blog\/wp-json\/wp\/v2\/media\/192910"}],"wp:attachment":[{"href":"https:\/\/www.escapadarural.com\/blog\/wp-json\/wp\/v2\/media?parent=192890"}],"wp:term":[{"taxonomy":"category","embeddable":true,"href":"https:\/\/www.escapadarural.com\/blog\/wp-json\/wp\/v2\/categories?post=192890"},{"taxonomy":"post_tag","embeddable":true,"href":"https:\/\/www.escapadarural.com\/blog\/wp-json\/wp\/v2\/tags?post=192890"}],"curies":[{"name":"wp","href":"https:\/\/api.w.org\/{rel}","templated":true}]}}