{"id":194292,"date":"2025-03-09T08:00:00","date_gmt":"2025-03-09T06:00:00","guid":{"rendered":"https:\/\/www.escapadarural.com\/blog\/?p=194292"},"modified":"2026-02-05T14:19:31","modified_gmt":"2026-02-05T13:19:31","slug":"la-ruta-del-mimbre-en-espana","status":"publish","type":"post","link":"https:\/\/www.escapadarural.com\/blog\/la-ruta-del-mimbre-en-espana\/","title":{"rendered":"La Ruta del mimbre en Espa\u00f1a, campos al rojo vivo"},"content":{"rendered":"\n<figure class=\"wp-block-image size-large\"><img loading=\"lazy\" decoding=\"async\" width=\"1024\" height=\"683\" src=\"https:\/\/www.escapadarural.com\/blog\/wp-content\/uploads\/2025\/02\/mimbre_canamares-1024x683.jpeg\" alt=\"Campos rojos de la ruta del mimbre en Cuenca. Por JUAN CARLOS MUNOZ.\" class=\"wp-image-194294\" srcset=\"https:\/\/www.escapadarural.com\/blog\/wp-content\/uploads\/2025\/02\/mimbre_canamares-200x133.jpeg 200w, https:\/\/www.escapadarural.com\/blog\/wp-content\/uploads\/2025\/02\/mimbre_canamares-300x200.jpeg 300w, https:\/\/www.escapadarural.com\/blog\/wp-content\/uploads\/2025\/02\/mimbre_canamares-400x267.jpeg 400w, https:\/\/www.escapadarural.com\/blog\/wp-content\/uploads\/2025\/02\/mimbre_canamares-600x400.jpeg 600w, https:\/\/www.escapadarural.com\/blog\/wp-content\/uploads\/2025\/02\/mimbre_canamares-768x512.jpeg 768w, https:\/\/www.escapadarural.com\/blog\/wp-content\/uploads\/2025\/02\/mimbre_canamares-800x534.jpeg 800w, https:\/\/www.escapadarural.com\/blog\/wp-content\/uploads\/2025\/02\/mimbre_canamares-1024x683.jpeg 1024w, https:\/\/www.escapadarural.com\/blog\/wp-content\/uploads\/2025\/02\/mimbre_canamares-1200x800.jpeg 1200w, https:\/\/www.escapadarural.com\/blog\/wp-content\/uploads\/2025\/02\/mimbre_canamares-1536x1025.jpeg 1536w\" sizes=\"auto, (max-width: 1024px) 100vw, 1024px\" \/><figcaption class=\"wp-element-caption\">Campos rojos de la ruta del mimbre en Cuenca. Por JUAN CARLOS MUNOZ.<\/figcaption><\/figure>\n\n\n\n<p>El amarillo alegre del <a href=\"https:\/\/www.escapadarural.com\/blog\/floracion-del-piorno-sierra-de-gredos\/\">piorno<\/a> en flor de la sierra de Gredos, el rosa potente de los <a href=\"https:\/\/www.escapadarural.com\/blog\/melocotoneros-de-aitona-fruiturismo\/\">melocotoneros<\/a> de Cieza o el lila hipn\u00f3tico de la <a href=\"https:\/\/www.escapadarural.com\/blog\/los-campos-de-lavanda-el-paisaje-de-moda\/\">lavanda en Brihuega<\/a> son algunos de los colores que atraen a los aficionados al <strong>turismo de <a href=\"https:\/\/www.escapadarural.com\/blog\/floracion-en-espana\/\">floraci\u00f3n<\/a><\/strong> (y a los que buscan escenarios buc\u00f3licos para sus redes). Pero hay otro rinc\u00f3n de la pen\u00ednsula ib\u00e9rica que se ti\u00f1e cuando el cultivo principal de sus tierras est\u00e1 en su \u00e9poca de esplendor.<strong> La Ruta del Mimbre<\/strong>, que transcurre por la Serran\u00eda de Cuenca, pasa por campos rojos y p\u00farpuras explosivos que son toda una atracci\u00f3n para los sentidos.<\/p>\n\n\n\n<p>Adem\u00e1s de los tonos del paisaje, por el que fluyen el r\u00edo Escabas y su afluente, el Trabaque, la ruta tiene como principal atractivo <strong>conocer la historia de este material<\/strong>. Aunque ahora se utiliza m\u00e1s bien para la artesan\u00eda tradicional, en su momento <strong>el mimbre<\/strong> fue esencial para la econom\u00eda de la zona y tambi\u00e9n del pa\u00eds. Los objetos elaborados con esta fibra vegetal \u2013sillas, cestas o ba\u00fales, por ejemplo\u2013 llegaban a todas partes. Actualmente, <strong>el 80% de la producci\u00f3n espa\u00f1ola viene de aqu\u00ed<\/strong>.<\/p>\n\n\n\n<div class=\"wp-block-buttons is-layout-flex wp-block-buttons-is-layout-flex\">\n<div class=\"wp-block-button\"><a class=\"wp-block-button__link wp-element-button\" href=\"\/casas-rurales\/serrania-de-cuenca\">Alojamientos rurales en la Serran\u00eda de Cuenca<\/a><\/div>\n<\/div>\n\n\n\n<h2 class=\"wp-block-heading\" id=\"h-la-ruta-del-mimbre\">La Ruta del Mimbre<\/h2>\n\n\n\n<p>La<strong> Ruta del Mimbre<\/strong> pasa por siete pueblos relacionados con ese cultivo: Albalate de las Nogueras, Villaconejos de Trabaque, Priego, Ca\u00f1amares, Fuertescusa, Vadillos y Beteta. Son m\u00e1s de 50 kil\u00f3metros de recorrido por esas tierras de la Serran\u00eda de Cuenca y la <a href=\"\/casas-rurales\/la-alcarria\">Alcarria<\/a> conquense, que se recomienda hacer entre <strong>los meses de noviembre y mayo<\/strong>, porque es cuando su entorno natural se colorea con m\u00e1s intensidad. Con la recolecci\u00f3n, las varas se colocan en montones en forma de caba\u00f1a \u2013parecen tipis\u2013 conocidos como <strong>\u2018carboneras\u2019 o \u2018chozos\u2019<\/strong>.<\/p>\n\n\n\n<figure class=\"wp-block-image size-large\"><img loading=\"lazy\" decoding=\"async\" width=\"1024\" height=\"768\" src=\"https:\/\/www.escapadarural.com\/blog\/wp-content\/uploads\/2025\/02\/chozos-de-mimbre-1024x768.jpeg\" alt=\"Varas de mimbre recolectadas. Por jaime.\" class=\"wp-image-194295\" srcset=\"https:\/\/www.escapadarural.com\/blog\/wp-content\/uploads\/2025\/02\/chozos-de-mimbre-200x150.jpeg 200w, https:\/\/www.escapadarural.com\/blog\/wp-content\/uploads\/2025\/02\/chozos-de-mimbre-300x225.jpeg 300w, https:\/\/www.escapadarural.com\/blog\/wp-content\/uploads\/2025\/02\/chozos-de-mimbre-400x300.jpeg 400w, https:\/\/www.escapadarural.com\/blog\/wp-content\/uploads\/2025\/02\/chozos-de-mimbre-600x450.jpeg 600w, https:\/\/www.escapadarural.com\/blog\/wp-content\/uploads\/2025\/02\/chozos-de-mimbre-768x576.jpeg 768w, https:\/\/www.escapadarural.com\/blog\/wp-content\/uploads\/2025\/02\/chozos-de-mimbre-800x600.jpeg 800w, https:\/\/www.escapadarural.com\/blog\/wp-content\/uploads\/2025\/02\/chozos-de-mimbre-1024x768.jpeg 1024w, https:\/\/www.escapadarural.com\/blog\/wp-content\/uploads\/2025\/02\/chozos-de-mimbre-1200x900.jpeg 1200w, https:\/\/www.escapadarural.com\/blog\/wp-content\/uploads\/2025\/02\/chozos-de-mimbre-1536x1152.jpeg 1536w\" sizes=\"auto, (max-width: 1024px) 100vw, 1024px\" \/><figcaption class=\"wp-element-caption\">Varas de mimbre recolectadas. Por jaime.<\/figcaption><\/figure>\n\n\n\n<h2 class=\"wp-block-heading\" id=\"h-albalate-de-las-nogueras-un-antiguo-asentamiento-bereber\">Albalate de las Nogueras, un antiguo asentamiento bereber<\/h2>\n\n\n\n<p>El camino parte de <a href=\"\/casas-rurales\/albalate-de-las-nogueras\">Albalate de las Nogueras<\/a>, un municipio que se encuentra en lo alto de un cerro y que, durante la Alta Edad Media, <strong>fue un asentamiento bereber<\/strong>. El alto en el que se construyeron sus casas se forma por la confluencia del r\u00edo Trabaque y el Albalate, uno de sus afluentes. Su principal reclamo arquitect\u00f3nico es la iglesia de la Asunci\u00f3n que, parece ser, est\u00e1 edificada sobre una antigua mezquita.<\/p>\n\n\n\n<p>Su origen se remonta al siglo XIII y llaman la atenci\u00f3n especialmente las formas talladas en los canecillos, que representan animales, personas y plantas. Es <strong>Monumento Nacional desde 1983<\/strong>. Asimismo, tambi\u00e9n es interesante <strong>la plaza mayor del pueblo,<\/strong> en la que se aprecia su pasado <a href=\"https:\/\/www.escapadarural.com\/blog\/horta-de-sant-joan-pueblo-que-inspiro-a-picasso\/\" title=\"Horta de Sant Joan, el pueblo medieval que inspir\u00f3 a Picasso\"  data-wpil-monitor-id=\"780\">medieval<\/a>, as\u00ed como las mansiones solariegas que, junto a las populares, vertebran las calles.<\/p>\n\n\n\n<h2 class=\"wp-block-heading\" id=\"h-villaconejos-de-trabaque-el-tesoro-de-la-alcarria\">Villaconejos de Trabaque, el tesoro de la Alcarria<\/h2>\n\n\n\n<figure class=\"wp-block-image size-large\"><img loading=\"lazy\" decoding=\"async\" width=\"1024\" height=\"683\" src=\"https:\/\/www.escapadarural.com\/blog\/wp-content\/uploads\/2025\/02\/villaconejos-1024x683.jpeg\" alt=\"Villaconejos de Trabaque, pueblo de la ruta del mimbre. Por Joe McUbed.\" class=\"wp-image-194296\" srcset=\"https:\/\/www.escapadarural.com\/blog\/wp-content\/uploads\/2025\/02\/villaconejos-200x133.jpeg 200w, https:\/\/www.escapadarural.com\/blog\/wp-content\/uploads\/2025\/02\/villaconejos-300x200.jpeg 300w, https:\/\/www.escapadarural.com\/blog\/wp-content\/uploads\/2025\/02\/villaconejos-400x267.jpeg 400w, https:\/\/www.escapadarural.com\/blog\/wp-content\/uploads\/2025\/02\/villaconejos-600x400.jpeg 600w, https:\/\/www.escapadarural.com\/blog\/wp-content\/uploads\/2025\/02\/villaconejos-768x512.jpeg 768w, https:\/\/www.escapadarural.com\/blog\/wp-content\/uploads\/2025\/02\/villaconejos-800x533.jpeg 800w, https:\/\/www.escapadarural.com\/blog\/wp-content\/uploads\/2025\/02\/villaconejos-1024x683.jpeg 1024w, https:\/\/www.escapadarural.com\/blog\/wp-content\/uploads\/2025\/02\/villaconejos-1200x800.jpeg 1200w, https:\/\/www.escapadarural.com\/blog\/wp-content\/uploads\/2025\/02\/villaconejos-1536x1024.jpeg 1536w\" sizes=\"auto, (max-width: 1024px) 100vw, 1024px\" \/><figcaption class=\"wp-element-caption\">Villaconejos de Trabaque, pueblo de la ruta del mimbre. Por Joe McUbed.<\/figcaption><\/figure>\n\n\n\n<p><strong>Villaconejos de Trabaque<\/strong> se presenta como un \u2018tesoro de la Alcarria\u2019 seg\u00fan <a href=\"https:\/\/www.turismocastillalamancha.es\/patrimonio\/villaconejos-de-trabaque-41431\/descripcion\/\" target=\"_blank\" rel=\"noreferrer noopener nofollow\">turismo de Castilla-La Mancha<\/a>. El pueblo est\u00e1 atravesado por el r\u00edo Trabaque y, a un lado se sit\u00faan las casas, y al otro las cuevas del vino por la que es famoso, entre otras cosas. Tiene unos 500 habitantes y dos santuarios que son emblem\u00e1ticos en el lugar. Por un lado, la iglesia de San Juan Bautista, construida entre finales del siglo XV y principios del XVI en la que destaca su pin\u00e1culo, que tiene tres huecos para las campanas y est\u00e1 rematada con bolas.<\/p>\n\n\n\n<p>Por el otro, est\u00e1 la ermita de la Concepci\u00f3n, a cuya entrada hay perfilados unos llamativos jardines. No existen datos exactos que aseguren la fecha de su construcci\u00f3n, pero se calcula que se trata de un templo del siglo XVIII. En la otra orilla del r\u00edo se pueden visitar las mencionadas <strong>cuevas del vino<\/strong>, colocadas en hilera y excavadas en su tierra.<\/p>\n\n\n\n<h2 class=\"wp-block-heading\" id=\"h-priego-mimbre-y-alfareria\">Priego: mimbre y alfarer\u00eda<\/h2>\n\n\n\n<figure class=\"wp-block-image size-large\"><img loading=\"lazy\" decoding=\"async\" width=\"1024\" height=\"683\" src=\"https:\/\/www.escapadarural.com\/blog\/wp-content\/uploads\/2025\/02\/canamares-mimbre-1024x683.jpeg\" alt=\"Paisaje de la ruta del mimbre. Por SoniaBonet.\" class=\"wp-image-194297\" srcset=\"https:\/\/www.escapadarural.com\/blog\/wp-content\/uploads\/2025\/02\/canamares-mimbre-200x133.jpeg 200w, https:\/\/www.escapadarural.com\/blog\/wp-content\/uploads\/2025\/02\/canamares-mimbre-300x200.jpeg 300w, https:\/\/www.escapadarural.com\/blog\/wp-content\/uploads\/2025\/02\/canamares-mimbre-400x267.jpeg 400w, https:\/\/www.escapadarural.com\/blog\/wp-content\/uploads\/2025\/02\/canamares-mimbre-600x400.jpeg 600w, https:\/\/www.escapadarural.com\/blog\/wp-content\/uploads\/2025\/02\/canamares-mimbre-768x512.jpeg 768w, https:\/\/www.escapadarural.com\/blog\/wp-content\/uploads\/2025\/02\/canamares-mimbre-800x533.jpeg 800w, https:\/\/www.escapadarural.com\/blog\/wp-content\/uploads\/2025\/02\/canamares-mimbre-1024x683.jpeg 1024w, https:\/\/www.escapadarural.com\/blog\/wp-content\/uploads\/2025\/02\/canamares-mimbre-1200x800.jpeg 1200w, https:\/\/www.escapadarural.com\/blog\/wp-content\/uploads\/2025\/02\/canamares-mimbre-1536x1024.jpeg 1536w\" sizes=\"auto, (max-width: 1024px) 100vw, 1024px\" \/><figcaption class=\"wp-element-caption\">Paisaje de la ruta del mimbre. Por SoniaBonet.<\/figcaption><\/figure>\n\n\n\n<p>La siguiente parada es <a href=\"https:\/\/www.escapadarural.com\/casas-rurales\/priego\"><strong>Priego<\/strong><\/a>, uno de los nombres m\u00e1s relevantes del camino, sin desmerecer al resto. Este municipio hace de frontera \u2013o de puerta\u2013 de la Alcarria a la Serran\u00eda, o viceversa. <a href=\"https:\/\/www.escapadarural.com\/blog\/casas-rurales-cerca-playa-andalucia\/\" title=\"Casas rurales cerca de la playa en Andaluc\u00eda\"  data-wpil-monitor-id=\"779\">Cerca de las casas<\/a> que lo conforman pasa el r\u00edo Escabas, que forma la hoz conocida como <strong>Estrecho de Priego<\/strong>, un paraje natural digno de conocer. Adem\u00e1s del mimbre, la poblaci\u00f3n tambi\u00e9n es conocida por sus trabajos de alfarer\u00eda y por varios de sus monumentos.&nbsp;<\/p>\n\n\n\n<p>Uno de ellos es el <strong>torre\u00f3n de Despe\u00f1aperros,<\/strong> que en su d\u00eda form\u00f3 parte de una fortaleza \u00e1rabe. En su parte baja se encuentra la cueva de la Mora, cuyo nombre viene de <strong>la leyenda<\/strong> del siglo XIII que dec\u00eda que en su interior habitaba la princesa Zobey, pero que cualquiera que entrase a verla se convertir\u00eda en piedra. Adem\u00e1s, tambi\u00e9n destaca la iglesia de San Nicol\u00e1s, del siglo XVI; y los conventos del Rosal y San Miguel, ambos del siglo XII.<\/p>\n\n\n\n<h2 class=\"wp-block-heading\" id=\"h-canamares-donde-el-mimbre-tiene-peso\">Ca\u00f1amares, donde el mimbre tiene peso<\/h2>\n\n\n\n<figure class=\"wp-block-image size-large\"><img loading=\"lazy\" decoding=\"async\" width=\"1024\" height=\"683\" src=\"https:\/\/www.escapadarural.com\/blog\/wp-content\/uploads\/2025\/03\/AdobeStock_389712172-1024x683.webp\" alt=\"Mimbre en Ca\u00f1amares, serran\u00eda de Cuenca\" class=\"wp-image-195096\"\/><figcaption class=\"wp-element-caption\">Mimbre en Ca\u00f1amares, serran\u00eda de Cuenca. Por Cavan<\/figcaption><\/figure>\n\n\n\n<p>En el valle de las hoces que forma el r\u00edo Escabas se encuentra <a href=\"https:\/\/www.escapadarural.com\/casas-rurales\/canamares_cuenca\"><strong>Ca\u00f1amares<\/strong><\/a>, otra de las paradas de la Ruta del Mimbre. Este municipio, que tiene menos de 500 habitantes, est\u00e1 hermanado con <a href=\"\/casas-rurales\/san-millan-de-la-cogolla\">San Mill\u00e1n de la Cogolla<\/a>, ya que se form\u00f3 cuando unos soldados riojanos se asentaron en la zona durante la Alta Edad Media.&nbsp;<\/p>\n\n\n\n<p>Es un buen lugar en el que disfrutar de la <strong>gastronom\u00eda conquense<\/strong>: el morteruelo, el gazpacho manchego, el cabrito o las gachas no faltan en sus restaurantes. Y si el calor aprieta, tambi\u00e9n es posible darse un ba\u00f1o en su playa natural. Adem\u00e1s, es <strong>el lugar de la ruta en el que la producci\u00f3n de mimbre tiene m\u00e1s peso<\/strong>.<\/p>\n\n\n\n<h2 class=\"wp-block-heading\" id=\"h-fuertescusa-entrada-a-la-selva-negra-conquense\">Fuertescusa: entrada a la &#8216;Selva Negra conquense&#8217; <\/h2>\n\n\n\n<p>El recorrido llega ahora a <a href=\"https:\/\/www.escapadarural.com\/casas-rurales\/fuertescusa\"><strong>Fuertescusa<\/strong><\/a>, un peque\u00f1o pueblo al que se conoce por ser la puerta a trav\u00e9s de la que se entra a la \u2018Selva Negra conquense\u2019 (el nombre viene, evidentemente, por el parecido de esta zona natural de Cuenca y la de Alemania). Adem\u00e1s, en la entrada hay una roca conocida como \u2018la del castillo\u2019 -aunque no hay ning\u00fan edificio-, adem\u00e1s de tres t\u00faneles horadados en la monta\u00f1a a los que llaman <strong>\u2018la puerta del Infierno\u2019<\/strong>. Datan de 1935.<\/p>\n\n\n\n<figure class=\"wp-block-image size-large\"><img loading=\"lazy\" decoding=\"async\" width=\"1024\" height=\"683\" src=\"https:\/\/www.escapadarural.com\/blog\/wp-content\/uploads\/2025\/02\/ruta-mimbre-1024x683.jpeg\" alt=\"Paisaje rojo de la ruta del mimbre. Por  JUAN CARLOS MUNOZ.\" class=\"wp-image-194298\" srcset=\"https:\/\/www.escapadarural.com\/blog\/wp-content\/uploads\/2025\/02\/ruta-mimbre-200x133.jpeg 200w, https:\/\/www.escapadarural.com\/blog\/wp-content\/uploads\/2025\/02\/ruta-mimbre-300x200.jpeg 300w, https:\/\/www.escapadarural.com\/blog\/wp-content\/uploads\/2025\/02\/ruta-mimbre-400x267.jpeg 400w, https:\/\/www.escapadarural.com\/blog\/wp-content\/uploads\/2025\/02\/ruta-mimbre-600x400.jpeg 600w, https:\/\/www.escapadarural.com\/blog\/wp-content\/uploads\/2025\/02\/ruta-mimbre-768x512.jpeg 768w, https:\/\/www.escapadarural.com\/blog\/wp-content\/uploads\/2025\/02\/ruta-mimbre-800x534.jpeg 800w, https:\/\/www.escapadarural.com\/blog\/wp-content\/uploads\/2025\/02\/ruta-mimbre-1024x683.jpeg 1024w, https:\/\/www.escapadarural.com\/blog\/wp-content\/uploads\/2025\/02\/ruta-mimbre-1200x800.jpeg 1200w, https:\/\/www.escapadarural.com\/blog\/wp-content\/uploads\/2025\/02\/ruta-mimbre-1536x1025.jpeg 1536w\" sizes=\"auto, (max-width: 1024px) 100vw, 1024px\" \/><figcaption class=\"wp-element-caption\">Paisaje rojo de la ruta del mimbre. Por  JUAN CARLOS MUNOZ.<\/figcaption><\/figure>\n\n\n\n<h2 class=\"wp-block-heading\" id=\"h-badillos-y-beteta-tierra-de-solan-de-cabras\">Badillos y Beteta, tierra de Sol\u00e1n de Cabras<\/h2>\n\n\n\n<p>Si alguien pregunta por el car\u00e1cter de <a href=\"\/casas-rurales\/canizares_cuenca\"><strong>Ca\u00f1izares<\/strong><\/a> \u2013la localidad, no el futbolista\u2013 le responder\u00e1n que es \u2018t\u00edpicamente serrano\u2019. Entre sus monumentos se encuentran la ermita de la Virgen de los Casares, del siglo XVIII y la iglesia de Santiago Ap\u00f3stol, que data del mismo periodo hist\u00f3rico. Tras pasar por <strong>Vadillos<\/strong> se llega a la \u00faltima parada de la Ruta del Mimbre: <a href=\"\/casas-rurales\/beteta\"><strong>Beteta<\/strong><\/a>.<\/p>\n\n\n\n<p>Este pueblo ha sido el primero, junto a <a href=\"\/casas-rurales\/sigueenza\">Sig\u00fcenza<\/a>, en recibir el distintivo de <a href=\"https:\/\/www.escapadarural.com\/blog\/municipios-turisticos-de-castilla-la-mancha\/\">Municipio Tur\u00edstico de Castilla-La Mancha<\/a>. Adem\u00e1s de formar parte de la ruta del mimbre, tambi\u00e9n es muy conocido porque en sus alrededores nace <strong>el manantial de Sol\u00e1n de Cabras<\/strong> y est\u00e1 el Real Balneario de Sol\u00e1n de Cabras. Entre las joyas de su patrimonio destaca el castillo de Rochafrida, del siglo XII, que es uno de los m\u00e1s altos del pa\u00eds. Est\u00e1 edificado en un alto a m\u00e1s de 1.363 metros sobre el nivel del mar. Asimismo, tambi\u00e9n es interesante su iglesia parroquial de Nuestra Se\u00f1ora de la Asunci\u00f3n, que data del siglo XV.&nbsp;<\/p>\n","protected":false},"excerpt":{"rendered":"<p>Desde noviembre a mayo en la Serran\u00eda de Cuenca los campos se ti\u00f1en de rojo. La mejor manera de disfrutar de ese espect\u00e1culo para los sentidos es recorrer la Ruta del Mimbre.<\/p>\n","protected":false},"author":114,"featured_media":194298,"comment_status":"open","ping_status":"open","sticky":false,"template":"","format":"standard","meta":{"_acf_changed":false,"om_disable_all_campaigns":false,"footnotes":""},"categories":[1379],"tags":[6335,329,1246,215,257,6171,1706],"class_list":["post-194292","post","type-post","status-publish","format-standard","has-post-thumbnail","hentry","category-rutas-y-excursiones","tag-castilla-la-mancha","tag-que-ver-en-cuenca","tag-floracion","tag-listado","tag-primavera","tag-ruta-del-mimbre","tag-serrania-de-cuenca"],"acf":[],"featured_image_src":"https:\/\/www.escapadarural.com\/blog\/wp-content\/uploads\/2025\/02\/ruta-mimbre-scaled.jpeg","author_info":{"display_name":"Carmen L\u00f3pez","author_link":"https:\/\/www.escapadarural.com\/blog\/autor\/carmenlopez\/"},"yoast_head":"<!-- This site is optimized with the Yoast SEO plugin v27.5 - https:\/\/yoast.com\/product\/yoast-seo-wordpress\/ -->\n<title>La Ruta del mimbre en Espa\u00f1a, campos al rojo vivo - EscapadaRural<\/title>\n<meta name=\"description\" content=\"Desde noviembre a mayo en la Serran\u00eda de Cuenca los campos se ti\u00f1en de rojo. La Ruta del Mimbre nos lleva a descubrir su cultivo.\" \/>\n<meta name=\"robots\" content=\"index, follow, max-snippet:-1, max-image-preview:large, max-video-preview:-1\" \/>\n<link rel=\"canonical\" href=\"https:\/\/www.escapadarural.com\/blog\/la-ruta-del-mimbre-en-espana\/\" \/>\n<meta property=\"og:locale\" content=\"es_ES\" \/>\n<meta property=\"og:type\" content=\"article\" \/>\n<meta property=\"og:title\" content=\"La Ruta del mimbre en Espa\u00f1a, campos al rojo vivo - EscapadaRural\" \/>\n<meta property=\"og:description\" content=\"Desde noviembre a mayo en la Serran\u00eda de Cuenca los campos se ti\u00f1en de rojo. La Ruta del Mimbre nos lleva a descubrir su cultivo.\" \/>\n<meta property=\"og:url\" content=\"https:\/\/www.escapadarural.com\/blog\/la-ruta-del-mimbre-en-espana\/\" \/>\n<meta property=\"og:site_name\" content=\"Magazine de viajes de EscapadaRural\" \/>\n<meta property=\"article:publisher\" content=\"https:\/\/www.facebook.com\/escapadarural\" \/>\n<meta property=\"article:published_time\" content=\"2025-03-09T06:00:00+00:00\" \/>\n<meta property=\"article:modified_time\" content=\"2026-02-05T13:19:31+00:00\" \/>\n<meta property=\"og:image\" content=\"https:\/\/www.escapadarural.com\/blog\/wp-content\/uploads\/2025\/02\/ruta-mimbre-scaled.jpeg\" \/>\n\t<meta property=\"og:image:width\" content=\"2048\" \/>\n\t<meta property=\"og:image:height\" content=\"1366\" \/>\n\t<meta property=\"og:image:type\" content=\"image\/jpeg\" \/>\n<meta name=\"author\" content=\"Carmen L\u00f3pez\" \/>\n<meta name=\"twitter:card\" content=\"summary_large_image\" \/>\n<meta name=\"twitter:label1\" content=\"Escrito por\" \/>\n\t<meta name=\"twitter:data1\" content=\"Carmen L\u00f3pez\" \/>\n\t<meta name=\"twitter:label2\" content=\"Tiempo de lectura\" \/>\n\t<meta name=\"twitter:data2\" content=\"7 minutos\" \/>\n<script type=\"application\/ld+json\" class=\"yoast-schema-graph\">{\"@context\":\"https:\\\/\\\/schema.org\",\"@graph\":[{\"@type\":\"Article\",\"@id\":\"https:\\\/\\\/www.escapadarural.com\\\/blog\\\/la-ruta-del-mimbre-en-espana\\\/#article\",\"isPartOf\":{\"@id\":\"https:\\\/\\\/www.escapadarural.com\\\/blog\\\/la-ruta-del-mimbre-en-espana\\\/\"},\"author\":{\"name\":\"Carmen L\u00f3pez\",\"@id\":\"https:\\\/\\\/www.escapadarural.com\\\/blog\\\/#\\\/schema\\\/person\\\/42dfdff6118172efc6a04c8ae599a2ce\"},\"headline\":\"La Ruta del mimbre en Espa\u00f1a, campos al rojo vivo\",\"datePublished\":\"2025-03-09T06:00:00+00:00\",\"dateModified\":\"2026-02-05T13:19:31+00:00\",\"mainEntityOfPage\":{\"@id\":\"https:\\\/\\\/www.escapadarural.com\\\/blog\\\/la-ruta-del-mimbre-en-espana\\\/\"},\"wordCount\":1305,\"commentCount\":0,\"publisher\":{\"@id\":\"https:\\\/\\\/www.escapadarural.com\\\/blog\\\/#organization\"},\"image\":{\"@id\":\"https:\\\/\\\/www.escapadarural.com\\\/blog\\\/la-ruta-del-mimbre-en-espana\\\/#primaryimage\"},\"thumbnailUrl\":\"https:\\\/\\\/www.escapadarural.com\\\/blog\\\/wp-content\\\/uploads\\\/2025\\\/02\\\/ruta-mimbre-scaled.jpeg\",\"keywords\":[\"Castilla La Mancha\",\"Cuenca\",\"floraci\u00f3n\",\"Listado\",\"Primavera\",\"ruta del mimbre\",\"Serran\u00eda de Cuenca\"],\"articleSection\":[\"Rutas y excursiones\"],\"inLanguage\":\"es\",\"potentialAction\":[{\"@type\":\"CommentAction\",\"name\":\"Comment\",\"target\":[\"https:\\\/\\\/www.escapadarural.com\\\/blog\\\/la-ruta-del-mimbre-en-espana\\\/#respond\"]}]},{\"@type\":\"WebPage\",\"@id\":\"https:\\\/\\\/www.escapadarural.com\\\/blog\\\/la-ruta-del-mimbre-en-espana\\\/\",\"url\":\"https:\\\/\\\/www.escapadarural.com\\\/blog\\\/la-ruta-del-mimbre-en-espana\\\/\",\"name\":\"La Ruta del mimbre en Espa\u00f1a, campos al rojo vivo - EscapadaRural\",\"isPartOf\":{\"@id\":\"https:\\\/\\\/www.escapadarural.com\\\/blog\\\/#website\"},\"primaryImageOfPage\":{\"@id\":\"https:\\\/\\\/www.escapadarural.com\\\/blog\\\/la-ruta-del-mimbre-en-espana\\\/#primaryimage\"},\"image\":{\"@id\":\"https:\\\/\\\/www.escapadarural.com\\\/blog\\\/la-ruta-del-mimbre-en-espana\\\/#primaryimage\"},\"thumbnailUrl\":\"https:\\\/\\\/www.escapadarural.com\\\/blog\\\/wp-content\\\/uploads\\\/2025\\\/02\\\/ruta-mimbre-scaled.jpeg\",\"datePublished\":\"2025-03-09T06:00:00+00:00\",\"dateModified\":\"2026-02-05T13:19:31+00:00\",\"description\":\"Desde noviembre a mayo en la Serran\u00eda de Cuenca los campos se ti\u00f1en de rojo. La Ruta del Mimbre nos lleva a descubrir su cultivo.\",\"breadcrumb\":{\"@id\":\"https:\\\/\\\/www.escapadarural.com\\\/blog\\\/la-ruta-del-mimbre-en-espana\\\/#breadcrumb\"},\"inLanguage\":\"es\",\"potentialAction\":[{\"@type\":\"ReadAction\",\"target\":[\"https:\\\/\\\/www.escapadarural.com\\\/blog\\\/la-ruta-del-mimbre-en-espana\\\/\"]}]},{\"@type\":\"ImageObject\",\"inLanguage\":\"es\",\"@id\":\"https:\\\/\\\/www.escapadarural.com\\\/blog\\\/la-ruta-del-mimbre-en-espana\\\/#primaryimage\",\"url\":\"https:\\\/\\\/www.escapadarural.com\\\/blog\\\/wp-content\\\/uploads\\\/2025\\\/02\\\/ruta-mimbre-scaled.jpeg\",\"contentUrl\":\"https:\\\/\\\/www.escapadarural.com\\\/blog\\\/wp-content\\\/uploads\\\/2025\\\/02\\\/ruta-mimbre-scaled.jpeg\",\"width\":2048,\"height\":1366,\"caption\":\"Paisaje rojo de la ruta del mimbre, Cuenca. Por JUAN CARLOS MUNOZ.\"},{\"@type\":\"BreadcrumbList\",\"@id\":\"https:\\\/\\\/www.escapadarural.com\\\/blog\\\/la-ruta-del-mimbre-en-espana\\\/#breadcrumb\",\"itemListElement\":[{\"@type\":\"ListItem\",\"position\":1,\"name\":\"Inicio\",\"item\":\"https:\\\/\\\/www.escapadarural.com\\\/blog\\\/\"},{\"@type\":\"ListItem\",\"position\":2,\"name\":\"Rutas y excursiones\",\"item\":\"https:\\\/\\\/www.escapadarural.com\\\/blog\\\/categoria\\\/rutas-y-excursiones\\\/\"},{\"@type\":\"ListItem\",\"position\":3,\"name\":\"La Ruta del mimbre en Espa\u00f1a, campos al rojo vivo\"}]},{\"@type\":\"WebSite\",\"@id\":\"https:\\\/\\\/www.escapadarural.com\\\/blog\\\/#website\",\"url\":\"https:\\\/\\\/www.escapadarural.com\\\/blog\\\/\",\"name\":\"Blog de viajes | turismo rural, alojamientos e inspiraci\u00f3n\",\"description\":\"Alojamientos rurales e inspiraci\u00f3n para tus escapadas\",\"publisher\":{\"@id\":\"https:\\\/\\\/www.escapadarural.com\\\/blog\\\/#organization\"},\"alternateName\":\"Magazine de viajes de EscapadaRural\",\"potentialAction\":[{\"@type\":\"SearchAction\",\"target\":{\"@type\":\"EntryPoint\",\"urlTemplate\":\"https:\\\/\\\/www.escapadarural.com\\\/blog\\\/?s={search_term_string}\"},\"query-input\":{\"@type\":\"PropertyValueSpecification\",\"valueRequired\":true,\"valueName\":\"search_term_string\"}}],\"inLanguage\":\"es\"},{\"@type\":\"Organization\",\"@id\":\"https:\\\/\\\/www.escapadarural.com\\\/blog\\\/#organization\",\"name\":\"EscapadaRural\",\"url\":\"https:\\\/\\\/www.escapadarural.com\\\/blog\\\/\",\"logo\":{\"@type\":\"ImageObject\",\"inLanguage\":\"es\",\"@id\":\"https:\\\/\\\/www.escapadarural.com\\\/blog\\\/#\\\/schema\\\/logo\\\/image\\\/\",\"url\":\"https:\\\/\\\/www.escapadarural.com\\\/blog\\\/wp-content\\\/uploads\\\/2024\\\/10\\\/cropped-cropped-escapada-rural-icon-mag-3.png\",\"contentUrl\":\"https:\\\/\\\/www.escapadarural.com\\\/blog\\\/wp-content\\\/uploads\\\/2024\\\/10\\\/cropped-cropped-escapada-rural-icon-mag-3.png\",\"width\":512,\"height\":512,\"caption\":\"EscapadaRural\"},\"image\":{\"@id\":\"https:\\\/\\\/www.escapadarural.com\\\/blog\\\/#\\\/schema\\\/logo\\\/image\\\/\"},\"sameAs\":[\"https:\\\/\\\/www.facebook.com\\\/escapadarural\",\"https:\\\/\\\/www.instagram.com\\\/escapadarural\\\/\",\"https:\\\/\\\/www.youtube.com\\\/@escapadaruralcom\"]},{\"@type\":\"Person\",\"@id\":\"https:\\\/\\\/www.escapadarural.com\\\/blog\\\/#\\\/schema\\\/person\\\/42dfdff6118172efc6a04c8ae599a2ce\",\"name\":\"Carmen L\u00f3pez\",\"image\":{\"@type\":\"ImageObject\",\"inLanguage\":\"es\",\"@id\":\"https:\\\/\\\/www.escapadarural.com\\\/blog\\\/wp-content\\\/uploads\\\/2024\\\/11\\\/cropped-perfil_eldiario-96x96-1-96x96.jpeg\",\"url\":\"https:\\\/\\\/www.escapadarural.com\\\/blog\\\/wp-content\\\/uploads\\\/2024\\\/11\\\/cropped-perfil_eldiario-96x96-1-96x96.jpeg\",\"contentUrl\":\"https:\\\/\\\/www.escapadarural.com\\\/blog\\\/wp-content\\\/uploads\\\/2024\\\/11\\\/cropped-perfil_eldiario-96x96-1-96x96.jpeg\",\"caption\":\"Carmen L\u00f3pez\"},\"description\":\"Soy periodista y escribo sobre cosas que importan en sitios que interesan desde hace m\u00e1s de una d\u00e9cada.\",\"url\":\"https:\\\/\\\/www.escapadarural.com\\\/blog\\\/autor\\\/carmenlopez\\\/\"}]}<\/script>\n<!-- \/ Yoast SEO plugin. -->","yoast_head_json":{"title":"La Ruta del mimbre en Espa\u00f1a, campos al rojo vivo - EscapadaRural","description":"Desde noviembre a mayo en la Serran\u00eda de Cuenca los campos se ti\u00f1en de rojo. La Ruta del Mimbre nos lleva a descubrir su cultivo.","robots":{"index":"index","follow":"follow","max-snippet":"max-snippet:-1","max-image-preview":"max-image-preview:large","max-video-preview":"max-video-preview:-1"},"canonical":"https:\/\/www.escapadarural.com\/blog\/la-ruta-del-mimbre-en-espana\/","og_locale":"es_ES","og_type":"article","og_title":"La Ruta del mimbre en Espa\u00f1a, campos al rojo vivo - EscapadaRural","og_description":"Desde noviembre a mayo en la Serran\u00eda de Cuenca los campos se ti\u00f1en de rojo. La Ruta del Mimbre nos lleva a descubrir su cultivo.","og_url":"https:\/\/www.escapadarural.com\/blog\/la-ruta-del-mimbre-en-espana\/","og_site_name":"Magazine de viajes de EscapadaRural","article_publisher":"https:\/\/www.facebook.com\/escapadarural","article_published_time":"2025-03-09T06:00:00+00:00","article_modified_time":"2026-02-05T13:19:31+00:00","og_image":[{"width":2048,"height":1366,"url":"https:\/\/www.escapadarural.com\/blog\/wp-content\/uploads\/2025\/02\/ruta-mimbre-scaled.jpeg","type":"image\/jpeg"}],"author":"Carmen L\u00f3pez","twitter_card":"summary_large_image","twitter_misc":{"Escrito por":"Carmen L\u00f3pez","Tiempo de lectura":"7 minutos"},"schema":{"@context":"https:\/\/schema.org","@graph":[{"@type":"Article","@id":"https:\/\/www.escapadarural.com\/blog\/la-ruta-del-mimbre-en-espana\/#article","isPartOf":{"@id":"https:\/\/www.escapadarural.com\/blog\/la-ruta-del-mimbre-en-espana\/"},"author":{"name":"Carmen L\u00f3pez","@id":"https:\/\/www.escapadarural.com\/blog\/#\/schema\/person\/42dfdff6118172efc6a04c8ae599a2ce"},"headline":"La Ruta del mimbre en Espa\u00f1a, campos al rojo vivo","datePublished":"2025-03-09T06:00:00+00:00","dateModified":"2026-02-05T13:19:31+00:00","mainEntityOfPage":{"@id":"https:\/\/www.escapadarural.com\/blog\/la-ruta-del-mimbre-en-espana\/"},"wordCount":1305,"commentCount":0,"publisher":{"@id":"https:\/\/www.escapadarural.com\/blog\/#organization"},"image":{"@id":"https:\/\/www.escapadarural.com\/blog\/la-ruta-del-mimbre-en-espana\/#primaryimage"},"thumbnailUrl":"https:\/\/www.escapadarural.com\/blog\/wp-content\/uploads\/2025\/02\/ruta-mimbre-scaled.jpeg","keywords":["Castilla La Mancha","Cuenca","floraci\u00f3n","Listado","Primavera","ruta del mimbre","Serran\u00eda de Cuenca"],"articleSection":["Rutas y excursiones"],"inLanguage":"es","potentialAction":[{"@type":"CommentAction","name":"Comment","target":["https:\/\/www.escapadarural.com\/blog\/la-ruta-del-mimbre-en-espana\/#respond"]}]},{"@type":"WebPage","@id":"https:\/\/www.escapadarural.com\/blog\/la-ruta-del-mimbre-en-espana\/","url":"https:\/\/www.escapadarural.com\/blog\/la-ruta-del-mimbre-en-espana\/","name":"La Ruta del mimbre en Espa\u00f1a, campos al rojo vivo - EscapadaRural","isPartOf":{"@id":"https:\/\/www.escapadarural.com\/blog\/#website"},"primaryImageOfPage":{"@id":"https:\/\/www.escapadarural.com\/blog\/la-ruta-del-mimbre-en-espana\/#primaryimage"},"image":{"@id":"https:\/\/www.escapadarural.com\/blog\/la-ruta-del-mimbre-en-espana\/#primaryimage"},"thumbnailUrl":"https:\/\/www.escapadarural.com\/blog\/wp-content\/uploads\/2025\/02\/ruta-mimbre-scaled.jpeg","datePublished":"2025-03-09T06:00:00+00:00","dateModified":"2026-02-05T13:19:31+00:00","description":"Desde noviembre a mayo en la Serran\u00eda de Cuenca los campos se ti\u00f1en de rojo. La Ruta del Mimbre nos lleva a descubrir su cultivo.","breadcrumb":{"@id":"https:\/\/www.escapadarural.com\/blog\/la-ruta-del-mimbre-en-espana\/#breadcrumb"},"inLanguage":"es","potentialAction":[{"@type":"ReadAction","target":["https:\/\/www.escapadarural.com\/blog\/la-ruta-del-mimbre-en-espana\/"]}]},{"@type":"ImageObject","inLanguage":"es","@id":"https:\/\/www.escapadarural.com\/blog\/la-ruta-del-mimbre-en-espana\/#primaryimage","url":"https:\/\/www.escapadarural.com\/blog\/wp-content\/uploads\/2025\/02\/ruta-mimbre-scaled.jpeg","contentUrl":"https:\/\/www.escapadarural.com\/blog\/wp-content\/uploads\/2025\/02\/ruta-mimbre-scaled.jpeg","width":2048,"height":1366,"caption":"Paisaje rojo de la ruta del mimbre, Cuenca. Por JUAN CARLOS MUNOZ."},{"@type":"BreadcrumbList","@id":"https:\/\/www.escapadarural.com\/blog\/la-ruta-del-mimbre-en-espana\/#breadcrumb","itemListElement":[{"@type":"ListItem","position":1,"name":"Inicio","item":"https:\/\/www.escapadarural.com\/blog\/"},{"@type":"ListItem","position":2,"name":"Rutas y excursiones","item":"https:\/\/www.escapadarural.com\/blog\/categoria\/rutas-y-excursiones\/"},{"@type":"ListItem","position":3,"name":"La Ruta del mimbre en Espa\u00f1a, campos al rojo vivo"}]},{"@type":"WebSite","@id":"https:\/\/www.escapadarural.com\/blog\/#website","url":"https:\/\/www.escapadarural.com\/blog\/","name":"Blog de viajes | turismo rural, alojamientos e inspiraci\u00f3n","description":"Alojamientos rurales e inspiraci\u00f3n para tus escapadas","publisher":{"@id":"https:\/\/www.escapadarural.com\/blog\/#organization"},"alternateName":"Magazine de viajes de EscapadaRural","potentialAction":[{"@type":"SearchAction","target":{"@type":"EntryPoint","urlTemplate":"https:\/\/www.escapadarural.com\/blog\/?s={search_term_string}"},"query-input":{"@type":"PropertyValueSpecification","valueRequired":true,"valueName":"search_term_string"}}],"inLanguage":"es"},{"@type":"Organization","@id":"https:\/\/www.escapadarural.com\/blog\/#organization","name":"EscapadaRural","url":"https:\/\/www.escapadarural.com\/blog\/","logo":{"@type":"ImageObject","inLanguage":"es","@id":"https:\/\/www.escapadarural.com\/blog\/#\/schema\/logo\/image\/","url":"https:\/\/www.escapadarural.com\/blog\/wp-content\/uploads\/2024\/10\/cropped-cropped-escapada-rural-icon-mag-3.png","contentUrl":"https:\/\/www.escapadarural.com\/blog\/wp-content\/uploads\/2024\/10\/cropped-cropped-escapada-rural-icon-mag-3.png","width":512,"height":512,"caption":"EscapadaRural"},"image":{"@id":"https:\/\/www.escapadarural.com\/blog\/#\/schema\/logo\/image\/"},"sameAs":["https:\/\/www.facebook.com\/escapadarural","https:\/\/www.instagram.com\/escapadarural\/","https:\/\/www.youtube.com\/@escapadaruralcom"]},{"@type":"Person","@id":"https:\/\/www.escapadarural.com\/blog\/#\/schema\/person\/42dfdff6118172efc6a04c8ae599a2ce","name":"Carmen L\u00f3pez","image":{"@type":"ImageObject","inLanguage":"es","@id":"https:\/\/www.escapadarural.com\/blog\/wp-content\/uploads\/2024\/11\/cropped-perfil_eldiario-96x96-1-96x96.jpeg","url":"https:\/\/www.escapadarural.com\/blog\/wp-content\/uploads\/2024\/11\/cropped-perfil_eldiario-96x96-1-96x96.jpeg","contentUrl":"https:\/\/www.escapadarural.com\/blog\/wp-content\/uploads\/2024\/11\/cropped-perfil_eldiario-96x96-1-96x96.jpeg","caption":"Carmen L\u00f3pez"},"description":"Soy periodista y escribo sobre cosas que importan en sitios que interesan desde hace m\u00e1s de una d\u00e9cada.","url":"https:\/\/www.escapadarural.com\/blog\/autor\/carmenlopez\/"}]}},"_links":{"self":[{"href":"https:\/\/www.escapadarural.com\/blog\/wp-json\/wp\/v2\/posts\/194292","targetHints":{"allow":["GET"]}}],"collection":[{"href":"https:\/\/www.escapadarural.com\/blog\/wp-json\/wp\/v2\/posts"}],"about":[{"href":"https:\/\/www.escapadarural.com\/blog\/wp-json\/wp\/v2\/types\/post"}],"author":[{"embeddable":true,"href":"https:\/\/www.escapadarural.com\/blog\/wp-json\/wp\/v2\/users\/114"}],"replies":[{"embeddable":true,"href":"https:\/\/www.escapadarural.com\/blog\/wp-json\/wp\/v2\/comments?post=194292"}],"version-history":[{"count":0,"href":"https:\/\/www.escapadarural.com\/blog\/wp-json\/wp\/v2\/posts\/194292\/revisions"}],"wp:featuredmedia":[{"embeddable":true,"href":"https:\/\/www.escapadarural.com\/blog\/wp-json\/wp\/v2\/media\/194298"}],"wp:attachment":[{"href":"https:\/\/www.escapadarural.com\/blog\/wp-json\/wp\/v2\/media?parent=194292"}],"wp:term":[{"taxonomy":"category","embeddable":true,"href":"https:\/\/www.escapadarural.com\/blog\/wp-json\/wp\/v2\/categories?post=194292"},{"taxonomy":"post_tag","embeddable":true,"href":"https:\/\/www.escapadarural.com\/blog\/wp-json\/wp\/v2\/tags?post=194292"}],"curies":[{"name":"wp","href":"https:\/\/api.w.org\/{rel}","templated":true}]}}