{"id":195673,"date":"2025-03-19T10:54:50","date_gmt":"2025-03-19T08:54:50","guid":{"rendered":"https:\/\/www.escapadarural.com\/blog\/?p=195673"},"modified":"2026-02-17T17:08:12","modified_gmt":"2026-02-17T16:08:12","slug":"que-ver-camino-de-santiago-frances","status":"publish","type":"post","link":"https:\/\/www.escapadarural.com\/blog\/que-ver-camino-de-santiago-frances\/","title":{"rendered":"12 joyas en el Camino Franc\u00e9s que no te puedes perder"},"content":{"rendered":"\n<figure class=\"wp-block-image size-full\"><img loading=\"lazy\" decoding=\"async\" width=\"1024\" height=\"746\" src=\"https:\/\/www.escapadarural.com\/blog\/wp-content\/uploads\/2025\/03\/AdobeStock_382197671.webp\" alt=\"Iglesia de Samos, Lugo, en el Camino de Santiago franc\u00e9s\" class=\"wp-image-195786\" srcset=\"https:\/\/www.escapadarural.com\/blog\/wp-content\/uploads\/2025\/03\/AdobeStock_382197671-200x146.webp 200w, https:\/\/www.escapadarural.com\/blog\/wp-content\/uploads\/2025\/03\/AdobeStock_382197671-300x219.webp 300w, https:\/\/www.escapadarural.com\/blog\/wp-content\/uploads\/2025\/03\/AdobeStock_382197671-400x291.webp 400w, https:\/\/www.escapadarural.com\/blog\/wp-content\/uploads\/2025\/03\/AdobeStock_382197671-600x437.webp 600w, https:\/\/www.escapadarural.com\/blog\/wp-content\/uploads\/2025\/03\/AdobeStock_382197671-768x560.webp 768w, https:\/\/www.escapadarural.com\/blog\/wp-content\/uploads\/2025\/03\/AdobeStock_382197671-800x583.webp 800w, https:\/\/www.escapadarural.com\/blog\/wp-content\/uploads\/2025\/03\/AdobeStock_382197671.webp 1024w\" sizes=\"auto, (max-width: 1024px) 100vw, 1024px\" \/><figcaption class=\"wp-element-caption\">Iglesia de Samos, en Lugo, en el Camino de Santiago Franc\u00e9s. Por Pecold<\/figcaption><\/figure>\n\n\n\n<p>El Camino Franc\u00e9s es <strong>una de las rutas jacobeas m\u00e1s transitadas<\/strong>. Cada a\u00f1o, miles de peregrinos lo recorren, siguiendo las flechas amarillas y coleccionando an\u00e9cdotas; como quien recolecta conchas en la playa. Desde 1993, adem\u00e1s, el <a href=\"https:\/\/www.escapadarural.com\/blog\/mas-alla-del-camino-de-santiago-12-destinos-de-peregrinacion-en-espana\/\">Camino de Santiago<\/a> Franc\u00e9s es<strong> patrimonio de la humanidad<\/strong>.&nbsp;<\/p>\n\n\n\n<p>En \u00e9l podemos encontrar monumentos tan imponentes como la catedral de Burgos, la de Le\u00f3n, el castillo templario de Ponferrada y, como no, la m\u00edtica plaza del Obradoiro y la catedral de Santiago de Compostela. Pero tambi\u00e9n <strong>hay rincones durante el camino que pueden llegar a pasar desapercibidos<\/strong> y que bien merecen una visita.&nbsp;<\/p>\n\n\n\n<p>Desde pilas bautismales, a fuentes de vino o iglesias con fen\u00f3menos luminosos. Estas son algunas de las muchas<strong> joyas rurales escondidas a lo largo del Camino de Santiago Franc\u00e9s<\/strong> que har\u00e1n tu peregrinaci\u00f3n a\u00fan m\u00e1s especial.&nbsp;C\u00e1lzate las botas, coge la mochila y prep\u00e1rate para descubrir estos tesoros ocultos. <strong>\u00a1Buen camino!<\/strong><\/p>\n\n\n\n<div class=\"wp-block-buttons is-layout-flex wp-block-buttons-is-layout-flex\">\n<div class=\"wp-block-button\"><a class=\"wp-block-button__link wp-element-button\" href=\"\/casas-rurales\/camino-de-santiago-frances\">Alojamientos rurales en el Camino de Santiago Franc\u00e9s<\/a><\/div>\n<\/div>\n\n\n\n<h2 class=\"wp-block-heading\" id=\"h-monasterio-de-san-juan-de-la-pena-huesca\">Monasterio de San Juan de la Pe\u00f1a (Huesca)<\/h2>\n\n\n\n<figure class=\"wp-block-image size-full\"><img loading=\"lazy\" decoding=\"async\" width=\"1024\" height=\"768\" src=\"https:\/\/www.escapadarural.com\/blog\/wp-content\/uploads\/2024\/04\/SanJuandelaPenaWP10.webp\" alt=\"Monasterio de San Juan de la Pe\u00f1a, en el Camino de Santiago franc\u00e9s comenzando en Somport\" class=\"wp-image-73666\" srcset=\"https:\/\/www.escapadarural.com\/blog\/wp-content\/uploads\/2024\/04\/SanJuandelaPenaWP10-200x150.webp 200w, https:\/\/www.escapadarural.com\/blog\/wp-content\/uploads\/2024\/04\/SanJuandelaPenaWP10-300x225.webp 300w, https:\/\/www.escapadarural.com\/blog\/wp-content\/uploads\/2024\/04\/SanJuandelaPenaWP10-400x300.webp 400w, https:\/\/www.escapadarural.com\/blog\/wp-content\/uploads\/2024\/04\/SanJuandelaPenaWP10-600x450.webp 600w, https:\/\/www.escapadarural.com\/blog\/wp-content\/uploads\/2024\/04\/SanJuandelaPenaWP10-768x576.webp 768w, https:\/\/www.escapadarural.com\/blog\/wp-content\/uploads\/2024\/04\/SanJuandelaPenaWP10-800x600.webp 800w, https:\/\/www.escapadarural.com\/blog\/wp-content\/uploads\/2024\/04\/SanJuandelaPenaWP10.webp 1024w\" sizes=\"auto, (max-width: 1024px) 100vw, 1024px\" \/><figcaption class=\"wp-element-caption\">Monasterio de San Juan de la Pe\u00f1a, en el Camino de Santiago Franc\u00e9s comenzando en Somport. Por neftali<\/figcaption><\/figure>\n\n\n\n<p>El <strong><a href=\"https:\/\/www.escapadarural.com\/blog\/monasterio-san-juan-de-la-pena\/\">monasterio de San Juan de la Pe\u00f1a<\/a><\/strong>, en Huesca, lo encontramos en el Camino de Santiago Franc\u00e9s empezando por Somport. Es una aut\u00e9ntica joya medieval y lo m\u00e1s caracter\u00edstico es que <strong>est\u00e1 encajado bajo una enorme roca<\/strong>, como si la monta\u00f1a lo abrazara. Data del siglo VIII, fue levantado como refugio de un noble visigodo que decidi\u00f3 hacerse ermita\u00f1o y, con el tiempo, se convirti\u00f3 en uno de los <strong>centros religiosos m\u00e1s importantes del norte<\/strong>.&nbsp;<\/p>\n\n\n\n<p>Fue clave en la historia del Reino de Arag\u00f3n. Sirvi\u00f3 de refugio a reyes y, <a href=\"https:\/\/www.monasteriosanjuan.com\/descubre-la-apasionante-peregrinacion-del-santo-grial\/\" target=\"_blank\" rel=\"noreferrer noopener nofollow\">seg\u00fan la leyenda<\/a>, alimentada por el cine y la literatura, pudo haber sido uno de los <strong>lugares donde se custodi\u00f3 el Santo Grial<\/strong>. Su claustro rom\u00e1nico, la iglesia rupestre y el pante\u00f3n real lo convierten en un sitio \u00fanico, cargado de misterio y belleza.<\/p>\n\n\n<div style=\"background-color: #d9edf7; color: #31708f; border-left-color: #31708f; \" class=\"ub-styled-box ub-notification-box wp-block-ub-styled-box\" id=\"ub-styled-box-7d8e9a00-a4a4-4f11-8be6-624df69c10ea\">\n<p id=\"ub-styled-box-notification-content-\"><strong>D\u00f3nde encontrarlo<\/strong>: En la etapa 2 por Somport, de Jaca a Arr\u00e9s.<\/p>\n\n\n<\/div>\n\n\n<div class=\"wp-block-buttons is-layout-flex wp-block-buttons-is-layout-flex\">\n<div class=\"wp-block-button\"><a class=\"wp-block-button__link wp-element-button\" href=\"\/casas-rurales\/huesca\">Alojamientos rurales en Huesca<\/a><\/div>\n<\/div>\n\n\n\n<h2 class=\"wp-block-heading\" id=\"h-iglesia-octogonal-de-santa-maria-de-eunate-navarra\">Iglesia octogonal de Santa Mar\u00eda de Eunate (Navarra)<\/h2>\n\n\n\n<figure class=\"wp-block-image size-full\"><img loading=\"lazy\" decoding=\"async\" width=\"1024\" height=\"641\" src=\"https:\/\/www.escapadarural.com\/blog\/wp-content\/uploads\/2025\/03\/AdobeStock_455540651-1_WP_06.webp\" alt=\"Santa Mar\u00eda de Eunate, en el Camino de Santiago franc\u00e9s \" class=\"wp-image-195754\" srcset=\"https:\/\/www.escapadarural.com\/blog\/wp-content\/uploads\/2025\/03\/AdobeStock_455540651-1_WP_06-200x125.webp 200w, https:\/\/www.escapadarural.com\/blog\/wp-content\/uploads\/2025\/03\/AdobeStock_455540651-1_WP_06-300x188.webp 300w, https:\/\/www.escapadarural.com\/blog\/wp-content\/uploads\/2025\/03\/AdobeStock_455540651-1_WP_06-400x250.webp 400w, https:\/\/www.escapadarural.com\/blog\/wp-content\/uploads\/2025\/03\/AdobeStock_455540651-1_WP_06-600x376.webp 600w, https:\/\/www.escapadarural.com\/blog\/wp-content\/uploads\/2025\/03\/AdobeStock_455540651-1_WP_06-768x481.webp 768w, https:\/\/www.escapadarural.com\/blog\/wp-content\/uploads\/2025\/03\/AdobeStock_455540651-1_WP_06-800x501.webp 800w, https:\/\/www.escapadarural.com\/blog\/wp-content\/uploads\/2025\/03\/AdobeStock_455540651-1_WP_06.webp 1024w\" sizes=\"auto, (max-width: 1024px) 100vw, 1024px\" \/><figcaption class=\"wp-element-caption\">Santa Mar\u00eda de Eunate, una joya del Camino de Santiago Franc\u00e9s en Navarra. Por Luis<\/figcaption><\/figure>\n\n\n\n<p>Entre campos dorados y lejos del bullicio, a las afueras de Muruz\u00e1bal (a 23 kil\u00f3metros de Pamplona), est\u00e1 Santa Mar\u00eda de Eunate. <strong>Una iglesia del siglo XII<\/strong> con una peculiar forma octogonal y un misterioso origen.&nbsp;<\/p>\n\n\n\n<p>Se dice que <strong>estuvo ligada a los templarios<\/strong> (aunque no hay documentos que lo atestiguan) y que sirvi\u00f3 como <a href=\"https:\/\/www.escapadarural.com\/blog\/casa-rural-hospital-de-peregrinos\/\">hospital de peregrinos<\/a>. Su soledad en mitad de la nada, la convierte en un lugar con una energ\u00eda \u00fanica. Si tienes tiempo, p\u00e1rate, respira hondo y disfruta del silencio. Actualmente (2025), el acceso a la iglesia de Santa Mar\u00eda de Eunate est\u00e1 cerrado de forma temporal, aunque es posible contemplar la belleza de sus exteriores.&nbsp;<\/p>\n\n\n<div style=\"background-color: #d9edf7; color: #31708f; border-left-color: #31708f; \" class=\"ub-styled-box ub-notification-box wp-block-ub-styled-box\" id=\"ub-styled-box-85726e1b-01aa-4021-850f-af9c27c2385f\">\n<p id=\"ub-styled-box-notification-content-\"><strong>D\u00f3nde encontrarla<\/strong>: en la etapa 6 del Camino de Santiago Franc\u00e9s por Somport. De Monreal a Puente de la Reina- Gares.<\/p>\n\n\n<\/div>\n\n\n<div class=\"wp-block-buttons is-layout-flex wp-block-buttons-is-layout-flex\">\n<div class=\"wp-block-button\"><a class=\"wp-block-button__link wp-element-button\" href=\"\/casas-rurales\/muruzabal\">Alojamientos rurales en Muruz\u00e1bal (Navarra)<\/a><\/div>\n<\/div>\n\n\n\n<h2 class=\"wp-block-heading\" id=\"h-el-puente-romanico-para-cruzar-el-arga-en-puente-reina-navarra\">El puente rom\u00e1nico para cruzar el Arga en Puente Reina (Navarra)<\/h2>\n\n\n\n<figure class=\"wp-block-image size-full\"><img loading=\"lazy\" decoding=\"async\" width=\"1024\" height=\"389\" src=\"https:\/\/www.escapadarural.com\/blog\/wp-content\/uploads\/2025\/03\/AdobeStock_360502386_WP_04.webp\" alt=\"Puente de la Reina, Navarra\" class=\"wp-image-195755\" srcset=\"https:\/\/www.escapadarural.com\/blog\/wp-content\/uploads\/2025\/03\/AdobeStock_360502386_WP_04-200x76.webp 200w, https:\/\/www.escapadarural.com\/blog\/wp-content\/uploads\/2025\/03\/AdobeStock_360502386_WP_04-300x114.webp 300w, https:\/\/www.escapadarural.com\/blog\/wp-content\/uploads\/2025\/03\/AdobeStock_360502386_WP_04-400x152.webp 400w, https:\/\/www.escapadarural.com\/blog\/wp-content\/uploads\/2025\/03\/AdobeStock_360502386_WP_04-600x228.webp 600w, https:\/\/www.escapadarural.com\/blog\/wp-content\/uploads\/2025\/03\/AdobeStock_360502386_WP_04-768x292.webp 768w, https:\/\/www.escapadarural.com\/blog\/wp-content\/uploads\/2025\/03\/AdobeStock_360502386_WP_04-800x304.webp 800w, https:\/\/www.escapadarural.com\/blog\/wp-content\/uploads\/2025\/03\/AdobeStock_360502386_WP_04.webp 1024w\" sizes=\"auto, (max-width: 1024px) 100vw, 1024px\" \/><figcaption class=\"wp-element-caption\">Puente Reina, Navarra. Por KarSol<\/figcaption><\/figure>\n\n\n\n<p>Construido en el siglo XI, este puente medieval situado a las afueras de Puente Reina, en Navarra, es una <strong>obra maestra de la ingenier\u00eda <a href=\"https:\/\/www.escapadarural.com\/blog\/joyas-del-romanico-espanol\/\">rom\u00e1nica<\/a><\/strong>. No solo es funcional, ya que permite cruzar el r\u00edo Arga, sino que tambi\u00e9n tiene una est\u00e9tica impresionante. Se caracteriza porque tiene <strong>siete arcos de medio punto<\/strong> y cinco pilares perfectamente alineados.&nbsp;<\/p>\n\n\n\n<p>Seg\u00fan la leyenda, el puente fue mandado construir por una reina navarra para facilitar el paso de los peregrinos. Originariamente <strong>ten\u00eda torres defensivas<\/strong> y en una de ellas hab\u00eda una escultura de la virgen de Puy. Historia, belleza y funcionalidad.<\/p>\n\n\n<div style=\"background-color: #d9edf7; color: #31708f; border-left-color: #31708f; \" class=\"ub-styled-box ub-notification-box wp-block-ub-styled-box\" id=\"ub-styled-box-57e5d54e-65bc-46e6-ae9c-76cecaf70579\">\n<p id=\"ub-styled-box-notification-content-\"><strong>D\u00f3nde encontrarlo<\/strong>: al final de la etapa 4 del Camino de Santiago Franc\u00e9s, desde Pamplona a Puente la Reina.<\/p>\n\n\n<\/div>\n\n\n<div class=\"wp-block-buttons is-layout-flex wp-block-buttons-is-layout-flex\">\n<div class=\"wp-block-button\"><a class=\"wp-block-button__link wp-element-button\" href=\"\/casas-rurales\/navarra\">Alojamientos rurales en Navarra<\/a><\/div>\n<\/div>\n\n\n\n<h2 class=\"wp-block-heading\" id=\"h-una-fuente-de-vino-gratuita-en-ayegui-navarra\">Una fuente de vino gratuita en Ayegui (Navarra)<\/h2>\n\n\n\n<figure class=\"wp-block-image size-full\"><img loading=\"lazy\" decoding=\"async\" width=\"1024\" height=\"683\" src=\"https:\/\/www.escapadarural.com\/blog\/wp-content\/uploads\/2025\/03\/AdobeStock_615316780_Editorial_Use_Only_WP_08.webp\" alt=\"Fuente del vino de las bodegas Irache en Ayegui, Navarra, en el Camino de Santiago Franc\u00e9s\" class=\"wp-image-195756\" srcset=\"https:\/\/www.escapadarural.com\/blog\/wp-content\/uploads\/2025\/03\/AdobeStock_615316780_Editorial_Use_Only_WP_08-200x133.webp 200w, https:\/\/www.escapadarural.com\/blog\/wp-content\/uploads\/2025\/03\/AdobeStock_615316780_Editorial_Use_Only_WP_08-300x200.webp 300w, https:\/\/www.escapadarural.com\/blog\/wp-content\/uploads\/2025\/03\/AdobeStock_615316780_Editorial_Use_Only_WP_08-400x267.webp 400w, https:\/\/www.escapadarural.com\/blog\/wp-content\/uploads\/2025\/03\/AdobeStock_615316780_Editorial_Use_Only_WP_08-600x400.webp 600w, https:\/\/www.escapadarural.com\/blog\/wp-content\/uploads\/2025\/03\/AdobeStock_615316780_Editorial_Use_Only_WP_08-768x512.webp 768w, https:\/\/www.escapadarural.com\/blog\/wp-content\/uploads\/2025\/03\/AdobeStock_615316780_Editorial_Use_Only_WP_08-800x534.webp 800w, https:\/\/www.escapadarural.com\/blog\/wp-content\/uploads\/2025\/03\/AdobeStock_615316780_Editorial_Use_Only_WP_08.webp 1024w\" sizes=\"auto, (max-width: 1024px) 100vw, 1024px\" \/><figcaption class=\"wp-element-caption\">Fuente del vino de las bodegas Irache en Ayegui, Navarra, en el Camino de Santiago Franc\u00e9s. Por IBRESTER<\/figcaption><\/figure>\n\n\n\n<p>Ya llevamos varios kil\u00f3metros andando. Seguro que t\u00fa tambi\u00e9n notas que los pies empiezan a quejarse. El cansancio aprieta pero, \u00a1espera! \u00bfQu\u00e9 es eso? Una fuente, \u00bfde vino? S\u00ed, \u00a1y gratis! Es la m\u00edtica <a href=\"https:\/\/www.escapadarural.com\/blog\/fuente-de-vino-camino-de-santiago\/\">fuente de las bodegas Irache<\/a>, en la que los peregrinos pueden servirse un <strong>trago de vino tinto sin pagar un solo euro<\/strong>. Eso s\u00ed, hay que ser responsables. Y no solo por no continuar el camino haciendo zigzag, sino porque la <strong>cantidad diaria de vino<\/strong> con la que se rellena la fuente es limitada. Dejemos que otros peregrinos disfruten de este tesoro.&nbsp;<\/p>\n\n\n\n<p>Esta es la manera en la que las bodegas Irache pretenden mantener viva la <strong>hospitalidad medieval<\/strong> de esta tradici\u00f3n. De cuando los monjes ofrec\u00edan un trago de vino a los peregrinos para darles fuerza. Y vaya si lo consiguieron, es un gran impulso para poder terminar la etapa y el d\u00eda. Adem\u00e1s, en el <strong>Museo del Vino<\/strong> los caminantes pueden conseguir la propia credencial de la fuente del vino.&nbsp;<\/p>\n\n\n<div style=\"background-color: #d9edf7; color: #31708f; border-left-color: #31708f; \" class=\"ub-styled-box ub-notification-box wp-block-ub-styled-box\" id=\"ub-styled-box-5344a674-0104-41c4-aff6-795f078587c9\">\n<p id=\"ub-styled-box-notification-content-\"><strong>D\u00f3nde encontrarla<\/strong>: En Ayegui, en una de las paredes de las bodegas Irache que dan al camino. All\u00ed encontrar\u00e9is dos grifos: uno de agua y otro de vino. Est\u00e1 en la etapa 6, de Estella\/Lizarra a Torres del R\u00edo.\u00a0<\/p>\n\n\n<\/div>\n\n\n<div class=\"wp-block-buttons is-layout-flex wp-block-buttons-is-layout-flex\">\n<div class=\"wp-block-button\"><a class=\"wp-block-button__link wp-element-button\" href=\"\/casas-rurales\/ayegui-aiegi\">Alojamientos rurales en Ayegui (Navarra)<\/a><\/div>\n<\/div>\n\n\n\n<h2 class=\"wp-block-heading\" id=\"h-el-gallo-y-la-gallina-de-santo-domingo-de-la-calzada-la-rioja\">El gallo y la gallina de Santo Domingo de la Calzada (La Rioja)<\/h2>\n\n\n\n<figure class=\"wp-block-image size-full\"><img loading=\"lazy\" decoding=\"async\" width=\"1024\" height=\"665\" src=\"https:\/\/www.escapadarural.com\/blog\/wp-content\/uploads\/2025\/03\/AdobeStock_481803894_WP_07.webp\" alt=\"Catedral de Santo Domingo de La Calzada, La Rioja\" class=\"wp-image-195757\" srcset=\"https:\/\/www.escapadarural.com\/blog\/wp-content\/uploads\/2025\/03\/AdobeStock_481803894_WP_07-200x130.webp 200w, https:\/\/www.escapadarural.com\/blog\/wp-content\/uploads\/2025\/03\/AdobeStock_481803894_WP_07-300x195.webp 300w, https:\/\/www.escapadarural.com\/blog\/wp-content\/uploads\/2025\/03\/AdobeStock_481803894_WP_07-400x260.webp 400w, https:\/\/www.escapadarural.com\/blog\/wp-content\/uploads\/2025\/03\/AdobeStock_481803894_WP_07-600x390.webp 600w, https:\/\/www.escapadarural.com\/blog\/wp-content\/uploads\/2025\/03\/AdobeStock_481803894_WP_07-768x499.webp 768w, https:\/\/www.escapadarural.com\/blog\/wp-content\/uploads\/2025\/03\/AdobeStock_481803894_WP_07-800x520.webp 800w, https:\/\/www.escapadarural.com\/blog\/wp-content\/uploads\/2025\/03\/AdobeStock_481803894_WP_07.webp 1024w\" sizes=\"auto, (max-width: 1024px) 100vw, 1024px\" \/><figcaption class=\"wp-element-caption\">Catedral de Santo Domingo de La Calzada, La Rioja. Por Armando Oliveira<\/figcaption><\/figure>\n\n\n\n<p>Es verdad, la catedral de Santo Domingo de la Calzada no es una joya por descubrir, pues <strong>es uno de los faros del Camino Franc\u00e9s<\/strong>. Una visita indispensable, como lo son tambi\u00e9n la catedral de Burgos o la de Le\u00f3n. Sin embargo, hemos decidido incluirla en la lista por su principal particularidad: en ella residen un gallo y una gallina. Y s\u00ed, est\u00e1n vivos. De hecho, la historia de c\u00f3mo llegaron ah\u00ed est\u00e1 declarada <strong>Bien de Inter\u00e9s Cultural <\/strong>por el Gobierno de La Rioja.&nbsp;&nbsp;<\/p>\n\n\n\n<p>Seg\u00fan la leyenda, una familia de alemanes que estaba haciendo el <a href=\"https:\/\/www.escapadarural.com\/blog\/fotos-camino-de-santiago\/\">Camino de Santiago<\/a> se hosped\u00f3 en el pueblo. La hija del due\u00f1o de la posada se enamor\u00f3 del hijo y, como no fue correspondida, le inculp\u00f3 de un hurto que le hizo ser condenado a la horca. Los padres, al acercarse al cuerpo inerte, oyeron como el hijo les dec\u00eda que hab\u00eda sido salvado por el santo. Al coment\u00e1rselo al corregidor, este les dijo que su hijo estaba tan vivo como las aves que estaba a punto de zamparse. En ese momento, tanto <strong>la gallina como el gallo saltaron del plato<\/strong>. <\/p>\n\n\n\n<p>Hoy, junto a la tumba hay dos aves que proceden de la casa de la cofrad\u00eda del santo, reconvertido en albergue de peregrinos. La historia completa la podemos leer en el art\u00edculo: <a href=\"https:\/\/www.escapadarural.com\/blog\/iglesia-gallo-gallina-vivos-santo-domingo-de-la-calzada\">La iglesia con un gallo y una gallina (vivos) en Santo Domingo de la Calzada<\/a>.&nbsp;<\/p>\n\n\n<div style=\"background-color: #d9edf7; color: #31708f; border-left-color: #31708f; \" class=\"ub-styled-box ub-notification-box wp-block-ub-styled-box\" id=\"ub-styled-box-8e04accb-3d22-4f25-92ed-30ffa09ab990\">\n<p id=\"ub-styled-box-notification-content-\"><strong>D\u00f3nde encontrarlo<\/strong>: en la catedral de Santo Domingo de la Calzada, en la etapa 9 del Camino Franc\u00e9s.\u00a0<\/p>\n\n\n<\/div>\n\n\n<div class=\"wp-block-buttons is-layout-flex wp-block-buttons-is-layout-flex\">\n<div class=\"wp-block-button\"><a class=\"wp-block-button__link wp-element-button\" href=\"\/casas-rurales\/la-rioja\">Alojamientos rurales en La Rioja<\/a><\/div>\n<\/div>\n\n\n\n<h2 class=\"wp-block-heading\" id=\"h-la-pila-bautismal-de-redecilla-del-camino-burgos\">La pila bautismal de Redecilla del Camino (Burgos)<\/h2>\n\n\n\n<figure class=\"wp-block-image size-large\"><img loading=\"lazy\" decoding=\"async\" width=\"683\" height=\"1024\" src=\"https:\/\/www.escapadarural.com\/blog\/wp-content\/uploads\/2025\/03\/AdobeStock_379513868-683x1024.webp\" alt=\"Redecilla del Camino, en Burgos\" class=\"wp-image-195766\" srcset=\"https:\/\/www.escapadarural.com\/blog\/wp-content\/uploads\/2025\/03\/AdobeStock_379513868-200x300.webp 200w, https:\/\/www.escapadarural.com\/blog\/wp-content\/uploads\/2025\/03\/AdobeStock_379513868-400x600.webp 400w, https:\/\/www.escapadarural.com\/blog\/wp-content\/uploads\/2025\/03\/AdobeStock_379513868-600x899.webp 600w, https:\/\/www.escapadarural.com\/blog\/wp-content\/uploads\/2025\/03\/AdobeStock_379513868-683x1024.webp 683w, https:\/\/www.escapadarural.com\/blog\/wp-content\/uploads\/2025\/03\/AdobeStock_379513868-768x1151.webp 768w, https:\/\/www.escapadarural.com\/blog\/wp-content\/uploads\/2025\/03\/AdobeStock_379513868-800x1199.webp 800w, https:\/\/www.escapadarural.com\/blog\/wp-content\/uploads\/2025\/03\/AdobeStock_379513868.webp 1024w\" sizes=\"auto, (max-width: 683px) 100vw, 683px\" \/><figcaption class=\"wp-element-caption\">Redecilla del Camino, en Burgos. Por Raphael<\/figcaption><\/figure>\n\n\n\n<p>La pila bautismal de Redecilla del Camino se encuentra en la iglesia de <strong>Nuestra Se\u00f1ora de la Calle<\/strong>, en el Camino de Santiago a su paso por Burgos. \u00bfPor qu\u00e9 es tan importante? Pues porque es uno de los <strong>mejores ejemplos de pila bautismal de estilo rom\u00e1nico<\/strong>. Data del siglo XII, est\u00e1 esculpida en piedra, tiene forma cil\u00edndrica y cuenta con relieves como si se tratase de edificios con muchos ventanales. Como una gran urbe con torreones. Como dice el Centro Virtual Cervantes: \u201cConstituye una representaci\u00f3n simb\u00f3lica de la Jerusal\u00e9n Celeste\u201d.&nbsp;<\/p>\n\n\n\n<p>Su presencia en el Camino de Santiago hace que sea un <strong>s\u00edmbolo del bautismo y la salvaci\u00f3n cristiana<\/strong>, as\u00ed como un testimonio de la espiritualidad y el arte de la \u00e9poca rom\u00e1nica.&nbsp;<\/p>\n\n\n<div style=\"background-color: #d9edf7; color: #31708f; border-left-color: #31708f; \" class=\"ub-styled-box ub-notification-box wp-block-ub-styled-box\" id=\"ub-styled-box-5978b85f-7d5a-472a-9c5b-b1a740614d26\">\n<p id=\"ub-styled-box-notification-content-\"><strong>D\u00f3nde encontrarla<\/strong>: en la iglesia de Nuestra Se\u00f1ora de la Calle de Redecilla del Camino, en la etapa 10 que va desde Santo Domingo de la Calzada hasta Belorado.<\/p>\n\n\n<\/div>\n\n\n<div class=\"wp-block-buttons is-layout-flex wp-block-buttons-is-layout-flex\">\n<div class=\"wp-block-button\"><a class=\"wp-block-button__link wp-element-button\" href=\"\/casas-rurales\/burgos\">Alojamientos rurales en Burgos<\/a><\/div>\n<\/div>\n\n\n\n<h2 class=\"wp-block-heading\" id=\"h-san-juan-de-ortega-y-su-milagro-de-la-luz-burgos\">San Juan de Ortega y su milagro de la luz (Burgos)<\/h2>\n\n\n\n<figure class=\"wp-block-image size-full\"><img loading=\"lazy\" decoding=\"async\" width=\"1024\" height=\"768\" src=\"https:\/\/www.escapadarural.com\/blog\/wp-content\/uploads\/2025\/03\/AdobeStock_212900511_WP_02.webp\" alt=\"San Juan de Ortega en Burgos\" class=\"wp-image-195758\" srcset=\"https:\/\/www.escapadarural.com\/blog\/wp-content\/uploads\/2025\/03\/AdobeStock_212900511_WP_02-200x150.webp 200w, https:\/\/www.escapadarural.com\/blog\/wp-content\/uploads\/2025\/03\/AdobeStock_212900511_WP_02-300x225.webp 300w, https:\/\/www.escapadarural.com\/blog\/wp-content\/uploads\/2025\/03\/AdobeStock_212900511_WP_02-400x300.webp 400w, https:\/\/www.escapadarural.com\/blog\/wp-content\/uploads\/2025\/03\/AdobeStock_212900511_WP_02-600x450.webp 600w, https:\/\/www.escapadarural.com\/blog\/wp-content\/uploads\/2025\/03\/AdobeStock_212900511_WP_02-768x576.webp 768w, https:\/\/www.escapadarural.com\/blog\/wp-content\/uploads\/2025\/03\/AdobeStock_212900511_WP_02-800x600.webp 800w, https:\/\/www.escapadarural.com\/blog\/wp-content\/uploads\/2025\/03\/AdobeStock_212900511_WP_02.webp 1024w\" sizes=\"auto, (max-width: 1024px) 100vw, 1024px\" \/><figcaption class=\"wp-element-caption\">San Juan de Ortega, en Burgos. Por lkonya<\/figcaption><\/figure>\n\n\n\n<p>Este peque\u00f1o monasterio de estilo rom\u00e1nico est\u00e1 situado en el pueblo hom\u00f3nimo, en la comarca de la <strong><a href=\"https:\/\/www.escapadarural.com\/blog\/que-ver-en-la-sierra-de-la-demanda-burgos\/\">sierra de la Demanda<\/a><\/strong>, en Burgos. Est\u00e1 justo al lado del Camino Franc\u00e9s, por lo que fue un <strong>importante centro religioso para los peregrinos<\/strong> que pasaban por el pueblo. El monasterio fue fundado en el siglo XII -y ampliado posteriormente- por el monje Juan de Ortega, un disc\u00edpulo de Santo Domingo de la Calzada cuyos restos descansan en su interior.&nbsp;<\/p>\n\n\n\n<p>Lo m\u00e1s caracter\u00edstico del templo, adem\u00e1s de su mezcla de estilos, es que esconde un fen\u00f3meno incre\u00edble: el <strong>milagro de la luz<\/strong>. Dos veces al a\u00f1o, en los equinoccios de primavera y oto\u00f1o, la luz del sol se cuela por una de sus ventanas e ilumina un capitel de la iglesia que representa la Anunciaci\u00f3n de la Virgen. Si tienes la suerte de coincidir, prep\u00e1rate para un espect\u00e1culo celestial.<\/p>\n\n\n<div style=\"background-color: #d9edf7; color: #31708f; border-left-color: #31708f; \" class=\"ub-styled-box ub-notification-box wp-block-ub-styled-box\" id=\"ub-styled-box-d6520c33-6161-40f0-8419-104304ec3ba3\">\n<p id=\"ub-styled-box-notification-content-\"><strong>D\u00f3nde encontrarlo<\/strong>: en San Juan de Ortega, un peque\u00f1o pueblo situado en la etapa 11 del Camino Franc\u00e9s. Entre Belorado y Ag\u00e9s.<\/p>\n\n\n<\/div>\n\n\n<div class=\"wp-block-buttons is-layout-flex wp-block-buttons-is-layout-flex\">\n<div class=\"wp-block-button\"><a class=\"wp-block-button__link wp-element-button\" href=\"\/casas-rurales\/sierra-de-la-demanda\">Alojamientos rurales en la sierra de la Demanda<\/a><\/div>\n<\/div>\n\n\n\n<h2 class=\"wp-block-heading\" id=\"h-el-palacio-episcopal-disenado-por-gaudi-en-astorga-leon\">El palacio episcopal dise\u00f1ado por Gaud\u00ed en Astorga (Le\u00f3n)<\/h2>\n\n\n\n<figure class=\"wp-block-image size-full\"><img loading=\"lazy\" decoding=\"async\" width=\"1024\" height=\"683\" src=\"https:\/\/www.escapadarural.com\/blog\/wp-content\/uploads\/2025\/03\/AdobeStock_224344383_WP_03.webp\" alt=\"Palacio Episcopal de Astorga (Le\u00f3n)\" class=\"wp-image-195759\" srcset=\"https:\/\/www.escapadarural.com\/blog\/wp-content\/uploads\/2025\/03\/AdobeStock_224344383_WP_03-200x133.webp 200w, https:\/\/www.escapadarural.com\/blog\/wp-content\/uploads\/2025\/03\/AdobeStock_224344383_WP_03-300x200.webp 300w, https:\/\/www.escapadarural.com\/blog\/wp-content\/uploads\/2025\/03\/AdobeStock_224344383_WP_03-400x267.webp 400w, https:\/\/www.escapadarural.com\/blog\/wp-content\/uploads\/2025\/03\/AdobeStock_224344383_WP_03-600x400.webp 600w, https:\/\/www.escapadarural.com\/blog\/wp-content\/uploads\/2025\/03\/AdobeStock_224344383_WP_03-768x512.webp 768w, https:\/\/www.escapadarural.com\/blog\/wp-content\/uploads\/2025\/03\/AdobeStock_224344383_WP_03-800x534.webp 800w, https:\/\/www.escapadarural.com\/blog\/wp-content\/uploads\/2025\/03\/AdobeStock_224344383_WP_03.webp 1024w\" sizes=\"auto, (max-width: 1024px) 100vw, 1024px\" \/><figcaption class=\"wp-element-caption\">Palacio Episcopal de Astorga, Le\u00f3n. Por Enrique del Barrio <\/figcaption><\/figure>\n\n\n\n<p>Quiz\u00e1 no esperabas encontrar a <a href=\"https:\/\/www.escapadarural.com\/blog\/gaudi-rural\/\">Gaud\u00ed<\/a> en el Camino de Santiago Franc\u00e9s, \u00bfverdad? Pues s\u00ed, el genio del modernismo catal\u00e1n dej\u00f3 su huella en este pueblo con un impresionante <strong>palacio que fusiona el estilo neog\u00f3tico y modernista<\/strong>. Fue dise\u00f1ado en 1889 y, solo con mirarlo, da la sensaci\u00f3n de que parece sacado de un cuento de hadas: con sus torres puntiagudas y la forma inconfundible de sus ventanas.&nbsp;<\/p>\n\n\n\n<p>El Palacio Episcopal de Astorga no es solo famoso por ser un dise\u00f1o de Gaud\u00ed, sino tambi\u00e9n por su funci\u00f3n hist\u00f3rica. Durante mucho tiempo, fue la residencia del obispo de Astorga y, hoy en d\u00eda, alberga el <strong>Museo de los Caminos<\/strong>, que cuenta la historia del Camino de Santiago y c\u00f3mo influye en la regi\u00f3n.<\/p>\n\n\n<div style=\"background-color: #d9edf7; color: #31708f; border-left-color: #31708f; \" class=\"ub-styled-box ub-notification-box wp-block-ub-styled-box\" id=\"ub-styled-box-60864474-38cc-4bc7-8b99-975800c90bc0\">\n<p id=\"ub-styled-box-notification-content-\"><strong>D\u00f3nde encontrarlo<\/strong>: en Astorga, al final de la etapa 20 de San Mart\u00edn del Camino a Astorga.\u00a0<\/p>\n\n\n<\/div>\n\n\n<div class=\"wp-block-buttons is-layout-flex wp-block-buttons-is-layout-flex\">\n<div class=\"wp-block-button\"><a class=\"wp-block-button__link wp-element-button\" href=\"\/casas-rurales\/astorga\">Alojamientos rurales en Astorga<\/a><\/div>\n<\/div>\n\n\n\n<h2 class=\"wp-block-heading\" id=\"h-la-cruz-de-ferro-el-punto-mas-alto-del-camino-leon\">La <em>cruz de ferro<\/em>: el punto m\u00e1s alto del Camino (Le\u00f3n)<\/h2>\n\n\n\n<figure class=\"wp-block-image size-full\"><img loading=\"lazy\" decoding=\"async\" width=\"1024\" height=\"683\" src=\"https:\/\/www.escapadarural.com\/blog\/wp-content\/uploads\/2025\/03\/AdobeStock_94334848_WP_10.webp\" alt=\"Cruz de ferro, en Le\u00f3n. El punto m\u00e1s alto del Camino de Santiago Franc\u00e9s\" class=\"wp-image-195760\" srcset=\"https:\/\/www.escapadarural.com\/blog\/wp-content\/uploads\/2025\/03\/AdobeStock_94334848_WP_10-200x133.webp 200w, https:\/\/www.escapadarural.com\/blog\/wp-content\/uploads\/2025\/03\/AdobeStock_94334848_WP_10-300x200.webp 300w, https:\/\/www.escapadarural.com\/blog\/wp-content\/uploads\/2025\/03\/AdobeStock_94334848_WP_10-400x267.webp 400w, https:\/\/www.escapadarural.com\/blog\/wp-content\/uploads\/2025\/03\/AdobeStock_94334848_WP_10-600x400.webp 600w, https:\/\/www.escapadarural.com\/blog\/wp-content\/uploads\/2025\/03\/AdobeStock_94334848_WP_10-768x512.webp 768w, https:\/\/www.escapadarural.com\/blog\/wp-content\/uploads\/2025\/03\/AdobeStock_94334848_WP_10-800x534.webp 800w, https:\/\/www.escapadarural.com\/blog\/wp-content\/uploads\/2025\/03\/AdobeStock_94334848_WP_10.webp 1024w\" sizes=\"auto, (max-width: 1024px) 100vw, 1024px\" \/><figcaption class=\"wp-element-caption\">Cruz de ferro, en Le\u00f3n. El punto m\u00e1s alto del Camino de Santiago Franc\u00e9s. Por lunamarina<\/figcaption><\/figure>\n\n\n\n<p>Este es uno de los lugares m\u00e1s simb\u00f3licos del Camino Franc\u00e9s. La <em>cruz de ferro<\/em> (en gallego) o la cruz de hierro (en castellano), se trata de un sencillo poste de madera con una cruz en la cima. Est\u00e1 ubicada en el municipio de <strong>Foncebad\u00f3n<\/strong> y, con 1.504 metros, es el <strong>punto m\u00e1s elevado del Camino<\/strong>.&nbsp;&nbsp;<\/p>\n\n\n\n<p>La cruz es un <strong>antiguo hito medieval<\/strong> que data de los siglos IX y X, aunque la estructura de hierro fue renovada en el siglo XIX. Tambi\u00e9n es un lugar cargado de espiritualidad, solo hace falta observar las <strong>piedras acumuladas a sus pies<\/strong>. Y es que, seg\u00fan la tradici\u00f3n, desde la Edad Media los peregrinos traen una piedra desde su lugar de origen y la dejan aqu\u00ed como s\u00edmbolo de dejar atr\u00e1s las cargas que uno puede tener antes de llegar a Santiago de Compostela. Un sitio <strong>perfecto para reflexionar<\/strong> tras una ardua subida y soltar lo que ya no necesitas.<\/p>\n\n\n<div style=\"background-color: #d9edf7; color: #31708f; border-left-color: #31708f; \" class=\"ub-styled-box ub-notification-box wp-block-ub-styled-box\" id=\"ub-styled-box-16363e56-4a2e-4b45-ab7e-8060e6f5f46f\">\n<p id=\"ub-styled-box-notification-content-\"><strong>D\u00f3nde encontrarla<\/strong>: en Foncebad\u00f3n, en el punto m\u00e1s alto, de camino de Astorga a Ponferrada.\u00a0<\/p>\n\n\n<\/div>\n\n\n<div class=\"wp-block-buttons is-layout-flex wp-block-buttons-is-layout-flex\">\n<div class=\"wp-block-button\"><a class=\"wp-block-button__link wp-element-button\" href=\"\/casas-rurales\/leon\">Alojamientos rurales en Le\u00f3n<\/a><\/div>\n<\/div>\n\n\n\n<h2 class=\"wp-block-heading\" id=\"h-iglesia-de-santa-maria-la-real-de-o-cebreiro-lugo\">Iglesia de Santa Mar\u00eda la Real de O Cebreiro (Lugo)<\/h2>\n\n\n\n<figure class=\"wp-block-image size-full\"><img loading=\"lazy\" decoding=\"async\" width=\"1024\" height=\"683\" src=\"https:\/\/www.escapadarural.com\/blog\/wp-content\/uploads\/2025\/03\/AdobeStock_658977748_WP_09.webp\" alt=\"Santuario de Santa Mar\u00eda la Real, Lugo\" class=\"wp-image-195761\" srcset=\"https:\/\/www.escapadarural.com\/blog\/wp-content\/uploads\/2025\/03\/AdobeStock_658977748_WP_09-200x133.webp 200w, https:\/\/www.escapadarural.com\/blog\/wp-content\/uploads\/2025\/03\/AdobeStock_658977748_WP_09-300x200.webp 300w, https:\/\/www.escapadarural.com\/blog\/wp-content\/uploads\/2025\/03\/AdobeStock_658977748_WP_09-400x267.webp 400w, https:\/\/www.escapadarural.com\/blog\/wp-content\/uploads\/2025\/03\/AdobeStock_658977748_WP_09-600x400.webp 600w, https:\/\/www.escapadarural.com\/blog\/wp-content\/uploads\/2025\/03\/AdobeStock_658977748_WP_09-768x512.webp 768w, https:\/\/www.escapadarural.com\/blog\/wp-content\/uploads\/2025\/03\/AdobeStock_658977748_WP_09-800x534.webp 800w, https:\/\/www.escapadarural.com\/blog\/wp-content\/uploads\/2025\/03\/AdobeStock_658977748_WP_09.webp 1024w\" sizes=\"auto, (max-width: 1024px) 100vw, 1024px\" \/><figcaption class=\"wp-element-caption\">Santuario de Santa Mar\u00eda la Real, Lugo. Por JoseLuis<\/figcaption><\/figure>\n\n\n\n<p>Esta peque\u00f1a iglesia, situada en la localidad de O Cebreiro, es una <strong>joya del prerrom\u00e1nico gallego<\/strong> y del Camino de Santiago Franc\u00e9s. Data del siglo IX, de cuando en los alrededores hab\u00eda un monasterio que <strong>serv\u00eda como mes\u00f3n y hospital para los peregrinos<\/strong>. Seg\u00fan una de sus leyendas (hay m\u00e1s), los monjes sol\u00edan repicar las campanas para guiarlos por el camino.&nbsp;<\/p>\n\n\n\n<p>La iglesia de Santa Mar\u00eda la Real est\u00e1 considerada, seg\u00fan <a href=\"https:\/\/www.turismo.gal\/recurso\/-\/detalle\/5314\/santuario-de-santa-maria-a-real-do-cebreiro?langId=es_ES&amp;tp=8&amp;ctre=31\" target=\"_blank\" rel=\"noreferrer noopener nofollow\">Turismo de Galicia<\/a>, como uno de los <strong>monumentos m\u00e1s antiguos del Camino de Santiago<\/strong>. Otra de sus leyendas es que aqu\u00ed tambi\u00e9n ocurri\u00f3 el \u201cSanto milagro\u201d durante la Edad Media. En ella se cuenta que durante una de las eucarist\u00edas, la hostia sagrada se convirti\u00f3 en carne y el vino en sangre. La virgen, adem\u00e1s, se inclin\u00f3 ante el fen\u00f3meno. Este <strong>\u201cmilagro\u201d inspir\u00f3 a Wagner<\/strong> a componer la \u00f3pera de <em>Parsifal <\/em>y ha atra\u00eddo a numerosos peregrinos al templo. Muchos lo hacen para ver el c\u00e1liz de plata que se conserva de la \u00e9poca.&nbsp;<\/p>\n\n\n<div style=\"background-color: #d9edf7; color: #31708f; border-left-color: #31708f; \" class=\"ub-styled-box ub-notification-box wp-block-ub-styled-box\" id=\"ub-styled-box-c5835a88-9698-4387-821a-57ac10ffbec7\">\n<p id=\"ub-styled-box-notification-content-\"><strong>D\u00f3nde encontrarla<\/strong>: en O Cebreiro, al final de la etapa 24 que va de Villafranca del Bierzo a O Cebreiro.\u00a0<\/p>\n\n\n<\/div>\n\n\n<div class=\"wp-block-buttons is-layout-flex wp-block-buttons-is-layout-flex\">\n<div class=\"wp-block-button\"><a class=\"wp-block-button__link wp-element-button\" href=\"\/casas-rurales\/lugo\">Alojamientos rurales en Lugo<\/a><\/div>\n<\/div>\n\n\n\n<h2 class=\"wp-block-heading\" id=\"h-real-abadia-de-samos-lugo\">Real abad\u00eda de Samos (Lugo)<\/h2>\n\n\n\n<figure class=\"wp-block-image size-full\"><img loading=\"lazy\" decoding=\"async\" width=\"1024\" height=\"683\" src=\"https:\/\/www.escapadarural.com\/blog\/wp-content\/uploads\/2025\/03\/AdobeStock_455537801_WP_05.webp\" alt=\"Real abad\u00eda de Samos, en el Camino de Santiago Franc\u00e9s\" class=\"wp-image-195762\" srcset=\"https:\/\/www.escapadarural.com\/blog\/wp-content\/uploads\/2025\/03\/AdobeStock_455537801_WP_05-200x133.webp 200w, https:\/\/www.escapadarural.com\/blog\/wp-content\/uploads\/2025\/03\/AdobeStock_455537801_WP_05-300x200.webp 300w, https:\/\/www.escapadarural.com\/blog\/wp-content\/uploads\/2025\/03\/AdobeStock_455537801_WP_05-400x267.webp 400w, https:\/\/www.escapadarural.com\/blog\/wp-content\/uploads\/2025\/03\/AdobeStock_455537801_WP_05-600x400.webp 600w, https:\/\/www.escapadarural.com\/blog\/wp-content\/uploads\/2025\/03\/AdobeStock_455537801_WP_05-768x512.webp 768w, https:\/\/www.escapadarural.com\/blog\/wp-content\/uploads\/2025\/03\/AdobeStock_455537801_WP_05-800x534.webp 800w, https:\/\/www.escapadarural.com\/blog\/wp-content\/uploads\/2025\/03\/AdobeStock_455537801_WP_05.webp 1024w\" sizes=\"auto, (max-width: 1024px) 100vw, 1024px\" \/><figcaption class=\"wp-element-caption\">Real abad\u00eda de Samos en Lugo, en el Camino de Santiago Franc\u00e9s. Por Luis<\/figcaption><\/figure>\n\n\n\n<p>La <strong><a href=\"https:\/\/www.abadiadesamos.com\/index.html\" target=\"_blank\" rel=\"noreferrer noopener nofollow\">Real abad\u00eda de Samos<\/a>, o el monasterio de San Juli\u00e1n de Samos<\/strong>, es una de las paradas imprescindibles en el Camino de Santiago. Data del siglo VI y est\u00e1 considerado como uno de los monasterios m\u00e1s <a title=\"Algunos de los monumentos m\u00e1s antiguos de Espa\u00f1a\" data-wpil-monitor-id=\"611\" href=\"https:\/\/www.escapadarural.com\/blog\/monumentos-mas-antiguos-de-espana\/\">antiguos y grandes de Espa\u00f1a<\/a>. El imponente edificio mezcla estilos arquitect\u00f3nicos renacentistas, barrocos y neocl\u00e1sicos. Algunas de sus joyas son el claustro g\u00f3tico, el monumento al Padre Feijoo, la fuente de las Nereidas\u2026<\/p>\n\n\n\n<p>Como su nombre indica, esta abad\u00eda y monasterio est\u00e1 en el pueblo de Samos. Muchos peregrinos hacen un peque\u00f1o desv\u00edo para visitarlo. Adem\u00e1s, en \u00e9l todav\u00eda <strong>residen los monjes benedictinos<\/strong>, por lo que cuenta con una hospeder\u00eda externa. Est\u00e1 a 25 metros del inmueble y de la capilla del Cipr\u00e9s.&nbsp;<\/p>\n\n\n<div style=\"background-color: #d9edf7; color: #31708f; border-left-color: #31708f; \" class=\"ub-styled-box ub-notification-box wp-block-ub-styled-box\" id=\"ub-styled-box-9a1730f1-ec33-45d2-8a8e-6c59a1a03f90\">\n<p id=\"ub-styled-box-notification-content-\"><strong>D\u00f3nde encontrarlo: <\/strong>en la etapa 26, de Triacastela a Sarria, cogiendo el camino que va por Teiguin.<\/p>\n\n\n<\/div>\n\n\n<div class=\"wp-block-buttons is-layout-flex wp-block-buttons-is-layout-flex\">\n<div class=\"wp-block-button\"><a class=\"wp-block-button__link wp-element-button\" href=\"\/casas-rurales\/samos\">Alojamientos rurales en Samos<\/a><\/div>\n<\/div>\n\n\n\n<h2 class=\"wp-block-heading\" id=\"h-portomarin-y-su-iglesia-fortaleza-lugo\">Portomar\u00edn y su iglesia fortaleza (Lugo)<\/h2>\n\n\n\n<figure class=\"wp-block-image size-full\"><img loading=\"lazy\" decoding=\"async\" width=\"1024\" height=\"684\" src=\"https:\/\/www.escapadarural.com\/blog\/wp-content\/uploads\/2025\/03\/AdobeStock_138101395_WP_01.webp\" alt=\"Ruinas del pueblo antiguo de Potomar\u00edn, en Lugo\" class=\"wp-image-195763\" srcset=\"https:\/\/www.escapadarural.com\/blog\/wp-content\/uploads\/2025\/03\/AdobeStock_138101395_WP_01-200x134.webp 200w, https:\/\/www.escapadarural.com\/blog\/wp-content\/uploads\/2025\/03\/AdobeStock_138101395_WP_01-300x200.webp 300w, https:\/\/www.escapadarural.com\/blog\/wp-content\/uploads\/2025\/03\/AdobeStock_138101395_WP_01-400x267.webp 400w, https:\/\/www.escapadarural.com\/blog\/wp-content\/uploads\/2025\/03\/AdobeStock_138101395_WP_01-600x401.webp 600w, https:\/\/www.escapadarural.com\/blog\/wp-content\/uploads\/2025\/03\/AdobeStock_138101395_WP_01-768x513.webp 768w, https:\/\/www.escapadarural.com\/blog\/wp-content\/uploads\/2025\/03\/AdobeStock_138101395_WP_01-800x534.webp 800w, https:\/\/www.escapadarural.com\/blog\/wp-content\/uploads\/2025\/03\/AdobeStock_138101395_WP_01.webp 1024w\" sizes=\"auto, (max-width: 1024px) 100vw, 1024px\" \/><figcaption class=\"wp-element-caption\">Ruinas del pueblo antiguo de Portomar\u00edn, en Lugo. Por Luis Vilanova<\/figcaption><\/figure>\n\n\n\n<p>Portomar\u00edn es un pueblo peculiar. Construido a orillas del r\u00edo Mi\u00f1o, el antiguo pueblo<strong> yace bajo las aguas del embalse de Belesar<\/strong> aunque, en los a\u00f1os 60, sus monumentos m\u00e1s importantes fueron trasladados piedra por piedra para evitar que desaparecieran.&nbsp;<\/p>\n\n\n\n<p>Entre sus joyas est\u00e1 la popular iglesia de San Nicol\u00e1s, un gran templo-fortaleza del siglo XIII que perteneci\u00f3 a la Orden de San Juan de Jerusal\u00e9n. Si tienes suerte y el caudal est\u00e1 bajo, quiz\u00e1 puedas ver emerger algunas de las ruinas del antiguo pueblo.<\/p>\n\n\n<div style=\"background-color: #d9edf7; color: #31708f; border-left-color: #31708f; \" class=\"ub-styled-box ub-notification-box wp-block-ub-styled-box\" id=\"ub-styled-box-bc3f2e56-ed5a-4805-b0c9-18d17692b5ca\">\n<p id=\"ub-styled-box-notification-content-\"><strong>D\u00f3nde encontrarla: <\/strong>en la etapa 27, que va de Sarria y llega hasta Portomar\u00edn.\u00a0<\/p>\n\n\n<\/div>","protected":false},"excerpt":{"rendered":"<p>Un recorrido por aquellos monumentos del Camino de Santiago franc\u00e9s ubicados en el entorno rural y que merecen una visita<\/p>\n","protected":false},"author":89,"featured_media":195762,"comment_status":"open","ping_status":"open","sticky":false,"template":"","format":"standard","meta":{"_acf_changed":false,"om_disable_all_campaigns":false,"footnotes":""},"categories":[231],"tags":[616,6198,2532,331,6764,870,6087],"class_list":["post-195673","post","type-post","status-publish","format-standard","has-post-thumbnail","hentry","category-arte-y-cultura","tag-camino-de-santiago","tag-camino-de-santiago-frances","tag-camino-frances","tag-espana","tag-imprescindibles","tag-monumentos","tag-senderismo"],"acf":[],"featured_image_src":"https:\/\/www.escapadarural.com\/blog\/wp-content\/uploads\/2025\/03\/AdobeStock_455537801_WP_05.webp","author_info":{"display_name":"Laura Fern\u00e1ndez","author_link":"https:\/\/www.escapadarural.com\/blog\/autor\/laura\/"},"yoast_head":"<!-- This site is optimized with the Yoast SEO plugin v27.5 - https:\/\/yoast.com\/product\/yoast-seo-wordpress\/ -->\n<title>12 joyas en el Camino Franc\u00e9s que no te puedes perder<\/title>\n<meta name=\"description\" content=\"Un recorridos por aquellos monumentos del Camino de Santiago Franc\u00e9s ubicados en el entorno rural y que merecen una visita\" \/>\n<meta name=\"robots\" content=\"index, follow, max-snippet:-1, max-image-preview:large, max-video-preview:-1\" \/>\n<link rel=\"canonical\" href=\"https:\/\/www.escapadarural.com\/blog\/que-ver-camino-de-santiago-frances\/\" \/>\n<meta property=\"og:locale\" content=\"es_ES\" \/>\n<meta property=\"og:type\" content=\"article\" \/>\n<meta property=\"og:title\" content=\"12 joyas en el Camino Franc\u00e9s que no te puedes perder\" \/>\n<meta property=\"og:description\" content=\"Un recorridos por aquellos monumentos del Camino de Santiago Franc\u00e9s ubicados en el entorno rural y que merecen una visita\" \/>\n<meta property=\"og:url\" content=\"https:\/\/www.escapadarural.com\/blog\/que-ver-camino-de-santiago-frances\/\" \/>\n<meta property=\"og:site_name\" content=\"Magazine de viajes de EscapadaRural\" \/>\n<meta property=\"article:publisher\" content=\"https:\/\/www.facebook.com\/escapadarural\" \/>\n<meta property=\"article:published_time\" content=\"2025-03-19T08:54:50+00:00\" \/>\n<meta property=\"article:modified_time\" content=\"2026-02-17T16:08:12+00:00\" \/>\n<meta property=\"og:image\" content=\"https:\/\/www.escapadarural.com\/blog\/wp-content\/uploads\/2025\/03\/AdobeStock_455537801_WP_05.webp\" \/>\n\t<meta property=\"og:image:width\" content=\"1024\" \/>\n\t<meta property=\"og:image:height\" content=\"683\" \/>\n\t<meta property=\"og:image:type\" content=\"image\/webp\" \/>\n<meta name=\"author\" content=\"Laura Fern\u00e1ndez\" \/>\n<meta name=\"twitter:card\" content=\"summary_large_image\" \/>\n<meta name=\"twitter:label1\" content=\"Escrito por\" \/>\n\t<meta name=\"twitter:data1\" content=\"Laura Fern\u00e1ndez\" \/>\n\t<meta name=\"twitter:label2\" content=\"Tiempo de lectura\" \/>\n\t<meta name=\"twitter:data2\" content=\"14 minutos\" \/>\n<script type=\"application\/ld+json\" class=\"yoast-schema-graph\">{\"@context\":\"https:\\\/\\\/schema.org\",\"@graph\":[{\"@type\":\"Article\",\"@id\":\"https:\\\/\\\/www.escapadarural.com\\\/blog\\\/que-ver-camino-de-santiago-frances\\\/#article\",\"isPartOf\":{\"@id\":\"https:\\\/\\\/www.escapadarural.com\\\/blog\\\/que-ver-camino-de-santiago-frances\\\/\"},\"author\":{\"name\":\"Laura Fern\u00e1ndez\",\"@id\":\"https:\\\/\\\/www.escapadarural.com\\\/blog\\\/#\\\/schema\\\/person\\\/a9b46ae4d047d8a2c719f31e75206cff\"},\"headline\":\"12 joyas en el Camino Franc\u00e9s que no te puedes perder\",\"datePublished\":\"2025-03-19T08:54:50+00:00\",\"dateModified\":\"2026-02-17T16:08:12+00:00\",\"mainEntityOfPage\":{\"@id\":\"https:\\\/\\\/www.escapadarural.com\\\/blog\\\/que-ver-camino-de-santiago-frances\\\/\"},\"wordCount\":2597,\"commentCount\":0,\"publisher\":{\"@id\":\"https:\\\/\\\/www.escapadarural.com\\\/blog\\\/#organization\"},\"image\":{\"@id\":\"https:\\\/\\\/www.escapadarural.com\\\/blog\\\/que-ver-camino-de-santiago-frances\\\/#primaryimage\"},\"thumbnailUrl\":\"https:\\\/\\\/www.escapadarural.com\\\/blog\\\/wp-content\\\/uploads\\\/2025\\\/03\\\/AdobeStock_455537801_WP_05.webp\",\"keywords\":[\"Camino de Santiago\",\"Camino de Santiago franc\u00e9s\",\"Camino Franc\u00e9s\",\"Espa\u00f1a\",\"Imprescindibles\",\"Monumentos\",\"senderismo\"],\"articleSection\":[\"Arte y Cultura\"],\"inLanguage\":\"es\",\"potentialAction\":[{\"@type\":\"CommentAction\",\"name\":\"Comment\",\"target\":[\"https:\\\/\\\/www.escapadarural.com\\\/blog\\\/que-ver-camino-de-santiago-frances\\\/#respond\"]}]},{\"@type\":\"WebPage\",\"@id\":\"https:\\\/\\\/www.escapadarural.com\\\/blog\\\/que-ver-camino-de-santiago-frances\\\/\",\"url\":\"https:\\\/\\\/www.escapadarural.com\\\/blog\\\/que-ver-camino-de-santiago-frances\\\/\",\"name\":\"12 joyas en el Camino Franc\u00e9s que no te puedes perder\",\"isPartOf\":{\"@id\":\"https:\\\/\\\/www.escapadarural.com\\\/blog\\\/#website\"},\"primaryImageOfPage\":{\"@id\":\"https:\\\/\\\/www.escapadarural.com\\\/blog\\\/que-ver-camino-de-santiago-frances\\\/#primaryimage\"},\"image\":{\"@id\":\"https:\\\/\\\/www.escapadarural.com\\\/blog\\\/que-ver-camino-de-santiago-frances\\\/#primaryimage\"},\"thumbnailUrl\":\"https:\\\/\\\/www.escapadarural.com\\\/blog\\\/wp-content\\\/uploads\\\/2025\\\/03\\\/AdobeStock_455537801_WP_05.webp\",\"datePublished\":\"2025-03-19T08:54:50+00:00\",\"dateModified\":\"2026-02-17T16:08:12+00:00\",\"description\":\"Un recorridos por aquellos monumentos del Camino de Santiago Franc\u00e9s ubicados en el entorno rural y que merecen una visita\",\"breadcrumb\":{\"@id\":\"https:\\\/\\\/www.escapadarural.com\\\/blog\\\/que-ver-camino-de-santiago-frances\\\/#breadcrumb\"},\"inLanguage\":\"es\",\"potentialAction\":[{\"@type\":\"ReadAction\",\"target\":[\"https:\\\/\\\/www.escapadarural.com\\\/blog\\\/que-ver-camino-de-santiago-frances\\\/\"]}]},{\"@type\":\"ImageObject\",\"inLanguage\":\"es\",\"@id\":\"https:\\\/\\\/www.escapadarural.com\\\/blog\\\/que-ver-camino-de-santiago-frances\\\/#primaryimage\",\"url\":\"https:\\\/\\\/www.escapadarural.com\\\/blog\\\/wp-content\\\/uploads\\\/2025\\\/03\\\/AdobeStock_455537801_WP_05.webp\",\"contentUrl\":\"https:\\\/\\\/www.escapadarural.com\\\/blog\\\/wp-content\\\/uploads\\\/2025\\\/03\\\/AdobeStock_455537801_WP_05.webp\",\"width\":1024,\"height\":683,\"caption\":\"Real abad\u00eda de Samos, Lugo. Por Luis\"},{\"@type\":\"BreadcrumbList\",\"@id\":\"https:\\\/\\\/www.escapadarural.com\\\/blog\\\/que-ver-camino-de-santiago-frances\\\/#breadcrumb\",\"itemListElement\":[{\"@type\":\"ListItem\",\"position\":1,\"name\":\"Inicio\",\"item\":\"https:\\\/\\\/www.escapadarural.com\\\/blog\\\/\"},{\"@type\":\"ListItem\",\"position\":2,\"name\":\"Arte y Cultura\",\"item\":\"https:\\\/\\\/www.escapadarural.com\\\/blog\\\/categoria\\\/arte-y-cultura\\\/\"},{\"@type\":\"ListItem\",\"position\":3,\"name\":\"12 joyas en el Camino Franc\u00e9s que no te puedes perder\"}]},{\"@type\":\"WebSite\",\"@id\":\"https:\\\/\\\/www.escapadarural.com\\\/blog\\\/#website\",\"url\":\"https:\\\/\\\/www.escapadarural.com\\\/blog\\\/\",\"name\":\"Blog de viajes | turismo rural, alojamientos e inspiraci\u00f3n\",\"description\":\"Alojamientos rurales e inspiraci\u00f3n para tus escapadas\",\"publisher\":{\"@id\":\"https:\\\/\\\/www.escapadarural.com\\\/blog\\\/#organization\"},\"alternateName\":\"Magazine de viajes de EscapadaRural\",\"potentialAction\":[{\"@type\":\"SearchAction\",\"target\":{\"@type\":\"EntryPoint\",\"urlTemplate\":\"https:\\\/\\\/www.escapadarural.com\\\/blog\\\/?s={search_term_string}\"},\"query-input\":{\"@type\":\"PropertyValueSpecification\",\"valueRequired\":true,\"valueName\":\"search_term_string\"}}],\"inLanguage\":\"es\"},{\"@type\":\"Organization\",\"@id\":\"https:\\\/\\\/www.escapadarural.com\\\/blog\\\/#organization\",\"name\":\"EscapadaRural\",\"url\":\"https:\\\/\\\/www.escapadarural.com\\\/blog\\\/\",\"logo\":{\"@type\":\"ImageObject\",\"inLanguage\":\"es\",\"@id\":\"https:\\\/\\\/www.escapadarural.com\\\/blog\\\/#\\\/schema\\\/logo\\\/image\\\/\",\"url\":\"https:\\\/\\\/www.escapadarural.com\\\/blog\\\/wp-content\\\/uploads\\\/2024\\\/10\\\/cropped-cropped-escapada-rural-icon-mag-3.png\",\"contentUrl\":\"https:\\\/\\\/www.escapadarural.com\\\/blog\\\/wp-content\\\/uploads\\\/2024\\\/10\\\/cropped-cropped-escapada-rural-icon-mag-3.png\",\"width\":512,\"height\":512,\"caption\":\"EscapadaRural\"},\"image\":{\"@id\":\"https:\\\/\\\/www.escapadarural.com\\\/blog\\\/#\\\/schema\\\/logo\\\/image\\\/\"},\"sameAs\":[\"https:\\\/\\\/www.facebook.com\\\/escapadarural\",\"https:\\\/\\\/www.instagram.com\\\/escapadarural\\\/\",\"https:\\\/\\\/www.youtube.com\\\/@escapadaruralcom\"]},{\"@type\":\"Person\",\"@id\":\"https:\\\/\\\/www.escapadarural.com\\\/blog\\\/#\\\/schema\\\/person\\\/a9b46ae4d047d8a2c719f31e75206cff\",\"name\":\"Laura Fern\u00e1ndez\",\"image\":{\"@type\":\"ImageObject\",\"inLanguage\":\"es\",\"@id\":\"https:\\\/\\\/www.escapadarural.com\\\/blog\\\/wp-content\\\/uploads\\\/2025\\\/01\\\/cropped-laura_raponchii-96x96.jpg\",\"url\":\"https:\\\/\\\/www.escapadarural.com\\\/blog\\\/wp-content\\\/uploads\\\/2025\\\/01\\\/cropped-laura_raponchii-96x96.jpg\",\"contentUrl\":\"https:\\\/\\\/www.escapadarural.com\\\/blog\\\/wp-content\\\/uploads\\\/2025\\\/01\\\/cropped-laura_raponchii-96x96.jpg\",\"caption\":\"Laura Fern\u00e1ndez\"},\"description\":\"Periodista, blogger y viajera. No necesariamente en ese orden. En ocasiones me despierto sin saber d\u00f3nde estoy. Adicta a los c\u00f3mics y a los noodles con salsa de cacahuete. Redactora en @escapadarural, colaboradora en la Conde Nast Traveler y en la Divinity. Mi casa: Meridiano180.\",\"sameAs\":[\"http:\\\/\\\/www.meridiano180.com\\\/\"],\"url\":\"https:\\\/\\\/www.escapadarural.com\\\/blog\\\/autor\\\/laura\\\/\"}]}<\/script>\n<!-- \/ Yoast SEO plugin. -->","yoast_head_json":{"title":"12 joyas en el Camino Franc\u00e9s que no te puedes perder","description":"Un recorridos por aquellos monumentos del Camino de Santiago Franc\u00e9s ubicados en el entorno rural y que merecen una visita","robots":{"index":"index","follow":"follow","max-snippet":"max-snippet:-1","max-image-preview":"max-image-preview:large","max-video-preview":"max-video-preview:-1"},"canonical":"https:\/\/www.escapadarural.com\/blog\/que-ver-camino-de-santiago-frances\/","og_locale":"es_ES","og_type":"article","og_title":"12 joyas en el Camino Franc\u00e9s que no te puedes perder","og_description":"Un recorridos por aquellos monumentos del Camino de Santiago Franc\u00e9s ubicados en el entorno rural y que merecen una visita","og_url":"https:\/\/www.escapadarural.com\/blog\/que-ver-camino-de-santiago-frances\/","og_site_name":"Magazine de viajes de EscapadaRural","article_publisher":"https:\/\/www.facebook.com\/escapadarural","article_published_time":"2025-03-19T08:54:50+00:00","article_modified_time":"2026-02-17T16:08:12+00:00","og_image":[{"width":1024,"height":683,"url":"https:\/\/www.escapadarural.com\/blog\/wp-content\/uploads\/2025\/03\/AdobeStock_455537801_WP_05.webp","type":"image\/webp"}],"author":"Laura Fern\u00e1ndez","twitter_card":"summary_large_image","twitter_misc":{"Escrito por":"Laura Fern\u00e1ndez","Tiempo de lectura":"14 minutos"},"schema":{"@context":"https:\/\/schema.org","@graph":[{"@type":"Article","@id":"https:\/\/www.escapadarural.com\/blog\/que-ver-camino-de-santiago-frances\/#article","isPartOf":{"@id":"https:\/\/www.escapadarural.com\/blog\/que-ver-camino-de-santiago-frances\/"},"author":{"name":"Laura Fern\u00e1ndez","@id":"https:\/\/www.escapadarural.com\/blog\/#\/schema\/person\/a9b46ae4d047d8a2c719f31e75206cff"},"headline":"12 joyas en el Camino Franc\u00e9s que no te puedes perder","datePublished":"2025-03-19T08:54:50+00:00","dateModified":"2026-02-17T16:08:12+00:00","mainEntityOfPage":{"@id":"https:\/\/www.escapadarural.com\/blog\/que-ver-camino-de-santiago-frances\/"},"wordCount":2597,"commentCount":0,"publisher":{"@id":"https:\/\/www.escapadarural.com\/blog\/#organization"},"image":{"@id":"https:\/\/www.escapadarural.com\/blog\/que-ver-camino-de-santiago-frances\/#primaryimage"},"thumbnailUrl":"https:\/\/www.escapadarural.com\/blog\/wp-content\/uploads\/2025\/03\/AdobeStock_455537801_WP_05.webp","keywords":["Camino de Santiago","Camino de Santiago franc\u00e9s","Camino Franc\u00e9s","Espa\u00f1a","Imprescindibles","Monumentos","senderismo"],"articleSection":["Arte y Cultura"],"inLanguage":"es","potentialAction":[{"@type":"CommentAction","name":"Comment","target":["https:\/\/www.escapadarural.com\/blog\/que-ver-camino-de-santiago-frances\/#respond"]}]},{"@type":"WebPage","@id":"https:\/\/www.escapadarural.com\/blog\/que-ver-camino-de-santiago-frances\/","url":"https:\/\/www.escapadarural.com\/blog\/que-ver-camino-de-santiago-frances\/","name":"12 joyas en el Camino Franc\u00e9s que no te puedes perder","isPartOf":{"@id":"https:\/\/www.escapadarural.com\/blog\/#website"},"primaryImageOfPage":{"@id":"https:\/\/www.escapadarural.com\/blog\/que-ver-camino-de-santiago-frances\/#primaryimage"},"image":{"@id":"https:\/\/www.escapadarural.com\/blog\/que-ver-camino-de-santiago-frances\/#primaryimage"},"thumbnailUrl":"https:\/\/www.escapadarural.com\/blog\/wp-content\/uploads\/2025\/03\/AdobeStock_455537801_WP_05.webp","datePublished":"2025-03-19T08:54:50+00:00","dateModified":"2026-02-17T16:08:12+00:00","description":"Un recorridos por aquellos monumentos del Camino de Santiago Franc\u00e9s ubicados en el entorno rural y que merecen una visita","breadcrumb":{"@id":"https:\/\/www.escapadarural.com\/blog\/que-ver-camino-de-santiago-frances\/#breadcrumb"},"inLanguage":"es","potentialAction":[{"@type":"ReadAction","target":["https:\/\/www.escapadarural.com\/blog\/que-ver-camino-de-santiago-frances\/"]}]},{"@type":"ImageObject","inLanguage":"es","@id":"https:\/\/www.escapadarural.com\/blog\/que-ver-camino-de-santiago-frances\/#primaryimage","url":"https:\/\/www.escapadarural.com\/blog\/wp-content\/uploads\/2025\/03\/AdobeStock_455537801_WP_05.webp","contentUrl":"https:\/\/www.escapadarural.com\/blog\/wp-content\/uploads\/2025\/03\/AdobeStock_455537801_WP_05.webp","width":1024,"height":683,"caption":"Real abad\u00eda de Samos, Lugo. Por Luis"},{"@type":"BreadcrumbList","@id":"https:\/\/www.escapadarural.com\/blog\/que-ver-camino-de-santiago-frances\/#breadcrumb","itemListElement":[{"@type":"ListItem","position":1,"name":"Inicio","item":"https:\/\/www.escapadarural.com\/blog\/"},{"@type":"ListItem","position":2,"name":"Arte y Cultura","item":"https:\/\/www.escapadarural.com\/blog\/categoria\/arte-y-cultura\/"},{"@type":"ListItem","position":3,"name":"12 joyas en el Camino Franc\u00e9s que no te puedes perder"}]},{"@type":"WebSite","@id":"https:\/\/www.escapadarural.com\/blog\/#website","url":"https:\/\/www.escapadarural.com\/blog\/","name":"Blog de viajes | turismo rural, alojamientos e inspiraci\u00f3n","description":"Alojamientos rurales e inspiraci\u00f3n para tus escapadas","publisher":{"@id":"https:\/\/www.escapadarural.com\/blog\/#organization"},"alternateName":"Magazine de viajes de EscapadaRural","potentialAction":[{"@type":"SearchAction","target":{"@type":"EntryPoint","urlTemplate":"https:\/\/www.escapadarural.com\/blog\/?s={search_term_string}"},"query-input":{"@type":"PropertyValueSpecification","valueRequired":true,"valueName":"search_term_string"}}],"inLanguage":"es"},{"@type":"Organization","@id":"https:\/\/www.escapadarural.com\/blog\/#organization","name":"EscapadaRural","url":"https:\/\/www.escapadarural.com\/blog\/","logo":{"@type":"ImageObject","inLanguage":"es","@id":"https:\/\/www.escapadarural.com\/blog\/#\/schema\/logo\/image\/","url":"https:\/\/www.escapadarural.com\/blog\/wp-content\/uploads\/2024\/10\/cropped-cropped-escapada-rural-icon-mag-3.png","contentUrl":"https:\/\/www.escapadarural.com\/blog\/wp-content\/uploads\/2024\/10\/cropped-cropped-escapada-rural-icon-mag-3.png","width":512,"height":512,"caption":"EscapadaRural"},"image":{"@id":"https:\/\/www.escapadarural.com\/blog\/#\/schema\/logo\/image\/"},"sameAs":["https:\/\/www.facebook.com\/escapadarural","https:\/\/www.instagram.com\/escapadarural\/","https:\/\/www.youtube.com\/@escapadaruralcom"]},{"@type":"Person","@id":"https:\/\/www.escapadarural.com\/blog\/#\/schema\/person\/a9b46ae4d047d8a2c719f31e75206cff","name":"Laura Fern\u00e1ndez","image":{"@type":"ImageObject","inLanguage":"es","@id":"https:\/\/www.escapadarural.com\/blog\/wp-content\/uploads\/2025\/01\/cropped-laura_raponchii-96x96.jpg","url":"https:\/\/www.escapadarural.com\/blog\/wp-content\/uploads\/2025\/01\/cropped-laura_raponchii-96x96.jpg","contentUrl":"https:\/\/www.escapadarural.com\/blog\/wp-content\/uploads\/2025\/01\/cropped-laura_raponchii-96x96.jpg","caption":"Laura Fern\u00e1ndez"},"description":"Periodista, blogger y viajera. No necesariamente en ese orden. En ocasiones me despierto sin saber d\u00f3nde estoy. Adicta a los c\u00f3mics y a los noodles con salsa de cacahuete. Redactora en @escapadarural, colaboradora en la Conde Nast Traveler y en la Divinity. Mi casa: Meridiano180.","sameAs":["http:\/\/www.meridiano180.com\/"],"url":"https:\/\/www.escapadarural.com\/blog\/autor\/laura\/"}]}},"_links":{"self":[{"href":"https:\/\/www.escapadarural.com\/blog\/wp-json\/wp\/v2\/posts\/195673","targetHints":{"allow":["GET"]}}],"collection":[{"href":"https:\/\/www.escapadarural.com\/blog\/wp-json\/wp\/v2\/posts"}],"about":[{"href":"https:\/\/www.escapadarural.com\/blog\/wp-json\/wp\/v2\/types\/post"}],"author":[{"embeddable":true,"href":"https:\/\/www.escapadarural.com\/blog\/wp-json\/wp\/v2\/users\/89"}],"replies":[{"embeddable":true,"href":"https:\/\/www.escapadarural.com\/blog\/wp-json\/wp\/v2\/comments?post=195673"}],"version-history":[{"count":0,"href":"https:\/\/www.escapadarural.com\/blog\/wp-json\/wp\/v2\/posts\/195673\/revisions"}],"wp:featuredmedia":[{"embeddable":true,"href":"https:\/\/www.escapadarural.com\/blog\/wp-json\/wp\/v2\/media\/195762"}],"wp:attachment":[{"href":"https:\/\/www.escapadarural.com\/blog\/wp-json\/wp\/v2\/media?parent=195673"}],"wp:term":[{"taxonomy":"category","embeddable":true,"href":"https:\/\/www.escapadarural.com\/blog\/wp-json\/wp\/v2\/categories?post=195673"},{"taxonomy":"post_tag","embeddable":true,"href":"https:\/\/www.escapadarural.com\/blog\/wp-json\/wp\/v2\/tags?post=195673"}],"curies":[{"name":"wp","href":"https:\/\/api.w.org\/{rel}","templated":true}]}}