{"id":195946,"date":"2025-03-17T08:00:00","date_gmt":"2025-03-17T06:00:00","guid":{"rendered":"https:\/\/www.escapadarural.com\/blog\/?p=195946"},"modified":"2025-03-14T13:26:02","modified_gmt":"2025-03-14T11:26:02","slug":"la-montana-que-pintabas-de-pequeno-esta-en-extremadura","status":"publish","type":"post","link":"https:\/\/www.escapadarural.com\/blog\/la-montana-que-pintabas-de-pequeno-esta-en-extremadura\/","title":{"rendered":"La monta\u00f1a que pintabas de peque\u00f1o est\u00e1 en Extremadura"},"content":{"rendered":"\n<figure class=\"wp-block-image size-full is-resized\"><img loading=\"lazy\" decoding=\"async\" width=\"1024\" height=\"767\" src=\"https:\/\/www.escapadarural.com\/blog\/wp-content\/uploads\/2025\/03\/adobestock_723277050_WP_03.webp\" alt=\"Cerro Masatrigo (Badajoz). El cono natural m\u00e1s grande de Espa\u00f1a. Por ZonaFreeDrone\" class=\"wp-image-195992\" style=\"width:1200px;height:auto\" srcset=\"https:\/\/www.escapadarural.com\/blog\/wp-content\/uploads\/2025\/03\/adobestock_723277050_WP_03-200x150.webp 200w, https:\/\/www.escapadarural.com\/blog\/wp-content\/uploads\/2025\/03\/adobestock_723277050_WP_03-300x225.webp 300w, https:\/\/www.escapadarural.com\/blog\/wp-content\/uploads\/2025\/03\/adobestock_723277050_WP_03-400x300.webp 400w, https:\/\/www.escapadarural.com\/blog\/wp-content\/uploads\/2025\/03\/adobestock_723277050_WP_03-600x449.webp 600w, https:\/\/www.escapadarural.com\/blog\/wp-content\/uploads\/2025\/03\/adobestock_723277050_WP_03-768x575.webp 768w, https:\/\/www.escapadarural.com\/blog\/wp-content\/uploads\/2025\/03\/adobestock_723277050_WP_03-800x599.webp 800w, https:\/\/www.escapadarural.com\/blog\/wp-content\/uploads\/2025\/03\/adobestock_723277050_WP_03.webp 1024w\" sizes=\"auto, (max-width: 1024px) 100vw, 1024px\" \/><figcaption class=\"wp-element-caption\">Cerro Masatrigo (Badajoz). El cono natural m\u00e1s grande de Espa\u00f1a. Por ZonaFreeDrone<\/figcaption><\/figure>\n\n\n\n<p>EscapadaRural te invita en este post a descubrir una maravilla de la naturaleza considerada, entre otras cosas, una &#8216;monta\u00f1a m\u00e1gica&#8217;, el mejor mirador de toda Extremadura y <strong>un aut\u00e9ntico para\u00edso para los amantes del senderismo<\/strong>. Nos vamos a Esparragosa de Lares (Badajoz), un pueblo en el que encontrar\u00e1s una formaci\u00f3n c\u00f3nica natural de dimensiones casi perfectas. El cerro de Masatrigo. \u00bfNos acompa\u00f1as?<\/p>\n\n\n\n<div class=\"wp-block-buttons is-layout-flex wp-block-buttons-is-layout-flex\">\n<div class=\"wp-block-button\"><a class=\"wp-block-button__link wp-element-button\" href=\"\/casas-rurales-esparragosa-de-lares-aisladas\">Alojamientos rurales cerca de Esparragosa de Lares<\/a><\/div>\n<\/div>\n\n\n\n<h2 class=\"wp-block-heading\" id=\"h-una-isla-que-aparece-y-desaparece\">Una \u00abisla\u00bb que aparece y desaparece<\/h2>\n\n\n\n<figure class=\"wp-block-image size-full\"><img loading=\"lazy\" decoding=\"async\" width=\"1024\" height=\"518\" src=\"https:\/\/www.escapadarural.com\/blog\/wp-content\/uploads\/2025\/03\/adobestock_499336601_WP_02.webp\" alt=\"Colina de Masatrigo (Extremadura), el cono natural m\u00e1s grande de Espa\u00f1a. Por Nicolas Dumeige\" class=\"wp-image-196111\" srcset=\"https:\/\/www.escapadarural.com\/blog\/wp-content\/uploads\/2025\/03\/adobestock_499336601_WP_02-200x101.webp 200w, https:\/\/www.escapadarural.com\/blog\/wp-content\/uploads\/2025\/03\/adobestock_499336601_WP_02-300x152.webp 300w, https:\/\/www.escapadarural.com\/blog\/wp-content\/uploads\/2025\/03\/adobestock_499336601_WP_02-400x202.webp 400w, https:\/\/www.escapadarural.com\/blog\/wp-content\/uploads\/2025\/03\/adobestock_499336601_WP_02-600x304.webp 600w, https:\/\/www.escapadarural.com\/blog\/wp-content\/uploads\/2025\/03\/adobestock_499336601_WP_02-768x389.webp 768w, https:\/\/www.escapadarural.com\/blog\/wp-content\/uploads\/2025\/03\/adobestock_499336601_WP_02-800x405.webp 800w, https:\/\/www.escapadarural.com\/blog\/wp-content\/uploads\/2025\/03\/adobestock_499336601_WP_02.webp 1024w\" sizes=\"auto, (max-width: 1024px) 100vw, 1024px\" \/><figcaption class=\"wp-element-caption\">Cerro Masatrigo (Extremadura), el cono natural m\u00e1s grande de Espa\u00f1a. Por Nicolas Dumeige<\/figcaption><\/figure>\n\n\n\n<p>Dijo en 2016 el periodista J.R. Alonso de la Torre en el <em>Hoy<\/em> de Extremadura que <em>\u00ab<\/em>cuando, siendo ni\u00f1os, dibujamos por primera vez una monta\u00f1a, pintamos, sin saberlo, el cerro Masatrigo\u00bb, y no puedo estar m\u00e1s de acuerdo con \u00e9l. Es tan redondito en su base y puntiagudo en la parte de la cima que jam\u00e1s hubiese encontrado una definici\u00f3n tan acertada como la suya. Claramente, <strong>la primera monta\u00f1a que imaginaste de peque\u00f1o existe y est\u00e1 en Extremadura<\/strong>.<\/p>\n\n\n\n<p>Adem\u00e1s, otra de las peculiaridades de esta formaci\u00f3n geol\u00f3gica, que tambi\u00e9n habr\u00e1 plasmado m\u00e1s de uno o una en sus obras de arte infantil, es que <strong>parece emerger  de forma misteriosa del agua.<\/strong> As\u00ed es. Tras la construcci\u00f3n del embalse de La Serena, el cerro de Masatrigo, aparentemente, se convirti\u00f3 en una especie de isla. Y esto es algo que ha otorgado a muchos visitantes unas instant\u00e1neas dignas de postal.<\/p>\n\n\n\n<p>Y decimos \u00abaparentemente\u00bb porque nada es lo que parece, ya que en realidad es una pen\u00ednsula que parece aislarse solitaria cuando las aguas del pantano est\u00e1n en el nivel m\u00e1s alto. Por cierto, esta colina recibi\u00f3 su nombre porque <strong>desde lejos parece un mont\u00f3n de trigo<\/strong>, aunque en ella descubrir\u00e1s todo un despliegue de encinas, olivos y acebuches, entre otras especies.<\/p>\n\n\n\n<h2 class=\"wp-block-heading\" id=\"h-la-montana-magica\">La \u00abmonta\u00f1a m\u00e1gica\u00bb<\/h2>\n\n\n\n<figure class=\"wp-block-image size-full\"><img loading=\"lazy\" decoding=\"async\" width=\"1024\" height=\"767\" src=\"https:\/\/www.escapadarural.com\/blog\/wp-content\/uploads\/2025\/03\/adobestock_723277119_WP_01.webp\" alt=\"Masatrigo, en Badajoz (Extremadura). Por ZonaFreeDrone\" class=\"wp-image-196844\" srcset=\"https:\/\/www.escapadarural.com\/blog\/wp-content\/uploads\/2025\/03\/adobestock_723277119_WP_01-200x150.webp 200w, https:\/\/www.escapadarural.com\/blog\/wp-content\/uploads\/2025\/03\/adobestock_723277119_WP_01-300x225.webp 300w, https:\/\/www.escapadarural.com\/blog\/wp-content\/uploads\/2025\/03\/adobestock_723277119_WP_01-400x300.webp 400w, https:\/\/www.escapadarural.com\/blog\/wp-content\/uploads\/2025\/03\/adobestock_723277119_WP_01-600x449.webp 600w, https:\/\/www.escapadarural.com\/blog\/wp-content\/uploads\/2025\/03\/adobestock_723277119_WP_01-768x575.webp 768w, https:\/\/www.escapadarural.com\/blog\/wp-content\/uploads\/2025\/03\/adobestock_723277119_WP_01-800x599.webp 800w, https:\/\/www.escapadarural.com\/blog\/wp-content\/uploads\/2025\/03\/adobestock_723277119_WP_01.webp 1024w\" sizes=\"auto, (max-width: 1024px) 100vw, 1024px\" \/><figcaption class=\"wp-element-caption\">Masatrigo, en Badajoz (Extremadura). Por ZonaFreeDrone<\/figcaption><\/figure>\n\n\n\n<p>Muchos se refieren a este espect\u00e1culo de la naturaleza como \u00abla rotonda m\u00e1s grande de Europa\u00bb, ya que est\u00e1 rodeado por la carretera CE-322, que es de un \u00fanico sentido y da la vuelta al cerro en sentido contrario a las agujas del reloj. Sin embargo, hay quienes apuestan por referirse al lugar como \u00abla monta\u00f1a m\u00e1gica\u00bb.<\/p>\n\n\n\n<p>Una de las explicaciones tendr\u00eda que ver con el fen\u00f3meno que te acabamos de contar sobre la isla que aparece y desaparece. Otra, en cambio, se refiere al <strong>aura misteriosa<\/strong> que siempre tuvo el cerro, al que vinculan con el castillo de la Puebla de Alcocer (siglo XIII y remodelado en el XV), una fortaleza que habr\u00edan levantado y habitado los templarios.<\/p>\n\n\n\n<h2 class=\"wp-block-heading\" id=\"h-un-paraiso-para-los-amantes-del-senderismo\">Un para\u00edso para los amantes del senderismo<\/h2>\n\n\n\n<figure class=\"wp-block-image size-full\"><img loading=\"lazy\" decoding=\"async\" width=\"1024\" height=\"576\" src=\"https:\/\/www.escapadarural.com\/blog\/wp-content\/uploads\/2025\/03\/adobestock_1255061350_WP_01.webp\" alt=\"Cima del cerro de Masatrigo en Extremadura. Por Jaime Cerezo\" class=\"wp-image-196294\" srcset=\"https:\/\/www.escapadarural.com\/blog\/wp-content\/uploads\/2025\/03\/adobestock_1255061350_WP_01-200x113.webp 200w, https:\/\/www.escapadarural.com\/blog\/wp-content\/uploads\/2025\/03\/adobestock_1255061350_WP_01-300x169.webp 300w, https:\/\/www.escapadarural.com\/blog\/wp-content\/uploads\/2025\/03\/adobestock_1255061350_WP_01-400x225.webp 400w, https:\/\/www.escapadarural.com\/blog\/wp-content\/uploads\/2025\/03\/adobestock_1255061350_WP_01-600x338.webp 600w, https:\/\/www.escapadarural.com\/blog\/wp-content\/uploads\/2025\/03\/adobestock_1255061350_WP_01-768x432.webp 768w, https:\/\/www.escapadarural.com\/blog\/wp-content\/uploads\/2025\/03\/adobestock_1255061350_WP_01-800x450.webp 800w, https:\/\/www.escapadarural.com\/blog\/wp-content\/uploads\/2025\/03\/adobestock_1255061350_WP_01.webp 1024w\" sizes=\"auto, (max-width: 1024px) 100vw, 1024px\" \/><figcaption class=\"wp-element-caption\">Cima del cerro de Masatrigo en Extremadura. Por Jaime Cerezo<\/figcaption><\/figure>\n\n\n\n<p>El cerro de Masatrigo es, sin duda, <strong>una singularidad geol\u00f3gica de 775 metros de di\u00e1metro y 175 metros de altitud (desde la l\u00e1mina del agua del embalse de La Serena, en su cota m\u00e1xima de llenado) <\/strong>que ofrece al visitante diferentes experiencias para su escapada. Seg\u00fan destaca la Oficina de Turismo de la <a href=\"\/casas-rurales\/la-siberia\">Siberia extreme\u00f1a<\/a>, esta colina, reconocida como Monumento Natural de Extremadura en mayo de 2023, es un punto de gran atractivo para los amantes del senderismo.<\/p>\n\n\n\n<p>Podr\u00e1s alcanzar la cima de este capricho natural a trav\u00e9s del <a href=\"https:\/\/es.wikiloc.com\/rutas-senderismo\/sl-ba-198-sendero-botanico-de-masatrigo-galizuela-1382893\" target=\"_blank\" rel=\"noreferrer noopener nofollow\">Sendero Bot\u00e1nico de Masatrigo<\/a> (SL BA 198) recorriendo unos 6 kil\u00f3metros de distancia (ida y vuelta) y una hora aproximada de duraci\u00f3n. Se trata de un sendero de escaso desnivel y dificultad baja al que podr\u00e1s acceder desde la carretera paisaj\u00edstica EX \u2013 322, que conecta las localidades de <strong>Puebla de Alcocer<\/strong> y <a href=\"\/casas-rurales\/cabeza-del-buey\">Cabeza del Buey<\/a> y llega hasta el aparcamiento en la base del cerro. Una vez en la cima podr\u00e1s disfrutar de espectaculares vistas de las comarcas de La Serena y La Siberia desde los diferentes miradores que hay en la cumbre.<\/p>\n\n\n<div style=\"background-color: #d9edf7; color: #31708f; border-left-color: #31708f; \" class=\"ub-styled-box ub-notification-box wp-block-ub-styled-box\" id=\"ub-styled-box-345f4909-3a42-4cb0-b81c-3886c0fa080b\">\n<p id=\"ub-styled-box-notification-content-\"><strong>Tipo de ruta:<\/strong> Lineal<\/p>\n\n\n\n<p><strong>Longitud: <\/strong>6 kil\u00f3metros <\/p>\n\n\n\n<p><strong>Dificultad:<\/strong> Baja<\/p>\n\n\n<\/div>\n\n\n<p>Y aunque ER te ha propuesto el itinerario m\u00e1s sencillo para ascender a la cima de Masatrigo, te conviene saber que existen otras alternativas con un mayor grado de dificultad para senderistas m\u00e1s experimentados. Adem\u00e1s, <strong>encontrar\u00e1s otras rutas cercanas<\/strong>, como la que te llevar\u00e1 desde el cerro hasta la fortaleza de Lares o la que va desde Masatrigo hasta Badajoz, pasando por <a href=\"\/casas-rurales\/puebla-de-alcocer\">Puebla de Alcocer<\/a>.<\/p>\n\n\n\n<h2 class=\"wp-block-heading\" id=\"h-un-lugar-conico-e-iconico-en-extremadura\">Un lugar c\u00f3nico e ic\u00f3nico en Extremadura<\/h2>\n\n\n\n<figure class=\"wp-block-image size-full\"><img loading=\"lazy\" decoding=\"async\" width=\"1024\" height=\"576\" src=\"https:\/\/www.escapadarural.com\/blog\/wp-content\/uploads\/2025\/03\/adobestock_1255061308_WP_01.webp\" alt=\"Cerro Masatrigo (Extremadura). Por Jaime Cerezo\" class=\"wp-image-196812\" srcset=\"https:\/\/www.escapadarural.com\/blog\/wp-content\/uploads\/2025\/03\/adobestock_1255061308_WP_01-200x113.webp 200w, https:\/\/www.escapadarural.com\/blog\/wp-content\/uploads\/2025\/03\/adobestock_1255061308_WP_01-300x169.webp 300w, https:\/\/www.escapadarural.com\/blog\/wp-content\/uploads\/2025\/03\/adobestock_1255061308_WP_01-400x225.webp 400w, https:\/\/www.escapadarural.com\/blog\/wp-content\/uploads\/2025\/03\/adobestock_1255061308_WP_01-600x338.webp 600w, https:\/\/www.escapadarural.com\/blog\/wp-content\/uploads\/2025\/03\/adobestock_1255061308_WP_01-768x432.webp 768w, https:\/\/www.escapadarural.com\/blog\/wp-content\/uploads\/2025\/03\/adobestock_1255061308_WP_01-800x450.webp 800w, https:\/\/www.escapadarural.com\/blog\/wp-content\/uploads\/2025\/03\/adobestock_1255061308_WP_01.webp 1024w\" sizes=\"auto, (max-width: 1024px) 100vw, 1024px\" \/><figcaption class=\"wp-element-caption\">Cerro Masatrigo (Extremadura). Por Jaime Cerezo<\/figcaption><\/figure>\n\n\n\n<p>Como hemos mencionado anteriormente, el cerro de Masatrigo <strong>se sum\u00f3 hace casi dos a\u00f1os a la lista de <a href=\"https:\/\/www.escapadarural.com\/blog\/tag\/monumento-natural\/\">Monumentos Naturales<\/a> de Extremadura<\/strong>. Concretamente es el 6\u00ba, por detr\u00e1s de la mina La Jayona, una explotaci\u00f3n minera abandonada ubicada en el t\u00e9rmino municipal de <a href=\"\/casas-rurales\/fuente-del-arco\">Fuente del Arco<\/a>, en Badajoz.<\/p>\n\n\n\n<p>Tambi\u00e9n se encuentran en este listado la <strong>cueva de El Casta\u00f1ar<\/strong>, descubierta en C\u00e1ceres en 1967; las cuevas de <a href=\"https:\/\/www.escapadarural.com\/blog\/cuevas-de-fuentes-de-leon-badajoz\/\">Fuentes de Le\u00f3n<\/a> de Badajoz; el <strong>Berrocal de la Data<\/strong> de Valencia de Alc\u00e1ntara, a escasos nueve kil\u00f3metros de la frontera con Portugal y los<strong> Barruecos<\/strong>, en C\u00e1ceres.<\/p>\n\n\n\n<h2 class=\"wp-block-heading\" id=\"h-un-escenario-natural-de-pelicula\">Un escenario natural de pel\u00edcula<\/h2>\n\n\n\n<p>Aunque sorprenda, parece que el cerro de Masatrigo no es un lugar excesivamente conocido. Ni siquiera, aseguran muchos, entre los propios extreme\u00f1os. Sin embargo, <strong>este capricho geol\u00f3gico no se ha escapado de la atenci\u00f3n de los publicistas<\/strong>. Sobre todo, del mundo del motor.<\/p>\n\n\n\n<p>En 2022 fue escogido por la marca francesa Peugeot como escenario para el anuncio del modelo 308 Hybrid, algo que ya hab\u00eda hecho dos a\u00f1os antes la conocid\u00edsima Porsche para presentar un nuevo Panamera. <\/p>\n\n\n\n<p>Como ves, las maravillas geol\u00f3gicas parecen reproducirse a lo ancho y largo de la geograf\u00eda espa\u00f1ola y ER est\u00e1 encantada de mostr\u00e1rtelas. \u00bfQui\u00e9n sabe si acabar\u00e1 siendo el destino de tu pr\u00f3xima escapada?<\/p>\n\n\n\n<script type=\"didomi\/html\" data-vendor=\"youtube\"><div class=\"er-container\">\n                            <iframe class=\"responsive-iframe\" src=\"https:\/\/www.youtube.com\/embed\/QwCjceMNHx4\"><\/iframe>\n                          <\/div>\n                          <style>\n                          .er-container {\n                            position: relative;\n                            overflow: hidden;\n                            width: 100%;\n                            padding-top: 56.25%; \/* 16:9 Aspect Ratio (divide 9 by 16 = 0.5625) *\/\n                          }\n\n                          .er-container iframe {\n                            position: absolute;\n                            top: 0;\n                            left: 0;\n                            bottom: 0;\n                            right: 0;\n                            width: 100%;\n                            height: 100%;\n                          }\n                          <\/style><\/script>\n","protected":false},"excerpt":{"rendered":"<p>ER te invita a descubrir el Cerro de Masatrigo, un cono natural de dimensiones perfectas considerado una monta\u00f1a m\u00e1gica. \u00bfQuieres saber por qu\u00e9?<\/p>\n","protected":false},"author":156,"featured_media":196844,"comment_status":"open","ping_status":"open","sticky":false,"template":"","format":"standard","meta":{"_acf_changed":false,"om_disable_all_campaigns":false,"footnotes":""},"categories":[191],"tags":[539,6200,243,2122,6087],"class_list":["post-195946","post","type-post","status-publish","format-standard","has-post-thumbnail","hentry","category-destinos","tag-que-ver-en-badajoz","tag-esparragosa-de-lares","tag-que-ver-en-extremadura","tag-monumento-natural","tag-senderismo"],"acf":[],"featured_image_src":"https:\/\/www.escapadarural.com\/blog\/wp-content\/uploads\/2025\/03\/adobestock_723277119_WP_01.webp","author_info":{"display_name":"Ver\u00f3nica G\u00f3mez","author_link":"https:\/\/www.escapadarural.com\/blog\/autor\/veronica-gomez\/"},"yoast_head":"<!-- This site is optimized with the Yoast SEO plugin v27.5 - https:\/\/yoast.com\/product\/yoast-seo-wordpress\/ -->\n<title>La monta\u00f1a que pintabas de peque\u00f1o est\u00e1 en Extremadura<\/title>\n<meta name=\"description\" content=\"ER te invita a descubrir el Cerro de Masatrigo, un cono natural de dimensiones perfectas considerado una monta\u00f1a m\u00e1gica.\" \/>\n<meta name=\"robots\" content=\"index, follow, max-snippet:-1, max-image-preview:large, max-video-preview:-1\" \/>\n<link rel=\"canonical\" href=\"https:\/\/www.escapadarural.com\/blog\/la-montana-que-pintabas-de-pequeno-esta-en-extremadura\/\" \/>\n<meta property=\"og:locale\" content=\"es_ES\" \/>\n<meta property=\"og:type\" content=\"article\" \/>\n<meta property=\"og:title\" content=\"La monta\u00f1a que pintabas de peque\u00f1o est\u00e1 en Extremadura\" \/>\n<meta property=\"og:description\" content=\"ER te invita a descubrir el Cerro de Masatrigo, un cono natural de dimensiones perfectas considerado una monta\u00f1a m\u00e1gica.\" \/>\n<meta property=\"og:url\" content=\"https:\/\/www.escapadarural.com\/blog\/la-montana-que-pintabas-de-pequeno-esta-en-extremadura\/\" \/>\n<meta property=\"og:site_name\" content=\"Magazine de viajes de EscapadaRural\" \/>\n<meta property=\"article:publisher\" content=\"https:\/\/www.facebook.com\/escapadarural\" \/>\n<meta property=\"article:published_time\" content=\"2025-03-17T06:00:00+00:00\" \/>\n<meta property=\"og:image\" content=\"https:\/\/app.escapadarural.com\/blog\/wp-content\/uploads\/2025\/03\/adobestock_723277119_WP_01.webp\" \/>\n\t<meta property=\"og:image:width\" content=\"1024\" \/>\n\t<meta property=\"og:image:height\" content=\"767\" \/>\n\t<meta property=\"og:image:type\" content=\"image\/webp\" \/>\n<meta name=\"author\" content=\"Ver\u00f3nica G\u00f3mez\" \/>\n<meta name=\"twitter:card\" content=\"summary_large_image\" \/>\n<meta name=\"twitter:label1\" content=\"Escrito por\" \/>\n\t<meta name=\"twitter:data1\" content=\"Ver\u00f3nica G\u00f3mez\" \/>\n\t<meta name=\"twitter:label2\" content=\"Tiempo de lectura\" \/>\n\t<meta name=\"twitter:data2\" content=\"6 minutos\" \/>\n<script type=\"application\/ld+json\" class=\"yoast-schema-graph\">{\"@context\":\"https:\\\/\\\/schema.org\",\"@graph\":[{\"@type\":\"Article\",\"@id\":\"https:\\\/\\\/www.escapadarural.com\\\/blog\\\/la-montana-que-pintabas-de-pequeno-esta-en-extremadura\\\/#article\",\"isPartOf\":{\"@id\":\"https:\\\/\\\/www.escapadarural.com\\\/blog\\\/la-montana-que-pintabas-de-pequeno-esta-en-extremadura\\\/\"},\"author\":{\"name\":\"Ver\u00f3nica G\u00f3mez\",\"@id\":\"https:\\\/\\\/www.escapadarural.com\\\/blog\\\/#\\\/schema\\\/person\\\/4140cb320c90a6ca94d284d6884f5b4e\"},\"headline\":\"La monta\u00f1a que pintabas de peque\u00f1o est\u00e1 en Extremadura\",\"datePublished\":\"2025-03-17T06:00:00+00:00\",\"mainEntityOfPage\":{\"@id\":\"https:\\\/\\\/www.escapadarural.com\\\/blog\\\/la-montana-que-pintabas-de-pequeno-esta-en-extremadura\\\/\"},\"wordCount\":1019,\"commentCount\":0,\"publisher\":{\"@id\":\"https:\\\/\\\/www.escapadarural.com\\\/blog\\\/#organization\"},\"image\":{\"@id\":\"https:\\\/\\\/www.escapadarural.com\\\/blog\\\/la-montana-que-pintabas-de-pequeno-esta-en-extremadura\\\/#primaryimage\"},\"thumbnailUrl\":\"https:\\\/\\\/www.escapadarural.com\\\/blog\\\/wp-content\\\/uploads\\\/2025\\\/03\\\/adobestock_723277119_WP_01.webp\",\"keywords\":[\"Badajoz\",\"Esparragosa de Lares\",\"Extremadura\",\"Monumento Natural\",\"senderismo\"],\"articleSection\":[\"Destinos\"],\"inLanguage\":\"es\",\"potentialAction\":[{\"@type\":\"CommentAction\",\"name\":\"Comment\",\"target\":[\"https:\\\/\\\/www.escapadarural.com\\\/blog\\\/la-montana-que-pintabas-de-pequeno-esta-en-extremadura\\\/#respond\"]}]},{\"@type\":\"WebPage\",\"@id\":\"https:\\\/\\\/www.escapadarural.com\\\/blog\\\/la-montana-que-pintabas-de-pequeno-esta-en-extremadura\\\/\",\"url\":\"https:\\\/\\\/www.escapadarural.com\\\/blog\\\/la-montana-que-pintabas-de-pequeno-esta-en-extremadura\\\/\",\"name\":\"La monta\u00f1a que pintabas de peque\u00f1o est\u00e1 en Extremadura\",\"isPartOf\":{\"@id\":\"https:\\\/\\\/www.escapadarural.com\\\/blog\\\/#website\"},\"primaryImageOfPage\":{\"@id\":\"https:\\\/\\\/www.escapadarural.com\\\/blog\\\/la-montana-que-pintabas-de-pequeno-esta-en-extremadura\\\/#primaryimage\"},\"image\":{\"@id\":\"https:\\\/\\\/www.escapadarural.com\\\/blog\\\/la-montana-que-pintabas-de-pequeno-esta-en-extremadura\\\/#primaryimage\"},\"thumbnailUrl\":\"https:\\\/\\\/www.escapadarural.com\\\/blog\\\/wp-content\\\/uploads\\\/2025\\\/03\\\/adobestock_723277119_WP_01.webp\",\"datePublished\":\"2025-03-17T06:00:00+00:00\",\"description\":\"ER te invita a descubrir el Cerro de Masatrigo, un cono natural de dimensiones perfectas considerado una monta\u00f1a m\u00e1gica.\",\"breadcrumb\":{\"@id\":\"https:\\\/\\\/www.escapadarural.com\\\/blog\\\/la-montana-que-pintabas-de-pequeno-esta-en-extremadura\\\/#breadcrumb\"},\"inLanguage\":\"es\",\"potentialAction\":[{\"@type\":\"ReadAction\",\"target\":[\"https:\\\/\\\/www.escapadarural.com\\\/blog\\\/la-montana-que-pintabas-de-pequeno-esta-en-extremadura\\\/\"]}]},{\"@type\":\"ImageObject\",\"inLanguage\":\"es\",\"@id\":\"https:\\\/\\\/www.escapadarural.com\\\/blog\\\/la-montana-que-pintabas-de-pequeno-esta-en-extremadura\\\/#primaryimage\",\"url\":\"https:\\\/\\\/www.escapadarural.com\\\/blog\\\/wp-content\\\/uploads\\\/2025\\\/03\\\/adobestock_723277119_WP_01.webp\",\"contentUrl\":\"https:\\\/\\\/www.escapadarural.com\\\/blog\\\/wp-content\\\/uploads\\\/2025\\\/03\\\/adobestock_723277119_WP_01.webp\",\"width\":1024,\"height\":767,\"caption\":\"Masatrigo, en Badajoz (Extremadura). Por ZonaFreeDrone\"},{\"@type\":\"BreadcrumbList\",\"@id\":\"https:\\\/\\\/www.escapadarural.com\\\/blog\\\/la-montana-que-pintabas-de-pequeno-esta-en-extremadura\\\/#breadcrumb\",\"itemListElement\":[{\"@type\":\"ListItem\",\"position\":1,\"name\":\"Inicio\",\"item\":\"https:\\\/\\\/www.escapadarural.com\\\/blog\\\/\"},{\"@type\":\"ListItem\",\"position\":2,\"name\":\"Destinos\",\"item\":\"https:\\\/\\\/www.escapadarural.com\\\/blog\\\/categoria\\\/destinos\\\/\"},{\"@type\":\"ListItem\",\"position\":3,\"name\":\"La monta\u00f1a que pintabas de peque\u00f1o est\u00e1 en Extremadura\"}]},{\"@type\":\"WebSite\",\"@id\":\"https:\\\/\\\/www.escapadarural.com\\\/blog\\\/#website\",\"url\":\"https:\\\/\\\/www.escapadarural.com\\\/blog\\\/\",\"name\":\"Blog de viajes | turismo rural, alojamientos e inspiraci\u00f3n\",\"description\":\"Alojamientos rurales e inspiraci\u00f3n para tus escapadas\",\"publisher\":{\"@id\":\"https:\\\/\\\/www.escapadarural.com\\\/blog\\\/#organization\"},\"alternateName\":\"Magazine de viajes de EscapadaRural\",\"potentialAction\":[{\"@type\":\"SearchAction\",\"target\":{\"@type\":\"EntryPoint\",\"urlTemplate\":\"https:\\\/\\\/www.escapadarural.com\\\/blog\\\/?s={search_term_string}\"},\"query-input\":{\"@type\":\"PropertyValueSpecification\",\"valueRequired\":true,\"valueName\":\"search_term_string\"}}],\"inLanguage\":\"es\"},{\"@type\":\"Organization\",\"@id\":\"https:\\\/\\\/www.escapadarural.com\\\/blog\\\/#organization\",\"name\":\"EscapadaRural\",\"url\":\"https:\\\/\\\/www.escapadarural.com\\\/blog\\\/\",\"logo\":{\"@type\":\"ImageObject\",\"inLanguage\":\"es\",\"@id\":\"https:\\\/\\\/www.escapadarural.com\\\/blog\\\/#\\\/schema\\\/logo\\\/image\\\/\",\"url\":\"https:\\\/\\\/www.escapadarural.com\\\/blog\\\/wp-content\\\/uploads\\\/2024\\\/10\\\/cropped-cropped-escapada-rural-icon-mag-3.png\",\"contentUrl\":\"https:\\\/\\\/www.escapadarural.com\\\/blog\\\/wp-content\\\/uploads\\\/2024\\\/10\\\/cropped-cropped-escapada-rural-icon-mag-3.png\",\"width\":512,\"height\":512,\"caption\":\"EscapadaRural\"},\"image\":{\"@id\":\"https:\\\/\\\/www.escapadarural.com\\\/blog\\\/#\\\/schema\\\/logo\\\/image\\\/\"},\"sameAs\":[\"https:\\\/\\\/www.facebook.com\\\/escapadarural\",\"https:\\\/\\\/www.instagram.com\\\/escapadarural\\\/\",\"https:\\\/\\\/www.youtube.com\\\/@escapadaruralcom\"]},{\"@type\":\"Person\",\"@id\":\"https:\\\/\\\/www.escapadarural.com\\\/blog\\\/#\\\/schema\\\/person\\\/4140cb320c90a6ca94d284d6884f5b4e\",\"name\":\"Ver\u00f3nica G\u00f3mez\",\"image\":{\"@type\":\"ImageObject\",\"inLanguage\":\"es\",\"@id\":\"https:\\\/\\\/secure.gravatar.com\\\/avatar\\\/a14c3f7acd3c2787ced9245c8239291aa98d78e70607ab29f4388e265c55669f?s=96&d=mm&r=g\",\"url\":\"https:\\\/\\\/secure.gravatar.com\\\/avatar\\\/a14c3f7acd3c2787ced9245c8239291aa98d78e70607ab29f4388e265c55669f?s=96&d=mm&r=g\",\"contentUrl\":\"https:\\\/\\\/secure.gravatar.com\\\/avatar\\\/a14c3f7acd3c2787ced9245c8239291aa98d78e70607ab29f4388e265c55669f?s=96&d=mm&r=g\",\"caption\":\"Ver\u00f3nica G\u00f3mez\"},\"description\":\"Periodista, madre de Hugo y Enzo a tiempo completo e investigadora incansable, dir\u00eda que hasta cuando duermo. Antes en Cr\u00f3nica Global, El Liberal y El Mundo Catalunya\",\"url\":\"https:\\\/\\\/www.escapadarural.com\\\/blog\\\/autor\\\/veronica-gomez\\\/\"}]}<\/script>\n<!-- \/ Yoast SEO plugin. -->","yoast_head_json":{"title":"La monta\u00f1a que pintabas de peque\u00f1o est\u00e1 en Extremadura","description":"ER te invita a descubrir el Cerro de Masatrigo, un cono natural de dimensiones perfectas considerado una monta\u00f1a m\u00e1gica.","robots":{"index":"index","follow":"follow","max-snippet":"max-snippet:-1","max-image-preview":"max-image-preview:large","max-video-preview":"max-video-preview:-1"},"canonical":"https:\/\/www.escapadarural.com\/blog\/la-montana-que-pintabas-de-pequeno-esta-en-extremadura\/","og_locale":"es_ES","og_type":"article","og_title":"La monta\u00f1a que pintabas de peque\u00f1o est\u00e1 en Extremadura","og_description":"ER te invita a descubrir el Cerro de Masatrigo, un cono natural de dimensiones perfectas considerado una monta\u00f1a m\u00e1gica.","og_url":"https:\/\/www.escapadarural.com\/blog\/la-montana-que-pintabas-de-pequeno-esta-en-extremadura\/","og_site_name":"Magazine de viajes de EscapadaRural","article_publisher":"https:\/\/www.facebook.com\/escapadarural","article_published_time":"2025-03-17T06:00:00+00:00","og_image":[{"width":1024,"height":767,"url":"https:\/\/app.escapadarural.com\/blog\/wp-content\/uploads\/2025\/03\/adobestock_723277119_WP_01.webp","type":"image\/webp"}],"author":"Ver\u00f3nica G\u00f3mez","twitter_card":"summary_large_image","twitter_misc":{"Escrito por":"Ver\u00f3nica G\u00f3mez","Tiempo de lectura":"6 minutos"},"schema":{"@context":"https:\/\/schema.org","@graph":[{"@type":"Article","@id":"https:\/\/www.escapadarural.com\/blog\/la-montana-que-pintabas-de-pequeno-esta-en-extremadura\/#article","isPartOf":{"@id":"https:\/\/www.escapadarural.com\/blog\/la-montana-que-pintabas-de-pequeno-esta-en-extremadura\/"},"author":{"name":"Ver\u00f3nica G\u00f3mez","@id":"https:\/\/www.escapadarural.com\/blog\/#\/schema\/person\/4140cb320c90a6ca94d284d6884f5b4e"},"headline":"La monta\u00f1a que pintabas de peque\u00f1o est\u00e1 en Extremadura","datePublished":"2025-03-17T06:00:00+00:00","mainEntityOfPage":{"@id":"https:\/\/www.escapadarural.com\/blog\/la-montana-que-pintabas-de-pequeno-esta-en-extremadura\/"},"wordCount":1019,"commentCount":0,"publisher":{"@id":"https:\/\/www.escapadarural.com\/blog\/#organization"},"image":{"@id":"https:\/\/www.escapadarural.com\/blog\/la-montana-que-pintabas-de-pequeno-esta-en-extremadura\/#primaryimage"},"thumbnailUrl":"https:\/\/www.escapadarural.com\/blog\/wp-content\/uploads\/2025\/03\/adobestock_723277119_WP_01.webp","keywords":["Badajoz","Esparragosa de Lares","Extremadura","Monumento Natural","senderismo"],"articleSection":["Destinos"],"inLanguage":"es","potentialAction":[{"@type":"CommentAction","name":"Comment","target":["https:\/\/www.escapadarural.com\/blog\/la-montana-que-pintabas-de-pequeno-esta-en-extremadura\/#respond"]}]},{"@type":"WebPage","@id":"https:\/\/www.escapadarural.com\/blog\/la-montana-que-pintabas-de-pequeno-esta-en-extremadura\/","url":"https:\/\/www.escapadarural.com\/blog\/la-montana-que-pintabas-de-pequeno-esta-en-extremadura\/","name":"La monta\u00f1a que pintabas de peque\u00f1o est\u00e1 en Extremadura","isPartOf":{"@id":"https:\/\/www.escapadarural.com\/blog\/#website"},"primaryImageOfPage":{"@id":"https:\/\/www.escapadarural.com\/blog\/la-montana-que-pintabas-de-pequeno-esta-en-extremadura\/#primaryimage"},"image":{"@id":"https:\/\/www.escapadarural.com\/blog\/la-montana-que-pintabas-de-pequeno-esta-en-extremadura\/#primaryimage"},"thumbnailUrl":"https:\/\/www.escapadarural.com\/blog\/wp-content\/uploads\/2025\/03\/adobestock_723277119_WP_01.webp","datePublished":"2025-03-17T06:00:00+00:00","description":"ER te invita a descubrir el Cerro de Masatrigo, un cono natural de dimensiones perfectas considerado una monta\u00f1a m\u00e1gica.","breadcrumb":{"@id":"https:\/\/www.escapadarural.com\/blog\/la-montana-que-pintabas-de-pequeno-esta-en-extremadura\/#breadcrumb"},"inLanguage":"es","potentialAction":[{"@type":"ReadAction","target":["https:\/\/www.escapadarural.com\/blog\/la-montana-que-pintabas-de-pequeno-esta-en-extremadura\/"]}]},{"@type":"ImageObject","inLanguage":"es","@id":"https:\/\/www.escapadarural.com\/blog\/la-montana-que-pintabas-de-pequeno-esta-en-extremadura\/#primaryimage","url":"https:\/\/www.escapadarural.com\/blog\/wp-content\/uploads\/2025\/03\/adobestock_723277119_WP_01.webp","contentUrl":"https:\/\/www.escapadarural.com\/blog\/wp-content\/uploads\/2025\/03\/adobestock_723277119_WP_01.webp","width":1024,"height":767,"caption":"Masatrigo, en Badajoz (Extremadura). Por ZonaFreeDrone"},{"@type":"BreadcrumbList","@id":"https:\/\/www.escapadarural.com\/blog\/la-montana-que-pintabas-de-pequeno-esta-en-extremadura\/#breadcrumb","itemListElement":[{"@type":"ListItem","position":1,"name":"Inicio","item":"https:\/\/www.escapadarural.com\/blog\/"},{"@type":"ListItem","position":2,"name":"Destinos","item":"https:\/\/www.escapadarural.com\/blog\/categoria\/destinos\/"},{"@type":"ListItem","position":3,"name":"La monta\u00f1a que pintabas de peque\u00f1o est\u00e1 en Extremadura"}]},{"@type":"WebSite","@id":"https:\/\/www.escapadarural.com\/blog\/#website","url":"https:\/\/www.escapadarural.com\/blog\/","name":"Blog de viajes | turismo rural, alojamientos e inspiraci\u00f3n","description":"Alojamientos rurales e inspiraci\u00f3n para tus escapadas","publisher":{"@id":"https:\/\/www.escapadarural.com\/blog\/#organization"},"alternateName":"Magazine de viajes de EscapadaRural","potentialAction":[{"@type":"SearchAction","target":{"@type":"EntryPoint","urlTemplate":"https:\/\/www.escapadarural.com\/blog\/?s={search_term_string}"},"query-input":{"@type":"PropertyValueSpecification","valueRequired":true,"valueName":"search_term_string"}}],"inLanguage":"es"},{"@type":"Organization","@id":"https:\/\/www.escapadarural.com\/blog\/#organization","name":"EscapadaRural","url":"https:\/\/www.escapadarural.com\/blog\/","logo":{"@type":"ImageObject","inLanguage":"es","@id":"https:\/\/www.escapadarural.com\/blog\/#\/schema\/logo\/image\/","url":"https:\/\/www.escapadarural.com\/blog\/wp-content\/uploads\/2024\/10\/cropped-cropped-escapada-rural-icon-mag-3.png","contentUrl":"https:\/\/www.escapadarural.com\/blog\/wp-content\/uploads\/2024\/10\/cropped-cropped-escapada-rural-icon-mag-3.png","width":512,"height":512,"caption":"EscapadaRural"},"image":{"@id":"https:\/\/www.escapadarural.com\/blog\/#\/schema\/logo\/image\/"},"sameAs":["https:\/\/www.facebook.com\/escapadarural","https:\/\/www.instagram.com\/escapadarural\/","https:\/\/www.youtube.com\/@escapadaruralcom"]},{"@type":"Person","@id":"https:\/\/www.escapadarural.com\/blog\/#\/schema\/person\/4140cb320c90a6ca94d284d6884f5b4e","name":"Ver\u00f3nica G\u00f3mez","image":{"@type":"ImageObject","inLanguage":"es","@id":"https:\/\/secure.gravatar.com\/avatar\/a14c3f7acd3c2787ced9245c8239291aa98d78e70607ab29f4388e265c55669f?s=96&d=mm&r=g","url":"https:\/\/secure.gravatar.com\/avatar\/a14c3f7acd3c2787ced9245c8239291aa98d78e70607ab29f4388e265c55669f?s=96&d=mm&r=g","contentUrl":"https:\/\/secure.gravatar.com\/avatar\/a14c3f7acd3c2787ced9245c8239291aa98d78e70607ab29f4388e265c55669f?s=96&d=mm&r=g","caption":"Ver\u00f3nica G\u00f3mez"},"description":"Periodista, madre de Hugo y Enzo a tiempo completo e investigadora incansable, dir\u00eda que hasta cuando duermo. Antes en Cr\u00f3nica Global, El Liberal y El Mundo Catalunya","url":"https:\/\/www.escapadarural.com\/blog\/autor\/veronica-gomez\/"}]}},"_links":{"self":[{"href":"https:\/\/www.escapadarural.com\/blog\/wp-json\/wp\/v2\/posts\/195946","targetHints":{"allow":["GET"]}}],"collection":[{"href":"https:\/\/www.escapadarural.com\/blog\/wp-json\/wp\/v2\/posts"}],"about":[{"href":"https:\/\/www.escapadarural.com\/blog\/wp-json\/wp\/v2\/types\/post"}],"author":[{"embeddable":true,"href":"https:\/\/www.escapadarural.com\/blog\/wp-json\/wp\/v2\/users\/156"}],"replies":[{"embeddable":true,"href":"https:\/\/www.escapadarural.com\/blog\/wp-json\/wp\/v2\/comments?post=195946"}],"version-history":[{"count":0,"href":"https:\/\/www.escapadarural.com\/blog\/wp-json\/wp\/v2\/posts\/195946\/revisions"}],"wp:featuredmedia":[{"embeddable":true,"href":"https:\/\/www.escapadarural.com\/blog\/wp-json\/wp\/v2\/media\/196844"}],"wp:attachment":[{"href":"https:\/\/www.escapadarural.com\/blog\/wp-json\/wp\/v2\/media?parent=195946"}],"wp:term":[{"taxonomy":"category","embeddable":true,"href":"https:\/\/www.escapadarural.com\/blog\/wp-json\/wp\/v2\/categories?post=195946"},{"taxonomy":"post_tag","embeddable":true,"href":"https:\/\/www.escapadarural.com\/blog\/wp-json\/wp\/v2\/tags?post=195946"}],"curies":[{"name":"wp","href":"https:\/\/api.w.org\/{rel}","templated":true}]}}