{"id":197066,"date":"2025-03-20T08:00:00","date_gmt":"2025-03-20T06:00:00","guid":{"rendered":"https:\/\/www.escapadarural.com\/blog\/?p=197066"},"modified":"2025-03-20T11:43:24","modified_gmt":"2025-03-20T09:43:24","slug":"el-increible-patrimonio-subterraneo-de-requena","status":"publish","type":"post","link":"https:\/\/www.escapadarural.com\/blog\/el-increible-patrimonio-subterraneo-de-requena\/","title":{"rendered":"El incre\u00edble patrimonio subterr\u00e1neo de Requena"},"content":{"rendered":"\n<figure class=\"wp-block-image size-full\"><img loading=\"lazy\" decoding=\"async\" width=\"1024\" height=\"683\" src=\"https:\/\/www.escapadarural.com\/blog\/wp-content\/uploads\/2025\/03\/01_CuevasRequena_cueva1_TurismoRequena_WP01.webp\" alt=\"Cuevas de la Villa, en Requena (Valencia).\" class=\"wp-image-197162\" srcset=\"https:\/\/www.escapadarural.com\/blog\/wp-content\/uploads\/2025\/03\/01_CuevasRequena_cueva1_TurismoRequena_WP01-200x133.webp 200w, https:\/\/www.escapadarural.com\/blog\/wp-content\/uploads\/2025\/03\/01_CuevasRequena_cueva1_TurismoRequena_WP01-300x200.webp 300w, https:\/\/www.escapadarural.com\/blog\/wp-content\/uploads\/2025\/03\/01_CuevasRequena_cueva1_TurismoRequena_WP01-400x267.webp 400w, https:\/\/www.escapadarural.com\/blog\/wp-content\/uploads\/2025\/03\/01_CuevasRequena_cueva1_TurismoRequena_WP01-600x400.webp 600w, https:\/\/www.escapadarural.com\/blog\/wp-content\/uploads\/2025\/03\/01_CuevasRequena_cueva1_TurismoRequena_WP01-768x512.webp 768w, https:\/\/www.escapadarural.com\/blog\/wp-content\/uploads\/2025\/03\/01_CuevasRequena_cueva1_TurismoRequena_WP01-800x534.webp 800w, https:\/\/www.escapadarural.com\/blog\/wp-content\/uploads\/2025\/03\/01_CuevasRequena_cueva1_TurismoRequena_WP01.webp 1024w\" sizes=\"auto, (max-width: 1024px) 100vw, 1024px\" \/><figcaption class=\"wp-element-caption\">Cuevas de la Villa, en Requena (Valencia). Por TurismoRequena.<\/figcaption><\/figure>\n\n\n\n<p>Conocido es que la <strong>villa de Requena<\/strong>, en el interior de la provincia de Valencia, posee un gran patrimonio hist\u00f3rico, cultural, natural y vin\u00edcola. Callejeando por el recinto medieval del barrio de La Villa descubriremos muchos rincones con encanto y aut\u00e9nticas joyas arquitect\u00f3nicas. Fortalezas, alcazabas, torres, templos y otras construcciones legadas por las diferentes civilizaciones que han habitado Requena a lo largo de los siglos: <strong>\u00edberos, romanos, musulmanes y cristianos<\/strong>.<\/p>\n\n\n\n<p>En EscapadaRural, sin embargo, hemos querido ir un paso m\u00e1s all\u00e1 y mostrarte<strong> la cara oculta de Requena<\/strong>, la que no se puede apreciar a simple vista. Y es que esta sorprendente villa, capital de la <a href=\"\/casas-rurales\/requena-utiel\">comarca de Requena-Utiel<\/a>, posee un patrimonio subterr\u00e1neo incre\u00edble. Las cuevas de la Villa, los t\u00faneles de Requena, la iglesia de San Nicol\u00e1s y los yacimientos ib\u00e9ricos de Las Pilillas y la Muela de Arriba componen este <strong>conjunto monumental y arqueol\u00f3gico<\/strong> que bien merecen nuestra visita.<\/p>\n\n\n\n<div class=\"wp-block-buttons is-layout-flex wp-block-buttons-is-layout-flex\">\n<div class=\"wp-block-button\"><a class=\"wp-block-button__link wp-element-button\" href=\"\/casas-rurales\/requena\">Alojamientos rurales en Requena<\/a><\/div>\n<\/div>\n\n\n\n<h2 class=\"wp-block-heading\" id=\"h-las-cuevas-de-la-villa\"><strong>Las cuevas de la Villa<\/strong><\/h2>\n\n\n\n<figure class=\"wp-block-image size-full\"><img loading=\"lazy\" decoding=\"async\" width=\"1024\" height=\"446\" src=\"https:\/\/www.escapadarural.com\/blog\/wp-content\/uploads\/2025\/03\/06_CuevasRequena_cueva6_TurismoRequena_WP06.webp\" alt=\"Cuevas de la Villa, en Requena (Valencia).\" class=\"wp-image-197163\" srcset=\"https:\/\/www.escapadarural.com\/blog\/wp-content\/uploads\/2025\/03\/06_CuevasRequena_cueva6_TurismoRequena_WP06-200x87.webp 200w, https:\/\/www.escapadarural.com\/blog\/wp-content\/uploads\/2025\/03\/06_CuevasRequena_cueva6_TurismoRequena_WP06-300x131.webp 300w, https:\/\/www.escapadarural.com\/blog\/wp-content\/uploads\/2025\/03\/06_CuevasRequena_cueva6_TurismoRequena_WP06-400x174.webp 400w, https:\/\/www.escapadarural.com\/blog\/wp-content\/uploads\/2025\/03\/06_CuevasRequena_cueva6_TurismoRequena_WP06-600x261.webp 600w, https:\/\/www.escapadarural.com\/blog\/wp-content\/uploads\/2025\/03\/06_CuevasRequena_cueva6_TurismoRequena_WP06-768x335.webp 768w, https:\/\/www.escapadarural.com\/blog\/wp-content\/uploads\/2025\/03\/06_CuevasRequena_cueva6_TurismoRequena_WP06-800x348.webp 800w, https:\/\/www.escapadarural.com\/blog\/wp-content\/uploads\/2025\/03\/06_CuevasRequena_cueva6_TurismoRequena_WP06.webp 1024w\" sizes=\"auto, (max-width: 1024px) 100vw, 1024px\" \/><figcaption class=\"wp-element-caption\">Cuevas de la Villa, en Requena (Valencia). Por TurismoRequena.<\/figcaption><\/figure>\n\n\n\n<p>Las <a href=\"https:\/\/www.turismorequena.es\/sites\/www.turismorequena.es\/files\/Cueva%20Villa.pdf\" target=\"_blank\" rel=\"noreferrer noopener nofollow\">cuevas de la Villa<\/a> son uno de los atractivos tur\u00edsticos m\u00e1s potentes de Requena. El conjunto lo forman <strong>una veintena de cavidades subterr\u00e1neas<\/strong> con siglos de antig\u00fcedad, que se sit\u00faan bajo el suelo de la plaza de La Villa o de Albornoz, en el coraz\u00f3n del casco hist\u00f3rico. Son de origen musulm\u00e1n. Las <a href=\"\/blog\/tag\/cuevas\/\">cuevas<\/a>, completamente restauradas y visitables, nos ense\u00f1an c\u00f3mo ha sido la vida en Requena a lo largo de los siglos.<\/p>\n\n\n\n<p>Es dif\u00edcil situar en el tiempo el origen de las cuevas de la Villa. S\u00ed se sabe que, ya desde la \u00e9poca musulmana de Requena, en los <strong>siglos XII-XIII<\/strong>, la mayor\u00eda de las construcciones del recinto fortificado de la villa, tanto las casas como los edificios p\u00fablicos, contaban con un espacio subterr\u00e1neo al que se le daban diversos usos: bodega, despensa, silo, refugio\u2026<\/p>\n\n\n\n<h3 class=\"wp-block-heading\" id=\"h-como-se-construyeron-las-cuevas-de-la-villa\"><strong>C\u00f3mo se construyeron las cuevas de la Villa<\/strong><\/h3>\n\n\n\n<figure class=\"wp-block-image size-full\"><img loading=\"lazy\" decoding=\"async\" width=\"1024\" height=\"683\" src=\"https:\/\/www.escapadarural.com\/blog\/wp-content\/uploads\/2025\/03\/05_CuevasRequena_cueva5_TurismoRequena_WP05.webp\" alt=\"Cuevas de la Villa, en Requena (Valencia).\" class=\"wp-image-197164\" srcset=\"https:\/\/www.escapadarural.com\/blog\/wp-content\/uploads\/2025\/03\/05_CuevasRequena_cueva5_TurismoRequena_WP05-200x133.webp 200w, https:\/\/www.escapadarural.com\/blog\/wp-content\/uploads\/2025\/03\/05_CuevasRequena_cueva5_TurismoRequena_WP05-300x200.webp 300w, https:\/\/www.escapadarural.com\/blog\/wp-content\/uploads\/2025\/03\/05_CuevasRequena_cueva5_TurismoRequena_WP05-400x267.webp 400w, https:\/\/www.escapadarural.com\/blog\/wp-content\/uploads\/2025\/03\/05_CuevasRequena_cueva5_TurismoRequena_WP05-600x400.webp 600w, https:\/\/www.escapadarural.com\/blog\/wp-content\/uploads\/2025\/03\/05_CuevasRequena_cueva5_TurismoRequena_WP05-768x512.webp 768w, https:\/\/www.escapadarural.com\/blog\/wp-content\/uploads\/2025\/03\/05_CuevasRequena_cueva5_TurismoRequena_WP05-800x534.webp 800w, https:\/\/www.escapadarural.com\/blog\/wp-content\/uploads\/2025\/03\/05_CuevasRequena_cueva5_TurismoRequena_WP05.webp 1024w\" sizes=\"auto, (max-width: 1024px) 100vw, 1024px\" \/><figcaption class=\"wp-element-caption\">Cuevas de la Villa, en Requena (Valencia). Por TurismoRequena.<\/figcaption><\/figure>\n\n\n\n<p>La <strong>excavaci\u00f3n de las cuevas<\/strong> en Requena se ve\u00eda facilitada por la composici\u00f3n del terreno, ya que el barrio de La Villa se asienta sobre roca caliza y arcilla, f\u00e1cil de horadar. Este material se sol\u00eda utilizar despu\u00e9s en la construcci\u00f3n de las propias viviendas. As\u00ed, las cavidades subterr\u00e1neas de Requena comenzaron a proliferar.<\/p>\n\n\n\n<p>Las cuevas que hoy se pueden visitar corresponden a los edificios que anteriormente se levantaban en el terreno que ocupa la plaza. Estos fueron derribados en el siglo XVII, cuando Requena decidi\u00f3 seguir la moda castellana y dotarse de <strong>una plaza Mayor<\/strong> donde celebrar actos p\u00fablicos, como el mercado o las corridas de toros. Para obtener espacio para la plaza, se derribaron varias manzanas y las cuevas se rellenaron con escombros. Pero estas cuevas permanecieron all\u00ed, esperando a ser desenterradas alg\u00fan d\u00eda.<\/p>\n\n\n\n<h3 class=\"wp-block-heading\" id=\"h-el-descubrimiento-de-un-gran-patrimonio-subterraneo\"><strong>El descubrimiento de un gran patrimonio subterr\u00e1neo<\/strong><\/h3>\n\n\n\n<figure class=\"wp-block-image size-full\"><img loading=\"lazy\" decoding=\"async\" width=\"1024\" height=\"683\" src=\"https:\/\/www.escapadarural.com\/blog\/wp-content\/uploads\/2025\/03\/04_CuevasRequena_cueva4_TurismoRequena_WP04.webp\" alt=\"Cuevas de la Villa, en Requena (Valencia).\" class=\"wp-image-197165\" srcset=\"https:\/\/www.escapadarural.com\/blog\/wp-content\/uploads\/2025\/03\/04_CuevasRequena_cueva4_TurismoRequena_WP04-200x133.webp 200w, https:\/\/www.escapadarural.com\/blog\/wp-content\/uploads\/2025\/03\/04_CuevasRequena_cueva4_TurismoRequena_WP04-300x200.webp 300w, https:\/\/www.escapadarural.com\/blog\/wp-content\/uploads\/2025\/03\/04_CuevasRequena_cueva4_TurismoRequena_WP04-400x267.webp 400w, https:\/\/www.escapadarural.com\/blog\/wp-content\/uploads\/2025\/03\/04_CuevasRequena_cueva4_TurismoRequena_WP04-600x400.webp 600w, https:\/\/www.escapadarural.com\/blog\/wp-content\/uploads\/2025\/03\/04_CuevasRequena_cueva4_TurismoRequena_WP04-768x512.webp 768w, https:\/\/www.escapadarural.com\/blog\/wp-content\/uploads\/2025\/03\/04_CuevasRequena_cueva4_TurismoRequena_WP04-800x534.webp 800w, https:\/\/www.escapadarural.com\/blog\/wp-content\/uploads\/2025\/03\/04_CuevasRequena_cueva4_TurismoRequena_WP04.webp 1024w\" sizes=\"auto, (max-width: 1024px) 100vw, 1024px\" \/><figcaption class=\"wp-element-caption\">Cuevas de la Villa, en Requena (Valencia). Por TurismoRequena.<\/figcaption><\/figure>\n\n\n\n<p>Tuvieron que pasar casi tres siglos, ya que no fue hasta <strong>los a\u00f1os setenta del siglo pasado<\/strong> cuando se descubri\u00f3 el conjunto de cavidades que componen las Cuevas de la Villa. Fue durante las obras para empedrar la plaza, cuando aparecieron diversos socavones que permitieron observar las cuevas.<\/p>\n\n\n\n<p>A partir de ah\u00ed, se inici\u00f3 un intenso trabajo de restauraci\u00f3n para recuperarlas y hacerlas visitables, por <strong>empe\u00f1o del constructor encargado de la obra, Antonio Monz\u00f3<\/strong>. Este, pese a las reticencias del ayuntamiento por la falta de presupuesto, decidi\u00f3 desescombrar las cuevas por completo y comunicarlas con t\u00faneles para dar forma al conjunto, respetando asimismo los elementos arqueol\u00f3gicos descubiertos en las excavaciones. Est\u00e1 claro que result\u00f3 todo un acierto.<\/p>\n\n\n\n<h3 class=\"wp-block-heading\" id=\"h-un-recorrido-mas-que-interesante\"><strong>Un recorrido m\u00e1s que interesante<\/strong><\/h3>\n\n\n\n<figure class=\"wp-block-image size-full\"><img loading=\"lazy\" decoding=\"async\" width=\"1024\" height=\"683\" src=\"https:\/\/www.escapadarural.com\/blog\/wp-content\/uploads\/2025\/03\/02_CuevasRequena_cueva2_TurismoRequena_WP02.webp\" alt=\"Cuevas de la Villa, en Requena (Valencia).\" class=\"wp-image-197166\" srcset=\"https:\/\/www.escapadarural.com\/blog\/wp-content\/uploads\/2025\/03\/02_CuevasRequena_cueva2_TurismoRequena_WP02-200x133.webp 200w, https:\/\/www.escapadarural.com\/blog\/wp-content\/uploads\/2025\/03\/02_CuevasRequena_cueva2_TurismoRequena_WP02-300x200.webp 300w, https:\/\/www.escapadarural.com\/blog\/wp-content\/uploads\/2025\/03\/02_CuevasRequena_cueva2_TurismoRequena_WP02-400x267.webp 400w, https:\/\/www.escapadarural.com\/blog\/wp-content\/uploads\/2025\/03\/02_CuevasRequena_cueva2_TurismoRequena_WP02-600x400.webp 600w, https:\/\/www.escapadarural.com\/blog\/wp-content\/uploads\/2025\/03\/02_CuevasRequena_cueva2_TurismoRequena_WP02-768x512.webp 768w, https:\/\/www.escapadarural.com\/blog\/wp-content\/uploads\/2025\/03\/02_CuevasRequena_cueva2_TurismoRequena_WP02-800x534.webp 800w, https:\/\/www.escapadarural.com\/blog\/wp-content\/uploads\/2025\/03\/02_CuevasRequena_cueva2_TurismoRequena_WP02.webp 1024w\" sizes=\"auto, (max-width: 1024px) 100vw, 1024px\" \/><figcaption class=\"wp-element-caption\">Cuevas de la Villa, en Requena (Valencia). Por TurismoRequena.<\/figcaption><\/figure>\n\n\n\n<p>El recorrido por las cuevas resulta sumamente interesante ya que, como dec\u00edamos anteriormente, permite <strong>sumergirse en la historia de Requena<\/strong>. El itinerario nos muestra distintos espacios como una gran sala central, un p\u00f3sito o almac\u00e9n subterr\u00e1neo de grano, antiguos pozos de suministro de agua u otras cuevas utilizadas como bodegas. Todav\u00eda se conservan las tinajas centenarias y otros utensilios para la elaboraci\u00f3n del vino.<\/p>\n\n\n\n<p>Algunas de las cuevas, incluso, fueron utilizadas como <strong>fosas comunes<\/strong>. En ellas se almacenaban los huesos que peri\u00f3dicamente deb\u00edan retirarse de las criptas y cementerios cuando estos se llenaban. Estas estaban situadas directamente bajo la iglesia del Salvador.<\/p>\n\n\n\n<h3 class=\"wp-block-heading\" id=\"h-como-visitar-y-cuanto-cuesta-la-entrada-a-las-cuevas-de-la-villa-de-requena\"><strong>C\u00f3mo visitar y cu\u00e1nto cuesta la entrada a las Cuevas de la Villa de Requena<\/strong><\/h3>\n\n\n\n<figure class=\"wp-block-image size-full\"><img loading=\"lazy\" decoding=\"async\" width=\"1024\" height=\"683\" src=\"https:\/\/www.escapadarural.com\/blog\/wp-content\/uploads\/2025\/03\/03_CuevasRequena_cueva3_TurismoRequena_WP03.webp\" alt=\"Cuevas de la Villa, en Requena (Valencia).\" class=\"wp-image-197167\" srcset=\"https:\/\/www.escapadarural.com\/blog\/wp-content\/uploads\/2025\/03\/03_CuevasRequena_cueva3_TurismoRequena_WP03-200x133.webp 200w, https:\/\/www.escapadarural.com\/blog\/wp-content\/uploads\/2025\/03\/03_CuevasRequena_cueva3_TurismoRequena_WP03-300x200.webp 300w, https:\/\/www.escapadarural.com\/blog\/wp-content\/uploads\/2025\/03\/03_CuevasRequena_cueva3_TurismoRequena_WP03-400x267.webp 400w, https:\/\/www.escapadarural.com\/blog\/wp-content\/uploads\/2025\/03\/03_CuevasRequena_cueva3_TurismoRequena_WP03-600x400.webp 600w, https:\/\/www.escapadarural.com\/blog\/wp-content\/uploads\/2025\/03\/03_CuevasRequena_cueva3_TurismoRequena_WP03-768x512.webp 768w, https:\/\/www.escapadarural.com\/blog\/wp-content\/uploads\/2025\/03\/03_CuevasRequena_cueva3_TurismoRequena_WP03-800x534.webp 800w, https:\/\/www.escapadarural.com\/blog\/wp-content\/uploads\/2025\/03\/03_CuevasRequena_cueva3_TurismoRequena_WP03.webp 1024w\" sizes=\"auto, (max-width: 1024px) 100vw, 1024px\" \/><figcaption class=\"wp-element-caption\">Cuevas de la Villa, en Requena (Valencia). Por TurismoRequena.<\/figcaption><\/figure>\n\n\n\n<p>La <a href=\"https:\/\/www.turismorequena.es\/es\/cuevas-villa\" target=\"_blank\" rel=\"noreferrer noopener nofollow\">entrada a las Cuevas de la Villa<\/a> est\u00e1 situada en la plaza de Albornoz, 6. Las cuevas abren al p\u00fablico de martes a jueves en horario matinal (10:30 a 14 horas), y los viernes, s\u00e1bados y domingos, tambi\u00e9n por la tarde (16 a 19 horas). <strong>Las entradas para el p\u00fablico general cuestan 4 euros<\/strong> y la visita se realiza con audiogu\u00eda.<\/p>\n\n\n\n<h2 class=\"wp-block-heading\" id=\"h-los-t-uneles-de-requena\"><strong>Los <\/strong>t<strong>\u00faneles de Requena<\/strong><\/h2>\n\n\n\n<p>Otro de los principales exponentes del patrimonio subterr\u00e1neo de Requena son sus t\u00faneles. Estos <strong>recorren el interior de la gran roca caliza de la villa<\/strong> y tienen su origen en la guerra de sucesi\u00f3n, a principios del siglo XVIII. Fueron construidos por los atacantes de Requena, los austracistas, como m\u00e9todo para completar el asedio a los habitantes de la villa, alineados con el bando borb\u00f3nico. Su intenci\u00f3n, una vez estuvieran terminados, era llenarlos de p\u00f3lvora para dinamitar el recinto amurallado. Pero los requenenses, en vista de su desfavorable situaci\u00f3n, decidieron capitular antes de ser masacrados.<\/p>\n\n\n\n<figure class=\"wp-block-image size-full\"><img loading=\"lazy\" decoding=\"async\" width=\"1024\" height=\"576\" src=\"https:\/\/www.escapadarural.com\/blog\/wp-content\/uploads\/2025\/03\/07_CuevasRequena_tuneles_TurismoRequena_WP07.webp\" alt=\"T\u00faneles de Requena (Valencia). \" class=\"wp-image-197169\" srcset=\"https:\/\/www.escapadarural.com\/blog\/wp-content\/uploads\/2025\/03\/07_CuevasRequena_tuneles_TurismoRequena_WP07-200x113.webp 200w, https:\/\/www.escapadarural.com\/blog\/wp-content\/uploads\/2025\/03\/07_CuevasRequena_tuneles_TurismoRequena_WP07-300x169.webp 300w, https:\/\/www.escapadarural.com\/blog\/wp-content\/uploads\/2025\/03\/07_CuevasRequena_tuneles_TurismoRequena_WP07-400x225.webp 400w, https:\/\/www.escapadarural.com\/blog\/wp-content\/uploads\/2025\/03\/07_CuevasRequena_tuneles_TurismoRequena_WP07-600x338.webp 600w, https:\/\/www.escapadarural.com\/blog\/wp-content\/uploads\/2025\/03\/07_CuevasRequena_tuneles_TurismoRequena_WP07-768x432.webp 768w, https:\/\/www.escapadarural.com\/blog\/wp-content\/uploads\/2025\/03\/07_CuevasRequena_tuneles_TurismoRequena_WP07-800x450.webp 800w, https:\/\/www.escapadarural.com\/blog\/wp-content\/uploads\/2025\/03\/07_CuevasRequena_tuneles_TurismoRequena_WP07.webp 1024w\" sizes=\"auto, (max-width: 1024px) 100vw, 1024px\" \/><figcaption class=\"wp-element-caption\">T\u00faneles de Requena (Valencia). Por TurismoRequena.<\/figcaption><\/figure>\n\n\n\n<p>Posteriormente, a lo largo de tres siglos de historia, los t\u00faneles de Requena han tenido diversos usos. Se utilizaron como <strong>v\u00eda de comunicaci\u00f3n<\/strong> interna, para lo que se les a\u00f1adieron varios ramales y galer\u00edas m\u00e1s. Tambi\u00e9n se acondicionaron como <strong>refugio antia\u00e9reo<\/strong> durante la Guerra Civil, aunque, por fortuna, no tuvieron que ser utilizados con este fin. M\u00e1s recientemente, uno de los t\u00faneles fue <strong>arrendado por el ayuntamiento a una champi\u00f1onera<\/strong>, ya que estas construcciones re\u00fanen las condiciones ideales para llevar adelante este tipo de cultivos. Fue su \u00faltimo uso conocido.<\/p>\n\n\n\n<p>Los t\u00faneles fueron <strong>acondicionados y reabiertos al p\u00fablico en 2016<\/strong>, como otra muestra del patrimonio subterr\u00e1neo hist\u00f3rico de la villa. Actualmente no se pueden visitar, ya que sufrieron algunos desprendimientos y se cerraron por precauci\u00f3n. No obstante, est\u00e1 previsto que vuelvan a abrir pr\u00f3ximamente. Se puede consultar la informaci\u00f3n actualizada en el siguiente <a href=\"https:\/\/www.turismorequena.es\/es\/tuneles\" target=\"_blank\">enlace<\/a>.<\/p>\n\n\n\n<h2 class=\"wp-block-heading\" id=\"h-la-cripta-de-la-iglesia-de-san-nicolas\"><strong>La cripta de la iglesia de San Nicol\u00e1s<\/strong><\/h2>\n\n\n\n<figure class=\"wp-block-image size-full\"><img loading=\"lazy\" decoding=\"async\" width=\"1024\" height=\"576\" src=\"https:\/\/www.escapadarural.com\/blog\/wp-content\/uploads\/2025\/03\/08_CuevasRequena_cripta_TurismoRequena_WP08.webp\" alt=\"Cripta de la iglesia de San Nicol\u00e1s, en Requena (Valencia).\" class=\"wp-image-197170\" srcset=\"https:\/\/www.escapadarural.com\/blog\/wp-content\/uploads\/2025\/03\/08_CuevasRequena_cripta_TurismoRequena_WP08-200x113.webp 200w, https:\/\/www.escapadarural.com\/blog\/wp-content\/uploads\/2025\/03\/08_CuevasRequena_cripta_TurismoRequena_WP08-300x169.webp 300w, https:\/\/www.escapadarural.com\/blog\/wp-content\/uploads\/2025\/03\/08_CuevasRequena_cripta_TurismoRequena_WP08-400x225.webp 400w, https:\/\/www.escapadarural.com\/blog\/wp-content\/uploads\/2025\/03\/08_CuevasRequena_cripta_TurismoRequena_WP08-600x338.webp 600w, https:\/\/www.escapadarural.com\/blog\/wp-content\/uploads\/2025\/03\/08_CuevasRequena_cripta_TurismoRequena_WP08-768x432.webp 768w, https:\/\/www.escapadarural.com\/blog\/wp-content\/uploads\/2025\/03\/08_CuevasRequena_cripta_TurismoRequena_WP08-800x450.webp 800w, https:\/\/www.escapadarural.com\/blog\/wp-content\/uploads\/2025\/03\/08_CuevasRequena_cripta_TurismoRequena_WP08.webp 1024w\" sizes=\"auto, (max-width: 1024px) 100vw, 1024px\" \/><figcaption class=\"wp-element-caption\">Cripta de la iglesia de San Nicol\u00e1s, en Requena (Valencia). Por TurismoRequena.<\/figcaption><\/figure>\n\n\n\n<p>La<strong> iglesia de San Nicol\u00e1s<\/strong> es otro monumento de Requena que reabri\u00f3 recientemente al p\u00fablico despu\u00e9s de a\u00f1os de abandono, en los que el edificio qued\u00f3 en un estado verdaderamente ruinoso. Se trata del <strong>templo m\u00e1s antiguo de la villa<\/strong>, ya que data de finales del siglo XIII. La <a href=\"https:\/\/www.turismorequena.es\/es\/iglesia-san-nicolas\" target=\"_blank\" rel=\"noreferrer noopener nofollow\">entrada para visitarlo cuesta dos euros<\/a> y es un espacio <strong>accesible <\/strong>para personas con movilidad reducida.<\/p>\n\n\n\n<p>Actualmente, tras un intenso trabajo de consolidaci\u00f3n y rehabilitaci\u00f3n, la iglesia de San Nicol\u00e1s vuelve a ser visitable. Durante el recorrido podremos apreciar elementos de distintos estilos arquitect\u00f3nicos como <strong>el renacentista, el g\u00f3tico o el barroco<\/strong>. Destacan restos de frescos, tumbas antropomorfas y una impresionante c\u00fapula. Respecto a su patrimonio subterr\u00e1neo, las criptas y osarios tambi\u00e9n se pueden visitar y resultan muy interesantes.&nbsp;<\/p>\n\n\n\n<figure class=\"wp-block-image size-full\"><img loading=\"lazy\" decoding=\"async\" width=\"1024\" height=\"686\" src=\"https:\/\/www.escapadarural.com\/blog\/wp-content\/uploads\/2025\/03\/09_CuevasRequena_cripta_TurismoRequena_WP09.webp\" alt=\"Frescos rom\u00e1nicos de la iglesia de San Nicol\u00e1s, en Requena (Valencia).\" class=\"wp-image-197172\" srcset=\"https:\/\/www.escapadarural.com\/blog\/wp-content\/uploads\/2025\/03\/09_CuevasRequena_cripta_TurismoRequena_WP09-200x134.webp 200w, https:\/\/www.escapadarural.com\/blog\/wp-content\/uploads\/2025\/03\/09_CuevasRequena_cripta_TurismoRequena_WP09-300x201.webp 300w, https:\/\/www.escapadarural.com\/blog\/wp-content\/uploads\/2025\/03\/09_CuevasRequena_cripta_TurismoRequena_WP09-400x268.webp 400w, https:\/\/www.escapadarural.com\/blog\/wp-content\/uploads\/2025\/03\/09_CuevasRequena_cripta_TurismoRequena_WP09-600x402.webp 600w, https:\/\/www.escapadarural.com\/blog\/wp-content\/uploads\/2025\/03\/09_CuevasRequena_cripta_TurismoRequena_WP09-768x515.webp 768w, https:\/\/www.escapadarural.com\/blog\/wp-content\/uploads\/2025\/03\/09_CuevasRequena_cripta_TurismoRequena_WP09-800x536.webp 800w, https:\/\/www.escapadarural.com\/blog\/wp-content\/uploads\/2025\/03\/09_CuevasRequena_cripta_TurismoRequena_WP09.webp 1024w\" sizes=\"auto, (max-width: 1024px) 100vw, 1024px\" \/><figcaption class=\"wp-element-caption\">Frescos rom\u00e1nicos de la iglesia de San Nicol\u00e1s, en Requena (Valencia). Por TurismoRequena.<\/figcaption><\/figure>\n\n\n\n<h2 class=\"wp-block-heading\" id=\"h-los-yacimientos-de-las-pilillas-y-la-muela-de-arriba\"><strong>Los yacimientos de Las Pilillas y la Muela de Arriba<\/strong><\/h2>\n\n\n\n<p>Debido a que el territorio de Requena ha estado <strong>habitado desde hace milenios<\/strong>, en \u00e9l se pueden encontrar diversos yacimientos arqueol\u00f3gicos que nos dan pistas sobre c\u00f3mo viv\u00edan los ancestros de los requenenses. Tambi\u00e9n forman parte de su patrimonio subterr\u00e1neo. Destacan sobre todo dos yacimientos, el de Las Pilillas y el de la Muela de Arriba, cuyos hallazgos m\u00e1s importantes se exponen en el <a href=\"https:\/\/www.turismorequena.es\/es\/pagina\/museo-municipal\" target=\"_blank\" rel=\"noreferrer noopener nofollow\">Museo Municipal de Requena<\/a>.<\/p>\n\n\n\n<figure class=\"wp-block-image size-full\"><img loading=\"lazy\" decoding=\"async\" width=\"1024\" height=\"727\" src=\"https:\/\/www.escapadarural.com\/blog\/wp-content\/uploads\/2025\/03\/10_CuevasRequena_laspilillas_TurismoRequena_WP10.webp\" alt=\"Lagares rupestres del yacimiento de Las Pilillas, cerca de Requena (Valencia).\" class=\"wp-image-197173\" srcset=\"https:\/\/www.escapadarural.com\/blog\/wp-content\/uploads\/2025\/03\/10_CuevasRequena_laspilillas_TurismoRequena_WP10-200x142.webp 200w, https:\/\/www.escapadarural.com\/blog\/wp-content\/uploads\/2025\/03\/10_CuevasRequena_laspilillas_TurismoRequena_WP10-300x213.webp 300w, https:\/\/www.escapadarural.com\/blog\/wp-content\/uploads\/2025\/03\/10_CuevasRequena_laspilillas_TurismoRequena_WP10-400x284.webp 400w, https:\/\/www.escapadarural.com\/blog\/wp-content\/uploads\/2025\/03\/10_CuevasRequena_laspilillas_TurismoRequena_WP10-600x426.webp 600w, https:\/\/www.escapadarural.com\/blog\/wp-content\/uploads\/2025\/03\/10_CuevasRequena_laspilillas_TurismoRequena_WP10-768x545.webp 768w, https:\/\/www.escapadarural.com\/blog\/wp-content\/uploads\/2025\/03\/10_CuevasRequena_laspilillas_TurismoRequena_WP10-800x568.webp 800w, https:\/\/www.escapadarural.com\/blog\/wp-content\/uploads\/2025\/03\/10_CuevasRequena_laspilillas_TurismoRequena_WP10.webp 1024w\" sizes=\"auto, (max-width: 1024px) 100vw, 1024px\" \/><figcaption class=\"wp-element-caption\">Lagares rupestres del yacimiento de Las Pilillas, cerca de Requena (Valencia). Por TurismoRequena.<\/figcaption><\/figure>\n\n\n\n<p>El <strong>yacimiento de Las Pilillas<\/strong>, situado a las afueras de la localidad, es uno de los primeros centros de producci\u00f3n de vino que se conocen. Data de entre el siglo VII y el siglo V antes de Cristo. El conjunto se compone de cuatro lagares excavados en la roca, relacionados con los procesos de elaboraci\u00f3n y almacenamiento del vino. Est\u00e1 declarado como Bien de Inter\u00e9s Cultural. Para <a href=\"https:\/\/maps.app.goo.gl\/76DjKmh271PgVPH38\" target=\"_blank\" rel=\"noreferrer noopener nofollow\">llegar hasta Las Pilillas<\/a> hay que tomar un camino de aproximadamente un kil\u00f3metro que parte desde la aldea de Los Duques, en los alrededores de Requena.<\/p>\n\n\n\n<figure class=\"wp-block-image size-full\"><img loading=\"lazy\" decoding=\"async\" width=\"1024\" height=\"671\" src=\"https:\/\/www.escapadarural.com\/blog\/wp-content\/uploads\/2025\/03\/11_CuevasRequena_mueladearriba_ComunitatValenciana_WP11.webp\" alt=\"La Muela de Arriba, cerca de Requena (Valencia), donde se ubicaba un antiguo poblado ib\u00e9rico.\" class=\"wp-image-197174\" srcset=\"https:\/\/www.escapadarural.com\/blog\/wp-content\/uploads\/2025\/03\/11_CuevasRequena_mueladearriba_ComunitatValenciana_WP11-200x131.webp 200w, https:\/\/www.escapadarural.com\/blog\/wp-content\/uploads\/2025\/03\/11_CuevasRequena_mueladearriba_ComunitatValenciana_WP11-300x197.webp 300w, https:\/\/www.escapadarural.com\/blog\/wp-content\/uploads\/2025\/03\/11_CuevasRequena_mueladearriba_ComunitatValenciana_WP11-400x262.webp 400w, https:\/\/www.escapadarural.com\/blog\/wp-content\/uploads\/2025\/03\/11_CuevasRequena_mueladearriba_ComunitatValenciana_WP11-600x393.webp 600w, https:\/\/www.escapadarural.com\/blog\/wp-content\/uploads\/2025\/03\/11_CuevasRequena_mueladearriba_ComunitatValenciana_WP11-768x503.webp 768w, https:\/\/www.escapadarural.com\/blog\/wp-content\/uploads\/2025\/03\/11_CuevasRequena_mueladearriba_ComunitatValenciana_WP11-800x524.webp 800w, https:\/\/www.escapadarural.com\/blog\/wp-content\/uploads\/2025\/03\/11_CuevasRequena_mueladearriba_ComunitatValenciana_WP11.webp 1024w\" sizes=\"auto, (max-width: 1024px) 100vw, 1024px\" \/><figcaption class=\"wp-element-caption\">La Muela de Arriba, cerca de Requena (Valencia), donde se ubicaba un antiguo poblado ib\u00e9rico. Por TurismoComunitatValenciana.<\/figcaption><\/figure>\n\n\n\n<p>Por \u00faltimo, en el t\u00e9rmino municipal de Requena podremos apreciar los restos del <strong>poblado ib\u00e9rico de la Muela de Arriba<\/strong>, que asienta sobre la cima de un cerro perteneciente a la aldea de <a href=\"https:\/\/maps.app.goo.gl\/URGrTEsGbA6JpMcx5\" target=\"_blank\" rel=\"noreferrer noopener nofollow\">Los Isidros<\/a>. Tambi\u00e9n est\u00e1 declarado Bien de Inter\u00e9s Cultural. Este poblado depend\u00eda de la antigua ciudad ib\u00e9rica de Kelin y ten\u00eda funciones defensivas. Sin embargo, con la llegada de los romanos, alrededor del siglo II a.C., este y otros asentamientos ib\u00e9ricos quedaron despoblados y terminaron por desaparecer.<\/p>\n\n\n\n<h2 class=\"wp-block-heading\" id=\"h-alojarse-en-una-casa-con-cueva-para-vivir-la-experiencia-completa\"><strong>Alojarse en una casa con cueva para vivir la experiencia completa<\/strong><\/h2>\n\n\n\n<figure class=\"wp-block-image size-full\"><img loading=\"lazy\" decoding=\"async\" width=\"1024\" height=\"979\" src=\"https:\/\/www.escapadarural.com\/blog\/wp-content\/uploads\/2025\/03\/12_CuevasRequena_casa_VillaValeriaCasaCueva1748_WP12.webp\" alt=\"Imagen de la cueva de la Villa Valeria Casa Cueva 1748, en Requena (Valencia).\" class=\"wp-image-197175\" srcset=\"https:\/\/www.escapadarural.com\/blog\/wp-content\/uploads\/2025\/03\/12_CuevasRequena_casa_VillaValeriaCasaCueva1748_WP12-200x191.webp 200w, https:\/\/www.escapadarural.com\/blog\/wp-content\/uploads\/2025\/03\/12_CuevasRequena_casa_VillaValeriaCasaCueva1748_WP12-300x287.webp 300w, https:\/\/www.escapadarural.com\/blog\/wp-content\/uploads\/2025\/03\/12_CuevasRequena_casa_VillaValeriaCasaCueva1748_WP12-400x382.webp 400w, https:\/\/www.escapadarural.com\/blog\/wp-content\/uploads\/2025\/03\/12_CuevasRequena_casa_VillaValeriaCasaCueva1748_WP12-600x574.webp 600w, https:\/\/www.escapadarural.com\/blog\/wp-content\/uploads\/2025\/03\/12_CuevasRequena_casa_VillaValeriaCasaCueva1748_WP12-768x734.webp 768w, https:\/\/www.escapadarural.com\/blog\/wp-content\/uploads\/2025\/03\/12_CuevasRequena_casa_VillaValeriaCasaCueva1748_WP12-800x765.webp 800w, https:\/\/www.escapadarural.com\/blog\/wp-content\/uploads\/2025\/03\/12_CuevasRequena_casa_VillaValeriaCasaCueva1748_WP12.webp 1024w\" sizes=\"auto, (max-width: 1024px) 100vw, 1024px\" \/><figcaption class=\"wp-element-caption\">Imagen de la cueva de la Villa Valeria Casa Cueva 1748, en Requena (Valencia).<\/figcaption><\/figure>\n\n\n\n<p>Como comentamos en el art\u00edculo, muchas de las casas del casco antiguo de Requena <strong>disponen de cuevas<\/strong> bajo ellas. En el cat\u00e1logo de EscapadaRural hemos encontrado una en la que nos podemos hospedar: Villa Valeria Casa Cueva 1748.<\/p>\n\n\n\n<p>La casa dispone de todas las comodidades, ya que fue reformada recientemente, y cuenta adem\u00e1s con una cueva en perfecto estado de conservaci\u00f3n e integrada con la vivienda. Tambi\u00e9n conserva varias tinajas centenarias donde se almacenaba el vino. As\u00ed que, \u00bfpor qu\u00e9 no alojarnos en esta singular casa y vivir as\u00ed <strong>la experiencia completa de la Requena subterr\u00e1nea<\/strong>?<\/p>\n\n\n\n<div class=\"wp-block-buttons is-layout-flex wp-block-buttons-is-layout-flex\">\n<div class=\"wp-block-button\"><a class=\"wp-block-button__link wp-element-button\" href=\"\/casa-rural\/valencia\/villa-valeria-casa-cueva-1748\">Villa Valeria Casa Cueva 1748 en EscapadaRural<\/a><\/div>\n<\/div>\n\n\n\n<figure class=\"wp-block-image size-large\"><img loading=\"lazy\" decoding=\"async\" width=\"768\" height=\"1024\" src=\"https:\/\/www.escapadarural.com\/blog\/wp-content\/uploads\/2025\/03\/13_CuevasRequena_casa_VillaValeriaCasaCueva1748_WP13-768x1024.webp\" alt=\"Acceso a la cueva de la Villa Valeria Casa Cueva 1748, en Requena (Valencia).\" class=\"wp-image-197176\" srcset=\"https:\/\/www.escapadarural.com\/blog\/wp-content\/uploads\/2025\/03\/13_CuevasRequena_casa_VillaValeriaCasaCueva1748_WP13-200x267.webp 200w, https:\/\/www.escapadarural.com\/blog\/wp-content\/uploads\/2025\/03\/13_CuevasRequena_casa_VillaValeriaCasaCueva1748_WP13-225x300.webp 225w, https:\/\/www.escapadarural.com\/blog\/wp-content\/uploads\/2025\/03\/13_CuevasRequena_casa_VillaValeriaCasaCueva1748_WP13-400x533.webp 400w, https:\/\/www.escapadarural.com\/blog\/wp-content\/uploads\/2025\/03\/13_CuevasRequena_casa_VillaValeriaCasaCueva1748_WP13-600x800.webp 600w, https:\/\/www.escapadarural.com\/blog\/wp-content\/uploads\/2025\/03\/13_CuevasRequena_casa_VillaValeriaCasaCueva1748_WP13-768x1024.webp 768w, https:\/\/www.escapadarural.com\/blog\/wp-content\/uploads\/2025\/03\/13_CuevasRequena_casa_VillaValeriaCasaCueva1748_WP13-800x1066.webp 800w, https:\/\/www.escapadarural.com\/blog\/wp-content\/uploads\/2025\/03\/13_CuevasRequena_casa_VillaValeriaCasaCueva1748_WP13.webp 1024w\" sizes=\"auto, (max-width: 768px) 100vw, 768px\" \/><figcaption class=\"wp-element-caption\">Acceso a la cueva de la Villa Valeria Casa Cueva 1748, en Requena (Valencia).<\/figcaption><\/figure>\n","protected":false},"excerpt":{"rendered":"<p>Te ense\u00f1amos la cara oculta de Requena (Valencia), una villa medieval que cuenta con un patrimonio subterr\u00e1neo incre\u00edble<\/p>\n","protected":false},"author":157,"featured_media":197167,"comment_status":"open","ping_status":"open","sticky":false,"template":"","format":"standard","meta":{"_acf_changed":false,"om_disable_all_campaigns":false,"footnotes":""},"categories":[231],"tags":[469,227,4630,602],"class_list":["post-197066","post","type-post","status-publish","format-standard","has-post-thumbnail","hentry","category-arte-y-cultura","tag-que-ver-en-la-comunidad-valenciana","tag-cuevas","tag-requena","tag-que-ver-en-valencia"],"acf":[],"featured_image_src":"https:\/\/www.escapadarural.com\/blog\/wp-content\/uploads\/2025\/03\/03_CuevasRequena_cueva3_TurismoRequena_WP03.webp","author_info":{"display_name":"Miguel Perez","author_link":"https:\/\/www.escapadarural.com\/blog\/autor\/miguel-perez\/"},"yoast_head":"<!-- This site is optimized with the Yoast SEO plugin v27.5 - https:\/\/yoast.com\/product\/yoast-seo-wordpress\/ -->\n<title>El incre\u00edble patrimonio subterr\u00e1neo de Requena - EscapadaRural<\/title>\n<meta name=\"description\" content=\"Te ense\u00f1amos la cara oculta de Requena (Valencia), que cuenta con un gran patrimonio subterr\u00e1neo en el que destacan las Cuevas de la Villa\" \/>\n<meta name=\"robots\" content=\"index, follow, max-snippet:-1, max-image-preview:large, max-video-preview:-1\" \/>\n<link rel=\"canonical\" href=\"https:\/\/www.escapadarural.com\/blog\/el-increible-patrimonio-subterraneo-de-requena\/\" \/>\n<meta property=\"og:locale\" content=\"es_ES\" \/>\n<meta property=\"og:type\" content=\"article\" \/>\n<meta property=\"og:title\" content=\"El incre\u00edble patrimonio subterr\u00e1neo de Requena - EscapadaRural\" \/>\n<meta property=\"og:description\" content=\"Te ense\u00f1amos la cara oculta de Requena (Valencia), que cuenta con un gran patrimonio subterr\u00e1neo en el que destacan las Cuevas de la Villa\" \/>\n<meta property=\"og:url\" content=\"https:\/\/www.escapadarural.com\/blog\/el-increible-patrimonio-subterraneo-de-requena\/\" \/>\n<meta property=\"og:site_name\" content=\"Magazine de viajes de EscapadaRural\" \/>\n<meta property=\"article:publisher\" content=\"https:\/\/www.facebook.com\/escapadarural\" \/>\n<meta property=\"article:author\" content=\"#\" \/>\n<meta property=\"article:published_time\" content=\"2025-03-20T06:00:00+00:00\" \/>\n<meta property=\"article:modified_time\" content=\"2025-03-20T09:43:24+00:00\" \/>\n<meta property=\"og:image\" content=\"https:\/\/www.escapadarural.com\/blog\/wp-content\/uploads\/2025\/03\/03_CuevasRequena_cueva3_TurismoRequena_WP03.webp\" \/>\n\t<meta property=\"og:image:width\" content=\"1024\" \/>\n\t<meta property=\"og:image:height\" content=\"683\" \/>\n\t<meta property=\"og:image:type\" content=\"image\/webp\" \/>\n<meta name=\"author\" content=\"Miguel Perez\" \/>\n<meta name=\"twitter:card\" content=\"summary_large_image\" \/>\n<meta name=\"twitter:creator\" content=\"@#\" \/>\n<meta name=\"twitter:label1\" content=\"Escrito por\" \/>\n\t<meta name=\"twitter:data1\" content=\"Miguel Perez\" \/>\n\t<meta name=\"twitter:label2\" content=\"Tiempo de lectura\" \/>\n\t<meta name=\"twitter:data2\" content=\"11 minutos\" \/>\n<script type=\"application\/ld+json\" class=\"yoast-schema-graph\">{\"@context\":\"https:\\\/\\\/schema.org\",\"@graph\":[{\"@type\":\"Article\",\"@id\":\"https:\\\/\\\/www.escapadarural.com\\\/blog\\\/el-increible-patrimonio-subterraneo-de-requena\\\/#article\",\"isPartOf\":{\"@id\":\"https:\\\/\\\/www.escapadarural.com\\\/blog\\\/el-increible-patrimonio-subterraneo-de-requena\\\/\"},\"author\":{\"name\":\"Miguel Perez\",\"@id\":\"https:\\\/\\\/www.escapadarural.com\\\/blog\\\/#\\\/schema\\\/person\\\/ea17306ba0ae76670daf8e5008db21dd\"},\"headline\":\"El incre\u00edble patrimonio subterr\u00e1neo de Requena\",\"datePublished\":\"2025-03-20T06:00:00+00:00\",\"dateModified\":\"2025-03-20T09:43:24+00:00\",\"mainEntityOfPage\":{\"@id\":\"https:\\\/\\\/www.escapadarural.com\\\/blog\\\/el-increible-patrimonio-subterraneo-de-requena\\\/\"},\"wordCount\":1765,\"commentCount\":0,\"publisher\":{\"@id\":\"https:\\\/\\\/www.escapadarural.com\\\/blog\\\/#organization\"},\"image\":{\"@id\":\"https:\\\/\\\/www.escapadarural.com\\\/blog\\\/el-increible-patrimonio-subterraneo-de-requena\\\/#primaryimage\"},\"thumbnailUrl\":\"https:\\\/\\\/www.escapadarural.com\\\/blog\\\/wp-content\\\/uploads\\\/2025\\\/03\\\/03_CuevasRequena_cueva3_TurismoRequena_WP03.webp\",\"keywords\":[\"Comunidad Valenciana\",\"cuevas\",\"Requena\",\"Valencia\"],\"articleSection\":[\"Arte y Cultura\"],\"inLanguage\":\"es\",\"potentialAction\":[{\"@type\":\"CommentAction\",\"name\":\"Comment\",\"target\":[\"https:\\\/\\\/www.escapadarural.com\\\/blog\\\/el-increible-patrimonio-subterraneo-de-requena\\\/#respond\"]}]},{\"@type\":\"WebPage\",\"@id\":\"https:\\\/\\\/www.escapadarural.com\\\/blog\\\/el-increible-patrimonio-subterraneo-de-requena\\\/\",\"url\":\"https:\\\/\\\/www.escapadarural.com\\\/blog\\\/el-increible-patrimonio-subterraneo-de-requena\\\/\",\"name\":\"El incre\u00edble patrimonio subterr\u00e1neo de Requena - EscapadaRural\",\"isPartOf\":{\"@id\":\"https:\\\/\\\/www.escapadarural.com\\\/blog\\\/#website\"},\"primaryImageOfPage\":{\"@id\":\"https:\\\/\\\/www.escapadarural.com\\\/blog\\\/el-increible-patrimonio-subterraneo-de-requena\\\/#primaryimage\"},\"image\":{\"@id\":\"https:\\\/\\\/www.escapadarural.com\\\/blog\\\/el-increible-patrimonio-subterraneo-de-requena\\\/#primaryimage\"},\"thumbnailUrl\":\"https:\\\/\\\/www.escapadarural.com\\\/blog\\\/wp-content\\\/uploads\\\/2025\\\/03\\\/03_CuevasRequena_cueva3_TurismoRequena_WP03.webp\",\"datePublished\":\"2025-03-20T06:00:00+00:00\",\"dateModified\":\"2025-03-20T09:43:24+00:00\",\"description\":\"Te ense\u00f1amos la cara oculta de Requena (Valencia), que cuenta con un gran patrimonio subterr\u00e1neo en el que destacan las Cuevas de la Villa\",\"breadcrumb\":{\"@id\":\"https:\\\/\\\/www.escapadarural.com\\\/blog\\\/el-increible-patrimonio-subterraneo-de-requena\\\/#breadcrumb\"},\"inLanguage\":\"es\",\"potentialAction\":[{\"@type\":\"ReadAction\",\"target\":[\"https:\\\/\\\/www.escapadarural.com\\\/blog\\\/el-increible-patrimonio-subterraneo-de-requena\\\/\"]}]},{\"@type\":\"ImageObject\",\"inLanguage\":\"es\",\"@id\":\"https:\\\/\\\/www.escapadarural.com\\\/blog\\\/el-increible-patrimonio-subterraneo-de-requena\\\/#primaryimage\",\"url\":\"https:\\\/\\\/www.escapadarural.com\\\/blog\\\/wp-content\\\/uploads\\\/2025\\\/03\\\/03_CuevasRequena_cueva3_TurismoRequena_WP03.webp\",\"contentUrl\":\"https:\\\/\\\/www.escapadarural.com\\\/blog\\\/wp-content\\\/uploads\\\/2025\\\/03\\\/03_CuevasRequena_cueva3_TurismoRequena_WP03.webp\",\"width\":1024,\"height\":683,\"caption\":\"Cuevas de la Villa, en Requena (Valencia). Por TurismoRequena.\"},{\"@type\":\"BreadcrumbList\",\"@id\":\"https:\\\/\\\/www.escapadarural.com\\\/blog\\\/el-increible-patrimonio-subterraneo-de-requena\\\/#breadcrumb\",\"itemListElement\":[{\"@type\":\"ListItem\",\"position\":1,\"name\":\"Inicio\",\"item\":\"https:\\\/\\\/www.escapadarural.com\\\/blog\\\/\"},{\"@type\":\"ListItem\",\"position\":2,\"name\":\"Arte y Cultura\",\"item\":\"https:\\\/\\\/www.escapadarural.com\\\/blog\\\/categoria\\\/arte-y-cultura\\\/\"},{\"@type\":\"ListItem\",\"position\":3,\"name\":\"El incre\u00edble patrimonio subterr\u00e1neo de Requena\"}]},{\"@type\":\"WebSite\",\"@id\":\"https:\\\/\\\/www.escapadarural.com\\\/blog\\\/#website\",\"url\":\"https:\\\/\\\/www.escapadarural.com\\\/blog\\\/\",\"name\":\"Blog de viajes | turismo rural, alojamientos e inspiraci\u00f3n\",\"description\":\"Alojamientos rurales e inspiraci\u00f3n para tus escapadas\",\"publisher\":{\"@id\":\"https:\\\/\\\/www.escapadarural.com\\\/blog\\\/#organization\"},\"alternateName\":\"Magazine de viajes de EscapadaRural\",\"potentialAction\":[{\"@type\":\"SearchAction\",\"target\":{\"@type\":\"EntryPoint\",\"urlTemplate\":\"https:\\\/\\\/www.escapadarural.com\\\/blog\\\/?s={search_term_string}\"},\"query-input\":{\"@type\":\"PropertyValueSpecification\",\"valueRequired\":true,\"valueName\":\"search_term_string\"}}],\"inLanguage\":\"es\"},{\"@type\":\"Organization\",\"@id\":\"https:\\\/\\\/www.escapadarural.com\\\/blog\\\/#organization\",\"name\":\"EscapadaRural\",\"url\":\"https:\\\/\\\/www.escapadarural.com\\\/blog\\\/\",\"logo\":{\"@type\":\"ImageObject\",\"inLanguage\":\"es\",\"@id\":\"https:\\\/\\\/www.escapadarural.com\\\/blog\\\/#\\\/schema\\\/logo\\\/image\\\/\",\"url\":\"https:\\\/\\\/www.escapadarural.com\\\/blog\\\/wp-content\\\/uploads\\\/2024\\\/10\\\/cropped-cropped-escapada-rural-icon-mag-3.png\",\"contentUrl\":\"https:\\\/\\\/www.escapadarural.com\\\/blog\\\/wp-content\\\/uploads\\\/2024\\\/10\\\/cropped-cropped-escapada-rural-icon-mag-3.png\",\"width\":512,\"height\":512,\"caption\":\"EscapadaRural\"},\"image\":{\"@id\":\"https:\\\/\\\/www.escapadarural.com\\\/blog\\\/#\\\/schema\\\/logo\\\/image\\\/\"},\"sameAs\":[\"https:\\\/\\\/www.facebook.com\\\/escapadarural\",\"https:\\\/\\\/www.instagram.com\\\/escapadarural\\\/\",\"https:\\\/\\\/www.youtube.com\\\/@escapadaruralcom\"]},{\"@type\":\"Person\",\"@id\":\"https:\\\/\\\/www.escapadarural.com\\\/blog\\\/#\\\/schema\\\/person\\\/ea17306ba0ae76670daf8e5008db21dd\",\"name\":\"Miguel Perez\",\"image\":{\"@type\":\"ImageObject\",\"inLanguage\":\"es\",\"@id\":\"https:\\\/\\\/www.escapadarural.com\\\/blog\\\/wp-content\\\/uploads\\\/2024\\\/11\\\/cropped-Miguel-Perez-96x96.jpg\",\"url\":\"https:\\\/\\\/www.escapadarural.com\\\/blog\\\/wp-content\\\/uploads\\\/2024\\\/11\\\/cropped-Miguel-Perez-96x96.jpg\",\"contentUrl\":\"https:\\\/\\\/www.escapadarural.com\\\/blog\\\/wp-content\\\/uploads\\\/2024\\\/11\\\/cropped-Miguel-Perez-96x96.jpg\",\"caption\":\"Miguel Perez\"},\"description\":\"Me encanta el f\u00fatbol, leer, viajar, descubrir nuevos destinos y cont\u00e1rtelos\",\"sameAs\":[\"#\",\"https:\\\/\\\/x.com\\\/#\"],\"url\":\"https:\\\/\\\/www.escapadarural.com\\\/blog\\\/autor\\\/miguel-perez\\\/\"}]}<\/script>\n<!-- \/ Yoast SEO plugin. -->","yoast_head_json":{"title":"El incre\u00edble patrimonio subterr\u00e1neo de Requena - EscapadaRural","description":"Te ense\u00f1amos la cara oculta de Requena (Valencia), que cuenta con un gran patrimonio subterr\u00e1neo en el que destacan las Cuevas de la Villa","robots":{"index":"index","follow":"follow","max-snippet":"max-snippet:-1","max-image-preview":"max-image-preview:large","max-video-preview":"max-video-preview:-1"},"canonical":"https:\/\/www.escapadarural.com\/blog\/el-increible-patrimonio-subterraneo-de-requena\/","og_locale":"es_ES","og_type":"article","og_title":"El incre\u00edble patrimonio subterr\u00e1neo de Requena - EscapadaRural","og_description":"Te ense\u00f1amos la cara oculta de Requena (Valencia), que cuenta con un gran patrimonio subterr\u00e1neo en el que destacan las Cuevas de la Villa","og_url":"https:\/\/www.escapadarural.com\/blog\/el-increible-patrimonio-subterraneo-de-requena\/","og_site_name":"Magazine de viajes de EscapadaRural","article_publisher":"https:\/\/www.facebook.com\/escapadarural","article_author":"#","article_published_time":"2025-03-20T06:00:00+00:00","article_modified_time":"2025-03-20T09:43:24+00:00","og_image":[{"width":1024,"height":683,"url":"https:\/\/www.escapadarural.com\/blog\/wp-content\/uploads\/2025\/03\/03_CuevasRequena_cueva3_TurismoRequena_WP03.webp","type":"image\/webp"}],"author":"Miguel Perez","twitter_card":"summary_large_image","twitter_creator":"@#","twitter_misc":{"Escrito por":"Miguel Perez","Tiempo de lectura":"11 minutos"},"schema":{"@context":"https:\/\/schema.org","@graph":[{"@type":"Article","@id":"https:\/\/www.escapadarural.com\/blog\/el-increible-patrimonio-subterraneo-de-requena\/#article","isPartOf":{"@id":"https:\/\/www.escapadarural.com\/blog\/el-increible-patrimonio-subterraneo-de-requena\/"},"author":{"name":"Miguel Perez","@id":"https:\/\/www.escapadarural.com\/blog\/#\/schema\/person\/ea17306ba0ae76670daf8e5008db21dd"},"headline":"El incre\u00edble patrimonio subterr\u00e1neo de Requena","datePublished":"2025-03-20T06:00:00+00:00","dateModified":"2025-03-20T09:43:24+00:00","mainEntityOfPage":{"@id":"https:\/\/www.escapadarural.com\/blog\/el-increible-patrimonio-subterraneo-de-requena\/"},"wordCount":1765,"commentCount":0,"publisher":{"@id":"https:\/\/www.escapadarural.com\/blog\/#organization"},"image":{"@id":"https:\/\/www.escapadarural.com\/blog\/el-increible-patrimonio-subterraneo-de-requena\/#primaryimage"},"thumbnailUrl":"https:\/\/www.escapadarural.com\/blog\/wp-content\/uploads\/2025\/03\/03_CuevasRequena_cueva3_TurismoRequena_WP03.webp","keywords":["Comunidad Valenciana","cuevas","Requena","Valencia"],"articleSection":["Arte y Cultura"],"inLanguage":"es","potentialAction":[{"@type":"CommentAction","name":"Comment","target":["https:\/\/www.escapadarural.com\/blog\/el-increible-patrimonio-subterraneo-de-requena\/#respond"]}]},{"@type":"WebPage","@id":"https:\/\/www.escapadarural.com\/blog\/el-increible-patrimonio-subterraneo-de-requena\/","url":"https:\/\/www.escapadarural.com\/blog\/el-increible-patrimonio-subterraneo-de-requena\/","name":"El incre\u00edble patrimonio subterr\u00e1neo de Requena - EscapadaRural","isPartOf":{"@id":"https:\/\/www.escapadarural.com\/blog\/#website"},"primaryImageOfPage":{"@id":"https:\/\/www.escapadarural.com\/blog\/el-increible-patrimonio-subterraneo-de-requena\/#primaryimage"},"image":{"@id":"https:\/\/www.escapadarural.com\/blog\/el-increible-patrimonio-subterraneo-de-requena\/#primaryimage"},"thumbnailUrl":"https:\/\/www.escapadarural.com\/blog\/wp-content\/uploads\/2025\/03\/03_CuevasRequena_cueva3_TurismoRequena_WP03.webp","datePublished":"2025-03-20T06:00:00+00:00","dateModified":"2025-03-20T09:43:24+00:00","description":"Te ense\u00f1amos la cara oculta de Requena (Valencia), que cuenta con un gran patrimonio subterr\u00e1neo en el que destacan las Cuevas de la Villa","breadcrumb":{"@id":"https:\/\/www.escapadarural.com\/blog\/el-increible-patrimonio-subterraneo-de-requena\/#breadcrumb"},"inLanguage":"es","potentialAction":[{"@type":"ReadAction","target":["https:\/\/www.escapadarural.com\/blog\/el-increible-patrimonio-subterraneo-de-requena\/"]}]},{"@type":"ImageObject","inLanguage":"es","@id":"https:\/\/www.escapadarural.com\/blog\/el-increible-patrimonio-subterraneo-de-requena\/#primaryimage","url":"https:\/\/www.escapadarural.com\/blog\/wp-content\/uploads\/2025\/03\/03_CuevasRequena_cueva3_TurismoRequena_WP03.webp","contentUrl":"https:\/\/www.escapadarural.com\/blog\/wp-content\/uploads\/2025\/03\/03_CuevasRequena_cueva3_TurismoRequena_WP03.webp","width":1024,"height":683,"caption":"Cuevas de la Villa, en Requena (Valencia). Por TurismoRequena."},{"@type":"BreadcrumbList","@id":"https:\/\/www.escapadarural.com\/blog\/el-increible-patrimonio-subterraneo-de-requena\/#breadcrumb","itemListElement":[{"@type":"ListItem","position":1,"name":"Inicio","item":"https:\/\/www.escapadarural.com\/blog\/"},{"@type":"ListItem","position":2,"name":"Arte y Cultura","item":"https:\/\/www.escapadarural.com\/blog\/categoria\/arte-y-cultura\/"},{"@type":"ListItem","position":3,"name":"El incre\u00edble patrimonio subterr\u00e1neo de Requena"}]},{"@type":"WebSite","@id":"https:\/\/www.escapadarural.com\/blog\/#website","url":"https:\/\/www.escapadarural.com\/blog\/","name":"Blog de viajes | turismo rural, alojamientos e inspiraci\u00f3n","description":"Alojamientos rurales e inspiraci\u00f3n para tus escapadas","publisher":{"@id":"https:\/\/www.escapadarural.com\/blog\/#organization"},"alternateName":"Magazine de viajes de EscapadaRural","potentialAction":[{"@type":"SearchAction","target":{"@type":"EntryPoint","urlTemplate":"https:\/\/www.escapadarural.com\/blog\/?s={search_term_string}"},"query-input":{"@type":"PropertyValueSpecification","valueRequired":true,"valueName":"search_term_string"}}],"inLanguage":"es"},{"@type":"Organization","@id":"https:\/\/www.escapadarural.com\/blog\/#organization","name":"EscapadaRural","url":"https:\/\/www.escapadarural.com\/blog\/","logo":{"@type":"ImageObject","inLanguage":"es","@id":"https:\/\/www.escapadarural.com\/blog\/#\/schema\/logo\/image\/","url":"https:\/\/www.escapadarural.com\/blog\/wp-content\/uploads\/2024\/10\/cropped-cropped-escapada-rural-icon-mag-3.png","contentUrl":"https:\/\/www.escapadarural.com\/blog\/wp-content\/uploads\/2024\/10\/cropped-cropped-escapada-rural-icon-mag-3.png","width":512,"height":512,"caption":"EscapadaRural"},"image":{"@id":"https:\/\/www.escapadarural.com\/blog\/#\/schema\/logo\/image\/"},"sameAs":["https:\/\/www.facebook.com\/escapadarural","https:\/\/www.instagram.com\/escapadarural\/","https:\/\/www.youtube.com\/@escapadaruralcom"]},{"@type":"Person","@id":"https:\/\/www.escapadarural.com\/blog\/#\/schema\/person\/ea17306ba0ae76670daf8e5008db21dd","name":"Miguel Perez","image":{"@type":"ImageObject","inLanguage":"es","@id":"https:\/\/www.escapadarural.com\/blog\/wp-content\/uploads\/2024\/11\/cropped-Miguel-Perez-96x96.jpg","url":"https:\/\/www.escapadarural.com\/blog\/wp-content\/uploads\/2024\/11\/cropped-Miguel-Perez-96x96.jpg","contentUrl":"https:\/\/www.escapadarural.com\/blog\/wp-content\/uploads\/2024\/11\/cropped-Miguel-Perez-96x96.jpg","caption":"Miguel Perez"},"description":"Me encanta el f\u00fatbol, leer, viajar, descubrir nuevos destinos y cont\u00e1rtelos","sameAs":["#","https:\/\/x.com\/#"],"url":"https:\/\/www.escapadarural.com\/blog\/autor\/miguel-perez\/"}]}},"_links":{"self":[{"href":"https:\/\/www.escapadarural.com\/blog\/wp-json\/wp\/v2\/posts\/197066","targetHints":{"allow":["GET"]}}],"collection":[{"href":"https:\/\/www.escapadarural.com\/blog\/wp-json\/wp\/v2\/posts"}],"about":[{"href":"https:\/\/www.escapadarural.com\/blog\/wp-json\/wp\/v2\/types\/post"}],"author":[{"embeddable":true,"href":"https:\/\/www.escapadarural.com\/blog\/wp-json\/wp\/v2\/users\/157"}],"replies":[{"embeddable":true,"href":"https:\/\/www.escapadarural.com\/blog\/wp-json\/wp\/v2\/comments?post=197066"}],"version-history":[{"count":0,"href":"https:\/\/www.escapadarural.com\/blog\/wp-json\/wp\/v2\/posts\/197066\/revisions"}],"wp:featuredmedia":[{"embeddable":true,"href":"https:\/\/www.escapadarural.com\/blog\/wp-json\/wp\/v2\/media\/197167"}],"wp:attachment":[{"href":"https:\/\/www.escapadarural.com\/blog\/wp-json\/wp\/v2\/media?parent=197066"}],"wp:term":[{"taxonomy":"category","embeddable":true,"href":"https:\/\/www.escapadarural.com\/blog\/wp-json\/wp\/v2\/categories?post=197066"},{"taxonomy":"post_tag","embeddable":true,"href":"https:\/\/www.escapadarural.com\/blog\/wp-json\/wp\/v2\/tags?post=197066"}],"curies":[{"name":"wp","href":"https:\/\/api.w.org\/{rel}","templated":true}]}}