{"id":197428,"date":"2025-03-19T09:30:15","date_gmt":"2025-03-19T07:30:15","guid":{"rendered":"https:\/\/www.escapadarural.com\/blog\/?p=197428"},"modified":"2026-02-05T13:58:06","modified_gmt":"2026-02-05T12:58:06","slug":"casas-rurales-para-ver-la-floracion","status":"publish","type":"post","link":"https:\/\/www.escapadarural.com\/blog\/casas-rurales-para-ver-la-floracion\/","title":{"rendered":"Casas rurales para ver la floraci\u00f3n en el campo"},"content":{"rendered":"\n<p>Llega la <strong>primavera <\/strong>y con ella el despertar de la naturaleza y su estallido de color. Espa\u00f1a se llena de flores, desde los almendros hasta los melocotoneros, los cerezos y los manzanos. Sin duda, paisajes extremadamente bellos a los que todos queremos ir. Pero hay que tener en cuenta que la floraci\u00f3n tiene sus tiempos y cada \u00e1rbol suele florecer en un momento concreto.<\/p>\n\n\n\n<p>As\u00ed que, desde EscapadaRural te desvelamos los <strong>tiempos de floraci\u00f3n<\/strong> y te invitamos a recorrer varios de los pueblos m\u00e1s bonitos en esta \u00e9poca del a\u00f1o. Adem\u00e1s, te proponemos opciones de casas rurales para que tu estancia sea todo un \u00e9xito. \u00a1Prepara la c\u00e1mara y las ganas de disfrutar de esta estaci\u00f3n en su m\u00e1xima expresi\u00f3n!<\/p>\n\n\n\n<div class=\"wp-block-buttons is-layout-flex wp-block-buttons-is-layout-flex\">\n<div class=\"wp-block-button\"><a class=\"wp-block-button__link wp-element-button\" href=\"\/casas-rurales\">Encuentra tu alojamiento<\/a><\/div>\n<\/div>\n\n\n\n<h2 class=\"wp-block-heading\" id=\"h-casa-bernues-huesca\">Casa Bernues (<a href=\"\/casas-rurales\/huesca\">Huesca<\/a>)<\/h2>\n\n\n\n<figure class=\"wp-block-image size-full\"><img loading=\"lazy\" decoding=\"async\" width=\"1024\" height=\"768\" src=\"https:\/\/www.escapadarural.com\/blog\/wp-content\/uploads\/2025\/03\/605a3e5168b55.webp\" alt=\"Casas rurales para ver la floraci\u00f3n: Casa Bernues, Huesca\n\" class=\"wp-image-197437\" srcset=\"https:\/\/www.escapadarural.com\/blog\/wp-content\/uploads\/2025\/03\/605a3e5168b55-200x150.webp 200w, https:\/\/www.escapadarural.com\/blog\/wp-content\/uploads\/2025\/03\/605a3e5168b55-300x225.webp 300w, https:\/\/www.escapadarural.com\/blog\/wp-content\/uploads\/2025\/03\/605a3e5168b55-400x300.webp 400w, https:\/\/www.escapadarural.com\/blog\/wp-content\/uploads\/2025\/03\/605a3e5168b55-600x450.webp 600w, https:\/\/www.escapadarural.com\/blog\/wp-content\/uploads\/2025\/03\/605a3e5168b55-768x576.webp 768w, https:\/\/www.escapadarural.com\/blog\/wp-content\/uploads\/2025\/03\/605a3e5168b55-800x600.webp 800w, https:\/\/www.escapadarural.com\/blog\/wp-content\/uploads\/2025\/03\/605a3e5168b55.webp 1024w\" sizes=\"auto, (max-width: 1024px) 100vw, 1024px\" \/><\/figure>\n\n\n\n<p>Situado en las faldas del imponente <strong>Pirineo Aragon\u00e9s<\/strong>, Loarre es un destino que te dejar\u00e1 sin palabras. Principalmente, por su espectacular castillo rom\u00e1nico, uno de los m\u00e1s antiguos y mejor conservados de Espa\u00f1a. Y segundo porque en primavera se llena de vida, cuando sus campos se ti\u00f1en de blanco gracias a las flores de los cerezos. Las fechas del principio de la floraci\u00f3n no son exactas y pueden variar cada a\u00f1o. Sobre todo dependen de la climatolog\u00eda.<\/p>\n\n\n\n<p>As\u00ed que, podr\u00edamos situar su floraci\u00f3n entre los meses de febrero y marzo. \u00bfPara disfrutarla? Lo deseado es hospedarte en <a href=\"\/casa-rural\/huesca\/casa-bernues\" target=\"_blank\" rel=\"noreferrer noopener\">Casa Bernues<\/a>, en el municipio de Ani\u00e9s. Este alojamiento surge de la rehabilitaci\u00f3n de una casa de labranza, y tambi\u00e9n de su pajar, conservando las paredes de piedra, los pilares originales y el mobiliario antiguo. Dispone de todo lo necesario para brindarte una estancia muy especial.<\/p>\n\n\n\n<div class=\"wp-block-buttons is-layout-flex wp-block-buttons-is-layout-flex\">\n<div class=\"wp-block-button\"><a class=\"wp-block-button__link wp-element-button\" href=\"\/casa-rural\/huesca\/casa-bernues\">Reservar<\/a><\/div>\n<\/div>\n\n\n\n<h2 class=\"wp-block-heading\" id=\"h-masia-torre-roca-lleida\">Masia Torre Roca (<a href=\"\/casas-rurales\/lleida\">Lleida<\/a>)<\/h2>\n\n\n\n<figure class=\"wp-block-image size-full\"><img loading=\"lazy\" decoding=\"async\" width=\"1024\" height=\"683\" src=\"https:\/\/www.escapadarural.com\/blog\/wp-content\/uploads\/2025\/03\/5fb6a83d060d2.webp\" alt=\"Casas rurales para ver la floraci\u00f3n: Masia Torre Roca\" class=\"wp-image-197439\" srcset=\"https:\/\/www.escapadarural.com\/blog\/wp-content\/uploads\/2025\/03\/5fb6a83d060d2-200x133.webp 200w, https:\/\/www.escapadarural.com\/blog\/wp-content\/uploads\/2025\/03\/5fb6a83d060d2-300x200.webp 300w, https:\/\/www.escapadarural.com\/blog\/wp-content\/uploads\/2025\/03\/5fb6a83d060d2-400x267.webp 400w, https:\/\/www.escapadarural.com\/blog\/wp-content\/uploads\/2025\/03\/5fb6a83d060d2-600x400.webp 600w, https:\/\/www.escapadarural.com\/blog\/wp-content\/uploads\/2025\/03\/5fb6a83d060d2-768x512.webp 768w, https:\/\/www.escapadarural.com\/blog\/wp-content\/uploads\/2025\/03\/5fb6a83d060d2-800x534.webp 800w, https:\/\/www.escapadarural.com\/blog\/wp-content\/uploads\/2025\/03\/5fb6a83d060d2.webp 1024w\" sizes=\"auto, (max-width: 1024px) 100vw, 1024px\" \/><\/figure>\n\n\n\n<p>Si hay un lugar en Espa\u00f1a donde la primavera se convierte en un espect\u00e1culo visual, es <strong>Aitona<\/strong>. Este municipio de la provincia de Lleida es conocido por sus impresionantes campos de melocotoneros en flor. Desde finales de febrero hasta principios de marzo, el paisaje se transforma en un mar de flores rosas que parecen sacadas de un cuadro.<\/p>\n\n\n\n<p>Por ello, no podr\u00e1s rechazar una escapada a este enclave tan particular. La <a href=\"\/casa-rural\/lleida\/masia-torre-roca\" target=\"_blank\" rel=\"noreferrer noopener\">Masia Torre Roca<\/a>, que data del siglo XIV, ser\u00e1 tu campamento base para disfrutar de unos d\u00edas recorriendo sus tierras a pie o en bicicleta o degustar las mermeladas, ratafias y productos artesanales que elabora el propio alojamiento. Se trata de un apartamento con tres habitaciones, con capacidad de 2 a 7 personas.<\/p>\n\n\n\n<div class=\"wp-block-buttons is-layout-flex wp-block-buttons-is-layout-flex\">\n<div class=\"wp-block-button\"><a class=\"wp-block-button__link wp-element-button\" href=\"\/casa-rural\/lleida\/masia-torre-roca\">Reservar<\/a><\/div>\n<\/div>\n\n\n\n<h2 class=\"wp-block-heading\" id=\"h-casa-de-la-higuera-la-navela-murcia\">Casa de la Higuera &#8211; La Navela (<a href=\"\/casas-rurales\/murcia\">Murcia<\/a>)<\/h2>\n\n\n\n<figure class=\"wp-block-image size-full\"><img loading=\"lazy\" decoding=\"async\" width=\"1024\" height=\"682\" src=\"https:\/\/www.escapadarural.com\/blog\/wp-content\/uploads\/2025\/03\/5b40ae811e6ca.webp\" alt=\"Casas rurales para ver la floraci\u00f3n: Casa de la Higuera - La Navela\" class=\"wp-image-197440\" srcset=\"https:\/\/www.escapadarural.com\/blog\/wp-content\/uploads\/2025\/03\/5b40ae811e6ca-200x133.webp 200w, https:\/\/www.escapadarural.com\/blog\/wp-content\/uploads\/2025\/03\/5b40ae811e6ca-300x200.webp 300w, https:\/\/www.escapadarural.com\/blog\/wp-content\/uploads\/2025\/03\/5b40ae811e6ca-400x266.webp 400w, https:\/\/www.escapadarural.com\/blog\/wp-content\/uploads\/2025\/03\/5b40ae811e6ca-600x400.webp 600w, https:\/\/www.escapadarural.com\/blog\/wp-content\/uploads\/2025\/03\/5b40ae811e6ca-768x512.webp 768w, https:\/\/www.escapadarural.com\/blog\/wp-content\/uploads\/2025\/03\/5b40ae811e6ca-800x533.webp 800w, https:\/\/www.escapadarural.com\/blog\/wp-content\/uploads\/2025\/03\/5b40ae811e6ca.webp 1024w\" sizes=\"auto, (max-width: 1024px) 100vw, 1024px\" \/><\/figure>\n\n\n\n<p>Cieza no pod\u00eda faltar en este listado. Es uno de esos lugares que no puedes dejar de visitar en <strong>primavera<\/strong>. Se convierte en un aut\u00e9ntico espect\u00e1culo floral cuando los campos de \u00e1rboles frutales como melocotones, paraguayos, ciruelas, albaricoques, nectarinas y almendros, se cubren de tonalidades fucsia.<\/p>\n\n\n\n<p>De hecho, durante los meses de febrero y marzo, podr\u00e1s deleitarte con la famosa<strong> Fiesta de la Floraci\u00f3n<\/strong>, una celebraci\u00f3n que pone en valor la belleza de estos parajes y la tradici\u00f3n agr\u00edcola de la regi\u00f3n de Murcia.<\/p>\n\n\n\n<p>Al\u00f3jate en la <a href=\"\/casa-rural\/murcia\/casa-de-la-higuera---la-navela\">Casa de la Higuera &#8211; La Navela<\/a>, en el pueblo de Blanca, y prep\u00e1rate para caminar por sus huertas, respirar aire puro y relajarte rodeado de naturaleza. Las casas son de nueva construcci\u00f3n y est\u00e1n equipadas con todo lujo de detalles: piscina, parque infantil, barbacoa y sal\u00f3n social, entre otras comodidades m\u00e1s.<\/p>\n\n\n\n<div class=\"wp-block-buttons is-layout-flex wp-block-buttons-is-layout-flex\">\n<div class=\"wp-block-button\"><a class=\"wp-block-button__link wp-element-button\" href=\"\/casa-rural\/murcia\/casa-de-la-higuera---la-navela\">Reservar<\/a><\/div>\n<\/div>\n\n\n\n<h2 class=\"wp-block-heading\" id=\"h-la-casona-del-fraile-asturias\">La Casona del Fraile (<a href=\"\/casas-rurales\/asturias\">Asturias<\/a>)<\/h2>\n\n\n\n<figure class=\"wp-block-image size-full\"><img loading=\"lazy\" decoding=\"async\" width=\"1024\" height=\"768\" src=\"https:\/\/www.escapadarural.com\/blog\/wp-content\/uploads\/2025\/03\/5c43163e0c360.webp\" alt=\"La Casona del Fraile\" class=\"wp-image-197441\" srcset=\"https:\/\/www.escapadarural.com\/blog\/wp-content\/uploads\/2025\/03\/5c43163e0c360-200x150.webp 200w, https:\/\/www.escapadarural.com\/blog\/wp-content\/uploads\/2025\/03\/5c43163e0c360-300x225.webp 300w, https:\/\/www.escapadarural.com\/blog\/wp-content\/uploads\/2025\/03\/5c43163e0c360-400x300.webp 400w, https:\/\/www.escapadarural.com\/blog\/wp-content\/uploads\/2025\/03\/5c43163e0c360-600x450.webp 600w, https:\/\/www.escapadarural.com\/blog\/wp-content\/uploads\/2025\/03\/5c43163e0c360-768x576.webp 768w, https:\/\/www.escapadarural.com\/blog\/wp-content\/uploads\/2025\/03\/5c43163e0c360-800x600.webp 800w, https:\/\/www.escapadarural.com\/blog\/wp-content\/uploads\/2025\/03\/5c43163e0c360.webp 1024w\" sizes=\"auto, (max-width: 1024px) 100vw, 1024px\" \/><\/figure>\n\n\n\n<p>En la <strong>comarca de la Sidra<\/strong>, que engloba a los municipios de Bimenes, Cabranes, Nava, Sariego, Villaviciosa y Colunga, la Floraci\u00f3n del Manzano es algo m\u00e1s tard\u00eda, entre finales de abril y principios de mayo. Aqu\u00ed la idea&nbsp; es pasear entre manzanos, fotografiarte en un manto de flores blancas, probar unos culines de sidra, la bebida por excelencia de esta zona, y degustar la rica y abundante gastronom\u00eda asturiana.<\/p>\n\n\n\n<p>Para hacer todos estos planes, lo preferible es hospedarte en<a href=\"\/casa-rural\/asturias\/la-casona-del-fraile\"> La Casona del Fraile<\/a>. Una casa de aldea construida \u00edntegramente en piedra, con techos y ventanas de madera de casta\u00f1o, restaurada en su totalidad en el a\u00f1o 2002. Y perfectamente la escapada puede ser con amigos o familiares, ya que dispone de 10 dormitorios.<\/p>\n\n\n\n<div class=\"wp-block-buttons is-layout-flex wp-block-buttons-is-layout-flex\">\n<div class=\"wp-block-button\"><a class=\"wp-block-button__link wp-element-button\" href=\"\/casa-rural\/asturias\/la-casona-del-fraile\">Reservar<\/a><\/div>\n<\/div>\n\n\n\n<h2 class=\"wp-block-heading\" id=\"h-la-hacienda-de-gredos-avila\">La Hacienda de Gredos (<a href=\"\/casas-rurales\/avila\">\u00c1vila<\/a>)<\/h2>\n\n\n\n<figure class=\"wp-block-image size-full\"><img loading=\"lazy\" decoding=\"async\" width=\"1024\" height=\"682\" src=\"https:\/\/www.escapadarural.com\/blog\/wp-content\/uploads\/2025\/03\/57e538f2c28b6.webp\" alt=\"Casas rurales para ver la floraci\u00f3n: La Hacienda de Gredos\" class=\"wp-image-197442\" srcset=\"https:\/\/www.escapadarural.com\/blog\/wp-content\/uploads\/2025\/03\/57e538f2c28b6-200x133.webp 200w, https:\/\/www.escapadarural.com\/blog\/wp-content\/uploads\/2025\/03\/57e538f2c28b6-300x200.webp 300w, https:\/\/www.escapadarural.com\/blog\/wp-content\/uploads\/2025\/03\/57e538f2c28b6-400x266.webp 400w, https:\/\/www.escapadarural.com\/blog\/wp-content\/uploads\/2025\/03\/57e538f2c28b6-600x400.webp 600w, https:\/\/www.escapadarural.com\/blog\/wp-content\/uploads\/2025\/03\/57e538f2c28b6-768x512.webp 768w, https:\/\/www.escapadarural.com\/blog\/wp-content\/uploads\/2025\/03\/57e538f2c28b6-800x533.webp 800w, https:\/\/www.escapadarural.com\/blog\/wp-content\/uploads\/2025\/03\/57e538f2c28b6.webp 1024w\" sizes=\"auto, (max-width: 1024px) 100vw, 1024px\" \/><\/figure>\n\n\n\n<p>En el <strong>Valle del Ti\u00e9tar<\/strong> existe un microclima caracter\u00edstico muy diferente dentro del territorio abulense, que hace que sus cerezos puedan florecer. Por esa raz\u00f3n, entre finales de marzo y abril, Guisando, El Arenal y El Hornillo son el punto de mira para quienes quieran ver en \u00c1vila la magia de la naturaleza. Existen rutas programadas para abarcar en un solo d\u00eda los tres municipios, pero aqu\u00ed la tranquilidad y el descanso prima.<\/p>\n\n\n\n<p>As\u00ed que, una escapada a <a href=\"\/casa-rural\/avila\/la-hacienda-de-gredos\">La Hacienda de Gredos<\/a> es la mejor opci\u00f3n. La propiedad consta de una casa de piedra recientemente reformada, con capacidad para 13 personas. Adem\u00e1s, el alojamiento se encuentra dentro del Parque Regional de la Sierra de Gredos, por lo que te invita al senderismo y a realizar actividades de turismo activo.<\/p>\n\n\n\n<div class=\"wp-block-buttons is-layout-flex wp-block-buttons-is-layout-flex\">\n<div class=\"wp-block-button\"><a class=\"wp-block-button__link wp-element-button\" href=\"\/casa-rural\/avila\/la-hacienda-de-gredos\">Reservar<\/a><\/div>\n<\/div>\n\n\n\n<h2 class=\"wp-block-heading\" id=\"h-complejo-rural-las-palomas-caceres\">Complejo Rural Las Palomas (<a href=\"\/casas-rurales\/caceres\">C\u00e1ceres<\/a>)<\/h2>\n\n\n\n<figure class=\"wp-block-image size-full\"><img loading=\"lazy\" decoding=\"async\" width=\"1000\" height=\"667\" src=\"https:\/\/www.escapadarural.com\/blog\/wp-content\/uploads\/2025\/03\/6185b7241b6a7.webp\" alt=\"Complejo Rural Las Palomas\" class=\"wp-image-197443\" srcset=\"https:\/\/www.escapadarural.com\/blog\/wp-content\/uploads\/2025\/03\/6185b7241b6a7-200x133.webp 200w, https:\/\/www.escapadarural.com\/blog\/wp-content\/uploads\/2025\/03\/6185b7241b6a7-300x200.webp 300w, https:\/\/www.escapadarural.com\/blog\/wp-content\/uploads\/2025\/03\/6185b7241b6a7-400x267.webp 400w, https:\/\/www.escapadarural.com\/blog\/wp-content\/uploads\/2025\/03\/6185b7241b6a7-600x400.webp 600w, https:\/\/www.escapadarural.com\/blog\/wp-content\/uploads\/2025\/03\/6185b7241b6a7-768x512.webp 768w, https:\/\/www.escapadarural.com\/blog\/wp-content\/uploads\/2025\/03\/6185b7241b6a7-800x534.webp 800w, https:\/\/www.escapadarural.com\/blog\/wp-content\/uploads\/2025\/03\/6185b7241b6a7.webp 1000w\" sizes=\"auto, (max-width: 1000px) 100vw, 1000px\" \/><\/figure>\n\n\n\n<p>Y, por \u00faltimo, quiz\u00e1 la floraci\u00f3n m\u00e1s famosa de Espa\u00f1a, la del Valle del Jerte, en C\u00e1ceres. Su impresionante floraci\u00f3n de cerezos, que ocurre entre finales de marzo y principios de abril, cautiva a todo el mundo. Y no es de extra\u00f1ar, pues el valle se convierte en un mar blanco de flores que atrae a miles de turistas cada a\u00f1o. Incluso desde el propio valle se organiza la <strong>Fiesta del Cerezo en Flor<\/strong>, una celebraci\u00f3n popular que trata de reflejar la vida de toda una comarca, tanto del pasado como del futuro.<\/p>\n\n\n\n<p>Y en ella se disponen todo tipo de actividades que sirven de escaparate para mostrar su cultura, gastronom\u00eda, tradiciones y forma de vida. Para no perd\u00e9rtela, reserva en el <a href=\"\/casa-rural\/caceres\/las-palomas\">Complejo Rural Las Palomas<\/a>. Te permitir\u00e1 pasear entre los \u00e1rboles en flor, hacer rutas de senderismo por el propio valle o simplemente relajarte en este bello entorno rural. Consta de 6 apartamentos totalmente equipados, zonas comunes amplias y ofrece servicios de bar-cafeter\u00eda y restaurante con terraza.<\/p>\n\n\n\n<div class=\"wp-block-buttons is-layout-flex wp-block-buttons-is-layout-flex\">\n<div class=\"wp-block-button\"><a class=\"wp-block-button__link wp-element-button\" href=\"\/casa-rural\/caceres\/las-palomas\">Reservar<\/a><\/div>\n<\/div>\n","protected":false},"excerpt":{"rendered":"<p>Desde EscapadaRural te desvelamos los tiempos de floraci\u00f3n y te invitamos a recorrer varios de los pueblos m\u00e1s bonitos en esta \u00e9poca del a\u00f1o<\/p>\n","protected":false},"author":98,"featured_media":197443,"comment_status":"open","ping_status":"open","sticky":false,"template":"","format":"standard","meta":{"_acf_changed":false,"om_disable_all_campaigns":false,"footnotes":""},"categories":[247],"tags":[6203,215,257],"class_list":["post-197428","post","type-post","status-publish","format-standard","has-post-thumbnail","hentry","category-alojamientos-rurales","tag-casas-rurales","tag-listado","tag-primavera"],"acf":[],"featured_image_src":"https:\/\/www.escapadarural.com\/blog\/wp-content\/uploads\/2025\/03\/6185b7241b6a7.webp","author_info":{"display_name":"Miryam Tejada","author_link":"https:\/\/www.escapadarural.com\/blog\/autor\/miryam\/"},"yoast_head":"<!-- This site is optimized with the Yoast SEO plugin v27.5 - https:\/\/yoast.com\/product\/yoast-seo-wordpress\/ -->\n<title>Casas rurales para ver la floraci\u00f3n en el campo - EscapadaRural<\/title>\n<meta name=\"description\" content=\"Desde EscapadaRural te desvelamos los tiempos de floraci\u00f3n y te invitamos a recorrer varios de los pueblos m\u00e1s bonitos en esta \u00e9poca del a\u00f1o\" \/>\n<meta name=\"robots\" content=\"index, follow, max-snippet:-1, max-image-preview:large, max-video-preview:-1\" \/>\n<link rel=\"canonical\" href=\"https:\/\/www.escapadarural.com\/blog\/casas-rurales-para-ver-la-floracion\/\" \/>\n<meta property=\"og:locale\" content=\"es_ES\" \/>\n<meta property=\"og:type\" content=\"article\" \/>\n<meta property=\"og:title\" content=\"Casas rurales para ver la floraci\u00f3n en el campo - EscapadaRural\" \/>\n<meta property=\"og:description\" content=\"Desde EscapadaRural te desvelamos los tiempos de floraci\u00f3n y te invitamos a recorrer varios de los pueblos m\u00e1s bonitos en esta \u00e9poca del a\u00f1o\" \/>\n<meta property=\"og:url\" content=\"https:\/\/www.escapadarural.com\/blog\/casas-rurales-para-ver-la-floracion\/\" \/>\n<meta property=\"og:site_name\" content=\"Magazine de viajes de EscapadaRural\" \/>\n<meta property=\"article:publisher\" content=\"https:\/\/www.facebook.com\/escapadarural\" \/>\n<meta property=\"article:published_time\" content=\"2025-03-19T07:30:15+00:00\" \/>\n<meta property=\"article:modified_time\" content=\"2026-02-05T12:58:06+00:00\" \/>\n<meta property=\"og:image\" content=\"https:\/\/www.escapadarural.com\/blog\/wp-content\/uploads\/2025\/03\/6185b7241b6a7.webp\" \/>\n\t<meta property=\"og:image:width\" content=\"1000\" \/>\n\t<meta property=\"og:image:height\" content=\"667\" \/>\n\t<meta property=\"og:image:type\" content=\"image\/webp\" \/>\n<meta name=\"author\" content=\"Miryam Tejada\" \/>\n<meta name=\"twitter:card\" content=\"summary_large_image\" \/>\n<meta name=\"twitter:label1\" content=\"Escrito por\" \/>\n\t<meta name=\"twitter:data1\" content=\"Miryam Tejada\" \/>\n\t<meta name=\"twitter:label2\" content=\"Tiempo de lectura\" \/>\n\t<meta name=\"twitter:data2\" content=\"6 minutos\" \/>\n<script type=\"application\/ld+json\" class=\"yoast-schema-graph\">{\"@context\":\"https:\\\/\\\/schema.org\",\"@graph\":[{\"@type\":\"Article\",\"@id\":\"https:\\\/\\\/www.escapadarural.com\\\/blog\\\/casas-rurales-para-ver-la-floracion\\\/#article\",\"isPartOf\":{\"@id\":\"https:\\\/\\\/www.escapadarural.com\\\/blog\\\/casas-rurales-para-ver-la-floracion\\\/\"},\"author\":{\"name\":\"Miryam Tejada\",\"@id\":\"https:\\\/\\\/www.escapadarural.com\\\/blog\\\/#\\\/schema\\\/person\\\/3a79b504f208fd6cf3bb52c608e311f0\"},\"headline\":\"Casas rurales para ver la floraci\u00f3n en el campo\",\"datePublished\":\"2025-03-19T07:30:15+00:00\",\"dateModified\":\"2026-02-05T12:58:06+00:00\",\"mainEntityOfPage\":{\"@id\":\"https:\\\/\\\/www.escapadarural.com\\\/blog\\\/casas-rurales-para-ver-la-floracion\\\/\"},\"wordCount\":1056,\"commentCount\":0,\"publisher\":{\"@id\":\"https:\\\/\\\/www.escapadarural.com\\\/blog\\\/#organization\"},\"image\":{\"@id\":\"https:\\\/\\\/www.escapadarural.com\\\/blog\\\/casas-rurales-para-ver-la-floracion\\\/#primaryimage\"},\"thumbnailUrl\":\"https:\\\/\\\/www.escapadarural.com\\\/blog\\\/wp-content\\\/uploads\\\/2025\\\/03\\\/6185b7241b6a7.webp\",\"keywords\":[\"Casas rurales\",\"Listado\",\"Primavera\"],\"articleSection\":[\"Alojamientos rurales\"],\"inLanguage\":\"es\",\"potentialAction\":[{\"@type\":\"CommentAction\",\"name\":\"Comment\",\"target\":[\"https:\\\/\\\/www.escapadarural.com\\\/blog\\\/casas-rurales-para-ver-la-floracion\\\/#respond\"]}]},{\"@type\":\"WebPage\",\"@id\":\"https:\\\/\\\/www.escapadarural.com\\\/blog\\\/casas-rurales-para-ver-la-floracion\\\/\",\"url\":\"https:\\\/\\\/www.escapadarural.com\\\/blog\\\/casas-rurales-para-ver-la-floracion\\\/\",\"name\":\"Casas rurales para ver la floraci\u00f3n en el campo - EscapadaRural\",\"isPartOf\":{\"@id\":\"https:\\\/\\\/www.escapadarural.com\\\/blog\\\/#website\"},\"primaryImageOfPage\":{\"@id\":\"https:\\\/\\\/www.escapadarural.com\\\/blog\\\/casas-rurales-para-ver-la-floracion\\\/#primaryimage\"},\"image\":{\"@id\":\"https:\\\/\\\/www.escapadarural.com\\\/blog\\\/casas-rurales-para-ver-la-floracion\\\/#primaryimage\"},\"thumbnailUrl\":\"https:\\\/\\\/www.escapadarural.com\\\/blog\\\/wp-content\\\/uploads\\\/2025\\\/03\\\/6185b7241b6a7.webp\",\"datePublished\":\"2025-03-19T07:30:15+00:00\",\"dateModified\":\"2026-02-05T12:58:06+00:00\",\"description\":\"Desde EscapadaRural te desvelamos los tiempos de floraci\u00f3n y te invitamos a recorrer varios de los pueblos m\u00e1s bonitos en esta \u00e9poca del a\u00f1o\",\"breadcrumb\":{\"@id\":\"https:\\\/\\\/www.escapadarural.com\\\/blog\\\/casas-rurales-para-ver-la-floracion\\\/#breadcrumb\"},\"inLanguage\":\"es\",\"potentialAction\":[{\"@type\":\"ReadAction\",\"target\":[\"https:\\\/\\\/www.escapadarural.com\\\/blog\\\/casas-rurales-para-ver-la-floracion\\\/\"]}]},{\"@type\":\"ImageObject\",\"inLanguage\":\"es\",\"@id\":\"https:\\\/\\\/www.escapadarural.com\\\/blog\\\/casas-rurales-para-ver-la-floracion\\\/#primaryimage\",\"url\":\"https:\\\/\\\/www.escapadarural.com\\\/blog\\\/wp-content\\\/uploads\\\/2025\\\/03\\\/6185b7241b6a7.webp\",\"contentUrl\":\"https:\\\/\\\/www.escapadarural.com\\\/blog\\\/wp-content\\\/uploads\\\/2025\\\/03\\\/6185b7241b6a7.webp\",\"width\":1000,\"height\":667,\"caption\":\"Complejo Rural Las Palomas\"},{\"@type\":\"BreadcrumbList\",\"@id\":\"https:\\\/\\\/www.escapadarural.com\\\/blog\\\/casas-rurales-para-ver-la-floracion\\\/#breadcrumb\",\"itemListElement\":[{\"@type\":\"ListItem\",\"position\":1,\"name\":\"Inicio\",\"item\":\"https:\\\/\\\/www.escapadarural.com\\\/blog\\\/\"},{\"@type\":\"ListItem\",\"position\":2,\"name\":\"Alojamientos rurales\",\"item\":\"https:\\\/\\\/www.escapadarural.com\\\/blog\\\/categoria\\\/alojamientos-rurales\\\/\"},{\"@type\":\"ListItem\",\"position\":3,\"name\":\"Casas rurales para ver la floraci\u00f3n en el campo\"}]},{\"@type\":\"WebSite\",\"@id\":\"https:\\\/\\\/www.escapadarural.com\\\/blog\\\/#website\",\"url\":\"https:\\\/\\\/www.escapadarural.com\\\/blog\\\/\",\"name\":\"Blog de viajes | turismo rural, alojamientos e inspiraci\u00f3n\",\"description\":\"Alojamientos rurales e inspiraci\u00f3n para tus escapadas\",\"publisher\":{\"@id\":\"https:\\\/\\\/www.escapadarural.com\\\/blog\\\/#organization\"},\"alternateName\":\"Magazine de viajes de EscapadaRural\",\"potentialAction\":[{\"@type\":\"SearchAction\",\"target\":{\"@type\":\"EntryPoint\",\"urlTemplate\":\"https:\\\/\\\/www.escapadarural.com\\\/blog\\\/?s={search_term_string}\"},\"query-input\":{\"@type\":\"PropertyValueSpecification\",\"valueRequired\":true,\"valueName\":\"search_term_string\"}}],\"inLanguage\":\"es\"},{\"@type\":\"Organization\",\"@id\":\"https:\\\/\\\/www.escapadarural.com\\\/blog\\\/#organization\",\"name\":\"EscapadaRural\",\"url\":\"https:\\\/\\\/www.escapadarural.com\\\/blog\\\/\",\"logo\":{\"@type\":\"ImageObject\",\"inLanguage\":\"es\",\"@id\":\"https:\\\/\\\/www.escapadarural.com\\\/blog\\\/#\\\/schema\\\/logo\\\/image\\\/\",\"url\":\"https:\\\/\\\/www.escapadarural.com\\\/blog\\\/wp-content\\\/uploads\\\/2024\\\/10\\\/cropped-cropped-escapada-rural-icon-mag-3.png\",\"contentUrl\":\"https:\\\/\\\/www.escapadarural.com\\\/blog\\\/wp-content\\\/uploads\\\/2024\\\/10\\\/cropped-cropped-escapada-rural-icon-mag-3.png\",\"width\":512,\"height\":512,\"caption\":\"EscapadaRural\"},\"image\":{\"@id\":\"https:\\\/\\\/www.escapadarural.com\\\/blog\\\/#\\\/schema\\\/logo\\\/image\\\/\"},\"sameAs\":[\"https:\\\/\\\/www.facebook.com\\\/escapadarural\",\"https:\\\/\\\/www.instagram.com\\\/escapadarural\\\/\",\"https:\\\/\\\/www.youtube.com\\\/@escapadaruralcom\"]},{\"@type\":\"Person\",\"@id\":\"https:\\\/\\\/www.escapadarural.com\\\/blog\\\/#\\\/schema\\\/person\\\/3a79b504f208fd6cf3bb52c608e311f0\",\"name\":\"Miryam Tejada\",\"image\":{\"@type\":\"ImageObject\",\"inLanguage\":\"es\",\"@id\":\"https:\\\/\\\/www.escapadarural.com\\\/blog\\\/wp-content\\\/uploads\\\/2024\\\/12\\\/cropped-PXL_20240524_141044774.PORTRAIT.ORIGINAL-1-scaled-2-96x96.jpg\",\"url\":\"https:\\\/\\\/www.escapadarural.com\\\/blog\\\/wp-content\\\/uploads\\\/2024\\\/12\\\/cropped-PXL_20240524_141044774.PORTRAIT.ORIGINAL-1-scaled-2-96x96.jpg\",\"contentUrl\":\"https:\\\/\\\/www.escapadarural.com\\\/blog\\\/wp-content\\\/uploads\\\/2024\\\/12\\\/cropped-PXL_20240524_141044774.PORTRAIT.ORIGINAL-1-scaled-2-96x96.jpg\",\"caption\":\"Miryam Tejada\"},\"description\":\"Mi t\u00edtulo universitario dice que soy licenciada en periodismo, pero realmente soy una todoterreno a la que le pill\u00f3 la transici\u00f3n del mundo anal\u00f3gico al digital de pleno. Es decir, soy millennial, y eso lo que conlleva, seg\u00fan las habladur\u00edas, es que me dejo llevar y priorizo mi bienestar. O lo que es lo mismo, soy una apasionada de los viajes y las experiencias, del simple hecho de tomar unas cervezas entre amigas, organizar una buena comilona en la sociedad con sobremesa larga incluida o pasar las tardes en el parque con mis gemelos.\",\"url\":\"https:\\\/\\\/www.escapadarural.com\\\/blog\\\/autor\\\/miryam\\\/\"}]}<\/script>\n<!-- \/ Yoast SEO plugin. -->","yoast_head_json":{"title":"Casas rurales para ver la floraci\u00f3n en el campo - EscapadaRural","description":"Desde EscapadaRural te desvelamos los tiempos de floraci\u00f3n y te invitamos a recorrer varios de los pueblos m\u00e1s bonitos en esta \u00e9poca del a\u00f1o","robots":{"index":"index","follow":"follow","max-snippet":"max-snippet:-1","max-image-preview":"max-image-preview:large","max-video-preview":"max-video-preview:-1"},"canonical":"https:\/\/www.escapadarural.com\/blog\/casas-rurales-para-ver-la-floracion\/","og_locale":"es_ES","og_type":"article","og_title":"Casas rurales para ver la floraci\u00f3n en el campo - EscapadaRural","og_description":"Desde EscapadaRural te desvelamos los tiempos de floraci\u00f3n y te invitamos a recorrer varios de los pueblos m\u00e1s bonitos en esta \u00e9poca del a\u00f1o","og_url":"https:\/\/www.escapadarural.com\/blog\/casas-rurales-para-ver-la-floracion\/","og_site_name":"Magazine de viajes de EscapadaRural","article_publisher":"https:\/\/www.facebook.com\/escapadarural","article_published_time":"2025-03-19T07:30:15+00:00","article_modified_time":"2026-02-05T12:58:06+00:00","og_image":[{"width":1000,"height":667,"url":"https:\/\/www.escapadarural.com\/blog\/wp-content\/uploads\/2025\/03\/6185b7241b6a7.webp","type":"image\/webp"}],"author":"Miryam Tejada","twitter_card":"summary_large_image","twitter_misc":{"Escrito por":"Miryam Tejada","Tiempo de lectura":"6 minutos"},"schema":{"@context":"https:\/\/schema.org","@graph":[{"@type":"Article","@id":"https:\/\/www.escapadarural.com\/blog\/casas-rurales-para-ver-la-floracion\/#article","isPartOf":{"@id":"https:\/\/www.escapadarural.com\/blog\/casas-rurales-para-ver-la-floracion\/"},"author":{"name":"Miryam Tejada","@id":"https:\/\/www.escapadarural.com\/blog\/#\/schema\/person\/3a79b504f208fd6cf3bb52c608e311f0"},"headline":"Casas rurales para ver la floraci\u00f3n en el campo","datePublished":"2025-03-19T07:30:15+00:00","dateModified":"2026-02-05T12:58:06+00:00","mainEntityOfPage":{"@id":"https:\/\/www.escapadarural.com\/blog\/casas-rurales-para-ver-la-floracion\/"},"wordCount":1056,"commentCount":0,"publisher":{"@id":"https:\/\/www.escapadarural.com\/blog\/#organization"},"image":{"@id":"https:\/\/www.escapadarural.com\/blog\/casas-rurales-para-ver-la-floracion\/#primaryimage"},"thumbnailUrl":"https:\/\/www.escapadarural.com\/blog\/wp-content\/uploads\/2025\/03\/6185b7241b6a7.webp","keywords":["Casas rurales","Listado","Primavera"],"articleSection":["Alojamientos rurales"],"inLanguage":"es","potentialAction":[{"@type":"CommentAction","name":"Comment","target":["https:\/\/www.escapadarural.com\/blog\/casas-rurales-para-ver-la-floracion\/#respond"]}]},{"@type":"WebPage","@id":"https:\/\/www.escapadarural.com\/blog\/casas-rurales-para-ver-la-floracion\/","url":"https:\/\/www.escapadarural.com\/blog\/casas-rurales-para-ver-la-floracion\/","name":"Casas rurales para ver la floraci\u00f3n en el campo - EscapadaRural","isPartOf":{"@id":"https:\/\/www.escapadarural.com\/blog\/#website"},"primaryImageOfPage":{"@id":"https:\/\/www.escapadarural.com\/blog\/casas-rurales-para-ver-la-floracion\/#primaryimage"},"image":{"@id":"https:\/\/www.escapadarural.com\/blog\/casas-rurales-para-ver-la-floracion\/#primaryimage"},"thumbnailUrl":"https:\/\/www.escapadarural.com\/blog\/wp-content\/uploads\/2025\/03\/6185b7241b6a7.webp","datePublished":"2025-03-19T07:30:15+00:00","dateModified":"2026-02-05T12:58:06+00:00","description":"Desde EscapadaRural te desvelamos los tiempos de floraci\u00f3n y te invitamos a recorrer varios de los pueblos m\u00e1s bonitos en esta \u00e9poca del a\u00f1o","breadcrumb":{"@id":"https:\/\/www.escapadarural.com\/blog\/casas-rurales-para-ver-la-floracion\/#breadcrumb"},"inLanguage":"es","potentialAction":[{"@type":"ReadAction","target":["https:\/\/www.escapadarural.com\/blog\/casas-rurales-para-ver-la-floracion\/"]}]},{"@type":"ImageObject","inLanguage":"es","@id":"https:\/\/www.escapadarural.com\/blog\/casas-rurales-para-ver-la-floracion\/#primaryimage","url":"https:\/\/www.escapadarural.com\/blog\/wp-content\/uploads\/2025\/03\/6185b7241b6a7.webp","contentUrl":"https:\/\/www.escapadarural.com\/blog\/wp-content\/uploads\/2025\/03\/6185b7241b6a7.webp","width":1000,"height":667,"caption":"Complejo Rural Las Palomas"},{"@type":"BreadcrumbList","@id":"https:\/\/www.escapadarural.com\/blog\/casas-rurales-para-ver-la-floracion\/#breadcrumb","itemListElement":[{"@type":"ListItem","position":1,"name":"Inicio","item":"https:\/\/www.escapadarural.com\/blog\/"},{"@type":"ListItem","position":2,"name":"Alojamientos rurales","item":"https:\/\/www.escapadarural.com\/blog\/categoria\/alojamientos-rurales\/"},{"@type":"ListItem","position":3,"name":"Casas rurales para ver la floraci\u00f3n en el campo"}]},{"@type":"WebSite","@id":"https:\/\/www.escapadarural.com\/blog\/#website","url":"https:\/\/www.escapadarural.com\/blog\/","name":"Blog de viajes | turismo rural, alojamientos e inspiraci\u00f3n","description":"Alojamientos rurales e inspiraci\u00f3n para tus escapadas","publisher":{"@id":"https:\/\/www.escapadarural.com\/blog\/#organization"},"alternateName":"Magazine de viajes de EscapadaRural","potentialAction":[{"@type":"SearchAction","target":{"@type":"EntryPoint","urlTemplate":"https:\/\/www.escapadarural.com\/blog\/?s={search_term_string}"},"query-input":{"@type":"PropertyValueSpecification","valueRequired":true,"valueName":"search_term_string"}}],"inLanguage":"es"},{"@type":"Organization","@id":"https:\/\/www.escapadarural.com\/blog\/#organization","name":"EscapadaRural","url":"https:\/\/www.escapadarural.com\/blog\/","logo":{"@type":"ImageObject","inLanguage":"es","@id":"https:\/\/www.escapadarural.com\/blog\/#\/schema\/logo\/image\/","url":"https:\/\/www.escapadarural.com\/blog\/wp-content\/uploads\/2024\/10\/cropped-cropped-escapada-rural-icon-mag-3.png","contentUrl":"https:\/\/www.escapadarural.com\/blog\/wp-content\/uploads\/2024\/10\/cropped-cropped-escapada-rural-icon-mag-3.png","width":512,"height":512,"caption":"EscapadaRural"},"image":{"@id":"https:\/\/www.escapadarural.com\/blog\/#\/schema\/logo\/image\/"},"sameAs":["https:\/\/www.facebook.com\/escapadarural","https:\/\/www.instagram.com\/escapadarural\/","https:\/\/www.youtube.com\/@escapadaruralcom"]},{"@type":"Person","@id":"https:\/\/www.escapadarural.com\/blog\/#\/schema\/person\/3a79b504f208fd6cf3bb52c608e311f0","name":"Miryam Tejada","image":{"@type":"ImageObject","inLanguage":"es","@id":"https:\/\/www.escapadarural.com\/blog\/wp-content\/uploads\/2024\/12\/cropped-PXL_20240524_141044774.PORTRAIT.ORIGINAL-1-scaled-2-96x96.jpg","url":"https:\/\/www.escapadarural.com\/blog\/wp-content\/uploads\/2024\/12\/cropped-PXL_20240524_141044774.PORTRAIT.ORIGINAL-1-scaled-2-96x96.jpg","contentUrl":"https:\/\/www.escapadarural.com\/blog\/wp-content\/uploads\/2024\/12\/cropped-PXL_20240524_141044774.PORTRAIT.ORIGINAL-1-scaled-2-96x96.jpg","caption":"Miryam Tejada"},"description":"Mi t\u00edtulo universitario dice que soy licenciada en periodismo, pero realmente soy una todoterreno a la que le pill\u00f3 la transici\u00f3n del mundo anal\u00f3gico al digital de pleno. Es decir, soy millennial, y eso lo que conlleva, seg\u00fan las habladur\u00edas, es que me dejo llevar y priorizo mi bienestar. O lo que es lo mismo, soy una apasionada de los viajes y las experiencias, del simple hecho de tomar unas cervezas entre amigas, organizar una buena comilona en la sociedad con sobremesa larga incluida o pasar las tardes en el parque con mis gemelos.","url":"https:\/\/www.escapadarural.com\/blog\/autor\/miryam\/"}]}},"_links":{"self":[{"href":"https:\/\/www.escapadarural.com\/blog\/wp-json\/wp\/v2\/posts\/197428","targetHints":{"allow":["GET"]}}],"collection":[{"href":"https:\/\/www.escapadarural.com\/blog\/wp-json\/wp\/v2\/posts"}],"about":[{"href":"https:\/\/www.escapadarural.com\/blog\/wp-json\/wp\/v2\/types\/post"}],"author":[{"embeddable":true,"href":"https:\/\/www.escapadarural.com\/blog\/wp-json\/wp\/v2\/users\/98"}],"replies":[{"embeddable":true,"href":"https:\/\/www.escapadarural.com\/blog\/wp-json\/wp\/v2\/comments?post=197428"}],"version-history":[{"count":0,"href":"https:\/\/www.escapadarural.com\/blog\/wp-json\/wp\/v2\/posts\/197428\/revisions"}],"wp:featuredmedia":[{"embeddable":true,"href":"https:\/\/www.escapadarural.com\/blog\/wp-json\/wp\/v2\/media\/197443"}],"wp:attachment":[{"href":"https:\/\/www.escapadarural.com\/blog\/wp-json\/wp\/v2\/media?parent=197428"}],"wp:term":[{"taxonomy":"category","embeddable":true,"href":"https:\/\/www.escapadarural.com\/blog\/wp-json\/wp\/v2\/categories?post=197428"},{"taxonomy":"post_tag","embeddable":true,"href":"https:\/\/www.escapadarural.com\/blog\/wp-json\/wp\/v2\/tags?post=197428"}],"curies":[{"name":"wp","href":"https:\/\/api.w.org\/{rel}","templated":true}]}}