{"id":197704,"date":"2025-04-04T09:31:50","date_gmt":"2025-04-04T07:31:50","guid":{"rendered":"https:\/\/www.escapadarural.com\/blog\/?p=197704"},"modified":"2026-02-17T17:07:58","modified_gmt":"2026-02-17T16:07:58","slug":"parques-nacionales-mas-visitados-de-espana","status":"publish","type":"post","link":"https:\/\/www.escapadarural.com\/blog\/parques-nacionales-mas-visitados-de-espana\/","title":{"rendered":"Los 8 parques nacionales m\u00e1s visitados de Espa\u00f1a"},"content":{"rendered":"\n<figure class=\"wp-block-image size-large\"><img loading=\"lazy\" decoding=\"async\" width=\"1024\" height=\"683\" src=\"https:\/\/www.escapadarural.com\/blog\/wp-content\/uploads\/2025\/03\/AdobeStock_103572510-1024x683.webp\" alt=\"Parque Nacional de Garajonay, La Gomera (Islas Canarias)\" class=\"wp-image-197720\"\/><figcaption class=\"wp-element-caption\">Parque Nacional de Garajonay, La Gomera (Islas Canarias). Por rh2010<\/figcaption><\/figure>\n\n\n\n<p>Espa\u00f1a cuenta con un total de <strong><a href=\"https:\/\/www.escapadarural.com\/blog\/los-16-parques-nacionales-de-espana\/\">16 parques nacionales<\/a> <\/strong>repartidos por todo su territorio. Cada uno cuenta con un ecosistema \u00fanico, por lo que en ellos podemos encontrar conjuntos de volcanes, <a href=\"https:\/\/www.escapadarural.com\/blog\/bosques-de-cine\/\">bosques de pel\u00edcula<\/a>, circos <strong>glaciares, cascadas, grandes cumbres<\/strong>, pueblos de arquitectura tradicional, etc.&nbsp;<\/p>\n\n\n\n<p>Tienen encanto suficiente para lograr captar la atenci\u00f3n del viajero. Pero, <strong>\u00bfsabes cu\u00e1les son los parques nacionales m\u00e1s visitados de Espa\u00f1a?<\/strong> Para hacer este listado hemos consultado los datos m\u00e1s recientes del <a href=\"https:\/\/turismo.gob.es\/es-es\/Paginas\/estadisticas-informes.aspx\" target=\"_blank\" rel=\"noreferrer noopener nofollow\">Ministerio para la Transici\u00f3n Ecol\u00f3gica y el Reto Demogr\u00e1fico (MITECO)<\/a>, que ha publicado un estudio titulado <em>Visitantes en la Red de Parques Nacionales <\/em>hasta 2023.\u00a0<\/p>\n\n\n\n<p>Seg\u00fan el informe, los datos proceden del <strong>conteo directo de visitantes<\/strong> que han hecho uso de los diferentes servicios de cada parque nacional; as\u00ed como de las <strong>estimaciones de viajeros que han acudido de forma aut\u00f3noma<\/strong>. Como curiosidad, la visita de nuestros parques naturales fue una tendencia en alza desde 2013 y, despu\u00e9s de la pandemia, en 2023, se obtuvo la mayor cifra de visitantes: m\u00e1s de 15 millones de viajeros.<\/p>\n\n\n\n<p>Es posible que en este \u00faltimo a\u00f1o y medio, la afluencia no haya variado mucho.&nbsp;As\u00ed que ponte las botas de senderismo y acomp\u00e1\u00f1anos en este viaje por los <strong>parques nacionales m\u00e1s populares de Espa\u00f1a<\/strong>.<\/p>\n\n\n<div style=\"background-color: #d9edf7; color: #31708f; border-left-color: #31708f; \" class=\"ub-styled-box ub-notification-box wp-block-ub-styled-box\" id=\"ub-styled-box-9cd9795b-3219-4178-b6a4-2ddc91911374\">\n<p id=\"ub-styled-box-notification-content-\">Recomendamos visitarlos fuera de temporada para evitar masificaciones, disfrutar de una mejor experiencia y apoyar su conservaci\u00f3n y sostenibilidad.\u00a0<\/p>\n\n\n<\/div>\n\n\n<h2 class=\"wp-block-heading\" id=\"h-parque-nacional-del-teide-tenerife\">Parque Nacional del Teide (Tenerife)<\/h2>\n\n\n\n<figure class=\"wp-block-image size-large\"><img loading=\"lazy\" decoding=\"async\" width=\"1024\" height=\"686\" src=\"https:\/\/www.escapadarural.com\/blog\/wp-content\/uploads\/2025\/03\/AdobeStock_144960277-1024x686.webp\" alt=\"Parque Nacional del Teide, en Tenerife (Islas Canarias)\" class=\"wp-image-197718\"\/><figcaption class=\"wp-element-caption\">Parque Nacional del Teide, en Tenerife (Islas Canarias). Por JFL Photography<\/figcaption><\/figure>\n\n\n<div style=\"border: 3px solid #000000; border-radius: 0%; background-color: inherit; \" class=\"ub-styled-box ub-bordered-box wp-block-ub-styled-box\" id=\"ub-styled-box-9a8186e2-cc9a-49ce-8ef3-3d9ef56c44db\">\n<p id=\"ub-styled-box-bordered-content-\">N\u00famero de visitantes: 4,4 millones\u00a0<\/p>\n\n\n<\/div>\n\n\n<p>Si hablamos de originalidad, monumentalidad e incluso de un <strong>paisaje marciano<\/strong>, el Parque Nacional del <a href=\"https:\/\/www.escapadarural.com\/blog\/el-sombrero-del-teide\/\">Teide<\/a> se lleva la palma. Es patrimonio de la humanidad, el parque nacional m\u00e1s visitado de Espa\u00f1a y, con 3.718 metros, <strong>su volc\u00e1n es el pico m\u00e1s alto del pa\u00eds<\/strong>. Casi nada.&nbsp;<\/p>\n\n\n\n<p>\u00bfLo mejor? Las vistas desde el <a href=\"\/blog\/ruta-al-mirador-del-pico-viejo-en-el-teide\/\">pico del Teide<\/a> (atenci\u00f3n, lo cierran si hay mucho viento). Tambi\u00e9n el paisaje lunar que lo rodea, con los <strong>Roques de Garc\u00eda<\/strong> en sus inmediaciones, conocidos por ser los<strong> \u201cguardianes\u201d del gran volc\u00e1n<\/strong>.\u00a0<\/p>\n\n\n\n<p>Algunas de las rutas m\u00e1s populares son la que llega hasta el <strong>mirador de La Fortaleza<\/strong>, as\u00ed como los diferentes senderos con vistas que rodean el volc\u00e1n. All\u00ed incluso se encuentra un <a href=\"\/blog\/el-teide-el-sanatorio-del-s-xix\/\">antiguo sanatorio del siglo XIX<\/a>. Desde lo alto, si tienes suerte, podr\u00e1s contemplar un mar de nubes. No es de extra\u00f1ar que sea el parque m\u00e1s visitado de Espa\u00f1a.\u00a0<\/p>\n\n\n\n<div class=\"wp-block-buttons is-layout-flex wp-block-buttons-is-layout-flex\">\n<div class=\"wp-block-button\"><a class=\"wp-block-button__link wp-element-button\" href=\"\/casas-rurales\/parque-nacional-del-teide\">Alojamientos rurales en el Teide<\/a><\/div>\n<\/div>\n\n\n\n<h2 class=\"wp-block-heading\" id=\"h-parque-nacional-de-la-sierra-de-guadarrama-madrid-y-segovia\">Parque Nacional de la Sierra de Guadarrama (Madrid y Segovia)<\/h2>\n\n\n\n<figure class=\"wp-block-image size-full\"><img loading=\"lazy\" decoding=\"async\" width=\"1024\" height=\"683\" src=\"https:\/\/www.escapadarural.com\/blog\/wp-content\/uploads\/2022\/02\/AdobeStock_255249168_WP_05.webp\" alt=\"Piedra con forma de elefante en La Pedriza\" class=\"wp-image-186334\" srcset=\"https:\/\/www.escapadarural.com\/blog\/wp-content\/uploads\/2022\/02\/AdobeStock_255249168_WP_05-200x133.webp 200w, https:\/\/www.escapadarural.com\/blog\/wp-content\/uploads\/2022\/02\/AdobeStock_255249168_WP_05-300x200.webp 300w, https:\/\/www.escapadarural.com\/blog\/wp-content\/uploads\/2022\/02\/AdobeStock_255249168_WP_05-400x267.webp 400w, https:\/\/www.escapadarural.com\/blog\/wp-content\/uploads\/2022\/02\/AdobeStock_255249168_WP_05-600x400.webp 600w, https:\/\/www.escapadarural.com\/blog\/wp-content\/uploads\/2022\/02\/AdobeStock_255249168_WP_05-768x512.webp 768w, https:\/\/www.escapadarural.com\/blog\/wp-content\/uploads\/2022\/02\/AdobeStock_255249168_WP_05-800x534.webp 800w, https:\/\/www.escapadarural.com\/blog\/wp-content\/uploads\/2022\/02\/AdobeStock_255249168_WP_05.webp 1024w\" sizes=\"auto, (max-width: 1024px) 100vw, 1024px\" \/><figcaption class=\"wp-element-caption\">Piedra con forma de elefante en La Pedriza, sierra de Guadarrama (Madrid). Por Dartagnan1980<\/figcaption><\/figure>\n\n\n<div style=\"border: 3px solid #000000; border-radius: 0%; background-color: inherit; \" class=\"ub-styled-box ub-bordered-box wp-block-ub-styled-box\" id=\"ub-styled-box-f2e0123e-5ff1-402e-9eed-89d7ffb8a6c4\">\n<p id=\"ub-styled-box-bordered-content-\">2,1 millones de visitantes<\/p>\n\n\n<\/div>\n\n\n<p>Si vives en la capital, seguro que alguna vez te has escapado a la <a href=\"\/blog\/ruta-de-los-7-picos-de-guadarrama\/\">sierra de Guadarrama<\/a> para desconectar del ajetreo de la ciudad. Este parque nacional, situado en la frontera entre Madrid y Segovia, cuenta con <strong>rutas para todos los niveles<\/strong>.\u00a0<\/p>\n\n\n\n<p>En invierno podemos disfrutar de la nieve en <a href=\"\/blog\/rutas-de-senderismo-por-navacerrada\/\">Navacerrada<\/a>. Con el buen tiempo no hay que perderse una visita a alguno de sus <strong>miradores como la Bola del Mundo<\/strong>, las vistas son espectaculares. Otros lugares populares son <a href=\"\/blog\/los-animales-graniticos-de-la-pedriza\/\">La Pedriza<\/a>, donde las <strong>rocas han adquirido formas de animales<\/strong>; los Siete Picos, una ruta con vistas; el valle de la Barranca, un lugar tranquilo rodeado de naturaleza; y el <a href=\"\/blog\/ruta-lagunas-de-penalara\/\">Parque Natural de Pe\u00f1alara<\/a>, donde se encuentra la <strong>laguna Grande, de origen glaciar<\/strong>.<\/p>\n\n\n\n<p>Este para\u00edso est\u00e1 situado <strong>a solo una hora de la capital<\/strong> y, adem\u00e1s de naturaleza, tambi\u00e9n acoge algunos de los <a href=\"\/blog\/pueblos-bonitos-en-madrid\/\">pueblos m\u00e1s bonitos de Madrid<\/a> como Rascafr\u00eda, Manzanares el Real o <a href=\"\/blog\/que-ver-y-que-hacer-en-cercedilla\/\">Cercedilla<\/a>, entre otros.<\/p>\n\n\n\n<div class=\"wp-block-buttons is-layout-flex wp-block-buttons-is-layout-flex\">\n<div class=\"wp-block-button\"><a class=\"wp-block-button__link wp-element-button\" href=\"\/casas-rurales\/sierra-de-guadarrama\">Alojamientos rurales en la sierra de Guadarrama<\/a><\/div>\n<\/div>\n\n\n\n<h2 class=\"wp-block-heading\" id=\"h-parque-nacional-de-los-picos-de-europa-asturias-cantabria-y-castilla-y-leon\">Parque Nacional de los Picos de Europa (Asturias, Cantabria y Castilla y Le\u00f3n)<\/h2>\n\n\n\n<figure class=\"wp-block-image size-large\"><img loading=\"lazy\" decoding=\"async\" width=\"1024\" height=\"683\" src=\"https:\/\/www.escapadarural.com\/blog\/wp-content\/uploads\/2025\/03\/AdobeStock_644958902-1024x683.webp\" alt=\"Bulnes, el pueblo asturiano en los Picos de Europa\" class=\"wp-image-197716\"\/><figcaption class=\"wp-element-caption\">Bulnes, el pueblo asturiano en los Picos de Europa. Por Mike Workman<\/figcaption><\/figure>\n\n\n<div style=\"border: 3px solid #000000; border-radius: 0%; background-color: inherit; \" class=\"ub-styled-box ub-bordered-box wp-block-ub-styled-box\" id=\"ub-styled-box-0495e360-1ca5-4986-b2da-0bd342b25ea8\">\n<p id=\"ub-styled-box-bordered-content-\">1,7 millones de visitantes<\/p>\n\n\n<\/div>\n\n\n<p>Monta\u00f1as imponentes, lagos de postal, senderos que te adentran en la naturaleza m\u00e1s abrupta\u2026 Los <a href=\"\/blog\/rutas-de-los-picos-de-europa\/\">Picos de Europa<\/a> son uno de los espacios naturales m\u00e1s impresionantes del norte. Tambi\u00e9n es el <strong>primer parque nacional de Espa\u00f1a<\/strong>. Fue declarado el 22 de julio de 1918, aunque en aquel momento solo abarcaba el <strong>Parque Nacional de la Monta\u00f1a de Covadonga<\/strong>. No ser\u00eda hasta 1995 cuando se integrar\u00eda el resto del territorio de los Picos de Europa, pertenecientes a Le\u00f3n y Cantabria<\/p>\n\n\n\n<p>Algunos de los lugares m\u00e1s populares son los <strong>lagos de Covadonga y la <a href=\"\/blog\/guia-para-hacer-la-ruta-del-cares\/\">Ruta del Cares<\/a><\/strong>. Hay que decir que, aunque son dos de las maravillas que visitar en Asturias, en verano la zona puede llegar a estar masificada. Es preferible ir en primavera u oto\u00f1o, fuera de la temporada alta y cuando el clima sea favorable.\u00a0<\/p>\n\n\n\n<p>El <strong>Naranjo de Bulnes<\/strong>, conocido como <em>picu<\/em> Urriellu en asturiano, es la monta\u00f1a m\u00e1s famosa del parque y todo un reto para los escaladores. No tanto por su altura, sino por sus paredes verticales. Otros lugares de inter\u00e9s que merecen una visita son <a href=\"\/blog\/bulnes-el-pueblo-sin-carretera\/\">Bulnes<\/a>, el <strong>pueblo sin tr\u00e1fico<\/strong>; <a href=\"\/blog\/el-teleferico-de-fuente-de\/\">Fuente D\u00e9<\/a>, un telef\u00e9rico con unas vistas espectaculares; el mirador de Ordiales, uno de los puntos m\u00e1s panor\u00e1micos del parque; Ria\u00f1o, que es como un <a href=\"\/blog\/destinos-que-parecen-sacados-de-disney\/\">pueblo Disney<\/a>; o <a href=\"\/blog\/48-horas-en-potes\/\">Potes<\/a>, que est\u00e1 entre los <a href=\"\/blog\/pueblos-mas-bonitos-de-cantabria\/\">pueblos m\u00e1s bonitos de Cantabria<\/a>.\u00a0<\/p>\n\n\n\n<div class=\"wp-block-buttons is-layout-flex wp-block-buttons-is-layout-flex\">\n<div class=\"wp-block-button\"><a class=\"wp-block-button__link wp-element-button\" href=\"\/casas-rurales\/picos-de-europa\">Alojamientos rurales en los Picos de Europa<\/a><\/div>\n<\/div>\n\n\n\n<h2 class=\"wp-block-heading\" id=\"h-parque-nacional-de-timanfaya-lanzarote\">Parque Nacional de Timanfaya (Lanzarote)<\/h2>\n\n\n\n<figure class=\"wp-block-image size-large\"><img loading=\"lazy\" decoding=\"async\" width=\"1024\" height=\"683\" src=\"https:\/\/www.escapadarural.com\/blog\/wp-content\/uploads\/2025\/03\/AdobeStock_494845979-1024x683.webp\" alt=\"Parque Nacional de Timanfaya, en Lanzarote (Islas Canarias)\" class=\"wp-image-197717\"\/><figcaption class=\"wp-element-caption\">Parque Nacional de Timanfaya, en Lanzarote (Islas Canarias). Por Paul<\/figcaption><\/figure>\n\n\n<div style=\"border: 3px solid #000000; border-radius: 0%; background-color: inherit; \" class=\"ub-styled-box ub-bordered-box wp-block-ub-styled-box\" id=\"ub-styled-box-1e446398-7131-4c6e-812c-200128125917\">\n<p id=\"ub-styled-box-bordered-content-\">1,6 millones de visitantes<\/p>\n\n\n<\/div>\n\n\n<p><a href=\"\/blog\/que-hacer-en-lanzarote\/\">Lanzarote<\/a> es una isla con un paisaje \u00fanico. Su <strong>color anaranjado, los volcanes y los suelos \u00e1ridos<\/strong> del <a href=\"\/blog\/ruta-de-los-volcanes-del-parque-nacional-de-timanfaya\/\">Parque Nacional de Timanfaya<\/a> recuerdan a las im\u00e1genes que hemos visto de Marte. Es como si estuvi\u00e9semos en otro planeta.<\/p>\n\n\n\n<p>Las espectaculares monta\u00f1as de fuego &#8211;<strong>colinas de origen volc\u00e1nico<\/strong>&#8211; y los cr\u00e1teres se recorren en un autob\u00fas tur\u00edstico. C\u00f3modamente sentados iremos oyendo la historia del lugar mientras contemplamos su belleza desde la ventanilla.&nbsp;<\/p>\n\n\n\n<p>La visita nos lleva hasta el <strong>Islote de Hilario<\/strong>, donde est\u00e1 el Centro de visitantes y en donde los gu\u00edas hacen <strong>demostraciones de calor volc\u00e1nico<\/strong>. Aqu\u00ed est\u00e1 uno de los focos t\u00e9rmicos m\u00e1s representativos del parque. Otra de las visitas m\u00e1s populares es la <strong>ruta a la Caldera Blanca<\/strong>, que nos lleva hasta la cima de un cr\u00e1ter pasando por un extenso campo negro de rocas de origen volc\u00e1nico conocido como malpa\u00eds.&nbsp;<\/p>\n\n\n\n<div class=\"wp-block-buttons is-layout-flex wp-block-buttons-is-layout-flex\">\n<div class=\"wp-block-button\"><a class=\"wp-block-button__link wp-element-button\" href=\"\/casas-rurales\/parque-nacional-de-timanfaya\">Alojamientos rurales en Timanfaya<\/a><\/div>\n<\/div>\n\n\n\n<h2 class=\"wp-block-heading\" id=\"h-parque-nacional-de-garajonay-la-gomera-nbsp\">Parque Nacional de Garajonay (La Gomera)&nbsp;<\/h2>\n\n\n\n<figure class=\"wp-block-image size-full\"><img loading=\"lazy\" decoding=\"async\" width=\"1024\" height=\"682\" src=\"https:\/\/www.escapadarural.com\/blog\/wp-content\/uploads\/2024\/03\/garajonay.webp\" alt=\"Parque Nacional de Garajonay, La Gomera (Canarias)\" class=\"wp-image-196182\" srcset=\"https:\/\/www.escapadarural.com\/blog\/wp-content\/uploads\/2024\/03\/garajonay-200x133.webp 200w, https:\/\/www.escapadarural.com\/blog\/wp-content\/uploads\/2024\/03\/garajonay-300x200.webp 300w, https:\/\/www.escapadarural.com\/blog\/wp-content\/uploads\/2024\/03\/garajonay-400x266.webp 400w, https:\/\/www.escapadarural.com\/blog\/wp-content\/uploads\/2024\/03\/garajonay-600x400.webp 600w, https:\/\/www.escapadarural.com\/blog\/wp-content\/uploads\/2024\/03\/garajonay-768x512.webp 768w, https:\/\/www.escapadarural.com\/blog\/wp-content\/uploads\/2024\/03\/garajonay-800x533.webp 800w, https:\/\/www.escapadarural.com\/blog\/wp-content\/uploads\/2024\/03\/garajonay.webp 1024w\" sizes=\"auto, (max-width: 1024px) 100vw, 1024px\" \/><figcaption class=\"wp-element-caption\">Parque Nacional de Garajonay, La Gomera (Canarias). Por Pav-Pro Photography<\/figcaption><\/figure>\n\n\n<div style=\"border: 3px solid #000000; border-radius: 0%; background-color: inherit; \" class=\"ub-styled-box ub-bordered-box wp-block-ub-styled-box\" id=\"ub-styled-box-dcc36394-0a60-49e5-b725-7c551acf590d\">\n<p id=\"ub-styled-box-bordered-content-\">1,3 millones de visitantes<\/p>\n\n\n<\/div>\n\n\n<p>Seguimos en las Islas Canarias, esta vez en la Gomera, donde se encuentra el Parque Nacional de Garajonay, uno de los espacios naturales m\u00e1s visitados de Espa\u00f1a. \u00bfSab\u00edas que en su interior se encuentra un <strong>bosque de laurisilva que parece sacado de una pel\u00edcula de Disney<\/strong>? Este rinc\u00f3n verde es una de las mejores muestras de este tipo de vegetaci\u00f3n en las islas. Y es m\u00e1gico, pues hay d\u00edas en los que la niebla est\u00e1 tan baja que parece envolverlo en ella.&nbsp;<\/p>\n\n\n\n<p>El Alto de Garajonay es el punto m\u00e1s elevado de La Gomera, por lo que es visitado gracias a sus espectaculares vistas. Tambi\u00e9n los <strong>miradores de Los Roques<\/strong>, los guardianes rocosos que est\u00e1n a la entrada del Parque Nacional de Garajonay y que sobresalen como vig\u00edas.<\/p>\n\n\n\n<p>Otros lugares populares que merecen una visita son el <strong>bosque del Cedro<\/strong>, que cuenta con un ecosistema \u00fanico compuesto de majestuosos cedros; as\u00ed como la <strong>Laguna grande<\/strong>, una \u00e1rea recreativa desde donde parte una de las rutas m\u00e1s concurridas del parque.\u00a0<\/p>\n\n\n\n<div class=\"wp-block-buttons is-layout-flex wp-block-buttons-is-layout-flex\">\n<div class=\"wp-block-button\"><a class=\"wp-block-button__link wp-element-button\" href=\"\/casas-rurales\/parque-nacional-de-garajonay\">Alojamientos rurales en Garajonay<\/a><\/div>\n<\/div>\n\n\n\n<h2 class=\"wp-block-heading\" id=\"h-sierra-nevada-granada-y-almeria\">Sierra Nevada (Granada y Almer\u00eda)<\/h2>\n\n\n\n<figure class=\"wp-block-image size-large\"><img loading=\"lazy\" decoding=\"async\" width=\"1024\" height=\"637\" src=\"https:\/\/www.escapadarural.com\/blog\/wp-content\/uploads\/2025\/03\/AdobeStock_233224681-1024x637.webp\" alt=\"Parque Nacional de Sierra Nevada en Granada\" class=\"wp-image-197719\"\/><figcaption class=\"wp-element-caption\">Parque Nacional de Sierra Nevada, en Granada. Por Tomas<\/figcaption><\/figure>\n\n\n<div style=\"border: 3px solid #000000; border-radius: 0%; background-color: inherit; \" class=\"ub-styled-box ub-bordered-box wp-block-ub-styled-box\" id=\"ub-styled-box-709115c4-c710-4326-8758-3b73d0d51f36\">\n<p id=\"ub-styled-box-bordered-content-\">M\u00e1s de 500.000 visitantes (el informe de <em>Visitantes en la Red de Parques Nacionales<\/em> no da el dato exacto)<\/p>\n\n\n<\/div>\n\n\n<p>Ubicado en Andaluc\u00eda, entre las provincias de Granada y Almer\u00eda, el Parque Nacional de Sierra Nevada es un espacio natural que combina <strong>monta\u00f1as imponentes, biodiversidad y una gran tradici\u00f3n cultural<\/strong>. En invierno se convierte en imprescindible para los amantes del esqu\u00ed, \u00bfsab\u00edas que en sus pistas <a href=\"\/blog\/donde-se-rodo-la-sociedad-de-la-nieve\/\">se rod\u00f3 la pel\u00edcula de <em>La sociedad de la nieve<\/em><\/a>? En verano, en cambio, lo visitan senderistas de todos los niveles.<\/p>\n\n\n\n<p>La raz\u00f3n por la que es tan visitado es sencilla: aqu\u00ed se encuentra el pico m\u00e1s alto de la pen\u00ednsula ib\u00e9rica: el Mulhac\u00e9n (3.478m), perfecto para quienes buscan retos en la monta\u00f1a. Adem\u00e1s, su ecosistema es de los m\u00e1s ricos de Europa, con especies end\u00e9micas que solo pueden encontrarse aqu\u00ed.<\/p>\n\n\n\n<p>Entre sus puntos de inter\u00e9s destacan la <a href=\"\/blog\/5-pueblos-imprescindibles-de-la-alpujarra\/\">Alpujarra granadina<\/a>, con sus pueblos blancos de origen morisco; el observatorio, ideal para contemplar el cielo nocturno; y la laguna de la Caldera, la m\u00e1s grande de Sierra Nevada, que est\u00e1 escondida entre monta\u00f1as.<\/p>\n\n\n\n<div class=\"wp-block-buttons is-layout-flex wp-block-buttons-is-layout-flex\">\n<div class=\"wp-block-button\"><a class=\"wp-block-button__link wp-element-button\" href=\"\/casas-rurales\/sierra-nevada\">Alojamientos rurales en Sierra Nevada<\/a><\/div>\n<\/div>\n\n\n\n<h2 class=\"wp-block-heading\" id=\"h-parque-nacional-de-ordesa-y-monte-perdido-huesca\">Parque Nacional de Ordesa y Monte Perdido (Huesca)<\/h2>\n\n\n\n<figure class=\"wp-block-image size-full\"><img loading=\"lazy\" decoding=\"async\" width=\"1024\" height=\"682\" src=\"https:\/\/www.escapadarural.com\/blog\/wp-content\/uploads\/2022\/07\/fajaflores.webp\" alt=\"La Faja de las Flores, Ordesa (Huesca)\" class=\"wp-image-197624\" srcset=\"https:\/\/www.escapadarural.com\/blog\/wp-content\/uploads\/2022\/07\/fajaflores-200x133.webp 200w, https:\/\/www.escapadarural.com\/blog\/wp-content\/uploads\/2022\/07\/fajaflores-300x200.webp 300w, https:\/\/www.escapadarural.com\/blog\/wp-content\/uploads\/2022\/07\/fajaflores-400x266.webp 400w, https:\/\/www.escapadarural.com\/blog\/wp-content\/uploads\/2022\/07\/fajaflores-600x400.webp 600w, https:\/\/www.escapadarural.com\/blog\/wp-content\/uploads\/2022\/07\/fajaflores-768x512.webp 768w, https:\/\/www.escapadarural.com\/blog\/wp-content\/uploads\/2022\/07\/fajaflores-800x533.webp 800w, https:\/\/www.escapadarural.com\/blog\/wp-content\/uploads\/2022\/07\/fajaflores.webp 1024w\" sizes=\"auto, (max-width: 1024px) 100vw, 1024px\" \/><figcaption class=\"wp-element-caption\">La Faja de las Flores, Ordesa (Huesca). Por Lukasz Janyst<\/figcaption><\/figure>\n\n\n<div style=\"border: 3px solid #000000; border-radius: 0%; background-color: inherit; \" class=\"ub-styled-box ub-bordered-box wp-block-ub-styled-box\" id=\"ub-styled-box-368e8e4f-eb70-4e91-a76d-f85b04645839\">\n<p id=\"ub-styled-box-bordered-content-\">M\u00e1s de 500.000 visitantes (el informe de <em>Visitantes en la Red de Parques Nacionales<\/em> no da el dato exacto)<\/p>\n\n\n<\/div>\n\n\n<p>Valles glaciares, cascadas y frondosos bosques donde se esconden algunos de los <a href=\"\/blog\/pueblos-mas-bonitos-de-huesca\/\">pueblos m\u00e1s bonitos de Huesca<\/a>. Ordesa y Monte Perdido es el n\u00facleo duro del Pirineo aragon\u00e9s y el <strong>segundo parque nacional m\u00e1s antiguo de Espa\u00f1a<\/strong>.\u00a0<\/p>\n\n\n\n<p>Es un para\u00edso para los amantes del senderismo. Quiz\u00e1 no sea de los m\u00e1s visitados, aunque es bien sabido que es el favorito de los m\u00e1s aventureros. En \u00e9l podemos encontrar joyas naturales como el valle de Ordesa, de origen glaciar y declarado <strong>patrimonio de la humanidad<\/strong>. El circo de Soaso, que es como un anfiteatro natural; y su joya de la corona: la <a href=\"\/blog\/ruta-a-la-cascada-de-la-cola-de-caballo\/\">cascada Cola de Caballo<\/a>, la m\u00e1s visitada del parque.\u00a0<\/p>\n\n\n\n<p>Uno de sus <strong>senderos m\u00e1s populares<\/strong> es la Faja de las Flores, que ofrece vistas panor\u00e1micas. Y el pico m\u00e1s alto es Monte Perdido, que con m\u00e1s de 3.300 metros es uno de los favoritos para los monta\u00f1eros expertos.\u00a0<\/p>\n\n\n\n<div class=\"wp-block-buttons is-layout-flex wp-block-buttons-is-layout-flex\">\n<div class=\"wp-block-button\"><a class=\"wp-block-button__link wp-element-button\" href=\"\/casas-rurales\/ordesa-y-monte-perdido\">Alojamientos rurales en Ordesa y Monte Perdido<\/a><\/div>\n<\/div>\n\n\n\n<h2 class=\"wp-block-heading\" id=\"h-parque-nacional-de-aiguestortes-i-estany-de-sant-maurici-lleida\">Parque Nacional de Aig\u00fcestortes i Estany de Sant Maurici (Lleida)<\/h2>\n\n\n\n<figure class=\"wp-block-image size-large\"><img loading=\"lazy\" decoding=\"async\" width=\"1024\" height=\"1024\" src=\"https:\/\/www.escapadarural.com\/blog\/wp-content\/uploads\/2025\/03\/Aiguestortes-1024x1024.webp\" alt=\"Aig\u00fcestortes, Lleida\" class=\"wp-image-197239\" srcset=\"https:\/\/www.escapadarural.com\/blog\/wp-content\/uploads\/2025\/03\/Aiguestortes-66x66.webp 66w, https:\/\/www.escapadarural.com\/blog\/wp-content\/uploads\/2025\/03\/Aiguestortes-150x150.webp 150w, https:\/\/www.escapadarural.com\/blog\/wp-content\/uploads\/2025\/03\/Aiguestortes-200x200.webp 200w, https:\/\/www.escapadarural.com\/blog\/wp-content\/uploads\/2025\/03\/Aiguestortes-300x300.webp 300w, https:\/\/www.escapadarural.com\/blog\/wp-content\/uploads\/2025\/03\/Aiguestortes-400x400.webp 400w, https:\/\/www.escapadarural.com\/blog\/wp-content\/uploads\/2025\/03\/Aiguestortes-600x600.webp 600w, https:\/\/www.escapadarural.com\/blog\/wp-content\/uploads\/2025\/03\/Aiguestortes-768x768.webp 768w, https:\/\/www.escapadarural.com\/blog\/wp-content\/uploads\/2025\/03\/Aiguestortes-800x800.webp 800w, https:\/\/www.escapadarural.com\/blog\/wp-content\/uploads\/2025\/03\/Aiguestortes-1024x1024.webp 1024w, https:\/\/www.escapadarural.com\/blog\/wp-content\/uploads\/2025\/03\/Aiguestortes.webp 1080w\" sizes=\"auto, (max-width: 1024px) 100vw, 1024px\" \/><figcaption class=\"wp-element-caption\">Aig\u00fcestortes, Lleida. Por: Alberto Gonzalez<\/figcaption><\/figure>\n\n\n<div style=\"border: 3px solid #000000; border-radius: 0%; background-color: inherit; \" class=\"ub-styled-box ub-bordered-box wp-block-ub-styled-box\" id=\"ub-styled-box-029dbc9c-f64c-4dca-9486-2f1ab2d671d4\">\n<p id=\"ub-styled-box-bordered-content-\">M\u00e1s de 500.000 visitantes (el informe de <em>Visitantes en la Red de Parques Nacionales<\/em> no da el dato exacto)<\/p>\n\n\n<\/div>\n\n\n<p>Seguimos en los Pirineos. En esta ocasi\u00f3n, nos desplazamos hasta Lleida, al <strong>Parque Nacional de Aig\u00fcestortes i Estany de Sant Maurici<\/strong>, que con m\u00e1s de 550.000 visitantes, es uno de los espacios naturales de Espa\u00f1a m\u00e1s visitados.\u00a0<\/p>\n\n\n\n<p>Un para\u00edso alpino en el que podemos encontrar lagos de aguas cristalinas como el ic\u00f3nico <em>estany<\/em> de Sant Maurici (lago de San Mauricio en castellano); y el <em>estany<\/em> de Ratera, que parece sacado de una postal. <strong>El paisaje est\u00e1 dominado por Els Encantats<\/strong>, dos enormes picos pr\u00e1cticamente gemelos que logran superar los 2.700 metros de alto.&nbsp;<\/p>\n\n\n\n<p>Otros lugares populares del parque son el <strong>mirador del Portarr\u00f3<\/strong>, que ofrece unas preciosas vistas; as\u00ed como la <a href=\"\/blog\/ruta-por-el-vall-de-boi\/\">ruta por el <em>vall<\/em> de Bo\u00ed<\/a>, famoso por su conjunto de iglesias rom\u00e1nicas.\u00a0<\/p>\n\n\n\n<div class=\"wp-block-buttons is-layout-flex wp-block-buttons-is-layout-flex\">\n<div class=\"wp-block-button\"><a class=\"wp-block-button__link wp-element-button\" href=\"\/casas-rurales\/aigueestortes-i-estany-de-sant-maurici\">Alojamientos rurales en Aig\u00fcestortes i Estany de Sant Maurici<\/a><\/div>\n<\/div>\n","protected":false},"excerpt":{"rendered":"<p>Espa\u00f1a cuenta con un total de 16 parques nacionales repartidos  [&#8230;]<\/p>\n","protected":false},"author":89,"featured_media":197719,"comment_status":"open","ping_status":"open","sticky":false,"template":"","format":"standard","meta":{"_acf_changed":false,"om_disable_all_campaigns":false,"footnotes":""},"categories":[191],"tags":[259,331,1050,6764,704,2419,2060,1001,1456,313,2422],"class_list":["post-197704","post","type-post","status-publish","format-standard","has-post-thumbnail","hentry","category-destinos","tag-aiguestortes","tag-espana","tag-garajonay","tag-imprescindibles","tag-ordesa-y-monte-perdido","tag-parque-nacional-sierra-de-guadarrama","tag-parques-nacionales","tag-picos-de-europa","tag-sierra-nevada","tag-teide","tag-timanfaya"],"acf":[],"featured_image_src":"https:\/\/www.escapadarural.com\/blog\/wp-content\/uploads\/2025\/03\/AdobeStock_233224681-scaled-e1742564076647.webp","author_info":{"display_name":"Laura Fern\u00e1ndez","author_link":"https:\/\/www.escapadarural.com\/blog\/autor\/laura\/"},"yoast_head":"<!-- This site is optimized with the Yoast SEO plugin v27.5 - https:\/\/yoast.com\/product\/yoast-seo-wordpress\/ -->\n<title>Los 8 parques nacionales de Espa\u00f1a m\u00e1s visitados<\/title>\n<meta name=\"description\" content=\"Un paseo por los parques nacionales m\u00e1s visitados de nuestros pa\u00eds en los \u00faltimos a\u00f1os y por los rincones m\u00e1s populares.\" \/>\n<meta name=\"robots\" content=\"index, follow, max-snippet:-1, max-image-preview:large, max-video-preview:-1\" \/>\n<link rel=\"canonical\" href=\"https:\/\/www.escapadarural.com\/blog\/parques-nacionales-mas-visitados-de-espana\/\" \/>\n<meta property=\"og:locale\" content=\"es_ES\" \/>\n<meta property=\"og:type\" content=\"article\" \/>\n<meta property=\"og:title\" content=\"Los 8 parques nacionales de Espa\u00f1a m\u00e1s visitados\" \/>\n<meta property=\"og:description\" content=\"Un paseo por los parques nacionales m\u00e1s visitados de nuestros pa\u00eds en los \u00faltimos a\u00f1os y por los rincones m\u00e1s populares.\" \/>\n<meta property=\"og:url\" content=\"https:\/\/www.escapadarural.com\/blog\/parques-nacionales-mas-visitados-de-espana\/\" \/>\n<meta property=\"og:site_name\" content=\"Magazine de viajes de EscapadaRural\" \/>\n<meta property=\"article:publisher\" content=\"https:\/\/www.facebook.com\/escapadarural\" \/>\n<meta property=\"article:published_time\" content=\"2025-04-04T07:31:50+00:00\" \/>\n<meta property=\"article:modified_time\" content=\"2026-02-17T16:07:58+00:00\" \/>\n<meta property=\"og:image\" content=\"https:\/\/www.escapadarural.com\/blog\/wp-content\/uploads\/2025\/03\/AdobeStock_233224681-scaled-e1742564076647.webp\" \/>\n\t<meta property=\"og:image:width\" content=\"1024\" \/>\n\t<meta property=\"og:image:height\" content=\"637\" \/>\n\t<meta property=\"og:image:type\" content=\"image\/webp\" \/>\n<meta name=\"author\" content=\"Laura Fern\u00e1ndez\" \/>\n<meta name=\"twitter:card\" content=\"summary_large_image\" \/>\n<meta name=\"twitter:label1\" content=\"Escrito por\" \/>\n\t<meta name=\"twitter:data1\" content=\"Laura Fern\u00e1ndez\" \/>\n\t<meta name=\"twitter:label2\" content=\"Tiempo de lectura\" \/>\n\t<meta name=\"twitter:data2\" content=\"11 minutos\" \/>\n<script type=\"application\/ld+json\" class=\"yoast-schema-graph\">{\"@context\":\"https:\\\/\\\/schema.org\",\"@graph\":[{\"@type\":\"Article\",\"@id\":\"https:\\\/\\\/www.escapadarural.com\\\/blog\\\/parques-nacionales-mas-visitados-de-espana\\\/#article\",\"isPartOf\":{\"@id\":\"https:\\\/\\\/www.escapadarural.com\\\/blog\\\/parques-nacionales-mas-visitados-de-espana\\\/\"},\"author\":{\"name\":\"Laura Fern\u00e1ndez\",\"@id\":\"https:\\\/\\\/www.escapadarural.com\\\/blog\\\/#\\\/schema\\\/person\\\/a9b46ae4d047d8a2c719f31e75206cff\"},\"headline\":\"Los 8 parques nacionales m\u00e1s visitados de Espa\u00f1a\",\"datePublished\":\"2025-04-04T07:31:50+00:00\",\"dateModified\":\"2026-02-17T16:07:58+00:00\",\"mainEntityOfPage\":{\"@id\":\"https:\\\/\\\/www.escapadarural.com\\\/blog\\\/parques-nacionales-mas-visitados-de-espana\\\/\"},\"wordCount\":1911,\"commentCount\":1,\"publisher\":{\"@id\":\"https:\\\/\\\/www.escapadarural.com\\\/blog\\\/#organization\"},\"image\":{\"@id\":\"https:\\\/\\\/www.escapadarural.com\\\/blog\\\/parques-nacionales-mas-visitados-de-espana\\\/#primaryimage\"},\"thumbnailUrl\":\"https:\\\/\\\/www.escapadarural.com\\\/blog\\\/wp-content\\\/uploads\\\/2025\\\/03\\\/AdobeStock_233224681-scaled-e1742564076647.webp\",\"keywords\":[\"Aig\u00fcestortes\",\"Espa\u00f1a\",\"Garajonay\",\"Imprescindibles\",\"Ordesa y Monte Perdido\",\"Parque Nacional Sierra de Guadarrama\",\"Parques Nacionales\",\"Qu\u00e9 ver en los Picos de Europa\",\"Sierra Nevada\",\"Teide\",\"Timanfaya\"],\"articleSection\":[\"Destinos\"],\"inLanguage\":\"es\",\"potentialAction\":[{\"@type\":\"CommentAction\",\"name\":\"Comment\",\"target\":[\"https:\\\/\\\/www.escapadarural.com\\\/blog\\\/parques-nacionales-mas-visitados-de-espana\\\/#respond\"]}]},{\"@type\":\"WebPage\",\"@id\":\"https:\\\/\\\/www.escapadarural.com\\\/blog\\\/parques-nacionales-mas-visitados-de-espana\\\/\",\"url\":\"https:\\\/\\\/www.escapadarural.com\\\/blog\\\/parques-nacionales-mas-visitados-de-espana\\\/\",\"name\":\"Los 8 parques nacionales de Espa\u00f1a m\u00e1s visitados\",\"isPartOf\":{\"@id\":\"https:\\\/\\\/www.escapadarural.com\\\/blog\\\/#website\"},\"primaryImageOfPage\":{\"@id\":\"https:\\\/\\\/www.escapadarural.com\\\/blog\\\/parques-nacionales-mas-visitados-de-espana\\\/#primaryimage\"},\"image\":{\"@id\":\"https:\\\/\\\/www.escapadarural.com\\\/blog\\\/parques-nacionales-mas-visitados-de-espana\\\/#primaryimage\"},\"thumbnailUrl\":\"https:\\\/\\\/www.escapadarural.com\\\/blog\\\/wp-content\\\/uploads\\\/2025\\\/03\\\/AdobeStock_233224681-scaled-e1742564076647.webp\",\"datePublished\":\"2025-04-04T07:31:50+00:00\",\"dateModified\":\"2026-02-17T16:07:58+00:00\",\"description\":\"Un paseo por los parques nacionales m\u00e1s visitados de nuestros pa\u00eds en los \u00faltimos a\u00f1os y por los rincones m\u00e1s populares.\",\"breadcrumb\":{\"@id\":\"https:\\\/\\\/www.escapadarural.com\\\/blog\\\/parques-nacionales-mas-visitados-de-espana\\\/#breadcrumb\"},\"inLanguage\":\"es\",\"potentialAction\":[{\"@type\":\"ReadAction\",\"target\":[\"https:\\\/\\\/www.escapadarural.com\\\/blog\\\/parques-nacionales-mas-visitados-de-espana\\\/\"]}]},{\"@type\":\"ImageObject\",\"inLanguage\":\"es\",\"@id\":\"https:\\\/\\\/www.escapadarural.com\\\/blog\\\/parques-nacionales-mas-visitados-de-espana\\\/#primaryimage\",\"url\":\"https:\\\/\\\/www.escapadarural.com\\\/blog\\\/wp-content\\\/uploads\\\/2025\\\/03\\\/AdobeStock_233224681-scaled-e1742564076647.webp\",\"contentUrl\":\"https:\\\/\\\/www.escapadarural.com\\\/blog\\\/wp-content\\\/uploads\\\/2025\\\/03\\\/AdobeStock_233224681-scaled-e1742564076647.webp\",\"width\":1024,\"height\":637,\"caption\":\"Parque Nacional de Sierra Nevada, en Granada. Por Tomas\"},{\"@type\":\"BreadcrumbList\",\"@id\":\"https:\\\/\\\/www.escapadarural.com\\\/blog\\\/parques-nacionales-mas-visitados-de-espana\\\/#breadcrumb\",\"itemListElement\":[{\"@type\":\"ListItem\",\"position\":1,\"name\":\"Inicio\",\"item\":\"https:\\\/\\\/www.escapadarural.com\\\/blog\\\/\"},{\"@type\":\"ListItem\",\"position\":2,\"name\":\"Destinos\",\"item\":\"https:\\\/\\\/www.escapadarural.com\\\/blog\\\/categoria\\\/destinos\\\/\"},{\"@type\":\"ListItem\",\"position\":3,\"name\":\"Los 8 parques nacionales m\u00e1s visitados de Espa\u00f1a\"}]},{\"@type\":\"WebSite\",\"@id\":\"https:\\\/\\\/www.escapadarural.com\\\/blog\\\/#website\",\"url\":\"https:\\\/\\\/www.escapadarural.com\\\/blog\\\/\",\"name\":\"Blog de viajes | turismo rural, alojamientos e inspiraci\u00f3n\",\"description\":\"Alojamientos rurales e inspiraci\u00f3n para tus escapadas\",\"publisher\":{\"@id\":\"https:\\\/\\\/www.escapadarural.com\\\/blog\\\/#organization\"},\"alternateName\":\"Magazine de viajes de EscapadaRural\",\"potentialAction\":[{\"@type\":\"SearchAction\",\"target\":{\"@type\":\"EntryPoint\",\"urlTemplate\":\"https:\\\/\\\/www.escapadarural.com\\\/blog\\\/?s={search_term_string}\"},\"query-input\":{\"@type\":\"PropertyValueSpecification\",\"valueRequired\":true,\"valueName\":\"search_term_string\"}}],\"inLanguage\":\"es\"},{\"@type\":\"Organization\",\"@id\":\"https:\\\/\\\/www.escapadarural.com\\\/blog\\\/#organization\",\"name\":\"EscapadaRural\",\"url\":\"https:\\\/\\\/www.escapadarural.com\\\/blog\\\/\",\"logo\":{\"@type\":\"ImageObject\",\"inLanguage\":\"es\",\"@id\":\"https:\\\/\\\/www.escapadarural.com\\\/blog\\\/#\\\/schema\\\/logo\\\/image\\\/\",\"url\":\"https:\\\/\\\/www.escapadarural.com\\\/blog\\\/wp-content\\\/uploads\\\/2024\\\/10\\\/cropped-cropped-escapada-rural-icon-mag-3.png\",\"contentUrl\":\"https:\\\/\\\/www.escapadarural.com\\\/blog\\\/wp-content\\\/uploads\\\/2024\\\/10\\\/cropped-cropped-escapada-rural-icon-mag-3.png\",\"width\":512,\"height\":512,\"caption\":\"EscapadaRural\"},\"image\":{\"@id\":\"https:\\\/\\\/www.escapadarural.com\\\/blog\\\/#\\\/schema\\\/logo\\\/image\\\/\"},\"sameAs\":[\"https:\\\/\\\/www.facebook.com\\\/escapadarural\",\"https:\\\/\\\/www.instagram.com\\\/escapadarural\\\/\",\"https:\\\/\\\/www.youtube.com\\\/@escapadaruralcom\"]},{\"@type\":\"Person\",\"@id\":\"https:\\\/\\\/www.escapadarural.com\\\/blog\\\/#\\\/schema\\\/person\\\/a9b46ae4d047d8a2c719f31e75206cff\",\"name\":\"Laura Fern\u00e1ndez\",\"image\":{\"@type\":\"ImageObject\",\"inLanguage\":\"es\",\"@id\":\"https:\\\/\\\/www.escapadarural.com\\\/blog\\\/wp-content\\\/uploads\\\/2025\\\/01\\\/cropped-laura_raponchii-96x96.jpg\",\"url\":\"https:\\\/\\\/www.escapadarural.com\\\/blog\\\/wp-content\\\/uploads\\\/2025\\\/01\\\/cropped-laura_raponchii-96x96.jpg\",\"contentUrl\":\"https:\\\/\\\/www.escapadarural.com\\\/blog\\\/wp-content\\\/uploads\\\/2025\\\/01\\\/cropped-laura_raponchii-96x96.jpg\",\"caption\":\"Laura Fern\u00e1ndez\"},\"description\":\"Periodista, blogger y viajera. No necesariamente en ese orden. En ocasiones me despierto sin saber d\u00f3nde estoy. Adicta a los c\u00f3mics y a los noodles con salsa de cacahuete. Redactora en @escapadarural, colaboradora en la Conde Nast Traveler y en la Divinity. Mi casa: Meridiano180.\",\"sameAs\":[\"http:\\\/\\\/www.meridiano180.com\\\/\"],\"url\":\"https:\\\/\\\/www.escapadarural.com\\\/blog\\\/autor\\\/laura\\\/\"}]}<\/script>\n<!-- \/ Yoast SEO plugin. -->","yoast_head_json":{"title":"Los 8 parques nacionales de Espa\u00f1a m\u00e1s visitados","description":"Un paseo por los parques nacionales m\u00e1s visitados de nuestros pa\u00eds en los \u00faltimos a\u00f1os y por los rincones m\u00e1s populares.","robots":{"index":"index","follow":"follow","max-snippet":"max-snippet:-1","max-image-preview":"max-image-preview:large","max-video-preview":"max-video-preview:-1"},"canonical":"https:\/\/www.escapadarural.com\/blog\/parques-nacionales-mas-visitados-de-espana\/","og_locale":"es_ES","og_type":"article","og_title":"Los 8 parques nacionales de Espa\u00f1a m\u00e1s visitados","og_description":"Un paseo por los parques nacionales m\u00e1s visitados de nuestros pa\u00eds en los \u00faltimos a\u00f1os y por los rincones m\u00e1s populares.","og_url":"https:\/\/www.escapadarural.com\/blog\/parques-nacionales-mas-visitados-de-espana\/","og_site_name":"Magazine de viajes de EscapadaRural","article_publisher":"https:\/\/www.facebook.com\/escapadarural","article_published_time":"2025-04-04T07:31:50+00:00","article_modified_time":"2026-02-17T16:07:58+00:00","og_image":[{"width":1024,"height":637,"url":"https:\/\/www.escapadarural.com\/blog\/wp-content\/uploads\/2025\/03\/AdobeStock_233224681-scaled-e1742564076647.webp","type":"image\/webp"}],"author":"Laura Fern\u00e1ndez","twitter_card":"summary_large_image","twitter_misc":{"Escrito por":"Laura Fern\u00e1ndez","Tiempo de lectura":"11 minutos"},"schema":{"@context":"https:\/\/schema.org","@graph":[{"@type":"Article","@id":"https:\/\/www.escapadarural.com\/blog\/parques-nacionales-mas-visitados-de-espana\/#article","isPartOf":{"@id":"https:\/\/www.escapadarural.com\/blog\/parques-nacionales-mas-visitados-de-espana\/"},"author":{"name":"Laura Fern\u00e1ndez","@id":"https:\/\/www.escapadarural.com\/blog\/#\/schema\/person\/a9b46ae4d047d8a2c719f31e75206cff"},"headline":"Los 8 parques nacionales m\u00e1s visitados de Espa\u00f1a","datePublished":"2025-04-04T07:31:50+00:00","dateModified":"2026-02-17T16:07:58+00:00","mainEntityOfPage":{"@id":"https:\/\/www.escapadarural.com\/blog\/parques-nacionales-mas-visitados-de-espana\/"},"wordCount":1911,"commentCount":1,"publisher":{"@id":"https:\/\/www.escapadarural.com\/blog\/#organization"},"image":{"@id":"https:\/\/www.escapadarural.com\/blog\/parques-nacionales-mas-visitados-de-espana\/#primaryimage"},"thumbnailUrl":"https:\/\/www.escapadarural.com\/blog\/wp-content\/uploads\/2025\/03\/AdobeStock_233224681-scaled-e1742564076647.webp","keywords":["Aig\u00fcestortes","Espa\u00f1a","Garajonay","Imprescindibles","Ordesa y Monte Perdido","Parque Nacional Sierra de Guadarrama","Parques Nacionales","Qu\u00e9 ver en los Picos de Europa","Sierra Nevada","Teide","Timanfaya"],"articleSection":["Destinos"],"inLanguage":"es","potentialAction":[{"@type":"CommentAction","name":"Comment","target":["https:\/\/www.escapadarural.com\/blog\/parques-nacionales-mas-visitados-de-espana\/#respond"]}]},{"@type":"WebPage","@id":"https:\/\/www.escapadarural.com\/blog\/parques-nacionales-mas-visitados-de-espana\/","url":"https:\/\/www.escapadarural.com\/blog\/parques-nacionales-mas-visitados-de-espana\/","name":"Los 8 parques nacionales de Espa\u00f1a m\u00e1s visitados","isPartOf":{"@id":"https:\/\/www.escapadarural.com\/blog\/#website"},"primaryImageOfPage":{"@id":"https:\/\/www.escapadarural.com\/blog\/parques-nacionales-mas-visitados-de-espana\/#primaryimage"},"image":{"@id":"https:\/\/www.escapadarural.com\/blog\/parques-nacionales-mas-visitados-de-espana\/#primaryimage"},"thumbnailUrl":"https:\/\/www.escapadarural.com\/blog\/wp-content\/uploads\/2025\/03\/AdobeStock_233224681-scaled-e1742564076647.webp","datePublished":"2025-04-04T07:31:50+00:00","dateModified":"2026-02-17T16:07:58+00:00","description":"Un paseo por los parques nacionales m\u00e1s visitados de nuestros pa\u00eds en los \u00faltimos a\u00f1os y por los rincones m\u00e1s populares.","breadcrumb":{"@id":"https:\/\/www.escapadarural.com\/blog\/parques-nacionales-mas-visitados-de-espana\/#breadcrumb"},"inLanguage":"es","potentialAction":[{"@type":"ReadAction","target":["https:\/\/www.escapadarural.com\/blog\/parques-nacionales-mas-visitados-de-espana\/"]}]},{"@type":"ImageObject","inLanguage":"es","@id":"https:\/\/www.escapadarural.com\/blog\/parques-nacionales-mas-visitados-de-espana\/#primaryimage","url":"https:\/\/www.escapadarural.com\/blog\/wp-content\/uploads\/2025\/03\/AdobeStock_233224681-scaled-e1742564076647.webp","contentUrl":"https:\/\/www.escapadarural.com\/blog\/wp-content\/uploads\/2025\/03\/AdobeStock_233224681-scaled-e1742564076647.webp","width":1024,"height":637,"caption":"Parque Nacional de Sierra Nevada, en Granada. Por Tomas"},{"@type":"BreadcrumbList","@id":"https:\/\/www.escapadarural.com\/blog\/parques-nacionales-mas-visitados-de-espana\/#breadcrumb","itemListElement":[{"@type":"ListItem","position":1,"name":"Inicio","item":"https:\/\/www.escapadarural.com\/blog\/"},{"@type":"ListItem","position":2,"name":"Destinos","item":"https:\/\/www.escapadarural.com\/blog\/categoria\/destinos\/"},{"@type":"ListItem","position":3,"name":"Los 8 parques nacionales m\u00e1s visitados de Espa\u00f1a"}]},{"@type":"WebSite","@id":"https:\/\/www.escapadarural.com\/blog\/#website","url":"https:\/\/www.escapadarural.com\/blog\/","name":"Blog de viajes | turismo rural, alojamientos e inspiraci\u00f3n","description":"Alojamientos rurales e inspiraci\u00f3n para tus escapadas","publisher":{"@id":"https:\/\/www.escapadarural.com\/blog\/#organization"},"alternateName":"Magazine de viajes de EscapadaRural","potentialAction":[{"@type":"SearchAction","target":{"@type":"EntryPoint","urlTemplate":"https:\/\/www.escapadarural.com\/blog\/?s={search_term_string}"},"query-input":{"@type":"PropertyValueSpecification","valueRequired":true,"valueName":"search_term_string"}}],"inLanguage":"es"},{"@type":"Organization","@id":"https:\/\/www.escapadarural.com\/blog\/#organization","name":"EscapadaRural","url":"https:\/\/www.escapadarural.com\/blog\/","logo":{"@type":"ImageObject","inLanguage":"es","@id":"https:\/\/www.escapadarural.com\/blog\/#\/schema\/logo\/image\/","url":"https:\/\/www.escapadarural.com\/blog\/wp-content\/uploads\/2024\/10\/cropped-cropped-escapada-rural-icon-mag-3.png","contentUrl":"https:\/\/www.escapadarural.com\/blog\/wp-content\/uploads\/2024\/10\/cropped-cropped-escapada-rural-icon-mag-3.png","width":512,"height":512,"caption":"EscapadaRural"},"image":{"@id":"https:\/\/www.escapadarural.com\/blog\/#\/schema\/logo\/image\/"},"sameAs":["https:\/\/www.facebook.com\/escapadarural","https:\/\/www.instagram.com\/escapadarural\/","https:\/\/www.youtube.com\/@escapadaruralcom"]},{"@type":"Person","@id":"https:\/\/www.escapadarural.com\/blog\/#\/schema\/person\/a9b46ae4d047d8a2c719f31e75206cff","name":"Laura Fern\u00e1ndez","image":{"@type":"ImageObject","inLanguage":"es","@id":"https:\/\/www.escapadarural.com\/blog\/wp-content\/uploads\/2025\/01\/cropped-laura_raponchii-96x96.jpg","url":"https:\/\/www.escapadarural.com\/blog\/wp-content\/uploads\/2025\/01\/cropped-laura_raponchii-96x96.jpg","contentUrl":"https:\/\/www.escapadarural.com\/blog\/wp-content\/uploads\/2025\/01\/cropped-laura_raponchii-96x96.jpg","caption":"Laura Fern\u00e1ndez"},"description":"Periodista, blogger y viajera. No necesariamente en ese orden. En ocasiones me despierto sin saber d\u00f3nde estoy. Adicta a los c\u00f3mics y a los noodles con salsa de cacahuete. Redactora en @escapadarural, colaboradora en la Conde Nast Traveler y en la Divinity. Mi casa: Meridiano180.","sameAs":["http:\/\/www.meridiano180.com\/"],"url":"https:\/\/www.escapadarural.com\/blog\/autor\/laura\/"}]}},"_links":{"self":[{"href":"https:\/\/www.escapadarural.com\/blog\/wp-json\/wp\/v2\/posts\/197704","targetHints":{"allow":["GET"]}}],"collection":[{"href":"https:\/\/www.escapadarural.com\/blog\/wp-json\/wp\/v2\/posts"}],"about":[{"href":"https:\/\/www.escapadarural.com\/blog\/wp-json\/wp\/v2\/types\/post"}],"author":[{"embeddable":true,"href":"https:\/\/www.escapadarural.com\/blog\/wp-json\/wp\/v2\/users\/89"}],"replies":[{"embeddable":true,"href":"https:\/\/www.escapadarural.com\/blog\/wp-json\/wp\/v2\/comments?post=197704"}],"version-history":[{"count":0,"href":"https:\/\/www.escapadarural.com\/blog\/wp-json\/wp\/v2\/posts\/197704\/revisions"}],"wp:featuredmedia":[{"embeddable":true,"href":"https:\/\/www.escapadarural.com\/blog\/wp-json\/wp\/v2\/media\/197719"}],"wp:attachment":[{"href":"https:\/\/www.escapadarural.com\/blog\/wp-json\/wp\/v2\/media?parent=197704"}],"wp:term":[{"taxonomy":"category","embeddable":true,"href":"https:\/\/www.escapadarural.com\/blog\/wp-json\/wp\/v2\/categories?post=197704"},{"taxonomy":"post_tag","embeddable":true,"href":"https:\/\/www.escapadarural.com\/blog\/wp-json\/wp\/v2\/tags?post=197704"}],"curies":[{"name":"wp","href":"https:\/\/api.w.org\/{rel}","templated":true}]}}