{"id":197916,"date":"2025-04-26T08:00:00","date_gmt":"2025-04-26T06:00:00","guid":{"rendered":"https:\/\/www.escapadarural.com\/blog\/?p=197916"},"modified":"2025-04-25T12:37:22","modified_gmt":"2025-04-25T10:37:22","slug":"escuela-de-los-pueblos-espacio-formacion","status":"publish","type":"post","link":"https:\/\/www.escapadarural.com\/blog\/escuela-de-los-pueblos-espacio-formacion\/","title":{"rendered":"Escuela de los Pueblos: formaci\u00f3n para recuperar los saberes rurales"},"content":{"rendered":"\n<figure class=\"wp-block-image size-full\"><img loading=\"lazy\" decoding=\"async\" width=\"1024\" height=\"771\" src=\"https:\/\/www.escapadarural.com\/blog\/wp-content\/uploads\/2025\/03\/Escuela-de-los-Pueblos-1.webp\" alt=\"Proyecto de la Escuela de los Pueblos en Queceda de Valdivielso (Burgos)\" class=\"wp-image-197919\" srcset=\"https:\/\/www.escapadarural.com\/blog\/wp-content\/uploads\/2025\/03\/Escuela-de-los-Pueblos-1-200x151.webp 200w, https:\/\/www.escapadarural.com\/blog\/wp-content\/uploads\/2025\/03\/Escuela-de-los-Pueblos-1-300x226.webp 300w, https:\/\/www.escapadarural.com\/blog\/wp-content\/uploads\/2025\/03\/Escuela-de-los-Pueblos-1-400x301.webp 400w, https:\/\/www.escapadarural.com\/blog\/wp-content\/uploads\/2025\/03\/Escuela-de-los-Pueblos-1-600x452.webp 600w, https:\/\/www.escapadarural.com\/blog\/wp-content\/uploads\/2025\/03\/Escuela-de-los-Pueblos-1-768x578.webp 768w, https:\/\/www.escapadarural.com\/blog\/wp-content\/uploads\/2025\/03\/Escuela-de-los-Pueblos-1-800x602.webp 800w, https:\/\/www.escapadarural.com\/blog\/wp-content\/uploads\/2025\/03\/Escuela-de-los-Pueblos-1.webp 1024w\" sizes=\"auto, (max-width: 1024px) 100vw, 1024px\" \/><figcaption class=\"wp-element-caption\">Proyecto de la Escuela de los Pueblos en Quecedo de Valdivielso (Burgos). Por Escuela de los Pueblos<\/figcaption><\/figure>\n\n\n\n<p>La b\u00fasqueda de unas mejores condiciones de vida, pero tambi\u00e9n de la modernidad, empuj\u00f3 a miles de personas a <strong>emprender el conocido \u00e9xodo rural en Espa\u00f1a<\/strong> hacia la segunda mitad del siglo XX. Entonces, la ciudad representaba el progreso y la cultura, mientras que el pueblo, con unos tintes despectivos, era un territorio de personas supuestamente iletradas y de rudos modales. As\u00ed que las escuelas de los pueblos se fueron vaciando poco a poco y se fue perdiendo el relevo generacional.<\/p>\n\n\n\n<p>C\u00f3mo ha cambiado la cosa. Cuando la rueda asfixiante del casa-trabajo, trabajo-casa ha empujado \u2013nos ha empujado\u2013 a los urbanitas al reencuentro de las zonas rurales. Buscamos la <strong>reconexi\u00f3n con la naturaleza y sus tiempos<\/strong>. Y as\u00ed, hemos (re)descubierto la sabidur\u00eda de las personas que las habitan. Tambi\u00e9n la explosi\u00f3n de los huertos urbanos en las ciudades nos ha obligado a buscar tutoriales en Youtube con trucos para cultivar hechos por personas que viven en pueblos. \u00a1Los \u00abde ciudad\u00bb aprendiendo de los \u00abdel campo\u00bb!<\/p>\n\n\n\n<div class=\"wp-block-buttons is-layout-flex wp-block-buttons-is-layout-flex\">\n<div class=\"wp-block-button\"><a class=\"wp-block-button__link wp-element-button\" href=\"https:\/\/www.escapadarural.com\/\">Encuentra tu alojamiento rural<\/a><\/div>\n<\/div>\n\n\n\n<h2 class=\"wp-block-heading\" id=\"h-como-se-aprende-hoy-a-ordenar\"><strong>\u00bfC\u00f3mo se aprende hoy a orde\u00f1ar?<\/strong><\/h2>\n\n\n\n<figure class=\"wp-block-image size-full\"><img loading=\"lazy\" decoding=\"async\" width=\"1024\" height=\"684\" src=\"https:\/\/www.escapadarural.com\/blog\/wp-content\/uploads\/2024\/05\/Cuevas-1-2.webp\" alt=\"Agricultor sembrando ajos\" class=\"wp-image-75190\" srcset=\"https:\/\/www.escapadarural.com\/blog\/wp-content\/uploads\/2024\/05\/Cuevas-1-2-200x134.webp 200w, https:\/\/www.escapadarural.com\/blog\/wp-content\/uploads\/2024\/05\/Cuevas-1-2-300x200.webp 300w, https:\/\/www.escapadarural.com\/blog\/wp-content\/uploads\/2024\/05\/Cuevas-1-2-400x267.webp 400w, https:\/\/www.escapadarural.com\/blog\/wp-content\/uploads\/2024\/05\/Cuevas-1-2-600x401.webp 600w, https:\/\/www.escapadarural.com\/blog\/wp-content\/uploads\/2024\/05\/Cuevas-1-2-768x513.webp 768w, https:\/\/www.escapadarural.com\/blog\/wp-content\/uploads\/2024\/05\/Cuevas-1-2-800x534.webp 800w, https:\/\/www.escapadarural.com\/blog\/wp-content\/uploads\/2024\/05\/Cuevas-1-2.webp 1024w\" sizes=\"auto, (max-width: 1024px) 100vw, 1024px\" \/><figcaption class=\"wp-element-caption\">Agricultor sembrando ajos. Por alicjane<\/figcaption><\/figure>\n\n\n\n<p>Cuando hacemos turismo rural, son muchos los pueblos que han decidido honrar a esas personas y oficios que nos han alimentado, vestido o facilitado la vida durante siglos. Lo hacen con <strong>visitas guiadas y museos etnogr\u00e1ficos<\/strong> dedicados al pastoreo, a la sastrer\u00eda, a la m\u00fasica tradicional, etc. Unos oficios y saberes que se han transmitido de forma natural entre generaciones.<\/p>\n\n\n\n<p>Pero, \u00bfc\u00f3mo aprende hoy una persona a gestionar un reba\u00f1o y a orde\u00f1ar si hace d\u00e9cadas que se muri\u00f3 la \u00faltima pastora del pueblo? \u00bfC\u00f3mo se construye siguiendo una t\u00e9cnica tradicional, duradera y medioambientalmente sostenible si hace a\u00f1os que dej\u00f3 de emplearse? \u00bfC\u00f3mo se hace una <a href=\"\/blog\/entrevista-bea-iglesias-oficios-vivos\/\">cesta con paja de centeno<\/a>?<\/p>\n\n\n\n<h2 class=\"wp-block-heading\" id=\"h-una-escuela-para-aprender-los-saberes-populares\"><strong>Una escuela para aprender los saberes populares<\/strong><\/h2>\n\n\n\n<figure class=\"wp-block-image size-full\"><img loading=\"lazy\" decoding=\"async\" width=\"1024\" height=\"604\" src=\"https:\/\/www.escapadarural.com\/blog\/wp-content\/uploads\/2025\/01\/adobestock_174565964_WP_01.webp\" alt=\"Un pastor con sus ovejas. Por Tutye\" class=\"wp-image-186823\" srcset=\"https:\/\/www.escapadarural.com\/blog\/wp-content\/uploads\/2025\/01\/adobestock_174565964_WP_01-200x118.webp 200w, https:\/\/www.escapadarural.com\/blog\/wp-content\/uploads\/2025\/01\/adobestock_174565964_WP_01-300x177.webp 300w, https:\/\/www.escapadarural.com\/blog\/wp-content\/uploads\/2025\/01\/adobestock_174565964_WP_01-400x236.webp 400w, https:\/\/www.escapadarural.com\/blog\/wp-content\/uploads\/2025\/01\/adobestock_174565964_WP_01-600x354.webp 600w, https:\/\/www.escapadarural.com\/blog\/wp-content\/uploads\/2025\/01\/adobestock_174565964_WP_01-768x453.webp 768w, https:\/\/www.escapadarural.com\/blog\/wp-content\/uploads\/2025\/01\/adobestock_174565964_WP_01-800x472.webp 800w, https:\/\/www.escapadarural.com\/blog\/wp-content\/uploads\/2025\/01\/adobestock_174565964_WP_01.webp 1024w\" sizes=\"auto, (max-width: 1024px) 100vw, 1024px\" \/><figcaption class=\"wp-element-caption\">Un pastor con sus ovejas. Por Tutye<\/figcaption><\/figure>\n\n\n\n<p>Esa transmisi\u00f3n oral natural de saberes populares de antes sigue d\u00e1ndose en algunos sectores y zonas rurales, pero ha desaparecido en muchas otras. Para que la falta de conocimiento no suponga un obst\u00e1culo a la hora de volver a dedicarse a la agricultura, a la ganader\u00eda o a cualquier otro oficio tradicional, el movimiento popular <a href=\"https:\/\/colectivomemoriaviva.org\/escuela-de-los-pueblos-josefa-martin-luengo\/\" target=\"_blank\" rel=\"noreferrer noopener nofollow\">Colectivo Memoria Viva de los Pueblos<\/a> impulsa la <strong>Escuela de los Pueblos \u2018Josefa Mart\u00edn Luengo\u2019<\/strong>, en Quecedo de Valdivielso (Burgos).<\/p>\n\n\n\n<p>Se trata de un nuevo espacio formativo-experiencial de saberes tradicionales. Est\u00e1 pensado para el movimiento social rural y urbano que quiere trabajar por la <strong>revitalizaci\u00f3n y defensa de los territorios<\/strong>. Han comprado de manera colectiva una casa solariega en ruinas del siglo XVI en la <a href=\"\/casas-rurales\/las-merindades\" target=\"_blank\" rel=\"noreferrer noopener\">comarca de Las Merindades<\/a> y ahora van a rehabilitarla gracias a una <a href=\"https:\/\/www.goteo.org\/project\/la-escuela-de-los-pueblos\" target=\"_blank\" rel=\"noreferrer noopener nofollow\">campa\u00f1a de micromecenazgo<\/a>. Lo apoyan la <em>Revista Soberan\u00eda Alimentaria<\/em>, Biela y Tierra y la Universidad Rural del Cerrato, adem\u00e1s de medio centenar de colectivos y entidades de todo el estado.<\/p>\n\n\n\n<h2 class=\"wp-block-heading\" id=\"h-los-espacios-de-la-futura-escuela-de-los-pueblos\"><strong>Los espacios de la futura Escuela de los Pueblos<\/strong><\/h2>\n\n\n\n<figure class=\"wp-block-image size-full\"><img loading=\"lazy\" decoding=\"async\" width=\"1024\" height=\"683\" src=\"https:\/\/www.escapadarural.com\/blog\/wp-content\/uploads\/2025\/03\/Proyecto-Escuela-de-los-Pueblos-2.webp\" alt=\"Recreaci\u00f3n de la futura Escuela de los Pueblos de Quecedo de Valdivielso (Burgos)\" class=\"wp-image-197921\" srcset=\"https:\/\/www.escapadarural.com\/blog\/wp-content\/uploads\/2025\/03\/Proyecto-Escuela-de-los-Pueblos-2-200x133.webp 200w, https:\/\/www.escapadarural.com\/blog\/wp-content\/uploads\/2025\/03\/Proyecto-Escuela-de-los-Pueblos-2-300x200.webp 300w, https:\/\/www.escapadarural.com\/blog\/wp-content\/uploads\/2025\/03\/Proyecto-Escuela-de-los-Pueblos-2-400x267.webp 400w, https:\/\/www.escapadarural.com\/blog\/wp-content\/uploads\/2025\/03\/Proyecto-Escuela-de-los-Pueblos-2-600x400.webp 600w, https:\/\/www.escapadarural.com\/blog\/wp-content\/uploads\/2025\/03\/Proyecto-Escuela-de-los-Pueblos-2-768x512.webp 768w, https:\/\/www.escapadarural.com\/blog\/wp-content\/uploads\/2025\/03\/Proyecto-Escuela-de-los-Pueblos-2-800x534.webp 800w, https:\/\/www.escapadarural.com\/blog\/wp-content\/uploads\/2025\/03\/Proyecto-Escuela-de-los-Pueblos-2.webp 1024w\" sizes=\"auto, (max-width: 1024px) 100vw, 1024px\" \/><figcaption class=\"wp-element-caption\">Recreaci\u00f3n de la futura Escuela de los Pueblos de Quecedo de Valdivielso (Burgos). Por Escuela de los Pueblos<\/figcaption><\/figure>\n\n\n\n<p>En EscapadaRural<em> <\/em>hablamos con una de las personas que est\u00e1n implicadas en el proyecto, Pablo Sim\u00f3n, que es agricultor de Arroyo de Valdivielso. Cuenta que la iniciativa no nace de la nada, sino que bebe de una trayectoria de <strong>econom\u00eda comunal que impulsaron j\u00f3venes que viven en el valle de Valdivielso<\/strong> en el a\u00f1o 2018. Admite que es un territorio \u201cdif\u00edcil\u201d porque \u201cno hay gente\u201d, no tiene transporte p\u00fablico, no hay tiendas y apenas hay ni\u00f1os o ni\u00f1as. De hecho, una meta de la Escuela de los Pueblos es abrir una escuela infantil. \u201cSin ni\u00f1os y sin lo comunitario, no vamos a poder hacer ning\u00fan proceso de lucha a largo plazo en el mundo campesino\u201d, sostiene Sim\u00f3n.<\/p>\n\n\n\n<p>La campa\u00f1a de financiaci\u00f3n colectiva ha logrado el dinero esperado. Con \u00e9l, arrancar\u00e1 el <strong>proyecto de la Escuela de los Pueblos<\/strong>. Est\u00e1 previsto que se desarrolle en cuatro fases tras la compra del caser\u00f3n. La primera ser\u00e1 la limpieza, desescombro, apuntalamiento y refuerzo de la estructura. La segunda empezar\u00eda el a\u00f1o que viene y supondr\u00e1 ya la creaci\u00f3n del aula-taller, la cimentaci\u00f3n, soleras y el grader\u00edo exterior. En la tercera se rehabilitar\u00e1 el cubo y su tejado. Y la cuarta contempla la finalizaci\u00f3n de los tejados, las habitaciones y las salas.<\/p>\n\n\n\n<figure class=\"wp-block-image size-full\"><img loading=\"lazy\" decoding=\"async\" width=\"1024\" height=\"683\" src=\"https:\/\/www.escapadarural.com\/blog\/wp-content\/uploads\/2025\/03\/Proyecto-Escuela-de-los-Pueblos-4.webp\" alt=\"Interior de la futura Escuela de los Pueblos\" class=\"wp-image-197922\" srcset=\"https:\/\/www.escapadarural.com\/blog\/wp-content\/uploads\/2025\/03\/Proyecto-Escuela-de-los-Pueblos-4-200x133.webp 200w, https:\/\/www.escapadarural.com\/blog\/wp-content\/uploads\/2025\/03\/Proyecto-Escuela-de-los-Pueblos-4-300x200.webp 300w, https:\/\/www.escapadarural.com\/blog\/wp-content\/uploads\/2025\/03\/Proyecto-Escuela-de-los-Pueblos-4-400x267.webp 400w, https:\/\/www.escapadarural.com\/blog\/wp-content\/uploads\/2025\/03\/Proyecto-Escuela-de-los-Pueblos-4-600x400.webp 600w, https:\/\/www.escapadarural.com\/blog\/wp-content\/uploads\/2025\/03\/Proyecto-Escuela-de-los-Pueblos-4-768x512.webp 768w, https:\/\/www.escapadarural.com\/blog\/wp-content\/uploads\/2025\/03\/Proyecto-Escuela-de-los-Pueblos-4-800x534.webp 800w, https:\/\/www.escapadarural.com\/blog\/wp-content\/uploads\/2025\/03\/Proyecto-Escuela-de-los-Pueblos-4.webp 1024w\" sizes=\"auto, (max-width: 1024px) 100vw, 1024px\" \/><figcaption class=\"wp-element-caption\">Interior de la futura Escuela de los Pueblos. Por Escuela de los Pueblos<\/figcaption><\/figure>\n\n\n\n<blockquote class=\"wp-block-quote is-layout-flow wp-block-quote-is-layout-flow\">\n<p>El agricultor Pablo Sim\u00f3n: \u00abEl proceso de transmisi\u00f3n comunitario de todo ese conocimiento ya no existe. Nuestra \u00fanica baza para poder volver a darles vida es con una escuela de los pueblos\u00bb<\/p>\n<\/blockquote>\n\n\n\n<p>Estos primeros fondos ser\u00e1n suficientes para comenzar las <strong>primeras clases, talleres y alojamiento de los participantes<\/strong>. La Escuela de los Pueblos tendr\u00e1 diferentes espacios, algunos de uso para el estudiantado y profesorado (habitaciones, aulas y talleres), y otros de acceso libre al p\u00fablico general. Hablamos del centro sociocultural con tienda, la cafeter\u00eda cultural, la casa de comidas o un espacio de d\u00eda para personas mayores con huertas y actividades intergeneracionales. Tambi\u00e9n tendr\u00e1 un espacio de transformaci\u00f3n alimentaria que funcionar\u00e1 como un obrador colectivo y un banco de tierras propio.<\/p>\n\n\n\n<h2 class=\"wp-block-heading\" id=\"h-una-formacion-que-va-mas-alla-de-los-oficios-del-campo\"><strong>Una formaci\u00f3n que va m\u00e1s all\u00e1 de los oficios del campo<\/strong><\/h2>\n\n\n\n<figure class=\"wp-block-image size-full\"><img loading=\"lazy\" decoding=\"async\" width=\"1024\" height=\"768\" src=\"https:\/\/www.escapadarural.com\/blog\/wp-content\/uploads\/2025\/03\/Escuela-de-los-Pueblos-3.webp\" alt=\"Trabajo colectivo para la rehabilitaci\u00f3n del caser\u00f3n de Las Merindades que albergar\u00e1 la Escuela de los Pueblos\" class=\"wp-image-197923\" srcset=\"https:\/\/www.escapadarural.com\/blog\/wp-content\/uploads\/2025\/03\/Escuela-de-los-Pueblos-3-200x150.webp 200w, https:\/\/www.escapadarural.com\/blog\/wp-content\/uploads\/2025\/03\/Escuela-de-los-Pueblos-3-300x225.webp 300w, https:\/\/www.escapadarural.com\/blog\/wp-content\/uploads\/2025\/03\/Escuela-de-los-Pueblos-3-400x300.webp 400w, https:\/\/www.escapadarural.com\/blog\/wp-content\/uploads\/2025\/03\/Escuela-de-los-Pueblos-3-600x450.webp 600w, https:\/\/www.escapadarural.com\/blog\/wp-content\/uploads\/2025\/03\/Escuela-de-los-Pueblos-3-768x576.webp 768w, https:\/\/www.escapadarural.com\/blog\/wp-content\/uploads\/2025\/03\/Escuela-de-los-Pueblos-3-800x600.webp 800w, https:\/\/www.escapadarural.com\/blog\/wp-content\/uploads\/2025\/03\/Escuela-de-los-Pueblos-3.webp 1024w\" sizes=\"auto, (max-width: 1024px) 100vw, 1024px\" \/><figcaption class=\"wp-element-caption\">Trabajo colectivo para la rehabilitaci\u00f3n del caser\u00f3n de Las Merindades que albergar\u00e1 la Escuela de los Pueblos. Por Escuela de los Pueblos<\/figcaption><\/figure>\n\n\n\n<p>La formaci\u00f3n se impartir\u00e1 desde una perspectiva agroecol\u00f3gica y de soberan\u00eda alimentaria con una coordinaci\u00f3n pol\u00edtico-pedag\u00f3gica. Eso significa que todos los cursos tendr\u00e1n una parte \u201cm\u00e1s human\u00edstica\u201d y relacionada con \u201cun an\u00e1lisis cr\u00edtico y social de la realidad\u201d. Otra estar\u00e1 <strong>centrada en el aprendizaje de oficios<\/strong>. Habr\u00e1 cursos de ganader\u00eda y fruticultura, pero lo rural va m\u00e1s all\u00e1 del trabajo en el campo. As\u00ed que tambi\u00e9n se podr\u00e1 aprender alba\u00f1iler\u00eda, fontaner\u00eda, electricidad, gesti\u00f3n forestal, comunicaci\u00f3n social, arte popular o salud comunitaria. \u201cEs importante este espacio porque no hay nada similar en el medio rural\u201d, afirma Pablo Sim\u00f3n.<\/p>\n\n\n\n<p>Como dec\u00edamos, antes no hac\u00edan falta aulas para <a href=\"\/blog\/eugenio-monesma-cine-etnografico\/\" target=\"_blank\" rel=\"noreferrer noopener\">aprender estos conocimientos<\/a> porque se transmit\u00edan de forma oral en las comunidades rurales. Y esas <strong>personas mayores de los territorios rurales que albergan saberes<\/strong> ser\u00e1n clave en la Escuela de los Pueblos del valle de Valdivielso. \u201cPara ellos es muy gracioso. Adquirieron su conocimiento de forma constante de la comunidad en un momento en el que estaban vivas y ven que ahora eso viene de una escuela\u201d, observa Sim\u00f3n.<\/p>\n\n\n\n<p>Pero la rotura de esa <strong>correa de transmisi\u00f3n<\/strong> hace esencial la existencia de una formaci\u00f3n regulada para revitalizar las zonas rurales, como explica este agricultor: \u201cAhora mismo, para que la gente se pueda asentar en los territorios con garant\u00edas hace falta formaci\u00f3n. El proceso de transmisi\u00f3n comunitario de todo ese conocimiento ya no existe. Nuestra \u00fanica baza para poder volver a darles vida es con una escuela de los pueblos\u201d.<\/p>\n","protected":false},"excerpt":{"rendered":"<p>Hablamos con uno de los impulsores del proyecto Escuela de los Pueblos en Quecedo de Valdivielso, que gira en torno a la agroecolog\u00eda<\/p>\n","protected":false},"author":123,"featured_media":197922,"comment_status":"open","ping_status":"open","sticky":false,"template":"","format":"standard","meta":{"_acf_changed":false,"om_disable_all_campaigns":false,"footnotes":""},"categories":[231],"tags":[439,5995,6213,2128,6214,3722],"class_list":["post-197916","post","type-post","status-publish","format-standard","has-post-thumbnail","hentry","category-arte-y-cultura","tag-que-ver-en-burgos","tag-que-ver-en-castilla-y-leon","tag-escuela-de-los-pueblos","tag-las-merindades","tag-quecedo-de-valdivielso","tag-ruralidad"],"acf":[],"featured_image_src":"https:\/\/www.escapadarural.com\/blog\/wp-content\/uploads\/2025\/03\/Proyecto-Escuela-de-los-Pueblos-4.webp","author_info":{"display_name":"Raquel Andr\u00e9s","author_link":"https:\/\/www.escapadarural.com\/blog\/autor\/raquel\/"},"yoast_head":"<!-- This site is optimized with the Yoast SEO plugin v27.5 - https:\/\/yoast.com\/product\/yoast-seo-wordpress\/ -->\n<title>Escuela de los Pueblos: c\u00f3mo recuperar los saberes rurales<\/title>\n<meta name=\"description\" content=\"Hablamos con uno de los impulsores del proyecto Escuela de los Pueblos en Quecedo de Valdivielso, que gira en torno a la agroecolog\u00eda\" \/>\n<meta name=\"robots\" content=\"index, follow, max-snippet:-1, max-image-preview:large, max-video-preview:-1\" \/>\n<link rel=\"canonical\" href=\"https:\/\/www.escapadarural.com\/blog\/escuela-de-los-pueblos-espacio-formacion\/\" \/>\n<meta property=\"og:locale\" content=\"es_ES\" \/>\n<meta property=\"og:type\" content=\"article\" \/>\n<meta property=\"og:title\" content=\"Escuela de los Pueblos: c\u00f3mo recuperar los saberes rurales\" \/>\n<meta property=\"og:description\" content=\"Hablamos con uno de los impulsores del proyecto Escuela de los Pueblos en Quecedo de Valdivielso, que gira en torno a la agroecolog\u00eda\" \/>\n<meta property=\"og:url\" content=\"https:\/\/www.escapadarural.com\/blog\/escuela-de-los-pueblos-espacio-formacion\/\" \/>\n<meta property=\"og:site_name\" content=\"Magazine de viajes de EscapadaRural\" \/>\n<meta property=\"article:publisher\" content=\"https:\/\/www.facebook.com\/escapadarural\" \/>\n<meta property=\"article:published_time\" content=\"2025-04-26T06:00:00+00:00\" \/>\n<meta property=\"og:image\" content=\"https:\/\/www.escapadarural.com\/blog\/wp-content\/uploads\/2025\/03\/Proyecto-Escuela-de-los-Pueblos-4.webp\" \/>\n\t<meta property=\"og:image:width\" content=\"1024\" \/>\n\t<meta property=\"og:image:height\" content=\"683\" \/>\n\t<meta property=\"og:image:type\" content=\"image\/webp\" \/>\n<meta name=\"author\" content=\"Raquel Andr\u00e9s\" \/>\n<meta name=\"twitter:card\" content=\"summary_large_image\" \/>\n<meta name=\"twitter:label1\" content=\"Escrito por\" \/>\n\t<meta name=\"twitter:data1\" content=\"Raquel Andr\u00e9s\" \/>\n\t<meta name=\"twitter:label2\" content=\"Tiempo de lectura\" \/>\n\t<meta name=\"twitter:data2\" content=\"7 minutos\" \/>\n<script type=\"application\/ld+json\" class=\"yoast-schema-graph\">{\"@context\":\"https:\\\/\\\/schema.org\",\"@graph\":[{\"@type\":\"Article\",\"@id\":\"https:\\\/\\\/www.escapadarural.com\\\/blog\\\/escuela-de-los-pueblos-espacio-formacion\\\/#article\",\"isPartOf\":{\"@id\":\"https:\\\/\\\/www.escapadarural.com\\\/blog\\\/escuela-de-los-pueblos-espacio-formacion\\\/\"},\"author\":{\"name\":\"Raquel Andr\u00e9s\",\"@id\":\"https:\\\/\\\/www.escapadarural.com\\\/blog\\\/#\\\/schema\\\/person\\\/67be061eb00d8315fa8642e01b88c894\"},\"headline\":\"Escuela de los Pueblos: formaci\u00f3n para recuperar los saberes rurales\",\"datePublished\":\"2025-04-26T06:00:00+00:00\",\"mainEntityOfPage\":{\"@id\":\"https:\\\/\\\/www.escapadarural.com\\\/blog\\\/escuela-de-los-pueblos-espacio-formacion\\\/\"},\"wordCount\":1235,\"commentCount\":0,\"publisher\":{\"@id\":\"https:\\\/\\\/www.escapadarural.com\\\/blog\\\/#organization\"},\"image\":{\"@id\":\"https:\\\/\\\/www.escapadarural.com\\\/blog\\\/escuela-de-los-pueblos-espacio-formacion\\\/#primaryimage\"},\"thumbnailUrl\":\"https:\\\/\\\/www.escapadarural.com\\\/blog\\\/wp-content\\\/uploads\\\/2025\\\/03\\\/Proyecto-Escuela-de-los-Pueblos-4.webp\",\"keywords\":[\"Burgos\",\"Castilla y Le\u00f3n\",\"Escuela de los Pueblos\",\"Las Merindades\",\"Quecedo de Valdivielso\",\"Ruralidad\"],\"articleSection\":[\"Arte y Cultura\"],\"inLanguage\":\"es\",\"potentialAction\":[{\"@type\":\"CommentAction\",\"name\":\"Comment\",\"target\":[\"https:\\\/\\\/www.escapadarural.com\\\/blog\\\/escuela-de-los-pueblos-espacio-formacion\\\/#respond\"]}]},{\"@type\":\"WebPage\",\"@id\":\"https:\\\/\\\/www.escapadarural.com\\\/blog\\\/escuela-de-los-pueblos-espacio-formacion\\\/\",\"url\":\"https:\\\/\\\/www.escapadarural.com\\\/blog\\\/escuela-de-los-pueblos-espacio-formacion\\\/\",\"name\":\"Escuela de los Pueblos: c\u00f3mo recuperar los saberes rurales\",\"isPartOf\":{\"@id\":\"https:\\\/\\\/www.escapadarural.com\\\/blog\\\/#website\"},\"primaryImageOfPage\":{\"@id\":\"https:\\\/\\\/www.escapadarural.com\\\/blog\\\/escuela-de-los-pueblos-espacio-formacion\\\/#primaryimage\"},\"image\":{\"@id\":\"https:\\\/\\\/www.escapadarural.com\\\/blog\\\/escuela-de-los-pueblos-espacio-formacion\\\/#primaryimage\"},\"thumbnailUrl\":\"https:\\\/\\\/www.escapadarural.com\\\/blog\\\/wp-content\\\/uploads\\\/2025\\\/03\\\/Proyecto-Escuela-de-los-Pueblos-4.webp\",\"datePublished\":\"2025-04-26T06:00:00+00:00\",\"description\":\"Hablamos con uno de los impulsores del proyecto Escuela de los Pueblos en Quecedo de Valdivielso, que gira en torno a la agroecolog\u00eda\",\"breadcrumb\":{\"@id\":\"https:\\\/\\\/www.escapadarural.com\\\/blog\\\/escuela-de-los-pueblos-espacio-formacion\\\/#breadcrumb\"},\"inLanguage\":\"es\",\"potentialAction\":[{\"@type\":\"ReadAction\",\"target\":[\"https:\\\/\\\/www.escapadarural.com\\\/blog\\\/escuela-de-los-pueblos-espacio-formacion\\\/\"]}]},{\"@type\":\"ImageObject\",\"inLanguage\":\"es\",\"@id\":\"https:\\\/\\\/www.escapadarural.com\\\/blog\\\/escuela-de-los-pueblos-espacio-formacion\\\/#primaryimage\",\"url\":\"https:\\\/\\\/www.escapadarural.com\\\/blog\\\/wp-content\\\/uploads\\\/2025\\\/03\\\/Proyecto-Escuela-de-los-Pueblos-4.webp\",\"contentUrl\":\"https:\\\/\\\/www.escapadarural.com\\\/blog\\\/wp-content\\\/uploads\\\/2025\\\/03\\\/Proyecto-Escuela-de-los-Pueblos-4.webp\",\"width\":1024,\"height\":683,\"caption\":\"Interior de la futura Escuela de los Pueblos. Por Escuela de los Pueblos\"},{\"@type\":\"BreadcrumbList\",\"@id\":\"https:\\\/\\\/www.escapadarural.com\\\/blog\\\/escuela-de-los-pueblos-espacio-formacion\\\/#breadcrumb\",\"itemListElement\":[{\"@type\":\"ListItem\",\"position\":1,\"name\":\"Inicio\",\"item\":\"https:\\\/\\\/www.escapadarural.com\\\/blog\\\/\"},{\"@type\":\"ListItem\",\"position\":2,\"name\":\"Arte y Cultura\",\"item\":\"https:\\\/\\\/www.escapadarural.com\\\/blog\\\/categoria\\\/arte-y-cultura\\\/\"},{\"@type\":\"ListItem\",\"position\":3,\"name\":\"Escuela de los Pueblos: formaci\u00f3n para recuperar los saberes rurales\"}]},{\"@type\":\"WebSite\",\"@id\":\"https:\\\/\\\/www.escapadarural.com\\\/blog\\\/#website\",\"url\":\"https:\\\/\\\/www.escapadarural.com\\\/blog\\\/\",\"name\":\"Blog de viajes | turismo rural, alojamientos e inspiraci\u00f3n\",\"description\":\"Alojamientos rurales e inspiraci\u00f3n para tus escapadas\",\"publisher\":{\"@id\":\"https:\\\/\\\/www.escapadarural.com\\\/blog\\\/#organization\"},\"alternateName\":\"Magazine de viajes de EscapadaRural\",\"potentialAction\":[{\"@type\":\"SearchAction\",\"target\":{\"@type\":\"EntryPoint\",\"urlTemplate\":\"https:\\\/\\\/www.escapadarural.com\\\/blog\\\/?s={search_term_string}\"},\"query-input\":{\"@type\":\"PropertyValueSpecification\",\"valueRequired\":true,\"valueName\":\"search_term_string\"}}],\"inLanguage\":\"es\"},{\"@type\":\"Organization\",\"@id\":\"https:\\\/\\\/www.escapadarural.com\\\/blog\\\/#organization\",\"name\":\"EscapadaRural\",\"url\":\"https:\\\/\\\/www.escapadarural.com\\\/blog\\\/\",\"logo\":{\"@type\":\"ImageObject\",\"inLanguage\":\"es\",\"@id\":\"https:\\\/\\\/www.escapadarural.com\\\/blog\\\/#\\\/schema\\\/logo\\\/image\\\/\",\"url\":\"https:\\\/\\\/www.escapadarural.com\\\/blog\\\/wp-content\\\/uploads\\\/2024\\\/10\\\/cropped-cropped-escapada-rural-icon-mag-3.png\",\"contentUrl\":\"https:\\\/\\\/www.escapadarural.com\\\/blog\\\/wp-content\\\/uploads\\\/2024\\\/10\\\/cropped-cropped-escapada-rural-icon-mag-3.png\",\"width\":512,\"height\":512,\"caption\":\"EscapadaRural\"},\"image\":{\"@id\":\"https:\\\/\\\/www.escapadarural.com\\\/blog\\\/#\\\/schema\\\/logo\\\/image\\\/\"},\"sameAs\":[\"https:\\\/\\\/www.facebook.com\\\/escapadarural\",\"https:\\\/\\\/www.instagram.com\\\/escapadarural\\\/\",\"https:\\\/\\\/www.youtube.com\\\/@escapadaruralcom\"]},{\"@type\":\"Person\",\"@id\":\"https:\\\/\\\/www.escapadarural.com\\\/blog\\\/#\\\/schema\\\/person\\\/67be061eb00d8315fa8642e01b88c894\",\"name\":\"Raquel Andr\u00e9s\",\"image\":{\"@type\":\"ImageObject\",\"inLanguage\":\"es\",\"@id\":\"https:\\\/\\\/secure.gravatar.com\\\/avatar\\\/b45840531462f3cafb335a9fc5c0bfda2c07c3df4b82b304b923526b85cc6cb5?s=96&d=mm&r=g\",\"url\":\"https:\\\/\\\/secure.gravatar.com\\\/avatar\\\/b45840531462f3cafb335a9fc5c0bfda2c07c3df4b82b304b923526b85cc6cb5?s=96&d=mm&r=g\",\"contentUrl\":\"https:\\\/\\\/secure.gravatar.com\\\/avatar\\\/b45840531462f3cafb335a9fc5c0bfda2c07c3df4b82b304b923526b85cc6cb5?s=96&d=mm&r=g\",\"caption\":\"Raquel Andr\u00e9s\"},\"description\":\"Periodista y aventurera. Me has podido leer en Escapada Rural, Diari Nosaltres La Veu, La Vanguardia, El Salto y otros medios. Habitante y amante de las zonas rurales, sea cual sea el destino. Procuro escaparme una vez por semana con las botas de monta\u00f1a, el arn\u00e9s o el neopreno. Tambi\u00e9n soy un intento de baserritarra.\",\"url\":\"https:\\\/\\\/www.escapadarural.com\\\/blog\\\/autor\\\/raquel\\\/\"}]}<\/script>\n<!-- \/ Yoast SEO plugin. -->","yoast_head_json":{"title":"Escuela de los Pueblos: c\u00f3mo recuperar los saberes rurales","description":"Hablamos con uno de los impulsores del proyecto Escuela de los Pueblos en Quecedo de Valdivielso, que gira en torno a la agroecolog\u00eda","robots":{"index":"index","follow":"follow","max-snippet":"max-snippet:-1","max-image-preview":"max-image-preview:large","max-video-preview":"max-video-preview:-1"},"canonical":"https:\/\/www.escapadarural.com\/blog\/escuela-de-los-pueblos-espacio-formacion\/","og_locale":"es_ES","og_type":"article","og_title":"Escuela de los Pueblos: c\u00f3mo recuperar los saberes rurales","og_description":"Hablamos con uno de los impulsores del proyecto Escuela de los Pueblos en Quecedo de Valdivielso, que gira en torno a la agroecolog\u00eda","og_url":"https:\/\/www.escapadarural.com\/blog\/escuela-de-los-pueblos-espacio-formacion\/","og_site_name":"Magazine de viajes de EscapadaRural","article_publisher":"https:\/\/www.facebook.com\/escapadarural","article_published_time":"2025-04-26T06:00:00+00:00","og_image":[{"width":1024,"height":683,"url":"https:\/\/www.escapadarural.com\/blog\/wp-content\/uploads\/2025\/03\/Proyecto-Escuela-de-los-Pueblos-4.webp","type":"image\/webp"}],"author":"Raquel Andr\u00e9s","twitter_card":"summary_large_image","twitter_misc":{"Escrito por":"Raquel Andr\u00e9s","Tiempo de lectura":"7 minutos"},"schema":{"@context":"https:\/\/schema.org","@graph":[{"@type":"Article","@id":"https:\/\/www.escapadarural.com\/blog\/escuela-de-los-pueblos-espacio-formacion\/#article","isPartOf":{"@id":"https:\/\/www.escapadarural.com\/blog\/escuela-de-los-pueblos-espacio-formacion\/"},"author":{"name":"Raquel Andr\u00e9s","@id":"https:\/\/www.escapadarural.com\/blog\/#\/schema\/person\/67be061eb00d8315fa8642e01b88c894"},"headline":"Escuela de los Pueblos: formaci\u00f3n para recuperar los saberes rurales","datePublished":"2025-04-26T06:00:00+00:00","mainEntityOfPage":{"@id":"https:\/\/www.escapadarural.com\/blog\/escuela-de-los-pueblos-espacio-formacion\/"},"wordCount":1235,"commentCount":0,"publisher":{"@id":"https:\/\/www.escapadarural.com\/blog\/#organization"},"image":{"@id":"https:\/\/www.escapadarural.com\/blog\/escuela-de-los-pueblos-espacio-formacion\/#primaryimage"},"thumbnailUrl":"https:\/\/www.escapadarural.com\/blog\/wp-content\/uploads\/2025\/03\/Proyecto-Escuela-de-los-Pueblos-4.webp","keywords":["Burgos","Castilla y Le\u00f3n","Escuela de los Pueblos","Las Merindades","Quecedo de Valdivielso","Ruralidad"],"articleSection":["Arte y Cultura"],"inLanguage":"es","potentialAction":[{"@type":"CommentAction","name":"Comment","target":["https:\/\/www.escapadarural.com\/blog\/escuela-de-los-pueblos-espacio-formacion\/#respond"]}]},{"@type":"WebPage","@id":"https:\/\/www.escapadarural.com\/blog\/escuela-de-los-pueblos-espacio-formacion\/","url":"https:\/\/www.escapadarural.com\/blog\/escuela-de-los-pueblos-espacio-formacion\/","name":"Escuela de los Pueblos: c\u00f3mo recuperar los saberes rurales","isPartOf":{"@id":"https:\/\/www.escapadarural.com\/blog\/#website"},"primaryImageOfPage":{"@id":"https:\/\/www.escapadarural.com\/blog\/escuela-de-los-pueblos-espacio-formacion\/#primaryimage"},"image":{"@id":"https:\/\/www.escapadarural.com\/blog\/escuela-de-los-pueblos-espacio-formacion\/#primaryimage"},"thumbnailUrl":"https:\/\/www.escapadarural.com\/blog\/wp-content\/uploads\/2025\/03\/Proyecto-Escuela-de-los-Pueblos-4.webp","datePublished":"2025-04-26T06:00:00+00:00","description":"Hablamos con uno de los impulsores del proyecto Escuela de los Pueblos en Quecedo de Valdivielso, que gira en torno a la agroecolog\u00eda","breadcrumb":{"@id":"https:\/\/www.escapadarural.com\/blog\/escuela-de-los-pueblos-espacio-formacion\/#breadcrumb"},"inLanguage":"es","potentialAction":[{"@type":"ReadAction","target":["https:\/\/www.escapadarural.com\/blog\/escuela-de-los-pueblos-espacio-formacion\/"]}]},{"@type":"ImageObject","inLanguage":"es","@id":"https:\/\/www.escapadarural.com\/blog\/escuela-de-los-pueblos-espacio-formacion\/#primaryimage","url":"https:\/\/www.escapadarural.com\/blog\/wp-content\/uploads\/2025\/03\/Proyecto-Escuela-de-los-Pueblos-4.webp","contentUrl":"https:\/\/www.escapadarural.com\/blog\/wp-content\/uploads\/2025\/03\/Proyecto-Escuela-de-los-Pueblos-4.webp","width":1024,"height":683,"caption":"Interior de la futura Escuela de los Pueblos. Por Escuela de los Pueblos"},{"@type":"BreadcrumbList","@id":"https:\/\/www.escapadarural.com\/blog\/escuela-de-los-pueblos-espacio-formacion\/#breadcrumb","itemListElement":[{"@type":"ListItem","position":1,"name":"Inicio","item":"https:\/\/www.escapadarural.com\/blog\/"},{"@type":"ListItem","position":2,"name":"Arte y Cultura","item":"https:\/\/www.escapadarural.com\/blog\/categoria\/arte-y-cultura\/"},{"@type":"ListItem","position":3,"name":"Escuela de los Pueblos: formaci\u00f3n para recuperar los saberes rurales"}]},{"@type":"WebSite","@id":"https:\/\/www.escapadarural.com\/blog\/#website","url":"https:\/\/www.escapadarural.com\/blog\/","name":"Blog de viajes | turismo rural, alojamientos e inspiraci\u00f3n","description":"Alojamientos rurales e inspiraci\u00f3n para tus escapadas","publisher":{"@id":"https:\/\/www.escapadarural.com\/blog\/#organization"},"alternateName":"Magazine de viajes de EscapadaRural","potentialAction":[{"@type":"SearchAction","target":{"@type":"EntryPoint","urlTemplate":"https:\/\/www.escapadarural.com\/blog\/?s={search_term_string}"},"query-input":{"@type":"PropertyValueSpecification","valueRequired":true,"valueName":"search_term_string"}}],"inLanguage":"es"},{"@type":"Organization","@id":"https:\/\/www.escapadarural.com\/blog\/#organization","name":"EscapadaRural","url":"https:\/\/www.escapadarural.com\/blog\/","logo":{"@type":"ImageObject","inLanguage":"es","@id":"https:\/\/www.escapadarural.com\/blog\/#\/schema\/logo\/image\/","url":"https:\/\/www.escapadarural.com\/blog\/wp-content\/uploads\/2024\/10\/cropped-cropped-escapada-rural-icon-mag-3.png","contentUrl":"https:\/\/www.escapadarural.com\/blog\/wp-content\/uploads\/2024\/10\/cropped-cropped-escapada-rural-icon-mag-3.png","width":512,"height":512,"caption":"EscapadaRural"},"image":{"@id":"https:\/\/www.escapadarural.com\/blog\/#\/schema\/logo\/image\/"},"sameAs":["https:\/\/www.facebook.com\/escapadarural","https:\/\/www.instagram.com\/escapadarural\/","https:\/\/www.youtube.com\/@escapadaruralcom"]},{"@type":"Person","@id":"https:\/\/www.escapadarural.com\/blog\/#\/schema\/person\/67be061eb00d8315fa8642e01b88c894","name":"Raquel Andr\u00e9s","image":{"@type":"ImageObject","inLanguage":"es","@id":"https:\/\/secure.gravatar.com\/avatar\/b45840531462f3cafb335a9fc5c0bfda2c07c3df4b82b304b923526b85cc6cb5?s=96&d=mm&r=g","url":"https:\/\/secure.gravatar.com\/avatar\/b45840531462f3cafb335a9fc5c0bfda2c07c3df4b82b304b923526b85cc6cb5?s=96&d=mm&r=g","contentUrl":"https:\/\/secure.gravatar.com\/avatar\/b45840531462f3cafb335a9fc5c0bfda2c07c3df4b82b304b923526b85cc6cb5?s=96&d=mm&r=g","caption":"Raquel Andr\u00e9s"},"description":"Periodista y aventurera. Me has podido leer en Escapada Rural, Diari Nosaltres La Veu, La Vanguardia, El Salto y otros medios. Habitante y amante de las zonas rurales, sea cual sea el destino. Procuro escaparme una vez por semana con las botas de monta\u00f1a, el arn\u00e9s o el neopreno. Tambi\u00e9n soy un intento de baserritarra.","url":"https:\/\/www.escapadarural.com\/blog\/autor\/raquel\/"}]}},"_links":{"self":[{"href":"https:\/\/www.escapadarural.com\/blog\/wp-json\/wp\/v2\/posts\/197916","targetHints":{"allow":["GET"]}}],"collection":[{"href":"https:\/\/www.escapadarural.com\/blog\/wp-json\/wp\/v2\/posts"}],"about":[{"href":"https:\/\/www.escapadarural.com\/blog\/wp-json\/wp\/v2\/types\/post"}],"author":[{"embeddable":true,"href":"https:\/\/www.escapadarural.com\/blog\/wp-json\/wp\/v2\/users\/123"}],"replies":[{"embeddable":true,"href":"https:\/\/www.escapadarural.com\/blog\/wp-json\/wp\/v2\/comments?post=197916"}],"version-history":[{"count":0,"href":"https:\/\/www.escapadarural.com\/blog\/wp-json\/wp\/v2\/posts\/197916\/revisions"}],"wp:featuredmedia":[{"embeddable":true,"href":"https:\/\/www.escapadarural.com\/blog\/wp-json\/wp\/v2\/media\/197922"}],"wp:attachment":[{"href":"https:\/\/www.escapadarural.com\/blog\/wp-json\/wp\/v2\/media?parent=197916"}],"wp:term":[{"taxonomy":"category","embeddable":true,"href":"https:\/\/www.escapadarural.com\/blog\/wp-json\/wp\/v2\/categories?post=197916"},{"taxonomy":"post_tag","embeddable":true,"href":"https:\/\/www.escapadarural.com\/blog\/wp-json\/wp\/v2\/tags?post=197916"}],"curies":[{"name":"wp","href":"https:\/\/api.w.org\/{rel}","templated":true}]}}