{"id":198387,"date":"2025-04-05T08:00:00","date_gmt":"2025-04-05T06:00:00","guid":{"rendered":"https:\/\/www.escapadarural.com\/blog\/?p=198387"},"modified":"2025-04-04T13:08:18","modified_gmt":"2025-04-04T11:08:18","slug":"renteria-donde-se-rodo-la-infiltrada","status":"publish","type":"post","link":"https:\/\/www.escapadarural.com\/blog\/renteria-donde-se-rodo-la-infiltrada\/","title":{"rendered":"Renter\u00eda, el pueblo de la pel\u00edcula La infiltrada"},"content":{"rendered":"\n<figure class=\"wp-block-image size-large\"><img loading=\"lazy\" decoding=\"async\" width=\"1024\" height=\"683\" src=\"https:\/\/www.escapadarural.com\/blog\/wp-content\/uploads\/2025\/03\/renteria-1024x683.webp\" alt=\"Renter\u00eda, Guip\u00fazcoa, villa de La infiltrada. Por Alotz.\" class=\"wp-image-198391\" srcset=\"https:\/\/www.escapadarural.com\/blog\/wp-content\/uploads\/2025\/03\/renteria-200x133.webp 200w, https:\/\/www.escapadarural.com\/blog\/wp-content\/uploads\/2025\/03\/renteria-300x200.webp 300w, https:\/\/www.escapadarural.com\/blog\/wp-content\/uploads\/2025\/03\/renteria-400x267.webp 400w, https:\/\/www.escapadarural.com\/blog\/wp-content\/uploads\/2025\/03\/renteria-600x400.webp 600w, https:\/\/www.escapadarural.com\/blog\/wp-content\/uploads\/2025\/03\/renteria-768x512.webp 768w, https:\/\/www.escapadarural.com\/blog\/wp-content\/uploads\/2025\/03\/renteria-800x533.webp 800w, https:\/\/www.escapadarural.com\/blog\/wp-content\/uploads\/2025\/03\/renteria-1024x683.webp 1024w, https:\/\/www.escapadarural.com\/blog\/wp-content\/uploads\/2025\/03\/renteria-1200x800.webp 1200w, https:\/\/www.escapadarural.com\/blog\/wp-content\/uploads\/2025\/03\/renteria-1536x1024.webp 1536w\" sizes=\"auto, (max-width: 1024px) 100vw, 1024px\" \/><figcaption class=\"wp-element-caption\">Renter\u00eda, en Guip\u00fazcoa, la villa de <em>La infiltrada<\/em>. Por Alotz.<\/figcaption><\/figure>\n\n\n\n<p>La gala de la 39 edici\u00f3n de los Premios Goya, que cada a\u00f1o concede la Academia de Cine, suscit\u00f3 la sorpresa de los espectadores cuando se anunci\u00f3 la <strong>pel\u00edcula ganadora de este a\u00f1o<\/strong>. Por primera vez en su historia, <strong>el galard\u00f3n al mejor largometraje fue &#8216;ex aequo&#8217; para <em>El 47<\/em> y <em>La infiltrada<\/em><\/strong>. Bel\u00e9n Rueda, la encargada de entregar \u2018el cabez\u00f3n\u2019 m\u00e1s esperado, tuvo que contener los aplausos despu\u00e9s de anunciar a la primera galardonada, porque nadie se esperaba que hubiese una segunda. Rodadas en Barcelona y <strong>Renter\u00eda <\/strong>(Guip\u00fazcoa), respectivamente, poco tienen que ver entre ellas m\u00e1s que el favor de los expertos y el p\u00fablico, que las apoy\u00f3 en las taquillas de los cines.<\/p>\n\n\n\n<p><em>La infiltrada<\/em>, dirigida por Arantxa Echevarr\u00eda y protagonizada por Carolina Yuste (que tambi\u00e9n se llev\u00f3 el Goya a la mejor actriz), est\u00e1 basada en la historia real de <strong>la primera mujer polic\u00eda nacional que se infiltr\u00f3 en ETA<\/strong>. Con apenas 20 a\u00f1os, adopt\u00f3 el nombre de Ar\u00e1nzazu Berradre Mar\u00edn y entr\u00f3 en el comando militar. Vivi\u00f3 durante ochos a\u00f1os con esa personalidad ficticia y lleg\u00f3 a ser una parte clave para la desarticulaci\u00f3n del comando Donosti.&nbsp;<\/p>\n\n\n\n<figure class=\"wp-block-image size-large\"><img loading=\"lazy\" decoding=\"async\" width=\"1024\" height=\"429\" src=\"https:\/\/www.escapadarural.com\/blog\/wp-content\/uploads\/2025\/03\/infiltrada-1024x429.webp\" alt=\"Fotograma de La infiltrada. Cortes\u00eda de MovistarPlus+.\" class=\"wp-image-198395\" srcset=\"https:\/\/www.escapadarural.com\/blog\/wp-content\/uploads\/2025\/03\/infiltrada-200x84.webp 200w, https:\/\/www.escapadarural.com\/blog\/wp-content\/uploads\/2025\/03\/infiltrada-300x126.webp 300w, https:\/\/www.escapadarural.com\/blog\/wp-content\/uploads\/2025\/03\/infiltrada-400x168.webp 400w, https:\/\/www.escapadarural.com\/blog\/wp-content\/uploads\/2025\/03\/infiltrada-600x251.webp 600w, https:\/\/www.escapadarural.com\/blog\/wp-content\/uploads\/2025\/03\/infiltrada-768x322.webp 768w, https:\/\/www.escapadarural.com\/blog\/wp-content\/uploads\/2025\/03\/infiltrada-800x335.webp 800w, https:\/\/www.escapadarural.com\/blog\/wp-content\/uploads\/2025\/03\/infiltrada-1024x429.webp 1024w, https:\/\/www.escapadarural.com\/blog\/wp-content\/uploads\/2025\/03\/infiltrada-1200x503.webp 1200w, https:\/\/www.escapadarural.com\/blog\/wp-content\/uploads\/2025\/03\/infiltrada-1536x644.webp 1536w\" sizes=\"auto, (max-width: 1024px) 100vw, 1024px\" \/><figcaption class=\"wp-element-caption\">Fotograma de <em>La infiltrada<\/em>, rodada en Renter\u00eda. Cortes\u00eda de MovistarPlus+.<\/figcaption><\/figure>\n\n\n\n<p>Para encontrar las mejores localizaciones, el equipo de rodaje se movi\u00f3 por diferentes puntos del Pa\u00eds Vasco, Navarra y el Pa\u00eds Vasco franc\u00e9s. Pero Renter\u00eda \u2013o <em>Errenter\u00eda<\/em>, en euskera\u2013 es la localidad que m\u00e1s se ve en la pantalla. Un municipio situado en el<strong> <a href=\"\/casas-rurales\/oiartzun\">valle del Oiartzun<\/a><\/strong>, cercano a San Sebasti\u00e1n (15 minutos), que tiene mucho que ofrecer.<\/p>\n\n\n\n<div class=\"wp-block-buttons is-layout-flex wp-block-buttons-is-layout-flex\">\n<div class=\"wp-block-button\"><a class=\"wp-block-button__link wp-element-button\" href=\"\/casas-rurales\/errenteria\">Alojamientos rurales en Renter\u00eda<\/a><\/div>\n<\/div>\n\n\n\n<h2 class=\"wp-block-heading\" id=\"h-la-renteria-de-la-infiltrada-una-historia-de-industria-y-comercio\">La Renter\u00eda de <em>La infiltrada<\/em>: una historia de industria y comercio<\/h2>\n\n\n\n<p>Los or\u00edgenes de Renter\u00eda<strong> se remontan al siglo XIV,<\/strong> en concreto a 1320, cuando Alfonso XI de Castilla la estableci\u00f3 como villa. Sin embargo, ese no fue siempre su nombre: antes de dicho suceso hist\u00f3rico, ya exist\u00eda una poblaci\u00f3n llamada Orereta y el top\u00f3nimo que le asign\u00f3 el monarca fue Villanueva de Oiarso.<\/p>\n\n\n\n<figure class=\"wp-block-image size-large\"><img loading=\"lazy\" decoding=\"async\" width=\"1024\" height=\"683\" src=\"https:\/\/www.escapadarural.com\/blog\/wp-content\/uploads\/2025\/03\/renteria-medieval-1024x683.webp\" alt=\"Casco hist\u00f3rico de Renter\u00eda, Guip\u00fazcoa. Por unai.\" class=\"wp-image-198393\" srcset=\"https:\/\/www.escapadarural.com\/blog\/wp-content\/uploads\/2025\/03\/renteria-medieval-200x133.webp 200w, https:\/\/www.escapadarural.com\/blog\/wp-content\/uploads\/2025\/03\/renteria-medieval-300x200.webp 300w, https:\/\/www.escapadarural.com\/blog\/wp-content\/uploads\/2025\/03\/renteria-medieval-400x267.webp 400w, https:\/\/www.escapadarural.com\/blog\/wp-content\/uploads\/2025\/03\/renteria-medieval-600x400.webp 600w, https:\/\/www.escapadarural.com\/blog\/wp-content\/uploads\/2025\/03\/renteria-medieval-768x512.webp 768w, https:\/\/www.escapadarural.com\/blog\/wp-content\/uploads\/2025\/03\/renteria-medieval-800x533.webp 800w, https:\/\/www.escapadarural.com\/blog\/wp-content\/uploads\/2025\/03\/renteria-medieval-1024x683.webp 1024w, https:\/\/www.escapadarural.com\/blog\/wp-content\/uploads\/2025\/03\/renteria-medieval-1200x800.webp 1200w, https:\/\/www.escapadarural.com\/blog\/wp-content\/uploads\/2025\/03\/renteria-medieval-1536x1024.webp 1536w\" sizes=\"auto, (max-width: 1024px) 100vw, 1024px\" \/><figcaption class=\"wp-element-caption\">Casco hist\u00f3rico de Renter\u00eda, en Guip\u00fazcoa, villa de <em>La infiltrada<\/em>. Por unai.<\/figcaption><\/figure>\n\n\n\n<p>Sin embargo, la vida cotidiana a veces tiene m\u00e1s poder que los mandatarios, y el lugar se comenz\u00f3 a llamar Renter\u00eda poco a poco hasta que finalmente fue su nombre oficial. Este \u2018apodo\u2019 inicial viene de la principal actividad econ\u00f3mica que se produc\u00eda en la villa: all\u00ed era donde se pagaban las tasas del comercio mar\u00edtimo (en aquella \u00e9poca, el puerto del pueblo era un n\u00facleo muy importante), as\u00ed que<strong> la palabra \u2018renta\u2019 deriv\u00f3 en Renter\u00eda<\/strong>.<\/p>\n\n\n\n<p>Como ocurri\u00f3 en muchos otros puntos de la pen\u00ednsula ib\u00e9rica, con la revoluci\u00f3n industrial del siglo XIX, las f\u00e1bricas se convirtieron en el principal motor econ\u00f3mico del lugar (en ese tiempo se gan\u00f3 el sobrenombre de <strong>\u2018la peque\u00f1a Manchester\u2019<\/strong>, municipio que vivi\u00f3 el mismo proceso pero en Gran Breta\u00f1a). Con el tiempo, como sucedi\u00f3 en muchos sitios, la industria se desmantel\u00f3 para dar paso al sector servicios. A\u00fan quedan vestigios de ese pasado no tan lejano, pero la atm\u00f3sfera de Renter\u00eda est\u00e1 m\u00e1s limpia.<\/p>\n\n\n\n<h2 class=\"wp-block-heading\" id=\"h-lo-que-queda-de-la-antigua-renteria\">Lo que queda de la antigua Renter\u00eda<\/h2>\n\n\n\n<figure class=\"wp-block-image size-large\"><img loading=\"lazy\" decoding=\"async\" width=\"1024\" height=\"683\" src=\"https:\/\/www.escapadarural.com\/blog\/wp-content\/uploads\/2025\/03\/renteria2-1024x683.webp\" alt=\"Casco hist\u00f3rico de Renter\u00eda, Guip\u00fazcoa. Por Laiotz.\" class=\"wp-image-198390\" srcset=\"https:\/\/www.escapadarural.com\/blog\/wp-content\/uploads\/2025\/03\/renteria2-200x133.webp 200w, https:\/\/www.escapadarural.com\/blog\/wp-content\/uploads\/2025\/03\/renteria2-300x200.webp 300w, https:\/\/www.escapadarural.com\/blog\/wp-content\/uploads\/2025\/03\/renteria2-400x267.webp 400w, https:\/\/www.escapadarural.com\/blog\/wp-content\/uploads\/2025\/03\/renteria2-600x400.webp 600w, https:\/\/www.escapadarural.com\/blog\/wp-content\/uploads\/2025\/03\/renteria2-768x512.webp 768w, https:\/\/www.escapadarural.com\/blog\/wp-content\/uploads\/2025\/03\/renteria2-800x533.webp 800w, https:\/\/www.escapadarural.com\/blog\/wp-content\/uploads\/2025\/03\/renteria2-1024x683.webp 1024w, https:\/\/www.escapadarural.com\/blog\/wp-content\/uploads\/2025\/03\/renteria2-1200x800.webp 1200w, https:\/\/www.escapadarural.com\/blog\/wp-content\/uploads\/2025\/03\/renteria2-1536x1024.webp 1536w\" sizes=\"auto, (max-width: 1024px) 100vw, 1024px\" \/><figcaption class=\"wp-element-caption\">Casco hist\u00f3rico de Renter\u00eda, en Guip\u00fazcoa. Por Laiotz.<\/figcaption><\/figure>\n\n\n\n<p>El caso hist\u00f3rico es una de las muestras m\u00e1s fehacientes de los <strong>antecedentes medievales <\/strong>de la poblaci\u00f3n. Se concentra en siete calles, aunque en sus inicios solo hubo cuatro (Goiko Kalea, Eliz Kalea, Erdiko Kalea y Beheko Kalea). En el siglo XV se tuvo que construir un ensanche debido al aumento de la demograf\u00eda, por lo que nacieron las otras tres v\u00edas hist\u00f3ricas (Kapitanenea, Andra Mari y Santxoenea), que forman una especie de tri\u00e1ngulo por su trazado. Cinco de ellas van a dar a la Herriko plaza, donde se puede ver el edificio del<strong> ayuntamiento y la iglesia parroquial<\/strong> de Nuestra Se\u00f1ora de la Asunci\u00f3n.<\/p>\n\n\n\n<p>Esas dos edificaciones son las <strong>muestras patrimoniales<\/strong> m\u00e1s notorias de Renter\u00eda. La casa consistorial recibi\u00f3 el t\u00edtulo de Monumento Hist\u00f3rico-Art\u00edstico Provincial en 1964. Se trata de un edificio de estilo renacentista construido en el siglo XVII.&nbsp;<\/p>\n\n\n\n<p>La \u00faltima reconstrucci\u00f3n del templo religioso, que dej\u00f3 el aspecto que tiene actualmente, es del siglo XVI (anteriormente hab\u00eda sido una parroquia m\u00e1s peque\u00f1a, pero apenas se tienen datos de esa existencia). Con el tiempo se someti\u00f3 a diversas renovaciones y operaciones de mantenimiento, como el remate de la torre, en 1897. El estilo dominante del edificio es el <strong>g\u00f3tico-vasco<\/strong>.<\/p>\n\n\n\n<figure class=\"wp-block-image size-large\"><img loading=\"lazy\" decoding=\"async\" width=\"1024\" height=\"717\" src=\"https:\/\/www.escapadarural.com\/blog\/wp-content\/uploads\/2025\/04\/AdobeStock_213054275-1024x717.webp\" alt=\"Renter\u00eda, Guip\u00fazcoa\" class=\"wp-image-198665\"\/><figcaption class=\"wp-element-caption\">Renter\u00eda, Guip\u00fazcoa. Por In 2 DODO<\/figcaption><\/figure>\n\n\n\n<h2 class=\"wp-block-heading\" id=\"h-una-antigua-muralla-que-rodeaba-renteria\">Una antigua muralla que rodeaba Renter\u00eda<\/h2>\n\n\n\n<p>En su momento, las v\u00edas m\u00e1s antiguas del casco viejo estaban recogidas dentro de la muralla que proteg\u00eda el n\u00facleo urbano. Con la ampliaci\u00f3n del siglo XV se construy\u00f3 un nuevo muro fortificado, pero de ellas solo quedan las <strong>casas-torre de Torrekoa y Morrontxo<\/strong>, situadas en la calle Goiko. Eran parte de la puerta de acceso de Navarra. <\/p>\n\n\n\n<p>En un paseo por la zona, se pueden admirar casas blasonadas, como la Arrambide y la Kapitanenea; as\u00ed como el palacio barroco de Zubiaurre, erigido en el siglo XVIII.<\/p>\n\n\n\n<h2 class=\"wp-block-heading\" id=\"h-que-mas-ver-en-renteria\">\u00bfQu\u00e9 m\u00e1s ver en Renter\u00eda?<\/h2>\n\n\n\n<figure class=\"wp-block-image size-large\"><img loading=\"lazy\" decoding=\"async\" width=\"1024\" height=\"767\" src=\"https:\/\/www.escapadarural.com\/blog\/wp-content\/uploads\/2025\/03\/fuerte-1024x767.webp\" alt=\"Fuerte de San Marcos en Renter\u00eda, Guip\u00fazcoa. Por ZonaFreeDrone.\" class=\"wp-image-198389\" srcset=\"https:\/\/www.escapadarural.com\/blog\/wp-content\/uploads\/2025\/03\/fuerte-200x150.webp 200w, https:\/\/www.escapadarural.com\/blog\/wp-content\/uploads\/2025\/03\/fuerte-300x225.webp 300w, https:\/\/www.escapadarural.com\/blog\/wp-content\/uploads\/2025\/03\/fuerte-400x300.webp 400w, https:\/\/www.escapadarural.com\/blog\/wp-content\/uploads\/2025\/03\/fuerte-600x449.webp 600w, https:\/\/www.escapadarural.com\/blog\/wp-content\/uploads\/2025\/03\/fuerte-768x575.webp 768w, https:\/\/www.escapadarural.com\/blog\/wp-content\/uploads\/2025\/03\/fuerte-800x599.webp 800w, https:\/\/www.escapadarural.com\/blog\/wp-content\/uploads\/2025\/03\/fuerte-1024x767.webp 1024w, https:\/\/www.escapadarural.com\/blog\/wp-content\/uploads\/2025\/03\/fuerte-1200x899.webp 1200w, https:\/\/www.escapadarural.com\/blog\/wp-content\/uploads\/2025\/03\/fuerte-1536x1150.webp 1536w\" sizes=\"auto, (max-width: 1024px) 100vw, 1024px\" \/><figcaption class=\"wp-element-caption\">Fuerte de San Marcos en Renter\u00eda, Guip\u00fazcoa, donde se rod\u00f3 <em>La infiltrada<\/em>. Por ZonaFreeDrone.<\/figcaption><\/figure>\n\n\n\n<p>Merece la pena acercarse al <strong>molino de Fanderia<\/strong>, que con el agua del r\u00edo Oiartzun sirvi\u00f3 para hacer funcionar un taller de hierro en el siglo XV. M\u00e1s tarde, en el siglo XVIII, ayud\u00f3 a convertir el metal original en chapa; y en los siglos XIX y XX se us\u00f3 para moler cereales. Sus \u00faltimos giros laborales los dio en 1996, aunque a\u00fan se puede ver c\u00f3mo funciona su mecanismo. Adem\u00e1s, se han instalado paneles informativos y medios audiovisuales para quienes est\u00e9n interesados en conocerlo mejor.<\/p>\n\n\n\n<p>Otro lugar en el que es posible aprender acerca del pasado del pueblo vasco es en <strong>el Museo del Traje Vasco<\/strong>, que se encuentra en la mencionada casa Kapitanenea. All\u00ed, como su propio nombre indica, est\u00e1 recogida la evoluci\u00f3n de los atuendos que se vistieron a lo largo de la historia del Pa\u00eds Vasco.<\/p>\n\n\n\n<figure class=\"wp-block-image size-large\"><img loading=\"lazy\" decoding=\"async\" width=\"1024\" height=\"683\" src=\"https:\/\/www.escapadarural.com\/blog\/wp-content\/uploads\/2025\/03\/dolmen-renteria-1024x683.webp\" alt=\"Dolmen de Aitzetako Txabala en Renter\u00eda, Guip\u00fazcoa. Por unai.\" class=\"wp-image-198392\" srcset=\"https:\/\/www.escapadarural.com\/blog\/wp-content\/uploads\/2025\/03\/dolmen-renteria-200x133.webp 200w, https:\/\/www.escapadarural.com\/blog\/wp-content\/uploads\/2025\/03\/dolmen-renteria-300x200.webp 300w, https:\/\/www.escapadarural.com\/blog\/wp-content\/uploads\/2025\/03\/dolmen-renteria-400x267.webp 400w, https:\/\/www.escapadarural.com\/blog\/wp-content\/uploads\/2025\/03\/dolmen-renteria-600x400.webp 600w, https:\/\/www.escapadarural.com\/blog\/wp-content\/uploads\/2025\/03\/dolmen-renteria-768x512.webp 768w, https:\/\/www.escapadarural.com\/blog\/wp-content\/uploads\/2025\/03\/dolmen-renteria-800x533.webp 800w, https:\/\/www.escapadarural.com\/blog\/wp-content\/uploads\/2025\/03\/dolmen-renteria-1024x683.webp 1024w, https:\/\/www.escapadarural.com\/blog\/wp-content\/uploads\/2025\/03\/dolmen-renteria-1200x800.webp 1200w, https:\/\/www.escapadarural.com\/blog\/wp-content\/uploads\/2025\/03\/dolmen-renteria-1536x1024.webp 1536w\" sizes=\"auto, (max-width: 1024px) 100vw, 1024px\" \/><figcaption class=\"wp-element-caption\">Dolmen de Aitzetako Txabala en Renter\u00eda, Guip\u00fazcoa. Por unai.<\/figcaption><\/figure>\n\n\n\n<p>No hay que olvidar que Renter\u00eda no solo es un conjunto de calles, sino que tambi\u00e9n cuenta con un patrimonio natural envidiable. Uno de los lugares que no se deber\u00edan dejar de visitar es el <strong>fuerte de San Marcos<\/strong>, que hace muchos a\u00f1os fue un enclave militar, pero ahora solo es un gran mirador de la comarca de Oarsoaldea.&nbsp;<\/p>\n\n\n\n<p>Est\u00e1 ubicado en lo alto del monte Bizarain (260 metros sobre el nivel del mar) y desde all\u00ed se puede ver Pasaia y <a href=\"\/casas-rurales\/donostia-san-sebastian\">San Sebasti\u00e1n<\/a>. Cerca, tambi\u00e9n dentro del <strong>Parque Natural de Lau Haizeta<\/strong>, est\u00e1 el fuerte de Txoritokieta. Si se siguen los senderos balizados que los rodean, se pueden encontrar restos megal\u00edticos como el dolmen de Aitzetako Txabala o los de Berrozpin.&nbsp;<\/p>\n","protected":false},"excerpt":{"rendered":"<p>Renter\u00eda, municipio situado en el valle del Oiartzun, es uno de los lugares donde se rodaron gran parte de las localizaciones de la pel\u00edcula &#8216;La infiltrada&#8217;.<\/p>\n","protected":false},"author":114,"featured_media":198391,"comment_status":"open","ping_status":"open","sticky":false,"template":"","format":"standard","meta":{"_acf_changed":false,"om_disable_all_campaigns":false,"footnotes":""},"categories":[231],"tags":[863,695,450,3906,6222],"class_list":["post-198387","post","type-post","status-publish","format-standard","has-post-thumbnail","hentry","category-arte-y-cultura","tag-cine","tag-que-ver-en-guipuzcoa","tag-que-ver-en-pais-vasco","tag-pelicula","tag-renteria"],"acf":[],"featured_image_src":"https:\/\/www.escapadarural.com\/blog\/wp-content\/uploads\/2025\/03\/renteria-scaled.webp","author_info":{"display_name":"Carmen L\u00f3pez","author_link":"https:\/\/www.escapadarural.com\/blog\/autor\/carmenlopez\/"},"yoast_head":"<!-- This site is optimized with the Yoast SEO plugin v27.5 - https:\/\/yoast.com\/product\/yoast-seo-wordpress\/ -->\n<title>Renter\u00eda, el pueblo de la pel\u00edcula La infiltrada - EscapadaRural<\/title>\n<meta name=\"description\" content=\"Renter\u00eda, situado en el valle del Oiartzun, es uno de los lugares donde se rod\u00f3 gran parte de la pel\u00edcula &#039;La infiltrada&#039;.\" \/>\n<meta name=\"robots\" content=\"index, follow, max-snippet:-1, max-image-preview:large, max-video-preview:-1\" \/>\n<link rel=\"canonical\" href=\"https:\/\/www.escapadarural.com\/blog\/renteria-donde-se-rodo-la-infiltrada\/\" \/>\n<meta property=\"og:locale\" content=\"es_ES\" \/>\n<meta property=\"og:type\" content=\"article\" \/>\n<meta property=\"og:title\" content=\"Renter\u00eda, el pueblo de la pel\u00edcula La infiltrada - EscapadaRural\" \/>\n<meta property=\"og:description\" content=\"Renter\u00eda, situado en el valle del Oiartzun, es uno de los lugares donde se rod\u00f3 gran parte de la pel\u00edcula &#039;La infiltrada&#039;.\" \/>\n<meta property=\"og:url\" content=\"https:\/\/www.escapadarural.com\/blog\/renteria-donde-se-rodo-la-infiltrada\/\" \/>\n<meta property=\"og:site_name\" content=\"Magazine de viajes de EscapadaRural\" \/>\n<meta property=\"article:publisher\" content=\"https:\/\/www.facebook.com\/escapadarural\" \/>\n<meta property=\"article:published_time\" content=\"2025-04-05T06:00:00+00:00\" \/>\n<meta property=\"og:image\" content=\"https:\/\/www.escapadarural.com\/blog\/wp-content\/uploads\/2025\/03\/renteria-scaled.webp\" \/>\n\t<meta property=\"og:image:width\" content=\"2048\" \/>\n\t<meta property=\"og:image:height\" content=\"1365\" \/>\n\t<meta property=\"og:image:type\" content=\"image\/webp\" \/>\n<meta name=\"author\" content=\"Carmen L\u00f3pez\" \/>\n<meta name=\"twitter:card\" content=\"summary_large_image\" \/>\n<meta name=\"twitter:label1\" content=\"Escrito por\" \/>\n\t<meta name=\"twitter:data1\" content=\"Carmen L\u00f3pez\" \/>\n\t<meta name=\"twitter:label2\" content=\"Tiempo de lectura\" \/>\n\t<meta name=\"twitter:data2\" content=\"7 minutos\" \/>\n<script type=\"application\/ld+json\" class=\"yoast-schema-graph\">{\"@context\":\"https:\\\/\\\/schema.org\",\"@graph\":[{\"@type\":\"Article\",\"@id\":\"https:\\\/\\\/www.escapadarural.com\\\/blog\\\/renteria-donde-se-rodo-la-infiltrada\\\/#article\",\"isPartOf\":{\"@id\":\"https:\\\/\\\/www.escapadarural.com\\\/blog\\\/renteria-donde-se-rodo-la-infiltrada\\\/\"},\"author\":{\"name\":\"Carmen L\u00f3pez\",\"@id\":\"https:\\\/\\\/www.escapadarural.com\\\/blog\\\/#\\\/schema\\\/person\\\/42dfdff6118172efc6a04c8ae599a2ce\"},\"headline\":\"Renter\u00eda, el pueblo de la pel\u00edcula La infiltrada\",\"datePublished\":\"2025-04-05T06:00:00+00:00\",\"mainEntityOfPage\":{\"@id\":\"https:\\\/\\\/www.escapadarural.com\\\/blog\\\/renteria-donde-se-rodo-la-infiltrada\\\/\"},\"wordCount\":1231,\"commentCount\":0,\"publisher\":{\"@id\":\"https:\\\/\\\/www.escapadarural.com\\\/blog\\\/#organization\"},\"image\":{\"@id\":\"https:\\\/\\\/www.escapadarural.com\\\/blog\\\/renteria-donde-se-rodo-la-infiltrada\\\/#primaryimage\"},\"thumbnailUrl\":\"https:\\\/\\\/www.escapadarural.com\\\/blog\\\/wp-content\\\/uploads\\\/2025\\\/03\\\/renteria-scaled.webp\",\"keywords\":[\"Cine\",\"Guip\u00fazcoa\",\"Pa\u00eds Vasco\",\"pelicula\",\"renteria\"],\"articleSection\":[\"Arte y Cultura\"],\"inLanguage\":\"es\",\"potentialAction\":[{\"@type\":\"CommentAction\",\"name\":\"Comment\",\"target\":[\"https:\\\/\\\/www.escapadarural.com\\\/blog\\\/renteria-donde-se-rodo-la-infiltrada\\\/#respond\"]}]},{\"@type\":\"WebPage\",\"@id\":\"https:\\\/\\\/www.escapadarural.com\\\/blog\\\/renteria-donde-se-rodo-la-infiltrada\\\/\",\"url\":\"https:\\\/\\\/www.escapadarural.com\\\/blog\\\/renteria-donde-se-rodo-la-infiltrada\\\/\",\"name\":\"Renter\u00eda, el pueblo de la pel\u00edcula La infiltrada - EscapadaRural\",\"isPartOf\":{\"@id\":\"https:\\\/\\\/www.escapadarural.com\\\/blog\\\/#website\"},\"primaryImageOfPage\":{\"@id\":\"https:\\\/\\\/www.escapadarural.com\\\/blog\\\/renteria-donde-se-rodo-la-infiltrada\\\/#primaryimage\"},\"image\":{\"@id\":\"https:\\\/\\\/www.escapadarural.com\\\/blog\\\/renteria-donde-se-rodo-la-infiltrada\\\/#primaryimage\"},\"thumbnailUrl\":\"https:\\\/\\\/www.escapadarural.com\\\/blog\\\/wp-content\\\/uploads\\\/2025\\\/03\\\/renteria-scaled.webp\",\"datePublished\":\"2025-04-05T06:00:00+00:00\",\"description\":\"Renter\u00eda, situado en el valle del Oiartzun, es uno de los lugares donde se rod\u00f3 gran parte de la pel\u00edcula 'La infiltrada'.\",\"breadcrumb\":{\"@id\":\"https:\\\/\\\/www.escapadarural.com\\\/blog\\\/renteria-donde-se-rodo-la-infiltrada\\\/#breadcrumb\"},\"inLanguage\":\"es\",\"potentialAction\":[{\"@type\":\"ReadAction\",\"target\":[\"https:\\\/\\\/www.escapadarural.com\\\/blog\\\/renteria-donde-se-rodo-la-infiltrada\\\/\"]}]},{\"@type\":\"ImageObject\",\"inLanguage\":\"es\",\"@id\":\"https:\\\/\\\/www.escapadarural.com\\\/blog\\\/renteria-donde-se-rodo-la-infiltrada\\\/#primaryimage\",\"url\":\"https:\\\/\\\/www.escapadarural.com\\\/blog\\\/wp-content\\\/uploads\\\/2025\\\/03\\\/renteria-scaled.webp\",\"contentUrl\":\"https:\\\/\\\/www.escapadarural.com\\\/blog\\\/wp-content\\\/uploads\\\/2025\\\/03\\\/renteria-scaled.webp\",\"width\":2048,\"height\":1365,\"caption\":\"Renter\u00eda. Por Alotz.\"},{\"@type\":\"BreadcrumbList\",\"@id\":\"https:\\\/\\\/www.escapadarural.com\\\/blog\\\/renteria-donde-se-rodo-la-infiltrada\\\/#breadcrumb\",\"itemListElement\":[{\"@type\":\"ListItem\",\"position\":1,\"name\":\"Inicio\",\"item\":\"https:\\\/\\\/www.escapadarural.com\\\/blog\\\/\"},{\"@type\":\"ListItem\",\"position\":2,\"name\":\"Arte y Cultura\",\"item\":\"https:\\\/\\\/www.escapadarural.com\\\/blog\\\/categoria\\\/arte-y-cultura\\\/\"},{\"@type\":\"ListItem\",\"position\":3,\"name\":\"Renter\u00eda, el pueblo de la pel\u00edcula La infiltrada\"}]},{\"@type\":\"WebSite\",\"@id\":\"https:\\\/\\\/www.escapadarural.com\\\/blog\\\/#website\",\"url\":\"https:\\\/\\\/www.escapadarural.com\\\/blog\\\/\",\"name\":\"Blog de viajes | turismo rural, alojamientos e inspiraci\u00f3n\",\"description\":\"Alojamientos rurales e inspiraci\u00f3n para tus escapadas\",\"publisher\":{\"@id\":\"https:\\\/\\\/www.escapadarural.com\\\/blog\\\/#organization\"},\"alternateName\":\"Magazine de viajes de EscapadaRural\",\"potentialAction\":[{\"@type\":\"SearchAction\",\"target\":{\"@type\":\"EntryPoint\",\"urlTemplate\":\"https:\\\/\\\/www.escapadarural.com\\\/blog\\\/?s={search_term_string}\"},\"query-input\":{\"@type\":\"PropertyValueSpecification\",\"valueRequired\":true,\"valueName\":\"search_term_string\"}}],\"inLanguage\":\"es\"},{\"@type\":\"Organization\",\"@id\":\"https:\\\/\\\/www.escapadarural.com\\\/blog\\\/#organization\",\"name\":\"EscapadaRural\",\"url\":\"https:\\\/\\\/www.escapadarural.com\\\/blog\\\/\",\"logo\":{\"@type\":\"ImageObject\",\"inLanguage\":\"es\",\"@id\":\"https:\\\/\\\/www.escapadarural.com\\\/blog\\\/#\\\/schema\\\/logo\\\/image\\\/\",\"url\":\"https:\\\/\\\/www.escapadarural.com\\\/blog\\\/wp-content\\\/uploads\\\/2024\\\/10\\\/cropped-cropped-escapada-rural-icon-mag-3.png\",\"contentUrl\":\"https:\\\/\\\/www.escapadarural.com\\\/blog\\\/wp-content\\\/uploads\\\/2024\\\/10\\\/cropped-cropped-escapada-rural-icon-mag-3.png\",\"width\":512,\"height\":512,\"caption\":\"EscapadaRural\"},\"image\":{\"@id\":\"https:\\\/\\\/www.escapadarural.com\\\/blog\\\/#\\\/schema\\\/logo\\\/image\\\/\"},\"sameAs\":[\"https:\\\/\\\/www.facebook.com\\\/escapadarural\",\"https:\\\/\\\/www.instagram.com\\\/escapadarural\\\/\",\"https:\\\/\\\/www.youtube.com\\\/@escapadaruralcom\"]},{\"@type\":\"Person\",\"@id\":\"https:\\\/\\\/www.escapadarural.com\\\/blog\\\/#\\\/schema\\\/person\\\/42dfdff6118172efc6a04c8ae599a2ce\",\"name\":\"Carmen L\u00f3pez\",\"image\":{\"@type\":\"ImageObject\",\"inLanguage\":\"es\",\"@id\":\"https:\\\/\\\/www.escapadarural.com\\\/blog\\\/wp-content\\\/uploads\\\/2024\\\/11\\\/cropped-perfil_eldiario-96x96-1-96x96.jpeg\",\"url\":\"https:\\\/\\\/www.escapadarural.com\\\/blog\\\/wp-content\\\/uploads\\\/2024\\\/11\\\/cropped-perfil_eldiario-96x96-1-96x96.jpeg\",\"contentUrl\":\"https:\\\/\\\/www.escapadarural.com\\\/blog\\\/wp-content\\\/uploads\\\/2024\\\/11\\\/cropped-perfil_eldiario-96x96-1-96x96.jpeg\",\"caption\":\"Carmen L\u00f3pez\"},\"description\":\"Soy periodista y escribo sobre cosas que importan en sitios que interesan desde hace m\u00e1s de una d\u00e9cada.\",\"url\":\"https:\\\/\\\/www.escapadarural.com\\\/blog\\\/autor\\\/carmenlopez\\\/\"}]}<\/script>\n<!-- \/ Yoast SEO plugin. -->","yoast_head_json":{"title":"Renter\u00eda, el pueblo de la pel\u00edcula La infiltrada - EscapadaRural","description":"Renter\u00eda, situado en el valle del Oiartzun, es uno de los lugares donde se rod\u00f3 gran parte de la pel\u00edcula 'La infiltrada'.","robots":{"index":"index","follow":"follow","max-snippet":"max-snippet:-1","max-image-preview":"max-image-preview:large","max-video-preview":"max-video-preview:-1"},"canonical":"https:\/\/www.escapadarural.com\/blog\/renteria-donde-se-rodo-la-infiltrada\/","og_locale":"es_ES","og_type":"article","og_title":"Renter\u00eda, el pueblo de la pel\u00edcula La infiltrada - EscapadaRural","og_description":"Renter\u00eda, situado en el valle del Oiartzun, es uno de los lugares donde se rod\u00f3 gran parte de la pel\u00edcula 'La infiltrada'.","og_url":"https:\/\/www.escapadarural.com\/blog\/renteria-donde-se-rodo-la-infiltrada\/","og_site_name":"Magazine de viajes de EscapadaRural","article_publisher":"https:\/\/www.facebook.com\/escapadarural","article_published_time":"2025-04-05T06:00:00+00:00","og_image":[{"width":2048,"height":1365,"url":"https:\/\/www.escapadarural.com\/blog\/wp-content\/uploads\/2025\/03\/renteria-scaled.webp","type":"image\/webp"}],"author":"Carmen L\u00f3pez","twitter_card":"summary_large_image","twitter_misc":{"Escrito por":"Carmen L\u00f3pez","Tiempo de lectura":"7 minutos"},"schema":{"@context":"https:\/\/schema.org","@graph":[{"@type":"Article","@id":"https:\/\/www.escapadarural.com\/blog\/renteria-donde-se-rodo-la-infiltrada\/#article","isPartOf":{"@id":"https:\/\/www.escapadarural.com\/blog\/renteria-donde-se-rodo-la-infiltrada\/"},"author":{"name":"Carmen L\u00f3pez","@id":"https:\/\/www.escapadarural.com\/blog\/#\/schema\/person\/42dfdff6118172efc6a04c8ae599a2ce"},"headline":"Renter\u00eda, el pueblo de la pel\u00edcula La infiltrada","datePublished":"2025-04-05T06:00:00+00:00","mainEntityOfPage":{"@id":"https:\/\/www.escapadarural.com\/blog\/renteria-donde-se-rodo-la-infiltrada\/"},"wordCount":1231,"commentCount":0,"publisher":{"@id":"https:\/\/www.escapadarural.com\/blog\/#organization"},"image":{"@id":"https:\/\/www.escapadarural.com\/blog\/renteria-donde-se-rodo-la-infiltrada\/#primaryimage"},"thumbnailUrl":"https:\/\/www.escapadarural.com\/blog\/wp-content\/uploads\/2025\/03\/renteria-scaled.webp","keywords":["Cine","Guip\u00fazcoa","Pa\u00eds Vasco","pelicula","renteria"],"articleSection":["Arte y Cultura"],"inLanguage":"es","potentialAction":[{"@type":"CommentAction","name":"Comment","target":["https:\/\/www.escapadarural.com\/blog\/renteria-donde-se-rodo-la-infiltrada\/#respond"]}]},{"@type":"WebPage","@id":"https:\/\/www.escapadarural.com\/blog\/renteria-donde-se-rodo-la-infiltrada\/","url":"https:\/\/www.escapadarural.com\/blog\/renteria-donde-se-rodo-la-infiltrada\/","name":"Renter\u00eda, el pueblo de la pel\u00edcula La infiltrada - EscapadaRural","isPartOf":{"@id":"https:\/\/www.escapadarural.com\/blog\/#website"},"primaryImageOfPage":{"@id":"https:\/\/www.escapadarural.com\/blog\/renteria-donde-se-rodo-la-infiltrada\/#primaryimage"},"image":{"@id":"https:\/\/www.escapadarural.com\/blog\/renteria-donde-se-rodo-la-infiltrada\/#primaryimage"},"thumbnailUrl":"https:\/\/www.escapadarural.com\/blog\/wp-content\/uploads\/2025\/03\/renteria-scaled.webp","datePublished":"2025-04-05T06:00:00+00:00","description":"Renter\u00eda, situado en el valle del Oiartzun, es uno de los lugares donde se rod\u00f3 gran parte de la pel\u00edcula 'La infiltrada'.","breadcrumb":{"@id":"https:\/\/www.escapadarural.com\/blog\/renteria-donde-se-rodo-la-infiltrada\/#breadcrumb"},"inLanguage":"es","potentialAction":[{"@type":"ReadAction","target":["https:\/\/www.escapadarural.com\/blog\/renteria-donde-se-rodo-la-infiltrada\/"]}]},{"@type":"ImageObject","inLanguage":"es","@id":"https:\/\/www.escapadarural.com\/blog\/renteria-donde-se-rodo-la-infiltrada\/#primaryimage","url":"https:\/\/www.escapadarural.com\/blog\/wp-content\/uploads\/2025\/03\/renteria-scaled.webp","contentUrl":"https:\/\/www.escapadarural.com\/blog\/wp-content\/uploads\/2025\/03\/renteria-scaled.webp","width":2048,"height":1365,"caption":"Renter\u00eda. Por Alotz."},{"@type":"BreadcrumbList","@id":"https:\/\/www.escapadarural.com\/blog\/renteria-donde-se-rodo-la-infiltrada\/#breadcrumb","itemListElement":[{"@type":"ListItem","position":1,"name":"Inicio","item":"https:\/\/www.escapadarural.com\/blog\/"},{"@type":"ListItem","position":2,"name":"Arte y Cultura","item":"https:\/\/www.escapadarural.com\/blog\/categoria\/arte-y-cultura\/"},{"@type":"ListItem","position":3,"name":"Renter\u00eda, el pueblo de la pel\u00edcula La infiltrada"}]},{"@type":"WebSite","@id":"https:\/\/www.escapadarural.com\/blog\/#website","url":"https:\/\/www.escapadarural.com\/blog\/","name":"Blog de viajes | turismo rural, alojamientos e inspiraci\u00f3n","description":"Alojamientos rurales e inspiraci\u00f3n para tus escapadas","publisher":{"@id":"https:\/\/www.escapadarural.com\/blog\/#organization"},"alternateName":"Magazine de viajes de EscapadaRural","potentialAction":[{"@type":"SearchAction","target":{"@type":"EntryPoint","urlTemplate":"https:\/\/www.escapadarural.com\/blog\/?s={search_term_string}"},"query-input":{"@type":"PropertyValueSpecification","valueRequired":true,"valueName":"search_term_string"}}],"inLanguage":"es"},{"@type":"Organization","@id":"https:\/\/www.escapadarural.com\/blog\/#organization","name":"EscapadaRural","url":"https:\/\/www.escapadarural.com\/blog\/","logo":{"@type":"ImageObject","inLanguage":"es","@id":"https:\/\/www.escapadarural.com\/blog\/#\/schema\/logo\/image\/","url":"https:\/\/www.escapadarural.com\/blog\/wp-content\/uploads\/2024\/10\/cropped-cropped-escapada-rural-icon-mag-3.png","contentUrl":"https:\/\/www.escapadarural.com\/blog\/wp-content\/uploads\/2024\/10\/cropped-cropped-escapada-rural-icon-mag-3.png","width":512,"height":512,"caption":"EscapadaRural"},"image":{"@id":"https:\/\/www.escapadarural.com\/blog\/#\/schema\/logo\/image\/"},"sameAs":["https:\/\/www.facebook.com\/escapadarural","https:\/\/www.instagram.com\/escapadarural\/","https:\/\/www.youtube.com\/@escapadaruralcom"]},{"@type":"Person","@id":"https:\/\/www.escapadarural.com\/blog\/#\/schema\/person\/42dfdff6118172efc6a04c8ae599a2ce","name":"Carmen L\u00f3pez","image":{"@type":"ImageObject","inLanguage":"es","@id":"https:\/\/www.escapadarural.com\/blog\/wp-content\/uploads\/2024\/11\/cropped-perfil_eldiario-96x96-1-96x96.jpeg","url":"https:\/\/www.escapadarural.com\/blog\/wp-content\/uploads\/2024\/11\/cropped-perfil_eldiario-96x96-1-96x96.jpeg","contentUrl":"https:\/\/www.escapadarural.com\/blog\/wp-content\/uploads\/2024\/11\/cropped-perfil_eldiario-96x96-1-96x96.jpeg","caption":"Carmen L\u00f3pez"},"description":"Soy periodista y escribo sobre cosas que importan en sitios que interesan desde hace m\u00e1s de una d\u00e9cada.","url":"https:\/\/www.escapadarural.com\/blog\/autor\/carmenlopez\/"}]}},"_links":{"self":[{"href":"https:\/\/www.escapadarural.com\/blog\/wp-json\/wp\/v2\/posts\/198387","targetHints":{"allow":["GET"]}}],"collection":[{"href":"https:\/\/www.escapadarural.com\/blog\/wp-json\/wp\/v2\/posts"}],"about":[{"href":"https:\/\/www.escapadarural.com\/blog\/wp-json\/wp\/v2\/types\/post"}],"author":[{"embeddable":true,"href":"https:\/\/www.escapadarural.com\/blog\/wp-json\/wp\/v2\/users\/114"}],"replies":[{"embeddable":true,"href":"https:\/\/www.escapadarural.com\/blog\/wp-json\/wp\/v2\/comments?post=198387"}],"version-history":[{"count":0,"href":"https:\/\/www.escapadarural.com\/blog\/wp-json\/wp\/v2\/posts\/198387\/revisions"}],"wp:featuredmedia":[{"embeddable":true,"href":"https:\/\/www.escapadarural.com\/blog\/wp-json\/wp\/v2\/media\/198391"}],"wp:attachment":[{"href":"https:\/\/www.escapadarural.com\/blog\/wp-json\/wp\/v2\/media?parent=198387"}],"wp:term":[{"taxonomy":"category","embeddable":true,"href":"https:\/\/www.escapadarural.com\/blog\/wp-json\/wp\/v2\/categories?post=198387"},{"taxonomy":"post_tag","embeddable":true,"href":"https:\/\/www.escapadarural.com\/blog\/wp-json\/wp\/v2\/tags?post=198387"}],"curies":[{"name":"wp","href":"https:\/\/api.w.org\/{rel}","templated":true}]}}