{"id":198410,"date":"2025-04-11T08:00:00","date_gmt":"2025-04-11T06:00:00","guid":{"rendered":"https:\/\/www.escapadarural.com\/blog\/?p=198410"},"modified":"2026-02-17T17:07:19","modified_gmt":"2026-02-17T16:07:19","slug":"ruta-robert-capa-de-aitona-guerra-civil","status":"publish","type":"post","link":"https:\/\/www.escapadarural.com\/blog\/ruta-robert-capa-de-aitona-guerra-civil\/","title":{"rendered":"La Ruta Robert Capa de Aitona: el reportero que retrat\u00f3 la Guerra Civil"},"content":{"rendered":"\n<figure class=\"wp-block-image size-full\"><img loading=\"lazy\" decoding=\"async\" width=\"1024\" height=\"683\" src=\"https:\/\/www.escapadarural.com\/blog\/wp-content\/uploads\/2025\/03\/00_RutaRobertCapa_Aitona_InicioRuta_DipLleida_WP01.webp\" alt=\"Punto de inicio de la Ruta Robert Capa de Aitona. \" class=\"wp-image-198452\" srcset=\"https:\/\/www.escapadarural.com\/blog\/wp-content\/uploads\/2025\/03\/00_RutaRobertCapa_Aitona_InicioRuta_DipLleida_WP01-200x133.webp 200w, https:\/\/www.escapadarural.com\/blog\/wp-content\/uploads\/2025\/03\/00_RutaRobertCapa_Aitona_InicioRuta_DipLleida_WP01-300x200.webp 300w, https:\/\/www.escapadarural.com\/blog\/wp-content\/uploads\/2025\/03\/00_RutaRobertCapa_Aitona_InicioRuta_DipLleida_WP01-400x267.webp 400w, https:\/\/www.escapadarural.com\/blog\/wp-content\/uploads\/2025\/03\/00_RutaRobertCapa_Aitona_InicioRuta_DipLleida_WP01-600x400.webp 600w, https:\/\/www.escapadarural.com\/blog\/wp-content\/uploads\/2025\/03\/00_RutaRobertCapa_Aitona_InicioRuta_DipLleida_WP01-768x512.webp 768w, https:\/\/www.escapadarural.com\/blog\/wp-content\/uploads\/2025\/03\/00_RutaRobertCapa_Aitona_InicioRuta_DipLleida_WP01-800x534.webp 800w, https:\/\/www.escapadarural.com\/blog\/wp-content\/uploads\/2025\/03\/00_RutaRobertCapa_Aitona_InicioRuta_DipLleida_WP01.webp 1024w\" sizes=\"auto, (max-width: 1024px) 100vw, 1024px\" \/><figcaption class=\"wp-element-caption\">Punto de inicio de la Ruta Robert Capa de Aitona. Por Diputaci\u00f3 de Lleida.<\/figcaption><\/figure>\n\n\n\n<p>Los aficionados a <strong>la fotograf\u00eda, la historia y el reporterismo de guerra<\/strong> tienen un lugar de visita obligada muy cerca de Barcelona. Hablamos de la <a href=\"https:\/\/fruiturisme.info\/es\/ruta-de-robert-capa-2\" target=\"_blank\" rel=\"noreferrer noopener nofollow\">Ruta Robert Capa de Aitona<\/a>, un pueblo ilerdense de la comarca del Segri\u00e0, que el c\u00e9lebre reportero visit\u00f3 para documentar la guerra civil espa\u00f1ola en Catalu\u00f1a.<\/p>\n\n\n\n<p>Tras un arduo trabajo de investigaci\u00f3n, historiadores, ge\u00f3logos, profesores y expertos en memoria hist\u00f3rica lograron <strong>identificar y localizar los puntos exactos donde Capa tom\u00f3 sus fotograf\u00edas<\/strong>. Una vez conseguido, con el apoyo del <a href=\"https:\/\/www.iei.cat\/\" target=\"_blank\" rel=\"noreferrer noopener nofollow\">Instituto de Estudios Ilerdenses<\/a>, establecieron una ruta que nos permite seguir los pasos del mejor fot\u00f3grafo de guerra de la historia por los alrededores de Aitona en la ma\u00f1ana del 7 de noviembre de 1938.<\/p>\n\n\n\n<div class=\"wp-block-buttons is-layout-flex wp-block-buttons-is-layout-flex\">\n<div class=\"wp-block-button\"><a class=\"wp-block-button__link wp-element-button\" href=\"\/casas-rurales\/el-segria\">Alojamientos rurales en la comarca del Segri\u00e0<\/a><\/div>\n<\/div>\n\n\n\n<h2 class=\"wp-block-heading\" id=\"h-quien-era-robert-capa-el-pionero-del-reporterismo-de-guerra\"><strong>Qui\u00e9n era Robert Capa: el pionero del reporterismo de guerra<\/strong><\/h2>\n\n\n\n<figure class=\"wp-block-image size-full\"><img loading=\"lazy\" decoding=\"async\" width=\"1024\" height=\"762\" src=\"https:\/\/www.escapadarural.com\/blog\/wp-content\/uploads\/2025\/03\/02_RutaRobertCapa_Aitona_RobertCapa_GerdaTaro_Wiki_WP03.webp\" alt=\"Una imagen de Endre Ern\u00f6 Friedmann, alias Robert Capa.\" class=\"wp-image-198453\" srcset=\"https:\/\/www.escapadarural.com\/blog\/wp-content\/uploads\/2025\/03\/02_RutaRobertCapa_Aitona_RobertCapa_GerdaTaro_Wiki_WP03-200x149.webp 200w, https:\/\/www.escapadarural.com\/blog\/wp-content\/uploads\/2025\/03\/02_RutaRobertCapa_Aitona_RobertCapa_GerdaTaro_Wiki_WP03-300x223.webp 300w, https:\/\/www.escapadarural.com\/blog\/wp-content\/uploads\/2025\/03\/02_RutaRobertCapa_Aitona_RobertCapa_GerdaTaro_Wiki_WP03-400x298.webp 400w, https:\/\/www.escapadarural.com\/blog\/wp-content\/uploads\/2025\/03\/02_RutaRobertCapa_Aitona_RobertCapa_GerdaTaro_Wiki_WP03-600x446.webp 600w, https:\/\/www.escapadarural.com\/blog\/wp-content\/uploads\/2025\/03\/02_RutaRobertCapa_Aitona_RobertCapa_GerdaTaro_Wiki_WP03-768x572.webp 768w, https:\/\/www.escapadarural.com\/blog\/wp-content\/uploads\/2025\/03\/02_RutaRobertCapa_Aitona_RobertCapa_GerdaTaro_Wiki_WP03-800x595.webp 800w, https:\/\/www.escapadarural.com\/blog\/wp-content\/uploads\/2025\/03\/02_RutaRobertCapa_Aitona_RobertCapa_GerdaTaro_Wiki_WP03.webp 1024w\" sizes=\"auto, (max-width: 1024px) 100vw, 1024px\" \/><figcaption class=\"wp-element-caption\">Una imagen de Endre Ern\u00f6 Friedmann, alias Robert Capa. Por <a href=\"https:\/\/commons.wikimedia.org\/wiki\/File:RobertCapabyGerdaTaro.jpg\" target=\"_blank\">Gerda Taro<\/a>.<\/figcaption><\/figure>\n\n\n\n<p>Antes de explicar los detalles de la ruta, un poco de contexto. <strong>Robert Capa es seguramente el fot\u00f3grafo de guerra m\u00e1s influyente de la historia<\/strong>, un aut\u00e9ntico pionero del reporterismo. Inici\u00f3 su carrera muy joven y pronto se convirti\u00f3 en referencia por su estilo cercano, crudo y lleno de realismo. Se fijaba en todos los detalles y trataba de documentar todos los aspectos de la guerra. \u201cSi tus fotos no son lo suficientemente buenas, es que no estabas lo suficientemente cerca\u201d, dec\u00eda.<\/p>\n\n\n\n<p>En realidad, Robert Capa es el seud\u00f3nimo que compart\u00edan el fot\u00f3grafo h\u00fangaro <strong>Endre Ern\u00f6 Friedmann<\/strong> y su pareja, la tambi\u00e9n fot\u00f3grafa alemana <strong>Gerda Taro<\/strong>. Tras el fallecimiento de esta \u00faltima en la batalla de Brunete, en julio de 1937, Friedmann continu\u00f3 usando el apodo para firmar sus trabajos, hasta su muerte. Como su compa\u00f1era, Capa acab\u00f3 perdiendo la vida en el campo de batalla. Sucedi\u00f3 en 1954, cuando pis\u00f3 una mina mientras cubr\u00eda la guerra de Indochina para la revista <em>Life<\/em>.<\/p>\n\n\n<div id=\"ub-testimonial-ef45904e-298e-4c83-ac0b-56b2b6699234\">\n\t\t\t<div id=\"ub_testimonial_ef45904e-298e-4c83-ac0b-56b2b6699234\" class=\"wp-block-ub-testimonial ub_testimonial\" style=\"background-color: #f4f6f6; \">\n\t\t\t\t<div class=\"ub_testimonial_img\" style=\"\">\n\t\t\t\t\t<img loading=\"lazy\" decoding=\"async\" src=\"https:\/\/www.escapadarural.com\/blog\/wp-content\/uploads\/2025\/03\/fotografo-robert-capa.jpg\" alt=\"\" height=\"100\" width=\"100\">\n\t\t\t\t<\/div>\n\t\t\t\t<div class=\"ub_testimonial_content\">\n\t\t\t\t\t<p class=\"ub_testimonial_text\" style=\"font-size: 17px; text-align: justify; \">\u201c<em>Si tus fotos no son lo suficientemente buenas, es que no estabas<\/em><br><em>lo suficientemente cerca<\/em>\u201d<\/p>\n\t\t\t\t<\/div>\n\t\t\t\t<div class=\"ub_testimonial_sign\">\n\t\t\t\t\t<p class=\"ub_testimonial_author\" style=\"text-align: right; \">Endre Ern\u00f6 Friedmann<\/p>\n\t\t\t\t\t<p class=\"ub_testimonial_author_role\" style=\"text-align: right; \">Robert Capa<\/p>\n\t\t\t\t<\/div>\n\t\t\t<\/div>\n\t\t<\/div>\n\n\n<p>A lo largo de veintid\u00f3s a\u00f1os de carrera profesional, Robert Capa <strong>document\u00f3 los principales conflictos b\u00e9licos<\/strong> del planeta, incluida la Segunda Guerra Mundial, siempre en primera l\u00ednea del frente. As\u00ed consigui\u00f3 sus mejores fotos, como la c\u00e9lebre <a href=\"https:\/\/www.museoreinasofia.es\/coleccion\/obra\/death-loyalist-militiaman-muerte-miliciano-republicano\" target=\"_blank\" rel=\"noreferrer noopener nofollow\"><em>Muerte de un miliciano<\/em><\/a>, tomada en Espejo (C\u00f3rdoba), o <a href=\"https:\/\/en.wikipedia.org\/wiki\/The_Magnificent_Eleven\" target=\"_blank\" rel=\"noreferrer noopener nofollow\"><em>Las magn\u00edficas once<\/em><\/a> del Desembarco de Normand\u00eda. Tambi\u00e9n retrat\u00f3 a numerosas celebridades como Hemingway, Picasso o Ava Gardner, entre muchos otros. Fue uno de los cofundadores de la agencia <a href=\"https:\/\/www.magnumphotos.com\/\" target=\"_blank\" rel=\"noreferrer noopener nofollow\">Magnum Photos<\/a>, que hoy en d\u00eda sigue siendo una de las m\u00e1s importantes del mundo.<\/p>\n\n\n\n<h2 class=\"wp-block-heading\" id=\"h-el-contexto-historico-de-las-fotografias-de-capa-en-aitona\"><strong>El contexto hist\u00f3rico de las fotograf\u00edas de Capa en Aitona<\/strong><\/h2>\n\n\n\n<figure class=\"wp-block-image size-full\"><img loading=\"lazy\" decoding=\"async\" width=\"1024\" height=\"679\" src=\"https:\/\/www.escapadarural.com\/blog\/wp-content\/uploads\/2025\/03\/03_RutaRobertCapa_Aitona_PreparativosMapa_RobertCapa_WP04.webp\" alt=\"Los oficiales republicanos, en los preparativos de la batalla. \" class=\"wp-image-198455\" srcset=\"https:\/\/www.escapadarural.com\/blog\/wp-content\/uploads\/2025\/03\/03_RutaRobertCapa_Aitona_PreparativosMapa_RobertCapa_WP04-200x133.webp 200w, https:\/\/www.escapadarural.com\/blog\/wp-content\/uploads\/2025\/03\/03_RutaRobertCapa_Aitona_PreparativosMapa_RobertCapa_WP04-300x199.webp 300w, https:\/\/www.escapadarural.com\/blog\/wp-content\/uploads\/2025\/03\/03_RutaRobertCapa_Aitona_PreparativosMapa_RobertCapa_WP04-400x265.webp 400w, https:\/\/www.escapadarural.com\/blog\/wp-content\/uploads\/2025\/03\/03_RutaRobertCapa_Aitona_PreparativosMapa_RobertCapa_WP04-600x398.webp 600w, https:\/\/www.escapadarural.com\/blog\/wp-content\/uploads\/2025\/03\/03_RutaRobertCapa_Aitona_PreparativosMapa_RobertCapa_WP04-768x509.webp 768w, https:\/\/www.escapadarural.com\/blog\/wp-content\/uploads\/2025\/03\/03_RutaRobertCapa_Aitona_PreparativosMapa_RobertCapa_WP04-800x530.webp 800w, https:\/\/www.escapadarural.com\/blog\/wp-content\/uploads\/2025\/03\/03_RutaRobertCapa_Aitona_PreparativosMapa_RobertCapa_WP04.webp 1024w\" sizes=\"auto, (max-width: 1024px) 100vw, 1024px\" \/><figcaption class=\"wp-element-caption\">Los oficiales republicanos, en los preparativos de la batalla del Segre. Por Robert Capa \/ Magnum Photos.<\/figcaption><\/figure>\n\n\n\n<p>Una vez somos conscientes de la importancia hist\u00f3rica del personaje, viajamos a los <strong>primeros d\u00edas de noviembre de 1938 en Aitona<\/strong>. En esas fechas, el ej\u00e9rcito republicano, con el que Capa simpatizaba, lanz\u00f3 su \u00faltima ofensiva en Catalunya. El objetivo de la milicia era facilitar la retirada de las tropas que hab\u00edan participado en la batalla del Ebro.<\/p>\n\n\n\n<p>Los republicanos lograron sorprender al ej\u00e9rcito franquista y lo obligaron a retroceder, aunque pronto los nacionales llevar\u00edan a cabo una gran contraofensiva. <strong>Lo que Capa inmortaliz\u00f3 con su c\u00e1mara<\/strong> en los alrededores de Aitona fueron los preparativos, los primeros combates de esta ofensiva y los avances republicanos, que tuvieron lugar en la ma\u00f1ana del d\u00eda 7 de noviembre de 1938.<\/p>\n\n\n\n<h2 class=\"wp-block-heading\" id=\"h-como-surgio-la-idea-de-la-ruta-robert-capa-de-aitona\"><strong>C\u00f3mo surgi\u00f3 la idea de la Ruta Robert Capa de Aitona<\/strong><\/h2>\n\n\n\n<figure class=\"wp-block-image size-full\"><img loading=\"lazy\" decoding=\"async\" width=\"1024\" height=\"576\" src=\"https:\/\/www.escapadarural.com\/blog\/wp-content\/uploads\/2025\/03\/04_RutaRobertCapa_Aitona_Localizacion_BCNFilmComission-Fruiturisme_WP05.webp\" alt=\"Imagen de la Ruta Robert Capa de Aitona, con un panel informativo en primer t\u00e9rmino.\" class=\"wp-image-198456\" srcset=\"https:\/\/www.escapadarural.com\/blog\/wp-content\/uploads\/2025\/03\/04_RutaRobertCapa_Aitona_Localizacion_BCNFilmComission-Fruiturisme_WP05-200x113.webp 200w, https:\/\/www.escapadarural.com\/blog\/wp-content\/uploads\/2025\/03\/04_RutaRobertCapa_Aitona_Localizacion_BCNFilmComission-Fruiturisme_WP05-300x169.webp 300w, https:\/\/www.escapadarural.com\/blog\/wp-content\/uploads\/2025\/03\/04_RutaRobertCapa_Aitona_Localizacion_BCNFilmComission-Fruiturisme_WP05-400x225.webp 400w, https:\/\/www.escapadarural.com\/blog\/wp-content\/uploads\/2025\/03\/04_RutaRobertCapa_Aitona_Localizacion_BCNFilmComission-Fruiturisme_WP05-600x338.webp 600w, https:\/\/www.escapadarural.com\/blog\/wp-content\/uploads\/2025\/03\/04_RutaRobertCapa_Aitona_Localizacion_BCNFilmComission-Fruiturisme_WP05-768x432.webp 768w, https:\/\/www.escapadarural.com\/blog\/wp-content\/uploads\/2025\/03\/04_RutaRobertCapa_Aitona_Localizacion_BCNFilmComission-Fruiturisme_WP05-800x450.webp 800w, https:\/\/www.escapadarural.com\/blog\/wp-content\/uploads\/2025\/03\/04_RutaRobertCapa_Aitona_Localizacion_BCNFilmComission-Fruiturisme_WP05.webp 1024w\" sizes=\"auto, (max-width: 1024px) 100vw, 1024px\" \/><figcaption class=\"wp-element-caption\">Imagen de la Ruta Robert Capa de Aitona, con un panel informativo en primer t\u00e9rmino. Por Ayuntamiento de Aitona \/ Fruiturisme.<\/figcaption><\/figure>\n\n\n\n<p>Para conocer <strong>c\u00f3mo surgi\u00f3 la idea y c\u00f3mo se organiz\u00f3 la Ruta Robert Capa en Aitona<\/strong>, hemos hablado con Bea Obis, responsable de Turismo de la localidad. \u201cTodo arranca en 2018, cuando visitamos la exposici\u00f3n <em>Capa en color<\/em> en el Caixaforum de Lleida y vimos que algunas de las im\u00e1genes nos recordaban mucho al entorno del Baix Segre\u201d, comienza.<\/p>\n\n\n\n<p>La mayor\u00eda de esas fotograf\u00edas proced\u00edan de la famosa <em><strong>Maleta mexicana<\/strong><\/em>, un valios\u00edsimo archivo gr\u00e1fico compuesto por tres peque\u00f1as cajas con 4.500 negativos y 126 carretes con fotos de Capa (Friedmann y Taro, recordad) y de su compa\u00f1ero David Seymour \u2018Chim\u2019. Esta maleta, que Capa intent\u00f3 proteger sac\u00e1ndola de Par\u00eds cuando los nazis invadieron Francia (1939), estuvo <strong>desaparecida durante casi siete d\u00e9cadas<\/strong>.<\/p>\n\n\n\n<figure class=\"wp-block-image size-full\"><img loading=\"lazy\" decoding=\"async\" width=\"1024\" height=\"1023\" src=\"https:\/\/www.escapadarural.com\/blog\/wp-content\/uploads\/2025\/03\/05_RutaRobertCapa_MaletaMexicana_LaMaletaMexicana_WP06.webp\" alt=\"Contenido de una de las cajas de la Maleta Mexicana. \" class=\"wp-image-198457\" srcset=\"https:\/\/www.escapadarural.com\/blog\/wp-content\/uploads\/2025\/03\/05_RutaRobertCapa_MaletaMexicana_LaMaletaMexicana_WP06-66x66.webp 66w, https:\/\/www.escapadarural.com\/blog\/wp-content\/uploads\/2025\/03\/05_RutaRobertCapa_MaletaMexicana_LaMaletaMexicana_WP06-150x150.webp 150w, https:\/\/www.escapadarural.com\/blog\/wp-content\/uploads\/2025\/03\/05_RutaRobertCapa_MaletaMexicana_LaMaletaMexicana_WP06-200x200.webp 200w, https:\/\/www.escapadarural.com\/blog\/wp-content\/uploads\/2025\/03\/05_RutaRobertCapa_MaletaMexicana_LaMaletaMexicana_WP06-300x300.webp 300w, https:\/\/www.escapadarural.com\/blog\/wp-content\/uploads\/2025\/03\/05_RutaRobertCapa_MaletaMexicana_LaMaletaMexicana_WP06-400x400.webp 400w, https:\/\/www.escapadarural.com\/blog\/wp-content\/uploads\/2025\/03\/05_RutaRobertCapa_MaletaMexicana_LaMaletaMexicana_WP06-600x599.webp 600w, https:\/\/www.escapadarural.com\/blog\/wp-content\/uploads\/2025\/03\/05_RutaRobertCapa_MaletaMexicana_LaMaletaMexicana_WP06-768x767.webp 768w, https:\/\/www.escapadarural.com\/blog\/wp-content\/uploads\/2025\/03\/05_RutaRobertCapa_MaletaMexicana_LaMaletaMexicana_WP06-800x799.webp 800w, https:\/\/www.escapadarural.com\/blog\/wp-content\/uploads\/2025\/03\/05_RutaRobertCapa_MaletaMexicana_LaMaletaMexicana_WP06.webp 1024w\" sizes=\"auto, (max-width: 1024px) 100vw, 1024px\" \/><figcaption class=\"wp-element-caption\">Contenido de una de las cajas de la Maleta Mexicana. Por La Maleta Mexicana.<\/figcaption><\/figure>\n\n\n\n<p>La historia completa se cuenta en <a href=\"https:\/\/www.filmaffinity.com\/es\/film638618.html\" target=\"_blank\" rel=\"noreferrer noopener nofollow\">un interesante documental de producci\u00f3n mexicana<\/a>. Finalmente, <strong>el impagable archivo reapareci\u00f3 milagrosamente intacto<\/strong> en la ciudad de M\u00e9xico en 2007, desvelando aut\u00e9nticas joyas fotogr\u00e1ficas de los tres reporteros de guerra. Entre ellas, la serie que tom\u00f3 Robert Capa la ma\u00f1ana del 7 de noviembre de 1938 en el frente del Baix Segre.<\/p>\n\n\n\n<h2 class=\"wp-block-heading\" id=\"h-un-intenso-trabajo-para-localizar-los-escenarios-y-un-golpe-de-suerte\"><strong>Un intenso trabajo para localizar los escenarios\u2026 y un golpe de suerte<\/strong><\/h2>\n\n\n\n<figure class=\"wp-block-image size-full\"><img loading=\"lazy\" decoding=\"async\" width=\"1024\" height=\"576\" src=\"https:\/\/www.escapadarural.com\/blog\/wp-content\/uploads\/2025\/03\/06_RutaRobertCapa_Paisaje_BCNFilmComission-Fruiturisme_WP07.webp\" alt=\"Paisaje semides\u00e9rtico en los alrededores de Aitona, donde se ubica la Ruta Robert Capa.\" class=\"wp-image-198458\" srcset=\"https:\/\/www.escapadarural.com\/blog\/wp-content\/uploads\/2025\/03\/06_RutaRobertCapa_Paisaje_BCNFilmComission-Fruiturisme_WP07-200x113.webp 200w, https:\/\/www.escapadarural.com\/blog\/wp-content\/uploads\/2025\/03\/06_RutaRobertCapa_Paisaje_BCNFilmComission-Fruiturisme_WP07-300x169.webp 300w, https:\/\/www.escapadarural.com\/blog\/wp-content\/uploads\/2025\/03\/06_RutaRobertCapa_Paisaje_BCNFilmComission-Fruiturisme_WP07-400x225.webp 400w, https:\/\/www.escapadarural.com\/blog\/wp-content\/uploads\/2025\/03\/06_RutaRobertCapa_Paisaje_BCNFilmComission-Fruiturisme_WP07-600x338.webp 600w, https:\/\/www.escapadarural.com\/blog\/wp-content\/uploads\/2025\/03\/06_RutaRobertCapa_Paisaje_BCNFilmComission-Fruiturisme_WP07-768x432.webp 768w, https:\/\/www.escapadarural.com\/blog\/wp-content\/uploads\/2025\/03\/06_RutaRobertCapa_Paisaje_BCNFilmComission-Fruiturisme_WP07-800x450.webp 800w, https:\/\/www.escapadarural.com\/blog\/wp-content\/uploads\/2025\/03\/06_RutaRobertCapa_Paisaje_BCNFilmComission-Fruiturisme_WP07.webp 1024w\" sizes=\"auto, (max-width: 1024px) 100vw, 1024px\" \/><figcaption class=\"wp-element-caption\">Paisaje semides\u00e9rtico en los alrededores de Aitona, donde se ubica la Ruta Robert Capa. Por Ayuntamiento de Aitona \/ Fruiturisme.<\/figcaption><\/figure>\n\n\n\n<p><strong>Conscientes de la importancia del hallazgo<\/strong>, \u201clos expertos se pusieron manos a la obra para intentar ubicar las localizaciones de las fotograf\u00edas\u201d. \u201cAl principio no tuvieron \u00e9xito\u201d, seg\u00fan explica Bea Obis. Comprobaron varios lugares del entorno de Soses, a unos 5 kil\u00f3metros de Aitona, pero no acabaron de dar con el lugar exacto, as\u00ed que la investigaci\u00f3n estaba llegando a un punto muerto.<\/p>\n\n\n\n<p>Fue aqu\u00ed donde se produjo un golpe de suerte. O de sabidur\u00eda rural popular, mejor dicho. Seg\u00fan relata Bea, como en una escena costumbrista, \u201cun d\u00eda los investigadores estaban tomando un caf\u00e9 en un bar de Aitona; entonces<strong> se les acerc\u00f3 un se\u00f1or del pueblo<\/strong>, que al ver las fotograf\u00edas, les dijo: \u201cEsto lo ten\u00e9is aqu\u00ed mismo, hacia arriba, detr\u00e1s de la iglesia\u201d.<\/p>\n\n\n\n<figure class=\"wp-block-image size-full\"><img loading=\"lazy\" decoding=\"async\" width=\"1024\" height=\"760\" src=\"https:\/\/www.escapadarural.com\/blog\/wp-content\/uploads\/2025\/03\/07_RutaRobertCapa_Aitona_Milicianos2_RobertCapa_WP08.webp\" alt=\"Milicianos tomando posiciones durante la batalla del Segre. \" class=\"wp-image-198459\" srcset=\"https:\/\/www.escapadarural.com\/blog\/wp-content\/uploads\/2025\/03\/07_RutaRobertCapa_Aitona_Milicianos2_RobertCapa_WP08-200x148.webp 200w, https:\/\/www.escapadarural.com\/blog\/wp-content\/uploads\/2025\/03\/07_RutaRobertCapa_Aitona_Milicianos2_RobertCapa_WP08-300x223.webp 300w, https:\/\/www.escapadarural.com\/blog\/wp-content\/uploads\/2025\/03\/07_RutaRobertCapa_Aitona_Milicianos2_RobertCapa_WP08-400x297.webp 400w, https:\/\/www.escapadarural.com\/blog\/wp-content\/uploads\/2025\/03\/07_RutaRobertCapa_Aitona_Milicianos2_RobertCapa_WP08-600x445.webp 600w, https:\/\/www.escapadarural.com\/blog\/wp-content\/uploads\/2025\/03\/07_RutaRobertCapa_Aitona_Milicianos2_RobertCapa_WP08-768x570.webp 768w, https:\/\/www.escapadarural.com\/blog\/wp-content\/uploads\/2025\/03\/07_RutaRobertCapa_Aitona_Milicianos2_RobertCapa_WP08-800x594.webp 800w, https:\/\/www.escapadarural.com\/blog\/wp-content\/uploads\/2025\/03\/07_RutaRobertCapa_Aitona_Milicianos2_RobertCapa_WP08.webp 1024w\" sizes=\"auto, (max-width: 1024px) 100vw, 1024px\" \/><figcaption class=\"wp-element-caption\">Milicianos tomando posiciones durante la batalla del Segre.  Por Robert Capa \/ Magnum Photos.<\/figcaption><\/figure>\n\n\n\n<p>Salieron a comprobarlo y\u2026 \u00a1bingo! \u201cEmpezaron a encontrar alguna de estas estructuras de piedra tan caracter\u00edsticas de Serrabrisa, en los alrededores de Aitona, que <strong>coincid\u00edan perfectamente con las fotograf\u00edas<\/strong> de Capa tomadas 86 a\u00f1os antes\u201d, cuenta la responsable de Turismo.&nbsp;<\/p>\n\n\n\n<p>Con este punto de partida, <strong>el ge\u00f3logo e historiador Pol Galit\u00f3<\/strong>, especializado en la guerra civil espa\u00f1ola, se dedic\u00f3 durante meses a tratar de identificar todas las fotograf\u00edas posibles. De los 200 negativos de los que consta la serie, consigui\u00f3 localizar de forma inequ\u00edvoca unas 60 fotograf\u00edas, logrando establecer la ruta que sigui\u00f3 el fot\u00f3grafo en su cobertura de la ofensiva republicana en el Baix Segre. \u201cFinalmente, en 2019 inauguramos la ruta\u201d, se\u00f1ala Bea Obis.<\/p>\n\n\n\n<h2 class=\"wp-block-heading\" id=\"h-la-ruta-robert-capa-de-aitona\"><strong>La Ruta Robert Capa de Aitona<\/strong><\/h2>\n\n\n<div style=\"background-color: #dff0d8; color: #3c763d; border-left-color: #3c763d; \" class=\"ub-styled-box ub-notification-box wp-block-ub-styled-box\" id=\"ub-styled-box-2ae01e09-f2ca-4452-94c6-a1140e581fc9\">\n<p id=\"ub-styled-box-notification-content-\"><strong>Longitud:<\/strong> 1 km (aprox.)<\/p>\n\n\n\n<p><strong>Dificultad:<\/strong> f\u00e1cil<\/p>\n\n\n\n<p><strong>Tipo de ruta:<\/strong> lineal<\/p>\n\n\n<\/div>\n\n\n<p>La <strong>Ruta Robert Capa de Aitona<\/strong> tiene aproximadamente un kil\u00f3metro y se puede recorrer en poco m\u00e1s de una hora. El <a href=\"https:\/\/maps.app.goo.gl\/KqaFg6DvrvE6qhk59\" target=\"_blank\" rel=\"noreferrer noopener nofollow\">punto de inicio de la ruta<\/a>, donde tendremos espacio para aparcar, se sit\u00faa al noroeste del pueblo, saliendo por el camino de Fraga.<\/p>\n\n\n\n<p>El itinerario discurre por <strong>caminos polvorientos<\/strong> y pedregosos, tal y como hizo en su d\u00eda el reportero. A lo largo del mismo, se instalaron distintos <strong>paneles informativos<\/strong> en los puntos identificados en las fotograf\u00edas de Capa, en los que se pueden observar una treintena de im\u00e1genes perfectamente explicadas y contextualizadas.<\/p>\n\n\n\n<h3 class=\"wp-block-heading\" id=\"h-una-oda-al-paisajismo-historico\">Una oda al paisajismo hist\u00f3rico<\/h3>\n\n\n\n<figure class=\"wp-block-image size-full\"><img loading=\"lazy\" decoding=\"async\" width=\"1024\" height=\"679\" src=\"https:\/\/www.escapadarural.com\/blog\/wp-content\/uploads\/2025\/03\/08_RutaRobertCapa_Aitona_Paisaje2_RobertCapa_WP09.webp\" alt=\"Imagen de la batalla del Segre, en los alrededores de Aitona.\" class=\"wp-image-198460\" srcset=\"https:\/\/www.escapadarural.com\/blog\/wp-content\/uploads\/2025\/03\/08_RutaRobertCapa_Aitona_Paisaje2_RobertCapa_WP09-200x133.webp 200w, https:\/\/www.escapadarural.com\/blog\/wp-content\/uploads\/2025\/03\/08_RutaRobertCapa_Aitona_Paisaje2_RobertCapa_WP09-300x199.webp 300w, https:\/\/www.escapadarural.com\/blog\/wp-content\/uploads\/2025\/03\/08_RutaRobertCapa_Aitona_Paisaje2_RobertCapa_WP09-400x265.webp 400w, https:\/\/www.escapadarural.com\/blog\/wp-content\/uploads\/2025\/03\/08_RutaRobertCapa_Aitona_Paisaje2_RobertCapa_WP09-600x398.webp 600w, https:\/\/www.escapadarural.com\/blog\/wp-content\/uploads\/2025\/03\/08_RutaRobertCapa_Aitona_Paisaje2_RobertCapa_WP09-768x509.webp 768w, https:\/\/www.escapadarural.com\/blog\/wp-content\/uploads\/2025\/03\/08_RutaRobertCapa_Aitona_Paisaje2_RobertCapa_WP09-800x530.webp 800w, https:\/\/www.escapadarural.com\/blog\/wp-content\/uploads\/2025\/03\/08_RutaRobertCapa_Aitona_Paisaje2_RobertCapa_WP09.webp 1024w\" sizes=\"auto, (max-width: 1024px) 100vw, 1024px\" \/><figcaption class=\"wp-element-caption\">Imagen de la batalla del Segre, en los alrededores de Aitona. Por Robert Capa \/ Magnum Photos.<\/figcaption><\/figure>\n\n\n\n<p>Se trata de una aut\u00e9ntica oda al paisajismo hist\u00f3rico y una delicia para los amantes de la historia y de la fotograf\u00eda, que casi pueden sentirse en la piel de aquellos soldados que lucharon en el frente en 1938. <strong>Capa capt\u00f3 la esencia de la batalla<\/strong> con sus im\u00e1genes del progreso de las tropas, la pasarela que instalaron para cruzar el r\u00edo, los camilleros trasladando a los heridos en la retaguardia, los oficiales con sus mapas decidiendo el plan a seguir o los soldados a cubierto del fuego enemigo bajo las rocas de Serrabrisa.<\/p>\n\n\n\n<p><strong>La ruta est\u00e1 pensada para poder hacerla por libre<\/strong>, aunque tambi\u00e9n existe la posibilidad de recorrerla en <a href=\"https:\/\/fruiturisme.info\/es\/contactanos\" target=\"_blank\" rel=\"noreferrer noopener nofollow\">visitas guiadas que se deben reservar previamente en el Ayuntamiento de Aitona<\/a>. \u201cViene a visitarnos mucha gente interesada en la historia y en la Guerra Civil, expertos en memoria hist\u00f3rica y gente mayor, que han tenido familiares que participaron en la guerra\u201d, explica Bea Obis.<\/p>\n\n\n\n<figure class=\"wp-block-image size-full\"><img loading=\"lazy\" decoding=\"async\" width=\"1024\" height=\"924\" src=\"https:\/\/www.escapadarural.com\/blog\/wp-content\/uploads\/2025\/03\/09_RutaRobertCapa_Panel_AytoAitona-Fruiturisme_WP10.webp\" alt=\"Uno de los paneles informativos de la Ruta Robert Capa de Aitona.\" class=\"wp-image-198461\" srcset=\"https:\/\/www.escapadarural.com\/blog\/wp-content\/uploads\/2025\/03\/09_RutaRobertCapa_Panel_AytoAitona-Fruiturisme_WP10-200x180.webp 200w, https:\/\/www.escapadarural.com\/blog\/wp-content\/uploads\/2025\/03\/09_RutaRobertCapa_Panel_AytoAitona-Fruiturisme_WP10-300x271.webp 300w, https:\/\/www.escapadarural.com\/blog\/wp-content\/uploads\/2025\/03\/09_RutaRobertCapa_Panel_AytoAitona-Fruiturisme_WP10-400x361.webp 400w, https:\/\/www.escapadarural.com\/blog\/wp-content\/uploads\/2025\/03\/09_RutaRobertCapa_Panel_AytoAitona-Fruiturisme_WP10-600x541.webp 600w, https:\/\/www.escapadarural.com\/blog\/wp-content\/uploads\/2025\/03\/09_RutaRobertCapa_Panel_AytoAitona-Fruiturisme_WP10-768x693.webp 768w, https:\/\/www.escapadarural.com\/blog\/wp-content\/uploads\/2025\/03\/09_RutaRobertCapa_Panel_AytoAitona-Fruiturisme_WP10-800x722.webp 800w, https:\/\/www.escapadarural.com\/blog\/wp-content\/uploads\/2025\/03\/09_RutaRobertCapa_Panel_AytoAitona-Fruiturisme_WP10.webp 1024w\" sizes=\"auto, (max-width: 1024px) 100vw, 1024px\" \/><figcaption class=\"wp-element-caption\">Uno de los paneles informativos de la Ruta Robert Capa de Aitona. Por Ayuntamiento de Aitona \/ Fruiturisme.<\/figcaption><\/figure>\n\n\n\n<p>Asimismo, la ruta es una excelente oportunidad para explicar a los escolares sobre el terreno los episodios hist\u00f3ricos que se vivieron aqu\u00ed. \u201cVienen <strong>muchos grupos de estudiantes de ESO y Bachillerato<\/strong>, porque estudian la Guerra Civil y es una manera muy did\u00e1ctica de aproximarse a un tema que de otra manera suena muy lejano\u201d, se\u00f1ala Bea Obis.<\/p>\n\n\n\n<h2 class=\"wp-block-heading\" id=\"h-otras-iniciativas-de-aitona-relacionadas-con-robert-capa\"><strong>Otras iniciativas de Aitona relacionadas con Robert Capa<\/strong><\/h2>\n\n\n\n<figure class=\"wp-block-image size-full\"><img loading=\"lazy\" decoding=\"async\" width=\"1024\" height=\"763\" src=\"https:\/\/www.escapadarural.com\/blog\/wp-content\/uploads\/2025\/03\/10_RutaRobertCapa_Comunicaciones_RobertCapa_WP11.webp\" alt=\"Milicianos tendiendo un cable de comunicaciones durante la batalla del Segre. \" class=\"wp-image-198462\" srcset=\"https:\/\/www.escapadarural.com\/blog\/wp-content\/uploads\/2025\/03\/10_RutaRobertCapa_Comunicaciones_RobertCapa_WP11-200x149.webp 200w, https:\/\/www.escapadarural.com\/blog\/wp-content\/uploads\/2025\/03\/10_RutaRobertCapa_Comunicaciones_RobertCapa_WP11-300x224.webp 300w, https:\/\/www.escapadarural.com\/blog\/wp-content\/uploads\/2025\/03\/10_RutaRobertCapa_Comunicaciones_RobertCapa_WP11-400x298.webp 400w, https:\/\/www.escapadarural.com\/blog\/wp-content\/uploads\/2025\/03\/10_RutaRobertCapa_Comunicaciones_RobertCapa_WP11-600x447.webp 600w, https:\/\/www.escapadarural.com\/blog\/wp-content\/uploads\/2025\/03\/10_RutaRobertCapa_Comunicaciones_RobertCapa_WP11-768x572.webp 768w, https:\/\/www.escapadarural.com\/blog\/wp-content\/uploads\/2025\/03\/10_RutaRobertCapa_Comunicaciones_RobertCapa_WP11-800x596.webp 800w, https:\/\/www.escapadarural.com\/blog\/wp-content\/uploads\/2025\/03\/10_RutaRobertCapa_Comunicaciones_RobertCapa_WP11.webp 1024w\" sizes=\"auto, (max-width: 1024px) 100vw, 1024px\" \/><figcaption class=\"wp-element-caption\">Milicianos tendiendo un cable de comunicaciones durante la batalla del Segre. Por Robert Capa \/ Magnum Photos.<\/figcaption><\/figure>\n\n\n\n<p>En el Ayuntamiento de Aitona, desde luego, <strong>son conscientes de la relevancia<\/strong> de aquella visita y de la importancia de las im\u00e1genes que Capa logr\u00f3 inmortalizar en el entorno de su pueblo. \u201cQueremos dar a conocer este patrimonio porque, desde nuestro punto de vista, la ruta todav\u00eda es poco conocida. Pero aquel que la visita suele quedar fascinado, porque realmente es muy interesante\u201d, afirma la responsable de Turismo de Aitona.<\/p>\n\n\n\n<p>Por eso, el consistorio no duda en apostar por la figura de Capa y organiza otras actividades relacionadas con la estancia del c\u00e9lebre reportero en el Baix Segre. <strong>Las Jornadas Robert Capa de Aitona<\/strong> son desde el 2021 uno de los eventos m\u00e1s populares en el pueblo. Incluyen charlas, mesas redondas, recorridos guiados por la ruta y una recreaci\u00f3n hist\u00f3rica en la que podemos revivir sobre el terreno este episodio de la historia de Espa\u00f1a. El pr\u00f3ximo mes de noviembre se celebrar\u00e1 la cuarta edici\u00f3n.<\/p>\n\n\n\n<figure class=\"wp-block-image size-full\"><img loading=\"lazy\" decoding=\"async\" width=\"1024\" height=\"680\" src=\"https:\/\/www.escapadarural.com\/blog\/wp-content\/uploads\/2025\/03\/11_RutaRobertCapa_FotoGanadorConcursoRoberCapa_AlfonsCabrera_WP12.webp\" alt=\"Prisioneros rusos en la guerra de Ucrania, fotograf\u00eda ganadora de los premios Robert Capa.\" class=\"wp-image-198463\" srcset=\"https:\/\/www.escapadarural.com\/blog\/wp-content\/uploads\/2025\/03\/11_RutaRobertCapa_FotoGanadorConcursoRoberCapa_AlfonsCabrera_WP12-200x133.webp 200w, https:\/\/www.escapadarural.com\/blog\/wp-content\/uploads\/2025\/03\/11_RutaRobertCapa_FotoGanadorConcursoRoberCapa_AlfonsCabrera_WP12-300x199.webp 300w, https:\/\/www.escapadarural.com\/blog\/wp-content\/uploads\/2025\/03\/11_RutaRobertCapa_FotoGanadorConcursoRoberCapa_AlfonsCabrera_WP12-400x266.webp 400w, https:\/\/www.escapadarural.com\/blog\/wp-content\/uploads\/2025\/03\/11_RutaRobertCapa_FotoGanadorConcursoRoberCapa_AlfonsCabrera_WP12-600x398.webp 600w, https:\/\/www.escapadarural.com\/blog\/wp-content\/uploads\/2025\/03\/11_RutaRobertCapa_FotoGanadorConcursoRoberCapa_AlfonsCabrera_WP12-768x510.webp 768w, https:\/\/www.escapadarural.com\/blog\/wp-content\/uploads\/2025\/03\/11_RutaRobertCapa_FotoGanadorConcursoRoberCapa_AlfonsCabrera_WP12-800x531.webp 800w, https:\/\/www.escapadarural.com\/blog\/wp-content\/uploads\/2025\/03\/11_RutaRobertCapa_FotoGanadorConcursoRoberCapa_AlfonsCabrera_WP12.webp 1024w\" sizes=\"auto, (max-width: 1024px) 100vw, 1024px\" \/><figcaption class=\"wp-element-caption\">Prisioneros rusos en la guerra de Ucrania, fotograf\u00eda ganadora de la primera edici\u00f3n de los premios Robert Capa. Por Alfons Cabrera.<\/figcaption><\/figure>\n\n\n\n<p>Adem\u00e1s, el pasado verano Aitona celebr\u00f3 la <a href=\"https:\/\/fruiturisme.info\/es\/primera-edicion-de-los-premios-robert-capa-en-aitona\" target=\"_blank\" rel=\"noreferrer noopener nofollow\">primera edici\u00f3n de <strong>los Premios Robert Capa<\/strong><\/a>, una nueva iniciativa que pretende reconocer la figura del fot\u00f3grafo y seguir difundiendo su relaci\u00f3n con la localidad. En ellos se reconoce, por un lado, la mejor fotograf\u00eda de guerra de los \u00faltimos dos a\u00f1os y, por otro, el mejor trabajo de investigaci\u00f3n relacionado con la Guerra Civil.<\/p>\n\n\n\n<p>Los premiados en esta primera edici\u00f3n fueron el fot\u00f3grafo barcelon\u00e9s <strong>Alfons Cabrera<\/strong>, por su trabajo en la guerra de Ucrania; y la historiadora ilerdense <strong>Noem\u00ed Riudor<\/strong>, por su estudio acerca de los servicios sanitarios en el frente de guerra.<\/p>\n\n\n\n<h2 class=\"wp-block-heading\" id=\"h-otros-enclaves-de-aitona-para-amantes-de-la-fotografia\"><strong>Otros enclaves de Aitona para amantes de la fotograf\u00eda<\/strong><\/h2>\n\n\n\n<figure class=\"wp-block-image size-full\"><img loading=\"lazy\" decoding=\"async\" width=\"1024\" height=\"683\" src=\"https:\/\/www.escapadarural.com\/blog\/wp-content\/uploads\/2025\/03\/12_RutaRobertCapa_Aitona_Melocotoneros_Ignasi_AdobeStock_583958950_WP13.webp\" alt=\"Floraci\u00f3n de los melocotoneros de Aitona.\" class=\"wp-image-198464\" srcset=\"https:\/\/www.escapadarural.com\/blog\/wp-content\/uploads\/2025\/03\/12_RutaRobertCapa_Aitona_Melocotoneros_Ignasi_AdobeStock_583958950_WP13-200x133.webp 200w, https:\/\/www.escapadarural.com\/blog\/wp-content\/uploads\/2025\/03\/12_RutaRobertCapa_Aitona_Melocotoneros_Ignasi_AdobeStock_583958950_WP13-300x200.webp 300w, https:\/\/www.escapadarural.com\/blog\/wp-content\/uploads\/2025\/03\/12_RutaRobertCapa_Aitona_Melocotoneros_Ignasi_AdobeStock_583958950_WP13-400x267.webp 400w, https:\/\/www.escapadarural.com\/blog\/wp-content\/uploads\/2025\/03\/12_RutaRobertCapa_Aitona_Melocotoneros_Ignasi_AdobeStock_583958950_WP13-600x400.webp 600w, https:\/\/www.escapadarural.com\/blog\/wp-content\/uploads\/2025\/03\/12_RutaRobertCapa_Aitona_Melocotoneros_Ignasi_AdobeStock_583958950_WP13-768x512.webp 768w, https:\/\/www.escapadarural.com\/blog\/wp-content\/uploads\/2025\/03\/12_RutaRobertCapa_Aitona_Melocotoneros_Ignasi_AdobeStock_583958950_WP13-800x534.webp 800w, https:\/\/www.escapadarural.com\/blog\/wp-content\/uploads\/2025\/03\/12_RutaRobertCapa_Aitona_Melocotoneros_Ignasi_AdobeStock_583958950_WP13.webp 1024w\" sizes=\"auto, (max-width: 1024px) 100vw, 1024px\" \/><figcaption class=\"wp-element-caption\">Floraci\u00f3n de los melocotoneros de Aitona. Por Ignasi.<\/figcaption><\/figure>\n\n\n\n<p>La Ruta Robert Capa no es el \u00fanico lugar de Aitona en el que los amantes de la fotograf\u00eda encontrar\u00e1n alicientes para visitar esta localidad del Baix Segre. El entorno del pueblo ofrece <strong>otros enclaves perfectos para enfocar, disparar y almacenar im\u00e1genes<\/strong> para el recuerdo.<\/p>\n\n\n\n<p>En primer lugar, <a href=\"https:\/\/www.escapadarural.com\/blog\/melocotoneros-de-aitona-fruiturismo\/\">Aitona es famosa por sus campos de melocotoneros<\/a>. En febrero y marzo, durante <strong>la floraci\u00f3n de los frutales<\/strong>, los alrededores del pueblo se ti\u00f1en de rosa y se convierten en un aut\u00e9ntico espect\u00e1culo visual digno de visitar y de fotografiar. Un evento que se est\u00e1 popularizando y que cada temporada recibe un mayor n\u00famero de visitantes.<\/p>\n\n\n\n<figure class=\"wp-block-image size-full\"><img loading=\"lazy\" decoding=\"async\" width=\"1024\" height=\"576\" src=\"https:\/\/www.escapadarural.com\/blog\/wp-content\/uploads\/2025\/04\/15_RutaRobertCapa_Aitona_ErmitaSantJoanCarratala_Fruiturisme.webp\" alt=\"Ermita de Sant Joan de Carratal\u00e0, en Aitona.\" class=\"wp-image-198543\" srcset=\"https:\/\/www.escapadarural.com\/blog\/wp-content\/uploads\/2025\/04\/15_RutaRobertCapa_Aitona_ErmitaSantJoanCarratala_Fruiturisme-200x113.webp 200w, https:\/\/www.escapadarural.com\/blog\/wp-content\/uploads\/2025\/04\/15_RutaRobertCapa_Aitona_ErmitaSantJoanCarratala_Fruiturisme-300x169.webp 300w, https:\/\/www.escapadarural.com\/blog\/wp-content\/uploads\/2025\/04\/15_RutaRobertCapa_Aitona_ErmitaSantJoanCarratala_Fruiturisme-400x225.webp 400w, https:\/\/www.escapadarural.com\/blog\/wp-content\/uploads\/2025\/04\/15_RutaRobertCapa_Aitona_ErmitaSantJoanCarratala_Fruiturisme-600x338.webp 600w, https:\/\/www.escapadarural.com\/blog\/wp-content\/uploads\/2025\/04\/15_RutaRobertCapa_Aitona_ErmitaSantJoanCarratala_Fruiturisme-768x432.webp 768w, https:\/\/www.escapadarural.com\/blog\/wp-content\/uploads\/2025\/04\/15_RutaRobertCapa_Aitona_ErmitaSantJoanCarratala_Fruiturisme-800x450.webp 800w, https:\/\/www.escapadarural.com\/blog\/wp-content\/uploads\/2025\/04\/15_RutaRobertCapa_Aitona_ErmitaSantJoanCarratala_Fruiturisme.webp 1024w\" sizes=\"auto, (max-width: 1024px) 100vw, 1024px\" \/><figcaption class=\"wp-element-caption\">Ermita de Sant Joan de Carratal\u00e0, en Aitona. Por Ayuntamiento de Aitona \/ Fruiturisme.<\/figcaption><\/figure>\n\n\n\n<p>Tambi\u00e9n en el t\u00e9rmino municipal de Aitona encontramos el <strong>mirador de Carratal\u00e0<\/strong>, un lugar excepcional para contemplar el paisaje agr\u00edcola del valle del Segre. En este mirador encontraremos un conjunto patrimonial compuesto por un poblado de la Edad de Bronce (Els Pilarets), los restos de un castillo y villa medieval, y la ermita de Sant Joan de Carratal\u00e0, de estilo rom\u00e1nico tard\u00edo. Esta \u00faltima aparece de fondo en alguna de las fotograf\u00edas de Capa.<\/p>\n\n\n\n<figure class=\"wp-block-image size-full\"><img loading=\"lazy\" decoding=\"async\" width=\"1024\" height=\"683\" src=\"https:\/\/www.escapadarural.com\/blog\/wp-content\/uploads\/2025\/03\/13_RutaRobertCapa_Aitona_ArcAda_DavidboixoAdobeStock_442321591_WP14.webp\" alt=\"Arc d'Ad\u00e0, en Llardecans (Lleida).\" class=\"wp-image-198478\" srcset=\"https:\/\/www.escapadarural.com\/blog\/wp-content\/uploads\/2025\/03\/13_RutaRobertCapa_Aitona_ArcAda_DavidboixoAdobeStock_442321591_WP14-200x133.webp 200w, https:\/\/www.escapadarural.com\/blog\/wp-content\/uploads\/2025\/03\/13_RutaRobertCapa_Aitona_ArcAda_DavidboixoAdobeStock_442321591_WP14-300x200.webp 300w, https:\/\/www.escapadarural.com\/blog\/wp-content\/uploads\/2025\/03\/13_RutaRobertCapa_Aitona_ArcAda_DavidboixoAdobeStock_442321591_WP14-400x267.webp 400w, https:\/\/www.escapadarural.com\/blog\/wp-content\/uploads\/2025\/03\/13_RutaRobertCapa_Aitona_ArcAda_DavidboixoAdobeStock_442321591_WP14-600x400.webp 600w, https:\/\/www.escapadarural.com\/blog\/wp-content\/uploads\/2025\/03\/13_RutaRobertCapa_Aitona_ArcAda_DavidboixoAdobeStock_442321591_WP14-768x512.webp 768w, https:\/\/www.escapadarural.com\/blog\/wp-content\/uploads\/2025\/03\/13_RutaRobertCapa_Aitona_ArcAda_DavidboixoAdobeStock_442321591_WP14-800x534.webp 800w, https:\/\/www.escapadarural.com\/blog\/wp-content\/uploads\/2025\/03\/13_RutaRobertCapa_Aitona_ArcAda_DavidboixoAdobeStock_442321591_WP14.webp 1024w\" sizes=\"auto, (max-width: 1024px) 100vw, 1024px\" \/><figcaption class=\"wp-element-caption\">Arc d&#8217;Ad\u00e0, en Llardecans (Lleida). Por Davidboixo.<\/figcaption><\/figure>\n\n\n\n<p>Por \u00faltimo, otro punto muy fotografiable en el entorno de Aitona es <a href=\"https:\/\/maps.app.goo.gl\/tnPXXJVTgdh2D73W7\" target=\"_blank\" rel=\"noreferrer noopener nofollow\">el Arc d\u2019Ad\u00e0<\/a>. Se trata de <strong>un arco de piedra apuntado que se levanta solitario<\/strong> en un cerro del t\u00e9rmino municipal de <a href=\"\/casas-rurales\/llardecans\">Llardecans<\/a>, donde se ubican las ruinas del poblado deshabitado de Adar. Recientemente restaurado, el lugar es un foco de atracci\u00f3n para los aficionados a la fotograf\u00eda y al <a href=\"\/blog\/tag\/astroturismo\/\">astroturismo<\/a>. Las im\u00e1genes que se obtienen all\u00ed son espectaculares, especialmente al amanecer y al anochecer.<\/p>\n\n\n\n<h2 class=\"wp-block-heading\" id=\"h-recomendaciones-para-visitar-la-ruta-robert-capa-de-aitona\"><strong>Recomendaciones para visitar la Ruta Robert Capa de Aitona<\/strong><\/h2>\n\n\n\n<p>Antes de visitar la Ruta Robert Capa, debemos tener en cuenta una serie de recomendaciones que nos apuntan desde el propio ayuntamiento. En primer lugar, conviene <strong>evitar los d\u00edas lluviosos<\/strong> o d\u00edas posteriores a lluvias copiosas, ya que el terreno es pedregoso y polvoriento, y se embarra con facilidad.<\/p>\n\n\n\n<figure class=\"wp-block-image size-full\"><img loading=\"lazy\" decoding=\"async\" width=\"1024\" height=\"687\" src=\"https:\/\/www.escapadarural.com\/blog\/wp-content\/uploads\/2025\/03\/14_RutaRobertCapa_Milicianos3_RobertCapa_WP15.webp\" alt=\"Milicianos resguardados en las formaciones rocosas de Serrabrisa, en Aitona.\" class=\"wp-image-198480\" srcset=\"https:\/\/www.escapadarural.com\/blog\/wp-content\/uploads\/2025\/03\/14_RutaRobertCapa_Milicianos3_RobertCapa_WP15-200x134.webp 200w, https:\/\/www.escapadarural.com\/blog\/wp-content\/uploads\/2025\/03\/14_RutaRobertCapa_Milicianos3_RobertCapa_WP15-300x201.webp 300w, https:\/\/www.escapadarural.com\/blog\/wp-content\/uploads\/2025\/03\/14_RutaRobertCapa_Milicianos3_RobertCapa_WP15-400x268.webp 400w, https:\/\/www.escapadarural.com\/blog\/wp-content\/uploads\/2025\/03\/14_RutaRobertCapa_Milicianos3_RobertCapa_WP15-600x403.webp 600w, https:\/\/www.escapadarural.com\/blog\/wp-content\/uploads\/2025\/03\/14_RutaRobertCapa_Milicianos3_RobertCapa_WP15-768x515.webp 768w, https:\/\/www.escapadarural.com\/blog\/wp-content\/uploads\/2025\/03\/14_RutaRobertCapa_Milicianos3_RobertCapa_WP15-800x537.webp 800w, https:\/\/www.escapadarural.com\/blog\/wp-content\/uploads\/2025\/03\/14_RutaRobertCapa_Milicianos3_RobertCapa_WP15.webp 1024w\" sizes=\"auto, (max-width: 1024px) 100vw, 1024px\" \/><figcaption class=\"wp-element-caption\">Milicianos resguardados en las formaciones rocosas de Serrabrisa, en Aitona. Por Robert Capa \/ Magnum Photos.<\/figcaption><\/figure>\n\n\n\n<p>El ayuntamiento decidi\u00f3 dejar el terreno intacto, tal como lo encontr\u00f3 Capa en 1938, ya que <strong>asfaltarlo le hubiera restado valor hist\u00f3rico<\/strong> al lugar y a la experiencia. \u201cS\u00ed que se va reponiendo tierra y acondicionando el camino regularmente\u201d, seg\u00fan nos cuenta Bea Obis, para que resulte transitable, teniendo en cuenta tambi\u00e9n que lo visita bastante gente mayor.<\/p>\n\n\n\n<p>El mejor momento del a\u00f1o para visitar la Ruta Robert Capa de Aitona es la primavera o el oto\u00f1o. <strong>No es recomendable hacerlo en julio y agosto<\/strong>, ya que es una zona semides\u00e9rtica, en la que se alcanzan temperaturas muy altas. Por \u00faltimo, aunque no es necesario ning\u00fan equipamiento de tipo t\u00e9cnico, s\u00ed que deberemos <strong>llevar ropa y calzado c\u00f3modos<\/strong> para poder movernos con agilidad por el terreno. Y por supuesto,<strong> \u00a1no olvides tu c\u00e1mara de fotos!<\/strong><\/p>\n","protected":false},"excerpt":{"rendered":"<p>La Ruta Robert Capa (Aitona) es una visita obligada cerca de Barcelona para amantes de la fotograf\u00eda, la historia y el reporterismo de guerra<\/p>\n","protected":false},"author":157,"featured_media":198482,"comment_status":"open","ping_status":"open","sticky":false,"template":"","format":"standard","meta":{"_acf_changed":false,"om_disable_all_campaigns":false,"footnotes":""},"categories":[231,1379],"tags":[4996,6146,836,2509,196,1274,6225],"class_list":["post-198410","post","type-post","status-publish","format-standard","has-post-thumbnail","hentry","category-arte-y-cultura","category-rutas-y-excursiones","tag-aitona","tag-catalunya","tag-fotografia","tag-guerra-civil","tag-que-ver-en-lleida","tag-paisajes","tag-robert-capa"],"acf":[],"featured_image_src":"https:\/\/www.escapadarural.com\/blog\/wp-content\/uploads\/2025\/03\/01_RutaRobertCapa_Aitona_Milicianos_RobertCapa_WP02.webp","author_info":{"display_name":"Miguel Perez","author_link":"https:\/\/www.escapadarural.com\/blog\/autor\/miguel-perez\/"},"yoast_head":"<!-- This site is optimized with the Yoast SEO plugin v27.2 - https:\/\/yoast.com\/product\/yoast-seo-wordpress\/ -->\n<title>La Ruta Robert Capa de Aitona - EscapadaRural<\/title>\n<meta name=\"description\" content=\"La Ruta Robert Capa (Aitona) es una visita obligada cerca de Barcelona para amantes de la fotograf\u00eda, la historia y el reporterismo de guerra\" \/>\n<meta name=\"robots\" content=\"index, follow, max-snippet:-1, max-image-preview:large, max-video-preview:-1\" \/>\n<link rel=\"canonical\" href=\"https:\/\/www.escapadarural.com\/blog\/ruta-robert-capa-de-aitona-guerra-civil\/\" \/>\n<meta property=\"og:locale\" content=\"es_ES\" \/>\n<meta property=\"og:type\" content=\"article\" \/>\n<meta property=\"og:title\" content=\"La Ruta Robert Capa de Aitona - EscapadaRural\" \/>\n<meta property=\"og:description\" content=\"La Ruta Robert Capa (Aitona) es una visita obligada cerca de Barcelona para amantes de la fotograf\u00eda, la historia y el reporterismo de guerra\" \/>\n<meta property=\"og:url\" content=\"https:\/\/www.escapadarural.com\/blog\/ruta-robert-capa-de-aitona-guerra-civil\/\" \/>\n<meta property=\"og:site_name\" content=\"Magazine de viajes de EscapadaRural\" \/>\n<meta property=\"article:publisher\" content=\"https:\/\/www.facebook.com\/escapadarural\" \/>\n<meta property=\"article:author\" content=\"#\" \/>\n<meta property=\"article:published_time\" content=\"2025-04-11T06:00:00+00:00\" \/>\n<meta property=\"article:modified_time\" content=\"2026-02-17T16:07:19+00:00\" \/>\n<meta property=\"og:image\" content=\"https:\/\/www.escapadarural.com\/blog\/wp-content\/uploads\/2025\/03\/01_RutaRobertCapa_Aitona_Milicianos_RobertCapa_WP02.webp\" \/>\n\t<meta property=\"og:image:width\" content=\"1024\" \/>\n\t<meta property=\"og:image:height\" content=\"685\" \/>\n\t<meta property=\"og:image:type\" content=\"image\/webp\" \/>\n<meta name=\"author\" content=\"Miguel Perez\" \/>\n<meta name=\"twitter:card\" content=\"summary_large_image\" \/>\n<meta name=\"twitter:creator\" content=\"@#\" \/>\n<meta name=\"twitter:label1\" content=\"Escrito por\" \/>\n\t<meta name=\"twitter:data1\" content=\"Miguel Perez\" \/>\n\t<meta name=\"twitter:label2\" content=\"Tiempo de lectura\" \/>\n\t<meta name=\"twitter:data2\" content=\"14 minutos\" \/>\n<script type=\"application\/ld+json\" class=\"yoast-schema-graph\">{\"@context\":\"https:\/\/schema.org\",\"@graph\":[{\"@type\":\"Article\",\"@id\":\"https:\/\/www.escapadarural.com\/blog\/ruta-robert-capa-de-aitona-guerra-civil\/#article\",\"isPartOf\":{\"@id\":\"https:\/\/www.escapadarural.com\/blog\/ruta-robert-capa-de-aitona-guerra-civil\/\"},\"author\":{\"name\":\"Miguel Perez\",\"@id\":\"https:\/\/www.escapadarural.com\/blog\/#\/schema\/person\/ea17306ba0ae76670daf8e5008db21dd\"},\"headline\":\"La Ruta Robert Capa de Aitona: el reportero que retrat\u00f3 la Guerra Civil\",\"datePublished\":\"2025-04-11T06:00:00+00:00\",\"dateModified\":\"2026-02-17T16:07:19+00:00\",\"mainEntityOfPage\":{\"@id\":\"https:\/\/www.escapadarural.com\/blog\/ruta-robert-capa-de-aitona-guerra-civil\/\"},\"wordCount\":2383,\"commentCount\":0,\"publisher\":{\"@id\":\"https:\/\/www.escapadarural.com\/blog\/#organization\"},\"image\":{\"@id\":\"https:\/\/www.escapadarural.com\/blog\/ruta-robert-capa-de-aitona-guerra-civil\/#primaryimage\"},\"thumbnailUrl\":\"https:\/\/www.escapadarural.com\/blog\/wp-content\/uploads\/2025\/03\/01_RutaRobertCapa_Aitona_Milicianos_RobertCapa_WP02.webp\",\"keywords\":[\"aitona\",\"catalunya\",\"Fotograf\u00eda\",\"Guerra Civil\",\"Lleida\",\"paisajes\",\"Robert Capa\"],\"articleSection\":[\"Arte y Cultura\",\"Rutas y excursiones\"],\"inLanguage\":\"es\",\"potentialAction\":[{\"@type\":\"CommentAction\",\"name\":\"Comment\",\"target\":[\"https:\/\/www.escapadarural.com\/blog\/ruta-robert-capa-de-aitona-guerra-civil\/#respond\"]}]},{\"@type\":\"WebPage\",\"@id\":\"https:\/\/www.escapadarural.com\/blog\/ruta-robert-capa-de-aitona-guerra-civil\/\",\"url\":\"https:\/\/www.escapadarural.com\/blog\/ruta-robert-capa-de-aitona-guerra-civil\/\",\"name\":\"La Ruta Robert Capa de Aitona - EscapadaRural\",\"isPartOf\":{\"@id\":\"https:\/\/www.escapadarural.com\/blog\/#website\"},\"primaryImageOfPage\":{\"@id\":\"https:\/\/www.escapadarural.com\/blog\/ruta-robert-capa-de-aitona-guerra-civil\/#primaryimage\"},\"image\":{\"@id\":\"https:\/\/www.escapadarural.com\/blog\/ruta-robert-capa-de-aitona-guerra-civil\/#primaryimage\"},\"thumbnailUrl\":\"https:\/\/www.escapadarural.com\/blog\/wp-content\/uploads\/2025\/03\/01_RutaRobertCapa_Aitona_Milicianos_RobertCapa_WP02.webp\",\"datePublished\":\"2025-04-11T06:00:00+00:00\",\"dateModified\":\"2026-02-17T16:07:19+00:00\",\"description\":\"La Ruta Robert Capa (Aitona) es una visita obligada cerca de Barcelona para amantes de la fotograf\u00eda, la historia y el reporterismo de guerra\",\"breadcrumb\":{\"@id\":\"https:\/\/www.escapadarural.com\/blog\/ruta-robert-capa-de-aitona-guerra-civil\/#breadcrumb\"},\"inLanguage\":\"es\",\"potentialAction\":[{\"@type\":\"ReadAction\",\"target\":[\"https:\/\/www.escapadarural.com\/blog\/ruta-robert-capa-de-aitona-guerra-civil\/\"]}]},{\"@type\":\"ImageObject\",\"inLanguage\":\"es\",\"@id\":\"https:\/\/www.escapadarural.com\/blog\/ruta-robert-capa-de-aitona-guerra-civil\/#primaryimage\",\"url\":\"https:\/\/www.escapadarural.com\/blog\/wp-content\/uploads\/2025\/03\/01_RutaRobertCapa_Aitona_Milicianos_RobertCapa_WP02.webp\",\"contentUrl\":\"https:\/\/www.escapadarural.com\/blog\/wp-content\/uploads\/2025\/03\/01_RutaRobertCapa_Aitona_Milicianos_RobertCapa_WP02.webp\",\"width\":1024,\"height\":685,\"caption\":\"Milicianos resguardados en las formaciones rocosas de Serrabrisa, en Aitona. Por Robert Capa \/ Magnum Photos.\"},{\"@type\":\"BreadcrumbList\",\"@id\":\"https:\/\/www.escapadarural.com\/blog\/ruta-robert-capa-de-aitona-guerra-civil\/#breadcrumb\",\"itemListElement\":[{\"@type\":\"ListItem\",\"position\":1,\"name\":\"Inicio\",\"item\":\"https:\/\/www.escapadarural.com\/blog\/\"},{\"@type\":\"ListItem\",\"position\":2,\"name\":\"Arte y Cultura\",\"item\":\"https:\/\/www.escapadarural.com\/blog\/categoria\/arte-y-cultura\/\"},{\"@type\":\"ListItem\",\"position\":3,\"name\":\"La Ruta Robert Capa de Aitona: el reportero que retrat\u00f3 la Guerra Civil\"}]},{\"@type\":\"WebSite\",\"@id\":\"https:\/\/www.escapadarural.com\/blog\/#website\",\"url\":\"https:\/\/www.escapadarural.com\/blog\/\",\"name\":\"Blog de viajes | turismo rural, alojamientos e inspiraci\u00f3n\",\"description\":\"Alojamientos rurales e inspiraci\u00f3n para tus escapadas\",\"publisher\":{\"@id\":\"https:\/\/www.escapadarural.com\/blog\/#organization\"},\"alternateName\":\"Magazine de viajes de EscapadaRural\",\"potentialAction\":[{\"@type\":\"SearchAction\",\"target\":{\"@type\":\"EntryPoint\",\"urlTemplate\":\"https:\/\/www.escapadarural.com\/blog\/?s={search_term_string}\"},\"query-input\":{\"@type\":\"PropertyValueSpecification\",\"valueRequired\":true,\"valueName\":\"search_term_string\"}}],\"inLanguage\":\"es\"},{\"@type\":\"Organization\",\"@id\":\"https:\/\/www.escapadarural.com\/blog\/#organization\",\"name\":\"EscapadaRural\",\"url\":\"https:\/\/www.escapadarural.com\/blog\/\",\"logo\":{\"@type\":\"ImageObject\",\"inLanguage\":\"es\",\"@id\":\"https:\/\/www.escapadarural.com\/blog\/#\/schema\/logo\/image\/\",\"url\":\"https:\/\/www.escapadarural.com\/blog\/wp-content\/uploads\/2024\/10\/cropped-cropped-escapada-rural-icon-mag-3.png\",\"contentUrl\":\"https:\/\/www.escapadarural.com\/blog\/wp-content\/uploads\/2024\/10\/cropped-cropped-escapada-rural-icon-mag-3.png\",\"width\":512,\"height\":512,\"caption\":\"EscapadaRural\"},\"image\":{\"@id\":\"https:\/\/www.escapadarural.com\/blog\/#\/schema\/logo\/image\/\"},\"sameAs\":[\"https:\/\/www.facebook.com\/escapadarural\",\"https:\/\/www.instagram.com\/escapadarural\/\",\"https:\/\/www.youtube.com\/@escapadaruralcom\"]},{\"@type\":\"Person\",\"@id\":\"https:\/\/www.escapadarural.com\/blog\/#\/schema\/person\/ea17306ba0ae76670daf8e5008db21dd\",\"name\":\"Miguel Perez\",\"image\":{\"@type\":\"ImageObject\",\"inLanguage\":\"es\",\"@id\":\"https:\/\/www.escapadarural.com\/blog\/wp-content\/uploads\/2024\/11\/cropped-Miguel-Perez-96x96.jpg\",\"url\":\"https:\/\/www.escapadarural.com\/blog\/wp-content\/uploads\/2024\/11\/cropped-Miguel-Perez-96x96.jpg\",\"contentUrl\":\"https:\/\/www.escapadarural.com\/blog\/wp-content\/uploads\/2024\/11\/cropped-Miguel-Perez-96x96.jpg\",\"caption\":\"Miguel Perez\"},\"description\":\"Me encanta el f\u00fatbol, leer, viajar, descubrir nuevos destinos y cont\u00e1rtelos\",\"sameAs\":[\"#\",\"https:\/\/x.com\/#\"],\"url\":\"https:\/\/www.escapadarural.com\/blog\/autor\/miguel-perez\/\"}]}<\/script>\n<!-- \/ Yoast SEO plugin. -->","yoast_head_json":{"title":"La Ruta Robert Capa de Aitona - EscapadaRural","description":"La Ruta Robert Capa (Aitona) es una visita obligada cerca de Barcelona para amantes de la fotograf\u00eda, la historia y el reporterismo de guerra","robots":{"index":"index","follow":"follow","max-snippet":"max-snippet:-1","max-image-preview":"max-image-preview:large","max-video-preview":"max-video-preview:-1"},"canonical":"https:\/\/www.escapadarural.com\/blog\/ruta-robert-capa-de-aitona-guerra-civil\/","og_locale":"es_ES","og_type":"article","og_title":"La Ruta Robert Capa de Aitona - EscapadaRural","og_description":"La Ruta Robert Capa (Aitona) es una visita obligada cerca de Barcelona para amantes de la fotograf\u00eda, la historia y el reporterismo de guerra","og_url":"https:\/\/www.escapadarural.com\/blog\/ruta-robert-capa-de-aitona-guerra-civil\/","og_site_name":"Magazine de viajes de EscapadaRural","article_publisher":"https:\/\/www.facebook.com\/escapadarural","article_author":"#","article_published_time":"2025-04-11T06:00:00+00:00","article_modified_time":"2026-02-17T16:07:19+00:00","og_image":[{"width":1024,"height":685,"url":"https:\/\/www.escapadarural.com\/blog\/wp-content\/uploads\/2025\/03\/01_RutaRobertCapa_Aitona_Milicianos_RobertCapa_WP02.webp","type":"image\/webp"}],"author":"Miguel Perez","twitter_card":"summary_large_image","twitter_creator":"@#","twitter_misc":{"Escrito por":"Miguel Perez","Tiempo de lectura":"14 minutos"},"schema":{"@context":"https:\/\/schema.org","@graph":[{"@type":"Article","@id":"https:\/\/www.escapadarural.com\/blog\/ruta-robert-capa-de-aitona-guerra-civil\/#article","isPartOf":{"@id":"https:\/\/www.escapadarural.com\/blog\/ruta-robert-capa-de-aitona-guerra-civil\/"},"author":{"name":"Miguel Perez","@id":"https:\/\/www.escapadarural.com\/blog\/#\/schema\/person\/ea17306ba0ae76670daf8e5008db21dd"},"headline":"La Ruta Robert Capa de Aitona: el reportero que retrat\u00f3 la Guerra Civil","datePublished":"2025-04-11T06:00:00+00:00","dateModified":"2026-02-17T16:07:19+00:00","mainEntityOfPage":{"@id":"https:\/\/www.escapadarural.com\/blog\/ruta-robert-capa-de-aitona-guerra-civil\/"},"wordCount":2383,"commentCount":0,"publisher":{"@id":"https:\/\/www.escapadarural.com\/blog\/#organization"},"image":{"@id":"https:\/\/www.escapadarural.com\/blog\/ruta-robert-capa-de-aitona-guerra-civil\/#primaryimage"},"thumbnailUrl":"https:\/\/www.escapadarural.com\/blog\/wp-content\/uploads\/2025\/03\/01_RutaRobertCapa_Aitona_Milicianos_RobertCapa_WP02.webp","keywords":["aitona","catalunya","Fotograf\u00eda","Guerra Civil","Lleida","paisajes","Robert Capa"],"articleSection":["Arte y Cultura","Rutas y excursiones"],"inLanguage":"es","potentialAction":[{"@type":"CommentAction","name":"Comment","target":["https:\/\/www.escapadarural.com\/blog\/ruta-robert-capa-de-aitona-guerra-civil\/#respond"]}]},{"@type":"WebPage","@id":"https:\/\/www.escapadarural.com\/blog\/ruta-robert-capa-de-aitona-guerra-civil\/","url":"https:\/\/www.escapadarural.com\/blog\/ruta-robert-capa-de-aitona-guerra-civil\/","name":"La Ruta Robert Capa de Aitona - EscapadaRural","isPartOf":{"@id":"https:\/\/www.escapadarural.com\/blog\/#website"},"primaryImageOfPage":{"@id":"https:\/\/www.escapadarural.com\/blog\/ruta-robert-capa-de-aitona-guerra-civil\/#primaryimage"},"image":{"@id":"https:\/\/www.escapadarural.com\/blog\/ruta-robert-capa-de-aitona-guerra-civil\/#primaryimage"},"thumbnailUrl":"https:\/\/www.escapadarural.com\/blog\/wp-content\/uploads\/2025\/03\/01_RutaRobertCapa_Aitona_Milicianos_RobertCapa_WP02.webp","datePublished":"2025-04-11T06:00:00+00:00","dateModified":"2026-02-17T16:07:19+00:00","description":"La Ruta Robert Capa (Aitona) es una visita obligada cerca de Barcelona para amantes de la fotograf\u00eda, la historia y el reporterismo de guerra","breadcrumb":{"@id":"https:\/\/www.escapadarural.com\/blog\/ruta-robert-capa-de-aitona-guerra-civil\/#breadcrumb"},"inLanguage":"es","potentialAction":[{"@type":"ReadAction","target":["https:\/\/www.escapadarural.com\/blog\/ruta-robert-capa-de-aitona-guerra-civil\/"]}]},{"@type":"ImageObject","inLanguage":"es","@id":"https:\/\/www.escapadarural.com\/blog\/ruta-robert-capa-de-aitona-guerra-civil\/#primaryimage","url":"https:\/\/www.escapadarural.com\/blog\/wp-content\/uploads\/2025\/03\/01_RutaRobertCapa_Aitona_Milicianos_RobertCapa_WP02.webp","contentUrl":"https:\/\/www.escapadarural.com\/blog\/wp-content\/uploads\/2025\/03\/01_RutaRobertCapa_Aitona_Milicianos_RobertCapa_WP02.webp","width":1024,"height":685,"caption":"Milicianos resguardados en las formaciones rocosas de Serrabrisa, en Aitona. Por Robert Capa \/ Magnum Photos."},{"@type":"BreadcrumbList","@id":"https:\/\/www.escapadarural.com\/blog\/ruta-robert-capa-de-aitona-guerra-civil\/#breadcrumb","itemListElement":[{"@type":"ListItem","position":1,"name":"Inicio","item":"https:\/\/www.escapadarural.com\/blog\/"},{"@type":"ListItem","position":2,"name":"Arte y Cultura","item":"https:\/\/www.escapadarural.com\/blog\/categoria\/arte-y-cultura\/"},{"@type":"ListItem","position":3,"name":"La Ruta Robert Capa de Aitona: el reportero que retrat\u00f3 la Guerra Civil"}]},{"@type":"WebSite","@id":"https:\/\/www.escapadarural.com\/blog\/#website","url":"https:\/\/www.escapadarural.com\/blog\/","name":"Blog de viajes | turismo rural, alojamientos e inspiraci\u00f3n","description":"Alojamientos rurales e inspiraci\u00f3n para tus escapadas","publisher":{"@id":"https:\/\/www.escapadarural.com\/blog\/#organization"},"alternateName":"Magazine de viajes de EscapadaRural","potentialAction":[{"@type":"SearchAction","target":{"@type":"EntryPoint","urlTemplate":"https:\/\/www.escapadarural.com\/blog\/?s={search_term_string}"},"query-input":{"@type":"PropertyValueSpecification","valueRequired":true,"valueName":"search_term_string"}}],"inLanguage":"es"},{"@type":"Organization","@id":"https:\/\/www.escapadarural.com\/blog\/#organization","name":"EscapadaRural","url":"https:\/\/www.escapadarural.com\/blog\/","logo":{"@type":"ImageObject","inLanguage":"es","@id":"https:\/\/www.escapadarural.com\/blog\/#\/schema\/logo\/image\/","url":"https:\/\/www.escapadarural.com\/blog\/wp-content\/uploads\/2024\/10\/cropped-cropped-escapada-rural-icon-mag-3.png","contentUrl":"https:\/\/www.escapadarural.com\/blog\/wp-content\/uploads\/2024\/10\/cropped-cropped-escapada-rural-icon-mag-3.png","width":512,"height":512,"caption":"EscapadaRural"},"image":{"@id":"https:\/\/www.escapadarural.com\/blog\/#\/schema\/logo\/image\/"},"sameAs":["https:\/\/www.facebook.com\/escapadarural","https:\/\/www.instagram.com\/escapadarural\/","https:\/\/www.youtube.com\/@escapadaruralcom"]},{"@type":"Person","@id":"https:\/\/www.escapadarural.com\/blog\/#\/schema\/person\/ea17306ba0ae76670daf8e5008db21dd","name":"Miguel Perez","image":{"@type":"ImageObject","inLanguage":"es","@id":"https:\/\/www.escapadarural.com\/blog\/wp-content\/uploads\/2024\/11\/cropped-Miguel-Perez-96x96.jpg","url":"https:\/\/www.escapadarural.com\/blog\/wp-content\/uploads\/2024\/11\/cropped-Miguel-Perez-96x96.jpg","contentUrl":"https:\/\/www.escapadarural.com\/blog\/wp-content\/uploads\/2024\/11\/cropped-Miguel-Perez-96x96.jpg","caption":"Miguel Perez"},"description":"Me encanta el f\u00fatbol, leer, viajar, descubrir nuevos destinos y cont\u00e1rtelos","sameAs":["#","https:\/\/x.com\/#"],"url":"https:\/\/www.escapadarural.com\/blog\/autor\/miguel-perez\/"}]}},"_links":{"self":[{"href":"https:\/\/www.escapadarural.com\/blog\/wp-json\/wp\/v2\/posts\/198410","targetHints":{"allow":["GET"]}}],"collection":[{"href":"https:\/\/www.escapadarural.com\/blog\/wp-json\/wp\/v2\/posts"}],"about":[{"href":"https:\/\/www.escapadarural.com\/blog\/wp-json\/wp\/v2\/types\/post"}],"author":[{"embeddable":true,"href":"https:\/\/www.escapadarural.com\/blog\/wp-json\/wp\/v2\/users\/157"}],"replies":[{"embeddable":true,"href":"https:\/\/www.escapadarural.com\/blog\/wp-json\/wp\/v2\/comments?post=198410"}],"version-history":[{"count":0,"href":"https:\/\/www.escapadarural.com\/blog\/wp-json\/wp\/v2\/posts\/198410\/revisions"}],"wp:featuredmedia":[{"embeddable":true,"href":"https:\/\/www.escapadarural.com\/blog\/wp-json\/wp\/v2\/media\/198482"}],"wp:attachment":[{"href":"https:\/\/www.escapadarural.com\/blog\/wp-json\/wp\/v2\/media?parent=198410"}],"wp:term":[{"taxonomy":"category","embeddable":true,"href":"https:\/\/www.escapadarural.com\/blog\/wp-json\/wp\/v2\/categories?post=198410"},{"taxonomy":"post_tag","embeddable":true,"href":"https:\/\/www.escapadarural.com\/blog\/wp-json\/wp\/v2\/tags?post=198410"}],"curies":[{"name":"wp","href":"https:\/\/api.w.org\/{rel}","templated":true}]}}