{"id":198813,"date":"2025-04-19T08:00:00","date_gmt":"2025-04-19T06:00:00","guid":{"rendered":"https:\/\/www.escapadarural.com\/blog\/?p=198813"},"modified":"2025-04-17T17:10:43","modified_gmt":"2025-04-17T15:10:43","slug":"esculturas-en-la-espana-rural","status":"publish","type":"post","link":"https:\/\/www.escapadarural.com\/blog\/esculturas-en-la-espana-rural\/","title":{"rendered":"Surrealismo rural: 10 extra\u00f1as esculturas que no esperabas encontrar"},"content":{"rendered":"\n<p><strong>\u00bfExtravagancia o arte rural?<\/strong> Espa\u00f1a est\u00e1 salpicada de esculturas tan ins\u00f3litas como entra\u00f1ables que aparecen, sin previo aviso, en los rincones m\u00e1s inesperados. En este caso, en nuestro entorno rural. Desde un tomate gigante pinchado en un palo hasta una mano emergiendo de la tierra para atraparte, estas curiosas obras parecen surgidas de un sue\u00f1o surrealista&#8230; o de una tarde muy creativa en el bar del pueblo.<\/p>\n\n\n\n<p>Este es un listado de algunas de las <strong>esculturas m\u00e1s extra\u00f1as<\/strong> que nos podemos encontrar en la Espa\u00f1a rural. \u00bfA\u00f1adir\u00edas alguna m\u00e1s?<\/p>\n\n\n\n<h2 class=\"wp-block-heading\" id=\"h-el-tomate-pinchado-en-un-palo-de-miajadas-caceres\"><strong>El tomate pinchado en un palo de Miajadas (C\u00e1ceres)<\/strong><\/h2>\n\n\n\n<figure class=\"wp-block-image size-full\"><img loading=\"lazy\" decoding=\"async\" width=\"1024\" height=\"685\" src=\"https:\/\/www.escapadarural.com\/blog\/wp-content\/uploads\/2025\/04\/Miajadas_Capital_Europea_del_Tomate_WP_11.webp\" alt=\"Escultura de un tomate pinchado en un palo en Miajadas, Extremadura\" class=\"wp-image-198962\" srcset=\"https:\/\/www.escapadarural.com\/blog\/wp-content\/uploads\/2025\/04\/Miajadas_Capital_Europea_del_Tomate_WP_11-200x134.webp 200w, https:\/\/www.escapadarural.com\/blog\/wp-content\/uploads\/2025\/04\/Miajadas_Capital_Europea_del_Tomate_WP_11-300x201.webp 300w, https:\/\/www.escapadarural.com\/blog\/wp-content\/uploads\/2025\/04\/Miajadas_Capital_Europea_del_Tomate_WP_11-400x268.webp 400w, https:\/\/www.escapadarural.com\/blog\/wp-content\/uploads\/2025\/04\/Miajadas_Capital_Europea_del_Tomate_WP_11-600x401.webp 600w, https:\/\/www.escapadarural.com\/blog\/wp-content\/uploads\/2025\/04\/Miajadas_Capital_Europea_del_Tomate_WP_11-768x514.webp 768w, https:\/\/www.escapadarural.com\/blog\/wp-content\/uploads\/2025\/04\/Miajadas_Capital_Europea_del_Tomate_WP_11-800x535.webp 800w, https:\/\/www.escapadarural.com\/blog\/wp-content\/uploads\/2025\/04\/Miajadas_Capital_Europea_del_Tomate_WP_11.webp 1024w\" sizes=\"auto, (max-width: 1024px) 100vw, 1024px\" \/><figcaption class=\"wp-element-caption\">Escultura de un tomate pinchado en un palo en Miajadas, Extremadura. Por Egavilan<\/figcaption><\/figure>\n\n\n\n<p>Un tomate pinchado en un palo te da la <strong>bienvenida al entrar en Miajadas<\/strong>. Est\u00e1 en la carretera de C\u00e1ceres, junto a la autov\u00eda. Y como para no verlo: esta \u201coda\u201d al tomate cuenta con <strong>12 metros de alto<\/strong> y se ha convertido en uno de los s\u00edmbolos m\u00e1s representativos del municipio. Seg\u00fan la edici\u00f3n local del <a href=\"https:\/\/miajadas.hoy.es\/noticias\/201604\/27\/monumento-tomate-cumple-anos-20160427111002.html\" target=\"_blank\" rel=\"noreferrer noopener nofollow\">diario <em>Hoy<\/em><\/a>, de hecho, hasta Cristiano Ronaldo quiso fotografiarse con \u00e9l.&nbsp;<\/p>\n\n\n\n<p>La escultura, obra del artista sevillano Miguel \u00c1ngel Mar\u00edn, fue levantada en el a\u00f1o 2001. \u00bfEl motivo? Dejar claro que <strong>Miajadas es la Capital Europea del Tomate<\/strong>.<\/p>\n\n\n<div style=\"background-color: #d9edf7; color: #31708f; border-left-color: #31708f; \" class=\"ub-styled-box ub-notification-box wp-block-ub-styled-box\" id=\"ub-styled-box-221dbf17-7a98-49a1-92f5-6f173a29e57e\">\n<p id=\"ub-styled-box-notification-content-\"><strong>D\u00f3nde est\u00e1<\/strong>: a la entrada de Miajadas (C\u00e1ceres).<\/p>\n\n\n<\/div>\n\n\n<div class=\"wp-block-buttons is-layout-flex wp-block-buttons-is-layout-flex\">\n<div class=\"wp-block-button\"><a class=\"wp-block-button__link wp-element-button\" href=\"\/casas-rurales\/miajadas\">Alojamientos rurales cerca de Miajadas<\/a><\/div>\n<\/div>\n\n\n\n<h2 class=\"wp-block-heading\"><strong>La m\u00e1quina de caf\u00e9 gigante de Mog\u00e1n (Gran Canaria)<\/strong><\/h2>\n\n\n\n<figure class=\"wp-block-image size-full\"><img loading=\"lazy\" decoding=\"async\" width=\"1024\" height=\"768\" src=\"https:\/\/www.escapadarural.com\/blog\/wp-content\/uploads\/2025\/04\/AdobeStock_553287426_mogan_Por-rudiernst_WP_07.webp\" alt=\"Esculturas junto al molino quemado de Mog\u00e1n, en Gran Canaria\" class=\"wp-image-198957\" srcset=\"https:\/\/www.escapadarural.com\/blog\/wp-content\/uploads\/2025\/04\/AdobeStock_553287426_mogan_Por-rudiernst_WP_07-200x150.webp 200w, https:\/\/www.escapadarural.com\/blog\/wp-content\/uploads\/2025\/04\/AdobeStock_553287426_mogan_Por-rudiernst_WP_07-300x225.webp 300w, https:\/\/www.escapadarural.com\/blog\/wp-content\/uploads\/2025\/04\/AdobeStock_553287426_mogan_Por-rudiernst_WP_07-400x300.webp 400w, https:\/\/www.escapadarural.com\/blog\/wp-content\/uploads\/2025\/04\/AdobeStock_553287426_mogan_Por-rudiernst_WP_07-600x450.webp 600w, https:\/\/www.escapadarural.com\/blog\/wp-content\/uploads\/2025\/04\/AdobeStock_553287426_mogan_Por-rudiernst_WP_07-768x576.webp 768w, https:\/\/www.escapadarural.com\/blog\/wp-content\/uploads\/2025\/04\/AdobeStock_553287426_mogan_Por-rudiernst_WP_07-800x600.webp 800w, https:\/\/www.escapadarural.com\/blog\/wp-content\/uploads\/2025\/04\/AdobeStock_553287426_mogan_Por-rudiernst_WP_07.webp 1024w\" sizes=\"auto, (max-width: 1024px) 100vw, 1024px\" \/><figcaption class=\"wp-element-caption\">Esculturas junto al molino quemado de Mog\u00e1n, en Gran Canaria. Por rudiernst<\/figcaption><\/figure>\n\n\n\n<p>Sin duda, una curiosa escultura situada en un curioso lugar: un \u00e1rea donde hay un antiguo molino \u201cquemado\u201d rodeado de <strong>varias esculturas gigantes<\/strong> con forma de cafetera, tetera, horno\u2026<\/p>\n\n\n\n<p>\u00bfD\u00f3nde est\u00e1 todo eso? En Mog\u00e1n, Gran Canaria, y se puede visitar. De hecho, aunque el molino ardi\u00f3 por culpa de uno de los pastores de la zona, fue rehabilitado y, desde principios de 2025, podemos entrar en \u00e9l. Actualmente es un <strong>Centro de Interpretaci\u00f3n del Cereal<\/strong>. Sobre las esculturas, su origen no est\u00e1 muy claro, pero se cree que tiene que ver con la romer\u00eda de San Antonio.&nbsp;<\/p>\n\n\n<div style=\"background-color: #d9edf7; color: #31708f; border-left-color: #31708f; \" class=\"ub-styled-box ub-notification-box wp-block-ub-styled-box\" id=\"ub-styled-box-bf5a6f7a-18f7-4f98-95a7-fe645f5d7bb6\">\n<p id=\"ub-styled-box-notification-content-\"><strong>D\u00f3nde est\u00e1<\/strong>: en el Centro de Interpretaci\u00f3n del Cereal de Mog\u00e1n (Gran Canaria).<\/p>\n\n\n<\/div>\n\n\n<div class=\"wp-block-buttons is-layout-flex wp-block-buttons-is-layout-flex\">\n<div class=\"wp-block-button\"><a class=\"wp-block-button__link wp-element-button\" href=\"\/casas-rurales\/mogan\">Alojamientos rurales cerca de Mog\u00e1n<\/a><\/div>\n<\/div>\n\n\n\n<h2 class=\"wp-block-heading\" id=\"h-la-mano-que-emerge-en-geras-leon\"><strong>La mano que emerge en Geras (Le\u00f3n)<\/strong><\/h2>\n\n\n\n<figure class=\"wp-block-image size-full\"><img loading=\"lazy\" decoding=\"async\" width=\"1024\" height=\"683\" src=\"https:\/\/www.escapadarural.com\/blog\/wp-content\/uploads\/2025\/04\/AdobeStock_585667367_Geras_de_Gordon_Por-LFRabanedo_WP_08.webp\" alt=\"Mano emergiendo en la Ruta de Celorio, en Geras (Le\u00f3n)\" class=\"wp-image-198958\" srcset=\"https:\/\/www.escapadarural.com\/blog\/wp-content\/uploads\/2025\/04\/AdobeStock_585667367_Geras_de_Gordon_Por-LFRabanedo_WP_08-200x133.webp 200w, https:\/\/www.escapadarural.com\/blog\/wp-content\/uploads\/2025\/04\/AdobeStock_585667367_Geras_de_Gordon_Por-LFRabanedo_WP_08-300x200.webp 300w, https:\/\/www.escapadarural.com\/blog\/wp-content\/uploads\/2025\/04\/AdobeStock_585667367_Geras_de_Gordon_Por-LFRabanedo_WP_08-400x267.webp 400w, https:\/\/www.escapadarural.com\/blog\/wp-content\/uploads\/2025\/04\/AdobeStock_585667367_Geras_de_Gordon_Por-LFRabanedo_WP_08-600x400.webp 600w, https:\/\/www.escapadarural.com\/blog\/wp-content\/uploads\/2025\/04\/AdobeStock_585667367_Geras_de_Gordon_Por-LFRabanedo_WP_08-768x512.webp 768w, https:\/\/www.escapadarural.com\/blog\/wp-content\/uploads\/2025\/04\/AdobeStock_585667367_Geras_de_Gordon_Por-LFRabanedo_WP_08-800x534.webp 800w, https:\/\/www.escapadarural.com\/blog\/wp-content\/uploads\/2025\/04\/AdobeStock_585667367_Geras_de_Gordon_Por-LFRabanedo_WP_08.webp 1024w\" sizes=\"auto, (max-width: 1024px) 100vw, 1024px\" \/><figcaption class=\"wp-element-caption\">Mano emergiendo en la Ruta de Celorio, en Geras (Le\u00f3n). Por LFRabanedo<\/figcaption><\/figure>\n\n\n\n<p>Lo cierto es que, aunque la escultura en s\u00ed es extra\u00f1a, e incluso puede sembrar un poco de miedo, su historia es de las m\u00e1s bonitas. Y es que esta mano gigante que emerge de la tierra est\u00e1 <strong>situada en el Ruta del Celorio<\/strong>. Un itinerario literario que rinde homenaje al escritor leon\u00e9s Jos\u00e9 Mar\u00eda Men\u00e9ndez L\u00f3pez y a su obra <em>Celorio el de Geras. T\u00fa sabes<\/em>.<\/p>\n\n\n\n<p>La encontraremos hacia la mitad de la ruta, en la <strong>Reserva de la Biosfera del Alto Bernesga<\/strong>. Est\u00e1 esculpida en m\u00e1rmol negro y, aunque parece suplicar por su vida, la mano quiere tocar las estrellas, las mismas que forman parte de la historia de Celorio.&nbsp;<\/p>\n\n\n<div style=\"background-color: #d9edf7; color: #31708f; border-left-color: #31708f; \" class=\"ub-styled-box ub-notification-box wp-block-ub-styled-box\" id=\"ub-styled-box-04d807ff-6446-49ea-86ab-3d72ab5de01d\">\n<p id=\"ub-styled-box-notification-content-\"><strong>D\u00f3nde est\u00e1<\/strong>: en la Ruta del Celorio, en el Alto Bernesga (Le\u00f3n).<\/p>\n\n\n<\/div>\n\n\n<div class=\"wp-block-buttons is-layout-flex wp-block-buttons-is-layout-flex\">\n<div class=\"wp-block-button\"><a class=\"wp-block-button__link wp-element-button\" href=\"\/casas-rurales\/geras\">Alojamientos rurales cerca de Geras<\/a><\/div>\n<\/div>\n\n\n\n<h2 class=\"wp-block-heading\"><strong>Los mo\u00e1is de El Hierro<\/strong><\/h2>\n\n\n\n<figure class=\"wp-block-image size-full\"><img loading=\"lazy\" decoding=\"async\" width=\"1024\" height=\"684\" src=\"https:\/\/www.escapadarural.com\/blog\/wp-content\/uploads\/2025\/04\/AdobeStock_423237839_El_hierro_Por-dudlajzov_WP_04.webp\" alt=\"Esculturas de la Bajada de la Virgen de los Reyes, en El Hierro\" class=\"wp-image-198955\" srcset=\"https:\/\/www.escapadarural.com\/blog\/wp-content\/uploads\/2025\/04\/AdobeStock_423237839_El_hierro_Por-dudlajzov_WP_04-200x134.webp 200w, https:\/\/www.escapadarural.com\/blog\/wp-content\/uploads\/2025\/04\/AdobeStock_423237839_El_hierro_Por-dudlajzov_WP_04-300x200.webp 300w, https:\/\/www.escapadarural.com\/blog\/wp-content\/uploads\/2025\/04\/AdobeStock_423237839_El_hierro_Por-dudlajzov_WP_04-400x267.webp 400w, https:\/\/www.escapadarural.com\/blog\/wp-content\/uploads\/2025\/04\/AdobeStock_423237839_El_hierro_Por-dudlajzov_WP_04-600x401.webp 600w, https:\/\/www.escapadarural.com\/blog\/wp-content\/uploads\/2025\/04\/AdobeStock_423237839_El_hierro_Por-dudlajzov_WP_04-768x513.webp 768w, https:\/\/www.escapadarural.com\/blog\/wp-content\/uploads\/2025\/04\/AdobeStock_423237839_El_hierro_Por-dudlajzov_WP_04-800x534.webp 800w, https:\/\/www.escapadarural.com\/blog\/wp-content\/uploads\/2025\/04\/AdobeStock_423237839_El_hierro_Por-dudlajzov_WP_04.webp 1024w\" sizes=\"auto, (max-width: 1024px) 100vw, 1024px\" \/><figcaption class=\"wp-element-caption\">Esculturas de la Bajada de la Virgen de los Reyes, en El Hierro. Por dudlajzov<\/figcaption><\/figure>\n\n\n\n<p>Vale, es cierto, no son mo\u00e1is. De hecho, su historia tampoco tiene nada que ver. Aunque hay que decir que, por su ubicaci\u00f3n en medio de la nada y junto al mar, podr\u00edan tener cierto parecido. En realidad, las cabezas de estas enormes esculturas son bailarines y todo el conjunto escult\u00f3rico es un <strong>homenaje a una celebraci\u00f3n religiosa<\/strong>.&nbsp;<\/p>\n\n\n\n<p>Se trata de la <strong>bajada de la Virgen de los Reyes<\/strong>, una fiesta popular en la que la virgen es llevada de su ermita de la Dehesa a la iglesia de Valverde. Al mes siguiente la pasean por diferentes pueblos y, al terminar, la devuelven a su ermita. Se celebra cada cuatro a\u00f1os.&nbsp;<\/p>\n\n\n\n<p>La obra forma <strong>parte del proyecto Reutilizar<\/strong>, por lo que est\u00e1 construida con materiales reciclados.&nbsp;<\/p>\n\n\n<div style=\"background-color: #d9edf7; color: #31708f; border-left-color: #31708f; \" class=\"ub-styled-box ub-notification-box wp-block-ub-styled-box\" id=\"ub-styled-box-589324c4-63fd-42a5-aa37-c972ea111a13\">\n<p id=\"ub-styled-box-notification-content-\"><strong>D\u00f3nde est\u00e1<\/strong>: en un \u00e1rea situada junto a la carretera que sube hasta la villa de Valverde, en El Hierro.\u00a0<\/p>\n\n\n<\/div>\n\n\n<div class=\"wp-block-buttons is-layout-flex wp-block-buttons-is-layout-flex\">\n<div class=\"wp-block-button\"><a class=\"wp-block-button__link wp-element-button\" href=\"\/casas-rurales\/el-hierro\">Alojamientos rurales en El Hierro<\/a><\/div>\n<\/div>\n\n\n\n<h2 class=\"wp-block-heading\"><strong>La campana de la libertad de Portomar\u00edn (Lugo)<\/strong><\/h2>\n\n\n\n<figure class=\"wp-block-image size-full\"><img loading=\"lazy\" decoding=\"async\" width=\"1024\" height=\"681\" src=\"https:\/\/www.escapadarural.com\/blog\/wp-content\/uploads\/2025\/04\/AdobeStock_1346907728_PortomarinPor-martinscphoto_WP_02.webp\" alt=\"La campana de la libertad de Portomar\u00edn, en Lugo\" class=\"wp-image-198960\" srcset=\"https:\/\/www.escapadarural.com\/blog\/wp-content\/uploads\/2025\/04\/AdobeStock_1346907728_PortomarinPor-martinscphoto_WP_02-200x133.webp 200w, https:\/\/www.escapadarural.com\/blog\/wp-content\/uploads\/2025\/04\/AdobeStock_1346907728_PortomarinPor-martinscphoto_WP_02-300x200.webp 300w, https:\/\/www.escapadarural.com\/blog\/wp-content\/uploads\/2025\/04\/AdobeStock_1346907728_PortomarinPor-martinscphoto_WP_02-400x266.webp 400w, https:\/\/www.escapadarural.com\/blog\/wp-content\/uploads\/2025\/04\/AdobeStock_1346907728_PortomarinPor-martinscphoto_WP_02-600x399.webp 600w, https:\/\/www.escapadarural.com\/blog\/wp-content\/uploads\/2025\/04\/AdobeStock_1346907728_PortomarinPor-martinscphoto_WP_02-768x511.webp 768w, https:\/\/www.escapadarural.com\/blog\/wp-content\/uploads\/2025\/04\/AdobeStock_1346907728_PortomarinPor-martinscphoto_WP_02-800x532.webp 800w, https:\/\/www.escapadarural.com\/blog\/wp-content\/uploads\/2025\/04\/AdobeStock_1346907728_PortomarinPor-martinscphoto_WP_02.webp 1024w\" sizes=\"auto, (max-width: 1024px) 100vw, 1024px\" \/><figcaption class=\"wp-element-caption\">La campana de la libertad de Portomar\u00edn, en Lugo. Por martinscphoto<\/figcaption><\/figure>\n\n\n\n<p>La llaman la \u201c<em>Liberty Bell<\/em>\u201d, tal y como se puede leer en ella. Est\u00e1 en Portomar\u00edn, Lugo, y fue colocada en el a\u00f1o 2020. La campana <strong>pertenec\u00eda a un barco que fue desguazado<\/strong>. La idea de su colocaci\u00f3n es <strong>hermanar a Portomar\u00edn con O Vicedo<\/strong> y crear un v\u00ednculo entre el <a href=\"\/blog\/que-ver-camino-de-santiago-frances\/\">Camino Franc\u00e9s<\/a> y la costa lucense.&nbsp;<\/p>\n\n\n\n<p>Por ello, todos los <strong>peregrinos que hagan sonar la campana<\/strong> al llegar se comprometen a visitar <a href=\"\/blog\/o-fucino-do-porco-el-sendero-gallego-que-levanta-pasiones\/\">O Fuci\u00f1o do Porco<\/a> (donde hay otra campana hermana). Tambi\u00e9n llamado punta Socastro, este cabo cuenta con una ruta con vistas impresionantes. Eso s\u00ed antes de ir consultad la <a href=\"https:\/\/puntafucinodoporco.gal\/es\/inicio\/\" target=\"_blank\" rel=\"noreferrer noopener nofollow\">web oficial<\/a>, ya que actualmente est\u00e1 cerrado debido al \u00faltimo temporal.&nbsp;<\/p>\n\n\n<div style=\"background-color: #d9edf7; color: #31708f; border-left-color: #31708f; \" class=\"ub-styled-box ub-notification-box wp-block-ub-styled-box\" id=\"ub-styled-box-ba43574b-3e69-448e-a1ed-c2686e0fc3e5\">\n<p id=\"ub-styled-box-notification-content-\"><strong>D\u00f3nde est\u00e1<\/strong>: a orillas del Mi\u00f1o, antes de cruzar el puente nuevo de Portomar\u00edn (Lugo).<\/p>\n\n\n<\/div>\n\n\n<div class=\"wp-block-buttons is-layout-flex wp-block-buttons-is-layout-flex\">\n<div class=\"wp-block-button\"><a class=\"wp-block-button__link wp-element-button\" href=\"\/casas-rurales\/portomarin\">Alojamientos rurales cerca de Portomar\u00edn<\/a><\/div>\n<\/div>\n\n\n\n<h2 class=\"wp-block-heading\" id=\"h-el-cangrejo-de-rio-gigante-de-soria\"><strong>El cangrejo de r\u00edo gigante de Soria<\/strong><\/h2>\n\n\n\n<figure class=\"wp-block-image size-full\"><img loading=\"lazy\" decoding=\"async\" width=\"1024\" height=\"683\" src=\"https:\/\/www.escapadarural.com\/blog\/wp-content\/uploads\/2025\/04\/AdobeStock_630891508_Soria_Por-ivan_WP_09.webp\" alt=\"Escultura de un cangrejo de r\u00edo en Soria\" class=\"wp-image-198959\" srcset=\"https:\/\/www.escapadarural.com\/blog\/wp-content\/uploads\/2025\/04\/AdobeStock_630891508_Soria_Por-ivan_WP_09-200x133.webp 200w, https:\/\/www.escapadarural.com\/blog\/wp-content\/uploads\/2025\/04\/AdobeStock_630891508_Soria_Por-ivan_WP_09-300x200.webp 300w, https:\/\/www.escapadarural.com\/blog\/wp-content\/uploads\/2025\/04\/AdobeStock_630891508_Soria_Por-ivan_WP_09-400x267.webp 400w, https:\/\/www.escapadarural.com\/blog\/wp-content\/uploads\/2025\/04\/AdobeStock_630891508_Soria_Por-ivan_WP_09-600x400.webp 600w, https:\/\/www.escapadarural.com\/blog\/wp-content\/uploads\/2025\/04\/AdobeStock_630891508_Soria_Por-ivan_WP_09-768x512.webp 768w, https:\/\/www.escapadarural.com\/blog\/wp-content\/uploads\/2025\/04\/AdobeStock_630891508_Soria_Por-ivan_WP_09-800x534.webp 800w, https:\/\/www.escapadarural.com\/blog\/wp-content\/uploads\/2025\/04\/AdobeStock_630891508_Soria_Por-ivan_WP_09.webp 1024w\" sizes=\"auto, (max-width: 1024px) 100vw, 1024px\" \/><figcaption class=\"wp-element-caption\">Escultura de un cangrejo de r\u00edo en Soria. Por Iv\u00e1n<\/figcaption><\/figure>\n\n\n\n<p>En un art\u00edculo sobre las <strong>esculturas m\u00e1s extra\u00f1as de Espa\u00f1a<\/strong> no pod\u00eda faltar esta de Soria, aunque es cierto que en este caso nos hemos ido un poquito de la tem\u00e1tica rural. \u00a1Perd\u00f3n! Pero, \u00bfa qui\u00e9n no le va a gustar un cangrejo enorme emergiendo del r\u00edo Duero?<\/p>\n\n\n\n<p>La escultura fue creada por el artista C\u00e9sar Ant\u00f3n durante el III Simposio de Escultura del Ayuntamiento de Soria y se coloc\u00f3 en el a\u00f1o 2022. En ella, el escultor rinde homenaje a los <strong>veranos de pesca y degustaci\u00f3n de cangrejos<\/strong> en el Duero. Como curiosidad, la escultura tiene 4 metros de largo, 6 metros de ancho y 6 metros de largo.&nbsp;<\/p>\n\n\n<div style=\"background-color: #d9edf7; color: #31708f; border-left-color: #31708f; \" class=\"ub-styled-box ub-notification-box wp-block-ub-styled-box\" id=\"ub-styled-box-6a994f72-f2d3-4b9f-96e9-7035e2036cca\">\n<p id=\"ub-styled-box-notification-content-\"><strong>D\u00f3nde est\u00e1<\/strong>: en el r\u00edo Duero, entre la pasarela del Postiguillo y el Soto Playa, en Soria.<\/p>\n\n\n<\/div>\n\n\n<div class=\"wp-block-buttons is-layout-flex wp-block-buttons-is-layout-flex\">\n<div class=\"wp-block-button\"><a class=\"wp-block-button__link wp-element-button\" href=\"\/casas-rurales\/soria\">Alojamientos rurales en Soria<\/a><\/div>\n<\/div>\n\n\n\n<h2 class=\"wp-block-heading\"><strong>Coches desguazados y abandonados en un parque de Estella (Navarra)<\/strong><\/h2>\n\n\n\n<figure class=\"wp-block-image size-full\"><img loading=\"lazy\" decoding=\"async\" width=\"1024\" height=\"684\" src=\"https:\/\/www.escapadarural.com\/blog\/wp-content\/uploads\/2025\/04\/AdobeStock_543841167_Estella_Por-Mark_WP_06.webp\" alt=\"Coches desguazados en el parque de los Desvelados, en Navarra\" class=\"wp-image-198956\" srcset=\"https:\/\/www.escapadarural.com\/blog\/wp-content\/uploads\/2025\/04\/AdobeStock_543841167_Estella_Por-Mark_WP_06-200x134.webp 200w, https:\/\/www.escapadarural.com\/blog\/wp-content\/uploads\/2025\/04\/AdobeStock_543841167_Estella_Por-Mark_WP_06-300x200.webp 300w, https:\/\/www.escapadarural.com\/blog\/wp-content\/uploads\/2025\/04\/AdobeStock_543841167_Estella_Por-Mark_WP_06-400x267.webp 400w, https:\/\/www.escapadarural.com\/blog\/wp-content\/uploads\/2025\/04\/AdobeStock_543841167_Estella_Por-Mark_WP_06-600x401.webp 600w, https:\/\/www.escapadarural.com\/blog\/wp-content\/uploads\/2025\/04\/AdobeStock_543841167_Estella_Por-Mark_WP_06-768x513.webp 768w, https:\/\/www.escapadarural.com\/blog\/wp-content\/uploads\/2025\/04\/AdobeStock_543841167_Estella_Por-Mark_WP_06-800x534.webp 800w, https:\/\/www.escapadarural.com\/blog\/wp-content\/uploads\/2025\/04\/AdobeStock_543841167_Estella_Por-Mark_WP_06.webp 1024w\" sizes=\"auto, (max-width: 1024px) 100vw, 1024px\" \/><figcaption class=\"wp-element-caption\">Coches desguazados en el parque de los Desvelados, en Navarra. Por Mark<\/figcaption><\/figure>\n\n\n\n<p>S\u00ed, son esculturas. No, no es un desguace, aunque podr\u00eda serlo. Estos coches fueron puestos ah\u00ed por el artista Luis Garc\u00eda Vidal. Est\u00e1n en el <strong>parque de los Desvelados<\/strong>, un espacio art\u00edstico creado en 1971 y que <strong>actualmente est\u00e1 abandonado<\/strong>. Junto a los coches, adem\u00e1s, a\u00fan se pueden ver esculturas de calaveras que han empezado a ser devoradas por la naturaleza.&nbsp;<\/p>\n\n\n\n<p>Al parecer, el conjunto representaba la fragilidad de la vida y que todo se acaba. Teniendo en cuenta el lugar en el que se encuentran y su estado, ahora tiene m\u00e1s sentido que nunca. Si tienes pensado visitarlo, te advertimos que est\u00e1 mal se\u00f1alizado y que la vegetaci\u00f3n est\u00e1 descontrolada.&nbsp;<\/p>\n\n\n<div style=\"background-color: #d9edf7; color: #31708f; border-left-color: #31708f; \" class=\"ub-styled-box ub-notification-box wp-block-ub-styled-box\" id=\"ub-styled-box-4affd26f-def0-4ca9-8e8a-ae6aa79101ea\">\n<p id=\"ub-styled-box-notification-content-\"><strong>D\u00f3nde est\u00e1n<\/strong>: en el antiguo parque de los Desvelados, a las afueras de Estella.\u00a0<\/p>\n\n\n<\/div>\n\n\n<div class=\"wp-block-buttons is-layout-flex wp-block-buttons-is-layout-flex\">\n<div class=\"wp-block-button\"><a class=\"wp-block-button__link wp-element-button\" href=\"\/casas-rurales\/estella-lizarra\">Alojamientos rurales en Estella<\/a><\/div>\n<\/div>\n\n\n\n<h2 class=\"wp-block-heading\"><strong>Los pavos de Ja\u00e9n<\/strong><\/h2>\n\n\n\n<figure class=\"wp-block-image size-full\"><img loading=\"lazy\" decoding=\"async\" width=\"1024\" height=\"768\" src=\"https:\/\/www.escapadarural.com\/blog\/wp-content\/uploads\/2025\/04\/1280px-Jaen_-_Rotonda_de_los_Pavos_01_Por_Kordas_WP_01.webp\" alt=\"Escultura de Los pavos en una rotonda de Ja\u00e9n\" class=\"wp-image-198954\" srcset=\"https:\/\/www.escapadarural.com\/blog\/wp-content\/uploads\/2025\/04\/1280px-Jaen_-_Rotonda_de_los_Pavos_01_Por_Kordas_WP_01-200x150.webp 200w, https:\/\/www.escapadarural.com\/blog\/wp-content\/uploads\/2025\/04\/1280px-Jaen_-_Rotonda_de_los_Pavos_01_Por_Kordas_WP_01-300x225.webp 300w, https:\/\/www.escapadarural.com\/blog\/wp-content\/uploads\/2025\/04\/1280px-Jaen_-_Rotonda_de_los_Pavos_01_Por_Kordas_WP_01-400x300.webp 400w, https:\/\/www.escapadarural.com\/blog\/wp-content\/uploads\/2025\/04\/1280px-Jaen_-_Rotonda_de_los_Pavos_01_Por_Kordas_WP_01-600x450.webp 600w, https:\/\/www.escapadarural.com\/blog\/wp-content\/uploads\/2025\/04\/1280px-Jaen_-_Rotonda_de_los_Pavos_01_Por_Kordas_WP_01-768x576.webp 768w, https:\/\/www.escapadarural.com\/blog\/wp-content\/uploads\/2025\/04\/1280px-Jaen_-_Rotonda_de_los_Pavos_01_Por_Kordas_WP_01-800x600.webp 800w, https:\/\/www.escapadarural.com\/blog\/wp-content\/uploads\/2025\/04\/1280px-Jaen_-_Rotonda_de_los_Pavos_01_Por_Kordas_WP_01.webp 1024w\" sizes=\"auto, (max-width: 1024px) 100vw, 1024px\" \/><figcaption class=\"wp-element-caption\">Los pavos en una rotonda a las afueras de Ja\u00e9n. Por Kordas<\/figcaption><\/figure>\n\n\n\n<p>Igual te suenan, ya que han salido en varios medios de comunicaci\u00f3n y se viralizaron en Twitter hace unos a\u00f1os. Aunque no recibieron muchos halagos, la verdad. Gusten o no, lo cierto es que son esculturas curiosas. Los pavos fueron creados por el artista Jos\u00e9 Fern\u00e1ndez R\u00edos en 2007 <strong>con materiales reciclados y se\u00f1ales de tr\u00e1fico<\/strong>.&nbsp;<\/p>\n\n\n\n<p>Para verlos habr\u00e1 que acercarse hasta la rotonda donde se encuentran, <strong>muy cerca de la Universidad de Ja\u00e9n<\/strong>. Como curiosidad, en el d\u00eda de los Santos Inocentes, Fern\u00e1ndez R\u00edos puso dos huevos a su lado y, un a\u00f1o despu\u00e9s, nacieron pollitos. Sin embargo, la obra fue vandalizada y el propio artista decidi\u00f3 retirarlos.&nbsp;<\/p>\n\n\n<div style=\"background-color: #d9edf7; color: #31708f; border-left-color: #31708f; \" class=\"ub-styled-box ub-notification-box wp-block-ub-styled-box\" id=\"ub-styled-box-c38aedf5-1c50-43a8-a2d4-032df440e63a\">\n<p id=\"ub-styled-box-notification-content-\"><strong>D\u00f3nde est\u00e1n<\/strong>: en la rotonda de la avenida Antonio Pascual, cerca del campus de Las Lagunillas.<\/p>\n\n\n<\/div>\n\n\n<div class=\"wp-block-buttons is-layout-flex wp-block-buttons-is-layout-flex\">\n<div class=\"wp-block-button\"><a class=\"wp-block-button__link wp-element-button\" href=\"\/casas-rurales\/jaen\">Alojamientos rurales en Ja\u00e9n<\/a><\/div>\n<\/div>\n\n\n\n<h2 class=\"wp-block-heading\" id=\"h-el-mazinger-z-de-cabra-del-camp-tarragona\"><strong>El Mazinger Z de Cabra del Camp (Tarragona)<\/strong><\/h2>\n\n\n\n<figure class=\"wp-block-image size-full\"><img loading=\"lazy\" decoding=\"async\" width=\"1024\" height=\"768\" src=\"https:\/\/www.escapadarural.com\/blog\/wp-content\/uploads\/2025\/04\/Mazinger_Z_in_Tarragona_03_Por_Kippelboy_WP_10.webp\" alt=\"Maginzer Z en la urbanizaci\u00f3n Mas de Plata, en Tarragona\" class=\"wp-image-198961\" srcset=\"https:\/\/www.escapadarural.com\/blog\/wp-content\/uploads\/2025\/04\/Mazinger_Z_in_Tarragona_03_Por_Kippelboy_WP_10-200x150.webp 200w, https:\/\/www.escapadarural.com\/blog\/wp-content\/uploads\/2025\/04\/Mazinger_Z_in_Tarragona_03_Por_Kippelboy_WP_10-300x225.webp 300w, https:\/\/www.escapadarural.com\/blog\/wp-content\/uploads\/2025\/04\/Mazinger_Z_in_Tarragona_03_Por_Kippelboy_WP_10-400x300.webp 400w, https:\/\/www.escapadarural.com\/blog\/wp-content\/uploads\/2025\/04\/Mazinger_Z_in_Tarragona_03_Por_Kippelboy_WP_10-600x450.webp 600w, https:\/\/www.escapadarural.com\/blog\/wp-content\/uploads\/2025\/04\/Mazinger_Z_in_Tarragona_03_Por_Kippelboy_WP_10-768x576.webp 768w, https:\/\/www.escapadarural.com\/blog\/wp-content\/uploads\/2025\/04\/Mazinger_Z_in_Tarragona_03_Por_Kippelboy_WP_10-800x600.webp 800w, https:\/\/www.escapadarural.com\/blog\/wp-content\/uploads\/2025\/04\/Mazinger_Z_in_Tarragona_03_Por_Kippelboy_WP_10.webp 1024w\" sizes=\"auto, (max-width: 1024px) 100vw, 1024px\" \/><figcaption class=\"wp-element-caption\">Maginzer Z en la urbanizaci\u00f3n Mas de Plata, en Tarragona. Por Kippelboy<\/figcaption><\/figure>\n\n\n\n<p>En medio de la nada, en Cabra del Camp (Tarragona), te puedes encontrar un Mazinger Z de dimensiones colosales. Tiene 10 metros y fue plantado all\u00ed en 1979 como parte de la urbanizaci\u00f3n M\u00e1s de Plata, que nunca lleg\u00f3 a despegar del todo. Al parecer, pensaron que era el reclamo perfecto para atraer a vivir all\u00ed a familias con ni\u00f1os, ya que en esa \u00e9poca el anime estaba muy de moda. Incluso se pens\u00f3 en poner un mirador en su cabeza (aunque eso nunca pas\u00f3).&nbsp;<\/p>\n\n\n\n<p>Hoy, el Mazinger sigue ah\u00ed, en plan centinela solitario. Es un lugar de peregrinaje <em>friki<\/em>, parada obligatoria para fans del anime, curiosos y moteros.<\/p>\n\n\n<div style=\"background-color: #d9edf7; color: #31708f; border-left-color: #31708f; \" class=\"ub-styled-box ub-notification-box wp-block-ub-styled-box\" id=\"ub-styled-box-07d9fa27-1b48-43dd-a1cf-242ae866bb8f\">\n<p id=\"ub-styled-box-notification-content-\"><strong>D\u00f3nde est\u00e1<\/strong>: en Mas de Plata, Cabra del Camp (Tarragona).<\/p>\n\n\n<\/div>\n\n\n<div class=\"wp-block-buttons is-layout-flex wp-block-buttons-is-layout-flex\">\n<div class=\"wp-block-button\"><a class=\"wp-block-button__link wp-element-button\" href=\"\/casas-rurales\/cabra-del-camp\">Alojamientos rurales cerca de Cabra del Camp <\/a><\/div>\n<\/div>\n\n\n\n<h2 class=\"wp-block-heading\"><strong>El hombre lobo del fin del mundo (A Coru\u00f1a)<\/strong><\/h2>\n\n\n\n<figure class=\"wp-block-image size-large\"><img loading=\"lazy\" decoding=\"async\" width=\"844\" height=\"1024\" src=\"https:\/\/www.escapadarural.com\/blog\/wp-content\/uploads\/2025\/04\/Vakner_dumbria_Jglamela_WP_12-844x1024.webp\" alt=\"Escultura de V\u00e1kner en el Camino de Santiago a Finisterre\" class=\"wp-image-198963\" srcset=\"https:\/\/www.escapadarural.com\/blog\/wp-content\/uploads\/2025\/04\/Vakner_dumbria_Jglamela_WP_12-200x243.webp 200w, https:\/\/www.escapadarural.com\/blog\/wp-content\/uploads\/2025\/04\/Vakner_dumbria_Jglamela_WP_12-247x300.webp 247w, https:\/\/www.escapadarural.com\/blog\/wp-content\/uploads\/2025\/04\/Vakner_dumbria_Jglamela_WP_12-400x486.webp 400w, https:\/\/www.escapadarural.com\/blog\/wp-content\/uploads\/2025\/04\/Vakner_dumbria_Jglamela_WP_12-600x728.webp 600w, https:\/\/www.escapadarural.com\/blog\/wp-content\/uploads\/2025\/04\/Vakner_dumbria_Jglamela_WP_12-768x932.webp 768w, https:\/\/www.escapadarural.com\/blog\/wp-content\/uploads\/2025\/04\/Vakner_dumbria_Jglamela_WP_12-800x971.webp 800w, https:\/\/www.escapadarural.com\/blog\/wp-content\/uploads\/2025\/04\/Vakner_dumbria_Jglamela_WP_12-844x1024.webp 844w, https:\/\/www.escapadarural.com\/blog\/wp-content\/uploads\/2025\/04\/Vakner_dumbria_Jglamela_WP_12.webp 1024w\" sizes=\"auto, (max-width: 844px) 100vw, 844px\" \/><figcaption class=\"wp-element-caption\">Escultura de V\u00e1kner en el Camino de Santiago a Finisterre, en A Coru\u00f1a. Por Jglamela<\/figcaption><\/figure>\n\n\n\n<p>Por \u00faltimo, en este listado de las esculturas m\u00e1s extra\u00f1as de la Espa\u00f1a rural nos vamos hasta Galicia. All\u00ed, en A Coru\u00f1a, en el <a href=\"https:\/\/www.escapadarural.com\/blog\/tag\/camino-de-santiago\/\">Camino de Santiago<\/a> que va desde Dumbr\u00eda a Finisterre, <strong>encontramos a V\u00e1kner<\/strong>. Un hombre lobo que, seg\u00fan la leyenda,<strong> aterrorizaba&nbsp;a los peregrinos<\/strong>.&nbsp;<\/p>\n\n\n\n<p>La primera vez que hubo constancia de este ser mitol\u00f3gico fue hace m\u00e1s de 500 a\u00f1os. Un peregrino armenio asegur\u00f3 hab\u00e9rselo encontrado durante el camino. En 2019, gracias al <strong>desarrollo del proyecto V\u00e1kner<\/strong>, esta criatura de 5 metros y realizada por el escultor C\u00e1ndido Pazos se aparece a todos los que pasan junto a \u00e9l.&nbsp;<\/p>\n\n\n\n<p>Como curiosidad, seg\u00fan la web de <a href=\"https:\/\/vivecamino.com\/dumbria\/escultura-del-vakner-en-dumbria-3642\/\" target=\"_blank\" rel=\"noreferrer noopener nofollow\">Vive el Camino<\/a>, es la primera escultura dedicada a un hombre lobo en Espa\u00f1a.&nbsp;<\/p>\n\n\n<div style=\"background-color: #d9edf7; color: #31708f; border-left-color: #31708f; \" class=\"ub-styled-box ub-notification-box wp-block-ub-styled-box\" id=\"ub-styled-box-7604f3cc-5116-41aa-a5be-9f1cbabae362\">\n<p id=\"ub-styled-box-notification-content-\"><strong>D\u00f3nde est\u00e1<\/strong>: en el Camino de Santiago que va de Santiago a Finisterre, poco despu\u00e9s de pasar Dumbr\u00eda.\u00a0<\/p>\n\n\n<\/div>\n\n\n<div class=\"wp-block-buttons is-layout-flex wp-block-buttons-is-layout-flex\">\n<div class=\"wp-block-button\"><a class=\"wp-block-button__link wp-element-button\" href=\"\/casas-rurales\/dumbria\">Alojamientos rurales en Dumbr\u00eda<\/a><\/div>\n<\/div>\n","protected":false},"excerpt":{"rendered":"<p>Un recorrido por las extra\u00f1as esculturas que podemos encontrar en la Espa\u00f1a rural. Algunas de ellas realizadas con un dudoso gusto.<\/p>\n","protected":false},"author":89,"featured_media":198959,"comment_status":"open","ping_status":"open","sticky":false,"template":"","format":"standard","meta":{"_acf_changed":false,"om_disable_all_campaigns":false,"footnotes":""},"categories":[231],"tags":[1717,1284,331,215,870],"class_list":["post-198813","post","type-post","status-publish","format-standard","has-post-thumbnail","hentry","category-arte-y-cultura","tag-arte","tag-esculturas","tag-espana","tag-listado","tag-monumentos"],"acf":[],"featured_image_src":"https:\/\/www.escapadarural.com\/blog\/wp-content\/uploads\/2025\/04\/AdobeStock_630891508_Soria_Por-ivan_WP_09.webp","author_info":{"display_name":"Laura Fern\u00e1ndez","author_link":"https:\/\/www.escapadarural.com\/blog\/autor\/laura\/"},"yoast_head":"<!-- This site is optimized with the Yoast SEO plugin v27.5 - https:\/\/yoast.com\/product\/yoast-seo-wordpress\/ -->\n<title>Surrealismo rural: 10 extra\u00f1as esculturas que no esperabas encontrar<\/title>\n<meta name=\"description\" content=\"Un recorrido por las extra\u00f1as esculturas que podemos encontrar en la Espa\u00f1a rural. Algunas de ellas realizadas con un dudoso gusto.\" \/>\n<meta name=\"robots\" content=\"index, follow, max-snippet:-1, max-image-preview:large, max-video-preview:-1\" \/>\n<link rel=\"canonical\" href=\"https:\/\/www.escapadarural.com\/blog\/esculturas-en-la-espana-rural\/\" \/>\n<meta property=\"og:locale\" content=\"es_ES\" \/>\n<meta property=\"og:type\" content=\"article\" \/>\n<meta property=\"og:title\" content=\"Surrealismo rural: 10 extra\u00f1as esculturas que no esperabas encontrar\" \/>\n<meta property=\"og:description\" content=\"Un recorrido por las extra\u00f1as esculturas que podemos encontrar en la Espa\u00f1a rural. Algunas de ellas realizadas con un dudoso gusto.\" \/>\n<meta property=\"og:url\" content=\"https:\/\/www.escapadarural.com\/blog\/esculturas-en-la-espana-rural\/\" \/>\n<meta property=\"og:site_name\" content=\"Magazine de viajes de EscapadaRural\" \/>\n<meta property=\"article:publisher\" content=\"https:\/\/www.facebook.com\/escapadarural\" \/>\n<meta property=\"article:published_time\" content=\"2025-04-19T06:00:00+00:00\" \/>\n<meta property=\"og:image\" content=\"https:\/\/app.escapadarural.com\/blog\/wp-content\/uploads\/2025\/04\/AdobeStock_630891508_Soria_Por-ivan_WP_09.webp\" \/>\n\t<meta property=\"og:image:width\" content=\"1024\" \/>\n\t<meta property=\"og:image:height\" content=\"683\" \/>\n\t<meta property=\"og:image:type\" content=\"image\/webp\" \/>\n<meta name=\"author\" content=\"Laura Fern\u00e1ndez\" \/>\n<meta name=\"twitter:card\" content=\"summary_large_image\" \/>\n<meta name=\"twitter:label1\" content=\"Escrito por\" \/>\n\t<meta name=\"twitter:data1\" content=\"Laura Fern\u00e1ndez\" \/>\n\t<meta name=\"twitter:label2\" content=\"Tiempo de lectura\" \/>\n\t<meta name=\"twitter:data2\" content=\"10 minutos\" \/>\n<script type=\"application\/ld+json\" class=\"yoast-schema-graph\">{\"@context\":\"https:\\\/\\\/schema.org\",\"@graph\":[{\"@type\":\"Article\",\"@id\":\"https:\\\/\\\/www.escapadarural.com\\\/blog\\\/esculturas-en-la-espana-rural\\\/#article\",\"isPartOf\":{\"@id\":\"https:\\\/\\\/www.escapadarural.com\\\/blog\\\/esculturas-en-la-espana-rural\\\/\"},\"author\":{\"name\":\"Laura Fern\u00e1ndez\",\"@id\":\"https:\\\/\\\/www.escapadarural.com\\\/blog\\\/#\\\/schema\\\/person\\\/a9b46ae4d047d8a2c719f31e75206cff\"},\"headline\":\"Surrealismo rural: 10 extra\u00f1as esculturas que no esperabas encontrar\",\"datePublished\":\"2025-04-19T06:00:00+00:00\",\"mainEntityOfPage\":{\"@id\":\"https:\\\/\\\/www.escapadarural.com\\\/blog\\\/esculturas-en-la-espana-rural\\\/\"},\"wordCount\":1740,\"commentCount\":0,\"publisher\":{\"@id\":\"https:\\\/\\\/www.escapadarural.com\\\/blog\\\/#organization\"},\"image\":{\"@id\":\"https:\\\/\\\/www.escapadarural.com\\\/blog\\\/esculturas-en-la-espana-rural\\\/#primaryimage\"},\"thumbnailUrl\":\"https:\\\/\\\/www.escapadarural.com\\\/blog\\\/wp-content\\\/uploads\\\/2025\\\/04\\\/AdobeStock_630891508_Soria_Por-ivan_WP_09.webp\",\"keywords\":[\"arte\",\"Esculturas\",\"Espa\u00f1a\",\"Listado\",\"Monumentos\"],\"articleSection\":[\"Arte y Cultura\"],\"inLanguage\":\"es\",\"potentialAction\":[{\"@type\":\"CommentAction\",\"name\":\"Comment\",\"target\":[\"https:\\\/\\\/www.escapadarural.com\\\/blog\\\/esculturas-en-la-espana-rural\\\/#respond\"]}]},{\"@type\":\"WebPage\",\"@id\":\"https:\\\/\\\/www.escapadarural.com\\\/blog\\\/esculturas-en-la-espana-rural\\\/\",\"url\":\"https:\\\/\\\/www.escapadarural.com\\\/blog\\\/esculturas-en-la-espana-rural\\\/\",\"name\":\"Surrealismo rural: 10 extra\u00f1as esculturas que no esperabas encontrar\",\"isPartOf\":{\"@id\":\"https:\\\/\\\/www.escapadarural.com\\\/blog\\\/#website\"},\"primaryImageOfPage\":{\"@id\":\"https:\\\/\\\/www.escapadarural.com\\\/blog\\\/esculturas-en-la-espana-rural\\\/#primaryimage\"},\"image\":{\"@id\":\"https:\\\/\\\/www.escapadarural.com\\\/blog\\\/esculturas-en-la-espana-rural\\\/#primaryimage\"},\"thumbnailUrl\":\"https:\\\/\\\/www.escapadarural.com\\\/blog\\\/wp-content\\\/uploads\\\/2025\\\/04\\\/AdobeStock_630891508_Soria_Por-ivan_WP_09.webp\",\"datePublished\":\"2025-04-19T06:00:00+00:00\",\"description\":\"Un recorrido por las extra\u00f1as esculturas que podemos encontrar en la Espa\u00f1a rural. Algunas de ellas realizadas con un dudoso gusto.\",\"breadcrumb\":{\"@id\":\"https:\\\/\\\/www.escapadarural.com\\\/blog\\\/esculturas-en-la-espana-rural\\\/#breadcrumb\"},\"inLanguage\":\"es\",\"potentialAction\":[{\"@type\":\"ReadAction\",\"target\":[\"https:\\\/\\\/www.escapadarural.com\\\/blog\\\/esculturas-en-la-espana-rural\\\/\"]}]},{\"@type\":\"ImageObject\",\"inLanguage\":\"es\",\"@id\":\"https:\\\/\\\/www.escapadarural.com\\\/blog\\\/esculturas-en-la-espana-rural\\\/#primaryimage\",\"url\":\"https:\\\/\\\/www.escapadarural.com\\\/blog\\\/wp-content\\\/uploads\\\/2025\\\/04\\\/AdobeStock_630891508_Soria_Por-ivan_WP_09.webp\",\"contentUrl\":\"https:\\\/\\\/www.escapadarural.com\\\/blog\\\/wp-content\\\/uploads\\\/2025\\\/04\\\/AdobeStock_630891508_Soria_Por-ivan_WP_09.webp\",\"width\":1024,\"height\":683,\"caption\":\"Escultura de un cangrejo de r\u00edo en Soria. Por Iv\u00e1n\"},{\"@type\":\"BreadcrumbList\",\"@id\":\"https:\\\/\\\/www.escapadarural.com\\\/blog\\\/esculturas-en-la-espana-rural\\\/#breadcrumb\",\"itemListElement\":[{\"@type\":\"ListItem\",\"position\":1,\"name\":\"Inicio\",\"item\":\"https:\\\/\\\/www.escapadarural.com\\\/blog\\\/\"},{\"@type\":\"ListItem\",\"position\":2,\"name\":\"Arte y Cultura\",\"item\":\"https:\\\/\\\/www.escapadarural.com\\\/blog\\\/categoria\\\/arte-y-cultura\\\/\"},{\"@type\":\"ListItem\",\"position\":3,\"name\":\"Surrealismo rural: 10 extra\u00f1as esculturas que no esperabas encontrar\"}]},{\"@type\":\"WebSite\",\"@id\":\"https:\\\/\\\/www.escapadarural.com\\\/blog\\\/#website\",\"url\":\"https:\\\/\\\/www.escapadarural.com\\\/blog\\\/\",\"name\":\"Blog de viajes | turismo rural, alojamientos e inspiraci\u00f3n\",\"description\":\"Alojamientos rurales e inspiraci\u00f3n para tus escapadas\",\"publisher\":{\"@id\":\"https:\\\/\\\/www.escapadarural.com\\\/blog\\\/#organization\"},\"alternateName\":\"Magazine de viajes de EscapadaRural\",\"potentialAction\":[{\"@type\":\"SearchAction\",\"target\":{\"@type\":\"EntryPoint\",\"urlTemplate\":\"https:\\\/\\\/www.escapadarural.com\\\/blog\\\/?s={search_term_string}\"},\"query-input\":{\"@type\":\"PropertyValueSpecification\",\"valueRequired\":true,\"valueName\":\"search_term_string\"}}],\"inLanguage\":\"es\"},{\"@type\":\"Organization\",\"@id\":\"https:\\\/\\\/www.escapadarural.com\\\/blog\\\/#organization\",\"name\":\"EscapadaRural\",\"url\":\"https:\\\/\\\/www.escapadarural.com\\\/blog\\\/\",\"logo\":{\"@type\":\"ImageObject\",\"inLanguage\":\"es\",\"@id\":\"https:\\\/\\\/www.escapadarural.com\\\/blog\\\/#\\\/schema\\\/logo\\\/image\\\/\",\"url\":\"https:\\\/\\\/www.escapadarural.com\\\/blog\\\/wp-content\\\/uploads\\\/2024\\\/10\\\/cropped-cropped-escapada-rural-icon-mag-3.png\",\"contentUrl\":\"https:\\\/\\\/www.escapadarural.com\\\/blog\\\/wp-content\\\/uploads\\\/2024\\\/10\\\/cropped-cropped-escapada-rural-icon-mag-3.png\",\"width\":512,\"height\":512,\"caption\":\"EscapadaRural\"},\"image\":{\"@id\":\"https:\\\/\\\/www.escapadarural.com\\\/blog\\\/#\\\/schema\\\/logo\\\/image\\\/\"},\"sameAs\":[\"https:\\\/\\\/www.facebook.com\\\/escapadarural\",\"https:\\\/\\\/www.instagram.com\\\/escapadarural\\\/\",\"https:\\\/\\\/www.youtube.com\\\/@escapadaruralcom\"]},{\"@type\":\"Person\",\"@id\":\"https:\\\/\\\/www.escapadarural.com\\\/blog\\\/#\\\/schema\\\/person\\\/a9b46ae4d047d8a2c719f31e75206cff\",\"name\":\"Laura Fern\u00e1ndez\",\"image\":{\"@type\":\"ImageObject\",\"inLanguage\":\"es\",\"@id\":\"https:\\\/\\\/www.escapadarural.com\\\/blog\\\/wp-content\\\/uploads\\\/2025\\\/01\\\/cropped-laura_raponchii-96x96.jpg\",\"url\":\"https:\\\/\\\/www.escapadarural.com\\\/blog\\\/wp-content\\\/uploads\\\/2025\\\/01\\\/cropped-laura_raponchii-96x96.jpg\",\"contentUrl\":\"https:\\\/\\\/www.escapadarural.com\\\/blog\\\/wp-content\\\/uploads\\\/2025\\\/01\\\/cropped-laura_raponchii-96x96.jpg\",\"caption\":\"Laura Fern\u00e1ndez\"},\"description\":\"Periodista, blogger y viajera. No necesariamente en ese orden. En ocasiones me despierto sin saber d\u00f3nde estoy. Adicta a los c\u00f3mics y a los noodles con salsa de cacahuete. Redactora en @escapadarural, colaboradora en la Conde Nast Traveler y en la Divinity. Mi casa: Meridiano180.\",\"sameAs\":[\"http:\\\/\\\/www.meridiano180.com\\\/\"],\"url\":\"https:\\\/\\\/www.escapadarural.com\\\/blog\\\/autor\\\/laura\\\/\"}]}<\/script>\n<!-- \/ Yoast SEO plugin. -->","yoast_head_json":{"title":"Surrealismo rural: 10 extra\u00f1as esculturas que no esperabas encontrar","description":"Un recorrido por las extra\u00f1as esculturas que podemos encontrar en la Espa\u00f1a rural. Algunas de ellas realizadas con un dudoso gusto.","robots":{"index":"index","follow":"follow","max-snippet":"max-snippet:-1","max-image-preview":"max-image-preview:large","max-video-preview":"max-video-preview:-1"},"canonical":"https:\/\/www.escapadarural.com\/blog\/esculturas-en-la-espana-rural\/","og_locale":"es_ES","og_type":"article","og_title":"Surrealismo rural: 10 extra\u00f1as esculturas que no esperabas encontrar","og_description":"Un recorrido por las extra\u00f1as esculturas que podemos encontrar en la Espa\u00f1a rural. Algunas de ellas realizadas con un dudoso gusto.","og_url":"https:\/\/www.escapadarural.com\/blog\/esculturas-en-la-espana-rural\/","og_site_name":"Magazine de viajes de EscapadaRural","article_publisher":"https:\/\/www.facebook.com\/escapadarural","article_published_time":"2025-04-19T06:00:00+00:00","og_image":[{"width":1024,"height":683,"url":"https:\/\/app.escapadarural.com\/blog\/wp-content\/uploads\/2025\/04\/AdobeStock_630891508_Soria_Por-ivan_WP_09.webp","type":"image\/webp"}],"author":"Laura Fern\u00e1ndez","twitter_card":"summary_large_image","twitter_misc":{"Escrito por":"Laura Fern\u00e1ndez","Tiempo de lectura":"10 minutos"},"schema":{"@context":"https:\/\/schema.org","@graph":[{"@type":"Article","@id":"https:\/\/www.escapadarural.com\/blog\/esculturas-en-la-espana-rural\/#article","isPartOf":{"@id":"https:\/\/www.escapadarural.com\/blog\/esculturas-en-la-espana-rural\/"},"author":{"name":"Laura Fern\u00e1ndez","@id":"https:\/\/www.escapadarural.com\/blog\/#\/schema\/person\/a9b46ae4d047d8a2c719f31e75206cff"},"headline":"Surrealismo rural: 10 extra\u00f1as esculturas que no esperabas encontrar","datePublished":"2025-04-19T06:00:00+00:00","mainEntityOfPage":{"@id":"https:\/\/www.escapadarural.com\/blog\/esculturas-en-la-espana-rural\/"},"wordCount":1740,"commentCount":0,"publisher":{"@id":"https:\/\/www.escapadarural.com\/blog\/#organization"},"image":{"@id":"https:\/\/www.escapadarural.com\/blog\/esculturas-en-la-espana-rural\/#primaryimage"},"thumbnailUrl":"https:\/\/www.escapadarural.com\/blog\/wp-content\/uploads\/2025\/04\/AdobeStock_630891508_Soria_Por-ivan_WP_09.webp","keywords":["arte","Esculturas","Espa\u00f1a","Listado","Monumentos"],"articleSection":["Arte y Cultura"],"inLanguage":"es","potentialAction":[{"@type":"CommentAction","name":"Comment","target":["https:\/\/www.escapadarural.com\/blog\/esculturas-en-la-espana-rural\/#respond"]}]},{"@type":"WebPage","@id":"https:\/\/www.escapadarural.com\/blog\/esculturas-en-la-espana-rural\/","url":"https:\/\/www.escapadarural.com\/blog\/esculturas-en-la-espana-rural\/","name":"Surrealismo rural: 10 extra\u00f1as esculturas que no esperabas encontrar","isPartOf":{"@id":"https:\/\/www.escapadarural.com\/blog\/#website"},"primaryImageOfPage":{"@id":"https:\/\/www.escapadarural.com\/blog\/esculturas-en-la-espana-rural\/#primaryimage"},"image":{"@id":"https:\/\/www.escapadarural.com\/blog\/esculturas-en-la-espana-rural\/#primaryimage"},"thumbnailUrl":"https:\/\/www.escapadarural.com\/blog\/wp-content\/uploads\/2025\/04\/AdobeStock_630891508_Soria_Por-ivan_WP_09.webp","datePublished":"2025-04-19T06:00:00+00:00","description":"Un recorrido por las extra\u00f1as esculturas que podemos encontrar en la Espa\u00f1a rural. Algunas de ellas realizadas con un dudoso gusto.","breadcrumb":{"@id":"https:\/\/www.escapadarural.com\/blog\/esculturas-en-la-espana-rural\/#breadcrumb"},"inLanguage":"es","potentialAction":[{"@type":"ReadAction","target":["https:\/\/www.escapadarural.com\/blog\/esculturas-en-la-espana-rural\/"]}]},{"@type":"ImageObject","inLanguage":"es","@id":"https:\/\/www.escapadarural.com\/blog\/esculturas-en-la-espana-rural\/#primaryimage","url":"https:\/\/www.escapadarural.com\/blog\/wp-content\/uploads\/2025\/04\/AdobeStock_630891508_Soria_Por-ivan_WP_09.webp","contentUrl":"https:\/\/www.escapadarural.com\/blog\/wp-content\/uploads\/2025\/04\/AdobeStock_630891508_Soria_Por-ivan_WP_09.webp","width":1024,"height":683,"caption":"Escultura de un cangrejo de r\u00edo en Soria. Por Iv\u00e1n"},{"@type":"BreadcrumbList","@id":"https:\/\/www.escapadarural.com\/blog\/esculturas-en-la-espana-rural\/#breadcrumb","itemListElement":[{"@type":"ListItem","position":1,"name":"Inicio","item":"https:\/\/www.escapadarural.com\/blog\/"},{"@type":"ListItem","position":2,"name":"Arte y Cultura","item":"https:\/\/www.escapadarural.com\/blog\/categoria\/arte-y-cultura\/"},{"@type":"ListItem","position":3,"name":"Surrealismo rural: 10 extra\u00f1as esculturas que no esperabas encontrar"}]},{"@type":"WebSite","@id":"https:\/\/www.escapadarural.com\/blog\/#website","url":"https:\/\/www.escapadarural.com\/blog\/","name":"Blog de viajes | turismo rural, alojamientos e inspiraci\u00f3n","description":"Alojamientos rurales e inspiraci\u00f3n para tus escapadas","publisher":{"@id":"https:\/\/www.escapadarural.com\/blog\/#organization"},"alternateName":"Magazine de viajes de EscapadaRural","potentialAction":[{"@type":"SearchAction","target":{"@type":"EntryPoint","urlTemplate":"https:\/\/www.escapadarural.com\/blog\/?s={search_term_string}"},"query-input":{"@type":"PropertyValueSpecification","valueRequired":true,"valueName":"search_term_string"}}],"inLanguage":"es"},{"@type":"Organization","@id":"https:\/\/www.escapadarural.com\/blog\/#organization","name":"EscapadaRural","url":"https:\/\/www.escapadarural.com\/blog\/","logo":{"@type":"ImageObject","inLanguage":"es","@id":"https:\/\/www.escapadarural.com\/blog\/#\/schema\/logo\/image\/","url":"https:\/\/www.escapadarural.com\/blog\/wp-content\/uploads\/2024\/10\/cropped-cropped-escapada-rural-icon-mag-3.png","contentUrl":"https:\/\/www.escapadarural.com\/blog\/wp-content\/uploads\/2024\/10\/cropped-cropped-escapada-rural-icon-mag-3.png","width":512,"height":512,"caption":"EscapadaRural"},"image":{"@id":"https:\/\/www.escapadarural.com\/blog\/#\/schema\/logo\/image\/"},"sameAs":["https:\/\/www.facebook.com\/escapadarural","https:\/\/www.instagram.com\/escapadarural\/","https:\/\/www.youtube.com\/@escapadaruralcom"]},{"@type":"Person","@id":"https:\/\/www.escapadarural.com\/blog\/#\/schema\/person\/a9b46ae4d047d8a2c719f31e75206cff","name":"Laura Fern\u00e1ndez","image":{"@type":"ImageObject","inLanguage":"es","@id":"https:\/\/www.escapadarural.com\/blog\/wp-content\/uploads\/2025\/01\/cropped-laura_raponchii-96x96.jpg","url":"https:\/\/www.escapadarural.com\/blog\/wp-content\/uploads\/2025\/01\/cropped-laura_raponchii-96x96.jpg","contentUrl":"https:\/\/www.escapadarural.com\/blog\/wp-content\/uploads\/2025\/01\/cropped-laura_raponchii-96x96.jpg","caption":"Laura Fern\u00e1ndez"},"description":"Periodista, blogger y viajera. No necesariamente en ese orden. En ocasiones me despierto sin saber d\u00f3nde estoy. Adicta a los c\u00f3mics y a los noodles con salsa de cacahuete. Redactora en @escapadarural, colaboradora en la Conde Nast Traveler y en la Divinity. Mi casa: Meridiano180.","sameAs":["http:\/\/www.meridiano180.com\/"],"url":"https:\/\/www.escapadarural.com\/blog\/autor\/laura\/"}]}},"_links":{"self":[{"href":"https:\/\/www.escapadarural.com\/blog\/wp-json\/wp\/v2\/posts\/198813","targetHints":{"allow":["GET"]}}],"collection":[{"href":"https:\/\/www.escapadarural.com\/blog\/wp-json\/wp\/v2\/posts"}],"about":[{"href":"https:\/\/www.escapadarural.com\/blog\/wp-json\/wp\/v2\/types\/post"}],"author":[{"embeddable":true,"href":"https:\/\/www.escapadarural.com\/blog\/wp-json\/wp\/v2\/users\/89"}],"replies":[{"embeddable":true,"href":"https:\/\/www.escapadarural.com\/blog\/wp-json\/wp\/v2\/comments?post=198813"}],"version-history":[{"count":0,"href":"https:\/\/www.escapadarural.com\/blog\/wp-json\/wp\/v2\/posts\/198813\/revisions"}],"wp:featuredmedia":[{"embeddable":true,"href":"https:\/\/www.escapadarural.com\/blog\/wp-json\/wp\/v2\/media\/198959"}],"wp:attachment":[{"href":"https:\/\/www.escapadarural.com\/blog\/wp-json\/wp\/v2\/media?parent=198813"}],"wp:term":[{"taxonomy":"category","embeddable":true,"href":"https:\/\/www.escapadarural.com\/blog\/wp-json\/wp\/v2\/categories?post=198813"},{"taxonomy":"post_tag","embeddable":true,"href":"https:\/\/www.escapadarural.com\/blog\/wp-json\/wp\/v2\/tags?post=198813"}],"curies":[{"name":"wp","href":"https:\/\/api.w.org\/{rel}","templated":true}]}}